{"id":10041,"date":"2017-08-24T16:00:12","date_gmt":"2017-08-24T21:00:12","guid":{"rendered":"https:\/\/contadoreshoy.com\/?p=10041"},"modified":"2017-08-24T16:00:12","modified_gmt":"2017-08-24T21:00:12","slug":"pensiones-recibidas-exterior-no-exentas","status":"publish","type":"post","link":"https:\/\/contadoreshoy.com\/?p=10041","title":{"rendered":"Pensiones recibidas en el exterior no son exentas"},"content":{"rendered":"<p style=\"text-align: center;\"><strong>PENSIONES RECIBIDAS EN EL EXTERIOR POR CONTRIBUYENTES RESIDENTES NO SE CONSIDERAN RENTA EXENTA<\/strong><\/p>\n<p>&nbsp;<\/p>\n<p><strong>Referencia:&nbsp;<\/strong>Radicado n\u00famero 36040 del 5 de junio de 2014<\/p>\n<p><strong>Tema<\/strong> Impuesto sobre la renta y complementarios<\/p>\n<p><strong>Descriptores<\/strong> Rentas de Trabajo Exentas<\/p>\n<p><strong>Fuentes formales<\/strong> Art\u00edculos 27 del C\u00f3digo Civil y 206 del Estatuto Tributario,<\/p>\n<p><strong>Sentencia<\/strong> C-1261 de 2005 de la Corte Constitucional.<\/p>\n<p>&nbsp;<\/p>\n<p style=\"text-align: justify;\">De conformidad con el art\u00edculo 19 del Decreto n\u00famero 4048 de 2008, es funci\u00f3n de esta Direcci\u00f3n absolver las consultas escritas que se formulen sobre la interpretaci\u00f3n y aplicaci\u00f3n de las normas tributarias de car\u00e1cter nacional, aduaneras y cambiarias en lo de competencia de la Entidad.<\/p>\n<p style=\"text-align: justify;\"><strong><span style=\"color: #0000ff;\">Mediante el radicado de la referencia solicita la reconsideraci\u00f3n del Oficio n\u00famero 016055 del 28 de febrero de 2007 frente al tratamiento tributario de las pensiones de jubilaci\u00f3n del exterior; oficio en el cual la Administraci\u00f3n Tributaria expres\u00f3:<\/span><\/strong><\/p>\n<p style=\"text-align: justify;\">\u201cEn lo atinente a la responsabilidad fiscal generada por las pensiones voluntarias percibidas por una persona natural colombiana residente en el pa\u00eds provenientes de una compa\u00f1\u00eda extranjera sin domicilio en Colombia, debe reiterarse que dichas personas naturales est\u00e1n sujetas al impuesto sobre la renta por sus ingresos constitutivos de renta y ganancia ocasional, tanto de fuente nacional como de fuente extranjera. En consecuencia, dicho pago constituye para su beneficiario un ingreso gravado con este impuesto en Colombia.<\/p>\n<p style=\"text-align: justify;\"><strong><span style=\"color: #ff6600;\">Al respecto debe tenerse en cuenta que las pensiones exentas del impuesto sobre la renta, al tenor de lo dispuesto en el <em><span style=\"text-decoration: underline;\">par\u00e1grafo 3\u00ba y numeral 5 del art\u00edculo 206 del Estatuto Tributario, hasta el l\u00edmite all\u00ed se\u00f1alado, son aquellas que cumplen los requisitos previstos en la ley de seguridad social (Ley 100 de 1993)<\/span><\/em> y que como tal, sean reconocidas por el sistema General de Pensiones, como se indic\u00f3 en el Concepto n\u00famero 061180 del 2 de septiembre de 2005, del cual se anexa fotocopia para su conocimiento.<\/span><\/strong><\/p>\n<p style=\"text-align: justify;\">Es procedente anotar que as\u00ed eventualmente puedan calificarse los ingresos ya mencionados como de fuente extranjera, tal calificaci\u00f3n resulta irrelevante al estar sometidas las personas naturales colombianas residentes en el pa\u00eds al impuesto sobre la renta por sus ingresos originados en Colombia como por aquellos originados en el exterior.<\/p>\n<p style=\"text-align: justify;\"><span style=\"text-decoration: underline;\"><strong>Debe se\u00f1alarse que estos ingresos no est\u00e1n sometidos a retenci\u00f3n en la fuente en el momento de la entrada de las divisas al pa\u00eds conforme con la Circular n\u00famero 00004 del 14 de enero de 2004 ya referida.<\/strong><\/span><\/p>\n<p style=\"text-align: justify;\">(\u2026)<\/p>\n<p style=\"text-align: justify;\">Por otro lado, <span style=\"text-decoration: underline;\"><strong>el art\u00edculo 126-1 del Estatuto Tributario establece que los aportes voluntarios que haga el trabajador o el participe independiente a los fondos de pensiones de que trata el Decreto n\u00famero 2513 de 1987, a los seguros privados de pensiones y a los fondos privados de pensiones en general gozan de un beneficio fiscal consistente en que tales sumas no forman parte de la base para aplicar la retenci\u00f3n en la fuente por ingresos laborales y son considerados como ingresos no constitutivos de renta ni ganancia ocasional,<\/strong><\/span> hasta una suma que adicionada al valor de los aportes obligatorios del trabajador no exceda del 30% del ingreso laboral o ingreso tributario del a\u00f1o, seg\u00fan el caso.<\/p>\n<p style=\"text-align: justify;\">Como requisito para que proceda el beneficio aludido estos aportes deben permanecer en los fondos antes enumerados por el t\u00e9rmino de cinco (5) a\u00f1os salvo en el caso de muerte o incapacidad que d\u00e9 derecho a pensi\u00f3n o retiros destinados a la adquisici\u00f3n de vivienda (art\u00edculo 67 Ley 1111 de 2006).<\/p>\n<p style=\"text-align: justify;\">Adicionalmente, <strong><span style=\"color: #ff6600;\">este beneficio procede \u00fanicamente si los aportes se realizan a los fondos de pensiones de que trata la Ley 100 de 1993, a los fondos de pensiones del Decreto n\u00famero 2513 de 1987, a los seguros privados de pensiones y a los fondos privados de pensiones en general,<\/span><\/strong> cuando se cumple con los requisitos establecidos por el Decreto n\u00famero 841 de 1998 reglamentario del art\u00edculo 126-1 del Estatuto Tributario. As\u00ed las cosas, los aportes efectuados a fondos de pensiones en el exterior no cumplen los requisitos previstos en los art\u00edculos 14, 15, 16, 17, 18 y siguientes del Decreto n\u00famero 841 de 1998, para efectos de las informaciones exigidas a los fondos, las cuentas de control y la retenci\u00f3n en la fuente cuando hubiere lugar a ella.<\/p>\n<p style=\"text-align: justify;\"><strong><span style=\"color: #ff6600;\">En consecuencia, solo los aportes que se efect\u00faan a fondos de pensi\u00f3n en el pa\u00eds gozan del beneficio fiscal antes referido, no as\u00ed los que se realicen a fondos en el exterior\u201d<\/span><\/strong>.<\/p>\n<p style=\"text-align: justify;\">Al respecto, considera que de la redacci\u00f3n del numeral 5 del art\u00edculo 206 del Estatuto Tributario se desprende que \u201ctanto las pensiones de jubilaci\u00f3n obtenidas del exterior (\u2026) como las obtenidas en Colombia (\u2026) por un residente colombiano\u201d son rentas de trabajo exentas; toda vez que la norma en comento \u201cno realiza ning\u00fan tipo de distinci\u00f3n (\u2026) en funci\u00f3n de la fuente del ingreso\u201d, siendo relevante tan solo \u201cque se trate de una pensi\u00f3n de jubilaci\u00f3n\u201d.<\/p>\n<p style=\"text-align: justify;\">Agrega que lo se\u00f1alado por el par\u00e1grafo 3\u00b0 del art\u00edculo 206 ib\u00eddem \u2013 en relaci\u00f3n con el cumplimiento de los requisitos necesarios para acceder a la pensi\u00f3n acorde con la Ley 100 de 1993 \u2013 \u201cno es una exigencia que aplique respecto de las pensiones extranjeras, ni tampoco se puede entender como una exclusi\u00f3n de la exenci\u00f3n respecto de dichas pensiones, sino una limitaci\u00f3n a determinadas pensiones de fuente nacional que existen en la legisla\u00acci\u00f3n colombiana, garantizando la equidad que debe existir en los reg\u00edmenes pensionales internos\u201d.<\/p>\n<p style=\"text-align: justify;\">Asimismo, \u201cteniendo certeza de que la renta de trabajo obtenida es una pensi\u00f3n extranjera, no se puede exigir el cumplimiento de los requisitos de la legislaci\u00f3n colombiana para tener derecho a una pensi\u00f3n exenta en Colombia si el residente colombiano ya adquiri\u00f3 su derecho en el extranjero, ya que se le estar\u00eda exigiendo unos requisitos que aplican para pensiones obtenidas en Colombia, y no para pensiones extranjeras\u201d.<\/p>\n<p style=\"text-align: justify;\">Por \u00faltimo, concluye que someter al impuesto sobre la renta y complementarios las pensiones de jubilaci\u00f3n del exterior implicar\u00eda la vulneraci\u00f3n flagrante de los principios constitucionales de igualdad y equidad tributaria.<\/p>\n<p style=\"text-align: justify;\">Observado lo antepuesto y con el prop\u00f3sito de resolver la solicitud de reconsideraci\u00f3n planteada, es menester observar la normatividad y jurisprudencia aplicable en el caso sub examine:<\/p>\n<p style=\"text-align: justify;\">El art\u00edculo 206 del Estatuto Tributario establece:<\/p>\n<p style=\"text-align: justify;\">\u201c<strong><span style=\"color: #0000ff;\">Art\u00edculo 206. Rentas de Trabajo Exentas.<\/span><\/strong> &lt;Fuente original compilada: L. 75\/86 art\u00edculo 35 Inciso 1\u00b0&gt;. <span style=\"color: #000000;\"><strong>Est\u00e1n gravados con el impuesto sobre la renta y complementarios la totalidad de los pagos o abonos en cuenta provenientes de la relaci\u00f3n laboral o legal y reglamentaria, con excepci\u00f3n de los siguientes:<\/strong><\/span><\/p>\n<p style=\"text-align: justify;\">(\u2026)<\/p>\n<ol style=\"text-align: justify;\" start=\"5\">\n<li>&lt;Ajuste de salarios m\u00ednimos en t\u00e9rminos de UVT por el art\u00edculo 51 de la Ley 1111 de 2006 (A partir del a\u00f1o gravable 2007). Numeral modificado por el art\u00edculo 96 de la Ley 223 de 1995. El nuevo texto es el siguiente:&gt; <span style=\"color: #0000ff;\"><strong>Las pensiones de jubilaci\u00f3n, invalidez, vejez, de sobrevivientes y sobre Riesgos Profesionales, hasta el a\u00f1o gravable de 1997. A partir del 1\u00b0 de enero de 1998 estar\u00e1n gravadas solo en la parte del pago mensual que exceda de 1.000 UVT.<\/strong><\/span><br \/>\nEl mismo tratamiento tendr\u00e1n las Indemnizaciones Sustitutivas de las Pensiones o las devoluciones de saldos de ahorro pensional. Para el efecto, el valor exonerado del impuesto ser\u00e1 el que resulte de multiplicar la suma equivalente a 1.000 UVT, calculados al momento de recibir la indemnizaci\u00f3n, por el n\u00famero de meses a los cuales esta corresponda.<\/li>\n<\/ol>\n<p style=\"text-align: justify;\">(\u2026)<\/p>\n<p style=\"text-align: justify;\"><span style=\"color: #0000ff;\"><strong>Par\u00e1grafo 3\u00b0. &lt;Par\u00e1grafo adicionado por el art\u00edculo 96 de la Ley 223 de 1995. El nuevo texto es el siguiente:&gt; Para tener derecho a la exenci\u00f3n consagrada en el numeral 5 de este art\u00edculo, el contribuyente debe cumplir los requisitos necesarios para acceder a la pensi\u00f3n, de acuerdo con la Ley 100 de 1993\u2033.<\/strong><\/span> (Negrilla fuera de texto).<\/p>\n<p style=\"text-align: justify;\">\nPor su parte, habi\u00e9ndose demandado la inconstitucionalidad del par\u00e1grafo 3\u00b0 de la antepuesta disposici\u00f3n \u2013 adicionado por la Ley 223 de 1995 \u2013, la Corte Constitucional, M. P. Doctor Manuel Jos\u00e9 Cepeda Espinosa, en Sentencia C-1261 de 2005 manifest\u00f3:<\/p>\n<p style=\"text-align: justify;\">\u201cLa norma acusada contempla una garant\u00eda de forma amplia y generalizada que solo deja por fuera aquellas pensiones que no est\u00e9n contempladas por el sistema de seguridad social integral. Es en ese sentido que se ha interpretado y aplicado la expresi\u00f3n \u2018de acuerdo con la Ley 100 de 1993. En tal medida, puede concluirse que la norma no desconoce la regla de la generalidad de los tributos, ni constituye un criterio infra-inclusivo que haya dejado por fuera de la exenci\u00f3n casos similares que han debido ser contemplados a la luz de par\u00e1metros objetivos de comparaci\u00f3n.<\/p>\n<p style=\"text-align: justify;\">4.5. El criterio fijado por el par\u00e1grafo 3\u00b0 del art\u00edculo 206 del Estatuto Tributario no da un trato diferente a los pensionados, tal y como lo presenta el demandante. No divide los grupos de pensionados como este supone entre aquellos que obtienen su pensi\u00f3n con base en los requisitos expl\u00edcitamente contemplados en la Ley 100 de 1993 y el resto. Por tal raz\u00f3n, los cargos presentados por el demandante no son de recibo.<\/p>\n<p style=\"text-align: justify;\">La Corte advierte que el estudio de igualdad en las exenciones tributarias a los pensionados puede verse desde dos perspectivas para lo que es necesario distinguir dos universos de pensionados. El primero universo es aquel que incluye a los pensionados dentro del r\u00e9gimen ordinario y tambi\u00e9n dentro de reg\u00edmenes especiales de acuerdo al sistema de seguridad social integral. El segundo universo corresponde a aquellos pensionados mediante \u2018pensiones voluntarias\u00b4 o instrumentos similares que se encuentran fuera del sistema de seguridad social integral.<\/p>\n<p style=\"text-align: justify;\">El estudio de igualdad de la exenci\u00f3n puede verse como una vulneraci\u00f3n de dicho principio entre aquellas distintas clases de pensionados dentro de un mismo universo, que por estar cobijados por un mismo sistema pero por diversos reg\u00edmenes especiales pueden pedir ser tratados de la misma manera, de acuerdo a los criterios recordados en esta providencia. La segunda perspectiva del examen a la luz del principio de igualdad corresponde a un estudio entre los dos universos de pensionados referidos, que por tratarse de pensionados que han adquirido su calidad de tales de acuerdo a sistemas diferentes no se puede realizar en los mismos t\u00e9rminos que el primero.<\/p>\n<p style=\"text-align: justify;\">(\u2026)<\/p>\n<p style=\"text-align: justify;\">Ahora bien, a la luz de la igualdad cabe preguntarse si los pensionados por fuera del sistema integral, tambi\u00e9n pueden aspirar al beneficio tributario de los que est\u00e1n dentro de dicho sistema. La conclusi\u00f3n es negativa. La norma acusada no vulnera el principio de igualdad tributaria entre tales pensionados externos al sistema integral, y aquellos pensionados que han adquirido su calidad de acuerdo al sistema de seguridad social integral, sin que ello signifique que a la luz de ciertas reglas tributarias, tales pensionados ajenos al sistema de seguridad social integral, es decir, el segundo universo de pensionados al que se ha hecho alusi\u00f3n, no est\u00e9n cobijados por normas tributarias espec\u00edficas sobre las que la Corte no se pronuncia en esta oportunidad porque no han sido demandadas.<\/p>\n<p style=\"text-align: justify;\">Por tanto, la Corte declarar\u00e1 la exequibilidad de la norma, respecto de los cargos analizados en el presente proceso\u201d. (sic)<\/p>\n<p style=\"text-align: justify;\"><span style=\"text-decoration: underline;\"><strong><span style=\"color: #ff6600; text-decoration: underline;\">Luego, en atenci\u00f3n a lo dispuesto por el art\u00edculo 27 del C\u00f3digo Civil, seg\u00fan el cual \u201ccuando el sentido de la ley sea claro, no se desatender\u00e1 su tenor literal a pretexto de consultar su esp\u00edritu\u201d \u2013 lo cual, conduce a aseverar que el beneficio previsto en el numeral 5 del art\u00edculo 206 ib\u00eddem \u00fanicamente se circunscribe a pensiones obtenidas en Colombia a trav\u00e9s del Sistema de Seguridad Social Integral, toda vez que es requisito que el contribuyente cumpla los requisitos necesarios conforme la Ley 100 de 1993<\/span><\/strong> <\/span>\u2013 y est\u00e1ndose a lo resuelto por la Corte Constitucional en la sentencia previamente rese\u00f1ada, este Despacho no encuentra m\u00e9rito para reconsiderar el Oficio n\u00famero 016055 del 28 de febrero de 2007 frente al tratamiento tributario de las pensiones de jubilaci\u00f3n del exterior, motivo por el cual se confirma la doctrina expresada en el mismo.<\/p>\n<p style=\"text-align: justify;\">En los anteriores t\u00e9rminos se resuelve su consulta y cordialmente le informamos que tanto la normatividad en materia tributaria, aduanera y cambiaria, como los conceptos emitidos por la Direcci\u00f3n de Gesti\u00f3n Jur\u00eddica en estas materias pueden consultarse directamente en nuestra base de datos jur\u00eddica ingresando a la p\u00e1gina electr\u00f3nica de la DIAN: http:\/\/www.dian.gov.co siguiendo los \u00edconos: \u201cNormatividad\u201d\u2013\u201dT\u00e9cnica\u201d y seleccionando los v\u00ednculos \u201cdoctrina\u201d y \u201cDirecci\u00f3n de Gesti\u00f3n Jur\u00eddica\u201d.<\/p>\n<p>&nbsp;<\/p>\n<p style=\"text-align: justify;\">Atentamente,<\/p>\n<p style=\"text-align: justify;\">&nbsp;<\/p>\n<p style=\"text-align: justify;\">La Directora de Gesti\u00f3n Jur\u00eddica,<br \/>\nDalila Astrid Hern\u00e1ndez Corzo,<br \/>\n(C. F.).<\/p>\n","protected":false},"excerpt":{"rendered":"<p>PENSIONES RECIBIDAS EN EL EXTERIOR POR CONTRIBUYENTES RESIDENTES NO SE CONSIDERAN RENTA EXENTA &nbsp; Referencia:&nbsp;Radicado n\u00famero 36040 del 5 de junio de 2014 Tema Impuesto sobre la renta y complementarios&#46;&#46;&#46;<\/p>\n","protected":false},"author":1,"featured_media":10042,"comment_status":"closed","ping_status":"open","sticky":false,"template":"","format":"standard","meta":{"_monsterinsights_skip_tracking":false,"ngg_post_thumbnail":0,"footnotes":"","_links_to":"","_links_to_target":""},"categories":[454,1],"tags":[],"class_list":["post-10041","post","type-post","status-publish","format-standard","has-post-thumbnail","hentry","category-sin-categoria","category-uncategorized"],"aioseo_notices":[],"aioseo_head":"\n\t\t<!-- All in One SEO 5.0.1.1 - aioseo.com -->\n\t<meta name=\"description\" content=\"PENSIONES RECIBIDAS EN EL EXTERIOR POR CONTRIBUYENTES RESIDENTES NO SE CONSIDERAN RENTA EXENTA Referencia: Radicado n\u00famero 36040 del 5 de junio de 2014 Tema Impuesto sobre la renta y complementarios Descriptores Rentas de Trabajo Exentas Fuentes formales Art\u00edculos 27 del C\u00f3digo Civil y 206 del Estatuto Tributario, Sentencia C-1261 de 2005 de la Corte Constitucional.\" \/>\n\t<meta name=\"robots\" content=\"max-image-preview:large\" \/>\n\t<meta name=\"author\" content=\"Miguel Antonio M\u00e1rquez Monta\u00f1ez\"\/>\n\t<link rel=\"canonical\" href=\"https:\/\/contadoreshoy.com\/?p=10041\" \/>\n\t<meta name=\"generator\" content=\"All in One SEO (AIOSEO) 5.0.1.1\" \/>\n\t\t<meta property=\"og:locale\" content=\"es_ES\" \/>\n\t\t<meta property=\"og:site_name\" content=\"Contadores P\u00fablicos - Portal para Contadores P\u00fablicos y empresarios\" \/>\n\t\t<meta property=\"og:type\" content=\"article\" \/>\n\t\t<meta property=\"og:title\" content=\"Pensiones recibidas en el exterior no son exentas - Contadores P\u00fablicos\" \/>\n\t\t<meta property=\"og:description\" content=\"PENSIONES RECIBIDAS EN EL EXTERIOR POR CONTRIBUYENTES RESIDENTES NO SE CONSIDERAN RENTA EXENTA Referencia: Radicado n\u00famero 36040 del 5 de junio de 2014 Tema Impuesto sobre la renta y complementarios Descriptores Rentas de Trabajo Exentas Fuentes formales Art\u00edculos 27 del C\u00f3digo Civil y 206 del Estatuto Tributario, Sentencia C-1261 de 2005 de la Corte Constitucional.\" \/>\n\t\t<meta property=\"og:url\" content=\"https:\/\/contadoreshoy.com\/?p=10041\" \/>\n\t\t<meta property=\"og:image\" content=\"https:\/\/contadoreshoy.com\/wp-content\/uploads\/2024\/01\/cropped-cropped-cropped-Copia-de-M.jpg\" \/>\n\t\t<meta property=\"og:image:secure_url\" content=\"https:\/\/contadoreshoy.com\/wp-content\/uploads\/2024\/01\/cropped-cropped-cropped-Copia-de-M.jpg\" \/>\n\t\t<meta property=\"og:image:width\" content=\"512\" \/>\n\t\t<meta property=\"og:image:height\" content=\"371\" \/>\n\t\t<meta property=\"article:published_time\" content=\"2017-08-24T21:00:12+00:00\" \/>\n\t\t<meta property=\"article:modified_time\" content=\"2017-08-24T21:00:12+00:00\" \/>\n\t\t<meta name=\"twitter:card\" content=\"summary_large_image\" \/>\n\t\t<meta name=\"twitter:title\" content=\"Pensiones recibidas en el exterior no son exentas - Contadores P\u00fablicos\" \/>\n\t\t<meta name=\"twitter:description\" content=\"PENSIONES RECIBIDAS EN EL EXTERIOR POR CONTRIBUYENTES RESIDENTES NO SE CONSIDERAN RENTA EXENTA Referencia: Radicado n\u00famero 36040 del 5 de junio de 2014 Tema Impuesto sobre la renta y complementarios Descriptores Rentas de Trabajo Exentas Fuentes formales Art\u00edculos 27 del C\u00f3digo Civil y 206 del Estatuto Tributario, Sentencia C-1261 de 2005 de la Corte Constitucional.\" \/>\n\t\t<meta name=\"twitter:image\" content=\"https:\/\/contadoreshoy.com\/wp-content\/uploads\/2024\/01\/cropped-cropped-cropped-Copia-de-M.jpg\" \/>\n\t\t<script type=\"application\/ld+json\" class=\"aioseo-schema\">\n\t\t\t{\"@context\":\"https:\\\/\\\/schema.org\",\"@graph\":[{\"@type\":\"BlogPosting\",\"@id\":\"https:\\\/\\\/contadoreshoy.com\\\/?p=10041#blogposting\",\"name\":\"Pensiones recibidas en el exterior no son exentas - Contadores P\\u00fablicos\",\"headline\":\"Pensiones recibidas en el exterior no son exentas\",\"author\":{\"@id\":\"https:\\\/\\\/contadoreshoy.com\\\/?author=1#author\"},\"publisher\":{\"@id\":\"https:\\\/\\\/contadoreshoy.com\\\/#organization\"},\"image\":{\"@type\":\"ImageObject\",\"url\":\"https:\\\/\\\/contadoreshoy.com\\\/wp-content\\\/uploads\\\/2017\\\/08\\\/pensiones-no-exentas.jpg\",\"width\":800,\"height\":600},\"datePublished\":\"2017-08-24T16:00:12-05:00\",\"dateModified\":\"2017-08-24T16:00:12-05:00\",\"inLanguage\":\"es-ES\",\"mainEntityOfPage\":{\"@id\":\"https:\\\/\\\/contadoreshoy.com\\\/?p=10041#webpage\"},\"isPartOf\":{\"@id\":\"https:\\\/\\\/contadoreshoy.com\\\/?p=10041#webpage\"},\"articleSection\":\"Sin categor\\u00eda, Uncategorized\"},{\"@type\":\"BreadcrumbList\",\"@id\":\"https:\\\/\\\/contadoreshoy.com\\\/?p=10041#breadcrumblist\",\"itemListElement\":[{\"@type\":\"ListItem\",\"@id\":\"https:\\\/\\\/contadoreshoy.com#listItem\",\"position\":1,\"name\":\"Home\",\"item\":\"https:\\\/\\\/contadoreshoy.com\",\"nextItem\":{\"@type\":\"ListItem\",\"@id\":\"https:\\\/\\\/contadoreshoy.com\\\/?cat=1#listItem\",\"name\":\"Uncategorized\"}},{\"@type\":\"ListItem\",\"@id\":\"https:\\\/\\\/contadoreshoy.com\\\/?cat=1#listItem\",\"position\":2,\"name\":\"Uncategorized\",\"item\":\"https:\\\/\\\/contadoreshoy.com\\\/?cat=1\",\"nextItem\":{\"@type\":\"ListItem\",\"@id\":\"https:\\\/\\\/contadoreshoy.com\\\/?p=10041#listItem\",\"name\":\"Pensiones recibidas en el exterior no son exentas\"},\"previousItem\":{\"@type\":\"ListItem\",\"@id\":\"https:\\\/\\\/contadoreshoy.com#listItem\",\"name\":\"Home\"}},{\"@type\":\"ListItem\",\"@id\":\"https:\\\/\\\/contadoreshoy.com\\\/?p=10041#listItem\",\"position\":3,\"name\":\"Pensiones recibidas en el exterior no son exentas\",\"previousItem\":{\"@type\":\"ListItem\",\"@id\":\"https:\\\/\\\/contadoreshoy.com\\\/?cat=1#listItem\",\"name\":\"Uncategorized\"}}]},{\"@type\":\"Organization\",\"@id\":\"https:\\\/\\\/contadoreshoy.com\\\/#organization\",\"name\":\"Contadores P\\u00fablicos\",\"description\":\"Portal para Contadores P\\u00fablicos y empresarios\",\"url\":\"https:\\\/\\\/contadoreshoy.com\\\/\",\"logo\":{\"@type\":\"ImageObject\",\"url\":\"https:\\\/\\\/contadoreshoy.com\\\/wp-content\\\/uploads\\\/2024\\\/01\\\/cropped-cropped-Copia-de-M-1.jpg\",\"@id\":\"https:\\\/\\\/contadoreshoy.com\\\/?p=10041\\\/#organizationLogo\",\"width\":499,\"height\":500},\"image\":{\"@id\":\"https:\\\/\\\/contadoreshoy.com\\\/?p=10041\\\/#organizationLogo\"}},{\"@type\":\"Person\",\"@id\":\"https:\\\/\\\/contadoreshoy.com\\\/?author=1#author\",\"url\":\"https:\\\/\\\/contadoreshoy.com\\\/?author=1\",\"name\":\"Miguel Antonio M\\u00e1rquez Monta\\u00f1ez\"},{\"@type\":\"WebPage\",\"@id\":\"https:\\\/\\\/contadoreshoy.com\\\/?p=10041#webpage\",\"url\":\"https:\\\/\\\/contadoreshoy.com\\\/?p=10041\",\"name\":\"Pensiones recibidas en el exterior no son exentas - Contadores P\\u00fablicos\",\"description\":\"PENSIONES RECIBIDAS EN EL EXTERIOR POR CONTRIBUYENTES RESIDENTES NO SE CONSIDERAN RENTA EXENTA Referencia: Radicado n\\u00famero 36040 del 5 de junio de 2014 Tema Impuesto sobre la renta y complementarios Descriptores Rentas de Trabajo Exentas Fuentes formales Art\\u00edculos 27 del C\\u00f3digo Civil y 206 del Estatuto Tributario, Sentencia C-1261 de 2005 de la Corte Constitucional.\",\"inLanguage\":\"es-ES\",\"isPartOf\":{\"@id\":\"https:\\\/\\\/contadoreshoy.com\\\/#website\"},\"breadcrumb\":{\"@id\":\"https:\\\/\\\/contadoreshoy.com\\\/?p=10041#breadcrumblist\"},\"author\":{\"@id\":\"https:\\\/\\\/contadoreshoy.com\\\/?author=1#author\"},\"creator\":{\"@id\":\"https:\\\/\\\/contadoreshoy.com\\\/?author=1#author\"},\"image\":{\"@type\":\"ImageObject\",\"url\":\"https:\\\/\\\/contadoreshoy.com\\\/wp-content\\\/uploads\\\/2017\\\/08\\\/pensiones-no-exentas.jpg\",\"@id\":\"https:\\\/\\\/contadoreshoy.com\\\/?p=10041\\\/#mainImage\",\"width\":800,\"height\":600},\"primaryImageOfPage\":{\"@id\":\"https:\\\/\\\/contadoreshoy.com\\\/?p=10041#mainImage\"},\"datePublished\":\"2017-08-24T16:00:12-05:00\",\"dateModified\":\"2017-08-24T16:00:12-05:00\"},{\"@type\":\"WebSite\",\"@id\":\"https:\\\/\\\/contadoreshoy.com\\\/#website\",\"url\":\"https:\\\/\\\/contadoreshoy.com\\\/\",\"name\":\"Contadores P\\u00fablicos\",\"description\":\"Portal para Contadores P\\u00fablicos y empresarios\",\"inLanguage\":\"es-ES\",\"publisher\":{\"@id\":\"https:\\\/\\\/contadoreshoy.com\\\/#organization\"}}]}\n\t\t<\/script>\n\t\t<!-- All in One SEO -->\n\n","aioseo_head_json":{"title":"Pensiones recibidas en el exterior no son exentas - Contadores P\u00fablicos","description":"PENSIONES RECIBIDAS EN EL EXTERIOR POR CONTRIBUYENTES RESIDENTES NO SE CONSIDERAN RENTA EXENTA Referencia: Radicado n\u00famero 36040 del 5 de junio de 2014 Tema Impuesto sobre la renta y complementarios Descriptores Rentas de Trabajo Exentas Fuentes formales Art\u00edculos 27 del C\u00f3digo Civil y 206 del Estatuto Tributario, Sentencia C-1261 de 2005 de la Corte Constitucional.","canonical_url":"https:\/\/contadoreshoy.com\/?p=10041","robots":"max-image-preview:large","keywords":"","webmasterTools":{"miscellaneous":""},"schema":{"@context":"https:\/\/schema.org","@graph":[{"@type":"BlogPosting","@id":"https:\/\/contadoreshoy.com\/?p=10041#blogposting","name":"Pensiones recibidas en el exterior no son exentas - Contadores P\u00fablicos","headline":"Pensiones recibidas en el exterior no son exentas","author":{"@id":"https:\/\/contadoreshoy.com\/?author=1#author"},"publisher":{"@id":"https:\/\/contadoreshoy.com\/#organization"},"image":{"@type":"ImageObject","url":"https:\/\/contadoreshoy.com\/wp-content\/uploads\/2017\/08\/pensiones-no-exentas.jpg","width":800,"height":600},"datePublished":"2017-08-24T16:00:12-05:00","dateModified":"2017-08-24T16:00:12-05:00","inLanguage":"es-ES","mainEntityOfPage":{"@id":"https:\/\/contadoreshoy.com\/?p=10041#webpage"},"isPartOf":{"@id":"https:\/\/contadoreshoy.com\/?p=10041#webpage"},"articleSection":"Sin categor\u00eda, Uncategorized"},{"@type":"BreadcrumbList","@id":"https:\/\/contadoreshoy.com\/?p=10041#breadcrumblist","itemListElement":[{"@type":"ListItem","@id":"https:\/\/contadoreshoy.com#listItem","position":1,"name":"Home","item":"https:\/\/contadoreshoy.com","nextItem":{"@type":"ListItem","@id":"https:\/\/contadoreshoy.com\/?cat=1#listItem","name":"Uncategorized"}},{"@type":"ListItem","@id":"https:\/\/contadoreshoy.com\/?cat=1#listItem","position":2,"name":"Uncategorized","item":"https:\/\/contadoreshoy.com\/?cat=1","nextItem":{"@type":"ListItem","@id":"https:\/\/contadoreshoy.com\/?p=10041#listItem","name":"Pensiones recibidas en el exterior no son exentas"},"previousItem":{"@type":"ListItem","@id":"https:\/\/contadoreshoy.com#listItem","name":"Home"}},{"@type":"ListItem","@id":"https:\/\/contadoreshoy.com\/?p=10041#listItem","position":3,"name":"Pensiones recibidas en el exterior no son exentas","previousItem":{"@type":"ListItem","@id":"https:\/\/contadoreshoy.com\/?cat=1#listItem","name":"Uncategorized"}}]},{"@type":"Organization","@id":"https:\/\/contadoreshoy.com\/#organization","name":"Contadores P\u00fablicos","description":"Portal para Contadores P\u00fablicos y empresarios","url":"https:\/\/contadoreshoy.com\/","logo":{"@type":"ImageObject","url":"https:\/\/contadoreshoy.com\/wp-content\/uploads\/2024\/01\/cropped-cropped-Copia-de-M-1.jpg","@id":"https:\/\/contadoreshoy.com\/?p=10041\/#organizationLogo","width":499,"height":500},"image":{"@id":"https:\/\/contadoreshoy.com\/?p=10041\/#organizationLogo"}},{"@type":"Person","@id":"https:\/\/contadoreshoy.com\/?author=1#author","url":"https:\/\/contadoreshoy.com\/?author=1","name":"Miguel Antonio M\u00e1rquez Monta\u00f1ez"},{"@type":"WebPage","@id":"https:\/\/contadoreshoy.com\/?p=10041#webpage","url":"https:\/\/contadoreshoy.com\/?p=10041","name":"Pensiones recibidas en el exterior no son exentas - Contadores P\u00fablicos","description":"PENSIONES RECIBIDAS EN EL EXTERIOR POR CONTRIBUYENTES RESIDENTES NO SE CONSIDERAN RENTA EXENTA Referencia: Radicado n\u00famero 36040 del 5 de junio de 2014 Tema Impuesto sobre la renta y complementarios Descriptores Rentas de Trabajo Exentas Fuentes formales Art\u00edculos 27 del C\u00f3digo Civil y 206 del Estatuto Tributario, Sentencia C-1261 de 2005 de la Corte Constitucional.","inLanguage":"es-ES","isPartOf":{"@id":"https:\/\/contadoreshoy.com\/#website"},"breadcrumb":{"@id":"https:\/\/contadoreshoy.com\/?p=10041#breadcrumblist"},"author":{"@id":"https:\/\/contadoreshoy.com\/?author=1#author"},"creator":{"@id":"https:\/\/contadoreshoy.com\/?author=1#author"},"image":{"@type":"ImageObject","url":"https:\/\/contadoreshoy.com\/wp-content\/uploads\/2017\/08\/pensiones-no-exentas.jpg","@id":"https:\/\/contadoreshoy.com\/?p=10041\/#mainImage","width":800,"height":600},"primaryImageOfPage":{"@id":"https:\/\/contadoreshoy.com\/?p=10041#mainImage"},"datePublished":"2017-08-24T16:00:12-05:00","dateModified":"2017-08-24T16:00:12-05:00"},{"@type":"WebSite","@id":"https:\/\/contadoreshoy.com\/#website","url":"https:\/\/contadoreshoy.com\/","name":"Contadores P\u00fablicos","description":"Portal para Contadores P\u00fablicos y empresarios","inLanguage":"es-ES","publisher":{"@id":"https:\/\/contadoreshoy.com\/#organization"}}]},"og:locale":"es_ES","og:site_name":"Contadores P\u00fablicos - Portal para Contadores P\u00fablicos y empresarios","og:type":"article","og:title":"Pensiones recibidas en el exterior no son exentas - Contadores P\u00fablicos","og:description":"PENSIONES RECIBIDAS EN EL EXTERIOR POR CONTRIBUYENTES RESIDENTES NO SE CONSIDERAN RENTA EXENTA Referencia: Radicado n\u00famero 36040 del 5 de junio de 2014 Tema Impuesto sobre la renta y complementarios Descriptores Rentas de Trabajo Exentas Fuentes formales Art\u00edculos 27 del C\u00f3digo Civil y 206 del Estatuto Tributario, Sentencia C-1261 de 2005 de la Corte Constitucional.","og:url":"https:\/\/contadoreshoy.com\/?p=10041","og:image":"https:\/\/contadoreshoy.com\/wp-content\/uploads\/2024\/01\/cropped-cropped-cropped-Copia-de-M.jpg","og:image:secure_url":"https:\/\/contadoreshoy.com\/wp-content\/uploads\/2024\/01\/cropped-cropped-cropped-Copia-de-M.jpg","og:image:width":512,"og:image:height":371,"article:published_time":"2017-08-24T21:00:12+00:00","article:modified_time":"2017-08-24T21:00:12+00:00","twitter:card":"summary_large_image","twitter:title":"Pensiones recibidas en el exterior no son exentas - Contadores P\u00fablicos","twitter:description":"PENSIONES RECIBIDAS EN EL EXTERIOR POR CONTRIBUYENTES RESIDENTES NO SE CONSIDERAN RENTA EXENTA Referencia: Radicado n\u00famero 36040 del 5 de junio de 2014 Tema Impuesto sobre la renta y complementarios Descriptores Rentas de Trabajo Exentas Fuentes formales Art\u00edculos 27 del C\u00f3digo Civil y 206 del Estatuto Tributario, Sentencia C-1261 de 2005 de la Corte Constitucional.","twitter:image":"https:\/\/contadoreshoy.com\/wp-content\/uploads\/2024\/01\/cropped-cropped-cropped-Copia-de-M.jpg"},"aioseo_meta_data":{"post_id":"10041","title":null,"description":null,"keywords":null,"keyphrases":null,"primary_term":null,"canonical_url":null,"og_title":null,"og_description":null,"og_object_type":"default","og_image_type":"default","og_image_url":null,"og_image_width":null,"og_image_height":null,"og_image_custom_url":null,"og_image_custom_fields":null,"og_video":null,"og_custom_url":null,"og_article_section":null,"og_article_tags":null,"twitter_use_og":false,"twitter_card":"default","twitter_image_type":"default","twitter_image_url":null,"twitter_image_custom_url":null,"twitter_image_custom_fields":null,"twitter_title":null,"twitter_description":null,"schema":{"blockGraphs":[],"customGraphs":[],"default":{"data":{"Article":[],"Course":[],"Dataset":[],"FAQPage":[],"Movie":[],"Person":[],"Product":[],"ProductReview":[],"Car":[],"Recipe":[],"Service":[],"SoftwareApplication":[],"WebPage":[]},"graphName":"","isEnabled":true},"graphs":[]},"schema_type":"default","schema_type_options":null,"pillar_content":false,"robots_default":true,"robots_noindex":false,"robots_noarchive":false,"robots_nosnippet":false,"robots_nofollow":false,"robots_noimageindex":false,"robots_noodp":false,"robots_notranslate":false,"robots_max_snippet":null,"robots_max_videopreview":null,"robots_max_imagepreview":"large","priority":null,"frequency":null,"local_seo":null,"breadcrumb_settings":null,"limit_modified_date":false,"ai":null,"created":"2024-03-05 01:50:54","updated":"2026-03-03 05:05:06","seo_analyzer_scan_date":null,"focus_keyword":null,"additional_keywords":null,"truseo_locale":null},"aioseo_breadcrumb":"<div class=\"aioseo-breadcrumbs\"><span class=\"aioseo-breadcrumb\">\n\t\t\t<a href=\"https:\/\/contadoreshoy.com\" title=\"Home\">Home<\/a>\n\t\t<\/span><span class=\"aioseo-breadcrumb-separator\">&raquo;<\/span><span class=\"aioseo-breadcrumb\">\n\t\t\t<a href=\"https:\/\/contadoreshoy.com\/?cat=1\" title=\"Uncategorized\">Uncategorized<\/a>\n\t\t<\/span><span class=\"aioseo-breadcrumb-separator\">&raquo;<\/span><span class=\"aioseo-breadcrumb\">\n\t\t\tPensiones recibidas en el exterior no son exentas\n\t\t<\/span><\/div>","aioseo_breadcrumb_json":[{"label":"Home","link":"https:\/\/contadoreshoy.com"},{"label":"Uncategorized","link":"https:\/\/contadoreshoy.com\/?cat=1"},{"label":"Pensiones recibidas en el exterior no son exentas","link":"https:\/\/contadoreshoy.com\/?p=10041"}],"yoast_head":"<!-- This site is optimized with the Yoast SEO plugin v28.4 - https:\/\/yoast.com\/product\/yoast-seo-wordpress\/ -->\n<title>Pensiones recibidas en el exterior no son exentas - Contadores P\u00fablicos<\/title>\n<meta name=\"robots\" content=\"index, follow, max-snippet:-1, max-image-preview:large, max-video-preview:-1\" \/>\n<link rel=\"canonical\" href=\"https:\/\/contadoreshoy.com\/?p=10041\" \/>\n<meta property=\"og:locale\" content=\"es_ES\" \/>\n<meta property=\"og:type\" content=\"article\" \/>\n<meta property=\"og:title\" content=\"Pensiones recibidas en el exterior no son exentas - Contadores P\u00fablicos\" \/>\n<meta property=\"og:description\" content=\"PENSIONES RECIBIDAS EN EL EXTERIOR POR CONTRIBUYENTES RESIDENTES NO SE CONSIDERAN RENTA EXENTA &nbsp; Referencia:&nbsp;Radicado n\u00famero 36040 del 5 de junio de 2014 Tema Impuesto sobre la renta y complementarios&#046;&#046;&#046;\" \/>\n<meta property=\"og:url\" content=\"https:\/\/contadoreshoy.com\/?p=10041\" \/>\n<meta property=\"og:site_name\" content=\"Contadores P\u00fablicos\" \/>\n<meta property=\"article:publisher\" content=\"https:\/\/www.facebook.com\/CCCPBucaramanga\/\" \/>\n<meta property=\"article:published_time\" content=\"2017-08-24T21:00:12+00:00\" \/>\n<meta property=\"og:image\" content=\"https:\/\/contadoreshoy.com\/wp-content\/uploads\/2017\/08\/pensiones-no-exentas.jpg\" \/>\n\t<meta property=\"og:image:width\" content=\"800\" \/>\n\t<meta property=\"og:image:height\" content=\"600\" \/>\n\t<meta property=\"og:image:type\" content=\"image\/jpeg\" \/>\n<meta name=\"author\" content=\"Miguel Antonio M\u00e1rquez Monta\u00f1ez\" \/>\n<meta name=\"twitter:card\" content=\"summary_large_image\" \/>\n<meta name=\"twitter:label1\" content=\"Escrito por\" \/>\n\t<meta name=\"twitter:data1\" content=\"Miguel Antonio M\u00e1rquez Monta\u00f1ez\" \/>\n\t<meta name=\"twitter:label2\" content=\"Tiempo de lectura\" \/>\n\t<meta name=\"twitter:data2\" content=\"10 minutos\" \/>\n<script type=\"application\/ld+json\" class=\"yoast-schema-graph\">{\"@context\":\"https:\\\/\\\/schema.org\",\"@graph\":[{\"@type\":\"Article\",\"@id\":\"https:\\\/\\\/contadoreshoy.com\\\/?p=10041#article\",\"isPartOf\":{\"@id\":\"https:\\\/\\\/contadoreshoy.com\\\/?p=10041\"},\"author\":{\"name\":\"Miguel Antonio M\u00e1rquez Monta\u00f1ez\",\"@id\":\"https:\\\/\\\/contadoreshoy.com\\\/#\\\/schema\\\/person\\\/96d8979cb865537c5dc9345e40089fc5\"},\"headline\":\"Pensiones recibidas en el exterior no son exentas\",\"datePublished\":\"2017-08-24T21:00:12+00:00\",\"mainEntityOfPage\":{\"@id\":\"https:\\\/\\\/contadoreshoy.com\\\/?p=10041\"},\"wordCount\":2099,\"publisher\":{\"@id\":\"https:\\\/\\\/contadoreshoy.com\\\/#organization\"},\"image\":{\"@id\":\"https:\\\/\\\/contadoreshoy.com\\\/?p=10041#primaryimage\"},\"thumbnailUrl\":\"https:\\\/\\\/contadoreshoy.com\\\/wp-content\\\/uploads\\\/2017\\\/08\\\/pensiones-no-exentas.jpg\",\"articleSection\":{\"1\":\"Uncategorized\"},\"inLanguage\":\"es\"},{\"@type\":\"WebPage\",\"@id\":\"https:\\\/\\\/contadoreshoy.com\\\/?p=10041\",\"url\":\"https:\\\/\\\/contadoreshoy.com\\\/?p=10041\",\"name\":\"Pensiones recibidas en el exterior no son exentas - Contadores P\u00fablicos\",\"isPartOf\":{\"@id\":\"https:\\\/\\\/contadoreshoy.com\\\/#website\"},\"primaryImageOfPage\":{\"@id\":\"https:\\\/\\\/contadoreshoy.com\\\/?p=10041#primaryimage\"},\"image\":{\"@id\":\"https:\\\/\\\/contadoreshoy.com\\\/?p=10041#primaryimage\"},\"thumbnailUrl\":\"https:\\\/\\\/contadoreshoy.com\\\/wp-content\\\/uploads\\\/2017\\\/08\\\/pensiones-no-exentas.jpg\",\"datePublished\":\"2017-08-24T21:00:12+00:00\",\"breadcrumb\":{\"@id\":\"https:\\\/\\\/contadoreshoy.com\\\/?p=10041#breadcrumb\"},\"inLanguage\":\"es\",\"potentialAction\":[{\"@type\":\"ReadAction\",\"target\":[\"https:\\\/\\\/contadoreshoy.com\\\/?p=10041\"]}]},{\"@type\":\"ImageObject\",\"inLanguage\":\"es\",\"@id\":\"https:\\\/\\\/contadoreshoy.com\\\/?p=10041#primaryimage\",\"url\":\"https:\\\/\\\/contadoreshoy.com\\\/wp-content\\\/uploads\\\/2017\\\/08\\\/pensiones-no-exentas.jpg\",\"contentUrl\":\"https:\\\/\\\/contadoreshoy.com\\\/wp-content\\\/uploads\\\/2017\\\/08\\\/pensiones-no-exentas.jpg\",\"width\":800,\"height\":600},{\"@type\":\"BreadcrumbList\",\"@id\":\"https:\\\/\\\/contadoreshoy.com\\\/?p=10041#breadcrumb\",\"itemListElement\":[{\"@type\":\"ListItem\",\"position\":1,\"name\":\"Portada\",\"item\":\"https:\\\/\\\/contadoreshoy.com\\\/\"},{\"@type\":\"ListItem\",\"position\":2,\"name\":\"Pensiones recibidas en el exterior no son exentas\"}]},{\"@type\":\"WebSite\",\"@id\":\"https:\\\/\\\/contadoreshoy.com\\\/#website\",\"url\":\"https:\\\/\\\/contadoreshoy.com\\\/\",\"name\":\"Contadorespublicossantander\",\"description\":\"Portal para Contadores P\u00fablicos y empresarios\",\"publisher\":{\"@id\":\"https:\\\/\\\/contadoreshoy.com\\\/#organization\"},\"potentialAction\":[{\"@type\":\"SearchAction\",\"target\":{\"@type\":\"EntryPoint\",\"urlTemplate\":\"https:\\\/\\\/contadoreshoy.com\\\/?s={search_term_string}\"},\"query-input\":{\"@type\":\"PropertyValueSpecification\",\"valueRequired\":true,\"valueName\":\"search_term_string\"}}],\"inLanguage\":\"es\"},{\"@type\":\"Organization\",\"@id\":\"https:\\\/\\\/contadoreshoy.com\\\/#organization\",\"name\":\"Contadores P\u00fablicos de Santander\",\"url\":\"https:\\\/\\\/contadoreshoy.com\\\/\",\"logo\":{\"@type\":\"ImageObject\",\"inLanguage\":\"es\",\"@id\":\"https:\\\/\\\/contadoreshoy.com\\\/#\\\/schema\\\/logo\\\/image\\\/\",\"url\":\"https:\\\/\\\/contadoreshoy.com\\\/wp-content\\\/uploads\\\/2024\\\/01\\\/cropped-cropped-Copia-de-M-1.jpg\",\"contentUrl\":\"https:\\\/\\\/contadoreshoy.com\\\/wp-content\\\/uploads\\\/2024\\\/01\\\/cropped-cropped-Copia-de-M-1.jpg\",\"width\":499,\"height\":500,\"caption\":\"Contadores P\u00fablicos de Santander\"},\"image\":{\"@id\":\"https:\\\/\\\/contadoreshoy.com\\\/#\\\/schema\\\/logo\\\/image\\\/\"},\"sameAs\":[\"https:\\\/\\\/www.facebook.com\\\/CCCPBucaramanga\\\/\"]},{\"@type\":\"Person\",\"@id\":\"https:\\\/\\\/contadoreshoy.com\\\/#\\\/schema\\\/person\\\/96d8979cb865537c5dc9345e40089fc5\",\"name\":\"Miguel Antonio M\u00e1rquez Monta\u00f1ez\",\"description\":\"Contador P\u00fablico egresado de la Universidad Aut\u00f3noma de Bucaramanga - Asesor contable tributario con m\u00e1s de 25 a\u00f1os de experiencia - Conferencista en temas contables y tributarios - T\u00e9cnico en Hardware y Dise\u00f1o Web - Creador y director Grupo de Estudio Colegio Colombiano de Contadores P\u00fablicos de Bucaramanga - Creador y Master Web p\u00e1gina www.contadoresp\u00fablicossantander.com - Expresidente Colegio Colombiano de Contadores P\u00fablicos Bucaramanga\",\"url\":\"https:\\\/\\\/contadoreshoy.com\\\/?author=1\"}]}<\/script>\n<!-- \/ Yoast SEO plugin. -->","yoast_head_json":{"title":"Pensiones recibidas en el exterior no son exentas - Contadores P\u00fablicos","robots":{"index":"index","follow":"follow","max-snippet":"max-snippet:-1","max-image-preview":"max-image-preview:large","max-video-preview":"max-video-preview:-1"},"canonical":"https:\/\/contadoreshoy.com\/?p=10041","og_locale":"es_ES","og_type":"article","og_title":"Pensiones recibidas en el exterior no son exentas - Contadores P\u00fablicos","og_description":"PENSIONES RECIBIDAS EN EL EXTERIOR POR CONTRIBUYENTES RESIDENTES NO SE CONSIDERAN RENTA EXENTA &nbsp; Referencia:&nbsp;Radicado n\u00famero 36040 del 5 de junio de 2014 Tema Impuesto sobre la renta y complementarios&#46;&#46;&#46;","og_url":"https:\/\/contadoreshoy.com\/?p=10041","og_site_name":"Contadores P\u00fablicos","article_publisher":"https:\/\/www.facebook.com\/CCCPBucaramanga\/","article_published_time":"2017-08-24T21:00:12+00:00","og_image":[{"width":800,"height":600,"url":"https:\/\/contadoreshoy.com\/wp-content\/uploads\/2017\/08\/pensiones-no-exentas.jpg","type":"image\/jpeg"}],"author":"Miguel Antonio M\u00e1rquez Monta\u00f1ez","twitter_card":"summary_large_image","twitter_misc":{"Escrito por":"Miguel Antonio M\u00e1rquez Monta\u00f1ez","Tiempo de lectura":"10 minutos"},"schema":{"@context":"https:\/\/schema.org","@graph":[{"@type":"Article","@id":"https:\/\/contadoreshoy.com\/?p=10041#article","isPartOf":{"@id":"https:\/\/contadoreshoy.com\/?p=10041"},"author":{"name":"Miguel Antonio M\u00e1rquez Monta\u00f1ez","@id":"https:\/\/contadoreshoy.com\/#\/schema\/person\/96d8979cb865537c5dc9345e40089fc5"},"headline":"Pensiones recibidas en el exterior no son exentas","datePublished":"2017-08-24T21:00:12+00:00","mainEntityOfPage":{"@id":"https:\/\/contadoreshoy.com\/?p=10041"},"wordCount":2099,"publisher":{"@id":"https:\/\/contadoreshoy.com\/#organization"},"image":{"@id":"https:\/\/contadoreshoy.com\/?p=10041#primaryimage"},"thumbnailUrl":"https:\/\/contadoreshoy.com\/wp-content\/uploads\/2017\/08\/pensiones-no-exentas.jpg","articleSection":{"1":"Uncategorized"},"inLanguage":"es"},{"@type":"WebPage","@id":"https:\/\/contadoreshoy.com\/?p=10041","url":"https:\/\/contadoreshoy.com\/?p=10041","name":"Pensiones recibidas en el exterior no son exentas - Contadores P\u00fablicos","isPartOf":{"@id":"https:\/\/contadoreshoy.com\/#website"},"primaryImageOfPage":{"@id":"https:\/\/contadoreshoy.com\/?p=10041#primaryimage"},"image":{"@id":"https:\/\/contadoreshoy.com\/?p=10041#primaryimage"},"thumbnailUrl":"https:\/\/contadoreshoy.com\/wp-content\/uploads\/2017\/08\/pensiones-no-exentas.jpg","datePublished":"2017-08-24T21:00:12+00:00","breadcrumb":{"@id":"https:\/\/contadoreshoy.com\/?p=10041#breadcrumb"},"inLanguage":"es","potentialAction":[{"@type":"ReadAction","target":["https:\/\/contadoreshoy.com\/?p=10041"]}]},{"@type":"ImageObject","inLanguage":"es","@id":"https:\/\/contadoreshoy.com\/?p=10041#primaryimage","url":"https:\/\/contadoreshoy.com\/wp-content\/uploads\/2017\/08\/pensiones-no-exentas.jpg","contentUrl":"https:\/\/contadoreshoy.com\/wp-content\/uploads\/2017\/08\/pensiones-no-exentas.jpg","width":800,"height":600},{"@type":"BreadcrumbList","@id":"https:\/\/contadoreshoy.com\/?p=10041#breadcrumb","itemListElement":[{"@type":"ListItem","position":1,"name":"Portada","item":"https:\/\/contadoreshoy.com\/"},{"@type":"ListItem","position":2,"name":"Pensiones recibidas en el exterior no son exentas"}]},{"@type":"WebSite","@id":"https:\/\/contadoreshoy.com\/#website","url":"https:\/\/contadoreshoy.com\/","name":"Contadorespublicossantander","description":"Portal para Contadores P\u00fablicos y empresarios","publisher":{"@id":"https:\/\/contadoreshoy.com\/#organization"},"potentialAction":[{"@type":"SearchAction","target":{"@type":"EntryPoint","urlTemplate":"https:\/\/contadoreshoy.com\/?s={search_term_string}"},"query-input":{"@type":"PropertyValueSpecification","valueRequired":true,"valueName":"search_term_string"}}],"inLanguage":"es"},{"@type":"Organization","@id":"https:\/\/contadoreshoy.com\/#organization","name":"Contadores P\u00fablicos de Santander","url":"https:\/\/contadoreshoy.com\/","logo":{"@type":"ImageObject","inLanguage":"es","@id":"https:\/\/contadoreshoy.com\/#\/schema\/logo\/image\/","url":"https:\/\/contadoreshoy.com\/wp-content\/uploads\/2024\/01\/cropped-cropped-Copia-de-M-1.jpg","contentUrl":"https:\/\/contadoreshoy.com\/wp-content\/uploads\/2024\/01\/cropped-cropped-Copia-de-M-1.jpg","width":499,"height":500,"caption":"Contadores P\u00fablicos de Santander"},"image":{"@id":"https:\/\/contadoreshoy.com\/#\/schema\/logo\/image\/"},"sameAs":["https:\/\/www.facebook.com\/CCCPBucaramanga\/"]},{"@type":"Person","@id":"https:\/\/contadoreshoy.com\/#\/schema\/person\/96d8979cb865537c5dc9345e40089fc5","name":"Miguel Antonio M\u00e1rquez Monta\u00f1ez","description":"Contador P\u00fablico egresado de la Universidad Aut\u00f3noma de Bucaramanga - Asesor contable tributario con m\u00e1s de 25 a\u00f1os de experiencia - Conferencista en temas contables y tributarios - T\u00e9cnico en Hardware y Dise\u00f1o Web - Creador y director Grupo de Estudio Colegio Colombiano de Contadores P\u00fablicos de Bucaramanga - Creador y Master Web p\u00e1gina www.contadoresp\u00fablicossantander.com - Expresidente Colegio Colombiano de Contadores P\u00fablicos Bucaramanga","url":"https:\/\/contadoreshoy.com\/?author=1"}]}},"_links":{"self":[{"href":"https:\/\/contadoreshoy.com\/index.php?rest_route=\/wp\/v2\/posts\/10041","targetHints":{"allow":["GET"]}}],"collection":[{"href":"https:\/\/contadoreshoy.com\/index.php?rest_route=\/wp\/v2\/posts"}],"about":[{"href":"https:\/\/contadoreshoy.com\/index.php?rest_route=\/wp\/v2\/types\/post"}],"author":[{"embeddable":true,"href":"https:\/\/contadoreshoy.com\/index.php?rest_route=\/wp\/v2\/users\/1"}],"replies":[{"embeddable":true,"href":"https:\/\/contadoreshoy.com\/index.php?rest_route=%2Fwp%2Fv2%2Fcomments&post=10041"}],"version-history":[{"count":1,"href":"https:\/\/contadoreshoy.com\/index.php?rest_route=\/wp\/v2\/posts\/10041\/revisions"}],"predecessor-version":[{"id":10043,"href":"https:\/\/contadoreshoy.com\/index.php?rest_route=\/wp\/v2\/posts\/10041\/revisions\/10043"}],"wp:featuredmedia":[{"embeddable":true,"href":"https:\/\/contadoreshoy.com\/index.php?rest_route=\/wp\/v2\/media\/10042"}],"wp:attachment":[{"href":"https:\/\/contadoreshoy.com\/index.php?rest_route=%2Fwp%2Fv2%2Fmedia&parent=10041"}],"wp:term":[{"taxonomy":"category","embeddable":true,"href":"https:\/\/contadoreshoy.com\/index.php?rest_route=%2Fwp%2Fv2%2Fcategories&post=10041"},{"taxonomy":"post_tag","embeddable":true,"href":"https:\/\/contadoreshoy.com\/index.php?rest_route=%2Fwp%2Fv2%2Ftags&post=10041"}],"curies":[{"name":"wp","href":"https:\/\/api.w.org\/{rel}","templated":true}]}}