{"id":10060,"date":"2017-09-04T22:59:28","date_gmt":"2017-09-05T03:59:28","guid":{"rendered":"https:\/\/contadoreshoy.com\/?p=10060"},"modified":"2017-09-04T22:59:28","modified_gmt":"2017-09-05T03:59:28","slug":"concepto-dian-exclusion-iva-computacion-la-nube","status":"publish","type":"post","link":"https:\/\/contadoreshoy.com\/?p=10060","title":{"rendered":"Concepto DIAN Exclusi\u00f3n IVA computaci\u00f3n en la nube"},"content":{"rendered":"<p><img loading=\"lazy\" decoding=\"async\" class=\"aligncenter wp-image-10063 size-full\" src=\"https:\/\/contadoreshoy.com\/wp-content\/uploads\/2017\/09\/IVA-computaci\u00f3n-en-la-nube.jpg\" alt=\"\" width=\"800\" height=\"600\" srcset=\"https:\/\/contadoreshoy.com\/wp-content\/uploads\/2017\/09\/IVA-computaci\u00f3n-en-la-nube.jpg 800w, https:\/\/contadoreshoy.com\/wp-content\/uploads\/2017\/09\/IVA-computaci\u00f3n-en-la-nube-600x450.jpg 600w, https:\/\/contadoreshoy.com\/wp-content\/uploads\/2017\/09\/IVA-computaci\u00f3n-en-la-nube-200x150.jpg 200w, https:\/\/contadoreshoy.com\/wp-content\/uploads\/2017\/09\/IVA-computaci\u00f3n-en-la-nube-533x400.jpg 533w, https:\/\/contadoreshoy.com\/wp-content\/uploads\/2017\/09\/IVA-computaci\u00f3n-en-la-nube-768x576.jpg 768w\" sizes=\"auto, (max-width: 800px) 100vw, 800px\" \/><\/p>\n<p style=\"text-align: center;\"><strong>CONCEPTO UNIFICADO DEL NUMERAL 24 DEL ART\u00cdCULO 187 DE LA LEY 1819 DE 2016<\/strong><\/p>\n<p style=\"text-align: justify;\">Para efectos de la exclusi\u00f3n en el servicio de computaci\u00f3n en la nube, prevista en el numeral 24 del art\u00edculo 476 del Estatuto Tributario, ser\u00e1 necesario que el proveedor del servicio cumpla con las cinco caracter\u00edsticas, uno de los modelos de servicio y uno de los modelos de implementaci\u00f3n desarrolladas en los puntos 1 a 4 del presente concepto.<\/p>\n<p style=\"text-align: justify;\"><span style=\"color: #0000ff;\"><strong><span style=\"text-decoration: underline;\">Modelos de servicio:<\/span><\/strong><\/span><\/p>\n<ol style=\"text-align: justify;\">\n<li><span style=\"color: #ff6600;\"><strong>Software como servicio (SAAS)<\/strong><\/span>. La capacidad proporcionada al consumidor es utilizar las aplicaciones del proveedor que se ejecutan en una infraestructura cloud;<\/li>\n<li><strong><span style=\"color: #ff6600;\">Plataforma como servicio (PAAS)<\/span><\/strong>. La capacidad proporcionada al consumidor es desplegar en la infraestructura de nube aplicaciones creadas por el consumidor o adquiridas, utilizando lenguajes de programaci\u00f3n, bibliotecas, servicios y herramientas soportadas por el proveedor;<\/li>\n<li>&nbsp;<span style=\"color: #ff6600;\"><strong>Infraestructura como servicio (IAAS).<\/strong><\/span> La capacidad proporcionada al consumidor es proveer procesamiento, almacenamiento, redes y otros recursos de computaci\u00f3n fundamentales donde el consumidor es capaz de desplegar y ejecutar software arbitrario, que puede incluir sistemas operativos y aplicaciones;<\/li>\n<\/ol>\n<p style=\"text-align: justify;\"><span style=\"text-decoration: underline;\"><strong><span style=\"color: #0000ff; text-decoration: underline;\">Modelos de implementaci\u00f3n<\/span><\/strong><\/span>:<\/p>\n<ol style=\"text-align: justify;\">\n<li><strong><span style=\"color: #ff6600;\">Nube privada (Private cloud)<\/span><\/strong>. La infraestructura de la nube est\u00e1 provista para su uso exclusivo por una \u00fanica organizaci\u00f3n que comprende m\u00faltiples consumidores;<\/li>\n<li><strong><span style=\"color: #ff6600;\">Nube Comunitaria (Community cloud)<\/span><\/strong>. La infraestructura de la nube est\u00e1 provista para uso exclusivo por una comunidad espec\u00edfica de consumidores de organizaciones que tienen preocupaciones compartidas;<\/li>\n<li><strong><span style=\"color: #ff6600;\">Nube p\u00fablica (Public cloud)<\/span><\/strong>. La infraestructura de la nube est\u00e1 provista para uso abierto por el p\u00fablico en general;<\/li>\n<li><strong><span style=\"color: #ff6600;\">Nube h\u00edbrida (Hybrid cloud)<\/span><\/strong>. La infraestructura de la nube es una composici\u00f3n de dos o m\u00e1s infraestructuras de nube distintas (privadas, comunitarias o p\u00fablicas) que siguen siendo entidades \u00fanicas, pero est\u00e1n unidas por una tecnolog\u00eda estandarizada o propietaria que permite la portabilidad de datos y aplicaciones.<\/li>\n<\/ol>\n<p style=\"text-align: justify;\"><span style=\"text-decoration: underline;\"><strong>Los servicios de almacenamiento en la nube (cloud storage) tradicionales o licenciamiento en la nube sin el cumplimiento de las caracter\u00edsticas mencionadas, entre otros, aunque correspondan a servicios \u00abnube\u00bb, no se encuentran cubiertos por la exclusi\u00f3n del impuesto sobre las ventas.<\/strong><\/span><\/p>\n<p style=\"text-align: justify;\"><span style=\"color: #ff6600;\">La exclusi\u00f3n del impuesto sobre las ventas ser\u00e1 efectiva exclusivamente para el proveedor.<\/span><\/p>\n<p style=\"text-align: justify;\"><span style=\"text-decoration: underline;\"><strong>Los proveedores que suministren este tipo de servicio de computaci\u00f3n en la nube, deber\u00e1n tener a consideraci\u00f3n el formato que para el caso expida el MINTIC<\/strong><\/span>, de conformidad con lo se\u00f1alado en el marco de referencia de arquitectura empresarial para la gesti\u00f3n de tecnolog\u00edas de la informaci\u00f3n.<\/p>\n<p>&nbsp;<\/p>\n<p><span style=\"font-size: 14pt;\"><a href=\"http:\/\/www.dian.gov.co\/descargas\/normatividad\/2017\/Conceptos\/Concepto_017056_25_Agosto_2017.pdf\" target=\"_blank\" rel=\"noopener\"><span style=\"color: #0000ff;\"><strong>Para ver concepto dar click aqu\u00ed<\/strong><\/span><\/a><\/span><\/p>\n","protected":false},"excerpt":{"rendered":"<p>CONCEPTO UNIFICADO DEL NUMERAL 24 DEL ART\u00cdCULO 187 DE LA LEY 1819 DE 2016 Para efectos de la exclusi\u00f3n en el servicio de computaci\u00f3n en la nube, prevista en el&#46;&#46;&#46;<\/p>\n","protected":false},"author":1,"featured_media":10063,"comment_status":"closed","ping_status":"open","sticky":false,"template":"","format":"standard","meta":{"_monsterinsights_skip_tracking":false,"ngg_post_thumbnail":0,"footnotes":"","_links_to":"","_links_to_target":""},"categories":[454,458],"tags":[],"class_list":["post-10060","post","type-post","status-publish","format-standard","has-post-thumbnail","hentry","category-sin-categoria","category-ultimas"],"aioseo_notices":[],"aioseo_head":"\n\t\t<!-- All in One SEO 5.0.1.1 - aioseo.com -->\n\t<meta name=\"description\" content=\"CONCEPTO UNIFICADO DEL NUMERAL 24 DEL ART\u00cdCULO 187 DE LA LEY 1819 DE 2016 Para efectos de la exclusi\u00f3n en el servicio de computaci\u00f3n en la nube, prevista en el numeral 24 del art\u00edculo 476 del Estatuto Tributario, ser\u00e1 necesario que el proveedor del servicio cumpla con las cinco caracter\u00edsticas, uno de los modelos de\" \/>\n\t<meta name=\"robots\" content=\"max-image-preview:large\" \/>\n\t<meta name=\"author\" content=\"Miguel Antonio M\u00e1rquez Monta\u00f1ez\"\/>\n\t<link rel=\"canonical\" href=\"https:\/\/contadoreshoy.com\/?p=10060\" \/>\n\t<meta name=\"generator\" content=\"All in One SEO (AIOSEO) 5.0.1.1\" \/>\n\t\t<meta property=\"og:locale\" content=\"es_ES\" \/>\n\t\t<meta property=\"og:site_name\" content=\"Contadores P\u00fablicos - Portal para Contadores P\u00fablicos y empresarios\" \/>\n\t\t<meta property=\"og:type\" content=\"article\" \/>\n\t\t<meta property=\"og:title\" content=\"Concepto DIAN Exclusi\u00f3n IVA computaci\u00f3n en la nube - Contadores P\u00fablicos\" \/>\n\t\t<meta property=\"og:description\" content=\"CONCEPTO UNIFICADO DEL NUMERAL 24 DEL ART\u00cdCULO 187 DE LA LEY 1819 DE 2016 Para efectos de la exclusi\u00f3n en el servicio de computaci\u00f3n en la nube, prevista en el numeral 24 del art\u00edculo 476 del Estatuto Tributario, ser\u00e1 necesario que el proveedor del servicio cumpla con las cinco caracter\u00edsticas, uno de los modelos de\" \/>\n\t\t<meta property=\"og:url\" content=\"https:\/\/contadoreshoy.com\/?p=10060\" \/>\n\t\t<meta property=\"og:image\" content=\"https:\/\/contadoreshoy.com\/wp-content\/uploads\/2024\/01\/cropped-cropped-cropped-Copia-de-M.jpg\" \/>\n\t\t<meta property=\"og:image:secure_url\" content=\"https:\/\/contadoreshoy.com\/wp-content\/uploads\/2024\/01\/cropped-cropped-cropped-Copia-de-M.jpg\" \/>\n\t\t<meta property=\"og:image:width\" content=\"512\" \/>\n\t\t<meta property=\"og:image:height\" content=\"371\" \/>\n\t\t<meta property=\"article:published_time\" content=\"2017-09-05T03:59:28+00:00\" \/>\n\t\t<meta property=\"article:modified_time\" content=\"2017-09-05T03:59:28+00:00\" \/>\n\t\t<meta name=\"twitter:card\" content=\"summary_large_image\" \/>\n\t\t<meta name=\"twitter:title\" content=\"Concepto DIAN Exclusi\u00f3n IVA computaci\u00f3n en la nube - Contadores P\u00fablicos\" \/>\n\t\t<meta name=\"twitter:description\" content=\"CONCEPTO UNIFICADO DEL NUMERAL 24 DEL ART\u00cdCULO 187 DE LA LEY 1819 DE 2016 Para efectos de la exclusi\u00f3n en el servicio de computaci\u00f3n en la nube, prevista en el numeral 24 del art\u00edculo 476 del Estatuto Tributario, ser\u00e1 necesario que el proveedor del servicio cumpla con las cinco caracter\u00edsticas, uno de los modelos de\" \/>\n\t\t<meta name=\"twitter:image\" content=\"https:\/\/contadoreshoy.com\/wp-content\/uploads\/2024\/01\/cropped-cropped-cropped-Copia-de-M.jpg\" \/>\n\t\t<script type=\"application\/ld+json\" class=\"aioseo-schema\">\n\t\t\t{\"@context\":\"https:\\\/\\\/schema.org\",\"@graph\":[{\"@type\":\"BlogPosting\",\"@id\":\"https:\\\/\\\/contadoreshoy.com\\\/?p=10060#blogposting\",\"name\":\"Concepto DIAN Exclusi\\u00f3n IVA computaci\\u00f3n en la nube - Contadores P\\u00fablicos\",\"headline\":\"Concepto DIAN Exclusi\\u00f3n IVA computaci\\u00f3n en la nube\",\"author\":{\"@id\":\"https:\\\/\\\/contadoreshoy.com\\\/?author=1#author\"},\"publisher\":{\"@id\":\"https:\\\/\\\/contadoreshoy.com\\\/#organization\"},\"image\":{\"@type\":\"ImageObject\",\"url\":\"https:\\\/\\\/contadoreshoy.com\\\/wp-content\\\/uploads\\\/2017\\\/09\\\/IVA-computaci\\u00f3n-en-la-nube.jpg\",\"width\":800,\"height\":600},\"datePublished\":\"2017-09-04T22:59:28-05:00\",\"dateModified\":\"2017-09-04T22:59:28-05:00\",\"inLanguage\":\"es-ES\",\"mainEntityOfPage\":{\"@id\":\"https:\\\/\\\/contadoreshoy.com\\\/?p=10060#webpage\"},\"isPartOf\":{\"@id\":\"https:\\\/\\\/contadoreshoy.com\\\/?p=10060#webpage\"},\"articleSection\":\"Sin categor\\u00eda, Ultimas Noticias\"},{\"@type\":\"BreadcrumbList\",\"@id\":\"https:\\\/\\\/contadoreshoy.com\\\/?p=10060#breadcrumblist\",\"itemListElement\":[{\"@type\":\"ListItem\",\"@id\":\"https:\\\/\\\/contadoreshoy.com#listItem\",\"position\":1,\"name\":\"Home\",\"item\":\"https:\\\/\\\/contadoreshoy.com\",\"nextItem\":{\"@type\":\"ListItem\",\"@id\":\"https:\\\/\\\/contadoreshoy.com\\\/?cat=454#listItem\",\"name\":\"Sin categor\\u00eda\"}},{\"@type\":\"ListItem\",\"@id\":\"https:\\\/\\\/contadoreshoy.com\\\/?cat=454#listItem\",\"position\":2,\"name\":\"Sin categor\\u00eda\",\"item\":\"https:\\\/\\\/contadoreshoy.com\\\/?cat=454\",\"nextItem\":{\"@type\":\"ListItem\",\"@id\":\"https:\\\/\\\/contadoreshoy.com\\\/?p=10060#listItem\",\"name\":\"Concepto DIAN Exclusi\\u00f3n IVA computaci\\u00f3n en la nube\"},\"previousItem\":{\"@type\":\"ListItem\",\"@id\":\"https:\\\/\\\/contadoreshoy.com#listItem\",\"name\":\"Home\"}},{\"@type\":\"ListItem\",\"@id\":\"https:\\\/\\\/contadoreshoy.com\\\/?p=10060#listItem\",\"position\":3,\"name\":\"Concepto DIAN Exclusi\\u00f3n IVA computaci\\u00f3n en la nube\",\"previousItem\":{\"@type\":\"ListItem\",\"@id\":\"https:\\\/\\\/contadoreshoy.com\\\/?cat=454#listItem\",\"name\":\"Sin categor\\u00eda\"}}]},{\"@type\":\"Organization\",\"@id\":\"https:\\\/\\\/contadoreshoy.com\\\/#organization\",\"name\":\"Contadores P\\u00fablicos\",\"description\":\"Portal para Contadores P\\u00fablicos y empresarios\",\"url\":\"https:\\\/\\\/contadoreshoy.com\\\/\",\"logo\":{\"@type\":\"ImageObject\",\"url\":\"https:\\\/\\\/contadoreshoy.com\\\/wp-content\\\/uploads\\\/2024\\\/01\\\/cropped-cropped-Copia-de-M-1.jpg\",\"@id\":\"https:\\\/\\\/contadoreshoy.com\\\/?p=10060\\\/#organizationLogo\",\"width\":499,\"height\":500},\"image\":{\"@id\":\"https:\\\/\\\/contadoreshoy.com\\\/?p=10060\\\/#organizationLogo\"}},{\"@type\":\"Person\",\"@id\":\"https:\\\/\\\/contadoreshoy.com\\\/?author=1#author\",\"url\":\"https:\\\/\\\/contadoreshoy.com\\\/?author=1\",\"name\":\"Miguel Antonio M\\u00e1rquez Monta\\u00f1ez\"},{\"@type\":\"WebPage\",\"@id\":\"https:\\\/\\\/contadoreshoy.com\\\/?p=10060#webpage\",\"url\":\"https:\\\/\\\/contadoreshoy.com\\\/?p=10060\",\"name\":\"Concepto DIAN Exclusi\\u00f3n IVA computaci\\u00f3n en la nube - Contadores P\\u00fablicos\",\"description\":\"CONCEPTO UNIFICADO DEL NUMERAL 24 DEL ART\\u00cdCULO 187 DE LA LEY 1819 DE 2016 Para efectos de la exclusi\\u00f3n en el servicio de computaci\\u00f3n en la nube, prevista en el numeral 24 del art\\u00edculo 476 del Estatuto Tributario, ser\\u00e1 necesario que el proveedor del servicio cumpla con las cinco caracter\\u00edsticas, uno de los modelos de\",\"inLanguage\":\"es-ES\",\"isPartOf\":{\"@id\":\"https:\\\/\\\/contadoreshoy.com\\\/#website\"},\"breadcrumb\":{\"@id\":\"https:\\\/\\\/contadoreshoy.com\\\/?p=10060#breadcrumblist\"},\"author\":{\"@id\":\"https:\\\/\\\/contadoreshoy.com\\\/?author=1#author\"},\"creator\":{\"@id\":\"https:\\\/\\\/contadoreshoy.com\\\/?author=1#author\"},\"image\":{\"@type\":\"ImageObject\",\"url\":\"https:\\\/\\\/contadoreshoy.com\\\/wp-content\\\/uploads\\\/2017\\\/09\\\/IVA-computaci\\u00f3n-en-la-nube.jpg\",\"@id\":\"https:\\\/\\\/contadoreshoy.com\\\/?p=10060\\\/#mainImage\",\"width\":800,\"height\":600},\"primaryImageOfPage\":{\"@id\":\"https:\\\/\\\/contadoreshoy.com\\\/?p=10060#mainImage\"},\"datePublished\":\"2017-09-04T22:59:28-05:00\",\"dateModified\":\"2017-09-04T22:59:28-05:00\"},{\"@type\":\"WebSite\",\"@id\":\"https:\\\/\\\/contadoreshoy.com\\\/#website\",\"url\":\"https:\\\/\\\/contadoreshoy.com\\\/\",\"name\":\"Contadores P\\u00fablicos\",\"description\":\"Portal para Contadores P\\u00fablicos y empresarios\",\"inLanguage\":\"es-ES\",\"publisher\":{\"@id\":\"https:\\\/\\\/contadoreshoy.com\\\/#organization\"}}]}\n\t\t<\/script>\n\t\t<!-- All in One SEO -->\n\n","aioseo_head_json":{"title":"Concepto DIAN Exclusi\u00f3n IVA computaci\u00f3n en la nube - Contadores P\u00fablicos","description":"CONCEPTO UNIFICADO DEL NUMERAL 24 DEL ART\u00cdCULO 187 DE LA LEY 1819 DE 2016 Para efectos de la exclusi\u00f3n en el servicio de computaci\u00f3n en la nube, prevista en el numeral 24 del art\u00edculo 476 del Estatuto Tributario, ser\u00e1 necesario que el proveedor del servicio cumpla con las cinco caracter\u00edsticas, uno de los modelos de","canonical_url":"https:\/\/contadoreshoy.com\/?p=10060","robots":"max-image-preview:large","keywords":"","webmasterTools":{"miscellaneous":""},"schema":{"@context":"https:\/\/schema.org","@graph":[{"@type":"BlogPosting","@id":"https:\/\/contadoreshoy.com\/?p=10060#blogposting","name":"Concepto DIAN Exclusi\u00f3n IVA computaci\u00f3n en la nube - Contadores P\u00fablicos","headline":"Concepto DIAN Exclusi\u00f3n IVA computaci\u00f3n en la nube","author":{"@id":"https:\/\/contadoreshoy.com\/?author=1#author"},"publisher":{"@id":"https:\/\/contadoreshoy.com\/#organization"},"image":{"@type":"ImageObject","url":"https:\/\/contadoreshoy.com\/wp-content\/uploads\/2017\/09\/IVA-computaci\u00f3n-en-la-nube.jpg","width":800,"height":600},"datePublished":"2017-09-04T22:59:28-05:00","dateModified":"2017-09-04T22:59:28-05:00","inLanguage":"es-ES","mainEntityOfPage":{"@id":"https:\/\/contadoreshoy.com\/?p=10060#webpage"},"isPartOf":{"@id":"https:\/\/contadoreshoy.com\/?p=10060#webpage"},"articleSection":"Sin categor\u00eda, Ultimas Noticias"},{"@type":"BreadcrumbList","@id":"https:\/\/contadoreshoy.com\/?p=10060#breadcrumblist","itemListElement":[{"@type":"ListItem","@id":"https:\/\/contadoreshoy.com#listItem","position":1,"name":"Home","item":"https:\/\/contadoreshoy.com","nextItem":{"@type":"ListItem","@id":"https:\/\/contadoreshoy.com\/?cat=454#listItem","name":"Sin categor\u00eda"}},{"@type":"ListItem","@id":"https:\/\/contadoreshoy.com\/?cat=454#listItem","position":2,"name":"Sin categor\u00eda","item":"https:\/\/contadoreshoy.com\/?cat=454","nextItem":{"@type":"ListItem","@id":"https:\/\/contadoreshoy.com\/?p=10060#listItem","name":"Concepto DIAN Exclusi\u00f3n IVA computaci\u00f3n en la nube"},"previousItem":{"@type":"ListItem","@id":"https:\/\/contadoreshoy.com#listItem","name":"Home"}},{"@type":"ListItem","@id":"https:\/\/contadoreshoy.com\/?p=10060#listItem","position":3,"name":"Concepto DIAN Exclusi\u00f3n IVA computaci\u00f3n en la nube","previousItem":{"@type":"ListItem","@id":"https:\/\/contadoreshoy.com\/?cat=454#listItem","name":"Sin categor\u00eda"}}]},{"@type":"Organization","@id":"https:\/\/contadoreshoy.com\/#organization","name":"Contadores P\u00fablicos","description":"Portal para Contadores P\u00fablicos y empresarios","url":"https:\/\/contadoreshoy.com\/","logo":{"@type":"ImageObject","url":"https:\/\/contadoreshoy.com\/wp-content\/uploads\/2024\/01\/cropped-cropped-Copia-de-M-1.jpg","@id":"https:\/\/contadoreshoy.com\/?p=10060\/#organizationLogo","width":499,"height":500},"image":{"@id":"https:\/\/contadoreshoy.com\/?p=10060\/#organizationLogo"}},{"@type":"Person","@id":"https:\/\/contadoreshoy.com\/?author=1#author","url":"https:\/\/contadoreshoy.com\/?author=1","name":"Miguel Antonio M\u00e1rquez Monta\u00f1ez"},{"@type":"WebPage","@id":"https:\/\/contadoreshoy.com\/?p=10060#webpage","url":"https:\/\/contadoreshoy.com\/?p=10060","name":"Concepto DIAN Exclusi\u00f3n IVA computaci\u00f3n en la nube - Contadores P\u00fablicos","description":"CONCEPTO UNIFICADO DEL NUMERAL 24 DEL ART\u00cdCULO 187 DE LA LEY 1819 DE 2016 Para efectos de la exclusi\u00f3n en el servicio de computaci\u00f3n en la nube, prevista en el numeral 24 del art\u00edculo 476 del Estatuto Tributario, ser\u00e1 necesario que el proveedor del servicio cumpla con las cinco caracter\u00edsticas, uno de los modelos de","inLanguage":"es-ES","isPartOf":{"@id":"https:\/\/contadoreshoy.com\/#website"},"breadcrumb":{"@id":"https:\/\/contadoreshoy.com\/?p=10060#breadcrumblist"},"author":{"@id":"https:\/\/contadoreshoy.com\/?author=1#author"},"creator":{"@id":"https:\/\/contadoreshoy.com\/?author=1#author"},"image":{"@type":"ImageObject","url":"https:\/\/contadoreshoy.com\/wp-content\/uploads\/2017\/09\/IVA-computaci\u00f3n-en-la-nube.jpg","@id":"https:\/\/contadoreshoy.com\/?p=10060\/#mainImage","width":800,"height":600},"primaryImageOfPage":{"@id":"https:\/\/contadoreshoy.com\/?p=10060#mainImage"},"datePublished":"2017-09-04T22:59:28-05:00","dateModified":"2017-09-04T22:59:28-05:00"},{"@type":"WebSite","@id":"https:\/\/contadoreshoy.com\/#website","url":"https:\/\/contadoreshoy.com\/","name":"Contadores P\u00fablicos","description":"Portal para Contadores P\u00fablicos y empresarios","inLanguage":"es-ES","publisher":{"@id":"https:\/\/contadoreshoy.com\/#organization"}}]},"og:locale":"es_ES","og:site_name":"Contadores P\u00fablicos - Portal para Contadores P\u00fablicos y empresarios","og:type":"article","og:title":"Concepto DIAN Exclusi\u00f3n IVA computaci\u00f3n en la nube - Contadores P\u00fablicos","og:description":"CONCEPTO UNIFICADO DEL NUMERAL 24 DEL ART\u00cdCULO 187 DE LA LEY 1819 DE 2016 Para efectos de la exclusi\u00f3n en el servicio de computaci\u00f3n en la nube, prevista en el numeral 24 del art\u00edculo 476 del Estatuto Tributario, ser\u00e1 necesario que el proveedor del servicio cumpla con las cinco caracter\u00edsticas, uno de los modelos de","og:url":"https:\/\/contadoreshoy.com\/?p=10060","og:image":"https:\/\/contadoreshoy.com\/wp-content\/uploads\/2024\/01\/cropped-cropped-cropped-Copia-de-M.jpg","og:image:secure_url":"https:\/\/contadoreshoy.com\/wp-content\/uploads\/2024\/01\/cropped-cropped-cropped-Copia-de-M.jpg","og:image:width":512,"og:image:height":371,"article:published_time":"2017-09-05T03:59:28+00:00","article:modified_time":"2017-09-05T03:59:28+00:00","twitter:card":"summary_large_image","twitter:title":"Concepto DIAN Exclusi\u00f3n IVA computaci\u00f3n en la nube - Contadores P\u00fablicos","twitter:description":"CONCEPTO UNIFICADO DEL NUMERAL 24 DEL ART\u00cdCULO 187 DE LA LEY 1819 DE 2016 Para efectos de la exclusi\u00f3n en el servicio de computaci\u00f3n en la nube, prevista en el numeral 24 del art\u00edculo 476 del Estatuto Tributario, ser\u00e1 necesario que el proveedor del servicio cumpla con las cinco caracter\u00edsticas, uno de los modelos de","twitter:image":"https:\/\/contadoreshoy.com\/wp-content\/uploads\/2024\/01\/cropped-cropped-cropped-Copia-de-M.jpg"},"aioseo_meta_data":{"post_id":"10060","title":null,"description":null,"keywords":null,"keyphrases":null,"primary_term":null,"canonical_url":null,"og_title":null,"og_description":null,"og_object_type":"default","og_image_type":"default","og_image_url":null,"og_image_width":null,"og_image_height":null,"og_image_custom_url":null,"og_image_custom_fields":null,"og_video":null,"og_custom_url":null,"og_article_section":null,"og_article_tags":null,"twitter_use_og":false,"twitter_card":"default","twitter_image_type":"default","twitter_image_url":null,"twitter_image_custom_url":null,"twitter_image_custom_fields":null,"twitter_title":null,"twitter_description":null,"schema":{"blockGraphs":[],"customGraphs":[],"default":{"data":{"Article":[],"Course":[],"Dataset":[],"FAQPage":[],"Movie":[],"Person":[],"Product":[],"ProductReview":[],"Car":[],"Recipe":[],"Service":[],"SoftwareApplication":[],"WebPage":[]},"graphName":"","isEnabled":true},"graphs":[]},"schema_type":"default","schema_type_options":null,"pillar_content":false,"robots_default":true,"robots_noindex":false,"robots_noarchive":false,"robots_nosnippet":false,"robots_nofollow":false,"robots_noimageindex":false,"robots_noodp":false,"robots_notranslate":false,"robots_max_snippet":null,"robots_max_videopreview":null,"robots_max_imagepreview":"large","priority":null,"frequency":null,"local_seo":null,"breadcrumb_settings":null,"limit_modified_date":false,"ai":null,"created":"2024-03-05 01:50:54","updated":"2026-03-03 05:05:06","seo_analyzer_scan_date":null,"focus_keyword":null,"additional_keywords":null,"truseo_locale":null},"aioseo_breadcrumb":"<div class=\"aioseo-breadcrumbs\"><span class=\"aioseo-breadcrumb\">\n\t\t\t<a href=\"https:\/\/contadoreshoy.com\" title=\"Home\">Home<\/a>\n\t\t<\/span><span class=\"aioseo-breadcrumb-separator\">&raquo;<\/span><span class=\"aioseo-breadcrumb\">\n\t\t\t<a href=\"https:\/\/contadoreshoy.com\/?cat=454\" title=\"Sin categor\u00eda\">Sin categor\u00eda<\/a>\n\t\t<\/span><span class=\"aioseo-breadcrumb-separator\">&raquo;<\/span><span class=\"aioseo-breadcrumb\">\n\t\t\tConcepto DIAN Exclusi\u00f3n IVA computaci\u00f3n en la nube\n\t\t<\/span><\/div>","aioseo_breadcrumb_json":[{"label":"Home","link":"https:\/\/contadoreshoy.com"},{"label":"Sin categor\u00eda","link":"https:\/\/contadoreshoy.com\/?cat=454"},{"label":"Concepto DIAN Exclusi\u00f3n IVA computaci\u00f3n en la nube","link":"https:\/\/contadoreshoy.com\/?p=10060"}],"yoast_head":"<!-- This site is optimized with the Yoast SEO plugin v28.4 - https:\/\/yoast.com\/product\/yoast-seo-wordpress\/ -->\n<title>Concepto DIAN Exclusi\u00f3n IVA computaci\u00f3n en la nube - Contadores P\u00fablicos<\/title>\n<meta name=\"robots\" content=\"index, follow, max-snippet:-1, max-image-preview:large, max-video-preview:-1\" \/>\n<link rel=\"canonical\" href=\"https:\/\/contadoreshoy.com\/?p=10060\" \/>\n<meta property=\"og:locale\" content=\"es_ES\" \/>\n<meta property=\"og:type\" content=\"article\" \/>\n<meta property=\"og:title\" content=\"Concepto DIAN Exclusi\u00f3n IVA computaci\u00f3n en la nube - Contadores P\u00fablicos\" \/>\n<meta property=\"og:description\" content=\"CONCEPTO UNIFICADO DEL NUMERAL 24 DEL ART\u00cdCULO 187 DE LA LEY 1819 DE 2016 Para efectos de la exclusi\u00f3n en el servicio de computaci\u00f3n en la nube, prevista en el&#046;&#046;&#046;\" \/>\n<meta property=\"og:url\" content=\"https:\/\/contadoreshoy.com\/?p=10060\" \/>\n<meta property=\"og:site_name\" content=\"Contadores P\u00fablicos\" \/>\n<meta property=\"article:publisher\" content=\"https:\/\/www.facebook.com\/CCCPBucaramanga\/\" \/>\n<meta property=\"article:published_time\" content=\"2017-09-05T03:59:28+00:00\" \/>\n<meta property=\"og:image\" content=\"https:\/\/contadoreshoy.com\/wp-content\/uploads\/2017\/09\/IVA-computaci\u00f3n-en-la-nube.jpg\" \/>\n\t<meta property=\"og:image:width\" content=\"800\" \/>\n\t<meta property=\"og:image:height\" content=\"600\" \/>\n\t<meta property=\"og:image:type\" content=\"image\/jpeg\" \/>\n<meta name=\"author\" content=\"Miguel Antonio M\u00e1rquez Monta\u00f1ez\" \/>\n<meta name=\"twitter:card\" content=\"summary_large_image\" \/>\n<meta name=\"twitter:label1\" content=\"Escrito por\" \/>\n\t<meta name=\"twitter:data1\" content=\"Miguel Antonio M\u00e1rquez Monta\u00f1ez\" \/>\n\t<meta name=\"twitter:label2\" content=\"Tiempo de lectura\" \/>\n\t<meta name=\"twitter:data2\" content=\"2 minutos\" \/>\n<script type=\"application\/ld+json\" class=\"yoast-schema-graph\">{\"@context\":\"https:\\\/\\\/schema.org\",\"@graph\":[{\"@type\":\"Article\",\"@id\":\"https:\\\/\\\/contadoreshoy.com\\\/?p=10060#article\",\"isPartOf\":{\"@id\":\"https:\\\/\\\/contadoreshoy.com\\\/?p=10060\"},\"author\":{\"name\":\"Miguel Antonio M\u00e1rquez Monta\u00f1ez\",\"@id\":\"https:\\\/\\\/contadoreshoy.com\\\/#\\\/schema\\\/person\\\/96d8979cb865537c5dc9345e40089fc5\"},\"headline\":\"Concepto DIAN Exclusi\u00f3n IVA computaci\u00f3n en la nube\",\"datePublished\":\"2017-09-05T03:59:28+00:00\",\"mainEntityOfPage\":{\"@id\":\"https:\\\/\\\/contadoreshoy.com\\\/?p=10060\"},\"wordCount\":429,\"publisher\":{\"@id\":\"https:\\\/\\\/contadoreshoy.com\\\/#organization\"},\"image\":{\"@id\":\"https:\\\/\\\/contadoreshoy.com\\\/?p=10060#primaryimage\"},\"thumbnailUrl\":\"https:\\\/\\\/contadoreshoy.com\\\/wp-content\\\/uploads\\\/2017\\\/09\\\/IVA-computaci\u00f3n-en-la-nube.jpg\",\"articleSection\":{\"1\":\"Ultimas Noticias\"},\"inLanguage\":\"es\"},{\"@type\":\"WebPage\",\"@id\":\"https:\\\/\\\/contadoreshoy.com\\\/?p=10060\",\"url\":\"https:\\\/\\\/contadoreshoy.com\\\/?p=10060\",\"name\":\"Concepto DIAN Exclusi\u00f3n IVA computaci\u00f3n en la nube - Contadores P\u00fablicos\",\"isPartOf\":{\"@id\":\"https:\\\/\\\/contadoreshoy.com\\\/#website\"},\"primaryImageOfPage\":{\"@id\":\"https:\\\/\\\/contadoreshoy.com\\\/?p=10060#primaryimage\"},\"image\":{\"@id\":\"https:\\\/\\\/contadoreshoy.com\\\/?p=10060#primaryimage\"},\"thumbnailUrl\":\"https:\\\/\\\/contadoreshoy.com\\\/wp-content\\\/uploads\\\/2017\\\/09\\\/IVA-computaci\u00f3n-en-la-nube.jpg\",\"datePublished\":\"2017-09-05T03:59:28+00:00\",\"breadcrumb\":{\"@id\":\"https:\\\/\\\/contadoreshoy.com\\\/?p=10060#breadcrumb\"},\"inLanguage\":\"es\",\"potentialAction\":[{\"@type\":\"ReadAction\",\"target\":[\"https:\\\/\\\/contadoreshoy.com\\\/?p=10060\"]}]},{\"@type\":\"ImageObject\",\"inLanguage\":\"es\",\"@id\":\"https:\\\/\\\/contadoreshoy.com\\\/?p=10060#primaryimage\",\"url\":\"https:\\\/\\\/contadoreshoy.com\\\/wp-content\\\/uploads\\\/2017\\\/09\\\/IVA-computaci\u00f3n-en-la-nube.jpg\",\"contentUrl\":\"https:\\\/\\\/contadoreshoy.com\\\/wp-content\\\/uploads\\\/2017\\\/09\\\/IVA-computaci\u00f3n-en-la-nube.jpg\",\"width\":800,\"height\":600},{\"@type\":\"BreadcrumbList\",\"@id\":\"https:\\\/\\\/contadoreshoy.com\\\/?p=10060#breadcrumb\",\"itemListElement\":[{\"@type\":\"ListItem\",\"position\":1,\"name\":\"Portada\",\"item\":\"https:\\\/\\\/contadoreshoy.com\\\/\"},{\"@type\":\"ListItem\",\"position\":2,\"name\":\"Concepto DIAN Exclusi\u00f3n IVA computaci\u00f3n en la nube\"}]},{\"@type\":\"WebSite\",\"@id\":\"https:\\\/\\\/contadoreshoy.com\\\/#website\",\"url\":\"https:\\\/\\\/contadoreshoy.com\\\/\",\"name\":\"Contadorespublicossantander\",\"description\":\"Portal para Contadores P\u00fablicos y empresarios\",\"publisher\":{\"@id\":\"https:\\\/\\\/contadoreshoy.com\\\/#organization\"},\"potentialAction\":[{\"@type\":\"SearchAction\",\"target\":{\"@type\":\"EntryPoint\",\"urlTemplate\":\"https:\\\/\\\/contadoreshoy.com\\\/?s={search_term_string}\"},\"query-input\":{\"@type\":\"PropertyValueSpecification\",\"valueRequired\":true,\"valueName\":\"search_term_string\"}}],\"inLanguage\":\"es\"},{\"@type\":\"Organization\",\"@id\":\"https:\\\/\\\/contadoreshoy.com\\\/#organization\",\"name\":\"Contadores P\u00fablicos de Santander\",\"url\":\"https:\\\/\\\/contadoreshoy.com\\\/\",\"logo\":{\"@type\":\"ImageObject\",\"inLanguage\":\"es\",\"@id\":\"https:\\\/\\\/contadoreshoy.com\\\/#\\\/schema\\\/logo\\\/image\\\/\",\"url\":\"https:\\\/\\\/contadoreshoy.com\\\/wp-content\\\/uploads\\\/2024\\\/01\\\/cropped-cropped-Copia-de-M-1.jpg\",\"contentUrl\":\"https:\\\/\\\/contadoreshoy.com\\\/wp-content\\\/uploads\\\/2024\\\/01\\\/cropped-cropped-Copia-de-M-1.jpg\",\"width\":499,\"height\":500,\"caption\":\"Contadores P\u00fablicos de Santander\"},\"image\":{\"@id\":\"https:\\\/\\\/contadoreshoy.com\\\/#\\\/schema\\\/logo\\\/image\\\/\"},\"sameAs\":[\"https:\\\/\\\/www.facebook.com\\\/CCCPBucaramanga\\\/\"]},{\"@type\":\"Person\",\"@id\":\"https:\\\/\\\/contadoreshoy.com\\\/#\\\/schema\\\/person\\\/96d8979cb865537c5dc9345e40089fc5\",\"name\":\"Miguel Antonio M\u00e1rquez Monta\u00f1ez\",\"description\":\"Contador P\u00fablico egresado de la Universidad Aut\u00f3noma de Bucaramanga - Asesor contable tributario con m\u00e1s de 25 a\u00f1os de experiencia - Conferencista en temas contables y tributarios - T\u00e9cnico en Hardware y Dise\u00f1o Web - Creador y director Grupo de Estudio Colegio Colombiano de Contadores P\u00fablicos de Bucaramanga - Creador y Master Web p\u00e1gina www.contadoresp\u00fablicossantander.com - Expresidente Colegio Colombiano de Contadores P\u00fablicos Bucaramanga\",\"url\":\"https:\\\/\\\/contadoreshoy.com\\\/?author=1\"}]}<\/script>\n<!-- \/ Yoast SEO plugin. -->","yoast_head_json":{"title":"Concepto DIAN Exclusi\u00f3n IVA computaci\u00f3n en la nube - Contadores P\u00fablicos","robots":{"index":"index","follow":"follow","max-snippet":"max-snippet:-1","max-image-preview":"max-image-preview:large","max-video-preview":"max-video-preview:-1"},"canonical":"https:\/\/contadoreshoy.com\/?p=10060","og_locale":"es_ES","og_type":"article","og_title":"Concepto DIAN Exclusi\u00f3n IVA computaci\u00f3n en la nube - Contadores P\u00fablicos","og_description":"CONCEPTO UNIFICADO DEL NUMERAL 24 DEL ART\u00cdCULO 187 DE LA LEY 1819 DE 2016 Para efectos de la exclusi\u00f3n en el servicio de computaci\u00f3n en la nube, prevista en el&#46;&#46;&#46;","og_url":"https:\/\/contadoreshoy.com\/?p=10060","og_site_name":"Contadores P\u00fablicos","article_publisher":"https:\/\/www.facebook.com\/CCCPBucaramanga\/","article_published_time":"2017-09-05T03:59:28+00:00","og_image":[{"width":800,"height":600,"url":"https:\/\/contadoreshoy.com\/wp-content\/uploads\/2017\/09\/IVA-computaci\u00f3n-en-la-nube.jpg","type":"image\/jpeg"}],"author":"Miguel Antonio M\u00e1rquez Monta\u00f1ez","twitter_card":"summary_large_image","twitter_misc":{"Escrito por":"Miguel Antonio M\u00e1rquez Monta\u00f1ez","Tiempo de lectura":"2 minutos"},"schema":{"@context":"https:\/\/schema.org","@graph":[{"@type":"Article","@id":"https:\/\/contadoreshoy.com\/?p=10060#article","isPartOf":{"@id":"https:\/\/contadoreshoy.com\/?p=10060"},"author":{"name":"Miguel Antonio M\u00e1rquez Monta\u00f1ez","@id":"https:\/\/contadoreshoy.com\/#\/schema\/person\/96d8979cb865537c5dc9345e40089fc5"},"headline":"Concepto DIAN Exclusi\u00f3n IVA computaci\u00f3n en la nube","datePublished":"2017-09-05T03:59:28+00:00","mainEntityOfPage":{"@id":"https:\/\/contadoreshoy.com\/?p=10060"},"wordCount":429,"publisher":{"@id":"https:\/\/contadoreshoy.com\/#organization"},"image":{"@id":"https:\/\/contadoreshoy.com\/?p=10060#primaryimage"},"thumbnailUrl":"https:\/\/contadoreshoy.com\/wp-content\/uploads\/2017\/09\/IVA-computaci\u00f3n-en-la-nube.jpg","articleSection":{"1":"Ultimas Noticias"},"inLanguage":"es"},{"@type":"WebPage","@id":"https:\/\/contadoreshoy.com\/?p=10060","url":"https:\/\/contadoreshoy.com\/?p=10060","name":"Concepto DIAN Exclusi\u00f3n IVA computaci\u00f3n en la nube - Contadores P\u00fablicos","isPartOf":{"@id":"https:\/\/contadoreshoy.com\/#website"},"primaryImageOfPage":{"@id":"https:\/\/contadoreshoy.com\/?p=10060#primaryimage"},"image":{"@id":"https:\/\/contadoreshoy.com\/?p=10060#primaryimage"},"thumbnailUrl":"https:\/\/contadoreshoy.com\/wp-content\/uploads\/2017\/09\/IVA-computaci\u00f3n-en-la-nube.jpg","datePublished":"2017-09-05T03:59:28+00:00","breadcrumb":{"@id":"https:\/\/contadoreshoy.com\/?p=10060#breadcrumb"},"inLanguage":"es","potentialAction":[{"@type":"ReadAction","target":["https:\/\/contadoreshoy.com\/?p=10060"]}]},{"@type":"ImageObject","inLanguage":"es","@id":"https:\/\/contadoreshoy.com\/?p=10060#primaryimage","url":"https:\/\/contadoreshoy.com\/wp-content\/uploads\/2017\/09\/IVA-computaci\u00f3n-en-la-nube.jpg","contentUrl":"https:\/\/contadoreshoy.com\/wp-content\/uploads\/2017\/09\/IVA-computaci\u00f3n-en-la-nube.jpg","width":800,"height":600},{"@type":"BreadcrumbList","@id":"https:\/\/contadoreshoy.com\/?p=10060#breadcrumb","itemListElement":[{"@type":"ListItem","position":1,"name":"Portada","item":"https:\/\/contadoreshoy.com\/"},{"@type":"ListItem","position":2,"name":"Concepto DIAN Exclusi\u00f3n IVA computaci\u00f3n en la nube"}]},{"@type":"WebSite","@id":"https:\/\/contadoreshoy.com\/#website","url":"https:\/\/contadoreshoy.com\/","name":"Contadorespublicossantander","description":"Portal para Contadores P\u00fablicos y empresarios","publisher":{"@id":"https:\/\/contadoreshoy.com\/#organization"},"potentialAction":[{"@type":"SearchAction","target":{"@type":"EntryPoint","urlTemplate":"https:\/\/contadoreshoy.com\/?s={search_term_string}"},"query-input":{"@type":"PropertyValueSpecification","valueRequired":true,"valueName":"search_term_string"}}],"inLanguage":"es"},{"@type":"Organization","@id":"https:\/\/contadoreshoy.com\/#organization","name":"Contadores P\u00fablicos de Santander","url":"https:\/\/contadoreshoy.com\/","logo":{"@type":"ImageObject","inLanguage":"es","@id":"https:\/\/contadoreshoy.com\/#\/schema\/logo\/image\/","url":"https:\/\/contadoreshoy.com\/wp-content\/uploads\/2024\/01\/cropped-cropped-Copia-de-M-1.jpg","contentUrl":"https:\/\/contadoreshoy.com\/wp-content\/uploads\/2024\/01\/cropped-cropped-Copia-de-M-1.jpg","width":499,"height":500,"caption":"Contadores P\u00fablicos de Santander"},"image":{"@id":"https:\/\/contadoreshoy.com\/#\/schema\/logo\/image\/"},"sameAs":["https:\/\/www.facebook.com\/CCCPBucaramanga\/"]},{"@type":"Person","@id":"https:\/\/contadoreshoy.com\/#\/schema\/person\/96d8979cb865537c5dc9345e40089fc5","name":"Miguel Antonio M\u00e1rquez Monta\u00f1ez","description":"Contador P\u00fablico egresado de la Universidad Aut\u00f3noma de Bucaramanga - Asesor contable tributario con m\u00e1s de 25 a\u00f1os de experiencia - Conferencista en temas contables y tributarios - T\u00e9cnico en Hardware y Dise\u00f1o Web - Creador y director Grupo de Estudio Colegio Colombiano de Contadores P\u00fablicos de Bucaramanga - Creador y Master Web p\u00e1gina www.contadoresp\u00fablicossantander.com - Expresidente Colegio Colombiano de Contadores P\u00fablicos Bucaramanga","url":"https:\/\/contadoreshoy.com\/?author=1"}]}},"_links":{"self":[{"href":"https:\/\/contadoreshoy.com\/index.php?rest_route=\/wp\/v2\/posts\/10060","targetHints":{"allow":["GET"]}}],"collection":[{"href":"https:\/\/contadoreshoy.com\/index.php?rest_route=\/wp\/v2\/posts"}],"about":[{"href":"https:\/\/contadoreshoy.com\/index.php?rest_route=\/wp\/v2\/types\/post"}],"author":[{"embeddable":true,"href":"https:\/\/contadoreshoy.com\/index.php?rest_route=\/wp\/v2\/users\/1"}],"replies":[{"embeddable":true,"href":"https:\/\/contadoreshoy.com\/index.php?rest_route=%2Fwp%2Fv2%2Fcomments&post=10060"}],"version-history":[{"count":3,"href":"https:\/\/contadoreshoy.com\/index.php?rest_route=\/wp\/v2\/posts\/10060\/revisions"}],"predecessor-version":[{"id":10064,"href":"https:\/\/contadoreshoy.com\/index.php?rest_route=\/wp\/v2\/posts\/10060\/revisions\/10064"}],"wp:featuredmedia":[{"embeddable":true,"href":"https:\/\/contadoreshoy.com\/index.php?rest_route=\/wp\/v2\/media\/10063"}],"wp:attachment":[{"href":"https:\/\/contadoreshoy.com\/index.php?rest_route=%2Fwp%2Fv2%2Fmedia&parent=10060"}],"wp:term":[{"taxonomy":"category","embeddable":true,"href":"https:\/\/contadoreshoy.com\/index.php?rest_route=%2Fwp%2Fv2%2Fcategories&post=10060"},{"taxonomy":"post_tag","embeddable":true,"href":"https:\/\/contadoreshoy.com\/index.php?rest_route=%2Fwp%2Fv2%2Ftags&post=10060"}],"curies":[{"name":"wp","href":"https:\/\/api.w.org\/{rel}","templated":true}]}}