{"id":10092,"date":"2017-09-13T20:51:58","date_gmt":"2017-09-14T01:51:58","guid":{"rendered":"https:\/\/contadoreshoy.com\/?p=10092"},"modified":"2017-09-13T20:51:58","modified_gmt":"2017-09-14T01:51:58","slug":"circular-021-agosto-02-2017-asignacion-certificado-firma-digital","status":"publish","type":"post","link":"https:\/\/contadoreshoy.com\/?p=10092","title":{"rendered":"Circular 021 agosto 02 de 2017 &#8211; Asignaci\u00f3n certificado de Firma Digital"},"content":{"rendered":"<p style=\"text-align: center;\"><strong>CIRCULAR N\u00daMERO 021 DE AGOSTO 02 DE 2017<\/strong><\/p>\n<p style=\"text-align: center;\"><strong>MINISTERIO DE COMERCIO, INDUSTRIA Y TURISMO<\/strong><\/p>\n<p>&nbsp;<\/p>\n<p style=\"text-align: justify;\"><strong><span style=\"color: #0000ff;\">Se informan los par\u00e1metros<span style=\"text-decoration: underline; color: #ff0000;\"> para la asignaci\u00f3n de certificados de firmas digitales<\/span> a los usuarios registrados y a los nuevos usuarios que realicen tr\u00e1mites ante la ventanilla \u00fanica de comercio exterior (VUCE).<\/span><\/strong><\/p>\n<p style=\"text-align: justify;\">El Ministerio de Comercio, Industria y Turismo cuenta con 1332 certificados de firma digital que ser\u00e1n asignados as\u00ed:<\/p>\n<table style=\"height: 177px; width: 495px;\">\n<tbody>\n<tr>\n<td style=\"width: 369.25px; text-align: center;\"><strong>Per\u00edodo de asignaci\u00f3n<\/strong><\/td>\n<td style=\"width: 107.75px; text-align: center;\"><strong>Cantidad a asignar<\/strong><\/td>\n<\/tr>\n<tr>\n<td style=\"width: 369.25px;\">8 de agosto al 30 de septiembre de 2017<\/td>\n<td style=\"width: 107.75px; text-align: center;\">432<\/td>\n<\/tr>\n<tr>\n<td style=\"width: 369.25px;\">15 de octubre a 30 de noviembre de 2017<\/td>\n<td style=\"width: 107.75px; text-align: center;\">300<\/td>\n<\/tr>\n<tr>\n<td style=\"width: 369.25px;\">15 de diciembre 2017 a 30 de enero de 2018<\/td>\n<td style=\"width: 107.75px; text-align: center;\">200<\/td>\n<\/tr>\n<tr>\n<td style=\"width: 369.25px;\">15 de febrero a 30 de marzo de 2018<\/td>\n<td style=\"width: 107.75px; text-align: center;\">200<\/td>\n<\/tr>\n<tr>\n<td style=\"width: 369.25px;\">15 de abril al 31 de mayo de 2018<\/td>\n<td style=\"width: 107.75px; text-align: center;\">200<\/td>\n<\/tr>\n<\/tbody>\n<\/table>\n<p>&nbsp;<\/p>\n<p><span style=\"font-size: 14pt;\"><a href=\"http:\/\/www.mincit.gov.co\/loader.php?lServicio=Documentos&amp;lFuncion=verPdf&amp;id=5167&amp;name=CIRCULAR_021.pdf\" target=\"_blank\" rel=\"noopener\"><strong>Para ver circular 021 de agosto 02 de 2017, dar click aqu\u00ed:<\/strong><\/a><\/span><\/p>\n","protected":false},"excerpt":{"rendered":"<p>CIRCULAR N\u00daMERO 021 DE AGOSTO 02 DE 2017 MINISTERIO DE COMERCIO, INDUSTRIA Y TURISMO &nbsp; Se informan los par\u00e1metros para la asignaci\u00f3n de certificados de firmas digitales a los usuarios&#46;&#46;&#46;<\/p>\n","protected":false},"author":1,"featured_media":10093,"comment_status":"closed","ping_status":"open","sticky":false,"template":"","format":"standard","meta":{"_monsterinsights_skip_tracking":false,"ngg_post_thumbnail":0,"footnotes":"","_links_to":"","_links_to_target":""},"categories":[454,1],"tags":[],"class_list":["post-10092","post","type-post","status-publish","format-standard","has-post-thumbnail","hentry","category-sin-categoria","category-uncategorized"],"aioseo_notices":[],"aioseo_head":"\n\t\t<!-- All in One SEO 5.0.1.1 - aioseo.com -->\n\t<meta name=\"description\" content=\"CIRCULAR N\u00daMERO 021 DE AGOSTO 02 DE 2017 MINISTERIO DE COMERCIO, INDUSTRIA Y TURISMO Se informan los par\u00e1metros para la asignaci\u00f3n de certificados de firmas digitales a los usuarios registrados y a los nuevos usuarios que realicen tr\u00e1mites ante la ventanilla \u00fanica de comercio exterior (VUCE). El Ministerio de Comercio, Industria y Turismo cuenta\" \/>\n\t<meta name=\"robots\" content=\"max-image-preview:large\" \/>\n\t<meta name=\"author\" content=\"Miguel Antonio M\u00e1rquez Monta\u00f1ez\"\/>\n\t<link rel=\"canonical\" href=\"https:\/\/contadoreshoy.com\/?p=10092\" \/>\n\t<meta name=\"generator\" content=\"All in One SEO (AIOSEO) 5.0.1.1\" \/>\n\t\t<meta property=\"og:locale\" content=\"es_ES\" \/>\n\t\t<meta property=\"og:site_name\" content=\"Contadores P\u00fablicos - Portal para Contadores P\u00fablicos y empresarios\" \/>\n\t\t<meta property=\"og:type\" content=\"article\" \/>\n\t\t<meta property=\"og:title\" content=\"Circular 021 agosto 02 de 2017 \u2013 Asignaci\u00f3n certificado de Firma Digital - Contadores P\u00fablicos\" \/>\n\t\t<meta property=\"og:description\" content=\"CIRCULAR N\u00daMERO 021 DE AGOSTO 02 DE 2017 MINISTERIO DE COMERCIO, INDUSTRIA Y TURISMO Se informan los par\u00e1metros para la asignaci\u00f3n de certificados de firmas digitales a los usuarios registrados y a los nuevos usuarios que realicen tr\u00e1mites ante la ventanilla \u00fanica de comercio exterior (VUCE). El Ministerio de Comercio, Industria y Turismo cuenta\" \/>\n\t\t<meta property=\"og:url\" content=\"https:\/\/contadoreshoy.com\/?p=10092\" \/>\n\t\t<meta property=\"og:image\" content=\"https:\/\/contadoreshoy.com\/wp-content\/uploads\/2024\/01\/cropped-cropped-cropped-Copia-de-M.jpg\" \/>\n\t\t<meta property=\"og:image:secure_url\" content=\"https:\/\/contadoreshoy.com\/wp-content\/uploads\/2024\/01\/cropped-cropped-cropped-Copia-de-M.jpg\" \/>\n\t\t<meta property=\"og:image:width\" content=\"512\" \/>\n\t\t<meta property=\"og:image:height\" content=\"371\" \/>\n\t\t<meta property=\"article:published_time\" content=\"2017-09-14T01:51:58+00:00\" \/>\n\t\t<meta property=\"article:modified_time\" content=\"2017-09-14T01:51:58+00:00\" \/>\n\t\t<meta name=\"twitter:card\" content=\"summary_large_image\" \/>\n\t\t<meta name=\"twitter:title\" content=\"Circular 021 agosto 02 de 2017 \u2013 Asignaci\u00f3n certificado de Firma Digital - Contadores P\u00fablicos\" \/>\n\t\t<meta name=\"twitter:description\" content=\"CIRCULAR N\u00daMERO 021 DE AGOSTO 02 DE 2017 MINISTERIO DE COMERCIO, INDUSTRIA Y TURISMO Se informan los par\u00e1metros para la asignaci\u00f3n de certificados de firmas digitales a los usuarios registrados y a los nuevos usuarios que realicen tr\u00e1mites ante la ventanilla \u00fanica de comercio exterior (VUCE). El Ministerio de Comercio, Industria y Turismo cuenta\" \/>\n\t\t<meta name=\"twitter:image\" content=\"https:\/\/contadoreshoy.com\/wp-content\/uploads\/2024\/01\/cropped-cropped-cropped-Copia-de-M.jpg\" \/>\n\t\t<script type=\"application\/ld+json\" class=\"aioseo-schema\">\n\t\t\t{\"@context\":\"https:\\\/\\\/schema.org\",\"@graph\":[{\"@type\":\"BlogPosting\",\"@id\":\"https:\\\/\\\/contadoreshoy.com\\\/?p=10092#blogposting\",\"name\":\"Circular 021 agosto 02 de 2017 \\u2013 Asignaci\\u00f3n certificado de Firma Digital - Contadores P\\u00fablicos\",\"headline\":\"Circular 021 agosto 02 de 2017 &#8211; Asignaci\\u00f3n certificado de Firma Digital\",\"author\":{\"@id\":\"https:\\\/\\\/contadoreshoy.com\\\/?author=1#author\"},\"publisher\":{\"@id\":\"https:\\\/\\\/contadoreshoy.com\\\/#organization\"},\"image\":{\"@type\":\"ImageObject\",\"url\":\"https:\\\/\\\/contadoreshoy.com\\\/wp-content\\\/uploads\\\/2017\\\/09\\\/firma-digital-tucuman1-650x315.jpg\",\"width\":650,\"height\":315},\"datePublished\":\"2017-09-13T20:51:58-05:00\",\"dateModified\":\"2017-09-13T20:51:58-05:00\",\"inLanguage\":\"es-ES\",\"mainEntityOfPage\":{\"@id\":\"https:\\\/\\\/contadoreshoy.com\\\/?p=10092#webpage\"},\"isPartOf\":{\"@id\":\"https:\\\/\\\/contadoreshoy.com\\\/?p=10092#webpage\"},\"articleSection\":\"Sin categor\\u00eda, Uncategorized\"},{\"@type\":\"BreadcrumbList\",\"@id\":\"https:\\\/\\\/contadoreshoy.com\\\/?p=10092#breadcrumblist\",\"itemListElement\":[{\"@type\":\"ListItem\",\"@id\":\"https:\\\/\\\/contadoreshoy.com#listItem\",\"position\":1,\"name\":\"Home\",\"item\":\"https:\\\/\\\/contadoreshoy.com\",\"nextItem\":{\"@type\":\"ListItem\",\"@id\":\"https:\\\/\\\/contadoreshoy.com\\\/?cat=1#listItem\",\"name\":\"Uncategorized\"}},{\"@type\":\"ListItem\",\"@id\":\"https:\\\/\\\/contadoreshoy.com\\\/?cat=1#listItem\",\"position\":2,\"name\":\"Uncategorized\",\"item\":\"https:\\\/\\\/contadoreshoy.com\\\/?cat=1\",\"nextItem\":{\"@type\":\"ListItem\",\"@id\":\"https:\\\/\\\/contadoreshoy.com\\\/?p=10092#listItem\",\"name\":\"Circular 021 agosto 02 de 2017 &#8211; Asignaci\\u00f3n certificado de Firma Digital\"},\"previousItem\":{\"@type\":\"ListItem\",\"@id\":\"https:\\\/\\\/contadoreshoy.com#listItem\",\"name\":\"Home\"}},{\"@type\":\"ListItem\",\"@id\":\"https:\\\/\\\/contadoreshoy.com\\\/?p=10092#listItem\",\"position\":3,\"name\":\"Circular 021 agosto 02 de 2017 &#8211; Asignaci\\u00f3n certificado de Firma Digital\",\"previousItem\":{\"@type\":\"ListItem\",\"@id\":\"https:\\\/\\\/contadoreshoy.com\\\/?cat=1#listItem\",\"name\":\"Uncategorized\"}}]},{\"@type\":\"Organization\",\"@id\":\"https:\\\/\\\/contadoreshoy.com\\\/#organization\",\"name\":\"Contadores P\\u00fablicos\",\"description\":\"Portal para Contadores P\\u00fablicos y empresarios\",\"url\":\"https:\\\/\\\/contadoreshoy.com\\\/\",\"logo\":{\"@type\":\"ImageObject\",\"url\":\"https:\\\/\\\/contadoreshoy.com\\\/wp-content\\\/uploads\\\/2024\\\/01\\\/cropped-cropped-Copia-de-M-1.jpg\",\"@id\":\"https:\\\/\\\/contadoreshoy.com\\\/?p=10092\\\/#organizationLogo\",\"width\":499,\"height\":500},\"image\":{\"@id\":\"https:\\\/\\\/contadoreshoy.com\\\/?p=10092\\\/#organizationLogo\"}},{\"@type\":\"Person\",\"@id\":\"https:\\\/\\\/contadoreshoy.com\\\/?author=1#author\",\"url\":\"https:\\\/\\\/contadoreshoy.com\\\/?author=1\",\"name\":\"Miguel Antonio M\\u00e1rquez Monta\\u00f1ez\"},{\"@type\":\"WebPage\",\"@id\":\"https:\\\/\\\/contadoreshoy.com\\\/?p=10092#webpage\",\"url\":\"https:\\\/\\\/contadoreshoy.com\\\/?p=10092\",\"name\":\"Circular 021 agosto 02 de 2017 \\u2013 Asignaci\\u00f3n certificado de Firma Digital - Contadores P\\u00fablicos\",\"description\":\"CIRCULAR N\\u00daMERO 021 DE AGOSTO 02 DE 2017 MINISTERIO DE COMERCIO, INDUSTRIA Y TURISMO Se informan los par\\u00e1metros para la asignaci\\u00f3n de certificados de firmas digitales a los usuarios registrados y a los nuevos usuarios que realicen tr\\u00e1mites ante la ventanilla \\u00fanica de comercio exterior (VUCE). El Ministerio de Comercio, Industria y Turismo cuenta\",\"inLanguage\":\"es-ES\",\"isPartOf\":{\"@id\":\"https:\\\/\\\/contadoreshoy.com\\\/#website\"},\"breadcrumb\":{\"@id\":\"https:\\\/\\\/contadoreshoy.com\\\/?p=10092#breadcrumblist\"},\"author\":{\"@id\":\"https:\\\/\\\/contadoreshoy.com\\\/?author=1#author\"},\"creator\":{\"@id\":\"https:\\\/\\\/contadoreshoy.com\\\/?author=1#author\"},\"image\":{\"@type\":\"ImageObject\",\"url\":\"https:\\\/\\\/contadoreshoy.com\\\/wp-content\\\/uploads\\\/2017\\\/09\\\/firma-digital-tucuman1-650x315.jpg\",\"@id\":\"https:\\\/\\\/contadoreshoy.com\\\/?p=10092\\\/#mainImage\",\"width\":650,\"height\":315},\"primaryImageOfPage\":{\"@id\":\"https:\\\/\\\/contadoreshoy.com\\\/?p=10092#mainImage\"},\"datePublished\":\"2017-09-13T20:51:58-05:00\",\"dateModified\":\"2017-09-13T20:51:58-05:00\"},{\"@type\":\"WebSite\",\"@id\":\"https:\\\/\\\/contadoreshoy.com\\\/#website\",\"url\":\"https:\\\/\\\/contadoreshoy.com\\\/\",\"name\":\"Contadores P\\u00fablicos\",\"description\":\"Portal para Contadores P\\u00fablicos y empresarios\",\"inLanguage\":\"es-ES\",\"publisher\":{\"@id\":\"https:\\\/\\\/contadoreshoy.com\\\/#organization\"}}]}\n\t\t<\/script>\n\t\t<!-- All in One SEO -->\n\n","aioseo_head_json":{"title":"Circular 021 agosto 02 de 2017 \u2013 Asignaci\u00f3n certificado de Firma Digital - Contadores P\u00fablicos","description":"CIRCULAR N\u00daMERO 021 DE AGOSTO 02 DE 2017 MINISTERIO DE COMERCIO, INDUSTRIA Y TURISMO Se informan los par\u00e1metros para la asignaci\u00f3n de certificados de firmas digitales a los usuarios registrados y a los nuevos usuarios que realicen tr\u00e1mites ante la ventanilla \u00fanica de comercio exterior (VUCE). El Ministerio de Comercio, Industria y Turismo cuenta","canonical_url":"https:\/\/contadoreshoy.com\/?p=10092","robots":"max-image-preview:large","keywords":"","webmasterTools":{"miscellaneous":""},"schema":{"@context":"https:\/\/schema.org","@graph":[{"@type":"BlogPosting","@id":"https:\/\/contadoreshoy.com\/?p=10092#blogposting","name":"Circular 021 agosto 02 de 2017 \u2013 Asignaci\u00f3n certificado de Firma Digital - Contadores P\u00fablicos","headline":"Circular 021 agosto 02 de 2017 &#8211; Asignaci\u00f3n certificado de Firma Digital","author":{"@id":"https:\/\/contadoreshoy.com\/?author=1#author"},"publisher":{"@id":"https:\/\/contadoreshoy.com\/#organization"},"image":{"@type":"ImageObject","url":"https:\/\/contadoreshoy.com\/wp-content\/uploads\/2017\/09\/firma-digital-tucuman1-650x315.jpg","width":650,"height":315},"datePublished":"2017-09-13T20:51:58-05:00","dateModified":"2017-09-13T20:51:58-05:00","inLanguage":"es-ES","mainEntityOfPage":{"@id":"https:\/\/contadoreshoy.com\/?p=10092#webpage"},"isPartOf":{"@id":"https:\/\/contadoreshoy.com\/?p=10092#webpage"},"articleSection":"Sin categor\u00eda, Uncategorized"},{"@type":"BreadcrumbList","@id":"https:\/\/contadoreshoy.com\/?p=10092#breadcrumblist","itemListElement":[{"@type":"ListItem","@id":"https:\/\/contadoreshoy.com#listItem","position":1,"name":"Home","item":"https:\/\/contadoreshoy.com","nextItem":{"@type":"ListItem","@id":"https:\/\/contadoreshoy.com\/?cat=1#listItem","name":"Uncategorized"}},{"@type":"ListItem","@id":"https:\/\/contadoreshoy.com\/?cat=1#listItem","position":2,"name":"Uncategorized","item":"https:\/\/contadoreshoy.com\/?cat=1","nextItem":{"@type":"ListItem","@id":"https:\/\/contadoreshoy.com\/?p=10092#listItem","name":"Circular 021 agosto 02 de 2017 &#8211; Asignaci\u00f3n certificado de Firma Digital"},"previousItem":{"@type":"ListItem","@id":"https:\/\/contadoreshoy.com#listItem","name":"Home"}},{"@type":"ListItem","@id":"https:\/\/contadoreshoy.com\/?p=10092#listItem","position":3,"name":"Circular 021 agosto 02 de 2017 &#8211; Asignaci\u00f3n certificado de Firma Digital","previousItem":{"@type":"ListItem","@id":"https:\/\/contadoreshoy.com\/?cat=1#listItem","name":"Uncategorized"}}]},{"@type":"Organization","@id":"https:\/\/contadoreshoy.com\/#organization","name":"Contadores P\u00fablicos","description":"Portal para Contadores P\u00fablicos y empresarios","url":"https:\/\/contadoreshoy.com\/","logo":{"@type":"ImageObject","url":"https:\/\/contadoreshoy.com\/wp-content\/uploads\/2024\/01\/cropped-cropped-Copia-de-M-1.jpg","@id":"https:\/\/contadoreshoy.com\/?p=10092\/#organizationLogo","width":499,"height":500},"image":{"@id":"https:\/\/contadoreshoy.com\/?p=10092\/#organizationLogo"}},{"@type":"Person","@id":"https:\/\/contadoreshoy.com\/?author=1#author","url":"https:\/\/contadoreshoy.com\/?author=1","name":"Miguel Antonio M\u00e1rquez Monta\u00f1ez"},{"@type":"WebPage","@id":"https:\/\/contadoreshoy.com\/?p=10092#webpage","url":"https:\/\/contadoreshoy.com\/?p=10092","name":"Circular 021 agosto 02 de 2017 \u2013 Asignaci\u00f3n certificado de Firma Digital - Contadores P\u00fablicos","description":"CIRCULAR N\u00daMERO 021 DE AGOSTO 02 DE 2017 MINISTERIO DE COMERCIO, INDUSTRIA Y TURISMO Se informan los par\u00e1metros para la asignaci\u00f3n de certificados de firmas digitales a los usuarios registrados y a los nuevos usuarios que realicen tr\u00e1mites ante la ventanilla \u00fanica de comercio exterior (VUCE). El Ministerio de Comercio, Industria y Turismo cuenta","inLanguage":"es-ES","isPartOf":{"@id":"https:\/\/contadoreshoy.com\/#website"},"breadcrumb":{"@id":"https:\/\/contadoreshoy.com\/?p=10092#breadcrumblist"},"author":{"@id":"https:\/\/contadoreshoy.com\/?author=1#author"},"creator":{"@id":"https:\/\/contadoreshoy.com\/?author=1#author"},"image":{"@type":"ImageObject","url":"https:\/\/contadoreshoy.com\/wp-content\/uploads\/2017\/09\/firma-digital-tucuman1-650x315.jpg","@id":"https:\/\/contadoreshoy.com\/?p=10092\/#mainImage","width":650,"height":315},"primaryImageOfPage":{"@id":"https:\/\/contadoreshoy.com\/?p=10092#mainImage"},"datePublished":"2017-09-13T20:51:58-05:00","dateModified":"2017-09-13T20:51:58-05:00"},{"@type":"WebSite","@id":"https:\/\/contadoreshoy.com\/#website","url":"https:\/\/contadoreshoy.com\/","name":"Contadores P\u00fablicos","description":"Portal para Contadores P\u00fablicos y empresarios","inLanguage":"es-ES","publisher":{"@id":"https:\/\/contadoreshoy.com\/#organization"}}]},"og:locale":"es_ES","og:site_name":"Contadores P\u00fablicos - Portal para Contadores P\u00fablicos y empresarios","og:type":"article","og:title":"Circular 021 agosto 02 de 2017 \u2013 Asignaci\u00f3n certificado de Firma Digital - Contadores P\u00fablicos","og:description":"CIRCULAR N\u00daMERO 021 DE AGOSTO 02 DE 2017 MINISTERIO DE COMERCIO, INDUSTRIA Y TURISMO Se informan los par\u00e1metros para la asignaci\u00f3n de certificados de firmas digitales a los usuarios registrados y a los nuevos usuarios que realicen tr\u00e1mites ante la ventanilla \u00fanica de comercio exterior (VUCE). El Ministerio de Comercio, Industria y Turismo cuenta","og:url":"https:\/\/contadoreshoy.com\/?p=10092","og:image":"https:\/\/contadoreshoy.com\/wp-content\/uploads\/2024\/01\/cropped-cropped-cropped-Copia-de-M.jpg","og:image:secure_url":"https:\/\/contadoreshoy.com\/wp-content\/uploads\/2024\/01\/cropped-cropped-cropped-Copia-de-M.jpg","og:image:width":512,"og:image:height":371,"article:published_time":"2017-09-14T01:51:58+00:00","article:modified_time":"2017-09-14T01:51:58+00:00","twitter:card":"summary_large_image","twitter:title":"Circular 021 agosto 02 de 2017 \u2013 Asignaci\u00f3n certificado de Firma Digital - Contadores P\u00fablicos","twitter:description":"CIRCULAR N\u00daMERO 021 DE AGOSTO 02 DE 2017 MINISTERIO DE COMERCIO, INDUSTRIA Y TURISMO Se informan los par\u00e1metros para la asignaci\u00f3n de certificados de firmas digitales a los usuarios registrados y a los nuevos usuarios que realicen tr\u00e1mites ante la ventanilla \u00fanica de comercio exterior (VUCE). El Ministerio de Comercio, Industria y Turismo cuenta","twitter:image":"https:\/\/contadoreshoy.com\/wp-content\/uploads\/2024\/01\/cropped-cropped-cropped-Copia-de-M.jpg"},"aioseo_meta_data":{"post_id":"10092","title":null,"description":null,"keywords":null,"keyphrases":null,"primary_term":null,"canonical_url":null,"og_title":null,"og_description":null,"og_object_type":"default","og_image_type":"default","og_image_url":null,"og_image_width":null,"og_image_height":null,"og_image_custom_url":null,"og_image_custom_fields":null,"og_video":null,"og_custom_url":null,"og_article_section":null,"og_article_tags":null,"twitter_use_og":false,"twitter_card":"default","twitter_image_type":"default","twitter_image_url":null,"twitter_image_custom_url":null,"twitter_image_custom_fields":null,"twitter_title":null,"twitter_description":null,"schema":{"blockGraphs":[],"customGraphs":[],"default":{"data":{"Article":[],"Course":[],"Dataset":[],"FAQPage":[],"Movie":[],"Person":[],"Product":[],"ProductReview":[],"Car":[],"Recipe":[],"Service":[],"SoftwareApplication":[],"WebPage":[]},"graphName":"","isEnabled":true},"graphs":[]},"schema_type":"default","schema_type_options":null,"pillar_content":false,"robots_default":true,"robots_noindex":false,"robots_noarchive":false,"robots_nosnippet":false,"robots_nofollow":false,"robots_noimageindex":false,"robots_noodp":false,"robots_notranslate":false,"robots_max_snippet":null,"robots_max_videopreview":null,"robots_max_imagepreview":"large","priority":null,"frequency":null,"local_seo":null,"breadcrumb_settings":null,"limit_modified_date":false,"ai":null,"created":"2024-03-05 01:50:54","updated":"2026-03-03 05:06:08","seo_analyzer_scan_date":null,"focus_keyword":null,"additional_keywords":null,"truseo_locale":null},"aioseo_breadcrumb":"<div class=\"aioseo-breadcrumbs\"><span class=\"aioseo-breadcrumb\">\n\t\t\t<a href=\"https:\/\/contadoreshoy.com\" title=\"Home\">Home<\/a>\n\t\t<\/span><span class=\"aioseo-breadcrumb-separator\">&raquo;<\/span><span class=\"aioseo-breadcrumb\">\n\t\t\t<a href=\"https:\/\/contadoreshoy.com\/?cat=1\" title=\"Uncategorized\">Uncategorized<\/a>\n\t\t<\/span><span class=\"aioseo-breadcrumb-separator\">&raquo;<\/span><span class=\"aioseo-breadcrumb\">\n\t\t\tCircular 021 agosto 02 de 2017 \u2013 Asignaci\u00f3n certificado de Firma Digital\n\t\t<\/span><\/div>","aioseo_breadcrumb_json":[{"label":"Home","link":"https:\/\/contadoreshoy.com"},{"label":"Uncategorized","link":"https:\/\/contadoreshoy.com\/?cat=1"},{"label":"Circular 021 agosto 02 de 2017 &#8211; Asignaci\u00f3n certificado de Firma Digital","link":"https:\/\/contadoreshoy.com\/?p=10092"}],"yoast_head":"<!-- This site is optimized with the Yoast SEO plugin v28.4 - https:\/\/yoast.com\/product\/yoast-seo-wordpress\/ -->\n<title>Circular 021 agosto 02 de 2017 - Asignaci\u00f3n certificado de Firma Digital - Contadores P\u00fablicos<\/title>\n<meta name=\"robots\" content=\"index, follow, max-snippet:-1, max-image-preview:large, max-video-preview:-1\" \/>\n<link rel=\"canonical\" href=\"https:\/\/contadoreshoy.com\/?p=10092\" \/>\n<meta property=\"og:locale\" content=\"es_ES\" \/>\n<meta property=\"og:type\" content=\"article\" \/>\n<meta property=\"og:title\" content=\"Circular 021 agosto 02 de 2017 - Asignaci\u00f3n certificado de Firma Digital - Contadores P\u00fablicos\" \/>\n<meta property=\"og:description\" content=\"CIRCULAR N\u00daMERO 021 DE AGOSTO 02 DE 2017 MINISTERIO DE COMERCIO, INDUSTRIA Y TURISMO &nbsp; Se informan los par\u00e1metros para la asignaci\u00f3n de certificados de firmas digitales a los usuarios&#046;&#046;&#046;\" \/>\n<meta property=\"og:url\" content=\"https:\/\/contadoreshoy.com\/?p=10092\" \/>\n<meta property=\"og:site_name\" content=\"Contadores P\u00fablicos\" \/>\n<meta property=\"article:publisher\" content=\"https:\/\/www.facebook.com\/CCCPBucaramanga\/\" \/>\n<meta property=\"article:published_time\" content=\"2017-09-14T01:51:58+00:00\" \/>\n<meta property=\"og:image\" content=\"https:\/\/contadoreshoy.com\/wp-content\/uploads\/2017\/09\/firma-digital-tucuman1-650x315.jpg\" \/>\n\t<meta property=\"og:image:width\" content=\"650\" \/>\n\t<meta property=\"og:image:height\" content=\"315\" \/>\n\t<meta property=\"og:image:type\" content=\"image\/jpeg\" \/>\n<meta name=\"author\" content=\"Miguel Antonio M\u00e1rquez Monta\u00f1ez\" \/>\n<meta name=\"twitter:card\" content=\"summary_large_image\" \/>\n<meta name=\"twitter:label1\" content=\"Escrito por\" \/>\n\t<meta name=\"twitter:data1\" content=\"Miguel Antonio M\u00e1rquez Monta\u00f1ez\" \/>\n\t<meta name=\"twitter:label2\" content=\"Tiempo de lectura\" \/>\n\t<meta name=\"twitter:data2\" content=\"1 minuto\" \/>\n<script type=\"application\/ld+json\" class=\"yoast-schema-graph\">{\"@context\":\"https:\\\/\\\/schema.org\",\"@graph\":[{\"@type\":\"Article\",\"@id\":\"https:\\\/\\\/contadoreshoy.com\\\/?p=10092#article\",\"isPartOf\":{\"@id\":\"https:\\\/\\\/contadoreshoy.com\\\/?p=10092\"},\"author\":{\"name\":\"Miguel Antonio M\u00e1rquez Monta\u00f1ez\",\"@id\":\"https:\\\/\\\/contadoreshoy.com\\\/#\\\/schema\\\/person\\\/96d8979cb865537c5dc9345e40089fc5\"},\"headline\":\"Circular 021 agosto 02 de 2017 &#8211; Asignaci\u00f3n certificado de Firma Digital\",\"datePublished\":\"2017-09-14T01:51:58+00:00\",\"mainEntityOfPage\":{\"@id\":\"https:\\\/\\\/contadoreshoy.com\\\/?p=10092\"},\"wordCount\":124,\"publisher\":{\"@id\":\"https:\\\/\\\/contadoreshoy.com\\\/#organization\"},\"image\":{\"@id\":\"https:\\\/\\\/contadoreshoy.com\\\/?p=10092#primaryimage\"},\"thumbnailUrl\":\"https:\\\/\\\/contadoreshoy.com\\\/wp-content\\\/uploads\\\/2017\\\/09\\\/firma-digital-tucuman1-650x315.jpg\",\"articleSection\":{\"1\":\"Uncategorized\"},\"inLanguage\":\"es\"},{\"@type\":\"WebPage\",\"@id\":\"https:\\\/\\\/contadoreshoy.com\\\/?p=10092\",\"url\":\"https:\\\/\\\/contadoreshoy.com\\\/?p=10092\",\"name\":\"Circular 021 agosto 02 de 2017 - Asignaci\u00f3n certificado de Firma Digital - Contadores P\u00fablicos\",\"isPartOf\":{\"@id\":\"https:\\\/\\\/contadoreshoy.com\\\/#website\"},\"primaryImageOfPage\":{\"@id\":\"https:\\\/\\\/contadoreshoy.com\\\/?p=10092#primaryimage\"},\"image\":{\"@id\":\"https:\\\/\\\/contadoreshoy.com\\\/?p=10092#primaryimage\"},\"thumbnailUrl\":\"https:\\\/\\\/contadoreshoy.com\\\/wp-content\\\/uploads\\\/2017\\\/09\\\/firma-digital-tucuman1-650x315.jpg\",\"datePublished\":\"2017-09-14T01:51:58+00:00\",\"breadcrumb\":{\"@id\":\"https:\\\/\\\/contadoreshoy.com\\\/?p=10092#breadcrumb\"},\"inLanguage\":\"es\",\"potentialAction\":[{\"@type\":\"ReadAction\",\"target\":[\"https:\\\/\\\/contadoreshoy.com\\\/?p=10092\"]}]},{\"@type\":\"ImageObject\",\"inLanguage\":\"es\",\"@id\":\"https:\\\/\\\/contadoreshoy.com\\\/?p=10092#primaryimage\",\"url\":\"https:\\\/\\\/contadoreshoy.com\\\/wp-content\\\/uploads\\\/2017\\\/09\\\/firma-digital-tucuman1-650x315.jpg\",\"contentUrl\":\"https:\\\/\\\/contadoreshoy.com\\\/wp-content\\\/uploads\\\/2017\\\/09\\\/firma-digital-tucuman1-650x315.jpg\",\"width\":650,\"height\":315},{\"@type\":\"BreadcrumbList\",\"@id\":\"https:\\\/\\\/contadoreshoy.com\\\/?p=10092#breadcrumb\",\"itemListElement\":[{\"@type\":\"ListItem\",\"position\":1,\"name\":\"Portada\",\"item\":\"https:\\\/\\\/contadoreshoy.com\\\/\"},{\"@type\":\"ListItem\",\"position\":2,\"name\":\"Circular 021 agosto 02 de 2017 &#8211; Asignaci\u00f3n certificado de Firma Digital\"}]},{\"@type\":\"WebSite\",\"@id\":\"https:\\\/\\\/contadoreshoy.com\\\/#website\",\"url\":\"https:\\\/\\\/contadoreshoy.com\\\/\",\"name\":\"Contadorespublicossantander\",\"description\":\"Portal para Contadores P\u00fablicos y empresarios\",\"publisher\":{\"@id\":\"https:\\\/\\\/contadoreshoy.com\\\/#organization\"},\"potentialAction\":[{\"@type\":\"SearchAction\",\"target\":{\"@type\":\"EntryPoint\",\"urlTemplate\":\"https:\\\/\\\/contadoreshoy.com\\\/?s={search_term_string}\"},\"query-input\":{\"@type\":\"PropertyValueSpecification\",\"valueRequired\":true,\"valueName\":\"search_term_string\"}}],\"inLanguage\":\"es\"},{\"@type\":\"Organization\",\"@id\":\"https:\\\/\\\/contadoreshoy.com\\\/#organization\",\"name\":\"Contadores P\u00fablicos de Santander\",\"url\":\"https:\\\/\\\/contadoreshoy.com\\\/\",\"logo\":{\"@type\":\"ImageObject\",\"inLanguage\":\"es\",\"@id\":\"https:\\\/\\\/contadoreshoy.com\\\/#\\\/schema\\\/logo\\\/image\\\/\",\"url\":\"https:\\\/\\\/contadoreshoy.com\\\/wp-content\\\/uploads\\\/2024\\\/01\\\/cropped-cropped-Copia-de-M-1.jpg\",\"contentUrl\":\"https:\\\/\\\/contadoreshoy.com\\\/wp-content\\\/uploads\\\/2024\\\/01\\\/cropped-cropped-Copia-de-M-1.jpg\",\"width\":499,\"height\":500,\"caption\":\"Contadores P\u00fablicos de Santander\"},\"image\":{\"@id\":\"https:\\\/\\\/contadoreshoy.com\\\/#\\\/schema\\\/logo\\\/image\\\/\"},\"sameAs\":[\"https:\\\/\\\/www.facebook.com\\\/CCCPBucaramanga\\\/\"]},{\"@type\":\"Person\",\"@id\":\"https:\\\/\\\/contadoreshoy.com\\\/#\\\/schema\\\/person\\\/96d8979cb865537c5dc9345e40089fc5\",\"name\":\"Miguel Antonio M\u00e1rquez Monta\u00f1ez\",\"description\":\"Contador P\u00fablico egresado de la Universidad Aut\u00f3noma de Bucaramanga - Asesor contable tributario con m\u00e1s de 25 a\u00f1os de experiencia - Conferencista en temas contables y tributarios - T\u00e9cnico en Hardware y Dise\u00f1o Web - Creador y director Grupo de Estudio Colegio Colombiano de Contadores P\u00fablicos de Bucaramanga - Creador y Master Web p\u00e1gina www.contadoresp\u00fablicossantander.com - Expresidente Colegio Colombiano de Contadores P\u00fablicos Bucaramanga\",\"url\":\"https:\\\/\\\/contadoreshoy.com\\\/?author=1\"}]}<\/script>\n<!-- \/ Yoast SEO plugin. -->","yoast_head_json":{"title":"Circular 021 agosto 02 de 2017 - Asignaci\u00f3n certificado de Firma Digital - Contadores P\u00fablicos","robots":{"index":"index","follow":"follow","max-snippet":"max-snippet:-1","max-image-preview":"max-image-preview:large","max-video-preview":"max-video-preview:-1"},"canonical":"https:\/\/contadoreshoy.com\/?p=10092","og_locale":"es_ES","og_type":"article","og_title":"Circular 021 agosto 02 de 2017 - Asignaci\u00f3n certificado de Firma Digital - Contadores P\u00fablicos","og_description":"CIRCULAR N\u00daMERO 021 DE AGOSTO 02 DE 2017 MINISTERIO DE COMERCIO, INDUSTRIA Y TURISMO &nbsp; Se informan los par\u00e1metros para la asignaci\u00f3n de certificados de firmas digitales a los usuarios&#46;&#46;&#46;","og_url":"https:\/\/contadoreshoy.com\/?p=10092","og_site_name":"Contadores P\u00fablicos","article_publisher":"https:\/\/www.facebook.com\/CCCPBucaramanga\/","article_published_time":"2017-09-14T01:51:58+00:00","og_image":[{"width":650,"height":315,"url":"https:\/\/contadoreshoy.com\/wp-content\/uploads\/2017\/09\/firma-digital-tucuman1-650x315.jpg","type":"image\/jpeg"}],"author":"Miguel Antonio M\u00e1rquez Monta\u00f1ez","twitter_card":"summary_large_image","twitter_misc":{"Escrito por":"Miguel Antonio M\u00e1rquez Monta\u00f1ez","Tiempo de lectura":"1 minuto"},"schema":{"@context":"https:\/\/schema.org","@graph":[{"@type":"Article","@id":"https:\/\/contadoreshoy.com\/?p=10092#article","isPartOf":{"@id":"https:\/\/contadoreshoy.com\/?p=10092"},"author":{"name":"Miguel Antonio M\u00e1rquez Monta\u00f1ez","@id":"https:\/\/contadoreshoy.com\/#\/schema\/person\/96d8979cb865537c5dc9345e40089fc5"},"headline":"Circular 021 agosto 02 de 2017 &#8211; Asignaci\u00f3n certificado de Firma Digital","datePublished":"2017-09-14T01:51:58+00:00","mainEntityOfPage":{"@id":"https:\/\/contadoreshoy.com\/?p=10092"},"wordCount":124,"publisher":{"@id":"https:\/\/contadoreshoy.com\/#organization"},"image":{"@id":"https:\/\/contadoreshoy.com\/?p=10092#primaryimage"},"thumbnailUrl":"https:\/\/contadoreshoy.com\/wp-content\/uploads\/2017\/09\/firma-digital-tucuman1-650x315.jpg","articleSection":{"1":"Uncategorized"},"inLanguage":"es"},{"@type":"WebPage","@id":"https:\/\/contadoreshoy.com\/?p=10092","url":"https:\/\/contadoreshoy.com\/?p=10092","name":"Circular 021 agosto 02 de 2017 - Asignaci\u00f3n certificado de Firma Digital - Contadores P\u00fablicos","isPartOf":{"@id":"https:\/\/contadoreshoy.com\/#website"},"primaryImageOfPage":{"@id":"https:\/\/contadoreshoy.com\/?p=10092#primaryimage"},"image":{"@id":"https:\/\/contadoreshoy.com\/?p=10092#primaryimage"},"thumbnailUrl":"https:\/\/contadoreshoy.com\/wp-content\/uploads\/2017\/09\/firma-digital-tucuman1-650x315.jpg","datePublished":"2017-09-14T01:51:58+00:00","breadcrumb":{"@id":"https:\/\/contadoreshoy.com\/?p=10092#breadcrumb"},"inLanguage":"es","potentialAction":[{"@type":"ReadAction","target":["https:\/\/contadoreshoy.com\/?p=10092"]}]},{"@type":"ImageObject","inLanguage":"es","@id":"https:\/\/contadoreshoy.com\/?p=10092#primaryimage","url":"https:\/\/contadoreshoy.com\/wp-content\/uploads\/2017\/09\/firma-digital-tucuman1-650x315.jpg","contentUrl":"https:\/\/contadoreshoy.com\/wp-content\/uploads\/2017\/09\/firma-digital-tucuman1-650x315.jpg","width":650,"height":315},{"@type":"BreadcrumbList","@id":"https:\/\/contadoreshoy.com\/?p=10092#breadcrumb","itemListElement":[{"@type":"ListItem","position":1,"name":"Portada","item":"https:\/\/contadoreshoy.com\/"},{"@type":"ListItem","position":2,"name":"Circular 021 agosto 02 de 2017 &#8211; Asignaci\u00f3n certificado de Firma Digital"}]},{"@type":"WebSite","@id":"https:\/\/contadoreshoy.com\/#website","url":"https:\/\/contadoreshoy.com\/","name":"Contadorespublicossantander","description":"Portal para Contadores P\u00fablicos y empresarios","publisher":{"@id":"https:\/\/contadoreshoy.com\/#organization"},"potentialAction":[{"@type":"SearchAction","target":{"@type":"EntryPoint","urlTemplate":"https:\/\/contadoreshoy.com\/?s={search_term_string}"},"query-input":{"@type":"PropertyValueSpecification","valueRequired":true,"valueName":"search_term_string"}}],"inLanguage":"es"},{"@type":"Organization","@id":"https:\/\/contadoreshoy.com\/#organization","name":"Contadores P\u00fablicos de Santander","url":"https:\/\/contadoreshoy.com\/","logo":{"@type":"ImageObject","inLanguage":"es","@id":"https:\/\/contadoreshoy.com\/#\/schema\/logo\/image\/","url":"https:\/\/contadoreshoy.com\/wp-content\/uploads\/2024\/01\/cropped-cropped-Copia-de-M-1.jpg","contentUrl":"https:\/\/contadoreshoy.com\/wp-content\/uploads\/2024\/01\/cropped-cropped-Copia-de-M-1.jpg","width":499,"height":500,"caption":"Contadores P\u00fablicos de Santander"},"image":{"@id":"https:\/\/contadoreshoy.com\/#\/schema\/logo\/image\/"},"sameAs":["https:\/\/www.facebook.com\/CCCPBucaramanga\/"]},{"@type":"Person","@id":"https:\/\/contadoreshoy.com\/#\/schema\/person\/96d8979cb865537c5dc9345e40089fc5","name":"Miguel Antonio M\u00e1rquez Monta\u00f1ez","description":"Contador P\u00fablico egresado de la Universidad Aut\u00f3noma de Bucaramanga - Asesor contable tributario con m\u00e1s de 25 a\u00f1os de experiencia - Conferencista en temas contables y tributarios - T\u00e9cnico en Hardware y Dise\u00f1o Web - Creador y director Grupo de Estudio Colegio Colombiano de Contadores P\u00fablicos de Bucaramanga - Creador y Master Web p\u00e1gina www.contadoresp\u00fablicossantander.com - Expresidente Colegio Colombiano de Contadores P\u00fablicos Bucaramanga","url":"https:\/\/contadoreshoy.com\/?author=1"}]}},"_links":{"self":[{"href":"https:\/\/contadoreshoy.com\/index.php?rest_route=\/wp\/v2\/posts\/10092","targetHints":{"allow":["GET"]}}],"collection":[{"href":"https:\/\/contadoreshoy.com\/index.php?rest_route=\/wp\/v2\/posts"}],"about":[{"href":"https:\/\/contadoreshoy.com\/index.php?rest_route=\/wp\/v2\/types\/post"}],"author":[{"embeddable":true,"href":"https:\/\/contadoreshoy.com\/index.php?rest_route=\/wp\/v2\/users\/1"}],"replies":[{"embeddable":true,"href":"https:\/\/contadoreshoy.com\/index.php?rest_route=%2Fwp%2Fv2%2Fcomments&post=10092"}],"version-history":[{"count":1,"href":"https:\/\/contadoreshoy.com\/index.php?rest_route=\/wp\/v2\/posts\/10092\/revisions"}],"predecessor-version":[{"id":10094,"href":"https:\/\/contadoreshoy.com\/index.php?rest_route=\/wp\/v2\/posts\/10092\/revisions\/10094"}],"wp:featuredmedia":[{"embeddable":true,"href":"https:\/\/contadoreshoy.com\/index.php?rest_route=\/wp\/v2\/media\/10093"}],"wp:attachment":[{"href":"https:\/\/contadoreshoy.com\/index.php?rest_route=%2Fwp%2Fv2%2Fmedia&parent=10092"}],"wp:term":[{"taxonomy":"category","embeddable":true,"href":"https:\/\/contadoreshoy.com\/index.php?rest_route=%2Fwp%2Fv2%2Fcategories&post=10092"},{"taxonomy":"post_tag","embeddable":true,"href":"https:\/\/contadoreshoy.com\/index.php?rest_route=%2Fwp%2Fv2%2Ftags&post=10092"}],"curies":[{"name":"wp","href":"https:\/\/api.w.org\/{rel}","templated":true}]}}