{"id":10104,"date":"2017-09-19T22:39:11","date_gmt":"2017-09-20T03:39:11","guid":{"rendered":"https:\/\/contadoreshoy.com\/?p=10104"},"modified":"2017-09-19T22:39:11","modified_gmt":"2017-09-20T03:39:11","slug":"pago-incapacidades-no-deducible-oficio-dian-001149-febrero-02-2016","status":"publish","type":"post","link":"https:\/\/contadoreshoy.com\/?p=10104","title":{"rendered":"Pago adicional de incapacidades no deducible &#8211; Oficio DIAN 001149 febrero 02 de 2016"},"content":{"rendered":"<p style=\"text-align: justify;\"><strong><span style=\"color: #0000ff;\">Los pagos complementarios a los realizados por las Entidades Prestadoras de Salud EPS a partir del tercer d\u00eda por el empleador, no se encuadran dentro del concepto de car\u00e1cter salarial del art\u00edculo 127 del C\u00f3digo Sustantivo del Trabajo. &nbsp;Por tal raz\u00f3n, al considerarse pagos de mera liberalidad del empleador en una lectura integral con el art\u00edculo 128 ib\u00eddem, estos no se encuentran sujetos a las reglas que dispone el&nbsp;art\u00edculo 108&nbsp;del Estatuto Tributario, y por consiguiente, no ser\u00e1n deducibles en el Impuesto Sobre la Renta.<\/span><\/strong><\/p>\n<p>&nbsp;<\/p>\n<p style=\"text-align: center;\"><strong>OFICIO N\u00ba 001149<\/strong><\/p>\n<p style=\"text-align: center;\"><strong>02-02-2016<\/strong><\/p>\n<p style=\"text-align: center;\"><strong>DIAN<\/strong><\/p>\n<p>&nbsp;<\/p>\n<p>Subdirecci\u00f3n de Gesti\u00f3n Normativa y Doctrina<\/p>\n<p>Bogot\u00e1, D. C.<\/p>\n<p>100208221-000057<\/p>\n<p>&nbsp;<\/p>\n<p>Se\u00f1ora<\/p>\n<p><strong>JENIFER CAROLINA ROSERO RIASCOS<\/strong><\/p>\n<p><a href=\"mailto:jencaro28@hotmail.com\">jencaro28@hotmail.com<\/a><\/p>\n<p>Cra. 48 A n\u00famero 51-28<\/p>\n<p>Cali (Valle del Cauca)<\/p>\n<p>&nbsp;<\/p>\n<p><strong>Referencia:&nbsp;<\/strong>Radicado 100037979 del 16\/12\/2015<\/p>\n<p>&nbsp;<\/p>\n<p><strong>Tema:<\/strong>&nbsp;Impuesto sobre la Renta y Complementarios<\/p>\n<p><strong>Descriptores:<\/strong>&nbsp;Impuesto sobre la Renta &#8211; Incapacidades Laborales<\/p>\n<p style=\"text-align: justify;\"><strong>Fuentes formales:<\/strong>&nbsp;Art\u00edculo 108&nbsp;del Estatuto Tributario; Art\u00edculo 2\u00b0 del Decreto 2943 de 2013; Art\u00edculos 127 y 128 del C\u00f3digo Sustantivo del Trabajo; Oficio 024449 de agosto 24 de 2015<\/p>\n<p style=\"text-align: justify;\">&nbsp;<\/p>\n<p style=\"text-align: justify;\">Cordial saludo, se\u00f1ora Jenifer:<\/p>\n<p style=\"text-align: justify;\">&nbsp;<\/p>\n<p style=\"text-align: justify;\">De conformidad con el art\u00edculo 20 del Decreto 4048 de 2008 es funci\u00f3n de esta Subdirecci\u00f3n absolver las consultas escritas que se formulen sobre la interpretaci\u00f3n y aplicaci\u00f3n de las normas tributarias de car\u00e1cter nacional, aduaneras y cambiarias en lo de competencia de la Entidad.<\/p>\n<p style=\"text-align: justify;\">&nbsp;<\/p>\n<p style=\"text-align: justify;\">En el radicado de la referencia se realizan los siguientes interrogantes:<\/p>\n<p style=\"text-align: justify;\">&nbsp;<\/p>\n<ol style=\"text-align: justify;\">\n<li><span style=\"color: #0000ff;\">Si el empleador no paga solo el 66,6 % que menciona el art\u00edculo 227 del C\u00f3digo Sustantivo del Trabajo sino que cancela el 33.3%. \u00bfEste valor adicional es deducible?&nbsp;<\/span><em>sic<\/em><\/li>\n<li><span style=\"color: #0000ff;\">\u00bfEl empleador a partir del tercer d\u00eda de incapacidad si decide pagar un valor adicional de lo que paga la EPS, puede deducirlo en el impuesto sobre la renta?<\/span>&nbsp;<em>sic<\/em><\/li>\n<\/ol>\n<p style=\"text-align: justify;\">&nbsp;<\/p>\n<p style=\"text-align: justify;\">Al respecto, para una mejor ilustraci\u00f3n del tema, el par\u00e1grafo 1\u00b0 del art\u00edculo 2\u00b0 del Decreto 2943 de 2013, se\u00f1ala:<\/p>\n<p style=\"text-align: justify;\">&nbsp;<\/p>\n<p style=\"text-align: justify;\">(\u2026) Art\u00edculo 1\u00b0. Modificar el par\u00e1grafo 1\u00b0 del art\u00edculo 40 del Decreto 1406 de 1999, el cual quedar\u00e1 as\u00ed:<\/p>\n<p style=\"text-align: justify;\">&nbsp;<\/p>\n<p style=\"text-align: justify;\">Par\u00e1grafo 1\u00b0. En el Sistema General de Seguridad Social en Salud ser\u00e1n a cargo de&nbsp;<strong>los respectivos empleadores las prestaciones econ\u00f3micas correspondientes a los dos (2) primeros d\u00edas de incapacidad originada por enfermedad general&nbsp;<\/strong>y de&nbsp;las Entidades Promotoras de Salud a partir del tercer (3er) d\u00eda y de conformidad con la normatividad vigente.<\/p>\n<p style=\"text-align: justify;\">&nbsp;<\/p>\n<p style=\"text-align: justify;\">En el Sistema General de Riesgos Laborales las Administradoras de Riesgos Laborales reconocer\u00e1n las incapacidades temporales desde el d\u00eda siguiente de ocurrido el accidente de trabajo o la enfermedad diagnosticada como laboral.<\/p>\n<p style=\"text-align: justify;\">(\u2026) Subrayado y negrilla fuera del texto<\/p>\n<p style=\"text-align: justify;\">&nbsp;<\/p>\n<p style=\"text-align: justify;\">Ahora bien, este Despacho se pronunci\u00f3 en&nbsp;<strong>Oficio 024449 de agosto 24 de 2015<\/strong>, el cual por constituir doctrina vigente, se evoca lo correspondiente:<\/p>\n<p style=\"text-align: justify;\">&nbsp;<\/p>\n<p style=\"text-align: justify;\"><em>(\u2026) En este contexto, salvo la opci\u00f3n para el empleador de tomar como deducci\u00f3n en el impuesto sobre la renta,&nbsp;<strong>las prestaciones econ\u00f3micas que deba reconocer el empleador, correspondientes a los dos (2) primeros d\u00edas de la incapacidad originada en enfermedad general,&nbsp;<\/strong>seg\u00fan lo previsto en el Decreto 2943 de 2013 citado,<span style=\"text-decoration: underline;\">&nbsp;<span style=\"color: #ff6600; text-decoration: underline;\">las dem\u00e1s sumas reconocidas como subsidio de incapacidad bien sean de origen com\u00fan o profesional, que est\u00e1n a cargo de las entidades del R\u00e9gimen de Seguridad Social, no se enmarcan dentro del concepto de salario que deba pagar el empleador y en tal medida, por sustracci\u00f3n de materia no es aplicable el&nbsp;art\u00edculo 108&nbsp;del Estatuto Tributario y dem\u00e1s normas concordantes. Es decir estas \u00faltimas no son ni pueden ser tomadas por el empleador como deducci\u00f3n en el impuesto sobre la renta.<\/span><\/span><\/em><\/p>\n<p style=\"text-align: justify;\"><em>(\u2026)&nbsp;<\/em>Subrayado y negrilla fuera del texto.<\/p>\n<p style=\"text-align: justify;\">&nbsp;<\/p>\n<p style=\"text-align: justify;\">En raz\u00f3n, de lo anterior, resulta oportuno se\u00f1alar que escapa de la esfera funcional de esta entidad pronunciarse sobre el correcto pago \u2013porcentaje\u2013 que debe realizar el empleador en el desarrollo de sus obligaciones parafiscales para con el empleado. No obstante, le comunicamos que el empleador tiene la obligaci\u00f3n legal de reconocer las prestaciones econ\u00f3micas del empleado en el origen de una incapacidad de origen com\u00fan por los dos primeros d\u00edas, pago, que tiene car\u00e1cter de salario y que en una lectura integral con el&nbsp;art\u00edculo 108&nbsp;del Estatuto Tributario, para efectos fiscales, ser\u00eda deducible en el Impuesto Sobre la Renta.<\/p>\n<p style=\"text-align: justify;\">&nbsp;<\/p>\n<p style=\"text-align: justify;\"><span style=\"text-decoration: underline;\"><span style=\"color: #ff6600; text-decoration: underline;\">En este orden de ideas y respecto al segundo interrogante, es imperativo indicar que los pagos complementarios a los realizados por las Entidades Prestadoras de Salud EPS a partir del tercer d\u00eda por el empleador, no se encuadran dentro del concepto de car\u00e1cter salarial del art\u00edculo 127 del C\u00f3digo Sustantivo del Trabajo. Por tal raz\u00f3n, al considerarse pagos de mera liberalidad del empleador en una lectura integral con el art\u00edculo 128 ib\u00eddem, estos no se encuentran sujetos a las reglas que dispone el&nbsp;art\u00edculo 108&nbsp;del Estatuto Tributario, y por consiguiente, no ser\u00e1n deducibles en el Impuesto Sobre la Renta.<\/span><\/span><\/p>\n<p style=\"text-align: justify;\">&nbsp;<\/p>\n<p style=\"text-align: justify;\">En los anteriores t\u00e9rminos se resuelve su consulta y finalmente le manifestamos que la Direcci\u00f3n de Impuestos y Aduanas Nacionales (DIAN), con el fin de facilitar a los contribuyentes, usuarios y p\u00fablico en general el acceso directo a sus pronunciamientos doctrinarios, ha publicado en su p\u00e1gina de internet&nbsp;<a href=\"http:\/\/www.dian.gov.co\/\">www.dian.gov.co<\/a>, la base de conceptos en materia tributaria, aduanera y cambiaria expedidos desde el a\u00f1o 2001, la cual se puede ingresar por el \u00edcono de \u201cNormatividad\u201d -\u201ct\u00e9cnica\u201d-, dando click en el link \u201cDoctrina Direcci\u00f3n de Gesti\u00f3n Jur\u00eddica\u201d.<\/p>\n<p style=\"text-align: justify;\">&nbsp;<\/p>\n<p style=\"text-align: justify;\">Atentamente,<\/p>\n<p style=\"text-align: justify;\">&nbsp;<\/p>\n<p style=\"text-align: justify;\">&nbsp;<\/p>\n<p style=\"text-align: justify;\"><strong>El Subdirector de Gesti\u00f3n Normativa y Doctrina (E),<\/strong><\/p>\n<p style=\"text-align: justify;\">&nbsp;<\/p>\n<p style=\"text-align: justify;\"><em>Pedro Pablo Contreras Camargo.<\/em><\/p>\n<p style=\"text-align: justify;\">&nbsp;<\/p>\n<p style=\"text-align: justify;\">&nbsp;<\/p>\n<p style=\"text-align: justify;\"><strong>Publicado en D.O. 49.787 del 15 de febrero de 2016.<\/strong><\/p>\n","protected":false},"excerpt":{"rendered":"<p>Los pagos complementarios a los realizados por las Entidades Prestadoras de Salud EPS a partir del tercer d\u00eda por el empleador, no se encuadran dentro del concepto de car\u00e1cter salarial&#46;&#46;&#46;<\/p>\n","protected":false},"author":1,"featured_media":10105,"comment_status":"closed","ping_status":"open","sticky":false,"template":"","format":"standard","meta":{"_monsterinsights_skip_tracking":false,"ngg_post_thumbnail":0,"footnotes":"","_links_to":"","_links_to_target":""},"categories":[454,1],"tags":[],"class_list":["post-10104","post","type-post","status-publish","format-standard","has-post-thumbnail","hentry","category-sin-categoria","category-uncategorized"],"aioseo_notices":[],"aioseo_head":"\n\t\t<!-- All in One SEO 5.0.1.1 - aioseo.com -->\n\t<meta name=\"description\" content=\"Los pagos complementarios a los realizados por las Entidades Prestadoras de Salud EPS a partir del tercer d\u00eda por el empleador, no se encuadran dentro del concepto de car\u00e1cter salarial del art\u00edculo 127 del C\u00f3digo Sustantivo del Trabajo. Por tal raz\u00f3n, al considerarse pagos de mera liberalidad del empleador en una lectura integral con el\" \/>\n\t<meta name=\"robots\" content=\"max-image-preview:large\" \/>\n\t<meta name=\"author\" content=\"Miguel Antonio M\u00e1rquez Monta\u00f1ez\"\/>\n\t<link rel=\"canonical\" href=\"https:\/\/contadoreshoy.com\/?p=10104\" \/>\n\t<meta name=\"generator\" content=\"All in One SEO (AIOSEO) 5.0.1.1\" \/>\n\t\t<meta property=\"og:locale\" content=\"es_ES\" \/>\n\t\t<meta property=\"og:site_name\" content=\"Contadores P\u00fablicos - Portal para Contadores P\u00fablicos y empresarios\" \/>\n\t\t<meta property=\"og:type\" content=\"article\" \/>\n\t\t<meta property=\"og:title\" content=\"Pago adicional de incapacidades no deducible \u2013 Oficio DIAN 001149 febrero 02 de 2016 - Contadores P\u00fablicos\" \/>\n\t\t<meta property=\"og:description\" content=\"Los pagos complementarios a los realizados por las Entidades Prestadoras de Salud EPS a partir del tercer d\u00eda por el empleador, no se encuadran dentro del concepto de car\u00e1cter salarial del art\u00edculo 127 del C\u00f3digo Sustantivo del Trabajo. Por tal raz\u00f3n, al considerarse pagos de mera liberalidad del empleador en una lectura integral con el\" \/>\n\t\t<meta property=\"og:url\" content=\"https:\/\/contadoreshoy.com\/?p=10104\" \/>\n\t\t<meta property=\"og:image\" content=\"https:\/\/contadoreshoy.com\/wp-content\/uploads\/2024\/01\/cropped-cropped-cropped-Copia-de-M.jpg\" \/>\n\t\t<meta property=\"og:image:secure_url\" content=\"https:\/\/contadoreshoy.com\/wp-content\/uploads\/2024\/01\/cropped-cropped-cropped-Copia-de-M.jpg\" \/>\n\t\t<meta property=\"og:image:width\" content=\"512\" \/>\n\t\t<meta property=\"og:image:height\" content=\"371\" \/>\n\t\t<meta property=\"article:published_time\" content=\"2017-09-20T03:39:11+00:00\" \/>\n\t\t<meta property=\"article:modified_time\" content=\"2017-09-20T03:39:11+00:00\" \/>\n\t\t<meta name=\"twitter:card\" content=\"summary_large_image\" \/>\n\t\t<meta name=\"twitter:title\" content=\"Pago adicional de incapacidades no deducible \u2013 Oficio DIAN 001149 febrero 02 de 2016 - Contadores P\u00fablicos\" \/>\n\t\t<meta name=\"twitter:description\" content=\"Los pagos complementarios a los realizados por las Entidades Prestadoras de Salud EPS a partir del tercer d\u00eda por el empleador, no se encuadran dentro del concepto de car\u00e1cter salarial del art\u00edculo 127 del C\u00f3digo Sustantivo del Trabajo. Por tal raz\u00f3n, al considerarse pagos de mera liberalidad del empleador en una lectura integral con el\" \/>\n\t\t<meta name=\"twitter:image\" content=\"https:\/\/contadoreshoy.com\/wp-content\/uploads\/2024\/01\/cropped-cropped-cropped-Copia-de-M.jpg\" \/>\n\t\t<script type=\"application\/ld+json\" class=\"aioseo-schema\">\n\t\t\t{\"@context\":\"https:\\\/\\\/schema.org\",\"@graph\":[{\"@type\":\"BlogPosting\",\"@id\":\"https:\\\/\\\/contadoreshoy.com\\\/?p=10104#blogposting\",\"name\":\"Pago adicional de incapacidades no deducible \\u2013 Oficio DIAN 001149 febrero 02 de 2016 - Contadores P\\u00fablicos\",\"headline\":\"Pago adicional de incapacidades no deducible &#8211; Oficio DIAN 001149 febrero 02 de 2016\",\"author\":{\"@id\":\"https:\\\/\\\/contadoreshoy.com\\\/?author=1#author\"},\"publisher\":{\"@id\":\"https:\\\/\\\/contadoreshoy.com\\\/#organization\"},\"image\":{\"@type\":\"ImageObject\",\"url\":\"https:\\\/\\\/contadoreshoy.com\\\/wp-content\\\/uploads\\\/2017\\\/09\\\/incapacidades.jpg\",\"width\":600,\"height\":400},\"datePublished\":\"2017-09-19T22:39:11-05:00\",\"dateModified\":\"2017-09-19T22:39:11-05:00\",\"inLanguage\":\"es-ES\",\"mainEntityOfPage\":{\"@id\":\"https:\\\/\\\/contadoreshoy.com\\\/?p=10104#webpage\"},\"isPartOf\":{\"@id\":\"https:\\\/\\\/contadoreshoy.com\\\/?p=10104#webpage\"},\"articleSection\":\"Sin categor\\u00eda, Uncategorized\"},{\"@type\":\"BreadcrumbList\",\"@id\":\"https:\\\/\\\/contadoreshoy.com\\\/?p=10104#breadcrumblist\",\"itemListElement\":[{\"@type\":\"ListItem\",\"@id\":\"https:\\\/\\\/contadoreshoy.com#listItem\",\"position\":1,\"name\":\"Home\",\"item\":\"https:\\\/\\\/contadoreshoy.com\",\"nextItem\":{\"@type\":\"ListItem\",\"@id\":\"https:\\\/\\\/contadoreshoy.com\\\/?cat=1#listItem\",\"name\":\"Uncategorized\"}},{\"@type\":\"ListItem\",\"@id\":\"https:\\\/\\\/contadoreshoy.com\\\/?cat=1#listItem\",\"position\":2,\"name\":\"Uncategorized\",\"item\":\"https:\\\/\\\/contadoreshoy.com\\\/?cat=1\",\"nextItem\":{\"@type\":\"ListItem\",\"@id\":\"https:\\\/\\\/contadoreshoy.com\\\/?p=10104#listItem\",\"name\":\"Pago adicional de incapacidades no deducible &#8211; Oficio DIAN 001149 febrero 02 de 2016\"},\"previousItem\":{\"@type\":\"ListItem\",\"@id\":\"https:\\\/\\\/contadoreshoy.com#listItem\",\"name\":\"Home\"}},{\"@type\":\"ListItem\",\"@id\":\"https:\\\/\\\/contadoreshoy.com\\\/?p=10104#listItem\",\"position\":3,\"name\":\"Pago adicional de incapacidades no deducible &#8211; Oficio DIAN 001149 febrero 02 de 2016\",\"previousItem\":{\"@type\":\"ListItem\",\"@id\":\"https:\\\/\\\/contadoreshoy.com\\\/?cat=1#listItem\",\"name\":\"Uncategorized\"}}]},{\"@type\":\"Organization\",\"@id\":\"https:\\\/\\\/contadoreshoy.com\\\/#organization\",\"name\":\"Contadores P\\u00fablicos\",\"description\":\"Portal para Contadores P\\u00fablicos y empresarios\",\"url\":\"https:\\\/\\\/contadoreshoy.com\\\/\",\"logo\":{\"@type\":\"ImageObject\",\"url\":\"https:\\\/\\\/contadoreshoy.com\\\/wp-content\\\/uploads\\\/2024\\\/01\\\/cropped-cropped-Copia-de-M-1.jpg\",\"@id\":\"https:\\\/\\\/contadoreshoy.com\\\/?p=10104\\\/#organizationLogo\",\"width\":499,\"height\":500},\"image\":{\"@id\":\"https:\\\/\\\/contadoreshoy.com\\\/?p=10104\\\/#organizationLogo\"}},{\"@type\":\"Person\",\"@id\":\"https:\\\/\\\/contadoreshoy.com\\\/?author=1#author\",\"url\":\"https:\\\/\\\/contadoreshoy.com\\\/?author=1\",\"name\":\"Miguel Antonio M\\u00e1rquez Monta\\u00f1ez\"},{\"@type\":\"WebPage\",\"@id\":\"https:\\\/\\\/contadoreshoy.com\\\/?p=10104#webpage\",\"url\":\"https:\\\/\\\/contadoreshoy.com\\\/?p=10104\",\"name\":\"Pago adicional de incapacidades no deducible \\u2013 Oficio DIAN 001149 febrero 02 de 2016 - Contadores P\\u00fablicos\",\"description\":\"Los pagos complementarios a los realizados por las Entidades Prestadoras de Salud EPS a partir del tercer d\\u00eda por el empleador, no se encuadran dentro del concepto de car\\u00e1cter salarial del art\\u00edculo 127 del C\\u00f3digo Sustantivo del Trabajo. Por tal raz\\u00f3n, al considerarse pagos de mera liberalidad del empleador en una lectura integral con el\",\"inLanguage\":\"es-ES\",\"isPartOf\":{\"@id\":\"https:\\\/\\\/contadoreshoy.com\\\/#website\"},\"breadcrumb\":{\"@id\":\"https:\\\/\\\/contadoreshoy.com\\\/?p=10104#breadcrumblist\"},\"author\":{\"@id\":\"https:\\\/\\\/contadoreshoy.com\\\/?author=1#author\"},\"creator\":{\"@id\":\"https:\\\/\\\/contadoreshoy.com\\\/?author=1#author\"},\"image\":{\"@type\":\"ImageObject\",\"url\":\"https:\\\/\\\/contadoreshoy.com\\\/wp-content\\\/uploads\\\/2017\\\/09\\\/incapacidades.jpg\",\"@id\":\"https:\\\/\\\/contadoreshoy.com\\\/?p=10104\\\/#mainImage\",\"width\":600,\"height\":400},\"primaryImageOfPage\":{\"@id\":\"https:\\\/\\\/contadoreshoy.com\\\/?p=10104#mainImage\"},\"datePublished\":\"2017-09-19T22:39:11-05:00\",\"dateModified\":\"2017-09-19T22:39:11-05:00\"},{\"@type\":\"WebSite\",\"@id\":\"https:\\\/\\\/contadoreshoy.com\\\/#website\",\"url\":\"https:\\\/\\\/contadoreshoy.com\\\/\",\"name\":\"Contadores P\\u00fablicos\",\"description\":\"Portal para Contadores P\\u00fablicos y empresarios\",\"inLanguage\":\"es-ES\",\"publisher\":{\"@id\":\"https:\\\/\\\/contadoreshoy.com\\\/#organization\"}}]}\n\t\t<\/script>\n\t\t<!-- All in One SEO -->\n\n","aioseo_head_json":{"title":"Pago adicional de incapacidades no deducible \u2013 Oficio DIAN 001149 febrero 02 de 2016 - Contadores P\u00fablicos","description":"Los pagos complementarios a los realizados por las Entidades Prestadoras de Salud EPS a partir del tercer d\u00eda por el empleador, no se encuadran dentro del concepto de car\u00e1cter salarial del art\u00edculo 127 del C\u00f3digo Sustantivo del Trabajo. Por tal raz\u00f3n, al considerarse pagos de mera liberalidad del empleador en una lectura integral con el","canonical_url":"https:\/\/contadoreshoy.com\/?p=10104","robots":"max-image-preview:large","keywords":"","webmasterTools":{"miscellaneous":""},"schema":{"@context":"https:\/\/schema.org","@graph":[{"@type":"BlogPosting","@id":"https:\/\/contadoreshoy.com\/?p=10104#blogposting","name":"Pago adicional de incapacidades no deducible \u2013 Oficio DIAN 001149 febrero 02 de 2016 - Contadores P\u00fablicos","headline":"Pago adicional de incapacidades no deducible &#8211; Oficio DIAN 001149 febrero 02 de 2016","author":{"@id":"https:\/\/contadoreshoy.com\/?author=1#author"},"publisher":{"@id":"https:\/\/contadoreshoy.com\/#organization"},"image":{"@type":"ImageObject","url":"https:\/\/contadoreshoy.com\/wp-content\/uploads\/2017\/09\/incapacidades.jpg","width":600,"height":400},"datePublished":"2017-09-19T22:39:11-05:00","dateModified":"2017-09-19T22:39:11-05:00","inLanguage":"es-ES","mainEntityOfPage":{"@id":"https:\/\/contadoreshoy.com\/?p=10104#webpage"},"isPartOf":{"@id":"https:\/\/contadoreshoy.com\/?p=10104#webpage"},"articleSection":"Sin categor\u00eda, Uncategorized"},{"@type":"BreadcrumbList","@id":"https:\/\/contadoreshoy.com\/?p=10104#breadcrumblist","itemListElement":[{"@type":"ListItem","@id":"https:\/\/contadoreshoy.com#listItem","position":1,"name":"Home","item":"https:\/\/contadoreshoy.com","nextItem":{"@type":"ListItem","@id":"https:\/\/contadoreshoy.com\/?cat=1#listItem","name":"Uncategorized"}},{"@type":"ListItem","@id":"https:\/\/contadoreshoy.com\/?cat=1#listItem","position":2,"name":"Uncategorized","item":"https:\/\/contadoreshoy.com\/?cat=1","nextItem":{"@type":"ListItem","@id":"https:\/\/contadoreshoy.com\/?p=10104#listItem","name":"Pago adicional de incapacidades no deducible &#8211; Oficio DIAN 001149 febrero 02 de 2016"},"previousItem":{"@type":"ListItem","@id":"https:\/\/contadoreshoy.com#listItem","name":"Home"}},{"@type":"ListItem","@id":"https:\/\/contadoreshoy.com\/?p=10104#listItem","position":3,"name":"Pago adicional de incapacidades no deducible &#8211; Oficio DIAN 001149 febrero 02 de 2016","previousItem":{"@type":"ListItem","@id":"https:\/\/contadoreshoy.com\/?cat=1#listItem","name":"Uncategorized"}}]},{"@type":"Organization","@id":"https:\/\/contadoreshoy.com\/#organization","name":"Contadores P\u00fablicos","description":"Portal para Contadores P\u00fablicos y empresarios","url":"https:\/\/contadoreshoy.com\/","logo":{"@type":"ImageObject","url":"https:\/\/contadoreshoy.com\/wp-content\/uploads\/2024\/01\/cropped-cropped-Copia-de-M-1.jpg","@id":"https:\/\/contadoreshoy.com\/?p=10104\/#organizationLogo","width":499,"height":500},"image":{"@id":"https:\/\/contadoreshoy.com\/?p=10104\/#organizationLogo"}},{"@type":"Person","@id":"https:\/\/contadoreshoy.com\/?author=1#author","url":"https:\/\/contadoreshoy.com\/?author=1","name":"Miguel Antonio M\u00e1rquez Monta\u00f1ez"},{"@type":"WebPage","@id":"https:\/\/contadoreshoy.com\/?p=10104#webpage","url":"https:\/\/contadoreshoy.com\/?p=10104","name":"Pago adicional de incapacidades no deducible \u2013 Oficio DIAN 001149 febrero 02 de 2016 - Contadores P\u00fablicos","description":"Los pagos complementarios a los realizados por las Entidades Prestadoras de Salud EPS a partir del tercer d\u00eda por el empleador, no se encuadran dentro del concepto de car\u00e1cter salarial del art\u00edculo 127 del C\u00f3digo Sustantivo del Trabajo. Por tal raz\u00f3n, al considerarse pagos de mera liberalidad del empleador en una lectura integral con el","inLanguage":"es-ES","isPartOf":{"@id":"https:\/\/contadoreshoy.com\/#website"},"breadcrumb":{"@id":"https:\/\/contadoreshoy.com\/?p=10104#breadcrumblist"},"author":{"@id":"https:\/\/contadoreshoy.com\/?author=1#author"},"creator":{"@id":"https:\/\/contadoreshoy.com\/?author=1#author"},"image":{"@type":"ImageObject","url":"https:\/\/contadoreshoy.com\/wp-content\/uploads\/2017\/09\/incapacidades.jpg","@id":"https:\/\/contadoreshoy.com\/?p=10104\/#mainImage","width":600,"height":400},"primaryImageOfPage":{"@id":"https:\/\/contadoreshoy.com\/?p=10104#mainImage"},"datePublished":"2017-09-19T22:39:11-05:00","dateModified":"2017-09-19T22:39:11-05:00"},{"@type":"WebSite","@id":"https:\/\/contadoreshoy.com\/#website","url":"https:\/\/contadoreshoy.com\/","name":"Contadores P\u00fablicos","description":"Portal para Contadores P\u00fablicos y empresarios","inLanguage":"es-ES","publisher":{"@id":"https:\/\/contadoreshoy.com\/#organization"}}]},"og:locale":"es_ES","og:site_name":"Contadores P\u00fablicos - Portal para Contadores P\u00fablicos y empresarios","og:type":"article","og:title":"Pago adicional de incapacidades no deducible \u2013 Oficio DIAN 001149 febrero 02 de 2016 - Contadores P\u00fablicos","og:description":"Los pagos complementarios a los realizados por las Entidades Prestadoras de Salud EPS a partir del tercer d\u00eda por el empleador, no se encuadran dentro del concepto de car\u00e1cter salarial del art\u00edculo 127 del C\u00f3digo Sustantivo del Trabajo. Por tal raz\u00f3n, al considerarse pagos de mera liberalidad del empleador en una lectura integral con el","og:url":"https:\/\/contadoreshoy.com\/?p=10104","og:image":"https:\/\/contadoreshoy.com\/wp-content\/uploads\/2024\/01\/cropped-cropped-cropped-Copia-de-M.jpg","og:image:secure_url":"https:\/\/contadoreshoy.com\/wp-content\/uploads\/2024\/01\/cropped-cropped-cropped-Copia-de-M.jpg","og:image:width":512,"og:image:height":371,"article:published_time":"2017-09-20T03:39:11+00:00","article:modified_time":"2017-09-20T03:39:11+00:00","twitter:card":"summary_large_image","twitter:title":"Pago adicional de incapacidades no deducible \u2013 Oficio DIAN 001149 febrero 02 de 2016 - Contadores P\u00fablicos","twitter:description":"Los pagos complementarios a los realizados por las Entidades Prestadoras de Salud EPS a partir del tercer d\u00eda por el empleador, no se encuadran dentro del concepto de car\u00e1cter salarial del art\u00edculo 127 del C\u00f3digo Sustantivo del Trabajo. Por tal raz\u00f3n, al considerarse pagos de mera liberalidad del empleador en una lectura integral con el","twitter:image":"https:\/\/contadoreshoy.com\/wp-content\/uploads\/2024\/01\/cropped-cropped-cropped-Copia-de-M.jpg"},"aioseo_meta_data":{"post_id":"10104","title":null,"description":null,"keywords":null,"keyphrases":null,"primary_term":null,"canonical_url":null,"og_title":null,"og_description":null,"og_object_type":"default","og_image_type":"default","og_image_url":null,"og_image_width":null,"og_image_height":null,"og_image_custom_url":null,"og_image_custom_fields":null,"og_video":null,"og_custom_url":null,"og_article_section":null,"og_article_tags":null,"twitter_use_og":false,"twitter_card":"default","twitter_image_type":"default","twitter_image_url":null,"twitter_image_custom_url":null,"twitter_image_custom_fields":null,"twitter_title":null,"twitter_description":null,"schema":{"blockGraphs":[],"customGraphs":[],"default":{"data":{"Article":[],"Course":[],"Dataset":[],"FAQPage":[],"Movie":[],"Person":[],"Product":[],"ProductReview":[],"Car":[],"Recipe":[],"Service":[],"SoftwareApplication":[],"WebPage":[]},"graphName":"","isEnabled":true},"graphs":[]},"schema_type":"default","schema_type_options":null,"pillar_content":false,"robots_default":true,"robots_noindex":false,"robots_noarchive":false,"robots_nosnippet":false,"robots_nofollow":false,"robots_noimageindex":false,"robots_noodp":false,"robots_notranslate":false,"robots_max_snippet":null,"robots_max_videopreview":null,"robots_max_imagepreview":"large","priority":null,"frequency":null,"local_seo":null,"breadcrumb_settings":null,"limit_modified_date":false,"ai":null,"created":"2024-03-05 01:51:28","updated":"2026-03-03 05:06:08","seo_analyzer_scan_date":null,"focus_keyword":null,"additional_keywords":null,"truseo_locale":null},"aioseo_breadcrumb":"<div class=\"aioseo-breadcrumbs\"><span class=\"aioseo-breadcrumb\">\n\t\t\t<a href=\"https:\/\/contadoreshoy.com\" title=\"Home\">Home<\/a>\n\t\t<\/span><span class=\"aioseo-breadcrumb-separator\">&raquo;<\/span><span class=\"aioseo-breadcrumb\">\n\t\t\t<a href=\"https:\/\/contadoreshoy.com\/?cat=1\" title=\"Uncategorized\">Uncategorized<\/a>\n\t\t<\/span><span class=\"aioseo-breadcrumb-separator\">&raquo;<\/span><span class=\"aioseo-breadcrumb\">\n\t\t\tPago adicional de incapacidades no deducible \u2013 Oficio DIAN 001149 febrero 02 de 2016\n\t\t<\/span><\/div>","aioseo_breadcrumb_json":[{"label":"Home","link":"https:\/\/contadoreshoy.com"},{"label":"Uncategorized","link":"https:\/\/contadoreshoy.com\/?cat=1"},{"label":"Pago adicional de incapacidades no deducible &#8211; Oficio DIAN 001149 febrero 02 de 2016","link":"https:\/\/contadoreshoy.com\/?p=10104"}],"yoast_head":"<!-- This site is optimized with the Yoast SEO plugin v28.4 - https:\/\/yoast.com\/product\/yoast-seo-wordpress\/ -->\n<title>Pago adicional de incapacidades no deducible - Oficio DIAN 001149 febrero 02 de 2016 - Contadores P\u00fablicos<\/title>\n<meta name=\"robots\" content=\"index, follow, max-snippet:-1, max-image-preview:large, max-video-preview:-1\" \/>\n<link rel=\"canonical\" href=\"https:\/\/contadoreshoy.com\/?p=10104\" \/>\n<meta property=\"og:locale\" content=\"es_ES\" \/>\n<meta property=\"og:type\" content=\"article\" \/>\n<meta property=\"og:title\" content=\"Pago adicional de incapacidades no deducible - Oficio DIAN 001149 febrero 02 de 2016 - Contadores P\u00fablicos\" \/>\n<meta property=\"og:description\" content=\"Los pagos complementarios a los realizados por las Entidades Prestadoras de Salud EPS a partir del tercer d\u00eda por el empleador, no se encuadran dentro del concepto de car\u00e1cter salarial&#046;&#046;&#046;\" \/>\n<meta property=\"og:url\" content=\"https:\/\/contadoreshoy.com\/?p=10104\" \/>\n<meta property=\"og:site_name\" content=\"Contadores P\u00fablicos\" \/>\n<meta property=\"article:publisher\" content=\"https:\/\/www.facebook.com\/CCCPBucaramanga\/\" \/>\n<meta property=\"article:published_time\" content=\"2017-09-20T03:39:11+00:00\" \/>\n<meta property=\"og:image\" content=\"https:\/\/contadoreshoy.com\/wp-content\/uploads\/2017\/09\/incapacidades.jpg\" \/>\n\t<meta property=\"og:image:width\" content=\"600\" \/>\n\t<meta property=\"og:image:height\" content=\"400\" \/>\n\t<meta property=\"og:image:type\" content=\"image\/jpeg\" \/>\n<meta name=\"author\" content=\"Miguel Antonio M\u00e1rquez Monta\u00f1ez\" \/>\n<meta name=\"twitter:card\" content=\"summary_large_image\" \/>\n<meta name=\"twitter:label1\" content=\"Escrito por\" \/>\n\t<meta name=\"twitter:data1\" content=\"Miguel Antonio M\u00e1rquez Monta\u00f1ez\" \/>\n\t<meta name=\"twitter:label2\" content=\"Tiempo de lectura\" \/>\n\t<meta name=\"twitter:data2\" content=\"5 minutos\" \/>\n<script type=\"application\/ld+json\" class=\"yoast-schema-graph\">{\"@context\":\"https:\\\/\\\/schema.org\",\"@graph\":[{\"@type\":\"Article\",\"@id\":\"https:\\\/\\\/contadoreshoy.com\\\/?p=10104#article\",\"isPartOf\":{\"@id\":\"https:\\\/\\\/contadoreshoy.com\\\/?p=10104\"},\"author\":{\"name\":\"Miguel Antonio M\u00e1rquez Monta\u00f1ez\",\"@id\":\"https:\\\/\\\/contadoreshoy.com\\\/#\\\/schema\\\/person\\\/96d8979cb865537c5dc9345e40089fc5\"},\"headline\":\"Pago adicional de incapacidades no deducible &#8211; Oficio DIAN 001149 febrero 02 de 2016\",\"datePublished\":\"2017-09-20T03:39:11+00:00\",\"mainEntityOfPage\":{\"@id\":\"https:\\\/\\\/contadoreshoy.com\\\/?p=10104\"},\"wordCount\":990,\"publisher\":{\"@id\":\"https:\\\/\\\/contadoreshoy.com\\\/#organization\"},\"image\":{\"@id\":\"https:\\\/\\\/contadoreshoy.com\\\/?p=10104#primaryimage\"},\"thumbnailUrl\":\"https:\\\/\\\/contadoreshoy.com\\\/wp-content\\\/uploads\\\/2017\\\/09\\\/incapacidades.jpg\",\"articleSection\":{\"1\":\"Uncategorized\"},\"inLanguage\":\"es\"},{\"@type\":\"WebPage\",\"@id\":\"https:\\\/\\\/contadoreshoy.com\\\/?p=10104\",\"url\":\"https:\\\/\\\/contadoreshoy.com\\\/?p=10104\",\"name\":\"Pago adicional de incapacidades no deducible - Oficio DIAN 001149 febrero 02 de 2016 - Contadores P\u00fablicos\",\"isPartOf\":{\"@id\":\"https:\\\/\\\/contadoreshoy.com\\\/#website\"},\"primaryImageOfPage\":{\"@id\":\"https:\\\/\\\/contadoreshoy.com\\\/?p=10104#primaryimage\"},\"image\":{\"@id\":\"https:\\\/\\\/contadoreshoy.com\\\/?p=10104#primaryimage\"},\"thumbnailUrl\":\"https:\\\/\\\/contadoreshoy.com\\\/wp-content\\\/uploads\\\/2017\\\/09\\\/incapacidades.jpg\",\"datePublished\":\"2017-09-20T03:39:11+00:00\",\"breadcrumb\":{\"@id\":\"https:\\\/\\\/contadoreshoy.com\\\/?p=10104#breadcrumb\"},\"inLanguage\":\"es\",\"potentialAction\":[{\"@type\":\"ReadAction\",\"target\":[\"https:\\\/\\\/contadoreshoy.com\\\/?p=10104\"]}]},{\"@type\":\"ImageObject\",\"inLanguage\":\"es\",\"@id\":\"https:\\\/\\\/contadoreshoy.com\\\/?p=10104#primaryimage\",\"url\":\"https:\\\/\\\/contadoreshoy.com\\\/wp-content\\\/uploads\\\/2017\\\/09\\\/incapacidades.jpg\",\"contentUrl\":\"https:\\\/\\\/contadoreshoy.com\\\/wp-content\\\/uploads\\\/2017\\\/09\\\/incapacidades.jpg\",\"width\":600,\"height\":400},{\"@type\":\"BreadcrumbList\",\"@id\":\"https:\\\/\\\/contadoreshoy.com\\\/?p=10104#breadcrumb\",\"itemListElement\":[{\"@type\":\"ListItem\",\"position\":1,\"name\":\"Portada\",\"item\":\"https:\\\/\\\/contadoreshoy.com\\\/\"},{\"@type\":\"ListItem\",\"position\":2,\"name\":\"Pago adicional de incapacidades no deducible &#8211; Oficio DIAN 001149 febrero 02 de 2016\"}]},{\"@type\":\"WebSite\",\"@id\":\"https:\\\/\\\/contadoreshoy.com\\\/#website\",\"url\":\"https:\\\/\\\/contadoreshoy.com\\\/\",\"name\":\"Contadorespublicossantander\",\"description\":\"Portal para Contadores P\u00fablicos y empresarios\",\"publisher\":{\"@id\":\"https:\\\/\\\/contadoreshoy.com\\\/#organization\"},\"potentialAction\":[{\"@type\":\"SearchAction\",\"target\":{\"@type\":\"EntryPoint\",\"urlTemplate\":\"https:\\\/\\\/contadoreshoy.com\\\/?s={search_term_string}\"},\"query-input\":{\"@type\":\"PropertyValueSpecification\",\"valueRequired\":true,\"valueName\":\"search_term_string\"}}],\"inLanguage\":\"es\"},{\"@type\":\"Organization\",\"@id\":\"https:\\\/\\\/contadoreshoy.com\\\/#organization\",\"name\":\"Contadores P\u00fablicos de Santander\",\"url\":\"https:\\\/\\\/contadoreshoy.com\\\/\",\"logo\":{\"@type\":\"ImageObject\",\"inLanguage\":\"es\",\"@id\":\"https:\\\/\\\/contadoreshoy.com\\\/#\\\/schema\\\/logo\\\/image\\\/\",\"url\":\"https:\\\/\\\/contadoreshoy.com\\\/wp-content\\\/uploads\\\/2024\\\/01\\\/cropped-cropped-Copia-de-M-1.jpg\",\"contentUrl\":\"https:\\\/\\\/contadoreshoy.com\\\/wp-content\\\/uploads\\\/2024\\\/01\\\/cropped-cropped-Copia-de-M-1.jpg\",\"width\":499,\"height\":500,\"caption\":\"Contadores P\u00fablicos de Santander\"},\"image\":{\"@id\":\"https:\\\/\\\/contadoreshoy.com\\\/#\\\/schema\\\/logo\\\/image\\\/\"},\"sameAs\":[\"https:\\\/\\\/www.facebook.com\\\/CCCPBucaramanga\\\/\"]},{\"@type\":\"Person\",\"@id\":\"https:\\\/\\\/contadoreshoy.com\\\/#\\\/schema\\\/person\\\/96d8979cb865537c5dc9345e40089fc5\",\"name\":\"Miguel Antonio M\u00e1rquez Monta\u00f1ez\",\"description\":\"Contador P\u00fablico egresado de la Universidad Aut\u00f3noma de Bucaramanga - Asesor contable tributario con m\u00e1s de 25 a\u00f1os de experiencia - Conferencista en temas contables y tributarios - T\u00e9cnico en Hardware y Dise\u00f1o Web - Creador y director Grupo de Estudio Colegio Colombiano de Contadores P\u00fablicos de Bucaramanga - Creador y Master Web p\u00e1gina www.contadoresp\u00fablicossantander.com - Expresidente Colegio Colombiano de Contadores P\u00fablicos Bucaramanga\",\"url\":\"https:\\\/\\\/contadoreshoy.com\\\/?author=1\"}]}<\/script>\n<!-- \/ Yoast SEO plugin. -->","yoast_head_json":{"title":"Pago adicional de incapacidades no deducible - Oficio DIAN 001149 febrero 02 de 2016 - Contadores P\u00fablicos","robots":{"index":"index","follow":"follow","max-snippet":"max-snippet:-1","max-image-preview":"max-image-preview:large","max-video-preview":"max-video-preview:-1"},"canonical":"https:\/\/contadoreshoy.com\/?p=10104","og_locale":"es_ES","og_type":"article","og_title":"Pago adicional de incapacidades no deducible - Oficio DIAN 001149 febrero 02 de 2016 - Contadores P\u00fablicos","og_description":"Los pagos complementarios a los realizados por las Entidades Prestadoras de Salud EPS a partir del tercer d\u00eda por el empleador, no se encuadran dentro del concepto de car\u00e1cter salarial&#46;&#46;&#46;","og_url":"https:\/\/contadoreshoy.com\/?p=10104","og_site_name":"Contadores P\u00fablicos","article_publisher":"https:\/\/www.facebook.com\/CCCPBucaramanga\/","article_published_time":"2017-09-20T03:39:11+00:00","og_image":[{"width":600,"height":400,"url":"https:\/\/contadoreshoy.com\/wp-content\/uploads\/2017\/09\/incapacidades.jpg","type":"image\/jpeg"}],"author":"Miguel Antonio M\u00e1rquez Monta\u00f1ez","twitter_card":"summary_large_image","twitter_misc":{"Escrito por":"Miguel Antonio M\u00e1rquez Monta\u00f1ez","Tiempo de lectura":"5 minutos"},"schema":{"@context":"https:\/\/schema.org","@graph":[{"@type":"Article","@id":"https:\/\/contadoreshoy.com\/?p=10104#article","isPartOf":{"@id":"https:\/\/contadoreshoy.com\/?p=10104"},"author":{"name":"Miguel Antonio M\u00e1rquez Monta\u00f1ez","@id":"https:\/\/contadoreshoy.com\/#\/schema\/person\/96d8979cb865537c5dc9345e40089fc5"},"headline":"Pago adicional de incapacidades no deducible &#8211; Oficio DIAN 001149 febrero 02 de 2016","datePublished":"2017-09-20T03:39:11+00:00","mainEntityOfPage":{"@id":"https:\/\/contadoreshoy.com\/?p=10104"},"wordCount":990,"publisher":{"@id":"https:\/\/contadoreshoy.com\/#organization"},"image":{"@id":"https:\/\/contadoreshoy.com\/?p=10104#primaryimage"},"thumbnailUrl":"https:\/\/contadoreshoy.com\/wp-content\/uploads\/2017\/09\/incapacidades.jpg","articleSection":{"1":"Uncategorized"},"inLanguage":"es"},{"@type":"WebPage","@id":"https:\/\/contadoreshoy.com\/?p=10104","url":"https:\/\/contadoreshoy.com\/?p=10104","name":"Pago adicional de incapacidades no deducible - Oficio DIAN 001149 febrero 02 de 2016 - Contadores P\u00fablicos","isPartOf":{"@id":"https:\/\/contadoreshoy.com\/#website"},"primaryImageOfPage":{"@id":"https:\/\/contadoreshoy.com\/?p=10104#primaryimage"},"image":{"@id":"https:\/\/contadoreshoy.com\/?p=10104#primaryimage"},"thumbnailUrl":"https:\/\/contadoreshoy.com\/wp-content\/uploads\/2017\/09\/incapacidades.jpg","datePublished":"2017-09-20T03:39:11+00:00","breadcrumb":{"@id":"https:\/\/contadoreshoy.com\/?p=10104#breadcrumb"},"inLanguage":"es","potentialAction":[{"@type":"ReadAction","target":["https:\/\/contadoreshoy.com\/?p=10104"]}]},{"@type":"ImageObject","inLanguage":"es","@id":"https:\/\/contadoreshoy.com\/?p=10104#primaryimage","url":"https:\/\/contadoreshoy.com\/wp-content\/uploads\/2017\/09\/incapacidades.jpg","contentUrl":"https:\/\/contadoreshoy.com\/wp-content\/uploads\/2017\/09\/incapacidades.jpg","width":600,"height":400},{"@type":"BreadcrumbList","@id":"https:\/\/contadoreshoy.com\/?p=10104#breadcrumb","itemListElement":[{"@type":"ListItem","position":1,"name":"Portada","item":"https:\/\/contadoreshoy.com\/"},{"@type":"ListItem","position":2,"name":"Pago adicional de incapacidades no deducible &#8211; Oficio DIAN 001149 febrero 02 de 2016"}]},{"@type":"WebSite","@id":"https:\/\/contadoreshoy.com\/#website","url":"https:\/\/contadoreshoy.com\/","name":"Contadorespublicossantander","description":"Portal para Contadores P\u00fablicos y empresarios","publisher":{"@id":"https:\/\/contadoreshoy.com\/#organization"},"potentialAction":[{"@type":"SearchAction","target":{"@type":"EntryPoint","urlTemplate":"https:\/\/contadoreshoy.com\/?s={search_term_string}"},"query-input":{"@type":"PropertyValueSpecification","valueRequired":true,"valueName":"search_term_string"}}],"inLanguage":"es"},{"@type":"Organization","@id":"https:\/\/contadoreshoy.com\/#organization","name":"Contadores P\u00fablicos de Santander","url":"https:\/\/contadoreshoy.com\/","logo":{"@type":"ImageObject","inLanguage":"es","@id":"https:\/\/contadoreshoy.com\/#\/schema\/logo\/image\/","url":"https:\/\/contadoreshoy.com\/wp-content\/uploads\/2024\/01\/cropped-cropped-Copia-de-M-1.jpg","contentUrl":"https:\/\/contadoreshoy.com\/wp-content\/uploads\/2024\/01\/cropped-cropped-Copia-de-M-1.jpg","width":499,"height":500,"caption":"Contadores P\u00fablicos de Santander"},"image":{"@id":"https:\/\/contadoreshoy.com\/#\/schema\/logo\/image\/"},"sameAs":["https:\/\/www.facebook.com\/CCCPBucaramanga\/"]},{"@type":"Person","@id":"https:\/\/contadoreshoy.com\/#\/schema\/person\/96d8979cb865537c5dc9345e40089fc5","name":"Miguel Antonio M\u00e1rquez Monta\u00f1ez","description":"Contador P\u00fablico egresado de la Universidad Aut\u00f3noma de Bucaramanga - Asesor contable tributario con m\u00e1s de 25 a\u00f1os de experiencia - Conferencista en temas contables y tributarios - T\u00e9cnico en Hardware y Dise\u00f1o Web - Creador y director Grupo de Estudio Colegio Colombiano de Contadores P\u00fablicos de Bucaramanga - Creador y Master Web p\u00e1gina www.contadoresp\u00fablicossantander.com - Expresidente Colegio Colombiano de Contadores P\u00fablicos Bucaramanga","url":"https:\/\/contadoreshoy.com\/?author=1"}]}},"_links":{"self":[{"href":"https:\/\/contadoreshoy.com\/index.php?rest_route=\/wp\/v2\/posts\/10104","targetHints":{"allow":["GET"]}}],"collection":[{"href":"https:\/\/contadoreshoy.com\/index.php?rest_route=\/wp\/v2\/posts"}],"about":[{"href":"https:\/\/contadoreshoy.com\/index.php?rest_route=\/wp\/v2\/types\/post"}],"author":[{"embeddable":true,"href":"https:\/\/contadoreshoy.com\/index.php?rest_route=\/wp\/v2\/users\/1"}],"replies":[{"embeddable":true,"href":"https:\/\/contadoreshoy.com\/index.php?rest_route=%2Fwp%2Fv2%2Fcomments&post=10104"}],"version-history":[{"count":1,"href":"https:\/\/contadoreshoy.com\/index.php?rest_route=\/wp\/v2\/posts\/10104\/revisions"}],"predecessor-version":[{"id":10106,"href":"https:\/\/contadoreshoy.com\/index.php?rest_route=\/wp\/v2\/posts\/10104\/revisions\/10106"}],"wp:featuredmedia":[{"embeddable":true,"href":"https:\/\/contadoreshoy.com\/index.php?rest_route=\/wp\/v2\/media\/10105"}],"wp:attachment":[{"href":"https:\/\/contadoreshoy.com\/index.php?rest_route=%2Fwp%2Fv2%2Fmedia&parent=10104"}],"wp:term":[{"taxonomy":"category","embeddable":true,"href":"https:\/\/contadoreshoy.com\/index.php?rest_route=%2Fwp%2Fv2%2Fcategories&post=10104"},{"taxonomy":"post_tag","embeddable":true,"href":"https:\/\/contadoreshoy.com\/index.php?rest_route=%2Fwp%2Fv2%2Ftags&post=10104"}],"curies":[{"name":"wp","href":"https:\/\/api.w.org\/{rel}","templated":true}]}}