{"id":10126,"date":"2017-10-04T21:40:29","date_gmt":"2017-10-05T02:40:29","guid":{"rendered":"https:\/\/contadoreshoy.com\/?p=10126"},"modified":"2017-10-06T12:13:09","modified_gmt":"2017-10-06T17:13:09","slug":"confirmado-ugpp-aplicando-norma-no-reglamentada-comerciantes-rentistas-capital","status":"publish","type":"post","link":"https:\/\/contadoreshoy.com\/?p=10126","title":{"rendered":"\u00a1Confirmado!&#8230; UGPP aplicando norma no reglamentada sobre comerciantes y rentistas de capital"},"content":{"rendered":"<p style=\"text-align: justify;\">En el d\u00eda de hoy (mi\u00e9rcoles 04 de octubre de 2017), asist\u00ed a una intervenci\u00f3n por parte de un funcionario de la Unidad de Gesti\u00f3n Pensional y Parafiscales (UGPP), charla efectuada en el Aula Magna de la Universidad Santo Tom\u00e1s de la ciudad de Bucaramanga.<\/p>\n<p style=\"text-align: justify;\">Como de costumbre, el funcionario de la UGPP procedi\u00f3 a presentar lo que est\u00e1 haciendo esta unidad administrativa acerca de los requerimientos hacia personas naturales, y narr\u00f3 lo que la mayor\u00eda ya sabemos acerca del procedimiento para responder a los requerimientos, t\u00e9rminos y r\u00e9gimen sancionatorio.<\/p>\n<p style=\"text-align: justify;\"><strong><span style=\"color: #0000ff;\">La charla estuvo muy bonita, pero cuando lleg\u00f3 el momento de preguntas y respuestas, tom\u00e9 la palabra y le solicit\u00e9 al funcionario exponente que me dijera cual era la norma que estaba reglamentando el art\u00edculo 135 de la ley 1753 de junio 09 de 2015; norma sobre la cual se estan basando para elevar a la categor\u00eda de evasores desde el a\u00f1o gravable 2014, a las personas naturales comerciantes (vendedores de bienes muebles e inmuebles), a los rentistas de capital y a los inversionistas.<\/span><\/strong><\/p>\n<p style=\"text-align: justify;\"><strong><span style=\"color: #ff6600;\">Como era de esperarse, el funcionario dio vueltas y despu\u00e9s de mi insistencia, <em>termin\u00f3 diciendo que el decreto reglamentario a\u00fan no hab\u00eda sido expedido<\/em>, <span style=\"text-decoration: underline;\">pero que la UGPP estaba haciendo su reglamentaci\u00f3n por partes, y seg\u00fan el para favorecer a los implicados.<\/span><\/span><\/strong><\/p>\n<p style=\"text-align: justify;\"><strong>Se\u00f1ores, como puede una entidad oficial aplicar una norma que est\u00e1 pendiente de reglamentaci\u00f3n, y con el agravante de estarlo haciendo en forma retroactiva ??? Es decir, el ente fiscalizador con el \u00e1nimo de presentar resultados y obtener recursos, procede a interpretar a su conveniencia una nueva norma.<\/strong><\/p>\n<p style=\"text-align: justify;\">Una ley solo puede ser reglamentada por un decreto reglamentario, aprobado por el congreso nacional y sancionado por el presidente de la Rep\u00fablica de turno, mas no puede ser reglamentada a su ama\u00f1o por cualquier otro ente oficial, y menos si este es el ente fiscalizador.<\/p>\n<p style=\"text-align: justify;\"><strong><em>En el art\u00edculo 135 de la <a href=\"http:\/\/www.alcaldiabogota.gov.co\/sisjur\/normas\/Norma1.jsp?i=61933\" target=\"_blank\" rel=\"noopener\">ley 1753 de junio 09 de 2015<\/a>, se hace referencia por primera vez al \u00abIngreso Base de Cotizaci\u00f3n\u00bb (IBC) de los \u00abindependientes con contrato diferente a prestaci\u00f3n de servicios\u00bb, pero este t\u00e9rmino a\u00fan no ha sido definido por norma alguna, y no le es dable al ente fiscalizador definirlo a su acomodo<\/em><\/strong>.<\/p>\n<p style=\"text-align: justify;\"><span style=\"color: #0000ff;\"><strong>Le dije al funcionario de la UGPP, que me relacionara las normas en las cuales se obliga t\u00e1citamente, a los rentistas de capital y comerciantes a cumplir con el r\u00e9gimen de seguridad social.<\/strong><\/span><\/p>\n<p style=\"text-align: justify;\"><span style=\"color: #ff6600;\">De nuevo el funcionario dio vueltas y termin\u00f3 diciendo que luego nos referenciaba las normas.<\/span><\/p>\n<p style=\"text-align: justify;\"><em><strong>Pues, la respuesta es que dicha norma no existe, porque siempre se ha hecho referencia a prestadores de servicios, tanto del sector p\u00fablico como privado. Solo en el art\u00edculo 135 de la <a href=\"http:\/\/www.alcaldiabogota.gov.co\/sisjur\/normas\/Norma1.jsp?i=61933\" target=\"_blank\" rel=\"noopener\">ley 1753 de 2015<\/a>, se establece el Ingreso Base de Cotizaci\u00f3n (IBC) de los independientes con contrato diferente a prestaci\u00f3n de servicios:<\/strong><\/em><\/p>\n<p style=\"text-align: justify;\"><em>\u00abArt\u00edculo 135 <a href=\"http:\/\/www.alcaldiabogota.gov.co\/sisjur\/normas\/Norma1.jsp?i=61933\" target=\"_blank\" rel=\"noopener\">ley 1753 de 2015<\/a>. Ingreso base de cotizaci\u00f3n (IBC) de los independientes. Los trabajadores independientes por cuenta propia y los independientes con contrato diferente a prestaci\u00f3n de servicios que perciban ingresos mensuales iguales o superiores a un (1) salario m\u00ednimo mensual legal vigente (smmlv), cotizar\u00e1n mes vencido al Sistema Integral de Seguridad Social sobre un ingreso base de cotizaci\u00f3n m\u00ednimo del cuarenta por ciento (40%) del valor mensualizado de sus ingresos, sin incluir el valor total del impuesto al valor agregado (IVA), cuando a ello haya lugar, seg\u00fan el r\u00e9gimen tributario que corresponda&#8230;&#8230;&#8230;&#8230;&#8230;&#8230;. \u00ab<\/em><\/p>\n<p style=\"text-align: justify;\">Como puede verse, por primera vez se hace referencia a \u00abIndependientes con contrato diferente a prestaci\u00f3n de servicios\u00bb, ahora necesitamos el decreto reglamentario que aclare lo siguiente:<\/p>\n<ol>\n<li style=\"text-align: justify;\">Definir el t\u00e9rmino \u00abIndependientes con contrato diferente a prestaci\u00f3n de servicios\u00bb;<\/li>\n<li style=\"text-align: justify;\">Quienes est\u00e1n definidos como \u00abIndependientes con contrato diferente a prestaci\u00f3n de servicios\u00bb;<\/li>\n<li style=\"text-align: justify;\">Como determinar la base m\u00ednima de cotizaci\u00f3n para los comerciantes. Se deber\u00e1 tomar la renta l\u00edquida declarada en el a\u00f1o anterior ? Se deber\u00e1 determinar una base cada mes ? Y si es cada mes se deben hacer inventarios f\u00edsicos mensuales para establecer el costo de ventas ? etc..ect..<\/li>\n<li style=\"text-align: justify;\">Cual es la metodolog\u00eda para determinar el sistema de presunci\u00f3n de ingresos.<\/li>\n<\/ol>\n<p style=\"text-align: justify;\">Hay mucho por reglamentar, y mas cuando el aporte de salud y pensi\u00f3n para un independiente es del 28,5% sobre el Ingreso Base de Cotizaci\u00f3n (IBC), un porcentaje bastante oneroso.<\/p>\n<p style=\"text-align: justify;\"><strong><span style=\"text-decoration: underline;\">Determinar los costos y deducciones para un prestador de servicios no es tan complicado como para un vendedor de bienes, quien para establecer su costo de ventas debe involucrar el juego de inventarios, depreciaciones, amortizaciones, deterioro, provisiones etc. El asunto no es tan f\u00e1cil como lo quiere hacer ver la UGPP, se necesita una reglamentaci\u00f3n clara y precisa, y para eso es necesario el decreto reglamentario respectivo.<\/span><\/strong><\/p>\n<p style=\"text-align: justify;\"><strong>Por obra y magia de los funcionarios de la UGPP, determinaron incluir a conveniencia, en el t\u00e9rmino \u00abIndependientes con contrato diferente a prestaci\u00f3n de servicios\u00bb, a los rentistas de capital y a comerciantes personas naturales vendedores de bienes muebles e inmuebles. Se\u00f1ores el congreso ha sido reemplazado en sus funciones legislativas !!!<\/strong><\/p>\n<p style=\"text-align: justify;\"><strong><span style=\"color: #ff0000;\">De la noche a la ma\u00f1ana la UGPP convirti\u00f3 a todas las personas naturales comerciantes y rentistas de capital, como evasores de los aportes a seguridad social, y desde el a\u00f1o gravable 2014. Hasta ahora han enviado 7.000 requerimientos, es decir que lo est\u00e1 haciendo de a poquito para que no haya respuesta masiva. <\/span><\/strong><\/p>\n<p style=\"text-align: justify;\"><span style=\"text-decoration: underline;\"><span style=\"color: #000000; text-decoration: underline;\"><strong>La tarea para la UGPP es f\u00e1cil, bajo su interpretaci\u00f3n ama\u00f1ada, requerir y sancionar a todas las personas naturales no prestadores de servicios, llenando as\u00ed las arcas del Estado y de paso quebrando a muchos empresarios. Deber\u00edan requerirlos a todos de una vez, para ver si despertamos del letargo en que nos hemos sumido y reaccionamos ante tantos abusos que nos viene aplicando este gobierno desde la ley 1607 del 2012<\/strong>. <\/span><\/span><\/p>\n<p style=\"text-align: justify;\">Pregunto: Y que han hecho los representantes de la entidades gremiales al respecto ?<\/p>\n<p style=\"text-align: justify;\"><span style=\"text-decoration: underline;\"><strong>La mayor\u00eda de abogados le dicen al afectado que no le garantizan nada, y se limitan a jugar con los t\u00e9rminos para que la sanci\u00f3n sea del 35% y no del 60%, pero en s\u00ed no est\u00e1n desvirtuando las pretensiones ilegales de la UGPP, porque el asunto es que est\u00e1n aplicando una norma que no ha sido reglamentada y mucho menos si la hacen en forma retroactiva. Pi\u00f1ata para los abogados !!!<\/strong><\/span><\/p>\n<p style=\"text-align: justify;\"><strong><span style=\"color: #ff6600;\">Se\u00f1ores, este problema se debe enfrentar en bloque a nivel gremial, porque de lo contrario tal como ha sucedido hasta ahora, la UGPP los va a afectar considerablemente, poniendo en riesgo su estabilidad econ\u00f3mica.<\/span><\/strong><\/p>\n<p style=\"text-align: justify;\">Solo hasta ahora se est\u00e1 trabajando sobre un proyecto de decreto reglamentario sobre el art\u00edculo 135 de la ley 1753 de 2015, mientras tanto dicho art\u00edculo no se puede aplicar.<\/p>\n<p style=\"text-align: justify;\">En Colombia todas las personas naturales tienen que pertenecer al r\u00e9gimen contributivo o al subsidiado, pero hasta la fecha solo existe reglamentaci\u00f3n para el caso de los trabajadores y de los prestadores de servicios, mas no para los rentistas de capital y vendedores de bienes muebles e inmuebles; a\u00fan estamos a la espera de la reglamentaci\u00f3n del art\u00edculo 135 de la ley 1753 de 2015.<\/p>\n<p style=\"text-align: justify;\"><span style=\"text-decoration: underline;\"><strong><span style=\"color: #0000ff; text-decoration: underline;\">Las normas tienen que ser claras y precisas, y mas cuando se trata de nuevas obligaciones y de nuevos obligados.<\/span><\/strong><\/span><\/p>\n<p style=\"text-align: justify;\"><span style=\"color: #ff6600;\"><strong>El sector privado se encuentra agobiado por tantas cargas impositivas, y por tantos requerimientos para poder ejercer,&nbsp; todo bajo amenaza de imposici\u00f3n de cuantiosas sanciones que pueden conllevar a la ruina. Y como si fuera poco, ahora la UGPP est\u00e1 poniendo su granito de arena para acabar con la iniciativa privada. Que dif\u00edcil es hacer empresa en Colombia, pues casi el 70% de las utilidades obtenidas se van entre impuestos nacionales y departamentales, y ahora agr\u00e9guele el 28,5% de aportes de seguridad social sobre altas bases, y esto sin contar que se haga acreedor&nbsp; a cualquiera de las multas establecidas, ya sea por impuestos o por problemas con los reporte de informaci\u00f3n ex\u00f3gena a tanta entidad oficial que lo requiere, mejor dicho apague y v\u00e1monos \u00a1\u00a1\u00a1.<\/strong><\/span><\/p>\n<p style=\"text-align: justify;\"><span style=\"font-size: 14pt;\"><strong><span style=\"color: #000080;\">A continuaci\u00f3n relaciono las normas que obligan a los independientes a cotizar al Sistema General de Seguridad social en salud, pensi\u00f3n y riesgos profesionales:<\/span><\/strong><\/span><\/p>\n<p style=\"text-align: justify;\"><em><strong><u>\u00abEl art\u00edculo 18 de la <a href=\"http:\/\/www.alcaldiabogota.gov.co\/sisjur\/normas\/Norma1.jsp?i=22600\" target=\"_blank\" rel=\"noopener\">ley 1122 de 2007<\/a> establece que <span style=\"color: #0000ff;\"><span style=\"color: #ff6600;\">los independientes contratistas de prestaci\u00f3n de servicios cotizar\u00e1n al Sistema General de Seguridad social en Salud el porcentaje obligatorio para salud sobre una base de la cotizaci\u00f3n m\u00e1xima de un 40% del valor mensualizado del contrato<\/span>.<\/span><\/u><\/strong> El contratista podr\u00e1 autorizar a la entidad contratante el descuento y pago de la cotizaci\u00f3n sin que ello genere relaci\u00f3n laboral.<\/em><\/p>\n<p style=\"text-align: justify;\"><em><strong><u>El art\u00edculo 2 de la <a href=\"http:\/\/www.alcaldiabogota.gov.co\/sisjur\/normas\/Norma1.jsp?i=48365\" target=\"_blank\" rel=\"noopener\">ley 1562 de 2012<\/a> establece como <span style=\"color: #ff6600;\">afiliados obligatorios al sistema general de riesgos laborales a las personas vinculadas a trav\u00e9s de un contrato formal de prestaci\u00f3n de servicios con entidades o instituciones p\u00fablicas o privadas<\/span><\/u><\/strong>, tales como contratos civiles, comerciales o administrativos, <span style=\"color: #ff6600;\"><strong><u>con una duraci\u00f3n superior a un mes y con precisi\u00f3n de las situaciones de tiempo, modo y lugar en que se realiza dicha prestaci\u00f3n.<\/u><\/strong><\/span><\/em><\/p>\n<p style=\"text-align: justify;\"><em><strong><u>El art\u00edculo 3 de la <a href=\"http:\/\/www.alcaldiabogota.gov.co\/sisjur\/normas\/Norma1.jsp?i=7223\" target=\"_blank\" rel=\"noopener\">ley 797 de 2003<\/a><\/u><\/strong>, que modifica el art\u00edculo 15 de la<a href=\"http:\/\/www.alcaldiabogota.gov.co\/sisjur\/normas\/Norma1.jsp?i=5248\" target=\"_blank\" rel=\"noopener\"> ley 100 de 1993<\/a>, <span style=\"color: #ff6600;\"><strong><u>establece como afiliados obligatorios al Sistema General de Pensiones<\/u><\/strong> a todas aquellas personas vinculadas mediante contrato de trabajo o como servidores p\u00fablicos. <strong><u>As\u00ed mismo, las personas naturales que presten directamente servicios al Estado o a las entidades o empresas del sector privado, bajo la modalidad de contratos de prestaci\u00f3n de servicios, o cualquier otra modalidad de servicios que adopten, los trabajadores independientes<\/u><\/strong>\u2026<\/span><\/em><\/p>\n<p style=\"text-align: justify;\"><em><strong>Art\u00edculo 135 <a href=\"http:\/\/www.alcaldiabogota.gov.co\/sisjur\/normas\/Norma1.jsp?i=61933\" target=\"_blank\" rel=\"noopener\">ley 1753 de 2015<\/a>. Ingreso base de cotizaci\u00f3n (IBC) de los independientes.<span style=\"color: #ff6600;\"><u>Los trabajadores independientes por cuenta propia y los independientes con contrato diferente a prestaci\u00f3n de servicios<\/u> que perciban ingresos mensuales iguales o superiores a un (1) salario m\u00ednimo mensual legal vigente (smmlv)<\/span>, <u>cotizar\u00e1n mes vencido al Sistema Integral de Seguridad Social sobre un ingreso base de cotizaci\u00f3n m\u00ednimo del cuarenta por ciento (40%) del valor mensualizado de sus ingresos,<\/u><\/strong> sin incluir el valor total del Impuesto al Valor Agregado (IVA), cuando a ello haya lugar, seg\u00fan el r\u00e9gimen tributario que corresponda.<\/em><\/p>\n<p style=\"text-align: justify;\"><em><strong><u>Para calcular la base m\u00ednima de cotizaci\u00f3n, se podr\u00e1n deducir las expensas que se generen de la ejecuci\u00f3n de la actividad o renta que genere los ingresos, siempre que cumplan los requisitos del art\u00edculo 107\u00b0 del Estatuto Tributario.<\/u><\/strong><\/em><\/p>\n<p style=\"text-align: justify;\"><em><strong><u>En caso de que el ingreso base de cotizaci\u00f3n as\u00ed obtenido resulte inferior al determinado por el sistema de presunci\u00f3n de ingresos que determine el Gobierno Nacional, se aplicar\u00e1 este \u00faltimo<\/u><\/strong><strong><u>&nbsp;seg\u00fan la metodolog\u00eda que para tal fin se establezca<\/u><\/strong> y tendr\u00e1 fiscalizaci\u00f3n preferente por parte de la Unidad Administrativa Especial de Gesti\u00f3n Pensional y Contribuciones Parafiscales de la Protecci\u00f3n Social (UGPP).&nbsp;<strong><u>No obstante, el afiliado podr\u00e1 pagar un menor valor al determinado para dicha presunci\u00f3n siempre y cuando cuente con los documentos que soportan la deducci\u00f3n de expensas, los cuales ser\u00e1n requeridos en los procesos de fiscalizaci\u00f3n preferente que adelante la UGPP<\/u><\/strong>.<\/em><\/p>\n<p style=\"text-align: justify;\"><em><strong><u>En el caso de los contratos de prestaci\u00f3n de servicios personales relacionados con las funciones de la entidad contratante y que no impliquen subcontrataci\u00f3n alguna o compra de insumos o expensas relacionados directamente con la ejecuci\u00f3n de contrato<\/u><\/strong><strong><u>,<\/u><\/strong> el ingreso base de cotizaci\u00f3n ser\u00e1 en todos los casos m\u00ednimo el 40% de valor mensualizado de cada contrato, sin incluir el valor total del Impuesto al Valor Agregado (IVA), y <strong><u>no aplicar\u00e1 el sistema de presunci\u00f3n de ingresos ni la deducci\u00f3n&nbsp; expensas.<\/u><\/strong> Los contratantes p\u00fablicos y privados deber\u00e1n efectuar directamente la retenci\u00f3n de la cotizaci\u00f3n de los contratistas, a partir de la fecha y en la forma que para el efecto establezca el Gobierno Nacional.<\/em><\/p>\n<p style=\"text-align: justify;\"><em>Cuando las personas objeto de la aplicaci\u00f3n de la presente ley perciban ingresos de forma simult\u00e1nea provenientes de la ejecuci\u00f3n de varias actividades o contratos, las cotizaciones correspondientes ser\u00e1n efectuadas por cada uno de los ingresos percibidos de conformidad con la normatividad aplicable. Lo anterior en concordancia con el art\u00edculo 5\u00b0 de la Ley 797 de 2003.\u00bb<\/em><\/p>\n","protected":false},"excerpt":{"rendered":"<p>En el d\u00eda de hoy (mi\u00e9rcoles 04 de octubre de 2017), asist\u00ed a una intervenci\u00f3n por parte de un funcionario de la Unidad de Gesti\u00f3n Pensional y Parafiscales (UGPP), charla&#46;&#46;&#46;<\/p>\n","protected":false},"author":1,"featured_media":10129,"comment_status":"closed","ping_status":"open","sticky":false,"template":"","format":"standard","meta":{"_monsterinsights_skip_tracking":false,"ngg_post_thumbnail":0,"footnotes":"","_links_to":"","_links_to_target":""},"categories":[454,458,1],"tags":[],"class_list":["post-10126","post","type-post","status-publish","format-standard","has-post-thumbnail","hentry","category-sin-categoria","category-ultimas","category-uncategorized"],"aioseo_notices":[],"aioseo_head":"\n\t\t<!-- All in One SEO 5.0.1.1 - aioseo.com -->\n\t<meta name=\"description\" content=\"En el d\u00eda de hoy (mi\u00e9rcoles 04 de octubre de 2017), asist\u00ed a una intervenci\u00f3n por parte de un funcionario de la Unidad de Gesti\u00f3n Pensional y Parafiscales (UGPP), charla efectuada en el Aula Magna de la Universidad Santo Tom\u00e1s de la ciudad de Bucaramanga. Como de costumbre, el funcionario de la UGPP procedi\u00f3 a\" \/>\n\t<meta name=\"robots\" content=\"max-image-preview:large\" \/>\n\t<meta name=\"author\" content=\"Miguel Antonio M\u00e1rquez Monta\u00f1ez\"\/>\n\t<link rel=\"canonical\" href=\"https:\/\/contadoreshoy.com\/?p=10126\" \/>\n\t<meta name=\"generator\" content=\"All in One SEO (AIOSEO) 5.0.1.1\" \/>\n\t\t<meta property=\"og:locale\" content=\"es_ES\" \/>\n\t\t<meta property=\"og:site_name\" content=\"Contadores P\u00fablicos - Portal para Contadores P\u00fablicos y empresarios\" \/>\n\t\t<meta property=\"og:type\" content=\"article\" \/>\n\t\t<meta property=\"og:title\" content=\"\u00a1Confirmado!\u2026 UGPP aplicando norma no reglamentada sobre comerciantes y rentistas de capital - Contadores P\u00fablicos\" \/>\n\t\t<meta property=\"og:description\" content=\"En el d\u00eda de hoy (mi\u00e9rcoles 04 de octubre de 2017), asist\u00ed a una intervenci\u00f3n por parte de un funcionario de la Unidad de Gesti\u00f3n Pensional y Parafiscales (UGPP), charla efectuada en el Aula Magna de la Universidad Santo Tom\u00e1s de la ciudad de Bucaramanga. Como de costumbre, el funcionario de la UGPP procedi\u00f3 a\" \/>\n\t\t<meta property=\"og:url\" content=\"https:\/\/contadoreshoy.com\/?p=10126\" \/>\n\t\t<meta property=\"og:image\" content=\"https:\/\/contadoreshoy.com\/wp-content\/uploads\/2024\/01\/cropped-cropped-cropped-Copia-de-M.jpg\" \/>\n\t\t<meta property=\"og:image:secure_url\" content=\"https:\/\/contadoreshoy.com\/wp-content\/uploads\/2024\/01\/cropped-cropped-cropped-Copia-de-M.jpg\" \/>\n\t\t<meta property=\"og:image:width\" content=\"512\" \/>\n\t\t<meta property=\"og:image:height\" content=\"371\" \/>\n\t\t<meta property=\"article:published_time\" content=\"2017-10-05T02:40:29+00:00\" \/>\n\t\t<meta property=\"article:modified_time\" content=\"2017-10-06T17:13:09+00:00\" \/>\n\t\t<meta name=\"twitter:card\" content=\"summary_large_image\" \/>\n\t\t<meta name=\"twitter:title\" content=\"\u00a1Confirmado!\u2026 UGPP aplicando norma no reglamentada sobre comerciantes y rentistas de capital - Contadores P\u00fablicos\" \/>\n\t\t<meta name=\"twitter:description\" content=\"En el d\u00eda de hoy (mi\u00e9rcoles 04 de octubre de 2017), asist\u00ed a una intervenci\u00f3n por parte de un funcionario de la Unidad de Gesti\u00f3n Pensional y Parafiscales (UGPP), charla efectuada en el Aula Magna de la Universidad Santo Tom\u00e1s de la ciudad de Bucaramanga. Como de costumbre, el funcionario de la UGPP procedi\u00f3 a\" \/>\n\t\t<meta name=\"twitter:image\" content=\"https:\/\/contadoreshoy.com\/wp-content\/uploads\/2024\/01\/cropped-cropped-cropped-Copia-de-M.jpg\" \/>\n\t\t<script type=\"application\/ld+json\" class=\"aioseo-schema\">\n\t\t\t{\"@context\":\"https:\\\/\\\/schema.org\",\"@graph\":[{\"@type\":\"BlogPosting\",\"@id\":\"https:\\\/\\\/contadoreshoy.com\\\/?p=10126#blogposting\",\"name\":\"\\u00a1Confirmado!\\u2026 UGPP aplicando norma no reglamentada sobre comerciantes y rentistas de capital - Contadores P\\u00fablicos\",\"headline\":\"\\u00a1Confirmado!&#8230; UGPP aplicando norma no reglamentada sobre comerciantes y rentistas de capital\",\"author\":{\"@id\":\"https:\\\/\\\/contadoreshoy.com\\\/?author=1#author\"},\"publisher\":{\"@id\":\"https:\\\/\\\/contadoreshoy.com\\\/#organization\"},\"image\":{\"@type\":\"ImageObject\",\"url\":\"https:\\\/\\\/contadoreshoy.com\\\/wp-content\\\/uploads\\\/2017\\\/10\\\/Mendigo-por-UGPP.jpg\",\"width\":600,\"height\":400},\"datePublished\":\"2017-10-04T21:40:29-05:00\",\"dateModified\":\"2017-10-06T12:13:09-05:00\",\"inLanguage\":\"es-ES\",\"mainEntityOfPage\":{\"@id\":\"https:\\\/\\\/contadoreshoy.com\\\/?p=10126#webpage\"},\"isPartOf\":{\"@id\":\"https:\\\/\\\/contadoreshoy.com\\\/?p=10126#webpage\"},\"articleSection\":\"Sin categor\\u00eda, Ultimas Noticias, Uncategorized\"},{\"@type\":\"BreadcrumbList\",\"@id\":\"https:\\\/\\\/contadoreshoy.com\\\/?p=10126#breadcrumblist\",\"itemListElement\":[{\"@type\":\"ListItem\",\"@id\":\"https:\\\/\\\/contadoreshoy.com#listItem\",\"position\":1,\"name\":\"Home\",\"item\":\"https:\\\/\\\/contadoreshoy.com\",\"nextItem\":{\"@type\":\"ListItem\",\"@id\":\"https:\\\/\\\/contadoreshoy.com\\\/?cat=1#listItem\",\"name\":\"Uncategorized\"}},{\"@type\":\"ListItem\",\"@id\":\"https:\\\/\\\/contadoreshoy.com\\\/?cat=1#listItem\",\"position\":2,\"name\":\"Uncategorized\",\"item\":\"https:\\\/\\\/contadoreshoy.com\\\/?cat=1\",\"nextItem\":{\"@type\":\"ListItem\",\"@id\":\"https:\\\/\\\/contadoreshoy.com\\\/?p=10126#listItem\",\"name\":\"\\u00a1Confirmado!&#8230; UGPP aplicando norma no reglamentada sobre comerciantes y rentistas de capital\"},\"previousItem\":{\"@type\":\"ListItem\",\"@id\":\"https:\\\/\\\/contadoreshoy.com#listItem\",\"name\":\"Home\"}},{\"@type\":\"ListItem\",\"@id\":\"https:\\\/\\\/contadoreshoy.com\\\/?p=10126#listItem\",\"position\":3,\"name\":\"\\u00a1Confirmado!&#8230; UGPP aplicando norma no reglamentada sobre comerciantes y rentistas de capital\",\"previousItem\":{\"@type\":\"ListItem\",\"@id\":\"https:\\\/\\\/contadoreshoy.com\\\/?cat=1#listItem\",\"name\":\"Uncategorized\"}}]},{\"@type\":\"Organization\",\"@id\":\"https:\\\/\\\/contadoreshoy.com\\\/#organization\",\"name\":\"Contadores P\\u00fablicos\",\"description\":\"Portal para Contadores P\\u00fablicos y empresarios\",\"url\":\"https:\\\/\\\/contadoreshoy.com\\\/\",\"logo\":{\"@type\":\"ImageObject\",\"url\":\"https:\\\/\\\/contadoreshoy.com\\\/wp-content\\\/uploads\\\/2024\\\/01\\\/cropped-cropped-Copia-de-M-1.jpg\",\"@id\":\"https:\\\/\\\/contadoreshoy.com\\\/?p=10126\\\/#organizationLogo\",\"width\":499,\"height\":500},\"image\":{\"@id\":\"https:\\\/\\\/contadoreshoy.com\\\/?p=10126\\\/#organizationLogo\"}},{\"@type\":\"Person\",\"@id\":\"https:\\\/\\\/contadoreshoy.com\\\/?author=1#author\",\"url\":\"https:\\\/\\\/contadoreshoy.com\\\/?author=1\",\"name\":\"Miguel Antonio M\\u00e1rquez Monta\\u00f1ez\"},{\"@type\":\"WebPage\",\"@id\":\"https:\\\/\\\/contadoreshoy.com\\\/?p=10126#webpage\",\"url\":\"https:\\\/\\\/contadoreshoy.com\\\/?p=10126\",\"name\":\"\\u00a1Confirmado!\\u2026 UGPP aplicando norma no reglamentada sobre comerciantes y rentistas de capital - Contadores P\\u00fablicos\",\"description\":\"En el d\\u00eda de hoy (mi\\u00e9rcoles 04 de octubre de 2017), asist\\u00ed a una intervenci\\u00f3n por parte de un funcionario de la Unidad de Gesti\\u00f3n Pensional y Parafiscales (UGPP), charla efectuada en el Aula Magna de la Universidad Santo Tom\\u00e1s de la ciudad de Bucaramanga. Como de costumbre, el funcionario de la UGPP procedi\\u00f3 a\",\"inLanguage\":\"es-ES\",\"isPartOf\":{\"@id\":\"https:\\\/\\\/contadoreshoy.com\\\/#website\"},\"breadcrumb\":{\"@id\":\"https:\\\/\\\/contadoreshoy.com\\\/?p=10126#breadcrumblist\"},\"author\":{\"@id\":\"https:\\\/\\\/contadoreshoy.com\\\/?author=1#author\"},\"creator\":{\"@id\":\"https:\\\/\\\/contadoreshoy.com\\\/?author=1#author\"},\"image\":{\"@type\":\"ImageObject\",\"url\":\"https:\\\/\\\/contadoreshoy.com\\\/wp-content\\\/uploads\\\/2017\\\/10\\\/Mendigo-por-UGPP.jpg\",\"@id\":\"https:\\\/\\\/contadoreshoy.com\\\/?p=10126\\\/#mainImage\",\"width\":600,\"height\":400},\"primaryImageOfPage\":{\"@id\":\"https:\\\/\\\/contadoreshoy.com\\\/?p=10126#mainImage\"},\"datePublished\":\"2017-10-04T21:40:29-05:00\",\"dateModified\":\"2017-10-06T12:13:09-05:00\"},{\"@type\":\"WebSite\",\"@id\":\"https:\\\/\\\/contadoreshoy.com\\\/#website\",\"url\":\"https:\\\/\\\/contadoreshoy.com\\\/\",\"name\":\"Contadores P\\u00fablicos\",\"description\":\"Portal para Contadores P\\u00fablicos y empresarios\",\"inLanguage\":\"es-ES\",\"publisher\":{\"@id\":\"https:\\\/\\\/contadoreshoy.com\\\/#organization\"}}]}\n\t\t<\/script>\n\t\t<!-- All in One SEO -->\n\n","aioseo_head_json":{"title":"\u00a1Confirmado!\u2026 UGPP aplicando norma no reglamentada sobre comerciantes y rentistas de capital - Contadores P\u00fablicos","description":"En el d\u00eda de hoy (mi\u00e9rcoles 04 de octubre de 2017), asist\u00ed a una intervenci\u00f3n por parte de un funcionario de la Unidad de Gesti\u00f3n Pensional y Parafiscales (UGPP), charla efectuada en el Aula Magna de la Universidad Santo Tom\u00e1s de la ciudad de Bucaramanga. Como de costumbre, el funcionario de la UGPP procedi\u00f3 a","canonical_url":"https:\/\/contadoreshoy.com\/?p=10126","robots":"max-image-preview:large","keywords":"","webmasterTools":{"miscellaneous":""},"schema":{"@context":"https:\/\/schema.org","@graph":[{"@type":"BlogPosting","@id":"https:\/\/contadoreshoy.com\/?p=10126#blogposting","name":"\u00a1Confirmado!\u2026 UGPP aplicando norma no reglamentada sobre comerciantes y rentistas de capital - Contadores P\u00fablicos","headline":"\u00a1Confirmado!&#8230; UGPP aplicando norma no reglamentada sobre comerciantes y rentistas de capital","author":{"@id":"https:\/\/contadoreshoy.com\/?author=1#author"},"publisher":{"@id":"https:\/\/contadoreshoy.com\/#organization"},"image":{"@type":"ImageObject","url":"https:\/\/contadoreshoy.com\/wp-content\/uploads\/2017\/10\/Mendigo-por-UGPP.jpg","width":600,"height":400},"datePublished":"2017-10-04T21:40:29-05:00","dateModified":"2017-10-06T12:13:09-05:00","inLanguage":"es-ES","mainEntityOfPage":{"@id":"https:\/\/contadoreshoy.com\/?p=10126#webpage"},"isPartOf":{"@id":"https:\/\/contadoreshoy.com\/?p=10126#webpage"},"articleSection":"Sin categor\u00eda, Ultimas Noticias, Uncategorized"},{"@type":"BreadcrumbList","@id":"https:\/\/contadoreshoy.com\/?p=10126#breadcrumblist","itemListElement":[{"@type":"ListItem","@id":"https:\/\/contadoreshoy.com#listItem","position":1,"name":"Home","item":"https:\/\/contadoreshoy.com","nextItem":{"@type":"ListItem","@id":"https:\/\/contadoreshoy.com\/?cat=1#listItem","name":"Uncategorized"}},{"@type":"ListItem","@id":"https:\/\/contadoreshoy.com\/?cat=1#listItem","position":2,"name":"Uncategorized","item":"https:\/\/contadoreshoy.com\/?cat=1","nextItem":{"@type":"ListItem","@id":"https:\/\/contadoreshoy.com\/?p=10126#listItem","name":"\u00a1Confirmado!&#8230; UGPP aplicando norma no reglamentada sobre comerciantes y rentistas de capital"},"previousItem":{"@type":"ListItem","@id":"https:\/\/contadoreshoy.com#listItem","name":"Home"}},{"@type":"ListItem","@id":"https:\/\/contadoreshoy.com\/?p=10126#listItem","position":3,"name":"\u00a1Confirmado!&#8230; UGPP aplicando norma no reglamentada sobre comerciantes y rentistas de capital","previousItem":{"@type":"ListItem","@id":"https:\/\/contadoreshoy.com\/?cat=1#listItem","name":"Uncategorized"}}]},{"@type":"Organization","@id":"https:\/\/contadoreshoy.com\/#organization","name":"Contadores P\u00fablicos","description":"Portal para Contadores P\u00fablicos y empresarios","url":"https:\/\/contadoreshoy.com\/","logo":{"@type":"ImageObject","url":"https:\/\/contadoreshoy.com\/wp-content\/uploads\/2024\/01\/cropped-cropped-Copia-de-M-1.jpg","@id":"https:\/\/contadoreshoy.com\/?p=10126\/#organizationLogo","width":499,"height":500},"image":{"@id":"https:\/\/contadoreshoy.com\/?p=10126\/#organizationLogo"}},{"@type":"Person","@id":"https:\/\/contadoreshoy.com\/?author=1#author","url":"https:\/\/contadoreshoy.com\/?author=1","name":"Miguel Antonio M\u00e1rquez Monta\u00f1ez"},{"@type":"WebPage","@id":"https:\/\/contadoreshoy.com\/?p=10126#webpage","url":"https:\/\/contadoreshoy.com\/?p=10126","name":"\u00a1Confirmado!\u2026 UGPP aplicando norma no reglamentada sobre comerciantes y rentistas de capital - Contadores P\u00fablicos","description":"En el d\u00eda de hoy (mi\u00e9rcoles 04 de octubre de 2017), asist\u00ed a una intervenci\u00f3n por parte de un funcionario de la Unidad de Gesti\u00f3n Pensional y Parafiscales (UGPP), charla efectuada en el Aula Magna de la Universidad Santo Tom\u00e1s de la ciudad de Bucaramanga. Como de costumbre, el funcionario de la UGPP procedi\u00f3 a","inLanguage":"es-ES","isPartOf":{"@id":"https:\/\/contadoreshoy.com\/#website"},"breadcrumb":{"@id":"https:\/\/contadoreshoy.com\/?p=10126#breadcrumblist"},"author":{"@id":"https:\/\/contadoreshoy.com\/?author=1#author"},"creator":{"@id":"https:\/\/contadoreshoy.com\/?author=1#author"},"image":{"@type":"ImageObject","url":"https:\/\/contadoreshoy.com\/wp-content\/uploads\/2017\/10\/Mendigo-por-UGPP.jpg","@id":"https:\/\/contadoreshoy.com\/?p=10126\/#mainImage","width":600,"height":400},"primaryImageOfPage":{"@id":"https:\/\/contadoreshoy.com\/?p=10126#mainImage"},"datePublished":"2017-10-04T21:40:29-05:00","dateModified":"2017-10-06T12:13:09-05:00"},{"@type":"WebSite","@id":"https:\/\/contadoreshoy.com\/#website","url":"https:\/\/contadoreshoy.com\/","name":"Contadores P\u00fablicos","description":"Portal para Contadores P\u00fablicos y empresarios","inLanguage":"es-ES","publisher":{"@id":"https:\/\/contadoreshoy.com\/#organization"}}]},"og:locale":"es_ES","og:site_name":"Contadores P\u00fablicos - Portal para Contadores P\u00fablicos y empresarios","og:type":"article","og:title":"\u00a1Confirmado!\u2026 UGPP aplicando norma no reglamentada sobre comerciantes y rentistas de capital - Contadores P\u00fablicos","og:description":"En el d\u00eda de hoy (mi\u00e9rcoles 04 de octubre de 2017), asist\u00ed a una intervenci\u00f3n por parte de un funcionario de la Unidad de Gesti\u00f3n Pensional y Parafiscales (UGPP), charla efectuada en el Aula Magna de la Universidad Santo Tom\u00e1s de la ciudad de Bucaramanga. Como de costumbre, el funcionario de la UGPP procedi\u00f3 a","og:url":"https:\/\/contadoreshoy.com\/?p=10126","og:image":"https:\/\/contadoreshoy.com\/wp-content\/uploads\/2024\/01\/cropped-cropped-cropped-Copia-de-M.jpg","og:image:secure_url":"https:\/\/contadoreshoy.com\/wp-content\/uploads\/2024\/01\/cropped-cropped-cropped-Copia-de-M.jpg","og:image:width":512,"og:image:height":371,"article:published_time":"2017-10-05T02:40:29+00:00","article:modified_time":"2017-10-06T17:13:09+00:00","twitter:card":"summary_large_image","twitter:title":"\u00a1Confirmado!\u2026 UGPP aplicando norma no reglamentada sobre comerciantes y rentistas de capital - Contadores P\u00fablicos","twitter:description":"En el d\u00eda de hoy (mi\u00e9rcoles 04 de octubre de 2017), asist\u00ed a una intervenci\u00f3n por parte de un funcionario de la Unidad de Gesti\u00f3n Pensional y Parafiscales (UGPP), charla efectuada en el Aula Magna de la Universidad Santo Tom\u00e1s de la ciudad de Bucaramanga. Como de costumbre, el funcionario de la UGPP procedi\u00f3 a","twitter:image":"https:\/\/contadoreshoy.com\/wp-content\/uploads\/2024\/01\/cropped-cropped-cropped-Copia-de-M.jpg"},"aioseo_meta_data":{"post_id":"10126","title":null,"description":null,"keywords":null,"keyphrases":null,"primary_term":null,"canonical_url":null,"og_title":null,"og_description":null,"og_object_type":"default","og_image_type":"default","og_image_url":null,"og_image_width":null,"og_image_height":null,"og_image_custom_url":null,"og_image_custom_fields":null,"og_video":null,"og_custom_url":null,"og_article_section":null,"og_article_tags":null,"twitter_use_og":false,"twitter_card":"default","twitter_image_type":"default","twitter_image_url":null,"twitter_image_custom_url":null,"twitter_image_custom_fields":null,"twitter_title":null,"twitter_description":null,"schema":{"blockGraphs":[],"customGraphs":[],"default":{"data":{"Article":[],"Course":[],"Dataset":[],"FAQPage":[],"Movie":[],"Person":[],"Product":[],"ProductReview":[],"Car":[],"Recipe":[],"Service":[],"SoftwareApplication":[],"WebPage":[]},"graphName":"","isEnabled":true},"graphs":[]},"schema_type":"default","schema_type_options":null,"pillar_content":false,"robots_default":true,"robots_noindex":false,"robots_noarchive":false,"robots_nosnippet":false,"robots_nofollow":false,"robots_noimageindex":false,"robots_noodp":false,"robots_notranslate":false,"robots_max_snippet":null,"robots_max_videopreview":null,"robots_max_imagepreview":"large","priority":null,"frequency":null,"local_seo":null,"breadcrumb_settings":null,"limit_modified_date":false,"ai":null,"created":"2024-03-05 01:51:28","updated":"2026-03-03 05:06:08","seo_analyzer_scan_date":null,"focus_keyword":null,"additional_keywords":null,"truseo_locale":null},"aioseo_breadcrumb":"<div class=\"aioseo-breadcrumbs\"><span class=\"aioseo-breadcrumb\">\n\t\t\t<a href=\"https:\/\/contadoreshoy.com\" title=\"Home\">Home<\/a>\n\t\t<\/span><span class=\"aioseo-breadcrumb-separator\">&raquo;<\/span><span class=\"aioseo-breadcrumb\">\n\t\t\t<a href=\"https:\/\/contadoreshoy.com\/?cat=1\" title=\"Uncategorized\">Uncategorized<\/a>\n\t\t<\/span><span class=\"aioseo-breadcrumb-separator\">&raquo;<\/span><span class=\"aioseo-breadcrumb\">\n\t\t\t\u00a1Confirmado!\u2026 UGPP aplicando norma no reglamentada sobre comerciantes y rentistas de capital\n\t\t<\/span><\/div>","aioseo_breadcrumb_json":[{"label":"Home","link":"https:\/\/contadoreshoy.com"},{"label":"Uncategorized","link":"https:\/\/contadoreshoy.com\/?cat=1"},{"label":"\u00a1Confirmado!&#8230; UGPP aplicando norma no reglamentada sobre comerciantes y rentistas de capital","link":"https:\/\/contadoreshoy.com\/?p=10126"}],"yoast_head":"<!-- This site is optimized with the Yoast SEO plugin v28.4 - https:\/\/yoast.com\/product\/yoast-seo-wordpress\/ -->\n<title>\u00a1Confirmado!... UGPP aplicando norma no reglamentada sobre comerciantes y rentistas de capital - Contadores P\u00fablicos<\/title>\n<meta name=\"robots\" content=\"index, follow, max-snippet:-1, max-image-preview:large, max-video-preview:-1\" \/>\n<link rel=\"canonical\" href=\"https:\/\/contadoreshoy.com\/?p=10126\" \/>\n<meta property=\"og:locale\" content=\"es_ES\" \/>\n<meta property=\"og:type\" content=\"article\" \/>\n<meta property=\"og:title\" content=\"\u00a1Confirmado!... UGPP aplicando norma no reglamentada sobre comerciantes y rentistas de capital - Contadores P\u00fablicos\" \/>\n<meta property=\"og:description\" content=\"En el d\u00eda de hoy (mi\u00e9rcoles 04 de octubre de 2017), asist\u00ed a una intervenci\u00f3n por parte de un funcionario de la Unidad de Gesti\u00f3n Pensional y Parafiscales (UGPP), charla&#046;&#046;&#046;\" \/>\n<meta property=\"og:url\" content=\"https:\/\/contadoreshoy.com\/?p=10126\" \/>\n<meta property=\"og:site_name\" content=\"Contadores P\u00fablicos\" \/>\n<meta property=\"article:publisher\" content=\"https:\/\/www.facebook.com\/CCCPBucaramanga\/\" \/>\n<meta property=\"article:published_time\" content=\"2017-10-05T02:40:29+00:00\" \/>\n<meta property=\"article:modified_time\" content=\"2017-10-06T17:13:09+00:00\" \/>\n<meta property=\"og:image\" content=\"https:\/\/contadoreshoy.com\/wp-content\/uploads\/2017\/10\/Mendigo-por-UGPP.jpg\" \/>\n\t<meta property=\"og:image:width\" content=\"600\" \/>\n\t<meta property=\"og:image:height\" content=\"400\" \/>\n\t<meta property=\"og:image:type\" content=\"image\/jpeg\" \/>\n<meta name=\"author\" content=\"Miguel Antonio M\u00e1rquez Monta\u00f1ez\" \/>\n<meta name=\"twitter:card\" content=\"summary_large_image\" \/>\n<meta name=\"twitter:label1\" content=\"Escrito por\" \/>\n\t<meta name=\"twitter:data1\" content=\"Miguel Antonio M\u00e1rquez Monta\u00f1ez\" \/>\n\t<meta name=\"twitter:label2\" content=\"Tiempo de lectura\" \/>\n\t<meta name=\"twitter:data2\" content=\"10 minutos\" \/>\n<script type=\"application\/ld+json\" class=\"yoast-schema-graph\">{\"@context\":\"https:\\\/\\\/schema.org\",\"@graph\":[{\"@type\":\"Article\",\"@id\":\"https:\\\/\\\/contadoreshoy.com\\\/?p=10126#article\",\"isPartOf\":{\"@id\":\"https:\\\/\\\/contadoreshoy.com\\\/?p=10126\"},\"author\":{\"name\":\"Miguel Antonio M\u00e1rquez Monta\u00f1ez\",\"@id\":\"https:\\\/\\\/contadoreshoy.com\\\/#\\\/schema\\\/person\\\/96d8979cb865537c5dc9345e40089fc5\"},\"headline\":\"\u00a1Confirmado!&#8230; UGPP aplicando norma no reglamentada sobre comerciantes y rentistas de capital\",\"datePublished\":\"2017-10-05T02:40:29+00:00\",\"dateModified\":\"2017-10-06T17:13:09+00:00\",\"mainEntityOfPage\":{\"@id\":\"https:\\\/\\\/contadoreshoy.com\\\/?p=10126\"},\"wordCount\":2063,\"publisher\":{\"@id\":\"https:\\\/\\\/contadoreshoy.com\\\/#organization\"},\"image\":{\"@id\":\"https:\\\/\\\/contadoreshoy.com\\\/?p=10126#primaryimage\"},\"thumbnailUrl\":\"https:\\\/\\\/contadoreshoy.com\\\/wp-content\\\/uploads\\\/2017\\\/10\\\/Mendigo-por-UGPP.jpg\",\"articleSection\":{\"1\":\"Ultimas Noticias\",\"2\":\"Uncategorized\"},\"inLanguage\":\"es\"},{\"@type\":\"WebPage\",\"@id\":\"https:\\\/\\\/contadoreshoy.com\\\/?p=10126\",\"url\":\"https:\\\/\\\/contadoreshoy.com\\\/?p=10126\",\"name\":\"\u00a1Confirmado!... UGPP aplicando norma no reglamentada sobre comerciantes y rentistas de capital - Contadores P\u00fablicos\",\"isPartOf\":{\"@id\":\"https:\\\/\\\/contadoreshoy.com\\\/#website\"},\"primaryImageOfPage\":{\"@id\":\"https:\\\/\\\/contadoreshoy.com\\\/?p=10126#primaryimage\"},\"image\":{\"@id\":\"https:\\\/\\\/contadoreshoy.com\\\/?p=10126#primaryimage\"},\"thumbnailUrl\":\"https:\\\/\\\/contadoreshoy.com\\\/wp-content\\\/uploads\\\/2017\\\/10\\\/Mendigo-por-UGPP.jpg\",\"datePublished\":\"2017-10-05T02:40:29+00:00\",\"dateModified\":\"2017-10-06T17:13:09+00:00\",\"breadcrumb\":{\"@id\":\"https:\\\/\\\/contadoreshoy.com\\\/?p=10126#breadcrumb\"},\"inLanguage\":\"es\",\"potentialAction\":[{\"@type\":\"ReadAction\",\"target\":[\"https:\\\/\\\/contadoreshoy.com\\\/?p=10126\"]}]},{\"@type\":\"ImageObject\",\"inLanguage\":\"es\",\"@id\":\"https:\\\/\\\/contadoreshoy.com\\\/?p=10126#primaryimage\",\"url\":\"https:\\\/\\\/contadoreshoy.com\\\/wp-content\\\/uploads\\\/2017\\\/10\\\/Mendigo-por-UGPP.jpg\",\"contentUrl\":\"https:\\\/\\\/contadoreshoy.com\\\/wp-content\\\/uploads\\\/2017\\\/10\\\/Mendigo-por-UGPP.jpg\",\"width\":600,\"height\":400},{\"@type\":\"BreadcrumbList\",\"@id\":\"https:\\\/\\\/contadoreshoy.com\\\/?p=10126#breadcrumb\",\"itemListElement\":[{\"@type\":\"ListItem\",\"position\":1,\"name\":\"Portada\",\"item\":\"https:\\\/\\\/contadoreshoy.com\\\/\"},{\"@type\":\"ListItem\",\"position\":2,\"name\":\"\u00a1Confirmado!&#8230; UGPP aplicando norma no reglamentada sobre comerciantes y rentistas de capital\"}]},{\"@type\":\"WebSite\",\"@id\":\"https:\\\/\\\/contadoreshoy.com\\\/#website\",\"url\":\"https:\\\/\\\/contadoreshoy.com\\\/\",\"name\":\"Contadorespublicossantander\",\"description\":\"Portal para Contadores P\u00fablicos y empresarios\",\"publisher\":{\"@id\":\"https:\\\/\\\/contadoreshoy.com\\\/#organization\"},\"potentialAction\":[{\"@type\":\"SearchAction\",\"target\":{\"@type\":\"EntryPoint\",\"urlTemplate\":\"https:\\\/\\\/contadoreshoy.com\\\/?s={search_term_string}\"},\"query-input\":{\"@type\":\"PropertyValueSpecification\",\"valueRequired\":true,\"valueName\":\"search_term_string\"}}],\"inLanguage\":\"es\"},{\"@type\":\"Organization\",\"@id\":\"https:\\\/\\\/contadoreshoy.com\\\/#organization\",\"name\":\"Contadores P\u00fablicos de Santander\",\"url\":\"https:\\\/\\\/contadoreshoy.com\\\/\",\"logo\":{\"@type\":\"ImageObject\",\"inLanguage\":\"es\",\"@id\":\"https:\\\/\\\/contadoreshoy.com\\\/#\\\/schema\\\/logo\\\/image\\\/\",\"url\":\"https:\\\/\\\/contadoreshoy.com\\\/wp-content\\\/uploads\\\/2024\\\/01\\\/cropped-cropped-Copia-de-M-1.jpg\",\"contentUrl\":\"https:\\\/\\\/contadoreshoy.com\\\/wp-content\\\/uploads\\\/2024\\\/01\\\/cropped-cropped-Copia-de-M-1.jpg\",\"width\":499,\"height\":500,\"caption\":\"Contadores P\u00fablicos de Santander\"},\"image\":{\"@id\":\"https:\\\/\\\/contadoreshoy.com\\\/#\\\/schema\\\/logo\\\/image\\\/\"},\"sameAs\":[\"https:\\\/\\\/www.facebook.com\\\/CCCPBucaramanga\\\/\"]},{\"@type\":\"Person\",\"@id\":\"https:\\\/\\\/contadoreshoy.com\\\/#\\\/schema\\\/person\\\/96d8979cb865537c5dc9345e40089fc5\",\"name\":\"Miguel Antonio M\u00e1rquez Monta\u00f1ez\",\"description\":\"Contador P\u00fablico egresado de la Universidad Aut\u00f3noma de Bucaramanga - Asesor contable tributario con m\u00e1s de 25 a\u00f1os de experiencia - Conferencista en temas contables y tributarios - T\u00e9cnico en Hardware y Dise\u00f1o Web - Creador y director Grupo de Estudio Colegio Colombiano de Contadores P\u00fablicos de Bucaramanga - Creador y Master Web p\u00e1gina www.contadoresp\u00fablicossantander.com - Expresidente Colegio Colombiano de Contadores P\u00fablicos Bucaramanga\",\"url\":\"https:\\\/\\\/contadoreshoy.com\\\/?author=1\"}]}<\/script>\n<!-- \/ Yoast SEO plugin. -->","yoast_head_json":{"title":"\u00a1Confirmado!... UGPP aplicando norma no reglamentada sobre comerciantes y rentistas de capital - Contadores P\u00fablicos","robots":{"index":"index","follow":"follow","max-snippet":"max-snippet:-1","max-image-preview":"max-image-preview:large","max-video-preview":"max-video-preview:-1"},"canonical":"https:\/\/contadoreshoy.com\/?p=10126","og_locale":"es_ES","og_type":"article","og_title":"\u00a1Confirmado!... UGPP aplicando norma no reglamentada sobre comerciantes y rentistas de capital - Contadores P\u00fablicos","og_description":"En el d\u00eda de hoy (mi\u00e9rcoles 04 de octubre de 2017), asist\u00ed a una intervenci\u00f3n por parte de un funcionario de la Unidad de Gesti\u00f3n Pensional y Parafiscales (UGPP), charla&#46;&#46;&#46;","og_url":"https:\/\/contadoreshoy.com\/?p=10126","og_site_name":"Contadores P\u00fablicos","article_publisher":"https:\/\/www.facebook.com\/CCCPBucaramanga\/","article_published_time":"2017-10-05T02:40:29+00:00","article_modified_time":"2017-10-06T17:13:09+00:00","og_image":[{"width":600,"height":400,"url":"https:\/\/contadoreshoy.com\/wp-content\/uploads\/2017\/10\/Mendigo-por-UGPP.jpg","type":"image\/jpeg"}],"author":"Miguel Antonio M\u00e1rquez Monta\u00f1ez","twitter_card":"summary_large_image","twitter_misc":{"Escrito por":"Miguel Antonio M\u00e1rquez Monta\u00f1ez","Tiempo de lectura":"10 minutos"},"schema":{"@context":"https:\/\/schema.org","@graph":[{"@type":"Article","@id":"https:\/\/contadoreshoy.com\/?p=10126#article","isPartOf":{"@id":"https:\/\/contadoreshoy.com\/?p=10126"},"author":{"name":"Miguel Antonio M\u00e1rquez Monta\u00f1ez","@id":"https:\/\/contadoreshoy.com\/#\/schema\/person\/96d8979cb865537c5dc9345e40089fc5"},"headline":"\u00a1Confirmado!&#8230; UGPP aplicando norma no reglamentada sobre comerciantes y rentistas de capital","datePublished":"2017-10-05T02:40:29+00:00","dateModified":"2017-10-06T17:13:09+00:00","mainEntityOfPage":{"@id":"https:\/\/contadoreshoy.com\/?p=10126"},"wordCount":2063,"publisher":{"@id":"https:\/\/contadoreshoy.com\/#organization"},"image":{"@id":"https:\/\/contadoreshoy.com\/?p=10126#primaryimage"},"thumbnailUrl":"https:\/\/contadoreshoy.com\/wp-content\/uploads\/2017\/10\/Mendigo-por-UGPP.jpg","articleSection":{"1":"Ultimas Noticias","2":"Uncategorized"},"inLanguage":"es"},{"@type":"WebPage","@id":"https:\/\/contadoreshoy.com\/?p=10126","url":"https:\/\/contadoreshoy.com\/?p=10126","name":"\u00a1Confirmado!... UGPP aplicando norma no reglamentada sobre comerciantes y rentistas de capital - Contadores P\u00fablicos","isPartOf":{"@id":"https:\/\/contadoreshoy.com\/#website"},"primaryImageOfPage":{"@id":"https:\/\/contadoreshoy.com\/?p=10126#primaryimage"},"image":{"@id":"https:\/\/contadoreshoy.com\/?p=10126#primaryimage"},"thumbnailUrl":"https:\/\/contadoreshoy.com\/wp-content\/uploads\/2017\/10\/Mendigo-por-UGPP.jpg","datePublished":"2017-10-05T02:40:29+00:00","dateModified":"2017-10-06T17:13:09+00:00","breadcrumb":{"@id":"https:\/\/contadoreshoy.com\/?p=10126#breadcrumb"},"inLanguage":"es","potentialAction":[{"@type":"ReadAction","target":["https:\/\/contadoreshoy.com\/?p=10126"]}]},{"@type":"ImageObject","inLanguage":"es","@id":"https:\/\/contadoreshoy.com\/?p=10126#primaryimage","url":"https:\/\/contadoreshoy.com\/wp-content\/uploads\/2017\/10\/Mendigo-por-UGPP.jpg","contentUrl":"https:\/\/contadoreshoy.com\/wp-content\/uploads\/2017\/10\/Mendigo-por-UGPP.jpg","width":600,"height":400},{"@type":"BreadcrumbList","@id":"https:\/\/contadoreshoy.com\/?p=10126#breadcrumb","itemListElement":[{"@type":"ListItem","position":1,"name":"Portada","item":"https:\/\/contadoreshoy.com\/"},{"@type":"ListItem","position":2,"name":"\u00a1Confirmado!&#8230; UGPP aplicando norma no reglamentada sobre comerciantes y rentistas de capital"}]},{"@type":"WebSite","@id":"https:\/\/contadoreshoy.com\/#website","url":"https:\/\/contadoreshoy.com\/","name":"Contadorespublicossantander","description":"Portal para Contadores P\u00fablicos y empresarios","publisher":{"@id":"https:\/\/contadoreshoy.com\/#organization"},"potentialAction":[{"@type":"SearchAction","target":{"@type":"EntryPoint","urlTemplate":"https:\/\/contadoreshoy.com\/?s={search_term_string}"},"query-input":{"@type":"PropertyValueSpecification","valueRequired":true,"valueName":"search_term_string"}}],"inLanguage":"es"},{"@type":"Organization","@id":"https:\/\/contadoreshoy.com\/#organization","name":"Contadores P\u00fablicos de Santander","url":"https:\/\/contadoreshoy.com\/","logo":{"@type":"ImageObject","inLanguage":"es","@id":"https:\/\/contadoreshoy.com\/#\/schema\/logo\/image\/","url":"https:\/\/contadoreshoy.com\/wp-content\/uploads\/2024\/01\/cropped-cropped-Copia-de-M-1.jpg","contentUrl":"https:\/\/contadoreshoy.com\/wp-content\/uploads\/2024\/01\/cropped-cropped-Copia-de-M-1.jpg","width":499,"height":500,"caption":"Contadores P\u00fablicos de Santander"},"image":{"@id":"https:\/\/contadoreshoy.com\/#\/schema\/logo\/image\/"},"sameAs":["https:\/\/www.facebook.com\/CCCPBucaramanga\/"]},{"@type":"Person","@id":"https:\/\/contadoreshoy.com\/#\/schema\/person\/96d8979cb865537c5dc9345e40089fc5","name":"Miguel Antonio M\u00e1rquez Monta\u00f1ez","description":"Contador P\u00fablico egresado de la Universidad Aut\u00f3noma de Bucaramanga - Asesor contable tributario con m\u00e1s de 25 a\u00f1os de experiencia - Conferencista en temas contables y tributarios - T\u00e9cnico en Hardware y Dise\u00f1o Web - Creador y director Grupo de Estudio Colegio Colombiano de Contadores P\u00fablicos de Bucaramanga - Creador y Master Web p\u00e1gina www.contadoresp\u00fablicossantander.com - Expresidente Colegio Colombiano de Contadores P\u00fablicos Bucaramanga","url":"https:\/\/contadoreshoy.com\/?author=1"}]}},"_links":{"self":[{"href":"https:\/\/contadoreshoy.com\/index.php?rest_route=\/wp\/v2\/posts\/10126","targetHints":{"allow":["GET"]}}],"collection":[{"href":"https:\/\/contadoreshoy.com\/index.php?rest_route=\/wp\/v2\/posts"}],"about":[{"href":"https:\/\/contadoreshoy.com\/index.php?rest_route=\/wp\/v2\/types\/post"}],"author":[{"embeddable":true,"href":"https:\/\/contadoreshoy.com\/index.php?rest_route=\/wp\/v2\/users\/1"}],"replies":[{"embeddable":true,"href":"https:\/\/contadoreshoy.com\/index.php?rest_route=%2Fwp%2Fv2%2Fcomments&post=10126"}],"version-history":[{"count":18,"href":"https:\/\/contadoreshoy.com\/index.php?rest_route=\/wp\/v2\/posts\/10126\/revisions"}],"predecessor-version":[{"id":10146,"href":"https:\/\/contadoreshoy.com\/index.php?rest_route=\/wp\/v2\/posts\/10126\/revisions\/10146"}],"wp:featuredmedia":[{"embeddable":true,"href":"https:\/\/contadoreshoy.com\/index.php?rest_route=\/wp\/v2\/media\/10129"}],"wp:attachment":[{"href":"https:\/\/contadoreshoy.com\/index.php?rest_route=%2Fwp%2Fv2%2Fmedia&parent=10126"}],"wp:term":[{"taxonomy":"category","embeddable":true,"href":"https:\/\/contadoreshoy.com\/index.php?rest_route=%2Fwp%2Fv2%2Fcategories&post=10126"},{"taxonomy":"post_tag","embeddable":true,"href":"https:\/\/contadoreshoy.com\/index.php?rest_route=%2Fwp%2Fv2%2Ftags&post=10126"}],"curies":[{"name":"wp","href":"https:\/\/api.w.org\/{rel}","templated":true}]}}