{"id":10531,"date":"2018-01-02T15:38:49","date_gmt":"2018-01-02T20:38:49","guid":{"rendered":"https:\/\/contadoreshoy.com\/?p=10531"},"modified":"2018-01-02T15:41:28","modified_gmt":"2018-01-02T20:41:28","slug":"base-gravable-retencion-industria-comercio-bucaramanga","status":"publish","type":"post","link":"https:\/\/contadoreshoy.com\/?p=10531","title":{"rendered":"MODIFICADA BASE GRAVABLE DE RETENCI\u00d3N INDUSTRIA Y COMERCIO BUCARAMANGA"},"content":{"rendered":"<p><img loading=\"lazy\" decoding=\"async\" class=\"aligncenter wp-image-10532 size-full\" src=\"https:\/\/contadoreshoy.com\/wp-content\/uploads\/2018\/01\/Alerta-Impuestos-Bucaramanga.jpg\" alt=\"\" width=\"800\" height=\"600\" srcset=\"https:\/\/contadoreshoy.com\/wp-content\/uploads\/2018\/01\/Alerta-Impuestos-Bucaramanga.jpg 800w, https:\/\/contadoreshoy.com\/wp-content\/uploads\/2018\/01\/Alerta-Impuestos-Bucaramanga-600x450.jpg 600w, https:\/\/contadoreshoy.com\/wp-content\/uploads\/2018\/01\/Alerta-Impuestos-Bucaramanga-200x150.jpg 200w, https:\/\/contadoreshoy.com\/wp-content\/uploads\/2018\/01\/Alerta-Impuestos-Bucaramanga-533x400.jpg 533w, https:\/\/contadoreshoy.com\/wp-content\/uploads\/2018\/01\/Alerta-Impuestos-Bucaramanga-768x576.jpg 768w\" sizes=\"auto, (max-width: 800px) 100vw, 800px\" \/><\/p>\n<p style=\"text-align: center;\"><span style=\"font-size: 18pt; color: #ff0000;\"><strong>\u00a1RETENCI\u00d3N DE INDUSTRIA Y COMERCIO SOBRE CUALQUIER PAGO, SIN IMPORTAR LA CUANT\u00cdA \u00a1<\/strong><\/span><\/p>\n<p style=\"text-align: justify;\">De acuerdo al art\u00edculo quinto de la resoluci\u00f3n 1700 de diciembre 01 de 2017, de la Alcald\u00eda de Bucaramanga, <span style=\"text-decoration: underline;\"><em><span style=\"color: #000000; text-decoration: underline;\"><strong>los agentes de retenci\u00f3n del impuesto de industria y comercio, practicar\u00e1n retenci\u00f3n sobre el 100% del ingreso gravado, sin importar la cuant\u00eda del pago<\/strong>.<\/span><\/em><\/span><\/p>\n<p><span style=\"font-size: 14pt;\"><a href=\"https:\/\/contadoreshoy.com\/wp-content\/uploads\/2017\/12\/calendario-tributario-2018_2-Bucaramanga.pdf\" target=\"_blank\" rel=\"noopener\"><span style=\"color: #0000ff;\"><strong>Para ver Resoluci\u00f3n 1700 de diciembre 01 de 2017, dar click aqu\u00ed:<\/strong><\/span><\/a><\/span><\/p>\n<p><strong>Documento relacionado<\/strong>: <span style=\"font-size: 14pt;\"><a href=\"https:\/\/contadoreshoy.com\/definida-la-territorialidad-del-impuesto-de-industria-y-comercio\" target=\"_blank\" rel=\"noopener\"><strong><span style=\"color: #ff6600;\">Definida territorialidad del impuesto de industria y comercio<\/span><\/strong><\/a><\/span><\/p>\n","protected":false},"excerpt":{"rendered":"<p>\u00a1RETENCI\u00d3N DE INDUSTRIA Y COMERCIO SOBRE CUALQUIER PAGO, SIN IMPORTAR LA CUANT\u00cdA \u00a1 De acuerdo al art\u00edculo quinto de la resoluci\u00f3n 1700 de diciembre 01 de 2017, de la Alcald\u00eda&#46;&#46;&#46;<\/p>\n","protected":false},"author":1,"featured_media":10532,"comment_status":"closed","ping_status":"open","sticky":false,"template":"","format":"standard","meta":{"_monsterinsights_skip_tracking":false,"ngg_post_thumbnail":0,"footnotes":"","_links_to":"","_links_to_target":""},"categories":[454,1],"tags":[],"class_list":["post-10531","post","type-post","status-publish","format-standard","has-post-thumbnail","hentry","category-sin-categoria","category-uncategorized"],"aioseo_notices":[],"aioseo_head":"\n\t\t<!-- All in One SEO 5.0.1.1 - aioseo.com -->\n\t<meta name=\"description\" content=\"\u00a1RETENCI\u00d3N DE INDUSTRIA Y COMERCIO SOBRE CUALQUIER PAGO, SIN IMPORTAR LA CUANT\u00cdA \u00a1 De acuerdo al art\u00edculo quinto de la resoluci\u00f3n 1700 de diciembre 01 de 2017, de la Alcald\u00eda de Bucaramanga, los agentes de retenci\u00f3n del impuesto de industria y comercio, practicar\u00e1n retenci\u00f3n sobre el 100% del ingreso gravado, sin importar la cuant\u00eda del\" \/>\n\t<meta name=\"robots\" content=\"max-image-preview:large\" \/>\n\t<meta name=\"author\" content=\"Miguel Antonio M\u00e1rquez Monta\u00f1ez\"\/>\n\t<link rel=\"canonical\" href=\"https:\/\/contadoreshoy.com\/?p=10531\" \/>\n\t<meta name=\"generator\" content=\"All in One SEO (AIOSEO) 5.0.1.1\" \/>\n\t\t<meta property=\"og:locale\" content=\"es_ES\" \/>\n\t\t<meta property=\"og:site_name\" content=\"Contadores P\u00fablicos - Portal para Contadores P\u00fablicos y empresarios\" \/>\n\t\t<meta property=\"og:type\" content=\"article\" \/>\n\t\t<meta property=\"og:title\" content=\"MODIFICADA BASE GRAVABLE DE RETENCI\u00d3N INDUSTRIA Y COMERCIO BUCARAMANGA - Contadores P\u00fablicos\" \/>\n\t\t<meta property=\"og:description\" content=\"\u00a1RETENCI\u00d3N DE INDUSTRIA Y COMERCIO SOBRE CUALQUIER PAGO, SIN IMPORTAR LA CUANT\u00cdA \u00a1 De acuerdo al art\u00edculo quinto de la resoluci\u00f3n 1700 de diciembre 01 de 2017, de la Alcald\u00eda de Bucaramanga, los agentes de retenci\u00f3n del impuesto de industria y comercio, practicar\u00e1n retenci\u00f3n sobre el 100% del ingreso gravado, sin importar la cuant\u00eda del\" \/>\n\t\t<meta property=\"og:url\" content=\"https:\/\/contadoreshoy.com\/?p=10531\" \/>\n\t\t<meta property=\"og:image\" content=\"https:\/\/contadoreshoy.com\/wp-content\/uploads\/2024\/01\/cropped-cropped-cropped-Copia-de-M.jpg\" \/>\n\t\t<meta property=\"og:image:secure_url\" content=\"https:\/\/contadoreshoy.com\/wp-content\/uploads\/2024\/01\/cropped-cropped-cropped-Copia-de-M.jpg\" \/>\n\t\t<meta property=\"og:image:width\" content=\"512\" \/>\n\t\t<meta property=\"og:image:height\" content=\"371\" \/>\n\t\t<meta property=\"article:published_time\" content=\"2018-01-02T20:38:49+00:00\" \/>\n\t\t<meta property=\"article:modified_time\" content=\"2018-01-02T20:41:28+00:00\" \/>\n\t\t<meta name=\"twitter:card\" content=\"summary_large_image\" \/>\n\t\t<meta name=\"twitter:title\" content=\"MODIFICADA BASE GRAVABLE DE RETENCI\u00d3N INDUSTRIA Y COMERCIO BUCARAMANGA - Contadores P\u00fablicos\" \/>\n\t\t<meta name=\"twitter:description\" content=\"\u00a1RETENCI\u00d3N DE INDUSTRIA Y COMERCIO SOBRE CUALQUIER PAGO, SIN IMPORTAR LA CUANT\u00cdA \u00a1 De acuerdo al art\u00edculo quinto de la resoluci\u00f3n 1700 de diciembre 01 de 2017, de la Alcald\u00eda de Bucaramanga, los agentes de retenci\u00f3n del impuesto de industria y comercio, practicar\u00e1n retenci\u00f3n sobre el 100% del ingreso gravado, sin importar la cuant\u00eda del\" \/>\n\t\t<meta name=\"twitter:image\" content=\"https:\/\/contadoreshoy.com\/wp-content\/uploads\/2024\/01\/cropped-cropped-cropped-Copia-de-M.jpg\" \/>\n\t\t<script type=\"application\/ld+json\" class=\"aioseo-schema\">\n\t\t\t{\"@context\":\"https:\\\/\\\/schema.org\",\"@graph\":[{\"@type\":\"BlogPosting\",\"@id\":\"https:\\\/\\\/contadoreshoy.com\\\/?p=10531#blogposting\",\"name\":\"MODIFICADA BASE GRAVABLE DE RETENCI\\u00d3N INDUSTRIA Y COMERCIO BUCARAMANGA - Contadores P\\u00fablicos\",\"headline\":\"MODIFICADA BASE GRAVABLE DE RETENCI\\u00d3N INDUSTRIA Y COMERCIO BUCARAMANGA\",\"author\":{\"@id\":\"https:\\\/\\\/contadoreshoy.com\\\/?author=1#author\"},\"publisher\":{\"@id\":\"https:\\\/\\\/contadoreshoy.com\\\/#organization\"},\"image\":{\"@type\":\"ImageObject\",\"url\":\"https:\\\/\\\/contadoreshoy.com\\\/wp-content\\\/uploads\\\/2018\\\/01\\\/Alerta-Impuestos-Bucaramanga.jpg\",\"width\":800,\"height\":600},\"datePublished\":\"2018-01-02T15:38:49-05:00\",\"dateModified\":\"2018-01-02T15:41:28-05:00\",\"inLanguage\":\"es-ES\",\"mainEntityOfPage\":{\"@id\":\"https:\\\/\\\/contadoreshoy.com\\\/?p=10531#webpage\"},\"isPartOf\":{\"@id\":\"https:\\\/\\\/contadoreshoy.com\\\/?p=10531#webpage\"},\"articleSection\":\"Sin categor\\u00eda, Uncategorized\"},{\"@type\":\"BreadcrumbList\",\"@id\":\"https:\\\/\\\/contadoreshoy.com\\\/?p=10531#breadcrumblist\",\"itemListElement\":[{\"@type\":\"ListItem\",\"@id\":\"https:\\\/\\\/contadoreshoy.com#listItem\",\"position\":1,\"name\":\"Home\",\"item\":\"https:\\\/\\\/contadoreshoy.com\",\"nextItem\":{\"@type\":\"ListItem\",\"@id\":\"https:\\\/\\\/contadoreshoy.com\\\/?cat=1#listItem\",\"name\":\"Uncategorized\"}},{\"@type\":\"ListItem\",\"@id\":\"https:\\\/\\\/contadoreshoy.com\\\/?cat=1#listItem\",\"position\":2,\"name\":\"Uncategorized\",\"item\":\"https:\\\/\\\/contadoreshoy.com\\\/?cat=1\",\"nextItem\":{\"@type\":\"ListItem\",\"@id\":\"https:\\\/\\\/contadoreshoy.com\\\/?p=10531#listItem\",\"name\":\"MODIFICADA BASE GRAVABLE DE RETENCI\\u00d3N INDUSTRIA Y COMERCIO BUCARAMANGA\"},\"previousItem\":{\"@type\":\"ListItem\",\"@id\":\"https:\\\/\\\/contadoreshoy.com#listItem\",\"name\":\"Home\"}},{\"@type\":\"ListItem\",\"@id\":\"https:\\\/\\\/contadoreshoy.com\\\/?p=10531#listItem\",\"position\":3,\"name\":\"MODIFICADA BASE GRAVABLE DE RETENCI\\u00d3N INDUSTRIA Y COMERCIO BUCARAMANGA\",\"previousItem\":{\"@type\":\"ListItem\",\"@id\":\"https:\\\/\\\/contadoreshoy.com\\\/?cat=1#listItem\",\"name\":\"Uncategorized\"}}]},{\"@type\":\"Organization\",\"@id\":\"https:\\\/\\\/contadoreshoy.com\\\/#organization\",\"name\":\"Contadores P\\u00fablicos\",\"description\":\"Portal para Contadores P\\u00fablicos y empresarios\",\"url\":\"https:\\\/\\\/contadoreshoy.com\\\/\",\"logo\":{\"@type\":\"ImageObject\",\"url\":\"https:\\\/\\\/contadoreshoy.com\\\/wp-content\\\/uploads\\\/2024\\\/01\\\/cropped-cropped-Copia-de-M-1.jpg\",\"@id\":\"https:\\\/\\\/contadoreshoy.com\\\/?p=10531\\\/#organizationLogo\",\"width\":499,\"height\":500},\"image\":{\"@id\":\"https:\\\/\\\/contadoreshoy.com\\\/?p=10531\\\/#organizationLogo\"}},{\"@type\":\"Person\",\"@id\":\"https:\\\/\\\/contadoreshoy.com\\\/?author=1#author\",\"url\":\"https:\\\/\\\/contadoreshoy.com\\\/?author=1\",\"name\":\"Miguel Antonio M\\u00e1rquez Monta\\u00f1ez\"},{\"@type\":\"WebPage\",\"@id\":\"https:\\\/\\\/contadoreshoy.com\\\/?p=10531#webpage\",\"url\":\"https:\\\/\\\/contadoreshoy.com\\\/?p=10531\",\"name\":\"MODIFICADA BASE GRAVABLE DE RETENCI\\u00d3N INDUSTRIA Y COMERCIO BUCARAMANGA - Contadores P\\u00fablicos\",\"description\":\"\\u00a1RETENCI\\u00d3N DE INDUSTRIA Y COMERCIO SOBRE CUALQUIER PAGO, SIN IMPORTAR LA CUANT\\u00cdA \\u00a1 De acuerdo al art\\u00edculo quinto de la resoluci\\u00f3n 1700 de diciembre 01 de 2017, de la Alcald\\u00eda de Bucaramanga, los agentes de retenci\\u00f3n del impuesto de industria y comercio, practicar\\u00e1n retenci\\u00f3n sobre el 100% del ingreso gravado, sin importar la cuant\\u00eda del\",\"inLanguage\":\"es-ES\",\"isPartOf\":{\"@id\":\"https:\\\/\\\/contadoreshoy.com\\\/#website\"},\"breadcrumb\":{\"@id\":\"https:\\\/\\\/contadoreshoy.com\\\/?p=10531#breadcrumblist\"},\"author\":{\"@id\":\"https:\\\/\\\/contadoreshoy.com\\\/?author=1#author\"},\"creator\":{\"@id\":\"https:\\\/\\\/contadoreshoy.com\\\/?author=1#author\"},\"image\":{\"@type\":\"ImageObject\",\"url\":\"https:\\\/\\\/contadoreshoy.com\\\/wp-content\\\/uploads\\\/2018\\\/01\\\/Alerta-Impuestos-Bucaramanga.jpg\",\"@id\":\"https:\\\/\\\/contadoreshoy.com\\\/?p=10531\\\/#mainImage\",\"width\":800,\"height\":600},\"primaryImageOfPage\":{\"@id\":\"https:\\\/\\\/contadoreshoy.com\\\/?p=10531#mainImage\"},\"datePublished\":\"2018-01-02T15:38:49-05:00\",\"dateModified\":\"2018-01-02T15:41:28-05:00\"},{\"@type\":\"WebSite\",\"@id\":\"https:\\\/\\\/contadoreshoy.com\\\/#website\",\"url\":\"https:\\\/\\\/contadoreshoy.com\\\/\",\"name\":\"Contadores P\\u00fablicos\",\"description\":\"Portal para Contadores P\\u00fablicos y empresarios\",\"inLanguage\":\"es-ES\",\"publisher\":{\"@id\":\"https:\\\/\\\/contadoreshoy.com\\\/#organization\"}}]}\n\t\t<\/script>\n\t\t<!-- All in One SEO -->\n\n","aioseo_head_json":{"title":"MODIFICADA BASE GRAVABLE DE RETENCI\u00d3N INDUSTRIA Y COMERCIO BUCARAMANGA - Contadores P\u00fablicos","description":"\u00a1RETENCI\u00d3N DE INDUSTRIA Y COMERCIO SOBRE CUALQUIER PAGO, SIN IMPORTAR LA CUANT\u00cdA \u00a1 De acuerdo al art\u00edculo quinto de la resoluci\u00f3n 1700 de diciembre 01 de 2017, de la Alcald\u00eda de Bucaramanga, los agentes de retenci\u00f3n del impuesto de industria y comercio, practicar\u00e1n retenci\u00f3n sobre el 100% del ingreso gravado, sin importar la cuant\u00eda del","canonical_url":"https:\/\/contadoreshoy.com\/?p=10531","robots":"max-image-preview:large","keywords":"","webmasterTools":{"miscellaneous":""},"schema":{"@context":"https:\/\/schema.org","@graph":[{"@type":"BlogPosting","@id":"https:\/\/contadoreshoy.com\/?p=10531#blogposting","name":"MODIFICADA BASE GRAVABLE DE RETENCI\u00d3N INDUSTRIA Y COMERCIO BUCARAMANGA - Contadores P\u00fablicos","headline":"MODIFICADA BASE GRAVABLE DE RETENCI\u00d3N INDUSTRIA Y COMERCIO BUCARAMANGA","author":{"@id":"https:\/\/contadoreshoy.com\/?author=1#author"},"publisher":{"@id":"https:\/\/contadoreshoy.com\/#organization"},"image":{"@type":"ImageObject","url":"https:\/\/contadoreshoy.com\/wp-content\/uploads\/2018\/01\/Alerta-Impuestos-Bucaramanga.jpg","width":800,"height":600},"datePublished":"2018-01-02T15:38:49-05:00","dateModified":"2018-01-02T15:41:28-05:00","inLanguage":"es-ES","mainEntityOfPage":{"@id":"https:\/\/contadoreshoy.com\/?p=10531#webpage"},"isPartOf":{"@id":"https:\/\/contadoreshoy.com\/?p=10531#webpage"},"articleSection":"Sin categor\u00eda, Uncategorized"},{"@type":"BreadcrumbList","@id":"https:\/\/contadoreshoy.com\/?p=10531#breadcrumblist","itemListElement":[{"@type":"ListItem","@id":"https:\/\/contadoreshoy.com#listItem","position":1,"name":"Home","item":"https:\/\/contadoreshoy.com","nextItem":{"@type":"ListItem","@id":"https:\/\/contadoreshoy.com\/?cat=1#listItem","name":"Uncategorized"}},{"@type":"ListItem","@id":"https:\/\/contadoreshoy.com\/?cat=1#listItem","position":2,"name":"Uncategorized","item":"https:\/\/contadoreshoy.com\/?cat=1","nextItem":{"@type":"ListItem","@id":"https:\/\/contadoreshoy.com\/?p=10531#listItem","name":"MODIFICADA BASE GRAVABLE DE RETENCI\u00d3N INDUSTRIA Y COMERCIO BUCARAMANGA"},"previousItem":{"@type":"ListItem","@id":"https:\/\/contadoreshoy.com#listItem","name":"Home"}},{"@type":"ListItem","@id":"https:\/\/contadoreshoy.com\/?p=10531#listItem","position":3,"name":"MODIFICADA BASE GRAVABLE DE RETENCI\u00d3N INDUSTRIA Y COMERCIO BUCARAMANGA","previousItem":{"@type":"ListItem","@id":"https:\/\/contadoreshoy.com\/?cat=1#listItem","name":"Uncategorized"}}]},{"@type":"Organization","@id":"https:\/\/contadoreshoy.com\/#organization","name":"Contadores P\u00fablicos","description":"Portal para Contadores P\u00fablicos y empresarios","url":"https:\/\/contadoreshoy.com\/","logo":{"@type":"ImageObject","url":"https:\/\/contadoreshoy.com\/wp-content\/uploads\/2024\/01\/cropped-cropped-Copia-de-M-1.jpg","@id":"https:\/\/contadoreshoy.com\/?p=10531\/#organizationLogo","width":499,"height":500},"image":{"@id":"https:\/\/contadoreshoy.com\/?p=10531\/#organizationLogo"}},{"@type":"Person","@id":"https:\/\/contadoreshoy.com\/?author=1#author","url":"https:\/\/contadoreshoy.com\/?author=1","name":"Miguel Antonio M\u00e1rquez Monta\u00f1ez"},{"@type":"WebPage","@id":"https:\/\/contadoreshoy.com\/?p=10531#webpage","url":"https:\/\/contadoreshoy.com\/?p=10531","name":"MODIFICADA BASE GRAVABLE DE RETENCI\u00d3N INDUSTRIA Y COMERCIO BUCARAMANGA - Contadores P\u00fablicos","description":"\u00a1RETENCI\u00d3N DE INDUSTRIA Y COMERCIO SOBRE CUALQUIER PAGO, SIN IMPORTAR LA CUANT\u00cdA \u00a1 De acuerdo al art\u00edculo quinto de la resoluci\u00f3n 1700 de diciembre 01 de 2017, de la Alcald\u00eda de Bucaramanga, los agentes de retenci\u00f3n del impuesto de industria y comercio, practicar\u00e1n retenci\u00f3n sobre el 100% del ingreso gravado, sin importar la cuant\u00eda del","inLanguage":"es-ES","isPartOf":{"@id":"https:\/\/contadoreshoy.com\/#website"},"breadcrumb":{"@id":"https:\/\/contadoreshoy.com\/?p=10531#breadcrumblist"},"author":{"@id":"https:\/\/contadoreshoy.com\/?author=1#author"},"creator":{"@id":"https:\/\/contadoreshoy.com\/?author=1#author"},"image":{"@type":"ImageObject","url":"https:\/\/contadoreshoy.com\/wp-content\/uploads\/2018\/01\/Alerta-Impuestos-Bucaramanga.jpg","@id":"https:\/\/contadoreshoy.com\/?p=10531\/#mainImage","width":800,"height":600},"primaryImageOfPage":{"@id":"https:\/\/contadoreshoy.com\/?p=10531#mainImage"},"datePublished":"2018-01-02T15:38:49-05:00","dateModified":"2018-01-02T15:41:28-05:00"},{"@type":"WebSite","@id":"https:\/\/contadoreshoy.com\/#website","url":"https:\/\/contadoreshoy.com\/","name":"Contadores P\u00fablicos","description":"Portal para Contadores P\u00fablicos y empresarios","inLanguage":"es-ES","publisher":{"@id":"https:\/\/contadoreshoy.com\/#organization"}}]},"og:locale":"es_ES","og:site_name":"Contadores P\u00fablicos - Portal para Contadores P\u00fablicos y empresarios","og:type":"article","og:title":"MODIFICADA BASE GRAVABLE DE RETENCI\u00d3N INDUSTRIA Y COMERCIO BUCARAMANGA - Contadores P\u00fablicos","og:description":"\u00a1RETENCI\u00d3N DE INDUSTRIA Y COMERCIO SOBRE CUALQUIER PAGO, SIN IMPORTAR LA CUANT\u00cdA \u00a1 De acuerdo al art\u00edculo quinto de la resoluci\u00f3n 1700 de diciembre 01 de 2017, de la Alcald\u00eda de Bucaramanga, los agentes de retenci\u00f3n del impuesto de industria y comercio, practicar\u00e1n retenci\u00f3n sobre el 100% del ingreso gravado, sin importar la cuant\u00eda del","og:url":"https:\/\/contadoreshoy.com\/?p=10531","og:image":"https:\/\/contadoreshoy.com\/wp-content\/uploads\/2024\/01\/cropped-cropped-cropped-Copia-de-M.jpg","og:image:secure_url":"https:\/\/contadoreshoy.com\/wp-content\/uploads\/2024\/01\/cropped-cropped-cropped-Copia-de-M.jpg","og:image:width":512,"og:image:height":371,"article:published_time":"2018-01-02T20:38:49+00:00","article:modified_time":"2018-01-02T20:41:28+00:00","twitter:card":"summary_large_image","twitter:title":"MODIFICADA BASE GRAVABLE DE RETENCI\u00d3N INDUSTRIA Y COMERCIO BUCARAMANGA - Contadores P\u00fablicos","twitter:description":"\u00a1RETENCI\u00d3N DE INDUSTRIA Y COMERCIO SOBRE CUALQUIER PAGO, SIN IMPORTAR LA CUANT\u00cdA \u00a1 De acuerdo al art\u00edculo quinto de la resoluci\u00f3n 1700 de diciembre 01 de 2017, de la Alcald\u00eda de Bucaramanga, los agentes de retenci\u00f3n del impuesto de industria y comercio, practicar\u00e1n retenci\u00f3n sobre el 100% del ingreso gravado, sin importar la cuant\u00eda del","twitter:image":"https:\/\/contadoreshoy.com\/wp-content\/uploads\/2024\/01\/cropped-cropped-cropped-Copia-de-M.jpg"},"aioseo_meta_data":{"post_id":"10531","title":null,"description":null,"keywords":null,"keyphrases":null,"primary_term":null,"canonical_url":null,"og_title":null,"og_description":null,"og_object_type":"default","og_image_type":"default","og_image_url":null,"og_image_width":null,"og_image_height":null,"og_image_custom_url":null,"og_image_custom_fields":null,"og_video":null,"og_custom_url":null,"og_article_section":null,"og_article_tags":null,"twitter_use_og":false,"twitter_card":"default","twitter_image_type":"default","twitter_image_url":null,"twitter_image_custom_url":null,"twitter_image_custom_fields":null,"twitter_title":null,"twitter_description":null,"schema":{"blockGraphs":[],"customGraphs":[],"default":{"data":{"Article":[],"Course":[],"Dataset":[],"FAQPage":[],"Movie":[],"Person":[],"Product":[],"ProductReview":[],"Car":[],"Recipe":[],"Service":[],"SoftwareApplication":[],"WebPage":[]},"graphName":"","isEnabled":true},"graphs":[]},"schema_type":"default","schema_type_options":null,"pillar_content":false,"robots_default":true,"robots_noindex":false,"robots_noarchive":false,"robots_nosnippet":false,"robots_nofollow":false,"robots_noimageindex":false,"robots_noodp":false,"robots_notranslate":false,"robots_max_snippet":null,"robots_max_videopreview":null,"robots_max_imagepreview":"large","priority":null,"frequency":null,"local_seo":null,"breadcrumb_settings":null,"limit_modified_date":false,"ai":null,"created":"2024-03-05 01:54:53","updated":"2026-03-03 05:08:01","seo_analyzer_scan_date":null,"focus_keyword":null,"additional_keywords":null,"truseo_locale":null},"aioseo_breadcrumb":"<div class=\"aioseo-breadcrumbs\"><span class=\"aioseo-breadcrumb\">\n\t\t\t<a href=\"https:\/\/contadoreshoy.com\" title=\"Home\">Home<\/a>\n\t\t<\/span><span class=\"aioseo-breadcrumb-separator\">&raquo;<\/span><span class=\"aioseo-breadcrumb\">\n\t\t\t<a href=\"https:\/\/contadoreshoy.com\/?cat=1\" title=\"Uncategorized\">Uncategorized<\/a>\n\t\t<\/span><span class=\"aioseo-breadcrumb-separator\">&raquo;<\/span><span class=\"aioseo-breadcrumb\">\n\t\t\tMODIFICADA BASE GRAVABLE DE RETENCI\u00d3N INDUSTRIA Y COMERCIO BUCARAMANGA\n\t\t<\/span><\/div>","aioseo_breadcrumb_json":[{"label":"Home","link":"https:\/\/contadoreshoy.com"},{"label":"Uncategorized","link":"https:\/\/contadoreshoy.com\/?cat=1"},{"label":"MODIFICADA BASE GRAVABLE DE RETENCI\u00d3N INDUSTRIA Y COMERCIO BUCARAMANGA","link":"https:\/\/contadoreshoy.com\/?p=10531"}],"yoast_head":"<!-- This site is optimized with the Yoast SEO plugin v28.4 - https:\/\/yoast.com\/product\/yoast-seo-wordpress\/ -->\n<title>MODIFICADA BASE GRAVABLE DE RETENCI\u00d3N INDUSTRIA Y COMERCIO BUCARAMANGA - Contadores P\u00fablicos<\/title>\n<meta name=\"robots\" content=\"index, follow, max-snippet:-1, max-image-preview:large, max-video-preview:-1\" \/>\n<link rel=\"canonical\" href=\"https:\/\/contadoreshoy.com\/?p=10531\" \/>\n<meta property=\"og:locale\" content=\"es_ES\" \/>\n<meta property=\"og:type\" content=\"article\" \/>\n<meta property=\"og:title\" content=\"MODIFICADA BASE GRAVABLE DE RETENCI\u00d3N INDUSTRIA Y COMERCIO BUCARAMANGA - Contadores P\u00fablicos\" \/>\n<meta property=\"og:description\" content=\"\u00a1RETENCI\u00d3N DE INDUSTRIA Y COMERCIO SOBRE CUALQUIER PAGO, SIN IMPORTAR LA CUANT\u00cdA \u00a1 De acuerdo al art\u00edculo quinto de la resoluci\u00f3n 1700 de diciembre 01 de 2017, de la Alcald\u00eda&#046;&#046;&#046;\" \/>\n<meta property=\"og:url\" content=\"https:\/\/contadoreshoy.com\/?p=10531\" \/>\n<meta property=\"og:site_name\" content=\"Contadores P\u00fablicos\" \/>\n<meta property=\"article:publisher\" content=\"https:\/\/www.facebook.com\/CCCPBucaramanga\/\" \/>\n<meta property=\"article:published_time\" content=\"2018-01-02T20:38:49+00:00\" \/>\n<meta property=\"article:modified_time\" content=\"2018-01-02T20:41:28+00:00\" \/>\n<meta property=\"og:image\" content=\"https:\/\/contadoreshoy.com\/wp-content\/uploads\/2018\/01\/Alerta-Impuestos-Bucaramanga.jpg\" \/>\n\t<meta property=\"og:image:width\" content=\"800\" \/>\n\t<meta property=\"og:image:height\" content=\"600\" \/>\n\t<meta property=\"og:image:type\" content=\"image\/jpeg\" \/>\n<meta name=\"author\" content=\"Miguel Antonio M\u00e1rquez Monta\u00f1ez\" \/>\n<meta name=\"twitter:card\" content=\"summary_large_image\" \/>\n<meta name=\"twitter:label1\" content=\"Escrito por\" \/>\n\t<meta name=\"twitter:data1\" content=\"Miguel Antonio M\u00e1rquez Monta\u00f1ez\" \/>\n<script type=\"application\/ld+json\" class=\"yoast-schema-graph\">{\"@context\":\"https:\\\/\\\/schema.org\",\"@graph\":[{\"@type\":\"Article\",\"@id\":\"https:\\\/\\\/contadoreshoy.com\\\/?p=10531#article\",\"isPartOf\":{\"@id\":\"https:\\\/\\\/contadoreshoy.com\\\/?p=10531\"},\"author\":{\"name\":\"Miguel Antonio M\u00e1rquez Monta\u00f1ez\",\"@id\":\"https:\\\/\\\/contadoreshoy.com\\\/#\\\/schema\\\/person\\\/96d8979cb865537c5dc9345e40089fc5\"},\"headline\":\"MODIFICADA BASE GRAVABLE DE RETENCI\u00d3N INDUSTRIA Y COMERCIO BUCARAMANGA\",\"datePublished\":\"2018-01-02T20:38:49+00:00\",\"dateModified\":\"2018-01-02T20:41:28+00:00\",\"mainEntityOfPage\":{\"@id\":\"https:\\\/\\\/contadoreshoy.com\\\/?p=10531\"},\"wordCount\":90,\"publisher\":{\"@id\":\"https:\\\/\\\/contadoreshoy.com\\\/#organization\"},\"image\":{\"@id\":\"https:\\\/\\\/contadoreshoy.com\\\/?p=10531#primaryimage\"},\"thumbnailUrl\":\"https:\\\/\\\/contadoreshoy.com\\\/wp-content\\\/uploads\\\/2018\\\/01\\\/Alerta-Impuestos-Bucaramanga.jpg\",\"articleSection\":{\"1\":\"Uncategorized\"},\"inLanguage\":\"es\"},{\"@type\":\"WebPage\",\"@id\":\"https:\\\/\\\/contadoreshoy.com\\\/?p=10531\",\"url\":\"https:\\\/\\\/contadoreshoy.com\\\/?p=10531\",\"name\":\"MODIFICADA BASE GRAVABLE DE RETENCI\u00d3N INDUSTRIA Y COMERCIO BUCARAMANGA - Contadores P\u00fablicos\",\"isPartOf\":{\"@id\":\"https:\\\/\\\/contadoreshoy.com\\\/#website\"},\"primaryImageOfPage\":{\"@id\":\"https:\\\/\\\/contadoreshoy.com\\\/?p=10531#primaryimage\"},\"image\":{\"@id\":\"https:\\\/\\\/contadoreshoy.com\\\/?p=10531#primaryimage\"},\"thumbnailUrl\":\"https:\\\/\\\/contadoreshoy.com\\\/wp-content\\\/uploads\\\/2018\\\/01\\\/Alerta-Impuestos-Bucaramanga.jpg\",\"datePublished\":\"2018-01-02T20:38:49+00:00\",\"dateModified\":\"2018-01-02T20:41:28+00:00\",\"breadcrumb\":{\"@id\":\"https:\\\/\\\/contadoreshoy.com\\\/?p=10531#breadcrumb\"},\"inLanguage\":\"es\",\"potentialAction\":[{\"@type\":\"ReadAction\",\"target\":[\"https:\\\/\\\/contadoreshoy.com\\\/?p=10531\"]}]},{\"@type\":\"ImageObject\",\"inLanguage\":\"es\",\"@id\":\"https:\\\/\\\/contadoreshoy.com\\\/?p=10531#primaryimage\",\"url\":\"https:\\\/\\\/contadoreshoy.com\\\/wp-content\\\/uploads\\\/2018\\\/01\\\/Alerta-Impuestos-Bucaramanga.jpg\",\"contentUrl\":\"https:\\\/\\\/contadoreshoy.com\\\/wp-content\\\/uploads\\\/2018\\\/01\\\/Alerta-Impuestos-Bucaramanga.jpg\",\"width\":800,\"height\":600},{\"@type\":\"BreadcrumbList\",\"@id\":\"https:\\\/\\\/contadoreshoy.com\\\/?p=10531#breadcrumb\",\"itemListElement\":[{\"@type\":\"ListItem\",\"position\":1,\"name\":\"Portada\",\"item\":\"https:\\\/\\\/contadoreshoy.com\\\/\"},{\"@type\":\"ListItem\",\"position\":2,\"name\":\"MODIFICADA BASE GRAVABLE DE RETENCI\u00d3N INDUSTRIA Y COMERCIO BUCARAMANGA\"}]},{\"@type\":\"WebSite\",\"@id\":\"https:\\\/\\\/contadoreshoy.com\\\/#website\",\"url\":\"https:\\\/\\\/contadoreshoy.com\\\/\",\"name\":\"Contadorespublicossantander\",\"description\":\"Portal para Contadores P\u00fablicos y empresarios\",\"publisher\":{\"@id\":\"https:\\\/\\\/contadoreshoy.com\\\/#organization\"},\"potentialAction\":[{\"@type\":\"SearchAction\",\"target\":{\"@type\":\"EntryPoint\",\"urlTemplate\":\"https:\\\/\\\/contadoreshoy.com\\\/?s={search_term_string}\"},\"query-input\":{\"@type\":\"PropertyValueSpecification\",\"valueRequired\":true,\"valueName\":\"search_term_string\"}}],\"inLanguage\":\"es\"},{\"@type\":\"Organization\",\"@id\":\"https:\\\/\\\/contadoreshoy.com\\\/#organization\",\"name\":\"Contadores P\u00fablicos de Santander\",\"url\":\"https:\\\/\\\/contadoreshoy.com\\\/\",\"logo\":{\"@type\":\"ImageObject\",\"inLanguage\":\"es\",\"@id\":\"https:\\\/\\\/contadoreshoy.com\\\/#\\\/schema\\\/logo\\\/image\\\/\",\"url\":\"https:\\\/\\\/contadoreshoy.com\\\/wp-content\\\/uploads\\\/2024\\\/01\\\/cropped-cropped-Copia-de-M-1.jpg\",\"contentUrl\":\"https:\\\/\\\/contadoreshoy.com\\\/wp-content\\\/uploads\\\/2024\\\/01\\\/cropped-cropped-Copia-de-M-1.jpg\",\"width\":499,\"height\":500,\"caption\":\"Contadores P\u00fablicos de Santander\"},\"image\":{\"@id\":\"https:\\\/\\\/contadoreshoy.com\\\/#\\\/schema\\\/logo\\\/image\\\/\"},\"sameAs\":[\"https:\\\/\\\/www.facebook.com\\\/CCCPBucaramanga\\\/\"]},{\"@type\":\"Person\",\"@id\":\"https:\\\/\\\/contadoreshoy.com\\\/#\\\/schema\\\/person\\\/96d8979cb865537c5dc9345e40089fc5\",\"name\":\"Miguel Antonio M\u00e1rquez Monta\u00f1ez\",\"description\":\"Contador P\u00fablico egresado de la Universidad Aut\u00f3noma de Bucaramanga - Asesor contable tributario con m\u00e1s de 25 a\u00f1os de experiencia - Conferencista en temas contables y tributarios - T\u00e9cnico en Hardware y Dise\u00f1o Web - Creador y director Grupo de Estudio Colegio Colombiano de Contadores P\u00fablicos de Bucaramanga - Creador y Master Web p\u00e1gina www.contadoresp\u00fablicossantander.com - Expresidente Colegio Colombiano de Contadores P\u00fablicos Bucaramanga\",\"url\":\"https:\\\/\\\/contadoreshoy.com\\\/?author=1\"}]}<\/script>\n<!-- \/ Yoast SEO plugin. -->","yoast_head_json":{"title":"MODIFICADA BASE GRAVABLE DE RETENCI\u00d3N INDUSTRIA Y COMERCIO BUCARAMANGA - Contadores P\u00fablicos","robots":{"index":"index","follow":"follow","max-snippet":"max-snippet:-1","max-image-preview":"max-image-preview:large","max-video-preview":"max-video-preview:-1"},"canonical":"https:\/\/contadoreshoy.com\/?p=10531","og_locale":"es_ES","og_type":"article","og_title":"MODIFICADA BASE GRAVABLE DE RETENCI\u00d3N INDUSTRIA Y COMERCIO BUCARAMANGA - Contadores P\u00fablicos","og_description":"\u00a1RETENCI\u00d3N DE INDUSTRIA Y COMERCIO SOBRE CUALQUIER PAGO, SIN IMPORTAR LA CUANT\u00cdA \u00a1 De acuerdo al art\u00edculo quinto de la resoluci\u00f3n 1700 de diciembre 01 de 2017, de la Alcald\u00eda&#46;&#46;&#46;","og_url":"https:\/\/contadoreshoy.com\/?p=10531","og_site_name":"Contadores P\u00fablicos","article_publisher":"https:\/\/www.facebook.com\/CCCPBucaramanga\/","article_published_time":"2018-01-02T20:38:49+00:00","article_modified_time":"2018-01-02T20:41:28+00:00","og_image":[{"width":800,"height":600,"url":"https:\/\/contadoreshoy.com\/wp-content\/uploads\/2018\/01\/Alerta-Impuestos-Bucaramanga.jpg","type":"image\/jpeg"}],"author":"Miguel Antonio M\u00e1rquez Monta\u00f1ez","twitter_card":"summary_large_image","twitter_misc":{"Escrito por":"Miguel Antonio M\u00e1rquez Monta\u00f1ez"},"schema":{"@context":"https:\/\/schema.org","@graph":[{"@type":"Article","@id":"https:\/\/contadoreshoy.com\/?p=10531#article","isPartOf":{"@id":"https:\/\/contadoreshoy.com\/?p=10531"},"author":{"name":"Miguel Antonio M\u00e1rquez Monta\u00f1ez","@id":"https:\/\/contadoreshoy.com\/#\/schema\/person\/96d8979cb865537c5dc9345e40089fc5"},"headline":"MODIFICADA BASE GRAVABLE DE RETENCI\u00d3N INDUSTRIA Y COMERCIO BUCARAMANGA","datePublished":"2018-01-02T20:38:49+00:00","dateModified":"2018-01-02T20:41:28+00:00","mainEntityOfPage":{"@id":"https:\/\/contadoreshoy.com\/?p=10531"},"wordCount":90,"publisher":{"@id":"https:\/\/contadoreshoy.com\/#organization"},"image":{"@id":"https:\/\/contadoreshoy.com\/?p=10531#primaryimage"},"thumbnailUrl":"https:\/\/contadoreshoy.com\/wp-content\/uploads\/2018\/01\/Alerta-Impuestos-Bucaramanga.jpg","articleSection":{"1":"Uncategorized"},"inLanguage":"es"},{"@type":"WebPage","@id":"https:\/\/contadoreshoy.com\/?p=10531","url":"https:\/\/contadoreshoy.com\/?p=10531","name":"MODIFICADA BASE GRAVABLE DE RETENCI\u00d3N INDUSTRIA Y COMERCIO BUCARAMANGA - Contadores P\u00fablicos","isPartOf":{"@id":"https:\/\/contadoreshoy.com\/#website"},"primaryImageOfPage":{"@id":"https:\/\/contadoreshoy.com\/?p=10531#primaryimage"},"image":{"@id":"https:\/\/contadoreshoy.com\/?p=10531#primaryimage"},"thumbnailUrl":"https:\/\/contadoreshoy.com\/wp-content\/uploads\/2018\/01\/Alerta-Impuestos-Bucaramanga.jpg","datePublished":"2018-01-02T20:38:49+00:00","dateModified":"2018-01-02T20:41:28+00:00","breadcrumb":{"@id":"https:\/\/contadoreshoy.com\/?p=10531#breadcrumb"},"inLanguage":"es","potentialAction":[{"@type":"ReadAction","target":["https:\/\/contadoreshoy.com\/?p=10531"]}]},{"@type":"ImageObject","inLanguage":"es","@id":"https:\/\/contadoreshoy.com\/?p=10531#primaryimage","url":"https:\/\/contadoreshoy.com\/wp-content\/uploads\/2018\/01\/Alerta-Impuestos-Bucaramanga.jpg","contentUrl":"https:\/\/contadoreshoy.com\/wp-content\/uploads\/2018\/01\/Alerta-Impuestos-Bucaramanga.jpg","width":800,"height":600},{"@type":"BreadcrumbList","@id":"https:\/\/contadoreshoy.com\/?p=10531#breadcrumb","itemListElement":[{"@type":"ListItem","position":1,"name":"Portada","item":"https:\/\/contadoreshoy.com\/"},{"@type":"ListItem","position":2,"name":"MODIFICADA BASE GRAVABLE DE RETENCI\u00d3N INDUSTRIA Y COMERCIO BUCARAMANGA"}]},{"@type":"WebSite","@id":"https:\/\/contadoreshoy.com\/#website","url":"https:\/\/contadoreshoy.com\/","name":"Contadorespublicossantander","description":"Portal para Contadores P\u00fablicos y empresarios","publisher":{"@id":"https:\/\/contadoreshoy.com\/#organization"},"potentialAction":[{"@type":"SearchAction","target":{"@type":"EntryPoint","urlTemplate":"https:\/\/contadoreshoy.com\/?s={search_term_string}"},"query-input":{"@type":"PropertyValueSpecification","valueRequired":true,"valueName":"search_term_string"}}],"inLanguage":"es"},{"@type":"Organization","@id":"https:\/\/contadoreshoy.com\/#organization","name":"Contadores P\u00fablicos de Santander","url":"https:\/\/contadoreshoy.com\/","logo":{"@type":"ImageObject","inLanguage":"es","@id":"https:\/\/contadoreshoy.com\/#\/schema\/logo\/image\/","url":"https:\/\/contadoreshoy.com\/wp-content\/uploads\/2024\/01\/cropped-cropped-Copia-de-M-1.jpg","contentUrl":"https:\/\/contadoreshoy.com\/wp-content\/uploads\/2024\/01\/cropped-cropped-Copia-de-M-1.jpg","width":499,"height":500,"caption":"Contadores P\u00fablicos de Santander"},"image":{"@id":"https:\/\/contadoreshoy.com\/#\/schema\/logo\/image\/"},"sameAs":["https:\/\/www.facebook.com\/CCCPBucaramanga\/"]},{"@type":"Person","@id":"https:\/\/contadoreshoy.com\/#\/schema\/person\/96d8979cb865537c5dc9345e40089fc5","name":"Miguel Antonio M\u00e1rquez Monta\u00f1ez","description":"Contador P\u00fablico egresado de la Universidad Aut\u00f3noma de Bucaramanga - Asesor contable tributario con m\u00e1s de 25 a\u00f1os de experiencia - Conferencista en temas contables y tributarios - T\u00e9cnico en Hardware y Dise\u00f1o Web - Creador y director Grupo de Estudio Colegio Colombiano de Contadores P\u00fablicos de Bucaramanga - Creador y Master Web p\u00e1gina www.contadoresp\u00fablicossantander.com - Expresidente Colegio Colombiano de Contadores P\u00fablicos Bucaramanga","url":"https:\/\/contadoreshoy.com\/?author=1"}]}},"_links":{"self":[{"href":"https:\/\/contadoreshoy.com\/index.php?rest_route=\/wp\/v2\/posts\/10531","targetHints":{"allow":["GET"]}}],"collection":[{"href":"https:\/\/contadoreshoy.com\/index.php?rest_route=\/wp\/v2\/posts"}],"about":[{"href":"https:\/\/contadoreshoy.com\/index.php?rest_route=\/wp\/v2\/types\/post"}],"author":[{"embeddable":true,"href":"https:\/\/contadoreshoy.com\/index.php?rest_route=\/wp\/v2\/users\/1"}],"replies":[{"embeddable":true,"href":"https:\/\/contadoreshoy.com\/index.php?rest_route=%2Fwp%2Fv2%2Fcomments&post=10531"}],"version-history":[{"count":2,"href":"https:\/\/contadoreshoy.com\/index.php?rest_route=\/wp\/v2\/posts\/10531\/revisions"}],"predecessor-version":[{"id":10534,"href":"https:\/\/contadoreshoy.com\/index.php?rest_route=\/wp\/v2\/posts\/10531\/revisions\/10534"}],"wp:featuredmedia":[{"embeddable":true,"href":"https:\/\/contadoreshoy.com\/index.php?rest_route=\/wp\/v2\/media\/10532"}],"wp:attachment":[{"href":"https:\/\/contadoreshoy.com\/index.php?rest_route=%2Fwp%2Fv2%2Fmedia&parent=10531"}],"wp:term":[{"taxonomy":"category","embeddable":true,"href":"https:\/\/contadoreshoy.com\/index.php?rest_route=%2Fwp%2Fv2%2Fcategories&post=10531"},{"taxonomy":"post_tag","embeddable":true,"href":"https:\/\/contadoreshoy.com\/index.php?rest_route=%2Fwp%2Fv2%2Ftags&post=10531"}],"curies":[{"name":"wp","href":"https:\/\/api.w.org\/{rel}","templated":true}]}}