{"id":10553,"date":"2018-01-03T21:48:53","date_gmt":"2018-01-04T02:48:53","guid":{"rendered":"https:\/\/contadoreshoy.com\/?p=10553"},"modified":"2018-01-03T22:20:39","modified_gmt":"2018-01-04T03:20:39","slug":"resolucion-00073-diciembre-29-2017-formato-reporte-conciliacion-fiscal","status":"publish","type":"post","link":"https:\/\/contadoreshoy.com\/?p=10553","title":{"rendered":"Resoluci\u00f3n 00073 de diciembre 29 de 2017 &#8211; Formato de reporte conciliaci\u00f3n fiscal"},"content":{"rendered":"<p><img loading=\"lazy\" decoding=\"async\" class=\"aligncenter wp-image-10429 size-full\" src=\"https:\/\/contadoreshoy.com\/wp-content\/uploads\/2017\/12\/Conciliaci\u00f3n-contable-fiscal2.jpg\" alt=\"\" width=\"800\" height=\"600\" srcset=\"https:\/\/contadoreshoy.com\/wp-content\/uploads\/2017\/12\/Conciliaci\u00f3n-contable-fiscal2.jpg 800w, https:\/\/contadoreshoy.com\/wp-content\/uploads\/2017\/12\/Conciliaci\u00f3n-contable-fiscal2-600x450.jpg 600w, https:\/\/contadoreshoy.com\/wp-content\/uploads\/2017\/12\/Conciliaci\u00f3n-contable-fiscal2-200x150.jpg 200w, https:\/\/contadoreshoy.com\/wp-content\/uploads\/2017\/12\/Conciliaci\u00f3n-contable-fiscal2-533x400.jpg 533w, https:\/\/contadoreshoy.com\/wp-content\/uploads\/2017\/12\/Conciliaci\u00f3n-contable-fiscal2-768x576.jpg 768w\" sizes=\"auto, (max-width: 800px) 100vw, 800px\" \/><\/p>\n<p style=\"text-align: justify;\"><strong>Por medio de la <a href=\"http:\/\/www.dian.gov.co\/descargas\/normatividad\/2017\/Resoluciones\/Resol_000073_29_DIC_2017\/Resolucion_000073%20_29_DIC_2017.pdf\" target=\"_blank\" rel=\"noopener\">resoluci\u00f3n 000073 de diciembre 29 de 2017 DIAN<\/a>, se prescribe el formato de reporte de conciliaci\u00f3n fiscal de que trata el numeral 2 del art\u00edculo 1.7.1 del <a href=\"http:\/\/www.minhacienda.gov.co\/HomeMinhacienda\/content\/conn\/OCS\/path\/Contribution%20Folders\/SitioWeb\/Home\/elministerio\/NormativaMinhacienda\/DURTRIBUTARIO\/DURTRIBUTARIOConsolidado\/23-2-2017-DUR-decreto-unico-reglamentario-tributario-actualizacion4%20oficial.htm\" target=\"_blank\" rel=\"noopener\">Decreto 1625 del 11 de octubre de 2016<\/a>, \u00danico Reglamentario en materia tributaria.<\/strong><\/p>\n<p style=\"text-align: justify;\">El formato de reporte de conciliaci\u00f3n fiscal para los contribuyentes obligados a llevar contabilidad (Formato 2516), <strong><span style=\"color: #0000ff;\">deber\u00e1 ser diligenciado por los contribuyentes obligados a llevar contabilidad o quienes de manera voluntaria decidan llevarla, que presenten declaraci\u00f3n de renta y complementario mediante el formulario 110<\/span><\/strong>.<\/p>\n<p style=\"text-align: justify;\"><span style=\"color: #ff0000;\"><strong>El \u00abReporte de conciliaci\u00f3n fiscal\u00bb deber\u00e1 ser diligenciado y presentado a trav\u00e9s de los servicios inform\u00e1ticos electr\u00f3nicos &#8211; SIES, por los contribuyentes del impuesto sobre la renta y complementarios obligados a llevar contabilidad, cuyos ingresos brutos fiscales sean iguales o superiores a 45.000 UVT<\/strong><\/span>. En los dem\u00e1s casos, el formato deber\u00e1 ser diligenciado y encontrarse a disposici\u00f3n de la Unidad Administrativa Especial Direcci\u00f3n de Impuestos y Aduanas Nacionales &#8211; DIAN.<\/p>\n<p style=\"text-align: justify;\">Para efectos de establecer la obligaci\u00f3n de presentar el \u00abReporte de conciliaci\u00f3n fiscal Anexo formulario 110\u00bb, los \u00abIngresos brutos fiscales\u00bb incluyen todos los ingresos ordinarios y extraordinarios, y entre los ingresos extraordinarios se deben tener en cuenta los correspondientes a las ganancias ocasionales.<\/p>\n<p style=\"text-align: justify;\"><span style=\"font-size: 12pt;\"><a href=\"http:\/\/www.dian.gov.co\/descargas\/normatividad\/2017\/Resoluciones\/Resol_000073_29_DIC_2017\/Resolucion_000073%20_29_DIC_2017.pdf\" target=\"_blank\" rel=\"noopener\"><span style=\"color: #0000ff;\"><strong>Resoluci\u00f3n 000073 de diciembre 29 de 2017 DIAN<\/strong><\/span><\/a><\/span><\/p>\n<p style=\"text-align: justify;\"><span style=\"font-size: 12pt;\"><a href=\"http:\/\/www.dian.gov.co\/descargas\/normatividad\/2017\/Resoluciones\/Resol_000073_29_DIC_2017\/ANEXO_1_FORMATO_2516_RESOLUCION_000073_29_DIC_2017.pdf\" target=\"_blank\" rel=\"noopener\"><span style=\"color: #0000ff;\"><strong>Anexo 1 Resoluci\u00f3n 000073 de diciembre 29 de 2017 &#8211; Formato 2516<\/strong><\/span><\/a><\/span><\/p>\n<p style=\"text-align: justify;\"><span style=\"font-size: 12pt;\"><a href=\"http:\/\/www.dian.gov.co\/descargas\/normatividad\/2017\/Resoluciones\/Resol_000073_29_DIC_2017\/ANEXO_2_GUIA_RESOLUCION_000073_%2029_DIC_2017.pdf\" target=\"_blank\" rel=\"noopener\"><span style=\"color: #0000ff;\"><strong>Anexo 2 Resoluci\u00f3n 000073 de diciembre 29 de 2017 &#8211; Gu\u00eda de dilingeciamiento Formato 2516<\/strong><\/span><\/a><\/span><\/p>\n<p style=\"text-align: justify;\"><span style=\"font-size: 12pt;\"><a href=\"https:\/\/contadoreshoy.com\/decreto-1998-noviembre-30-2017-reglamentacion-conciliacion-fiscal\" target=\"_blank\" rel=\"noopener\"><span style=\"color: #ff0000;\"><strong>Art\u00edculo relacionado : Decreto 1998 de noviembre 30 de 2017 (Reglamentaci\u00f3n conciliaci\u00f3n fiscal)<\/strong><\/span><\/a><\/span><\/p>\n","protected":false},"excerpt":{"rendered":"<p>Por medio de la resoluci\u00f3n 000073 de diciembre 29 de 2017 DIAN, se prescribe el formato de reporte de conciliaci\u00f3n fiscal de que trata el numeral 2 del art\u00edculo 1.7.1&#46;&#46;&#46;<\/p>\n","protected":false},"author":1,"featured_media":10429,"comment_status":"closed","ping_status":"open","sticky":false,"template":"","format":"standard","meta":{"_monsterinsights_skip_tracking":false,"ngg_post_thumbnail":0,"footnotes":"","_links_to":"","_links_to_target":""},"categories":[454,1],"tags":[],"class_list":["post-10553","post","type-post","status-publish","format-standard","has-post-thumbnail","hentry","category-sin-categoria","category-uncategorized"],"aioseo_notices":[],"aioseo_head":"\n\t\t<!-- All in One SEO 5.0.1.1 - aioseo.com -->\n\t<meta name=\"description\" content=\"Por medio de la resoluci\u00f3n 000073 de diciembre 29 de 2017 DIAN, se prescribe el formato de reporte de conciliaci\u00f3n fiscal de que trata el numeral 2 del art\u00edculo 1.7.1 del Decreto 1625 del 11 de octubre de 2016, \u00danico Reglamentario en materia tributaria. El formato de reporte de conciliaci\u00f3n fiscal para los contribuyentes obligados\" \/>\n\t<meta name=\"robots\" content=\"max-image-preview:large\" \/>\n\t<meta name=\"author\" content=\"Miguel Antonio M\u00e1rquez Monta\u00f1ez\"\/>\n\t<link rel=\"canonical\" href=\"https:\/\/contadoreshoy.com\/?p=10553\" \/>\n\t<meta name=\"generator\" content=\"All in One SEO (AIOSEO) 5.0.1.1\" \/>\n\t\t<meta property=\"og:locale\" content=\"es_ES\" \/>\n\t\t<meta property=\"og:site_name\" content=\"Contadores P\u00fablicos - Portal para Contadores P\u00fablicos y empresarios\" \/>\n\t\t<meta property=\"og:type\" content=\"article\" \/>\n\t\t<meta property=\"og:title\" content=\"Resoluci\u00f3n 00073 de diciembre 29 de 2017 \u2013 Formato de reporte conciliaci\u00f3n fiscal - Contadores P\u00fablicos\" \/>\n\t\t<meta property=\"og:description\" content=\"Por medio de la resoluci\u00f3n 000073 de diciembre 29 de 2017 DIAN, se prescribe el formato de reporte de conciliaci\u00f3n fiscal de que trata el numeral 2 del art\u00edculo 1.7.1 del Decreto 1625 del 11 de octubre de 2016, \u00danico Reglamentario en materia tributaria. El formato de reporte de conciliaci\u00f3n fiscal para los contribuyentes obligados\" \/>\n\t\t<meta property=\"og:url\" content=\"https:\/\/contadoreshoy.com\/?p=10553\" \/>\n\t\t<meta property=\"og:image\" content=\"https:\/\/contadoreshoy.com\/wp-content\/uploads\/2024\/01\/cropped-cropped-cropped-Copia-de-M.jpg\" \/>\n\t\t<meta property=\"og:image:secure_url\" content=\"https:\/\/contadoreshoy.com\/wp-content\/uploads\/2024\/01\/cropped-cropped-cropped-Copia-de-M.jpg\" \/>\n\t\t<meta property=\"og:image:width\" content=\"512\" \/>\n\t\t<meta property=\"og:image:height\" content=\"371\" \/>\n\t\t<meta property=\"article:published_time\" content=\"2018-01-04T02:48:53+00:00\" \/>\n\t\t<meta property=\"article:modified_time\" content=\"2018-01-04T03:20:39+00:00\" \/>\n\t\t<meta name=\"twitter:card\" content=\"summary_large_image\" \/>\n\t\t<meta name=\"twitter:title\" content=\"Resoluci\u00f3n 00073 de diciembre 29 de 2017 \u2013 Formato de reporte conciliaci\u00f3n fiscal - Contadores P\u00fablicos\" \/>\n\t\t<meta name=\"twitter:description\" content=\"Por medio de la resoluci\u00f3n 000073 de diciembre 29 de 2017 DIAN, se prescribe el formato de reporte de conciliaci\u00f3n fiscal de que trata el numeral 2 del art\u00edculo 1.7.1 del Decreto 1625 del 11 de octubre de 2016, \u00danico Reglamentario en materia tributaria. El formato de reporte de conciliaci\u00f3n fiscal para los contribuyentes obligados\" \/>\n\t\t<meta name=\"twitter:image\" content=\"https:\/\/contadoreshoy.com\/wp-content\/uploads\/2024\/01\/cropped-cropped-cropped-Copia-de-M.jpg\" \/>\n\t\t<script type=\"application\/ld+json\" class=\"aioseo-schema\">\n\t\t\t{\"@context\":\"https:\\\/\\\/schema.org\",\"@graph\":[{\"@type\":\"BlogPosting\",\"@id\":\"https:\\\/\\\/contadoreshoy.com\\\/?p=10553#blogposting\",\"name\":\"Resoluci\\u00f3n 00073 de diciembre 29 de 2017 \\u2013 Formato de reporte conciliaci\\u00f3n fiscal - Contadores P\\u00fablicos\",\"headline\":\"Resoluci\\u00f3n 00073 de diciembre 29 de 2017 &#8211; Formato de reporte conciliaci\\u00f3n fiscal\",\"author\":{\"@id\":\"https:\\\/\\\/contadoreshoy.com\\\/?author=1#author\"},\"publisher\":{\"@id\":\"https:\\\/\\\/contadoreshoy.com\\\/#organization\"},\"image\":{\"@type\":\"ImageObject\",\"url\":\"https:\\\/\\\/contadoreshoy.com\\\/wp-content\\\/uploads\\\/2017\\\/12\\\/Conciliaci\\u00f3n-contable-fiscal2.jpg\",\"width\":800,\"height\":600},\"datePublished\":\"2018-01-03T21:48:53-05:00\",\"dateModified\":\"2018-01-03T22:20:39-05:00\",\"inLanguage\":\"es-ES\",\"mainEntityOfPage\":{\"@id\":\"https:\\\/\\\/contadoreshoy.com\\\/?p=10553#webpage\"},\"isPartOf\":{\"@id\":\"https:\\\/\\\/contadoreshoy.com\\\/?p=10553#webpage\"},\"articleSection\":\"Sin categor\\u00eda, Uncategorized\"},{\"@type\":\"BreadcrumbList\",\"@id\":\"https:\\\/\\\/contadoreshoy.com\\\/?p=10553#breadcrumblist\",\"itemListElement\":[{\"@type\":\"ListItem\",\"@id\":\"https:\\\/\\\/contadoreshoy.com#listItem\",\"position\":1,\"name\":\"Home\",\"item\":\"https:\\\/\\\/contadoreshoy.com\",\"nextItem\":{\"@type\":\"ListItem\",\"@id\":\"https:\\\/\\\/contadoreshoy.com\\\/?cat=1#listItem\",\"name\":\"Uncategorized\"}},{\"@type\":\"ListItem\",\"@id\":\"https:\\\/\\\/contadoreshoy.com\\\/?cat=1#listItem\",\"position\":2,\"name\":\"Uncategorized\",\"item\":\"https:\\\/\\\/contadoreshoy.com\\\/?cat=1\",\"nextItem\":{\"@type\":\"ListItem\",\"@id\":\"https:\\\/\\\/contadoreshoy.com\\\/?p=10553#listItem\",\"name\":\"Resoluci\\u00f3n 00073 de diciembre 29 de 2017 &#8211; Formato de reporte conciliaci\\u00f3n fiscal\"},\"previousItem\":{\"@type\":\"ListItem\",\"@id\":\"https:\\\/\\\/contadoreshoy.com#listItem\",\"name\":\"Home\"}},{\"@type\":\"ListItem\",\"@id\":\"https:\\\/\\\/contadoreshoy.com\\\/?p=10553#listItem\",\"position\":3,\"name\":\"Resoluci\\u00f3n 00073 de diciembre 29 de 2017 &#8211; Formato de reporte conciliaci\\u00f3n fiscal\",\"previousItem\":{\"@type\":\"ListItem\",\"@id\":\"https:\\\/\\\/contadoreshoy.com\\\/?cat=1#listItem\",\"name\":\"Uncategorized\"}}]},{\"@type\":\"Organization\",\"@id\":\"https:\\\/\\\/contadoreshoy.com\\\/#organization\",\"name\":\"Contadores P\\u00fablicos\",\"description\":\"Portal para Contadores P\\u00fablicos y empresarios\",\"url\":\"https:\\\/\\\/contadoreshoy.com\\\/\",\"logo\":{\"@type\":\"ImageObject\",\"url\":\"https:\\\/\\\/contadoreshoy.com\\\/wp-content\\\/uploads\\\/2024\\\/01\\\/cropped-cropped-Copia-de-M-1.jpg\",\"@id\":\"https:\\\/\\\/contadoreshoy.com\\\/?p=10553\\\/#organizationLogo\",\"width\":499,\"height\":500},\"image\":{\"@id\":\"https:\\\/\\\/contadoreshoy.com\\\/?p=10553\\\/#organizationLogo\"}},{\"@type\":\"Person\",\"@id\":\"https:\\\/\\\/contadoreshoy.com\\\/?author=1#author\",\"url\":\"https:\\\/\\\/contadoreshoy.com\\\/?author=1\",\"name\":\"Miguel Antonio M\\u00e1rquez Monta\\u00f1ez\"},{\"@type\":\"WebPage\",\"@id\":\"https:\\\/\\\/contadoreshoy.com\\\/?p=10553#webpage\",\"url\":\"https:\\\/\\\/contadoreshoy.com\\\/?p=10553\",\"name\":\"Resoluci\\u00f3n 00073 de diciembre 29 de 2017 \\u2013 Formato de reporte conciliaci\\u00f3n fiscal - Contadores P\\u00fablicos\",\"description\":\"Por medio de la resoluci\\u00f3n 000073 de diciembre 29 de 2017 DIAN, se prescribe el formato de reporte de conciliaci\\u00f3n fiscal de que trata el numeral 2 del art\\u00edculo 1.7.1 del Decreto 1625 del 11 de octubre de 2016, \\u00danico Reglamentario en materia tributaria. El formato de reporte de conciliaci\\u00f3n fiscal para los contribuyentes obligados\",\"inLanguage\":\"es-ES\",\"isPartOf\":{\"@id\":\"https:\\\/\\\/contadoreshoy.com\\\/#website\"},\"breadcrumb\":{\"@id\":\"https:\\\/\\\/contadoreshoy.com\\\/?p=10553#breadcrumblist\"},\"author\":{\"@id\":\"https:\\\/\\\/contadoreshoy.com\\\/?author=1#author\"},\"creator\":{\"@id\":\"https:\\\/\\\/contadoreshoy.com\\\/?author=1#author\"},\"image\":{\"@type\":\"ImageObject\",\"url\":\"https:\\\/\\\/contadoreshoy.com\\\/wp-content\\\/uploads\\\/2017\\\/12\\\/Conciliaci\\u00f3n-contable-fiscal2.jpg\",\"@id\":\"https:\\\/\\\/contadoreshoy.com\\\/?p=10553\\\/#mainImage\",\"width\":800,\"height\":600},\"primaryImageOfPage\":{\"@id\":\"https:\\\/\\\/contadoreshoy.com\\\/?p=10553#mainImage\"},\"datePublished\":\"2018-01-03T21:48:53-05:00\",\"dateModified\":\"2018-01-03T22:20:39-05:00\"},{\"@type\":\"WebSite\",\"@id\":\"https:\\\/\\\/contadoreshoy.com\\\/#website\",\"url\":\"https:\\\/\\\/contadoreshoy.com\\\/\",\"name\":\"Contadores P\\u00fablicos\",\"description\":\"Portal para Contadores P\\u00fablicos y empresarios\",\"inLanguage\":\"es-ES\",\"publisher\":{\"@id\":\"https:\\\/\\\/contadoreshoy.com\\\/#organization\"}}]}\n\t\t<\/script>\n\t\t<!-- All in One SEO -->\n\n","aioseo_head_json":{"title":"Resoluci\u00f3n 00073 de diciembre 29 de 2017 \u2013 Formato de reporte conciliaci\u00f3n fiscal - Contadores P\u00fablicos","description":"Por medio de la resoluci\u00f3n 000073 de diciembre 29 de 2017 DIAN, se prescribe el formato de reporte de conciliaci\u00f3n fiscal de que trata el numeral 2 del art\u00edculo 1.7.1 del Decreto 1625 del 11 de octubre de 2016, \u00danico Reglamentario en materia tributaria. El formato de reporte de conciliaci\u00f3n fiscal para los contribuyentes obligados","canonical_url":"https:\/\/contadoreshoy.com\/?p=10553","robots":"max-image-preview:large","keywords":"","webmasterTools":{"miscellaneous":""},"schema":{"@context":"https:\/\/schema.org","@graph":[{"@type":"BlogPosting","@id":"https:\/\/contadoreshoy.com\/?p=10553#blogposting","name":"Resoluci\u00f3n 00073 de diciembre 29 de 2017 \u2013 Formato de reporte conciliaci\u00f3n fiscal - Contadores P\u00fablicos","headline":"Resoluci\u00f3n 00073 de diciembre 29 de 2017 &#8211; Formato de reporte conciliaci\u00f3n fiscal","author":{"@id":"https:\/\/contadoreshoy.com\/?author=1#author"},"publisher":{"@id":"https:\/\/contadoreshoy.com\/#organization"},"image":{"@type":"ImageObject","url":"https:\/\/contadoreshoy.com\/wp-content\/uploads\/2017\/12\/Conciliaci\u00f3n-contable-fiscal2.jpg","width":800,"height":600},"datePublished":"2018-01-03T21:48:53-05:00","dateModified":"2018-01-03T22:20:39-05:00","inLanguage":"es-ES","mainEntityOfPage":{"@id":"https:\/\/contadoreshoy.com\/?p=10553#webpage"},"isPartOf":{"@id":"https:\/\/contadoreshoy.com\/?p=10553#webpage"},"articleSection":"Sin categor\u00eda, Uncategorized"},{"@type":"BreadcrumbList","@id":"https:\/\/contadoreshoy.com\/?p=10553#breadcrumblist","itemListElement":[{"@type":"ListItem","@id":"https:\/\/contadoreshoy.com#listItem","position":1,"name":"Home","item":"https:\/\/contadoreshoy.com","nextItem":{"@type":"ListItem","@id":"https:\/\/contadoreshoy.com\/?cat=1#listItem","name":"Uncategorized"}},{"@type":"ListItem","@id":"https:\/\/contadoreshoy.com\/?cat=1#listItem","position":2,"name":"Uncategorized","item":"https:\/\/contadoreshoy.com\/?cat=1","nextItem":{"@type":"ListItem","@id":"https:\/\/contadoreshoy.com\/?p=10553#listItem","name":"Resoluci\u00f3n 00073 de diciembre 29 de 2017 &#8211; Formato de reporte conciliaci\u00f3n fiscal"},"previousItem":{"@type":"ListItem","@id":"https:\/\/contadoreshoy.com#listItem","name":"Home"}},{"@type":"ListItem","@id":"https:\/\/contadoreshoy.com\/?p=10553#listItem","position":3,"name":"Resoluci\u00f3n 00073 de diciembre 29 de 2017 &#8211; Formato de reporte conciliaci\u00f3n fiscal","previousItem":{"@type":"ListItem","@id":"https:\/\/contadoreshoy.com\/?cat=1#listItem","name":"Uncategorized"}}]},{"@type":"Organization","@id":"https:\/\/contadoreshoy.com\/#organization","name":"Contadores P\u00fablicos","description":"Portal para Contadores P\u00fablicos y empresarios","url":"https:\/\/contadoreshoy.com\/","logo":{"@type":"ImageObject","url":"https:\/\/contadoreshoy.com\/wp-content\/uploads\/2024\/01\/cropped-cropped-Copia-de-M-1.jpg","@id":"https:\/\/contadoreshoy.com\/?p=10553\/#organizationLogo","width":499,"height":500},"image":{"@id":"https:\/\/contadoreshoy.com\/?p=10553\/#organizationLogo"}},{"@type":"Person","@id":"https:\/\/contadoreshoy.com\/?author=1#author","url":"https:\/\/contadoreshoy.com\/?author=1","name":"Miguel Antonio M\u00e1rquez Monta\u00f1ez"},{"@type":"WebPage","@id":"https:\/\/contadoreshoy.com\/?p=10553#webpage","url":"https:\/\/contadoreshoy.com\/?p=10553","name":"Resoluci\u00f3n 00073 de diciembre 29 de 2017 \u2013 Formato de reporte conciliaci\u00f3n fiscal - Contadores P\u00fablicos","description":"Por medio de la resoluci\u00f3n 000073 de diciembre 29 de 2017 DIAN, se prescribe el formato de reporte de conciliaci\u00f3n fiscal de que trata el numeral 2 del art\u00edculo 1.7.1 del Decreto 1625 del 11 de octubre de 2016, \u00danico Reglamentario en materia tributaria. El formato de reporte de conciliaci\u00f3n fiscal para los contribuyentes obligados","inLanguage":"es-ES","isPartOf":{"@id":"https:\/\/contadoreshoy.com\/#website"},"breadcrumb":{"@id":"https:\/\/contadoreshoy.com\/?p=10553#breadcrumblist"},"author":{"@id":"https:\/\/contadoreshoy.com\/?author=1#author"},"creator":{"@id":"https:\/\/contadoreshoy.com\/?author=1#author"},"image":{"@type":"ImageObject","url":"https:\/\/contadoreshoy.com\/wp-content\/uploads\/2017\/12\/Conciliaci\u00f3n-contable-fiscal2.jpg","@id":"https:\/\/contadoreshoy.com\/?p=10553\/#mainImage","width":800,"height":600},"primaryImageOfPage":{"@id":"https:\/\/contadoreshoy.com\/?p=10553#mainImage"},"datePublished":"2018-01-03T21:48:53-05:00","dateModified":"2018-01-03T22:20:39-05:00"},{"@type":"WebSite","@id":"https:\/\/contadoreshoy.com\/#website","url":"https:\/\/contadoreshoy.com\/","name":"Contadores P\u00fablicos","description":"Portal para Contadores P\u00fablicos y empresarios","inLanguage":"es-ES","publisher":{"@id":"https:\/\/contadoreshoy.com\/#organization"}}]},"og:locale":"es_ES","og:site_name":"Contadores P\u00fablicos - Portal para Contadores P\u00fablicos y empresarios","og:type":"article","og:title":"Resoluci\u00f3n 00073 de diciembre 29 de 2017 \u2013 Formato de reporte conciliaci\u00f3n fiscal - Contadores P\u00fablicos","og:description":"Por medio de la resoluci\u00f3n 000073 de diciembre 29 de 2017 DIAN, se prescribe el formato de reporte de conciliaci\u00f3n fiscal de que trata el numeral 2 del art\u00edculo 1.7.1 del Decreto 1625 del 11 de octubre de 2016, \u00danico Reglamentario en materia tributaria. El formato de reporte de conciliaci\u00f3n fiscal para los contribuyentes obligados","og:url":"https:\/\/contadoreshoy.com\/?p=10553","og:image":"https:\/\/contadoreshoy.com\/wp-content\/uploads\/2024\/01\/cropped-cropped-cropped-Copia-de-M.jpg","og:image:secure_url":"https:\/\/contadoreshoy.com\/wp-content\/uploads\/2024\/01\/cropped-cropped-cropped-Copia-de-M.jpg","og:image:width":512,"og:image:height":371,"article:published_time":"2018-01-04T02:48:53+00:00","article:modified_time":"2018-01-04T03:20:39+00:00","twitter:card":"summary_large_image","twitter:title":"Resoluci\u00f3n 00073 de diciembre 29 de 2017 \u2013 Formato de reporte conciliaci\u00f3n fiscal - Contadores P\u00fablicos","twitter:description":"Por medio de la resoluci\u00f3n 000073 de diciembre 29 de 2017 DIAN, se prescribe el formato de reporte de conciliaci\u00f3n fiscal de que trata el numeral 2 del art\u00edculo 1.7.1 del Decreto 1625 del 11 de octubre de 2016, \u00danico Reglamentario en materia tributaria. El formato de reporte de conciliaci\u00f3n fiscal para los contribuyentes obligados","twitter:image":"https:\/\/contadoreshoy.com\/wp-content\/uploads\/2024\/01\/cropped-cropped-cropped-Copia-de-M.jpg"},"aioseo_meta_data":{"post_id":"10553","title":null,"description":null,"keywords":null,"keyphrases":null,"primary_term":null,"canonical_url":null,"og_title":null,"og_description":null,"og_object_type":"default","og_image_type":"default","og_image_url":null,"og_image_width":null,"og_image_height":null,"og_image_custom_url":null,"og_image_custom_fields":null,"og_video":null,"og_custom_url":null,"og_article_section":null,"og_article_tags":null,"twitter_use_og":false,"twitter_card":"default","twitter_image_type":"default","twitter_image_url":null,"twitter_image_custom_url":null,"twitter_image_custom_fields":null,"twitter_title":null,"twitter_description":null,"schema":{"blockGraphs":[],"customGraphs":[],"default":{"data":{"Article":[],"Course":[],"Dataset":[],"FAQPage":[],"Movie":[],"Person":[],"Product":[],"ProductReview":[],"Car":[],"Recipe":[],"Service":[],"SoftwareApplication":[],"WebPage":[]},"graphName":"","isEnabled":true},"graphs":[]},"schema_type":"default","schema_type_options":null,"pillar_content":false,"robots_default":true,"robots_noindex":false,"robots_noarchive":false,"robots_nosnippet":false,"robots_nofollow":false,"robots_noimageindex":false,"robots_noodp":false,"robots_notranslate":false,"robots_max_snippet":null,"robots_max_videopreview":null,"robots_max_imagepreview":"large","priority":null,"frequency":null,"local_seo":null,"breadcrumb_settings":null,"limit_modified_date":false,"ai":null,"created":"2024-03-05 01:54:53","updated":"2026-03-03 05:08:01","seo_analyzer_scan_date":null,"focus_keyword":null,"additional_keywords":null,"truseo_locale":null},"aioseo_breadcrumb":"<div class=\"aioseo-breadcrumbs\"><span class=\"aioseo-breadcrumb\">\n\t\t\t<a href=\"https:\/\/contadoreshoy.com\" title=\"Home\">Home<\/a>\n\t\t<\/span><span class=\"aioseo-breadcrumb-separator\">&raquo;<\/span><span class=\"aioseo-breadcrumb\">\n\t\t\t<a href=\"https:\/\/contadoreshoy.com\/?cat=1\" title=\"Uncategorized\">Uncategorized<\/a>\n\t\t<\/span><span class=\"aioseo-breadcrumb-separator\">&raquo;<\/span><span class=\"aioseo-breadcrumb\">\n\t\t\tResoluci\u00f3n 00073 de diciembre 29 de 2017 \u2013 Formato de reporte conciliaci\u00f3n fiscal\n\t\t<\/span><\/div>","aioseo_breadcrumb_json":[{"label":"Home","link":"https:\/\/contadoreshoy.com"},{"label":"Uncategorized","link":"https:\/\/contadoreshoy.com\/?cat=1"},{"label":"Resoluci\u00f3n 00073 de diciembre 29 de 2017 &#8211; Formato de reporte conciliaci\u00f3n fiscal","link":"https:\/\/contadoreshoy.com\/?p=10553"}],"yoast_head":"<!-- This site is optimized with the Yoast SEO plugin v28.4 - https:\/\/yoast.com\/product\/yoast-seo-wordpress\/ -->\n<title>Resoluci\u00f3n 00073 de diciembre 29 de 2017 - Formato de reporte conciliaci\u00f3n fiscal - Contadores P\u00fablicos<\/title>\n<meta name=\"robots\" content=\"index, follow, max-snippet:-1, max-image-preview:large, max-video-preview:-1\" \/>\n<link rel=\"canonical\" href=\"https:\/\/contadoreshoy.com\/?p=10553\" \/>\n<meta property=\"og:locale\" content=\"es_ES\" \/>\n<meta property=\"og:type\" content=\"article\" \/>\n<meta property=\"og:title\" content=\"Resoluci\u00f3n 00073 de diciembre 29 de 2017 - Formato de reporte conciliaci\u00f3n fiscal - Contadores P\u00fablicos\" \/>\n<meta property=\"og:description\" content=\"Por medio de la resoluci\u00f3n 000073 de diciembre 29 de 2017 DIAN, se prescribe el formato de reporte de conciliaci\u00f3n fiscal de que trata el numeral 2 del art\u00edculo 1.7.1&#046;&#046;&#046;\" \/>\n<meta property=\"og:url\" content=\"https:\/\/contadoreshoy.com\/?p=10553\" \/>\n<meta property=\"og:site_name\" content=\"Contadores P\u00fablicos\" \/>\n<meta property=\"article:publisher\" content=\"https:\/\/www.facebook.com\/CCCPBucaramanga\/\" \/>\n<meta property=\"article:published_time\" content=\"2018-01-04T02:48:53+00:00\" \/>\n<meta property=\"article:modified_time\" content=\"2018-01-04T03:20:39+00:00\" \/>\n<meta property=\"og:image\" content=\"https:\/\/contadoreshoy.com\/wp-content\/uploads\/2017\/12\/Conciliaci\u00f3n-contable-fiscal2.jpg\" \/>\n\t<meta property=\"og:image:width\" content=\"800\" \/>\n\t<meta property=\"og:image:height\" content=\"600\" \/>\n\t<meta property=\"og:image:type\" content=\"image\/jpeg\" \/>\n<meta name=\"author\" content=\"Miguel Antonio M\u00e1rquez Monta\u00f1ez\" \/>\n<meta name=\"twitter:card\" content=\"summary_large_image\" \/>\n<meta name=\"twitter:label1\" content=\"Escrito por\" \/>\n\t<meta name=\"twitter:data1\" content=\"Miguel Antonio M\u00e1rquez Monta\u00f1ez\" \/>\n\t<meta name=\"twitter:label2\" content=\"Tiempo de lectura\" \/>\n\t<meta name=\"twitter:data2\" content=\"1 minuto\" \/>\n<script type=\"application\/ld+json\" class=\"yoast-schema-graph\">{\"@context\":\"https:\\\/\\\/schema.org\",\"@graph\":[{\"@type\":\"Article\",\"@id\":\"https:\\\/\\\/contadoreshoy.com\\\/?p=10553#article\",\"isPartOf\":{\"@id\":\"https:\\\/\\\/contadoreshoy.com\\\/?p=10553\"},\"author\":{\"name\":\"Miguel Antonio M\u00e1rquez Monta\u00f1ez\",\"@id\":\"https:\\\/\\\/contadoreshoy.com\\\/#\\\/schema\\\/person\\\/96d8979cb865537c5dc9345e40089fc5\"},\"headline\":\"Resoluci\u00f3n 00073 de diciembre 29 de 2017 &#8211; Formato de reporte conciliaci\u00f3n fiscal\",\"datePublished\":\"2018-01-04T02:48:53+00:00\",\"dateModified\":\"2018-01-04T03:20:39+00:00\",\"mainEntityOfPage\":{\"@id\":\"https:\\\/\\\/contadoreshoy.com\\\/?p=10553\"},\"wordCount\":253,\"publisher\":{\"@id\":\"https:\\\/\\\/contadoreshoy.com\\\/#organization\"},\"image\":{\"@id\":\"https:\\\/\\\/contadoreshoy.com\\\/?p=10553#primaryimage\"},\"thumbnailUrl\":\"https:\\\/\\\/contadoreshoy.com\\\/wp-content\\\/uploads\\\/2017\\\/12\\\/Conciliaci\u00f3n-contable-fiscal2.jpg\",\"articleSection\":{\"1\":\"Uncategorized\"},\"inLanguage\":\"es\"},{\"@type\":\"WebPage\",\"@id\":\"https:\\\/\\\/contadoreshoy.com\\\/?p=10553\",\"url\":\"https:\\\/\\\/contadoreshoy.com\\\/?p=10553\",\"name\":\"Resoluci\u00f3n 00073 de diciembre 29 de 2017 - Formato de reporte conciliaci\u00f3n fiscal - Contadores P\u00fablicos\",\"isPartOf\":{\"@id\":\"https:\\\/\\\/contadoreshoy.com\\\/#website\"},\"primaryImageOfPage\":{\"@id\":\"https:\\\/\\\/contadoreshoy.com\\\/?p=10553#primaryimage\"},\"image\":{\"@id\":\"https:\\\/\\\/contadoreshoy.com\\\/?p=10553#primaryimage\"},\"thumbnailUrl\":\"https:\\\/\\\/contadoreshoy.com\\\/wp-content\\\/uploads\\\/2017\\\/12\\\/Conciliaci\u00f3n-contable-fiscal2.jpg\",\"datePublished\":\"2018-01-04T02:48:53+00:00\",\"dateModified\":\"2018-01-04T03:20:39+00:00\",\"breadcrumb\":{\"@id\":\"https:\\\/\\\/contadoreshoy.com\\\/?p=10553#breadcrumb\"},\"inLanguage\":\"es\",\"potentialAction\":[{\"@type\":\"ReadAction\",\"target\":[\"https:\\\/\\\/contadoreshoy.com\\\/?p=10553\"]}]},{\"@type\":\"ImageObject\",\"inLanguage\":\"es\",\"@id\":\"https:\\\/\\\/contadoreshoy.com\\\/?p=10553#primaryimage\",\"url\":\"https:\\\/\\\/contadoreshoy.com\\\/wp-content\\\/uploads\\\/2017\\\/12\\\/Conciliaci\u00f3n-contable-fiscal2.jpg\",\"contentUrl\":\"https:\\\/\\\/contadoreshoy.com\\\/wp-content\\\/uploads\\\/2017\\\/12\\\/Conciliaci\u00f3n-contable-fiscal2.jpg\",\"width\":800,\"height\":600},{\"@type\":\"BreadcrumbList\",\"@id\":\"https:\\\/\\\/contadoreshoy.com\\\/?p=10553#breadcrumb\",\"itemListElement\":[{\"@type\":\"ListItem\",\"position\":1,\"name\":\"Portada\",\"item\":\"https:\\\/\\\/contadoreshoy.com\\\/\"},{\"@type\":\"ListItem\",\"position\":2,\"name\":\"Resoluci\u00f3n 00073 de diciembre 29 de 2017 &#8211; Formato de reporte conciliaci\u00f3n fiscal\"}]},{\"@type\":\"WebSite\",\"@id\":\"https:\\\/\\\/contadoreshoy.com\\\/#website\",\"url\":\"https:\\\/\\\/contadoreshoy.com\\\/\",\"name\":\"Contadorespublicossantander\",\"description\":\"Portal para Contadores P\u00fablicos y empresarios\",\"publisher\":{\"@id\":\"https:\\\/\\\/contadoreshoy.com\\\/#organization\"},\"potentialAction\":[{\"@type\":\"SearchAction\",\"target\":{\"@type\":\"EntryPoint\",\"urlTemplate\":\"https:\\\/\\\/contadoreshoy.com\\\/?s={search_term_string}\"},\"query-input\":{\"@type\":\"PropertyValueSpecification\",\"valueRequired\":true,\"valueName\":\"search_term_string\"}}],\"inLanguage\":\"es\"},{\"@type\":\"Organization\",\"@id\":\"https:\\\/\\\/contadoreshoy.com\\\/#organization\",\"name\":\"Contadores P\u00fablicos de Santander\",\"url\":\"https:\\\/\\\/contadoreshoy.com\\\/\",\"logo\":{\"@type\":\"ImageObject\",\"inLanguage\":\"es\",\"@id\":\"https:\\\/\\\/contadoreshoy.com\\\/#\\\/schema\\\/logo\\\/image\\\/\",\"url\":\"https:\\\/\\\/contadoreshoy.com\\\/wp-content\\\/uploads\\\/2024\\\/01\\\/cropped-cropped-Copia-de-M-1.jpg\",\"contentUrl\":\"https:\\\/\\\/contadoreshoy.com\\\/wp-content\\\/uploads\\\/2024\\\/01\\\/cropped-cropped-Copia-de-M-1.jpg\",\"width\":499,\"height\":500,\"caption\":\"Contadores P\u00fablicos de Santander\"},\"image\":{\"@id\":\"https:\\\/\\\/contadoreshoy.com\\\/#\\\/schema\\\/logo\\\/image\\\/\"},\"sameAs\":[\"https:\\\/\\\/www.facebook.com\\\/CCCPBucaramanga\\\/\"]},{\"@type\":\"Person\",\"@id\":\"https:\\\/\\\/contadoreshoy.com\\\/#\\\/schema\\\/person\\\/96d8979cb865537c5dc9345e40089fc5\",\"name\":\"Miguel Antonio M\u00e1rquez Monta\u00f1ez\",\"description\":\"Contador P\u00fablico egresado de la Universidad Aut\u00f3noma de Bucaramanga - Asesor contable tributario con m\u00e1s de 25 a\u00f1os de experiencia - Conferencista en temas contables y tributarios - T\u00e9cnico en Hardware y Dise\u00f1o Web - Creador y director Grupo de Estudio Colegio Colombiano de Contadores P\u00fablicos de Bucaramanga - Creador y Master Web p\u00e1gina www.contadoresp\u00fablicossantander.com - Expresidente Colegio Colombiano de Contadores P\u00fablicos Bucaramanga\",\"url\":\"https:\\\/\\\/contadoreshoy.com\\\/?author=1\"}]}<\/script>\n<!-- \/ Yoast SEO plugin. -->","yoast_head_json":{"title":"Resoluci\u00f3n 00073 de diciembre 29 de 2017 - Formato de reporte conciliaci\u00f3n fiscal - Contadores P\u00fablicos","robots":{"index":"index","follow":"follow","max-snippet":"max-snippet:-1","max-image-preview":"max-image-preview:large","max-video-preview":"max-video-preview:-1"},"canonical":"https:\/\/contadoreshoy.com\/?p=10553","og_locale":"es_ES","og_type":"article","og_title":"Resoluci\u00f3n 00073 de diciembre 29 de 2017 - Formato de reporte conciliaci\u00f3n fiscal - Contadores P\u00fablicos","og_description":"Por medio de la resoluci\u00f3n 000073 de diciembre 29 de 2017 DIAN, se prescribe el formato de reporte de conciliaci\u00f3n fiscal de que trata el numeral 2 del art\u00edculo 1.7.1&#46;&#46;&#46;","og_url":"https:\/\/contadoreshoy.com\/?p=10553","og_site_name":"Contadores P\u00fablicos","article_publisher":"https:\/\/www.facebook.com\/CCCPBucaramanga\/","article_published_time":"2018-01-04T02:48:53+00:00","article_modified_time":"2018-01-04T03:20:39+00:00","og_image":[{"width":800,"height":600,"url":"https:\/\/contadoreshoy.com\/wp-content\/uploads\/2017\/12\/Conciliaci\u00f3n-contable-fiscal2.jpg","type":"image\/jpeg"}],"author":"Miguel Antonio M\u00e1rquez Monta\u00f1ez","twitter_card":"summary_large_image","twitter_misc":{"Escrito por":"Miguel Antonio M\u00e1rquez Monta\u00f1ez","Tiempo de lectura":"1 minuto"},"schema":{"@context":"https:\/\/schema.org","@graph":[{"@type":"Article","@id":"https:\/\/contadoreshoy.com\/?p=10553#article","isPartOf":{"@id":"https:\/\/contadoreshoy.com\/?p=10553"},"author":{"name":"Miguel Antonio M\u00e1rquez Monta\u00f1ez","@id":"https:\/\/contadoreshoy.com\/#\/schema\/person\/96d8979cb865537c5dc9345e40089fc5"},"headline":"Resoluci\u00f3n 00073 de diciembre 29 de 2017 &#8211; Formato de reporte conciliaci\u00f3n fiscal","datePublished":"2018-01-04T02:48:53+00:00","dateModified":"2018-01-04T03:20:39+00:00","mainEntityOfPage":{"@id":"https:\/\/contadoreshoy.com\/?p=10553"},"wordCount":253,"publisher":{"@id":"https:\/\/contadoreshoy.com\/#organization"},"image":{"@id":"https:\/\/contadoreshoy.com\/?p=10553#primaryimage"},"thumbnailUrl":"https:\/\/contadoreshoy.com\/wp-content\/uploads\/2017\/12\/Conciliaci\u00f3n-contable-fiscal2.jpg","articleSection":{"1":"Uncategorized"},"inLanguage":"es"},{"@type":"WebPage","@id":"https:\/\/contadoreshoy.com\/?p=10553","url":"https:\/\/contadoreshoy.com\/?p=10553","name":"Resoluci\u00f3n 00073 de diciembre 29 de 2017 - Formato de reporte conciliaci\u00f3n fiscal - Contadores P\u00fablicos","isPartOf":{"@id":"https:\/\/contadoreshoy.com\/#website"},"primaryImageOfPage":{"@id":"https:\/\/contadoreshoy.com\/?p=10553#primaryimage"},"image":{"@id":"https:\/\/contadoreshoy.com\/?p=10553#primaryimage"},"thumbnailUrl":"https:\/\/contadoreshoy.com\/wp-content\/uploads\/2017\/12\/Conciliaci\u00f3n-contable-fiscal2.jpg","datePublished":"2018-01-04T02:48:53+00:00","dateModified":"2018-01-04T03:20:39+00:00","breadcrumb":{"@id":"https:\/\/contadoreshoy.com\/?p=10553#breadcrumb"},"inLanguage":"es","potentialAction":[{"@type":"ReadAction","target":["https:\/\/contadoreshoy.com\/?p=10553"]}]},{"@type":"ImageObject","inLanguage":"es","@id":"https:\/\/contadoreshoy.com\/?p=10553#primaryimage","url":"https:\/\/contadoreshoy.com\/wp-content\/uploads\/2017\/12\/Conciliaci\u00f3n-contable-fiscal2.jpg","contentUrl":"https:\/\/contadoreshoy.com\/wp-content\/uploads\/2017\/12\/Conciliaci\u00f3n-contable-fiscal2.jpg","width":800,"height":600},{"@type":"BreadcrumbList","@id":"https:\/\/contadoreshoy.com\/?p=10553#breadcrumb","itemListElement":[{"@type":"ListItem","position":1,"name":"Portada","item":"https:\/\/contadoreshoy.com\/"},{"@type":"ListItem","position":2,"name":"Resoluci\u00f3n 00073 de diciembre 29 de 2017 &#8211; Formato de reporte conciliaci\u00f3n fiscal"}]},{"@type":"WebSite","@id":"https:\/\/contadoreshoy.com\/#website","url":"https:\/\/contadoreshoy.com\/","name":"Contadorespublicossantander","description":"Portal para Contadores P\u00fablicos y empresarios","publisher":{"@id":"https:\/\/contadoreshoy.com\/#organization"},"potentialAction":[{"@type":"SearchAction","target":{"@type":"EntryPoint","urlTemplate":"https:\/\/contadoreshoy.com\/?s={search_term_string}"},"query-input":{"@type":"PropertyValueSpecification","valueRequired":true,"valueName":"search_term_string"}}],"inLanguage":"es"},{"@type":"Organization","@id":"https:\/\/contadoreshoy.com\/#organization","name":"Contadores P\u00fablicos de Santander","url":"https:\/\/contadoreshoy.com\/","logo":{"@type":"ImageObject","inLanguage":"es","@id":"https:\/\/contadoreshoy.com\/#\/schema\/logo\/image\/","url":"https:\/\/contadoreshoy.com\/wp-content\/uploads\/2024\/01\/cropped-cropped-Copia-de-M-1.jpg","contentUrl":"https:\/\/contadoreshoy.com\/wp-content\/uploads\/2024\/01\/cropped-cropped-Copia-de-M-1.jpg","width":499,"height":500,"caption":"Contadores P\u00fablicos de Santander"},"image":{"@id":"https:\/\/contadoreshoy.com\/#\/schema\/logo\/image\/"},"sameAs":["https:\/\/www.facebook.com\/CCCPBucaramanga\/"]},{"@type":"Person","@id":"https:\/\/contadoreshoy.com\/#\/schema\/person\/96d8979cb865537c5dc9345e40089fc5","name":"Miguel Antonio M\u00e1rquez Monta\u00f1ez","description":"Contador P\u00fablico egresado de la Universidad Aut\u00f3noma de Bucaramanga - Asesor contable tributario con m\u00e1s de 25 a\u00f1os de experiencia - Conferencista en temas contables y tributarios - T\u00e9cnico en Hardware y Dise\u00f1o Web - Creador y director Grupo de Estudio Colegio Colombiano de Contadores P\u00fablicos de Bucaramanga - Creador y Master Web p\u00e1gina www.contadoresp\u00fablicossantander.com - Expresidente Colegio Colombiano de Contadores P\u00fablicos Bucaramanga","url":"https:\/\/contadoreshoy.com\/?author=1"}]}},"_links":{"self":[{"href":"https:\/\/contadoreshoy.com\/index.php?rest_route=\/wp\/v2\/posts\/10553","targetHints":{"allow":["GET"]}}],"collection":[{"href":"https:\/\/contadoreshoy.com\/index.php?rest_route=\/wp\/v2\/posts"}],"about":[{"href":"https:\/\/contadoreshoy.com\/index.php?rest_route=\/wp\/v2\/types\/post"}],"author":[{"embeddable":true,"href":"https:\/\/contadoreshoy.com\/index.php?rest_route=\/wp\/v2\/users\/1"}],"replies":[{"embeddable":true,"href":"https:\/\/contadoreshoy.com\/index.php?rest_route=%2Fwp%2Fv2%2Fcomments&post=10553"}],"version-history":[{"count":5,"href":"https:\/\/contadoreshoy.com\/index.php?rest_route=\/wp\/v2\/posts\/10553\/revisions"}],"predecessor-version":[{"id":10559,"href":"https:\/\/contadoreshoy.com\/index.php?rest_route=\/wp\/v2\/posts\/10553\/revisions\/10559"}],"wp:featuredmedia":[{"embeddable":true,"href":"https:\/\/contadoreshoy.com\/index.php?rest_route=\/wp\/v2\/media\/10429"}],"wp:attachment":[{"href":"https:\/\/contadoreshoy.com\/index.php?rest_route=%2Fwp%2Fv2%2Fmedia&parent=10553"}],"wp:term":[{"taxonomy":"category","embeddable":true,"href":"https:\/\/contadoreshoy.com\/index.php?rest_route=%2Fwp%2Fv2%2Fcategories&post=10553"},{"taxonomy":"post_tag","embeddable":true,"href":"https:\/\/contadoreshoy.com\/index.php?rest_route=%2Fwp%2Fv2%2Ftags&post=10553"}],"curies":[{"name":"wp","href":"https:\/\/api.w.org\/{rel}","templated":true}]}}