{"id":10583,"date":"2018-01-16T21:03:47","date_gmt":"2018-01-17T02:03:47","guid":{"rendered":"https:\/\/contadoreshoy.com\/?p=10583"},"modified":"2018-01-16T21:03:47","modified_gmt":"2018-01-17T02:03:47","slug":"declaracion-anual-del-regimen-simplificado-del-impuesto-al-consumo-quedo-eliminada-oficio-dian-17806-julio-06-2017","status":"publish","type":"post","link":"https:\/\/contadoreshoy.com\/?p=10583","title":{"rendered":"Declaraci\u00f3n anual del r\u00e9gimen simplificado del impuesto al consumo qued\u00f3 eliminada &#8211; Oficio DIAN 17806 de julio 06 de 2017"},"content":{"rendered":"<p><img loading=\"lazy\" decoding=\"async\" class=\"aligncenter wp-image-8362 size-full\" src=\"https:\/\/contadoreshoy.com\/wp-content\/uploads\/2017\/01\/IVA.jpg\" alt=\"\" width=\"600\" height=\"400\" srcset=\"https:\/\/contadoreshoy.com\/wp-content\/uploads\/2017\/01\/IVA.jpg 600w, https:\/\/contadoreshoy.com\/wp-content\/uploads\/2017\/01\/IVA-595x397.jpg 595w\" sizes=\"auto, (max-width: 600px) 100vw, 600px\" \/><\/p>\n<p style=\"text-align: justify;\">De acuerdo al <a href=\"https:\/\/contadoreshoy.com\/wp-content\/uploads\/2018\/01\/Tipo-de-norma-Oficio-N\u00famero-17806-Julio-06-de-2017-DIAN.pdf\" target=\"_blank\" rel=\"noopener\">Oficio DIAN 17806 de julio 06 de 2017<\/a>, las obligaciones de declarar y facturar del r\u00e9gimen simplificado del impuesto nacional al consumo al tratarse de obligaciones formales, no son exigibles a partir del 1. de enero de 2017, perdiendo ejecutoriedad el formulario 315 para declarar, al igual que las resoluciones de numeraci\u00f3n de facturaci\u00f3n.<\/p>\n<p style=\"text-align: justify;\">El art\u00edculo <a href=\"http:\/\/www.dian.gov.co\/dian\/15servicios.nsf\/0108fdc3639d83ff05256f0b006abb3d\/0c152ce0d9a3de9d0525813a006eea9a?OpenDocument\" target=\"_blank\" rel=\"noopener\">512-14 del E.T<\/a>. regul\u00f3 el R\u00e9gimen simplificado del impuesto nacional al consumo, y \u00fanicamente le impusieron las obligaciones del art\u00edculo <a href=\"http:\/\/www.dian.gov.co\/dian\/15servicios.nsf\/0108fdc3639d83ff05256f0b006abb3d\/6371a102ec2d40f905256f0c005afd82?OpenDocument\" target=\"_blank\" rel=\"noopener\">506 del E.T<\/a>., que son las obligaciones que tienen los responsables del r\u00e9gimen simplificado de impuesto a las ventas, asimilando las obligaciones que deben cumplir los responsables del r\u00e9gimen simplificado de los dos impuestos.<\/p>\n<p><span style=\"font-size: 14pt;\"><a href=\"https:\/\/contadoreshoy.com\/wp-content\/uploads\/2018\/01\/Tipo-de-norma-Oficio-N\u00famero-17806-Julio-06-de-2017-DIAN.pdf\" target=\"_blank\" rel=\"noopener\"><strong>Oficio DIAN 17806 de julio 06 de 2017<\/strong><\/a><\/span><\/p>\n","protected":false},"excerpt":{"rendered":"<p>De acuerdo al Oficio DIAN 17806 de julio 06 de 2017, las obligaciones de declarar y facturar del r\u00e9gimen simplificado del impuesto nacional al consumo al tratarse de obligaciones formales,&#46;&#46;&#46;<\/p>\n","protected":false},"author":1,"featured_media":8362,"comment_status":"closed","ping_status":"open","sticky":false,"template":"","format":"standard","meta":{"_monsterinsights_skip_tracking":false,"ngg_post_thumbnail":0,"footnotes":"","_links_to":"","_links_to_target":""},"categories":[454,1],"tags":[],"class_list":["post-10583","post","type-post","status-publish","format-standard","has-post-thumbnail","hentry","category-sin-categoria","category-uncategorized"],"aioseo_notices":[],"aioseo_head":"\n\t\t<!-- All in One SEO 5.0.1.1 - aioseo.com -->\n\t<meta name=\"description\" content=\"De acuerdo al Oficio DIAN 17806 de julio 06 de 2017, las obligaciones de declarar y facturar del r\u00e9gimen simplificado del impuesto nacional al consumo al tratarse de obligaciones formales, no son exigibles a partir del 1. de enero de 2017, perdiendo ejecutoriedad el formulario 315 para declarar, al igual que las resoluciones de numeraci\u00f3n\" \/>\n\t<meta name=\"robots\" content=\"max-image-preview:large\" \/>\n\t<meta name=\"author\" content=\"Miguel Antonio M\u00e1rquez Monta\u00f1ez\"\/>\n\t<link rel=\"canonical\" href=\"https:\/\/contadoreshoy.com\/?p=10583\" \/>\n\t<meta name=\"generator\" content=\"All in One SEO (AIOSEO) 5.0.1.1\" \/>\n\t\t<meta property=\"og:locale\" content=\"es_ES\" \/>\n\t\t<meta property=\"og:site_name\" content=\"Contadores P\u00fablicos - Portal para Contadores P\u00fablicos y empresarios\" \/>\n\t\t<meta property=\"og:type\" content=\"article\" \/>\n\t\t<meta property=\"og:title\" content=\"Declaraci\u00f3n anual del r\u00e9gimen simplificado del impuesto al consumo qued\u00f3 eliminada \u2013 Oficio DIAN 17806 de julio 06 de 2017 - Contadores P\u00fablicos\" \/>\n\t\t<meta property=\"og:description\" content=\"De acuerdo al Oficio DIAN 17806 de julio 06 de 2017, las obligaciones de declarar y facturar del r\u00e9gimen simplificado del impuesto nacional al consumo al tratarse de obligaciones formales, no son exigibles a partir del 1. de enero de 2017, perdiendo ejecutoriedad el formulario 315 para declarar, al igual que las resoluciones de numeraci\u00f3n\" \/>\n\t\t<meta property=\"og:url\" content=\"https:\/\/contadoreshoy.com\/?p=10583\" \/>\n\t\t<meta property=\"og:image\" content=\"https:\/\/contadoreshoy.com\/wp-content\/uploads\/2024\/01\/cropped-cropped-cropped-Copia-de-M.jpg\" \/>\n\t\t<meta property=\"og:image:secure_url\" content=\"https:\/\/contadoreshoy.com\/wp-content\/uploads\/2024\/01\/cropped-cropped-cropped-Copia-de-M.jpg\" \/>\n\t\t<meta property=\"og:image:width\" content=\"512\" \/>\n\t\t<meta property=\"og:image:height\" content=\"371\" \/>\n\t\t<meta property=\"article:published_time\" content=\"2018-01-17T02:03:47+00:00\" \/>\n\t\t<meta property=\"article:modified_time\" content=\"2018-01-17T02:03:47+00:00\" \/>\n\t\t<meta name=\"twitter:card\" content=\"summary_large_image\" \/>\n\t\t<meta name=\"twitter:title\" content=\"Declaraci\u00f3n anual del r\u00e9gimen simplificado del impuesto al consumo qued\u00f3 eliminada \u2013 Oficio DIAN 17806 de julio 06 de 2017 - Contadores P\u00fablicos\" \/>\n\t\t<meta name=\"twitter:description\" content=\"De acuerdo al Oficio DIAN 17806 de julio 06 de 2017, las obligaciones de declarar y facturar del r\u00e9gimen simplificado del impuesto nacional al consumo al tratarse de obligaciones formales, no son exigibles a partir del 1. de enero de 2017, perdiendo ejecutoriedad el formulario 315 para declarar, al igual que las resoluciones de numeraci\u00f3n\" \/>\n\t\t<meta name=\"twitter:image\" content=\"https:\/\/contadoreshoy.com\/wp-content\/uploads\/2024\/01\/cropped-cropped-cropped-Copia-de-M.jpg\" \/>\n\t\t<script type=\"application\/ld+json\" class=\"aioseo-schema\">\n\t\t\t{\"@context\":\"https:\\\/\\\/schema.org\",\"@graph\":[{\"@type\":\"BlogPosting\",\"@id\":\"https:\\\/\\\/contadoreshoy.com\\\/?p=10583#blogposting\",\"name\":\"Declaraci\\u00f3n anual del r\\u00e9gimen simplificado del impuesto al consumo qued\\u00f3 eliminada \\u2013 Oficio DIAN 17806 de julio 06 de 2017 - Contadores P\\u00fablicos\",\"headline\":\"Declaraci\\u00f3n anual del r\\u00e9gimen simplificado del impuesto al consumo qued\\u00f3 eliminada &#8211; Oficio DIAN 17806 de julio 06 de 2017\",\"author\":{\"@id\":\"https:\\\/\\\/contadoreshoy.com\\\/?author=1#author\"},\"publisher\":{\"@id\":\"https:\\\/\\\/contadoreshoy.com\\\/#organization\"},\"image\":{\"@type\":\"ImageObject\",\"url\":\"https:\\\/\\\/contadoreshoy.com\\\/wp-content\\\/uploads\\\/2017\\\/01\\\/IVA.jpg\",\"width\":600,\"height\":400},\"datePublished\":\"2018-01-16T21:03:47-05:00\",\"dateModified\":\"2018-01-16T21:03:47-05:00\",\"inLanguage\":\"es-ES\",\"mainEntityOfPage\":{\"@id\":\"https:\\\/\\\/contadoreshoy.com\\\/?p=10583#webpage\"},\"isPartOf\":{\"@id\":\"https:\\\/\\\/contadoreshoy.com\\\/?p=10583#webpage\"},\"articleSection\":\"Sin categor\\u00eda, Uncategorized\"},{\"@type\":\"BreadcrumbList\",\"@id\":\"https:\\\/\\\/contadoreshoy.com\\\/?p=10583#breadcrumblist\",\"itemListElement\":[{\"@type\":\"ListItem\",\"@id\":\"https:\\\/\\\/contadoreshoy.com#listItem\",\"position\":1,\"name\":\"Home\",\"item\":\"https:\\\/\\\/contadoreshoy.com\",\"nextItem\":{\"@type\":\"ListItem\",\"@id\":\"https:\\\/\\\/contadoreshoy.com\\\/?cat=1#listItem\",\"name\":\"Uncategorized\"}},{\"@type\":\"ListItem\",\"@id\":\"https:\\\/\\\/contadoreshoy.com\\\/?cat=1#listItem\",\"position\":2,\"name\":\"Uncategorized\",\"item\":\"https:\\\/\\\/contadoreshoy.com\\\/?cat=1\",\"nextItem\":{\"@type\":\"ListItem\",\"@id\":\"https:\\\/\\\/contadoreshoy.com\\\/?p=10583#listItem\",\"name\":\"Declaraci\\u00f3n anual del r\\u00e9gimen simplificado del impuesto al consumo qued\\u00f3 eliminada &#8211; Oficio DIAN 17806 de julio 06 de 2017\"},\"previousItem\":{\"@type\":\"ListItem\",\"@id\":\"https:\\\/\\\/contadoreshoy.com#listItem\",\"name\":\"Home\"}},{\"@type\":\"ListItem\",\"@id\":\"https:\\\/\\\/contadoreshoy.com\\\/?p=10583#listItem\",\"position\":3,\"name\":\"Declaraci\\u00f3n anual del r\\u00e9gimen simplificado del impuesto al consumo qued\\u00f3 eliminada &#8211; Oficio DIAN 17806 de julio 06 de 2017\",\"previousItem\":{\"@type\":\"ListItem\",\"@id\":\"https:\\\/\\\/contadoreshoy.com\\\/?cat=1#listItem\",\"name\":\"Uncategorized\"}}]},{\"@type\":\"Organization\",\"@id\":\"https:\\\/\\\/contadoreshoy.com\\\/#organization\",\"name\":\"Contadores P\\u00fablicos\",\"description\":\"Portal para Contadores P\\u00fablicos y empresarios\",\"url\":\"https:\\\/\\\/contadoreshoy.com\\\/\",\"logo\":{\"@type\":\"ImageObject\",\"url\":\"https:\\\/\\\/contadoreshoy.com\\\/wp-content\\\/uploads\\\/2024\\\/01\\\/cropped-cropped-Copia-de-M-1.jpg\",\"@id\":\"https:\\\/\\\/contadoreshoy.com\\\/?p=10583\\\/#organizationLogo\",\"width\":499,\"height\":500},\"image\":{\"@id\":\"https:\\\/\\\/contadoreshoy.com\\\/?p=10583\\\/#organizationLogo\"}},{\"@type\":\"Person\",\"@id\":\"https:\\\/\\\/contadoreshoy.com\\\/?author=1#author\",\"url\":\"https:\\\/\\\/contadoreshoy.com\\\/?author=1\",\"name\":\"Miguel Antonio M\\u00e1rquez Monta\\u00f1ez\"},{\"@type\":\"WebPage\",\"@id\":\"https:\\\/\\\/contadoreshoy.com\\\/?p=10583#webpage\",\"url\":\"https:\\\/\\\/contadoreshoy.com\\\/?p=10583\",\"name\":\"Declaraci\\u00f3n anual del r\\u00e9gimen simplificado del impuesto al consumo qued\\u00f3 eliminada \\u2013 Oficio DIAN 17806 de julio 06 de 2017 - Contadores P\\u00fablicos\",\"description\":\"De acuerdo al Oficio DIAN 17806 de julio 06 de 2017, las obligaciones de declarar y facturar del r\\u00e9gimen simplificado del impuesto nacional al consumo al tratarse de obligaciones formales, no son exigibles a partir del 1. de enero de 2017, perdiendo ejecutoriedad el formulario 315 para declarar, al igual que las resoluciones de numeraci\\u00f3n\",\"inLanguage\":\"es-ES\",\"isPartOf\":{\"@id\":\"https:\\\/\\\/contadoreshoy.com\\\/#website\"},\"breadcrumb\":{\"@id\":\"https:\\\/\\\/contadoreshoy.com\\\/?p=10583#breadcrumblist\"},\"author\":{\"@id\":\"https:\\\/\\\/contadoreshoy.com\\\/?author=1#author\"},\"creator\":{\"@id\":\"https:\\\/\\\/contadoreshoy.com\\\/?author=1#author\"},\"image\":{\"@type\":\"ImageObject\",\"url\":\"https:\\\/\\\/contadoreshoy.com\\\/wp-content\\\/uploads\\\/2017\\\/01\\\/IVA.jpg\",\"@id\":\"https:\\\/\\\/contadoreshoy.com\\\/?p=10583\\\/#mainImage\",\"width\":600,\"height\":400},\"primaryImageOfPage\":{\"@id\":\"https:\\\/\\\/contadoreshoy.com\\\/?p=10583#mainImage\"},\"datePublished\":\"2018-01-16T21:03:47-05:00\",\"dateModified\":\"2018-01-16T21:03:47-05:00\"},{\"@type\":\"WebSite\",\"@id\":\"https:\\\/\\\/contadoreshoy.com\\\/#website\",\"url\":\"https:\\\/\\\/contadoreshoy.com\\\/\",\"name\":\"Contadores P\\u00fablicos\",\"description\":\"Portal para Contadores P\\u00fablicos y empresarios\",\"inLanguage\":\"es-ES\",\"publisher\":{\"@id\":\"https:\\\/\\\/contadoreshoy.com\\\/#organization\"}}]}\n\t\t<\/script>\n\t\t<!-- All in One SEO -->\n\n","aioseo_head_json":{"title":"Declaraci\u00f3n anual del r\u00e9gimen simplificado del impuesto al consumo qued\u00f3 eliminada \u2013 Oficio DIAN 17806 de julio 06 de 2017 - Contadores P\u00fablicos","description":"De acuerdo al Oficio DIAN 17806 de julio 06 de 2017, las obligaciones de declarar y facturar del r\u00e9gimen simplificado del impuesto nacional al consumo al tratarse de obligaciones formales, no son exigibles a partir del 1. de enero de 2017, perdiendo ejecutoriedad el formulario 315 para declarar, al igual que las resoluciones de numeraci\u00f3n","canonical_url":"https:\/\/contadoreshoy.com\/?p=10583","robots":"max-image-preview:large","keywords":"","webmasterTools":{"miscellaneous":""},"schema":{"@context":"https:\/\/schema.org","@graph":[{"@type":"BlogPosting","@id":"https:\/\/contadoreshoy.com\/?p=10583#blogposting","name":"Declaraci\u00f3n anual del r\u00e9gimen simplificado del impuesto al consumo qued\u00f3 eliminada \u2013 Oficio DIAN 17806 de julio 06 de 2017 - Contadores P\u00fablicos","headline":"Declaraci\u00f3n anual del r\u00e9gimen simplificado del impuesto al consumo qued\u00f3 eliminada &#8211; Oficio DIAN 17806 de julio 06 de 2017","author":{"@id":"https:\/\/contadoreshoy.com\/?author=1#author"},"publisher":{"@id":"https:\/\/contadoreshoy.com\/#organization"},"image":{"@type":"ImageObject","url":"https:\/\/contadoreshoy.com\/wp-content\/uploads\/2017\/01\/IVA.jpg","width":600,"height":400},"datePublished":"2018-01-16T21:03:47-05:00","dateModified":"2018-01-16T21:03:47-05:00","inLanguage":"es-ES","mainEntityOfPage":{"@id":"https:\/\/contadoreshoy.com\/?p=10583#webpage"},"isPartOf":{"@id":"https:\/\/contadoreshoy.com\/?p=10583#webpage"},"articleSection":"Sin categor\u00eda, Uncategorized"},{"@type":"BreadcrumbList","@id":"https:\/\/contadoreshoy.com\/?p=10583#breadcrumblist","itemListElement":[{"@type":"ListItem","@id":"https:\/\/contadoreshoy.com#listItem","position":1,"name":"Home","item":"https:\/\/contadoreshoy.com","nextItem":{"@type":"ListItem","@id":"https:\/\/contadoreshoy.com\/?cat=1#listItem","name":"Uncategorized"}},{"@type":"ListItem","@id":"https:\/\/contadoreshoy.com\/?cat=1#listItem","position":2,"name":"Uncategorized","item":"https:\/\/contadoreshoy.com\/?cat=1","nextItem":{"@type":"ListItem","@id":"https:\/\/contadoreshoy.com\/?p=10583#listItem","name":"Declaraci\u00f3n anual del r\u00e9gimen simplificado del impuesto al consumo qued\u00f3 eliminada &#8211; Oficio DIAN 17806 de julio 06 de 2017"},"previousItem":{"@type":"ListItem","@id":"https:\/\/contadoreshoy.com#listItem","name":"Home"}},{"@type":"ListItem","@id":"https:\/\/contadoreshoy.com\/?p=10583#listItem","position":3,"name":"Declaraci\u00f3n anual del r\u00e9gimen simplificado del impuesto al consumo qued\u00f3 eliminada &#8211; Oficio DIAN 17806 de julio 06 de 2017","previousItem":{"@type":"ListItem","@id":"https:\/\/contadoreshoy.com\/?cat=1#listItem","name":"Uncategorized"}}]},{"@type":"Organization","@id":"https:\/\/contadoreshoy.com\/#organization","name":"Contadores P\u00fablicos","description":"Portal para Contadores P\u00fablicos y empresarios","url":"https:\/\/contadoreshoy.com\/","logo":{"@type":"ImageObject","url":"https:\/\/contadoreshoy.com\/wp-content\/uploads\/2024\/01\/cropped-cropped-Copia-de-M-1.jpg","@id":"https:\/\/contadoreshoy.com\/?p=10583\/#organizationLogo","width":499,"height":500},"image":{"@id":"https:\/\/contadoreshoy.com\/?p=10583\/#organizationLogo"}},{"@type":"Person","@id":"https:\/\/contadoreshoy.com\/?author=1#author","url":"https:\/\/contadoreshoy.com\/?author=1","name":"Miguel Antonio M\u00e1rquez Monta\u00f1ez"},{"@type":"WebPage","@id":"https:\/\/contadoreshoy.com\/?p=10583#webpage","url":"https:\/\/contadoreshoy.com\/?p=10583","name":"Declaraci\u00f3n anual del r\u00e9gimen simplificado del impuesto al consumo qued\u00f3 eliminada \u2013 Oficio DIAN 17806 de julio 06 de 2017 - Contadores P\u00fablicos","description":"De acuerdo al Oficio DIAN 17806 de julio 06 de 2017, las obligaciones de declarar y facturar del r\u00e9gimen simplificado del impuesto nacional al consumo al tratarse de obligaciones formales, no son exigibles a partir del 1. de enero de 2017, perdiendo ejecutoriedad el formulario 315 para declarar, al igual que las resoluciones de numeraci\u00f3n","inLanguage":"es-ES","isPartOf":{"@id":"https:\/\/contadoreshoy.com\/#website"},"breadcrumb":{"@id":"https:\/\/contadoreshoy.com\/?p=10583#breadcrumblist"},"author":{"@id":"https:\/\/contadoreshoy.com\/?author=1#author"},"creator":{"@id":"https:\/\/contadoreshoy.com\/?author=1#author"},"image":{"@type":"ImageObject","url":"https:\/\/contadoreshoy.com\/wp-content\/uploads\/2017\/01\/IVA.jpg","@id":"https:\/\/contadoreshoy.com\/?p=10583\/#mainImage","width":600,"height":400},"primaryImageOfPage":{"@id":"https:\/\/contadoreshoy.com\/?p=10583#mainImage"},"datePublished":"2018-01-16T21:03:47-05:00","dateModified":"2018-01-16T21:03:47-05:00"},{"@type":"WebSite","@id":"https:\/\/contadoreshoy.com\/#website","url":"https:\/\/contadoreshoy.com\/","name":"Contadores P\u00fablicos","description":"Portal para Contadores P\u00fablicos y empresarios","inLanguage":"es-ES","publisher":{"@id":"https:\/\/contadoreshoy.com\/#organization"}}]},"og:locale":"es_ES","og:site_name":"Contadores P\u00fablicos - Portal para Contadores P\u00fablicos y empresarios","og:type":"article","og:title":"Declaraci\u00f3n anual del r\u00e9gimen simplificado del impuesto al consumo qued\u00f3 eliminada \u2013 Oficio DIAN 17806 de julio 06 de 2017 - Contadores P\u00fablicos","og:description":"De acuerdo al Oficio DIAN 17806 de julio 06 de 2017, las obligaciones de declarar y facturar del r\u00e9gimen simplificado del impuesto nacional al consumo al tratarse de obligaciones formales, no son exigibles a partir del 1. de enero de 2017, perdiendo ejecutoriedad el formulario 315 para declarar, al igual que las resoluciones de numeraci\u00f3n","og:url":"https:\/\/contadoreshoy.com\/?p=10583","og:image":"https:\/\/contadoreshoy.com\/wp-content\/uploads\/2024\/01\/cropped-cropped-cropped-Copia-de-M.jpg","og:image:secure_url":"https:\/\/contadoreshoy.com\/wp-content\/uploads\/2024\/01\/cropped-cropped-cropped-Copia-de-M.jpg","og:image:width":512,"og:image:height":371,"article:published_time":"2018-01-17T02:03:47+00:00","article:modified_time":"2018-01-17T02:03:47+00:00","twitter:card":"summary_large_image","twitter:title":"Declaraci\u00f3n anual del r\u00e9gimen simplificado del impuesto al consumo qued\u00f3 eliminada \u2013 Oficio DIAN 17806 de julio 06 de 2017 - Contadores P\u00fablicos","twitter:description":"De acuerdo al Oficio DIAN 17806 de julio 06 de 2017, las obligaciones de declarar y facturar del r\u00e9gimen simplificado del impuesto nacional al consumo al tratarse de obligaciones formales, no son exigibles a partir del 1. de enero de 2017, perdiendo ejecutoriedad el formulario 315 para declarar, al igual que las resoluciones de numeraci\u00f3n","twitter:image":"https:\/\/contadoreshoy.com\/wp-content\/uploads\/2024\/01\/cropped-cropped-cropped-Copia-de-M.jpg"},"aioseo_meta_data":{"post_id":"10583","title":null,"description":null,"keywords":null,"keyphrases":null,"primary_term":null,"canonical_url":null,"og_title":null,"og_description":null,"og_object_type":"default","og_image_type":"default","og_image_url":null,"og_image_width":null,"og_image_height":null,"og_image_custom_url":null,"og_image_custom_fields":null,"og_video":null,"og_custom_url":null,"og_article_section":null,"og_article_tags":null,"twitter_use_og":false,"twitter_card":"default","twitter_image_type":"default","twitter_image_url":null,"twitter_image_custom_url":null,"twitter_image_custom_fields":null,"twitter_title":null,"twitter_description":null,"schema":{"blockGraphs":[],"customGraphs":[],"default":{"data":{"Article":[],"Course":[],"Dataset":[],"FAQPage":[],"Movie":[],"Person":[],"Product":[],"ProductReview":[],"Car":[],"Recipe":[],"Service":[],"SoftwareApplication":[],"WebPage":[]},"graphName":"","isEnabled":true},"graphs":[]},"schema_type":"default","schema_type_options":null,"pillar_content":false,"robots_default":true,"robots_noindex":false,"robots_noarchive":false,"robots_nosnippet":false,"robots_nofollow":false,"robots_noimageindex":false,"robots_noodp":false,"robots_notranslate":false,"robots_max_snippet":null,"robots_max_videopreview":null,"robots_max_imagepreview":"large","priority":null,"frequency":null,"local_seo":null,"breadcrumb_settings":null,"limit_modified_date":false,"ai":null,"created":"2024-03-05 01:54:53","updated":"2026-03-03 05:08:54","seo_analyzer_scan_date":null,"focus_keyword":null,"additional_keywords":null,"truseo_locale":null},"aioseo_breadcrumb":"<div class=\"aioseo-breadcrumbs\"><span class=\"aioseo-breadcrumb\">\n\t\t\t<a href=\"https:\/\/contadoreshoy.com\" title=\"Home\">Home<\/a>\n\t\t<\/span><span class=\"aioseo-breadcrumb-separator\">&raquo;<\/span><span class=\"aioseo-breadcrumb\">\n\t\t\t<a href=\"https:\/\/contadoreshoy.com\/?cat=1\" title=\"Uncategorized\">Uncategorized<\/a>\n\t\t<\/span><span class=\"aioseo-breadcrumb-separator\">&raquo;<\/span><span class=\"aioseo-breadcrumb\">\n\t\t\tDeclaraci\u00f3n anual del r\u00e9gimen simplificado del impuesto al consumo qued\u00f3 eliminada \u2013 Oficio DIAN 17806 de julio 06 de 2017\n\t\t<\/span><\/div>","aioseo_breadcrumb_json":[{"label":"Home","link":"https:\/\/contadoreshoy.com"},{"label":"Uncategorized","link":"https:\/\/contadoreshoy.com\/?cat=1"},{"label":"Declaraci\u00f3n anual del r\u00e9gimen simplificado del impuesto al consumo qued\u00f3 eliminada &#8211; Oficio DIAN 17806 de julio 06 de 2017","link":"https:\/\/contadoreshoy.com\/?p=10583"}],"yoast_head":"<!-- This site is optimized with the Yoast SEO plugin v28.4 - https:\/\/yoast.com\/product\/yoast-seo-wordpress\/ -->\n<title>Declaraci\u00f3n anual del r\u00e9gimen simplificado del impuesto al consumo qued\u00f3 eliminada - Oficio DIAN 17806 de julio 06 de 2017 - Contadores P\u00fablicos<\/title>\n<meta name=\"robots\" content=\"index, follow, max-snippet:-1, max-image-preview:large, max-video-preview:-1\" \/>\n<link rel=\"canonical\" href=\"https:\/\/contadoreshoy.com\/?p=10583\" \/>\n<meta property=\"og:locale\" content=\"es_ES\" \/>\n<meta property=\"og:type\" content=\"article\" \/>\n<meta property=\"og:title\" content=\"Declaraci\u00f3n anual del r\u00e9gimen simplificado del impuesto al consumo qued\u00f3 eliminada - Oficio DIAN 17806 de julio 06 de 2017 - Contadores P\u00fablicos\" \/>\n<meta property=\"og:description\" content=\"De acuerdo al Oficio DIAN 17806 de julio 06 de 2017, las obligaciones de declarar y facturar del r\u00e9gimen simplificado del impuesto nacional al consumo al tratarse de obligaciones formales,&#046;&#046;&#046;\" \/>\n<meta property=\"og:url\" content=\"https:\/\/contadoreshoy.com\/?p=10583\" \/>\n<meta property=\"og:site_name\" content=\"Contadores P\u00fablicos\" \/>\n<meta property=\"article:publisher\" content=\"https:\/\/www.facebook.com\/CCCPBucaramanga\/\" \/>\n<meta property=\"article:published_time\" content=\"2018-01-17T02:03:47+00:00\" \/>\n<meta property=\"og:image\" content=\"https:\/\/contadoreshoy.com\/wp-content\/uploads\/2017\/01\/IVA.jpg\" \/>\n\t<meta property=\"og:image:width\" content=\"600\" \/>\n\t<meta property=\"og:image:height\" content=\"400\" \/>\n\t<meta property=\"og:image:type\" content=\"image\/jpeg\" \/>\n<meta name=\"author\" content=\"Miguel Antonio M\u00e1rquez Monta\u00f1ez\" \/>\n<meta name=\"twitter:card\" content=\"summary_large_image\" \/>\n<meta name=\"twitter:label1\" content=\"Escrito por\" \/>\n\t<meta name=\"twitter:data1\" content=\"Miguel Antonio M\u00e1rquez Monta\u00f1ez\" \/>\n\t<meta name=\"twitter:label2\" content=\"Tiempo de lectura\" \/>\n\t<meta name=\"twitter:data2\" content=\"1 minuto\" \/>\n<script type=\"application\/ld+json\" class=\"yoast-schema-graph\">{\"@context\":\"https:\\\/\\\/schema.org\",\"@graph\":[{\"@type\":\"Article\",\"@id\":\"https:\\\/\\\/contadoreshoy.com\\\/?p=10583#article\",\"isPartOf\":{\"@id\":\"https:\\\/\\\/contadoreshoy.com\\\/?p=10583\"},\"author\":{\"name\":\"Miguel Antonio M\u00e1rquez Monta\u00f1ez\",\"@id\":\"https:\\\/\\\/contadoreshoy.com\\\/#\\\/schema\\\/person\\\/96d8979cb865537c5dc9345e40089fc5\"},\"headline\":\"Declaraci\u00f3n anual del r\u00e9gimen simplificado del impuesto al consumo qued\u00f3 eliminada &#8211; Oficio DIAN 17806 de julio 06 de 2017\",\"datePublished\":\"2018-01-17T02:03:47+00:00\",\"mainEntityOfPage\":{\"@id\":\"https:\\\/\\\/contadoreshoy.com\\\/?p=10583\"},\"wordCount\":140,\"publisher\":{\"@id\":\"https:\\\/\\\/contadoreshoy.com\\\/#organization\"},\"image\":{\"@id\":\"https:\\\/\\\/contadoreshoy.com\\\/?p=10583#primaryimage\"},\"thumbnailUrl\":\"https:\\\/\\\/contadoreshoy.com\\\/wp-content\\\/uploads\\\/2017\\\/01\\\/IVA.jpg\",\"articleSection\":{\"1\":\"Uncategorized\"},\"inLanguage\":\"es\"},{\"@type\":\"WebPage\",\"@id\":\"https:\\\/\\\/contadoreshoy.com\\\/?p=10583\",\"url\":\"https:\\\/\\\/contadoreshoy.com\\\/?p=10583\",\"name\":\"Declaraci\u00f3n anual del r\u00e9gimen simplificado del impuesto al consumo qued\u00f3 eliminada - Oficio DIAN 17806 de julio 06 de 2017 - Contadores P\u00fablicos\",\"isPartOf\":{\"@id\":\"https:\\\/\\\/contadoreshoy.com\\\/#website\"},\"primaryImageOfPage\":{\"@id\":\"https:\\\/\\\/contadoreshoy.com\\\/?p=10583#primaryimage\"},\"image\":{\"@id\":\"https:\\\/\\\/contadoreshoy.com\\\/?p=10583#primaryimage\"},\"thumbnailUrl\":\"https:\\\/\\\/contadoreshoy.com\\\/wp-content\\\/uploads\\\/2017\\\/01\\\/IVA.jpg\",\"datePublished\":\"2018-01-17T02:03:47+00:00\",\"breadcrumb\":{\"@id\":\"https:\\\/\\\/contadoreshoy.com\\\/?p=10583#breadcrumb\"},\"inLanguage\":\"es\",\"potentialAction\":[{\"@type\":\"ReadAction\",\"target\":[\"https:\\\/\\\/contadoreshoy.com\\\/?p=10583\"]}]},{\"@type\":\"ImageObject\",\"inLanguage\":\"es\",\"@id\":\"https:\\\/\\\/contadoreshoy.com\\\/?p=10583#primaryimage\",\"url\":\"https:\\\/\\\/contadoreshoy.com\\\/wp-content\\\/uploads\\\/2017\\\/01\\\/IVA.jpg\",\"contentUrl\":\"https:\\\/\\\/contadoreshoy.com\\\/wp-content\\\/uploads\\\/2017\\\/01\\\/IVA.jpg\",\"width\":600,\"height\":400},{\"@type\":\"BreadcrumbList\",\"@id\":\"https:\\\/\\\/contadoreshoy.com\\\/?p=10583#breadcrumb\",\"itemListElement\":[{\"@type\":\"ListItem\",\"position\":1,\"name\":\"Portada\",\"item\":\"https:\\\/\\\/contadoreshoy.com\\\/\"},{\"@type\":\"ListItem\",\"position\":2,\"name\":\"Declaraci\u00f3n anual del r\u00e9gimen simplificado del impuesto al consumo qued\u00f3 eliminada &#8211; Oficio DIAN 17806 de julio 06 de 2017\"}]},{\"@type\":\"WebSite\",\"@id\":\"https:\\\/\\\/contadoreshoy.com\\\/#website\",\"url\":\"https:\\\/\\\/contadoreshoy.com\\\/\",\"name\":\"Contadorespublicossantander\",\"description\":\"Portal para Contadores P\u00fablicos y empresarios\",\"publisher\":{\"@id\":\"https:\\\/\\\/contadoreshoy.com\\\/#organization\"},\"potentialAction\":[{\"@type\":\"SearchAction\",\"target\":{\"@type\":\"EntryPoint\",\"urlTemplate\":\"https:\\\/\\\/contadoreshoy.com\\\/?s={search_term_string}\"},\"query-input\":{\"@type\":\"PropertyValueSpecification\",\"valueRequired\":true,\"valueName\":\"search_term_string\"}}],\"inLanguage\":\"es\"},{\"@type\":\"Organization\",\"@id\":\"https:\\\/\\\/contadoreshoy.com\\\/#organization\",\"name\":\"Contadores P\u00fablicos de Santander\",\"url\":\"https:\\\/\\\/contadoreshoy.com\\\/\",\"logo\":{\"@type\":\"ImageObject\",\"inLanguage\":\"es\",\"@id\":\"https:\\\/\\\/contadoreshoy.com\\\/#\\\/schema\\\/logo\\\/image\\\/\",\"url\":\"https:\\\/\\\/contadoreshoy.com\\\/wp-content\\\/uploads\\\/2024\\\/01\\\/cropped-cropped-Copia-de-M-1.jpg\",\"contentUrl\":\"https:\\\/\\\/contadoreshoy.com\\\/wp-content\\\/uploads\\\/2024\\\/01\\\/cropped-cropped-Copia-de-M-1.jpg\",\"width\":499,\"height\":500,\"caption\":\"Contadores P\u00fablicos de Santander\"},\"image\":{\"@id\":\"https:\\\/\\\/contadoreshoy.com\\\/#\\\/schema\\\/logo\\\/image\\\/\"},\"sameAs\":[\"https:\\\/\\\/www.facebook.com\\\/CCCPBucaramanga\\\/\"]},{\"@type\":\"Person\",\"@id\":\"https:\\\/\\\/contadoreshoy.com\\\/#\\\/schema\\\/person\\\/96d8979cb865537c5dc9345e40089fc5\",\"name\":\"Miguel Antonio M\u00e1rquez Monta\u00f1ez\",\"description\":\"Contador P\u00fablico egresado de la Universidad Aut\u00f3noma de Bucaramanga - Asesor contable tributario con m\u00e1s de 25 a\u00f1os de experiencia - Conferencista en temas contables y tributarios - T\u00e9cnico en Hardware y Dise\u00f1o Web - Creador y director Grupo de Estudio Colegio Colombiano de Contadores P\u00fablicos de Bucaramanga - Creador y Master Web p\u00e1gina www.contadoresp\u00fablicossantander.com - Expresidente Colegio Colombiano de Contadores P\u00fablicos Bucaramanga\",\"url\":\"https:\\\/\\\/contadoreshoy.com\\\/?author=1\"}]}<\/script>\n<!-- \/ Yoast SEO plugin. -->","yoast_head_json":{"title":"Declaraci\u00f3n anual del r\u00e9gimen simplificado del impuesto al consumo qued\u00f3 eliminada - Oficio DIAN 17806 de julio 06 de 2017 - Contadores P\u00fablicos","robots":{"index":"index","follow":"follow","max-snippet":"max-snippet:-1","max-image-preview":"max-image-preview:large","max-video-preview":"max-video-preview:-1"},"canonical":"https:\/\/contadoreshoy.com\/?p=10583","og_locale":"es_ES","og_type":"article","og_title":"Declaraci\u00f3n anual del r\u00e9gimen simplificado del impuesto al consumo qued\u00f3 eliminada - Oficio DIAN 17806 de julio 06 de 2017 - Contadores P\u00fablicos","og_description":"De acuerdo al Oficio DIAN 17806 de julio 06 de 2017, las obligaciones de declarar y facturar del r\u00e9gimen simplificado del impuesto nacional al consumo al tratarse de obligaciones formales,&#46;&#46;&#46;","og_url":"https:\/\/contadoreshoy.com\/?p=10583","og_site_name":"Contadores P\u00fablicos","article_publisher":"https:\/\/www.facebook.com\/CCCPBucaramanga\/","article_published_time":"2018-01-17T02:03:47+00:00","og_image":[{"width":600,"height":400,"url":"https:\/\/contadoreshoy.com\/wp-content\/uploads\/2017\/01\/IVA.jpg","type":"image\/jpeg"}],"author":"Miguel Antonio M\u00e1rquez Monta\u00f1ez","twitter_card":"summary_large_image","twitter_misc":{"Escrito por":"Miguel Antonio M\u00e1rquez Monta\u00f1ez","Tiempo de lectura":"1 minuto"},"schema":{"@context":"https:\/\/schema.org","@graph":[{"@type":"Article","@id":"https:\/\/contadoreshoy.com\/?p=10583#article","isPartOf":{"@id":"https:\/\/contadoreshoy.com\/?p=10583"},"author":{"name":"Miguel Antonio M\u00e1rquez Monta\u00f1ez","@id":"https:\/\/contadoreshoy.com\/#\/schema\/person\/96d8979cb865537c5dc9345e40089fc5"},"headline":"Declaraci\u00f3n anual del r\u00e9gimen simplificado del impuesto al consumo qued\u00f3 eliminada &#8211; Oficio DIAN 17806 de julio 06 de 2017","datePublished":"2018-01-17T02:03:47+00:00","mainEntityOfPage":{"@id":"https:\/\/contadoreshoy.com\/?p=10583"},"wordCount":140,"publisher":{"@id":"https:\/\/contadoreshoy.com\/#organization"},"image":{"@id":"https:\/\/contadoreshoy.com\/?p=10583#primaryimage"},"thumbnailUrl":"https:\/\/contadoreshoy.com\/wp-content\/uploads\/2017\/01\/IVA.jpg","articleSection":{"1":"Uncategorized"},"inLanguage":"es"},{"@type":"WebPage","@id":"https:\/\/contadoreshoy.com\/?p=10583","url":"https:\/\/contadoreshoy.com\/?p=10583","name":"Declaraci\u00f3n anual del r\u00e9gimen simplificado del impuesto al consumo qued\u00f3 eliminada - Oficio DIAN 17806 de julio 06 de 2017 - Contadores P\u00fablicos","isPartOf":{"@id":"https:\/\/contadoreshoy.com\/#website"},"primaryImageOfPage":{"@id":"https:\/\/contadoreshoy.com\/?p=10583#primaryimage"},"image":{"@id":"https:\/\/contadoreshoy.com\/?p=10583#primaryimage"},"thumbnailUrl":"https:\/\/contadoreshoy.com\/wp-content\/uploads\/2017\/01\/IVA.jpg","datePublished":"2018-01-17T02:03:47+00:00","breadcrumb":{"@id":"https:\/\/contadoreshoy.com\/?p=10583#breadcrumb"},"inLanguage":"es","potentialAction":[{"@type":"ReadAction","target":["https:\/\/contadoreshoy.com\/?p=10583"]}]},{"@type":"ImageObject","inLanguage":"es","@id":"https:\/\/contadoreshoy.com\/?p=10583#primaryimage","url":"https:\/\/contadoreshoy.com\/wp-content\/uploads\/2017\/01\/IVA.jpg","contentUrl":"https:\/\/contadoreshoy.com\/wp-content\/uploads\/2017\/01\/IVA.jpg","width":600,"height":400},{"@type":"BreadcrumbList","@id":"https:\/\/contadoreshoy.com\/?p=10583#breadcrumb","itemListElement":[{"@type":"ListItem","position":1,"name":"Portada","item":"https:\/\/contadoreshoy.com\/"},{"@type":"ListItem","position":2,"name":"Declaraci\u00f3n anual del r\u00e9gimen simplificado del impuesto al consumo qued\u00f3 eliminada &#8211; Oficio DIAN 17806 de julio 06 de 2017"}]},{"@type":"WebSite","@id":"https:\/\/contadoreshoy.com\/#website","url":"https:\/\/contadoreshoy.com\/","name":"Contadorespublicossantander","description":"Portal para Contadores P\u00fablicos y empresarios","publisher":{"@id":"https:\/\/contadoreshoy.com\/#organization"},"potentialAction":[{"@type":"SearchAction","target":{"@type":"EntryPoint","urlTemplate":"https:\/\/contadoreshoy.com\/?s={search_term_string}"},"query-input":{"@type":"PropertyValueSpecification","valueRequired":true,"valueName":"search_term_string"}}],"inLanguage":"es"},{"@type":"Organization","@id":"https:\/\/contadoreshoy.com\/#organization","name":"Contadores P\u00fablicos de Santander","url":"https:\/\/contadoreshoy.com\/","logo":{"@type":"ImageObject","inLanguage":"es","@id":"https:\/\/contadoreshoy.com\/#\/schema\/logo\/image\/","url":"https:\/\/contadoreshoy.com\/wp-content\/uploads\/2024\/01\/cropped-cropped-Copia-de-M-1.jpg","contentUrl":"https:\/\/contadoreshoy.com\/wp-content\/uploads\/2024\/01\/cropped-cropped-Copia-de-M-1.jpg","width":499,"height":500,"caption":"Contadores P\u00fablicos de Santander"},"image":{"@id":"https:\/\/contadoreshoy.com\/#\/schema\/logo\/image\/"},"sameAs":["https:\/\/www.facebook.com\/CCCPBucaramanga\/"]},{"@type":"Person","@id":"https:\/\/contadoreshoy.com\/#\/schema\/person\/96d8979cb865537c5dc9345e40089fc5","name":"Miguel Antonio M\u00e1rquez Monta\u00f1ez","description":"Contador P\u00fablico egresado de la Universidad Aut\u00f3noma de Bucaramanga - Asesor contable tributario con m\u00e1s de 25 a\u00f1os de experiencia - Conferencista en temas contables y tributarios - T\u00e9cnico en Hardware y Dise\u00f1o Web - Creador y director Grupo de Estudio Colegio Colombiano de Contadores P\u00fablicos de Bucaramanga - Creador y Master Web p\u00e1gina www.contadoresp\u00fablicossantander.com - Expresidente Colegio Colombiano de Contadores P\u00fablicos Bucaramanga","url":"https:\/\/contadoreshoy.com\/?author=1"}]}},"_links":{"self":[{"href":"https:\/\/contadoreshoy.com\/index.php?rest_route=\/wp\/v2\/posts\/10583","targetHints":{"allow":["GET"]}}],"collection":[{"href":"https:\/\/contadoreshoy.com\/index.php?rest_route=\/wp\/v2\/posts"}],"about":[{"href":"https:\/\/contadoreshoy.com\/index.php?rest_route=\/wp\/v2\/types\/post"}],"author":[{"embeddable":true,"href":"https:\/\/contadoreshoy.com\/index.php?rest_route=\/wp\/v2\/users\/1"}],"replies":[{"embeddable":true,"href":"https:\/\/contadoreshoy.com\/index.php?rest_route=%2Fwp%2Fv2%2Fcomments&post=10583"}],"version-history":[{"count":1,"href":"https:\/\/contadoreshoy.com\/index.php?rest_route=\/wp\/v2\/posts\/10583\/revisions"}],"predecessor-version":[{"id":10584,"href":"https:\/\/contadoreshoy.com\/index.php?rest_route=\/wp\/v2\/posts\/10583\/revisions\/10584"}],"wp:featuredmedia":[{"embeddable":true,"href":"https:\/\/contadoreshoy.com\/index.php?rest_route=\/wp\/v2\/media\/8362"}],"wp:attachment":[{"href":"https:\/\/contadoreshoy.com\/index.php?rest_route=%2Fwp%2Fv2%2Fmedia&parent=10583"}],"wp:term":[{"taxonomy":"category","embeddable":true,"href":"https:\/\/contadoreshoy.com\/index.php?rest_route=%2Fwp%2Fv2%2Fcategories&post=10583"},{"taxonomy":"post_tag","embeddable":true,"href":"https:\/\/contadoreshoy.com\/index.php?rest_route=%2Fwp%2Fv2%2Ftags&post=10583"}],"curies":[{"name":"wp","href":"https:\/\/api.w.org\/{rel}","templated":true}]}}