{"id":10651,"date":"2018-02-14T00:33:17","date_gmt":"2018-02-14T05:33:17","guid":{"rendered":"https:\/\/contadoreshoy.com\/?p=10651"},"modified":"2018-02-14T10:25:01","modified_gmt":"2018-02-14T15:25:01","slug":"puede-municipio-cobrar-impuestos-forma-retroactiva-sin-acuerdo-municipal-medio","status":"publish","type":"post","link":"https:\/\/contadoreshoy.com\/?p=10651","title":{"rendered":"\u00bfPuede un Municipio cobrar impuestos en forma retroactiva y sin acuerdo municipal de por medio ?"},"content":{"rendered":"<p>&nbsp;<\/p>\n<p><img loading=\"lazy\" decoding=\"async\" class=\"aligncenter wp-image-10658 size-full\" src=\"https:\/\/contadoreshoy.com\/wp-content\/uploads\/2018\/02\/Asalto-de-impuestos.jpg\" alt=\"\" width=\"600\" height=\"400\"><\/p>\n<p style=\"text-align: justify;\"><span style=\"color: #000080;\"><strong>\u00bfPorque las personas naturales que ejercieron profesiones liberales en el Municipio de Bucaramanga, por el a\u00f1o gravable 2017, no deben declarar y pagar impuesto de industria y comercio por dicho a\u00f1o?<\/strong><\/span><\/p>\n<p style=\"text-align: justify;\">La secretar\u00eda de Hacienda del Municipio de Bucaramanga expidi\u00f3 la Resoluci\u00f3n 0049 de febrero 12 de 2018, por medio de la cual establece el calendario de presentaci\u00f3n de declaraciones del impuesto de industria y comercio, de las personas naturales que ejercen la actividad de servicios, y que son nuevos contribuyentes, de acuerdo al art\u00edculo 345 de la ley 1819 de 2016 (Profesionales independientes, entre otros).<\/p>\n<p style=\"text-align: justify;\"><span style=\"color: #0000ff;\"><strong>La secretar\u00eda de Hacienda del Municipio de Bucaramanga, se basa en el art\u00edculo 345 de la ley 1819 de 2016, para <span style=\"text-decoration: underline;\">gravar el ejercicio de las profesionales liberales<\/span>, pretendiendo hacerlo con una simple Resoluci\u00f3n, y desde el a\u00f1o gravable 2017, <span style=\"text-decoration: underline;\">sin Acuerdo Municipal aprobado de por medio, queriendo pasar as\u00ed por encima de la Constituci\u00f3n Pol\u00edtica de Colombia<\/span>.<\/strong><\/span><\/p>\n<p style=\"text-align: justify;\"><span style=\"color: #ff6600;\"><strong>Razones por las cuales las personas naturales que ejercieron una profesi\u00f3n liberal, en la ciudad de Bucaramanga, por el a\u00f1o gravable 2017 no deben declarar ni pagar impuesto de industria y comercio por dicho per\u00edodo:<\/strong><\/span><\/p>\n<ul style=\"text-align: justify;\">\n<li><strong>PRINCIPIOS GENERALES DE LA TRIBUTACI\u00d3N<\/strong>. El sistema tributario se funda en los principios de equidad, eficiencia y progresividad. <em><span style=\"color: #ff9900;\"><strong>Las leyes tributarias no se aplicar\u00e1n con retroactividad<\/strong><\/span><\/em>. (Art\u00edculo 363 Constituci\u00f3n Nacional);<\/li>\n<\/ul>\n<p style=\"text-align: justify;\">&nbsp;<\/p>\n<ul style=\"text-align: justify;\">\n<li><strong>PRINCIPIO DE LEGALIDAD<\/strong>. <em><span style=\"color: #ff9900;\"><strong>En tiempo de paz, solamente el Congreso, las asambleas departamentales y los concejos distritales y municipales podr\u00e1n imponer contribuciones fiscales o parafiscales<\/strong><\/span><\/em>. La ley, las ordenanzas y los acuerdos deben fijar, directamente, los sujetos activos y pasivos, los hechos y las bases gravables, y las tarifas de los impuestos. (Art\u00edculo 368 Constituci\u00f3n Nacional);<\/li>\n<\/ul>\n<p style=\"text-align: justify;\">&nbsp;<\/p>\n<ul style=\"text-align: justify;\">\n<li><strong>VIGENCIA DE LA NORMA<\/strong>. <strong><span style=\"color: #ff9900;\">Las leyes, ordenanzas o acuerdos que regulen contribuciones en las que la base sea el resultado de hechos ocurridos durante un per\u00edodo determinado, no pueden aplicarse sino a partir del per\u00edodo que comience despu\u00e9s de iniciar la vigencia de la respectiva ley, ordenanza o acuerdo<\/span><\/strong>. (Art\u00edculo 368 Constituci\u00f3n Nacional);<\/li>\n<\/ul>\n<p style=\"text-align: justify;\"><em><strong>Todo impuesto, tasa o contribuci\u00f3n debe estar expresamente establecido por la ley, y en consecuencia, ninguna carga impositiva puede aplicarse por analog\u00eda.<\/strong><\/em><\/p>\n<p style=\"text-align: justify;\"><strong><span style=\"color: #ff6600;\">El numeral 5) del art\u00edculo 23 del c\u00f3digo de comercio, establece como no mercantil, la prestaci\u00f3n de servicios inherentes a las profesiones liberales.<\/span><\/strong><\/p>\n<p style=\"text-align: justify;\"><strong>Los art\u00edculos 52 y 66 del acuerdo 044 de diciembre 22 de 2008, del Municipio de Bucaramanga (Estatuto Tributario), a\u00fan no han sido modificados, por lo tanto la Resoluci\u00f3n 049 de febrero 12 de 2018 de la Secretar\u00eda de Hacienda del Municipio de Bucaramanga, carece de sentido, porque se salta el orden jur\u00eddico.<\/strong><\/p>\n<p style=\"text-align: justify;\"><span style=\"color: #0000ff;\">La Secretar\u00eda de Hacienda del Municipio de Bucaramanga, no puede a trav\u00e9s de una simple Resoluci\u00f3n, pretender gravar una actividad que no ha sido gravada en Acuerdo Municipal alguno.&nbsp;<\/span><\/p>\n<p style=\"text-align: justify;\">La ley 1819 de 2016, en su art\u00edculo 345, reforma el art\u00edculo 199 del Decreto-Ley 1333 de 1986, en cuanto al concepto de servicios se refiere, para efectos del impuesto de industria y comercio; pero por simple analog\u00eda no se puede gravar una actividad que no est\u00e1 contemplada en un Acuerdo Municipal, tal como se pretende hacer en Bucaramanga.<\/p>\n<p style=\"text-align: justify;\"><span style=\"color: #ff6600;\"><strong>En conclusi\u00f3n no se debe tener en cuenta la Resoluci\u00f3n 0049 de febrero 12 de 2018 de la Secretar\u00eda de Hacienda del Municipio de Bucaramanga, por carecer de fundamento legal. Tenemos que esperar a que el Concejo del Municipio de Bucaramanga grave en forma expl\u00edcita el ejercicio de las profesiones liberales, a trav\u00e9s de un Acuerdo Municipal, y solo a partir de dicho momento se causar\u00e1 dicha obligaci\u00f3n.<\/strong><\/span><\/p>\n<p style=\"text-align: justify;\">La secretar\u00eda de Hacienda del Municipio de Bucaramanga, quiere seguir el mal ejemplo de la UGPP, cuando a conveniencia aplic\u00f3 el art\u00edculo 135 de la Ley 1753 de 2015, que a\u00fan no ha sido reglamentado,&nbsp; perjudicando as\u00ed a un gran n\u00famero de contribuyentes.<\/p>\n<p style=\"text-align: justify;\">Esta situaci\u00f3n es grave, porque gracias a la no reacci\u00f3n de los afectados, algunos funcionarios se est\u00e1n tomando atribuciones para alterar el orden jur\u00eddico. Aqu\u00ed es en donde deben actuar en forma unida los gremios, pero lastimosamente esto no sucede, tal como pas\u00f3 el a\u00f1o anterior con el caso de la UGPP, cuando en forma ilegal aplicaron una norma que a\u00fan no ha sido reglamentada (art\u00edculo 135 de la ley 1753 de 2015), y lo hicieron de forma retroactiva; se convoc\u00f3 al comit\u00e9 de gremios, pero no pas\u00f3 nada, solo reaccionaron el Colegio Colombiano de Contadores P\u00fablicos de Bucaramanga y Acicam, pero no fue suficiente,y un gran n\u00famero de comerciantes personas naturales se han hecho acreedores a multas cuantiosas, y a pagos de seguridad social excesivos.<\/p>\n<p>&nbsp;<\/p>\n<p>&nbsp;<\/p>\n<p>&nbsp;<\/p>\n","protected":false},"excerpt":{"rendered":"<p>&nbsp; \u00bfPorque las personas naturales que ejercieron profesiones liberales en el Municipio de Bucaramanga, por el a\u00f1o gravable 2017, no deben declarar y pagar impuesto de industria y comercio por&#46;&#46;&#46;<\/p>\n","protected":false},"author":1,"featured_media":10658,"comment_status":"closed","ping_status":"open","sticky":false,"template":"","format":"standard","meta":{"_monsterinsights_skip_tracking":false,"ngg_post_thumbnail":0,"footnotes":"","_links_to":"","_links_to_target":""},"categories":[454,1],"tags":[],"class_list":["post-10651","post","type-post","status-publish","format-standard","has-post-thumbnail","hentry","category-sin-categoria","category-uncategorized"],"aioseo_notices":[],"aioseo_head":"\n\t\t<!-- All in One SEO 5.0.1.1 - aioseo.com -->\n\t<meta name=\"description\" content=\"\u00bfPorque las personas naturales que ejercieron profesiones liberales en el Municipio de Bucaramanga, por el a\u00f1o gravable 2017, no deben declarar y pagar impuesto de industria y comercio por dicho a\u00f1o? La secretar\u00eda de Hacienda del Municipio de Bucaramanga expidi\u00f3 la Resoluci\u00f3n 0049 de febrero 12 de 2018, por medio de la cual establece\" \/>\n\t<meta name=\"robots\" content=\"max-image-preview:large\" \/>\n\t<meta name=\"author\" content=\"Miguel Antonio M\u00e1rquez Monta\u00f1ez\"\/>\n\t<link rel=\"canonical\" href=\"https:\/\/contadoreshoy.com\/?p=10651\" \/>\n\t<meta name=\"generator\" content=\"All in One SEO (AIOSEO) 5.0.1.1\" \/>\n\t\t<meta property=\"og:locale\" content=\"es_ES\" \/>\n\t\t<meta property=\"og:site_name\" content=\"Contadores P\u00fablicos - Portal para Contadores P\u00fablicos y empresarios\" \/>\n\t\t<meta property=\"og:type\" content=\"article\" \/>\n\t\t<meta property=\"og:title\" content=\"\u00bfPuede un Municipio cobrar impuestos en forma retroactiva y sin acuerdo municipal de por medio ? - Contadores P\u00fablicos\" \/>\n\t\t<meta property=\"og:description\" content=\"\u00bfPorque las personas naturales que ejercieron profesiones liberales en el Municipio de Bucaramanga, por el a\u00f1o gravable 2017, no deben declarar y pagar impuesto de industria y comercio por dicho a\u00f1o? La secretar\u00eda de Hacienda del Municipio de Bucaramanga expidi\u00f3 la Resoluci\u00f3n 0049 de febrero 12 de 2018, por medio de la cual establece\" \/>\n\t\t<meta property=\"og:url\" content=\"https:\/\/contadoreshoy.com\/?p=10651\" \/>\n\t\t<meta property=\"og:image\" content=\"https:\/\/contadoreshoy.com\/wp-content\/uploads\/2024\/01\/cropped-cropped-cropped-Copia-de-M.jpg\" \/>\n\t\t<meta property=\"og:image:secure_url\" content=\"https:\/\/contadoreshoy.com\/wp-content\/uploads\/2024\/01\/cropped-cropped-cropped-Copia-de-M.jpg\" \/>\n\t\t<meta property=\"og:image:width\" content=\"512\" \/>\n\t\t<meta property=\"og:image:height\" content=\"371\" \/>\n\t\t<meta property=\"article:published_time\" content=\"2018-02-14T05:33:17+00:00\" \/>\n\t\t<meta property=\"article:modified_time\" content=\"2018-02-14T15:25:01+00:00\" \/>\n\t\t<meta name=\"twitter:card\" content=\"summary_large_image\" \/>\n\t\t<meta name=\"twitter:title\" content=\"\u00bfPuede un Municipio cobrar impuestos en forma retroactiva y sin acuerdo municipal de por medio ? - Contadores P\u00fablicos\" \/>\n\t\t<meta name=\"twitter:description\" content=\"\u00bfPorque las personas naturales que ejercieron profesiones liberales en el Municipio de Bucaramanga, por el a\u00f1o gravable 2017, no deben declarar y pagar impuesto de industria y comercio por dicho a\u00f1o? La secretar\u00eda de Hacienda del Municipio de Bucaramanga expidi\u00f3 la Resoluci\u00f3n 0049 de febrero 12 de 2018, por medio de la cual establece\" \/>\n\t\t<meta name=\"twitter:image\" content=\"https:\/\/contadoreshoy.com\/wp-content\/uploads\/2024\/01\/cropped-cropped-cropped-Copia-de-M.jpg\" \/>\n\t\t<script type=\"application\/ld+json\" class=\"aioseo-schema\">\n\t\t\t{\"@context\":\"https:\\\/\\\/schema.org\",\"@graph\":[{\"@type\":\"BlogPosting\",\"@id\":\"https:\\\/\\\/contadoreshoy.com\\\/?p=10651#blogposting\",\"name\":\"\\u00bfPuede un Municipio cobrar impuestos en forma retroactiva y sin acuerdo municipal de por medio ? - Contadores P\\u00fablicos\",\"headline\":\"\\u00bfPuede un Municipio cobrar impuestos en forma retroactiva y sin acuerdo municipal de por medio ?\",\"author\":{\"@id\":\"https:\\\/\\\/contadoreshoy.com\\\/?author=1#author\"},\"publisher\":{\"@id\":\"https:\\\/\\\/contadoreshoy.com\\\/#organization\"},\"image\":{\"@type\":\"ImageObject\",\"url\":\"https:\\\/\\\/contadoreshoy.com\\\/wp-content\\\/uploads\\\/2018\\\/02\\\/Asalto-de-impuestos.jpg\",\"width\":600,\"height\":400},\"datePublished\":\"2018-02-14T00:33:17-05:00\",\"dateModified\":\"2018-02-14T10:25:01-05:00\",\"inLanguage\":\"es-ES\",\"mainEntityOfPage\":{\"@id\":\"https:\\\/\\\/contadoreshoy.com\\\/?p=10651#webpage\"},\"isPartOf\":{\"@id\":\"https:\\\/\\\/contadoreshoy.com\\\/?p=10651#webpage\"},\"articleSection\":\"Sin categor\\u00eda, Uncategorized\"},{\"@type\":\"BreadcrumbList\",\"@id\":\"https:\\\/\\\/contadoreshoy.com\\\/?p=10651#breadcrumblist\",\"itemListElement\":[{\"@type\":\"ListItem\",\"@id\":\"https:\\\/\\\/contadoreshoy.com#listItem\",\"position\":1,\"name\":\"Home\",\"item\":\"https:\\\/\\\/contadoreshoy.com\",\"nextItem\":{\"@type\":\"ListItem\",\"@id\":\"https:\\\/\\\/contadoreshoy.com\\\/?cat=1#listItem\",\"name\":\"Uncategorized\"}},{\"@type\":\"ListItem\",\"@id\":\"https:\\\/\\\/contadoreshoy.com\\\/?cat=1#listItem\",\"position\":2,\"name\":\"Uncategorized\",\"item\":\"https:\\\/\\\/contadoreshoy.com\\\/?cat=1\",\"nextItem\":{\"@type\":\"ListItem\",\"@id\":\"https:\\\/\\\/contadoreshoy.com\\\/?p=10651#listItem\",\"name\":\"\\u00bfPuede un Municipio cobrar impuestos en forma retroactiva y sin acuerdo municipal de por medio ?\"},\"previousItem\":{\"@type\":\"ListItem\",\"@id\":\"https:\\\/\\\/contadoreshoy.com#listItem\",\"name\":\"Home\"}},{\"@type\":\"ListItem\",\"@id\":\"https:\\\/\\\/contadoreshoy.com\\\/?p=10651#listItem\",\"position\":3,\"name\":\"\\u00bfPuede un Municipio cobrar impuestos en forma retroactiva y sin acuerdo municipal de por medio ?\",\"previousItem\":{\"@type\":\"ListItem\",\"@id\":\"https:\\\/\\\/contadoreshoy.com\\\/?cat=1#listItem\",\"name\":\"Uncategorized\"}}]},{\"@type\":\"Organization\",\"@id\":\"https:\\\/\\\/contadoreshoy.com\\\/#organization\",\"name\":\"Contadores P\\u00fablicos\",\"description\":\"Portal para Contadores P\\u00fablicos y empresarios\",\"url\":\"https:\\\/\\\/contadoreshoy.com\\\/\",\"logo\":{\"@type\":\"ImageObject\",\"url\":\"https:\\\/\\\/contadoreshoy.com\\\/wp-content\\\/uploads\\\/2024\\\/01\\\/cropped-cropped-Copia-de-M-1.jpg\",\"@id\":\"https:\\\/\\\/contadoreshoy.com\\\/?p=10651\\\/#organizationLogo\",\"width\":499,\"height\":500},\"image\":{\"@id\":\"https:\\\/\\\/contadoreshoy.com\\\/?p=10651\\\/#organizationLogo\"}},{\"@type\":\"Person\",\"@id\":\"https:\\\/\\\/contadoreshoy.com\\\/?author=1#author\",\"url\":\"https:\\\/\\\/contadoreshoy.com\\\/?author=1\",\"name\":\"Miguel Antonio M\\u00e1rquez Monta\\u00f1ez\"},{\"@type\":\"WebPage\",\"@id\":\"https:\\\/\\\/contadoreshoy.com\\\/?p=10651#webpage\",\"url\":\"https:\\\/\\\/contadoreshoy.com\\\/?p=10651\",\"name\":\"\\u00bfPuede un Municipio cobrar impuestos en forma retroactiva y sin acuerdo municipal de por medio ? - Contadores P\\u00fablicos\",\"description\":\"\\u00bfPorque las personas naturales que ejercieron profesiones liberales en el Municipio de Bucaramanga, por el a\\u00f1o gravable 2017, no deben declarar y pagar impuesto de industria y comercio por dicho a\\u00f1o? La secretar\\u00eda de Hacienda del Municipio de Bucaramanga expidi\\u00f3 la Resoluci\\u00f3n 0049 de febrero 12 de 2018, por medio de la cual establece\",\"inLanguage\":\"es-ES\",\"isPartOf\":{\"@id\":\"https:\\\/\\\/contadoreshoy.com\\\/#website\"},\"breadcrumb\":{\"@id\":\"https:\\\/\\\/contadoreshoy.com\\\/?p=10651#breadcrumblist\"},\"author\":{\"@id\":\"https:\\\/\\\/contadoreshoy.com\\\/?author=1#author\"},\"creator\":{\"@id\":\"https:\\\/\\\/contadoreshoy.com\\\/?author=1#author\"},\"image\":{\"@type\":\"ImageObject\",\"url\":\"https:\\\/\\\/contadoreshoy.com\\\/wp-content\\\/uploads\\\/2018\\\/02\\\/Asalto-de-impuestos.jpg\",\"@id\":\"https:\\\/\\\/contadoreshoy.com\\\/?p=10651\\\/#mainImage\",\"width\":600,\"height\":400},\"primaryImageOfPage\":{\"@id\":\"https:\\\/\\\/contadoreshoy.com\\\/?p=10651#mainImage\"},\"datePublished\":\"2018-02-14T00:33:17-05:00\",\"dateModified\":\"2018-02-14T10:25:01-05:00\"},{\"@type\":\"WebSite\",\"@id\":\"https:\\\/\\\/contadoreshoy.com\\\/#website\",\"url\":\"https:\\\/\\\/contadoreshoy.com\\\/\",\"name\":\"Contadores P\\u00fablicos\",\"description\":\"Portal para Contadores P\\u00fablicos y empresarios\",\"inLanguage\":\"es-ES\",\"publisher\":{\"@id\":\"https:\\\/\\\/contadoreshoy.com\\\/#organization\"}}]}\n\t\t<\/script>\n\t\t<!-- All in One SEO -->\n\n","aioseo_head_json":{"title":"\u00bfPuede un Municipio cobrar impuestos en forma retroactiva y sin acuerdo municipal de por medio ? - Contadores P\u00fablicos","description":"\u00bfPorque las personas naturales que ejercieron profesiones liberales en el Municipio de Bucaramanga, por el a\u00f1o gravable 2017, no deben declarar y pagar impuesto de industria y comercio por dicho a\u00f1o? La secretar\u00eda de Hacienda del Municipio de Bucaramanga expidi\u00f3 la Resoluci\u00f3n 0049 de febrero 12 de 2018, por medio de la cual establece","canonical_url":"https:\/\/contadoreshoy.com\/?p=10651","robots":"max-image-preview:large","keywords":"","webmasterTools":{"miscellaneous":""},"schema":{"@context":"https:\/\/schema.org","@graph":[{"@type":"BlogPosting","@id":"https:\/\/contadoreshoy.com\/?p=10651#blogposting","name":"\u00bfPuede un Municipio cobrar impuestos en forma retroactiva y sin acuerdo municipal de por medio ? - Contadores P\u00fablicos","headline":"\u00bfPuede un Municipio cobrar impuestos en forma retroactiva y sin acuerdo municipal de por medio ?","author":{"@id":"https:\/\/contadoreshoy.com\/?author=1#author"},"publisher":{"@id":"https:\/\/contadoreshoy.com\/#organization"},"image":{"@type":"ImageObject","url":"https:\/\/contadoreshoy.com\/wp-content\/uploads\/2018\/02\/Asalto-de-impuestos.jpg","width":600,"height":400},"datePublished":"2018-02-14T00:33:17-05:00","dateModified":"2018-02-14T10:25:01-05:00","inLanguage":"es-ES","mainEntityOfPage":{"@id":"https:\/\/contadoreshoy.com\/?p=10651#webpage"},"isPartOf":{"@id":"https:\/\/contadoreshoy.com\/?p=10651#webpage"},"articleSection":"Sin categor\u00eda, Uncategorized"},{"@type":"BreadcrumbList","@id":"https:\/\/contadoreshoy.com\/?p=10651#breadcrumblist","itemListElement":[{"@type":"ListItem","@id":"https:\/\/contadoreshoy.com#listItem","position":1,"name":"Home","item":"https:\/\/contadoreshoy.com","nextItem":{"@type":"ListItem","@id":"https:\/\/contadoreshoy.com\/?cat=1#listItem","name":"Uncategorized"}},{"@type":"ListItem","@id":"https:\/\/contadoreshoy.com\/?cat=1#listItem","position":2,"name":"Uncategorized","item":"https:\/\/contadoreshoy.com\/?cat=1","nextItem":{"@type":"ListItem","@id":"https:\/\/contadoreshoy.com\/?p=10651#listItem","name":"\u00bfPuede un Municipio cobrar impuestos en forma retroactiva y sin acuerdo municipal de por medio ?"},"previousItem":{"@type":"ListItem","@id":"https:\/\/contadoreshoy.com#listItem","name":"Home"}},{"@type":"ListItem","@id":"https:\/\/contadoreshoy.com\/?p=10651#listItem","position":3,"name":"\u00bfPuede un Municipio cobrar impuestos en forma retroactiva y sin acuerdo municipal de por medio ?","previousItem":{"@type":"ListItem","@id":"https:\/\/contadoreshoy.com\/?cat=1#listItem","name":"Uncategorized"}}]},{"@type":"Organization","@id":"https:\/\/contadoreshoy.com\/#organization","name":"Contadores P\u00fablicos","description":"Portal para Contadores P\u00fablicos y empresarios","url":"https:\/\/contadoreshoy.com\/","logo":{"@type":"ImageObject","url":"https:\/\/contadoreshoy.com\/wp-content\/uploads\/2024\/01\/cropped-cropped-Copia-de-M-1.jpg","@id":"https:\/\/contadoreshoy.com\/?p=10651\/#organizationLogo","width":499,"height":500},"image":{"@id":"https:\/\/contadoreshoy.com\/?p=10651\/#organizationLogo"}},{"@type":"Person","@id":"https:\/\/contadoreshoy.com\/?author=1#author","url":"https:\/\/contadoreshoy.com\/?author=1","name":"Miguel Antonio M\u00e1rquez Monta\u00f1ez"},{"@type":"WebPage","@id":"https:\/\/contadoreshoy.com\/?p=10651#webpage","url":"https:\/\/contadoreshoy.com\/?p=10651","name":"\u00bfPuede un Municipio cobrar impuestos en forma retroactiva y sin acuerdo municipal de por medio ? - Contadores P\u00fablicos","description":"\u00bfPorque las personas naturales que ejercieron profesiones liberales en el Municipio de Bucaramanga, por el a\u00f1o gravable 2017, no deben declarar y pagar impuesto de industria y comercio por dicho a\u00f1o? La secretar\u00eda de Hacienda del Municipio de Bucaramanga expidi\u00f3 la Resoluci\u00f3n 0049 de febrero 12 de 2018, por medio de la cual establece","inLanguage":"es-ES","isPartOf":{"@id":"https:\/\/contadoreshoy.com\/#website"},"breadcrumb":{"@id":"https:\/\/contadoreshoy.com\/?p=10651#breadcrumblist"},"author":{"@id":"https:\/\/contadoreshoy.com\/?author=1#author"},"creator":{"@id":"https:\/\/contadoreshoy.com\/?author=1#author"},"image":{"@type":"ImageObject","url":"https:\/\/contadoreshoy.com\/wp-content\/uploads\/2018\/02\/Asalto-de-impuestos.jpg","@id":"https:\/\/contadoreshoy.com\/?p=10651\/#mainImage","width":600,"height":400},"primaryImageOfPage":{"@id":"https:\/\/contadoreshoy.com\/?p=10651#mainImage"},"datePublished":"2018-02-14T00:33:17-05:00","dateModified":"2018-02-14T10:25:01-05:00"},{"@type":"WebSite","@id":"https:\/\/contadoreshoy.com\/#website","url":"https:\/\/contadoreshoy.com\/","name":"Contadores P\u00fablicos","description":"Portal para Contadores P\u00fablicos y empresarios","inLanguage":"es-ES","publisher":{"@id":"https:\/\/contadoreshoy.com\/#organization"}}]},"og:locale":"es_ES","og:site_name":"Contadores P\u00fablicos - Portal para Contadores P\u00fablicos y empresarios","og:type":"article","og:title":"\u00bfPuede un Municipio cobrar impuestos en forma retroactiva y sin acuerdo municipal de por medio ? - Contadores P\u00fablicos","og:description":"\u00bfPorque las personas naturales que ejercieron profesiones liberales en el Municipio de Bucaramanga, por el a\u00f1o gravable 2017, no deben declarar y pagar impuesto de industria y comercio por dicho a\u00f1o? La secretar\u00eda de Hacienda del Municipio de Bucaramanga expidi\u00f3 la Resoluci\u00f3n 0049 de febrero 12 de 2018, por medio de la cual establece","og:url":"https:\/\/contadoreshoy.com\/?p=10651","og:image":"https:\/\/contadoreshoy.com\/wp-content\/uploads\/2024\/01\/cropped-cropped-cropped-Copia-de-M.jpg","og:image:secure_url":"https:\/\/contadoreshoy.com\/wp-content\/uploads\/2024\/01\/cropped-cropped-cropped-Copia-de-M.jpg","og:image:width":512,"og:image:height":371,"article:published_time":"2018-02-14T05:33:17+00:00","article:modified_time":"2018-02-14T15:25:01+00:00","twitter:card":"summary_large_image","twitter:title":"\u00bfPuede un Municipio cobrar impuestos en forma retroactiva y sin acuerdo municipal de por medio ? - Contadores P\u00fablicos","twitter:description":"\u00bfPorque las personas naturales que ejercieron profesiones liberales en el Municipio de Bucaramanga, por el a\u00f1o gravable 2017, no deben declarar y pagar impuesto de industria y comercio por dicho a\u00f1o? La secretar\u00eda de Hacienda del Municipio de Bucaramanga expidi\u00f3 la Resoluci\u00f3n 0049 de febrero 12 de 2018, por medio de la cual establece","twitter:image":"https:\/\/contadoreshoy.com\/wp-content\/uploads\/2024\/01\/cropped-cropped-cropped-Copia-de-M.jpg"},"aioseo_meta_data":{"post_id":"10651","title":null,"description":null,"keywords":null,"keyphrases":null,"primary_term":null,"canonical_url":null,"og_title":null,"og_description":null,"og_object_type":"default","og_image_type":"default","og_image_url":null,"og_image_width":null,"og_image_height":null,"og_image_custom_url":null,"og_image_custom_fields":null,"og_video":null,"og_custom_url":null,"og_article_section":null,"og_article_tags":null,"twitter_use_og":false,"twitter_card":"default","twitter_image_type":"default","twitter_image_url":null,"twitter_image_custom_url":null,"twitter_image_custom_fields":null,"twitter_title":null,"twitter_description":null,"schema":{"blockGraphs":[],"customGraphs":[],"default":{"data":{"Article":[],"Course":[],"Dataset":[],"FAQPage":[],"Movie":[],"Person":[],"Product":[],"ProductReview":[],"Car":[],"Recipe":[],"Service":[],"SoftwareApplication":[],"WebPage":[]},"graphName":"","isEnabled":true},"graphs":[]},"schema_type":"default","schema_type_options":null,"pillar_content":false,"robots_default":true,"robots_noindex":false,"robots_noarchive":false,"robots_nosnippet":false,"robots_nofollow":false,"robots_noimageindex":false,"robots_noodp":false,"robots_notranslate":false,"robots_max_snippet":null,"robots_max_videopreview":null,"robots_max_imagepreview":"large","priority":null,"frequency":null,"local_seo":null,"breadcrumb_settings":null,"limit_modified_date":false,"ai":null,"created":"2024-03-05 01:56:04","updated":"2026-03-03 05:08:54","seo_analyzer_scan_date":null,"focus_keyword":null,"additional_keywords":null,"truseo_locale":null},"aioseo_breadcrumb":"<div class=\"aioseo-breadcrumbs\"><span class=\"aioseo-breadcrumb\">\n\t\t\t<a href=\"https:\/\/contadoreshoy.com\" title=\"Home\">Home<\/a>\n\t\t<\/span><span class=\"aioseo-breadcrumb-separator\">&raquo;<\/span><span class=\"aioseo-breadcrumb\">\n\t\t\t<a href=\"https:\/\/contadoreshoy.com\/?cat=1\" title=\"Uncategorized\">Uncategorized<\/a>\n\t\t<\/span><span class=\"aioseo-breadcrumb-separator\">&raquo;<\/span><span class=\"aioseo-breadcrumb\">\n\t\t\t\u00bfPuede un Municipio cobrar impuestos en forma retroactiva y sin acuerdo municipal de por medio ?\n\t\t<\/span><\/div>","aioseo_breadcrumb_json":[{"label":"Home","link":"https:\/\/contadoreshoy.com"},{"label":"Uncategorized","link":"https:\/\/contadoreshoy.com\/?cat=1"},{"label":"\u00bfPuede un Municipio cobrar impuestos en forma retroactiva y sin acuerdo municipal de por medio ?","link":"https:\/\/contadoreshoy.com\/?p=10651"}],"yoast_head":"<!-- This site is optimized with the Yoast SEO plugin v28.4 - https:\/\/yoast.com\/product\/yoast-seo-wordpress\/ -->\n<title>\u00bfPuede un Municipio cobrar impuestos en forma retroactiva y sin acuerdo municipal de por medio ? - Contadores P\u00fablicos<\/title>\n<meta name=\"robots\" content=\"index, follow, max-snippet:-1, max-image-preview:large, max-video-preview:-1\" \/>\n<link rel=\"canonical\" href=\"https:\/\/contadoreshoy.com\/?p=10651\" \/>\n<meta property=\"og:locale\" content=\"es_ES\" \/>\n<meta property=\"og:type\" content=\"article\" \/>\n<meta property=\"og:title\" content=\"\u00bfPuede un Municipio cobrar impuestos en forma retroactiva y sin acuerdo municipal de por medio ? - Contadores P\u00fablicos\" \/>\n<meta property=\"og:description\" content=\"&nbsp; \u00bfPorque las personas naturales que ejercieron profesiones liberales en el Municipio de Bucaramanga, por el a\u00f1o gravable 2017, no deben declarar y pagar impuesto de industria y comercio por&#046;&#046;&#046;\" \/>\n<meta property=\"og:url\" content=\"https:\/\/contadoreshoy.com\/?p=10651\" \/>\n<meta property=\"og:site_name\" content=\"Contadores P\u00fablicos\" \/>\n<meta property=\"article:publisher\" content=\"https:\/\/www.facebook.com\/CCCPBucaramanga\/\" \/>\n<meta property=\"article:published_time\" content=\"2018-02-14T05:33:17+00:00\" \/>\n<meta property=\"article:modified_time\" content=\"2018-02-14T15:25:01+00:00\" \/>\n<meta property=\"og:image\" content=\"https:\/\/contadoreshoy.com\/wp-content\/uploads\/2018\/02\/Asalto-de-impuestos.jpg\" \/>\n\t<meta property=\"og:image:width\" content=\"600\" \/>\n\t<meta property=\"og:image:height\" content=\"400\" \/>\n\t<meta property=\"og:image:type\" content=\"image\/jpeg\" \/>\n<meta name=\"author\" content=\"Miguel Antonio M\u00e1rquez Monta\u00f1ez\" \/>\n<meta name=\"twitter:card\" content=\"summary_large_image\" \/>\n<meta name=\"twitter:label1\" content=\"Escrito por\" \/>\n\t<meta name=\"twitter:data1\" content=\"Miguel Antonio M\u00e1rquez Monta\u00f1ez\" \/>\n\t<meta name=\"twitter:label2\" content=\"Tiempo de lectura\" \/>\n\t<meta name=\"twitter:data2\" content=\"4 minutos\" \/>\n<script type=\"application\/ld+json\" class=\"yoast-schema-graph\">{\"@context\":\"https:\\\/\\\/schema.org\",\"@graph\":[{\"@type\":\"Article\",\"@id\":\"https:\\\/\\\/contadoreshoy.com\\\/?p=10651#article\",\"isPartOf\":{\"@id\":\"https:\\\/\\\/contadoreshoy.com\\\/?p=10651\"},\"author\":{\"name\":\"Miguel Antonio M\u00e1rquez Monta\u00f1ez\",\"@id\":\"https:\\\/\\\/contadoreshoy.com\\\/#\\\/schema\\\/person\\\/96d8979cb865537c5dc9345e40089fc5\"},\"headline\":\"\u00bfPuede un Municipio cobrar impuestos en forma retroactiva y sin acuerdo municipal de por medio ?\",\"datePublished\":\"2018-02-14T05:33:17+00:00\",\"dateModified\":\"2018-02-14T15:25:01+00:00\",\"mainEntityOfPage\":{\"@id\":\"https:\\\/\\\/contadoreshoy.com\\\/?p=10651\"},\"wordCount\":797,\"publisher\":{\"@id\":\"https:\\\/\\\/contadoreshoy.com\\\/#organization\"},\"image\":{\"@id\":\"https:\\\/\\\/contadoreshoy.com\\\/?p=10651#primaryimage\"},\"thumbnailUrl\":\"https:\\\/\\\/contadoreshoy.com\\\/wp-content\\\/uploads\\\/2018\\\/02\\\/Asalto-de-impuestos.jpg\",\"articleSection\":{\"1\":\"Uncategorized\"},\"inLanguage\":\"es\"},{\"@type\":\"WebPage\",\"@id\":\"https:\\\/\\\/contadoreshoy.com\\\/?p=10651\",\"url\":\"https:\\\/\\\/contadoreshoy.com\\\/?p=10651\",\"name\":\"\u00bfPuede un Municipio cobrar impuestos en forma retroactiva y sin acuerdo municipal de por medio ? - Contadores P\u00fablicos\",\"isPartOf\":{\"@id\":\"https:\\\/\\\/contadoreshoy.com\\\/#website\"},\"primaryImageOfPage\":{\"@id\":\"https:\\\/\\\/contadoreshoy.com\\\/?p=10651#primaryimage\"},\"image\":{\"@id\":\"https:\\\/\\\/contadoreshoy.com\\\/?p=10651#primaryimage\"},\"thumbnailUrl\":\"https:\\\/\\\/contadoreshoy.com\\\/wp-content\\\/uploads\\\/2018\\\/02\\\/Asalto-de-impuestos.jpg\",\"datePublished\":\"2018-02-14T05:33:17+00:00\",\"dateModified\":\"2018-02-14T15:25:01+00:00\",\"breadcrumb\":{\"@id\":\"https:\\\/\\\/contadoreshoy.com\\\/?p=10651#breadcrumb\"},\"inLanguage\":\"es\",\"potentialAction\":[{\"@type\":\"ReadAction\",\"target\":[\"https:\\\/\\\/contadoreshoy.com\\\/?p=10651\"]}]},{\"@type\":\"ImageObject\",\"inLanguage\":\"es\",\"@id\":\"https:\\\/\\\/contadoreshoy.com\\\/?p=10651#primaryimage\",\"url\":\"https:\\\/\\\/contadoreshoy.com\\\/wp-content\\\/uploads\\\/2018\\\/02\\\/Asalto-de-impuestos.jpg\",\"contentUrl\":\"https:\\\/\\\/contadoreshoy.com\\\/wp-content\\\/uploads\\\/2018\\\/02\\\/Asalto-de-impuestos.jpg\",\"width\":600,\"height\":400},{\"@type\":\"BreadcrumbList\",\"@id\":\"https:\\\/\\\/contadoreshoy.com\\\/?p=10651#breadcrumb\",\"itemListElement\":[{\"@type\":\"ListItem\",\"position\":1,\"name\":\"Portada\",\"item\":\"https:\\\/\\\/contadoreshoy.com\\\/\"},{\"@type\":\"ListItem\",\"position\":2,\"name\":\"\u00bfPuede un Municipio cobrar impuestos en forma retroactiva y sin acuerdo municipal de por medio ?\"}]},{\"@type\":\"WebSite\",\"@id\":\"https:\\\/\\\/contadoreshoy.com\\\/#website\",\"url\":\"https:\\\/\\\/contadoreshoy.com\\\/\",\"name\":\"Contadorespublicossantander\",\"description\":\"Portal para Contadores P\u00fablicos y empresarios\",\"publisher\":{\"@id\":\"https:\\\/\\\/contadoreshoy.com\\\/#organization\"},\"potentialAction\":[{\"@type\":\"SearchAction\",\"target\":{\"@type\":\"EntryPoint\",\"urlTemplate\":\"https:\\\/\\\/contadoreshoy.com\\\/?s={search_term_string}\"},\"query-input\":{\"@type\":\"PropertyValueSpecification\",\"valueRequired\":true,\"valueName\":\"search_term_string\"}}],\"inLanguage\":\"es\"},{\"@type\":\"Organization\",\"@id\":\"https:\\\/\\\/contadoreshoy.com\\\/#organization\",\"name\":\"Contadores P\u00fablicos de Santander\",\"url\":\"https:\\\/\\\/contadoreshoy.com\\\/\",\"logo\":{\"@type\":\"ImageObject\",\"inLanguage\":\"es\",\"@id\":\"https:\\\/\\\/contadoreshoy.com\\\/#\\\/schema\\\/logo\\\/image\\\/\",\"url\":\"https:\\\/\\\/contadoreshoy.com\\\/wp-content\\\/uploads\\\/2024\\\/01\\\/cropped-cropped-Copia-de-M-1.jpg\",\"contentUrl\":\"https:\\\/\\\/contadoreshoy.com\\\/wp-content\\\/uploads\\\/2024\\\/01\\\/cropped-cropped-Copia-de-M-1.jpg\",\"width\":499,\"height\":500,\"caption\":\"Contadores P\u00fablicos de Santander\"},\"image\":{\"@id\":\"https:\\\/\\\/contadoreshoy.com\\\/#\\\/schema\\\/logo\\\/image\\\/\"},\"sameAs\":[\"https:\\\/\\\/www.facebook.com\\\/CCCPBucaramanga\\\/\"]},{\"@type\":\"Person\",\"@id\":\"https:\\\/\\\/contadoreshoy.com\\\/#\\\/schema\\\/person\\\/96d8979cb865537c5dc9345e40089fc5\",\"name\":\"Miguel Antonio M\u00e1rquez Monta\u00f1ez\",\"description\":\"Contador P\u00fablico egresado de la Universidad Aut\u00f3noma de Bucaramanga - Asesor contable tributario con m\u00e1s de 25 a\u00f1os de experiencia - Conferencista en temas contables y tributarios - T\u00e9cnico en Hardware y Dise\u00f1o Web - Creador y director Grupo de Estudio Colegio Colombiano de Contadores P\u00fablicos de Bucaramanga - Creador y Master Web p\u00e1gina www.contadoresp\u00fablicossantander.com - Expresidente Colegio Colombiano de Contadores P\u00fablicos Bucaramanga\",\"url\":\"https:\\\/\\\/contadoreshoy.com\\\/?author=1\"}]}<\/script>\n<!-- \/ Yoast SEO plugin. -->","yoast_head_json":{"title":"\u00bfPuede un Municipio cobrar impuestos en forma retroactiva y sin acuerdo municipal de por medio ? - Contadores P\u00fablicos","robots":{"index":"index","follow":"follow","max-snippet":"max-snippet:-1","max-image-preview":"max-image-preview:large","max-video-preview":"max-video-preview:-1"},"canonical":"https:\/\/contadoreshoy.com\/?p=10651","og_locale":"es_ES","og_type":"article","og_title":"\u00bfPuede un Municipio cobrar impuestos en forma retroactiva y sin acuerdo municipal de por medio ? - Contadores P\u00fablicos","og_description":"&nbsp; \u00bfPorque las personas naturales que ejercieron profesiones liberales en el Municipio de Bucaramanga, por el a\u00f1o gravable 2017, no deben declarar y pagar impuesto de industria y comercio por&#46;&#46;&#46;","og_url":"https:\/\/contadoreshoy.com\/?p=10651","og_site_name":"Contadores P\u00fablicos","article_publisher":"https:\/\/www.facebook.com\/CCCPBucaramanga\/","article_published_time":"2018-02-14T05:33:17+00:00","article_modified_time":"2018-02-14T15:25:01+00:00","og_image":[{"width":600,"height":400,"url":"https:\/\/contadoreshoy.com\/wp-content\/uploads\/2018\/02\/Asalto-de-impuestos.jpg","type":"image\/jpeg"}],"author":"Miguel Antonio M\u00e1rquez Monta\u00f1ez","twitter_card":"summary_large_image","twitter_misc":{"Escrito por":"Miguel Antonio M\u00e1rquez Monta\u00f1ez","Tiempo de lectura":"4 minutos"},"schema":{"@context":"https:\/\/schema.org","@graph":[{"@type":"Article","@id":"https:\/\/contadoreshoy.com\/?p=10651#article","isPartOf":{"@id":"https:\/\/contadoreshoy.com\/?p=10651"},"author":{"name":"Miguel Antonio M\u00e1rquez Monta\u00f1ez","@id":"https:\/\/contadoreshoy.com\/#\/schema\/person\/96d8979cb865537c5dc9345e40089fc5"},"headline":"\u00bfPuede un Municipio cobrar impuestos en forma retroactiva y sin acuerdo municipal de por medio ?","datePublished":"2018-02-14T05:33:17+00:00","dateModified":"2018-02-14T15:25:01+00:00","mainEntityOfPage":{"@id":"https:\/\/contadoreshoy.com\/?p=10651"},"wordCount":797,"publisher":{"@id":"https:\/\/contadoreshoy.com\/#organization"},"image":{"@id":"https:\/\/contadoreshoy.com\/?p=10651#primaryimage"},"thumbnailUrl":"https:\/\/contadoreshoy.com\/wp-content\/uploads\/2018\/02\/Asalto-de-impuestos.jpg","articleSection":{"1":"Uncategorized"},"inLanguage":"es"},{"@type":"WebPage","@id":"https:\/\/contadoreshoy.com\/?p=10651","url":"https:\/\/contadoreshoy.com\/?p=10651","name":"\u00bfPuede un Municipio cobrar impuestos en forma retroactiva y sin acuerdo municipal de por medio ? - Contadores P\u00fablicos","isPartOf":{"@id":"https:\/\/contadoreshoy.com\/#website"},"primaryImageOfPage":{"@id":"https:\/\/contadoreshoy.com\/?p=10651#primaryimage"},"image":{"@id":"https:\/\/contadoreshoy.com\/?p=10651#primaryimage"},"thumbnailUrl":"https:\/\/contadoreshoy.com\/wp-content\/uploads\/2018\/02\/Asalto-de-impuestos.jpg","datePublished":"2018-02-14T05:33:17+00:00","dateModified":"2018-02-14T15:25:01+00:00","breadcrumb":{"@id":"https:\/\/contadoreshoy.com\/?p=10651#breadcrumb"},"inLanguage":"es","potentialAction":[{"@type":"ReadAction","target":["https:\/\/contadoreshoy.com\/?p=10651"]}]},{"@type":"ImageObject","inLanguage":"es","@id":"https:\/\/contadoreshoy.com\/?p=10651#primaryimage","url":"https:\/\/contadoreshoy.com\/wp-content\/uploads\/2018\/02\/Asalto-de-impuestos.jpg","contentUrl":"https:\/\/contadoreshoy.com\/wp-content\/uploads\/2018\/02\/Asalto-de-impuestos.jpg","width":600,"height":400},{"@type":"BreadcrumbList","@id":"https:\/\/contadoreshoy.com\/?p=10651#breadcrumb","itemListElement":[{"@type":"ListItem","position":1,"name":"Portada","item":"https:\/\/contadoreshoy.com\/"},{"@type":"ListItem","position":2,"name":"\u00bfPuede un Municipio cobrar impuestos en forma retroactiva y sin acuerdo municipal de por medio ?"}]},{"@type":"WebSite","@id":"https:\/\/contadoreshoy.com\/#website","url":"https:\/\/contadoreshoy.com\/","name":"Contadorespublicossantander","description":"Portal para Contadores P\u00fablicos y empresarios","publisher":{"@id":"https:\/\/contadoreshoy.com\/#organization"},"potentialAction":[{"@type":"SearchAction","target":{"@type":"EntryPoint","urlTemplate":"https:\/\/contadoreshoy.com\/?s={search_term_string}"},"query-input":{"@type":"PropertyValueSpecification","valueRequired":true,"valueName":"search_term_string"}}],"inLanguage":"es"},{"@type":"Organization","@id":"https:\/\/contadoreshoy.com\/#organization","name":"Contadores P\u00fablicos de Santander","url":"https:\/\/contadoreshoy.com\/","logo":{"@type":"ImageObject","inLanguage":"es","@id":"https:\/\/contadoreshoy.com\/#\/schema\/logo\/image\/","url":"https:\/\/contadoreshoy.com\/wp-content\/uploads\/2024\/01\/cropped-cropped-Copia-de-M-1.jpg","contentUrl":"https:\/\/contadoreshoy.com\/wp-content\/uploads\/2024\/01\/cropped-cropped-Copia-de-M-1.jpg","width":499,"height":500,"caption":"Contadores P\u00fablicos de Santander"},"image":{"@id":"https:\/\/contadoreshoy.com\/#\/schema\/logo\/image\/"},"sameAs":["https:\/\/www.facebook.com\/CCCPBucaramanga\/"]},{"@type":"Person","@id":"https:\/\/contadoreshoy.com\/#\/schema\/person\/96d8979cb865537c5dc9345e40089fc5","name":"Miguel Antonio M\u00e1rquez Monta\u00f1ez","description":"Contador P\u00fablico egresado de la Universidad Aut\u00f3noma de Bucaramanga - Asesor contable tributario con m\u00e1s de 25 a\u00f1os de experiencia - Conferencista en temas contables y tributarios - T\u00e9cnico en Hardware y Dise\u00f1o Web - Creador y director Grupo de Estudio Colegio Colombiano de Contadores P\u00fablicos de Bucaramanga - Creador y Master Web p\u00e1gina www.contadoresp\u00fablicossantander.com - Expresidente Colegio Colombiano de Contadores P\u00fablicos Bucaramanga","url":"https:\/\/contadoreshoy.com\/?author=1"}]}},"_links":{"self":[{"href":"https:\/\/contadoreshoy.com\/index.php?rest_route=\/wp\/v2\/posts\/10651","targetHints":{"allow":["GET"]}}],"collection":[{"href":"https:\/\/contadoreshoy.com\/index.php?rest_route=\/wp\/v2\/posts"}],"about":[{"href":"https:\/\/contadoreshoy.com\/index.php?rest_route=\/wp\/v2\/types\/post"}],"author":[{"embeddable":true,"href":"https:\/\/contadoreshoy.com\/index.php?rest_route=\/wp\/v2\/users\/1"}],"replies":[{"embeddable":true,"href":"https:\/\/contadoreshoy.com\/index.php?rest_route=%2Fwp%2Fv2%2Fcomments&post=10651"}],"version-history":[{"count":10,"href":"https:\/\/contadoreshoy.com\/index.php?rest_route=\/wp\/v2\/posts\/10651\/revisions"}],"predecessor-version":[{"id":10663,"href":"https:\/\/contadoreshoy.com\/index.php?rest_route=\/wp\/v2\/posts\/10651\/revisions\/10663"}],"wp:featuredmedia":[{"embeddable":true,"href":"https:\/\/contadoreshoy.com\/index.php?rest_route=\/wp\/v2\/media\/10658"}],"wp:attachment":[{"href":"https:\/\/contadoreshoy.com\/index.php?rest_route=%2Fwp%2Fv2%2Fmedia&parent=10651"}],"wp:term":[{"taxonomy":"category","embeddable":true,"href":"https:\/\/contadoreshoy.com\/index.php?rest_route=%2Fwp%2Fv2%2Fcategories&post=10651"},{"taxonomy":"post_tag","embeddable":true,"href":"https:\/\/contadoreshoy.com\/index.php?rest_route=%2Fwp%2Fv2%2Ftags&post=10651"}],"curies":[{"name":"wp","href":"https:\/\/api.w.org\/{rel}","templated":true}]}}