{"id":10835,"date":"2018-04-03T23:59:03","date_gmt":"2018-04-04T04:59:03","guid":{"rendered":"https:\/\/contadoreshoy.com\/?p=10835"},"modified":"2018-04-03T23:59:03","modified_gmt":"2018-04-04T04:59:03","slug":"resolucion-dian-020-marzo-28-2018-plazos-reporte-conciliacion-fiscal","status":"publish","type":"post","link":"https:\/\/contadoreshoy.com\/?p=10835","title":{"rendered":"Resoluci\u00f3n DIAN 020 de marzo 28 de 2018 Plazos Reporte Conciliaci\u00f3n Fiscal"},"content":{"rendered":"<p><img loading=\"lazy\" decoding=\"async\" class=\"size-full wp-image-10839 aligncenter\" src=\"https:\/\/contadoreshoy.com\/wp-content\/uploads\/2018\/04\/Reporte-de-conciliaci\u00f3n-fiscal.jpg\" alt=\"\" width=\"600\" height=\"400\"><\/p>\n<p style=\"text-align: justify;\">La <a href=\"https:\/\/contadoreshoy.com\/wp-content\/uploads\/2018\/04\/Resolucion-000020-de-28-03-2018.pdf\" target=\"_blank\" rel=\"noopener\">Resoluci\u00f3n 0020 de marzo 28 de 2018<\/a>, fija las especificaciones t\u00e9cnicas y los plazos y condiciones de presentaci\u00f3n del Reporte de conciliaci\u00f3n fiscal de que trata el numeral 2 del art\u00edculo 1.7.1 del Decreto 1625 del 11 de octubre de 2016, \u00fanico reglamentario en materia tributaria, y la <a href=\"https:\/\/www.dian.gov.co\/normatividad\/Normatividad\/Resoluci%C3%B3n%20000073%20de%2029-12-2017.pdf\" target=\"_blank\" rel=\"noopener\">Resoluci\u00f3n 000073 del 29 de diciembre de 2017,<\/a><\/p>\n<p style=\"text-align: justify;\">Mediante la <a href=\"https:\/\/www.dian.gov.co\/normatividad\/Normatividad\/Resoluci%C3%B3n%20000073%20de%2029-12-2017.pdf\" target=\"_blank\" rel=\"noopener\">Resoluci\u00f3n 000073 del 29 de diciembre de 2017<\/a>, se prescribi\u00f3 el \u00abReporte de Conciliaci\u00f3n Fiscal Anexo Formulario 110\u00bb, Formato modelo n\u00famero 2516, que deber\u00e1 ser diligenciado por los contribuyentes del impuesto sobre la renta y complementarios obligados a llevar contabilidad, o por quienes de manera voluntaria decidan llevarla, que declaren en el formulario No. 110, y cuyos ingresos brutos fiscales sean iguales o superiores a 45.000 UVT ($1.433.655.000 a\u00f1o 2017).&nbsp;<\/p>\n<p style=\"text-align: justify;\">El plazo para presentar el \u00abReporte de Conciliaci\u00f3n Fiscal Anexo Formulario 110\u00bb, Formato modelo n\u00famero 2516, correspondiente al a\u00f1o gravable 2017, vence el 24 de octubre y el 7 de noviembre de 2018, atendiendo el \u00faltimo d\u00edgito del N\u00famero de Identificaci\u00f3n Tributaria, sin tener en cuenta el d\u00edgito de verificaci\u00f3n, as\u00ed:<\/p>\n<table style=\"height: 269px; width: 544px;\">\n<tbody>\n<tr>\n<td style=\"width: 166.139px; text-align: center;\"><span style=\"color: #0000ff;\"><strong>Si el \u00faltimo d\u00edgito es<\/strong><\/span><\/td>\n<td style=\"width: 366.861px; text-align: center;\"><span style=\"color: #0000ff;\"><strong>Hasta el d\u00eda<\/strong><\/span><\/td>\n<\/tr>\n<tr>\n<td style=\"width: 166.139px; text-align: center;\">0<\/td>\n<td style=\"width: 366.861px; text-align: center;\">24 de octubre de 2018<\/td>\n<\/tr>\n<tr>\n<td style=\"width: 166.139px; text-align: center;\">9<\/td>\n<td style=\"width: 366.861px; text-align: center;\">25 de octubre de 2018<\/td>\n<\/tr>\n<tr>\n<td style=\"width: 166.139px; text-align: center;\">8<\/td>\n<td style=\"width: 366.861px; text-align: center;\">26 de octubre de 2018<\/td>\n<\/tr>\n<tr>\n<td style=\"width: 166.139px; text-align: center;\">7<\/td>\n<td style=\"width: 366.861px; text-align: center;\">29 de octubre de 2018<\/td>\n<\/tr>\n<tr>\n<td style=\"width: 166.139px; text-align: center;\">6<\/td>\n<td style=\"width: 366.861px; text-align: center;\">30 de octubre de 2018<\/td>\n<\/tr>\n<tr>\n<td style=\"width: 166.139px; text-align: center;\">5<\/td>\n<td style=\"width: 366.861px; text-align: center;\">31 de octubre de 2018<\/td>\n<\/tr>\n<tr>\n<td style=\"width: 166.139px; text-align: center;\">4<\/td>\n<td style=\"width: 366.861px; text-align: center;\">01 de noviembre de 2018<\/td>\n<\/tr>\n<tr>\n<td style=\"width: 166.139px; text-align: center;\">3<\/td>\n<td style=\"width: 366.861px; text-align: center;\">02 de noviembre de 2018<\/td>\n<\/tr>\n<tr>\n<td style=\"width: 166.139px; text-align: center;\">2<\/td>\n<td style=\"width: 366.861px; text-align: center;\">06 de noviembre de 2018<\/td>\n<\/tr>\n<tr>\n<td style=\"width: 166.139px; text-align: center;\">1<\/td>\n<td style=\"width: 366.861px; text-align: center;\">07 de noviembre de 2018<\/td>\n<\/tr>\n<\/tbody>\n<\/table>\n<p><span style=\"font-size: 14pt;\"><a href=\"https:\/\/contadoreshoy.com\/wp-content\/uploads\/2018\/04\/Resolucion-000020-de-28-03-2018.pdf\" target=\"_blank\" rel=\"noopener\"><span style=\"color: #0000ff;\"><strong>Resoluci\u00f3n 000020 de marzo 28 de 2018<\/strong><\/span><\/a><\/span><\/p>\n","protected":false},"excerpt":{"rendered":"<p>La Resoluci\u00f3n 0020 de marzo 28 de 2018, fija las especificaciones t\u00e9cnicas y los plazos y condiciones de presentaci\u00f3n del Reporte de conciliaci\u00f3n fiscal de que trata el numeral 2&#46;&#46;&#46;<\/p>\n","protected":false},"author":1,"featured_media":10839,"comment_status":"closed","ping_status":"open","sticky":false,"template":"","format":"standard","meta":{"_monsterinsights_skip_tracking":false,"ngg_post_thumbnail":0,"footnotes":"","_links_to":"","_links_to_target":""},"categories":[454,458,1],"tags":[],"class_list":["post-10835","post","type-post","status-publish","format-standard","has-post-thumbnail","hentry","category-sin-categoria","category-ultimas","category-uncategorized"],"aioseo_notices":[],"aioseo_head":"\n\t\t<!-- All in One SEO 5.0.1.1 - aioseo.com -->\n\t<meta name=\"description\" content=\"La Resoluci\u00f3n 0020 de marzo 28 de 2018, fija las especificaciones t\u00e9cnicas y los plazos y condiciones de presentaci\u00f3n del Reporte de conciliaci\u00f3n fiscal de que trata el numeral 2 del art\u00edculo 1.7.1 del Decreto 1625 del 11 de octubre de 2016, \u00fanico reglamentario en materia tributaria, y la Resoluci\u00f3n 000073 del 29 de diciembre\" \/>\n\t<meta name=\"robots\" content=\"max-image-preview:large\" \/>\n\t<meta name=\"author\" content=\"Miguel Antonio M\u00e1rquez Monta\u00f1ez\"\/>\n\t<link rel=\"canonical\" href=\"https:\/\/contadoreshoy.com\/?p=10835\" \/>\n\t<meta name=\"generator\" content=\"All in One SEO (AIOSEO) 5.0.1.1\" \/>\n\t\t<meta property=\"og:locale\" content=\"es_ES\" \/>\n\t\t<meta property=\"og:site_name\" content=\"Contadores P\u00fablicos - Portal para Contadores P\u00fablicos y empresarios\" \/>\n\t\t<meta property=\"og:type\" content=\"article\" \/>\n\t\t<meta property=\"og:title\" content=\"Resoluci\u00f3n DIAN 020 de marzo 28 de 2018 Plazos Reporte Conciliaci\u00f3n Fiscal - Contadores P\u00fablicos\" \/>\n\t\t<meta property=\"og:description\" content=\"La Resoluci\u00f3n 0020 de marzo 28 de 2018, fija las especificaciones t\u00e9cnicas y los plazos y condiciones de presentaci\u00f3n del Reporte de conciliaci\u00f3n fiscal de que trata el numeral 2 del art\u00edculo 1.7.1 del Decreto 1625 del 11 de octubre de 2016, \u00fanico reglamentario en materia tributaria, y la Resoluci\u00f3n 000073 del 29 de diciembre\" \/>\n\t\t<meta property=\"og:url\" content=\"https:\/\/contadoreshoy.com\/?p=10835\" \/>\n\t\t<meta property=\"og:image\" content=\"https:\/\/contadoreshoy.com\/wp-content\/uploads\/2024\/01\/cropped-cropped-cropped-Copia-de-M.jpg\" \/>\n\t\t<meta property=\"og:image:secure_url\" content=\"https:\/\/contadoreshoy.com\/wp-content\/uploads\/2024\/01\/cropped-cropped-cropped-Copia-de-M.jpg\" \/>\n\t\t<meta property=\"og:image:width\" content=\"512\" \/>\n\t\t<meta property=\"og:image:height\" content=\"371\" \/>\n\t\t<meta property=\"article:published_time\" content=\"2018-04-04T04:59:03+00:00\" \/>\n\t\t<meta property=\"article:modified_time\" content=\"2018-04-04T04:59:03+00:00\" \/>\n\t\t<meta name=\"twitter:card\" content=\"summary_large_image\" \/>\n\t\t<meta name=\"twitter:title\" content=\"Resoluci\u00f3n DIAN 020 de marzo 28 de 2018 Plazos Reporte Conciliaci\u00f3n Fiscal - Contadores P\u00fablicos\" \/>\n\t\t<meta name=\"twitter:description\" content=\"La Resoluci\u00f3n 0020 de marzo 28 de 2018, fija las especificaciones t\u00e9cnicas y los plazos y condiciones de presentaci\u00f3n del Reporte de conciliaci\u00f3n fiscal de que trata el numeral 2 del art\u00edculo 1.7.1 del Decreto 1625 del 11 de octubre de 2016, \u00fanico reglamentario en materia tributaria, y la Resoluci\u00f3n 000073 del 29 de diciembre\" \/>\n\t\t<meta name=\"twitter:image\" content=\"https:\/\/contadoreshoy.com\/wp-content\/uploads\/2024\/01\/cropped-cropped-cropped-Copia-de-M.jpg\" \/>\n\t\t<script type=\"application\/ld+json\" class=\"aioseo-schema\">\n\t\t\t{\"@context\":\"https:\\\/\\\/schema.org\",\"@graph\":[{\"@type\":\"BlogPosting\",\"@id\":\"https:\\\/\\\/contadoreshoy.com\\\/?p=10835#blogposting\",\"name\":\"Resoluci\\u00f3n DIAN 020 de marzo 28 de 2018 Plazos Reporte Conciliaci\\u00f3n Fiscal - Contadores P\\u00fablicos\",\"headline\":\"Resoluci\\u00f3n DIAN 020 de marzo 28 de 2018 Plazos Reporte Conciliaci\\u00f3n Fiscal\",\"author\":{\"@id\":\"https:\\\/\\\/contadoreshoy.com\\\/?author=1#author\"},\"publisher\":{\"@id\":\"https:\\\/\\\/contadoreshoy.com\\\/#organization\"},\"image\":{\"@type\":\"ImageObject\",\"url\":\"https:\\\/\\\/contadoreshoy.com\\\/wp-content\\\/uploads\\\/2018\\\/04\\\/Reporte-de-conciliaci\\u00f3n-fiscal.jpg\",\"width\":600,\"height\":400},\"datePublished\":\"2018-04-03T23:59:03-05:00\",\"dateModified\":\"2018-04-03T23:59:03-05:00\",\"inLanguage\":\"es-ES\",\"mainEntityOfPage\":{\"@id\":\"https:\\\/\\\/contadoreshoy.com\\\/?p=10835#webpage\"},\"isPartOf\":{\"@id\":\"https:\\\/\\\/contadoreshoy.com\\\/?p=10835#webpage\"},\"articleSection\":\"Sin categor\\u00eda, Ultimas Noticias, Uncategorized\"},{\"@type\":\"BreadcrumbList\",\"@id\":\"https:\\\/\\\/contadoreshoy.com\\\/?p=10835#breadcrumblist\",\"itemListElement\":[{\"@type\":\"ListItem\",\"@id\":\"https:\\\/\\\/contadoreshoy.com#listItem\",\"position\":1,\"name\":\"Home\",\"item\":\"https:\\\/\\\/contadoreshoy.com\",\"nextItem\":{\"@type\":\"ListItem\",\"@id\":\"https:\\\/\\\/contadoreshoy.com\\\/?cat=1#listItem\",\"name\":\"Uncategorized\"}},{\"@type\":\"ListItem\",\"@id\":\"https:\\\/\\\/contadoreshoy.com\\\/?cat=1#listItem\",\"position\":2,\"name\":\"Uncategorized\",\"item\":\"https:\\\/\\\/contadoreshoy.com\\\/?cat=1\",\"nextItem\":{\"@type\":\"ListItem\",\"@id\":\"https:\\\/\\\/contadoreshoy.com\\\/?p=10835#listItem\",\"name\":\"Resoluci\\u00f3n DIAN 020 de marzo 28 de 2018 Plazos Reporte Conciliaci\\u00f3n Fiscal\"},\"previousItem\":{\"@type\":\"ListItem\",\"@id\":\"https:\\\/\\\/contadoreshoy.com#listItem\",\"name\":\"Home\"}},{\"@type\":\"ListItem\",\"@id\":\"https:\\\/\\\/contadoreshoy.com\\\/?p=10835#listItem\",\"position\":3,\"name\":\"Resoluci\\u00f3n DIAN 020 de marzo 28 de 2018 Plazos Reporte Conciliaci\\u00f3n Fiscal\",\"previousItem\":{\"@type\":\"ListItem\",\"@id\":\"https:\\\/\\\/contadoreshoy.com\\\/?cat=1#listItem\",\"name\":\"Uncategorized\"}}]},{\"@type\":\"Organization\",\"@id\":\"https:\\\/\\\/contadoreshoy.com\\\/#organization\",\"name\":\"Contadores P\\u00fablicos\",\"description\":\"Portal para Contadores P\\u00fablicos y empresarios\",\"url\":\"https:\\\/\\\/contadoreshoy.com\\\/\",\"logo\":{\"@type\":\"ImageObject\",\"url\":\"https:\\\/\\\/contadoreshoy.com\\\/wp-content\\\/uploads\\\/2024\\\/01\\\/cropped-cropped-Copia-de-M-1.jpg\",\"@id\":\"https:\\\/\\\/contadoreshoy.com\\\/?p=10835\\\/#organizationLogo\",\"width\":499,\"height\":500},\"image\":{\"@id\":\"https:\\\/\\\/contadoreshoy.com\\\/?p=10835\\\/#organizationLogo\"}},{\"@type\":\"Person\",\"@id\":\"https:\\\/\\\/contadoreshoy.com\\\/?author=1#author\",\"url\":\"https:\\\/\\\/contadoreshoy.com\\\/?author=1\",\"name\":\"Miguel Antonio M\\u00e1rquez Monta\\u00f1ez\"},{\"@type\":\"WebPage\",\"@id\":\"https:\\\/\\\/contadoreshoy.com\\\/?p=10835#webpage\",\"url\":\"https:\\\/\\\/contadoreshoy.com\\\/?p=10835\",\"name\":\"Resoluci\\u00f3n DIAN 020 de marzo 28 de 2018 Plazos Reporte Conciliaci\\u00f3n Fiscal - Contadores P\\u00fablicos\",\"description\":\"La Resoluci\\u00f3n 0020 de marzo 28 de 2018, fija las especificaciones t\\u00e9cnicas y los plazos y condiciones de presentaci\\u00f3n del Reporte de conciliaci\\u00f3n fiscal de que trata el numeral 2 del art\\u00edculo 1.7.1 del Decreto 1625 del 11 de octubre de 2016, \\u00fanico reglamentario en materia tributaria, y la Resoluci\\u00f3n 000073 del 29 de diciembre\",\"inLanguage\":\"es-ES\",\"isPartOf\":{\"@id\":\"https:\\\/\\\/contadoreshoy.com\\\/#website\"},\"breadcrumb\":{\"@id\":\"https:\\\/\\\/contadoreshoy.com\\\/?p=10835#breadcrumblist\"},\"author\":{\"@id\":\"https:\\\/\\\/contadoreshoy.com\\\/?author=1#author\"},\"creator\":{\"@id\":\"https:\\\/\\\/contadoreshoy.com\\\/?author=1#author\"},\"image\":{\"@type\":\"ImageObject\",\"url\":\"https:\\\/\\\/contadoreshoy.com\\\/wp-content\\\/uploads\\\/2018\\\/04\\\/Reporte-de-conciliaci\\u00f3n-fiscal.jpg\",\"@id\":\"https:\\\/\\\/contadoreshoy.com\\\/?p=10835\\\/#mainImage\",\"width\":600,\"height\":400},\"primaryImageOfPage\":{\"@id\":\"https:\\\/\\\/contadoreshoy.com\\\/?p=10835#mainImage\"},\"datePublished\":\"2018-04-03T23:59:03-05:00\",\"dateModified\":\"2018-04-03T23:59:03-05:00\"},{\"@type\":\"WebSite\",\"@id\":\"https:\\\/\\\/contadoreshoy.com\\\/#website\",\"url\":\"https:\\\/\\\/contadoreshoy.com\\\/\",\"name\":\"Contadores P\\u00fablicos\",\"description\":\"Portal para Contadores P\\u00fablicos y empresarios\",\"inLanguage\":\"es-ES\",\"publisher\":{\"@id\":\"https:\\\/\\\/contadoreshoy.com\\\/#organization\"}}]}\n\t\t<\/script>\n\t\t<!-- All in One SEO -->\n\n","aioseo_head_json":{"title":"Resoluci\u00f3n DIAN 020 de marzo 28 de 2018 Plazos Reporte Conciliaci\u00f3n Fiscal - Contadores P\u00fablicos","description":"La Resoluci\u00f3n 0020 de marzo 28 de 2018, fija las especificaciones t\u00e9cnicas y los plazos y condiciones de presentaci\u00f3n del Reporte de conciliaci\u00f3n fiscal de que trata el numeral 2 del art\u00edculo 1.7.1 del Decreto 1625 del 11 de octubre de 2016, \u00fanico reglamentario en materia tributaria, y la Resoluci\u00f3n 000073 del 29 de diciembre","canonical_url":"https:\/\/contadoreshoy.com\/?p=10835","robots":"max-image-preview:large","keywords":"","webmasterTools":{"miscellaneous":""},"schema":{"@context":"https:\/\/schema.org","@graph":[{"@type":"BlogPosting","@id":"https:\/\/contadoreshoy.com\/?p=10835#blogposting","name":"Resoluci\u00f3n DIAN 020 de marzo 28 de 2018 Plazos Reporte Conciliaci\u00f3n Fiscal - Contadores P\u00fablicos","headline":"Resoluci\u00f3n DIAN 020 de marzo 28 de 2018 Plazos Reporte Conciliaci\u00f3n Fiscal","author":{"@id":"https:\/\/contadoreshoy.com\/?author=1#author"},"publisher":{"@id":"https:\/\/contadoreshoy.com\/#organization"},"image":{"@type":"ImageObject","url":"https:\/\/contadoreshoy.com\/wp-content\/uploads\/2018\/04\/Reporte-de-conciliaci\u00f3n-fiscal.jpg","width":600,"height":400},"datePublished":"2018-04-03T23:59:03-05:00","dateModified":"2018-04-03T23:59:03-05:00","inLanguage":"es-ES","mainEntityOfPage":{"@id":"https:\/\/contadoreshoy.com\/?p=10835#webpage"},"isPartOf":{"@id":"https:\/\/contadoreshoy.com\/?p=10835#webpage"},"articleSection":"Sin categor\u00eda, Ultimas Noticias, Uncategorized"},{"@type":"BreadcrumbList","@id":"https:\/\/contadoreshoy.com\/?p=10835#breadcrumblist","itemListElement":[{"@type":"ListItem","@id":"https:\/\/contadoreshoy.com#listItem","position":1,"name":"Home","item":"https:\/\/contadoreshoy.com","nextItem":{"@type":"ListItem","@id":"https:\/\/contadoreshoy.com\/?cat=1#listItem","name":"Uncategorized"}},{"@type":"ListItem","@id":"https:\/\/contadoreshoy.com\/?cat=1#listItem","position":2,"name":"Uncategorized","item":"https:\/\/contadoreshoy.com\/?cat=1","nextItem":{"@type":"ListItem","@id":"https:\/\/contadoreshoy.com\/?p=10835#listItem","name":"Resoluci\u00f3n DIAN 020 de marzo 28 de 2018 Plazos Reporte Conciliaci\u00f3n Fiscal"},"previousItem":{"@type":"ListItem","@id":"https:\/\/contadoreshoy.com#listItem","name":"Home"}},{"@type":"ListItem","@id":"https:\/\/contadoreshoy.com\/?p=10835#listItem","position":3,"name":"Resoluci\u00f3n DIAN 020 de marzo 28 de 2018 Plazos Reporte Conciliaci\u00f3n Fiscal","previousItem":{"@type":"ListItem","@id":"https:\/\/contadoreshoy.com\/?cat=1#listItem","name":"Uncategorized"}}]},{"@type":"Organization","@id":"https:\/\/contadoreshoy.com\/#organization","name":"Contadores P\u00fablicos","description":"Portal para Contadores P\u00fablicos y empresarios","url":"https:\/\/contadoreshoy.com\/","logo":{"@type":"ImageObject","url":"https:\/\/contadoreshoy.com\/wp-content\/uploads\/2024\/01\/cropped-cropped-Copia-de-M-1.jpg","@id":"https:\/\/contadoreshoy.com\/?p=10835\/#organizationLogo","width":499,"height":500},"image":{"@id":"https:\/\/contadoreshoy.com\/?p=10835\/#organizationLogo"}},{"@type":"Person","@id":"https:\/\/contadoreshoy.com\/?author=1#author","url":"https:\/\/contadoreshoy.com\/?author=1","name":"Miguel Antonio M\u00e1rquez Monta\u00f1ez"},{"@type":"WebPage","@id":"https:\/\/contadoreshoy.com\/?p=10835#webpage","url":"https:\/\/contadoreshoy.com\/?p=10835","name":"Resoluci\u00f3n DIAN 020 de marzo 28 de 2018 Plazos Reporte Conciliaci\u00f3n Fiscal - Contadores P\u00fablicos","description":"La Resoluci\u00f3n 0020 de marzo 28 de 2018, fija las especificaciones t\u00e9cnicas y los plazos y condiciones de presentaci\u00f3n del Reporte de conciliaci\u00f3n fiscal de que trata el numeral 2 del art\u00edculo 1.7.1 del Decreto 1625 del 11 de octubre de 2016, \u00fanico reglamentario en materia tributaria, y la Resoluci\u00f3n 000073 del 29 de diciembre","inLanguage":"es-ES","isPartOf":{"@id":"https:\/\/contadoreshoy.com\/#website"},"breadcrumb":{"@id":"https:\/\/contadoreshoy.com\/?p=10835#breadcrumblist"},"author":{"@id":"https:\/\/contadoreshoy.com\/?author=1#author"},"creator":{"@id":"https:\/\/contadoreshoy.com\/?author=1#author"},"image":{"@type":"ImageObject","url":"https:\/\/contadoreshoy.com\/wp-content\/uploads\/2018\/04\/Reporte-de-conciliaci\u00f3n-fiscal.jpg","@id":"https:\/\/contadoreshoy.com\/?p=10835\/#mainImage","width":600,"height":400},"primaryImageOfPage":{"@id":"https:\/\/contadoreshoy.com\/?p=10835#mainImage"},"datePublished":"2018-04-03T23:59:03-05:00","dateModified":"2018-04-03T23:59:03-05:00"},{"@type":"WebSite","@id":"https:\/\/contadoreshoy.com\/#website","url":"https:\/\/contadoreshoy.com\/","name":"Contadores P\u00fablicos","description":"Portal para Contadores P\u00fablicos y empresarios","inLanguage":"es-ES","publisher":{"@id":"https:\/\/contadoreshoy.com\/#organization"}}]},"og:locale":"es_ES","og:site_name":"Contadores P\u00fablicos - Portal para Contadores P\u00fablicos y empresarios","og:type":"article","og:title":"Resoluci\u00f3n DIAN 020 de marzo 28 de 2018 Plazos Reporte Conciliaci\u00f3n Fiscal - Contadores P\u00fablicos","og:description":"La Resoluci\u00f3n 0020 de marzo 28 de 2018, fija las especificaciones t\u00e9cnicas y los plazos y condiciones de presentaci\u00f3n del Reporte de conciliaci\u00f3n fiscal de que trata el numeral 2 del art\u00edculo 1.7.1 del Decreto 1625 del 11 de octubre de 2016, \u00fanico reglamentario en materia tributaria, y la Resoluci\u00f3n 000073 del 29 de diciembre","og:url":"https:\/\/contadoreshoy.com\/?p=10835","og:image":"https:\/\/contadoreshoy.com\/wp-content\/uploads\/2024\/01\/cropped-cropped-cropped-Copia-de-M.jpg","og:image:secure_url":"https:\/\/contadoreshoy.com\/wp-content\/uploads\/2024\/01\/cropped-cropped-cropped-Copia-de-M.jpg","og:image:width":512,"og:image:height":371,"article:published_time":"2018-04-04T04:59:03+00:00","article:modified_time":"2018-04-04T04:59:03+00:00","twitter:card":"summary_large_image","twitter:title":"Resoluci\u00f3n DIAN 020 de marzo 28 de 2018 Plazos Reporte Conciliaci\u00f3n Fiscal - Contadores P\u00fablicos","twitter:description":"La Resoluci\u00f3n 0020 de marzo 28 de 2018, fija las especificaciones t\u00e9cnicas y los plazos y condiciones de presentaci\u00f3n del Reporte de conciliaci\u00f3n fiscal de que trata el numeral 2 del art\u00edculo 1.7.1 del Decreto 1625 del 11 de octubre de 2016, \u00fanico reglamentario en materia tributaria, y la Resoluci\u00f3n 000073 del 29 de diciembre","twitter:image":"https:\/\/contadoreshoy.com\/wp-content\/uploads\/2024\/01\/cropped-cropped-cropped-Copia-de-M.jpg"},"aioseo_meta_data":{"post_id":"10835","title":null,"description":null,"keywords":null,"keyphrases":null,"primary_term":null,"canonical_url":null,"og_title":null,"og_description":null,"og_object_type":"default","og_image_type":"default","og_image_url":null,"og_image_width":null,"og_image_height":null,"og_image_custom_url":null,"og_image_custom_fields":null,"og_video":null,"og_custom_url":null,"og_article_section":null,"og_article_tags":null,"twitter_use_og":false,"twitter_card":"default","twitter_image_type":"default","twitter_image_url":null,"twitter_image_custom_url":null,"twitter_image_custom_fields":null,"twitter_title":null,"twitter_description":null,"schema":{"blockGraphs":[],"customGraphs":[],"default":{"data":{"Article":[],"Course":[],"Dataset":[],"FAQPage":[],"Movie":[],"Person":[],"Product":[],"ProductReview":[],"Car":[],"Recipe":[],"Service":[],"SoftwareApplication":[],"WebPage":[]},"graphName":"","isEnabled":true},"graphs":[]},"schema_type":"default","schema_type_options":null,"pillar_content":false,"robots_default":true,"robots_noindex":false,"robots_noarchive":false,"robots_nosnippet":false,"robots_nofollow":false,"robots_noimageindex":false,"robots_noodp":false,"robots_notranslate":false,"robots_max_snippet":null,"robots_max_videopreview":null,"robots_max_imagepreview":"large","priority":null,"frequency":null,"local_seo":null,"breadcrumb_settings":null,"limit_modified_date":false,"ai":null,"created":"2024-03-05 01:56:04","updated":"2026-03-03 05:10:20","seo_analyzer_scan_date":null,"focus_keyword":null,"additional_keywords":null,"truseo_locale":null},"aioseo_breadcrumb":"<div class=\"aioseo-breadcrumbs\"><span class=\"aioseo-breadcrumb\">\n\t\t\t<a href=\"https:\/\/contadoreshoy.com\" title=\"Home\">Home<\/a>\n\t\t<\/span><span class=\"aioseo-breadcrumb-separator\">&raquo;<\/span><span class=\"aioseo-breadcrumb\">\n\t\t\t<a href=\"https:\/\/contadoreshoy.com\/?cat=1\" title=\"Uncategorized\">Uncategorized<\/a>\n\t\t<\/span><span class=\"aioseo-breadcrumb-separator\">&raquo;<\/span><span class=\"aioseo-breadcrumb\">\n\t\t\tResoluci\u00f3n DIAN 020 de marzo 28 de 2018 Plazos Reporte Conciliaci\u00f3n Fiscal\n\t\t<\/span><\/div>","aioseo_breadcrumb_json":[{"label":"Home","link":"https:\/\/contadoreshoy.com"},{"label":"Uncategorized","link":"https:\/\/contadoreshoy.com\/?cat=1"},{"label":"Resoluci\u00f3n DIAN 020 de marzo 28 de 2018 Plazos Reporte Conciliaci\u00f3n Fiscal","link":"https:\/\/contadoreshoy.com\/?p=10835"}],"yoast_head":"<!-- This site is optimized with the Yoast SEO plugin v28.4 - https:\/\/yoast.com\/product\/yoast-seo-wordpress\/ -->\n<title>Resoluci\u00f3n DIAN 020 de marzo 28 de 2018 Plazos Reporte Conciliaci\u00f3n Fiscal - Contadores P\u00fablicos<\/title>\n<meta name=\"robots\" content=\"index, follow, max-snippet:-1, max-image-preview:large, max-video-preview:-1\" \/>\n<link rel=\"canonical\" href=\"https:\/\/contadoreshoy.com\/?p=10835\" \/>\n<meta property=\"og:locale\" content=\"es_ES\" \/>\n<meta property=\"og:type\" content=\"article\" \/>\n<meta property=\"og:title\" content=\"Resoluci\u00f3n DIAN 020 de marzo 28 de 2018 Plazos Reporte Conciliaci\u00f3n Fiscal - Contadores P\u00fablicos\" \/>\n<meta property=\"og:description\" content=\"La Resoluci\u00f3n 0020 de marzo 28 de 2018, fija las especificaciones t\u00e9cnicas y los plazos y condiciones de presentaci\u00f3n del Reporte de conciliaci\u00f3n fiscal de que trata el numeral 2&#046;&#046;&#046;\" \/>\n<meta property=\"og:url\" content=\"https:\/\/contadoreshoy.com\/?p=10835\" \/>\n<meta property=\"og:site_name\" content=\"Contadores P\u00fablicos\" \/>\n<meta property=\"article:publisher\" content=\"https:\/\/www.facebook.com\/CCCPBucaramanga\/\" \/>\n<meta property=\"article:published_time\" content=\"2018-04-04T04:59:03+00:00\" \/>\n<meta property=\"og:image\" content=\"https:\/\/contadoreshoy.com\/wp-content\/uploads\/2018\/04\/Reporte-de-conciliaci\u00f3n-fiscal.jpg\" \/>\n\t<meta property=\"og:image:width\" content=\"600\" \/>\n\t<meta property=\"og:image:height\" content=\"400\" \/>\n\t<meta property=\"og:image:type\" content=\"image\/jpeg\" \/>\n<meta name=\"author\" content=\"Miguel Antonio M\u00e1rquez Monta\u00f1ez\" \/>\n<meta name=\"twitter:card\" content=\"summary_large_image\" \/>\n<meta name=\"twitter:label1\" content=\"Escrito por\" \/>\n\t<meta name=\"twitter:data1\" content=\"Miguel Antonio M\u00e1rquez Monta\u00f1ez\" \/>\n\t<meta name=\"twitter:label2\" content=\"Tiempo de lectura\" \/>\n\t<meta name=\"twitter:data2\" content=\"1 minuto\" \/>\n<script type=\"application\/ld+json\" class=\"yoast-schema-graph\">{\"@context\":\"https:\\\/\\\/schema.org\",\"@graph\":[{\"@type\":\"Article\",\"@id\":\"https:\\\/\\\/contadoreshoy.com\\\/?p=10835#article\",\"isPartOf\":{\"@id\":\"https:\\\/\\\/contadoreshoy.com\\\/?p=10835\"},\"author\":{\"name\":\"Miguel Antonio M\u00e1rquez Monta\u00f1ez\",\"@id\":\"https:\\\/\\\/contadoreshoy.com\\\/#\\\/schema\\\/person\\\/96d8979cb865537c5dc9345e40089fc5\"},\"headline\":\"Resoluci\u00f3n DIAN 020 de marzo 28 de 2018 Plazos Reporte Conciliaci\u00f3n Fiscal\",\"datePublished\":\"2018-04-04T04:59:03+00:00\",\"mainEntityOfPage\":{\"@id\":\"https:\\\/\\\/contadoreshoy.com\\\/?p=10835\"},\"wordCount\":229,\"publisher\":{\"@id\":\"https:\\\/\\\/contadoreshoy.com\\\/#organization\"},\"image\":{\"@id\":\"https:\\\/\\\/contadoreshoy.com\\\/?p=10835#primaryimage\"},\"thumbnailUrl\":\"https:\\\/\\\/contadoreshoy.com\\\/wp-content\\\/uploads\\\/2018\\\/04\\\/Reporte-de-conciliaci\u00f3n-fiscal.jpg\",\"articleSection\":{\"1\":\"Ultimas Noticias\",\"2\":\"Uncategorized\"},\"inLanguage\":\"es\"},{\"@type\":\"WebPage\",\"@id\":\"https:\\\/\\\/contadoreshoy.com\\\/?p=10835\",\"url\":\"https:\\\/\\\/contadoreshoy.com\\\/?p=10835\",\"name\":\"Resoluci\u00f3n DIAN 020 de marzo 28 de 2018 Plazos Reporte Conciliaci\u00f3n Fiscal - Contadores P\u00fablicos\",\"isPartOf\":{\"@id\":\"https:\\\/\\\/contadoreshoy.com\\\/#website\"},\"primaryImageOfPage\":{\"@id\":\"https:\\\/\\\/contadoreshoy.com\\\/?p=10835#primaryimage\"},\"image\":{\"@id\":\"https:\\\/\\\/contadoreshoy.com\\\/?p=10835#primaryimage\"},\"thumbnailUrl\":\"https:\\\/\\\/contadoreshoy.com\\\/wp-content\\\/uploads\\\/2018\\\/04\\\/Reporte-de-conciliaci\u00f3n-fiscal.jpg\",\"datePublished\":\"2018-04-04T04:59:03+00:00\",\"breadcrumb\":{\"@id\":\"https:\\\/\\\/contadoreshoy.com\\\/?p=10835#breadcrumb\"},\"inLanguage\":\"es\",\"potentialAction\":[{\"@type\":\"ReadAction\",\"target\":[\"https:\\\/\\\/contadoreshoy.com\\\/?p=10835\"]}]},{\"@type\":\"ImageObject\",\"inLanguage\":\"es\",\"@id\":\"https:\\\/\\\/contadoreshoy.com\\\/?p=10835#primaryimage\",\"url\":\"https:\\\/\\\/contadoreshoy.com\\\/wp-content\\\/uploads\\\/2018\\\/04\\\/Reporte-de-conciliaci\u00f3n-fiscal.jpg\",\"contentUrl\":\"https:\\\/\\\/contadoreshoy.com\\\/wp-content\\\/uploads\\\/2018\\\/04\\\/Reporte-de-conciliaci\u00f3n-fiscal.jpg\",\"width\":600,\"height\":400},{\"@type\":\"BreadcrumbList\",\"@id\":\"https:\\\/\\\/contadoreshoy.com\\\/?p=10835#breadcrumb\",\"itemListElement\":[{\"@type\":\"ListItem\",\"position\":1,\"name\":\"Portada\",\"item\":\"https:\\\/\\\/contadoreshoy.com\\\/\"},{\"@type\":\"ListItem\",\"position\":2,\"name\":\"Resoluci\u00f3n DIAN 020 de marzo 28 de 2018 Plazos Reporte Conciliaci\u00f3n Fiscal\"}]},{\"@type\":\"WebSite\",\"@id\":\"https:\\\/\\\/contadoreshoy.com\\\/#website\",\"url\":\"https:\\\/\\\/contadoreshoy.com\\\/\",\"name\":\"Contadorespublicossantander\",\"description\":\"Portal para Contadores P\u00fablicos y empresarios\",\"publisher\":{\"@id\":\"https:\\\/\\\/contadoreshoy.com\\\/#organization\"},\"potentialAction\":[{\"@type\":\"SearchAction\",\"target\":{\"@type\":\"EntryPoint\",\"urlTemplate\":\"https:\\\/\\\/contadoreshoy.com\\\/?s={search_term_string}\"},\"query-input\":{\"@type\":\"PropertyValueSpecification\",\"valueRequired\":true,\"valueName\":\"search_term_string\"}}],\"inLanguage\":\"es\"},{\"@type\":\"Organization\",\"@id\":\"https:\\\/\\\/contadoreshoy.com\\\/#organization\",\"name\":\"Contadores P\u00fablicos de Santander\",\"url\":\"https:\\\/\\\/contadoreshoy.com\\\/\",\"logo\":{\"@type\":\"ImageObject\",\"inLanguage\":\"es\",\"@id\":\"https:\\\/\\\/contadoreshoy.com\\\/#\\\/schema\\\/logo\\\/image\\\/\",\"url\":\"https:\\\/\\\/contadoreshoy.com\\\/wp-content\\\/uploads\\\/2024\\\/01\\\/cropped-cropped-Copia-de-M-1.jpg\",\"contentUrl\":\"https:\\\/\\\/contadoreshoy.com\\\/wp-content\\\/uploads\\\/2024\\\/01\\\/cropped-cropped-Copia-de-M-1.jpg\",\"width\":499,\"height\":500,\"caption\":\"Contadores P\u00fablicos de Santander\"},\"image\":{\"@id\":\"https:\\\/\\\/contadoreshoy.com\\\/#\\\/schema\\\/logo\\\/image\\\/\"},\"sameAs\":[\"https:\\\/\\\/www.facebook.com\\\/CCCPBucaramanga\\\/\"]},{\"@type\":\"Person\",\"@id\":\"https:\\\/\\\/contadoreshoy.com\\\/#\\\/schema\\\/person\\\/96d8979cb865537c5dc9345e40089fc5\",\"name\":\"Miguel Antonio M\u00e1rquez Monta\u00f1ez\",\"description\":\"Contador P\u00fablico egresado de la Universidad Aut\u00f3noma de Bucaramanga - Asesor contable tributario con m\u00e1s de 25 a\u00f1os de experiencia - Conferencista en temas contables y tributarios - T\u00e9cnico en Hardware y Dise\u00f1o Web - Creador y director Grupo de Estudio Colegio Colombiano de Contadores P\u00fablicos de Bucaramanga - Creador y Master Web p\u00e1gina www.contadoresp\u00fablicossantander.com - Expresidente Colegio Colombiano de Contadores P\u00fablicos Bucaramanga\",\"url\":\"https:\\\/\\\/contadoreshoy.com\\\/?author=1\"}]}<\/script>\n<!-- \/ Yoast SEO plugin. -->","yoast_head_json":{"title":"Resoluci\u00f3n DIAN 020 de marzo 28 de 2018 Plazos Reporte Conciliaci\u00f3n Fiscal - Contadores P\u00fablicos","robots":{"index":"index","follow":"follow","max-snippet":"max-snippet:-1","max-image-preview":"max-image-preview:large","max-video-preview":"max-video-preview:-1"},"canonical":"https:\/\/contadoreshoy.com\/?p=10835","og_locale":"es_ES","og_type":"article","og_title":"Resoluci\u00f3n DIAN 020 de marzo 28 de 2018 Plazos Reporte Conciliaci\u00f3n Fiscal - Contadores P\u00fablicos","og_description":"La Resoluci\u00f3n 0020 de marzo 28 de 2018, fija las especificaciones t\u00e9cnicas y los plazos y condiciones de presentaci\u00f3n del Reporte de conciliaci\u00f3n fiscal de que trata el numeral 2&#46;&#46;&#46;","og_url":"https:\/\/contadoreshoy.com\/?p=10835","og_site_name":"Contadores P\u00fablicos","article_publisher":"https:\/\/www.facebook.com\/CCCPBucaramanga\/","article_published_time":"2018-04-04T04:59:03+00:00","og_image":[{"width":600,"height":400,"url":"https:\/\/contadoreshoy.com\/wp-content\/uploads\/2018\/04\/Reporte-de-conciliaci\u00f3n-fiscal.jpg","type":"image\/jpeg"}],"author":"Miguel Antonio M\u00e1rquez Monta\u00f1ez","twitter_card":"summary_large_image","twitter_misc":{"Escrito por":"Miguel Antonio M\u00e1rquez Monta\u00f1ez","Tiempo de lectura":"1 minuto"},"schema":{"@context":"https:\/\/schema.org","@graph":[{"@type":"Article","@id":"https:\/\/contadoreshoy.com\/?p=10835#article","isPartOf":{"@id":"https:\/\/contadoreshoy.com\/?p=10835"},"author":{"name":"Miguel Antonio M\u00e1rquez Monta\u00f1ez","@id":"https:\/\/contadoreshoy.com\/#\/schema\/person\/96d8979cb865537c5dc9345e40089fc5"},"headline":"Resoluci\u00f3n DIAN 020 de marzo 28 de 2018 Plazos Reporte Conciliaci\u00f3n Fiscal","datePublished":"2018-04-04T04:59:03+00:00","mainEntityOfPage":{"@id":"https:\/\/contadoreshoy.com\/?p=10835"},"wordCount":229,"publisher":{"@id":"https:\/\/contadoreshoy.com\/#organization"},"image":{"@id":"https:\/\/contadoreshoy.com\/?p=10835#primaryimage"},"thumbnailUrl":"https:\/\/contadoreshoy.com\/wp-content\/uploads\/2018\/04\/Reporte-de-conciliaci\u00f3n-fiscal.jpg","articleSection":{"1":"Ultimas Noticias","2":"Uncategorized"},"inLanguage":"es"},{"@type":"WebPage","@id":"https:\/\/contadoreshoy.com\/?p=10835","url":"https:\/\/contadoreshoy.com\/?p=10835","name":"Resoluci\u00f3n DIAN 020 de marzo 28 de 2018 Plazos Reporte Conciliaci\u00f3n Fiscal - Contadores P\u00fablicos","isPartOf":{"@id":"https:\/\/contadoreshoy.com\/#website"},"primaryImageOfPage":{"@id":"https:\/\/contadoreshoy.com\/?p=10835#primaryimage"},"image":{"@id":"https:\/\/contadoreshoy.com\/?p=10835#primaryimage"},"thumbnailUrl":"https:\/\/contadoreshoy.com\/wp-content\/uploads\/2018\/04\/Reporte-de-conciliaci\u00f3n-fiscal.jpg","datePublished":"2018-04-04T04:59:03+00:00","breadcrumb":{"@id":"https:\/\/contadoreshoy.com\/?p=10835#breadcrumb"},"inLanguage":"es","potentialAction":[{"@type":"ReadAction","target":["https:\/\/contadoreshoy.com\/?p=10835"]}]},{"@type":"ImageObject","inLanguage":"es","@id":"https:\/\/contadoreshoy.com\/?p=10835#primaryimage","url":"https:\/\/contadoreshoy.com\/wp-content\/uploads\/2018\/04\/Reporte-de-conciliaci\u00f3n-fiscal.jpg","contentUrl":"https:\/\/contadoreshoy.com\/wp-content\/uploads\/2018\/04\/Reporte-de-conciliaci\u00f3n-fiscal.jpg","width":600,"height":400},{"@type":"BreadcrumbList","@id":"https:\/\/contadoreshoy.com\/?p=10835#breadcrumb","itemListElement":[{"@type":"ListItem","position":1,"name":"Portada","item":"https:\/\/contadoreshoy.com\/"},{"@type":"ListItem","position":2,"name":"Resoluci\u00f3n DIAN 020 de marzo 28 de 2018 Plazos Reporte Conciliaci\u00f3n Fiscal"}]},{"@type":"WebSite","@id":"https:\/\/contadoreshoy.com\/#website","url":"https:\/\/contadoreshoy.com\/","name":"Contadorespublicossantander","description":"Portal para Contadores P\u00fablicos y empresarios","publisher":{"@id":"https:\/\/contadoreshoy.com\/#organization"},"potentialAction":[{"@type":"SearchAction","target":{"@type":"EntryPoint","urlTemplate":"https:\/\/contadoreshoy.com\/?s={search_term_string}"},"query-input":{"@type":"PropertyValueSpecification","valueRequired":true,"valueName":"search_term_string"}}],"inLanguage":"es"},{"@type":"Organization","@id":"https:\/\/contadoreshoy.com\/#organization","name":"Contadores P\u00fablicos de Santander","url":"https:\/\/contadoreshoy.com\/","logo":{"@type":"ImageObject","inLanguage":"es","@id":"https:\/\/contadoreshoy.com\/#\/schema\/logo\/image\/","url":"https:\/\/contadoreshoy.com\/wp-content\/uploads\/2024\/01\/cropped-cropped-Copia-de-M-1.jpg","contentUrl":"https:\/\/contadoreshoy.com\/wp-content\/uploads\/2024\/01\/cropped-cropped-Copia-de-M-1.jpg","width":499,"height":500,"caption":"Contadores P\u00fablicos de Santander"},"image":{"@id":"https:\/\/contadoreshoy.com\/#\/schema\/logo\/image\/"},"sameAs":["https:\/\/www.facebook.com\/CCCPBucaramanga\/"]},{"@type":"Person","@id":"https:\/\/contadoreshoy.com\/#\/schema\/person\/96d8979cb865537c5dc9345e40089fc5","name":"Miguel Antonio M\u00e1rquez Monta\u00f1ez","description":"Contador P\u00fablico egresado de la Universidad Aut\u00f3noma de Bucaramanga - Asesor contable tributario con m\u00e1s de 25 a\u00f1os de experiencia - Conferencista en temas contables y tributarios - T\u00e9cnico en Hardware y Dise\u00f1o Web - Creador y director Grupo de Estudio Colegio Colombiano de Contadores P\u00fablicos de Bucaramanga - Creador y Master Web p\u00e1gina www.contadoresp\u00fablicossantander.com - Expresidente Colegio Colombiano de Contadores P\u00fablicos Bucaramanga","url":"https:\/\/contadoreshoy.com\/?author=1"}]}},"_links":{"self":[{"href":"https:\/\/contadoreshoy.com\/index.php?rest_route=\/wp\/v2\/posts\/10835","targetHints":{"allow":["GET"]}}],"collection":[{"href":"https:\/\/contadoreshoy.com\/index.php?rest_route=\/wp\/v2\/posts"}],"about":[{"href":"https:\/\/contadoreshoy.com\/index.php?rest_route=\/wp\/v2\/types\/post"}],"author":[{"embeddable":true,"href":"https:\/\/contadoreshoy.com\/index.php?rest_route=\/wp\/v2\/users\/1"}],"replies":[{"embeddable":true,"href":"https:\/\/contadoreshoy.com\/index.php?rest_route=%2Fwp%2Fv2%2Fcomments&post=10835"}],"version-history":[{"count":2,"href":"https:\/\/contadoreshoy.com\/index.php?rest_route=\/wp\/v2\/posts\/10835\/revisions"}],"predecessor-version":[{"id":10840,"href":"https:\/\/contadoreshoy.com\/index.php?rest_route=\/wp\/v2\/posts\/10835\/revisions\/10840"}],"wp:featuredmedia":[{"embeddable":true,"href":"https:\/\/contadoreshoy.com\/index.php?rest_route=\/wp\/v2\/media\/10839"}],"wp:attachment":[{"href":"https:\/\/contadoreshoy.com\/index.php?rest_route=%2Fwp%2Fv2%2Fmedia&parent=10835"}],"wp:term":[{"taxonomy":"category","embeddable":true,"href":"https:\/\/contadoreshoy.com\/index.php?rest_route=%2Fwp%2Fv2%2Fcategories&post=10835"},{"taxonomy":"post_tag","embeddable":true,"href":"https:\/\/contadoreshoy.com\/index.php?rest_route=%2Fwp%2Fv2%2Ftags&post=10835"}],"curies":[{"name":"wp","href":"https:\/\/api.w.org\/{rel}","templated":true}]}}