{"id":10855,"date":"2018-04-29T17:17:03","date_gmt":"2018-04-29T22:17:03","guid":{"rendered":"https:\/\/contadoreshoy.com\/?p=10855"},"modified":"2018-04-29T20:20:38","modified_gmt":"2018-04-30T01:20:38","slug":"se-reportan-las-cesantias-informacion-exogena-dian","status":"publish","type":"post","link":"https:\/\/contadoreshoy.com\/?p=10855","title":{"rendered":"Como se reportan las cesant\u00edas en la Informaci\u00f3n ex\u00f3gena del a\u00f1o gravable 2017"},"content":{"rendered":"<p>&nbsp;<\/p>\n<p style=\"text-align: justify;\"><span style=\"font-size: 14pt;\"><strong><span style=\"color: #0000ff;\">Las cesant\u00edas que se deben reportar en los formatos 1001 y 2276, por el a\u00f1o gravable 2017, son las efectivamente pagadas por el empleador y no las causadas ni las enviadas al fondo de cesant\u00edas. En el formato 1011 bajo el&nbsp;c\u00f3digo 8207 se reporta el costo o deducci\u00f3n por salarios, y dem\u00e1s pagos laborales; ;&nbsp; bajo el c\u00f3digo 8245 se reporta la deducci\u00f3n por concepto de cesant\u00edas pagadas; y bajo el c\u00f3digo 8279, las cesant\u00edas consolidadas.<\/span><\/strong><\/span><\/p>\n<p style=\"text-align: justify;\">El art\u00edculo 18 de la Resoluci\u00f3n 068 de 2016, establece que el valor a reportar en el formato 1001, por concepto de salarios, prestaciones sociales y dem\u00e1s pagos laborales, es el valor acumulado efectivamente pagado al trabajador, en el concepto 5001.<\/p>\n<p style=\"text-align: justify;\">El art\u00edculo 27.5 de la Resoluci\u00f3n 068 de 2016, establece para el formato 1011 la siguiente informaci\u00f3n:<\/p>\n<ul style=\"text-align: justify;\">\n<li>3. Costo o deducci\u00f3n por salarios, y dem\u00e1s pagos laborales, en el concepto 8207;<\/li>\n<li>30. Deducci\u00f3n por concepto de cesant\u00edas pagadas. E.T., art. 109;<\/li>\n<li>54. Deducci\u00f3n de cesant\u00edas consolidadas. E.T., art. 110 en el concepto 8279.<\/li>\n<\/ul>\n<p style=\"text-align: justify;\">El art\u00edculo 29 de la Resoluci\u00f3n 068 de 2016, establece que el valor de las cesant\u00edas e intereses que se deben reportar son las efectivamente pagadas en el periodo.<\/p>\n<p style=\"text-align: justify;\">10. Cesant\u00edas e intereses de cesant\u00edas efectivamente pagadas en el periodo.<\/p>\n<p style=\"text-align: justify;\">Las Resoluciones 022 de abril 10 de 2017, 042 de julio 11 de 2017, 050 de agosto 14 de 2017 y 016 de marzo 22 de 2018 no hicieron ninguna modificaci\u00f3n al respecto.<\/p>\n<p style=\"text-align: justify;\"><span style=\"color: #ff6600; font-size: 14pt;\"><strong>A continuaci\u00f3n haremos el debido an\u00e1lisis, basados en las respectivas normas, para sustentar la tesis de que en la informaci\u00f3n ex\u00f3gena por el a\u00f1o gravable 2017 se deben reportar las cesant\u00edas efectivamente pagadas al empleado, y no las consolidadas ni las depositadas en el fondo de cesant\u00edas.<\/strong><\/span><\/p>\n<p style=\"text-align: justify;\"><span style=\"text-decoration: underline; color: #0000ff; font-size: 14pt;\"><strong>Certificado de ingresos y retenciones a\u00f1o gravable 2017 (Formulario 220)<\/strong><\/span><\/p>\n<p style=\"text-align: justify;\">El rengl\u00f3n 46 tiene el siguiente texto:<\/p>\n<p style=\"text-align: justify;\">\u00abCesant\u00edas e intereses de cesant\u00edas efectivamente pagadas, consignadas o reconocidas en el periodo\u00bb<\/p>\n<p style=\"text-align: justify;\"><strong>Las instrucciones del rengl\u00f3n 46 del formulario 220 contiene el siguiente texto:<\/strong><\/p>\n<p style=\"text-align: justify;\">\u00ab46. Cesant\u00edas e intereses de cesant\u00edas efectivamente pagadas, consignadas o reconocidas en el periodo:<\/p>\n<p style=\"text-align: justify;\">escriba en esta casilla el valor que el empleador efectivamente haya pagado en el per\u00edodo al trabajador por concepto de cesant\u00edas e intereses a las cesant\u00edas; <span style=\"color: #ff0000;\"><strong><em><u>adicionalmente incluya el valor de las cesant\u00edas que el empleador haya abonado a nombre del trabajador en el fondo de cesant\u00edas en ese periodo y finalmente, incluya el valor del auxilio de cesant\u00edas reconocido en el periodo de aquellos trabajadores del r\u00e9gimen tradicional del C\u00f3digo Sustantivo del Trabajo, contenido en el Cap\u00edtulo VII, <\/u><\/em><\/strong><\/span>T\u00edtulo VIII Parte Primera.<\/p>\n<p style=\"text-align: justify;\">Lo anterior de conformidad con el art\u00edculo 1.2.1.20.7 del Decreto 1625 de 2016 \u00danico Reglamentario en Materia Tributaria.<\/p>\n<p style=\"text-align: justify;\"><span style=\"text-decoration: underline; color: #0000ff; font-size: 14pt;\"><strong>Texto del art\u00edculo 1.2.1.20.7 del Decreto 1625 de 2016 (Decreto \u00fanico reglamentario en materia tributaria:<\/strong><\/span><\/p>\n<p style=\"text-align: justify;\"><strong>Art\u00edculo 1.2.1.20.7.<\/strong> <strong><em>Realizaci\u00f3n de las cesant\u00edas<\/em><\/strong><em>.<\/em><\/p>\n<p style=\"text-align: justify;\"><u>A partir del a\u00f1o gravable 2017<\/u> el auxilio de cesant\u00edas y los intereses sobre cesant\u00edas se entender\u00e1n realizados en el momento del pago del empleador directo al trabajador o en el momento de consignaci\u00f3n al fondo de cesant\u00edas.<\/p>\n<p style=\"text-align: justify;\"><strong>Par\u00e1grafo 1.<\/strong> <span style=\"color: #ff0000;\">En el caso del auxilio de cesant\u00eda<\/span> del r\u00e9gimen tradicional del C\u00f3digo Sustantivo del Trabajo, contenido en el Cap\u00edtulo VII, T\u00edtulo VIII, parte primera, y dem\u00e1s disposiciones que lo modifiquen o adicionen, <span style=\"color: #ff0000;\"><strong><u>se entender\u00e1 realizado con ocasi\u00f3n del reconocimiento por parte del empleador.<\/u><\/strong><\/span><\/p>\n<p style=\"text-align: justify;\"><span style=\"color: #ff0000;\">Para tales efectos, el trabajador reconocer\u00e1 cada a\u00f1o gravable, el ingreso por auxilio de cesant\u00edas, tomando la diferencia resultante entre los saldos a treinta y uno (31) de diciembre del a\u00f1o gravable materia de declaraci\u00f3n del impuesto sobre la renta y complementario y el del a\u00f1o inmediatamente anterior. En caso de retiros parciales antes del treinta y uno (31) de diciembre de cada a\u00f1o, el valor correspondiente se adicionar\u00e1.<\/span><\/p>\n<p style=\"text-align: justify;\"><strong>Par\u00e1grafo 2.<\/strong> El tratamiento aqu\u00ed previsto para el auxilio de cesant\u00edas y los intereses sobre cesant\u00edas dar\u00e1 lugar a la aplicaci\u00f3n de la renta exenta que establece el numeral 4 del art\u00edculo 206 del Estatuto Tributario, as\u00ed como al reconocimiento patrimonial de los mismos, cuando haya lugar a ello.<\/p>\n<p style=\"text-align: justify;\"><strong>Par\u00e1grafo 3.<\/strong> Los montos acumulados del auxilio de cesant\u00edas a treinta y uno (31) de diciembre del 2016 en los fondos de cesant\u00edas o en las cuentas del patrono para aquellos trabajadores cobijados con el r\u00e9gimen tradicional contenido en el Cap\u00edtulo VII, T\u00edtulo VIII parte Primera del C\u00f3digo Sustantivo del Trabajo, al momento del retiro del fondo de cesant\u00edas o pago por parte del empleador, mantendr\u00e1n el tratamiento previsto en el numeral 4 del art\u00edculo 206 (<em>Rentas exentas<\/em>) del Estatuto Tributario sin que sea aplicable lo dispuesto en el inciso segundo del art\u00edculo 336 del Estatuto Tributario.<\/p>\n<p style=\"text-align: justify;\">Cuando se realicen retiros parciales, \u00e9stos se entender\u00e1n efectuados con cargo al saldo acumulado a que se refiere el inciso anterior, hasta que se agote.<\/p>\n<p style=\"text-align: justify;\"><span style=\"font-size: 14pt;\"><strong><span style=\"color: #0000ff;\">Resoluci\u00f3n 000068 de octubre 28 de 2016 (Informaci\u00f3n ex\u00f3gena a\u00f1o gravable 2017):<\/span><\/strong><\/span><\/p>\n<p style=\"text-align: justify;\"><span style=\"text-decoration: underline; color: #ff0000;\"><strong>Art\u00edculo 18. Informaci\u00f3n a suministrar por parte de los obligados a informar.<\/strong><\/span><\/p>\n<p style=\"text-align: justify;\">Los obligados a informar se\u00f1alados en el art\u00edculo 17 de la presente resoluci\u00f3n, deber\u00e1n enviar la informaci\u00f3n cumpliendo con lo establecido en los siguientes numerales:<\/p>\n<ol style=\"text-align: justify;\">\n<li><strong>Salarios, prestaciones sociales y dem\u00e1s pagos laborales:<\/strong> <span style=\"color: #ff0000;\"><strong><u>El valor acumulado efectivamente pagado al trabajador, en el concepto 5001<\/u><\/strong>.<\/span><\/li>\n<\/ol>\n<p style=\"text-align: justify;\">PAR\u00c1GRAFO 5. Los pagos o abonos en cuenta realizados a los trabajadores por concepto de salarios y dem\u00e1s remuneraciones laborales, honorarios, comisiones, servicios y otros pagos, deben ser reportados en cada uno de los conceptos correspondientes, sin importar el monto.<\/p>\n<p style=\"text-align: justify;\"><span style=\"text-decoration: underline; color: #ff0000;\"><strong>Art\u00edculo 27. Informaci\u00f3n de las declaraciones tributarias.<\/strong><\/span><\/p>\n<p style=\"text-align: justify;\">Los sujetos se\u00f1alados en los literales a), b) y c) del Art\u00edculo 4 de la presente Resoluci\u00f3n de conformidad con lo establecido en el literal k) del art\u00edculo 631 del Estatuto Tributario, deber\u00e1n suministrar los valores correspondientes a las declaraciones tributarias del a\u00f1o gravable, de la siguiente manera:<\/p>\n<p style=\"text-align: justify;\">27.5 Costos y deducciones. Los obligados a presentar informaci\u00f3n, deber\u00e1n suministrar el valor de los costos y deducciones solicitados en la declaraci\u00f3n de renta del a\u00f1o gravable <span style=\"color: #0000ff;\">en el <strong><u>Formato 1011 Versi\u00f3n 6<\/u><\/strong><\/span>, de la siguiente manera:<\/p>\n<ol style=\"text-align: justify;\" start=\"3\">\n<li><strong><u>Costo o deducci\u00f3n por salarios, y dem\u00e1s pagos laborales. Concepto 8207<\/u><\/strong><\/li>\n<\/ol>\n<p style=\"text-align: justify;\">&nbsp;<\/p>\n<ol style=\"text-align: justify;\" start=\"30\">\n<li><strong><u>Deducci\u00f3n por concepto de cesant\u00edas pagadas. E.T., art. 109. Concepto 8245<\/u><\/strong><\/li>\n<\/ol>\n<p style=\"text-align: justify;\">&nbsp;<\/p>\n<p style=\"text-align: justify;\">&nbsp; &nbsp;54. <strong><u>Deducci\u00f3n de cesant\u00edas consolidadas. E.T., art. 110. Concepto 8279<\/u><\/strong><\/p>\n<p style=\"text-align: justify;\"><span style=\"color: #ff0000;\"><strong>Art\u00edculo 29. Informaci\u00f3n del certificado de ingresos y retenciones para personas naturales epleados por el a\u00f1o gravable 2017.<\/strong><\/span><\/p>\n<p style=\"text-align: justify;\">Conforme con el literal p) del art\u00edculo 4 de esta Resoluci\u00f3n, las personas naturales o jur\u00eddicas o entidades que deban expedir anualmente el Certificado de Ingresos y Retenciones para Personas Naturales Empleados para el A\u00f1o Gravable 2017 (Formulario 220 DIAN), <strong><span style=\"color: #ff0000;\">deber\u00e1n reportar la informaci\u00f3n contenida en dicho certificado, de acuerdo con los par\u00e1metros establecidos en el <\/span><span style=\"color: #ff0000;\">Formato 2276 Versi\u00f3n 1<\/span>. <\/strong><\/p>\n<p style=\"text-align: justify;\"><strong>De los certificados de ingresos y retenciones para personas naturales empleados, se deber\u00e1 reportar la siguiente informaci\u00f3n:<\/strong><\/p>\n<p style=\"text-align: justify;\">1.Tipo de documento del Empleado<\/p>\n<p style=\"text-align: justify;\">2.N\u00famero de identificaci\u00f3n del Empleado<\/p>\n<p style=\"text-align: justify;\">3.Apellidos y nombres del Empleado<\/p>\n<p style=\"text-align: justify;\">4.Fecha Inicial del Periodo de Certificaci\u00f3n<\/p>\n<p style=\"text-align: justify;\">5.Fecha Final del Periodo de Certificaci\u00f3n<\/p>\n<p style=\"text-align: justify;\">6.Fecha de Expedici\u00f3n del Certificado<\/p>\n<p style=\"text-align: justify;\">7.Departamento y Municipio donde se practic\u00f3 la retenci\u00f3n<\/p>\n<p style=\"text-align: justify;\">8.N\u00famero de entidades que consolidan la retenci\u00f3n<\/p>\n<p style=\"text-align: justify;\">9.Pagos al Empleado<\/p>\n<p style=\"text-align: justify;\"><span style=\"color: #ff0000;\"><strong><u>10.<\/u><\/strong><strong><u>Cesant\u00edas e intereses de cesant\u00edas efectivamente pagadas en el periodo <\/u><\/strong><\/span><\/p>\n<p style=\"text-align: justify;\">11.Gastos de Representaci\u00f3n<\/p>\n<p style=\"text-align: justify;\">12.Pensiones de jubilaci\u00f3n, vejez o invalidez<\/p>\n<p style=\"text-align: justify;\">13.Otros ingresos como empleado<\/p>\n<p style=\"text-align: justify;\">14.Total ingresos brutos<\/p>\n<p style=\"text-align: justify;\">15.Aportes obligatorios por salud<\/p>\n<p style=\"text-align: justify;\">16.Aportes obligatorios a fondos de pensiones y solidaridad pensional<\/p>\n<p style=\"text-align: justify;\">17.Aportes Voluntarios a fondos de pensiones y cuentas AFC<\/p>\n<p style=\"text-align: justify;\">18.Valor de las Retenciones en la fuente por pagos al empleado.<\/p>\n<p style=\"text-align: justify;\">PAR\u00c1GRAFO.<\/p>\n<p style=\"text-align: justify;\">En los casos en que las personas naturales o jur\u00eddicas o entidades obligadas a reportar expidan m\u00e1s de un Certificado de Ingresos y Retenciones para Personas Naturales Empleados a una misma persona durante el a\u00f1o gravable, se deber\u00e1 reportar la informaci\u00f3n acumulada en un solo registro, teniendo en cuenta lo siguiente:<\/p>\n<p style=\"text-align: justify;\">&#8211; La fecha inicial deber\u00e1 corresponder a la fecha de inicio del primer Certificado de Ingresos y Retenciones para Personas Naturales Empleados durante el per\u00edodo.<\/p>\n<p style=\"text-align: justify;\">-La fecha final deber\u00e1 corresponder a la fecha de finalizaci\u00f3n del \u00faltimo Certificado de Ingresos y Retenciones para Personas Naturales Empleados durante el per\u00edodo.<\/p>\n<p style=\"text-align: justify;\">-La fecha de expedici\u00f3n deber\u00e1 corresponder a la fecha de expedici\u00f3n del \u00faltimo Certificado de Ingresos y Retenciones para Personas Naturales Empleados.<\/p>\n<p>&nbsp;<\/p>\n","protected":false},"excerpt":{"rendered":"<p>&nbsp; Las cesant\u00edas que se deben reportar en los formatos 1001 y 2276, por el a\u00f1o gravable 2017, son las efectivamente pagadas por el empleador y no las causadas ni&#46;&#46;&#46;<\/p>\n","protected":false},"author":1,"featured_media":8878,"comment_status":"closed","ping_status":"open","sticky":false,"template":"","format":"standard","meta":{"_monsterinsights_skip_tracking":false,"ngg_post_thumbnail":0,"footnotes":"","_links_to":"","_links_to_target":""},"categories":[454,458,1],"tags":[],"class_list":["post-10855","post","type-post","status-publish","format-standard","has-post-thumbnail","hentry","category-sin-categoria","category-ultimas","category-uncategorized"],"aioseo_notices":[],"aioseo_head":"\n\t\t<!-- All in One SEO 5.0.1.1 - aioseo.com -->\n\t<meta name=\"description\" content=\"Las cesant\u00edas que se deben reportar en los formatos 1001 y 2276, por el a\u00f1o gravable 2017, son las efectivamente pagadas por el empleador y no las causadas ni las enviadas al fondo de cesant\u00edas. En el formato 1011 bajo el c\u00f3digo 8207 se reporta el costo o deducci\u00f3n por salarios, y dem\u00e1s pagos laborales;\" \/>\n\t<meta name=\"robots\" content=\"max-image-preview:large\" \/>\n\t<meta name=\"author\" content=\"Miguel Antonio M\u00e1rquez Monta\u00f1ez\"\/>\n\t<link rel=\"canonical\" href=\"https:\/\/contadoreshoy.com\/?p=10855\" \/>\n\t<meta name=\"generator\" content=\"All in One SEO (AIOSEO) 5.0.1.1\" \/>\n\t\t<meta property=\"og:locale\" content=\"es_ES\" \/>\n\t\t<meta property=\"og:site_name\" content=\"Contadores P\u00fablicos - Portal para Contadores P\u00fablicos y empresarios\" \/>\n\t\t<meta property=\"og:type\" content=\"article\" \/>\n\t\t<meta property=\"og:title\" content=\"Como se reportan las cesant\u00edas en la Informaci\u00f3n ex\u00f3gena del a\u00f1o gravable 2017 - Contadores P\u00fablicos\" \/>\n\t\t<meta property=\"og:description\" content=\"Las cesant\u00edas que se deben reportar en los formatos 1001 y 2276, por el a\u00f1o gravable 2017, son las efectivamente pagadas por el empleador y no las causadas ni las enviadas al fondo de cesant\u00edas. En el formato 1011 bajo el c\u00f3digo 8207 se reporta el costo o deducci\u00f3n por salarios, y dem\u00e1s pagos laborales;\" \/>\n\t\t<meta property=\"og:url\" content=\"https:\/\/contadoreshoy.com\/?p=10855\" \/>\n\t\t<meta property=\"og:image\" content=\"https:\/\/contadoreshoy.com\/wp-content\/uploads\/2024\/01\/cropped-cropped-cropped-Copia-de-M.jpg\" \/>\n\t\t<meta property=\"og:image:secure_url\" content=\"https:\/\/contadoreshoy.com\/wp-content\/uploads\/2024\/01\/cropped-cropped-cropped-Copia-de-M.jpg\" \/>\n\t\t<meta property=\"og:image:width\" content=\"512\" \/>\n\t\t<meta property=\"og:image:height\" content=\"371\" \/>\n\t\t<meta property=\"article:published_time\" content=\"2018-04-29T22:17:03+00:00\" \/>\n\t\t<meta property=\"article:modified_time\" content=\"2018-04-30T01:20:38+00:00\" \/>\n\t\t<meta name=\"twitter:card\" content=\"summary_large_image\" \/>\n\t\t<meta name=\"twitter:title\" content=\"Como se reportan las cesant\u00edas en la Informaci\u00f3n ex\u00f3gena del a\u00f1o gravable 2017 - Contadores P\u00fablicos\" \/>\n\t\t<meta name=\"twitter:description\" content=\"Las cesant\u00edas que se deben reportar en los formatos 1001 y 2276, por el a\u00f1o gravable 2017, son las efectivamente pagadas por el empleador y no las causadas ni las enviadas al fondo de cesant\u00edas. En el formato 1011 bajo el c\u00f3digo 8207 se reporta el costo o deducci\u00f3n por salarios, y dem\u00e1s pagos laborales;\" \/>\n\t\t<meta name=\"twitter:image\" content=\"https:\/\/contadoreshoy.com\/wp-content\/uploads\/2024\/01\/cropped-cropped-cropped-Copia-de-M.jpg\" \/>\n\t\t<script type=\"application\/ld+json\" class=\"aioseo-schema\">\n\t\t\t{\"@context\":\"https:\\\/\\\/schema.org\",\"@graph\":[{\"@type\":\"BlogPosting\",\"@id\":\"https:\\\/\\\/contadoreshoy.com\\\/?p=10855#blogposting\",\"name\":\"Como se reportan las cesant\\u00edas en la Informaci\\u00f3n ex\\u00f3gena del a\\u00f1o gravable 2017 - Contadores P\\u00fablicos\",\"headline\":\"Como se reportan las cesant\\u00edas en la Informaci\\u00f3n ex\\u00f3gena del a\\u00f1o gravable 2017\",\"author\":{\"@id\":\"https:\\\/\\\/contadoreshoy.com\\\/?author=1#author\"},\"publisher\":{\"@id\":\"https:\\\/\\\/contadoreshoy.com\\\/#organization\"},\"image\":{\"@type\":\"ImageObject\",\"url\":\"https:\\\/\\\/contadoreshoy.com\\\/wp-content\\\/uploads\\\/2017\\\/02\\\/Reforma-Tributaria-1.gif\",\"width\":600,\"height\":400},\"datePublished\":\"2018-04-29T17:17:03-05:00\",\"dateModified\":\"2018-04-29T20:20:38-05:00\",\"inLanguage\":\"es-ES\",\"mainEntityOfPage\":{\"@id\":\"https:\\\/\\\/contadoreshoy.com\\\/?p=10855#webpage\"},\"isPartOf\":{\"@id\":\"https:\\\/\\\/contadoreshoy.com\\\/?p=10855#webpage\"},\"articleSection\":\"Sin categor\\u00eda, Ultimas Noticias, Uncategorized\"},{\"@type\":\"BreadcrumbList\",\"@id\":\"https:\\\/\\\/contadoreshoy.com\\\/?p=10855#breadcrumblist\",\"itemListElement\":[{\"@type\":\"ListItem\",\"@id\":\"https:\\\/\\\/contadoreshoy.com#listItem\",\"position\":1,\"name\":\"Home\",\"item\":\"https:\\\/\\\/contadoreshoy.com\",\"nextItem\":{\"@type\":\"ListItem\",\"@id\":\"https:\\\/\\\/contadoreshoy.com\\\/?cat=1#listItem\",\"name\":\"Uncategorized\"}},{\"@type\":\"ListItem\",\"@id\":\"https:\\\/\\\/contadoreshoy.com\\\/?cat=1#listItem\",\"position\":2,\"name\":\"Uncategorized\",\"item\":\"https:\\\/\\\/contadoreshoy.com\\\/?cat=1\",\"nextItem\":{\"@type\":\"ListItem\",\"@id\":\"https:\\\/\\\/contadoreshoy.com\\\/?p=10855#listItem\",\"name\":\"Como se reportan las cesant\\u00edas en la Informaci\\u00f3n ex\\u00f3gena del a\\u00f1o gravable 2017\"},\"previousItem\":{\"@type\":\"ListItem\",\"@id\":\"https:\\\/\\\/contadoreshoy.com#listItem\",\"name\":\"Home\"}},{\"@type\":\"ListItem\",\"@id\":\"https:\\\/\\\/contadoreshoy.com\\\/?p=10855#listItem\",\"position\":3,\"name\":\"Como se reportan las cesant\\u00edas en la Informaci\\u00f3n ex\\u00f3gena del a\\u00f1o gravable 2017\",\"previousItem\":{\"@type\":\"ListItem\",\"@id\":\"https:\\\/\\\/contadoreshoy.com\\\/?cat=1#listItem\",\"name\":\"Uncategorized\"}}]},{\"@type\":\"Organization\",\"@id\":\"https:\\\/\\\/contadoreshoy.com\\\/#organization\",\"name\":\"Contadores P\\u00fablicos\",\"description\":\"Portal para Contadores P\\u00fablicos y empresarios\",\"url\":\"https:\\\/\\\/contadoreshoy.com\\\/\",\"logo\":{\"@type\":\"ImageObject\",\"url\":\"https:\\\/\\\/contadoreshoy.com\\\/wp-content\\\/uploads\\\/2024\\\/01\\\/cropped-cropped-Copia-de-M-1.jpg\",\"@id\":\"https:\\\/\\\/contadoreshoy.com\\\/?p=10855\\\/#organizationLogo\",\"width\":499,\"height\":500},\"image\":{\"@id\":\"https:\\\/\\\/contadoreshoy.com\\\/?p=10855\\\/#organizationLogo\"}},{\"@type\":\"Person\",\"@id\":\"https:\\\/\\\/contadoreshoy.com\\\/?author=1#author\",\"url\":\"https:\\\/\\\/contadoreshoy.com\\\/?author=1\",\"name\":\"Miguel Antonio M\\u00e1rquez Monta\\u00f1ez\"},{\"@type\":\"WebPage\",\"@id\":\"https:\\\/\\\/contadoreshoy.com\\\/?p=10855#webpage\",\"url\":\"https:\\\/\\\/contadoreshoy.com\\\/?p=10855\",\"name\":\"Como se reportan las cesant\\u00edas en la Informaci\\u00f3n ex\\u00f3gena del a\\u00f1o gravable 2017 - Contadores P\\u00fablicos\",\"description\":\"Las cesant\\u00edas que se deben reportar en los formatos 1001 y 2276, por el a\\u00f1o gravable 2017, son las efectivamente pagadas por el empleador y no las causadas ni las enviadas al fondo de cesant\\u00edas. En el formato 1011 bajo el c\\u00f3digo 8207 se reporta el costo o deducci\\u00f3n por salarios, y dem\\u00e1s pagos laborales;\",\"inLanguage\":\"es-ES\",\"isPartOf\":{\"@id\":\"https:\\\/\\\/contadoreshoy.com\\\/#website\"},\"breadcrumb\":{\"@id\":\"https:\\\/\\\/contadoreshoy.com\\\/?p=10855#breadcrumblist\"},\"author\":{\"@id\":\"https:\\\/\\\/contadoreshoy.com\\\/?author=1#author\"},\"creator\":{\"@id\":\"https:\\\/\\\/contadoreshoy.com\\\/?author=1#author\"},\"image\":{\"@type\":\"ImageObject\",\"url\":\"https:\\\/\\\/contadoreshoy.com\\\/wp-content\\\/uploads\\\/2017\\\/02\\\/Reforma-Tributaria-1.gif\",\"@id\":\"https:\\\/\\\/contadoreshoy.com\\\/?p=10855\\\/#mainImage\",\"width\":600,\"height\":400},\"primaryImageOfPage\":{\"@id\":\"https:\\\/\\\/contadoreshoy.com\\\/?p=10855#mainImage\"},\"datePublished\":\"2018-04-29T17:17:03-05:00\",\"dateModified\":\"2018-04-29T20:20:38-05:00\"},{\"@type\":\"WebSite\",\"@id\":\"https:\\\/\\\/contadoreshoy.com\\\/#website\",\"url\":\"https:\\\/\\\/contadoreshoy.com\\\/\",\"name\":\"Contadores P\\u00fablicos\",\"description\":\"Portal para Contadores P\\u00fablicos y empresarios\",\"inLanguage\":\"es-ES\",\"publisher\":{\"@id\":\"https:\\\/\\\/contadoreshoy.com\\\/#organization\"}}]}\n\t\t<\/script>\n\t\t<!-- All in One SEO -->\n\n","aioseo_head_json":{"title":"Como se reportan las cesant\u00edas en la Informaci\u00f3n ex\u00f3gena del a\u00f1o gravable 2017 - Contadores P\u00fablicos","description":"Las cesant\u00edas que se deben reportar en los formatos 1001 y 2276, por el a\u00f1o gravable 2017, son las efectivamente pagadas por el empleador y no las causadas ni las enviadas al fondo de cesant\u00edas. En el formato 1011 bajo el c\u00f3digo 8207 se reporta el costo o deducci\u00f3n por salarios, y dem\u00e1s pagos laborales;","canonical_url":"https:\/\/contadoreshoy.com\/?p=10855","robots":"max-image-preview:large","keywords":"","webmasterTools":{"miscellaneous":""},"schema":{"@context":"https:\/\/schema.org","@graph":[{"@type":"BlogPosting","@id":"https:\/\/contadoreshoy.com\/?p=10855#blogposting","name":"Como se reportan las cesant\u00edas en la Informaci\u00f3n ex\u00f3gena del a\u00f1o gravable 2017 - Contadores P\u00fablicos","headline":"Como se reportan las cesant\u00edas en la Informaci\u00f3n ex\u00f3gena del a\u00f1o gravable 2017","author":{"@id":"https:\/\/contadoreshoy.com\/?author=1#author"},"publisher":{"@id":"https:\/\/contadoreshoy.com\/#organization"},"image":{"@type":"ImageObject","url":"https:\/\/contadoreshoy.com\/wp-content\/uploads\/2017\/02\/Reforma-Tributaria-1.gif","width":600,"height":400},"datePublished":"2018-04-29T17:17:03-05:00","dateModified":"2018-04-29T20:20:38-05:00","inLanguage":"es-ES","mainEntityOfPage":{"@id":"https:\/\/contadoreshoy.com\/?p=10855#webpage"},"isPartOf":{"@id":"https:\/\/contadoreshoy.com\/?p=10855#webpage"},"articleSection":"Sin categor\u00eda, Ultimas Noticias, Uncategorized"},{"@type":"BreadcrumbList","@id":"https:\/\/contadoreshoy.com\/?p=10855#breadcrumblist","itemListElement":[{"@type":"ListItem","@id":"https:\/\/contadoreshoy.com#listItem","position":1,"name":"Home","item":"https:\/\/contadoreshoy.com","nextItem":{"@type":"ListItem","@id":"https:\/\/contadoreshoy.com\/?cat=1#listItem","name":"Uncategorized"}},{"@type":"ListItem","@id":"https:\/\/contadoreshoy.com\/?cat=1#listItem","position":2,"name":"Uncategorized","item":"https:\/\/contadoreshoy.com\/?cat=1","nextItem":{"@type":"ListItem","@id":"https:\/\/contadoreshoy.com\/?p=10855#listItem","name":"Como se reportan las cesant\u00edas en la Informaci\u00f3n ex\u00f3gena del a\u00f1o gravable 2017"},"previousItem":{"@type":"ListItem","@id":"https:\/\/contadoreshoy.com#listItem","name":"Home"}},{"@type":"ListItem","@id":"https:\/\/contadoreshoy.com\/?p=10855#listItem","position":3,"name":"Como se reportan las cesant\u00edas en la Informaci\u00f3n ex\u00f3gena del a\u00f1o gravable 2017","previousItem":{"@type":"ListItem","@id":"https:\/\/contadoreshoy.com\/?cat=1#listItem","name":"Uncategorized"}}]},{"@type":"Organization","@id":"https:\/\/contadoreshoy.com\/#organization","name":"Contadores P\u00fablicos","description":"Portal para Contadores P\u00fablicos y empresarios","url":"https:\/\/contadoreshoy.com\/","logo":{"@type":"ImageObject","url":"https:\/\/contadoreshoy.com\/wp-content\/uploads\/2024\/01\/cropped-cropped-Copia-de-M-1.jpg","@id":"https:\/\/contadoreshoy.com\/?p=10855\/#organizationLogo","width":499,"height":500},"image":{"@id":"https:\/\/contadoreshoy.com\/?p=10855\/#organizationLogo"}},{"@type":"Person","@id":"https:\/\/contadoreshoy.com\/?author=1#author","url":"https:\/\/contadoreshoy.com\/?author=1","name":"Miguel Antonio M\u00e1rquez Monta\u00f1ez"},{"@type":"WebPage","@id":"https:\/\/contadoreshoy.com\/?p=10855#webpage","url":"https:\/\/contadoreshoy.com\/?p=10855","name":"Como se reportan las cesant\u00edas en la Informaci\u00f3n ex\u00f3gena del a\u00f1o gravable 2017 - Contadores P\u00fablicos","description":"Las cesant\u00edas que se deben reportar en los formatos 1001 y 2276, por el a\u00f1o gravable 2017, son las efectivamente pagadas por el empleador y no las causadas ni las enviadas al fondo de cesant\u00edas. En el formato 1011 bajo el c\u00f3digo 8207 se reporta el costo o deducci\u00f3n por salarios, y dem\u00e1s pagos laborales;","inLanguage":"es-ES","isPartOf":{"@id":"https:\/\/contadoreshoy.com\/#website"},"breadcrumb":{"@id":"https:\/\/contadoreshoy.com\/?p=10855#breadcrumblist"},"author":{"@id":"https:\/\/contadoreshoy.com\/?author=1#author"},"creator":{"@id":"https:\/\/contadoreshoy.com\/?author=1#author"},"image":{"@type":"ImageObject","url":"https:\/\/contadoreshoy.com\/wp-content\/uploads\/2017\/02\/Reforma-Tributaria-1.gif","@id":"https:\/\/contadoreshoy.com\/?p=10855\/#mainImage","width":600,"height":400},"primaryImageOfPage":{"@id":"https:\/\/contadoreshoy.com\/?p=10855#mainImage"},"datePublished":"2018-04-29T17:17:03-05:00","dateModified":"2018-04-29T20:20:38-05:00"},{"@type":"WebSite","@id":"https:\/\/contadoreshoy.com\/#website","url":"https:\/\/contadoreshoy.com\/","name":"Contadores P\u00fablicos","description":"Portal para Contadores P\u00fablicos y empresarios","inLanguage":"es-ES","publisher":{"@id":"https:\/\/contadoreshoy.com\/#organization"}}]},"og:locale":"es_ES","og:site_name":"Contadores P\u00fablicos - Portal para Contadores P\u00fablicos y empresarios","og:type":"article","og:title":"Como se reportan las cesant\u00edas en la Informaci\u00f3n ex\u00f3gena del a\u00f1o gravable 2017 - Contadores P\u00fablicos","og:description":"Las cesant\u00edas que se deben reportar en los formatos 1001 y 2276, por el a\u00f1o gravable 2017, son las efectivamente pagadas por el empleador y no las causadas ni las enviadas al fondo de cesant\u00edas. En el formato 1011 bajo el c\u00f3digo 8207 se reporta el costo o deducci\u00f3n por salarios, y dem\u00e1s pagos laborales;","og:url":"https:\/\/contadoreshoy.com\/?p=10855","og:image":"https:\/\/contadoreshoy.com\/wp-content\/uploads\/2024\/01\/cropped-cropped-cropped-Copia-de-M.jpg","og:image:secure_url":"https:\/\/contadoreshoy.com\/wp-content\/uploads\/2024\/01\/cropped-cropped-cropped-Copia-de-M.jpg","og:image:width":512,"og:image:height":371,"article:published_time":"2018-04-29T22:17:03+00:00","article:modified_time":"2018-04-30T01:20:38+00:00","twitter:card":"summary_large_image","twitter:title":"Como se reportan las cesant\u00edas en la Informaci\u00f3n ex\u00f3gena del a\u00f1o gravable 2017 - Contadores P\u00fablicos","twitter:description":"Las cesant\u00edas que se deben reportar en los formatos 1001 y 2276, por el a\u00f1o gravable 2017, son las efectivamente pagadas por el empleador y no las causadas ni las enviadas al fondo de cesant\u00edas. En el formato 1011 bajo el c\u00f3digo 8207 se reporta el costo o deducci\u00f3n por salarios, y dem\u00e1s pagos laborales;","twitter:image":"https:\/\/contadoreshoy.com\/wp-content\/uploads\/2024\/01\/cropped-cropped-cropped-Copia-de-M.jpg"},"aioseo_meta_data":{"post_id":"10855","title":null,"description":null,"keywords":null,"keyphrases":null,"primary_term":null,"canonical_url":null,"og_title":null,"og_description":null,"og_object_type":"default","og_image_type":"default","og_image_url":null,"og_image_width":null,"og_image_height":null,"og_image_custom_url":null,"og_image_custom_fields":null,"og_video":null,"og_custom_url":null,"og_article_section":null,"og_article_tags":null,"twitter_use_og":false,"twitter_card":"default","twitter_image_type":"default","twitter_image_url":null,"twitter_image_custom_url":null,"twitter_image_custom_fields":null,"twitter_title":null,"twitter_description":null,"schema":{"blockGraphs":[],"customGraphs":[],"default":{"data":{"Article":[],"Course":[],"Dataset":[],"FAQPage":[],"Movie":[],"Person":[],"Product":[],"ProductReview":[],"Car":[],"Recipe":[],"Service":[],"SoftwareApplication":[],"WebPage":[]},"graphName":"","isEnabled":true},"graphs":[]},"schema_type":"default","schema_type_options":null,"pillar_content":false,"robots_default":true,"robots_noindex":false,"robots_noarchive":false,"robots_nosnippet":false,"robots_nofollow":false,"robots_noimageindex":false,"robots_noodp":false,"robots_notranslate":false,"robots_max_snippet":null,"robots_max_videopreview":null,"robots_max_imagepreview":"large","priority":null,"frequency":null,"local_seo":null,"breadcrumb_settings":null,"limit_modified_date":false,"ai":null,"created":"2024-03-05 01:57:16","updated":"2026-03-03 05:10:20","seo_analyzer_scan_date":null,"focus_keyword":null,"additional_keywords":null,"truseo_locale":null},"aioseo_breadcrumb":"<div class=\"aioseo-breadcrumbs\"><span class=\"aioseo-breadcrumb\">\n\t\t\t<a href=\"https:\/\/contadoreshoy.com\" title=\"Home\">Home<\/a>\n\t\t<\/span><span class=\"aioseo-breadcrumb-separator\">&raquo;<\/span><span class=\"aioseo-breadcrumb\">\n\t\t\t<a href=\"https:\/\/contadoreshoy.com\/?cat=1\" title=\"Uncategorized\">Uncategorized<\/a>\n\t\t<\/span><span class=\"aioseo-breadcrumb-separator\">&raquo;<\/span><span class=\"aioseo-breadcrumb\">\n\t\t\tComo se reportan las cesant\u00edas en la Informaci\u00f3n ex\u00f3gena del a\u00f1o gravable 2017\n\t\t<\/span><\/div>","aioseo_breadcrumb_json":[{"label":"Home","link":"https:\/\/contadoreshoy.com"},{"label":"Uncategorized","link":"https:\/\/contadoreshoy.com\/?cat=1"},{"label":"Como se reportan las cesant\u00edas en la Informaci\u00f3n ex\u00f3gena del a\u00f1o gravable 2017","link":"https:\/\/contadoreshoy.com\/?p=10855"}],"yoast_head":"<!-- This site is optimized with the Yoast SEO plugin v28.4 - https:\/\/yoast.com\/product\/yoast-seo-wordpress\/ -->\n<title>Como se reportan las cesant\u00edas en la Informaci\u00f3n ex\u00f3gena del a\u00f1o gravable 2017 - Contadores P\u00fablicos<\/title>\n<meta name=\"robots\" content=\"index, follow, max-snippet:-1, max-image-preview:large, max-video-preview:-1\" \/>\n<link rel=\"canonical\" href=\"https:\/\/contadoreshoy.com\/?p=10855\" \/>\n<meta property=\"og:locale\" content=\"es_ES\" \/>\n<meta property=\"og:type\" content=\"article\" \/>\n<meta property=\"og:title\" content=\"Como se reportan las cesant\u00edas en la Informaci\u00f3n ex\u00f3gena del a\u00f1o gravable 2017 - Contadores P\u00fablicos\" \/>\n<meta property=\"og:description\" content=\"&nbsp; Las cesant\u00edas que se deben reportar en los formatos 1001 y 2276, por el a\u00f1o gravable 2017, son las efectivamente pagadas por el empleador y no las causadas ni&#046;&#046;&#046;\" \/>\n<meta property=\"og:url\" content=\"https:\/\/contadoreshoy.com\/?p=10855\" \/>\n<meta property=\"og:site_name\" content=\"Contadores P\u00fablicos\" \/>\n<meta property=\"article:publisher\" content=\"https:\/\/www.facebook.com\/CCCPBucaramanga\/\" \/>\n<meta property=\"article:published_time\" content=\"2018-04-29T22:17:03+00:00\" \/>\n<meta property=\"article:modified_time\" content=\"2018-04-30T01:20:38+00:00\" \/>\n<meta property=\"og:image\" content=\"https:\/\/contadoreshoy.com\/wp-content\/uploads\/2017\/02\/Reforma-Tributaria-1.gif\" \/>\n\t<meta property=\"og:image:width\" content=\"600\" \/>\n\t<meta property=\"og:image:height\" content=\"400\" \/>\n\t<meta property=\"og:image:type\" content=\"image\/gif\" \/>\n<meta name=\"author\" content=\"Miguel Antonio M\u00e1rquez Monta\u00f1ez\" \/>\n<meta name=\"twitter:card\" content=\"summary_large_image\" \/>\n<meta name=\"twitter:label1\" content=\"Escrito por\" \/>\n\t<meta name=\"twitter:data1\" content=\"Miguel Antonio M\u00e1rquez Monta\u00f1ez\" \/>\n\t<meta name=\"twitter:label2\" content=\"Tiempo de lectura\" \/>\n\t<meta name=\"twitter:data2\" content=\"7 minutos\" \/>\n<script type=\"application\/ld+json\" class=\"yoast-schema-graph\">{\"@context\":\"https:\\\/\\\/schema.org\",\"@graph\":[{\"@type\":\"Article\",\"@id\":\"https:\\\/\\\/contadoreshoy.com\\\/?p=10855#article\",\"isPartOf\":{\"@id\":\"https:\\\/\\\/contadoreshoy.com\\\/?p=10855\"},\"author\":{\"name\":\"Miguel Antonio M\u00e1rquez Monta\u00f1ez\",\"@id\":\"https:\\\/\\\/contadoreshoy.com\\\/#\\\/schema\\\/person\\\/96d8979cb865537c5dc9345e40089fc5\"},\"headline\":\"Como se reportan las cesant\u00edas en la Informaci\u00f3n ex\u00f3gena del a\u00f1o gravable 2017\",\"datePublished\":\"2018-04-29T22:17:03+00:00\",\"dateModified\":\"2018-04-30T01:20:38+00:00\",\"mainEntityOfPage\":{\"@id\":\"https:\\\/\\\/contadoreshoy.com\\\/?p=10855\"},\"wordCount\":1446,\"publisher\":{\"@id\":\"https:\\\/\\\/contadoreshoy.com\\\/#organization\"},\"image\":{\"@id\":\"https:\\\/\\\/contadoreshoy.com\\\/?p=10855#primaryimage\"},\"thumbnailUrl\":\"https:\\\/\\\/contadoreshoy.com\\\/wp-content\\\/uploads\\\/2017\\\/02\\\/Reforma-Tributaria-1.gif\",\"articleSection\":{\"1\":\"Ultimas Noticias\",\"2\":\"Uncategorized\"},\"inLanguage\":\"es\"},{\"@type\":\"WebPage\",\"@id\":\"https:\\\/\\\/contadoreshoy.com\\\/?p=10855\",\"url\":\"https:\\\/\\\/contadoreshoy.com\\\/?p=10855\",\"name\":\"Como se reportan las cesant\u00edas en la Informaci\u00f3n ex\u00f3gena del a\u00f1o gravable 2017 - Contadores P\u00fablicos\",\"isPartOf\":{\"@id\":\"https:\\\/\\\/contadoreshoy.com\\\/#website\"},\"primaryImageOfPage\":{\"@id\":\"https:\\\/\\\/contadoreshoy.com\\\/?p=10855#primaryimage\"},\"image\":{\"@id\":\"https:\\\/\\\/contadoreshoy.com\\\/?p=10855#primaryimage\"},\"thumbnailUrl\":\"https:\\\/\\\/contadoreshoy.com\\\/wp-content\\\/uploads\\\/2017\\\/02\\\/Reforma-Tributaria-1.gif\",\"datePublished\":\"2018-04-29T22:17:03+00:00\",\"dateModified\":\"2018-04-30T01:20:38+00:00\",\"breadcrumb\":{\"@id\":\"https:\\\/\\\/contadoreshoy.com\\\/?p=10855#breadcrumb\"},\"inLanguage\":\"es\",\"potentialAction\":[{\"@type\":\"ReadAction\",\"target\":[\"https:\\\/\\\/contadoreshoy.com\\\/?p=10855\"]}]},{\"@type\":\"ImageObject\",\"inLanguage\":\"es\",\"@id\":\"https:\\\/\\\/contadoreshoy.com\\\/?p=10855#primaryimage\",\"url\":\"https:\\\/\\\/contadoreshoy.com\\\/wp-content\\\/uploads\\\/2017\\\/02\\\/Reforma-Tributaria-1.gif\",\"contentUrl\":\"https:\\\/\\\/contadoreshoy.com\\\/wp-content\\\/uploads\\\/2017\\\/02\\\/Reforma-Tributaria-1.gif\",\"width\":600,\"height\":400},{\"@type\":\"BreadcrumbList\",\"@id\":\"https:\\\/\\\/contadoreshoy.com\\\/?p=10855#breadcrumb\",\"itemListElement\":[{\"@type\":\"ListItem\",\"position\":1,\"name\":\"Portada\",\"item\":\"https:\\\/\\\/contadoreshoy.com\\\/\"},{\"@type\":\"ListItem\",\"position\":2,\"name\":\"Como se reportan las cesant\u00edas en la Informaci\u00f3n ex\u00f3gena del a\u00f1o gravable 2017\"}]},{\"@type\":\"WebSite\",\"@id\":\"https:\\\/\\\/contadoreshoy.com\\\/#website\",\"url\":\"https:\\\/\\\/contadoreshoy.com\\\/\",\"name\":\"Contadorespublicossantander\",\"description\":\"Portal para Contadores P\u00fablicos y empresarios\",\"publisher\":{\"@id\":\"https:\\\/\\\/contadoreshoy.com\\\/#organization\"},\"potentialAction\":[{\"@type\":\"SearchAction\",\"target\":{\"@type\":\"EntryPoint\",\"urlTemplate\":\"https:\\\/\\\/contadoreshoy.com\\\/?s={search_term_string}\"},\"query-input\":{\"@type\":\"PropertyValueSpecification\",\"valueRequired\":true,\"valueName\":\"search_term_string\"}}],\"inLanguage\":\"es\"},{\"@type\":\"Organization\",\"@id\":\"https:\\\/\\\/contadoreshoy.com\\\/#organization\",\"name\":\"Contadores P\u00fablicos de Santander\",\"url\":\"https:\\\/\\\/contadoreshoy.com\\\/\",\"logo\":{\"@type\":\"ImageObject\",\"inLanguage\":\"es\",\"@id\":\"https:\\\/\\\/contadoreshoy.com\\\/#\\\/schema\\\/logo\\\/image\\\/\",\"url\":\"https:\\\/\\\/contadoreshoy.com\\\/wp-content\\\/uploads\\\/2024\\\/01\\\/cropped-cropped-Copia-de-M-1.jpg\",\"contentUrl\":\"https:\\\/\\\/contadoreshoy.com\\\/wp-content\\\/uploads\\\/2024\\\/01\\\/cropped-cropped-Copia-de-M-1.jpg\",\"width\":499,\"height\":500,\"caption\":\"Contadores P\u00fablicos de Santander\"},\"image\":{\"@id\":\"https:\\\/\\\/contadoreshoy.com\\\/#\\\/schema\\\/logo\\\/image\\\/\"},\"sameAs\":[\"https:\\\/\\\/www.facebook.com\\\/CCCPBucaramanga\\\/\"]},{\"@type\":\"Person\",\"@id\":\"https:\\\/\\\/contadoreshoy.com\\\/#\\\/schema\\\/person\\\/96d8979cb865537c5dc9345e40089fc5\",\"name\":\"Miguel Antonio M\u00e1rquez Monta\u00f1ez\",\"description\":\"Contador P\u00fablico egresado de la Universidad Aut\u00f3noma de Bucaramanga - Asesor contable tributario con m\u00e1s de 25 a\u00f1os de experiencia - Conferencista en temas contables y tributarios - T\u00e9cnico en Hardware y Dise\u00f1o Web - Creador y director Grupo de Estudio Colegio Colombiano de Contadores P\u00fablicos de Bucaramanga - Creador y Master Web p\u00e1gina www.contadoresp\u00fablicossantander.com - Expresidente Colegio Colombiano de Contadores P\u00fablicos Bucaramanga\",\"url\":\"https:\\\/\\\/contadoreshoy.com\\\/?author=1\"}]}<\/script>\n<!-- \/ Yoast SEO plugin. -->","yoast_head_json":{"title":"Como se reportan las cesant\u00edas en la Informaci\u00f3n ex\u00f3gena del a\u00f1o gravable 2017 - Contadores P\u00fablicos","robots":{"index":"index","follow":"follow","max-snippet":"max-snippet:-1","max-image-preview":"max-image-preview:large","max-video-preview":"max-video-preview:-1"},"canonical":"https:\/\/contadoreshoy.com\/?p=10855","og_locale":"es_ES","og_type":"article","og_title":"Como se reportan las cesant\u00edas en la Informaci\u00f3n ex\u00f3gena del a\u00f1o gravable 2017 - Contadores P\u00fablicos","og_description":"&nbsp; Las cesant\u00edas que se deben reportar en los formatos 1001 y 2276, por el a\u00f1o gravable 2017, son las efectivamente pagadas por el empleador y no las causadas ni&#46;&#46;&#46;","og_url":"https:\/\/contadoreshoy.com\/?p=10855","og_site_name":"Contadores P\u00fablicos","article_publisher":"https:\/\/www.facebook.com\/CCCPBucaramanga\/","article_published_time":"2018-04-29T22:17:03+00:00","article_modified_time":"2018-04-30T01:20:38+00:00","og_image":[{"width":600,"height":400,"url":"https:\/\/contadoreshoy.com\/wp-content\/uploads\/2017\/02\/Reforma-Tributaria-1.gif","type":"image\/gif"}],"author":"Miguel Antonio M\u00e1rquez Monta\u00f1ez","twitter_card":"summary_large_image","twitter_misc":{"Escrito por":"Miguel Antonio M\u00e1rquez Monta\u00f1ez","Tiempo de lectura":"7 minutos"},"schema":{"@context":"https:\/\/schema.org","@graph":[{"@type":"Article","@id":"https:\/\/contadoreshoy.com\/?p=10855#article","isPartOf":{"@id":"https:\/\/contadoreshoy.com\/?p=10855"},"author":{"name":"Miguel Antonio M\u00e1rquez Monta\u00f1ez","@id":"https:\/\/contadoreshoy.com\/#\/schema\/person\/96d8979cb865537c5dc9345e40089fc5"},"headline":"Como se reportan las cesant\u00edas en la Informaci\u00f3n ex\u00f3gena del a\u00f1o gravable 2017","datePublished":"2018-04-29T22:17:03+00:00","dateModified":"2018-04-30T01:20:38+00:00","mainEntityOfPage":{"@id":"https:\/\/contadoreshoy.com\/?p=10855"},"wordCount":1446,"publisher":{"@id":"https:\/\/contadoreshoy.com\/#organization"},"image":{"@id":"https:\/\/contadoreshoy.com\/?p=10855#primaryimage"},"thumbnailUrl":"https:\/\/contadoreshoy.com\/wp-content\/uploads\/2017\/02\/Reforma-Tributaria-1.gif","articleSection":{"1":"Ultimas Noticias","2":"Uncategorized"},"inLanguage":"es"},{"@type":"WebPage","@id":"https:\/\/contadoreshoy.com\/?p=10855","url":"https:\/\/contadoreshoy.com\/?p=10855","name":"Como se reportan las cesant\u00edas en la Informaci\u00f3n ex\u00f3gena del a\u00f1o gravable 2017 - Contadores P\u00fablicos","isPartOf":{"@id":"https:\/\/contadoreshoy.com\/#website"},"primaryImageOfPage":{"@id":"https:\/\/contadoreshoy.com\/?p=10855#primaryimage"},"image":{"@id":"https:\/\/contadoreshoy.com\/?p=10855#primaryimage"},"thumbnailUrl":"https:\/\/contadoreshoy.com\/wp-content\/uploads\/2017\/02\/Reforma-Tributaria-1.gif","datePublished":"2018-04-29T22:17:03+00:00","dateModified":"2018-04-30T01:20:38+00:00","breadcrumb":{"@id":"https:\/\/contadoreshoy.com\/?p=10855#breadcrumb"},"inLanguage":"es","potentialAction":[{"@type":"ReadAction","target":["https:\/\/contadoreshoy.com\/?p=10855"]}]},{"@type":"ImageObject","inLanguage":"es","@id":"https:\/\/contadoreshoy.com\/?p=10855#primaryimage","url":"https:\/\/contadoreshoy.com\/wp-content\/uploads\/2017\/02\/Reforma-Tributaria-1.gif","contentUrl":"https:\/\/contadoreshoy.com\/wp-content\/uploads\/2017\/02\/Reforma-Tributaria-1.gif","width":600,"height":400},{"@type":"BreadcrumbList","@id":"https:\/\/contadoreshoy.com\/?p=10855#breadcrumb","itemListElement":[{"@type":"ListItem","position":1,"name":"Portada","item":"https:\/\/contadoreshoy.com\/"},{"@type":"ListItem","position":2,"name":"Como se reportan las cesant\u00edas en la Informaci\u00f3n ex\u00f3gena del a\u00f1o gravable 2017"}]},{"@type":"WebSite","@id":"https:\/\/contadoreshoy.com\/#website","url":"https:\/\/contadoreshoy.com\/","name":"Contadorespublicossantander","description":"Portal para Contadores P\u00fablicos y empresarios","publisher":{"@id":"https:\/\/contadoreshoy.com\/#organization"},"potentialAction":[{"@type":"SearchAction","target":{"@type":"EntryPoint","urlTemplate":"https:\/\/contadoreshoy.com\/?s={search_term_string}"},"query-input":{"@type":"PropertyValueSpecification","valueRequired":true,"valueName":"search_term_string"}}],"inLanguage":"es"},{"@type":"Organization","@id":"https:\/\/contadoreshoy.com\/#organization","name":"Contadores P\u00fablicos de Santander","url":"https:\/\/contadoreshoy.com\/","logo":{"@type":"ImageObject","inLanguage":"es","@id":"https:\/\/contadoreshoy.com\/#\/schema\/logo\/image\/","url":"https:\/\/contadoreshoy.com\/wp-content\/uploads\/2024\/01\/cropped-cropped-Copia-de-M-1.jpg","contentUrl":"https:\/\/contadoreshoy.com\/wp-content\/uploads\/2024\/01\/cropped-cropped-Copia-de-M-1.jpg","width":499,"height":500,"caption":"Contadores P\u00fablicos de Santander"},"image":{"@id":"https:\/\/contadoreshoy.com\/#\/schema\/logo\/image\/"},"sameAs":["https:\/\/www.facebook.com\/CCCPBucaramanga\/"]},{"@type":"Person","@id":"https:\/\/contadoreshoy.com\/#\/schema\/person\/96d8979cb865537c5dc9345e40089fc5","name":"Miguel Antonio M\u00e1rquez Monta\u00f1ez","description":"Contador P\u00fablico egresado de la Universidad Aut\u00f3noma de Bucaramanga - Asesor contable tributario con m\u00e1s de 25 a\u00f1os de experiencia - Conferencista en temas contables y tributarios - T\u00e9cnico en Hardware y Dise\u00f1o Web - Creador y director Grupo de Estudio Colegio Colombiano de Contadores P\u00fablicos de Bucaramanga - Creador y Master Web p\u00e1gina www.contadoresp\u00fablicossantander.com - Expresidente Colegio Colombiano de Contadores P\u00fablicos Bucaramanga","url":"https:\/\/contadoreshoy.com\/?author=1"}]}},"_links":{"self":[{"href":"https:\/\/contadoreshoy.com\/index.php?rest_route=\/wp\/v2\/posts\/10855","targetHints":{"allow":["GET"]}}],"collection":[{"href":"https:\/\/contadoreshoy.com\/index.php?rest_route=\/wp\/v2\/posts"}],"about":[{"href":"https:\/\/contadoreshoy.com\/index.php?rest_route=\/wp\/v2\/types\/post"}],"author":[{"embeddable":true,"href":"https:\/\/contadoreshoy.com\/index.php?rest_route=\/wp\/v2\/users\/1"}],"replies":[{"embeddable":true,"href":"https:\/\/contadoreshoy.com\/index.php?rest_route=%2Fwp%2Fv2%2Fcomments&post=10855"}],"version-history":[{"count":6,"href":"https:\/\/contadoreshoy.com\/index.php?rest_route=\/wp\/v2\/posts\/10855\/revisions"}],"predecessor-version":[{"id":10864,"href":"https:\/\/contadoreshoy.com\/index.php?rest_route=\/wp\/v2\/posts\/10855\/revisions\/10864"}],"wp:featuredmedia":[{"embeddable":true,"href":"https:\/\/contadoreshoy.com\/index.php?rest_route=\/wp\/v2\/media\/8878"}],"wp:attachment":[{"href":"https:\/\/contadoreshoy.com\/index.php?rest_route=%2Fwp%2Fv2%2Fmedia&parent=10855"}],"wp:term":[{"taxonomy":"category","embeddable":true,"href":"https:\/\/contadoreshoy.com\/index.php?rest_route=%2Fwp%2Fv2%2Fcategories&post=10855"},{"taxonomy":"post_tag","embeddable":true,"href":"https:\/\/contadoreshoy.com\/index.php?rest_route=%2Fwp%2Fv2%2Ftags&post=10855"}],"curies":[{"name":"wp","href":"https:\/\/api.w.org\/{rel}","templated":true}]}}