{"id":10860,"date":"2018-04-29T19:57:06","date_gmt":"2018-04-30T00:57:06","guid":{"rendered":"https:\/\/contadoreshoy.com\/?p=10860"},"modified":"2018-04-29T19:57:06","modified_gmt":"2018-04-30T00:57:06","slug":"pasa-las-esal-no-efectuen-la-solicitud-calificacion-abril-30-2018-sean-excluidas","status":"publish","type":"post","link":"https:\/\/contadoreshoy.com\/?p=10860","title":{"rendered":"Que pasa con las ESAL que no efectuen la solicitud de calificaci\u00f3n a abril 30 de 2018, o sean excluidas ?"},"content":{"rendered":"<p style=\"text-align: center;\"><span style=\"font-size: 14pt;\"><strong>CONSECUENCIAS DE LA EXCLUSI\u00d3N DEL R\u00c9GIMEN TRIBUTARIO ESPECIAL Y DE NO SOLICITAR LA RESPECTIVA CALIFICACI\u00d3N<\/strong><\/span><\/p>\n<p>&nbsp;<\/p>\n<p style=\"text-align: justify;\"><span style=\"font-size: 14pt;\"><strong>De acuerdo al art\u00edculo 1.2.1.5.1.46 del Decreto 2150 de diciembre 20 de 2017 tenemos 4 casos:<\/strong><\/span><\/p>\n<p style=\"text-align: justify;\"><strong><span style=\"color: #0000ff;\">Entidades sin \u00e1nimo de lucro que hayan sido excluidas del R\u00e9gimen Tributario Especial:<\/span><\/strong><\/p>\n<p style=\"text-align: justify;\">Podr\u00e1n solicitar su calificaci\u00f3n nuevamente pasados tres (3) a\u00f1os desde su exclusi\u00f3n,&nbsp;t\u00e9rmino que se empezar\u00e1 a contar una vez en firme el acto administrativo, de conformidad con el art\u00edculo 87 del C\u00f3digo de Procedimiento Administrativo y de lo Contencioso.<\/p>\n<p style=\"text-align: justify;\"><strong><span style=\"color: #0000ff;\">Entidades sin \u00e1nimo de lucro cuando hayan sido excluidas por las causales del numeral 5 del art\u00edculo 1.2.1.5.1.44 del Decreto 2150 de 2017:<\/span><\/strong><\/p>\n<p style=\"text-align: justify;\">No se podr\u00e1 realizar una solicitud de calificaci\u00f3n, en consecuencia, se impedir\u00e1 su calificaci\u00f3n en el R\u00e9gimen Tributario Especial.<\/p>\n<blockquote><p><span style=\"font-size: 10pt;\"><em>\u00abTexto del numeral 5. del Art\u00edculo 1.2.1.5.1.44 del Decreto 2150 de 2017:<\/em><\/span><\/p>\n<p><span style=\"font-size: 10pt;\"><em>Art\u00edculo 1.2.1.5.1.44. Causales de exclusi\u00f3n de las entidades del R\u00e9gimen&nbsp;Tributario Especial.<\/em><\/span><\/p>\n<p><span style=\"font-size: 10pt;\"><em>5. Cuando alguno de los miembros de junta directiva, fundadores, representantes legales o miembros de \u00f3rganos de direcci\u00f3n:<\/em><\/span><\/p>\n<p><span style=\"font-size: 10pt;\"><em>5.1. Sean declarados responsables penalmente por delitos contra la administraci\u00f3n&nbsp;p\u00fablica, el orden econ\u00f3mico social y contra el patrimonio econ\u00f3mico, siempre&nbsp;y cuando los hechos hayan implicado la utilizaci\u00f3n de la entidad para la&nbsp;comisi\u00f3n del delito;<\/em><\/span><\/p>\n<p><span style=\"font-size: 10pt;\"><em>5.2. Sean sancionados con la declaraci\u00f3n de caducidad de un contrato celebrado&nbsp;con una entidad p\u00fablica, siempre y cuando los hechos hayan implicado la&nbsp;utilizaci\u00f3n de la entidad para la comisi\u00f3n de la conducta.\u00bb<\/em><\/span><\/p><\/blockquote>\n<p style=\"text-align: justify;\"><strong><span style=\"color: #0000ff;\">Cuando el contribuyente ha renunciado al R\u00e9gimen Tributario Especial:<\/span><\/strong><\/p>\n<p style=\"text-align: justify;\">El t\u00e9rmino de los tres (3) a\u00f1os no se aplicar\u00e1 en aquellos eventos en que el contribuyente haya renunciado al R\u00e9gimen Tributario Especial.<\/p>\n<p style=\"text-align: justify;\"><strong><span style=\"color: #0000ff;\">Entidades que no hayan efectuado el proceso de permanencia o actualizaci\u00f3n dentro de los plazos establecidos:<\/span><\/strong><\/p>\n<p style=\"text-align: justify;\">Para estos contribuyentes no operar\u00e1 el t\u00e9rmino de los tres (3) a\u00f1os.<\/p>\n<p>&nbsp;<\/p>\n<p style=\"text-align: center;\"><span style=\"font-size: 14pt;\"><strong>EFECTOS EN EL IMPUESTO SOBRE LA RENTA Y COMPLEMENTARIO&nbsp;<\/strong><\/span><\/p>\n<p>&nbsp;<\/p>\n<p style=\"text-align: justify;\"><strong><span style=\"color: #0000ff;\">Art\u00edculo 1.2.1.5.1.47. Efectos en el impuesto sobre la renta y complementario generados por la calificaci\u00f3n,. permanencia, actualizaci\u00f3n y exclusi\u00f3n del R\u00e9gimen Tributario Especial.<\/span><\/strong><\/p>\n<p style=\"text-align: justify;\"><span style=\"text-decoration: underline;\"><strong>Los contribuyentes establecidos en el art\u00edculo 1.2.1.5.1.2. de este Decreto, presentar\u00e1n la declaraci\u00f3n del impuesto de renta y complementario atendiendo a las siguientes reglas:<\/strong><\/span><\/p>\n<ol style=\"text-align: justify;\">\n<li><span style=\"color: #ff0000;\"><strong>Los contribuyentes constituidos a partir del primero (1\u00b0) de enero del a\u00f1o 2017<\/strong><\/span> tributar\u00e1n conforme con las normas establecidas para las sociedades nacionales, hasta el a\u00f1o gravable en que se obtenga su calificaci\u00f3n en el R\u00e9gimen Tributario Especial. Lo anterior, sin perjuicio de lo establecido en el par\u00e1grafo transitorio del art\u00edculo 1.2.1.5.1.10. de este Decreto.<\/li>\n<\/ol>\n<p style=\"text-align: justify;\">&nbsp;<\/p>\n<ol style=\"text-align: justify;\" start=\"2\">\n<li><strong><span style=\"color: #ff0000;\">Los contribuyentes de que tratan los Par\u00e1grafos transitorios 1 y 2 del art\u00edculo 19 del Estatuto Tributario, que no obtengan la permanencia<\/span><\/strong> en el R\u00e9gimen Tributario Especial, dentro de los t\u00e9rminos y plazos establecidos por la Unidad Administrativa . Especial Direcci\u00f3n de Impuestos y Aduanas Nacionales -DIAN, tributar\u00e1n conforme con las normas aplicables a las sociedades nacionales, a partir del a\u00f1o gravable del acto administrativo que los excluya del R\u00e9gimen Tributario Especial del impuesto sobre la renta y complementario est\u00e9 en firme en los t\u00e9rminos del art\u00edculo 87 del C\u00f3digo de Procedimiento Administrativo y de lo Contencioso.<\/li>\n<\/ol>\n<p style=\"text-align: justify;\">&nbsp;<\/p>\n<ol style=\"text-align: justify;\" start=\"3\">\n<li><u><strong><span style=\"color: #ff0000;\"> Los contribuyentes que no cumplan con las disposiciones que exigen la actualizaci\u00f3n<\/span><\/strong> de que trata el art\u00edculo 1.2.1.5.1.13. de este Decreto, tributar\u00e1n conforme con las normas aplicables a las sociedades nacionales a partir del a\u00f1o gravable en que no se realiz\u00f3 la actualizaci\u00f3n, siendo excluidos del R\u00e9gimen Tributario Especial del Impuesto sobre la renta y complementario.<\/u><\/li>\n<\/ol>\n<p style=\"text-align: justify;\">&nbsp;<\/p>\n<ol style=\"text-align: justify;\" start=\"4\">\n<li><strong><span style=\"color: #ff0000;\">Los contribuyentes que se excluyan en los t\u00e9rminos del art\u00edculo 1.2.1.5.1.45.<\/span><\/strong> de este Decreto tributar\u00e1n conforme con las normas aplicables a las sociedades nacionales a partir del a\u00f1o gravable en el cual se incumplan las condiciones para pertenecer al R\u00e9gimen Tributario Especial del impuesto sobre la renta y complementario y el acto administrativo est\u00e9 en firme en los t\u00e9rminos del art\u00edculo 87 del C\u00f3digo de Procedimiento Administrativo y de lo Contencioso.<\/li>\n<\/ol>\n<p style=\"text-align: justify;\">&nbsp;<\/p>\n<ol style=\"text-align: justify;\" start=\"5\">\n<li><strong><span style=\"color: #ff0000;\">Las entidades calificadas en el R\u00e9gimen Tributario Especial, que renuncien<\/span><\/strong> a este r\u00e9gimen, tributar\u00e1n conforme a las normas aplicables a las sociedades nacionales. la referida solicitud se entender\u00e1 resuelta a partir del a\u00f1o gravable en que se realice la actualizaci\u00f3n en el Registro \u00danico Tributario ~RUT, en r\u00e9gimen ordinario del impuesto sobre la renta y complementario. Lo anterior, sin que se requiera acto administrativo que as\u00ed lo indique.<\/li>\n<\/ol>\n<p style=\"text-align: justify;\">&nbsp;<\/p>\n<ol start=\"6\">\n<li style=\"text-align: justify;\"><strong><span style=\"color: #ff0000;\">Los sujetos a que se refiere el art\u00edculo 1.2.1.5.1.46. de este Decreto<\/span><\/strong>, tributar\u00e1n conforme a las normas establecidas para las sociedades nacionales, hasta el a\u00f1o gravable en que se obtenga su calificaci\u00f3n en el R\u00e9gimen Tributario Especial.<\/li>\n<\/ol>\n","protected":false},"excerpt":{"rendered":"<p>CONSECUENCIAS DE LA EXCLUSI\u00d3N DEL R\u00c9GIMEN TRIBUTARIO ESPECIAL Y DE NO SOLICITAR LA RESPECTIVA CALIFICACI\u00d3N &nbsp; De acuerdo al art\u00edculo 1.2.1.5.1.46 del Decreto 2150 de diciembre 20 de 2017 tenemos&#46;&#46;&#46;<\/p>\n","protected":false},"author":1,"featured_media":6182,"comment_status":"closed","ping_status":"open","sticky":false,"template":"","format":"standard","meta":{"_monsterinsights_skip_tracking":false,"ngg_post_thumbnail":0,"footnotes":"","_links_to":"","_links_to_target":""},"categories":[454,458,1],"tags":[],"class_list":["post-10860","post","type-post","status-publish","format-standard","has-post-thumbnail","hentry","category-sin-categoria","category-ultimas","category-uncategorized"],"aioseo_notices":[],"aioseo_head":"\n\t\t<!-- All in One SEO 5.0.1.1 - aioseo.com -->\n\t<meta name=\"description\" content=\"CONSECUENCIAS DE LA EXCLUSI\u00d3N DEL R\u00c9GIMEN TRIBUTARIO ESPECIAL Y DE NO SOLICITAR LA RESPECTIVA CALIFICACI\u00d3N De acuerdo al art\u00edculo 1.2.1.5.1.46 del Decreto 2150 de diciembre 20 de 2017 tenemos 4 casos: Entidades sin \u00e1nimo de lucro que hayan sido excluidas del R\u00e9gimen Tributario Especial: Podr\u00e1n solicitar su calificaci\u00f3n nuevamente pasados tres (3) a\u00f1os desde\" \/>\n\t<meta name=\"robots\" content=\"max-image-preview:large\" \/>\n\t<meta name=\"author\" content=\"Miguel Antonio M\u00e1rquez Monta\u00f1ez\"\/>\n\t<link rel=\"canonical\" href=\"https:\/\/contadoreshoy.com\/?p=10860\" \/>\n\t<meta name=\"generator\" content=\"All in One SEO (AIOSEO) 5.0.1.1\" \/>\n\t\t<meta property=\"og:locale\" content=\"es_ES\" \/>\n\t\t<meta property=\"og:site_name\" content=\"Contadores P\u00fablicos - Portal para Contadores P\u00fablicos y empresarios\" \/>\n\t\t<meta property=\"og:type\" content=\"article\" \/>\n\t\t<meta property=\"og:title\" content=\"Que pasa con las ESAL que no efectuen la solicitud de calificaci\u00f3n a abril 30 de 2018, o sean excluidas ? - Contadores P\u00fablicos\" \/>\n\t\t<meta property=\"og:description\" content=\"CONSECUENCIAS DE LA EXCLUSI\u00d3N DEL R\u00c9GIMEN TRIBUTARIO ESPECIAL Y DE NO SOLICITAR LA RESPECTIVA CALIFICACI\u00d3N De acuerdo al art\u00edculo 1.2.1.5.1.46 del Decreto 2150 de diciembre 20 de 2017 tenemos 4 casos: Entidades sin \u00e1nimo de lucro que hayan sido excluidas del R\u00e9gimen Tributario Especial: Podr\u00e1n solicitar su calificaci\u00f3n nuevamente pasados tres (3) a\u00f1os desde\" \/>\n\t\t<meta property=\"og:url\" content=\"https:\/\/contadoreshoy.com\/?p=10860\" \/>\n\t\t<meta property=\"og:image\" content=\"https:\/\/contadoreshoy.com\/wp-content\/uploads\/2024\/01\/cropped-cropped-cropped-Copia-de-M.jpg\" \/>\n\t\t<meta property=\"og:image:secure_url\" content=\"https:\/\/contadoreshoy.com\/wp-content\/uploads\/2024\/01\/cropped-cropped-cropped-Copia-de-M.jpg\" \/>\n\t\t<meta property=\"og:image:width\" content=\"512\" \/>\n\t\t<meta property=\"og:image:height\" content=\"371\" \/>\n\t\t<meta property=\"article:published_time\" content=\"2018-04-30T00:57:06+00:00\" \/>\n\t\t<meta property=\"article:modified_time\" content=\"2018-04-30T00:57:06+00:00\" \/>\n\t\t<meta name=\"twitter:card\" content=\"summary_large_image\" \/>\n\t\t<meta name=\"twitter:title\" content=\"Que pasa con las ESAL que no efectuen la solicitud de calificaci\u00f3n a abril 30 de 2018, o sean excluidas ? - Contadores P\u00fablicos\" \/>\n\t\t<meta name=\"twitter:description\" content=\"CONSECUENCIAS DE LA EXCLUSI\u00d3N DEL R\u00c9GIMEN TRIBUTARIO ESPECIAL Y DE NO SOLICITAR LA RESPECTIVA CALIFICACI\u00d3N De acuerdo al art\u00edculo 1.2.1.5.1.46 del Decreto 2150 de diciembre 20 de 2017 tenemos 4 casos: Entidades sin \u00e1nimo de lucro que hayan sido excluidas del R\u00e9gimen Tributario Especial: Podr\u00e1n solicitar su calificaci\u00f3n nuevamente pasados tres (3) a\u00f1os desde\" \/>\n\t\t<meta name=\"twitter:image\" content=\"https:\/\/contadoreshoy.com\/wp-content\/uploads\/2024\/01\/cropped-cropped-cropped-Copia-de-M.jpg\" \/>\n\t\t<script type=\"application\/ld+json\" class=\"aioseo-schema\">\n\t\t\t{\"@context\":\"https:\\\/\\\/schema.org\",\"@graph\":[{\"@type\":\"BlogPosting\",\"@id\":\"https:\\\/\\\/contadoreshoy.com\\\/?p=10860#blogposting\",\"name\":\"Que pasa con las ESAL que no efectuen la solicitud de calificaci\\u00f3n a abril 30 de 2018, o sean excluidas ? - Contadores P\\u00fablicos\",\"headline\":\"Que pasa con las ESAL que no efectuen la solicitud de calificaci\\u00f3n a abril 30 de 2018, o sean excluidas ?\",\"author\":{\"@id\":\"https:\\\/\\\/contadoreshoy.com\\\/?author=1#author\"},\"publisher\":{\"@id\":\"https:\\\/\\\/contadoreshoy.com\\\/#organization\"},\"image\":{\"@type\":\"ImageObject\",\"url\":\"https:\\\/\\\/contadoreshoy.com\\\/wp-content\\\/uploads\\\/2015\\\/10\\\/agua.jpg\",\"width\":600,\"height\":400},\"datePublished\":\"2018-04-29T19:57:06-05:00\",\"dateModified\":\"2018-04-29T19:57:06-05:00\",\"inLanguage\":\"es-ES\",\"mainEntityOfPage\":{\"@id\":\"https:\\\/\\\/contadoreshoy.com\\\/?p=10860#webpage\"},\"isPartOf\":{\"@id\":\"https:\\\/\\\/contadoreshoy.com\\\/?p=10860#webpage\"},\"articleSection\":\"Sin categor\\u00eda, Ultimas Noticias, Uncategorized\"},{\"@type\":\"BreadcrumbList\",\"@id\":\"https:\\\/\\\/contadoreshoy.com\\\/?p=10860#breadcrumblist\",\"itemListElement\":[{\"@type\":\"ListItem\",\"@id\":\"https:\\\/\\\/contadoreshoy.com#listItem\",\"position\":1,\"name\":\"Home\",\"item\":\"https:\\\/\\\/contadoreshoy.com\",\"nextItem\":{\"@type\":\"ListItem\",\"@id\":\"https:\\\/\\\/contadoreshoy.com\\\/?cat=1#listItem\",\"name\":\"Uncategorized\"}},{\"@type\":\"ListItem\",\"@id\":\"https:\\\/\\\/contadoreshoy.com\\\/?cat=1#listItem\",\"position\":2,\"name\":\"Uncategorized\",\"item\":\"https:\\\/\\\/contadoreshoy.com\\\/?cat=1\",\"nextItem\":{\"@type\":\"ListItem\",\"@id\":\"https:\\\/\\\/contadoreshoy.com\\\/?p=10860#listItem\",\"name\":\"Que pasa con las ESAL que no efectuen la solicitud de calificaci\\u00f3n a abril 30 de 2018, o sean excluidas ?\"},\"previousItem\":{\"@type\":\"ListItem\",\"@id\":\"https:\\\/\\\/contadoreshoy.com#listItem\",\"name\":\"Home\"}},{\"@type\":\"ListItem\",\"@id\":\"https:\\\/\\\/contadoreshoy.com\\\/?p=10860#listItem\",\"position\":3,\"name\":\"Que pasa con las ESAL que no efectuen la solicitud de calificaci\\u00f3n a abril 30 de 2018, o sean excluidas ?\",\"previousItem\":{\"@type\":\"ListItem\",\"@id\":\"https:\\\/\\\/contadoreshoy.com\\\/?cat=1#listItem\",\"name\":\"Uncategorized\"}}]},{\"@type\":\"Organization\",\"@id\":\"https:\\\/\\\/contadoreshoy.com\\\/#organization\",\"name\":\"Contadores P\\u00fablicos\",\"description\":\"Portal para Contadores P\\u00fablicos y empresarios\",\"url\":\"https:\\\/\\\/contadoreshoy.com\\\/\",\"logo\":{\"@type\":\"ImageObject\",\"url\":\"https:\\\/\\\/contadoreshoy.com\\\/wp-content\\\/uploads\\\/2024\\\/01\\\/cropped-cropped-Copia-de-M-1.jpg\",\"@id\":\"https:\\\/\\\/contadoreshoy.com\\\/?p=10860\\\/#organizationLogo\",\"width\":499,\"height\":500},\"image\":{\"@id\":\"https:\\\/\\\/contadoreshoy.com\\\/?p=10860\\\/#organizationLogo\"}},{\"@type\":\"Person\",\"@id\":\"https:\\\/\\\/contadoreshoy.com\\\/?author=1#author\",\"url\":\"https:\\\/\\\/contadoreshoy.com\\\/?author=1\",\"name\":\"Miguel Antonio M\\u00e1rquez Monta\\u00f1ez\"},{\"@type\":\"WebPage\",\"@id\":\"https:\\\/\\\/contadoreshoy.com\\\/?p=10860#webpage\",\"url\":\"https:\\\/\\\/contadoreshoy.com\\\/?p=10860\",\"name\":\"Que pasa con las ESAL que no efectuen la solicitud de calificaci\\u00f3n a abril 30 de 2018, o sean excluidas ? - Contadores P\\u00fablicos\",\"description\":\"CONSECUENCIAS DE LA EXCLUSI\\u00d3N DEL R\\u00c9GIMEN TRIBUTARIO ESPECIAL Y DE NO SOLICITAR LA RESPECTIVA CALIFICACI\\u00d3N De acuerdo al art\\u00edculo 1.2.1.5.1.46 del Decreto 2150 de diciembre 20 de 2017 tenemos 4 casos: Entidades sin \\u00e1nimo de lucro que hayan sido excluidas del R\\u00e9gimen Tributario Especial: Podr\\u00e1n solicitar su calificaci\\u00f3n nuevamente pasados tres (3) a\\u00f1os desde\",\"inLanguage\":\"es-ES\",\"isPartOf\":{\"@id\":\"https:\\\/\\\/contadoreshoy.com\\\/#website\"},\"breadcrumb\":{\"@id\":\"https:\\\/\\\/contadoreshoy.com\\\/?p=10860#breadcrumblist\"},\"author\":{\"@id\":\"https:\\\/\\\/contadoreshoy.com\\\/?author=1#author\"},\"creator\":{\"@id\":\"https:\\\/\\\/contadoreshoy.com\\\/?author=1#author\"},\"image\":{\"@type\":\"ImageObject\",\"url\":\"https:\\\/\\\/contadoreshoy.com\\\/wp-content\\\/uploads\\\/2015\\\/10\\\/agua.jpg\",\"@id\":\"https:\\\/\\\/contadoreshoy.com\\\/?p=10860\\\/#mainImage\",\"width\":600,\"height\":400},\"primaryImageOfPage\":{\"@id\":\"https:\\\/\\\/contadoreshoy.com\\\/?p=10860#mainImage\"},\"datePublished\":\"2018-04-29T19:57:06-05:00\",\"dateModified\":\"2018-04-29T19:57:06-05:00\"},{\"@type\":\"WebSite\",\"@id\":\"https:\\\/\\\/contadoreshoy.com\\\/#website\",\"url\":\"https:\\\/\\\/contadoreshoy.com\\\/\",\"name\":\"Contadores P\\u00fablicos\",\"description\":\"Portal para Contadores P\\u00fablicos y empresarios\",\"inLanguage\":\"es-ES\",\"publisher\":{\"@id\":\"https:\\\/\\\/contadoreshoy.com\\\/#organization\"}}]}\n\t\t<\/script>\n\t\t<!-- All in One SEO -->\n\n","aioseo_head_json":{"title":"Que pasa con las ESAL que no efectuen la solicitud de calificaci\u00f3n a abril 30 de 2018, o sean excluidas ? - Contadores P\u00fablicos","description":"CONSECUENCIAS DE LA EXCLUSI\u00d3N DEL R\u00c9GIMEN TRIBUTARIO ESPECIAL Y DE NO SOLICITAR LA RESPECTIVA CALIFICACI\u00d3N De acuerdo al art\u00edculo 1.2.1.5.1.46 del Decreto 2150 de diciembre 20 de 2017 tenemos 4 casos: Entidades sin \u00e1nimo de lucro que hayan sido excluidas del R\u00e9gimen Tributario Especial: Podr\u00e1n solicitar su calificaci\u00f3n nuevamente pasados tres (3) a\u00f1os desde","canonical_url":"https:\/\/contadoreshoy.com\/?p=10860","robots":"max-image-preview:large","keywords":"","webmasterTools":{"miscellaneous":""},"schema":{"@context":"https:\/\/schema.org","@graph":[{"@type":"BlogPosting","@id":"https:\/\/contadoreshoy.com\/?p=10860#blogposting","name":"Que pasa con las ESAL que no efectuen la solicitud de calificaci\u00f3n a abril 30 de 2018, o sean excluidas ? - Contadores P\u00fablicos","headline":"Que pasa con las ESAL que no efectuen la solicitud de calificaci\u00f3n a abril 30 de 2018, o sean excluidas ?","author":{"@id":"https:\/\/contadoreshoy.com\/?author=1#author"},"publisher":{"@id":"https:\/\/contadoreshoy.com\/#organization"},"image":{"@type":"ImageObject","url":"https:\/\/contadoreshoy.com\/wp-content\/uploads\/2015\/10\/agua.jpg","width":600,"height":400},"datePublished":"2018-04-29T19:57:06-05:00","dateModified":"2018-04-29T19:57:06-05:00","inLanguage":"es-ES","mainEntityOfPage":{"@id":"https:\/\/contadoreshoy.com\/?p=10860#webpage"},"isPartOf":{"@id":"https:\/\/contadoreshoy.com\/?p=10860#webpage"},"articleSection":"Sin categor\u00eda, Ultimas Noticias, Uncategorized"},{"@type":"BreadcrumbList","@id":"https:\/\/contadoreshoy.com\/?p=10860#breadcrumblist","itemListElement":[{"@type":"ListItem","@id":"https:\/\/contadoreshoy.com#listItem","position":1,"name":"Home","item":"https:\/\/contadoreshoy.com","nextItem":{"@type":"ListItem","@id":"https:\/\/contadoreshoy.com\/?cat=1#listItem","name":"Uncategorized"}},{"@type":"ListItem","@id":"https:\/\/contadoreshoy.com\/?cat=1#listItem","position":2,"name":"Uncategorized","item":"https:\/\/contadoreshoy.com\/?cat=1","nextItem":{"@type":"ListItem","@id":"https:\/\/contadoreshoy.com\/?p=10860#listItem","name":"Que pasa con las ESAL que no efectuen la solicitud de calificaci\u00f3n a abril 30 de 2018, o sean excluidas ?"},"previousItem":{"@type":"ListItem","@id":"https:\/\/contadoreshoy.com#listItem","name":"Home"}},{"@type":"ListItem","@id":"https:\/\/contadoreshoy.com\/?p=10860#listItem","position":3,"name":"Que pasa con las ESAL que no efectuen la solicitud de calificaci\u00f3n a abril 30 de 2018, o sean excluidas ?","previousItem":{"@type":"ListItem","@id":"https:\/\/contadoreshoy.com\/?cat=1#listItem","name":"Uncategorized"}}]},{"@type":"Organization","@id":"https:\/\/contadoreshoy.com\/#organization","name":"Contadores P\u00fablicos","description":"Portal para Contadores P\u00fablicos y empresarios","url":"https:\/\/contadoreshoy.com\/","logo":{"@type":"ImageObject","url":"https:\/\/contadoreshoy.com\/wp-content\/uploads\/2024\/01\/cropped-cropped-Copia-de-M-1.jpg","@id":"https:\/\/contadoreshoy.com\/?p=10860\/#organizationLogo","width":499,"height":500},"image":{"@id":"https:\/\/contadoreshoy.com\/?p=10860\/#organizationLogo"}},{"@type":"Person","@id":"https:\/\/contadoreshoy.com\/?author=1#author","url":"https:\/\/contadoreshoy.com\/?author=1","name":"Miguel Antonio M\u00e1rquez Monta\u00f1ez"},{"@type":"WebPage","@id":"https:\/\/contadoreshoy.com\/?p=10860#webpage","url":"https:\/\/contadoreshoy.com\/?p=10860","name":"Que pasa con las ESAL que no efectuen la solicitud de calificaci\u00f3n a abril 30 de 2018, o sean excluidas ? - Contadores P\u00fablicos","description":"CONSECUENCIAS DE LA EXCLUSI\u00d3N DEL R\u00c9GIMEN TRIBUTARIO ESPECIAL Y DE NO SOLICITAR LA RESPECTIVA CALIFICACI\u00d3N De acuerdo al art\u00edculo 1.2.1.5.1.46 del Decreto 2150 de diciembre 20 de 2017 tenemos 4 casos: Entidades sin \u00e1nimo de lucro que hayan sido excluidas del R\u00e9gimen Tributario Especial: Podr\u00e1n solicitar su calificaci\u00f3n nuevamente pasados tres (3) a\u00f1os desde","inLanguage":"es-ES","isPartOf":{"@id":"https:\/\/contadoreshoy.com\/#website"},"breadcrumb":{"@id":"https:\/\/contadoreshoy.com\/?p=10860#breadcrumblist"},"author":{"@id":"https:\/\/contadoreshoy.com\/?author=1#author"},"creator":{"@id":"https:\/\/contadoreshoy.com\/?author=1#author"},"image":{"@type":"ImageObject","url":"https:\/\/contadoreshoy.com\/wp-content\/uploads\/2015\/10\/agua.jpg","@id":"https:\/\/contadoreshoy.com\/?p=10860\/#mainImage","width":600,"height":400},"primaryImageOfPage":{"@id":"https:\/\/contadoreshoy.com\/?p=10860#mainImage"},"datePublished":"2018-04-29T19:57:06-05:00","dateModified":"2018-04-29T19:57:06-05:00"},{"@type":"WebSite","@id":"https:\/\/contadoreshoy.com\/#website","url":"https:\/\/contadoreshoy.com\/","name":"Contadores P\u00fablicos","description":"Portal para Contadores P\u00fablicos y empresarios","inLanguage":"es-ES","publisher":{"@id":"https:\/\/contadoreshoy.com\/#organization"}}]},"og:locale":"es_ES","og:site_name":"Contadores P\u00fablicos - Portal para Contadores P\u00fablicos y empresarios","og:type":"article","og:title":"Que pasa con las ESAL que no efectuen la solicitud de calificaci\u00f3n a abril 30 de 2018, o sean excluidas ? - Contadores P\u00fablicos","og:description":"CONSECUENCIAS DE LA EXCLUSI\u00d3N DEL R\u00c9GIMEN TRIBUTARIO ESPECIAL Y DE NO SOLICITAR LA RESPECTIVA CALIFICACI\u00d3N De acuerdo al art\u00edculo 1.2.1.5.1.46 del Decreto 2150 de diciembre 20 de 2017 tenemos 4 casos: Entidades sin \u00e1nimo de lucro que hayan sido excluidas del R\u00e9gimen Tributario Especial: Podr\u00e1n solicitar su calificaci\u00f3n nuevamente pasados tres (3) a\u00f1os desde","og:url":"https:\/\/contadoreshoy.com\/?p=10860","og:image":"https:\/\/contadoreshoy.com\/wp-content\/uploads\/2024\/01\/cropped-cropped-cropped-Copia-de-M.jpg","og:image:secure_url":"https:\/\/contadoreshoy.com\/wp-content\/uploads\/2024\/01\/cropped-cropped-cropped-Copia-de-M.jpg","og:image:width":512,"og:image:height":371,"article:published_time":"2018-04-30T00:57:06+00:00","article:modified_time":"2018-04-30T00:57:06+00:00","twitter:card":"summary_large_image","twitter:title":"Que pasa con las ESAL que no efectuen la solicitud de calificaci\u00f3n a abril 30 de 2018, o sean excluidas ? - Contadores P\u00fablicos","twitter:description":"CONSECUENCIAS DE LA EXCLUSI\u00d3N DEL R\u00c9GIMEN TRIBUTARIO ESPECIAL Y DE NO SOLICITAR LA RESPECTIVA CALIFICACI\u00d3N De acuerdo al art\u00edculo 1.2.1.5.1.46 del Decreto 2150 de diciembre 20 de 2017 tenemos 4 casos: Entidades sin \u00e1nimo de lucro que hayan sido excluidas del R\u00e9gimen Tributario Especial: Podr\u00e1n solicitar su calificaci\u00f3n nuevamente pasados tres (3) a\u00f1os desde","twitter:image":"https:\/\/contadoreshoy.com\/wp-content\/uploads\/2024\/01\/cropped-cropped-cropped-Copia-de-M.jpg"},"aioseo_meta_data":{"post_id":"10860","title":null,"description":null,"keywords":null,"keyphrases":null,"primary_term":null,"canonical_url":null,"og_title":null,"og_description":null,"og_object_type":"default","og_image_type":"default","og_image_url":null,"og_image_width":null,"og_image_height":null,"og_image_custom_url":null,"og_image_custom_fields":null,"og_video":null,"og_custom_url":null,"og_article_section":null,"og_article_tags":null,"twitter_use_og":false,"twitter_card":"default","twitter_image_type":"default","twitter_image_url":null,"twitter_image_custom_url":null,"twitter_image_custom_fields":null,"twitter_title":null,"twitter_description":null,"schema":{"blockGraphs":[],"customGraphs":[],"default":{"data":{"Article":[],"Course":[],"Dataset":[],"FAQPage":[],"Movie":[],"Person":[],"Product":[],"ProductReview":[],"Car":[],"Recipe":[],"Service":[],"SoftwareApplication":[],"WebPage":[]},"graphName":"","isEnabled":true},"graphs":[]},"schema_type":"default","schema_type_options":null,"pillar_content":false,"robots_default":true,"robots_noindex":false,"robots_noarchive":false,"robots_nosnippet":false,"robots_nofollow":false,"robots_noimageindex":false,"robots_noodp":false,"robots_notranslate":false,"robots_max_snippet":null,"robots_max_videopreview":null,"robots_max_imagepreview":"large","priority":null,"frequency":null,"local_seo":null,"breadcrumb_settings":null,"limit_modified_date":false,"ai":null,"created":"2024-03-05 01:57:16","updated":"2026-03-03 05:10:20","seo_analyzer_scan_date":null,"focus_keyword":null,"additional_keywords":null,"truseo_locale":null},"aioseo_breadcrumb":"<div class=\"aioseo-breadcrumbs\"><span class=\"aioseo-breadcrumb\">\n\t\t\t<a href=\"https:\/\/contadoreshoy.com\" title=\"Home\">Home<\/a>\n\t\t<\/span><span class=\"aioseo-breadcrumb-separator\">&raquo;<\/span><span class=\"aioseo-breadcrumb\">\n\t\t\t<a href=\"https:\/\/contadoreshoy.com\/?cat=1\" title=\"Uncategorized\">Uncategorized<\/a>\n\t\t<\/span><span class=\"aioseo-breadcrumb-separator\">&raquo;<\/span><span class=\"aioseo-breadcrumb\">\n\t\t\tQue pasa con las ESAL que no efectuen la solicitud de calificaci\u00f3n a abril 30 de 2018, o sean excluidas ?\n\t\t<\/span><\/div>","aioseo_breadcrumb_json":[{"label":"Home","link":"https:\/\/contadoreshoy.com"},{"label":"Uncategorized","link":"https:\/\/contadoreshoy.com\/?cat=1"},{"label":"Que pasa con las ESAL que no efectuen la solicitud de calificaci\u00f3n a abril 30 de 2018, o sean excluidas ?","link":"https:\/\/contadoreshoy.com\/?p=10860"}],"yoast_head":"<!-- This site is optimized with the Yoast SEO plugin v28.4 - https:\/\/yoast.com\/product\/yoast-seo-wordpress\/ -->\n<title>Que pasa con las ESAL que no efectuen la solicitud de calificaci\u00f3n a abril 30 de 2018, o sean excluidas ? - Contadores P\u00fablicos<\/title>\n<meta name=\"robots\" content=\"index, follow, max-snippet:-1, max-image-preview:large, max-video-preview:-1\" \/>\n<link rel=\"canonical\" href=\"https:\/\/contadoreshoy.com\/?p=10860\" \/>\n<meta property=\"og:locale\" content=\"es_ES\" \/>\n<meta property=\"og:type\" content=\"article\" \/>\n<meta property=\"og:title\" content=\"Que pasa con las ESAL que no efectuen la solicitud de calificaci\u00f3n a abril 30 de 2018, o sean excluidas ? - Contadores P\u00fablicos\" \/>\n<meta property=\"og:description\" content=\"CONSECUENCIAS DE LA EXCLUSI\u00d3N DEL R\u00c9GIMEN TRIBUTARIO ESPECIAL Y DE NO SOLICITAR LA RESPECTIVA CALIFICACI\u00d3N &nbsp; De acuerdo al art\u00edculo 1.2.1.5.1.46 del Decreto 2150 de diciembre 20 de 2017 tenemos&#046;&#046;&#046;\" \/>\n<meta property=\"og:url\" content=\"https:\/\/contadoreshoy.com\/?p=10860\" \/>\n<meta property=\"og:site_name\" content=\"Contadores P\u00fablicos\" \/>\n<meta property=\"article:publisher\" content=\"https:\/\/www.facebook.com\/CCCPBucaramanga\/\" \/>\n<meta property=\"article:published_time\" content=\"2018-04-30T00:57:06+00:00\" \/>\n<meta property=\"og:image\" content=\"https:\/\/contadoreshoy.com\/wp-content\/uploads\/2015\/10\/agua.jpg\" \/>\n\t<meta property=\"og:image:width\" content=\"600\" \/>\n\t<meta property=\"og:image:height\" content=\"400\" \/>\n\t<meta property=\"og:image:type\" content=\"image\/jpeg\" \/>\n<meta name=\"author\" content=\"Miguel Antonio M\u00e1rquez Monta\u00f1ez\" \/>\n<meta name=\"twitter:card\" content=\"summary_large_image\" \/>\n<meta name=\"twitter:label1\" content=\"Escrito por\" \/>\n\t<meta name=\"twitter:data1\" content=\"Miguel Antonio M\u00e1rquez Monta\u00f1ez\" \/>\n\t<meta name=\"twitter:label2\" content=\"Tiempo de lectura\" \/>\n\t<meta name=\"twitter:data2\" content=\"4 minutos\" \/>\n<script type=\"application\/ld+json\" class=\"yoast-schema-graph\">{\"@context\":\"https:\\\/\\\/schema.org\",\"@graph\":[{\"@type\":\"Article\",\"@id\":\"https:\\\/\\\/contadoreshoy.com\\\/?p=10860#article\",\"isPartOf\":{\"@id\":\"https:\\\/\\\/contadoreshoy.com\\\/?p=10860\"},\"author\":{\"name\":\"Miguel Antonio M\u00e1rquez Monta\u00f1ez\",\"@id\":\"https:\\\/\\\/contadoreshoy.com\\\/#\\\/schema\\\/person\\\/96d8979cb865537c5dc9345e40089fc5\"},\"headline\":\"Que pasa con las ESAL que no efectuen la solicitud de calificaci\u00f3n a abril 30 de 2018, o sean excluidas ?\",\"datePublished\":\"2018-04-30T00:57:06+00:00\",\"mainEntityOfPage\":{\"@id\":\"https:\\\/\\\/contadoreshoy.com\\\/?p=10860\"},\"wordCount\":828,\"publisher\":{\"@id\":\"https:\\\/\\\/contadoreshoy.com\\\/#organization\"},\"image\":{\"@id\":\"https:\\\/\\\/contadoreshoy.com\\\/?p=10860#primaryimage\"},\"thumbnailUrl\":\"https:\\\/\\\/contadoreshoy.com\\\/wp-content\\\/uploads\\\/2015\\\/10\\\/agua.jpg\",\"articleSection\":{\"1\":\"Ultimas Noticias\",\"2\":\"Uncategorized\"},\"inLanguage\":\"es\"},{\"@type\":\"WebPage\",\"@id\":\"https:\\\/\\\/contadoreshoy.com\\\/?p=10860\",\"url\":\"https:\\\/\\\/contadoreshoy.com\\\/?p=10860\",\"name\":\"Que pasa con las ESAL que no efectuen la solicitud de calificaci\u00f3n a abril 30 de 2018, o sean excluidas ? - Contadores P\u00fablicos\",\"isPartOf\":{\"@id\":\"https:\\\/\\\/contadoreshoy.com\\\/#website\"},\"primaryImageOfPage\":{\"@id\":\"https:\\\/\\\/contadoreshoy.com\\\/?p=10860#primaryimage\"},\"image\":{\"@id\":\"https:\\\/\\\/contadoreshoy.com\\\/?p=10860#primaryimage\"},\"thumbnailUrl\":\"https:\\\/\\\/contadoreshoy.com\\\/wp-content\\\/uploads\\\/2015\\\/10\\\/agua.jpg\",\"datePublished\":\"2018-04-30T00:57:06+00:00\",\"breadcrumb\":{\"@id\":\"https:\\\/\\\/contadoreshoy.com\\\/?p=10860#breadcrumb\"},\"inLanguage\":\"es\",\"potentialAction\":[{\"@type\":\"ReadAction\",\"target\":[\"https:\\\/\\\/contadoreshoy.com\\\/?p=10860\"]}]},{\"@type\":\"ImageObject\",\"inLanguage\":\"es\",\"@id\":\"https:\\\/\\\/contadoreshoy.com\\\/?p=10860#primaryimage\",\"url\":\"https:\\\/\\\/contadoreshoy.com\\\/wp-content\\\/uploads\\\/2015\\\/10\\\/agua.jpg\",\"contentUrl\":\"https:\\\/\\\/contadoreshoy.com\\\/wp-content\\\/uploads\\\/2015\\\/10\\\/agua.jpg\",\"width\":600,\"height\":400},{\"@type\":\"BreadcrumbList\",\"@id\":\"https:\\\/\\\/contadoreshoy.com\\\/?p=10860#breadcrumb\",\"itemListElement\":[{\"@type\":\"ListItem\",\"position\":1,\"name\":\"Portada\",\"item\":\"https:\\\/\\\/contadoreshoy.com\\\/\"},{\"@type\":\"ListItem\",\"position\":2,\"name\":\"Que pasa con las ESAL que no efectuen la solicitud de calificaci\u00f3n a abril 30 de 2018, o sean excluidas ?\"}]},{\"@type\":\"WebSite\",\"@id\":\"https:\\\/\\\/contadoreshoy.com\\\/#website\",\"url\":\"https:\\\/\\\/contadoreshoy.com\\\/\",\"name\":\"Contadorespublicossantander\",\"description\":\"Portal para Contadores P\u00fablicos y empresarios\",\"publisher\":{\"@id\":\"https:\\\/\\\/contadoreshoy.com\\\/#organization\"},\"potentialAction\":[{\"@type\":\"SearchAction\",\"target\":{\"@type\":\"EntryPoint\",\"urlTemplate\":\"https:\\\/\\\/contadoreshoy.com\\\/?s={search_term_string}\"},\"query-input\":{\"@type\":\"PropertyValueSpecification\",\"valueRequired\":true,\"valueName\":\"search_term_string\"}}],\"inLanguage\":\"es\"},{\"@type\":\"Organization\",\"@id\":\"https:\\\/\\\/contadoreshoy.com\\\/#organization\",\"name\":\"Contadores P\u00fablicos de Santander\",\"url\":\"https:\\\/\\\/contadoreshoy.com\\\/\",\"logo\":{\"@type\":\"ImageObject\",\"inLanguage\":\"es\",\"@id\":\"https:\\\/\\\/contadoreshoy.com\\\/#\\\/schema\\\/logo\\\/image\\\/\",\"url\":\"https:\\\/\\\/contadoreshoy.com\\\/wp-content\\\/uploads\\\/2024\\\/01\\\/cropped-cropped-Copia-de-M-1.jpg\",\"contentUrl\":\"https:\\\/\\\/contadoreshoy.com\\\/wp-content\\\/uploads\\\/2024\\\/01\\\/cropped-cropped-Copia-de-M-1.jpg\",\"width\":499,\"height\":500,\"caption\":\"Contadores P\u00fablicos de Santander\"},\"image\":{\"@id\":\"https:\\\/\\\/contadoreshoy.com\\\/#\\\/schema\\\/logo\\\/image\\\/\"},\"sameAs\":[\"https:\\\/\\\/www.facebook.com\\\/CCCPBucaramanga\\\/\"]},{\"@type\":\"Person\",\"@id\":\"https:\\\/\\\/contadoreshoy.com\\\/#\\\/schema\\\/person\\\/96d8979cb865537c5dc9345e40089fc5\",\"name\":\"Miguel Antonio M\u00e1rquez Monta\u00f1ez\",\"description\":\"Contador P\u00fablico egresado de la Universidad Aut\u00f3noma de Bucaramanga - Asesor contable tributario con m\u00e1s de 25 a\u00f1os de experiencia - Conferencista en temas contables y tributarios - T\u00e9cnico en Hardware y Dise\u00f1o Web - Creador y director Grupo de Estudio Colegio Colombiano de Contadores P\u00fablicos de Bucaramanga - Creador y Master Web p\u00e1gina www.contadoresp\u00fablicossantander.com - Expresidente Colegio Colombiano de Contadores P\u00fablicos Bucaramanga\",\"url\":\"https:\\\/\\\/contadoreshoy.com\\\/?author=1\"}]}<\/script>\n<!-- \/ Yoast SEO plugin. -->","yoast_head_json":{"title":"Que pasa con las ESAL que no efectuen la solicitud de calificaci\u00f3n a abril 30 de 2018, o sean excluidas ? - Contadores P\u00fablicos","robots":{"index":"index","follow":"follow","max-snippet":"max-snippet:-1","max-image-preview":"max-image-preview:large","max-video-preview":"max-video-preview:-1"},"canonical":"https:\/\/contadoreshoy.com\/?p=10860","og_locale":"es_ES","og_type":"article","og_title":"Que pasa con las ESAL que no efectuen la solicitud de calificaci\u00f3n a abril 30 de 2018, o sean excluidas ? - Contadores P\u00fablicos","og_description":"CONSECUENCIAS DE LA EXCLUSI\u00d3N DEL R\u00c9GIMEN TRIBUTARIO ESPECIAL Y DE NO SOLICITAR LA RESPECTIVA CALIFICACI\u00d3N &nbsp; De acuerdo al art\u00edculo 1.2.1.5.1.46 del Decreto 2150 de diciembre 20 de 2017 tenemos&#46;&#46;&#46;","og_url":"https:\/\/contadoreshoy.com\/?p=10860","og_site_name":"Contadores P\u00fablicos","article_publisher":"https:\/\/www.facebook.com\/CCCPBucaramanga\/","article_published_time":"2018-04-30T00:57:06+00:00","og_image":[{"width":600,"height":400,"url":"https:\/\/contadoreshoy.com\/wp-content\/uploads\/2015\/10\/agua.jpg","type":"image\/jpeg"}],"author":"Miguel Antonio M\u00e1rquez Monta\u00f1ez","twitter_card":"summary_large_image","twitter_misc":{"Escrito por":"Miguel Antonio M\u00e1rquez Monta\u00f1ez","Tiempo de lectura":"4 minutos"},"schema":{"@context":"https:\/\/schema.org","@graph":[{"@type":"Article","@id":"https:\/\/contadoreshoy.com\/?p=10860#article","isPartOf":{"@id":"https:\/\/contadoreshoy.com\/?p=10860"},"author":{"name":"Miguel Antonio M\u00e1rquez Monta\u00f1ez","@id":"https:\/\/contadoreshoy.com\/#\/schema\/person\/96d8979cb865537c5dc9345e40089fc5"},"headline":"Que pasa con las ESAL que no efectuen la solicitud de calificaci\u00f3n a abril 30 de 2018, o sean excluidas ?","datePublished":"2018-04-30T00:57:06+00:00","mainEntityOfPage":{"@id":"https:\/\/contadoreshoy.com\/?p=10860"},"wordCount":828,"publisher":{"@id":"https:\/\/contadoreshoy.com\/#organization"},"image":{"@id":"https:\/\/contadoreshoy.com\/?p=10860#primaryimage"},"thumbnailUrl":"https:\/\/contadoreshoy.com\/wp-content\/uploads\/2015\/10\/agua.jpg","articleSection":{"1":"Ultimas Noticias","2":"Uncategorized"},"inLanguage":"es"},{"@type":"WebPage","@id":"https:\/\/contadoreshoy.com\/?p=10860","url":"https:\/\/contadoreshoy.com\/?p=10860","name":"Que pasa con las ESAL que no efectuen la solicitud de calificaci\u00f3n a abril 30 de 2018, o sean excluidas ? - Contadores P\u00fablicos","isPartOf":{"@id":"https:\/\/contadoreshoy.com\/#website"},"primaryImageOfPage":{"@id":"https:\/\/contadoreshoy.com\/?p=10860#primaryimage"},"image":{"@id":"https:\/\/contadoreshoy.com\/?p=10860#primaryimage"},"thumbnailUrl":"https:\/\/contadoreshoy.com\/wp-content\/uploads\/2015\/10\/agua.jpg","datePublished":"2018-04-30T00:57:06+00:00","breadcrumb":{"@id":"https:\/\/contadoreshoy.com\/?p=10860#breadcrumb"},"inLanguage":"es","potentialAction":[{"@type":"ReadAction","target":["https:\/\/contadoreshoy.com\/?p=10860"]}]},{"@type":"ImageObject","inLanguage":"es","@id":"https:\/\/contadoreshoy.com\/?p=10860#primaryimage","url":"https:\/\/contadoreshoy.com\/wp-content\/uploads\/2015\/10\/agua.jpg","contentUrl":"https:\/\/contadoreshoy.com\/wp-content\/uploads\/2015\/10\/agua.jpg","width":600,"height":400},{"@type":"BreadcrumbList","@id":"https:\/\/contadoreshoy.com\/?p=10860#breadcrumb","itemListElement":[{"@type":"ListItem","position":1,"name":"Portada","item":"https:\/\/contadoreshoy.com\/"},{"@type":"ListItem","position":2,"name":"Que pasa con las ESAL que no efectuen la solicitud de calificaci\u00f3n a abril 30 de 2018, o sean excluidas ?"}]},{"@type":"WebSite","@id":"https:\/\/contadoreshoy.com\/#website","url":"https:\/\/contadoreshoy.com\/","name":"Contadorespublicossantander","description":"Portal para Contadores P\u00fablicos y empresarios","publisher":{"@id":"https:\/\/contadoreshoy.com\/#organization"},"potentialAction":[{"@type":"SearchAction","target":{"@type":"EntryPoint","urlTemplate":"https:\/\/contadoreshoy.com\/?s={search_term_string}"},"query-input":{"@type":"PropertyValueSpecification","valueRequired":true,"valueName":"search_term_string"}}],"inLanguage":"es"},{"@type":"Organization","@id":"https:\/\/contadoreshoy.com\/#organization","name":"Contadores P\u00fablicos de Santander","url":"https:\/\/contadoreshoy.com\/","logo":{"@type":"ImageObject","inLanguage":"es","@id":"https:\/\/contadoreshoy.com\/#\/schema\/logo\/image\/","url":"https:\/\/contadoreshoy.com\/wp-content\/uploads\/2024\/01\/cropped-cropped-Copia-de-M-1.jpg","contentUrl":"https:\/\/contadoreshoy.com\/wp-content\/uploads\/2024\/01\/cropped-cropped-Copia-de-M-1.jpg","width":499,"height":500,"caption":"Contadores P\u00fablicos de Santander"},"image":{"@id":"https:\/\/contadoreshoy.com\/#\/schema\/logo\/image\/"},"sameAs":["https:\/\/www.facebook.com\/CCCPBucaramanga\/"]},{"@type":"Person","@id":"https:\/\/contadoreshoy.com\/#\/schema\/person\/96d8979cb865537c5dc9345e40089fc5","name":"Miguel Antonio M\u00e1rquez Monta\u00f1ez","description":"Contador P\u00fablico egresado de la Universidad Aut\u00f3noma de Bucaramanga - Asesor contable tributario con m\u00e1s de 25 a\u00f1os de experiencia - Conferencista en temas contables y tributarios - T\u00e9cnico en Hardware y Dise\u00f1o Web - Creador y director Grupo de Estudio Colegio Colombiano de Contadores P\u00fablicos de Bucaramanga - Creador y Master Web p\u00e1gina www.contadoresp\u00fablicossantander.com - Expresidente Colegio Colombiano de Contadores P\u00fablicos Bucaramanga","url":"https:\/\/contadoreshoy.com\/?author=1"}]}},"_links":{"self":[{"href":"https:\/\/contadoreshoy.com\/index.php?rest_route=\/wp\/v2\/posts\/10860","targetHints":{"allow":["GET"]}}],"collection":[{"href":"https:\/\/contadoreshoy.com\/index.php?rest_route=\/wp\/v2\/posts"}],"about":[{"href":"https:\/\/contadoreshoy.com\/index.php?rest_route=\/wp\/v2\/types\/post"}],"author":[{"embeddable":true,"href":"https:\/\/contadoreshoy.com\/index.php?rest_route=\/wp\/v2\/users\/1"}],"replies":[{"embeddable":true,"href":"https:\/\/contadoreshoy.com\/index.php?rest_route=%2Fwp%2Fv2%2Fcomments&post=10860"}],"version-history":[{"count":2,"href":"https:\/\/contadoreshoy.com\/index.php?rest_route=\/wp\/v2\/posts\/10860\/revisions"}],"predecessor-version":[{"id":10862,"href":"https:\/\/contadoreshoy.com\/index.php?rest_route=\/wp\/v2\/posts\/10860\/revisions\/10862"}],"wp:featuredmedia":[{"embeddable":true,"href":"https:\/\/contadoreshoy.com\/index.php?rest_route=\/wp\/v2\/media\/6182"}],"wp:attachment":[{"href":"https:\/\/contadoreshoy.com\/index.php?rest_route=%2Fwp%2Fv2%2Fmedia&parent=10860"}],"wp:term":[{"taxonomy":"category","embeddable":true,"href":"https:\/\/contadoreshoy.com\/index.php?rest_route=%2Fwp%2Fv2%2Fcategories&post=10860"},{"taxonomy":"post_tag","embeddable":true,"href":"https:\/\/contadoreshoy.com\/index.php?rest_route=%2Fwp%2Fv2%2Ftags&post=10860"}],"curies":[{"name":"wp","href":"https:\/\/api.w.org\/{rel}","templated":true}]}}