{"id":10912,"date":"2018-05-11T23:31:34","date_gmt":"2018-05-12T04:31:34","guid":{"rendered":"https:\/\/contadoreshoy.com\/?p=10912"},"modified":"2018-05-12T09:55:07","modified_gmt":"2018-05-12T14:55:07","slug":"protesta-la-dian-contadores-publicos-bucaramanga","status":"publish","type":"post","link":"https:\/\/contadoreshoy.com\/?p=10912","title":{"rendered":"Protesta contra la DIAN por contadores p\u00fablicos de Bucaramanga"},"content":{"rendered":"<div class=\"video-container\"><iframe loading=\"lazy\" title=\"Contadores P\u00fablicos\" width=\"500\" height=\"281\" src=\"https:\/\/www.youtube.com\/embed\/ycs_xcNR3lA?feature=oembed&#038;wmode=opaque\" frameborder=\"0\" allow=\"accelerometer; autoplay; clipboard-write; encrypted-media; gyroscope; picture-in-picture; web-share\" referrerpolicy=\"strict-origin-when-cross-origin\" allowfullscreen><\/iframe><\/div>\n<p style=\"text-align: justify;\"><strong>El d\u00eda 11 de mayo de 2018 quedar\u00e1 marcado en la historia, porque es la primera vez que los Contadores P\u00fablicos deciden manifestar su inconformismo por los abusos de la DIAN<\/strong>. Desde la ley 1607 de 2012 empez\u00f3 el calvario para los contadores p\u00fablicos, debido a que el sistema tributario se volvi\u00f3 m\u00e1s confuso y se crearon nuevas obligaciones.<\/p>\n<p style=\"text-align: justify;\"><strong>Ejercer la profesi\u00f3n de contador p\u00fablico se ha vuelto una labor desgastante y de alto riesgo, por la infinidad de obligaciones formales y sanciones que este gobierno ha impuesto en forma constante.<\/strong><\/p>\n<p style=\"text-align: justify;\"><strong>No es justo que para cumplir con el deber de presentar declaraciones e informaci\u00f3n fiscal se tenga que padecer d\u00eda a d\u00eda, hasta las 12.00 de la noche, y todo debido a que el portal de la DIAN colapsa.<\/strong><\/p>\n<p style=\"text-align: justify;\"><span style=\"color: #0000ff;\"><strong>Como es posible que este ente oficial, a sabiendas de que su plataforma no funciona no sea capaz de emitir la respectiva resoluci\u00f3n de contingencia antes de las 4.00 p.m., obligando asi a los contribuyentes a sufrir el martirio de estar sentados frente a un computador hasta altas horas de la noche, como si no tuvi\u00e9ramos nada que hacer, que falta de consideraci\u00f3n y de respeto para con los contribuyentes.<\/strong><\/span><\/p>\n<p style=\"text-align: justify;\"><strong><span style=\"color: #ff0000;\">Felicitaciones al Colegio Colombiano de Contadores P\u00fablicos de Bucaramanga, en cabeza de la Dra. Maritza Duarte Melo, por haber convocado a esta manifestaci\u00f3n de rechazo por la inoperancia de la DIAN, cuando no emite resoluci\u00f3n oportuna y temprana de contingencia por colapso de la plataforma MUISCA.<\/span><\/strong><\/p>\n<p style=\"text-align: justify;\"><strong>Muchas gracias a los contadores p\u00fablicos que asistieron a este importante llamado, y esperamos que no sea el \u00faltimo, la uni\u00f3n hace la fuerza. <\/strong><\/p>\n<p style=\"text-align: justify;\"><span style=\"color: #0000ff;\"><strong>Los empresarios deber\u00edan tomar nota de la iniciativa de los contadores p\u00fablicos, porque gracias a su indiferencia y a la de los gremios que los representa, es que este gobierno ha aprobado normas altamente lesivas para el sector privado, y muchos funcionarios p\u00fablicos abusan en su funci\u00f3n fiscalizadora, tal como ha sucedido con la UGPP.<\/strong><\/span><\/p>\n<p style=\"text-align: justify;\"><span style=\"color: #ff0000;\"><strong> El empresario tiene la err\u00f3nea idea de que todas las obligaciones de car\u00e1cter tributario son problemas que le competen al contador p\u00fablico, pero no se dan cuenta que son ellos quienes pagan los impuestos y las multas. Los gremios brillan por su indiferencia en los temas impositivos, y no se dan cuenta que tanta carga termina asfixiando la iniciativa privada.<\/strong><\/span><\/p>\n","protected":false},"excerpt":{"rendered":"<p>El d\u00eda 11 de mayo de 2018 quedar\u00e1 marcado en la historia, porque es la primera vez que los Contadores P\u00fablicos deciden manifestar su inconformismo por los abusos de la&#46;&#46;&#46;<\/p>\n","protected":false},"author":1,"featured_media":10916,"comment_status":"closed","ping_status":"open","sticky":false,"template":"","format":"standard","meta":{"_monsterinsights_skip_tracking":false,"ngg_post_thumbnail":0,"footnotes":"","_links_to":"","_links_to_target":""},"categories":[454,1],"tags":[],"class_list":["post-10912","post","type-post","status-publish","format-standard","has-post-thumbnail","hentry","category-sin-categoria","category-uncategorized"],"aioseo_notices":[],"aioseo_head":"\n\t\t<!-- All in One SEO 5.0.1.1 - aioseo.com -->\n\t<meta name=\"description\" content=\"https:\/\/youtu.be\/ycs_xcNR3lA El d\u00eda 11 de mayo de 2018 quedar\u00e1 marcado en la historia, porque es la primera vez que los Contadores P\u00fablicos deciden manifestar su inconformismo por los abusos de la DIAN. Desde la ley 1607 de 2012 empez\u00f3 el calvario para los contadores p\u00fablicos, debido a que el sistema tributario se volvi\u00f3 m\u00e1s confuso\" \/>\n\t<meta name=\"robots\" content=\"max-image-preview:large\" \/>\n\t<meta name=\"author\" content=\"Miguel Antonio M\u00e1rquez Monta\u00f1ez\"\/>\n\t<link rel=\"canonical\" href=\"https:\/\/contadoreshoy.com\/?p=10912\" \/>\n\t<meta name=\"generator\" content=\"All in One SEO (AIOSEO) 5.0.1.1\" \/>\n\t\t<meta property=\"og:locale\" content=\"es_ES\" \/>\n\t\t<meta property=\"og:site_name\" content=\"Contadores P\u00fablicos - Portal para Contadores P\u00fablicos y empresarios\" \/>\n\t\t<meta property=\"og:type\" content=\"article\" \/>\n\t\t<meta property=\"og:title\" content=\"Protesta contra la DIAN por contadores p\u00fablicos de Bucaramanga - Contadores P\u00fablicos\" \/>\n\t\t<meta property=\"og:description\" content=\"https:\/\/youtu.be\/ycs_xcNR3lA El d\u00eda 11 de mayo de 2018 quedar\u00e1 marcado en la historia, porque es la primera vez que los Contadores P\u00fablicos deciden manifestar su inconformismo por los abusos de la DIAN. Desde la ley 1607 de 2012 empez\u00f3 el calvario para los contadores p\u00fablicos, debido a que el sistema tributario se volvi\u00f3 m\u00e1s confuso\" \/>\n\t\t<meta property=\"og:url\" content=\"https:\/\/contadoreshoy.com\/?p=10912\" \/>\n\t\t<meta property=\"og:image\" content=\"https:\/\/contadoreshoy.com\/wp-content\/uploads\/2024\/01\/cropped-cropped-cropped-Copia-de-M.jpg\" \/>\n\t\t<meta property=\"og:image:secure_url\" content=\"https:\/\/contadoreshoy.com\/wp-content\/uploads\/2024\/01\/cropped-cropped-cropped-Copia-de-M.jpg\" \/>\n\t\t<meta property=\"og:image:width\" content=\"512\" \/>\n\t\t<meta property=\"og:image:height\" content=\"371\" \/>\n\t\t<meta property=\"article:published_time\" content=\"2018-05-12T04:31:34+00:00\" \/>\n\t\t<meta property=\"article:modified_time\" content=\"2018-05-12T14:55:07+00:00\" \/>\n\t\t<meta name=\"twitter:card\" content=\"summary_large_image\" \/>\n\t\t<meta name=\"twitter:title\" content=\"Protesta contra la DIAN por contadores p\u00fablicos de Bucaramanga - Contadores P\u00fablicos\" \/>\n\t\t<meta name=\"twitter:description\" content=\"https:\/\/youtu.be\/ycs_xcNR3lA El d\u00eda 11 de mayo de 2018 quedar\u00e1 marcado en la historia, porque es la primera vez que los Contadores P\u00fablicos deciden manifestar su inconformismo por los abusos de la DIAN. Desde la ley 1607 de 2012 empez\u00f3 el calvario para los contadores p\u00fablicos, debido a que el sistema tributario se volvi\u00f3 m\u00e1s confuso\" \/>\n\t\t<meta name=\"twitter:image\" content=\"https:\/\/contadoreshoy.com\/wp-content\/uploads\/2024\/01\/cropped-cropped-cropped-Copia-de-M.jpg\" \/>\n\t\t<script type=\"application\/ld+json\" class=\"aioseo-schema\">\n\t\t\t{\"@context\":\"https:\\\/\\\/schema.org\",\"@graph\":[{\"@type\":\"BlogPosting\",\"@id\":\"https:\\\/\\\/contadoreshoy.com\\\/?p=10912#blogposting\",\"name\":\"Protesta contra la DIAN por contadores p\\u00fablicos de Bucaramanga - Contadores P\\u00fablicos\",\"headline\":\"Protesta contra la DIAN por contadores p\\u00fablicos de Bucaramanga\",\"author\":{\"@id\":\"https:\\\/\\\/contadoreshoy.com\\\/?author=1#author\"},\"publisher\":{\"@id\":\"https:\\\/\\\/contadoreshoy.com\\\/#organization\"},\"image\":{\"@type\":\"ImageObject\",\"url\":\"https:\\\/\\\/contadoreshoy.com\\\/wp-content\\\/uploads\\\/2018\\\/05\\\/protesta-contra-la-dian-por-cont.jpg\",\"width\":480,\"height\":360},\"datePublished\":\"2018-05-11T23:31:34-05:00\",\"dateModified\":\"2018-05-12T09:55:07-05:00\",\"inLanguage\":\"es-ES\",\"mainEntityOfPage\":{\"@id\":\"https:\\\/\\\/contadoreshoy.com\\\/?p=10912#webpage\"},\"isPartOf\":{\"@id\":\"https:\\\/\\\/contadoreshoy.com\\\/?p=10912#webpage\"},\"articleSection\":\"Sin categor\\u00eda, Uncategorized\"},{\"@type\":\"BreadcrumbList\",\"@id\":\"https:\\\/\\\/contadoreshoy.com\\\/?p=10912#breadcrumblist\",\"itemListElement\":[{\"@type\":\"ListItem\",\"@id\":\"https:\\\/\\\/contadoreshoy.com#listItem\",\"position\":1,\"name\":\"Home\",\"item\":\"https:\\\/\\\/contadoreshoy.com\",\"nextItem\":{\"@type\":\"ListItem\",\"@id\":\"https:\\\/\\\/contadoreshoy.com\\\/?cat=1#listItem\",\"name\":\"Uncategorized\"}},{\"@type\":\"ListItem\",\"@id\":\"https:\\\/\\\/contadoreshoy.com\\\/?cat=1#listItem\",\"position\":2,\"name\":\"Uncategorized\",\"item\":\"https:\\\/\\\/contadoreshoy.com\\\/?cat=1\",\"nextItem\":{\"@type\":\"ListItem\",\"@id\":\"https:\\\/\\\/contadoreshoy.com\\\/?p=10912#listItem\",\"name\":\"Protesta contra la DIAN por contadores p\\u00fablicos de Bucaramanga\"},\"previousItem\":{\"@type\":\"ListItem\",\"@id\":\"https:\\\/\\\/contadoreshoy.com#listItem\",\"name\":\"Home\"}},{\"@type\":\"ListItem\",\"@id\":\"https:\\\/\\\/contadoreshoy.com\\\/?p=10912#listItem\",\"position\":3,\"name\":\"Protesta contra la DIAN por contadores p\\u00fablicos de Bucaramanga\",\"previousItem\":{\"@type\":\"ListItem\",\"@id\":\"https:\\\/\\\/contadoreshoy.com\\\/?cat=1#listItem\",\"name\":\"Uncategorized\"}}]},{\"@type\":\"Organization\",\"@id\":\"https:\\\/\\\/contadoreshoy.com\\\/#organization\",\"name\":\"Contadores P\\u00fablicos\",\"description\":\"Portal para Contadores P\\u00fablicos y empresarios\",\"url\":\"https:\\\/\\\/contadoreshoy.com\\\/\",\"logo\":{\"@type\":\"ImageObject\",\"url\":\"https:\\\/\\\/contadoreshoy.com\\\/wp-content\\\/uploads\\\/2024\\\/01\\\/cropped-cropped-Copia-de-M-1.jpg\",\"@id\":\"https:\\\/\\\/contadoreshoy.com\\\/?p=10912\\\/#organizationLogo\",\"width\":499,\"height\":500},\"image\":{\"@id\":\"https:\\\/\\\/contadoreshoy.com\\\/?p=10912\\\/#organizationLogo\"}},{\"@type\":\"Person\",\"@id\":\"https:\\\/\\\/contadoreshoy.com\\\/?author=1#author\",\"url\":\"https:\\\/\\\/contadoreshoy.com\\\/?author=1\",\"name\":\"Miguel Antonio M\\u00e1rquez Monta\\u00f1ez\"},{\"@type\":\"WebPage\",\"@id\":\"https:\\\/\\\/contadoreshoy.com\\\/?p=10912#webpage\",\"url\":\"https:\\\/\\\/contadoreshoy.com\\\/?p=10912\",\"name\":\"Protesta contra la DIAN por contadores p\\u00fablicos de Bucaramanga - Contadores P\\u00fablicos\",\"description\":\"https:\\\/\\\/youtu.be\\\/ycs_xcNR3lA El d\\u00eda 11 de mayo de 2018 quedar\\u00e1 marcado en la historia, porque es la primera vez que los Contadores P\\u00fablicos deciden manifestar su inconformismo por los abusos de la DIAN. Desde la ley 1607 de 2012 empez\\u00f3 el calvario para los contadores p\\u00fablicos, debido a que el sistema tributario se volvi\\u00f3 m\\u00e1s confuso\",\"inLanguage\":\"es-ES\",\"isPartOf\":{\"@id\":\"https:\\\/\\\/contadoreshoy.com\\\/#website\"},\"breadcrumb\":{\"@id\":\"https:\\\/\\\/contadoreshoy.com\\\/?p=10912#breadcrumblist\"},\"author\":{\"@id\":\"https:\\\/\\\/contadoreshoy.com\\\/?author=1#author\"},\"creator\":{\"@id\":\"https:\\\/\\\/contadoreshoy.com\\\/?author=1#author\"},\"image\":{\"@type\":\"ImageObject\",\"url\":\"https:\\\/\\\/contadoreshoy.com\\\/wp-content\\\/uploads\\\/2018\\\/05\\\/protesta-contra-la-dian-por-cont.jpg\",\"@id\":\"https:\\\/\\\/contadoreshoy.com\\\/?p=10912\\\/#mainImage\",\"width\":480,\"height\":360},\"primaryImageOfPage\":{\"@id\":\"https:\\\/\\\/contadoreshoy.com\\\/?p=10912#mainImage\"},\"datePublished\":\"2018-05-11T23:31:34-05:00\",\"dateModified\":\"2018-05-12T09:55:07-05:00\"},{\"@type\":\"WebSite\",\"@id\":\"https:\\\/\\\/contadoreshoy.com\\\/#website\",\"url\":\"https:\\\/\\\/contadoreshoy.com\\\/\",\"name\":\"Contadores P\\u00fablicos\",\"description\":\"Portal para Contadores P\\u00fablicos y empresarios\",\"inLanguage\":\"es-ES\",\"publisher\":{\"@id\":\"https:\\\/\\\/contadoreshoy.com\\\/#organization\"}}]}\n\t\t<\/script>\n\t\t<!-- All in One SEO -->\n\n","aioseo_head_json":{"title":"Protesta contra la DIAN por contadores p\u00fablicos de Bucaramanga - Contadores P\u00fablicos","description":"https:\/\/youtu.be\/ycs_xcNR3lA El d\u00eda 11 de mayo de 2018 quedar\u00e1 marcado en la historia, porque es la primera vez que los Contadores P\u00fablicos deciden manifestar su inconformismo por los abusos de la DIAN. Desde la ley 1607 de 2012 empez\u00f3 el calvario para los contadores p\u00fablicos, debido a que el sistema tributario se volvi\u00f3 m\u00e1s confuso","canonical_url":"https:\/\/contadoreshoy.com\/?p=10912","robots":"max-image-preview:large","keywords":"","webmasterTools":{"miscellaneous":""},"schema":{"@context":"https:\/\/schema.org","@graph":[{"@type":"BlogPosting","@id":"https:\/\/contadoreshoy.com\/?p=10912#blogposting","name":"Protesta contra la DIAN por contadores p\u00fablicos de Bucaramanga - Contadores P\u00fablicos","headline":"Protesta contra la DIAN por contadores p\u00fablicos de Bucaramanga","author":{"@id":"https:\/\/contadoreshoy.com\/?author=1#author"},"publisher":{"@id":"https:\/\/contadoreshoy.com\/#organization"},"image":{"@type":"ImageObject","url":"https:\/\/contadoreshoy.com\/wp-content\/uploads\/2018\/05\/protesta-contra-la-dian-por-cont.jpg","width":480,"height":360},"datePublished":"2018-05-11T23:31:34-05:00","dateModified":"2018-05-12T09:55:07-05:00","inLanguage":"es-ES","mainEntityOfPage":{"@id":"https:\/\/contadoreshoy.com\/?p=10912#webpage"},"isPartOf":{"@id":"https:\/\/contadoreshoy.com\/?p=10912#webpage"},"articleSection":"Sin categor\u00eda, Uncategorized"},{"@type":"BreadcrumbList","@id":"https:\/\/contadoreshoy.com\/?p=10912#breadcrumblist","itemListElement":[{"@type":"ListItem","@id":"https:\/\/contadoreshoy.com#listItem","position":1,"name":"Home","item":"https:\/\/contadoreshoy.com","nextItem":{"@type":"ListItem","@id":"https:\/\/contadoreshoy.com\/?cat=1#listItem","name":"Uncategorized"}},{"@type":"ListItem","@id":"https:\/\/contadoreshoy.com\/?cat=1#listItem","position":2,"name":"Uncategorized","item":"https:\/\/contadoreshoy.com\/?cat=1","nextItem":{"@type":"ListItem","@id":"https:\/\/contadoreshoy.com\/?p=10912#listItem","name":"Protesta contra la DIAN por contadores p\u00fablicos de Bucaramanga"},"previousItem":{"@type":"ListItem","@id":"https:\/\/contadoreshoy.com#listItem","name":"Home"}},{"@type":"ListItem","@id":"https:\/\/contadoreshoy.com\/?p=10912#listItem","position":3,"name":"Protesta contra la DIAN por contadores p\u00fablicos de Bucaramanga","previousItem":{"@type":"ListItem","@id":"https:\/\/contadoreshoy.com\/?cat=1#listItem","name":"Uncategorized"}}]},{"@type":"Organization","@id":"https:\/\/contadoreshoy.com\/#organization","name":"Contadores P\u00fablicos","description":"Portal para Contadores P\u00fablicos y empresarios","url":"https:\/\/contadoreshoy.com\/","logo":{"@type":"ImageObject","url":"https:\/\/contadoreshoy.com\/wp-content\/uploads\/2024\/01\/cropped-cropped-Copia-de-M-1.jpg","@id":"https:\/\/contadoreshoy.com\/?p=10912\/#organizationLogo","width":499,"height":500},"image":{"@id":"https:\/\/contadoreshoy.com\/?p=10912\/#organizationLogo"}},{"@type":"Person","@id":"https:\/\/contadoreshoy.com\/?author=1#author","url":"https:\/\/contadoreshoy.com\/?author=1","name":"Miguel Antonio M\u00e1rquez Monta\u00f1ez"},{"@type":"WebPage","@id":"https:\/\/contadoreshoy.com\/?p=10912#webpage","url":"https:\/\/contadoreshoy.com\/?p=10912","name":"Protesta contra la DIAN por contadores p\u00fablicos de Bucaramanga - Contadores P\u00fablicos","description":"https:\/\/youtu.be\/ycs_xcNR3lA El d\u00eda 11 de mayo de 2018 quedar\u00e1 marcado en la historia, porque es la primera vez que los Contadores P\u00fablicos deciden manifestar su inconformismo por los abusos de la DIAN. Desde la ley 1607 de 2012 empez\u00f3 el calvario para los contadores p\u00fablicos, debido a que el sistema tributario se volvi\u00f3 m\u00e1s confuso","inLanguage":"es-ES","isPartOf":{"@id":"https:\/\/contadoreshoy.com\/#website"},"breadcrumb":{"@id":"https:\/\/contadoreshoy.com\/?p=10912#breadcrumblist"},"author":{"@id":"https:\/\/contadoreshoy.com\/?author=1#author"},"creator":{"@id":"https:\/\/contadoreshoy.com\/?author=1#author"},"image":{"@type":"ImageObject","url":"https:\/\/contadoreshoy.com\/wp-content\/uploads\/2018\/05\/protesta-contra-la-dian-por-cont.jpg","@id":"https:\/\/contadoreshoy.com\/?p=10912\/#mainImage","width":480,"height":360},"primaryImageOfPage":{"@id":"https:\/\/contadoreshoy.com\/?p=10912#mainImage"},"datePublished":"2018-05-11T23:31:34-05:00","dateModified":"2018-05-12T09:55:07-05:00"},{"@type":"WebSite","@id":"https:\/\/contadoreshoy.com\/#website","url":"https:\/\/contadoreshoy.com\/","name":"Contadores P\u00fablicos","description":"Portal para Contadores P\u00fablicos y empresarios","inLanguage":"es-ES","publisher":{"@id":"https:\/\/contadoreshoy.com\/#organization"}}]},"og:locale":"es_ES","og:site_name":"Contadores P\u00fablicos - Portal para Contadores P\u00fablicos y empresarios","og:type":"article","og:title":"Protesta contra la DIAN por contadores p\u00fablicos de Bucaramanga - Contadores P\u00fablicos","og:description":"https:\/\/youtu.be\/ycs_xcNR3lA El d\u00eda 11 de mayo de 2018 quedar\u00e1 marcado en la historia, porque es la primera vez que los Contadores P\u00fablicos deciden manifestar su inconformismo por los abusos de la DIAN. Desde la ley 1607 de 2012 empez\u00f3 el calvario para los contadores p\u00fablicos, debido a que el sistema tributario se volvi\u00f3 m\u00e1s confuso","og:url":"https:\/\/contadoreshoy.com\/?p=10912","og:image":"https:\/\/contadoreshoy.com\/wp-content\/uploads\/2024\/01\/cropped-cropped-cropped-Copia-de-M.jpg","og:image:secure_url":"https:\/\/contadoreshoy.com\/wp-content\/uploads\/2024\/01\/cropped-cropped-cropped-Copia-de-M.jpg","og:image:width":512,"og:image:height":371,"article:published_time":"2018-05-12T04:31:34+00:00","article:modified_time":"2018-05-12T14:55:07+00:00","twitter:card":"summary_large_image","twitter:title":"Protesta contra la DIAN por contadores p\u00fablicos de Bucaramanga - Contadores P\u00fablicos","twitter:description":"https:\/\/youtu.be\/ycs_xcNR3lA El d\u00eda 11 de mayo de 2018 quedar\u00e1 marcado en la historia, porque es la primera vez que los Contadores P\u00fablicos deciden manifestar su inconformismo por los abusos de la DIAN. Desde la ley 1607 de 2012 empez\u00f3 el calvario para los contadores p\u00fablicos, debido a que el sistema tributario se volvi\u00f3 m\u00e1s confuso","twitter:image":"https:\/\/contadoreshoy.com\/wp-content\/uploads\/2024\/01\/cropped-cropped-cropped-Copia-de-M.jpg"},"aioseo_meta_data":{"post_id":"10912","title":null,"description":null,"keywords":null,"keyphrases":null,"primary_term":null,"canonical_url":null,"og_title":null,"og_description":null,"og_object_type":"default","og_image_type":"default","og_image_url":null,"og_image_width":null,"og_image_height":null,"og_image_custom_url":null,"og_image_custom_fields":null,"og_video":null,"og_custom_url":null,"og_article_section":null,"og_article_tags":null,"twitter_use_og":false,"twitter_card":"default","twitter_image_type":"default","twitter_image_url":null,"twitter_image_custom_url":null,"twitter_image_custom_fields":null,"twitter_title":null,"twitter_description":null,"schema":{"blockGraphs":[],"customGraphs":[],"default":{"data":{"Article":[],"Course":[],"Dataset":[],"FAQPage":[],"Movie":[],"Person":[],"Product":[],"ProductReview":[],"Car":[],"Recipe":[],"Service":[],"SoftwareApplication":[],"WebPage":[]},"graphName":"","isEnabled":true},"graphs":[]},"schema_type":"default","schema_type_options":null,"pillar_content":false,"robots_default":true,"robots_noindex":false,"robots_noarchive":false,"robots_nosnippet":false,"robots_nofollow":false,"robots_noimageindex":false,"robots_noodp":false,"robots_notranslate":false,"robots_max_snippet":null,"robots_max_videopreview":null,"robots_max_imagepreview":"large","priority":null,"frequency":null,"local_seo":null,"breadcrumb_settings":null,"limit_modified_date":false,"ai":null,"created":"2024-03-05 01:57:16","updated":"2026-03-03 05:12:10","seo_analyzer_scan_date":null,"focus_keyword":null,"additional_keywords":null,"truseo_locale":null},"aioseo_breadcrumb":"<div class=\"aioseo-breadcrumbs\"><span class=\"aioseo-breadcrumb\">\n\t\t\t<a href=\"https:\/\/contadoreshoy.com\" title=\"Home\">Home<\/a>\n\t\t<\/span><span class=\"aioseo-breadcrumb-separator\">&raquo;<\/span><span class=\"aioseo-breadcrumb\">\n\t\t\t<a href=\"https:\/\/contadoreshoy.com\/?cat=1\" title=\"Uncategorized\">Uncategorized<\/a>\n\t\t<\/span><span class=\"aioseo-breadcrumb-separator\">&raquo;<\/span><span class=\"aioseo-breadcrumb\">\n\t\t\tProtesta contra la DIAN por contadores p\u00fablicos de Bucaramanga\n\t\t<\/span><\/div>","aioseo_breadcrumb_json":[{"label":"Home","link":"https:\/\/contadoreshoy.com"},{"label":"Uncategorized","link":"https:\/\/contadoreshoy.com\/?cat=1"},{"label":"Protesta contra la DIAN por contadores p\u00fablicos de Bucaramanga","link":"https:\/\/contadoreshoy.com\/?p=10912"}],"yoast_head":"<!-- This site is optimized with the Yoast SEO plugin v28.4 - https:\/\/yoast.com\/product\/yoast-seo-wordpress\/ -->\n<title>Protesta contra la DIAN por contadores p\u00fablicos de Bucaramanga - Contadores P\u00fablicos<\/title>\n<meta name=\"robots\" content=\"index, follow, max-snippet:-1, max-image-preview:large, max-video-preview:-1\" \/>\n<link rel=\"canonical\" href=\"https:\/\/contadoreshoy.com\/?p=10912\" \/>\n<meta property=\"og:locale\" content=\"es_ES\" \/>\n<meta property=\"og:type\" content=\"article\" \/>\n<meta property=\"og:title\" content=\"Protesta contra la DIAN por contadores p\u00fablicos de Bucaramanga - Contadores P\u00fablicos\" \/>\n<meta property=\"og:description\" content=\"El d\u00eda 11 de mayo de 2018 quedar\u00e1 marcado en la historia, porque es la primera vez que los Contadores P\u00fablicos deciden manifestar su inconformismo por los abusos de la&#046;&#046;&#046;\" \/>\n<meta property=\"og:url\" content=\"https:\/\/contadoreshoy.com\/?p=10912\" \/>\n<meta property=\"og:site_name\" content=\"Contadores P\u00fablicos\" \/>\n<meta property=\"article:publisher\" content=\"https:\/\/www.facebook.com\/CCCPBucaramanga\/\" \/>\n<meta property=\"article:published_time\" content=\"2018-05-12T04:31:34+00:00\" \/>\n<meta property=\"article:modified_time\" content=\"2018-05-12T14:55:07+00:00\" \/>\n<meta property=\"og:image\" content=\"https:\/\/contadoreshoy.com\/wp-content\/uploads\/2018\/05\/protesta-contra-la-dian-por-cont.jpg\" \/>\n\t<meta property=\"og:image:width\" content=\"480\" \/>\n\t<meta property=\"og:image:height\" content=\"360\" \/>\n\t<meta property=\"og:image:type\" content=\"image\/jpeg\" \/>\n<meta name=\"author\" content=\"Miguel Antonio M\u00e1rquez Monta\u00f1ez\" \/>\n<meta name=\"twitter:card\" content=\"summary_large_image\" \/>\n<meta name=\"twitter:label1\" content=\"Escrito por\" \/>\n\t<meta name=\"twitter:data1\" content=\"Miguel Antonio M\u00e1rquez Monta\u00f1ez\" \/>\n\t<meta name=\"twitter:label2\" content=\"Tiempo de lectura\" \/>\n\t<meta name=\"twitter:data2\" content=\"2 minutos\" \/>\n<script type=\"application\/ld+json\" class=\"yoast-schema-graph\">{\"@context\":\"https:\\\/\\\/schema.org\",\"@graph\":[{\"@type\":\"Article\",\"@id\":\"https:\\\/\\\/contadoreshoy.com\\\/?p=10912#article\",\"isPartOf\":{\"@id\":\"https:\\\/\\\/contadoreshoy.com\\\/?p=10912\"},\"author\":{\"name\":\"Miguel Antonio M\u00e1rquez Monta\u00f1ez\",\"@id\":\"https:\\\/\\\/contadoreshoy.com\\\/#\\\/schema\\\/person\\\/96d8979cb865537c5dc9345e40089fc5\"},\"headline\":\"Protesta contra la DIAN por contadores p\u00fablicos de Bucaramanga\",\"datePublished\":\"2018-05-12T04:31:34+00:00\",\"dateModified\":\"2018-05-12T14:55:07+00:00\",\"mainEntityOfPage\":{\"@id\":\"https:\\\/\\\/contadoreshoy.com\\\/?p=10912\"},\"wordCount\":420,\"publisher\":{\"@id\":\"https:\\\/\\\/contadoreshoy.com\\\/#organization\"},\"image\":{\"@id\":\"https:\\\/\\\/contadoreshoy.com\\\/?p=10912#primaryimage\"},\"thumbnailUrl\":\"https:\\\/\\\/contadoreshoy.com\\\/wp-content\\\/uploads\\\/2018\\\/05\\\/protesta-contra-la-dian-por-cont.jpg\",\"articleSection\":{\"1\":\"Uncategorized\"},\"inLanguage\":\"es\"},{\"@type\":\"WebPage\",\"@id\":\"https:\\\/\\\/contadoreshoy.com\\\/?p=10912\",\"url\":\"https:\\\/\\\/contadoreshoy.com\\\/?p=10912\",\"name\":\"Protesta contra la DIAN por contadores p\u00fablicos de Bucaramanga - Contadores P\u00fablicos\",\"isPartOf\":{\"@id\":\"https:\\\/\\\/contadoreshoy.com\\\/#website\"},\"primaryImageOfPage\":{\"@id\":\"https:\\\/\\\/contadoreshoy.com\\\/?p=10912#primaryimage\"},\"image\":{\"@id\":\"https:\\\/\\\/contadoreshoy.com\\\/?p=10912#primaryimage\"},\"thumbnailUrl\":\"https:\\\/\\\/contadoreshoy.com\\\/wp-content\\\/uploads\\\/2018\\\/05\\\/protesta-contra-la-dian-por-cont.jpg\",\"datePublished\":\"2018-05-12T04:31:34+00:00\",\"dateModified\":\"2018-05-12T14:55:07+00:00\",\"breadcrumb\":{\"@id\":\"https:\\\/\\\/contadoreshoy.com\\\/?p=10912#breadcrumb\"},\"inLanguage\":\"es\",\"potentialAction\":[{\"@type\":\"ReadAction\",\"target\":[\"https:\\\/\\\/contadoreshoy.com\\\/?p=10912\"]}]},{\"@type\":\"ImageObject\",\"inLanguage\":\"es\",\"@id\":\"https:\\\/\\\/contadoreshoy.com\\\/?p=10912#primaryimage\",\"url\":\"https:\\\/\\\/contadoreshoy.com\\\/wp-content\\\/uploads\\\/2018\\\/05\\\/protesta-contra-la-dian-por-cont.jpg\",\"contentUrl\":\"https:\\\/\\\/contadoreshoy.com\\\/wp-content\\\/uploads\\\/2018\\\/05\\\/protesta-contra-la-dian-por-cont.jpg\",\"width\":480,\"height\":360},{\"@type\":\"BreadcrumbList\",\"@id\":\"https:\\\/\\\/contadoreshoy.com\\\/?p=10912#breadcrumb\",\"itemListElement\":[{\"@type\":\"ListItem\",\"position\":1,\"name\":\"Portada\",\"item\":\"https:\\\/\\\/contadoreshoy.com\\\/\"},{\"@type\":\"ListItem\",\"position\":2,\"name\":\"Protesta contra la DIAN por contadores p\u00fablicos de Bucaramanga\"}]},{\"@type\":\"WebSite\",\"@id\":\"https:\\\/\\\/contadoreshoy.com\\\/#website\",\"url\":\"https:\\\/\\\/contadoreshoy.com\\\/\",\"name\":\"Contadorespublicossantander\",\"description\":\"Portal para Contadores P\u00fablicos y empresarios\",\"publisher\":{\"@id\":\"https:\\\/\\\/contadoreshoy.com\\\/#organization\"},\"potentialAction\":[{\"@type\":\"SearchAction\",\"target\":{\"@type\":\"EntryPoint\",\"urlTemplate\":\"https:\\\/\\\/contadoreshoy.com\\\/?s={search_term_string}\"},\"query-input\":{\"@type\":\"PropertyValueSpecification\",\"valueRequired\":true,\"valueName\":\"search_term_string\"}}],\"inLanguage\":\"es\"},{\"@type\":\"Organization\",\"@id\":\"https:\\\/\\\/contadoreshoy.com\\\/#organization\",\"name\":\"Contadores P\u00fablicos de Santander\",\"url\":\"https:\\\/\\\/contadoreshoy.com\\\/\",\"logo\":{\"@type\":\"ImageObject\",\"inLanguage\":\"es\",\"@id\":\"https:\\\/\\\/contadoreshoy.com\\\/#\\\/schema\\\/logo\\\/image\\\/\",\"url\":\"https:\\\/\\\/contadoreshoy.com\\\/wp-content\\\/uploads\\\/2024\\\/01\\\/cropped-cropped-Copia-de-M-1.jpg\",\"contentUrl\":\"https:\\\/\\\/contadoreshoy.com\\\/wp-content\\\/uploads\\\/2024\\\/01\\\/cropped-cropped-Copia-de-M-1.jpg\",\"width\":499,\"height\":500,\"caption\":\"Contadores P\u00fablicos de Santander\"},\"image\":{\"@id\":\"https:\\\/\\\/contadoreshoy.com\\\/#\\\/schema\\\/logo\\\/image\\\/\"},\"sameAs\":[\"https:\\\/\\\/www.facebook.com\\\/CCCPBucaramanga\\\/\"]},{\"@type\":\"Person\",\"@id\":\"https:\\\/\\\/contadoreshoy.com\\\/#\\\/schema\\\/person\\\/96d8979cb865537c5dc9345e40089fc5\",\"name\":\"Miguel Antonio M\u00e1rquez Monta\u00f1ez\",\"description\":\"Contador P\u00fablico egresado de la Universidad Aut\u00f3noma de Bucaramanga - Asesor contable tributario con m\u00e1s de 25 a\u00f1os de experiencia - Conferencista en temas contables y tributarios - T\u00e9cnico en Hardware y Dise\u00f1o Web - Creador y director Grupo de Estudio Colegio Colombiano de Contadores P\u00fablicos de Bucaramanga - Creador y Master Web p\u00e1gina www.contadoresp\u00fablicossantander.com - Expresidente Colegio Colombiano de Contadores P\u00fablicos Bucaramanga\",\"url\":\"https:\\\/\\\/contadoreshoy.com\\\/?author=1\"}]}<\/script>\n<!-- \/ Yoast SEO plugin. -->","yoast_head_json":{"title":"Protesta contra la DIAN por contadores p\u00fablicos de Bucaramanga - Contadores P\u00fablicos","robots":{"index":"index","follow":"follow","max-snippet":"max-snippet:-1","max-image-preview":"max-image-preview:large","max-video-preview":"max-video-preview:-1"},"canonical":"https:\/\/contadoreshoy.com\/?p=10912","og_locale":"es_ES","og_type":"article","og_title":"Protesta contra la DIAN por contadores p\u00fablicos de Bucaramanga - Contadores P\u00fablicos","og_description":"El d\u00eda 11 de mayo de 2018 quedar\u00e1 marcado en la historia, porque es la primera vez que los Contadores P\u00fablicos deciden manifestar su inconformismo por los abusos de la&#46;&#46;&#46;","og_url":"https:\/\/contadoreshoy.com\/?p=10912","og_site_name":"Contadores P\u00fablicos","article_publisher":"https:\/\/www.facebook.com\/CCCPBucaramanga\/","article_published_time":"2018-05-12T04:31:34+00:00","article_modified_time":"2018-05-12T14:55:07+00:00","og_image":[{"width":480,"height":360,"url":"https:\/\/contadoreshoy.com\/wp-content\/uploads\/2018\/05\/protesta-contra-la-dian-por-cont.jpg","type":"image\/jpeg"}],"author":"Miguel Antonio M\u00e1rquez Monta\u00f1ez","twitter_card":"summary_large_image","twitter_misc":{"Escrito por":"Miguel Antonio M\u00e1rquez Monta\u00f1ez","Tiempo de lectura":"2 minutos"},"schema":{"@context":"https:\/\/schema.org","@graph":[{"@type":"Article","@id":"https:\/\/contadoreshoy.com\/?p=10912#article","isPartOf":{"@id":"https:\/\/contadoreshoy.com\/?p=10912"},"author":{"name":"Miguel Antonio M\u00e1rquez Monta\u00f1ez","@id":"https:\/\/contadoreshoy.com\/#\/schema\/person\/96d8979cb865537c5dc9345e40089fc5"},"headline":"Protesta contra la DIAN por contadores p\u00fablicos de Bucaramanga","datePublished":"2018-05-12T04:31:34+00:00","dateModified":"2018-05-12T14:55:07+00:00","mainEntityOfPage":{"@id":"https:\/\/contadoreshoy.com\/?p=10912"},"wordCount":420,"publisher":{"@id":"https:\/\/contadoreshoy.com\/#organization"},"image":{"@id":"https:\/\/contadoreshoy.com\/?p=10912#primaryimage"},"thumbnailUrl":"https:\/\/contadoreshoy.com\/wp-content\/uploads\/2018\/05\/protesta-contra-la-dian-por-cont.jpg","articleSection":{"1":"Uncategorized"},"inLanguage":"es"},{"@type":"WebPage","@id":"https:\/\/contadoreshoy.com\/?p=10912","url":"https:\/\/contadoreshoy.com\/?p=10912","name":"Protesta contra la DIAN por contadores p\u00fablicos de Bucaramanga - Contadores P\u00fablicos","isPartOf":{"@id":"https:\/\/contadoreshoy.com\/#website"},"primaryImageOfPage":{"@id":"https:\/\/contadoreshoy.com\/?p=10912#primaryimage"},"image":{"@id":"https:\/\/contadoreshoy.com\/?p=10912#primaryimage"},"thumbnailUrl":"https:\/\/contadoreshoy.com\/wp-content\/uploads\/2018\/05\/protesta-contra-la-dian-por-cont.jpg","datePublished":"2018-05-12T04:31:34+00:00","dateModified":"2018-05-12T14:55:07+00:00","breadcrumb":{"@id":"https:\/\/contadoreshoy.com\/?p=10912#breadcrumb"},"inLanguage":"es","potentialAction":[{"@type":"ReadAction","target":["https:\/\/contadoreshoy.com\/?p=10912"]}]},{"@type":"ImageObject","inLanguage":"es","@id":"https:\/\/contadoreshoy.com\/?p=10912#primaryimage","url":"https:\/\/contadoreshoy.com\/wp-content\/uploads\/2018\/05\/protesta-contra-la-dian-por-cont.jpg","contentUrl":"https:\/\/contadoreshoy.com\/wp-content\/uploads\/2018\/05\/protesta-contra-la-dian-por-cont.jpg","width":480,"height":360},{"@type":"BreadcrumbList","@id":"https:\/\/contadoreshoy.com\/?p=10912#breadcrumb","itemListElement":[{"@type":"ListItem","position":1,"name":"Portada","item":"https:\/\/contadoreshoy.com\/"},{"@type":"ListItem","position":2,"name":"Protesta contra la DIAN por contadores p\u00fablicos de Bucaramanga"}]},{"@type":"WebSite","@id":"https:\/\/contadoreshoy.com\/#website","url":"https:\/\/contadoreshoy.com\/","name":"Contadorespublicossantander","description":"Portal para Contadores P\u00fablicos y empresarios","publisher":{"@id":"https:\/\/contadoreshoy.com\/#organization"},"potentialAction":[{"@type":"SearchAction","target":{"@type":"EntryPoint","urlTemplate":"https:\/\/contadoreshoy.com\/?s={search_term_string}"},"query-input":{"@type":"PropertyValueSpecification","valueRequired":true,"valueName":"search_term_string"}}],"inLanguage":"es"},{"@type":"Organization","@id":"https:\/\/contadoreshoy.com\/#organization","name":"Contadores P\u00fablicos de Santander","url":"https:\/\/contadoreshoy.com\/","logo":{"@type":"ImageObject","inLanguage":"es","@id":"https:\/\/contadoreshoy.com\/#\/schema\/logo\/image\/","url":"https:\/\/contadoreshoy.com\/wp-content\/uploads\/2024\/01\/cropped-cropped-Copia-de-M-1.jpg","contentUrl":"https:\/\/contadoreshoy.com\/wp-content\/uploads\/2024\/01\/cropped-cropped-Copia-de-M-1.jpg","width":499,"height":500,"caption":"Contadores P\u00fablicos de Santander"},"image":{"@id":"https:\/\/contadoreshoy.com\/#\/schema\/logo\/image\/"},"sameAs":["https:\/\/www.facebook.com\/CCCPBucaramanga\/"]},{"@type":"Person","@id":"https:\/\/contadoreshoy.com\/#\/schema\/person\/96d8979cb865537c5dc9345e40089fc5","name":"Miguel Antonio M\u00e1rquez Monta\u00f1ez","description":"Contador P\u00fablico egresado de la Universidad Aut\u00f3noma de Bucaramanga - Asesor contable tributario con m\u00e1s de 25 a\u00f1os de experiencia - Conferencista en temas contables y tributarios - T\u00e9cnico en Hardware y Dise\u00f1o Web - Creador y director Grupo de Estudio Colegio Colombiano de Contadores P\u00fablicos de Bucaramanga - Creador y Master Web p\u00e1gina www.contadoresp\u00fablicossantander.com - Expresidente Colegio Colombiano de Contadores P\u00fablicos Bucaramanga","url":"https:\/\/contadoreshoy.com\/?author=1"}]}},"_links":{"self":[{"href":"https:\/\/contadoreshoy.com\/index.php?rest_route=\/wp\/v2\/posts\/10912","targetHints":{"allow":["GET"]}}],"collection":[{"href":"https:\/\/contadoreshoy.com\/index.php?rest_route=\/wp\/v2\/posts"}],"about":[{"href":"https:\/\/contadoreshoy.com\/index.php?rest_route=\/wp\/v2\/types\/post"}],"author":[{"embeddable":true,"href":"https:\/\/contadoreshoy.com\/index.php?rest_route=\/wp\/v2\/users\/1"}],"replies":[{"embeddable":true,"href":"https:\/\/contadoreshoy.com\/index.php?rest_route=%2Fwp%2Fv2%2Fcomments&post=10912"}],"version-history":[{"count":7,"href":"https:\/\/contadoreshoy.com\/index.php?rest_route=\/wp\/v2\/posts\/10912\/revisions"}],"predecessor-version":[{"id":10920,"href":"https:\/\/contadoreshoy.com\/index.php?rest_route=\/wp\/v2\/posts\/10912\/revisions\/10920"}],"wp:featuredmedia":[{"embeddable":true,"href":"https:\/\/contadoreshoy.com\/index.php?rest_route=\/wp\/v2\/media\/10916"}],"wp:attachment":[{"href":"https:\/\/contadoreshoy.com\/index.php?rest_route=%2Fwp%2Fv2%2Fmedia&parent=10912"}],"wp:term":[{"taxonomy":"category","embeddable":true,"href":"https:\/\/contadoreshoy.com\/index.php?rest_route=%2Fwp%2Fv2%2Fcategories&post=10912"},{"taxonomy":"post_tag","embeddable":true,"href":"https:\/\/contadoreshoy.com\/index.php?rest_route=%2Fwp%2Fv2%2Ftags&post=10912"}],"curies":[{"name":"wp","href":"https:\/\/api.w.org\/{rel}","templated":true}]}}