{"id":10987,"date":"2022-07-14T09:30:00","date_gmt":"2022-07-14T14:30:00","guid":{"rendered":"https:\/\/contadoreshoy.com\/?p=10987"},"modified":"2022-07-14T17:46:02","modified_gmt":"2022-07-14T22:46:02","slug":"determinacion-renta-liquida-laboral","status":"publish","type":"post","link":"https:\/\/contadoreshoy.com\/?p=10987","title":{"rendered":"RENTAS DE TRABAJO"},"content":{"rendered":"<p><img loading=\"lazy\" decoding=\"async\" class=\"aligncenter wp-image-12678 size-large\" src=\"https:\/\/contadoreshoy.com\/wp-content\/uploads\/2020\/07\/Renta-cedular-de-trabajo-1240x708.png\" alt=\"\" width=\"1240\" height=\"708\" srcset=\"https:\/\/contadoreshoy.com\/wp-content\/uploads\/2020\/07\/Renta-cedular-de-trabajo-1240x708.png 1240w, https:\/\/contadoreshoy.com\/wp-content\/uploads\/2020\/07\/Renta-cedular-de-trabajo-600x342.png 600w, https:\/\/contadoreshoy.com\/wp-content\/uploads\/2020\/07\/Renta-cedular-de-trabajo-768x438.png 768w, https:\/\/contadoreshoy.com\/wp-content\/uploads\/2020\/07\/Renta-cedular-de-trabajo-2000x1141.png 2000w, https:\/\/contadoreshoy.com\/wp-content\/uploads\/2020\/07\/Renta-cedular-de-trabajo.png 2001w\" sizes=\"auto, (max-width: 1240px) 100vw, 1240px\" \/><\/p>\n<p style=\"text-align: center;\"><strong><span style=\"color: #000000;\">ESTATUTO TRIBUTARIO<\/span><\/strong><\/p>\n<p style=\"text-align: center;\"><span style=\"color: #000000;\"><strong>RENTAS DE TRABAJO<\/strong><\/span><\/p>\n<p style=\"text-align: justify;\"><strong><span style=\"color: #000000;\"><span style=\"color: #000080;\">ARTICULO 103. DEFINICI\u00d3N.<\/span> &lt;Art\u00edculo modificado por el art\u00edculo <a href=\"http:\/\/www.secretariasenado.gov.co\/senado\/basedoc\/ley_0633_2000.html#21\">21<\/a> de la Ley 633 de 2000. El nuevo texto es el siguiente:&gt; Se consideran rentas exclusivas de trabajo, las obtenidas por personas naturales por concepto de salarios, comisiones, prestaciones sociales, vi\u00e1ticos, gastos de representaci\u00f3n, honorarios, emolumentos eclesi\u00e1sticos, compensaciones recibidas por el trabajo asociado cooperativo y, en general, las compensaciones por servicios personales.<\/span><\/strong><\/p>\n<p style=\"text-align: justify;\"><strong><span style=\"color: #000000;\"><span class=\"b_aj\"><span style=\"color: #000080;\">PAR\u00c1GRAFO 1o<\/span>.<\/span> Para que sean consideradas como rentas de trabajo las compensaciones recibidas por el trabajo asociado cooperativo, la pre-cooperativa o cooperativa de trabajo asociado, deber\u00e1 tener registrados sus reg\u00edmenes de trabajo y compensaciones en el Ministerio de Trabajo y Seguridad Social y los trabajadores asociados de aquellas deber\u00e1n estar vinculados a reg\u00edmenes de seguridad social en salud y pensiones aceptados por la ley, o tener el car\u00e1cter de pensionados o con asignaci\u00f3n de retiro de acuerdo con los reg\u00edmenes especiales establecidos por la ley. Igualmente, deber\u00e1n estar vinculados al sistema general de riesgos profesionales.<\/span><\/strong><\/p>\n<p style=\"text-align: justify;\"><strong><span style=\"color: #000000;\"><span class=\"b_aj\" style=\"color: #000080;\">PAR\u00c1GRAFO 2o.<\/span> Las compensaciones recibidas por el trabajo asociado cooperativo est\u00e1n gravadas con el impuesto a la renta y complementarios en los mismos t\u00e9rminos, condiciones y excepciones establecidos en el Estatuto Tributario para las rentas exentas de trabajo provenientes de la relaci\u00f3n laboral asalariada.<\/span><\/strong><\/p>\n<p style=\"text-align: justify;\"><strong><span style=\"color: #000000;\"><span style=\"color: #333399;\">ART\u00cdCULO 335 E.T. <span class=\"i_aj\">INGRESOS DE LA C\u00c9DULA GENERAL<\/span>.<\/span>&nbsp;&nbsp;Para los efectos de este t\u00edtulo, son ingresos de la c\u00e9dula general los siguientes:<\/span><\/strong><\/p>\n<p style=\"text-align: justify;\"><strong><span style=\"color: #000000;\">1. Rentas de trabajo: las se\u00f1aladas en el art\u00edculo&nbsp;<a href=\"http:\/\/www.secretariasenado.gov.co\/senado\/basedoc\/estatuto_tributario_pr004.html#103\">103<\/a>&nbsp;de este Estatuto.<br \/>\n<\/span><\/strong><\/p>\n<p><span style=\"color: #000000;\"><strong>2. Rentas de capital: las obtenidas por concepto de intereses, rendimientos financieros, arrendamientos, regal\u00edas y explotaci\u00f3n de la propiedad intelectual.<\/strong><\/span><\/p>\n<p><span style=\"color: #000000;\"><strong>3. Rentas no laborales: se consideran ingresos de las rentas no laborales todos los que no se clasifiquen expresamente en ninguna otra c\u00e9dula, con excepci\u00f3n de los dividendos y las ganancias ocasionales, que se rigen seg\u00fan sus reglas especiales.<\/strong><\/span><\/p>\n<p style=\"text-align: justify;\"><strong><span style=\"color: #000000;\"><span style=\"color: #0000ff;\"><span style=\"color: #000080;\"><span style=\"color: #333399;\"><a style=\"color: #333399;\" href=\"http:\/\/www.secretariasenado.gov.co\/senado\/basedoc\/estatuto_tributario_pr013.html#336\" target=\"_blank\" rel=\"noopener\">ART\u00cdCULO 336.<\/a>&nbsp;<span class=\"i_aj\">RENTA L\u00cdQUIDA GRAVABLE DE LA C\u00c9DULA GENERAL<\/span><\/span>.<\/span>&nbsp;<span style=\"color: #000000;\">Para efectos de establecer la renta l\u00edquida de la c\u00e9dula general, se seguir\u00e1n las siguientes reglas:&nbsp;<\/span><\/span><\/span><\/strong><\/p>\n<p style=\"text-align: justify;\"><strong><span style=\"color: #000000;\">1. Se sumar\u00e1n los ingresos obtenidos por todo concepto excepto los correspondientes a dividendos y ganancias ocasionales.<\/span><\/strong><\/p>\n<p style=\"text-align: justify;\"><strong><span style=\"color: #000000;\">2. A la suma anterior, se le restar\u00e1n los ingresos no constitutivos de renta imputables a cada ingreso.<\/span><\/strong><\/p>\n<p style=\"text-align: justify;\"><strong><span style=\"color: #000000;\">3. Al valor resultante podr\u00e1n restarse todas las rentas exentas y las deducciones especiales imputables a esta c\u00e9dula, siempre que no excedan el cuarenta (40%) del resultado del numeral anterior, que en todo caso no puede exceder de cinco mil cuarenta (5.040) UVT.<\/span><\/strong><\/p>\n<p style=\"text-align: justify;\"><strong><span style=\"color: #000000;\">4. En la depuraci\u00f3n de las rentas no laborales y las rentas de capital se podr\u00e1n restar los costos y los gastos que cumplan con los requisitos generales para su procedencia establecidos en las normas de este Estatuto y que sean imputables a estas rentas espec\u00edficas.<\/span><\/strong><\/p>\n<p style=\"text-align: justify;\"><strong><span style=\"color: #000000;\">En estos mismos t\u00e9rminos tambi\u00e9n se podr\u00e1n restar los costos y los gastos asociados a rentas de trabajo provenientes de honorarios o compensaciones por servicios personales, en desarrollo de una actividad profesional independiente. Los contribuyentes a los que les resulte aplicable el par\u00e1grafo 5 del art\u00edculo <a href=\"http:\/\/www.secretariasenado.gov.co\/senado\/basedoc\/estatuto_tributario_pr008.html#206\">206<\/a> del Estatuto Tributario deber\u00e1n optar entre restar los costos y gastos procedentes o la renta exenta prevista en el numeral 10 del mismo art\u00edculo.<\/span><\/strong><\/p>\n<p style=\"text-align: justify;\"><strong><span style=\"color: #333399;\">ARTICULO 206. RENTAS DE TRABAJO EXENTAS.&nbsp;<\/span> Est\u00e1n gravados con el impuesto sobre la renta y complementarios la totalidad de los pagos o abonos en cuenta provenientes de la relaci\u00f3n laboral o legal y reglamentaria, con excepci\u00f3n de los siguientes:<\/strong><\/p>\n<p style=\"text-align: justify;\"><strong>1. Las indemnizaciones por accidente de trabajo o enfermedad.<\/strong><\/p>\n<p style=\"text-align: justify;\"><strong>2. Las indemnizaciones que impliquen protecci\u00f3n a la maternidad.<\/strong><\/p>\n<p style=\"text-align: justify;\"><strong>3. Lo recibido por gastos de entierro del trabajador.<\/strong><\/p>\n<p style=\"text-align: justify;\"><strong>4. &lt;Ajuste de las cifras en valores absolutos en t\u00e9rminos de UVT por el art\u00edculo&nbsp;<a href=\"http:\/\/www.secretariasenado.gov.co\/senado\/basedoc\/ley_1111_2006_pr001.html#51\">51<\/a>&nbsp;de la Ley 1111 de 2006 (A partir del a\u00f1o gravable 2007). El texto con el nuevo t\u00e9rmino es el siguiente:&gt; El auxilio de cesant\u00eda y los intereses sobre cesant\u00edas, siempre y cuando sean recibidos por trabajadores cuyo ingreso mensual promedio en los seis (6) \u00faltimos meses de vinculaci\u00f3n laboral no exceda de 350 UVT.<\/strong><\/p>\n<p style=\"text-align: justify;\"><strong>Cuando el salario mensual promedio a que se refiere este numeral exceda de 350 UVT la parte no gravada se determinar\u00e1 as\u00ed:<\/strong><\/p>\n<p style=\"text-align: justify;\"><strong>Salario mensual Parte<\/strong><\/p>\n<p style=\"text-align: justify;\"><strong>Promedio No gravada %<\/strong><\/p>\n<p style=\"text-align: justify;\"><strong>Entre 350UVT Y410UVT<span class=\"b_aj\">&nbsp;<\/span>el 90%<\/strong><\/p>\n<p style=\"text-align: justify;\"><strong>Entre 410UVT Y470UVT el 80%<\/strong><\/p>\n<p style=\"text-align: justify;\"><strong>Entre 470UVT Y530UVT el 60%<\/strong><\/p>\n<p style=\"text-align: justify;\"><strong>Entre 530UVT Y590UVT el 40%<\/strong><\/p>\n<p style=\"text-align: justify;\"><strong>Entre 590UVT Y650UVT el 20%<\/strong><\/p>\n<p style=\"text-align: justify;\"><strong>De 650UVT el 0%<\/strong><\/p>\n<p style=\"text-align: justify;\"><strong>5. Las pensiones de jubilaci\u00f3n, invalidez, vejez, de sobrevivientes y sobre Riesgos Profesionales, hasta el a\u00f1o gravable de 1997. A partir del 1 de Enero de 1998 estar\u00e1n gravadas s\u00f3lo en la parte del pago mensual que exceda de&nbsp;<u>1.000 UVT<\/u>.<\/strong><\/p>\n<p style=\"text-align: justify;\"><strong>El mismo tratamiento tendr\u00e1n las Indemnizaciones Sustitutivas de las Pensiones o las devoluciones de saldos de ahorro pensional. Para el efecto, el valor exonerado del impuesto ser\u00e1 el que resulte de multiplicar la suma equivalente a&nbsp;<u>1.000 UVT<\/u>, calculados al momento de recibir la indemnizaci\u00f3n, por el n\u00famero de meses a los cuales \u00e9sta corresponda.<\/strong><\/p>\n<p style=\"text-align: justify;\"><strong>6. El seguro por muerte, las compensaciones por muerte y las prestaciones sociales en actividad y en retiro de los miembros de las Fuerzas Militares y de la Polic\u00eda Nacional.<\/strong><\/p>\n<p style=\"text-align: justify;\"><strong>7. En el caso de los Magistrados de los Tribunales, sus Fiscales y Procuradores Judiciales, se considerar\u00e1 como gastos de representaci\u00f3n exentos un porcentaje equivalente al cincuenta por ciento (50%) de su salario.<\/strong><\/p>\n<p style=\"text-align: justify;\"><strong>Para los Jueces de la Rep\u00fablica el porcentaje exento ser\u00e1 del veinticinco por ciento (25%) sobre su salario.<\/strong><\/p>\n<p style=\"text-align: justify;\"><strong>8. El exceso del salario b\u00e1sico percibido por los Oficiales, Suboficiales y Soldados Profesionales de las Fuerzas Militares y Oficiales, Suboficiales, Nivel Ejecutivo, Patrulleros y Agentes de la Polic\u00eda Nacional.<\/strong><\/p>\n<p style=\"text-align: justify;\"><strong>9. Los gastos de representaci\u00f3n de los rectores y profesores de universidades p\u00fablicas, los cuales no podr\u00e1n exceder del cincuenta (50%) de su salario.<\/strong><\/p>\n<p style=\"text-align: justify;\"><strong>10. El veinticinco por ciento (25%) del valor total de los pagos laborales, limitada mensualmente a doscientas cuarenta (240) UVT. El c\u00e1lculo de esta renta exenta se efectuar\u00e1 una vez se detraiga del valor total de los pagos laborales recibidos por el trabajador, los ingresos no constitutivos de renta, las deducciones y las dem\u00e1s rentas exentas diferentes a la establecida en el presente numeral.<\/strong><\/p>\n<p style=\"text-align: justify;\"><strong><span class=\"b_aj\">PARAGRAFO 1o.<\/span> La exenci\u00f3n prevista en los numerales 1, 2, 3, 4, y 6 de este art\u00edculo, opera \u00fanicamente sobre los valores que correspondan al m\u00ednimo legal de que tratan las normas laborales; el excedente no est\u00e1 exento del impuesto de renta y complementarios.<\/strong><\/p>\n<p style=\"text-align: justify;\"><strong><span class=\"b_aj\">PARAGRAFO 2o.<\/span> La exenci\u00f3n prevista en el numeral 10o. no se otorgar\u00e1 sobre las cesant\u00edas, sobre la porci\u00f3n de los ingresos excluida o exonerada del impuesto de renta por otras disposiciones, ni sobre la parte gravable de las pensiones.&nbsp;<u>La exenci\u00f3n del factor prestacional a que se refiere el art\u00edculo&nbsp;<\/u>18<u>&nbsp;de la Ley 50 de 1990 queda sustituida por lo previsto en este numeral<\/u>.<\/strong><\/p>\n<p style=\"text-align: justify;\"><strong><span class=\"b_aj\">PARAGRAFO 3o.<\/span> &nbsp;Para tener derecho a la exenci\u00f3n consagrada en el numeral 5 de este art\u00edculo, el contribuyente debe cumplir los requisitos necesarios para acceder a la pensi\u00f3n, de acuerdo con la Ley 100 de 1993.<\/strong><\/p>\n<p style=\"text-align: justify;\"><strong><span class=\"b_aj\">PAR\u00c1GRAFO 4o.<\/span>&nbsp;&lt;Par\u00e1grafo modificado por el art\u00edculo&nbsp;<a href=\"http:\/\/www.secretariasenado.gov.co\/senado\/basedoc\/ley_2010_2019.html#32\">32<\/a>&nbsp;de la Ley 2010 de 2019. El nuevo texto es el siguiente:&gt; Las rentas exentas establecidas en los numerales 6, 7, 8 y 9 de este art\u00edculo, no estar\u00e1n sujetas a las limitantes previstas en el numeral 3 del art\u00edculo&nbsp;<a href=\"http:\/\/www.secretariasenado.gov.co\/senado\/basedoc\/estatuto_tributario.html#336\">336<\/a>&nbsp;de este Estatuto.<\/strong><\/p>\n<p style=\"text-align: justify;\"><strong><span class=\"b_aj\">PAR\u00c1GRAFO 5o.<\/span>&nbsp;&lt;Par\u00e1grafo modificado por el art\u00edculo&nbsp;<a href=\"http:\/\/www.secretariasenado.gov.co\/senado\/basedoc\/ley_2010_2019.html#32\">32<\/a> de la Ley 2010 de 2019. El nuevo texto es el siguiente:&gt; La exenci\u00f3n prevista en el numeral 10 tambi\u00e9n procede en relaci\u00f3n con los honorarios percibidos por personas naturales que presten servicios y que contraten o vinculen por un t\u00e9rmino inferior a noventa (90) d\u00edas continuos o discontinuos menos de dos (2) trabajadores o contratistas asociados a la actividad.<\/strong><\/p>\n<p style=\"text-align: justify;\"><strong><span style=\"color: #333399;\">ART\u00cdCULO 206-1. DETERMINACI\u00d3N DE LA RENTA PARA SERVIDORES P\u00daBLICOS DIPLOM\u00c1TICOS, CONSULARES Y ADMINISTRATIVOS DEL MINISTERIO DE RELACIONES EXTERIORES.&nbsp;<\/span>&lt;Art\u00edculo modificado por el art\u00edculo&nbsp;<a href=\"http:\/\/www.secretariasenado.gov.co\/senado\/basedoc\/ley_2010_2019.html#33\">33<\/a>&nbsp;de la Ley 2010 de 2019. El nuevo texto es el siguiente:&gt; Para efectos de la determinaci\u00f3n del impuesto sobre la renta y complementarios de los servidores p\u00fablicos diplom\u00e1ticos, consulares y administrativos del Ministerio de Relaciones Exteriores, la prima especial y la prima de costo de vida de que trata el Decreto 3357 de 2009, o las normas que lo modifiquen o sustituyan, estar\u00e1n exentas del impuesto sobre la renta. El mismo tratamiento es aplicable respecto a la prima especial y la prima de costo de vida de los servidores p\u00fablicos de las plantas en el exterior que, aunque presten sus servicios fuera de Colombia, sean residentes fiscales en el pa\u00eds, de conformidad con el numeral 2 del art\u00edculo&nbsp;<a href=\"http:\/\/www.secretariasenado.gov.co\/senado\/basedoc\/estatuto_tributario.html#10\">10<\/a>&nbsp;del Estatuto Tributario.<\/strong><\/p>\n<p style=\"text-align: justify;\"><strong>Las primas de que trata este art\u00edculo, no se tendr\u00e1n en cuenta para efectos del c\u00e1lculo de los l\u00edmites establecidos en el numeral 3 del art\u00edculo&nbsp;<a href=\"http:\/\/www.secretariasenado.gov.co\/senado\/basedoc\/estatuto_tributario.html#336\">336<\/a>&nbsp;del presente Estatuto.<\/strong><\/p>\n<p style=\"text-align: justify;\"><strong><span style=\"color: #333399;\">ARTICULO 207. EXENCI\u00d3N DE PRESTACIONES PROVENIENTES DE UN FONDO DE PENSIONES.<\/span>&nbsp;Las prestaciones que reciba un contribuyente provenientes de un Fondo de Pensiones de Jubilaci\u00f3n e Invalidez, en raz\u00f3n de un plan de pensiones y por causa de vejez, invalidez, viudez, u orfandad, se asimilan a pensiones de jubilaci\u00f3n para efectos de lo previsto en el ordinal 5o. del art\u00edculo anterior.<\/strong><\/p>\n<p style=\"text-align: justify;\"><strong>Las prestaciones por causa de vejez s\u00f3lo tendr\u00e1n este tratamiento cuando el beneficiario haya cumplido cincuenta y cinco (55) a\u00f1os de edad y haya pertenecido al Fondo durante un per\u00edodo no inferior a cinco (5) a\u00f1os.<\/strong><\/p>\n<p style=\"text-align: justify;\"><strong>No obstante lo anterior, no se exigir\u00e1 el plazo de cinco (5) a\u00f1os cuando el Fondo de Pensiones asuma pensiones de jubilaci\u00f3n por raz\u00f3n de la disoluci\u00f3n de una sociedad, de conformidad con el art\u00edculo&nbsp;<a href=\"http:\/\/www.secretariasenado.gov.co\/senado\/basedoc\/codigo_comercio_pr007.html#246\">246<\/a>&nbsp;del C\u00f3digo de Comercio.<\/strong><\/p>\n<p style=\"text-align: justify;\"><strong><span style=\"color: #333399;\">ARTICULO 207-1. EXENCI\u00d3N DE CESANTIAS PAGADAS POR FONDOS DE CESANTIAS.<\/span>&nbsp;&lt;Art\u00edculo adicionado por el art\u00edculo 9 de la Ley 49 de 1990. El nuevo texto es el siguiente:&gt; Cuando el fondo pague las cesant\u00edas, estas ser\u00e1n exentas de acuerdo a lo previsto en el numeral 4o. del art\u00edculo&nbsp;<a href=\"http:\/\/www.secretariasenado.gov.co\/senado\/basedoc\/estatuto_tributario_pr008.html#206\">206<\/a>.<\/strong><\/p>\n<p style=\"text-align: justify;\"><span style=\"color: #0000ff;\"><strong>Tabla para determinar Renta l\u00edquida por Rentas de Trabajo:<\/strong><\/span><\/p>\n<table style=\"height: 294px; width: 537px; border-color: #0c09de;\">\n<tbody>\n<tr style=\"height: 24px;\">\n<td style=\"width: 25px; height: 24px;\">&nbsp;<\/td>\n<td style=\"width: 757px; text-align: justify; height: 24px;\"><span style=\"color: #0000ff;\"><b>RENTAS DE TRABAJO<\/b><\/span><\/td>\n<td style=\"width: 90px; height: 24px;\">&nbsp;<\/td>\n<td style=\"width: 88px; text-align: center; height: 24px;\"><span style=\"color: #ff0000;\">&nbsp;<\/span><\/td>\n<\/tr>\n<tr style=\"height: 24px;\">\n<td style=\"width: 25px; height: 24px;\"><span style=\"font-size: 10pt;\"><strong><span style=\"color: #ff0000;\">A<\/span><\/strong><\/span><\/td>\n<td style=\"width: 757px; text-align: left; height: 24px;\"><span style=\"font-size: 10pt;\"><strong><span style=\"color: #ff0000;\">INGRESOS BRUTOS DE LAS RENTAS DE TRABAJO<\/span><\/strong><\/span><\/td>\n<td style=\"width: 90px; height: 24px;\">&nbsp;<\/td>\n<td style=\"width: 88px; height: 24px;\">&nbsp;<\/td>\n<\/tr>\n<tr style=\"height: 24px;\">\n<td style=\"width: 25px; height: 24px;\">&nbsp;<\/td>\n<td style=\"width: 757px; text-align: justify; height: 24px;\"><span style=\"font-size: 8pt; color: #000000;\"><strong>Salarios en dinero, especie y subsidio de transporte<\/strong><\/span><\/td>\n<td style=\"width: 90px; height: 24px;\">&nbsp;<\/td>\n<td style=\"width: 88px; height: 24px;\">&nbsp;<\/td>\n<\/tr>\n<tr style=\"height: 24px;\">\n<td style=\"width: 25px; height: 24px;\">&nbsp;<\/td>\n<td style=\"width: 757px; text-align: justify; height: 24px;\"><span style=\"font-size: 8pt; color: #000000;\"><strong>Tiempo suplementario, comisiones y bonificaciones<\/strong><\/span><\/td>\n<td style=\"width: 90px; height: 24px;\">&nbsp;<\/td>\n<td style=\"width: 88px; height: 24px;\">&nbsp;<\/td>\n<\/tr>\n<tr style=\"height: 24px;\">\n<td style=\"width: 25px; height: 24px;\">&nbsp;<\/td>\n<td style=\"width: 757px; text-align: justify; height: 24px;\"><span style=\"font-size: 8pt; color: #000000;\"><strong>Vi\u00e1ticos ocasionales<\/strong><\/span><\/td>\n<td style=\"width: 90px; height: 24px;\">&nbsp;<\/td>\n<td style=\"width: 88px; height: 24px;\">&nbsp;<\/td>\n<\/tr>\n<tr style=\"height: 24px;\">\n<td style=\"width: 25px; height: 24px;\">&nbsp;<\/td>\n<td style=\"width: 757px; text-align: justify; height: 24px;\"><span style=\"font-size: 8pt; color: #000000;\"><strong>Vi\u00e1ticos permanentes<\/strong><\/span><\/td>\n<td style=\"width: 90px; height: 24px;\">&nbsp;<\/td>\n<td style=\"width: 88px; height: 24px;\">&nbsp;<\/td>\n<\/tr>\n<tr style=\"height: 48px;\">\n<td style=\"width: 25px; height: 48px;\">&nbsp;<\/td>\n<td style=\"width: 757px; text-align: justify; height: 48px;\"><span style=\"font-size: 8pt; color: #000000;\"><strong>Auxilio monetario por transporte, diferente al subsidio de transporte<\/strong><\/span><\/td>\n<td style=\"width: 90px; height: 48px;\">&nbsp;<\/td>\n<td style=\"width: 88px; height: 48px;\">&nbsp;<\/td>\n<\/tr>\n<tr>\n<td style=\"width: 25px;\">&nbsp;<\/td>\n<td style=\"width: 757px; text-align: justify;\"><span style=\"font-size: 8pt; color: #000000;\"><strong>Auxilio funerario<\/strong><\/span><\/td>\n<td style=\"width: 90px;\">&nbsp;<\/td>\n<td style=\"width: 88px;\">&nbsp;<\/td>\n<\/tr>\n<tr style=\"height: 24px;\">\n<td style=\"width: 25px; height: 24px;\">&nbsp;<\/td>\n<td style=\"width: 757px; text-align: justify; height: 24px;\"><span style=\"font-size: 8pt; color: #000000;\"><strong>Incapacidades y licencias<\/strong><\/span><\/td>\n<td style=\"width: 90px; height: 24px;\">&nbsp;<\/td>\n<td style=\"width: 88px; height: 24px;\">&nbsp;<\/td>\n<\/tr>\n<tr style=\"height: 48px;\">\n<td style=\"width: 25px; height: 48px;\">&nbsp;<\/td>\n<td style=\"width: 757px; text-align: justify; height: 48px;\"><span style=\"font-size: 8pt; color: #000000;\"><strong>Cesant\u00edas pagadas directamente al trabajador por parte del empleador<br \/>\n<\/strong><\/span><\/td>\n<td style=\"width: 90px; height: 48px;\">&nbsp;<\/td>\n<td style=\"width: 88px; height: 48px;\">&nbsp;<\/td>\n<\/tr>\n<tr>\n<td style=\"width: 25px;\">&nbsp;<\/td>\n<td style=\"width: 757px; text-align: justify;\"><span style=\"font-size: 8pt; color: #000000;\"><strong>Cesant\u00edas consignadas al fondo de cesant\u00edas encontr\u00e1ndose a disposici\u00f3n del trabajador.<\/strong><\/span><\/td>\n<td style=\"width: 90px;\">&nbsp;<\/td>\n<td style=\"width: 88px;\">&nbsp;<\/td>\n<\/tr>\n<tr style=\"height: 48px;\">\n<td style=\"width: 25px; height: 48px;\">&nbsp;<\/td>\n<td style=\"width: 757px; text-align: justify; height: 48px;\"><span style=\"font-size: 8pt; color: #000000;\"><strong>Cesant\u00edas aplicadas a cr\u00e9dito hipotecario o retiradas del fondo de cesant\u00edas<\/strong><\/span><\/td>\n<td style=\"width: 90px; height: 48px;\">&nbsp;<\/td>\n<td style=\"width: 88px; height: 48px;\">&nbsp;<\/td>\n<\/tr>\n<tr>\n<td style=\"width: 25px;\">&nbsp;<\/td>\n<td style=\"width: 757px; text-align: justify;\"><span style=\"font-size: 8pt; color: #000000;\"><strong>Cesant\u00edas reconocidas por el empleador. Se debe tomar la diferencia resultante entre los saldos a 31 de diciembre del a\u00f1o gravable materia de declaraci\u00f3n del impuesto sobre la renta y complementario, y el del a\u00f1o inmediatamente anterior. En caso de retiros parciales antes del 31 de diciembre de cada a\u00f1o, el valor correspondiente se adicionar\u00e1.&nbsp; (Para trabajadores bajo el r\u00e9gimen tradicional del auxilio de cesant\u00edas, antes de Ley 59 de 1990)<\/strong><\/span><\/td>\n<td style=\"width: 90px;\">&nbsp;<\/td>\n<td style=\"width: 88px;\">&nbsp;<\/td>\n<\/tr>\n<tr style=\"height: 24px;\">\n<td style=\"width: 25px; height: 24px;\">&nbsp;<\/td>\n<td style=\"width: 757px; text-align: justify; height: 24px;\"><span style=\"font-size: 8pt; color: #000000;\"><strong>Vacaciones<\/strong><\/span><\/td>\n<td style=\"width: 90px; height: 24px;\">&nbsp;<\/td>\n<td style=\"width: 88px; height: 24px;\">&nbsp;<\/td>\n<\/tr>\n<tr>\n<td style=\"width: 25px;\">&nbsp;<\/td>\n<td style=\"width: 757px; text-align: justify;\"><span style=\"font-size: 8pt; color: #000000;\"><strong>Prima legal y extralegales<\/strong><\/span><\/td>\n<td style=\"width: 90px;\">&nbsp;<\/td>\n<td style=\"width: 88px;\">&nbsp;<\/td>\n<\/tr>\n<tr style=\"height: 24px;\">\n<td style=\"width: 25px; height: 24px;\">&nbsp;<\/td>\n<td style=\"width: 757px; text-align: justify; height: 24px;\"><span style=\"font-size: 8pt; color: #000000;\"><strong>Indemnizaciones derivadas de una relaci\u00f3n laboral<\/strong><\/span><\/td>\n<td style=\"width: 90px; height: 24px;\">&nbsp;<\/td>\n<td style=\"width: 88px; height: 24px;\">&nbsp;<\/td>\n<\/tr>\n<tr style=\"height: 24px;\">\n<td style=\"width: 25px; height: 24px;\">&nbsp;<\/td>\n<td style=\"width: 757px; text-align: justify; height: 24px;\"><span style=\"font-size: 8pt; color: #000000;\"><strong>Subsidio familiar<\/strong><\/span><\/td>\n<td style=\"width: 90px; height: 24px;\">&nbsp;<\/td>\n<td style=\"width: 88px; height: 24px;\">&nbsp;<\/td>\n<\/tr>\n<tr style=\"height: 48px;\">\n<td style=\"width: 25px; height: 48px;\">&nbsp;<\/td>\n<td style=\"width: 757px; text-align: justify; height: 48px;\"><span style=\"font-size: 8pt; color: #000000;\"><strong>Pagos a terceros por concepto de alimentaci\u00f3n del trabajador o de su familia.<\/strong><\/span><\/td>\n<td style=\"width: 90px; height: 48px;\">&nbsp;<\/td>\n<td style=\"width: 88px; height: 48px;\">&nbsp;<\/td>\n<\/tr>\n<tr style=\"height: 24px;\">\n<td style=\"width: 25px; height: 24px;\">&nbsp;<\/td>\n<td style=\"width: 757px; text-align: justify; height: 24px;\"><span style=\"font-size: 8pt; color: #000000;\"><strong>Emolumentos eclesi\u00e1sticos<\/strong><\/span><\/td>\n<td style=\"width: 90px; height: 24px;\">&nbsp;<\/td>\n<td style=\"width: 88px; height: 24px;\">&nbsp;<\/td>\n<\/tr>\n<tr style=\"height: 24px;\">\n<td style=\"width: 25px; height: 24px;\">&nbsp;<\/td>\n<td style=\"width: 757px; text-align: justify; height: 24px;\"><span style=\"font-size: 8pt; color: #000000;\"><strong>Compensaciones recibidas por el trabajo asociado cooperativo<\/strong><\/span><\/td>\n<td style=\"width: 90px; height: 24px;\">&nbsp;<\/td>\n<td style=\"width: 88px; height: 24px;\">&nbsp;<\/td>\n<\/tr>\n<tr style=\"height: 96px;\">\n<td style=\"width: 25px; height: 96px;\">&nbsp;<\/td>\n<td style=\"width: 757px; text-align: justify; height: 96px;\"><span style=\"font-size: 8pt; color: #000000;\"><strong>Honorarios recibidos por personas naturales que no hayan contratado 2 o m\u00e1s trabajadores asociados a la actividad por un tiempo de vinculaci\u00f3n igual o mayor a 90 d\u00edas continuos o discontinuos, siempre y cuando no impute costos y deducciones.<\/strong><\/span><\/td>\n<td style=\"width: 90px; height: 96px;\">&nbsp;<\/td>\n<td style=\"width: 88px; height: 96px;\">&nbsp;<\/td>\n<\/tr>\n<tr style=\"height: 24px;\">\n<td style=\"width: 25px; height: 24px;\">&nbsp;<\/td>\n<td style=\"width: 757px; text-align: justify; height: 24px;\"><span style=\"font-size: 8pt; color: #000000;\"><strong>&nbsp;Pagos por servicios personales que se asimilen a rentas de trabajo, siempre y cuando no impute costos y deducciones.<\/strong><\/span><\/td>\n<td style=\"width: 90px; height: 24px;\">&nbsp;<\/td>\n<td style=\"width: 88px; height: 24px;\">&nbsp;<\/td>\n<\/tr>\n<tr style=\"height: 48px;\">\n<td style=\"width: 25px; height: 48px;\">&nbsp;<\/td>\n<td style=\"width: 757px; text-align: justify; height: 48px;\"><span style=\"font-size: 8pt; color: #000000;\"><strong>Apoyos econ\u00f3micos para financiar programas educativos, cuando se otorgan en raz\u00f3n a una relaci\u00f3n laboral<\/strong><\/span><\/td>\n<td style=\"width: 90px; height: 48px;\">&nbsp;<\/td>\n<td style=\"width: 88px; height: 48px;\">&nbsp;<\/td>\n<\/tr>\n<tr style=\"height: 24px;\">\n<td style=\"width: 25px; height: 24px;\">&nbsp;<\/td>\n<td style=\"width: 757px; text-align: justify; height: 24px;\"><span style=\"font-size: 8pt; color: #000000;\"><strong>Ingresos por rentas laborales obtenidos en el exterior<\/strong><\/span><\/td>\n<td style=\"width: 90px; height: 24px;\">&nbsp;<\/td>\n<td style=\"width: 88px; height: 24px;\">&nbsp;<\/td>\n<\/tr>\n<tr style=\"height: 48px;\">\n<td style=\"width: 25px; height: 48px;\">&nbsp;<\/td>\n<td style=\"width: 757px; text-align: justify; height: 48px;\"><span style=\"font-size: 8pt; color: #000000;\"><strong>Rentas laborales obtenidas en pa\u00edses miembros de la Comunidad Andina -CAN. Bolivia, Colombia, Ecuador, Per\u00fa y Venezuela.<\/strong><\/span><\/td>\n<td style=\"width: 90px; height: 48px;\">&nbsp;<\/td>\n<td style=\"width: 88px; height: 48px;\">&nbsp;<\/td>\n<\/tr>\n<tr style=\"height: 26px;\">\n<td style=\"width: 25px; height: 26px;\"><span style=\"color: #ff0000;\"><span style=\"font-size: 13.3333px;\"><b>B<\/b><\/span><\/span><\/td>\n<td style=\"width: 757px; text-align: left; height: 26px;\"><span style=\"font-size: 10pt;\"><strong><span style=\"color: #ff0000;\">INGRESOS NO CONSTITUTIVOS DE RENTA DE LAS RENTAS DE TRABAJO<br \/>\n<\/span><\/strong><\/span><\/td>\n<td style=\"width: 90px; height: 26px;\">&nbsp;<\/td>\n<td style=\"width: 88px; height: 26px;\">&nbsp;<\/td>\n<\/tr>\n<tr style=\"height: 96px;\">\n<td style=\"width: 25px; height: 96px;\">&nbsp;<\/td>\n<td style=\"width: 757px; text-align: justify; height: 96px;\"><span style=\"font-size: 8pt;\"><strong><span style=\"color: #000000;\">Pagos a terceros por concepto de alimentaci\u00f3n del trabajador o de su familia (Art 387-1 E.T.). Opera para trabajadores con salarios mensuales inferiores a 310 UVT. El valor a deducir no puede ser superior a 41 UVT mensuales<\/span><\/strong><\/span><\/td>\n<td style=\"width: 90px; height: 96px;\">&nbsp;<\/td>\n<td style=\"width: 88px; height: 96px;\">&nbsp;<\/td>\n<\/tr>\n<tr style=\"height: 48px;\">\n<td style=\"width: 25px; height: 48px;\">&nbsp;<\/td>\n<td style=\"width: 757px; text-align: justify; height: 48px;\"><span style=\"font-size: 8pt;\"><strong><span style=\"color: #000000;\">Pagos de transporte diferentes al subsidio de transporte. (Concepto DIAN 18381 junio 1990)<\/span><\/strong><\/span><\/td>\n<td style=\"width: 90px; height: 48px;\">&nbsp;<\/td>\n<td style=\"width: 88px; height: 48px;\">&nbsp;<\/td>\n<\/tr>\n<tr style=\"height: 96px;\">\n<td style=\"width: 25px; height: 96px;\">&nbsp;<\/td>\n<td style=\"width: 757px; text-align: justify; height: 96px;\"><span style=\"font-size: 8pt;\"><strong><span style=\"color: #000000;\">Vi\u00e1ticos ocasionales (Art 10 Decreto 537 de 1987 y Art 8 Decreto 823 de 1987), siempre y cuando se hayan entregado los soportes correspondientes para realizar el reembolso al trabajador (Concepto DIAN 071735 julio 18 de 2000)<\/span><\/strong><\/span><\/td>\n<td style=\"width: 90px; height: 96px;\">&nbsp;<\/td>\n<td style=\"width: 88px; height: 96px;\">&nbsp;<\/td>\n<\/tr>\n<tr style=\"height: 24px;\">\n<td style=\"width: 25px; height: 24px;\">&nbsp;<\/td>\n<td style=\"width: 757px; text-align: justify; height: 24px;\"><span style=\"font-size: 8pt;\"><strong><span style=\"color: #000000;\">Aportes obligatorios al sistema general de pensiones (Art. 55 E.T.)<\/span><\/strong><\/span><\/td>\n<td style=\"width: 90px; height: 24px;\">&nbsp;<\/td>\n<td style=\"width: 88px; height: 24px;\">&nbsp;<\/td>\n<\/tr>\n<tr style=\"height: 24px;\">\n<td style=\"width: 25px; height: 24px;\">&nbsp;<\/td>\n<td style=\"width: 757px; text-align: justify; height: 24px;\"><span style=\"font-size: 8pt;\"><strong><span style=\"color: #000000;\">Aportes obligatorios al sistema general de salud (Art. 56 E.T.)<\/span><\/strong><\/span><\/td>\n<td style=\"width: 90px; height: 24px;\">&nbsp;<\/td>\n<td style=\"width: 88px; height: 24px;\">&nbsp;<\/td>\n<\/tr>\n<tr style=\"height: 96px;\">\n<td style=\"width: 25px; height: 96px;\">&nbsp;<\/td>\n<td style=\"width: 757px; text-align: justify; height: 96px;\"><span style=\"font-size: 8pt;\"><strong><span style=\"color: #000000;\">Aportes voluntarios al R\u00e9gimen de pensiones de Ahorro individual con solidaridad (RAIS). Art\u00edculo 1.2.1.12.9 Decreto 1625 de 2016. (No debe exceder el 25% del ingreso laboral o tributario anual, limitado a 2.500 UVT).<\/span><\/strong><\/span><\/td>\n<td style=\"width: 90px; height: 96px;\">&nbsp;<\/td>\n<td style=\"width: 88px; height: 96px;\">&nbsp;<\/td>\n<\/tr>\n<tr style=\"height: 96px;\">\n<td style=\"width: 25px; height: 96px;\">&nbsp;<\/td>\n<td style=\"width: 757px; text-align: justify; height: 96px;\"><span style=\"font-size: 8pt;\"><strong><span style=\"color: #000000;\">Apoyos econ\u00f3micos no reembolsables o condonados entregados por el Estado o financiados con recursos p\u00fablicos, para financiar programas educativos, cuando sean otorgados en raz\u00f3n a una relaci\u00f3n de tipo laboral.<\/span><\/strong><\/span><\/td>\n<td style=\"width: 90px; height: 96px;\">&nbsp;<\/td>\n<td style=\"width: 88px; height: 96px;\">&nbsp;<\/td>\n<\/tr>\n<tr style=\"height: 48px;\">\n<td style=\"width: 25px; height: 48px;\">&nbsp;<\/td>\n<td style=\"width: 757px; text-align: justify; height: 48px;\"><span style=\"font-size: 8pt;\"><strong><span style=\"color: #000000;\">Aportes al Sistema General de Riesgos Laborales. Concepto DIAN 912 de julio 19 de 2018.<\/span><\/strong><\/span><\/td>\n<td style=\"width: 90px; height: 48px;\">&nbsp;<\/td>\n<td style=\"width: 88px; height: 48px;\">&nbsp;<\/td>\n<\/tr>\n<tr style=\"height: 24px;\">\n<td style=\"width: 25px; height: 24px;\">&nbsp;<\/td>\n<td style=\"width: 757px; text-align: justify; height: 24px;\"><span style=\"font-size: 8pt;\"><strong><span style=\"color: #000000;\">Subsidio familiar. Art. 3 Ley 21 de 1982<\/span><\/strong><\/span><\/td>\n<td style=\"width: 90px; height: 24px;\">&nbsp;<\/td>\n<td style=\"width: 88px; height: 24px;\">&nbsp;<\/td>\n<\/tr>\n<tr>\n<td style=\"width: 25px;\">&nbsp;<\/td>\n<td style=\"width: 757px; text-align: justify;\"><span style=\"font-size: 8pt;\"><strong><span style=\"color: #000000;\">Aporte solidario voluntario por COVID-19 (Art.9 Decreto legislativo 568 de 2020)<\/span><\/strong><\/span><\/td>\n<td style=\"width: 90px;\">&nbsp;<\/td>\n<td style=\"width: 88px;\">&nbsp;<\/td>\n<\/tr>\n<tr>\n<td style=\"width: 25px;\"><span style=\"color: #0000ff;\"><b>1<\/b><\/span><\/td>\n<td style=\"width: 757px; text-align: justify;\">\n<h5><span style=\"color: #0000ff;\"><strong>RENTA L\u00cdQUIDA DE LAS RENTAS DE TRABAJO<\/strong><\/span><\/h5>\n<\/td>\n<td style=\"width: 90px;\">&nbsp;<\/td>\n<td style=\"width: 88px; text-align: center;\"><span style=\"color: #ff0000;\"><strong>(A-B)<\/strong><\/span><\/td>\n<\/tr>\n<tr style=\"height: 24px;\">\n<td style=\"width: 25px; height: 24px;\"><span style=\"color: #0000ff;\"><strong>&nbsp;2<\/strong><\/span><\/td>\n<td style=\"width: 757px; text-align: left; height: 24px;\"><span style=\"color: #0000ff;\"><strong>DEDUCCIONES IMPUTABLES<\/strong><\/span><\/td>\n<td style=\"width: 90px; height: 24px;\">&nbsp;<\/td>\n<td style=\"width: 88px; text-align: center; height: 24px;\">&nbsp;<span style=\"font-size: 10pt;\"><strong><span style=\"color: #ff0000;\">(D)<\/span><\/strong><\/span><\/td>\n<\/tr>\n<tr style=\"height: 48px;\">\n<td style=\"width: 25px; height: 48px;\"><span style=\"color: #ff0000;\"><span style=\"font-size: 13.3333px;\"><b>D<\/b><\/span><\/span><\/td>\n<td style=\"width: 757px; text-align: left; height: 48px;\"><span style=\"color: #ff0000; font-size: 10pt;\"><strong>DEDUCCIONES ART\u00cdCULO 387 E.T. Y GRAVAMEN FINANCIERO<\/strong><\/span><\/td>\n<td style=\"width: 90px; height: 48px;\">&nbsp;<\/td>\n<td style=\"width: 88px; height: 48px;\">&nbsp;<\/td>\n<\/tr>\n<tr style=\"height: 72px;\">\n<td style=\"width: 25px; height: 72px;\">&nbsp;<\/td>\n<td style=\"width: 757px; text-align: justify; height: 72px;\"><span style=\"font-size: 8pt;\"><strong><span style=\"color: #000000;\">Intereses o correcci\u00f3n monetaria en virtud de pr\u00e9stamos para vivienda&nbsp; <a href=\"http:\/\/www.secretariasenado.gov.co\/senado\/basedoc\/estatuto_tributario_pr005.html#119\" target=\"_blank\" rel=\"noopener\">Art. 119 E.T<\/a>.- Intereses que se paguen sobre pr\u00e9stamos para adquisici\u00f3n de vivienda del contribuyente, siempre que el pr\u00e9stamo est\u00e9 garantizado con hipoteca, si el acreedor no est\u00e1 sometido a la vigilancia del Estado. Cuando el pr\u00e9stamo de vivienda fue adquirido en UPAC (hoy UVR), la deducci\u00f3n por intereses estar\u00e1 limitada a las primeras 4.553 UPAC (hoy UVR) del respectivo pr\u00e9stamo. La deducci\u00f3n no podr\u00e1 exceder de 1.200 UVT<\/span><\/strong><\/span><\/td>\n<td style=\"width: 90px; height: 72px;\">&nbsp;<\/td>\n<td style=\"width: 88px; height: 72px;\">&nbsp;<\/td>\n<\/tr>\n<tr>\n<td style=\"width: 25px;\">&nbsp;<\/td>\n<td style=\"width: 757px; text-align: justify;\"><span style=\"font-size: 8pt;\"><strong><span style=\"color: #000000;\">Aportes a t\u00edtulo de cesant\u00eda, realizados por los part\u00edcipes independientes (Inciso 6. <a href=\"http:\/\/www.secretariasenado.gov.co\/senado\/basedoc\/estatuto_tributario_pr005.html#126-1\" target=\"_blank\" rel=\"noopener\">Art. 126-1 E.T.<\/a>) Deducible de la renta hasta la suma de 2.500 UVT, sin que excedan de un doceavo del ingreso gravable del respectivo a\u00f1o.<\/span><\/strong><\/span><\/td>\n<td style=\"width: 90px;\">&nbsp;<\/td>\n<td style=\"width: 88px;\">&nbsp;<\/td>\n<\/tr>\n<tr style=\"height: 96px;\">\n<td style=\"width: 25px; height: 96px;\">&nbsp;<\/td>\n<td style=\"width: 757px; text-align: justify; height: 96px;\"><span style=\"font-size: 8pt;\"><strong><span style=\"color: #000000;\">Pagos a empresas de medicina prepagada, o a compa\u00f1\u00edas de seguros de salud&nbsp; vigiladas por la Superfinanciera, que impliquen protecci\u00f3n al trabajador, su c\u00f3nyuge, sus hijos y\/o dependientes, hasta un m\u00e1ximo de 16 UVT mensuales.<\/span><\/strong><\/span><\/td>\n<td style=\"width: 90px; height: 96px;\">&nbsp;<\/td>\n<td style=\"width: 88px; height: 96px;\">&nbsp;<\/td>\n<\/tr>\n<tr style=\"height: 72px;\">\n<td style=\"width: 25px; height: 72px;\">&nbsp;<\/td>\n<td style=\"width: 757px; text-align: justify; height: 72px;\"><span style=\"font-size: 8pt;\"><strong><span style=\"color: #000000;\">Deducci\u00f3n hasta del 10% del total de los ingresos brutos provenientes de la relaci\u00f3n laboral, por concepto de dependientes, hasta un m\u00e1ximo de 32 UVT mensuales. (Art\u00edculo 1.2.4.1.18 Decreto 1625 de 2016)<br \/>\n<\/span><\/strong><\/span><\/td>\n<td style=\"width: 90px; height: 72px;\">&nbsp;<\/td>\n<td style=\"width: 88px; height: 72px;\">&nbsp;<\/td>\n<\/tr>\n<tr style=\"height: 24px;\">\n<td style=\"width: 25px; height: 24px;\">&nbsp;<\/td>\n<td style=\"width: 757px; text-align: justify; height: 24px;\"><span style=\"font-size: 8pt;\"><strong><span style=\"color: #000000;\">&nbsp;50% del gravamen financiero efectivamente pagado y certificado.<\/span><\/strong><\/span><\/td>\n<td style=\"width: 90px; height: 24px;\">&nbsp;<\/td>\n<td style=\"width: 88px; height: 24px;\">&nbsp;<\/td>\n<\/tr>\n<tr>\n<td style=\"width: 25px;\">&nbsp;<\/td>\n<td style=\"width: 757px; text-align: justify;\"><span style=\"font-size: 8pt;\"><strong><span style=\"color: #000000;\">Deducci\u00f3n de intereses sobre pr\u00e9stamos educativos del ICETEX, sin exceder anualmente de 100 UVT (Art. 119 E.T.)<\/span><\/strong><\/span><\/td>\n<td style=\"width: 90px;\">&nbsp;<\/td>\n<td style=\"width: 88px;\">&nbsp;<\/td>\n<\/tr>\n<tr style=\"height: 24px;\">\n<td style=\"width: 25px; height: 24px;\"><strong><span style=\"color: #0000ff;\">&nbsp;3<\/span><\/strong><\/td>\n<td style=\"width: 757px; text-align: left; height: 24px;\"><strong><span style=\"color: #0000ff;\">RENTAS EXENTAS DE TRABAJO<\/span><\/strong><\/td>\n<td style=\"width: 90px; height: 24px;\">&nbsp;<\/td>\n<td style=\"width: 88px; text-align: center; height: 24px;\">&nbsp;<span style=\"font-size: 10pt;\"><strong><span style=\"color: #ff0000;\">(E+F+G)<\/span><\/strong><\/span><\/td>\n<\/tr>\n<tr style=\"height: 24px;\">\n<td style=\"width: 25px; height: 24px;\"><span style=\"font-size: 10pt;\"><strong><span style=\"color: #ff0000;\">E<\/span><\/strong><\/span><\/td>\n<td style=\"width: 757px; text-align: left; height: 24px;\"><span style=\"font-size: 10pt;\"><strong><span style=\"color: #ff0000;\">RENTAS EXENTAS VARIAS<\/span><\/strong><\/span><\/td>\n<td style=\"width: 90px; height: 24px;\">&nbsp;<\/td>\n<td style=\"width: 88px; height: 24px;\">&nbsp;<\/td>\n<\/tr>\n<tr style=\"height: 120px;\">\n<td style=\"width: 25px; height: 120px;\">&nbsp;<\/td>\n<td style=\"width: 757px; text-align: justify; height: 120px;\"><span style=\"font-size: 8pt;\"><strong><span style=\"color: #000000;\">Aportes voluntarios a fondos de pensiones hasta una suma que adicionada al valor de los aportes a las cuentas AFC, de que trata el art\u00edculo 126-4, no exceda el 30% del ingreso laboral o ingreso tributario del a\u00f1o, hasta una monto m\u00e1ximo de 3.800 UVT por a\u00f1o (Art. 126-1 E.T.)<\/span><\/strong><\/span><\/td>\n<td style=\"width: 90px; height: 120px;\">&nbsp;<\/td>\n<td style=\"width: 88px; height: 120px;\">&nbsp;<\/td>\n<\/tr>\n<tr style=\"height: 144px;\">\n<td style=\"width: 25px; height: 144px;\">&nbsp;<\/td>\n<td style=\"width: 757px; text-align: justify; height: 144px;\"><span style=\"font-size: 8pt;\"><strong><span style=\"color: #000000;\">Aportes del part\u00edcipe independiente a los seguros privados de pensiones, hasta una suma que adicionada al valor de los aportes a las cuentas de ahorro para el fomento de la construcci\u00f3n (AFC), de que trata el art\u00edculo 126-4 del E.T., no exceda del 30% del ingreso laboral o ingreso tributario del a\u00f1o, hasta un m\u00e1ximo de 3.800 UVT por a\u00f1o<\/span><\/strong><\/span><\/td>\n<td style=\"width: 90px; height: 144px;\">&nbsp;<\/td>\n<td style=\"width: 88px; height: 144px;\">&nbsp;<\/td>\n<\/tr>\n<tr style=\"height: 168px;\">\n<td style=\"width: 25px; height: 168px;\">&nbsp;<\/td>\n<td style=\"width: 757px; text-align: justify; height: 168px;\"><span style=\"font-size: 8pt;\"><strong><span style=\"color: #000000;\">Sumas depositadas en las cuentas de ahorro denominadas \u00abAhorro para el fomento a la construcci\u00f3n AFC\u00bb, hasta un valor que, adicionado al valor de los aportes voluntarios a los seguros privados de pensiones y a los fondos de pensiones voluntarias de que trata el art\u00edculo 126-1 E.T., no exceda del 30% del ingreso laboral o del ingreso tributario del a\u00f1o, seg\u00fan corresponda hasta un monto m\u00e1ximo de 3.800 UVT por a\u00f1o<\/span><\/strong><\/span><\/td>\n<td style=\"width: 90px; height: 168px;\">&nbsp;<\/td>\n<td style=\"width: 88px; height: 168px;\">&nbsp;<\/td>\n<\/tr>\n<tr style=\"height: 48px;\">\n<td style=\"width: 25px; height: 48px;\">&nbsp;<\/td>\n<td style=\"width: 757px; text-align: justify; height: 48px;\"><span style=\"font-size: 8pt;\"><strong><span style=\"color: #000000;\">Rentas laborales obtenidas en pa\u00edses miembros de la Comunidad Andina -CAN. Bolivia, Colombia, Ecuador, Per\u00fa y Venezuela. (No sujeto a las limitantes del numeral 3 del art\u00edculo 336 E.T.).<br \/>\n<\/span><\/strong><\/span><\/td>\n<td style=\"width: 90px; height: 48px;\">&nbsp;<\/td>\n<td style=\"width: 88px; height: 48px;\">&nbsp;<\/td>\n<\/tr>\n<tr>\n<td style=\"width: 25px;\">&nbsp;<\/td>\n<td style=\"width: 757px; text-align: justify;\"><span style=\"font-size: 8pt;\"><strong><span style=\"color: #000000;\">Ingresos derivados de los convenios para evitar la doble tributaci\u00f3n y los que la ley se\u00f1ale expresamente como tal. (No sujeto a las limitantes del numeral 3 del art\u00edculo 336 E.T.)<\/span><\/strong><\/span><\/td>\n<td style=\"width: 90px;\">&nbsp;<\/td>\n<td style=\"width: 88px;\">&nbsp;<\/td>\n<\/tr>\n<tr style=\"height: 120px;\">\n<td style=\"width: 25px; height: 120px;\">&nbsp;<\/td>\n<td style=\"width: 757px; text-align: justify; height: 120px;\"><span style=\"font-size: 8pt;\"><strong><span style=\"color: #000000;\">Prima especial y de costo de vida de que trata el Decreto 3357 de 2009 de los servidores p\u00fablicos diplom\u00e1ticos, consulares y administrativos del Ministerio de Relaciones Exteriores. (Art. 206-1 E.T.). Esta prima no se tendr\u00e1 en cuenta para efectos del c\u00e1lculo de los l\u00edmites establecidos en el numeral 3 del art\u00edculo 336 E.T.<\/span><\/strong><\/span><\/td>\n<td style=\"width: 90px; height: 120px;\">&nbsp;<\/td>\n<td style=\"width: 88px; height: 120px;\">&nbsp;<\/td>\n<\/tr>\n<tr style=\"height: 120px;\">\n<td style=\"width: 25px; height: 120px;\">&nbsp;<\/td>\n<td style=\"width: 757px; text-align: justify; height: 120px;\"><span style=\"font-size: 8pt;\"><strong><span style=\"color: #000000;\">Bonificaciones y\/o indemnizaciones que reciban los servidores p\u00fablicos en virtud de programas de retiro de personal de las entidades p\u00fablicas nacionales, departamentales, distritales y municipales.<\/span><\/strong><\/span><\/td>\n<td style=\"width: 90px; height: 120px;\">&nbsp;<\/td>\n<td style=\"width: 88px; height: 120px;\">&nbsp;<\/td>\n<\/tr>\n<tr style=\"height: 24px;\">\n<td style=\"width: 25px; height: 24px;\"><span style=\"font-size: 10pt; color: #ff0000;\"><strong>&nbsp;F<\/strong><\/span><\/td>\n<td style=\"width: 757px; text-align: left; height: 24px;\"><span style=\"font-size: 10pt; color: #ff0000;\"><strong>RENTAS EXENTAS ART\u00cdCULO 206 E.T.<\/strong><\/span><\/td>\n<td style=\"width: 90px; height: 24px;\">&nbsp;<\/td>\n<td style=\"width: 88px; height: 24px;\">&nbsp;<\/td>\n<\/tr>\n<tr style=\"height: 48px;\">\n<td style=\"width: 25px; height: 48px;\">&nbsp;<\/td>\n<td style=\"width: 757px; text-align: justify; height: 48px;\"><span style=\"font-size: 8pt;\"><strong><span style=\"color: #000000;\">1) Las indemnizaciones por accidente de trabajo o enfermedad (Limitado al m\u00ednimo legal)<\/span><\/strong><\/span><\/td>\n<td style=\"width: 90px; height: 48px;\">&nbsp;<\/td>\n<td style=\"width: 88px; height: 48px;\">&nbsp;<\/td>\n<\/tr>\n<tr style=\"height: 48px;\">\n<td style=\"width: 25px; height: 48px;\">&nbsp;<\/td>\n<td style=\"width: 757px; text-align: justify; height: 48px;\"><span style=\"font-size: 8pt;\"><strong><span style=\"color: #000000;\">2) Las indemnizaciones que impliquen protecci\u00f3n a la maternidad (Limitado al m\u00ednimo legal)<\/span><\/strong><\/span><\/td>\n<td style=\"width: 90px; height: 48px;\">&nbsp;<\/td>\n<td style=\"width: 88px; height: 48px;\">&nbsp;<\/td>\n<\/tr>\n<tr style=\"height: 48px;\">\n<td style=\"width: 25px; height: 48px;\">&nbsp;<\/td>\n<td style=\"width: 757px; text-align: justify; height: 48px;\"><span style=\"font-size: 8pt;\"><strong><span style=\"color: #000000;\">3) Lo recibido por gastos de entierro del trabajador. (Limitado al m\u00ednimo legal)<\/span><\/strong><\/span><\/td>\n<td style=\"width: 90px; height: 48px;\">&nbsp;<\/td>\n<td style=\"width: 88px; height: 48px;\">&nbsp;<\/td>\n<\/tr>\n<tr style=\"height: 96px;\">\n<td style=\"width: 25px; height: 96px;\">&nbsp;<\/td>\n<td style=\"width: 757px; text-align: justify; height: 96px;\"><span style=\"font-size: 8pt;\"><strong><span style=\"color: #000000;\">4) El auxilio de cesant\u00edas y los intereses sobre cesant\u00edas, siempre y cuando sean recibidos por trabajadores cuyo ingreso mensual promedio en los seis (6) \u00faltimos meses de vinculaci\u00f3n laboral no exceda de 350 UVT, (Limitado al m\u00ednimo legal).<\/span><\/strong><\/span><\/td>\n<td style=\"width: 90px; height: 96px;\">&nbsp;<\/td>\n<td style=\"width: 88px; height: 96px;\">&nbsp;<\/td>\n<\/tr>\n<tr style=\"height: 117px;\">\n<td style=\"width: 25px; height: 117px;\">&nbsp;<\/td>\n<td style=\"width: 757px; text-align: justify; height: 117px;\"><span style=\"font-size: 8pt;\"><strong><span style=\"color: #000000;\">5) El seguro por muerte, y las compensaciones por muerte de los miembros de las Fuerzas Militares y de la Polic\u00eda Nacional. (Limitado al m\u00ednimo legal). (No sujeto a las limitantes del numeral 3 del art\u00edculo 336 E.T.)<\/span><\/strong><\/span><\/td>\n<td style=\"width: 90px; height: 117px;\">&nbsp;<\/td>\n<td style=\"width: 88px; height: 117px;\">&nbsp;<\/td>\n<\/tr>\n<tr style=\"height: 144px;\">\n<td style=\"width: 25px; height: 144px;\">&nbsp;<\/td>\n<td style=\"width: 757px; text-align: justify; height: 144px;\"><span style=\"font-size: 8pt;\"><strong><span style=\"color: #000000;\">6) En el caso de los magistrados de los tribunales sus fiscales, y procuradores judiciales, se considerar\u00e1 como gastos de representaci\u00f3n exentos, un porcentaje equivalente al 50% de su salario (A partir del a\u00f1o gravable 2020 se incluye a los procuradores judiciales). Para los jueces de la Rep\u00fablica el porcentaje exento ser\u00e1 del 25% sobre su salario. (No sujeto a las limitantes del numeral 3 del art\u00edculo 336 E.T.).&nbsp;<br \/>\n<\/span><\/strong><\/span><\/td>\n<td style=\"width: 90px; height: 144px;\">&nbsp;<\/td>\n<td style=\"width: 88px; height: 144px;\">&nbsp;<\/td>\n<\/tr>\n<tr style=\"height: 96px;\">\n<td style=\"width: 25px; height: 96px;\">&nbsp;<\/td>\n<td style=\"width: 757px; text-align: justify; height: 96px;\"><span style=\"font-size: 8pt;\"><strong><span style=\"color: #000000;\">7) El exceso del salario b\u00e1sico percibido por los oficiales, suboficiales y soldados profesionales de las Fuerzas Militares y oficiales, suboficiales, nivel ejecutivo, patrulleros y agentes de la polic\u00eda nacional. (No sujeto a las limitantes del numeral 3 del art\u00edculo 336 E.T.)<br \/>\n<\/span><\/strong><\/span><\/td>\n<td style=\"width: 90px; height: 96px;\">&nbsp;<\/td>\n<td style=\"width: 88px; height: 96px;\">&nbsp;<\/td>\n<\/tr>\n<tr style=\"height: 72px;\">\n<td style=\"width: 25px; height: 72px;\">&nbsp;<\/td>\n<td style=\"width: 757px; text-align: justify; height: 72px;\"><span style=\"font-size: 8pt;\"><strong><span style=\"color: #000000;\">8) Los gastos de representaci\u00f3n de los rectores y profesores de universidades p\u00fablicas, los cuales no podr\u00e1n exceder del cincuenta (50%) de su salario. (No sujeto a las limitantes del numeral 3 del art\u00edculo 336 E.T.).<br \/>\n<\/span><\/strong><\/span><\/td>\n<td style=\"width: 90px; height: 72px;\">&nbsp;<\/td>\n<td style=\"width: 88px; height: 72px;\">&nbsp;<\/td>\n<\/tr>\n<tr style=\"height: 48px;\">\n<td style=\"width: 25px; height: 48px;\"><span style=\"font-size: 10pt;\"><strong><span style=\"color: #ff0000;\">&nbsp;G<\/span><\/strong><\/span><\/td>\n<td style=\"width: 757px; text-align: justify; height: 48px;\"><span style=\"font-size: 10pt;\"><strong><span style=\"color: #ff0000;\">EXENCI\u00d3N 25% SEG\u00daN N\u00daMERAL 10 ART. 206 E.T.<\/span><\/strong><\/span><\/td>\n<td style=\"width: 90px; height: 48px;\">&nbsp;<span style=\"font-size: 10pt; color: #ff0000;\"><strong>(1-2-D-E-F)*25%<\/strong><\/span><\/td>\n<td style=\"width: 88px; height: 48px;\">&nbsp;<\/td>\n<\/tr>\n<tr style=\"height: 144px;\">\n<td style=\"width: 25px; height: 144px;\">&nbsp;<\/td>\n<td style=\"width: 757px; text-align: justify; height: 144px;\">&nbsp;<span style=\"font-size: 8pt;\"><strong><span style=\"color: #000000;\">El 25% del valor total de los pagos laborales, limitada mensualmente a 240 UVT. El c\u00e1lculo de esta renta exenta se efectuar\u00e1 una vez se detraiga del valor total de los pagos laborales recibidos por el trabajador, los ingresos no constitutivos de renta, las deducciones imputables y las dem\u00e1s rentas exentas diferentes a la establecida en el presente numeral<\/span><\/strong><\/span><\/td>\n<td style=\"width: 90px; height: 144px;\">&nbsp;<\/td>\n<td style=\"width: 88px; height: 144px;\">&nbsp;<\/td>\n<\/tr>\n<tr>\n<td style=\"width: 25px;\">&nbsp;<\/td>\n<td style=\"width: 757px; text-align: justify;\">\n<h6>Esta exenci\u00f3n tambi\u00e9n procede en relaci\u00f3n con los honorarios percibidos por personas naturales que presten servicios y que se asimilen a rentas de trabajo.<\/h6>\n<\/td>\n<td style=\"width: 90px;\">&nbsp;<\/td>\n<td style=\"width: 88px;\">&nbsp;<\/td>\n<\/tr>\n<tr>\n<td style=\"width: 25px;\">&nbsp;<\/td>\n<td style=\"width: 757px; text-align: justify;\">\n<h6><span style=\"font-size: 8pt;\"><strong><span style=\"color: #000000;\">Las rentas de trabajo provenientes de honorarios o compensaci\u00f3n de servicios personales, en desarrollo de una actividad profesional independiente, y que les resulte aplicable el par\u00e1grafo 5 del art\u00edculo 206 E.T., deber\u00e1n optar entre restar los costos y gastos procedentes, o la renta exenta prevista en el numeral 10 del mismo art\u00edculo.<\/span><\/strong><\/span><\/h6>\n<\/td>\n<td style=\"width: 90px;\">&nbsp;<\/td>\n<td style=\"width: 88px;\">&nbsp;<\/td>\n<\/tr>\n<tr style=\"height: 48px;\">\n<td style=\"width: 25px; height: 48px;\"><span style=\"color: #0000ff;\"><strong>&nbsp;4<\/strong><\/span><\/td>\n<td style=\"width: 757px; text-align: justify; height: 48px;\"><span style=\"color: #0000ff;\"><strong>RENTAS EXENTAS Y DEDUCCIONES IMPUTABLES<\/strong><\/span><\/td>\n<td style=\"width: 90px; height: 48px;\">&nbsp;<\/td>\n<td style=\"width: 88px; text-align: center; height: 48px;\">&nbsp;<strong><span style=\"color: #0000ff;\">(2+3)<\/span><\/strong><\/td>\n<\/tr>\n<tr style=\"height: 48px;\">\n<td style=\"width: 25px; height: 48px;\"><strong><span style=\"color: #0000ff;\">&nbsp;5<\/span><\/strong><\/td>\n<td style=\"width: 757px; text-align: justify; height: 48px;\"><strong><span style=\"color: #0000ff;\">LIMITACI\u00d3N RENTAS EXENTAS Y DEDUCCIONES IMPUTABLES. <a href=\"http:\/\/www.secretariasenado.gov.co\/senado\/basedoc\/estatuto_tributario_pr013.html#336\" target=\"_blank\" rel=\"noopener\">Art. 336 E.T.&nbsp;<\/a><\/span><\/strong><\/td>\n<td style=\"width: 90px; height: 48px;\">&nbsp;<\/td>\n<td style=\"width: 88px; text-align: center; height: 48px;\">&nbsp;<strong><span style=\"color: #0000ff;\">(1)*40%<\/span><\/strong><\/td>\n<\/tr>\n<tr style=\"height: 120px;\">\n<td style=\"width: 25px; height: 120px;\">&nbsp;<\/td>\n<td style=\"width: 757px; text-align: justify; height: 120px;\"><span style=\"font-size: 8pt;\"><strong><span style=\"color: #000000;\">Podr\u00e1n restarse todas las rentas exentas y las deducciones especiales imputables a esta c\u00e9dula, siempre que no excedan del 40% del resultado de los ingresos obtenidos por todo concepto, menos los ingresos no constitutivos de renta, menos rentas exentas que no le son aplicables los l\u00edmites del numeral 3. del art\u00edculo 336 E.T, que en todo caso no puede exceder de 5.040 UVT. Al valor anterior se le suman las rentas exentas que no le son aplicables los l\u00edmites del numeral 3., del art\u00edculo 336 del E.T.<br \/>\n<\/span><\/strong><\/span><\/td>\n<td style=\"width: 90px; height: 120px;\">&nbsp;<\/td>\n<td style=\"width: 88px; height: 120px;\">&nbsp;<\/td>\n<\/tr>\n<tr style=\"height: 48px;\">\n<td style=\"width: 25px; height: 48px;\"><span style=\"color: #0000ff;\"><strong>6<\/strong><\/span><\/td>\n<td style=\"width: 757px; text-align: justify; height: 48px;\"><span style=\"color: #0000ff;\"><strong>DEDUCCIONES IMPUTABLES Y RENTAS EXENTAS A DESCONTAR<\/strong><\/span><\/td>\n<td style=\"width: 90px; height: 48px;\">&nbsp;<\/td>\n<td style=\"width: 88px; height: 48px;\">&nbsp;<\/td>\n<\/tr>\n<tr style=\"height: 24px;\">\n<td style=\"width: 25px; height: 24px;\">&nbsp;<\/td>\n<td style=\"width: 757px; text-align: justify; height: 24px;\"><span style=\"font-size: 8pt;\"><strong><span style=\"color: #000000;\">El menor valor entre los numerales 4 y 5<\/span><\/strong><\/span><\/td>\n<td style=\"width: 90px; height: 24px;\">&nbsp;<\/td>\n<td style=\"width: 88px; height: 24px;\">&nbsp;<\/td>\n<\/tr>\n<tr style=\"height: 24px;\">\n<td style=\"width: 25px; height: 24px;\"><span style=\"color: #0000ff;\"><strong>7<\/strong><\/span><\/td>\n<td style=\"width: 757px; text-align: justify; height: 24px;\"><span style=\"color: #0000ff;\"><strong>RENTA L\u00cdQUIDA&nbsp; DE TRABAJO<\/strong><\/span><\/td>\n<td style=\"width: 90px; height: 24px;\">&nbsp;<\/td>\n<td style=\"width: 88px; text-align: center; height: 24px;\"><span style=\"color: #0000ff;\"><strong>(1-6)<\/strong><\/span><\/td>\n<\/tr>\n<\/tbody>\n<\/table>\n<p style=\"text-align: justify;\"><strong><span style=\"color: #000000;\"><span style=\"color: #333399;\">ARTICULO 241. &nbsp;TARIFA PARA LAS PERSONAS NATURALES RESIDENTES Y ASIGNACIONES Y DONACIONES MODALES.<\/span>&nbsp;El impuesto sobre la renta de las personas naturales residentes en el pa\u00eds, de las sucesiones de causantes residentes en el pa\u00eds, y de los bienes destinados a fines especiales, en virtud de donaciones o asignaciones modales, se determinar\u00e1 de acuerdo con las siguientes tablas:<\/span><\/strong><\/p>\n<table width=\"91%\">\n<tbody>\n<tr>\n<td valign=\"top\" width=\"27%\"><span style=\"color: #000000;\"><b><strong>R<\/strong>ANGOS EN UVT<\/b><\/span><\/td>\n<td valign=\"top\" width=\"20%\">&nbsp;<\/td>\n<td colspan=\"2\" valign=\"top\" width=\"53%\"><span style=\"color: #000000;\"><b>TARIFA MARGINAL&nbsp; &nbsp; &nbsp; &nbsp; &nbsp; &nbsp; &nbsp; &nbsp; &nbsp; &nbsp; &nbsp; &nbsp; &nbsp;IMPUESTO<\/b><\/span><\/td>\n<\/tr>\n<tr>\n<td valign=\"top\" width=\"9%\"><strong><span class=\"b_aj\" style=\"color: #000000;\">Desde<\/span><\/strong><\/td>\n<td colspan=\"2\" valign=\"top\" width=\"81%\"><strong><span style=\"color: #000000;\">&nbsp;Hasta<\/span><\/strong><\/td>\n<td style=\"text-align: justify;\" valign=\"top\" width=\"10%\">&nbsp;<\/td>\n<\/tr>\n<tr>\n<td valign=\"top\" width=\"10%\"><strong><span style=\"color: #000000;\">&gt;0<\/span><\/strong><\/td>\n<td valign=\"top\" width=\"16%\"><strong><span style=\"color: #000000;\">1.090<\/span><\/strong><\/td>\n<td valign=\"top\" width=\"20%\"><strong><span style=\"color: #000000;\">0%<\/span><\/strong><\/td>\n<td style=\"text-align: justify;\" valign=\"top\" width=\"53%\"><strong><span style=\"color: #000000;\">0<\/span><\/strong><\/td>\n<\/tr>\n<tr>\n<td valign=\"top\" width=\"10%\"><strong><span style=\"color: #000000;\">&gt;1.090<\/span><\/strong><\/td>\n<td valign=\"top\" width=\"16%\"><strong><span style=\"color: #000000;\">1.700<\/span><\/strong><\/td>\n<td valign=\"top\" width=\"20%\"><strong><span style=\"color: #000000;\">19%<\/span><\/strong><\/td>\n<td style=\"text-align: justify;\" valign=\"top\" width=\"53%\"><strong><span style=\"color: #000000;\">(Base Gravable en UVT menos 1090 UVT) x 19%<\/span><\/strong><\/td>\n<\/tr>\n<tr>\n<td valign=\"top\" width=\"10%\"><strong><span style=\"color: #000000;\">&gt;1.700<\/span><\/strong><\/td>\n<td valign=\"top\" width=\"16%\"><strong><span style=\"color: #000000;\">4.100<\/span><\/strong><\/td>\n<td valign=\"top\" width=\"20%\"><strong><span style=\"color: #000000;\">28%<\/span><\/strong><\/td>\n<td style=\"text-align: justify;\" valign=\"top\" width=\"53%\"><strong><span style=\"color: #000000;\">(Base Gravable en UVT menos 1700 UVT) x 28% + 116 UVT<\/span><\/strong><\/td>\n<\/tr>\n<tr>\n<td valign=\"top\" width=\"10%\"><strong><span style=\"color: #000000;\">&gt;4.100<\/span><\/strong><\/td>\n<td valign=\"top\" width=\"16%\"><strong><span style=\"color: #000000;\">8.670<br \/>\n<\/span><\/strong><\/td>\n<td valign=\"top\" width=\"20%\"><strong><span style=\"color: #000000;\">33%<\/span><\/strong><\/td>\n<td style=\"text-align: justify;\" valign=\"top\" width=\"53%\"><strong><span style=\"color: #000000;\">(Base Gravable en UVT menos 4100 UVT) x 33% + 788 UVT<\/span><\/strong><\/td>\n<\/tr>\n<tr>\n<td valign=\"top\" width=\"10%\"><strong><span style=\"color: #000000;\">&gt;8.670<\/span><\/strong><\/td>\n<td valign=\"top\" width=\"16%\"><strong><span style=\"color: #000000;\">18.970<\/span><\/strong><\/td>\n<td valign=\"top\" width=\"20%\"><strong><span style=\"color: #000000;\">35%<\/span><\/strong><\/td>\n<td style=\"text-align: justify;\" valign=\"top\" width=\"53%\"><strong><span style=\"color: #000000;\">(Base Gravable en UVT menos 8.670 UVT) x 35% + 2.296 UVT<\/span><\/strong><\/td>\n<\/tr>\n<tr>\n<td valign=\"top\" width=\"10%\"><strong><span style=\"color: #000000;\">&gt;18.970<\/span><\/strong><\/td>\n<td valign=\"top\" width=\"16%\"><strong><span style=\"color: #000000;\">31.000<\/span><\/strong><\/td>\n<td valign=\"top\" width=\"20%\"><strong><span style=\"color: #000000;\">37%<\/span><\/strong><\/td>\n<td style=\"text-align: justify;\" valign=\"top\" width=\"53%\"><strong><span style=\"color: #000000;\">(Base Gravable en UVT menos 18.970 UVT) x 37% + 5.901 UVT<\/span><\/strong><\/td>\n<\/tr>\n<tr>\n<td valign=\"top\" width=\"10%\"><strong><span style=\"color: #000000;\">&gt;31.000<\/span><\/strong><\/td>\n<td valign=\"top\" width=\"16%\"><strong><span style=\"color: #000000;\">En adelante<\/span><\/strong><\/td>\n<td valign=\"top\" width=\"20%\"><strong><span style=\"color: #000000;\">39%<\/span><\/strong><\/td>\n<td style=\"text-align: justify;\" valign=\"top\" width=\"53%\"><strong><span style=\"color: #000000;\">(Base Gravable en UVT menos 31.000 UVT) x 39% + 10.352 UVT<\/span><\/strong><\/td>\n<\/tr>\n<\/tbody>\n<\/table>\n<p style=\"text-align: center;\"><span style=\"color: #0000ff;\"><strong>&nbsp;<\/strong><\/span><strong><span style=\"color: #000000;\">DECRETO 1625 DE 2016<\/span><\/strong><\/p>\n<p style=\"text-align: center;\"><strong><span style=\"color: #000000;\">(Decreto \u00danico Reglamentario en materia Tributaria)<\/span><\/strong><\/p>\n<p style=\"text-align: justify;\"><strong><span style=\"color: #000000;\"><span style=\"color: #333399;\">Art\u00edculo 1.2.1.20.2. Clasificaci\u00f3n de las rentas cedulares de las personas naturales y sucesiones il\u00edquidas residentes<em>.<\/em><\/span> Para efectos de la determinaci\u00f3n del impuesto sobre la renta y complementarios, las rentas cedulares de las personas naturales y sucesiones il\u00edquidas residentes en el pa\u00eds se clasifican as\u00ed:<br \/>\n<\/span><\/strong><\/p>\n<p style=\"text-align: justify;\" align=\"\"><strong><span style=\"color: #000000;\">1. Rentas de la c\u00e9dula general: Pertenecen a la c\u00e9dula general las rentas de trabajo, de capital y no laborales.&nbsp;<\/span><\/strong><\/p>\n<p style=\"text-align: justify;\" align=\"\"><strong><span style=\"color: #000000;\">1.1. Rentas de trabajo: Son rentas de trabajo las definidas en el art\u00edculo 103 del Estatuto Tributario.&nbsp;<\/span><\/strong><\/p>\n<p style=\"text-align: justify;\" align=\"\"><strong><span style=\"color: #000000;\">Los valores percibidos por personas naturales en desarrollo de una funci\u00f3n p\u00fablica por delegaci\u00f3n del Estado, que correspondan a tarifas, aranceles, derechos notariales, tasas y precios p\u00fablicos, no son rentas de trabajo.&nbsp;<\/span><\/strong><\/p>\n<p style=\"text-align: justify;\" align=\"\"><strong>1.2. Rentas de capital:&nbsp;Son rentas de capital los ingresos provenientes de intereses, rendimientos financieros, arrendamientos, regal\u00edas y explotaci\u00f3n de la propiedad intelectual.<\/strong><\/p>\n<p><strong>1.3. Rentas no laborales:&nbsp;Son rentas no laborales todos los ingresos que no clasifiquen expresamente en ninguna otra c\u00e9dula.<\/strong><\/p>\n<p><strong>Los ingresos de las personas naturales residentes en el pa\u00eds obligadas a llevar contabilidad por el desarrollo de sus actividades o que opten voluntariamente por llevarla, est\u00e1n sujetos a las disposiciones generales previstas en el Estatuto Tributario y en este Decreto.<\/strong><\/p>\n<p><strong>2. Rentas de pensiones:&nbsp;Son rentas de pensiones los ingresos de pensiones de jubilaci\u00f3n, invalidez, vejez, de sobrevivientes y sobre riesgos laborales, as\u00ed como aquellas provenientes de indemnizaciones sustitutivas de las pensiones o las devoluciones de saldos de ahorro pensional, obtenidos de conformidad con la legislaci\u00f3n colombiana.<\/strong><\/p>\n<p><strong>Aquellos ingresos obtenidos por los conceptos mencionados en el inciso 1 del numeral 2 del presente art\u00edculo y que correspondan a rentas de fuente extranjera, se reconocer\u00e1n en la c\u00e9dula de pensiones y no les ser\u00e1 aplicable la limitaci\u00f3n establecida en el numeral 5 del art\u00edculo 206 del Estatuto Tributario conforme con lo previsto en el par\u00e1grafo 3 del art\u00edculo 206 del Estatuto Tributario. Lo anterior, sin perjuicio de lo establecido en los Convenios para evitar la doble imposici\u00f3n suscritos por Colombia y que se encuentren en vigor.<\/strong><\/p>\n<p><strong>3. Dividendos y participaciones:&nbsp;Son rentas por este concepto los dividendos y participaciones recibidos de distribuciones provenientes de sociedades y entidades nacionales y extranjeras.<\/strong><\/p>\n<p><strong>Par\u00e1grafo.&nbsp;Determinadas las rentas l\u00edquidas de la c\u00e9dula general y las correspondientes a la c\u00e9dula de pensiones, se sumar\u00e1n y al resultado as\u00ed obtenido se le aplicar\u00e1 la tarifa del impuesto sobre la renta prevista en el art\u00edculo 241 del Estatuto Tributario.<\/strong><\/p>\n<p><strong>Lo anterior sin perjuicio de la aplicaci\u00f3n de la tarifa del veintisiete por ciento (27%) en materia del impuesto sobre la renta aplicable a las rentas que se obtengan por las personas naturales provenientes de los proyectos de megainversion de que trata el numeral 2 del art\u00edculo 235-3 del Estatuto Tributario.<\/strong><\/p>\n<p><strong>Para la renta l\u00edquida por concepto de dividendos y participaciones de las personas naturales residentes y sucesiones il\u00edquidas de causantes residentes, se aplicar\u00e1 la tarifa especial del impuesto sobre la renta prevista en el art\u00edculo 242 del Estatuto Tributario.<\/strong><\/p>\n<p style=\"text-align: justify;\" align=\"\"><strong><span style=\"color: #000000;\"><span style=\"color: #333399;\">Art\u00edculo 1.2.1.20.3. <em>Rentas exentas y deducciones. <\/em><\/span>Son rentas exentas y deducciones aquellas autorizadas de manera taxativa por la ley y que no est\u00e1n comprendidas dentro del concepto de costos y gastos establecido en el art\u00edculo 1.2.1.20.5., del presente decreto.&nbsp;<\/span><\/strong><\/p>\n<p style=\"text-align: justify;\" align=\"\"><strong><span style=\"color: #000000;\">En la determinaci\u00f3n del impuesto sobre la renta y complementarios se podr\u00e1n detraer las rentas exentas y deducciones, as\u00ed:&nbsp;<\/span><\/strong><\/p>\n<p style=\"text-align: justify;\" align=\"\"><strong><span style=\"color: #000000;\">1. Rentas de la c\u00e9dula general: En esta c\u00e9dula se podr\u00e1n detraer las siguientes rentas exentas y deducciones:&nbsp;<\/span><\/strong><\/p>\n<p style=\"text-align: justify;\" align=\"\"><strong><span style=\"color: #000000;\">1.1. Rentas de trabajo: Las rentas exentas y deducciones aplicables a estos ingresos son las siguientes:&nbsp;<\/span><\/strong><\/p>\n<p style=\"text-align: justify;\" align=\"\"><strong><span style=\"color: #000000;\">1.1.1. Rentas exentas: Son las establecidas en los art\u00edculos 126-1, 126-4, 206 y 206-1, inciso 2 numeral 2 del art\u00edculo 388 del Estatuto Tributario, con las limitaciones particulares y generales previstas en la ley.&nbsp;<\/span><\/strong><\/p>\n<p style=\"text-align: justify;\" align=\"\"><strong><span style=\"color: #000000;\">1.1.2. Deducciones: Son las establecidas en el inciso 6 del art\u00edculo 126-1 y el art\u00edculo 387 del Estatuto Tributario.&nbsp;<\/span><\/strong><\/p>\n<p style=\"text-align: justify;\" align=\"\"><strong><span style=\"color: #000000;\">La deducci\u00f3n por dependientes a que se refiere el art\u00edculo 387 del Estatuto Tributario s\u00f3lo es aplicable a los ingresos provenientes de rentas de trabajo.&nbsp;<\/span><\/strong><\/p>\n<p style=\"text-align: justify;\" align=\"\"><strong><span style=\"color: #000000;\">El Gravamen a los Movimientos Financieros (GMF) ser\u00e1 deducible de conformidad con lo previsto en el inciso 2 del art\u00edculo 115 del Estatuto Tributario o la norma que lo modifique, adicione o sustituya.&nbsp;<\/span><\/strong><\/p>\n<p style=\"text-align: justify;\" align=\"\"><strong>1.2. Rentas de capital:&nbsp;Las rentas exentas y deducciones aplicables a estos ingresos son las siguientes:<\/strong><\/p>\n<p><strong>1.2.1. Rentas exentas:&nbsp;Son las establecidas en los art\u00edculos 126-1 y 126-4 del Estatuto Tributario, con sus limitaciones particulares y generales previstas en la ley.<\/strong><\/p>\n<p><strong>1.2.2. Deducciones:&nbsp;Corresponden al Gravamen a los Movimientos Financieros (GMF) de conformidad con lo previsto en el inciso 2 del art\u00edculo 115 del Estatuto Tributario o la norma que lo modifique, adicione o sustituya, los intereses a que se refiere el art\u00edculo 119 del Estatuto Tributario y los aportes de que trata el inciso 6 del art\u00edculo 126-1 del Estatuto Tributario.<\/strong><\/p>\n<p><strong>1.3. Rentas no laborales:&nbsp;Las rentas exentas y deducciones aplicables a estos ingresos son las siguientes:<\/strong><\/p>\n<p><strong>1.3.1. Rentas exentas:&nbsp;Las establecidas en el Estatuto Tributario, con sus limitaciones espec\u00edficas y generales previstas en la Ley.<\/strong><\/p>\n<p><strong>1.3.2. Deducciones:&nbsp;El Gravamen a los Movimientos Financieros -GMF de conformidad con el inciso 2 del art\u00edculo 115 del Estatuto Tributario o la norma que lo modifique, adicione o sustituya, los intereses a que se refiere el art\u00edculo 119 del Estatuto Tributario y los aportes de que trata el inciso 6 del art\u00edculo 126-1 del Estatuto Tributario.<\/strong><\/p>\n<p><strong>2. Rentas de pensiones:&nbsp;Los ingresos provenientes de esta c\u00e9dula cuando sea una renta de fuente nacional, s\u00f3lo se les resta como renta exenta la que establece el numeral 5 del art\u00edculo 206 del Estatuto.<\/strong><\/p>\n<p><strong>De conformidad con lo establecido en el inciso 2 del art\u00edculo 337 del Estatuto Tributario, en la determinaci\u00f3n del impuesto sobre la renta y complementarios en la c\u00e9dula de pensiones no se encuentran autorizadas las deducciones.&nbsp;<\/strong><\/p>\n<p style=\"text-align: justify;\" align=\"\"><strong><span style=\"color: #000000;\"><span style=\"color: #333399;\">Art\u00edculo 1.2.1.20.4. <em>L\u00edmites a las rentas exentas y deducciones. <\/em><\/span>Para efectos de la aplicaci\u00f3n del art\u00edculo 1.2.1.20.3. de este decreto, las rentas exentas y deducciones aplicables a cada una de las rentas de trabajo, de capital, no laborales y de pensiones, deben mantener los l\u00edmites individuales de cada uno de los beneficios.&nbsp;<\/span><\/strong><\/p>\n<p style=\"text-align: justify;\" align=\"\"><strong><span style=\"color: #000000;\">Las rentas exentas y deducciones aplicables a la c\u00e9dula general, no podr\u00e1n exceder el cuarenta por ciento (40%) o las cinco mil cuarenta (5.040) Unidades de Valor Tributario -UVT. El porcentaje aqu\u00ed mencionado se aplicar\u00e1 sobre la base que se obtiene de detraer a los ingresos por concepto de rentas de trabajo, de capital y no laborales los ingresos no constitutivos de renta, imputables a cada uno.&nbsp;<\/span><\/strong><\/p>\n<p style=\"text-align: justify;\" align=\"\"><strong><span style=\"color: #000000;\">Los l\u00edmites antes mencionados no aplicar\u00e1n a las rentas exentas establecidas en los numerales 6, 8 y 9 del art\u00edculo 206 del Estatuto Tributario, ni a la prima especial, ni a la prima de costo de vida de que trata el art\u00edculo 206-1 del Estatuto Tributario, ni tampoco a las derivadas de la prestaci\u00f3n de servicios hoteleros de que tratan los numerales 3 y 4 del art\u00edculo 207-2 del Estatuto Tributario.&nbsp;<\/span><\/strong><\/p>\n<p style=\"text-align: justify;\" align=\"\"><strong><span style=\"color: #000000;\">A las rentas exentas provenientes de la Decisi\u00f3n 578 de 2004 de la Comunidad Andina de Naciones no les resulta aplicable la limitaci\u00f3n del cuarenta por ciento (40%) o las cinco mil cuarenta (5.040) Unidades de Valor Tributario (UVT).&nbsp;<\/span><\/strong><\/p>\n<p style=\"text-align: justify;\" align=\"\"><strong><span style=\"color: #000000;\">Las rentas exentas a que se refiere el numeral 10 del art\u00edculo 206 del Estatuto Tributario, s\u00f3lo son aplicables a:&nbsp;<\/span><\/strong><\/p>\n<p style=\"text-align: justify;\" align=\"\"><strong><span style=\"color: #000000;\">1. Los ingresos que provengan de una relaci\u00f3n laboral o legal y reglamentaria.&nbsp;<\/span><\/strong><\/p>\n<p style=\"text-align: justify;\" align=\"\"><strong><span style=\"color: #000000;\">2. Los honorarios percibidos por personas naturales que presten servicios y que contraten o vinculen por un t\u00e9rmino inferior a noventa (90) d\u00edas continuos o dis\u00adcontinuos menos de dos (2) trabajadores o contratistas asociados a la actividad.&nbsp;<\/span><\/strong><\/p>\n<p style=\"text-align: justify;\" align=\"\"><strong><span style=\"color: #000000;\">3. La compensaci\u00f3n por servicios personales obtenidos por las personas que infor\u00admen que no han contratado o vinculado dos (2) o m\u00e1s trabajadores asociados a la actividad.&nbsp;<\/span><\/strong><\/p>\n<p style=\"text-align: justify;\" align=\"\"><strong><span style=\"color: #000000;\">Para efectos de la deducci\u00f3n por intereses o correcci\u00f3n monetaria en virtud de pr\u00e9stamos para adquisici\u00f3n de vivienda conforme con lo previsto en el art\u00edculo 119 del Estatuto Tributario, cuando el cr\u00e9dito ha sido otorgado a varias personas, se aplicar\u00e1 proporcionalmente a cada una de ellas. La deducci\u00f3n podr\u00e1 ser solicitada en su totalidad en cabeza de una de ellas, siempre y cuando la otra persona no la haya solicitado.&nbsp;<\/span><\/strong><\/p>\n<p style=\"text-align: justify;\" align=\"\"><strong><span style=\"color: #000000;\">Las rentas exentas y deducciones de que trata el presente art\u00edculo s\u00f3lo podr\u00e1n detraerse de cada una de las rentas declaradas en la respectiva c\u00e9dula y no se podr\u00e1 imputar en m\u00e1s de una (1) c\u00e9dula la misma renta exenta o deducci\u00f3n, de conformidad con lo establecido en el art\u00edculo 332 del Estatuto Tributario.&nbsp;<\/span><\/strong><\/p>\n<p><strong><span style=\"color: #000000;\">Documento elaborado por:&nbsp; MIGUEL ANTONIO M\u00c1RQUEZ MONTA\u00d1EZ<\/span><\/strong><\/p>\n","protected":false},"excerpt":{"rendered":"<p>ESTATUTO TRIBUTARIO RENTAS DE TRABAJO ARTICULO 103. DEFINICI\u00d3N. &lt;Art\u00edculo modificado por el art\u00edculo 21 de la Ley 633 de 2000. El nuevo texto es el siguiente:&gt; Se consideran rentas exclusivas&#46;&#46;&#46;<\/p>\n","protected":false},"author":1,"featured_media":12678,"comment_status":"closed","ping_status":"open","sticky":false,"template":"","format":"standard","meta":{"_monsterinsights_skip_tracking":false,"ngg_post_thumbnail":0,"footnotes":"","_links_to":"","_links_to_target":""},"categories":[454,458,1],"tags":[],"class_list":["post-10987","post","type-post","status-publish","format-standard","has-post-thumbnail","hentry","category-sin-categoria","category-ultimas","category-uncategorized"],"aioseo_notices":[],"aioseo_head":"\n\t\t<!-- All in One SEO 5.0.1.1 - aioseo.com -->\n\t<meta name=\"description\" content=\"ESTATUTO TRIBUTARIO RENTAS DE TRABAJO ARTICULO 103. DEFINICI\u00d3N. Se consideran rentas exclusivas de trabajo, las obtenidas por personas naturales por concepto de salarios, comisiones, prestaciones sociales, vi\u00e1ticos, gastos de representaci\u00f3n, honorarios, emolumentos eclesi\u00e1sticos, compensaciones recibidas por el\" \/>\n\t<meta name=\"robots\" content=\"max-image-preview:large\" \/>\n\t<meta name=\"author\" content=\"Miguel Antonio M\u00e1rquez Monta\u00f1ez\"\/>\n\t<link rel=\"canonical\" href=\"https:\/\/contadoreshoy.com\/?p=10987\" \/>\n\t<meta name=\"generator\" content=\"All in One SEO (AIOSEO) 5.0.1.1\" \/>\n\t\t<meta property=\"og:locale\" content=\"es_ES\" \/>\n\t\t<meta property=\"og:site_name\" content=\"Contadores P\u00fablicos - Portal para Contadores P\u00fablicos y empresarios\" \/>\n\t\t<meta property=\"og:type\" content=\"article\" \/>\n\t\t<meta property=\"og:title\" content=\"RENTAS DE TRABAJO - Contadores P\u00fablicos\" \/>\n\t\t<meta property=\"og:description\" content=\"ESTATUTO TRIBUTARIO RENTAS DE TRABAJO ARTICULO 103. DEFINICI\u00d3N. Se consideran rentas exclusivas de trabajo, las obtenidas por personas naturales por concepto de salarios, comisiones, prestaciones sociales, vi\u00e1ticos, gastos de representaci\u00f3n, honorarios, emolumentos eclesi\u00e1sticos, compensaciones recibidas por el\" \/>\n\t\t<meta property=\"og:url\" content=\"https:\/\/contadoreshoy.com\/?p=10987\" \/>\n\t\t<meta property=\"og:image\" content=\"https:\/\/contadoreshoy.com\/wp-content\/uploads\/2024\/01\/cropped-cropped-cropped-Copia-de-M.jpg\" \/>\n\t\t<meta property=\"og:image:secure_url\" content=\"https:\/\/contadoreshoy.com\/wp-content\/uploads\/2024\/01\/cropped-cropped-cropped-Copia-de-M.jpg\" \/>\n\t\t<meta property=\"og:image:width\" content=\"512\" \/>\n\t\t<meta property=\"og:image:height\" content=\"371\" \/>\n\t\t<meta property=\"article:published_time\" content=\"2022-07-14T14:30:00+00:00\" \/>\n\t\t<meta property=\"article:modified_time\" content=\"2022-07-14T22:46:02+00:00\" \/>\n\t\t<meta name=\"twitter:card\" content=\"summary_large_image\" \/>\n\t\t<meta name=\"twitter:title\" content=\"RENTAS DE TRABAJO - Contadores P\u00fablicos\" \/>\n\t\t<meta name=\"twitter:description\" content=\"ESTATUTO TRIBUTARIO RENTAS DE TRABAJO ARTICULO 103. DEFINICI\u00d3N. Se consideran rentas exclusivas de trabajo, las obtenidas por personas naturales por concepto de salarios, comisiones, prestaciones sociales, vi\u00e1ticos, gastos de representaci\u00f3n, honorarios, emolumentos eclesi\u00e1sticos, compensaciones recibidas por el\" \/>\n\t\t<meta name=\"twitter:image\" content=\"https:\/\/contadoreshoy.com\/wp-content\/uploads\/2024\/01\/cropped-cropped-cropped-Copia-de-M.jpg\" \/>\n\t\t<script type=\"application\/ld+json\" class=\"aioseo-schema\">\n\t\t\t{\"@context\":\"https:\\\/\\\/schema.org\",\"@graph\":[{\"@type\":\"BlogPosting\",\"@id\":\"https:\\\/\\\/contadoreshoy.com\\\/?p=10987#blogposting\",\"name\":\"RENTAS DE TRABAJO - Contadores P\\u00fablicos\",\"headline\":\"RENTAS DE TRABAJO\",\"author\":{\"@id\":\"https:\\\/\\\/contadoreshoy.com\\\/?author=1#author\"},\"publisher\":{\"@id\":\"https:\\\/\\\/contadoreshoy.com\\\/#organization\"},\"image\":{\"@type\":\"ImageObject\",\"url\":\"https:\\\/\\\/contadoreshoy.com\\\/wp-content\\\/uploads\\\/2020\\\/07\\\/Renta-cedular-de-trabajo.png\",\"width\":2001,\"height\":1142},\"datePublished\":\"2022-07-14T09:30:00-05:00\",\"dateModified\":\"2022-07-14T17:46:02-05:00\",\"inLanguage\":\"es-ES\",\"mainEntityOfPage\":{\"@id\":\"https:\\\/\\\/contadoreshoy.com\\\/?p=10987#webpage\"},\"isPartOf\":{\"@id\":\"https:\\\/\\\/contadoreshoy.com\\\/?p=10987#webpage\"},\"articleSection\":\"Sin categor\\u00eda, Ultimas Noticias, Uncategorized\"},{\"@type\":\"BreadcrumbList\",\"@id\":\"https:\\\/\\\/contadoreshoy.com\\\/?p=10987#breadcrumblist\",\"itemListElement\":[{\"@type\":\"ListItem\",\"@id\":\"https:\\\/\\\/contadoreshoy.com#listItem\",\"position\":1,\"name\":\"Home\",\"item\":\"https:\\\/\\\/contadoreshoy.com\",\"nextItem\":{\"@type\":\"ListItem\",\"@id\":\"https:\\\/\\\/contadoreshoy.com\\\/?cat=1#listItem\",\"name\":\"Uncategorized\"}},{\"@type\":\"ListItem\",\"@id\":\"https:\\\/\\\/contadoreshoy.com\\\/?cat=1#listItem\",\"position\":2,\"name\":\"Uncategorized\",\"item\":\"https:\\\/\\\/contadoreshoy.com\\\/?cat=1\",\"nextItem\":{\"@type\":\"ListItem\",\"@id\":\"https:\\\/\\\/contadoreshoy.com\\\/?p=10987#listItem\",\"name\":\"RENTAS DE TRABAJO\"},\"previousItem\":{\"@type\":\"ListItem\",\"@id\":\"https:\\\/\\\/contadoreshoy.com#listItem\",\"name\":\"Home\"}},{\"@type\":\"ListItem\",\"@id\":\"https:\\\/\\\/contadoreshoy.com\\\/?p=10987#listItem\",\"position\":3,\"name\":\"RENTAS DE TRABAJO\",\"previousItem\":{\"@type\":\"ListItem\",\"@id\":\"https:\\\/\\\/contadoreshoy.com\\\/?cat=1#listItem\",\"name\":\"Uncategorized\"}}]},{\"@type\":\"Organization\",\"@id\":\"https:\\\/\\\/contadoreshoy.com\\\/#organization\",\"name\":\"Contadores P\\u00fablicos\",\"description\":\"Portal para Contadores P\\u00fablicos y empresarios\",\"url\":\"https:\\\/\\\/contadoreshoy.com\\\/\",\"logo\":{\"@type\":\"ImageObject\",\"url\":\"https:\\\/\\\/contadoreshoy.com\\\/wp-content\\\/uploads\\\/2024\\\/01\\\/cropped-cropped-Copia-de-M-1.jpg\",\"@id\":\"https:\\\/\\\/contadoreshoy.com\\\/?p=10987\\\/#organizationLogo\",\"width\":499,\"height\":500},\"image\":{\"@id\":\"https:\\\/\\\/contadoreshoy.com\\\/?p=10987\\\/#organizationLogo\"}},{\"@type\":\"Person\",\"@id\":\"https:\\\/\\\/contadoreshoy.com\\\/?author=1#author\",\"url\":\"https:\\\/\\\/contadoreshoy.com\\\/?author=1\",\"name\":\"Miguel Antonio M\\u00e1rquez Monta\\u00f1ez\"},{\"@type\":\"WebPage\",\"@id\":\"https:\\\/\\\/contadoreshoy.com\\\/?p=10987#webpage\",\"url\":\"https:\\\/\\\/contadoreshoy.com\\\/?p=10987\",\"name\":\"RENTAS DE TRABAJO - Contadores P\\u00fablicos\",\"description\":\"ESTATUTO TRIBUTARIO RENTAS DE TRABAJO ARTICULO 103. DEFINICI\\u00d3N. Se consideran rentas exclusivas de trabajo, las obtenidas por personas naturales por concepto de salarios, comisiones, prestaciones sociales, vi\\u00e1ticos, gastos de representaci\\u00f3n, honorarios, emolumentos eclesi\\u00e1sticos, compensaciones recibidas por el\",\"inLanguage\":\"es-ES\",\"isPartOf\":{\"@id\":\"https:\\\/\\\/contadoreshoy.com\\\/#website\"},\"breadcrumb\":{\"@id\":\"https:\\\/\\\/contadoreshoy.com\\\/?p=10987#breadcrumblist\"},\"author\":{\"@id\":\"https:\\\/\\\/contadoreshoy.com\\\/?author=1#author\"},\"creator\":{\"@id\":\"https:\\\/\\\/contadoreshoy.com\\\/?author=1#author\"},\"image\":{\"@type\":\"ImageObject\",\"url\":\"https:\\\/\\\/contadoreshoy.com\\\/wp-content\\\/uploads\\\/2020\\\/07\\\/Renta-cedular-de-trabajo.png\",\"@id\":\"https:\\\/\\\/contadoreshoy.com\\\/?p=10987\\\/#mainImage\",\"width\":2001,\"height\":1142},\"primaryImageOfPage\":{\"@id\":\"https:\\\/\\\/contadoreshoy.com\\\/?p=10987#mainImage\"},\"datePublished\":\"2022-07-14T09:30:00-05:00\",\"dateModified\":\"2022-07-14T17:46:02-05:00\"},{\"@type\":\"WebSite\",\"@id\":\"https:\\\/\\\/contadoreshoy.com\\\/#website\",\"url\":\"https:\\\/\\\/contadoreshoy.com\\\/\",\"name\":\"Contadores P\\u00fablicos\",\"description\":\"Portal para Contadores P\\u00fablicos y empresarios\",\"inLanguage\":\"es-ES\",\"publisher\":{\"@id\":\"https:\\\/\\\/contadoreshoy.com\\\/#organization\"}}]}\n\t\t<\/script>\n\t\t<!-- All in One SEO -->\n\n","aioseo_head_json":{"title":"RENTAS DE TRABAJO - Contadores P\u00fablicos","description":"ESTATUTO TRIBUTARIO RENTAS DE TRABAJO ARTICULO 103. DEFINICI\u00d3N. Se consideran rentas exclusivas de trabajo, las obtenidas por personas naturales por concepto de salarios, comisiones, prestaciones sociales, vi\u00e1ticos, gastos de representaci\u00f3n, honorarios, emolumentos eclesi\u00e1sticos, compensaciones recibidas por el","canonical_url":"https:\/\/contadoreshoy.com\/?p=10987","robots":"max-image-preview:large","keywords":"","webmasterTools":{"miscellaneous":""},"schema":{"@context":"https:\/\/schema.org","@graph":[{"@type":"BlogPosting","@id":"https:\/\/contadoreshoy.com\/?p=10987#blogposting","name":"RENTAS DE TRABAJO - Contadores P\u00fablicos","headline":"RENTAS DE TRABAJO","author":{"@id":"https:\/\/contadoreshoy.com\/?author=1#author"},"publisher":{"@id":"https:\/\/contadoreshoy.com\/#organization"},"image":{"@type":"ImageObject","url":"https:\/\/contadoreshoy.com\/wp-content\/uploads\/2020\/07\/Renta-cedular-de-trabajo.png","width":2001,"height":1142},"datePublished":"2022-07-14T09:30:00-05:00","dateModified":"2022-07-14T17:46:02-05:00","inLanguage":"es-ES","mainEntityOfPage":{"@id":"https:\/\/contadoreshoy.com\/?p=10987#webpage"},"isPartOf":{"@id":"https:\/\/contadoreshoy.com\/?p=10987#webpage"},"articleSection":"Sin categor\u00eda, Ultimas Noticias, Uncategorized"},{"@type":"BreadcrumbList","@id":"https:\/\/contadoreshoy.com\/?p=10987#breadcrumblist","itemListElement":[{"@type":"ListItem","@id":"https:\/\/contadoreshoy.com#listItem","position":1,"name":"Home","item":"https:\/\/contadoreshoy.com","nextItem":{"@type":"ListItem","@id":"https:\/\/contadoreshoy.com\/?cat=1#listItem","name":"Uncategorized"}},{"@type":"ListItem","@id":"https:\/\/contadoreshoy.com\/?cat=1#listItem","position":2,"name":"Uncategorized","item":"https:\/\/contadoreshoy.com\/?cat=1","nextItem":{"@type":"ListItem","@id":"https:\/\/contadoreshoy.com\/?p=10987#listItem","name":"RENTAS DE TRABAJO"},"previousItem":{"@type":"ListItem","@id":"https:\/\/contadoreshoy.com#listItem","name":"Home"}},{"@type":"ListItem","@id":"https:\/\/contadoreshoy.com\/?p=10987#listItem","position":3,"name":"RENTAS DE TRABAJO","previousItem":{"@type":"ListItem","@id":"https:\/\/contadoreshoy.com\/?cat=1#listItem","name":"Uncategorized"}}]},{"@type":"Organization","@id":"https:\/\/contadoreshoy.com\/#organization","name":"Contadores P\u00fablicos","description":"Portal para Contadores P\u00fablicos y empresarios","url":"https:\/\/contadoreshoy.com\/","logo":{"@type":"ImageObject","url":"https:\/\/contadoreshoy.com\/wp-content\/uploads\/2024\/01\/cropped-cropped-Copia-de-M-1.jpg","@id":"https:\/\/contadoreshoy.com\/?p=10987\/#organizationLogo","width":499,"height":500},"image":{"@id":"https:\/\/contadoreshoy.com\/?p=10987\/#organizationLogo"}},{"@type":"Person","@id":"https:\/\/contadoreshoy.com\/?author=1#author","url":"https:\/\/contadoreshoy.com\/?author=1","name":"Miguel Antonio M\u00e1rquez Monta\u00f1ez"},{"@type":"WebPage","@id":"https:\/\/contadoreshoy.com\/?p=10987#webpage","url":"https:\/\/contadoreshoy.com\/?p=10987","name":"RENTAS DE TRABAJO - Contadores P\u00fablicos","description":"ESTATUTO TRIBUTARIO RENTAS DE TRABAJO ARTICULO 103. DEFINICI\u00d3N. Se consideran rentas exclusivas de trabajo, las obtenidas por personas naturales por concepto de salarios, comisiones, prestaciones sociales, vi\u00e1ticos, gastos de representaci\u00f3n, honorarios, emolumentos eclesi\u00e1sticos, compensaciones recibidas por el","inLanguage":"es-ES","isPartOf":{"@id":"https:\/\/contadoreshoy.com\/#website"},"breadcrumb":{"@id":"https:\/\/contadoreshoy.com\/?p=10987#breadcrumblist"},"author":{"@id":"https:\/\/contadoreshoy.com\/?author=1#author"},"creator":{"@id":"https:\/\/contadoreshoy.com\/?author=1#author"},"image":{"@type":"ImageObject","url":"https:\/\/contadoreshoy.com\/wp-content\/uploads\/2020\/07\/Renta-cedular-de-trabajo.png","@id":"https:\/\/contadoreshoy.com\/?p=10987\/#mainImage","width":2001,"height":1142},"primaryImageOfPage":{"@id":"https:\/\/contadoreshoy.com\/?p=10987#mainImage"},"datePublished":"2022-07-14T09:30:00-05:00","dateModified":"2022-07-14T17:46:02-05:00"},{"@type":"WebSite","@id":"https:\/\/contadoreshoy.com\/#website","url":"https:\/\/contadoreshoy.com\/","name":"Contadores P\u00fablicos","description":"Portal para Contadores P\u00fablicos y empresarios","inLanguage":"es-ES","publisher":{"@id":"https:\/\/contadoreshoy.com\/#organization"}}]},"og:locale":"es_ES","og:site_name":"Contadores P\u00fablicos - Portal para Contadores P\u00fablicos y empresarios","og:type":"article","og:title":"RENTAS DE TRABAJO - Contadores P\u00fablicos","og:description":"ESTATUTO TRIBUTARIO RENTAS DE TRABAJO ARTICULO 103. DEFINICI\u00d3N. Se consideran rentas exclusivas de trabajo, las obtenidas por personas naturales por concepto de salarios, comisiones, prestaciones sociales, vi\u00e1ticos, gastos de representaci\u00f3n, honorarios, emolumentos eclesi\u00e1sticos, compensaciones recibidas por el","og:url":"https:\/\/contadoreshoy.com\/?p=10987","og:image":"https:\/\/contadoreshoy.com\/wp-content\/uploads\/2024\/01\/cropped-cropped-cropped-Copia-de-M.jpg","og:image:secure_url":"https:\/\/contadoreshoy.com\/wp-content\/uploads\/2024\/01\/cropped-cropped-cropped-Copia-de-M.jpg","og:image:width":512,"og:image:height":371,"article:published_time":"2022-07-14T14:30:00+00:00","article:modified_time":"2022-07-14T22:46:02+00:00","twitter:card":"summary_large_image","twitter:title":"RENTAS DE TRABAJO - Contadores P\u00fablicos","twitter:description":"ESTATUTO TRIBUTARIO RENTAS DE TRABAJO ARTICULO 103. DEFINICI\u00d3N. Se consideran rentas exclusivas de trabajo, las obtenidas por personas naturales por concepto de salarios, comisiones, prestaciones sociales, vi\u00e1ticos, gastos de representaci\u00f3n, honorarios, emolumentos eclesi\u00e1sticos, compensaciones recibidas por el","twitter:image":"https:\/\/contadoreshoy.com\/wp-content\/uploads\/2024\/01\/cropped-cropped-cropped-Copia-de-M.jpg"},"aioseo_meta_data":{"post_id":"10987","title":null,"description":null,"keywords":null,"keyphrases":null,"primary_term":null,"canonical_url":null,"og_title":null,"og_description":null,"og_object_type":"default","og_image_type":"default","og_image_url":null,"og_image_width":null,"og_image_height":null,"og_image_custom_url":null,"og_image_custom_fields":null,"og_video":null,"og_custom_url":null,"og_article_section":null,"og_article_tags":null,"twitter_use_og":false,"twitter_card":"default","twitter_image_type":"default","twitter_image_url":null,"twitter_image_custom_url":null,"twitter_image_custom_fields":null,"twitter_title":null,"twitter_description":null,"schema":{"blockGraphs":[],"customGraphs":[],"default":{"data":{"Article":[],"Course":[],"Dataset":[],"FAQPage":[],"Movie":[],"Person":[],"Product":[],"ProductReview":[],"Car":[],"Recipe":[],"Service":[],"SoftwareApplication":[],"WebPage":[]},"graphName":"","isEnabled":true},"graphs":[]},"schema_type":"default","schema_type_options":null,"pillar_content":false,"robots_default":true,"robots_noindex":false,"robots_noarchive":false,"robots_nosnippet":false,"robots_nofollow":false,"robots_noimageindex":false,"robots_noodp":false,"robots_notranslate":false,"robots_max_snippet":null,"robots_max_videopreview":null,"robots_max_imagepreview":"large","priority":null,"frequency":null,"local_seo":null,"breadcrumb_settings":null,"limit_modified_date":false,"ai":null,"created":"2024-03-05 02:40:39","updated":"2026-03-03 05:43:24","seo_analyzer_scan_date":null,"focus_keyword":null,"additional_keywords":null,"truseo_locale":null},"aioseo_breadcrumb":"<div class=\"aioseo-breadcrumbs\"><span class=\"aioseo-breadcrumb\">\n\t\t\t<a href=\"https:\/\/contadoreshoy.com\" title=\"Home\">Home<\/a>\n\t\t<\/span><span class=\"aioseo-breadcrumb-separator\">&raquo;<\/span><span class=\"aioseo-breadcrumb\">\n\t\t\t<a href=\"https:\/\/contadoreshoy.com\/?cat=1\" title=\"Uncategorized\">Uncategorized<\/a>\n\t\t<\/span><span class=\"aioseo-breadcrumb-separator\">&raquo;<\/span><span class=\"aioseo-breadcrumb\">\n\t\t\tRENTAS DE TRABAJO\n\t\t<\/span><\/div>","aioseo_breadcrumb_json":[{"label":"Home","link":"https:\/\/contadoreshoy.com"},{"label":"Uncategorized","link":"https:\/\/contadoreshoy.com\/?cat=1"},{"label":"RENTAS DE TRABAJO","link":"https:\/\/contadoreshoy.com\/?p=10987"}],"yoast_head":"<!-- This site is optimized with the Yoast SEO plugin v28.4 - https:\/\/yoast.com\/product\/yoast-seo-wordpress\/ -->\n<title>RENTAS DE TRABAJO - Contadores P\u00fablicos<\/title>\n<meta name=\"robots\" content=\"index, follow, max-snippet:-1, max-image-preview:large, max-video-preview:-1\" \/>\n<link rel=\"canonical\" href=\"https:\/\/contadoreshoy.com\/?p=10987\" \/>\n<meta property=\"og:locale\" content=\"es_ES\" \/>\n<meta property=\"og:type\" content=\"article\" \/>\n<meta property=\"og:title\" content=\"RENTAS DE TRABAJO - Contadores P\u00fablicos\" \/>\n<meta property=\"og:description\" content=\"ESTATUTO TRIBUTARIO RENTAS DE TRABAJO ARTICULO 103. DEFINICI\u00d3N. &lt;Art\u00edculo modificado por el art\u00edculo 21 de la Ley 633 de 2000. El nuevo texto es el siguiente:&gt; Se consideran rentas exclusivas&#046;&#046;&#046;\" \/>\n<meta property=\"og:url\" content=\"https:\/\/contadoreshoy.com\/?p=10987\" \/>\n<meta property=\"og:site_name\" content=\"Contadores P\u00fablicos\" \/>\n<meta property=\"article:publisher\" content=\"https:\/\/www.facebook.com\/CCCPBucaramanga\/\" \/>\n<meta property=\"article:published_time\" content=\"2022-07-14T14:30:00+00:00\" \/>\n<meta property=\"article:modified_time\" content=\"2022-07-14T22:46:02+00:00\" \/>\n<meta property=\"og:image\" content=\"https:\/\/contadoreshoy.com\/wp-content\/uploads\/2020\/07\/Renta-cedular-de-trabajo-1240x708.png\" \/>\n\t<meta property=\"og:image:width\" content=\"1240\" \/>\n\t<meta property=\"og:image:height\" content=\"708\" \/>\n\t<meta property=\"og:image:type\" content=\"image\/png\" \/>\n<meta name=\"author\" content=\"Miguel Antonio M\u00e1rquez Monta\u00f1ez\" \/>\n<meta name=\"twitter:card\" content=\"summary_large_image\" \/>\n<meta name=\"twitter:label1\" content=\"Escrito por\" \/>\n\t<meta name=\"twitter:data1\" content=\"Miguel Antonio M\u00e1rquez Monta\u00f1ez\" \/>\n\t<meta name=\"twitter:label2\" content=\"Tiempo de lectura\" \/>\n\t<meta name=\"twitter:data2\" content=\"24 minutos\" \/>\n<script type=\"application\/ld+json\" class=\"yoast-schema-graph\">{\"@context\":\"https:\\\/\\\/schema.org\",\"@graph\":[{\"@type\":\"Article\",\"@id\":\"https:\\\/\\\/contadoreshoy.com\\\/?p=10987#article\",\"isPartOf\":{\"@id\":\"https:\\\/\\\/contadoreshoy.com\\\/?p=10987\"},\"author\":{\"name\":\"Miguel Antonio M\u00e1rquez Monta\u00f1ez\",\"@id\":\"https:\\\/\\\/contadoreshoy.com\\\/#\\\/schema\\\/person\\\/96d8979cb865537c5dc9345e40089fc5\"},\"headline\":\"RENTAS DE TRABAJO\",\"datePublished\":\"2022-07-14T14:30:00+00:00\",\"dateModified\":\"2022-07-14T22:46:02+00:00\",\"mainEntityOfPage\":{\"@id\":\"https:\\\/\\\/contadoreshoy.com\\\/?p=10987\"},\"wordCount\":5241,\"publisher\":{\"@id\":\"https:\\\/\\\/contadoreshoy.com\\\/#organization\"},\"image\":{\"@id\":\"https:\\\/\\\/contadoreshoy.com\\\/?p=10987#primaryimage\"},\"thumbnailUrl\":\"https:\\\/\\\/contadoreshoy.com\\\/wp-content\\\/uploads\\\/2020\\\/07\\\/Renta-cedular-de-trabajo.png\",\"articleSection\":{\"1\":\"Ultimas Noticias\",\"2\":\"Uncategorized\"},\"inLanguage\":\"es\"},{\"@type\":\"WebPage\",\"@id\":\"https:\\\/\\\/contadoreshoy.com\\\/?p=10987\",\"url\":\"https:\\\/\\\/contadoreshoy.com\\\/?p=10987\",\"name\":\"RENTAS DE TRABAJO - Contadores P\u00fablicos\",\"isPartOf\":{\"@id\":\"https:\\\/\\\/contadoreshoy.com\\\/#website\"},\"primaryImageOfPage\":{\"@id\":\"https:\\\/\\\/contadoreshoy.com\\\/?p=10987#primaryimage\"},\"image\":{\"@id\":\"https:\\\/\\\/contadoreshoy.com\\\/?p=10987#primaryimage\"},\"thumbnailUrl\":\"https:\\\/\\\/contadoreshoy.com\\\/wp-content\\\/uploads\\\/2020\\\/07\\\/Renta-cedular-de-trabajo.png\",\"datePublished\":\"2022-07-14T14:30:00+00:00\",\"dateModified\":\"2022-07-14T22:46:02+00:00\",\"breadcrumb\":{\"@id\":\"https:\\\/\\\/contadoreshoy.com\\\/?p=10987#breadcrumb\"},\"inLanguage\":\"es\",\"potentialAction\":[{\"@type\":\"ReadAction\",\"target\":[\"https:\\\/\\\/contadoreshoy.com\\\/?p=10987\"]}]},{\"@type\":\"ImageObject\",\"inLanguage\":\"es\",\"@id\":\"https:\\\/\\\/contadoreshoy.com\\\/?p=10987#primaryimage\",\"url\":\"https:\\\/\\\/contadoreshoy.com\\\/wp-content\\\/uploads\\\/2020\\\/07\\\/Renta-cedular-de-trabajo.png\",\"contentUrl\":\"https:\\\/\\\/contadoreshoy.com\\\/wp-content\\\/uploads\\\/2020\\\/07\\\/Renta-cedular-de-trabajo.png\",\"width\":2001,\"height\":1142},{\"@type\":\"BreadcrumbList\",\"@id\":\"https:\\\/\\\/contadoreshoy.com\\\/?p=10987#breadcrumb\",\"itemListElement\":[{\"@type\":\"ListItem\",\"position\":1,\"name\":\"Portada\",\"item\":\"https:\\\/\\\/contadoreshoy.com\\\/\"},{\"@type\":\"ListItem\",\"position\":2,\"name\":\"RENTAS DE TRABAJO\"}]},{\"@type\":\"WebSite\",\"@id\":\"https:\\\/\\\/contadoreshoy.com\\\/#website\",\"url\":\"https:\\\/\\\/contadoreshoy.com\\\/\",\"name\":\"Contadorespublicossantander\",\"description\":\"Portal para Contadores P\u00fablicos y empresarios\",\"publisher\":{\"@id\":\"https:\\\/\\\/contadoreshoy.com\\\/#organization\"},\"potentialAction\":[{\"@type\":\"SearchAction\",\"target\":{\"@type\":\"EntryPoint\",\"urlTemplate\":\"https:\\\/\\\/contadoreshoy.com\\\/?s={search_term_string}\"},\"query-input\":{\"@type\":\"PropertyValueSpecification\",\"valueRequired\":true,\"valueName\":\"search_term_string\"}}],\"inLanguage\":\"es\"},{\"@type\":\"Organization\",\"@id\":\"https:\\\/\\\/contadoreshoy.com\\\/#organization\",\"name\":\"Contadores P\u00fablicos de Santander\",\"url\":\"https:\\\/\\\/contadoreshoy.com\\\/\",\"logo\":{\"@type\":\"ImageObject\",\"inLanguage\":\"es\",\"@id\":\"https:\\\/\\\/contadoreshoy.com\\\/#\\\/schema\\\/logo\\\/image\\\/\",\"url\":\"https:\\\/\\\/contadoreshoy.com\\\/wp-content\\\/uploads\\\/2024\\\/01\\\/cropped-cropped-Copia-de-M-1.jpg\",\"contentUrl\":\"https:\\\/\\\/contadoreshoy.com\\\/wp-content\\\/uploads\\\/2024\\\/01\\\/cropped-cropped-Copia-de-M-1.jpg\",\"width\":499,\"height\":500,\"caption\":\"Contadores P\u00fablicos de Santander\"},\"image\":{\"@id\":\"https:\\\/\\\/contadoreshoy.com\\\/#\\\/schema\\\/logo\\\/image\\\/\"},\"sameAs\":[\"https:\\\/\\\/www.facebook.com\\\/CCCPBucaramanga\\\/\"]},{\"@type\":\"Person\",\"@id\":\"https:\\\/\\\/contadoreshoy.com\\\/#\\\/schema\\\/person\\\/96d8979cb865537c5dc9345e40089fc5\",\"name\":\"Miguel Antonio M\u00e1rquez Monta\u00f1ez\",\"description\":\"Contador P\u00fablico egresado de la Universidad Aut\u00f3noma de Bucaramanga - Asesor contable tributario con m\u00e1s de 25 a\u00f1os de experiencia - Conferencista en temas contables y tributarios - T\u00e9cnico en Hardware y Dise\u00f1o Web - Creador y director Grupo de Estudio Colegio Colombiano de Contadores P\u00fablicos de Bucaramanga - Creador y Master Web p\u00e1gina www.contadoresp\u00fablicossantander.com - Expresidente Colegio Colombiano de Contadores P\u00fablicos Bucaramanga\",\"url\":\"https:\\\/\\\/contadoreshoy.com\\\/?author=1\"}]}<\/script>\n<!-- \/ Yoast SEO plugin. -->","yoast_head_json":{"title":"RENTAS DE TRABAJO - Contadores P\u00fablicos","robots":{"index":"index","follow":"follow","max-snippet":"max-snippet:-1","max-image-preview":"max-image-preview:large","max-video-preview":"max-video-preview:-1"},"canonical":"https:\/\/contadoreshoy.com\/?p=10987","og_locale":"es_ES","og_type":"article","og_title":"RENTAS DE TRABAJO - Contadores P\u00fablicos","og_description":"ESTATUTO TRIBUTARIO RENTAS DE TRABAJO ARTICULO 103. DEFINICI\u00d3N. &lt;Art\u00edculo modificado por el art\u00edculo 21 de la Ley 633 de 2000. El nuevo texto es el siguiente:&gt; Se consideran rentas exclusivas&#46;&#46;&#46;","og_url":"https:\/\/contadoreshoy.com\/?p=10987","og_site_name":"Contadores P\u00fablicos","article_publisher":"https:\/\/www.facebook.com\/CCCPBucaramanga\/","article_published_time":"2022-07-14T14:30:00+00:00","article_modified_time":"2022-07-14T22:46:02+00:00","og_image":[{"width":1240,"height":708,"url":"https:\/\/contadoreshoy.com\/wp-content\/uploads\/2020\/07\/Renta-cedular-de-trabajo-1240x708.png","type":"image\/png"}],"author":"Miguel Antonio M\u00e1rquez Monta\u00f1ez","twitter_card":"summary_large_image","twitter_misc":{"Escrito por":"Miguel Antonio M\u00e1rquez Monta\u00f1ez","Tiempo de lectura":"24 minutos"},"schema":{"@context":"https:\/\/schema.org","@graph":[{"@type":"Article","@id":"https:\/\/contadoreshoy.com\/?p=10987#article","isPartOf":{"@id":"https:\/\/contadoreshoy.com\/?p=10987"},"author":{"name":"Miguel Antonio M\u00e1rquez Monta\u00f1ez","@id":"https:\/\/contadoreshoy.com\/#\/schema\/person\/96d8979cb865537c5dc9345e40089fc5"},"headline":"RENTAS DE TRABAJO","datePublished":"2022-07-14T14:30:00+00:00","dateModified":"2022-07-14T22:46:02+00:00","mainEntityOfPage":{"@id":"https:\/\/contadoreshoy.com\/?p=10987"},"wordCount":5241,"publisher":{"@id":"https:\/\/contadoreshoy.com\/#organization"},"image":{"@id":"https:\/\/contadoreshoy.com\/?p=10987#primaryimage"},"thumbnailUrl":"https:\/\/contadoreshoy.com\/wp-content\/uploads\/2020\/07\/Renta-cedular-de-trabajo.png","articleSection":{"1":"Ultimas Noticias","2":"Uncategorized"},"inLanguage":"es"},{"@type":"WebPage","@id":"https:\/\/contadoreshoy.com\/?p=10987","url":"https:\/\/contadoreshoy.com\/?p=10987","name":"RENTAS DE TRABAJO - Contadores P\u00fablicos","isPartOf":{"@id":"https:\/\/contadoreshoy.com\/#website"},"primaryImageOfPage":{"@id":"https:\/\/contadoreshoy.com\/?p=10987#primaryimage"},"image":{"@id":"https:\/\/contadoreshoy.com\/?p=10987#primaryimage"},"thumbnailUrl":"https:\/\/contadoreshoy.com\/wp-content\/uploads\/2020\/07\/Renta-cedular-de-trabajo.png","datePublished":"2022-07-14T14:30:00+00:00","dateModified":"2022-07-14T22:46:02+00:00","breadcrumb":{"@id":"https:\/\/contadoreshoy.com\/?p=10987#breadcrumb"},"inLanguage":"es","potentialAction":[{"@type":"ReadAction","target":["https:\/\/contadoreshoy.com\/?p=10987"]}]},{"@type":"ImageObject","inLanguage":"es","@id":"https:\/\/contadoreshoy.com\/?p=10987#primaryimage","url":"https:\/\/contadoreshoy.com\/wp-content\/uploads\/2020\/07\/Renta-cedular-de-trabajo.png","contentUrl":"https:\/\/contadoreshoy.com\/wp-content\/uploads\/2020\/07\/Renta-cedular-de-trabajo.png","width":2001,"height":1142},{"@type":"BreadcrumbList","@id":"https:\/\/contadoreshoy.com\/?p=10987#breadcrumb","itemListElement":[{"@type":"ListItem","position":1,"name":"Portada","item":"https:\/\/contadoreshoy.com\/"},{"@type":"ListItem","position":2,"name":"RENTAS DE TRABAJO"}]},{"@type":"WebSite","@id":"https:\/\/contadoreshoy.com\/#website","url":"https:\/\/contadoreshoy.com\/","name":"Contadorespublicossantander","description":"Portal para Contadores P\u00fablicos y empresarios","publisher":{"@id":"https:\/\/contadoreshoy.com\/#organization"},"potentialAction":[{"@type":"SearchAction","target":{"@type":"EntryPoint","urlTemplate":"https:\/\/contadoreshoy.com\/?s={search_term_string}"},"query-input":{"@type":"PropertyValueSpecification","valueRequired":true,"valueName":"search_term_string"}}],"inLanguage":"es"},{"@type":"Organization","@id":"https:\/\/contadoreshoy.com\/#organization","name":"Contadores P\u00fablicos de Santander","url":"https:\/\/contadoreshoy.com\/","logo":{"@type":"ImageObject","inLanguage":"es","@id":"https:\/\/contadoreshoy.com\/#\/schema\/logo\/image\/","url":"https:\/\/contadoreshoy.com\/wp-content\/uploads\/2024\/01\/cropped-cropped-Copia-de-M-1.jpg","contentUrl":"https:\/\/contadoreshoy.com\/wp-content\/uploads\/2024\/01\/cropped-cropped-Copia-de-M-1.jpg","width":499,"height":500,"caption":"Contadores P\u00fablicos de Santander"},"image":{"@id":"https:\/\/contadoreshoy.com\/#\/schema\/logo\/image\/"},"sameAs":["https:\/\/www.facebook.com\/CCCPBucaramanga\/"]},{"@type":"Person","@id":"https:\/\/contadoreshoy.com\/#\/schema\/person\/96d8979cb865537c5dc9345e40089fc5","name":"Miguel Antonio M\u00e1rquez Monta\u00f1ez","description":"Contador P\u00fablico egresado de la Universidad Aut\u00f3noma de Bucaramanga - Asesor contable tributario con m\u00e1s de 25 a\u00f1os de experiencia - Conferencista en temas contables y tributarios - T\u00e9cnico en Hardware y Dise\u00f1o Web - Creador y director Grupo de Estudio Colegio Colombiano de Contadores P\u00fablicos de Bucaramanga - Creador y Master Web p\u00e1gina www.contadoresp\u00fablicossantander.com - Expresidente Colegio Colombiano de Contadores P\u00fablicos Bucaramanga","url":"https:\/\/contadoreshoy.com\/?author=1"}]}},"_links":{"self":[{"href":"https:\/\/contadoreshoy.com\/index.php?rest_route=\/wp\/v2\/posts\/10987","targetHints":{"allow":["GET"]}}],"collection":[{"href":"https:\/\/contadoreshoy.com\/index.php?rest_route=\/wp\/v2\/posts"}],"about":[{"href":"https:\/\/contadoreshoy.com\/index.php?rest_route=\/wp\/v2\/types\/post"}],"author":[{"embeddable":true,"href":"https:\/\/contadoreshoy.com\/index.php?rest_route=\/wp\/v2\/users\/1"}],"replies":[{"embeddable":true,"href":"https:\/\/contadoreshoy.com\/index.php?rest_route=%2Fwp%2Fv2%2Fcomments&post=10987"}],"version-history":[{"count":55,"href":"https:\/\/contadoreshoy.com\/index.php?rest_route=\/wp\/v2\/posts\/10987\/revisions"}],"predecessor-version":[{"id":14000,"href":"https:\/\/contadoreshoy.com\/index.php?rest_route=\/wp\/v2\/posts\/10987\/revisions\/14000"}],"wp:featuredmedia":[{"embeddable":true,"href":"https:\/\/contadoreshoy.com\/index.php?rest_route=\/wp\/v2\/media\/12678"}],"wp:attachment":[{"href":"https:\/\/contadoreshoy.com\/index.php?rest_route=%2Fwp%2Fv2%2Fmedia&parent=10987"}],"wp:term":[{"taxonomy":"category","embeddable":true,"href":"https:\/\/contadoreshoy.com\/index.php?rest_route=%2Fwp%2Fv2%2Fcategories&post=10987"},{"taxonomy":"post_tag","embeddable":true,"href":"https:\/\/contadoreshoy.com\/index.php?rest_route=%2Fwp%2Fv2%2Ftags&post=10987"}],"curies":[{"name":"wp","href":"https:\/\/api.w.org\/{rel}","templated":true}]}}