{"id":11064,"date":"2018-07-25T16:31:06","date_gmt":"2018-07-25T21:31:06","guid":{"rendered":"https:\/\/contadoreshoy.com\/?p=11064"},"modified":"2018-07-25T16:33:32","modified_gmt":"2018-07-25T21:33:32","slug":"decreto-1273-julio-23-2018-retencion-giro-los-aportes-al-sistema-seguridad-social-integral-los-trabajadores-independientes","status":"publish","type":"post","link":"https:\/\/contadoreshoy.com\/?p=11064","title":{"rendered":"Decreto 1273 de julio 23 de 2018 Retenci\u00f3n y giro de los aportes al sistema de seguridad social integral de los trabajadores independientes"},"content":{"rendered":"<p style=\"text-align: center;\"><a href=\"https:\/\/contadoreshoy.com\/wp-content\/uploads\/2018\/07\/DECRETO-1273-DEL-23-DE-JULIO-DE-2018-IBC-INDEPENDIENTES-Y-RETENCI\u00d3N.pdf\" target=\"_blank\" rel=\"noopener\"><strong>DECRETO 1273 DE JULIO 23 DE 2018<\/strong><\/a><\/p>\n<p style=\"text-align: center;\"><span style=\"font-size: 10pt;\"><strong>PAGO Y RETENCI\u00d3N DE APORTES AL SISTEMA DE SEGURIDAD INTEGRAL Y PARAFISCALES DE LOS TRABAJADORES INDEPENDIENTES<\/strong><\/span><\/p>\n<p>&nbsp;<\/p>\n<p style=\"text-align: justify;\">De acuerdo al <a href=\"https:\/\/contadoreshoy.com\/wp-content\/uploads\/2018\/07\/DECRETO-1273-DEL-23-DE-JULIO-DE-2018-IBC-INDEPENDIENTES-Y-RETENCI\u00d3N.pdf\" target=\"_blank\" rel=\"noopener\">Decreto 1273 de julio 23 de 2018<\/a>, el ingreso base de cotizaci\u00f3n (IBC) al Sistema de Seguridad Social Integral del trabajador independiente con contrato de prestaci\u00f3n de servicios personales relacionados con las funciones de la entidad contratante corresponde m\u00ednimo al cuarenta por ciento (40%) del valor mensualizado de cada contrato, sin incluir el valor total del Impuesto al Valor Agregado (IVA) cuando a ello haya lugar. <span style=\"color: #ff0000;\"><strong>En ning\u00fan caso el IBC podr\u00e1 ser inferior al salario m\u00ednimo mensual legal vigente, ni superior a 25 veces el salario m\u00ednimo mensual legal vigente.<\/strong><\/span><\/p>\n<p style=\"text-align: justify;\">El pago de las cotizaciones al Sistema de Seguridad Social Integral de los trabajadores independientes se efectuar\u00e1 mes vencido, por per\u00edodos mensuales.<\/p>\n<p style=\"text-align: justify;\"><span style=\"color: #0000ff;\"><strong>Los contratantes p\u00fablicos, privados o mixtos que sean personas naturales jur\u00eddicas, los patrimonios aut\u00f3nomos y consorcios o uniones temporales<\/strong><\/span> conformados por al menos una persona jur\u00eddica <strong><span style=\"color: #ff0000;\">deber\u00e1n efectuar la retenci\u00f3n y giro de los aportes al Sistema de Seguridad social<\/span> <\/strong>integral a trav\u00e9s de la Planilla integral de Liquidaci\u00f3n de Aportes (PILA), de los trabajadores independientes con contrato de prestaci\u00f3n de servicios personales relacionados con las funciones de la entidad contratante, teniendo en cuenta los dos \u00faltimos d\u00edgitos del NIT del contratante.<\/p>\n<p style=\"text-align: justify;\">En aquellos casos en que el contratista cotice por varios ingresos, la retenci\u00f3n y pago de aportes se efectuar\u00e1 sobre el valor resultante en cada uno de los contratos, independientemente de que el resultado de la aplicaci\u00f3n del 40% al valor mensualizado del contrato o contratos sujetos a retenci\u00f3n sea inferior a 1 salario m\u00ednimo legal mensual vigente.<\/p>\n<p style=\"text-align: justify;\"><span style=\"color: #0000ff;\"><strong>El pago mes vencido de las cotizaciones al Sistema de Seguridad Social Integral de los cotizantes de que trata el presente decreto, se efectuar\u00e1 a partir del 1. de octubre de 2018, correspondiendo al per\u00edodo de cotizaci\u00f3n del mes de septiembre del mismo a\u00f1o.<\/strong><\/span><\/p>\n<p style=\"text-align: justify;\"><span style=\"color: #ff0000;\"><strong>La retenci\u00f3n y giro de los aportes al Sistema de Seguridad Social Integral de que trata el presente decreto, se efectuar\u00e1 a partir del mes de junio de 2019, mediante la modalidad electr\u00f3nica de la Planilla Integrada de Liquidaci\u00f3n de Aportes (PILA).<\/strong><\/span><\/p>\n<p>&nbsp;<\/p>\n<p><span style=\"font-size: 14pt;\"><strong><a href=\"https:\/\/contadoreshoy.com\/wp-content\/uploads\/2018\/07\/DECRETO-1273-DEL-23-DE-JULIO-DE-2018-IBC-INDEPENDIENTES-Y-RETENCI\u00d3N.pdf\" target=\"_blank\" rel=\"noopener\">Para ver Decreto 1273 de julio 23 de 2018, dar click aqu\u00ed:<\/a><\/strong><\/span><\/p>\n","protected":false},"excerpt":{"rendered":"<p>DECRETO 1273 DE JULIO 23 DE 2018 PAGO Y RETENCI\u00d3N DE APORTES AL SISTEMA DE SEGURIDAD INTEGRAL Y PARAFISCALES DE LOS TRABAJADORES INDEPENDIENTES &nbsp; De acuerdo al Decreto 1273 de&#46;&#46;&#46;<\/p>\n","protected":false},"author":1,"featured_media":6522,"comment_status":"closed","ping_status":"open","sticky":false,"template":"","format":"standard","meta":{"_monsterinsights_skip_tracking":false,"ngg_post_thumbnail":0,"footnotes":"","_links_to":"","_links_to_target":""},"categories":[454,1],"tags":[],"class_list":["post-11064","post","type-post","status-publish","format-standard","has-post-thumbnail","hentry","category-sin-categoria","category-uncategorized"],"aioseo_notices":[],"aioseo_head":"\n\t\t<!-- All in One SEO 5.0.1.1 - aioseo.com -->\n\t<meta name=\"description\" content=\"DECRETO 1273 DE JULIO 23 DE 2018 PAGO Y RETENCI\u00d3N DE APORTES AL SISTEMA DE SEGURIDAD INTEGRAL Y PARAFISCALES DE LOS TRABAJADORES INDEPENDIENTES De acuerdo al Decreto 1273 de julio 23 de 2018, el ingreso base de cotizaci\u00f3n (IBC) al Sistema de Seguridad Social Integral del trabajador independiente con contrato de prestaci\u00f3n de servicios\" \/>\n\t<meta name=\"robots\" content=\"max-image-preview:large\" \/>\n\t<meta name=\"author\" content=\"Miguel Antonio M\u00e1rquez Monta\u00f1ez\"\/>\n\t<link rel=\"canonical\" href=\"https:\/\/contadoreshoy.com\/?p=11064\" \/>\n\t<meta name=\"generator\" content=\"All in One SEO (AIOSEO) 5.0.1.1\" \/>\n\t\t<meta property=\"og:locale\" content=\"es_ES\" \/>\n\t\t<meta property=\"og:site_name\" content=\"Contadores P\u00fablicos - Portal para Contadores P\u00fablicos y empresarios\" \/>\n\t\t<meta property=\"og:type\" content=\"article\" \/>\n\t\t<meta property=\"og:title\" content=\"Decreto 1273 de julio 23 de 2018 Retenci\u00f3n y giro de los aportes al sistema de seguridad social integral de los trabajadores independientes - Contadores P\u00fablicos\" \/>\n\t\t<meta property=\"og:description\" content=\"DECRETO 1273 DE JULIO 23 DE 2018 PAGO Y RETENCI\u00d3N DE APORTES AL SISTEMA DE SEGURIDAD INTEGRAL Y PARAFISCALES DE LOS TRABAJADORES INDEPENDIENTES De acuerdo al Decreto 1273 de julio 23 de 2018, el ingreso base de cotizaci\u00f3n (IBC) al Sistema de Seguridad Social Integral del trabajador independiente con contrato de prestaci\u00f3n de servicios\" \/>\n\t\t<meta property=\"og:url\" content=\"https:\/\/contadoreshoy.com\/?p=11064\" \/>\n\t\t<meta property=\"og:image\" content=\"https:\/\/contadoreshoy.com\/wp-content\/uploads\/2024\/01\/cropped-cropped-cropped-Copia-de-M.jpg\" \/>\n\t\t<meta property=\"og:image:secure_url\" content=\"https:\/\/contadoreshoy.com\/wp-content\/uploads\/2024\/01\/cropped-cropped-cropped-Copia-de-M.jpg\" \/>\n\t\t<meta property=\"og:image:width\" content=\"512\" \/>\n\t\t<meta property=\"og:image:height\" content=\"371\" \/>\n\t\t<meta property=\"article:published_time\" content=\"2018-07-25T21:31:06+00:00\" \/>\n\t\t<meta property=\"article:modified_time\" content=\"2018-07-25T21:33:32+00:00\" \/>\n\t\t<meta name=\"twitter:card\" content=\"summary_large_image\" \/>\n\t\t<meta name=\"twitter:title\" content=\"Decreto 1273 de julio 23 de 2018 Retenci\u00f3n y giro de los aportes al sistema de seguridad social integral de los trabajadores independientes - Contadores P\u00fablicos\" \/>\n\t\t<meta name=\"twitter:description\" content=\"DECRETO 1273 DE JULIO 23 DE 2018 PAGO Y RETENCI\u00d3N DE APORTES AL SISTEMA DE SEGURIDAD INTEGRAL Y PARAFISCALES DE LOS TRABAJADORES INDEPENDIENTES De acuerdo al Decreto 1273 de julio 23 de 2018, el ingreso base de cotizaci\u00f3n (IBC) al Sistema de Seguridad Social Integral del trabajador independiente con contrato de prestaci\u00f3n de servicios\" \/>\n\t\t<meta name=\"twitter:image\" content=\"https:\/\/contadoreshoy.com\/wp-content\/uploads\/2024\/01\/cropped-cropped-cropped-Copia-de-M.jpg\" \/>\n\t\t<script type=\"application\/ld+json\" class=\"aioseo-schema\">\n\t\t\t{\"@context\":\"https:\\\/\\\/schema.org\",\"@graph\":[{\"@type\":\"BlogPosting\",\"@id\":\"https:\\\/\\\/contadoreshoy.com\\\/?p=11064#blogposting\",\"name\":\"Decreto 1273 de julio 23 de 2018 Retenci\\u00f3n y giro de los aportes al sistema de seguridad social integral de los trabajadores independientes - Contadores P\\u00fablicos\",\"headline\":\"Decreto 1273 de julio 23 de 2018 Retenci\\u00f3n y giro de los aportes al sistema de seguridad social integral de los trabajadores independientes\",\"author\":{\"@id\":\"https:\\\/\\\/contadoreshoy.com\\\/?author=1#author\"},\"publisher\":{\"@id\":\"https:\\\/\\\/contadoreshoy.com\\\/#organization\"},\"image\":{\"@type\":\"ImageObject\",\"url\":\"https:\\\/\\\/contadoreshoy.com\\\/wp-content\\\/uploads\\\/2015\\\/12\\\/triste.jpg\",\"width\":350,\"height\":257},\"datePublished\":\"2018-07-25T16:31:06-05:00\",\"dateModified\":\"2018-07-25T16:33:32-05:00\",\"inLanguage\":\"es-ES\",\"mainEntityOfPage\":{\"@id\":\"https:\\\/\\\/contadoreshoy.com\\\/?p=11064#webpage\"},\"isPartOf\":{\"@id\":\"https:\\\/\\\/contadoreshoy.com\\\/?p=11064#webpage\"},\"articleSection\":\"Sin categor\\u00eda, Uncategorized\"},{\"@type\":\"BreadcrumbList\",\"@id\":\"https:\\\/\\\/contadoreshoy.com\\\/?p=11064#breadcrumblist\",\"itemListElement\":[{\"@type\":\"ListItem\",\"@id\":\"https:\\\/\\\/contadoreshoy.com#listItem\",\"position\":1,\"name\":\"Home\",\"item\":\"https:\\\/\\\/contadoreshoy.com\",\"nextItem\":{\"@type\":\"ListItem\",\"@id\":\"https:\\\/\\\/contadoreshoy.com\\\/?cat=1#listItem\",\"name\":\"Uncategorized\"}},{\"@type\":\"ListItem\",\"@id\":\"https:\\\/\\\/contadoreshoy.com\\\/?cat=1#listItem\",\"position\":2,\"name\":\"Uncategorized\",\"item\":\"https:\\\/\\\/contadoreshoy.com\\\/?cat=1\",\"nextItem\":{\"@type\":\"ListItem\",\"@id\":\"https:\\\/\\\/contadoreshoy.com\\\/?p=11064#listItem\",\"name\":\"Decreto 1273 de julio 23 de 2018 Retenci\\u00f3n y giro de los aportes al sistema de seguridad social integral de los trabajadores independientes\"},\"previousItem\":{\"@type\":\"ListItem\",\"@id\":\"https:\\\/\\\/contadoreshoy.com#listItem\",\"name\":\"Home\"}},{\"@type\":\"ListItem\",\"@id\":\"https:\\\/\\\/contadoreshoy.com\\\/?p=11064#listItem\",\"position\":3,\"name\":\"Decreto 1273 de julio 23 de 2018 Retenci\\u00f3n y giro de los aportes al sistema de seguridad social integral de los trabajadores independientes\",\"previousItem\":{\"@type\":\"ListItem\",\"@id\":\"https:\\\/\\\/contadoreshoy.com\\\/?cat=1#listItem\",\"name\":\"Uncategorized\"}}]},{\"@type\":\"Organization\",\"@id\":\"https:\\\/\\\/contadoreshoy.com\\\/#organization\",\"name\":\"Contadores P\\u00fablicos\",\"description\":\"Portal para Contadores P\\u00fablicos y empresarios\",\"url\":\"https:\\\/\\\/contadoreshoy.com\\\/\",\"logo\":{\"@type\":\"ImageObject\",\"url\":\"https:\\\/\\\/contadoreshoy.com\\\/wp-content\\\/uploads\\\/2024\\\/01\\\/cropped-cropped-Copia-de-M-1.jpg\",\"@id\":\"https:\\\/\\\/contadoreshoy.com\\\/?p=11064\\\/#organizationLogo\",\"width\":499,\"height\":500},\"image\":{\"@id\":\"https:\\\/\\\/contadoreshoy.com\\\/?p=11064\\\/#organizationLogo\"}},{\"@type\":\"Person\",\"@id\":\"https:\\\/\\\/contadoreshoy.com\\\/?author=1#author\",\"url\":\"https:\\\/\\\/contadoreshoy.com\\\/?author=1\",\"name\":\"Miguel Antonio M\\u00e1rquez Monta\\u00f1ez\"},{\"@type\":\"WebPage\",\"@id\":\"https:\\\/\\\/contadoreshoy.com\\\/?p=11064#webpage\",\"url\":\"https:\\\/\\\/contadoreshoy.com\\\/?p=11064\",\"name\":\"Decreto 1273 de julio 23 de 2018 Retenci\\u00f3n y giro de los aportes al sistema de seguridad social integral de los trabajadores independientes - Contadores P\\u00fablicos\",\"description\":\"DECRETO 1273 DE JULIO 23 DE 2018 PAGO Y RETENCI\\u00d3N DE APORTES AL SISTEMA DE SEGURIDAD INTEGRAL Y PARAFISCALES DE LOS TRABAJADORES INDEPENDIENTES De acuerdo al Decreto 1273 de julio 23 de 2018, el ingreso base de cotizaci\\u00f3n (IBC) al Sistema de Seguridad Social Integral del trabajador independiente con contrato de prestaci\\u00f3n de servicios\",\"inLanguage\":\"es-ES\",\"isPartOf\":{\"@id\":\"https:\\\/\\\/contadoreshoy.com\\\/#website\"},\"breadcrumb\":{\"@id\":\"https:\\\/\\\/contadoreshoy.com\\\/?p=11064#breadcrumblist\"},\"author\":{\"@id\":\"https:\\\/\\\/contadoreshoy.com\\\/?author=1#author\"},\"creator\":{\"@id\":\"https:\\\/\\\/contadoreshoy.com\\\/?author=1#author\"},\"image\":{\"@type\":\"ImageObject\",\"url\":\"https:\\\/\\\/contadoreshoy.com\\\/wp-content\\\/uploads\\\/2015\\\/12\\\/triste.jpg\",\"@id\":\"https:\\\/\\\/contadoreshoy.com\\\/?p=11064\\\/#mainImage\",\"width\":350,\"height\":257},\"primaryImageOfPage\":{\"@id\":\"https:\\\/\\\/contadoreshoy.com\\\/?p=11064#mainImage\"},\"datePublished\":\"2018-07-25T16:31:06-05:00\",\"dateModified\":\"2018-07-25T16:33:32-05:00\"},{\"@type\":\"WebSite\",\"@id\":\"https:\\\/\\\/contadoreshoy.com\\\/#website\",\"url\":\"https:\\\/\\\/contadoreshoy.com\\\/\",\"name\":\"Contadores P\\u00fablicos\",\"description\":\"Portal para Contadores P\\u00fablicos y empresarios\",\"inLanguage\":\"es-ES\",\"publisher\":{\"@id\":\"https:\\\/\\\/contadoreshoy.com\\\/#organization\"}}]}\n\t\t<\/script>\n\t\t<!-- All in One SEO -->\n\n","aioseo_head_json":{"title":"Decreto 1273 de julio 23 de 2018 Retenci\u00f3n y giro de los aportes al sistema de seguridad social integral de los trabajadores independientes - Contadores P\u00fablicos","description":"DECRETO 1273 DE JULIO 23 DE 2018 PAGO Y RETENCI\u00d3N DE APORTES AL SISTEMA DE SEGURIDAD INTEGRAL Y PARAFISCALES DE LOS TRABAJADORES INDEPENDIENTES De acuerdo al Decreto 1273 de julio 23 de 2018, el ingreso base de cotizaci\u00f3n (IBC) al Sistema de Seguridad Social Integral del trabajador independiente con contrato de prestaci\u00f3n de servicios","canonical_url":"https:\/\/contadoreshoy.com\/?p=11064","robots":"max-image-preview:large","keywords":"","webmasterTools":{"miscellaneous":""},"schema":{"@context":"https:\/\/schema.org","@graph":[{"@type":"BlogPosting","@id":"https:\/\/contadoreshoy.com\/?p=11064#blogposting","name":"Decreto 1273 de julio 23 de 2018 Retenci\u00f3n y giro de los aportes al sistema de seguridad social integral de los trabajadores independientes - Contadores P\u00fablicos","headline":"Decreto 1273 de julio 23 de 2018 Retenci\u00f3n y giro de los aportes al sistema de seguridad social integral de los trabajadores independientes","author":{"@id":"https:\/\/contadoreshoy.com\/?author=1#author"},"publisher":{"@id":"https:\/\/contadoreshoy.com\/#organization"},"image":{"@type":"ImageObject","url":"https:\/\/contadoreshoy.com\/wp-content\/uploads\/2015\/12\/triste.jpg","width":350,"height":257},"datePublished":"2018-07-25T16:31:06-05:00","dateModified":"2018-07-25T16:33:32-05:00","inLanguage":"es-ES","mainEntityOfPage":{"@id":"https:\/\/contadoreshoy.com\/?p=11064#webpage"},"isPartOf":{"@id":"https:\/\/contadoreshoy.com\/?p=11064#webpage"},"articleSection":"Sin categor\u00eda, Uncategorized"},{"@type":"BreadcrumbList","@id":"https:\/\/contadoreshoy.com\/?p=11064#breadcrumblist","itemListElement":[{"@type":"ListItem","@id":"https:\/\/contadoreshoy.com#listItem","position":1,"name":"Home","item":"https:\/\/contadoreshoy.com","nextItem":{"@type":"ListItem","@id":"https:\/\/contadoreshoy.com\/?cat=1#listItem","name":"Uncategorized"}},{"@type":"ListItem","@id":"https:\/\/contadoreshoy.com\/?cat=1#listItem","position":2,"name":"Uncategorized","item":"https:\/\/contadoreshoy.com\/?cat=1","nextItem":{"@type":"ListItem","@id":"https:\/\/contadoreshoy.com\/?p=11064#listItem","name":"Decreto 1273 de julio 23 de 2018 Retenci\u00f3n y giro de los aportes al sistema de seguridad social integral de los trabajadores independientes"},"previousItem":{"@type":"ListItem","@id":"https:\/\/contadoreshoy.com#listItem","name":"Home"}},{"@type":"ListItem","@id":"https:\/\/contadoreshoy.com\/?p=11064#listItem","position":3,"name":"Decreto 1273 de julio 23 de 2018 Retenci\u00f3n y giro de los aportes al sistema de seguridad social integral de los trabajadores independientes","previousItem":{"@type":"ListItem","@id":"https:\/\/contadoreshoy.com\/?cat=1#listItem","name":"Uncategorized"}}]},{"@type":"Organization","@id":"https:\/\/contadoreshoy.com\/#organization","name":"Contadores P\u00fablicos","description":"Portal para Contadores P\u00fablicos y empresarios","url":"https:\/\/contadoreshoy.com\/","logo":{"@type":"ImageObject","url":"https:\/\/contadoreshoy.com\/wp-content\/uploads\/2024\/01\/cropped-cropped-Copia-de-M-1.jpg","@id":"https:\/\/contadoreshoy.com\/?p=11064\/#organizationLogo","width":499,"height":500},"image":{"@id":"https:\/\/contadoreshoy.com\/?p=11064\/#organizationLogo"}},{"@type":"Person","@id":"https:\/\/contadoreshoy.com\/?author=1#author","url":"https:\/\/contadoreshoy.com\/?author=1","name":"Miguel Antonio M\u00e1rquez Monta\u00f1ez"},{"@type":"WebPage","@id":"https:\/\/contadoreshoy.com\/?p=11064#webpage","url":"https:\/\/contadoreshoy.com\/?p=11064","name":"Decreto 1273 de julio 23 de 2018 Retenci\u00f3n y giro de los aportes al sistema de seguridad social integral de los trabajadores independientes - Contadores P\u00fablicos","description":"DECRETO 1273 DE JULIO 23 DE 2018 PAGO Y RETENCI\u00d3N DE APORTES AL SISTEMA DE SEGURIDAD INTEGRAL Y PARAFISCALES DE LOS TRABAJADORES INDEPENDIENTES De acuerdo al Decreto 1273 de julio 23 de 2018, el ingreso base de cotizaci\u00f3n (IBC) al Sistema de Seguridad Social Integral del trabajador independiente con contrato de prestaci\u00f3n de servicios","inLanguage":"es-ES","isPartOf":{"@id":"https:\/\/contadoreshoy.com\/#website"},"breadcrumb":{"@id":"https:\/\/contadoreshoy.com\/?p=11064#breadcrumblist"},"author":{"@id":"https:\/\/contadoreshoy.com\/?author=1#author"},"creator":{"@id":"https:\/\/contadoreshoy.com\/?author=1#author"},"image":{"@type":"ImageObject","url":"https:\/\/contadoreshoy.com\/wp-content\/uploads\/2015\/12\/triste.jpg","@id":"https:\/\/contadoreshoy.com\/?p=11064\/#mainImage","width":350,"height":257},"primaryImageOfPage":{"@id":"https:\/\/contadoreshoy.com\/?p=11064#mainImage"},"datePublished":"2018-07-25T16:31:06-05:00","dateModified":"2018-07-25T16:33:32-05:00"},{"@type":"WebSite","@id":"https:\/\/contadoreshoy.com\/#website","url":"https:\/\/contadoreshoy.com\/","name":"Contadores P\u00fablicos","description":"Portal para Contadores P\u00fablicos y empresarios","inLanguage":"es-ES","publisher":{"@id":"https:\/\/contadoreshoy.com\/#organization"}}]},"og:locale":"es_ES","og:site_name":"Contadores P\u00fablicos - Portal para Contadores P\u00fablicos y empresarios","og:type":"article","og:title":"Decreto 1273 de julio 23 de 2018 Retenci\u00f3n y giro de los aportes al sistema de seguridad social integral de los trabajadores independientes - Contadores P\u00fablicos","og:description":"DECRETO 1273 DE JULIO 23 DE 2018 PAGO Y RETENCI\u00d3N DE APORTES AL SISTEMA DE SEGURIDAD INTEGRAL Y PARAFISCALES DE LOS TRABAJADORES INDEPENDIENTES De acuerdo al Decreto 1273 de julio 23 de 2018, el ingreso base de cotizaci\u00f3n (IBC) al Sistema de Seguridad Social Integral del trabajador independiente con contrato de prestaci\u00f3n de servicios","og:url":"https:\/\/contadoreshoy.com\/?p=11064","og:image":"https:\/\/contadoreshoy.com\/wp-content\/uploads\/2024\/01\/cropped-cropped-cropped-Copia-de-M.jpg","og:image:secure_url":"https:\/\/contadoreshoy.com\/wp-content\/uploads\/2024\/01\/cropped-cropped-cropped-Copia-de-M.jpg","og:image:width":512,"og:image:height":371,"article:published_time":"2018-07-25T21:31:06+00:00","article:modified_time":"2018-07-25T21:33:32+00:00","twitter:card":"summary_large_image","twitter:title":"Decreto 1273 de julio 23 de 2018 Retenci\u00f3n y giro de los aportes al sistema de seguridad social integral de los trabajadores independientes - Contadores P\u00fablicos","twitter:description":"DECRETO 1273 DE JULIO 23 DE 2018 PAGO Y RETENCI\u00d3N DE APORTES AL SISTEMA DE SEGURIDAD INTEGRAL Y PARAFISCALES DE LOS TRABAJADORES INDEPENDIENTES De acuerdo al Decreto 1273 de julio 23 de 2018, el ingreso base de cotizaci\u00f3n (IBC) al Sistema de Seguridad Social Integral del trabajador independiente con contrato de prestaci\u00f3n de servicios","twitter:image":"https:\/\/contadoreshoy.com\/wp-content\/uploads\/2024\/01\/cropped-cropped-cropped-Copia-de-M.jpg"},"aioseo_meta_data":{"post_id":"11064","title":null,"description":null,"keywords":null,"keyphrases":null,"primary_term":null,"canonical_url":null,"og_title":null,"og_description":null,"og_object_type":"default","og_image_type":"default","og_image_url":null,"og_image_width":null,"og_image_height":null,"og_image_custom_url":null,"og_image_custom_fields":null,"og_video":null,"og_custom_url":null,"og_article_section":null,"og_article_tags":null,"twitter_use_og":false,"twitter_card":"default","twitter_image_type":"default","twitter_image_url":null,"twitter_image_custom_url":null,"twitter_image_custom_fields":null,"twitter_title":null,"twitter_description":null,"schema":{"blockGraphs":[],"customGraphs":[],"default":{"data":{"Article":[],"Course":[],"Dataset":[],"FAQPage":[],"Movie":[],"Person":[],"Product":[],"ProductReview":[],"Car":[],"Recipe":[],"Service":[],"SoftwareApplication":[],"WebPage":[]},"graphName":"","isEnabled":true},"graphs":[]},"schema_type":"default","schema_type_options":null,"pillar_content":false,"robots_default":true,"robots_noindex":false,"robots_noarchive":false,"robots_nosnippet":false,"robots_nofollow":false,"robots_noimageindex":false,"robots_noodp":false,"robots_notranslate":false,"robots_max_snippet":null,"robots_max_videopreview":null,"robots_max_imagepreview":"large","priority":null,"frequency":null,"local_seo":null,"breadcrumb_settings":null,"limit_modified_date":false,"ai":null,"created":"2024-03-05 01:58:42","updated":"2026-03-03 05:12:10","seo_analyzer_scan_date":null,"focus_keyword":null,"additional_keywords":null,"truseo_locale":null},"aioseo_breadcrumb":"<div class=\"aioseo-breadcrumbs\"><span class=\"aioseo-breadcrumb\">\n\t\t\t<a href=\"https:\/\/contadoreshoy.com\" title=\"Home\">Home<\/a>\n\t\t<\/span><span class=\"aioseo-breadcrumb-separator\">&raquo;<\/span><span class=\"aioseo-breadcrumb\">\n\t\t\t<a href=\"https:\/\/contadoreshoy.com\/?cat=1\" title=\"Uncategorized\">Uncategorized<\/a>\n\t\t<\/span><span class=\"aioseo-breadcrumb-separator\">&raquo;<\/span><span class=\"aioseo-breadcrumb\">\n\t\t\tDecreto 1273 de julio 23 de 2018 Retenci\u00f3n y giro de los aportes al sistema de seguridad social integral de los trabajadores independientes\n\t\t<\/span><\/div>","aioseo_breadcrumb_json":[{"label":"Home","link":"https:\/\/contadoreshoy.com"},{"label":"Uncategorized","link":"https:\/\/contadoreshoy.com\/?cat=1"},{"label":"Decreto 1273 de julio 23 de 2018 Retenci\u00f3n y giro de los aportes al sistema de seguridad social integral de los trabajadores independientes","link":"https:\/\/contadoreshoy.com\/?p=11064"}],"yoast_head":"<!-- This site is optimized with the Yoast SEO plugin v28.4 - https:\/\/yoast.com\/product\/yoast-seo-wordpress\/ -->\n<title>Decreto 1273 de julio 23 de 2018 Retenci\u00f3n y giro de los aportes al sistema de seguridad social integral de los trabajadores independientes - Contadores P\u00fablicos<\/title>\n<meta name=\"robots\" content=\"index, follow, max-snippet:-1, max-image-preview:large, max-video-preview:-1\" \/>\n<link rel=\"canonical\" href=\"https:\/\/contadoreshoy.com\/?p=11064\" \/>\n<meta property=\"og:locale\" content=\"es_ES\" \/>\n<meta property=\"og:type\" content=\"article\" \/>\n<meta property=\"og:title\" content=\"Decreto 1273 de julio 23 de 2018 Retenci\u00f3n y giro de los aportes al sistema de seguridad social integral de los trabajadores independientes - Contadores P\u00fablicos\" \/>\n<meta property=\"og:description\" content=\"DECRETO 1273 DE JULIO 23 DE 2018 PAGO Y RETENCI\u00d3N DE APORTES AL SISTEMA DE SEGURIDAD INTEGRAL Y PARAFISCALES DE LOS TRABAJADORES INDEPENDIENTES &nbsp; De acuerdo al Decreto 1273 de&#046;&#046;&#046;\" \/>\n<meta property=\"og:url\" content=\"https:\/\/contadoreshoy.com\/?p=11064\" \/>\n<meta property=\"og:site_name\" content=\"Contadores P\u00fablicos\" \/>\n<meta property=\"article:publisher\" content=\"https:\/\/www.facebook.com\/CCCPBucaramanga\/\" \/>\n<meta property=\"article:published_time\" content=\"2018-07-25T21:31:06+00:00\" \/>\n<meta property=\"article:modified_time\" content=\"2018-07-25T21:33:32+00:00\" \/>\n<meta property=\"og:image\" content=\"https:\/\/contadoreshoy.com\/wp-content\/uploads\/2015\/12\/triste.jpg\" \/>\n\t<meta property=\"og:image:width\" content=\"350\" \/>\n\t<meta property=\"og:image:height\" content=\"257\" \/>\n\t<meta property=\"og:image:type\" content=\"image\/jpeg\" \/>\n<meta name=\"author\" content=\"Miguel Antonio M\u00e1rquez Monta\u00f1ez\" \/>\n<meta name=\"twitter:card\" content=\"summary_large_image\" \/>\n<meta name=\"twitter:label1\" content=\"Escrito por\" \/>\n\t<meta name=\"twitter:data1\" content=\"Miguel Antonio M\u00e1rquez Monta\u00f1ez\" \/>\n\t<meta name=\"twitter:label2\" content=\"Tiempo de lectura\" \/>\n\t<meta name=\"twitter:data2\" content=\"2 minutos\" \/>\n<script type=\"application\/ld+json\" class=\"yoast-schema-graph\">{\"@context\":\"https:\\\/\\\/schema.org\",\"@graph\":[{\"@type\":\"Article\",\"@id\":\"https:\\\/\\\/contadoreshoy.com\\\/?p=11064#article\",\"isPartOf\":{\"@id\":\"https:\\\/\\\/contadoreshoy.com\\\/?p=11064\"},\"author\":{\"name\":\"Miguel Antonio M\u00e1rquez Monta\u00f1ez\",\"@id\":\"https:\\\/\\\/contadoreshoy.com\\\/#\\\/schema\\\/person\\\/96d8979cb865537c5dc9345e40089fc5\"},\"headline\":\"Decreto 1273 de julio 23 de 2018 Retenci\u00f3n y giro de los aportes al sistema de seguridad social integral de los trabajadores independientes\",\"datePublished\":\"2018-07-25T21:31:06+00:00\",\"dateModified\":\"2018-07-25T21:33:32+00:00\",\"mainEntityOfPage\":{\"@id\":\"https:\\\/\\\/contadoreshoy.com\\\/?p=11064\"},\"wordCount\":412,\"publisher\":{\"@id\":\"https:\\\/\\\/contadoreshoy.com\\\/#organization\"},\"image\":{\"@id\":\"https:\\\/\\\/contadoreshoy.com\\\/?p=11064#primaryimage\"},\"thumbnailUrl\":\"https:\\\/\\\/contadoreshoy.com\\\/wp-content\\\/uploads\\\/2015\\\/12\\\/triste.jpg\",\"articleSection\":{\"1\":\"Uncategorized\"},\"inLanguage\":\"es\"},{\"@type\":\"WebPage\",\"@id\":\"https:\\\/\\\/contadoreshoy.com\\\/?p=11064\",\"url\":\"https:\\\/\\\/contadoreshoy.com\\\/?p=11064\",\"name\":\"Decreto 1273 de julio 23 de 2018 Retenci\u00f3n y giro de los aportes al sistema de seguridad social integral de los trabajadores independientes - Contadores P\u00fablicos\",\"isPartOf\":{\"@id\":\"https:\\\/\\\/contadoreshoy.com\\\/#website\"},\"primaryImageOfPage\":{\"@id\":\"https:\\\/\\\/contadoreshoy.com\\\/?p=11064#primaryimage\"},\"image\":{\"@id\":\"https:\\\/\\\/contadoreshoy.com\\\/?p=11064#primaryimage\"},\"thumbnailUrl\":\"https:\\\/\\\/contadoreshoy.com\\\/wp-content\\\/uploads\\\/2015\\\/12\\\/triste.jpg\",\"datePublished\":\"2018-07-25T21:31:06+00:00\",\"dateModified\":\"2018-07-25T21:33:32+00:00\",\"breadcrumb\":{\"@id\":\"https:\\\/\\\/contadoreshoy.com\\\/?p=11064#breadcrumb\"},\"inLanguage\":\"es\",\"potentialAction\":[{\"@type\":\"ReadAction\",\"target\":[\"https:\\\/\\\/contadoreshoy.com\\\/?p=11064\"]}]},{\"@type\":\"ImageObject\",\"inLanguage\":\"es\",\"@id\":\"https:\\\/\\\/contadoreshoy.com\\\/?p=11064#primaryimage\",\"url\":\"https:\\\/\\\/contadoreshoy.com\\\/wp-content\\\/uploads\\\/2015\\\/12\\\/triste.jpg\",\"contentUrl\":\"https:\\\/\\\/contadoreshoy.com\\\/wp-content\\\/uploads\\\/2015\\\/12\\\/triste.jpg\",\"width\":350,\"height\":257},{\"@type\":\"BreadcrumbList\",\"@id\":\"https:\\\/\\\/contadoreshoy.com\\\/?p=11064#breadcrumb\",\"itemListElement\":[{\"@type\":\"ListItem\",\"position\":1,\"name\":\"Portada\",\"item\":\"https:\\\/\\\/contadoreshoy.com\\\/\"},{\"@type\":\"ListItem\",\"position\":2,\"name\":\"Decreto 1273 de julio 23 de 2018 Retenci\u00f3n y giro de los aportes al sistema de seguridad social integral de los trabajadores independientes\"}]},{\"@type\":\"WebSite\",\"@id\":\"https:\\\/\\\/contadoreshoy.com\\\/#website\",\"url\":\"https:\\\/\\\/contadoreshoy.com\\\/\",\"name\":\"Contadorespublicossantander\",\"description\":\"Portal para Contadores P\u00fablicos y empresarios\",\"publisher\":{\"@id\":\"https:\\\/\\\/contadoreshoy.com\\\/#organization\"},\"potentialAction\":[{\"@type\":\"SearchAction\",\"target\":{\"@type\":\"EntryPoint\",\"urlTemplate\":\"https:\\\/\\\/contadoreshoy.com\\\/?s={search_term_string}\"},\"query-input\":{\"@type\":\"PropertyValueSpecification\",\"valueRequired\":true,\"valueName\":\"search_term_string\"}}],\"inLanguage\":\"es\"},{\"@type\":\"Organization\",\"@id\":\"https:\\\/\\\/contadoreshoy.com\\\/#organization\",\"name\":\"Contadores P\u00fablicos de Santander\",\"url\":\"https:\\\/\\\/contadoreshoy.com\\\/\",\"logo\":{\"@type\":\"ImageObject\",\"inLanguage\":\"es\",\"@id\":\"https:\\\/\\\/contadoreshoy.com\\\/#\\\/schema\\\/logo\\\/image\\\/\",\"url\":\"https:\\\/\\\/contadoreshoy.com\\\/wp-content\\\/uploads\\\/2024\\\/01\\\/cropped-cropped-Copia-de-M-1.jpg\",\"contentUrl\":\"https:\\\/\\\/contadoreshoy.com\\\/wp-content\\\/uploads\\\/2024\\\/01\\\/cropped-cropped-Copia-de-M-1.jpg\",\"width\":499,\"height\":500,\"caption\":\"Contadores P\u00fablicos de Santander\"},\"image\":{\"@id\":\"https:\\\/\\\/contadoreshoy.com\\\/#\\\/schema\\\/logo\\\/image\\\/\"},\"sameAs\":[\"https:\\\/\\\/www.facebook.com\\\/CCCPBucaramanga\\\/\"]},{\"@type\":\"Person\",\"@id\":\"https:\\\/\\\/contadoreshoy.com\\\/#\\\/schema\\\/person\\\/96d8979cb865537c5dc9345e40089fc5\",\"name\":\"Miguel Antonio M\u00e1rquez Monta\u00f1ez\",\"description\":\"Contador P\u00fablico egresado de la Universidad Aut\u00f3noma de Bucaramanga - Asesor contable tributario con m\u00e1s de 25 a\u00f1os de experiencia - Conferencista en temas contables y tributarios - T\u00e9cnico en Hardware y Dise\u00f1o Web - Creador y director Grupo de Estudio Colegio Colombiano de Contadores P\u00fablicos de Bucaramanga - Creador y Master Web p\u00e1gina www.contadoresp\u00fablicossantander.com - Expresidente Colegio Colombiano de Contadores P\u00fablicos Bucaramanga\",\"url\":\"https:\\\/\\\/contadoreshoy.com\\\/?author=1\"}]}<\/script>\n<!-- \/ Yoast SEO plugin. -->","yoast_head_json":{"title":"Decreto 1273 de julio 23 de 2018 Retenci\u00f3n y giro de los aportes al sistema de seguridad social integral de los trabajadores independientes - Contadores P\u00fablicos","robots":{"index":"index","follow":"follow","max-snippet":"max-snippet:-1","max-image-preview":"max-image-preview:large","max-video-preview":"max-video-preview:-1"},"canonical":"https:\/\/contadoreshoy.com\/?p=11064","og_locale":"es_ES","og_type":"article","og_title":"Decreto 1273 de julio 23 de 2018 Retenci\u00f3n y giro de los aportes al sistema de seguridad social integral de los trabajadores independientes - Contadores P\u00fablicos","og_description":"DECRETO 1273 DE JULIO 23 DE 2018 PAGO Y RETENCI\u00d3N DE APORTES AL SISTEMA DE SEGURIDAD INTEGRAL Y PARAFISCALES DE LOS TRABAJADORES INDEPENDIENTES &nbsp; De acuerdo al Decreto 1273 de&#46;&#46;&#46;","og_url":"https:\/\/contadoreshoy.com\/?p=11064","og_site_name":"Contadores P\u00fablicos","article_publisher":"https:\/\/www.facebook.com\/CCCPBucaramanga\/","article_published_time":"2018-07-25T21:31:06+00:00","article_modified_time":"2018-07-25T21:33:32+00:00","og_image":[{"width":350,"height":257,"url":"https:\/\/contadoreshoy.com\/wp-content\/uploads\/2015\/12\/triste.jpg","type":"image\/jpeg"}],"author":"Miguel Antonio M\u00e1rquez Monta\u00f1ez","twitter_card":"summary_large_image","twitter_misc":{"Escrito por":"Miguel Antonio M\u00e1rquez Monta\u00f1ez","Tiempo de lectura":"2 minutos"},"schema":{"@context":"https:\/\/schema.org","@graph":[{"@type":"Article","@id":"https:\/\/contadoreshoy.com\/?p=11064#article","isPartOf":{"@id":"https:\/\/contadoreshoy.com\/?p=11064"},"author":{"name":"Miguel Antonio M\u00e1rquez Monta\u00f1ez","@id":"https:\/\/contadoreshoy.com\/#\/schema\/person\/96d8979cb865537c5dc9345e40089fc5"},"headline":"Decreto 1273 de julio 23 de 2018 Retenci\u00f3n y giro de los aportes al sistema de seguridad social integral de los trabajadores independientes","datePublished":"2018-07-25T21:31:06+00:00","dateModified":"2018-07-25T21:33:32+00:00","mainEntityOfPage":{"@id":"https:\/\/contadoreshoy.com\/?p=11064"},"wordCount":412,"publisher":{"@id":"https:\/\/contadoreshoy.com\/#organization"},"image":{"@id":"https:\/\/contadoreshoy.com\/?p=11064#primaryimage"},"thumbnailUrl":"https:\/\/contadoreshoy.com\/wp-content\/uploads\/2015\/12\/triste.jpg","articleSection":{"1":"Uncategorized"},"inLanguage":"es"},{"@type":"WebPage","@id":"https:\/\/contadoreshoy.com\/?p=11064","url":"https:\/\/contadoreshoy.com\/?p=11064","name":"Decreto 1273 de julio 23 de 2018 Retenci\u00f3n y giro de los aportes al sistema de seguridad social integral de los trabajadores independientes - Contadores P\u00fablicos","isPartOf":{"@id":"https:\/\/contadoreshoy.com\/#website"},"primaryImageOfPage":{"@id":"https:\/\/contadoreshoy.com\/?p=11064#primaryimage"},"image":{"@id":"https:\/\/contadoreshoy.com\/?p=11064#primaryimage"},"thumbnailUrl":"https:\/\/contadoreshoy.com\/wp-content\/uploads\/2015\/12\/triste.jpg","datePublished":"2018-07-25T21:31:06+00:00","dateModified":"2018-07-25T21:33:32+00:00","breadcrumb":{"@id":"https:\/\/contadoreshoy.com\/?p=11064#breadcrumb"},"inLanguage":"es","potentialAction":[{"@type":"ReadAction","target":["https:\/\/contadoreshoy.com\/?p=11064"]}]},{"@type":"ImageObject","inLanguage":"es","@id":"https:\/\/contadoreshoy.com\/?p=11064#primaryimage","url":"https:\/\/contadoreshoy.com\/wp-content\/uploads\/2015\/12\/triste.jpg","contentUrl":"https:\/\/contadoreshoy.com\/wp-content\/uploads\/2015\/12\/triste.jpg","width":350,"height":257},{"@type":"BreadcrumbList","@id":"https:\/\/contadoreshoy.com\/?p=11064#breadcrumb","itemListElement":[{"@type":"ListItem","position":1,"name":"Portada","item":"https:\/\/contadoreshoy.com\/"},{"@type":"ListItem","position":2,"name":"Decreto 1273 de julio 23 de 2018 Retenci\u00f3n y giro de los aportes al sistema de seguridad social integral de los trabajadores independientes"}]},{"@type":"WebSite","@id":"https:\/\/contadoreshoy.com\/#website","url":"https:\/\/contadoreshoy.com\/","name":"Contadorespublicossantander","description":"Portal para Contadores P\u00fablicos y empresarios","publisher":{"@id":"https:\/\/contadoreshoy.com\/#organization"},"potentialAction":[{"@type":"SearchAction","target":{"@type":"EntryPoint","urlTemplate":"https:\/\/contadoreshoy.com\/?s={search_term_string}"},"query-input":{"@type":"PropertyValueSpecification","valueRequired":true,"valueName":"search_term_string"}}],"inLanguage":"es"},{"@type":"Organization","@id":"https:\/\/contadoreshoy.com\/#organization","name":"Contadores P\u00fablicos de Santander","url":"https:\/\/contadoreshoy.com\/","logo":{"@type":"ImageObject","inLanguage":"es","@id":"https:\/\/contadoreshoy.com\/#\/schema\/logo\/image\/","url":"https:\/\/contadoreshoy.com\/wp-content\/uploads\/2024\/01\/cropped-cropped-Copia-de-M-1.jpg","contentUrl":"https:\/\/contadoreshoy.com\/wp-content\/uploads\/2024\/01\/cropped-cropped-Copia-de-M-1.jpg","width":499,"height":500,"caption":"Contadores P\u00fablicos de Santander"},"image":{"@id":"https:\/\/contadoreshoy.com\/#\/schema\/logo\/image\/"},"sameAs":["https:\/\/www.facebook.com\/CCCPBucaramanga\/"]},{"@type":"Person","@id":"https:\/\/contadoreshoy.com\/#\/schema\/person\/96d8979cb865537c5dc9345e40089fc5","name":"Miguel Antonio M\u00e1rquez Monta\u00f1ez","description":"Contador P\u00fablico egresado de la Universidad Aut\u00f3noma de Bucaramanga - Asesor contable tributario con m\u00e1s de 25 a\u00f1os de experiencia - Conferencista en temas contables y tributarios - T\u00e9cnico en Hardware y Dise\u00f1o Web - Creador y director Grupo de Estudio Colegio Colombiano de Contadores P\u00fablicos de Bucaramanga - Creador y Master Web p\u00e1gina www.contadoresp\u00fablicossantander.com - Expresidente Colegio Colombiano de Contadores P\u00fablicos Bucaramanga","url":"https:\/\/contadoreshoy.com\/?author=1"}]}},"_links":{"self":[{"href":"https:\/\/contadoreshoy.com\/index.php?rest_route=\/wp\/v2\/posts\/11064","targetHints":{"allow":["GET"]}}],"collection":[{"href":"https:\/\/contadoreshoy.com\/index.php?rest_route=\/wp\/v2\/posts"}],"about":[{"href":"https:\/\/contadoreshoy.com\/index.php?rest_route=\/wp\/v2\/types\/post"}],"author":[{"embeddable":true,"href":"https:\/\/contadoreshoy.com\/index.php?rest_route=\/wp\/v2\/users\/1"}],"replies":[{"embeddable":true,"href":"https:\/\/contadoreshoy.com\/index.php?rest_route=%2Fwp%2Fv2%2Fcomments&post=11064"}],"version-history":[{"count":2,"href":"https:\/\/contadoreshoy.com\/index.php?rest_route=\/wp\/v2\/posts\/11064\/revisions"}],"predecessor-version":[{"id":11068,"href":"https:\/\/contadoreshoy.com\/index.php?rest_route=\/wp\/v2\/posts\/11064\/revisions\/11068"}],"wp:featuredmedia":[{"embeddable":true,"href":"https:\/\/contadoreshoy.com\/index.php?rest_route=\/wp\/v2\/media\/6522"}],"wp:attachment":[{"href":"https:\/\/contadoreshoy.com\/index.php?rest_route=%2Fwp%2Fv2%2Fmedia&parent=11064"}],"wp:term":[{"taxonomy":"category","embeddable":true,"href":"https:\/\/contadoreshoy.com\/index.php?rest_route=%2Fwp%2Fv2%2Fcategories&post=11064"},{"taxonomy":"post_tag","embeddable":true,"href":"https:\/\/contadoreshoy.com\/index.php?rest_route=%2Fwp%2Fv2%2Ftags&post=11064"}],"curies":[{"name":"wp","href":"https:\/\/api.w.org\/{rel}","templated":true}]}}