{"id":11079,"date":"2022-07-21T11:47:00","date_gmt":"2022-07-21T16:47:00","guid":{"rendered":"https:\/\/contadoreshoy.com\/?p=11079"},"modified":"2022-07-21T18:36:24","modified_gmt":"2022-07-21T23:36:24","slug":"renta-cedular-capital","status":"publish","type":"post","link":"https:\/\/contadoreshoy.com\/?p=11079","title":{"rendered":"RENTA CEDULAR DE CAPITAL"},"content":{"rendered":"<p><img loading=\"lazy\" decoding=\"async\" class=\"aligncenter wp-image-12833 size-large\" src=\"https:\/\/contadoreshoy.com\/wp-content\/uploads\/0219\/07\/Rentas-de-capital-1240x709.png\" alt=\"\" width=\"1240\" height=\"709\" srcset=\"https:\/\/contadoreshoy.com\/wp-content\/uploads\/0219\/07\/Rentas-de-capital-1240x709.png 1240w, https:\/\/contadoreshoy.com\/wp-content\/uploads\/0219\/07\/Rentas-de-capital-600x343.png 600w, https:\/\/contadoreshoy.com\/wp-content\/uploads\/0219\/07\/Rentas-de-capital-768x439.png 768w, https:\/\/contadoreshoy.com\/wp-content\/uploads\/0219\/07\/Rentas-de-capital.png 1266w\" sizes=\"auto, (max-width: 1240px) 100vw, 1240px\" \/><\/p>\n<p style=\"text-align: center;\"><strong><span style=\"color: #000000;\">DETERMINACI\u00d3N RENTA L\u00cdQUIDA CEDULAR DE LAS RENTAS DE CAPITAL<\/span><\/strong><\/p>\n<p style=\"text-align: justify;\">&nbsp;<\/p>\n<p><span style=\"color: #0000ff;\"><strong>Tabla para determinar Renta l\u00edquida cedular de capital:<\/strong><\/span><\/p>\n<table style=\"width: 77.4387%; height: 2222px;\">\n<tbody>\n<tr style=\"height: 24px;\">\n<td style=\"width: 14px; height: 24px;\"><span style=\"color: #0000ff;\"><b>1<\/b><\/span><\/td>\n<td style=\"width: 567px; height: 24px; text-align: justify;\"><strong><span style=\"color: #0000ff;\">RENTAS DE CAPITAL<\/span><\/strong><\/td>\n<td style=\"width: 59px; height: 24px; text-align: center;\">&nbsp;<span style=\"color: #ff0000;\">(<strong>A-B)<\/strong><\/span><\/td>\n<\/tr>\n<tr style=\"height: 24px;\">\n<td style=\"width: 14px; height: 24px;\"><span style=\"color: #ff0000;\"><strong>A<\/strong><\/span><\/td>\n<td style=\"width: 567px; height: 24px; text-align: justify;\"><strong><span style=\"color: #ff0000;\">INGRESOS BRUTOS POR RENTAS DE CAPITAL<\/span><\/strong><\/td>\n<td style=\"width: 59px; height: 24px;\">&nbsp;<\/td>\n<\/tr>\n<tr style=\"height: 24px;\">\n<td style=\"width: 14px; height: 24px;\">&nbsp;<\/td>\n<td style=\"width: 567px; height: 24px; text-align: justify;\"><span style=\"color: #000000;\"><strong>Intereses y correcci\u00f3n monetaria (Incluye intereses sobre las cesant\u00edas)<\/strong><\/span><\/td>\n<td style=\"width: 59px; height: 24px;\">&nbsp;<\/td>\n<\/tr>\n<tr style=\"height: 24px;\">\n<td style=\"width: 14px; height: 24px;\">&nbsp;<\/td>\n<td style=\"width: 567px; height: 24px; text-align: justify;\"><span style=\"color: #000000;\"><strong>Descuentos de t\u00edtulos con descuento<\/strong><\/span><\/td>\n<td style=\"width: 59px; height: 24px;\">&nbsp;<\/td>\n<\/tr>\n<tr style=\"height: 24px;\">\n<td style=\"width: 14px; height: 24px;\">&nbsp;<\/td>\n<td style=\"width: 567px; height: 24px; text-align: justify;\"><span style=\"color: #000000;\"><strong>Componente financiero del arrendamiento financiero<\/strong><\/span><\/td>\n<td style=\"width: 59px; height: 24px;\">&nbsp;<\/td>\n<\/tr>\n<tr style=\"height: 24px;\">\n<td style=\"width: 14px; height: 24px;\">&nbsp;<\/td>\n<td style=\"width: 567px; height: 24px; text-align: justify;\"><span style=\"color: #000000;\"><strong>Ajuste por diferencia en cambio (Ver Art 288 E.T.)<\/strong><\/span><\/td>\n<td style=\"width: 59px; height: 24px;\">&nbsp;<\/td>\n<\/tr>\n<tr style=\"height: 24px;\">\n<td style=\"width: 14px; height: 24px;\">&nbsp;<\/td>\n<td style=\"width: 567px; height: 24px; text-align: justify;\"><span style=\"color: #000000;\"><strong>Intereses presuntivos (Art 35 E.T.)<\/strong><\/span><\/td>\n<td style=\"width: 59px; height: 24px;\">&nbsp;<\/td>\n<\/tr>\n<tr style=\"height: 24px;\">\n<td style=\"width: 14px; height: 24px;\">&nbsp;<\/td>\n<td style=\"width: 567px; height: 24px; text-align: justify;\"><span style=\"color: #000000;\"><strong>Arrendamientos de bienes muebles e inmuebles<\/strong><\/span><\/td>\n<td style=\"width: 59px; height: 24px;\">&nbsp;<\/td>\n<\/tr>\n<tr style=\"height: 24px;\">\n<td style=\"width: 14px; height: 24px;\">&nbsp;<\/td>\n<td style=\"width: 567px; height: 24px; text-align: justify;\"><span style=\"color: #000000;\"><strong>Regal\u00edas y propiedad intelectual<\/strong><\/span><\/td>\n<td style=\"width: 59px; height: 24px;\">&nbsp;<\/td>\n<\/tr>\n<tr style=\"height: 24px;\">\n<td style=\"width: 14px; height: 24px;\">&nbsp;<\/td>\n<td style=\"width: 567px; height: 24px; text-align: justify;\"><span style=\"color: #000000;\"><strong>Ingresos del exterior por rentas de capital<\/strong><\/span><\/td>\n<td style=\"width: 59px; height: 24px;\">&nbsp;<\/td>\n<\/tr>\n<tr style=\"height: 48px;\">\n<td style=\"width: 14px; height: 48px;\">&nbsp;<\/td>\n<td style=\"width: 567px; height: 48px; text-align: justify;\"><span style=\"color: #000000;\"><strong>Rentas de capital obtenidas en pa\u00edses miembros de la Comunidad Andina (CAN). Bolivia, Colombia, Ecuador, Per\u00fa y Venezuela. (Decisi\u00f3n 578 de 2004 de la CAN).<\/strong><\/span><\/td>\n<td style=\"width: 59px; height: 48px;\">&nbsp;<\/td>\n<\/tr>\n<tr style=\"height: 24px;\">\n<td style=\"width: 14px; height: 24px;\"><span style=\"color: #ff0000;\">&nbsp;<strong>B<\/strong><\/span><\/td>\n<td style=\"width: 567px; height: 24px; text-align: justify;\"><strong><span style=\"color: #ff0000;\">INGRESOS NO CONSTITUTIVOS DE RENTA DE LAS RENTAS DE CAPITAL<\/span><\/strong><\/td>\n<td style=\"width: 59px; height: 24px;\">&nbsp;<\/td>\n<\/tr>\n<tr style=\"height: 72px;\">\n<td style=\"width: 14px; height: 72px;\">&nbsp;<\/td>\n<td style=\"width: 567px; height: 72px; text-align: justify;\"><span style=\"color: #000000;\"><strong>Componente inflacionario de los rendimientos financieros percibidos por personas naturales y sucesiones il\u00edquidas, no obligadas a llevar libros de contabilidad. Art 38 y 41 E.T. (Decreto 728 de 2022 &#8211; 100% de los rendimientos financieros).<\/strong><\/span><\/td>\n<td style=\"width: 59px; height: 72px;\">&nbsp;<\/td>\n<\/tr>\n<tr style=\"height: 41px;\">\n<td style=\"width: 14px; height: 41px;\"><strong><span style=\"color: #008000;\">&nbsp;**<\/span><\/strong><\/td>\n<td style=\"width: 567px; height: 41px; text-align: justify;\"><span style=\"color: #000000;\"><strong>Aportes obligatorios a fondos de pensiones (Art 55 E.T.). Siempre y cuando no se haya descontado en otra c\u00e9dula.<\/strong><\/span><\/td>\n<td style=\"width: 59px; height: 41px;\">&nbsp;<\/td>\n<\/tr>\n<tr style=\"height: 48px;\">\n<td style=\"width: 14px; height: 48px;\">&nbsp;<strong><span style=\"color: #008000;\">**<\/span><\/strong><\/td>\n<td style=\"width: 567px; height: 48px; text-align: justify;\"><span style=\"color: #000000;\"><strong>Aportes obligatorios a fondos de salud (Art 55 E.T.). Siempre y cuando no se haya descontado en otra c\u00e9dula.<\/strong><\/span><\/td>\n<td style=\"width: 59px; height: 48px;\">&nbsp;<\/td>\n<\/tr>\n<tr style=\"height: 48px;\">\n<td style=\"width: 14px; height: 48px; text-align: center;\"><strong><span style=\"color: #008000;\">**<\/span><\/strong><\/td>\n<td style=\"width: 567px; height: 48px; text-align: justify;\"><span style=\"color: #000000;\"><strong>Aportes voluntarios al R\u00e9gimen de pensiones de Ahorro individual con solidaridad (RAIS). Art\u00edculo 1.2.1.12.9 Decreto 1625 de 2016.<\/strong><\/span><\/td>\n<td style=\"width: 59px; height: 48px;\">&nbsp;<\/td>\n<\/tr>\n<tr style=\"height: 48px;\">\n<td style=\"width: 14px; height: 48px; text-align: center;\"><strong><span style=\"color: #008000;\">**<\/span><\/strong><\/td>\n<td style=\"width: 567px; height: 48px; text-align: justify;\"><span style=\"color: #000000;\"><strong>Aportes al Sistema General de&nbsp; Riesgos Laborales. (Concepto DIAN 912 de julio 19 de 2018).<\/strong><\/span><\/td>\n<td style=\"width: 59px; height: 48px;\">&nbsp;<\/td>\n<\/tr>\n<tr style=\"height: 24px;\">\n<td style=\"width: 14px; height: 24px;\"><strong><span style=\"color: #0000ff;\">&nbsp;2<\/span><\/strong><\/td>\n<td style=\"width: 567px; height: 24px; text-align: justify;\"><strong><span style=\"color: #0000ff;\">COSTOS Y GASTOS PROCEDENTES<\/span><\/strong><\/td>\n<td style=\"width: 59px; height: 24px;\">&nbsp;<\/td>\n<\/tr>\n<tr style=\"height: 24px;\">\n<td style=\"width: 14px; height: 24px;\">&nbsp;<\/td>\n<td style=\"width: 567px; height: 24px; text-align: justify;\"><span style=\"color: #000000;\"><strong>Costos y gastos pagados o devengados contablemente que tengan relaci\u00f3n de causalidad con la generaci\u00f3n de los ingresos. Art 107&nbsp; y 107-1 E.T.<\/strong><\/span><\/td>\n<td style=\"width: 59px; height: 24px;\">&nbsp;<\/td>\n<\/tr>\n<tr style=\"height: 88px;\">\n<td style=\"width: 14px; height: 88px;\">&nbsp;<\/td>\n<td style=\"width: 567px; text-align: justify; height: 88px;\"><span style=\"color: #000000;\"><strong>Deducci\u00f3n del 120% de los pagos que se realicen por concepto de salario, en relaci\u00f3n con los empleados que sean menores de 28 a\u00f1os, siempre y cuando se trate del primer empleo de la persona, sin exceder de 115 UVT mensuales. Art. 108-5 E.T. (El Ministerio del Trabajo expedir\u00e1 una certificaci\u00f3n al respecto).<\/strong><\/span><\/td>\n<td style=\"width: 59px; height: 88px;\">&nbsp;<\/td>\n<\/tr>\n<tr style=\"height: 24px;\">\n<td style=\"width: 14px; height: 40px;\"><strong><span style=\"color: #0000ff;\">&nbsp;3<\/span><\/strong><\/td>\n<td style=\"width: 567px; height: 40px; text-align: justify;\"><strong><span style=\"color: #0000ff;\">RENTA L\u00cdQUIDA DE LAS RENTAS DE CAPITAL<\/span><\/strong><\/td>\n<td style=\"width: 59px; height: 40px; text-align: center;\">&nbsp;<strong><span style=\"color: #0000ff;\">(1-2)<\/span><\/strong><\/td>\n<\/tr>\n<tr style=\"height: 24px;\">\n<td style=\"width: 14px; height: 10px;\"><strong><span style=\"color: #0000ff;\">&nbsp;4<\/span><\/strong><\/td>\n<td style=\"width: 567px; height: 10px; text-align: justify;\"><strong><span style=\"color: #0000ff;\">RENTAS L\u00cdQUIDAS PASIVAS &#8211; ECE DE LAS RENTAS DE CAPITAL &#8211; Art 884 E.T.&nbsp;<\/span><\/strong><\/p>\n<p><strong>Esta casilla deber\u00e1 ser diligenciada por los residentes fiscales Colombianos que tengan, directa o indirectamente, una participaci\u00f3n igual o superior al 10% en el capital de la ECE, o en los resultados de la misma. Tome el valor de los ingresos pasivos y reste el valor de los costos, gastos y deducciones asociadas a dichos ingresos.<\/strong><\/td>\n<td style=\"width: 59px; height: 10px;\">&nbsp;<\/td>\n<\/tr>\n<tr style=\"height: 88px;\">\n<td style=\"width: 14px; height: 88px;\"><span style=\"color: #ff0000;\"><strong>C<\/strong><\/span><\/td>\n<td style=\"width: 567px; text-align: justify; height: 88px;\"><span style=\"color: #ff0000;\"><strong>RENTAS EXENTAS DE LAS RENTAS DE CAPITAL<\/strong><\/span><\/td>\n<td style=\"width: 59px; height: 88px;\">&nbsp;<\/td>\n<\/tr>\n<tr style=\"height: 150px;\">\n<td style=\"width: 14px; height: 150px;\"><strong><span style=\"color: #0000ff;\">&nbsp;<\/span><\/strong><\/td>\n<td style=\"width: 567px; text-align: justify; height: 150px;\"><strong><span style=\"color: #0000ff;\"><span style=\"color: #000000;\">Sumas depositadas en las cuentas de ahorro denominadas \u00abAhorro para el&nbsp;fomento a la construcci\u00f3n AFC\u00bb, y\/o a las cuentas de ahorro voluntario contractual &#8211; AVC, hasta un valor que, adicionado al valor de los aportes voluntarios a los seguros privados de pensiones y a los fondos&nbsp;de pensiones voluntarias de que trata el art\u00edculo 126-1 E.T., no exceda del&nbsp;30% del ingreso laboral o del ingreso tributario del a\u00f1o, seg\u00fan corresponda&nbsp;hasta un monto m\u00e1ximo de 3.800 UVT por a\u00f1o.<\/span><\/span><\/strong><\/td>\n<td style=\"width: 59px; height: 150px;\">&nbsp;<\/td>\n<\/tr>\n<tr style=\"height: 175px;\">\n<td style=\"width: 14px; height: 175px;\"><strong><span style=\"color: #0000ff;\">&nbsp;<\/span><\/strong><\/td>\n<td style=\"width: 567px; text-align: justify; height: 175px;\"><strong><span style=\"color: #0000ff;\"><span style=\"color: #000000;\">Aportes voluntarios a fondo de pensiones hasta una suma que adicionada&nbsp;al valor de los aportes a las cuentas AFC, de que trata el art\u00edculo 126-4&nbsp;no exceda el 30% del ingresos laboral o ingreso tributario del a\u00f1o, hasta un&nbsp;monto m\u00e1ximo de 3.800 UVT por a\u00f1o. (Art 126-1 E.T.)<\/span><\/span><\/strong><\/td>\n<td style=\"width: 59px; height: 175px;\">&nbsp;<\/td>\n<\/tr>\n<tr style=\"height: 71px;\">\n<td style=\"width: 14px; height: 71px;\"><strong><span style=\"color: #0000ff;\">&nbsp;<\/span><\/strong><\/td>\n<td style=\"width: 567px; text-align: justify; height: 71px;\"><strong><span style=\"color: #0000ff;\"><span style=\"color: #000000;\">Aportes del part\u00edcipe independiente a los seguros privados de pensiones, hasta una suma que adicionada al valor de los aportes a las cuentas de&nbsp;ahorro para el fomento de la construcci\u00f3n (AFC) de que trata el art\u00edculo 126-4&nbsp;de este Estatuto, no exceda del 30% del ingreso laboral o ingreso tributario&nbsp;del a\u00f1o, hasta un monto m\u00e1ximo de 3.800 UVT por a\u00f1o.<\/span><\/span><\/strong><\/td>\n<td style=\"width: 59px; height: 71px;\">&nbsp;<\/td>\n<\/tr>\n<tr style=\"height: 146px;\">\n<td style=\"width: 14px; height: 146px;\"><strong><span style=\"color: #0000ff;\">&nbsp;<\/span><\/strong><\/td>\n<td style=\"width: 567px; text-align: justify; height: 146px;\"><strong><span style=\"color: #0000ff;\"><span style=\"color: #000000;\">Rentas de capital obtenidas en pa\u00edses miembros de la Comunidad Andina -CAN. Bolivia, Colombia, Ecuador, Per\u00fa y Venezuela, decisi\u00f3n 578 de 2004. Estas rentas no tienen en cuenta los l\u00edmites se\u00f1alados en el numeral 3. del art\u00edculo 336 del E.T. (No sujetos al l\u00edmite del art\u00edculo 330 del E.T.)<\/span><\/span><\/strong><\/td>\n<td style=\"width: 59px; height: 146px;\">&nbsp;<\/td>\n<\/tr>\n<tr style=\"height: 117px;\">\n<td style=\"width: 14px; height: 117px;\"><strong><span style=\"color: #0000ff;\">&nbsp;<\/span><\/strong><\/td>\n<td style=\"width: 567px; text-align: justify; height: 117px;\"><strong><span style=\"color: #0000ff;\"><span style=\"color: #000000;\">Rentas exentas en virtud de convenios para evitar la doble tributaci\u00f3n, y acuerdos multilaterales. (No sujetos al l\u00edmite del art\u00edculo 330 del E.T.)<\/span><\/span><\/strong><\/td>\n<td style=\"width: 59px; height: 117px;\">&nbsp;<\/td>\n<\/tr>\n<tr style=\"height: 24px;\">\n<td style=\"width: 14px; height: 24px;\"><span style=\"color: #ff0000;\"><b>D<\/b><\/span><\/td>\n<td style=\"width: 567px; height: 24px; text-align: justify;\"><strong><span style=\"color: #ff0000;\">DEDUCCIONES IMPUTABLES A LAS RENTAS DE CAPITAL<br \/>\n<\/span><\/strong><\/td>\n<td style=\"width: 59px; height: 24px;\">&nbsp;<\/td>\n<\/tr>\n<tr style=\"height: 48px;\">\n<td style=\"width: 14px; height: 48px;\"><span style=\"color: #008000;\">&nbsp;<strong>**<\/strong><\/span><\/td>\n<td style=\"width: 567px; height: 48px; text-align: justify;\"><span style=\"color: #000000;\"><strong>Intereses sobre pr\u00e9stamos para adquisici\u00f3n de vivienda del contribuyente, siempre que est\u00e9 garantizado con hipoteca si el acreedor no est\u00e1 sometido a la vigilancia del Estado. Art 119 E.T. Cuando el pr\u00e9stamo de vivienda fue adquirido en UPAC (UVR), la deducci\u00f3n por intereses estar\u00e1 limitada a las primeras 4.553 UPAC (hoy UVR) del respectivo pr\u00e9stamo. La deducci\u00f3n no podr\u00e1 exceder de 1.200 UVT.<br \/>\n<\/strong><\/span><\/td>\n<td style=\"width: 59px; height: 48px;\">&nbsp;<\/td>\n<\/tr>\n<tr style=\"height: 25px;\">\n<td style=\"width: 14px; height: 25px;\"><span style=\"color: #008000;\">&nbsp;<\/span><\/td>\n<td style=\"width: 567px; text-align: justify; height: 25px;\"><span style=\"color: #000000;\"><strong>Gravamen financiero (50%). Art 115 E.T.<\/strong><\/span><\/td>\n<td style=\"width: 59px; height: 25px;\">&nbsp;<\/td>\n<\/tr>\n<tr style=\"height: 72px;\">\n<td style=\"width: 14px; height: 72px;\">&nbsp;<span style=\"color: #008000;\">**<\/span><\/td>\n<td style=\"width: 567px; height: 72px; text-align: justify;\"><strong><span style=\"color: #000000;\">Los aportes a t\u00edtulo de cesant\u00eda, realizados por los part\u00edcipes independientes, deducibles de la renta hasta la suma de 2.500 UVT, sin que excedan de un doceavo del ingreso gravable del respectivo a\u00f1o. (Inciso 6. Art. 126-1 E.T.).<\/span><\/strong><\/td>\n<td style=\"width: 59px; height: 72px;\">&nbsp;<\/td>\n<\/tr>\n<tr style=\"height: 24px;\">\n<td style=\"width: 14px; height: 24px;\">&nbsp;<span style=\"color: #008000;\">**<\/span><\/td>\n<td style=\"width: 567px; height: 24px; text-align: justify;\"><span style=\"color: #000000;\"><strong>Deducci\u00f3n de intereses sobre pr\u00e9stamos educativos del ICETEX. Estar\u00e1n sujetos a las deducciones de intereses que se paguen sobre pr\u00e9stamos educativos del Instituto Educativo y Estudios T\u00e9cnicos en el exterior (ICETEX), dirigidos para la educaci\u00f3n superior del contribuyente. Dicha deducci\u00f3n no podr\u00e1 exceder anualmente del valor equivalente a 100 UVT.<\/strong><\/span><\/td>\n<td style=\"width: 59px; height: 24px;\">&nbsp;<\/td>\n<\/tr>\n<tr style=\"height: 25px;\">\n<td style=\"width: 14px; text-align: center; height: 25px;\"><span style=\"color: #ff0000;\"><strong>5<\/strong><\/span><\/td>\n<td style=\"width: 567px; text-align: justify; height: 25px;\"><span style=\"color: #ff0000;\"><strong>TOTAL RENTAS EXENTAS Y DEDUCCIONES IMPUTABLES A LAS RENTAS DE CAPITAL<\/strong><\/span><\/td>\n<td style=\"width: 59px; text-align: center; height: 25px;\"><strong><span style=\"color: #ff0000;\">C+D<\/span><\/strong><\/td>\n<\/tr>\n<tr style=\"height: 48px;\">\n<td style=\"width: 14px; height: 48px; text-align: center;\"><strong>&nbsp;<span style=\"color: #0000ff;\">6<\/span><\/strong><\/td>\n<td style=\"width: 567px; height: 48px; text-align: justify;\"><strong><span style=\"color: #0000ff;\">RENTAS EXENTAS DE CAPITAL Y DEDUCCIONES IMPUTABLES LIMITADAS<\/span><\/strong><\/td>\n<td style=\"width: 59px; height: 48px;\">&nbsp;<\/td>\n<\/tr>\n<tr style=\"height: 24px;\">\n<td style=\"width: 14px; height: 24px;\">&nbsp;<\/td>\n<td style=\"width: 567px; height: 24px; text-align: justify;\"><span style=\"color: #000000;\"><strong>Las rentas exentas y deducciones imputables no pueden ser superior al 40% de los ingresos brutos menos los ingresos no constitutivos de renta, o 5.040 UVT, de acuerdo al numeral 3. del art\u00edculo 336 del E.T.. (Excluyendo del c\u00e1lculo las rentas obtenidas en los pa\u00edses miembros de la CAN, y las rentas exentas en virtud de un convenio para evitar la doble tributaci\u00f3n y acuerdos multilaterales).<br \/>\n<\/strong><\/span><\/td>\n<td style=\"width: 59px; height: 24px;\">&nbsp;<\/td>\n<\/tr>\n<tr style=\"height: 88px;\">\n<td style=\"width: 14px; height: 88px;\">&nbsp;<\/td>\n<td style=\"width: 567px; text-align: justify; height: 88px;\"><span style=\"color: #000000;\"><strong>Las rentas exentas y\/o deducciones imputables a las rentas de capital se aplicar\u00e1n, teniendo en cuenta el saldo de las rentas exentas y deducciones imputables, una vez restadas las rentas exentas y\/o deducciones imputables limitadas de las rentas de trabajo, y las rentas de trabajo por honorarios y compensaci\u00f3n de servicios personales<\/strong><\/span><\/td>\n<td style=\"width: 59px; height: 88px;\">&nbsp;<\/td>\n<\/tr>\n<tr style=\"height: 30px;\">\n<td style=\"width: 14px; height: 30px;\"><strong><span style=\"color: #0000ff;\">&nbsp;7<\/span><\/strong><\/td>\n<td style=\"width: 567px; height: 30px; text-align: justify;\"><strong><span style=\"color: #0000ff;\">RENTA L\u00cdQUIDA CEDULAR DE CAPITAL (Si el rengl\u00f3n 6 es mayor que el rengl\u00f3n 5)<\/span><\/strong><\/td>\n<td style=\"width: 59px; height: 30px; text-align: center;\"><strong><span style=\"color: #0000ff;\">&nbsp;(3+4-5)<\/span><\/strong><\/td>\n<\/tr>\n<tr style=\"height: 30px;\">\n<td style=\"width: 14px; height: 30px; text-align: center;\"><span style=\"color: #0000ff;\"><strong>8<\/strong><\/span><\/td>\n<td style=\"width: 567px; height: 30px; text-align: justify;\"><strong><span style=\"color: #0000ff;\">RENTA L\u00cdQUIDA CEDULAR DE CAPITAL (Si el rengl\u00f3n 6 es menor que el rengl\u00f3n 5)<\/span><\/strong><\/td>\n<td style=\"width: 59px; height: 30px; text-align: center;\"><strong><span style=\"color: #0000ff;\">(3+4-6)<\/span><\/strong><\/td>\n<\/tr>\n<tr style=\"height: 30px;\">\n<td style=\"width: 14px; height: 30px; text-align: center;\"><span style=\"color: #0000ff;\"><strong>9<\/strong><\/span><\/td>\n<td style=\"width: 567px; height: 30px; text-align: justify;\"><strong><span style=\"color: #0000ff;\">COMPENSACI\u00d3N POR P\u00c9RDIDAS DE RENTAS DE CAPITAL DE EJERCICIOS ANTERIORES<\/span><\/strong><\/td>\n<td style=\"width: 59px; height: 30px; text-align: center;\">&nbsp;<\/td>\n<\/tr>\n<tr style=\"height: 96px;\">\n<td style=\"width: 14px; height: 96px;\">&nbsp;<\/td>\n<td style=\"width: 567px; height: 96px; text-align: justify;\"><span style=\"color: #000000;\"><strong>Compensaci\u00f3n del valor de las p\u00e9rdidas incurridas dentro de las rentas de capital del a\u00f1o gravable anterior. Las p\u00e9rdidas fiscales objeto de compensaci\u00f3n no son susceptibles de reajuste fiscal, de acuerdo al art\u00edculo 147 E.T. Par\u00e1grafo transitorio Art. 330 E.T., art\u00edculo 1.2.1.20.6 D.U.R. 1625 de 2016.<\/strong><\/span><\/td>\n<td style=\"width: 59px; height: 96px;\">&nbsp;<\/td>\n<\/tr>\n<tr style=\"height: 96px;\">\n<td style=\"width: 14px; height: 96px;\">&nbsp;<\/td>\n<td style=\"width: 567px; height: 96px; text-align: justify;\"><span style=\"color: #000000;\"><strong>Las p\u00e9rdidas incurridas dentro de una c\u00e9dula solo podr\u00e1n ser compensadas contra las rentas de la misma c\u00e9dula, en los siguientes per\u00edodos gravables, teniendo en cuenta los l\u00edmites y porcentajes de compensaci\u00f3n establecidas en las normas vigentes. (Art. 330 E.T.)<\/strong><\/span><\/td>\n<td style=\"width: 59px; height: 96px;\">&nbsp;<\/td>\n<\/tr>\n<tr style=\"height: 30px;\">\n<td style=\"width: 14px; height: 30px;\"><strong><span style=\"color: #0000ff;\">&nbsp;11<\/span><\/strong><\/td>\n<td style=\"width: 567px; height: 30px; text-align: justify;\"><strong><span style=\"color: #0000ff;\">RENTA L\u00cdQUIDA ORDINARIA DE LAS RENTAS DE CAPITAL (Si el regl\u00f3n 6 es mayor que el rengl\u00f3n 5)<\/span><\/strong><\/td>\n<td style=\"width: 59px; height: 30px; text-align: center;\"><strong><span style=\"color: #0000ff;\">&nbsp;(7-9)<\/span><\/strong><\/td>\n<\/tr>\n<tr style=\"height: 30px;\">\n<td style=\"width: 14px; height: 30px;\"><strong><span style=\"color: #0000ff;\">12<\/span><\/strong><\/td>\n<td style=\"width: 567px; height: 30px; text-align: justify;\"><strong><span style=\"color: #0000ff;\">RENTA L\u00cdQUIDA ORDINARIA DE LAS RENTAS DE CAPITAL (Si el rengl\u00f3n 6 es menor que el rengl\u00f3n 5)<\/span><\/strong><\/td>\n<td style=\"width: 59px; height: 30px; text-align: center;\"><strong><span style=\"color: #0000ff;\">(8-9)<\/span><\/strong><\/td>\n<\/tr>\n<\/tbody>\n<\/table>\n<p style=\"text-align: justify;\"><strong><span style=\"color: #008000;\">**<\/span> <span style=\"color: #008000;\">Se tienen en cuenta estos conceptos, siempre y cuando no se hayan descontado en otras c\u00e9dulas.<\/span><\/strong><\/p>\n<p style=\"text-align: justify;\"><strong><span style=\"color: #0000ff;\">ARTICULO 241. &nbsp;TARIFA PARA LAS PERSONAS NATURALES RESIDENTES Y ASIGNACIONES Y DONACIONES MODALES.<\/span>&nbsp;&nbsp;<span style=\"color: #000000;\">El impuesto sobre la renta de las personas naturales residentes en el pa\u00eds, de las sucesiones de causantes residentes en el pa\u00eds, y de los bienes destinados a fines especiales, en virtud de donaciones o asignaciones modales, se determinar\u00e1 de acuerdo con la siguiente tabla:<\/span><\/strong><\/p>\n<table style=\"width: 65.8652%;\">\n<tbody>\n<tr>\n<td style=\"width: 20%; text-align: center;\" colspan=\"2\" valign=\"top\"><span style=\"color: #000000;\"><strong><span class=\"b_aj\">Rangos en UVT<\/span><\/strong><\/span><\/td>\n<td style=\"width: 70.5552%; text-align: left;\" colspan=\"2\" valign=\"top\"><span style=\"color: #000000;\"><strong><span class=\"b_aj\">&nbsp; &nbsp; Tarifa&nbsp; &nbsp; &nbsp; &nbsp; &nbsp; &nbsp; &nbsp; &nbsp; &nbsp; &nbsp; &nbsp; &nbsp; &nbsp; &nbsp; &nbsp; &nbsp; &nbsp; &nbsp; &nbsp; &nbsp; &nbsp; &nbsp; &nbsp; &nbsp; &nbsp; &nbsp; &nbsp; &nbsp; &nbsp; &nbsp; Impuesto<\/span><\/strong><\/span><\/td>\n<\/tr>\n<tr>\n<td style=\"width: 10%; text-align: center;\" valign=\"top\"><span style=\"color: #000000;\"><strong><span class=\"b_aj\">Desde<\/span><\/strong><\/span><\/td>\n<td style=\"width: 20%; text-align: center;\" colspan=\"2\" valign=\"top\"><span style=\"color: #000000;\"><strong>&nbsp;<\/strong><\/span><\/td>\n<td style=\"width: 60.5552%; text-align: center;\" valign=\"top\"><span style=\"color: #000000;\"><strong><span class=\"b_aj\">Hasta<\/span><\/strong><\/span><\/td>\n<\/tr>\n<tr>\n<td style=\"width: 10%;\" valign=\"top\"><span style=\"color: #000000;\"><strong>&gt;0<\/strong><\/span><\/td>\n<td style=\"width: 10%; text-align: center;\" valign=\"top\"><span style=\"color: #000000;\"><strong>1090<\/strong><\/span><\/td>\n<td style=\"width: 10%; text-align: center;\" valign=\"top\"><span style=\"color: #000000;\"><strong>0%<\/strong><\/span><\/td>\n<td style=\"width: 60.5552%;\" valign=\"top\"><span style=\"color: #000000;\"><strong>0<\/strong><\/span><\/td>\n<\/tr>\n<tr>\n<td style=\"width: 10%;\" valign=\"top\"><span style=\"color: #000000;\"><strong>&gt;1090<\/strong><\/span><\/td>\n<td style=\"width: 10%; text-align: center;\" valign=\"top\"><span style=\"color: #000000;\"><strong>1700<\/strong><\/span><\/td>\n<td style=\"width: 10%; text-align: center;\" valign=\"top\"><span style=\"color: #000000;\"><strong>19%<\/strong><\/span><\/td>\n<td style=\"width: 60.5552%;\" valign=\"top\"><span style=\"color: #000000;\"><strong>(Base Gravable en UVT menos 1090 UVT) x 19%<\/strong><\/span><\/td>\n<\/tr>\n<tr>\n<td style=\"width: 10%;\" valign=\"top\"><span style=\"color: #000000;\"><strong>&gt;1700<\/strong><\/span><\/td>\n<td style=\"width: 10%; text-align: center;\" valign=\"top\"><span style=\"color: #000000;\"><strong>4100<\/strong><\/span><\/td>\n<td style=\"width: 10%; text-align: center;\" valign=\"top\"><span style=\"color: #000000;\"><strong>28%<\/strong><\/span><\/td>\n<td style=\"width: 60.5552%;\" valign=\"top\"><span style=\"color: #000000;\"><strong>(Base Gravable en UVT menos 1700 UVT) x 28% + 116 UVT<\/strong><\/span><\/td>\n<\/tr>\n<tr>\n<td style=\"width: 10%;\" valign=\"top\"><span style=\"color: #000000;\"><strong>&gt;4100<\/strong><\/span><\/td>\n<td style=\"width: 10%; text-align: center;\" valign=\"top\"><span style=\"color: #000000;\"><strong>8670<\/strong><\/span><\/td>\n<td style=\"width: 10%; text-align: center;\" valign=\"top\"><span style=\"color: #000000;\"><strong>33%<\/strong><\/span><\/td>\n<td style=\"width: 60.5552%;\" valign=\"top\"><span style=\"color: #000000;\"><strong>(Base Gravable en UVT menos 4100 UVT) x 33% + 788 UVT<\/strong><\/span><\/td>\n<\/tr>\n<tr>\n<td style=\"width: 10%;\" valign=\"top\"><span style=\"color: #000000;\"><strong>&gt;8670<\/strong><\/span><\/td>\n<td style=\"width: 10%; text-align: center;\" valign=\"top\"><span style=\"color: #000000;\"><strong>18970<\/strong><\/span><\/td>\n<td style=\"width: 10%; text-align: center;\" valign=\"top\"><span style=\"color: #000000;\"><strong>35%<\/strong><\/span><\/td>\n<td style=\"width: 60.5552%;\" valign=\"top\"><span style=\"color: #000000;\"><strong>(Base Gravable en UVT menos 8670 UVT) x 35% + 2296 UVT<\/strong><\/span><\/td>\n<\/tr>\n<tr>\n<td style=\"width: 10%;\" valign=\"top\"><span style=\"color: #000000;\"><strong>&gt;18970<\/strong><\/span><\/td>\n<td style=\"width: 10%; text-align: center;\" valign=\"top\"><span style=\"color: #000000;\"><strong>31000<\/strong><\/span><\/td>\n<td style=\"width: 10%; text-align: center;\" valign=\"top\"><span style=\"color: #000000;\"><strong>37%<\/strong><\/span><\/td>\n<td style=\"width: 60.5552%;\" valign=\"top\"><span style=\"color: #000000;\"><strong>(Base Gravable en UVT menos 18970 UVT) x 37% + 5901 UVT<\/strong><\/span><\/td>\n<\/tr>\n<tr>\n<td style=\"width: 10%;\" valign=\"top\"><span style=\"color: #000000;\"><strong>&gt;31000<\/strong><\/span><\/td>\n<td style=\"width: 10%;\" valign=\"top\"><span style=\"color: #000000;\"><strong>En adelante<\/strong><\/span><\/td>\n<td style=\"width: 10%; text-align: center;\" valign=\"top\"><span style=\"color: #000000;\"><strong>39%<\/strong><\/span><\/td>\n<td style=\"width: 60.5552%;\" valign=\"top\"><span style=\"color: #000000;\"><strong>(Base Gravable en UVT menos 31000 UVT) x 39% + 10352 UVT<\/strong><\/span><\/td>\n<\/tr>\n<\/tbody>\n<\/table>\n<p style=\"text-align: justify;\"><span style=\"color: #000000;\"><strong>Documento elaborado por:&nbsp; C.P. MIGUEL ANTONIO M\u00c1RQUEZ MONTA\u00d1EZ<\/strong><\/span><\/p>\n","protected":false},"excerpt":{"rendered":"<p>DETERMINACI\u00d3N RENTA L\u00cdQUIDA CEDULAR DE LAS RENTAS DE CAPITAL &nbsp; Tabla para determinar Renta l\u00edquida cedular de capital: 1 RENTAS DE CAPITAL &nbsp;(A-B) A INGRESOS BRUTOS POR RENTAS DE CAPITAL&#46;&#46;&#46;<\/p>\n","protected":false},"author":1,"featured_media":11088,"comment_status":"closed","ping_status":"open","sticky":false,"template":"","format":"standard","meta":{"_monsterinsights_skip_tracking":false,"ngg_post_thumbnail":0,"footnotes":"","_links_to":"","_links_to_target":""},"categories":[454,458,1],"tags":[],"class_list":["post-11079","post","type-post","status-publish","format-standard","has-post-thumbnail","hentry","category-sin-categoria","category-ultimas","category-uncategorized"],"aioseo_notices":[],"aioseo_head":"\n\t\t<!-- All in One SEO 5.0.1.1 - aioseo.com -->\n\t<meta name=\"description\" content=\"DETERMINACI\u00d3N RENTA L\u00cdQUIDA CEDULAR DE LAS RENTAS DE CAPITAL Tabla para determinar Renta l\u00edquida cedular de capital: 1 RENTAS DE CAPITAL (A-B) A INGRESOS BRUTOS POR RENTAS DE CAPITAL Intereses y correcci\u00f3n monetaria (Incluye intereses sobre las cesant\u00edas) Descuentos de t\u00edtulos con descuento Componente financiero del arrendamiento financiero\" \/>\n\t<meta name=\"robots\" content=\"max-image-preview:large\" \/>\n\t<meta name=\"author\" content=\"Miguel Antonio M\u00e1rquez Monta\u00f1ez\"\/>\n\t<link rel=\"canonical\" href=\"https:\/\/contadoreshoy.com\/?p=11079\" \/>\n\t<meta name=\"generator\" content=\"All in One SEO (AIOSEO) 5.0.1.1\" \/>\n\t\t<meta property=\"og:locale\" content=\"es_ES\" \/>\n\t\t<meta property=\"og:site_name\" content=\"Contadores P\u00fablicos - Portal para Contadores P\u00fablicos y empresarios\" \/>\n\t\t<meta property=\"og:type\" content=\"article\" \/>\n\t\t<meta property=\"og:title\" content=\"RENTA CEDULAR DE CAPITAL - Contadores P\u00fablicos\" \/>\n\t\t<meta property=\"og:description\" content=\"DETERMINACI\u00d3N RENTA L\u00cdQUIDA CEDULAR DE LAS RENTAS DE CAPITAL Tabla para determinar Renta l\u00edquida cedular de capital: 1 RENTAS DE CAPITAL (A-B) A INGRESOS BRUTOS POR RENTAS DE CAPITAL Intereses y correcci\u00f3n monetaria (Incluye intereses sobre las cesant\u00edas) Descuentos de t\u00edtulos con descuento Componente financiero del arrendamiento financiero\" \/>\n\t\t<meta property=\"og:url\" content=\"https:\/\/contadoreshoy.com\/?p=11079\" \/>\n\t\t<meta property=\"og:image\" content=\"https:\/\/contadoreshoy.com\/wp-content\/uploads\/2024\/01\/cropped-cropped-cropped-Copia-de-M.jpg\" \/>\n\t\t<meta property=\"og:image:secure_url\" content=\"https:\/\/contadoreshoy.com\/wp-content\/uploads\/2024\/01\/cropped-cropped-cropped-Copia-de-M.jpg\" \/>\n\t\t<meta property=\"og:image:width\" content=\"512\" \/>\n\t\t<meta property=\"og:image:height\" content=\"371\" \/>\n\t\t<meta property=\"article:published_time\" content=\"2022-07-21T16:47:00+00:00\" \/>\n\t\t<meta property=\"article:modified_time\" content=\"2022-07-21T23:36:24+00:00\" \/>\n\t\t<meta name=\"twitter:card\" content=\"summary_large_image\" \/>\n\t\t<meta name=\"twitter:title\" content=\"RENTA CEDULAR DE CAPITAL - Contadores P\u00fablicos\" \/>\n\t\t<meta name=\"twitter:description\" content=\"DETERMINACI\u00d3N RENTA L\u00cdQUIDA CEDULAR DE LAS RENTAS DE CAPITAL Tabla para determinar Renta l\u00edquida cedular de capital: 1 RENTAS DE CAPITAL (A-B) A INGRESOS BRUTOS POR RENTAS DE CAPITAL Intereses y correcci\u00f3n monetaria (Incluye intereses sobre las cesant\u00edas) Descuentos de t\u00edtulos con descuento Componente financiero del arrendamiento financiero\" \/>\n\t\t<meta name=\"twitter:image\" content=\"https:\/\/contadoreshoy.com\/wp-content\/uploads\/2024\/01\/cropped-cropped-cropped-Copia-de-M.jpg\" \/>\n\t\t<script type=\"application\/ld+json\" class=\"aioseo-schema\">\n\t\t\t{\"@context\":\"https:\\\/\\\/schema.org\",\"@graph\":[{\"@type\":\"BlogPosting\",\"@id\":\"https:\\\/\\\/contadoreshoy.com\\\/?p=11079#blogposting\",\"name\":\"RENTA CEDULAR DE CAPITAL - Contadores P\\u00fablicos\",\"headline\":\"RENTA CEDULAR DE CAPITAL\",\"author\":{\"@id\":\"https:\\\/\\\/contadoreshoy.com\\\/?author=1#author\"},\"publisher\":{\"@id\":\"https:\\\/\\\/contadoreshoy.com\\\/#organization\"},\"image\":{\"@type\":\"ImageObject\",\"url\":\"https:\\\/\\\/contadoreshoy.com\\\/wp-content\\\/uploads\\\/2018\\\/08\\\/Se-arrienda.jpg\",\"width\":600,\"height\":400},\"datePublished\":\"2022-07-21T11:47:00-05:00\",\"dateModified\":\"2022-07-21T18:36:24-05:00\",\"inLanguage\":\"es-ES\",\"mainEntityOfPage\":{\"@id\":\"https:\\\/\\\/contadoreshoy.com\\\/?p=11079#webpage\"},\"isPartOf\":{\"@id\":\"https:\\\/\\\/contadoreshoy.com\\\/?p=11079#webpage\"},\"articleSection\":\"Sin categor\\u00eda, Ultimas Noticias, Uncategorized\"},{\"@type\":\"BreadcrumbList\",\"@id\":\"https:\\\/\\\/contadoreshoy.com\\\/?p=11079#breadcrumblist\",\"itemListElement\":[{\"@type\":\"ListItem\",\"@id\":\"https:\\\/\\\/contadoreshoy.com#listItem\",\"position\":1,\"name\":\"Home\",\"item\":\"https:\\\/\\\/contadoreshoy.com\",\"nextItem\":{\"@type\":\"ListItem\",\"@id\":\"https:\\\/\\\/contadoreshoy.com\\\/?cat=1#listItem\",\"name\":\"Uncategorized\"}},{\"@type\":\"ListItem\",\"@id\":\"https:\\\/\\\/contadoreshoy.com\\\/?cat=1#listItem\",\"position\":2,\"name\":\"Uncategorized\",\"item\":\"https:\\\/\\\/contadoreshoy.com\\\/?cat=1\",\"nextItem\":{\"@type\":\"ListItem\",\"@id\":\"https:\\\/\\\/contadoreshoy.com\\\/?p=11079#listItem\",\"name\":\"RENTA CEDULAR DE CAPITAL\"},\"previousItem\":{\"@type\":\"ListItem\",\"@id\":\"https:\\\/\\\/contadoreshoy.com#listItem\",\"name\":\"Home\"}},{\"@type\":\"ListItem\",\"@id\":\"https:\\\/\\\/contadoreshoy.com\\\/?p=11079#listItem\",\"position\":3,\"name\":\"RENTA CEDULAR DE CAPITAL\",\"previousItem\":{\"@type\":\"ListItem\",\"@id\":\"https:\\\/\\\/contadoreshoy.com\\\/?cat=1#listItem\",\"name\":\"Uncategorized\"}}]},{\"@type\":\"Organization\",\"@id\":\"https:\\\/\\\/contadoreshoy.com\\\/#organization\",\"name\":\"Contadores P\\u00fablicos\",\"description\":\"Portal para Contadores P\\u00fablicos y empresarios\",\"url\":\"https:\\\/\\\/contadoreshoy.com\\\/\",\"logo\":{\"@type\":\"ImageObject\",\"url\":\"https:\\\/\\\/contadoreshoy.com\\\/wp-content\\\/uploads\\\/2024\\\/01\\\/cropped-cropped-Copia-de-M-1.jpg\",\"@id\":\"https:\\\/\\\/contadoreshoy.com\\\/?p=11079\\\/#organizationLogo\",\"width\":499,\"height\":500},\"image\":{\"@id\":\"https:\\\/\\\/contadoreshoy.com\\\/?p=11079\\\/#organizationLogo\"}},{\"@type\":\"Person\",\"@id\":\"https:\\\/\\\/contadoreshoy.com\\\/?author=1#author\",\"url\":\"https:\\\/\\\/contadoreshoy.com\\\/?author=1\",\"name\":\"Miguel Antonio M\\u00e1rquez Monta\\u00f1ez\"},{\"@type\":\"WebPage\",\"@id\":\"https:\\\/\\\/contadoreshoy.com\\\/?p=11079#webpage\",\"url\":\"https:\\\/\\\/contadoreshoy.com\\\/?p=11079\",\"name\":\"RENTA CEDULAR DE CAPITAL - Contadores P\\u00fablicos\",\"description\":\"DETERMINACI\\u00d3N RENTA L\\u00cdQUIDA CEDULAR DE LAS RENTAS DE CAPITAL Tabla para determinar Renta l\\u00edquida cedular de capital: 1 RENTAS DE CAPITAL (A-B) A INGRESOS BRUTOS POR RENTAS DE CAPITAL Intereses y correcci\\u00f3n monetaria (Incluye intereses sobre las cesant\\u00edas) Descuentos de t\\u00edtulos con descuento Componente financiero del arrendamiento financiero\",\"inLanguage\":\"es-ES\",\"isPartOf\":{\"@id\":\"https:\\\/\\\/contadoreshoy.com\\\/#website\"},\"breadcrumb\":{\"@id\":\"https:\\\/\\\/contadoreshoy.com\\\/?p=11079#breadcrumblist\"},\"author\":{\"@id\":\"https:\\\/\\\/contadoreshoy.com\\\/?author=1#author\"},\"creator\":{\"@id\":\"https:\\\/\\\/contadoreshoy.com\\\/?author=1#author\"},\"image\":{\"@type\":\"ImageObject\",\"url\":\"https:\\\/\\\/contadoreshoy.com\\\/wp-content\\\/uploads\\\/2018\\\/08\\\/Se-arrienda.jpg\",\"@id\":\"https:\\\/\\\/contadoreshoy.com\\\/?p=11079\\\/#mainImage\",\"width\":600,\"height\":400},\"primaryImageOfPage\":{\"@id\":\"https:\\\/\\\/contadoreshoy.com\\\/?p=11079#mainImage\"},\"datePublished\":\"2022-07-21T11:47:00-05:00\",\"dateModified\":\"2022-07-21T18:36:24-05:00\"},{\"@type\":\"WebSite\",\"@id\":\"https:\\\/\\\/contadoreshoy.com\\\/#website\",\"url\":\"https:\\\/\\\/contadoreshoy.com\\\/\",\"name\":\"Contadores P\\u00fablicos\",\"description\":\"Portal para Contadores P\\u00fablicos y empresarios\",\"inLanguage\":\"es-ES\",\"publisher\":{\"@id\":\"https:\\\/\\\/contadoreshoy.com\\\/#organization\"}}]}\n\t\t<\/script>\n\t\t<!-- All in One SEO -->\n\n","aioseo_head_json":{"title":"RENTA CEDULAR DE CAPITAL - Contadores P\u00fablicos","description":"DETERMINACI\u00d3N RENTA L\u00cdQUIDA CEDULAR DE LAS RENTAS DE CAPITAL Tabla para determinar Renta l\u00edquida cedular de capital: 1 RENTAS DE CAPITAL (A-B) A INGRESOS BRUTOS POR RENTAS DE CAPITAL Intereses y correcci\u00f3n monetaria (Incluye intereses sobre las cesant\u00edas) Descuentos de t\u00edtulos con descuento Componente financiero del arrendamiento financiero","canonical_url":"https:\/\/contadoreshoy.com\/?p=11079","robots":"max-image-preview:large","keywords":"","webmasterTools":{"miscellaneous":""},"schema":{"@context":"https:\/\/schema.org","@graph":[{"@type":"BlogPosting","@id":"https:\/\/contadoreshoy.com\/?p=11079#blogposting","name":"RENTA CEDULAR DE CAPITAL - Contadores P\u00fablicos","headline":"RENTA CEDULAR DE CAPITAL","author":{"@id":"https:\/\/contadoreshoy.com\/?author=1#author"},"publisher":{"@id":"https:\/\/contadoreshoy.com\/#organization"},"image":{"@type":"ImageObject","url":"https:\/\/contadoreshoy.com\/wp-content\/uploads\/2018\/08\/Se-arrienda.jpg","width":600,"height":400},"datePublished":"2022-07-21T11:47:00-05:00","dateModified":"2022-07-21T18:36:24-05:00","inLanguage":"es-ES","mainEntityOfPage":{"@id":"https:\/\/contadoreshoy.com\/?p=11079#webpage"},"isPartOf":{"@id":"https:\/\/contadoreshoy.com\/?p=11079#webpage"},"articleSection":"Sin categor\u00eda, Ultimas Noticias, Uncategorized"},{"@type":"BreadcrumbList","@id":"https:\/\/contadoreshoy.com\/?p=11079#breadcrumblist","itemListElement":[{"@type":"ListItem","@id":"https:\/\/contadoreshoy.com#listItem","position":1,"name":"Home","item":"https:\/\/contadoreshoy.com","nextItem":{"@type":"ListItem","@id":"https:\/\/contadoreshoy.com\/?cat=1#listItem","name":"Uncategorized"}},{"@type":"ListItem","@id":"https:\/\/contadoreshoy.com\/?cat=1#listItem","position":2,"name":"Uncategorized","item":"https:\/\/contadoreshoy.com\/?cat=1","nextItem":{"@type":"ListItem","@id":"https:\/\/contadoreshoy.com\/?p=11079#listItem","name":"RENTA CEDULAR DE CAPITAL"},"previousItem":{"@type":"ListItem","@id":"https:\/\/contadoreshoy.com#listItem","name":"Home"}},{"@type":"ListItem","@id":"https:\/\/contadoreshoy.com\/?p=11079#listItem","position":3,"name":"RENTA CEDULAR DE CAPITAL","previousItem":{"@type":"ListItem","@id":"https:\/\/contadoreshoy.com\/?cat=1#listItem","name":"Uncategorized"}}]},{"@type":"Organization","@id":"https:\/\/contadoreshoy.com\/#organization","name":"Contadores P\u00fablicos","description":"Portal para Contadores P\u00fablicos y empresarios","url":"https:\/\/contadoreshoy.com\/","logo":{"@type":"ImageObject","url":"https:\/\/contadoreshoy.com\/wp-content\/uploads\/2024\/01\/cropped-cropped-Copia-de-M-1.jpg","@id":"https:\/\/contadoreshoy.com\/?p=11079\/#organizationLogo","width":499,"height":500},"image":{"@id":"https:\/\/contadoreshoy.com\/?p=11079\/#organizationLogo"}},{"@type":"Person","@id":"https:\/\/contadoreshoy.com\/?author=1#author","url":"https:\/\/contadoreshoy.com\/?author=1","name":"Miguel Antonio M\u00e1rquez Monta\u00f1ez"},{"@type":"WebPage","@id":"https:\/\/contadoreshoy.com\/?p=11079#webpage","url":"https:\/\/contadoreshoy.com\/?p=11079","name":"RENTA CEDULAR DE CAPITAL - Contadores P\u00fablicos","description":"DETERMINACI\u00d3N RENTA L\u00cdQUIDA CEDULAR DE LAS RENTAS DE CAPITAL Tabla para determinar Renta l\u00edquida cedular de capital: 1 RENTAS DE CAPITAL (A-B) A INGRESOS BRUTOS POR RENTAS DE CAPITAL Intereses y correcci\u00f3n monetaria (Incluye intereses sobre las cesant\u00edas) Descuentos de t\u00edtulos con descuento Componente financiero del arrendamiento financiero","inLanguage":"es-ES","isPartOf":{"@id":"https:\/\/contadoreshoy.com\/#website"},"breadcrumb":{"@id":"https:\/\/contadoreshoy.com\/?p=11079#breadcrumblist"},"author":{"@id":"https:\/\/contadoreshoy.com\/?author=1#author"},"creator":{"@id":"https:\/\/contadoreshoy.com\/?author=1#author"},"image":{"@type":"ImageObject","url":"https:\/\/contadoreshoy.com\/wp-content\/uploads\/2018\/08\/Se-arrienda.jpg","@id":"https:\/\/contadoreshoy.com\/?p=11079\/#mainImage","width":600,"height":400},"primaryImageOfPage":{"@id":"https:\/\/contadoreshoy.com\/?p=11079#mainImage"},"datePublished":"2022-07-21T11:47:00-05:00","dateModified":"2022-07-21T18:36:24-05:00"},{"@type":"WebSite","@id":"https:\/\/contadoreshoy.com\/#website","url":"https:\/\/contadoreshoy.com\/","name":"Contadores P\u00fablicos","description":"Portal para Contadores P\u00fablicos y empresarios","inLanguage":"es-ES","publisher":{"@id":"https:\/\/contadoreshoy.com\/#organization"}}]},"og:locale":"es_ES","og:site_name":"Contadores P\u00fablicos - Portal para Contadores P\u00fablicos y empresarios","og:type":"article","og:title":"RENTA CEDULAR DE CAPITAL - Contadores P\u00fablicos","og:description":"DETERMINACI\u00d3N RENTA L\u00cdQUIDA CEDULAR DE LAS RENTAS DE CAPITAL Tabla para determinar Renta l\u00edquida cedular de capital: 1 RENTAS DE CAPITAL (A-B) A INGRESOS BRUTOS POR RENTAS DE CAPITAL Intereses y correcci\u00f3n monetaria (Incluye intereses sobre las cesant\u00edas) Descuentos de t\u00edtulos con descuento Componente financiero del arrendamiento financiero","og:url":"https:\/\/contadoreshoy.com\/?p=11079","og:image":"https:\/\/contadoreshoy.com\/wp-content\/uploads\/2024\/01\/cropped-cropped-cropped-Copia-de-M.jpg","og:image:secure_url":"https:\/\/contadoreshoy.com\/wp-content\/uploads\/2024\/01\/cropped-cropped-cropped-Copia-de-M.jpg","og:image:width":512,"og:image:height":371,"article:published_time":"2022-07-21T16:47:00+00:00","article:modified_time":"2022-07-21T23:36:24+00:00","twitter:card":"summary_large_image","twitter:title":"RENTA CEDULAR DE CAPITAL - Contadores P\u00fablicos","twitter:description":"DETERMINACI\u00d3N RENTA L\u00cdQUIDA CEDULAR DE LAS RENTAS DE CAPITAL Tabla para determinar Renta l\u00edquida cedular de capital: 1 RENTAS DE CAPITAL (A-B) A INGRESOS BRUTOS POR RENTAS DE CAPITAL Intereses y correcci\u00f3n monetaria (Incluye intereses sobre las cesant\u00edas) Descuentos de t\u00edtulos con descuento Componente financiero del arrendamiento financiero","twitter:image":"https:\/\/contadoreshoy.com\/wp-content\/uploads\/2024\/01\/cropped-cropped-cropped-Copia-de-M.jpg"},"aioseo_meta_data":{"post_id":"11079","title":null,"description":null,"keywords":null,"keyphrases":null,"primary_term":null,"canonical_url":null,"og_title":null,"og_description":null,"og_object_type":"default","og_image_type":"default","og_image_url":null,"og_image_width":null,"og_image_height":null,"og_image_custom_url":null,"og_image_custom_fields":null,"og_video":null,"og_custom_url":null,"og_article_section":null,"og_article_tags":null,"twitter_use_og":false,"twitter_card":"default","twitter_image_type":"default","twitter_image_url":null,"twitter_image_custom_url":null,"twitter_image_custom_fields":null,"twitter_title":null,"twitter_description":null,"schema":{"blockGraphs":[],"customGraphs":[],"default":{"data":{"Article":[],"Course":[],"Dataset":[],"FAQPage":[],"Movie":[],"Person":[],"Product":[],"ProductReview":[],"Car":[],"Recipe":[],"Service":[],"SoftwareApplication":[],"WebPage":[]},"graphName":"","isEnabled":true},"graphs":[]},"schema_type":"default","schema_type_options":null,"pillar_content":false,"robots_default":true,"robots_noindex":false,"robots_noarchive":false,"robots_nosnippet":false,"robots_nofollow":false,"robots_noimageindex":false,"robots_noodp":false,"robots_notranslate":false,"robots_max_snippet":null,"robots_max_videopreview":null,"robots_max_imagepreview":"large","priority":null,"frequency":null,"local_seo":null,"breadcrumb_settings":null,"limit_modified_date":false,"ai":null,"created":"2024-03-05 02:40:39","updated":"2026-03-03 05:43:24","seo_analyzer_scan_date":null,"focus_keyword":null,"additional_keywords":null,"truseo_locale":null},"aioseo_breadcrumb":"<div class=\"aioseo-breadcrumbs\"><span class=\"aioseo-breadcrumb\">\n\t\t\t<a href=\"https:\/\/contadoreshoy.com\" title=\"Home\">Home<\/a>\n\t\t<\/span><span class=\"aioseo-breadcrumb-separator\">&raquo;<\/span><span class=\"aioseo-breadcrumb\">\n\t\t\t<a href=\"https:\/\/contadoreshoy.com\/?cat=1\" title=\"Uncategorized\">Uncategorized<\/a>\n\t\t<\/span><span class=\"aioseo-breadcrumb-separator\">&raquo;<\/span><span class=\"aioseo-breadcrumb\">\n\t\t\tRENTA CEDULAR DE CAPITAL\n\t\t<\/span><\/div>","aioseo_breadcrumb_json":[{"label":"Home","link":"https:\/\/contadoreshoy.com"},{"label":"Uncategorized","link":"https:\/\/contadoreshoy.com\/?cat=1"},{"label":"RENTA CEDULAR DE CAPITAL","link":"https:\/\/contadoreshoy.com\/?p=11079"}],"yoast_head":"<!-- This site is optimized with the Yoast SEO plugin v28.4 - https:\/\/yoast.com\/product\/yoast-seo-wordpress\/ -->\n<title>RENTA CEDULAR DE CAPITAL - Contadores P\u00fablicos<\/title>\n<meta name=\"robots\" content=\"index, follow, max-snippet:-1, max-image-preview:large, max-video-preview:-1\" \/>\n<link rel=\"canonical\" href=\"https:\/\/contadoreshoy.com\/?p=11079\" \/>\n<meta property=\"og:locale\" content=\"es_ES\" \/>\n<meta property=\"og:type\" content=\"article\" \/>\n<meta property=\"og:title\" content=\"RENTA CEDULAR DE CAPITAL - Contadores P\u00fablicos\" \/>\n<meta property=\"og:description\" content=\"DETERMINACI\u00d3N RENTA L\u00cdQUIDA CEDULAR DE LAS RENTAS DE CAPITAL &nbsp; Tabla para determinar Renta l\u00edquida cedular de capital: 1 RENTAS DE CAPITAL &nbsp;(A-B) A INGRESOS BRUTOS POR RENTAS DE CAPITAL&#046;&#046;&#046;\" \/>\n<meta property=\"og:url\" content=\"https:\/\/contadoreshoy.com\/?p=11079\" \/>\n<meta property=\"og:site_name\" content=\"Contadores P\u00fablicos\" \/>\n<meta property=\"article:publisher\" content=\"https:\/\/www.facebook.com\/CCCPBucaramanga\/\" \/>\n<meta property=\"article:published_time\" content=\"2022-07-21T16:47:00+00:00\" \/>\n<meta property=\"article:modified_time\" content=\"2022-07-21T23:36:24+00:00\" \/>\n<meta property=\"og:image\" content=\"https:\/\/contadoreshoy.com\/wp-content\/uploads\/2018\/08\/Se-arrienda.jpg\" \/>\n\t<meta property=\"og:image:width\" content=\"600\" \/>\n\t<meta property=\"og:image:height\" content=\"400\" \/>\n\t<meta property=\"og:image:type\" content=\"image\/jpeg\" \/>\n<meta name=\"author\" content=\"Miguel Antonio M\u00e1rquez Monta\u00f1ez\" \/>\n<meta name=\"twitter:card\" content=\"summary_large_image\" \/>\n<meta name=\"twitter:label1\" content=\"Escrito por\" \/>\n\t<meta name=\"twitter:data1\" content=\"Miguel Antonio M\u00e1rquez Monta\u00f1ez\" \/>\n\t<meta name=\"twitter:label2\" content=\"Tiempo de lectura\" \/>\n\t<meta name=\"twitter:data2\" content=\"7 minutos\" \/>\n<script type=\"application\/ld+json\" class=\"yoast-schema-graph\">{\"@context\":\"https:\\\/\\\/schema.org\",\"@graph\":[{\"@type\":\"Article\",\"@id\":\"https:\\\/\\\/contadoreshoy.com\\\/?p=11079#article\",\"isPartOf\":{\"@id\":\"https:\\\/\\\/contadoreshoy.com\\\/?p=11079\"},\"author\":{\"name\":\"Miguel Antonio M\u00e1rquez Monta\u00f1ez\",\"@id\":\"https:\\\/\\\/contadoreshoy.com\\\/#\\\/schema\\\/person\\\/96d8979cb865537c5dc9345e40089fc5\"},\"headline\":\"RENTA CEDULAR DE CAPITAL\",\"datePublished\":\"2022-07-21T16:47:00+00:00\",\"dateModified\":\"2022-07-21T23:36:24+00:00\",\"mainEntityOfPage\":{\"@id\":\"https:\\\/\\\/contadoreshoy.com\\\/?p=11079\"},\"wordCount\":1466,\"publisher\":{\"@id\":\"https:\\\/\\\/contadoreshoy.com\\\/#organization\"},\"image\":{\"@id\":\"https:\\\/\\\/contadoreshoy.com\\\/?p=11079#primaryimage\"},\"thumbnailUrl\":\"https:\\\/\\\/contadoreshoy.com\\\/wp-content\\\/uploads\\\/2018\\\/08\\\/Se-arrienda.jpg\",\"articleSection\":{\"1\":\"Ultimas Noticias\",\"2\":\"Uncategorized\"},\"inLanguage\":\"es\"},{\"@type\":\"WebPage\",\"@id\":\"https:\\\/\\\/contadoreshoy.com\\\/?p=11079\",\"url\":\"https:\\\/\\\/contadoreshoy.com\\\/?p=11079\",\"name\":\"RENTA CEDULAR DE CAPITAL - Contadores P\u00fablicos\",\"isPartOf\":{\"@id\":\"https:\\\/\\\/contadoreshoy.com\\\/#website\"},\"primaryImageOfPage\":{\"@id\":\"https:\\\/\\\/contadoreshoy.com\\\/?p=11079#primaryimage\"},\"image\":{\"@id\":\"https:\\\/\\\/contadoreshoy.com\\\/?p=11079#primaryimage\"},\"thumbnailUrl\":\"https:\\\/\\\/contadoreshoy.com\\\/wp-content\\\/uploads\\\/2018\\\/08\\\/Se-arrienda.jpg\",\"datePublished\":\"2022-07-21T16:47:00+00:00\",\"dateModified\":\"2022-07-21T23:36:24+00:00\",\"breadcrumb\":{\"@id\":\"https:\\\/\\\/contadoreshoy.com\\\/?p=11079#breadcrumb\"},\"inLanguage\":\"es\",\"potentialAction\":[{\"@type\":\"ReadAction\",\"target\":[\"https:\\\/\\\/contadoreshoy.com\\\/?p=11079\"]}]},{\"@type\":\"ImageObject\",\"inLanguage\":\"es\",\"@id\":\"https:\\\/\\\/contadoreshoy.com\\\/?p=11079#primaryimage\",\"url\":\"https:\\\/\\\/contadoreshoy.com\\\/wp-content\\\/uploads\\\/2018\\\/08\\\/Se-arrienda.jpg\",\"contentUrl\":\"https:\\\/\\\/contadoreshoy.com\\\/wp-content\\\/uploads\\\/2018\\\/08\\\/Se-arrienda.jpg\",\"width\":600,\"height\":400},{\"@type\":\"BreadcrumbList\",\"@id\":\"https:\\\/\\\/contadoreshoy.com\\\/?p=11079#breadcrumb\",\"itemListElement\":[{\"@type\":\"ListItem\",\"position\":1,\"name\":\"Portada\",\"item\":\"https:\\\/\\\/contadoreshoy.com\\\/\"},{\"@type\":\"ListItem\",\"position\":2,\"name\":\"RENTA CEDULAR DE CAPITAL\"}]},{\"@type\":\"WebSite\",\"@id\":\"https:\\\/\\\/contadoreshoy.com\\\/#website\",\"url\":\"https:\\\/\\\/contadoreshoy.com\\\/\",\"name\":\"Contadorespublicossantander\",\"description\":\"Portal para Contadores P\u00fablicos y empresarios\",\"publisher\":{\"@id\":\"https:\\\/\\\/contadoreshoy.com\\\/#organization\"},\"potentialAction\":[{\"@type\":\"SearchAction\",\"target\":{\"@type\":\"EntryPoint\",\"urlTemplate\":\"https:\\\/\\\/contadoreshoy.com\\\/?s={search_term_string}\"},\"query-input\":{\"@type\":\"PropertyValueSpecification\",\"valueRequired\":true,\"valueName\":\"search_term_string\"}}],\"inLanguage\":\"es\"},{\"@type\":\"Organization\",\"@id\":\"https:\\\/\\\/contadoreshoy.com\\\/#organization\",\"name\":\"Contadores P\u00fablicos de Santander\",\"url\":\"https:\\\/\\\/contadoreshoy.com\\\/\",\"logo\":{\"@type\":\"ImageObject\",\"inLanguage\":\"es\",\"@id\":\"https:\\\/\\\/contadoreshoy.com\\\/#\\\/schema\\\/logo\\\/image\\\/\",\"url\":\"https:\\\/\\\/contadoreshoy.com\\\/wp-content\\\/uploads\\\/2024\\\/01\\\/cropped-cropped-Copia-de-M-1.jpg\",\"contentUrl\":\"https:\\\/\\\/contadoreshoy.com\\\/wp-content\\\/uploads\\\/2024\\\/01\\\/cropped-cropped-Copia-de-M-1.jpg\",\"width\":499,\"height\":500,\"caption\":\"Contadores P\u00fablicos de Santander\"},\"image\":{\"@id\":\"https:\\\/\\\/contadoreshoy.com\\\/#\\\/schema\\\/logo\\\/image\\\/\"},\"sameAs\":[\"https:\\\/\\\/www.facebook.com\\\/CCCPBucaramanga\\\/\"]},{\"@type\":\"Person\",\"@id\":\"https:\\\/\\\/contadoreshoy.com\\\/#\\\/schema\\\/person\\\/96d8979cb865537c5dc9345e40089fc5\",\"name\":\"Miguel Antonio M\u00e1rquez Monta\u00f1ez\",\"description\":\"Contador P\u00fablico egresado de la Universidad Aut\u00f3noma de Bucaramanga - Asesor contable tributario con m\u00e1s de 25 a\u00f1os de experiencia - Conferencista en temas contables y tributarios - T\u00e9cnico en Hardware y Dise\u00f1o Web - Creador y director Grupo de Estudio Colegio Colombiano de Contadores P\u00fablicos de Bucaramanga - Creador y Master Web p\u00e1gina www.contadoresp\u00fablicossantander.com - Expresidente Colegio Colombiano de Contadores P\u00fablicos Bucaramanga\",\"url\":\"https:\\\/\\\/contadoreshoy.com\\\/?author=1\"}]}<\/script>\n<!-- \/ Yoast SEO plugin. -->","yoast_head_json":{"title":"RENTA CEDULAR DE CAPITAL - Contadores P\u00fablicos","robots":{"index":"index","follow":"follow","max-snippet":"max-snippet:-1","max-image-preview":"max-image-preview:large","max-video-preview":"max-video-preview:-1"},"canonical":"https:\/\/contadoreshoy.com\/?p=11079","og_locale":"es_ES","og_type":"article","og_title":"RENTA CEDULAR DE CAPITAL - Contadores P\u00fablicos","og_description":"DETERMINACI\u00d3N RENTA L\u00cdQUIDA CEDULAR DE LAS RENTAS DE CAPITAL &nbsp; Tabla para determinar Renta l\u00edquida cedular de capital: 1 RENTAS DE CAPITAL &nbsp;(A-B) A INGRESOS BRUTOS POR RENTAS DE CAPITAL&#46;&#46;&#46;","og_url":"https:\/\/contadoreshoy.com\/?p=11079","og_site_name":"Contadores P\u00fablicos","article_publisher":"https:\/\/www.facebook.com\/CCCPBucaramanga\/","article_published_time":"2022-07-21T16:47:00+00:00","article_modified_time":"2022-07-21T23:36:24+00:00","og_image":[{"width":600,"height":400,"url":"https:\/\/contadoreshoy.com\/wp-content\/uploads\/2018\/08\/Se-arrienda.jpg","type":"image\/jpeg"}],"author":"Miguel Antonio M\u00e1rquez Monta\u00f1ez","twitter_card":"summary_large_image","twitter_misc":{"Escrito por":"Miguel Antonio M\u00e1rquez Monta\u00f1ez","Tiempo de lectura":"7 minutos"},"schema":{"@context":"https:\/\/schema.org","@graph":[{"@type":"Article","@id":"https:\/\/contadoreshoy.com\/?p=11079#article","isPartOf":{"@id":"https:\/\/contadoreshoy.com\/?p=11079"},"author":{"name":"Miguel Antonio M\u00e1rquez Monta\u00f1ez","@id":"https:\/\/contadoreshoy.com\/#\/schema\/person\/96d8979cb865537c5dc9345e40089fc5"},"headline":"RENTA CEDULAR DE CAPITAL","datePublished":"2022-07-21T16:47:00+00:00","dateModified":"2022-07-21T23:36:24+00:00","mainEntityOfPage":{"@id":"https:\/\/contadoreshoy.com\/?p=11079"},"wordCount":1466,"publisher":{"@id":"https:\/\/contadoreshoy.com\/#organization"},"image":{"@id":"https:\/\/contadoreshoy.com\/?p=11079#primaryimage"},"thumbnailUrl":"https:\/\/contadoreshoy.com\/wp-content\/uploads\/2018\/08\/Se-arrienda.jpg","articleSection":{"1":"Ultimas Noticias","2":"Uncategorized"},"inLanguage":"es"},{"@type":"WebPage","@id":"https:\/\/contadoreshoy.com\/?p=11079","url":"https:\/\/contadoreshoy.com\/?p=11079","name":"RENTA CEDULAR DE CAPITAL - Contadores P\u00fablicos","isPartOf":{"@id":"https:\/\/contadoreshoy.com\/#website"},"primaryImageOfPage":{"@id":"https:\/\/contadoreshoy.com\/?p=11079#primaryimage"},"image":{"@id":"https:\/\/contadoreshoy.com\/?p=11079#primaryimage"},"thumbnailUrl":"https:\/\/contadoreshoy.com\/wp-content\/uploads\/2018\/08\/Se-arrienda.jpg","datePublished":"2022-07-21T16:47:00+00:00","dateModified":"2022-07-21T23:36:24+00:00","breadcrumb":{"@id":"https:\/\/contadoreshoy.com\/?p=11079#breadcrumb"},"inLanguage":"es","potentialAction":[{"@type":"ReadAction","target":["https:\/\/contadoreshoy.com\/?p=11079"]}]},{"@type":"ImageObject","inLanguage":"es","@id":"https:\/\/contadoreshoy.com\/?p=11079#primaryimage","url":"https:\/\/contadoreshoy.com\/wp-content\/uploads\/2018\/08\/Se-arrienda.jpg","contentUrl":"https:\/\/contadoreshoy.com\/wp-content\/uploads\/2018\/08\/Se-arrienda.jpg","width":600,"height":400},{"@type":"BreadcrumbList","@id":"https:\/\/contadoreshoy.com\/?p=11079#breadcrumb","itemListElement":[{"@type":"ListItem","position":1,"name":"Portada","item":"https:\/\/contadoreshoy.com\/"},{"@type":"ListItem","position":2,"name":"RENTA CEDULAR DE CAPITAL"}]},{"@type":"WebSite","@id":"https:\/\/contadoreshoy.com\/#website","url":"https:\/\/contadoreshoy.com\/","name":"Contadorespublicossantander","description":"Portal para Contadores P\u00fablicos y empresarios","publisher":{"@id":"https:\/\/contadoreshoy.com\/#organization"},"potentialAction":[{"@type":"SearchAction","target":{"@type":"EntryPoint","urlTemplate":"https:\/\/contadoreshoy.com\/?s={search_term_string}"},"query-input":{"@type":"PropertyValueSpecification","valueRequired":true,"valueName":"search_term_string"}}],"inLanguage":"es"},{"@type":"Organization","@id":"https:\/\/contadoreshoy.com\/#organization","name":"Contadores P\u00fablicos de Santander","url":"https:\/\/contadoreshoy.com\/","logo":{"@type":"ImageObject","inLanguage":"es","@id":"https:\/\/contadoreshoy.com\/#\/schema\/logo\/image\/","url":"https:\/\/contadoreshoy.com\/wp-content\/uploads\/2024\/01\/cropped-cropped-Copia-de-M-1.jpg","contentUrl":"https:\/\/contadoreshoy.com\/wp-content\/uploads\/2024\/01\/cropped-cropped-Copia-de-M-1.jpg","width":499,"height":500,"caption":"Contadores P\u00fablicos de Santander"},"image":{"@id":"https:\/\/contadoreshoy.com\/#\/schema\/logo\/image\/"},"sameAs":["https:\/\/www.facebook.com\/CCCPBucaramanga\/"]},{"@type":"Person","@id":"https:\/\/contadoreshoy.com\/#\/schema\/person\/96d8979cb865537c5dc9345e40089fc5","name":"Miguel Antonio M\u00e1rquez Monta\u00f1ez","description":"Contador P\u00fablico egresado de la Universidad Aut\u00f3noma de Bucaramanga - Asesor contable tributario con m\u00e1s de 25 a\u00f1os de experiencia - Conferencista en temas contables y tributarios - T\u00e9cnico en Hardware y Dise\u00f1o Web - Creador y director Grupo de Estudio Colegio Colombiano de Contadores P\u00fablicos de Bucaramanga - Creador y Master Web p\u00e1gina www.contadoresp\u00fablicossantander.com - Expresidente Colegio Colombiano de Contadores P\u00fablicos Bucaramanga","url":"https:\/\/contadoreshoy.com\/?author=1"}]}},"_links":{"self":[{"href":"https:\/\/contadoreshoy.com\/index.php?rest_route=\/wp\/v2\/posts\/11079","targetHints":{"allow":["GET"]}}],"collection":[{"href":"https:\/\/contadoreshoy.com\/index.php?rest_route=\/wp\/v2\/posts"}],"about":[{"href":"https:\/\/contadoreshoy.com\/index.php?rest_route=\/wp\/v2\/types\/post"}],"author":[{"embeddable":true,"href":"https:\/\/contadoreshoy.com\/index.php?rest_route=\/wp\/v2\/users\/1"}],"replies":[{"embeddable":true,"href":"https:\/\/contadoreshoy.com\/index.php?rest_route=%2Fwp%2Fv2%2Fcomments&post=11079"}],"version-history":[{"count":21,"href":"https:\/\/contadoreshoy.com\/index.php?rest_route=\/wp\/v2\/posts\/11079\/revisions"}],"predecessor-version":[{"id":14002,"href":"https:\/\/contadoreshoy.com\/index.php?rest_route=\/wp\/v2\/posts\/11079\/revisions\/14002"}],"wp:featuredmedia":[{"embeddable":true,"href":"https:\/\/contadoreshoy.com\/index.php?rest_route=\/wp\/v2\/media\/11088"}],"wp:attachment":[{"href":"https:\/\/contadoreshoy.com\/index.php?rest_route=%2Fwp%2Fv2%2Fmedia&parent=11079"}],"wp:term":[{"taxonomy":"category","embeddable":true,"href":"https:\/\/contadoreshoy.com\/index.php?rest_route=%2Fwp%2Fv2%2Fcategories&post=11079"},{"taxonomy":"post_tag","embeddable":true,"href":"https:\/\/contadoreshoy.com\/index.php?rest_route=%2Fwp%2Fv2%2Ftags&post=11079"}],"curies":[{"name":"wp","href":"https:\/\/api.w.org\/{rel}","templated":true}]}}