{"id":11191,"date":"2022-03-27T15:13:00","date_gmt":"2022-03-27T20:13:00","guid":{"rendered":"https:\/\/contadoreshoy.com\/?p=11191"},"modified":"2022-03-20T17:38:36","modified_gmt":"2022-03-20T22:38:36","slug":"provision-deudas-dudoso-dificil-cobro","status":"publish","type":"post","link":"https:\/\/contadoreshoy.com\/?p=11191","title":{"rendered":"PROVISI\u00d3N PARA DEUDAS DE DUDOSO O DIF\u00cdCIL COBRO"},"content":{"rendered":"<div id=\"attachment_7457\" style=\"width: 610px\" class=\"wp-caption aligncenter\"><img loading=\"lazy\" decoding=\"async\" aria-describedby=\"caption-attachment-7457\" class=\"wp-image-7457 size-full\" src=\"https:\/\/contadoreshoy.com\/wp-content\/uploads\/2016\/07\/cuentas-de-ahorro.jpg\" alt=\"\" width=\"600\" height=\"400\" srcset=\"https:\/\/contadoreshoy.com\/wp-content\/uploads\/2016\/07\/cuentas-de-ahorro.jpg 600w, https:\/\/contadoreshoy.com\/wp-content\/uploads\/2016\/07\/cuentas-de-ahorro-300x200.jpg 300w\" sizes=\"auto, (max-width: 600px) 100vw, 600px\" \/><p id=\"caption-attachment-7457\" class=\"wp-caption-text\">Desaparece la obligaci\u00f3n de mantener saldo m\u00ednimo en las cuentas de ahorro.<\/p><\/div>\n<p style=\"text-align: center;\"><strong><span style=\"color: #000000;\">DECRETO 1625 DE 2016<\/span><\/strong><\/p>\n<p style=\"text-align: center;\"><strong><span style=\"color: #000000;\">Decreto \u00danico Reglamentario en materia tributaria<\/span><\/strong><\/p>\n<p style=\"text-align: center;\"><strong><span style=\"color: #000000;\">PROVISI\u00d3N PARA DEUDAS DE DUDOSO O DIF\u00cdCIL COBRO<\/span><\/strong><\/p>\n<p style=\"text-align: justify;\"><span style=\"color: #ff0000;\"><strong>A. PROVISI\u00d3N INDIVIDUAL<\/strong><\/span><\/p>\n<p style=\"text-align: justify;\"><span style=\"color: #000000;\"><strong><span style=\"color: #0000ff;\">Art\u00edculo 1.2.1.18.19. Provisi\u00f3n individual.<\/span> Los contribuyentes que lleven contabilidad por el sistema de causaci\u00f3n tendr\u00e1n derecho a una deducci\u00f3n de la renta bruta por concepto de provisi\u00f3n individual para deudas de dudoso o dif\u00edcil cobro, siempre que llenen los requisitos siguientes:<\/strong><\/span><\/p>\n<p style=\"text-align: justify;\"><strong><span style=\"color: #000000;\">1. Que la respectiva obligaci\u00f3n se haya contra\u00eddo con justa causa y a t\u00edtulo oneroso.<\/span><\/strong><\/p>\n<p style=\"text-align: justify;\"><strong><span style=\"color: #000000;\">2. Que se haya originado en operaciones propias de la actividad productora de renta.<\/span><\/strong><\/p>\n<p style=\"text-align: justify;\"><strong><span style=\"color: #000000;\">3. Que se haya tomado en cuenta al computar la renta declarada en a\u00f1os anteriores.<\/span><\/strong><\/p>\n<p style=\"text-align: justify;\"><strong><span style=\"color: #000000;\">4. Que la provisi\u00f3n se haya constituido en el a\u00f1o o per\u00edodo gravable de que se trate.<\/span><\/strong><\/p>\n<p style=\"text-align: justify;\"><strong><span style=\"color: #000000;\">5. Que la obligaci\u00f3n exista en el momento de la contabilizaci\u00f3n de la provisi\u00f3n.<\/span><\/strong><\/p>\n<p style=\"text-align: justify;\"><strong><span style=\"color: #000000;\">6. Que la respectiva deuda se haya hecho exigible con m\u00e1s de un a\u00f1o de anterioridad y se justifique su car\u00e1cter de dudoso o dif\u00edcil cobro.<\/span><\/strong><\/p>\n<p style=\"text-align: justify;\"><strong><span style=\"color: #000000;\">(Art. 72, Decreto 187 de 1975) (Vigencia del Decreto 187 de 1975. El Decreto 187 de 1975 se aplicar\u00e1 a partir del ejercicio impositivo de 1974 salvo los casos expresamente exceptuados en el mismo o en las normas sustantivas y procedimentales del impuesto sobre la renta y complementario. (Art. 117, Decreto 187 de 1975))<\/span><\/strong><\/p>\n<p style=\"text-align: justify;\"><strong><span style=\"color: #000000;\"><span style=\"color: #0000ff;\">Art\u00edculo 1.2.1.18.20. Provisi\u00f3n individual cuota razonable.<\/span> Como deducci\u00f3n por concepto de provisi\u00f3n individual para deudas de dudoso o dif\u00edcil cobro fijase como cuota razonable hasta un treinta y tres por ciento (33%) anual del valor nominal de cada deuda con m\u00e1s de un (1) a\u00f1o de vencida.<\/span><\/strong><\/p>\n<p style=\"text-align: justify;\"><strong><span style=\"color: #000000;\">(Art. 74, Decreto 187 de 1975) (Vigencia del Decreto 187 de 1975. El Decreto 187 de 1975 se aplicar\u00e1 a partir del ejercicio impositivo de 1974 salvo los casos expresamente exceptuados en el mismo o en las normas sustantivas y procedimentales del impuesto sobre la renta y complementario. (Art. 117, Decreto 187 de 1975))<\/span><\/strong><\/p>\n<p style=\"text-align: justify;\"><span style=\"color: #ff0000;\"><strong>B. PROVISI\u00d3N GENERAL<\/strong><\/span><\/p>\n<p style=\"text-align: justify;\"><span style=\"color: #000000;\"><strong><span style=\"color: #0000ff;\">Art\u00edculo 1.2.1.18.21. Provisi\u00f3n general.<\/span> Los contribuyentes que lleven contabilidad de causaci\u00f3n y cuyo sistema de operaciones origine regular y permanentemente cr\u00e9ditos a su favor, tendr\u00e1n derecho a que se les deduzca de su renta bruta, por concepto de provisi\u00f3n general para deudas de dudoso o dif\u00edcil cobro, un porcentaje en la cartera vencida, as\u00ed:<\/strong><\/span><\/p>\n<p style=\"text-align: justify;\"><strong><span style=\"color: #000000;\">El cinco por ciento (5%) para las deudas que en el \u00faltimo d\u00eda del ejercicio gravable lleven m\u00e1s de tres (3) meses de vencidas, sin exceder de seis (6) meses.<\/span><\/strong><\/p>\n<p style=\"text-align: justify;\"><strong><span style=\"color: #000000;\">El diez por ciento (10%) para las deudas que en el \u00faltimo d\u00eda del ejercicio gravable lleven m\u00e1s de seis (6) meses de vencidas sin exceder de un (1) a\u00f1o.<\/span><\/strong><\/p>\n<p style=\"text-align: justify;\"><strong><span style=\"color: #000000;\">El quince por ciento (15%) para las deudas que en el \u00faltimo d\u00eda del ejercicio gravable lleven m\u00e1s de un (1) a\u00f1o de vencidas.<\/span><\/strong><\/p>\n<p style=\"text-align: justify;\"><strong><span style=\"color: #000000;\"><span style=\"color: #0000ff;\">Par\u00e1grafo 1\u00ba<\/span>. Esta deducci\u00f3n s\u00f3lo se reconocer\u00e1 cuando las deudas y la provisi\u00f3n est\u00e9n contabilizadas y el contribuyente no haya optado por la provisi\u00f3n individual.<\/span><\/strong><\/p>\n<p style=\"text-align: justify;\"><strong><span style=\"color: #000000;\"><span style=\"color: #0000ff;\">Par\u00e1grafo 2\u00ba<\/span>. El contribuyente que en los a\u00f1os anteriores haya solicitado la provisi\u00f3n individual para deudas de dudoso o dif\u00edcil cobro y opte por la provisi\u00f3n general de que trata este art\u00edculo, deber\u00e1 hacer los ajustes correspondientes.<\/span><\/strong><\/p>\n<p style=\"text-align: justify;\"><strong><span style=\"color: #000000;\">(Art. 75, Decreto 187 de 1975) (Vigencia del Decreto 187 de 1975. El Decreto 187 de 1975 se aplicar\u00e1 a partir del ejercicio impositivo de 1974 salvo los casos expresamente exceptuados en el mismo o en las normas sustantivas y procedimentales del impuesto sobre la renta y complementario. (Art. 117, Decreto 187 de 1975))<\/span><\/strong><\/p>\n<p style=\"text-align: justify;\"><strong><span style=\"color: #000000;\"><span style=\"color: #0000ff;\">Art\u00edculo 1.2.1.18.22. Formaci\u00f3n y ajuste de las provisiones<\/span>. Las provisiones individual o general de cartera se formar\u00e1n con cargo a ganancias y p\u00e9rdidas y deber\u00e1 ajustarse anualmente la cuenta respectiva, debitando o acreditando la diferencia.<\/span><\/strong><\/p>\n<p style=\"text-align: justify;\"><strong><span style=\"color: #000000;\">(Art. 77, Decreto 187 de 1975) (Vigencia del Decreto 187 de 1975. El Decreto 187 de 1975 se aplicar\u00e1 a partir del ejercicio impositivo de 1974 salvo los casos expresamente exceptuados en el mismo o en las normas sustantivas y procedimentales del impuesto sobre la renta y complementario. (Art. 117, Decreto 187 de 1975))<\/span><\/strong><\/p>\n<p style=\"text-align: justify;\"><strong><span style=\"color: #000000;\"><span style=\"color: #0000ff;\">Art\u00edculo 1.2.1.18.23. Deudas manifiestamente perdidas o sin valor<\/span>. Se entiende por deudas manifiestamente perdidas o sin valor aquellas cuyo cobro no es posible hacer efectivo por insolvencia de los deudores y de los fiadores, por falta de garant\u00edas reales o por cualquier otra causa que permita considerarlas como actualmente perdidas, de acuerdo con una sana pr\u00e1ctica comercial.<\/span><\/strong><\/p>\n<p style=\"text-align: justify;\"><strong><span style=\"color: #000000;\">(Art. 79, Decreto 187 de 1975) (Vigencia del Decreto 187 de 1975. El Decreto 187 de 1975 se aplicar\u00e1 a partir del ejercicio impositivo de 1974 salvo los casos expresamente exceptuados en el mismo o en las normas sustantivas y procedimentales del impuesto sobre la renta y complementario. (Art. 117, Decreto 187 de 1975))<\/span><\/strong><\/p>\n<p style=\"text-align: justify;\"><span style=\"color: #0000ff;\"><strong>Art\u00edculo 1.2.1.18.24. Procedencia de la deducci\u00f3n por deudas manifiestamente perdidas o sin valor. Para que proceda esta deducci\u00f3n es necesario:<\/strong><\/span><\/p>\n<p style=\"text-align: justify;\"><strong><span style=\"color: #000000;\">1. Que la respectiva obligaci\u00f3n se haya contra\u00eddo con justa causa y a t\u00edtulo oneroso.<\/span><\/strong><\/p>\n<p style=\"text-align: justify;\"><strong><span style=\"color: #000000;\">2. Que se haya tomado en cuenta al computar la renta declarada en a\u00f1os anteriores o que se trate de cr\u00e9ditos que hayan producido rentas declaradas en tales a\u00f1os.<\/span><\/strong><\/p>\n<p style=\"text-align: justify;\"><strong><span style=\"color: #000000;\">3. Que se haya descargado en el a\u00f1o o per\u00edodo gravable de que se trata, mediante abono a la cuenta incobrable y cargo directo a p\u00e9rdidas y ganancias.<\/span><\/strong><\/p>\n<p style=\"text-align: justify;\"><strong><span style=\"color: #000000;\">4. Que la obligaci\u00f3n exista en el momento de descargo, y<\/span><\/strong><\/p>\n<p style=\"text-align: justify;\"><strong><span style=\"color: #000000;\">5. Que existan razones para considerar la deuda manifiestamente perdida o sin valor.<\/span><\/strong><\/p>\n<p style=\"text-align: justify;\"><strong><span style=\"color: #000000;\">(Art. 80, Decreto 187 de 1975) (Vigencia del Decreto 187 de 1975. El Decreto 187 de 1975 se aplicar\u00e1 a partir del ejercicio impositivo de 1974 salvo los casos expresamente exceptuados en el mismo o en las normas sustantivas y procedimentales del impuesto sobre la renta y complementario. (Art. 117, Decreto 187 de 1975))<\/span><\/strong><\/p>\n<p style=\"text-align: justify;\"><strong><span style=\"color: #000000;\"><span style=\"color: #0000ff;\">Art\u00edculo 1.2.1.18.25. Registro contable de las provisiones.<\/span> Las provisiones, individual o general de cartera deber\u00e1n figurar en el Balance como un menor valor de las cuentas por cobrar; en consecuencia, su valor no podr\u00e1 formar parte del super\u00e1vit.<\/span><\/strong><\/p>\n<p style=\"text-align: justify;\"><strong><span style=\"color: #000000;\">Cuando se establezca que una deuda originada en operaciones productoras de renta gravable es incobrable o perdida deber\u00e1 descargarse, abonando su valor a la cuenta por cobrar y carg\u00e1ndolo a la provisi\u00f3n autorizada.<\/span><\/strong><\/p>\n<p style=\"text-align: justify;\"><strong><span style=\"color: #000000;\">(Art. 78, Decreto 187 de 1975) (Vigencia del Decreto 187 de 1975. El Decreto 187 de 1975 se aplicar\u00e1 a partir del ejercicio impositivo de 1974 salvo los casos expresamente exceptuados en el mismo o en las normas sustantivas y procedimentales del impuesto sobre la renta y complementario. (Art. 117, Decreto 187 de 1975))<\/span><\/strong><\/p>\n<p style=\"text-align: justify;\"><strong><span style=\"color: #000000;\"><span style=\"color: #0000ff;\">Art\u00edculo 1.2.1.18.26. Provisiones.<\/span> Ser\u00e1n deducibles por los establecimientos de cr\u00e9dito originadores de cartera hipotecaria, sujetos a la inspecci\u00f3n y vigilancia de la Superintendencia Financiera de Colombia, las provisiones que se constituyan sobre t\u00edtulos representativos de cartera hipotecaria calificada como de dudoso o dif\u00edcil cobro por la Superintendencia Financiera de Colombia en las categor\u00edas C, D y E, que adquieran en desarrollo de procesos de titularizaci\u00f3n, siempre que el pago de dichos t\u00edtulos se encuentre subordinado a la existencia de remanentes en las universalidades a partir de las cuales se emiten, y que la provisi\u00f3n corresponda a aquella parte de la cartera respecto de la cual previamente a la creaci\u00f3n de la universalidad no se ha solicitado deducci\u00f3n fiscal y hasta el monto equivalente a la provisi\u00f3n que se constituir\u00eda sobre la cartera hipotecaria de dudoso o dif\u00edcil cobro antes mencionada y sobre los bienes recibidos en pago que de ella se deriven, si estos se mantuvieran en cabeza del respectivo establecimiento de cr\u00e9dito.<\/span><\/strong><\/p>\n<p style=\"text-align: justify;\"><strong><span style=\"color: #000000;\">(Art. 1, Decreto 2000 de 2004)<\/span><\/strong><\/p>\n<p style=\"text-align: center;\"><strong><span style=\"color: #000000;\">ESTATUTO TRIBUTARIO<\/span><\/strong><\/p>\n<p style=\"text-align: center;\"><strong><span style=\"color: #000000;\">CARTERA MOROSA O P\u00c9RDIDA<\/span><\/strong><\/p>\n<p style=\"text-align: justify;\"><strong><span style=\"color: #000000;\"><span style=\"color: #0000ff;\">ARTICULO 145. DEDUCCI\u00d3N DE DEUDAS DE DUDOSO O DIF\u00cdCIL COBRO<\/span>. &lt;Art\u00edculo modificado por el art\u00edculo 87 de la Ley 1819 de 2016. El nuevo texto es el siguiente:&gt; Los contribuyentes obligados a llevar contabilidad, podr\u00e1n deducir las cantidades razonables que fije el reglamento como deterioro de cartera de dudoso o dif\u00edcil cobro, siempre que tales deudas se hayan originado en operaciones productoras de renta, correspondan a cartera vencida y se cumplan los dem\u00e1s requisitos legales.<\/span><\/strong><\/p>\n<p style=\"text-align: justify;\"><strong><span style=\"color: #000000;\">No se reconoce el car\u00e1cter de dif\u00edcil cobro a deudas contra\u00eddas entre s\u00ed por empresas o personas econ\u00f3micamente vinculadas, o por los socios para con la sociedad, o viceversa<\/span><\/strong><\/p>\n<p style=\"text-align: justify;\"><strong><span style=\"color: #000000;\"><span style=\"color: #0000ff;\">PAR\u00c1GRAFO 1o<\/span>. Ser\u00e1n deducibles por las entidades sujetas a la inspecci\u00f3n y vigilancia de la Superintendencia Financiera, la provisi\u00f3n de cartera de cr\u00e9ditos y la provisi\u00f3n de coeficiente de riesgo realizado durante el respectivo a\u00f1o gravable. As\u00ed mismo, son deducibles las provisiones realizadas durante el respectivo a\u00f1o gravable sobre bienes recibidos en daci\u00f3n en pago y sobre contratos de leasing que deban realizarse conforme a las normas vigentes.<\/span><\/strong><\/p>\n<p style=\"text-align: justify;\"><strong><span style=\"color: #000000;\">No obstante lo anterior, no ser\u00e1n deducibles los gastos por concepto de provisi\u00f3n de cartera que:<\/span><\/strong><\/p>\n<p style=\"text-align: justify;\"><strong><span style=\"color: #000000;\">a) Excedan de los l\u00edmites requeridos por la ley y la regulaci\u00f3n prudencial respecto de las entidades sometidas a la inspecci\u00f3n y vigilancia de la Superintendencia Financiera de Colombia; o<\/span><\/strong><\/p>\n<p style=\"text-align: justify;\"><strong><span style=\"color: #000000;\">b) Sean voluntarias, incluso si media una sugerencia de la Superintendencia Financiera de Colombia.<\/span><\/strong><\/p>\n<p style=\"text-align: justify;\"><strong><span style=\"color: #000000;\"><span style=\"color: #0000ff;\">ARTICULO 146. DEDUCCI\u00d3N POR DEUDAS MANIFIESTAMENTE P\u00c9RDIDAS O SIN VALOR.<\/span> &lt;Fuente original compilada: D. 2053\/74 Art. 61&gt; Son deducibles para los contribuyentes que lleven contabilidad por el sistema de causaci\u00f3n, las deudas manifiestamente perdidas o sin valor que se hayan descargado durante el a\u00f1o o per\u00edodo gravable, siempre que se demuestre la realidad de la deuda, se justifique su descargo y se pruebe que se ha originado en operaciones productoras de renta. Cuando se establezca que una deuda es cobrable s\u00f3lo en parte, puede aceptarse la cantidad correspondiente a la parte no cobrable. Cuando los contribuyentes no lleven la contabilidad indicada, tienen derecho a esta deducci\u00f3n conservando el documento concerniente a la deuda con constancia de su anulaci\u00f3n.<\/span><\/strong><\/p>\n<p><strong><span style=\"color: #000000;\">Documento elaborado por: C.P. MIGUEL ANTONIO M\u00c1RQUEZ MONTA\u00d1EZ<\/span><\/strong><\/p>\n<p>&nbsp;<\/p>\n","protected":false},"excerpt":{"rendered":"<p>DECRETO 1625 DE 2016 Decreto \u00danico Reglamentario en materia tributaria PROVISI\u00d3N PARA DEUDAS DE DUDOSO O DIF\u00cdCIL COBRO A. PROVISI\u00d3N INDIVIDUAL Art\u00edculo 1.2.1.18.19. Provisi\u00f3n individual. Los contribuyentes que lleven contabilidad&#46;&#46;&#46;<\/p>\n","protected":false},"author":1,"featured_media":7457,"comment_status":"closed","ping_status":"open","sticky":false,"template":"","format":"standard","meta":{"_monsterinsights_skip_tracking":false,"ngg_post_thumbnail":0,"footnotes":"","_links_to":"","_links_to_target":""},"categories":[454,458,1],"tags":[],"class_list":["post-11191","post","type-post","status-publish","format-standard","has-post-thumbnail","hentry","category-sin-categoria","category-ultimas","category-uncategorized"],"aioseo_notices":[],"aioseo_head":"\n\t\t<!-- All in One SEO 5.0.1.1 - aioseo.com -->\n\t<meta name=\"description\" content=\"DECRETO 1625 DE 2016 Decreto \u00danico Reglamentario en materia tributaria PROVISI\u00d3N PARA DEUDAS DE DUDOSO O DIF\u00cdCIL COBRO A. PROVISI\u00d3N INDIVIDUAL Art\u00edculo 1.2.1.18.19. Provisi\u00f3n individual. Los contribuyentes que lleven contabilidad por el sistema de causaci\u00f3n tendr\u00e1n derecho a una deducci\u00f3n de la renta bruta por concepto de provisi\u00f3n individual para deudas de dudoso o dif\u00edcil\" \/>\n\t<meta name=\"robots\" content=\"max-image-preview:large\" \/>\n\t<meta name=\"author\" content=\"Miguel Antonio M\u00e1rquez Monta\u00f1ez\"\/>\n\t<link rel=\"canonical\" href=\"https:\/\/contadoreshoy.com\/?p=11191\" \/>\n\t<meta name=\"generator\" content=\"All in One SEO (AIOSEO) 5.0.1.1\" \/>\n\t\t<meta property=\"og:locale\" content=\"es_ES\" \/>\n\t\t<meta property=\"og:site_name\" content=\"Contadores P\u00fablicos - Portal para Contadores P\u00fablicos y empresarios\" \/>\n\t\t<meta property=\"og:type\" content=\"article\" \/>\n\t\t<meta property=\"og:title\" content=\"PROVISI\u00d3N PARA DEUDAS DE DUDOSO O DIF\u00cdCIL COBRO - Contadores P\u00fablicos\" \/>\n\t\t<meta property=\"og:description\" content=\"DECRETO 1625 DE 2016 Decreto \u00danico Reglamentario en materia tributaria PROVISI\u00d3N PARA DEUDAS DE DUDOSO O DIF\u00cdCIL COBRO A. PROVISI\u00d3N INDIVIDUAL Art\u00edculo 1.2.1.18.19. Provisi\u00f3n individual. Los contribuyentes que lleven contabilidad por el sistema de causaci\u00f3n tendr\u00e1n derecho a una deducci\u00f3n de la renta bruta por concepto de provisi\u00f3n individual para deudas de dudoso o dif\u00edcil\" \/>\n\t\t<meta property=\"og:url\" content=\"https:\/\/contadoreshoy.com\/?p=11191\" \/>\n\t\t<meta property=\"og:image\" content=\"https:\/\/contadoreshoy.com\/wp-content\/uploads\/2024\/01\/cropped-cropped-cropped-Copia-de-M.jpg\" \/>\n\t\t<meta property=\"og:image:secure_url\" content=\"https:\/\/contadoreshoy.com\/wp-content\/uploads\/2024\/01\/cropped-cropped-cropped-Copia-de-M.jpg\" \/>\n\t\t<meta property=\"og:image:width\" content=\"512\" \/>\n\t\t<meta property=\"og:image:height\" content=\"371\" \/>\n\t\t<meta property=\"article:published_time\" content=\"2022-03-27T20:13:00+00:00\" \/>\n\t\t<meta property=\"article:modified_time\" content=\"2022-03-20T22:38:36+00:00\" \/>\n\t\t<meta name=\"twitter:card\" content=\"summary_large_image\" \/>\n\t\t<meta name=\"twitter:title\" content=\"PROVISI\u00d3N PARA DEUDAS DE DUDOSO O DIF\u00cdCIL COBRO - Contadores P\u00fablicos\" \/>\n\t\t<meta name=\"twitter:description\" content=\"DECRETO 1625 DE 2016 Decreto \u00danico Reglamentario en materia tributaria PROVISI\u00d3N PARA DEUDAS DE DUDOSO O DIF\u00cdCIL COBRO A. PROVISI\u00d3N INDIVIDUAL Art\u00edculo 1.2.1.18.19. Provisi\u00f3n individual. Los contribuyentes que lleven contabilidad por el sistema de causaci\u00f3n tendr\u00e1n derecho a una deducci\u00f3n de la renta bruta por concepto de provisi\u00f3n individual para deudas de dudoso o dif\u00edcil\" \/>\n\t\t<meta name=\"twitter:image\" content=\"https:\/\/contadoreshoy.com\/wp-content\/uploads\/2024\/01\/cropped-cropped-cropped-Copia-de-M.jpg\" \/>\n\t\t<script type=\"application\/ld+json\" class=\"aioseo-schema\">\n\t\t\t{\"@context\":\"https:\\\/\\\/schema.org\",\"@graph\":[{\"@type\":\"BlogPosting\",\"@id\":\"https:\\\/\\\/contadoreshoy.com\\\/?p=11191#blogposting\",\"name\":\"PROVISI\\u00d3N PARA DEUDAS DE DUDOSO O DIF\\u00cdCIL COBRO - Contadores P\\u00fablicos\",\"headline\":\"PROVISI\\u00d3N PARA DEUDAS DE DUDOSO O DIF\\u00cdCIL COBRO\",\"author\":{\"@id\":\"https:\\\/\\\/contadoreshoy.com\\\/?author=1#author\"},\"publisher\":{\"@id\":\"https:\\\/\\\/contadoreshoy.com\\\/#organization\"},\"image\":{\"@type\":\"ImageObject\",\"url\":\"https:\\\/\\\/contadoreshoy.com\\\/wp-content\\\/uploads\\\/2016\\\/07\\\/cuentas-de-ahorro.jpg\",\"width\":600,\"height\":400,\"caption\":\"Desaparece la obligaci\\u00f3n de mantener saldo m\\u00ednimo en las cuentas de ahorro.\"},\"datePublished\":\"2022-03-27T15:13:00-05:00\",\"dateModified\":\"2022-03-20T17:38:36-05:00\",\"inLanguage\":\"es-ES\",\"mainEntityOfPage\":{\"@id\":\"https:\\\/\\\/contadoreshoy.com\\\/?p=11191#webpage\"},\"isPartOf\":{\"@id\":\"https:\\\/\\\/contadoreshoy.com\\\/?p=11191#webpage\"},\"articleSection\":\"Sin categor\\u00eda, Ultimas Noticias, Uncategorized\"},{\"@type\":\"BreadcrumbList\",\"@id\":\"https:\\\/\\\/contadoreshoy.com\\\/?p=11191#breadcrumblist\",\"itemListElement\":[{\"@type\":\"ListItem\",\"@id\":\"https:\\\/\\\/contadoreshoy.com#listItem\",\"position\":1,\"name\":\"Home\",\"item\":\"https:\\\/\\\/contadoreshoy.com\",\"nextItem\":{\"@type\":\"ListItem\",\"@id\":\"https:\\\/\\\/contadoreshoy.com\\\/?cat=1#listItem\",\"name\":\"Uncategorized\"}},{\"@type\":\"ListItem\",\"@id\":\"https:\\\/\\\/contadoreshoy.com\\\/?cat=1#listItem\",\"position\":2,\"name\":\"Uncategorized\",\"item\":\"https:\\\/\\\/contadoreshoy.com\\\/?cat=1\",\"nextItem\":{\"@type\":\"ListItem\",\"@id\":\"https:\\\/\\\/contadoreshoy.com\\\/?p=11191#listItem\",\"name\":\"PROVISI\\u00d3N PARA DEUDAS DE DUDOSO O DIF\\u00cdCIL COBRO\"},\"previousItem\":{\"@type\":\"ListItem\",\"@id\":\"https:\\\/\\\/contadoreshoy.com#listItem\",\"name\":\"Home\"}},{\"@type\":\"ListItem\",\"@id\":\"https:\\\/\\\/contadoreshoy.com\\\/?p=11191#listItem\",\"position\":3,\"name\":\"PROVISI\\u00d3N PARA DEUDAS DE DUDOSO O DIF\\u00cdCIL COBRO\",\"previousItem\":{\"@type\":\"ListItem\",\"@id\":\"https:\\\/\\\/contadoreshoy.com\\\/?cat=1#listItem\",\"name\":\"Uncategorized\"}}]},{\"@type\":\"Organization\",\"@id\":\"https:\\\/\\\/contadoreshoy.com\\\/#organization\",\"name\":\"Contadores P\\u00fablicos\",\"description\":\"Portal para Contadores P\\u00fablicos y empresarios\",\"url\":\"https:\\\/\\\/contadoreshoy.com\\\/\",\"logo\":{\"@type\":\"ImageObject\",\"url\":\"https:\\\/\\\/contadoreshoy.com\\\/wp-content\\\/uploads\\\/2024\\\/01\\\/cropped-cropped-Copia-de-M-1.jpg\",\"@id\":\"https:\\\/\\\/contadoreshoy.com\\\/?p=11191\\\/#organizationLogo\",\"width\":499,\"height\":500},\"image\":{\"@id\":\"https:\\\/\\\/contadoreshoy.com\\\/?p=11191\\\/#organizationLogo\"}},{\"@type\":\"Person\",\"@id\":\"https:\\\/\\\/contadoreshoy.com\\\/?author=1#author\",\"url\":\"https:\\\/\\\/contadoreshoy.com\\\/?author=1\",\"name\":\"Miguel Antonio M\\u00e1rquez Monta\\u00f1ez\"},{\"@type\":\"WebPage\",\"@id\":\"https:\\\/\\\/contadoreshoy.com\\\/?p=11191#webpage\",\"url\":\"https:\\\/\\\/contadoreshoy.com\\\/?p=11191\",\"name\":\"PROVISI\\u00d3N PARA DEUDAS DE DUDOSO O DIF\\u00cdCIL COBRO - Contadores P\\u00fablicos\",\"description\":\"DECRETO 1625 DE 2016 Decreto \\u00danico Reglamentario en materia tributaria PROVISI\\u00d3N PARA DEUDAS DE DUDOSO O DIF\\u00cdCIL COBRO A. PROVISI\\u00d3N INDIVIDUAL Art\\u00edculo 1.2.1.18.19. Provisi\\u00f3n individual. Los contribuyentes que lleven contabilidad por el sistema de causaci\\u00f3n tendr\\u00e1n derecho a una deducci\\u00f3n de la renta bruta por concepto de provisi\\u00f3n individual para deudas de dudoso o dif\\u00edcil\",\"inLanguage\":\"es-ES\",\"isPartOf\":{\"@id\":\"https:\\\/\\\/contadoreshoy.com\\\/#website\"},\"breadcrumb\":{\"@id\":\"https:\\\/\\\/contadoreshoy.com\\\/?p=11191#breadcrumblist\"},\"author\":{\"@id\":\"https:\\\/\\\/contadoreshoy.com\\\/?author=1#author\"},\"creator\":{\"@id\":\"https:\\\/\\\/contadoreshoy.com\\\/?author=1#author\"},\"image\":{\"@type\":\"ImageObject\",\"url\":\"https:\\\/\\\/contadoreshoy.com\\\/wp-content\\\/uploads\\\/2016\\\/07\\\/cuentas-de-ahorro.jpg\",\"@id\":\"https:\\\/\\\/contadoreshoy.com\\\/?p=11191\\\/#mainImage\",\"width\":600,\"height\":400,\"caption\":\"Desaparece la obligaci\\u00f3n de mantener saldo m\\u00ednimo en las cuentas de ahorro.\"},\"primaryImageOfPage\":{\"@id\":\"https:\\\/\\\/contadoreshoy.com\\\/?p=11191#mainImage\"},\"datePublished\":\"2022-03-27T15:13:00-05:00\",\"dateModified\":\"2022-03-20T17:38:36-05:00\"},{\"@type\":\"WebSite\",\"@id\":\"https:\\\/\\\/contadoreshoy.com\\\/#website\",\"url\":\"https:\\\/\\\/contadoreshoy.com\\\/\",\"name\":\"Contadores P\\u00fablicos\",\"description\":\"Portal para Contadores P\\u00fablicos y empresarios\",\"inLanguage\":\"es-ES\",\"publisher\":{\"@id\":\"https:\\\/\\\/contadoreshoy.com\\\/#organization\"}}]}\n\t\t<\/script>\n\t\t<!-- All in One SEO -->\n\n","aioseo_head_json":{"title":"PROVISI\u00d3N PARA DEUDAS DE DUDOSO O DIF\u00cdCIL COBRO - Contadores P\u00fablicos","description":"DECRETO 1625 DE 2016 Decreto \u00danico Reglamentario en materia tributaria PROVISI\u00d3N PARA DEUDAS DE DUDOSO O DIF\u00cdCIL COBRO A. PROVISI\u00d3N INDIVIDUAL Art\u00edculo 1.2.1.18.19. Provisi\u00f3n individual. Los contribuyentes que lleven contabilidad por el sistema de causaci\u00f3n tendr\u00e1n derecho a una deducci\u00f3n de la renta bruta por concepto de provisi\u00f3n individual para deudas de dudoso o dif\u00edcil","canonical_url":"https:\/\/contadoreshoy.com\/?p=11191","robots":"max-image-preview:large","keywords":"","webmasterTools":{"miscellaneous":""},"schema":{"@context":"https:\/\/schema.org","@graph":[{"@type":"BlogPosting","@id":"https:\/\/contadoreshoy.com\/?p=11191#blogposting","name":"PROVISI\u00d3N PARA DEUDAS DE DUDOSO O DIF\u00cdCIL COBRO - Contadores P\u00fablicos","headline":"PROVISI\u00d3N PARA DEUDAS DE DUDOSO O DIF\u00cdCIL COBRO","author":{"@id":"https:\/\/contadoreshoy.com\/?author=1#author"},"publisher":{"@id":"https:\/\/contadoreshoy.com\/#organization"},"image":{"@type":"ImageObject","url":"https:\/\/contadoreshoy.com\/wp-content\/uploads\/2016\/07\/cuentas-de-ahorro.jpg","width":600,"height":400,"caption":"Desaparece la obligaci\u00f3n de mantener saldo m\u00ednimo en las cuentas de ahorro."},"datePublished":"2022-03-27T15:13:00-05:00","dateModified":"2022-03-20T17:38:36-05:00","inLanguage":"es-ES","mainEntityOfPage":{"@id":"https:\/\/contadoreshoy.com\/?p=11191#webpage"},"isPartOf":{"@id":"https:\/\/contadoreshoy.com\/?p=11191#webpage"},"articleSection":"Sin categor\u00eda, Ultimas Noticias, Uncategorized"},{"@type":"BreadcrumbList","@id":"https:\/\/contadoreshoy.com\/?p=11191#breadcrumblist","itemListElement":[{"@type":"ListItem","@id":"https:\/\/contadoreshoy.com#listItem","position":1,"name":"Home","item":"https:\/\/contadoreshoy.com","nextItem":{"@type":"ListItem","@id":"https:\/\/contadoreshoy.com\/?cat=1#listItem","name":"Uncategorized"}},{"@type":"ListItem","@id":"https:\/\/contadoreshoy.com\/?cat=1#listItem","position":2,"name":"Uncategorized","item":"https:\/\/contadoreshoy.com\/?cat=1","nextItem":{"@type":"ListItem","@id":"https:\/\/contadoreshoy.com\/?p=11191#listItem","name":"PROVISI\u00d3N PARA DEUDAS DE DUDOSO O DIF\u00cdCIL COBRO"},"previousItem":{"@type":"ListItem","@id":"https:\/\/contadoreshoy.com#listItem","name":"Home"}},{"@type":"ListItem","@id":"https:\/\/contadoreshoy.com\/?p=11191#listItem","position":3,"name":"PROVISI\u00d3N PARA DEUDAS DE DUDOSO O DIF\u00cdCIL COBRO","previousItem":{"@type":"ListItem","@id":"https:\/\/contadoreshoy.com\/?cat=1#listItem","name":"Uncategorized"}}]},{"@type":"Organization","@id":"https:\/\/contadoreshoy.com\/#organization","name":"Contadores P\u00fablicos","description":"Portal para Contadores P\u00fablicos y empresarios","url":"https:\/\/contadoreshoy.com\/","logo":{"@type":"ImageObject","url":"https:\/\/contadoreshoy.com\/wp-content\/uploads\/2024\/01\/cropped-cropped-Copia-de-M-1.jpg","@id":"https:\/\/contadoreshoy.com\/?p=11191\/#organizationLogo","width":499,"height":500},"image":{"@id":"https:\/\/contadoreshoy.com\/?p=11191\/#organizationLogo"}},{"@type":"Person","@id":"https:\/\/contadoreshoy.com\/?author=1#author","url":"https:\/\/contadoreshoy.com\/?author=1","name":"Miguel Antonio M\u00e1rquez Monta\u00f1ez"},{"@type":"WebPage","@id":"https:\/\/contadoreshoy.com\/?p=11191#webpage","url":"https:\/\/contadoreshoy.com\/?p=11191","name":"PROVISI\u00d3N PARA DEUDAS DE DUDOSO O DIF\u00cdCIL COBRO - Contadores P\u00fablicos","description":"DECRETO 1625 DE 2016 Decreto \u00danico Reglamentario en materia tributaria PROVISI\u00d3N PARA DEUDAS DE DUDOSO O DIF\u00cdCIL COBRO A. PROVISI\u00d3N INDIVIDUAL Art\u00edculo 1.2.1.18.19. Provisi\u00f3n individual. Los contribuyentes que lleven contabilidad por el sistema de causaci\u00f3n tendr\u00e1n derecho a una deducci\u00f3n de la renta bruta por concepto de provisi\u00f3n individual para deudas de dudoso o dif\u00edcil","inLanguage":"es-ES","isPartOf":{"@id":"https:\/\/contadoreshoy.com\/#website"},"breadcrumb":{"@id":"https:\/\/contadoreshoy.com\/?p=11191#breadcrumblist"},"author":{"@id":"https:\/\/contadoreshoy.com\/?author=1#author"},"creator":{"@id":"https:\/\/contadoreshoy.com\/?author=1#author"},"image":{"@type":"ImageObject","url":"https:\/\/contadoreshoy.com\/wp-content\/uploads\/2016\/07\/cuentas-de-ahorro.jpg","@id":"https:\/\/contadoreshoy.com\/?p=11191\/#mainImage","width":600,"height":400,"caption":"Desaparece la obligaci\u00f3n de mantener saldo m\u00ednimo en las cuentas de ahorro."},"primaryImageOfPage":{"@id":"https:\/\/contadoreshoy.com\/?p=11191#mainImage"},"datePublished":"2022-03-27T15:13:00-05:00","dateModified":"2022-03-20T17:38:36-05:00"},{"@type":"WebSite","@id":"https:\/\/contadoreshoy.com\/#website","url":"https:\/\/contadoreshoy.com\/","name":"Contadores P\u00fablicos","description":"Portal para Contadores P\u00fablicos y empresarios","inLanguage":"es-ES","publisher":{"@id":"https:\/\/contadoreshoy.com\/#organization"}}]},"og:locale":"es_ES","og:site_name":"Contadores P\u00fablicos - Portal para Contadores P\u00fablicos y empresarios","og:type":"article","og:title":"PROVISI\u00d3N PARA DEUDAS DE DUDOSO O DIF\u00cdCIL COBRO - Contadores P\u00fablicos","og:description":"DECRETO 1625 DE 2016 Decreto \u00danico Reglamentario en materia tributaria PROVISI\u00d3N PARA DEUDAS DE DUDOSO O DIF\u00cdCIL COBRO A. PROVISI\u00d3N INDIVIDUAL Art\u00edculo 1.2.1.18.19. Provisi\u00f3n individual. Los contribuyentes que lleven contabilidad por el sistema de causaci\u00f3n tendr\u00e1n derecho a una deducci\u00f3n de la renta bruta por concepto de provisi\u00f3n individual para deudas de dudoso o dif\u00edcil","og:url":"https:\/\/contadoreshoy.com\/?p=11191","og:image":"https:\/\/contadoreshoy.com\/wp-content\/uploads\/2024\/01\/cropped-cropped-cropped-Copia-de-M.jpg","og:image:secure_url":"https:\/\/contadoreshoy.com\/wp-content\/uploads\/2024\/01\/cropped-cropped-cropped-Copia-de-M.jpg","og:image:width":512,"og:image:height":371,"article:published_time":"2022-03-27T20:13:00+00:00","article:modified_time":"2022-03-20T22:38:36+00:00","twitter:card":"summary_large_image","twitter:title":"PROVISI\u00d3N PARA DEUDAS DE DUDOSO O DIF\u00cdCIL COBRO - Contadores P\u00fablicos","twitter:description":"DECRETO 1625 DE 2016 Decreto \u00danico Reglamentario en materia tributaria PROVISI\u00d3N PARA DEUDAS DE DUDOSO O DIF\u00cdCIL COBRO A. PROVISI\u00d3N INDIVIDUAL Art\u00edculo 1.2.1.18.19. Provisi\u00f3n individual. Los contribuyentes que lleven contabilidad por el sistema de causaci\u00f3n tendr\u00e1n derecho a una deducci\u00f3n de la renta bruta por concepto de provisi\u00f3n individual para deudas de dudoso o dif\u00edcil","twitter:image":"https:\/\/contadoreshoy.com\/wp-content\/uploads\/2024\/01\/cropped-cropped-cropped-Copia-de-M.jpg"},"aioseo_meta_data":{"post_id":"11191","title":null,"description":null,"keywords":null,"keyphrases":null,"primary_term":null,"canonical_url":null,"og_title":null,"og_description":null,"og_object_type":"default","og_image_type":"default","og_image_url":null,"og_image_width":null,"og_image_height":null,"og_image_custom_url":null,"og_image_custom_fields":null,"og_video":null,"og_custom_url":null,"og_article_section":null,"og_article_tags":null,"twitter_use_og":false,"twitter_card":"default","twitter_image_type":"default","twitter_image_url":null,"twitter_image_custom_url":null,"twitter_image_custom_fields":null,"twitter_title":null,"twitter_description":null,"schema":{"blockGraphs":[],"customGraphs":[],"default":{"data":{"Article":[],"Course":[],"Dataset":[],"FAQPage":[],"Movie":[],"Person":[],"Product":[],"ProductReview":[],"Car":[],"Recipe":[],"Service":[],"SoftwareApplication":[],"WebPage":[]},"graphName":"","isEnabled":true},"graphs":[]},"schema_type":"default","schema_type_options":null,"pillar_content":false,"robots_default":true,"robots_noindex":false,"robots_noarchive":false,"robots_nosnippet":false,"robots_nofollow":false,"robots_noimageindex":false,"robots_noodp":false,"robots_notranslate":false,"robots_max_snippet":null,"robots_max_videopreview":null,"robots_max_imagepreview":"large","priority":null,"frequency":null,"local_seo":null,"breadcrumb_settings":null,"limit_modified_date":false,"ai":null,"created":"2024-03-05 02:38:46","updated":"2026-03-03 05:41:41","seo_analyzer_scan_date":null,"focus_keyword":null,"additional_keywords":null,"truseo_locale":null},"aioseo_breadcrumb":"<div class=\"aioseo-breadcrumbs\"><span class=\"aioseo-breadcrumb\">\n\t\t\t<a href=\"https:\/\/contadoreshoy.com\" title=\"Home\">Home<\/a>\n\t\t<\/span><span class=\"aioseo-breadcrumb-separator\">&raquo;<\/span><span class=\"aioseo-breadcrumb\">\n\t\t\t<a href=\"https:\/\/contadoreshoy.com\/?cat=1\" title=\"Uncategorized\">Uncategorized<\/a>\n\t\t<\/span><span class=\"aioseo-breadcrumb-separator\">&raquo;<\/span><span class=\"aioseo-breadcrumb\">\n\t\t\tPROVISI\u00d3N PARA DEUDAS DE DUDOSO O DIF\u00cdCIL COBRO\n\t\t<\/span><\/div>","aioseo_breadcrumb_json":[{"label":"Home","link":"https:\/\/contadoreshoy.com"},{"label":"Uncategorized","link":"https:\/\/contadoreshoy.com\/?cat=1"},{"label":"PROVISI\u00d3N PARA DEUDAS DE DUDOSO O DIF\u00cdCIL COBRO","link":"https:\/\/contadoreshoy.com\/?p=11191"}],"yoast_head":"<!-- This site is optimized with the Yoast SEO plugin v28.4 - https:\/\/yoast.com\/product\/yoast-seo-wordpress\/ -->\n<title>PROVISI\u00d3N PARA DEUDAS DE DUDOSO O DIF\u00cdCIL COBRO - Contadores P\u00fablicos<\/title>\n<meta name=\"robots\" content=\"index, follow, max-snippet:-1, max-image-preview:large, max-video-preview:-1\" \/>\n<link rel=\"canonical\" href=\"https:\/\/contadoreshoy.com\/?p=11191\" \/>\n<meta property=\"og:locale\" content=\"es_ES\" \/>\n<meta property=\"og:type\" content=\"article\" \/>\n<meta property=\"og:title\" content=\"PROVISI\u00d3N PARA DEUDAS DE DUDOSO O DIF\u00cdCIL COBRO - Contadores P\u00fablicos\" \/>\n<meta property=\"og:description\" content=\"DECRETO 1625 DE 2016 Decreto \u00danico Reglamentario en materia tributaria PROVISI\u00d3N PARA DEUDAS DE DUDOSO O DIF\u00cdCIL COBRO A. PROVISI\u00d3N INDIVIDUAL Art\u00edculo 1.2.1.18.19. Provisi\u00f3n individual. Los contribuyentes que lleven contabilidad&#046;&#046;&#046;\" \/>\n<meta property=\"og:url\" content=\"https:\/\/contadoreshoy.com\/?p=11191\" \/>\n<meta property=\"og:site_name\" content=\"Contadores P\u00fablicos\" \/>\n<meta property=\"article:publisher\" content=\"https:\/\/www.facebook.com\/CCCPBucaramanga\/\" \/>\n<meta property=\"article:published_time\" content=\"2022-03-27T20:13:00+00:00\" \/>\n<meta property=\"og:image\" content=\"https:\/\/contadoreshoy.com\/wp-content\/uploads\/2016\/07\/cuentas-de-ahorro.jpg\" \/>\n\t<meta property=\"og:image:width\" content=\"600\" \/>\n\t<meta property=\"og:image:height\" content=\"400\" \/>\n\t<meta property=\"og:image:type\" content=\"image\/jpeg\" \/>\n<meta name=\"author\" content=\"Miguel Antonio M\u00e1rquez Monta\u00f1ez\" \/>\n<meta name=\"twitter:card\" content=\"summary_large_image\" \/>\n<meta name=\"twitter:label1\" content=\"Escrito por\" \/>\n\t<meta name=\"twitter:data1\" content=\"Miguel Antonio M\u00e1rquez Monta\u00f1ez\" \/>\n\t<meta name=\"twitter:label2\" content=\"Tiempo de lectura\" \/>\n\t<meta name=\"twitter:data2\" content=\"8 minutos\" \/>\n<script type=\"application\/ld+json\" class=\"yoast-schema-graph\">{\"@context\":\"https:\\\/\\\/schema.org\",\"@graph\":[{\"@type\":\"Article\",\"@id\":\"https:\\\/\\\/contadoreshoy.com\\\/?p=11191#article\",\"isPartOf\":{\"@id\":\"https:\\\/\\\/contadoreshoy.com\\\/?p=11191\"},\"author\":{\"name\":\"Miguel Antonio M\u00e1rquez Monta\u00f1ez\",\"@id\":\"https:\\\/\\\/contadoreshoy.com\\\/#\\\/schema\\\/person\\\/96d8979cb865537c5dc9345e40089fc5\"},\"headline\":\"PROVISI\u00d3N PARA DEUDAS DE DUDOSO O DIF\u00cdCIL COBRO\",\"datePublished\":\"2022-03-27T20:13:00+00:00\",\"mainEntityOfPage\":{\"@id\":\"https:\\\/\\\/contadoreshoy.com\\\/?p=11191\"},\"wordCount\":1656,\"publisher\":{\"@id\":\"https:\\\/\\\/contadoreshoy.com\\\/#organization\"},\"image\":{\"@id\":\"https:\\\/\\\/contadoreshoy.com\\\/?p=11191#primaryimage\"},\"thumbnailUrl\":\"https:\\\/\\\/contadoreshoy.com\\\/wp-content\\\/uploads\\\/2016\\\/07\\\/cuentas-de-ahorro.jpg\",\"articleSection\":{\"1\":\"Ultimas Noticias\",\"2\":\"Uncategorized\"},\"inLanguage\":\"es\"},{\"@type\":\"WebPage\",\"@id\":\"https:\\\/\\\/contadoreshoy.com\\\/?p=11191\",\"url\":\"https:\\\/\\\/contadoreshoy.com\\\/?p=11191\",\"name\":\"PROVISI\u00d3N PARA DEUDAS DE DUDOSO O DIF\u00cdCIL COBRO - Contadores P\u00fablicos\",\"isPartOf\":{\"@id\":\"https:\\\/\\\/contadoreshoy.com\\\/#website\"},\"primaryImageOfPage\":{\"@id\":\"https:\\\/\\\/contadoreshoy.com\\\/?p=11191#primaryimage\"},\"image\":{\"@id\":\"https:\\\/\\\/contadoreshoy.com\\\/?p=11191#primaryimage\"},\"thumbnailUrl\":\"https:\\\/\\\/contadoreshoy.com\\\/wp-content\\\/uploads\\\/2016\\\/07\\\/cuentas-de-ahorro.jpg\",\"datePublished\":\"2022-03-27T20:13:00+00:00\",\"breadcrumb\":{\"@id\":\"https:\\\/\\\/contadoreshoy.com\\\/?p=11191#breadcrumb\"},\"inLanguage\":\"es\",\"potentialAction\":[{\"@type\":\"ReadAction\",\"target\":[\"https:\\\/\\\/contadoreshoy.com\\\/?p=11191\"]}]},{\"@type\":\"ImageObject\",\"inLanguage\":\"es\",\"@id\":\"https:\\\/\\\/contadoreshoy.com\\\/?p=11191#primaryimage\",\"url\":\"https:\\\/\\\/contadoreshoy.com\\\/wp-content\\\/uploads\\\/2016\\\/07\\\/cuentas-de-ahorro.jpg\",\"contentUrl\":\"https:\\\/\\\/contadoreshoy.com\\\/wp-content\\\/uploads\\\/2016\\\/07\\\/cuentas-de-ahorro.jpg\",\"width\":600,\"height\":400,\"caption\":\"Desaparece la obligaci\u00f3n de mantener saldo m\u00ednimo en las cuentas de ahorro.\"},{\"@type\":\"BreadcrumbList\",\"@id\":\"https:\\\/\\\/contadoreshoy.com\\\/?p=11191#breadcrumb\",\"itemListElement\":[{\"@type\":\"ListItem\",\"position\":1,\"name\":\"Portada\",\"item\":\"https:\\\/\\\/contadoreshoy.com\\\/\"},{\"@type\":\"ListItem\",\"position\":2,\"name\":\"PROVISI\u00d3N PARA DEUDAS DE DUDOSO O DIF\u00cdCIL COBRO\"}]},{\"@type\":\"WebSite\",\"@id\":\"https:\\\/\\\/contadoreshoy.com\\\/#website\",\"url\":\"https:\\\/\\\/contadoreshoy.com\\\/\",\"name\":\"Contadorespublicossantander\",\"description\":\"Portal para Contadores P\u00fablicos y empresarios\",\"publisher\":{\"@id\":\"https:\\\/\\\/contadoreshoy.com\\\/#organization\"},\"potentialAction\":[{\"@type\":\"SearchAction\",\"target\":{\"@type\":\"EntryPoint\",\"urlTemplate\":\"https:\\\/\\\/contadoreshoy.com\\\/?s={search_term_string}\"},\"query-input\":{\"@type\":\"PropertyValueSpecification\",\"valueRequired\":true,\"valueName\":\"search_term_string\"}}],\"inLanguage\":\"es\"},{\"@type\":\"Organization\",\"@id\":\"https:\\\/\\\/contadoreshoy.com\\\/#organization\",\"name\":\"Contadores P\u00fablicos de Santander\",\"url\":\"https:\\\/\\\/contadoreshoy.com\\\/\",\"logo\":{\"@type\":\"ImageObject\",\"inLanguage\":\"es\",\"@id\":\"https:\\\/\\\/contadoreshoy.com\\\/#\\\/schema\\\/logo\\\/image\\\/\",\"url\":\"https:\\\/\\\/contadoreshoy.com\\\/wp-content\\\/uploads\\\/2024\\\/01\\\/cropped-cropped-Copia-de-M-1.jpg\",\"contentUrl\":\"https:\\\/\\\/contadoreshoy.com\\\/wp-content\\\/uploads\\\/2024\\\/01\\\/cropped-cropped-Copia-de-M-1.jpg\",\"width\":499,\"height\":500,\"caption\":\"Contadores P\u00fablicos de Santander\"},\"image\":{\"@id\":\"https:\\\/\\\/contadoreshoy.com\\\/#\\\/schema\\\/logo\\\/image\\\/\"},\"sameAs\":[\"https:\\\/\\\/www.facebook.com\\\/CCCPBucaramanga\\\/\"]},{\"@type\":\"Person\",\"@id\":\"https:\\\/\\\/contadoreshoy.com\\\/#\\\/schema\\\/person\\\/96d8979cb865537c5dc9345e40089fc5\",\"name\":\"Miguel Antonio M\u00e1rquez Monta\u00f1ez\",\"description\":\"Contador P\u00fablico egresado de la Universidad Aut\u00f3noma de Bucaramanga - Asesor contable tributario con m\u00e1s de 25 a\u00f1os de experiencia - Conferencista en temas contables y tributarios - T\u00e9cnico en Hardware y Dise\u00f1o Web - Creador y director Grupo de Estudio Colegio Colombiano de Contadores P\u00fablicos de Bucaramanga - Creador y Master Web p\u00e1gina www.contadoresp\u00fablicossantander.com - Expresidente Colegio Colombiano de Contadores P\u00fablicos Bucaramanga\",\"url\":\"https:\\\/\\\/contadoreshoy.com\\\/?author=1\"}]}<\/script>\n<!-- \/ Yoast SEO plugin. -->","yoast_head_json":{"title":"PROVISI\u00d3N PARA DEUDAS DE DUDOSO O DIF\u00cdCIL COBRO - Contadores P\u00fablicos","robots":{"index":"index","follow":"follow","max-snippet":"max-snippet:-1","max-image-preview":"max-image-preview:large","max-video-preview":"max-video-preview:-1"},"canonical":"https:\/\/contadoreshoy.com\/?p=11191","og_locale":"es_ES","og_type":"article","og_title":"PROVISI\u00d3N PARA DEUDAS DE DUDOSO O DIF\u00cdCIL COBRO - Contadores P\u00fablicos","og_description":"DECRETO 1625 DE 2016 Decreto \u00danico Reglamentario en materia tributaria PROVISI\u00d3N PARA DEUDAS DE DUDOSO O DIF\u00cdCIL COBRO A. PROVISI\u00d3N INDIVIDUAL Art\u00edculo 1.2.1.18.19. Provisi\u00f3n individual. Los contribuyentes que lleven contabilidad&#46;&#46;&#46;","og_url":"https:\/\/contadoreshoy.com\/?p=11191","og_site_name":"Contadores P\u00fablicos","article_publisher":"https:\/\/www.facebook.com\/CCCPBucaramanga\/","article_published_time":"2022-03-27T20:13:00+00:00","og_image":[{"width":600,"height":400,"url":"https:\/\/contadoreshoy.com\/wp-content\/uploads\/2016\/07\/cuentas-de-ahorro.jpg","type":"image\/jpeg"}],"author":"Miguel Antonio M\u00e1rquez Monta\u00f1ez","twitter_card":"summary_large_image","twitter_misc":{"Escrito por":"Miguel Antonio M\u00e1rquez Monta\u00f1ez","Tiempo de lectura":"8 minutos"},"schema":{"@context":"https:\/\/schema.org","@graph":[{"@type":"Article","@id":"https:\/\/contadoreshoy.com\/?p=11191#article","isPartOf":{"@id":"https:\/\/contadoreshoy.com\/?p=11191"},"author":{"name":"Miguel Antonio M\u00e1rquez Monta\u00f1ez","@id":"https:\/\/contadoreshoy.com\/#\/schema\/person\/96d8979cb865537c5dc9345e40089fc5"},"headline":"PROVISI\u00d3N PARA DEUDAS DE DUDOSO O DIF\u00cdCIL COBRO","datePublished":"2022-03-27T20:13:00+00:00","mainEntityOfPage":{"@id":"https:\/\/contadoreshoy.com\/?p=11191"},"wordCount":1656,"publisher":{"@id":"https:\/\/contadoreshoy.com\/#organization"},"image":{"@id":"https:\/\/contadoreshoy.com\/?p=11191#primaryimage"},"thumbnailUrl":"https:\/\/contadoreshoy.com\/wp-content\/uploads\/2016\/07\/cuentas-de-ahorro.jpg","articleSection":{"1":"Ultimas Noticias","2":"Uncategorized"},"inLanguage":"es"},{"@type":"WebPage","@id":"https:\/\/contadoreshoy.com\/?p=11191","url":"https:\/\/contadoreshoy.com\/?p=11191","name":"PROVISI\u00d3N PARA DEUDAS DE DUDOSO O DIF\u00cdCIL COBRO - Contadores P\u00fablicos","isPartOf":{"@id":"https:\/\/contadoreshoy.com\/#website"},"primaryImageOfPage":{"@id":"https:\/\/contadoreshoy.com\/?p=11191#primaryimage"},"image":{"@id":"https:\/\/contadoreshoy.com\/?p=11191#primaryimage"},"thumbnailUrl":"https:\/\/contadoreshoy.com\/wp-content\/uploads\/2016\/07\/cuentas-de-ahorro.jpg","datePublished":"2022-03-27T20:13:00+00:00","breadcrumb":{"@id":"https:\/\/contadoreshoy.com\/?p=11191#breadcrumb"},"inLanguage":"es","potentialAction":[{"@type":"ReadAction","target":["https:\/\/contadoreshoy.com\/?p=11191"]}]},{"@type":"ImageObject","inLanguage":"es","@id":"https:\/\/contadoreshoy.com\/?p=11191#primaryimage","url":"https:\/\/contadoreshoy.com\/wp-content\/uploads\/2016\/07\/cuentas-de-ahorro.jpg","contentUrl":"https:\/\/contadoreshoy.com\/wp-content\/uploads\/2016\/07\/cuentas-de-ahorro.jpg","width":600,"height":400,"caption":"Desaparece la obligaci\u00f3n de mantener saldo m\u00ednimo en las cuentas de ahorro."},{"@type":"BreadcrumbList","@id":"https:\/\/contadoreshoy.com\/?p=11191#breadcrumb","itemListElement":[{"@type":"ListItem","position":1,"name":"Portada","item":"https:\/\/contadoreshoy.com\/"},{"@type":"ListItem","position":2,"name":"PROVISI\u00d3N PARA DEUDAS DE DUDOSO O DIF\u00cdCIL COBRO"}]},{"@type":"WebSite","@id":"https:\/\/contadoreshoy.com\/#website","url":"https:\/\/contadoreshoy.com\/","name":"Contadorespublicossantander","description":"Portal para Contadores P\u00fablicos y empresarios","publisher":{"@id":"https:\/\/contadoreshoy.com\/#organization"},"potentialAction":[{"@type":"SearchAction","target":{"@type":"EntryPoint","urlTemplate":"https:\/\/contadoreshoy.com\/?s={search_term_string}"},"query-input":{"@type":"PropertyValueSpecification","valueRequired":true,"valueName":"search_term_string"}}],"inLanguage":"es"},{"@type":"Organization","@id":"https:\/\/contadoreshoy.com\/#organization","name":"Contadores P\u00fablicos de Santander","url":"https:\/\/contadoreshoy.com\/","logo":{"@type":"ImageObject","inLanguage":"es","@id":"https:\/\/contadoreshoy.com\/#\/schema\/logo\/image\/","url":"https:\/\/contadoreshoy.com\/wp-content\/uploads\/2024\/01\/cropped-cropped-Copia-de-M-1.jpg","contentUrl":"https:\/\/contadoreshoy.com\/wp-content\/uploads\/2024\/01\/cropped-cropped-Copia-de-M-1.jpg","width":499,"height":500,"caption":"Contadores P\u00fablicos de Santander"},"image":{"@id":"https:\/\/contadoreshoy.com\/#\/schema\/logo\/image\/"},"sameAs":["https:\/\/www.facebook.com\/CCCPBucaramanga\/"]},{"@type":"Person","@id":"https:\/\/contadoreshoy.com\/#\/schema\/person\/96d8979cb865537c5dc9345e40089fc5","name":"Miguel Antonio M\u00e1rquez Monta\u00f1ez","description":"Contador P\u00fablico egresado de la Universidad Aut\u00f3noma de Bucaramanga - Asesor contable tributario con m\u00e1s de 25 a\u00f1os de experiencia - Conferencista en temas contables y tributarios - T\u00e9cnico en Hardware y Dise\u00f1o Web - Creador y director Grupo de Estudio Colegio Colombiano de Contadores P\u00fablicos de Bucaramanga - Creador y Master Web p\u00e1gina www.contadoresp\u00fablicossantander.com - Expresidente Colegio Colombiano de Contadores P\u00fablicos Bucaramanga","url":"https:\/\/contadoreshoy.com\/?author=1"}]}},"_links":{"self":[{"href":"https:\/\/contadoreshoy.com\/index.php?rest_route=\/wp\/v2\/posts\/11191","targetHints":{"allow":["GET"]}}],"collection":[{"href":"https:\/\/contadoreshoy.com\/index.php?rest_route=\/wp\/v2\/posts"}],"about":[{"href":"https:\/\/contadoreshoy.com\/index.php?rest_route=\/wp\/v2\/types\/post"}],"author":[{"embeddable":true,"href":"https:\/\/contadoreshoy.com\/index.php?rest_route=\/wp\/v2\/users\/1"}],"replies":[{"embeddable":true,"href":"https:\/\/contadoreshoy.com\/index.php?rest_route=%2Fwp%2Fv2%2Fcomments&post=11191"}],"version-history":[{"count":4,"href":"https:\/\/contadoreshoy.com\/index.php?rest_route=\/wp\/v2\/posts\/11191\/revisions"}],"predecessor-version":[{"id":13900,"href":"https:\/\/contadoreshoy.com\/index.php?rest_route=\/wp\/v2\/posts\/11191\/revisions\/13900"}],"wp:featuredmedia":[{"embeddable":true,"href":"https:\/\/contadoreshoy.com\/index.php?rest_route=\/wp\/v2\/media\/7457"}],"wp:attachment":[{"href":"https:\/\/contadoreshoy.com\/index.php?rest_route=%2Fwp%2Fv2%2Fmedia&parent=11191"}],"wp:term":[{"taxonomy":"category","embeddable":true,"href":"https:\/\/contadoreshoy.com\/index.php?rest_route=%2Fwp%2Fv2%2Fcategories&post=11191"},{"taxonomy":"post_tag","embeddable":true,"href":"https:\/\/contadoreshoy.com\/index.php?rest_route=%2Fwp%2Fv2%2Ftags&post=11191"}],"curies":[{"name":"wp","href":"https:\/\/api.w.org\/{rel}","templated":true}]}}