{"id":11215,"date":"2018-08-07T15:28:12","date_gmt":"2018-08-07T20:28:12","guid":{"rendered":"https:\/\/contadoreshoy.com\/?p=11215"},"modified":"2019-07-01T17:19:22","modified_gmt":"2019-07-01T22:19:22","slug":"contribuyentes-obligados-presentar-declaracion-del-impuesto-la-renta-complementarios","status":"publish","type":"post","link":"https:\/\/contadoreshoy.com\/?p=11215","title":{"rendered":"CONTRIBUYENTES OBLIGADOS A PRESENTAR DECLARACI\u00d3N DEL IMPUESTO SOBRE LA RENTA Y COMPLEMENTARIOS"},"content":{"rendered":"<p style=\"text-align: center;\"><strong><span style=\"color: #000000;\">DECRETO 1625 DE 2016<\/span><\/strong><\/p>\n<p style=\"text-align: center;\"><strong><span style=\"color: #000000;\">Decreto \u00danico Reglamentario en materia tributaria<\/span><\/strong><\/p>\n<p style=\"text-align: center;\"><strong><span style=\"color: #000000;\">CONTRIBUYENTES OBLIGADOS A PRESENTAR DECLARACI\u00d3N DEL IMPUESTO SOBRE LA RENTA Y COMPLEMENTARIO<\/span><\/strong><\/p>\n<p>&nbsp;<\/p>\n<p style=\"text-align: justify;\"><strong><span style=\"color: #000000;\"><span style=\"color: #0000ff;\">Art\u00edculo 1.6.1.13.2.6. Contribuyentes obligados a presentar declaraci\u00f3n del impuesto sobre la renta y complementario.<\/span> Est\u00e1n obligados a presentar declaraci\u00f3n del impuesto sobre la renta y complementario por el a\u00f1o gravable 2018, todos los contribuyentes sometidos a dicho impuesto, con excepci\u00f3n de los que se enumeran en el art\u00edculo siguiente.<\/span><\/strong><\/p>\n<p style=\"text-align: justify;\"><strong><span style=\"color: #000000;\"><span style=\"color: #0000ff;\">Par\u00e1grafo.<\/span> Son contribuyentes del impuesto sobre la renta y complementario las cajas de compensaci\u00f3n respecto a los ingresos generados en actividades industriales, comerciales y en actividades financieras distintas a la inversi\u00f3n de su patrimonio, diferentes a las relacionadas con las actividades meritorias previstas en el art\u00edculo 359 del Estatuto Tributario.<\/span><\/strong><\/p>\n<p style=\"text-align: justify;\"><strong><span style=\"color: #000000;\"><em>(Art. 1,&nbsp;<a href=\"http:\/\/www.minhacienda.gov.co\/HomeMinhacienda\/ShowProperty?nodeId=\/OCS\/P_MHCP_WCC-136870\">Decreto 2442 de 2018<\/a>; Plazos 2018:&nbsp;<a href=\"http:\/\/wcc.minhacienda.gov.co\/cs\/groups\/grupo_sgnorma\/documents\/document\/y2mt\/mdk2\/~edisp\/p_mhcp_wcc-096963.pdf\">Art.1 Decreto 1951 de 2017<\/a>,&nbsp;Plazos 2016: Art. 5,&nbsp;<a href=\"http:\/\/wp.presidencia.gov.co\/sitios\/normativa\/decretos\/2015\/Decretos2015\/DECRETO%202243%20DEL%2024%20DE%20NOVIEMBRE%20DE%202015.pdf\">Decreto 2243 de 2015<\/a>, modificado por el&nbsp;<a href=\"http:\/\/wcc.minhacienda.gov.co\/cs\/groups\/grupo_sgnorma\/documents\/document\/y2mt\/mdcz\/~edisp\/p_mhcp_wcc-073416.pdf\">Art. 6 del Decreto 738 de 2017<\/a>) (Plazos 2015:&nbsp;<\/em><em><a href=\"http:\/\/www.suin-juriscol.gov.co\/viewDocument.asp?ruta=Decretos\/1474021\">Decreto 2623 de 2014<\/a><\/em><em>; plazos 2014:&nbsp;<\/em><em><a href=\"http:\/\/www.suin-juriscol.gov.co\/viewDocument.asp?ruta=Decretos\/1505211\">Decreto 2972 de 2013<\/a><\/em><em>&nbsp;y&nbsp;<a href=\"http:\/\/www.suin-juriscol.gov.co\/viewDocument.asp?ruta=Decretos\/1146759\">Decreto 685 de 2014<\/a>; plazos 2013:&nbsp;<a href=\"http:\/\/www.suin-juriscol.gov.co\/viewDocument.asp?ruta=Decretos\/1474754\">Decreto 2634 de 2012<\/a>&nbsp;y&nbsp;<a href=\"http:\/\/www.suin-juriscol.gov.co\/viewDocument.asp?ruta=Decretos\/1042514\">Decreto 187 de 2013<\/a>; plazos 2012:&nbsp;<a href=\"http:\/\/www.suin-juriscol.gov.co\/viewDocument.asp?ruta=Decretos\/1553410\">Decreto 4907 de 2011<\/a>; plazos 2011:&nbsp;<a href=\"http:\/\/www.suin-juriscol.gov.co\/viewDocument.asp?ruta=Decretos\/1552486\">Decreto 4836 de 2010<\/a>&nbsp;y&nbsp;<a href=\"http:\/\/www.suin-juriscol.gov.co\/viewDocument.asp?ruta=Decretos\/1273100\">Decreto 1358 de 2011<\/a>)<\/em><\/span><\/strong><\/p>\n<p style=\"text-align: justify;\"><strong><span style=\"color: #000000;\"><span style=\"color: #0000ff;\">Art\u00edculo 1.6.1.13.2.7. Contribuyentes no obligados a presentar declaraci\u00f3n del impuesto sobre la renta y complementario. No est\u00e1n obligados a presentar declaraci\u00f3n del impuesto sobre la renta y complementario por el a\u00f1o gravable 2018 los siguientes contribuyentes:<\/span><\/span><\/strong><\/p>\n<p style=\"text-align: justify;\"><strong><span style=\"color: #000000;\"><span style=\"color: #ff0000;\">a) Los asalariados que no sean responsables del impuesto a las ventas del r\u00e9gimen com\u00fan, cuyos ingresos brutos provengan por lo menos en un ochenta por ciento (80%) de pagos originados en una relaci\u00f3n laboral o legal y reglamentaria, siempre y cuando en relaci\u00f3n con el a\u00f1o gravable 2018 se cumplan la totalidad de los siguientes requisitos adicionales:<\/span><\/span><\/strong><\/p>\n<p style=\"text-align: justify;\"><strong><span style=\"color: #000000;\">1. Que el patrimonio bruto en el \u00faltimo d\u00eda del a\u00f1o gravable 2018 no exceda de cuatro mil quinientas (4.500) UVT ($149.202.000).<\/span><\/strong><\/p>\n<p style=\"text-align: justify;\"><strong><span style=\"color: #000000;\">2. Que los ingresos brutos sean inferiores a mil cuatrocientas (1.400) UVT ($46.418.000).<\/span><\/strong><\/p>\n<p style=\"text-align: justify;\"><strong><span style=\"color: #000000;\">3. Que los consumos mediante tarjeta de cr\u00e9dito no excedan de mil cuatrocientas (1.400) UVT ($46.418.000)<\/span><\/strong><\/p>\n<p style=\"text-align: justify;\"><strong><span style=\"color: #000000;\">4. Que el valor total de compras y consumos no supere las mil cuatrocientas (1.400) UVT ($46.418.000).<\/span><\/strong><\/p>\n<p style=\"text-align: justify;\"><strong><span style=\"color: #000000;\">5. Que el valor total acumulado de consignaciones bancarias, dep\u00f3sitos o inversiones financieras, no excedan de mil cuatrocientas (1.400) UVT ($46.418.000).<\/span><\/strong><\/p>\n<p style=\"text-align: justify;\"><span style=\"color: #ff0000;\"><strong>b) Las personas naturales y sucesiones il\u00edquidas que no sean responsables del impuesto a las ventas del r\u00e9gimen com\u00fan, residentes en el pa\u00eds, siempre y cuando, en relaci\u00f3n con el a\u00f1o 2018 cumplan la totalidad de los siguientes requisitos:<\/strong><\/span><\/p>\n<p style=\"text-align: justify;\"><strong><span style=\"color: #000000;\">1. Que el patrimonio bruto en el \u00faltimo d\u00eda del a\u00f1o gravable 2018 no exceda de cuatro mil quinientas (4.500) UVT ($149.202.000).<\/span><\/strong><\/p>\n<p style=\"text-align: justify;\"><strong><span style=\"color: #000000;\">2. Que los ingresos brutos del respectivo ejercicio gravable no sean iguales o superiores a mil cuatrocientas UVT (1.400) ($46.418.000).<\/span><\/strong><\/p>\n<p style=\"text-align: justify;\"><strong><span style=\"color: #000000;\">3. Que los consumos mediante tarjeta de cr\u00e9dito no excedan de mil cuatrocientas (1.400) UVT ($46.418.000).<\/span><\/strong><\/p>\n<p style=\"text-align: justify;\"><strong><span style=\"color: #000000;\">4. Que el valor total de compras y consumos no supere las mil cuatrocientas (1.400) UVT ($46.418.000).<\/span><\/strong><\/p>\n<p style=\"text-align: justify;\"><strong><span style=\"color: #000000;\">5. Que el valor total acumulado de consignaciones bancarias, dep\u00f3sitos o inversiones financieras, no excedan de mil cuatrocientas (1.400) UVT ($46.418.000).<\/span><\/strong><\/p>\n<p style=\"text-align: justify;\"><strong><span style=\"color: #000000;\"><span style=\"color: #ff0000;\">c) Personas naturales o jur\u00eddicas extranjeras.<\/span> Las personas naturales o jur\u00eddicas extranjeras, sin residencia o domicilio en el pa\u00eds, cuando la totalidad de sus ingresos hubieren estado sometidos a la retenci\u00f3n en la fuente de que tratan los art\u00edculos 407 a 411 inclusive del Estatuto Tributario y dicha retenci\u00f3n en la fuente les hubiere sido practicada.<\/span><\/strong><\/p>\n<p style=\"text-align: justify;\"><span style=\"color: #ff0000;\"><strong>d) Las personas naturales que pertenezcan al monotributo.<\/strong><\/span><\/p>\n<p style=\"text-align: justify;\"><strong><span style=\"color: #000000;\"><span style=\"color: #0000ff;\">e) Declaraci\u00f3n voluntaria del impuesto sobre la renta.<\/span> El impuesto sobre la renta y complementario, a cargo de los contribuyentes no obligados a declarar, es el que resulte de sumar las retenciones en la fuente por todo concepto que deban aplicarse a los pagos o abonos en cuenta, seg\u00fan el caso, realizados al contribuyente durante el respectivo a\u00f1o o per\u00edodo gravable.<\/span><\/strong><\/p>\n<p style=\"text-align: justify;\"><strong><span style=\"color: #000000;\">Las personas naturales residentes en el pa\u00eds a quienes les hayan practicado retenciones en la fuente y que de acuerdo con las disposiciones del Estatuto Tributario no est\u00e9n obligadas a presentar declaraci\u00f3n del impuesto sobre la renta y complementario, podr\u00e1n presentarla. Dicha declaraci\u00f3n produce efectos legales y se regir\u00e1 por lo dispuesto en el Libro I del mismo Estatuto.<\/span><\/strong><\/p>\n<p style=\"text-align: justify;\"><strong><span style=\"color: #000000;\"><span style=\"color: #0000ff;\">Par\u00e1grafo 1.<\/span> Para efectos de establecer la cuant\u00eda de los ingresos brutos a que hacen referencia los numerales 2 de los literales a) y b) del presente art\u00edculo, deber\u00e1n sumarse todos los ingresos provenientes de cualquier actividad econ\u00f3mica, con independencia de la c\u00e9dula a la que pertenezcan los ingresos.<\/span><\/strong><\/p>\n<p style=\"text-align: justify;\"><strong><span style=\"color: #000000;\"><span style=\"color: #0000ff;\">Par\u00e1grafo 2<\/span>. Para establecer la base del c\u00e1lculo del impuesto sobre la renta, no se incluir\u00e1n los ingresos por concepto de ganancias ocasionales, en cuanto este impuesto complementario se determina de manera independiente.<\/span><\/strong><\/p>\n<p style=\"text-align: justify;\"><strong><span style=\"color: #000000;\"><span style=\"color: #0000ff;\">Par\u00e1grafo 3<\/span>. Para los efectos del presente art\u00edculo, dentro de los ingresos originados en la relaci\u00f3n laboral o legal y reglamentaria, no se entienden incorporadas las pensiones de jubilaci\u00f3n, vejez, invalidez y muerte, conforme con la determinaci\u00f3n cedular adoptada por el art\u00edculo 330 del Estatuto Tributario.<\/span><\/strong><\/p>\n<p style=\"text-align: justify;\"><strong><span style=\"color: #000000;\"><span style=\"color: #0000ff;\">Par\u00e1grafo 4.<\/span> Los contribuyentes a que se refiere este art\u00edculo, deber\u00e1n conservar en su poder los certificados de retenci\u00f3n en la fuente expedidos por los agentes retenedores y exhibirlos cuando la Unidad Administrativa Especial Direcci\u00f3n de Impuestos y Aduanas Nacionales -DIAN lo requiera.<\/span><\/strong><\/p>\n<p style=\"text-align: justify;\"><strong><span style=\"color: #000000;\"><span style=\"color: #0000ff;\">Par\u00e1grafo 5.<\/span> En el caso del literal c) de este art\u00edculo, ser\u00e1n no declarantes, siempre y cuando no se configuren los supuestos de hecho previstos en los art\u00edculos 20-1 y 20-2 del Estatuto Tributario en relaci\u00f3n con los establecimientos permanentes. Si se configuran, ceben cumplirse las obligaciones tributarias en los lugares y en los plazos determinados en el presente decreto.<\/span><\/strong><\/p>\n<p style=\"text-align: justify;\"><strong><span style=\"color: #000000;\"><em>(Art. 1,&nbsp;<a href=\"http:\/\/www.minhacienda.gov.co\/HomeMinhacienda\/ShowProperty?nodeId=\/OCS\/P_MHCP_WCC-136870\">Decreto 2442 de 2018<\/a>; Plazos 2018:&nbsp;<a href=\"http:\/\/wcc.minhacienda.gov.co\/cs\/groups\/grupo_sgnorma\/documents\/document\/y2mt\/mdk2\/~edisp\/p_mhcp_wcc-096963.pdf\">Art.1, Decreto 1951 de 2017<\/a>,&nbsp;<\/em><em>Plazos 2017:<\/em><em>&nbsp;<\/em><em><a href=\"http:\/\/wcc.minhacienda.gov.co\/cs\/groups\/grupo_sgnorma\/documents\/document\/y2mt\/mdy0\/~edisp\/p_mhcp_wcc-064244.pdf\">Art 3 Decreto 2105 de 2016,<\/a><\/em><em>&nbsp;plazos 2016:&nbsp;<\/em><em><a href=\"http:\/\/wp.presidencia.gov.co\/sitios\/normativa\/decretos\/2015\/Decretos2015\/DECRETO%202243%20DEL%2024%20DE%20NOVIEMBRE%20DE%202015.pdf\">Decreto 2243 de 2015<\/a><\/em><em>; p<\/em><em>lazos 2015:&nbsp;<\/em><em><a href=\"http:\/\/www.suin-juriscol.gov.co\/viewDocument.asp?ruta=Decretos\/1474021\">Decreto 2623 de 2014<\/a><\/em><em>; plazos 2014:&nbsp;<\/em><em><a href=\"http:\/\/www.suin-juriscol.gov.co\/viewDocument.asp?ruta=Decretos\/1505211\">Decreto 2972 de 2013<\/a><\/em><em>&nbsp;y&nbsp;<\/em><em><a href=\"http:\/\/www.suin-juriscol.gov.co\/viewDocument.asp?ruta=Decretos\/1146759\">Decreto 685 de 2014<\/a><\/em><em>; plazos 2013:&nbsp;<\/em><em><a href=\"http:\/\/www.suin-juriscol.gov.co\/viewDocument.asp?ruta=Decretos\/1474754\">Decreto 2634 de 2012<\/a><\/em><em>&nbsp;y&nbsp;<\/em><em><a href=\"http:\/\/www.suin-juriscol.gov.co\/viewDocument.asp?ruta=Decretos\/1042514\">Decreto 187 de 2013<\/a><\/em><em>; plazos 2012:&nbsp;<\/em><em><a href=\"http:\/\/www.suin-juriscol.gov.co\/viewDocument.asp?ruta=Decretos\/1553410\">Decreto 4907 de 2011<\/a><\/em><em>; plazos 2011:&nbsp;<\/em><em><a href=\"http:\/\/www.suin-juriscol.gov.co\/viewDocument.asp?ruta=Decretos\/1552486\">Decreto 4836 de 2010<\/a><\/em><em>&nbsp;y&nbsp;<\/em><em><a href=\"http:\/\/www.suin-juriscol.gov.co\/viewDocument.asp?ruta=Decretos\/1273100\">Decreto 1358 de 2011<\/a><\/em><em>)<\/em><\/span><\/strong><\/p>\n<p style=\"text-align: justify;\">&nbsp;<\/p>\n<p style=\"text-align: justify;\"><strong><span style=\"color: #000000;\">Art\u00edculo 1.6.1.13.2.8. <em>Contribuyentes del r\u00e9gimen tributario especial que deben presentar declaraci\u00f3n del impuesto sobre renta y complementario.<\/em>&nbsp;De conformidad con lo dispuesto en los art\u00edculos 19 y 194 del Estatuto Tributario, modificados por los art\u00edculos 140 y 142 de la Ley 1819 de 2016, por el a\u00f1o gravable 2018 son contribuyentes del r\u00e9gimen tributario especial y deben presentar declaraci\u00f3n del impuesto sobre la renta y complementario:<\/span><\/strong><\/p>\n<ol style=\"text-align: justify;\">\n<li><strong><span style=\"color: #000000;\">Las asociaciones, fundaciones y corporaciones constituidas como entidades sin \u00e1nimo de lucro y que se encuentren calificadas dentro del r\u00e9gimen tributario especial por el a\u00f1o gravable 2018, de conformidad con lo establecido en el art\u00edculo 1.2.1.5.1.10. de este decreto.<\/span><\/strong><\/li>\n<\/ol>\n<p style=\"text-align: justify;\">&nbsp;<\/p>\n<ol style=\"text-align: justify;\" start=\"2\">\n<li><strong><span style=\"color: #000000;\">Las entidades se\u00f1aladas en los Par\u00e1grafos Transitorios primero y segundo del art\u00edculo 19 del Estatuto Tributario que durante el a\u00f1o 2018, realizaron el proceso de permanencia a que se refieren los art\u00edculos 1.2.1.5.1.11. y 1.2.1.5.1.12. de este decreto y no fueron excluidas del R\u00e9gimen Tributario Especial por el a\u00f1o gravable 2018.<\/span><\/strong><\/li>\n<\/ol>\n<p style=\"text-align: justify;\">&nbsp;<\/p>\n<ol style=\"text-align: justify;\" start=\"3\">\n<li><strong><span style=\"color: #000000;\">Las cooperativas, sus asociaciones, uniones, ligas centrales, organismos de grado superior de car\u00e1cter financiero, las asociaciones mutualistas, instituciones auxiliares del cooperativismo, confederaciones cooperativas, previstas en la legislaci\u00f3n cooperativa, vigilados por algl.ma superintendencia u organismo de control.<\/span><\/strong><\/li>\n<\/ol>\n<p style=\"text-align: justify;\"><strong><span style=\"color: #000000;\">Par\u00e1grafo.&nbsp;Las entidades a que se refieren los numerales anteriores que renuncien, sean excluidas, o que no realizaron el proceso de permanencia en el R\u00e9gimen Tributario Especial, ser\u00e1n contribuyentes del impuesto sobre la renta y complementario del sistema ordinario de determinaci\u00f3n del impuesto, siempre y cuando no hayan sido objeto de nueva calificaci\u00f3n por el mismo per\u00edodo gravable.<\/span><\/strong><\/p>\n<p style=\"text-align: justify;\"><strong><span style=\"color: #000000;\"><em>(Art. 1,&nbsp;<a href=\"http:\/\/www.minhacienda.gov.co\/HomeMinhacienda\/ShowProperty?nodeId=\/OCS\/P_MHCP_WCC-136870\">Decreto 2442 de 2018<\/a>; Plazos 2018:&nbsp;<a href=\"http:\/\/wcc.minhacienda.gov.co\/cs\/groups\/grupo_sgnorma\/documents\/document\/y2mt\/mdk2\/~edisp\/p_mhcp_wcc-096963.pdf\">Art.1, Decreto 1951 de 2017<\/a>,&nbsp;<\/em><em>Plazos 2017:<\/em><em>&nbsp;<\/em><em><a href=\"http:\/\/wcc.minhacienda.gov.co\/cs\/groups\/grupo_sgnorma\/documents\/document\/y2mt\/mdy0\/~edisp\/p_mhcp_wcc-064244.pdf\">Decreto 2105 de 2016,<\/a><\/em><em>&nbsp;plazos 2016:&nbsp;<\/em><em><a href=\"http:\/\/wp.presidencia.gov.co\/sitios\/normativa\/decretos\/2015\/Decretos2015\/DECRETO%202243%20DEL%2024%20DE%20NOVIEMBRE%20DE%202015.pdf\">Decreto 2243 de 2015<\/a><\/em><em>; p<\/em><em>lazos 2015:&nbsp;<\/em><em><a href=\"http:\/\/www.suin-juriscol.gov.co\/viewDocument.asp?ruta=Decretos\/1474021\">Decreto 2623 de 2014<\/a><\/em><em>; plazos 2014:&nbsp;<\/em><em><a href=\"http:\/\/www.suin-juriscol.gov.co\/viewDocument.asp?ruta=Decretos\/1505211\">Decreto 2972 de 2013<\/a><\/em><em>&nbsp;y&nbsp;<\/em><em><a href=\"http:\/\/www.suin-juriscol.gov.co\/viewDocument.asp?ruta=Decretos\/1146759\">Decreto 685 de 2014<\/a><\/em><em>; plazos 2013:&nbsp;<\/em><em><a href=\"http:\/\/www.suin-juriscol.gov.co\/viewDocument.asp?ruta=Decretos\/1474754\">Decreto 2634 de 2012<\/a><\/em><em>&nbsp;y&nbsp;<\/em><em><a href=\"http:\/\/www.suin-juriscol.gov.co\/viewDocument.asp?ruta=Decretos\/1042514\">Decreto 187 de 2013<\/a><\/em><em>; plazos 2012:&nbsp;<\/em><em><a href=\"http:\/\/www.suin-juriscol.gov.co\/viewDocument.asp?ruta=Decretos\/1553410\">Decreto 4907 de 2011<\/a><\/em><em>; plazos 2011:&nbsp;<\/em><em><a href=\"http:\/\/www.suin-juriscol.gov.co\/viewDocument.asp?ruta=Decretos\/1552486\">Decreto 4836 de 2010<\/a><\/em><em>&nbsp;y&nbsp;<\/em><em><a href=\"http:\/\/www.suin-juriscol.gov.co\/viewDocument.asp?ruta=Decretos\/1273100\">Decreto 1358 de 2011<\/a><\/em><em>)<\/em><\/span><\/strong><\/p>\n<p style=\"text-align: justify;\"><span style=\"color: #0000ff;\"><strong>DECLARACI\u00d3N DE INGRESOS Y PATRIMONIO<\/strong><\/span><\/p>\n<p style=\"text-align: justify;\"><strong><span style=\"color: #000000;\">Art\u00edculo 1.6.1.13.2.9. <em>Entidades no contribuyentes del\u00b7 impuesto sobre la renta y complementario con obligaci\u00f3n de presentar declaraci\u00f3n de ingresos y patrimonio.&nbsp;<\/em>De conformidad con lo dispuesto en los art\u00edculos 23, 23-1. 23-2 Y 19-2, las entidades que se enumeran a continuaci\u00f3n deber\u00e1n presentar declaraci\u00f3n de ingresos y patrimonio:<\/span><\/strong><\/p>\n<p style=\"text-align: justify;\"><strong><span style=\"color: #000000;\">1. Las entidades de derecho p\u00fablico no contribuyentes, con excepci\u00f3n de las que se se\u00f1alan en el art\u00edculo siguiente.<\/span><\/strong><\/p>\n<p><strong><span style=\"color: #000000;\">2. Los sindicatos, las asociaciones gremiales, los fondos de empleados, los fondos mutuos de inversi\u00f3n, las iglesias y confesiones religiosas reconocidas por el Ministerio\u00b7 del Interior o por la ley, los partidos o movimientos pol\u00edticos aprobados por el Consejo Nacional Electoral; las asociaciones y federaciones de Departamentos y de Municipios, las sociedades o entidades de alcoh\u00f3licos an\u00f3nimos, los establecimientos p\u00fablicos y en general cualquier establecimiento oficial descentralizado, siempre y cuando no se se\u00f1ale en la ley de otra manera.<\/span><\/strong><\/p>\n<p><strong><span style=\"color: #000000;\">3. Los fondos de inversi\u00f3n, fondos de valores y los fondos comunes que administren entidades fiduciarias.<\/span><\/strong><\/p>\n<p><strong><span style=\"color: #000000;\">4. Los fondos de pensiones de jubilaci\u00f3n e invalidez y fondos de cesant\u00edas.<\/span><\/strong><\/p>\n<p><strong><span style=\"color: #000000;\">5. Los fondos parafiscales agropecuarios y pesqueros de que trata el Cap\u00edtulo V de la Ley 101 de 1993 y el Fondo de Promoci\u00f3n Tur\u00edstica de que trata la 300 de 1996, hoy Nacional de Turismo (FONTUR).<\/span><\/strong><\/p>\n<p><strong><span style=\"color: #000000;\">6. Las cajas de compensaci\u00f3n familiar cuando no obtengan ingresos generados en actividades industriales: comerciales y en actividades financieras distintas a la inversi\u00f3n de su patrimonio, diferentes a las relacionadas con las actividades meritorias previstas en el art\u00edculo 359 del Estatuto Tributario.<\/span><\/strong><\/p>\n<p><strong><span style=\"color: #000000;\">7. Las dem\u00e1s entidades no contribuyentes del impuesto sobre la renta, con excepci\u00f3n de las indicadas en el art\u00edculo siguiente.<\/span><\/strong><\/p>\n<p style=\"text-align: justify;\"><strong><span style=\"color: #000000;\"><em>(<a href=\"http:\/\/wcc.minhacienda.gov.co\/cs\/groups\/grupo_sgnorma\/documents\/document\/y2mt\/mdk2\/~edisp\/p_mhcp_wcc-096963.pdf\">Art.1 Decreto 1951 de 2017<\/a>)&nbsp;<\/em><em>(Plazos 2017:<\/em><em>&nbsp;<\/em><em><a href=\"http:\/\/wcc.minhacienda.gov.co\/cs\/groups\/grupo_sgnorma\/documents\/document\/y2mt\/mdy0\/~edisp\/p_mhcp_wcc-064244.pdf\">Decreto 2105 de 2016,<\/a><\/em><em>&nbsp;plazos 2016:&nbsp;<\/em><em><a href=\"http:\/\/wp.presidencia.gov.co\/sitios\/normativa\/decretos\/2015\/Decretos2015\/DECRETO%202243%20DEL%2024%20DE%20NOVIEMBRE%20DE%202015.pdf\">Decreto 2243 de 2015<\/a><\/em><em>; p<\/em><em>lazos 2015:&nbsp;<\/em><em><a href=\"http:\/\/www.suin-juriscol.gov.co\/viewDocument.asp?ruta=Decretos\/1474021\">Decreto 2623 de 2014<\/a><\/em><em>; plazos 2014:&nbsp;<\/em><em><a href=\"http:\/\/www.suin-juriscol.gov.co\/viewDocument.asp?ruta=Decretos\/1505211\">Decreto 2972 de 2013<\/a><\/em><em>&nbsp;y&nbsp;<\/em><em><a href=\"http:\/\/www.suin-juriscol.gov.co\/viewDocument.asp?ruta=Decretos\/1146759\">Decreto 685 de 2014<\/a><\/em><em>; plazos 2013:&nbsp;<\/em><em><a href=\"http:\/\/www.suin-juriscol.gov.co\/viewDocument.asp?ruta=Decretos\/1474754\">Decreto 2634 de 2012<\/a><\/em><em>&nbsp;y&nbsp;<\/em><em><a href=\"http:\/\/www.suin-juriscol.gov.co\/viewDocument.asp?ruta=Decretos\/1042514\">Decreto 187 de 2013<\/a><\/em><em>; plazos 2012:&nbsp;<\/em><em><a href=\"http:\/\/www.suin-juriscol.gov.co\/viewDocument.asp?ruta=Decretos\/1553410\">Decreto 4907 de 2011<\/a><\/em><em>; plazos 2011:&nbsp;<\/em><em><a href=\"http:\/\/www.suin-juriscol.gov.co\/viewDocument.asp?ruta=Decretos\/1552486\">Decreto 4836 de 2010<\/a><\/em><em>&nbsp;y&nbsp;<\/em><em><a href=\"http:\/\/www.suin-juriscol.gov.co\/viewDocument.asp?ruta=Decretos\/1273100\">Decreto 1358 de 2011<\/a><\/em><em>)<\/em><\/span><\/strong><\/p>\n<p style=\"text-align: justify;\"><strong><span style=\"color: #000000;\">Art\u00edculo 1.6.1.13.2.10.&nbsp;&nbsp;&nbsp;&nbsp;&nbsp;&nbsp;&nbsp;&nbsp;&nbsp;<em>Entidades no contribuyentes del impuesto sobre la renta y complementario que no deben presentar declaraci\u00f3n de renta ni de ingresos y patrimonio<\/em>. De conformidad con lo dispuesto en los art\u00edculos 22 y 598 del Estatuto Tributario, no son contribuyentes del impuesto sobre la renta y complementario y no deben presentar declaraci\u00f3n de renta y complementario, ni declaraci\u00f3n de ingresos y patrimonio, las siguientes entidades:<\/span><\/strong><\/p>\n<p style=\"text-align: justify;\"><strong><span style=\"color: #000000;\">a) La Naci\u00f3n, las entidades territoriales, las Corporaciones Aut\u00f3nomas Regionales y de Desarrollo Sostenible, las \u00e1reas Metropolitanas, la Sociedad Nacional de la Cruz Roja Colombiana y su sistema federado, las Superintendencias y las Unidades Administrativas Especiales, siempre y cuando no se se\u00f1alen en la ley como contribuyentes.<\/span><\/strong><\/p>\n<p><strong><span style=\"color: #000000;\">b) Las sociedades de mejoras p\u00fablicas. las asociaciones de padres de familia; las juntas de acci\u00f3n comunal; las juntas de defensa civil; las juntas de copropietarios administradoras de edificios organizados en propiedad horizontal o de copropietarios de conjuntos residenciales; las asociaciones de exalumnos; las asociaciones de hogares comunitarios y hogares infantiles del Instituto Colombiano de Bienestar Familiar o autorizados por este y las asociaciones de adultos mayores autorizados por el Instituto Colombiano de Bienestar Familiar.<\/span><\/strong><\/p>\n<p><strong><span style=\"color: #000000;\">c ) Los Resguardos y Cabildos Ind\u00edgenas, ni la propiedad colectiva de las comunidades negras conforme con la Ley 70 de 1993.<\/span><\/strong><\/p>\n<p style=\"text-align: justify;\"><strong><span style=\"color: #000000;\">Las entidades se\u00f1aladas en los literales anteriores, est\u00e1n obligadas a presentar declaraciones de retenci\u00f3n en la fuente e impuesto sobre las ventas &#8211; IVA, cuando a ello hubiere lugar.<\/span><\/strong><\/p>\n<p style=\"text-align: justify;\"><strong><span style=\"color: #000000;\"><em>(Art. 1,&nbsp;<a href=\"http:\/\/www.minhacienda.gov.co\/HomeMinhacienda\/ShowProperty?nodeId=\/OCS\/P_MHCP_WCC-136870\">Decreto 2442 de 2018<\/a>; Plazos 2018:&nbsp;<a href=\"http:\/\/wcc.minhacienda.gov.co\/cs\/groups\/grupo_sgnorma\/documents\/document\/y2mt\/mdk2\/~edisp\/p_mhcp_wcc-096963.pdf\">Art.1, Decreto 1951 de 2017<\/a>,&nbsp;<\/em><em>Plazos 2017:<\/em><em>&nbsp;<\/em><em><a href=\"http:\/\/wcc.minhacienda.gov.co\/cs\/groups\/grupo_sgnorma\/documents\/document\/y2mt\/mdy0\/~edisp\/p_mhcp_wcc-064244.pdf\">Decreto 2105 de 2016,<\/a><\/em><em>&nbsp;plazos 2016:&nbsp;<\/em><em><a href=\"http:\/\/wp.presidencia.gov.co\/sitios\/normativa\/decretos\/2015\/Decretos2015\/DECRETO%202243%20DEL%2024%20DE%20NOVIEMBRE%20DE%202015.pdf\">Decreto 2243 de 2015<\/a><\/em><em>; p<\/em><em>lazos 2015:&nbsp;<\/em><em><a href=\"http:\/\/www.suin-juriscol.gov.co\/viewDocument.asp?ruta=Decretos\/1474021\">Decreto 2623 de 2014<\/a><\/em><em>; plazos 2014:&nbsp;<\/em><em><a href=\"http:\/\/www.suin-juriscol.gov.co\/viewDocument.asp?ruta=Decretos\/1505211\">Decreto 2972 de 2013<\/a><\/em><em>&nbsp;y&nbsp;<\/em><em><a href=\"http:\/\/www.suin-juriscol.gov.co\/viewDocument.asp?ruta=Decretos\/1146759\">Decreto 685 de 2014<\/a><\/em><em>; plazos 2013:&nbsp;<\/em><em><a href=\"http:\/\/www.suin-juriscol.gov.co\/viewDocument.asp?ruta=Decretos\/1474754\">Decreto 2634 de 2012<\/a><\/em><em>&nbsp;y&nbsp;<\/em><em><a href=\"http:\/\/www.suin-juriscol.gov.co\/viewDocument.asp?ruta=Decretos\/1042514\">Decreto 187 de 2013<\/a><\/em><em>; plazos 2012:&nbsp;<\/em><em><a href=\"http:\/\/www.suin-juriscol.gov.co\/viewDocument.asp?ruta=Decretos\/1553410\">Decreto 4907 de 2011<\/a><\/em><em>; plazos 2011:&nbsp;<\/em><em><a href=\"http:\/\/www.suin-juriscol.gov.co\/viewDocument.asp?ruta=Decretos\/1552486\">Decreto 4836 de 2010<\/a><\/em><em>&nbsp;y&nbsp;<\/em><em><a href=\"http:\/\/www.suin-juriscol.gov.co\/viewDocument.asp?ruta=Decretos\/1273100\">Decreto 1358 de 2011<\/a><\/em><em>)<\/em><\/span><\/strong><\/p>\n<p style=\"text-align: justify;\">&nbsp;<\/p>\n","protected":false},"excerpt":{"rendered":"<p>DECRETO 1625 DE 2016 Decreto \u00danico Reglamentario en materia tributaria CONTRIBUYENTES OBLIGADOS A PRESENTAR DECLARACI\u00d3N DEL IMPUESTO SOBRE LA RENTA Y COMPLEMENTARIO &nbsp; Art\u00edculo 1.6.1.13.2.6. Contribuyentes obligados a presentar declaraci\u00f3n&#46;&#46;&#46;<\/p>\n","protected":false},"author":1,"featured_media":9003,"comment_status":"closed","ping_status":"open","sticky":false,"template":"","format":"standard","meta":{"_monsterinsights_skip_tracking":false,"ngg_post_thumbnail":0,"footnotes":"","_links_to":"","_links_to_target":""},"categories":[454,1],"tags":[],"class_list":["post-11215","post","type-post","status-publish","format-standard","has-post-thumbnail","hentry","category-sin-categoria","category-uncategorized"],"aioseo_notices":[],"aioseo_head":"\n\t\t<!-- All in One SEO 5.0.1.1 - aioseo.com -->\n\t<meta name=\"description\" content=\"DECRETO 1625 DE 2016 Decreto \u00danico Reglamentario en materia tributaria CONTRIBUYENTES OBLIGADOS A PRESENTAR DECLARACI\u00d3N DEL IMPUESTO SOBRE LA RENTA Y COMPLEMENTARIO Art\u00edculo 1.6.1.13.2.6. Contribuyentes obligados a presentar declaraci\u00f3n del impuesto sobre la renta y complementario. Est\u00e1n obligados a presentar declaraci\u00f3n del impuesto sobre la renta y complementario por el a\u00f1o gravable 2018, todos\" \/>\n\t<meta name=\"robots\" content=\"max-image-preview:large\" \/>\n\t<meta name=\"author\" content=\"Miguel Antonio M\u00e1rquez Monta\u00f1ez\"\/>\n\t<link rel=\"canonical\" href=\"https:\/\/contadoreshoy.com\/?p=11215\" \/>\n\t<meta name=\"generator\" content=\"All in One SEO (AIOSEO) 5.0.1.1\" \/>\n\t\t<meta property=\"og:locale\" content=\"es_ES\" \/>\n\t\t<meta property=\"og:site_name\" content=\"Contadores P\u00fablicos - Portal para Contadores P\u00fablicos y empresarios\" \/>\n\t\t<meta property=\"og:type\" content=\"article\" \/>\n\t\t<meta property=\"og:title\" content=\"CONTRIBUYENTES OBLIGADOS A PRESENTAR DECLARACI\u00d3N DEL IMPUESTO SOBRE LA RENTA Y COMPLEMENTARIOS - Contadores P\u00fablicos\" \/>\n\t\t<meta property=\"og:description\" content=\"DECRETO 1625 DE 2016 Decreto \u00danico Reglamentario en materia tributaria CONTRIBUYENTES OBLIGADOS A PRESENTAR DECLARACI\u00d3N DEL IMPUESTO SOBRE LA RENTA Y COMPLEMENTARIO Art\u00edculo 1.6.1.13.2.6. Contribuyentes obligados a presentar declaraci\u00f3n del impuesto sobre la renta y complementario. Est\u00e1n obligados a presentar declaraci\u00f3n del impuesto sobre la renta y complementario por el a\u00f1o gravable 2018, todos\" \/>\n\t\t<meta property=\"og:url\" content=\"https:\/\/contadoreshoy.com\/?p=11215\" \/>\n\t\t<meta property=\"og:image\" content=\"https:\/\/contadoreshoy.com\/wp-content\/uploads\/2024\/01\/cropped-cropped-cropped-Copia-de-M.jpg\" \/>\n\t\t<meta property=\"og:image:secure_url\" content=\"https:\/\/contadoreshoy.com\/wp-content\/uploads\/2024\/01\/cropped-cropped-cropped-Copia-de-M.jpg\" \/>\n\t\t<meta property=\"og:image:width\" content=\"512\" \/>\n\t\t<meta property=\"og:image:height\" content=\"371\" \/>\n\t\t<meta property=\"article:published_time\" content=\"2018-08-07T20:28:12+00:00\" \/>\n\t\t<meta property=\"article:modified_time\" content=\"2019-07-01T22:19:22+00:00\" \/>\n\t\t<meta name=\"twitter:card\" content=\"summary_large_image\" \/>\n\t\t<meta name=\"twitter:title\" content=\"CONTRIBUYENTES OBLIGADOS A PRESENTAR DECLARACI\u00d3N DEL IMPUESTO SOBRE LA RENTA Y COMPLEMENTARIOS - Contadores P\u00fablicos\" \/>\n\t\t<meta name=\"twitter:description\" content=\"DECRETO 1625 DE 2016 Decreto \u00danico Reglamentario en materia tributaria CONTRIBUYENTES OBLIGADOS A PRESENTAR DECLARACI\u00d3N DEL IMPUESTO SOBRE LA RENTA Y COMPLEMENTARIO Art\u00edculo 1.6.1.13.2.6. Contribuyentes obligados a presentar declaraci\u00f3n del impuesto sobre la renta y complementario. Est\u00e1n obligados a presentar declaraci\u00f3n del impuesto sobre la renta y complementario por el a\u00f1o gravable 2018, todos\" \/>\n\t\t<meta name=\"twitter:image\" content=\"https:\/\/contadoreshoy.com\/wp-content\/uploads\/2024\/01\/cropped-cropped-cropped-Copia-de-M.jpg\" \/>\n\t\t<script type=\"application\/ld+json\" class=\"aioseo-schema\">\n\t\t\t{\"@context\":\"https:\\\/\\\/schema.org\",\"@graph\":[{\"@type\":\"BlogPosting\",\"@id\":\"https:\\\/\\\/contadoreshoy.com\\\/?p=11215#blogposting\",\"name\":\"CONTRIBUYENTES OBLIGADOS A PRESENTAR DECLARACI\\u00d3N DEL IMPUESTO SOBRE LA RENTA Y COMPLEMENTARIOS - Contadores P\\u00fablicos\",\"headline\":\"CONTRIBUYENTES OBLIGADOS A PRESENTAR DECLARACI\\u00d3N DEL IMPUESTO SOBRE LA RENTA Y COMPLEMENTARIOS\",\"author\":{\"@id\":\"https:\\\/\\\/contadoreshoy.com\\\/?author=1#author\"},\"publisher\":{\"@id\":\"https:\\\/\\\/contadoreshoy.com\\\/#organization\"},\"image\":{\"@type\":\"ImageObject\",\"url\":\"https:\\\/\\\/contadoreshoy.com\\\/wp-content\\\/uploads\\\/2017\\\/04\\\/Formato-1732-1.gif\",\"width\":600,\"height\":400},\"datePublished\":\"2018-08-07T15:28:12-05:00\",\"dateModified\":\"2019-07-01T17:19:22-05:00\",\"inLanguage\":\"es-ES\",\"mainEntityOfPage\":{\"@id\":\"https:\\\/\\\/contadoreshoy.com\\\/?p=11215#webpage\"},\"isPartOf\":{\"@id\":\"https:\\\/\\\/contadoreshoy.com\\\/?p=11215#webpage\"},\"articleSection\":\"Sin categor\\u00eda, Uncategorized\"},{\"@type\":\"BreadcrumbList\",\"@id\":\"https:\\\/\\\/contadoreshoy.com\\\/?p=11215#breadcrumblist\",\"itemListElement\":[{\"@type\":\"ListItem\",\"@id\":\"https:\\\/\\\/contadoreshoy.com#listItem\",\"position\":1,\"name\":\"Home\",\"item\":\"https:\\\/\\\/contadoreshoy.com\",\"nextItem\":{\"@type\":\"ListItem\",\"@id\":\"https:\\\/\\\/contadoreshoy.com\\\/?cat=1#listItem\",\"name\":\"Uncategorized\"}},{\"@type\":\"ListItem\",\"@id\":\"https:\\\/\\\/contadoreshoy.com\\\/?cat=1#listItem\",\"position\":2,\"name\":\"Uncategorized\",\"item\":\"https:\\\/\\\/contadoreshoy.com\\\/?cat=1\",\"nextItem\":{\"@type\":\"ListItem\",\"@id\":\"https:\\\/\\\/contadoreshoy.com\\\/?p=11215#listItem\",\"name\":\"CONTRIBUYENTES OBLIGADOS A PRESENTAR DECLARACI\\u00d3N DEL IMPUESTO SOBRE LA RENTA Y COMPLEMENTARIOS\"},\"previousItem\":{\"@type\":\"ListItem\",\"@id\":\"https:\\\/\\\/contadoreshoy.com#listItem\",\"name\":\"Home\"}},{\"@type\":\"ListItem\",\"@id\":\"https:\\\/\\\/contadoreshoy.com\\\/?p=11215#listItem\",\"position\":3,\"name\":\"CONTRIBUYENTES OBLIGADOS A PRESENTAR DECLARACI\\u00d3N DEL IMPUESTO SOBRE LA RENTA Y COMPLEMENTARIOS\",\"previousItem\":{\"@type\":\"ListItem\",\"@id\":\"https:\\\/\\\/contadoreshoy.com\\\/?cat=1#listItem\",\"name\":\"Uncategorized\"}}]},{\"@type\":\"Organization\",\"@id\":\"https:\\\/\\\/contadoreshoy.com\\\/#organization\",\"name\":\"Contadores P\\u00fablicos\",\"description\":\"Portal para Contadores P\\u00fablicos y empresarios\",\"url\":\"https:\\\/\\\/contadoreshoy.com\\\/\",\"logo\":{\"@type\":\"ImageObject\",\"url\":\"https:\\\/\\\/contadoreshoy.com\\\/wp-content\\\/uploads\\\/2024\\\/01\\\/cropped-cropped-Copia-de-M-1.jpg\",\"@id\":\"https:\\\/\\\/contadoreshoy.com\\\/?p=11215\\\/#organizationLogo\",\"width\":499,\"height\":500},\"image\":{\"@id\":\"https:\\\/\\\/contadoreshoy.com\\\/?p=11215\\\/#organizationLogo\"}},{\"@type\":\"Person\",\"@id\":\"https:\\\/\\\/contadoreshoy.com\\\/?author=1#author\",\"url\":\"https:\\\/\\\/contadoreshoy.com\\\/?author=1\",\"name\":\"Miguel Antonio M\\u00e1rquez Monta\\u00f1ez\"},{\"@type\":\"WebPage\",\"@id\":\"https:\\\/\\\/contadoreshoy.com\\\/?p=11215#webpage\",\"url\":\"https:\\\/\\\/contadoreshoy.com\\\/?p=11215\",\"name\":\"CONTRIBUYENTES OBLIGADOS A PRESENTAR DECLARACI\\u00d3N DEL IMPUESTO SOBRE LA RENTA Y COMPLEMENTARIOS - Contadores P\\u00fablicos\",\"description\":\"DECRETO 1625 DE 2016 Decreto \\u00danico Reglamentario en materia tributaria CONTRIBUYENTES OBLIGADOS A PRESENTAR DECLARACI\\u00d3N DEL IMPUESTO SOBRE LA RENTA Y COMPLEMENTARIO Art\\u00edculo 1.6.1.13.2.6. Contribuyentes obligados a presentar declaraci\\u00f3n del impuesto sobre la renta y complementario. Est\\u00e1n obligados a presentar declaraci\\u00f3n del impuesto sobre la renta y complementario por el a\\u00f1o gravable 2018, todos\",\"inLanguage\":\"es-ES\",\"isPartOf\":{\"@id\":\"https:\\\/\\\/contadoreshoy.com\\\/#website\"},\"breadcrumb\":{\"@id\":\"https:\\\/\\\/contadoreshoy.com\\\/?p=11215#breadcrumblist\"},\"author\":{\"@id\":\"https:\\\/\\\/contadoreshoy.com\\\/?author=1#author\"},\"creator\":{\"@id\":\"https:\\\/\\\/contadoreshoy.com\\\/?author=1#author\"},\"image\":{\"@type\":\"ImageObject\",\"url\":\"https:\\\/\\\/contadoreshoy.com\\\/wp-content\\\/uploads\\\/2017\\\/04\\\/Formato-1732-1.gif\",\"@id\":\"https:\\\/\\\/contadoreshoy.com\\\/?p=11215\\\/#mainImage\",\"width\":600,\"height\":400},\"primaryImageOfPage\":{\"@id\":\"https:\\\/\\\/contadoreshoy.com\\\/?p=11215#mainImage\"},\"datePublished\":\"2018-08-07T15:28:12-05:00\",\"dateModified\":\"2019-07-01T17:19:22-05:00\"},{\"@type\":\"WebSite\",\"@id\":\"https:\\\/\\\/contadoreshoy.com\\\/#website\",\"url\":\"https:\\\/\\\/contadoreshoy.com\\\/\",\"name\":\"Contadores P\\u00fablicos\",\"description\":\"Portal para Contadores P\\u00fablicos y empresarios\",\"inLanguage\":\"es-ES\",\"publisher\":{\"@id\":\"https:\\\/\\\/contadoreshoy.com\\\/#organization\"}}]}\n\t\t<\/script>\n\t\t<!-- All in One SEO -->\n\n","aioseo_head_json":{"title":"CONTRIBUYENTES OBLIGADOS A PRESENTAR DECLARACI\u00d3N DEL IMPUESTO SOBRE LA RENTA Y COMPLEMENTARIOS - Contadores P\u00fablicos","description":"DECRETO 1625 DE 2016 Decreto \u00danico Reglamentario en materia tributaria CONTRIBUYENTES OBLIGADOS A PRESENTAR DECLARACI\u00d3N DEL IMPUESTO SOBRE LA RENTA Y COMPLEMENTARIO Art\u00edculo 1.6.1.13.2.6. Contribuyentes obligados a presentar declaraci\u00f3n del impuesto sobre la renta y complementario. Est\u00e1n obligados a presentar declaraci\u00f3n del impuesto sobre la renta y complementario por el a\u00f1o gravable 2018, todos","canonical_url":"https:\/\/contadoreshoy.com\/?p=11215","robots":"max-image-preview:large","keywords":"","webmasterTools":{"miscellaneous":""},"schema":{"@context":"https:\/\/schema.org","@graph":[{"@type":"BlogPosting","@id":"https:\/\/contadoreshoy.com\/?p=11215#blogposting","name":"CONTRIBUYENTES OBLIGADOS A PRESENTAR DECLARACI\u00d3N DEL IMPUESTO SOBRE LA RENTA Y COMPLEMENTARIOS - Contadores P\u00fablicos","headline":"CONTRIBUYENTES OBLIGADOS A PRESENTAR DECLARACI\u00d3N DEL IMPUESTO SOBRE LA RENTA Y COMPLEMENTARIOS","author":{"@id":"https:\/\/contadoreshoy.com\/?author=1#author"},"publisher":{"@id":"https:\/\/contadoreshoy.com\/#organization"},"image":{"@type":"ImageObject","url":"https:\/\/contadoreshoy.com\/wp-content\/uploads\/2017\/04\/Formato-1732-1.gif","width":600,"height":400},"datePublished":"2018-08-07T15:28:12-05:00","dateModified":"2019-07-01T17:19:22-05:00","inLanguage":"es-ES","mainEntityOfPage":{"@id":"https:\/\/contadoreshoy.com\/?p=11215#webpage"},"isPartOf":{"@id":"https:\/\/contadoreshoy.com\/?p=11215#webpage"},"articleSection":"Sin categor\u00eda, Uncategorized"},{"@type":"BreadcrumbList","@id":"https:\/\/contadoreshoy.com\/?p=11215#breadcrumblist","itemListElement":[{"@type":"ListItem","@id":"https:\/\/contadoreshoy.com#listItem","position":1,"name":"Home","item":"https:\/\/contadoreshoy.com","nextItem":{"@type":"ListItem","@id":"https:\/\/contadoreshoy.com\/?cat=1#listItem","name":"Uncategorized"}},{"@type":"ListItem","@id":"https:\/\/contadoreshoy.com\/?cat=1#listItem","position":2,"name":"Uncategorized","item":"https:\/\/contadoreshoy.com\/?cat=1","nextItem":{"@type":"ListItem","@id":"https:\/\/contadoreshoy.com\/?p=11215#listItem","name":"CONTRIBUYENTES OBLIGADOS A PRESENTAR DECLARACI\u00d3N DEL IMPUESTO SOBRE LA RENTA Y COMPLEMENTARIOS"},"previousItem":{"@type":"ListItem","@id":"https:\/\/contadoreshoy.com#listItem","name":"Home"}},{"@type":"ListItem","@id":"https:\/\/contadoreshoy.com\/?p=11215#listItem","position":3,"name":"CONTRIBUYENTES OBLIGADOS A PRESENTAR DECLARACI\u00d3N DEL IMPUESTO SOBRE LA RENTA Y COMPLEMENTARIOS","previousItem":{"@type":"ListItem","@id":"https:\/\/contadoreshoy.com\/?cat=1#listItem","name":"Uncategorized"}}]},{"@type":"Organization","@id":"https:\/\/contadoreshoy.com\/#organization","name":"Contadores P\u00fablicos","description":"Portal para Contadores P\u00fablicos y empresarios","url":"https:\/\/contadoreshoy.com\/","logo":{"@type":"ImageObject","url":"https:\/\/contadoreshoy.com\/wp-content\/uploads\/2024\/01\/cropped-cropped-Copia-de-M-1.jpg","@id":"https:\/\/contadoreshoy.com\/?p=11215\/#organizationLogo","width":499,"height":500},"image":{"@id":"https:\/\/contadoreshoy.com\/?p=11215\/#organizationLogo"}},{"@type":"Person","@id":"https:\/\/contadoreshoy.com\/?author=1#author","url":"https:\/\/contadoreshoy.com\/?author=1","name":"Miguel Antonio M\u00e1rquez Monta\u00f1ez"},{"@type":"WebPage","@id":"https:\/\/contadoreshoy.com\/?p=11215#webpage","url":"https:\/\/contadoreshoy.com\/?p=11215","name":"CONTRIBUYENTES OBLIGADOS A PRESENTAR DECLARACI\u00d3N DEL IMPUESTO SOBRE LA RENTA Y COMPLEMENTARIOS - Contadores P\u00fablicos","description":"DECRETO 1625 DE 2016 Decreto \u00danico Reglamentario en materia tributaria CONTRIBUYENTES OBLIGADOS A PRESENTAR DECLARACI\u00d3N DEL IMPUESTO SOBRE LA RENTA Y COMPLEMENTARIO Art\u00edculo 1.6.1.13.2.6. Contribuyentes obligados a presentar declaraci\u00f3n del impuesto sobre la renta y complementario. Est\u00e1n obligados a presentar declaraci\u00f3n del impuesto sobre la renta y complementario por el a\u00f1o gravable 2018, todos","inLanguage":"es-ES","isPartOf":{"@id":"https:\/\/contadoreshoy.com\/#website"},"breadcrumb":{"@id":"https:\/\/contadoreshoy.com\/?p=11215#breadcrumblist"},"author":{"@id":"https:\/\/contadoreshoy.com\/?author=1#author"},"creator":{"@id":"https:\/\/contadoreshoy.com\/?author=1#author"},"image":{"@type":"ImageObject","url":"https:\/\/contadoreshoy.com\/wp-content\/uploads\/2017\/04\/Formato-1732-1.gif","@id":"https:\/\/contadoreshoy.com\/?p=11215\/#mainImage","width":600,"height":400},"primaryImageOfPage":{"@id":"https:\/\/contadoreshoy.com\/?p=11215#mainImage"},"datePublished":"2018-08-07T15:28:12-05:00","dateModified":"2019-07-01T17:19:22-05:00"},{"@type":"WebSite","@id":"https:\/\/contadoreshoy.com\/#website","url":"https:\/\/contadoreshoy.com\/","name":"Contadores P\u00fablicos","description":"Portal para Contadores P\u00fablicos y empresarios","inLanguage":"es-ES","publisher":{"@id":"https:\/\/contadoreshoy.com\/#organization"}}]},"og:locale":"es_ES","og:site_name":"Contadores P\u00fablicos - Portal para Contadores P\u00fablicos y empresarios","og:type":"article","og:title":"CONTRIBUYENTES OBLIGADOS A PRESENTAR DECLARACI\u00d3N DEL IMPUESTO SOBRE LA RENTA Y COMPLEMENTARIOS - Contadores P\u00fablicos","og:description":"DECRETO 1625 DE 2016 Decreto \u00danico Reglamentario en materia tributaria CONTRIBUYENTES OBLIGADOS A PRESENTAR DECLARACI\u00d3N DEL IMPUESTO SOBRE LA RENTA Y COMPLEMENTARIO Art\u00edculo 1.6.1.13.2.6. Contribuyentes obligados a presentar declaraci\u00f3n del impuesto sobre la renta y complementario. Est\u00e1n obligados a presentar declaraci\u00f3n del impuesto sobre la renta y complementario por el a\u00f1o gravable 2018, todos","og:url":"https:\/\/contadoreshoy.com\/?p=11215","og:image":"https:\/\/contadoreshoy.com\/wp-content\/uploads\/2024\/01\/cropped-cropped-cropped-Copia-de-M.jpg","og:image:secure_url":"https:\/\/contadoreshoy.com\/wp-content\/uploads\/2024\/01\/cropped-cropped-cropped-Copia-de-M.jpg","og:image:width":512,"og:image:height":371,"article:published_time":"2018-08-07T20:28:12+00:00","article:modified_time":"2019-07-01T22:19:22+00:00","twitter:card":"summary_large_image","twitter:title":"CONTRIBUYENTES OBLIGADOS A PRESENTAR DECLARACI\u00d3N DEL IMPUESTO SOBRE LA RENTA Y COMPLEMENTARIOS - Contadores P\u00fablicos","twitter:description":"DECRETO 1625 DE 2016 Decreto \u00danico Reglamentario en materia tributaria CONTRIBUYENTES OBLIGADOS A PRESENTAR DECLARACI\u00d3N DEL IMPUESTO SOBRE LA RENTA Y COMPLEMENTARIO Art\u00edculo 1.6.1.13.2.6. Contribuyentes obligados a presentar declaraci\u00f3n del impuesto sobre la renta y complementario. Est\u00e1n obligados a presentar declaraci\u00f3n del impuesto sobre la renta y complementario por el a\u00f1o gravable 2018, todos","twitter:image":"https:\/\/contadoreshoy.com\/wp-content\/uploads\/2024\/01\/cropped-cropped-cropped-Copia-de-M.jpg"},"aioseo_meta_data":{"post_id":"11215","title":null,"description":null,"keywords":null,"keyphrases":null,"primary_term":null,"canonical_url":null,"og_title":null,"og_description":null,"og_object_type":"default","og_image_type":"default","og_image_url":null,"og_image_width":null,"og_image_height":null,"og_image_custom_url":null,"og_image_custom_fields":null,"og_video":null,"og_custom_url":null,"og_article_section":null,"og_article_tags":null,"twitter_use_og":false,"twitter_card":"default","twitter_image_type":"default","twitter_image_url":null,"twitter_image_custom_url":null,"twitter_image_custom_fields":null,"twitter_title":null,"twitter_description":null,"schema":{"blockGraphs":[],"customGraphs":[],"default":{"data":{"Article":[],"Course":[],"Dataset":[],"FAQPage":[],"Movie":[],"Person":[],"Product":[],"ProductReview":[],"Car":[],"Recipe":[],"Service":[],"SoftwareApplication":[],"WebPage":[]},"graphName":"","isEnabled":true},"graphs":[]},"schema_type":"default","schema_type_options":null,"pillar_content":false,"robots_default":true,"robots_noindex":false,"robots_noarchive":false,"robots_nosnippet":false,"robots_nofollow":false,"robots_noimageindex":false,"robots_noodp":false,"robots_notranslate":false,"robots_max_snippet":null,"robots_max_videopreview":null,"robots_max_imagepreview":"large","priority":null,"frequency":null,"local_seo":null,"breadcrumb_settings":null,"limit_modified_date":false,"ai":null,"created":"2024-03-05 01:58:42","updated":"2026-03-03 05:12:10","seo_analyzer_scan_date":null,"focus_keyword":null,"additional_keywords":null,"truseo_locale":null},"aioseo_breadcrumb":"<div class=\"aioseo-breadcrumbs\"><span class=\"aioseo-breadcrumb\">\n\t\t\t<a href=\"https:\/\/contadoreshoy.com\" title=\"Home\">Home<\/a>\n\t\t<\/span><span class=\"aioseo-breadcrumb-separator\">&raquo;<\/span><span class=\"aioseo-breadcrumb\">\n\t\t\t<a href=\"https:\/\/contadoreshoy.com\/?cat=1\" title=\"Uncategorized\">Uncategorized<\/a>\n\t\t<\/span><span class=\"aioseo-breadcrumb-separator\">&raquo;<\/span><span class=\"aioseo-breadcrumb\">\n\t\t\tCONTRIBUYENTES OBLIGADOS A PRESENTAR DECLARACI\u00d3N DEL IMPUESTO SOBRE LA RENTA Y COMPLEMENTARIOS\n\t\t<\/span><\/div>","aioseo_breadcrumb_json":[{"label":"Home","link":"https:\/\/contadoreshoy.com"},{"label":"Uncategorized","link":"https:\/\/contadoreshoy.com\/?cat=1"},{"label":"CONTRIBUYENTES OBLIGADOS A PRESENTAR DECLARACI\u00d3N DEL IMPUESTO SOBRE LA RENTA Y COMPLEMENTARIOS","link":"https:\/\/contadoreshoy.com\/?p=11215"}],"yoast_head":"<!-- This site is optimized with the Yoast SEO plugin v28.4 - https:\/\/yoast.com\/product\/yoast-seo-wordpress\/ -->\n<title>CONTRIBUYENTES OBLIGADOS A PRESENTAR DECLARACI\u00d3N DEL IMPUESTO SOBRE LA RENTA Y COMPLEMENTARIOS - Contadores P\u00fablicos<\/title>\n<meta name=\"robots\" content=\"index, follow, max-snippet:-1, max-image-preview:large, max-video-preview:-1\" \/>\n<link rel=\"canonical\" href=\"https:\/\/contadoreshoy.com\/?p=11215\" \/>\n<meta property=\"og:locale\" content=\"es_ES\" \/>\n<meta property=\"og:type\" content=\"article\" \/>\n<meta property=\"og:title\" content=\"CONTRIBUYENTES OBLIGADOS A PRESENTAR DECLARACI\u00d3N DEL IMPUESTO SOBRE LA RENTA Y COMPLEMENTARIOS - Contadores P\u00fablicos\" \/>\n<meta property=\"og:description\" content=\"DECRETO 1625 DE 2016 Decreto \u00danico Reglamentario en materia tributaria CONTRIBUYENTES OBLIGADOS A PRESENTAR DECLARACI\u00d3N DEL IMPUESTO SOBRE LA RENTA Y COMPLEMENTARIO &nbsp; Art\u00edculo 1.6.1.13.2.6. Contribuyentes obligados a presentar declaraci\u00f3n&#046;&#046;&#046;\" \/>\n<meta property=\"og:url\" content=\"https:\/\/contadoreshoy.com\/?p=11215\" \/>\n<meta property=\"og:site_name\" content=\"Contadores P\u00fablicos\" \/>\n<meta property=\"article:publisher\" content=\"https:\/\/www.facebook.com\/CCCPBucaramanga\/\" \/>\n<meta property=\"article:published_time\" content=\"2018-08-07T20:28:12+00:00\" \/>\n<meta property=\"article:modified_time\" content=\"2019-07-01T22:19:22+00:00\" \/>\n<meta property=\"og:image\" content=\"https:\/\/contadoreshoy.com\/wp-content\/uploads\/2017\/04\/Formato-1732-1.gif\" \/>\n\t<meta property=\"og:image:width\" content=\"600\" \/>\n\t<meta property=\"og:image:height\" content=\"400\" \/>\n\t<meta property=\"og:image:type\" content=\"image\/gif\" \/>\n<meta name=\"author\" content=\"Miguel Antonio M\u00e1rquez Monta\u00f1ez\" \/>\n<meta name=\"twitter:card\" content=\"summary_large_image\" \/>\n<meta name=\"twitter:label1\" content=\"Escrito por\" \/>\n\t<meta name=\"twitter:data1\" content=\"Miguel Antonio M\u00e1rquez Monta\u00f1ez\" \/>\n\t<meta name=\"twitter:label2\" content=\"Tiempo de lectura\" \/>\n\t<meta name=\"twitter:data2\" content=\"10 minutos\" \/>\n<script type=\"application\/ld+json\" class=\"yoast-schema-graph\">{\"@context\":\"https:\\\/\\\/schema.org\",\"@graph\":[{\"@type\":\"Article\",\"@id\":\"https:\\\/\\\/contadoreshoy.com\\\/?p=11215#article\",\"isPartOf\":{\"@id\":\"https:\\\/\\\/contadoreshoy.com\\\/?p=11215\"},\"author\":{\"name\":\"Miguel Antonio M\u00e1rquez Monta\u00f1ez\",\"@id\":\"https:\\\/\\\/contadoreshoy.com\\\/#\\\/schema\\\/person\\\/96d8979cb865537c5dc9345e40089fc5\"},\"headline\":\"CONTRIBUYENTES OBLIGADOS A PRESENTAR DECLARACI\u00d3N DEL IMPUESTO SOBRE LA RENTA Y COMPLEMENTARIOS\",\"datePublished\":\"2018-08-07T20:28:12+00:00\",\"dateModified\":\"2019-07-01T22:19:22+00:00\",\"mainEntityOfPage\":{\"@id\":\"https:\\\/\\\/contadoreshoy.com\\\/?p=11215\"},\"wordCount\":1986,\"publisher\":{\"@id\":\"https:\\\/\\\/contadoreshoy.com\\\/#organization\"},\"image\":{\"@id\":\"https:\\\/\\\/contadoreshoy.com\\\/?p=11215#primaryimage\"},\"thumbnailUrl\":\"https:\\\/\\\/contadoreshoy.com\\\/wp-content\\\/uploads\\\/2017\\\/04\\\/Formato-1732-1.gif\",\"articleSection\":{\"1\":\"Uncategorized\"},\"inLanguage\":\"es\"},{\"@type\":\"WebPage\",\"@id\":\"https:\\\/\\\/contadoreshoy.com\\\/?p=11215\",\"url\":\"https:\\\/\\\/contadoreshoy.com\\\/?p=11215\",\"name\":\"CONTRIBUYENTES OBLIGADOS A PRESENTAR DECLARACI\u00d3N DEL IMPUESTO SOBRE LA RENTA Y COMPLEMENTARIOS - Contadores P\u00fablicos\",\"isPartOf\":{\"@id\":\"https:\\\/\\\/contadoreshoy.com\\\/#website\"},\"primaryImageOfPage\":{\"@id\":\"https:\\\/\\\/contadoreshoy.com\\\/?p=11215#primaryimage\"},\"image\":{\"@id\":\"https:\\\/\\\/contadoreshoy.com\\\/?p=11215#primaryimage\"},\"thumbnailUrl\":\"https:\\\/\\\/contadoreshoy.com\\\/wp-content\\\/uploads\\\/2017\\\/04\\\/Formato-1732-1.gif\",\"datePublished\":\"2018-08-07T20:28:12+00:00\",\"dateModified\":\"2019-07-01T22:19:22+00:00\",\"breadcrumb\":{\"@id\":\"https:\\\/\\\/contadoreshoy.com\\\/?p=11215#breadcrumb\"},\"inLanguage\":\"es\",\"potentialAction\":[{\"@type\":\"ReadAction\",\"target\":[\"https:\\\/\\\/contadoreshoy.com\\\/?p=11215\"]}]},{\"@type\":\"ImageObject\",\"inLanguage\":\"es\",\"@id\":\"https:\\\/\\\/contadoreshoy.com\\\/?p=11215#primaryimage\",\"url\":\"https:\\\/\\\/contadoreshoy.com\\\/wp-content\\\/uploads\\\/2017\\\/04\\\/Formato-1732-1.gif\",\"contentUrl\":\"https:\\\/\\\/contadoreshoy.com\\\/wp-content\\\/uploads\\\/2017\\\/04\\\/Formato-1732-1.gif\",\"width\":600,\"height\":400},{\"@type\":\"BreadcrumbList\",\"@id\":\"https:\\\/\\\/contadoreshoy.com\\\/?p=11215#breadcrumb\",\"itemListElement\":[{\"@type\":\"ListItem\",\"position\":1,\"name\":\"Portada\",\"item\":\"https:\\\/\\\/contadoreshoy.com\\\/\"},{\"@type\":\"ListItem\",\"position\":2,\"name\":\"CONTRIBUYENTES OBLIGADOS A PRESENTAR DECLARACI\u00d3N DEL IMPUESTO SOBRE LA RENTA Y COMPLEMENTARIOS\"}]},{\"@type\":\"WebSite\",\"@id\":\"https:\\\/\\\/contadoreshoy.com\\\/#website\",\"url\":\"https:\\\/\\\/contadoreshoy.com\\\/\",\"name\":\"Contadorespublicossantander\",\"description\":\"Portal para Contadores P\u00fablicos y empresarios\",\"publisher\":{\"@id\":\"https:\\\/\\\/contadoreshoy.com\\\/#organization\"},\"potentialAction\":[{\"@type\":\"SearchAction\",\"target\":{\"@type\":\"EntryPoint\",\"urlTemplate\":\"https:\\\/\\\/contadoreshoy.com\\\/?s={search_term_string}\"},\"query-input\":{\"@type\":\"PropertyValueSpecification\",\"valueRequired\":true,\"valueName\":\"search_term_string\"}}],\"inLanguage\":\"es\"},{\"@type\":\"Organization\",\"@id\":\"https:\\\/\\\/contadoreshoy.com\\\/#organization\",\"name\":\"Contadores P\u00fablicos de Santander\",\"url\":\"https:\\\/\\\/contadoreshoy.com\\\/\",\"logo\":{\"@type\":\"ImageObject\",\"inLanguage\":\"es\",\"@id\":\"https:\\\/\\\/contadoreshoy.com\\\/#\\\/schema\\\/logo\\\/image\\\/\",\"url\":\"https:\\\/\\\/contadoreshoy.com\\\/wp-content\\\/uploads\\\/2024\\\/01\\\/cropped-cropped-Copia-de-M-1.jpg\",\"contentUrl\":\"https:\\\/\\\/contadoreshoy.com\\\/wp-content\\\/uploads\\\/2024\\\/01\\\/cropped-cropped-Copia-de-M-1.jpg\",\"width\":499,\"height\":500,\"caption\":\"Contadores P\u00fablicos de Santander\"},\"image\":{\"@id\":\"https:\\\/\\\/contadoreshoy.com\\\/#\\\/schema\\\/logo\\\/image\\\/\"},\"sameAs\":[\"https:\\\/\\\/www.facebook.com\\\/CCCPBucaramanga\\\/\"]},{\"@type\":\"Person\",\"@id\":\"https:\\\/\\\/contadoreshoy.com\\\/#\\\/schema\\\/person\\\/96d8979cb865537c5dc9345e40089fc5\",\"name\":\"Miguel Antonio M\u00e1rquez Monta\u00f1ez\",\"description\":\"Contador P\u00fablico egresado de la Universidad Aut\u00f3noma de Bucaramanga - Asesor contable tributario con m\u00e1s de 25 a\u00f1os de experiencia - Conferencista en temas contables y tributarios - T\u00e9cnico en Hardware y Dise\u00f1o Web - Creador y director Grupo de Estudio Colegio Colombiano de Contadores P\u00fablicos de Bucaramanga - Creador y Master Web p\u00e1gina www.contadoresp\u00fablicossantander.com - Expresidente Colegio Colombiano de Contadores P\u00fablicos Bucaramanga\",\"url\":\"https:\\\/\\\/contadoreshoy.com\\\/?author=1\"}]}<\/script>\n<!-- \/ Yoast SEO plugin. -->","yoast_head_json":{"title":"CONTRIBUYENTES OBLIGADOS A PRESENTAR DECLARACI\u00d3N DEL IMPUESTO SOBRE LA RENTA Y COMPLEMENTARIOS - Contadores P\u00fablicos","robots":{"index":"index","follow":"follow","max-snippet":"max-snippet:-1","max-image-preview":"max-image-preview:large","max-video-preview":"max-video-preview:-1"},"canonical":"https:\/\/contadoreshoy.com\/?p=11215","og_locale":"es_ES","og_type":"article","og_title":"CONTRIBUYENTES OBLIGADOS A PRESENTAR DECLARACI\u00d3N DEL IMPUESTO SOBRE LA RENTA Y COMPLEMENTARIOS - Contadores P\u00fablicos","og_description":"DECRETO 1625 DE 2016 Decreto \u00danico Reglamentario en materia tributaria CONTRIBUYENTES OBLIGADOS A PRESENTAR DECLARACI\u00d3N DEL IMPUESTO SOBRE LA RENTA Y COMPLEMENTARIO &nbsp; Art\u00edculo 1.6.1.13.2.6. Contribuyentes obligados a presentar declaraci\u00f3n&#46;&#46;&#46;","og_url":"https:\/\/contadoreshoy.com\/?p=11215","og_site_name":"Contadores P\u00fablicos","article_publisher":"https:\/\/www.facebook.com\/CCCPBucaramanga\/","article_published_time":"2018-08-07T20:28:12+00:00","article_modified_time":"2019-07-01T22:19:22+00:00","og_image":[{"width":600,"height":400,"url":"https:\/\/contadoreshoy.com\/wp-content\/uploads\/2017\/04\/Formato-1732-1.gif","type":"image\/gif"}],"author":"Miguel Antonio M\u00e1rquez Monta\u00f1ez","twitter_card":"summary_large_image","twitter_misc":{"Escrito por":"Miguel Antonio M\u00e1rquez Monta\u00f1ez","Tiempo de lectura":"10 minutos"},"schema":{"@context":"https:\/\/schema.org","@graph":[{"@type":"Article","@id":"https:\/\/contadoreshoy.com\/?p=11215#article","isPartOf":{"@id":"https:\/\/contadoreshoy.com\/?p=11215"},"author":{"name":"Miguel Antonio M\u00e1rquez Monta\u00f1ez","@id":"https:\/\/contadoreshoy.com\/#\/schema\/person\/96d8979cb865537c5dc9345e40089fc5"},"headline":"CONTRIBUYENTES OBLIGADOS A PRESENTAR DECLARACI\u00d3N DEL IMPUESTO SOBRE LA RENTA Y COMPLEMENTARIOS","datePublished":"2018-08-07T20:28:12+00:00","dateModified":"2019-07-01T22:19:22+00:00","mainEntityOfPage":{"@id":"https:\/\/contadoreshoy.com\/?p=11215"},"wordCount":1986,"publisher":{"@id":"https:\/\/contadoreshoy.com\/#organization"},"image":{"@id":"https:\/\/contadoreshoy.com\/?p=11215#primaryimage"},"thumbnailUrl":"https:\/\/contadoreshoy.com\/wp-content\/uploads\/2017\/04\/Formato-1732-1.gif","articleSection":{"1":"Uncategorized"},"inLanguage":"es"},{"@type":"WebPage","@id":"https:\/\/contadoreshoy.com\/?p=11215","url":"https:\/\/contadoreshoy.com\/?p=11215","name":"CONTRIBUYENTES OBLIGADOS A PRESENTAR DECLARACI\u00d3N DEL IMPUESTO SOBRE LA RENTA Y COMPLEMENTARIOS - Contadores P\u00fablicos","isPartOf":{"@id":"https:\/\/contadoreshoy.com\/#website"},"primaryImageOfPage":{"@id":"https:\/\/contadoreshoy.com\/?p=11215#primaryimage"},"image":{"@id":"https:\/\/contadoreshoy.com\/?p=11215#primaryimage"},"thumbnailUrl":"https:\/\/contadoreshoy.com\/wp-content\/uploads\/2017\/04\/Formato-1732-1.gif","datePublished":"2018-08-07T20:28:12+00:00","dateModified":"2019-07-01T22:19:22+00:00","breadcrumb":{"@id":"https:\/\/contadoreshoy.com\/?p=11215#breadcrumb"},"inLanguage":"es","potentialAction":[{"@type":"ReadAction","target":["https:\/\/contadoreshoy.com\/?p=11215"]}]},{"@type":"ImageObject","inLanguage":"es","@id":"https:\/\/contadoreshoy.com\/?p=11215#primaryimage","url":"https:\/\/contadoreshoy.com\/wp-content\/uploads\/2017\/04\/Formato-1732-1.gif","contentUrl":"https:\/\/contadoreshoy.com\/wp-content\/uploads\/2017\/04\/Formato-1732-1.gif","width":600,"height":400},{"@type":"BreadcrumbList","@id":"https:\/\/contadoreshoy.com\/?p=11215#breadcrumb","itemListElement":[{"@type":"ListItem","position":1,"name":"Portada","item":"https:\/\/contadoreshoy.com\/"},{"@type":"ListItem","position":2,"name":"CONTRIBUYENTES OBLIGADOS A PRESENTAR DECLARACI\u00d3N DEL IMPUESTO SOBRE LA RENTA Y COMPLEMENTARIOS"}]},{"@type":"WebSite","@id":"https:\/\/contadoreshoy.com\/#website","url":"https:\/\/contadoreshoy.com\/","name":"Contadorespublicossantander","description":"Portal para Contadores P\u00fablicos y empresarios","publisher":{"@id":"https:\/\/contadoreshoy.com\/#organization"},"potentialAction":[{"@type":"SearchAction","target":{"@type":"EntryPoint","urlTemplate":"https:\/\/contadoreshoy.com\/?s={search_term_string}"},"query-input":{"@type":"PropertyValueSpecification","valueRequired":true,"valueName":"search_term_string"}}],"inLanguage":"es"},{"@type":"Organization","@id":"https:\/\/contadoreshoy.com\/#organization","name":"Contadores P\u00fablicos de Santander","url":"https:\/\/contadoreshoy.com\/","logo":{"@type":"ImageObject","inLanguage":"es","@id":"https:\/\/contadoreshoy.com\/#\/schema\/logo\/image\/","url":"https:\/\/contadoreshoy.com\/wp-content\/uploads\/2024\/01\/cropped-cropped-Copia-de-M-1.jpg","contentUrl":"https:\/\/contadoreshoy.com\/wp-content\/uploads\/2024\/01\/cropped-cropped-Copia-de-M-1.jpg","width":499,"height":500,"caption":"Contadores P\u00fablicos de Santander"},"image":{"@id":"https:\/\/contadoreshoy.com\/#\/schema\/logo\/image\/"},"sameAs":["https:\/\/www.facebook.com\/CCCPBucaramanga\/"]},{"@type":"Person","@id":"https:\/\/contadoreshoy.com\/#\/schema\/person\/96d8979cb865537c5dc9345e40089fc5","name":"Miguel Antonio M\u00e1rquez Monta\u00f1ez","description":"Contador P\u00fablico egresado de la Universidad Aut\u00f3noma de Bucaramanga - Asesor contable tributario con m\u00e1s de 25 a\u00f1os de experiencia - Conferencista en temas contables y tributarios - T\u00e9cnico en Hardware y Dise\u00f1o Web - Creador y director Grupo de Estudio Colegio Colombiano de Contadores P\u00fablicos de Bucaramanga - Creador y Master Web p\u00e1gina www.contadoresp\u00fablicossantander.com - Expresidente Colegio Colombiano de Contadores P\u00fablicos Bucaramanga","url":"https:\/\/contadoreshoy.com\/?author=1"}]}},"_links":{"self":[{"href":"https:\/\/contadoreshoy.com\/index.php?rest_route=\/wp\/v2\/posts\/11215","targetHints":{"allow":["GET"]}}],"collection":[{"href":"https:\/\/contadoreshoy.com\/index.php?rest_route=\/wp\/v2\/posts"}],"about":[{"href":"https:\/\/contadoreshoy.com\/index.php?rest_route=\/wp\/v2\/types\/post"}],"author":[{"embeddable":true,"href":"https:\/\/contadoreshoy.com\/index.php?rest_route=\/wp\/v2\/users\/1"}],"replies":[{"embeddable":true,"href":"https:\/\/contadoreshoy.com\/index.php?rest_route=%2Fwp%2Fv2%2Fcomments&post=11215"}],"version-history":[{"count":3,"href":"https:\/\/contadoreshoy.com\/index.php?rest_route=\/wp\/v2\/posts\/11215\/revisions"}],"predecessor-version":[{"id":11922,"href":"https:\/\/contadoreshoy.com\/index.php?rest_route=\/wp\/v2\/posts\/11215\/revisions\/11922"}],"wp:featuredmedia":[{"embeddable":true,"href":"https:\/\/contadoreshoy.com\/index.php?rest_route=\/wp\/v2\/media\/9003"}],"wp:attachment":[{"href":"https:\/\/contadoreshoy.com\/index.php?rest_route=%2Fwp%2Fv2%2Fmedia&parent=11215"}],"wp:term":[{"taxonomy":"category","embeddable":true,"href":"https:\/\/contadoreshoy.com\/index.php?rest_route=%2Fwp%2Fv2%2Fcategories&post=11215"},{"taxonomy":"post_tag","embeddable":true,"href":"https:\/\/contadoreshoy.com\/index.php?rest_route=%2Fwp%2Fv2%2Ftags&post=11215"}],"curies":[{"name":"wp","href":"https:\/\/api.w.org\/{rel}","templated":true}]}}