{"id":11217,"date":"2018-08-07T15:48:41","date_gmt":"2018-08-07T20:48:41","guid":{"rendered":"https:\/\/contadoreshoy.com\/?p=11217"},"modified":"2019-07-01T16:59:40","modified_gmt":"2019-07-01T21:59:40","slug":"plazos-declarar-pagar-impuesto-la-renta-anticipo-personas-naturales","status":"publish","type":"post","link":"https:\/\/contadoreshoy.com\/?p=11217","title":{"rendered":"PLAZOS PARA DECLARAR Y PAGAR EL IMPUESTO SOBRE LA RENTA Y ANTICIPO PERSONAS NATURALES"},"content":{"rendered":"<p style=\"text-align: center;\"><strong><span style=\"color: #000000;\">DECRETO 1625 DE 2016<\/span><\/strong><\/p>\n<p style=\"text-align: center;\"><strong><span style=\"color: #000000;\">(Decreto \u00danico Reglamentario en materia tributaria)<\/span><\/strong><\/p>\n<p style=\"text-align: center;\"><strong><span style=\"color: #000000;\">PLAZOS PARA DECLARAR Y PAGAR EL IMPUESTO SOBRE LA RENTA Y ANTICIPO<\/span><\/strong><\/p>\n<p>&nbsp;<\/p>\n<p style=\"font-weight: 400; text-align: justify;\"><strong><span style=\"color: #000000;\"><span style=\"color: #0000ff;\">Art\u00edculo 1.6.1.13.2.15.&nbsp;&nbsp;&nbsp;&nbsp;&nbsp;&nbsp;&nbsp;&nbsp;&nbsp;<\/span><em><span style=\"color: #0000ff;\">Declaraci\u00f3n de renta y complementario de personas naturales y sucesiones il\u00edquidas.<\/span>&nbsp;<\/em>Por el a\u00f1o gravable 2018 deber\u00e1n presentar la declaraci\u00f3n del impuesto sobre la renta y complementario, por el sistema cedular, en el formulario prescrito por la Unidad Administrativa Especial Direcci\u00f3n de Impuestos y Aduanas Nacionales -DIAN, las personas naturales y las sucesiones il\u00edquidas, con excepci\u00f3n de las se\u00f1aladas en el art\u00edculo 1.6.1.13.2.7. del presente Decreto, as\u00ed como los bienes destinados a fines especiales en virtud de donaciones y asignaciones modales, cuyos donatarios o asignatarios no los usufruct\u00faen personalmente, y las personas naturales no residentes que obtengan renta a trav\u00e9s de establecimientos permanentes en Colombia.<\/span><\/strong><\/p>\n<p style=\"font-weight: 400; text-align: justify;\"><strong><span style=\"color: #000000;\">El plazo para presentar la declaraci\u00f3n y cancelar, en una sola cuota, el valor a pagar por concepto del impuesto sobre la renta y complementario y del anticipo, se inicia el 8 de marzo de 2018 y vence en las fechas del mismo a\u00f1o que se indican a continuaci\u00f3n, atendiendo los dos \u00faltimos d\u00edgitos del N\u00famero de Identificaci\u00f3n Tributaria -NIT del declarante que conste en el certificado del Registro \u00danico Tributario -RUT, sin tener en cuenta el d\u00edgito de verificaci\u00f3n, as\u00ed:<\/span><\/strong><\/p>\n<p style=\"font-weight: 400;\">&nbsp;<\/p>\n<table style=\"width: 454.82px;\">\n<tbody>\n<tr>\n<td style=\"width: 178px; text-align: center;\"><span style=\"color: #0000ff;\"><strong>Si los dos \u00faltimos d\u00edgitos son<\/strong><\/span><\/td>\n<td style=\"width: 264.82px; text-align: center;\"><span style=\"color: #0000ff;\"><strong>Hasta el d\u00eda<\/strong><\/span><\/td>\n<\/tr>\n<tr>\n<td style=\"width: 178px; text-align: center;\"><strong><span style=\"color: #000000;\">99 y 00<\/span><\/strong><\/td>\n<td style=\"width: 264.82px; text-align: center;\"><strong><span style=\"color: #000000;\">6 de agosto de 2019<\/span><\/strong><\/td>\n<\/tr>\n<tr>\n<td style=\"width: 178px; text-align: center;\"><strong><span style=\"color: #000000;\">97 y 98<\/span><\/strong><\/td>\n<td style=\"width: 264.82px; text-align: center;\"><strong><span style=\"color: #000000;\">8 de agosto de 2019<\/span><\/strong><\/td>\n<\/tr>\n<tr>\n<td style=\"width: 178px; text-align: center;\"><strong><span style=\"color: #000000;\">95 y 96<\/span><\/strong><\/td>\n<td style=\"width: 264.82px; text-align: center;\"><strong><span style=\"color: #000000;\">9 de agosto de 2019<\/span><\/strong><\/td>\n<\/tr>\n<tr>\n<td style=\"width: 178px; text-align: center;\"><strong><span style=\"color: #000000;\">93 y 94<\/span><\/strong><\/td>\n<td style=\"width: 264.82px; text-align: center;\"><strong><span style=\"color: #000000;\">12 de agosto de 2019<\/span><\/strong><\/td>\n<\/tr>\n<tr>\n<td style=\"width: 178px; text-align: center;\"><strong><span style=\"color: #000000;\">91 y 92<\/span><\/strong><\/td>\n<td style=\"width: 264.82px; text-align: center;\"><strong><span style=\"color: #000000;\">13 de agosto de 2019<\/span><\/strong><\/td>\n<\/tr>\n<tr>\n<td style=\"width: 178px; text-align: center;\"><strong><span style=\"color: #000000;\">89 v 90<\/span><\/strong><\/td>\n<td style=\"width: 264.82px; text-align: center;\"><strong><span style=\"color: #000000;\">14 de agosto de 2019<\/span><\/strong><\/td>\n<\/tr>\n<tr>\n<td style=\"width: 178px; text-align: center;\"><strong><span style=\"color: #000000;\">87 v 88<\/span><\/strong><\/td>\n<td style=\"width: 264.82px; text-align: center;\"><strong><span style=\"color: #000000;\">15 de agosto de 2019<\/span><\/strong><\/td>\n<\/tr>\n<tr>\n<td style=\"width: 178px; text-align: center;\"><strong><span style=\"color: #000000;\">85 v 86<\/span><\/strong><\/td>\n<td style=\"width: 264.82px; text-align: center;\"><strong><span style=\"color: #000000;\">16 de agosto de 2019<\/span><\/strong><\/td>\n<\/tr>\n<tr>\n<td style=\"width: 178px; text-align: center;\"><strong><span style=\"color: #000000;\">83 y 84<\/span><\/strong><\/td>\n<td style=\"width: 264.82px; text-align: center;\"><strong><span style=\"color: #000000;\">20 de agosto de 2019<\/span><\/strong><\/td>\n<\/tr>\n<tr>\n<td style=\"width: 178px; text-align: center;\"><strong><span style=\"color: #000000;\">81 y 82<\/span><\/strong><\/td>\n<td style=\"width: 264.82px; text-align: center;\"><strong><span style=\"color: #000000;\">21 de agosto de 2019<\/span><\/strong><\/td>\n<\/tr>\n<tr>\n<td style=\"width: 178px; text-align: center;\"><strong><span style=\"color: #000000;\">79 y 80<\/span><\/strong><\/td>\n<td style=\"width: 264.82px; text-align: center;\"><strong><span style=\"color: #000000;\">22 de agosto de 2019<\/span><\/strong><\/td>\n<\/tr>\n<tr>\n<td style=\"width: 178px; text-align: center;\"><strong><span style=\"color: #000000;\">77 y 78<\/span><\/strong><\/td>\n<td style=\"width: 264.82px; text-align: center;\"><strong><span style=\"color: #000000;\">23 de agosto de 2019<\/span><\/strong><\/td>\n<\/tr>\n<tr>\n<td style=\"width: 178px; text-align: center;\"><strong><span style=\"color: #000000;\">75 y 76<\/span><\/strong><\/td>\n<td style=\"width: 264.82px; text-align: center;\"><strong><span style=\"color: #000000;\">26 de agosto de 2019<\/span><\/strong><\/td>\n<\/tr>\n<tr>\n<td style=\"width: 178px; text-align: center;\"><strong><span style=\"color: #000000;\">73 y 74<\/span><\/strong><\/td>\n<td style=\"width: 264.82px; text-align: center;\"><strong><span style=\"color: #000000;\">27 de agosto de 2019<\/span><\/strong><\/td>\n<\/tr>\n<tr>\n<td style=\"width: 178px; text-align: center;\"><strong><span style=\"color: #000000;\">71 y 72<\/span><\/strong><\/td>\n<td style=\"width: 264.82px; text-align: center;\"><strong><span style=\"color: #000000;\">28 de agosto de 2019<\/span><\/strong><\/td>\n<\/tr>\n<tr>\n<td style=\"width: 178px; text-align: center;\"><strong><span style=\"color: #000000;\">69 y 70<\/span><\/strong><\/td>\n<td style=\"width: 264.82px; text-align: center;\"><strong><span style=\"color: #000000;\">29 de agosto de 2019<\/span><\/strong><\/td>\n<\/tr>\n<tr>\n<td style=\"width: 178px; text-align: center;\"><strong><span style=\"color: #000000;\">67 y 68<\/span><\/strong><\/td>\n<td style=\"width: 264.82px; text-align: center;\"><strong><span style=\"color: #000000;\">30 de agosto de 2019<\/span><\/strong><\/td>\n<\/tr>\n<tr>\n<td style=\"width: 178px; text-align: center;\"><strong><span style=\"color: #000000;\">65 y 66<\/span><\/strong><\/td>\n<td style=\"width: 264.82px; text-align: center;\"><strong><span style=\"color: #000000;\">2 de septiembre de 2019<\/span><\/strong><\/td>\n<\/tr>\n<tr>\n<td style=\"width: 178px; text-align: center;\"><strong><span style=\"color: #000000;\">63 y 64.<\/span><\/strong><\/td>\n<td style=\"width: 264.82px; text-align: center;\"><strong><span style=\"color: #000000;\">3 de septiembre de 2019<\/span><\/strong><\/td>\n<\/tr>\n<tr>\n<td style=\"width: 178px; text-align: center;\"><strong><span style=\"color: #000000;\">61 y 62<\/span><\/strong><\/td>\n<td style=\"width: 264.82px; text-align: center;\"><strong><span style=\"color: #000000;\">4 de septiembre de 2019<\/span><\/strong><\/td>\n<\/tr>\n<tr>\n<td style=\"width: 178px; text-align: center;\"><strong><span style=\"color: #000000;\">59 y 60<\/span><\/strong><\/td>\n<td style=\"width: 264.82px; text-align: center;\"><strong><span style=\"color: #000000;\">5 de septiembre de 2019<\/span><\/strong><\/td>\n<\/tr>\n<tr>\n<td style=\"width: 178px; text-align: center;\"><strong><span style=\"color: #000000;\">57 y 58<\/span><\/strong><\/td>\n<td style=\"width: 264.82px; text-align: center;\"><strong><span style=\"color: #000000;\">6 de septiembre de 2019<\/span><\/strong><\/td>\n<\/tr>\n<tr>\n<td style=\"width: 178px; text-align: center;\"><strong><span style=\"color: #000000;\">55 y 56<\/span><\/strong><\/td>\n<td style=\"width: 264.82px; text-align: center;\"><strong><span style=\"color: #000000;\">9 de septiembre de 2019<\/span><\/strong><\/td>\n<\/tr>\n<tr>\n<td style=\"width: 178px; text-align: center;\"><strong><span style=\"color: #000000;\">53 y 54<\/span><\/strong><\/td>\n<td style=\"width: 264.82px; text-align: center;\"><strong><span style=\"color: #000000;\">10 de septiembre de 2019<\/span><\/strong><\/td>\n<\/tr>\n<tr>\n<td style=\"width: 178px; text-align: center;\"><strong><span style=\"color: #000000;\">51 y 52<\/span><\/strong><\/td>\n<td style=\"width: 264.82px; text-align: center;\"><strong><span style=\"color: #000000;\">11 de septiembre de 2019<\/span><\/strong><\/td>\n<\/tr>\n<tr>\n<td style=\"width: 178px; text-align: center;\"><strong><span style=\"color: #000000;\">49 y 50<\/span><\/strong><\/td>\n<td style=\"width: 264.82px; text-align: center;\"><strong><span style=\"color: #000000;\">12 de septiembre de 2019<\/span><\/strong><\/td>\n<\/tr>\n<tr>\n<td style=\"width: 178px; text-align: center;\"><strong><span style=\"color: #000000;\">47 y 48<\/span><\/strong><\/td>\n<td style=\"width: 264.82px; text-align: center;\"><strong><span style=\"color: #000000;\">13 de septiembre de 2019<\/span><\/strong><\/td>\n<\/tr>\n<tr>\n<td style=\"width: 178px; text-align: center;\"><strong><span style=\"color: #000000;\">45 y 46<\/span><\/strong><\/td>\n<td style=\"width: 264.82px; text-align: center;\"><strong><span style=\"color: #000000;\">16 de septiembre de 2019<\/span><\/strong><\/td>\n<\/tr>\n<tr>\n<td style=\"width: 178px; text-align: center;\"><strong><span style=\"color: #000000;\">43 y 44<\/span><\/strong><\/td>\n<td style=\"width: 264.82px; text-align: center;\"><strong><span style=\"color: #000000;\">17 de septiembre de 2019<\/span><\/strong><\/td>\n<\/tr>\n<tr>\n<td style=\"width: 178px; text-align: center;\"><strong><span style=\"color: #000000;\">41 y 42<\/span><\/strong><\/td>\n<td style=\"width: 264.82px; text-align: center;\"><strong><span style=\"color: #000000;\">18 de septiembre de 2019<\/span><\/strong><\/td>\n<\/tr>\n<tr>\n<td style=\"width: 178px; text-align: center;\"><strong><span style=\"color: #000000;\">39 y 40<\/span><\/strong><\/td>\n<td style=\"width: 264.82px; text-align: center;\"><strong><span style=\"color: #000000;\">19 de septiembre de 2019<\/span><\/strong><\/td>\n<\/tr>\n<tr>\n<td style=\"width: 178px; text-align: center;\"><strong><span style=\"color: #000000;\">37 y 38<\/span><\/strong><\/td>\n<td style=\"width: 264.82px; text-align: center;\"><strong><span style=\"color: #000000;\">20 de septiembre de 2019<\/span><\/strong><\/td>\n<\/tr>\n<tr>\n<td style=\"width: 178px; text-align: center;\"><strong><span style=\"color: #000000;\">35 y 36<\/span><\/strong><\/td>\n<td style=\"width: 264.82px; text-align: center;\"><strong><span style=\"color: #000000;\">23 de septiembre de 2019<\/span><\/strong><\/td>\n<\/tr>\n<tr>\n<td style=\"width: 178px; text-align: center;\"><strong><span style=\"color: #000000;\">33 y 34<\/span><\/strong><\/td>\n<td style=\"width: 264.82px; text-align: center;\"><strong><span style=\"color: #000000;\">24 de septiembre de 2019<\/span><\/strong><\/td>\n<\/tr>\n<tr>\n<td style=\"width: 178px; text-align: center;\"><strong><span style=\"color: #000000;\">31 y 32<\/span><\/strong><\/td>\n<td style=\"width: 264.82px; text-align: center;\"><strong><span style=\"color: #000000;\">25 de septiembre de 2019<\/span><\/strong><\/td>\n<\/tr>\n<tr>\n<td style=\"width: 178px; text-align: center;\"><strong><span style=\"color: #000000;\">29 y 30<\/span><\/strong><\/td>\n<td style=\"width: 264.82px; text-align: center;\"><strong><span style=\"color: #000000;\">26 de septiembre de 2019<\/span><\/strong><\/td>\n<\/tr>\n<tr>\n<td style=\"width: 178px; text-align: center;\"><strong><span style=\"color: #000000;\">27 y 28<\/span><\/strong><\/td>\n<td style=\"width: 264.82px; text-align: center;\"><strong><span style=\"color: #000000;\">27 de septiembre de 2019<\/span><\/strong><\/td>\n<\/tr>\n<tr>\n<td style=\"width: 178px; text-align: center;\"><strong><span style=\"color: #000000;\">25 y 26<\/span><\/strong><\/td>\n<td style=\"width: 264.82px; text-align: center;\"><strong><span style=\"color: #000000;\">30 de septiembre de 2019<\/span><\/strong><\/td>\n<\/tr>\n<tr>\n<td style=\"width: 178px; text-align: center;\"><strong><span style=\"color: #000000;\">23 y 24<\/span><\/strong><\/td>\n<td style=\"width: 264.82px; text-align: center;\"><strong><span style=\"color: #000000;\">1 de octubre de 2019<\/span><\/strong><\/td>\n<\/tr>\n<tr>\n<td style=\"width: 178px; text-align: center;\"><strong><span style=\"color: #000000;\">21 y 22<\/span><\/strong><\/td>\n<td style=\"width: 264.82px; text-align: center;\"><strong><span style=\"color: #000000;\">2 de octubre de 2019<\/span><\/strong><\/td>\n<\/tr>\n<tr>\n<td style=\"width: 178px; text-align: center;\"><strong><span style=\"color: #000000;\">19 y 20<\/span><\/strong><\/td>\n<td style=\"width: 264.82px; text-align: center;\"><strong><span style=\"color: #000000;\">3 de octubre de 2019<\/span><\/strong><\/td>\n<\/tr>\n<tr>\n<td style=\"width: 178px; text-align: center;\"><strong><span style=\"color: #000000;\">17 y 18<\/span><\/strong><\/td>\n<td style=\"width: 264.82px; text-align: center;\"><strong><span style=\"color: #000000;\">4 de octubre de 2019<\/span><\/strong><\/td>\n<\/tr>\n<tr>\n<td style=\"width: 178px; text-align: center;\"><strong><span style=\"color: #000000;\">15 y 16<\/span><\/strong><\/td>\n<td style=\"width: 264.82px; text-align: center;\"><strong><span style=\"color: #000000;\">7 de octubre de&nbsp;<em>2019<\/em><\/span><\/strong><\/td>\n<\/tr>\n<tr>\n<td style=\"width: 178px; text-align: center;\"><strong><span style=\"color: #000000;\">13 y 14<\/span><\/strong><\/td>\n<td style=\"width: 264.82px; text-align: center;\"><strong><span style=\"color: #000000;\">8 de octubre de 2019<\/span><\/strong><\/td>\n<\/tr>\n<tr>\n<td style=\"width: 178px; text-align: center;\"><strong><span style=\"color: #000000;\">11 y 12<\/span><\/strong><\/td>\n<td style=\"width: 264.82px; text-align: center;\"><strong><span style=\"color: #000000;\">9 de octubre de 2019<\/span><\/strong><\/td>\n<\/tr>\n<tr>\n<td style=\"width: 178px; text-align: center;\"><strong><span style=\"color: #000000;\">09 y 10<\/span><\/strong><\/td>\n<td style=\"width: 264.82px; text-align: center;\"><strong><span style=\"color: #000000;\">10 de octubre de 2019<\/span><\/strong><\/td>\n<\/tr>\n<tr>\n<td style=\"width: 178px; text-align: center;\"><strong><span style=\"color: #000000;\">07 y 08<\/span><\/strong><\/td>\n<td style=\"width: 264.82px; text-align: center;\"><strong><span style=\"color: #000000;\">11 de octubre de 2019<\/span><\/strong><\/td>\n<\/tr>\n<tr>\n<td style=\"width: 178px; text-align: center;\"><strong><span style=\"color: #000000;\">05 y 06<\/span><\/strong><\/td>\n<td style=\"width: 264.82px; text-align: center;\"><strong><span style=\"color: #000000;\">15 de octubre de 2019<\/span><\/strong><\/td>\n<\/tr>\n<tr>\n<td style=\"width: 178px; text-align: center;\"><strong><span style=\"color: #000000;\">03 y 04<\/span><\/strong><\/td>\n<td style=\"width: 264.82px; text-align: center;\"><strong><span style=\"color: #000000;\">16 de octubre de 2019<\/span><\/strong><\/td>\n<\/tr>\n<tr>\n<td style=\"width: 178px; text-align: center;\"><strong><span style=\"color: #000000;\">01 y 02<\/span><\/strong><\/td>\n<td style=\"width: 264.82px; text-align: center;\"><strong><span style=\"color: #000000;\">17 de octubre de 2019<\/span><\/strong><\/td>\n<\/tr>\n<\/tbody>\n<\/table>\n<p style=\"font-weight: 400;\">&nbsp;<\/p>\n<p style=\"font-weight: 400; text-align: justify;\"><strong><span style=\"color: #000000;\"><span style=\"color: #0000ff;\">Par\u00e1grafo.<\/span>&nbsp;Las personas naturales residentes en el exterior deber\u00e1n presentar la declaraci\u00f3n de renta y complementario en forma electr\u00f3nica y dentro de los plazos antes se\u00f1alados. Igualmente, el pago del impuesto y el anticipo podr\u00e1n efectuarlo electr\u00f3nicamente o en los bancos y dem\u00e1s entidades autorizadas en el territorio colombiano dentro del mismo plazo.<\/span><\/strong><\/p>\n<p style=\"text-align: justify;\"><strong><span style=\"color: #000000;\">Par\u00e1grafo 2.&nbsp;Las&nbsp;personas naturales y sucesiones il\u00edquidas de que trata el presente art\u00edculo, que a treinta y uno (31) de diciembre del 2018 pertenecen a la Direcci\u00f3n Seccional de Impuestos y Aduanas de Pasto y a la Direcci\u00f3n Seccional de Impuestos y Aduanas de Popay\u00e1n, tendr\u00e1n plazo para pagar la declaraci\u00f3n del impuesto sobre la renta y complementarios del a\u00f1o gravable 2018, hasta el treinta (30) de diciembre del 2019.<\/span><\/strong><\/p>\n<p style=\"text-align: justify;\"><strong><span style=\"color: #000000;\">Par\u00e1grafo 3.&nbsp;Las personas naturales y sucesiones il\u00edquidas de que trata el presente art\u00edculo, que a treinta y uno (31) de diciembre del 2018 pertenecen a la Direcci\u00f3n Seccional de Impuestos de C\u00facuta, Direcciones Seccionales de Impuestos y Aduanas de Riohacha, Maicao, Valledupar, Arauca y Direcciones Seccionales Delegadas de Impuestos y Aduanas de In\u00edrida y Puerto Carre\u00f1a, tendr\u00e1n plazo para pagar la declaraci\u00f3n del impuesto sobre la renta y complementario del a\u00f1o gravable 2018, hasta el treinta (30) de diciembre del 2019.<\/span><\/strong><\/p>\n<p style=\"text-align: justify;\"><strong><span style=\"color: #000000;\"><em>&nbsp;<\/em><\/span><\/strong><strong><span style=\"color: #000000;\"><em>(Adicionado Par\u00e1grafo 3, por el Art 3 de&nbsp;<a href=\"http:\/\/www.minhacienda.gov.co\/HomeMinhacienda\/ShowProperty?nodeId=\/OCS\/P_MHCP_WCC-144947\">Decreto 651 de 2019<\/a>, Adicionado Par\u00e1grafo 2, por el Art. 4 del&nbsp;<a href=\"http:\/\/www.minhacienda.gov.co\/HomeMinhacienda\/ShowProperty?nodeId=\/OCS\/P_MHCP_WCC-144122\">Decreto 608 de 2019<\/a>, Art. 1,&nbsp;<a href=\"http:\/\/www.minhacienda.gov.co\/HomeMinhacienda\/ShowProperty?nodeId=\/OCS\/P_MHCP_WCC-136870\">Decreto 2442 de 2018<\/a>; Plazos 2018:&nbsp;<a href=\"http:\/\/wcc.minhacienda.gov.co\/cs\/groups\/grupo_sgnorma\/documents\/document\/y2mt\/mdk2\/~edisp\/p_mhcp_wcc-096963.pdf\">Art.1, Decreto 1951 de 2017<\/a>)<\/em><\/span><\/strong><\/p>\n<p style=\"text-align: justify;\"><strong><span style=\"color: #000000;\">Par\u00e1grafo 4.&nbsp;Las personas naturales y sucesiones il\u00edquidas de que trata el presente art\u00edculo, que a treinta y uno (31) de diciembre del 2018 pertenecen a la Direcci\u00f3n Seccional de Impuestos y Aduanas de Villavicencio tendr\u00e1n plazo para pagar la declaraci\u00f3n del impuesto sobre la renta y complementarios del a\u00f1o gravable 2018, hasta el treinta (30) de diciembre del 2019.<\/span><\/strong><\/p>\n<p style=\"text-align: justify;\"><strong><span style=\"color: #000000;\"><em>(Adicionado Art. 1,&nbsp;<a href=\"http:\/\/www.minhacienda.gov.co\/HomeMinhacienda\/ShowProperty?nodeId=\/OCS\/P_MHCP_WCC-147997\">Decreto 1101 de 2019<\/a>)<\/em><\/span><\/strong><\/p>\n<p>&nbsp;<\/p>\n<p style=\"text-align: center;\"><strong><span style=\"color: #000000;\">OTRAS DISPOSICIONES PARA LA PRESENTACI\u00d3N Y PAGO DE LAS<\/span><\/strong><\/p>\n<p style=\"text-align: center;\"><strong><span style=\"color: #000000;\">DECLARACIONES TRIBUTARIAS<\/span><\/strong><\/p>\n<p style=\"text-align: justify;\"><strong><span style=\"color: #000000;\"><span style=\"color: #0000ff;\">Art\u00edculo 1.6.1.13.2.43. Horario declaraciones de presentaci\u00f3n de las declaraciones tributarias y pagos<\/span>. La presentaci\u00f3n de las declaraciones tributarias y el pago de impuestos, anticipos, retenciones, intereses y sanciones que deban realizarse en los bancos y dem\u00e1s entidades autorizadas, se efectuar\u00e1n dentro de los horarios ordinarios de atenci\u00f3n al p\u00fablico se\u00f1alados por la Superintendencia Financiera de Colombia. Cuando los bancos tengan autorizados horarios adicionales, especiales o extendidos, se podr\u00e1n hacer dentro de tales horarios.<\/span><\/strong><\/p>\n<p style=\"text-align: justify;\"><strong><span style=\"color: #000000;\"><span style=\"color: #0000ff;\">Art\u00edculo 1.6.1.13.2.44. Forma de presentar las declaraciones tributarias.<\/span> La presentaci\u00f3n de las declaraciones tributarias en los bancos y dem\u00e1s entidades autorizadas, as\u00ed como las declaraciones que se presenten a trav\u00e9s de los servicios inform\u00e1ticos electr\u00f3nicos, se efectuar\u00e1 diligenciando los formularios oficiales que para el efecto prescriba el Director de la Unidad Administrativa Especial Direcci\u00f3n de Impuestos y Aduanas Nacionales-DIAN.<\/span><\/strong><\/p>\n<p style=\"text-align: justify;\"><strong><span style=\"color: #000000;\">Los anexos, pruebas, relaciones, certificados o documentos adicionales, los deber\u00e1 conservar el declarante por el t\u00e9rmino de firmeza de declaraci\u00f3n de renta y complementario.<\/span><\/strong><\/p>\n<p style=\"text-align: justify;\"><strong><span style=\"color: #000000;\">Cuando se trate de documentos que soportan las declaraciones de IVA y retenci\u00f3n en la fuente, la obligaci\u00f3n de conservar los documentos, informaciones y pruebas por el t\u00e9rmino de firmeza de la declaraci\u00f3n de renta del mismo per\u00edodo.<\/span><\/strong><\/p>\n<p style=\"text-align: justify;\"><strong><span style=\"color: #000000;\">En el caso de los no contribuyentes, tanto declarantes como no declarantes de ingresos y patrimonio, que tengan el de car\u00e1cter agentes retenedores y\/o responsables de IVA, el t\u00e9rmino de conservaci\u00f3n de los documentos, informaciones y pruebas es de cinco (5) a\u00f1os, de conformidad con lo previsto en el art\u00edculo 632 del Estatuto Tributario.<\/span><\/strong><\/p>\n<p style=\"text-align: justify;\"><strong><span style=\"color: #000000;\"><span style=\"color: #0000ff;\">Art\u00edculo 1.6.1.13.2.45. Forma de pago de las obligaciones.<\/span> Las Entidades Financieras autorizadas para recaudar recibir\u00e1n el pago de los impuestos, retenciones, anticipos, tributos aduaneros, sanciones e intereses en materia tributaria, aduanera y cambiar\u00eda, en efectivo, tarjetas d\u00e9bito, tarjeta de cr\u00e9dito o mediante cheque de gerencia o cheque girado sobre la misma plaza de la oficina que lo recibe y \u00fanicamente a la orden de la entidad financiera receptora, cuando sea del caso, o cualquier otro medio de pago como transferencias electr\u00f3nicas o abonos en cuenta, bajo su responsabilidad, a trav\u00e9s de canales presenciales y\/o electr\u00f3nicos.<\/span><\/strong><\/p>\n<p style=\"text-align: justify;\"><strong><span style=\"color: #000000;\">El pago de los impuestos y de la retenci\u00f3n en la fuente por la enajenaci\u00f3n de activos fijos, se podr\u00e1 realizar en efectivo, mediante cheque librado por un establecimiento de cr\u00e9dito sometido control y vigilancia de la Superintendencia Financiera de Colombia, o cualquier otro medio de pago.<\/span><\/strong><\/p>\n<p style=\"text-align: justify;\"><strong><span style=\"color: #000000;\">Par\u00e1grafo. Las entidades financieras autorizadas para recaudar, los notarios y las oficinas de tr\u00e1nsito, bajo su responsabilidad, podr\u00e1n recibir cheques librados en forma distinta a la se\u00f1alada o habilitar cualquier procedimiento que facilite el pago. En estos casos, las entidades mencionadas deber\u00e1n responder por el valor del recaudo, como si este se hubiera pagado en efectivo.<\/span><\/strong><\/p>\n<p style=\"text-align: justify;\"><strong><span style=\"color: #000000;\"><span style=\"color: #0000ff;\">Art\u00edculo 1.6.1.13.2.46. Pago mediante documentos especiales<\/span>. Cuando una norma legal faculte al contribuyente a utilizar t\u00edtulos, bonos, certificados o documentos similares para el pago de impuestos nacionales, la cancelaci\u00f3n se efectuar\u00e1 en la entidad que tenga a su cargo la expedici\u00f3n, administraci\u00f3n y redenci\u00f3n de los t\u00edtulos, bonos, certificados o documentos seg\u00fan el caso de acuerdo con la resoluci\u00f3n que expida el Director de la Unidad Administrativa Especial Direcci\u00f3n Impuestos y Aduanas Nacionales-DIAN.<\/span><\/strong><\/p>\n<p style=\"text-align: justify;\"><strong><span style=\"color: #000000;\">Trat\u00e1ndose de los Bonos de Financiamiento presupuestal o especial que se utilicen para el pago de los impuestos nacionales, la cancelaci\u00f3n deber\u00e1 efectuarse en los bancos autorizados para su emisi\u00f3n y redenci\u00f3n. La cancelaci\u00f3n con Bonos Agrarios se\u00f1alados en la Ley 160 de 1994, deber\u00e1 efectuarse por los tenedores leg\u00edtimos en las oficinas de las entidades bancarias u otras entidades financieras autorizadas para su expedici\u00f3n, administraci\u00f3n y redenci\u00f3n.<\/span><\/strong><\/p>\n<p style=\"text-align: justify;\"><strong><span style=\"color: #000000;\">Cuando se cancelen con T\u00edtulos de Descuento Tributario (TDT), tributos administrados por la Unidad Administrativa Especial Direcci\u00f3n de Impuestos y Aduanas Nacionales-DIAN con excepci\u00f3n del Impuesto sobre Renta y Complementario, deber\u00e1n cumplirse los requisitos establecidos por el Gobierno Nacional mediante reglamento.<\/span><\/strong><\/p>\n<p style=\"text-align: justify;\"><strong><span style=\"color: #000000;\">Para efectos del presente art\u00edculo, deber\u00e1 diligenciarse el recibo oficial de pago en bancos. En estos eventos el formulario de la declaraci\u00f3n tributaria podr\u00e1 presentarse ante cualquiera de los bancos autorizados.<\/span><\/strong><\/p>\n<p style=\"text-align: justify;\"><strong><span style=\"color: #000000;\"><span style=\"color: #0000ff;\">Art\u00edculo 1.6.1.13.2.47. Plazo para el pago de declaraciones tributarias con saldo a pagar inferior a cuarenta y una (41) unidades de valor tributario<\/span> -UVT. El plazo para el pago de las declaraciones tributarias que arrojen un saldo a pagar inferior a cuarenta y una (41) Unidades de Valor Tributario UVT ($ 1.405.000 valor a\u00f1o 2019) a la fecha de su presentaci\u00f3n, vence el mismo d\u00eda del plazo se\u00f1alado para la presentaci\u00f3n de la respectiva declaraci\u00f3n, debiendo cancelarse en una sola cuota.<\/span><\/strong><\/p>\n<p style=\"text-align: justify;\"><strong><span style=\"color: #000000;\"><span style=\"color: #0000ff;\">Art\u00edculo 1.6.1.13.2.48. Identificaci\u00f3n del contribuyente, declarante o responsable.<\/span> Para efectos de la presentaci\u00f3n de las declaraciones tributarias, aduaneras y el pago de las obligaciones reguladas en el presente decreto, el documento de identificaci\u00f3n ser\u00e1 el N\u00famero de Identificaci\u00f3n Tributaria, NIT, asignado por la Unidad&#8217; Administrativa Especial Direcci\u00f3n de Impuestos y Aduanas Nacionales-DIAN, contenido en el Registro \u00danico Tributario -RUT.<\/span><\/strong><\/p>\n<p style=\"text-align: justify;\"><strong><span style=\"color: #000000;\">Para determinar los plazos se\u00f1alados en el presente decreto, no se considera como n\u00famero integrante del NIT, el d\u00edgito de verificaci\u00f3n.<\/span><\/strong><\/p>\n<p style=\"text-align: justify;\"><strong><span style=\"color: #000000;\"><span style=\"color: #0000ff;\">Par\u00e1grafo 1.<\/span> Constituye prueba de la inscripci\u00f3n, actualizaci\u00f3n o cancelaci\u00f3n en el Registro \u00danico Tributario -RUT, el documento que expida la Unidad Administrativa Especial Direcci\u00f3n de Impuestos y Aduanas Nacionales-DIAN o las entidades autorizadas, que corresponde a la primera hoja del formulario oficial previamente validado, en donde conste la leyenda \u00abCERTIFICADO\u00bb.<\/span><\/strong><\/p>\n<p style=\"text-align: justify;\"><strong><span style=\"color: #000000;\">Para los obligados a inscribirse en el Registro \u00danico Tributario -RUT, que realicen este tr\u00e1mite ante las C\u00e1maras de Comercio, constituye prueba de la inscripci\u00f3n el documento que entregue sin costo la respectiva C\u00e1mara de Comercio, en el formulario prescrito por la Unidad Administrativa Especial Direcci\u00f3n de Impuestos y Aduanas Nacionales-DIAN.<\/span><\/strong><\/p>\n<p style=\"text-align: justify;\"><strong><span style=\"color: #000000;\"><span style=\"color: #0000ff;\">Par\u00e1grafo 2.<\/span> Para efectos de las operaciones de importaci\u00f3n, exportaci\u00f3n y tr\u00e1nsito aduanero, no estar\u00e1n obligados a inscribirse en el Registro \u00fanico Tributario -RUT en calidad de usuarios aduaneros:<\/span><\/strong><\/p>\n<p style=\"text-align: justify;\"><strong><span style=\"color: #000000;\">Los extranjeros no residentes, diplom\u00e1ticos, misiones diplom\u00e1ticas, misiones consulares y misiones t\u00e9cnicas acreditadas en Colombia, los sujetos al r\u00e9gimen de menajes y de viajeros, los transportadores internacionales no residentes, las personas naturales destinatarias o remitentes de mercanc\u00edas bajo la modalidad de tr\u00e1fico postal y env\u00edos urgentes, salvo cuando utilicen la modalidad para la importaci\u00f3n y\/o exportaci\u00f3n de expediciones comerciales.<\/span><\/strong><\/p>\n<p style=\"text-align: justify;\"><strong><span style=\"color: #000000;\">Estos usuarios aduaneros podr\u00e1n identificarse con el n\u00famero de pasaporte, n\u00famero de documento de identidad o el n\u00famero del documento que acredita la misi\u00f3n. Lo anterior sin perjuicio de la inscripci\u00f3n que deban cumplir en virtud de otras responsabilidades u obligaciones a que est\u00e9n sujetos.<\/span><\/strong><\/p>\n<p style=\"text-align: justify;\"><strong><span style=\"color: #000000;\"><em>(<a href=\"http:\/\/wcc.minhacienda.gov.co\/cs\/groups\/grupo_sgnorma\/documents\/document\/y2mt\/mdk2\/~edisp\/p_mhcp_wcc-096963.pdf\">Art.1 Decreto 1951 de 2017<\/a>) (<\/em><em>Plazos 2016 y 2017:<\/em><em><a href=\"http:\/\/wp.presidencia.gov.co\/sitios\/normativa\/decretos\/2015\/Decretos2015\/DECRETO%202243%20DEL%2024%20DE%20NOVIEMBRE%20DE%202015.pdf\">Decreto 2243 de 2015<\/a><\/em><em>) (Plazos 2015:&nbsp;<\/em><em><a href=\"http:\/\/www.suin-juriscol.gov.co\/viewDocument.asp?ruta=Decretos\/1474021\">Decreto 2623 de 2014<\/a><\/em><em>; plazos 2014:&nbsp;<\/em><em><a href=\"http:\/\/www.suin-juriscol.gov.co\/viewDocument.asp?ruta=Decretos\/1505211\">Decreto 2972 de 2013<\/a><\/em><em>&nbsp;y&nbsp;<a href=\"http:\/\/www.suin-juriscol.gov.co\/viewDocument.asp?ruta=Decretos\/1146759\">Decreto 685 de 2014<\/a>; plazos 2013:&nbsp;<a href=\"http:\/\/www.suin-juriscol.gov.co\/viewDocument.asp?ruta=Decretos\/1474754\">Decreto 2634 de 2012<\/a>&nbsp;y&nbsp;<a href=\"http:\/\/www.suin-juriscol.gov.co\/viewDocument.asp?ruta=Decretos\/1042514\">Decreto 187 de 2013<\/a>; plazos 2012:&nbsp;<a href=\"http:\/\/www.suin-juriscol.gov.co\/viewDocument.asp?ruta=Decretos\/1553410\">Decreto 4907 de 2011<\/a>; plazos 2011:&nbsp;<a href=\"http:\/\/www.suin-juriscol.gov.co\/viewDocument.asp?ruta=Decretos\/1552486\">Decreto 4836 de 2010<\/a>&nbsp;y&nbsp;<a href=\"http:\/\/www.suin-juriscol.gov.co\/viewDocument.asp?ruta=Decretos\/1273100\">Decreto 1358 de 2011<\/a>)<\/em><\/span><\/strong><\/p>\n<p style=\"text-align: justify;\"><strong><span style=\"color: #000000;\"><span style=\"color: #0000ff;\">Art\u00edculo 1.6.1.13.2.49. Prohibici\u00f3n de exigir declaraci\u00f3n de renta y complementario a los no obligados a declarar<\/span>. Ninguna entidad de derecho p\u00fablico o privado puede exigir la presentaci\u00f3n o exhibici\u00f3n de copia de la declaraci\u00f3n de renta y complementario, a las personas naturales no obligadas a declarar de acuerdo con 10 establecido en los art\u00edculos 592, 593 Y 594-3 del Estatuto Tributario.<\/span><\/strong><\/p>\n<p style=\"text-align: justify;\"><strong><span style=\"color: #000000;\">El impuesto sobre la renta y complementario, a cargo de los contribuyentes no obligados a declarar, es el que resulte de sumar las retenciones en la fuente por todo concepto que deban aplicarse a los pagos o abonos en cuenta, seg\u00fan el caso, realizados al contribuyente durante el respectivo a\u00f1o o per\u00edodo gravable.<\/span><\/strong><\/p>\n<p style=\"text-align: justify;\"><strong><span style=\"color: #000000;\">Las personas naturales residentes en el pa\u00eds a quienes les hayan practicado retenciones en la fuente y que de acuerdo con las disposiciones del Estatuto Tributario no est\u00e9n obligadas a presentar declaraci\u00f3n del impuesto sobre la renta y complementario, podr\u00e1n presentarla. Dicha declaraci\u00f3n produce efectos legales y se regir\u00e1 por lo dispuesto en el Libro I del mencionado Estatuto.<\/span><\/strong><\/p>\n<p>&nbsp;<\/p>\n<p><strong><span style=\"color: #000000;\">Documento elaborado por: MIGUEL ANTONIO M\u00c1RQUEZ MONTA\u00d1EZ<\/span><\/strong><\/p>\n<p style=\"font-weight: 400; text-align: justify;\"><strong><span style=\"color: #000000;\"><em>&nbsp;<\/em><\/span><\/strong><\/p>\n","protected":false},"excerpt":{"rendered":"<p>DECRETO 1625 DE 2016 (Decreto \u00danico Reglamentario en materia tributaria) PLAZOS PARA DECLARAR Y PAGAR EL IMPUESTO SOBRE LA RENTA Y ANTICIPO &nbsp; Art\u00edculo 1.6.1.13.2.15.&nbsp;&nbsp;&nbsp;&nbsp;&nbsp;&nbsp;&nbsp;&nbsp;&nbsp;Declaraci\u00f3n de renta y complementario de&#46;&#46;&#46;<\/p>\n","protected":false},"author":1,"featured_media":6468,"comment_status":"closed","ping_status":"open","sticky":false,"template":"","format":"standard","meta":{"_monsterinsights_skip_tracking":false,"ngg_post_thumbnail":0,"footnotes":"","_links_to":"","_links_to_target":""},"categories":[454,1],"tags":[],"class_list":["post-11217","post","type-post","status-publish","format-standard","has-post-thumbnail","hentry","category-sin-categoria","category-uncategorized"],"aioseo_notices":[],"aioseo_head":"\n\t\t<!-- All in One SEO 5.0.1.1 - aioseo.com -->\n\t<meta name=\"description\" content=\"DECRETO 1625 DE 2016 (Decreto \u00danico Reglamentario en materia tributaria) PLAZOS PARA DECLARAR Y PAGAR EL IMPUESTO SOBRE LA RENTA Y ANTICIPO Art\u00edculo 1.6.1.13.2.15. Declaraci\u00f3n de renta y complementario de personas naturales y sucesiones il\u00edquidas. Por el a\u00f1o gravable 2018 deber\u00e1n presentar la declaraci\u00f3n del impuesto sobre la renta y complementario, por el sistema cedular, en\" \/>\n\t<meta name=\"robots\" content=\"max-image-preview:large\" \/>\n\t<meta name=\"author\" content=\"Miguel Antonio M\u00e1rquez Monta\u00f1ez\"\/>\n\t<link rel=\"canonical\" href=\"https:\/\/contadoreshoy.com\/?p=11217\" \/>\n\t<meta name=\"generator\" content=\"All in One SEO (AIOSEO) 5.0.1.1\" \/>\n\t\t<meta property=\"og:locale\" content=\"es_ES\" \/>\n\t\t<meta property=\"og:site_name\" content=\"Contadores P\u00fablicos - Portal para Contadores P\u00fablicos y empresarios\" \/>\n\t\t<meta property=\"og:type\" content=\"article\" \/>\n\t\t<meta property=\"og:title\" content=\"PLAZOS PARA DECLARAR Y PAGAR EL IMPUESTO SOBRE LA RENTA Y ANTICIPO PERSONAS NATURALES - Contadores P\u00fablicos\" \/>\n\t\t<meta property=\"og:description\" content=\"DECRETO 1625 DE 2016 (Decreto \u00danico Reglamentario en materia tributaria) PLAZOS PARA DECLARAR Y PAGAR EL IMPUESTO SOBRE LA RENTA Y ANTICIPO Art\u00edculo 1.6.1.13.2.15. Declaraci\u00f3n de renta y complementario de personas naturales y sucesiones il\u00edquidas. Por el a\u00f1o gravable 2018 deber\u00e1n presentar la declaraci\u00f3n del impuesto sobre la renta y complementario, por el sistema cedular, en\" \/>\n\t\t<meta property=\"og:url\" content=\"https:\/\/contadoreshoy.com\/?p=11217\" \/>\n\t\t<meta property=\"og:image\" content=\"https:\/\/contadoreshoy.com\/wp-content\/uploads\/2024\/01\/cropped-cropped-cropped-Copia-de-M.jpg\" \/>\n\t\t<meta property=\"og:image:secure_url\" content=\"https:\/\/contadoreshoy.com\/wp-content\/uploads\/2024\/01\/cropped-cropped-cropped-Copia-de-M.jpg\" \/>\n\t\t<meta property=\"og:image:width\" content=\"512\" \/>\n\t\t<meta property=\"og:image:height\" content=\"371\" \/>\n\t\t<meta property=\"article:published_time\" content=\"2018-08-07T20:48:41+00:00\" \/>\n\t\t<meta property=\"article:modified_time\" content=\"2019-07-01T21:59:40+00:00\" \/>\n\t\t<meta name=\"twitter:card\" content=\"summary_large_image\" \/>\n\t\t<meta name=\"twitter:title\" content=\"PLAZOS PARA DECLARAR Y PAGAR EL IMPUESTO SOBRE LA RENTA Y ANTICIPO PERSONAS NATURALES - Contadores P\u00fablicos\" \/>\n\t\t<meta name=\"twitter:description\" content=\"DECRETO 1625 DE 2016 (Decreto \u00danico Reglamentario en materia tributaria) PLAZOS PARA DECLARAR Y PAGAR EL IMPUESTO SOBRE LA RENTA Y ANTICIPO Art\u00edculo 1.6.1.13.2.15. Declaraci\u00f3n de renta y complementario de personas naturales y sucesiones il\u00edquidas. Por el a\u00f1o gravable 2018 deber\u00e1n presentar la declaraci\u00f3n del impuesto sobre la renta y complementario, por el sistema cedular, en\" \/>\n\t\t<meta name=\"twitter:image\" content=\"https:\/\/contadoreshoy.com\/wp-content\/uploads\/2024\/01\/cropped-cropped-cropped-Copia-de-M.jpg\" \/>\n\t\t<script type=\"application\/ld+json\" class=\"aioseo-schema\">\n\t\t\t{\"@context\":\"https:\\\/\\\/schema.org\",\"@graph\":[{\"@type\":\"BlogPosting\",\"@id\":\"https:\\\/\\\/contadoreshoy.com\\\/?p=11217#blogposting\",\"name\":\"PLAZOS PARA DECLARAR Y PAGAR EL IMPUESTO SOBRE LA RENTA Y ANTICIPO PERSONAS NATURALES - Contadores P\\u00fablicos\",\"headline\":\"PLAZOS PARA DECLARAR Y PAGAR EL IMPUESTO SOBRE LA RENTA Y ANTICIPO PERSONAS NATURALES\",\"author\":{\"@id\":\"https:\\\/\\\/contadoreshoy.com\\\/?author=1#author\"},\"publisher\":{\"@id\":\"https:\\\/\\\/contadoreshoy.com\\\/#organization\"},\"image\":{\"@type\":\"ImageObject\",\"url\":\"https:\\\/\\\/contadoreshoy.com\\\/wp-content\\\/uploads\\\/2015\\\/12\\\/calendario-fiscal-mexico.png\",\"width\":600,\"height\":400},\"datePublished\":\"2018-08-07T15:48:41-05:00\",\"dateModified\":\"2019-07-01T16:59:40-05:00\",\"inLanguage\":\"es-ES\",\"mainEntityOfPage\":{\"@id\":\"https:\\\/\\\/contadoreshoy.com\\\/?p=11217#webpage\"},\"isPartOf\":{\"@id\":\"https:\\\/\\\/contadoreshoy.com\\\/?p=11217#webpage\"},\"articleSection\":\"Sin categor\\u00eda, Uncategorized\"},{\"@type\":\"BreadcrumbList\",\"@id\":\"https:\\\/\\\/contadoreshoy.com\\\/?p=11217#breadcrumblist\",\"itemListElement\":[{\"@type\":\"ListItem\",\"@id\":\"https:\\\/\\\/contadoreshoy.com#listItem\",\"position\":1,\"name\":\"Home\",\"item\":\"https:\\\/\\\/contadoreshoy.com\",\"nextItem\":{\"@type\":\"ListItem\",\"@id\":\"https:\\\/\\\/contadoreshoy.com\\\/?cat=1#listItem\",\"name\":\"Uncategorized\"}},{\"@type\":\"ListItem\",\"@id\":\"https:\\\/\\\/contadoreshoy.com\\\/?cat=1#listItem\",\"position\":2,\"name\":\"Uncategorized\",\"item\":\"https:\\\/\\\/contadoreshoy.com\\\/?cat=1\",\"nextItem\":{\"@type\":\"ListItem\",\"@id\":\"https:\\\/\\\/contadoreshoy.com\\\/?p=11217#listItem\",\"name\":\"PLAZOS PARA DECLARAR Y PAGAR EL IMPUESTO SOBRE LA RENTA Y ANTICIPO PERSONAS NATURALES\"},\"previousItem\":{\"@type\":\"ListItem\",\"@id\":\"https:\\\/\\\/contadoreshoy.com#listItem\",\"name\":\"Home\"}},{\"@type\":\"ListItem\",\"@id\":\"https:\\\/\\\/contadoreshoy.com\\\/?p=11217#listItem\",\"position\":3,\"name\":\"PLAZOS PARA DECLARAR Y PAGAR EL IMPUESTO SOBRE LA RENTA Y ANTICIPO PERSONAS NATURALES\",\"previousItem\":{\"@type\":\"ListItem\",\"@id\":\"https:\\\/\\\/contadoreshoy.com\\\/?cat=1#listItem\",\"name\":\"Uncategorized\"}}]},{\"@type\":\"Organization\",\"@id\":\"https:\\\/\\\/contadoreshoy.com\\\/#organization\",\"name\":\"Contadores P\\u00fablicos\",\"description\":\"Portal para Contadores P\\u00fablicos y empresarios\",\"url\":\"https:\\\/\\\/contadoreshoy.com\\\/\",\"logo\":{\"@type\":\"ImageObject\",\"url\":\"https:\\\/\\\/contadoreshoy.com\\\/wp-content\\\/uploads\\\/2024\\\/01\\\/cropped-cropped-Copia-de-M-1.jpg\",\"@id\":\"https:\\\/\\\/contadoreshoy.com\\\/?p=11217\\\/#organizationLogo\",\"width\":499,\"height\":500},\"image\":{\"@id\":\"https:\\\/\\\/contadoreshoy.com\\\/?p=11217\\\/#organizationLogo\"}},{\"@type\":\"Person\",\"@id\":\"https:\\\/\\\/contadoreshoy.com\\\/?author=1#author\",\"url\":\"https:\\\/\\\/contadoreshoy.com\\\/?author=1\",\"name\":\"Miguel Antonio M\\u00e1rquez Monta\\u00f1ez\"},{\"@type\":\"WebPage\",\"@id\":\"https:\\\/\\\/contadoreshoy.com\\\/?p=11217#webpage\",\"url\":\"https:\\\/\\\/contadoreshoy.com\\\/?p=11217\",\"name\":\"PLAZOS PARA DECLARAR Y PAGAR EL IMPUESTO SOBRE LA RENTA Y ANTICIPO PERSONAS NATURALES - Contadores P\\u00fablicos\",\"description\":\"DECRETO 1625 DE 2016 (Decreto \\u00danico Reglamentario en materia tributaria) PLAZOS PARA DECLARAR Y PAGAR EL IMPUESTO SOBRE LA RENTA Y ANTICIPO Art\\u00edculo 1.6.1.13.2.15. Declaraci\\u00f3n de renta y complementario de personas naturales y sucesiones il\\u00edquidas. Por el a\\u00f1o gravable 2018 deber\\u00e1n presentar la declaraci\\u00f3n del impuesto sobre la renta y complementario, por el sistema cedular, en\",\"inLanguage\":\"es-ES\",\"isPartOf\":{\"@id\":\"https:\\\/\\\/contadoreshoy.com\\\/#website\"},\"breadcrumb\":{\"@id\":\"https:\\\/\\\/contadoreshoy.com\\\/?p=11217#breadcrumblist\"},\"author\":{\"@id\":\"https:\\\/\\\/contadoreshoy.com\\\/?author=1#author\"},\"creator\":{\"@id\":\"https:\\\/\\\/contadoreshoy.com\\\/?author=1#author\"},\"image\":{\"@type\":\"ImageObject\",\"url\":\"https:\\\/\\\/contadoreshoy.com\\\/wp-content\\\/uploads\\\/2015\\\/12\\\/calendario-fiscal-mexico.png\",\"@id\":\"https:\\\/\\\/contadoreshoy.com\\\/?p=11217\\\/#mainImage\",\"width\":600,\"height\":400},\"primaryImageOfPage\":{\"@id\":\"https:\\\/\\\/contadoreshoy.com\\\/?p=11217#mainImage\"},\"datePublished\":\"2018-08-07T15:48:41-05:00\",\"dateModified\":\"2019-07-01T16:59:40-05:00\"},{\"@type\":\"WebSite\",\"@id\":\"https:\\\/\\\/contadoreshoy.com\\\/#website\",\"url\":\"https:\\\/\\\/contadoreshoy.com\\\/\",\"name\":\"Contadores P\\u00fablicos\",\"description\":\"Portal para Contadores P\\u00fablicos y empresarios\",\"inLanguage\":\"es-ES\",\"publisher\":{\"@id\":\"https:\\\/\\\/contadoreshoy.com\\\/#organization\"}}]}\n\t\t<\/script>\n\t\t<!-- All in One SEO -->\n\n","aioseo_head_json":{"title":"PLAZOS PARA DECLARAR Y PAGAR EL IMPUESTO SOBRE LA RENTA Y ANTICIPO PERSONAS NATURALES - Contadores P\u00fablicos","description":"DECRETO 1625 DE 2016 (Decreto \u00danico Reglamentario en materia tributaria) PLAZOS PARA DECLARAR Y PAGAR EL IMPUESTO SOBRE LA RENTA Y ANTICIPO Art\u00edculo 1.6.1.13.2.15. Declaraci\u00f3n de renta y complementario de personas naturales y sucesiones il\u00edquidas. Por el a\u00f1o gravable 2018 deber\u00e1n presentar la declaraci\u00f3n del impuesto sobre la renta y complementario, por el sistema cedular, en","canonical_url":"https:\/\/contadoreshoy.com\/?p=11217","robots":"max-image-preview:large","keywords":"","webmasterTools":{"miscellaneous":""},"schema":{"@context":"https:\/\/schema.org","@graph":[{"@type":"BlogPosting","@id":"https:\/\/contadoreshoy.com\/?p=11217#blogposting","name":"PLAZOS PARA DECLARAR Y PAGAR EL IMPUESTO SOBRE LA RENTA Y ANTICIPO PERSONAS NATURALES - Contadores P\u00fablicos","headline":"PLAZOS PARA DECLARAR Y PAGAR EL IMPUESTO SOBRE LA RENTA Y ANTICIPO PERSONAS NATURALES","author":{"@id":"https:\/\/contadoreshoy.com\/?author=1#author"},"publisher":{"@id":"https:\/\/contadoreshoy.com\/#organization"},"image":{"@type":"ImageObject","url":"https:\/\/contadoreshoy.com\/wp-content\/uploads\/2015\/12\/calendario-fiscal-mexico.png","width":600,"height":400},"datePublished":"2018-08-07T15:48:41-05:00","dateModified":"2019-07-01T16:59:40-05:00","inLanguage":"es-ES","mainEntityOfPage":{"@id":"https:\/\/contadoreshoy.com\/?p=11217#webpage"},"isPartOf":{"@id":"https:\/\/contadoreshoy.com\/?p=11217#webpage"},"articleSection":"Sin categor\u00eda, Uncategorized"},{"@type":"BreadcrumbList","@id":"https:\/\/contadoreshoy.com\/?p=11217#breadcrumblist","itemListElement":[{"@type":"ListItem","@id":"https:\/\/contadoreshoy.com#listItem","position":1,"name":"Home","item":"https:\/\/contadoreshoy.com","nextItem":{"@type":"ListItem","@id":"https:\/\/contadoreshoy.com\/?cat=1#listItem","name":"Uncategorized"}},{"@type":"ListItem","@id":"https:\/\/contadoreshoy.com\/?cat=1#listItem","position":2,"name":"Uncategorized","item":"https:\/\/contadoreshoy.com\/?cat=1","nextItem":{"@type":"ListItem","@id":"https:\/\/contadoreshoy.com\/?p=11217#listItem","name":"PLAZOS PARA DECLARAR Y PAGAR EL IMPUESTO SOBRE LA RENTA Y ANTICIPO PERSONAS NATURALES"},"previousItem":{"@type":"ListItem","@id":"https:\/\/contadoreshoy.com#listItem","name":"Home"}},{"@type":"ListItem","@id":"https:\/\/contadoreshoy.com\/?p=11217#listItem","position":3,"name":"PLAZOS PARA DECLARAR Y PAGAR EL IMPUESTO SOBRE LA RENTA Y ANTICIPO PERSONAS NATURALES","previousItem":{"@type":"ListItem","@id":"https:\/\/contadoreshoy.com\/?cat=1#listItem","name":"Uncategorized"}}]},{"@type":"Organization","@id":"https:\/\/contadoreshoy.com\/#organization","name":"Contadores P\u00fablicos","description":"Portal para Contadores P\u00fablicos y empresarios","url":"https:\/\/contadoreshoy.com\/","logo":{"@type":"ImageObject","url":"https:\/\/contadoreshoy.com\/wp-content\/uploads\/2024\/01\/cropped-cropped-Copia-de-M-1.jpg","@id":"https:\/\/contadoreshoy.com\/?p=11217\/#organizationLogo","width":499,"height":500},"image":{"@id":"https:\/\/contadoreshoy.com\/?p=11217\/#organizationLogo"}},{"@type":"Person","@id":"https:\/\/contadoreshoy.com\/?author=1#author","url":"https:\/\/contadoreshoy.com\/?author=1","name":"Miguel Antonio M\u00e1rquez Monta\u00f1ez"},{"@type":"WebPage","@id":"https:\/\/contadoreshoy.com\/?p=11217#webpage","url":"https:\/\/contadoreshoy.com\/?p=11217","name":"PLAZOS PARA DECLARAR Y PAGAR EL IMPUESTO SOBRE LA RENTA Y ANTICIPO PERSONAS NATURALES - Contadores P\u00fablicos","description":"DECRETO 1625 DE 2016 (Decreto \u00danico Reglamentario en materia tributaria) PLAZOS PARA DECLARAR Y PAGAR EL IMPUESTO SOBRE LA RENTA Y ANTICIPO Art\u00edculo 1.6.1.13.2.15. Declaraci\u00f3n de renta y complementario de personas naturales y sucesiones il\u00edquidas. Por el a\u00f1o gravable 2018 deber\u00e1n presentar la declaraci\u00f3n del impuesto sobre la renta y complementario, por el sistema cedular, en","inLanguage":"es-ES","isPartOf":{"@id":"https:\/\/contadoreshoy.com\/#website"},"breadcrumb":{"@id":"https:\/\/contadoreshoy.com\/?p=11217#breadcrumblist"},"author":{"@id":"https:\/\/contadoreshoy.com\/?author=1#author"},"creator":{"@id":"https:\/\/contadoreshoy.com\/?author=1#author"},"image":{"@type":"ImageObject","url":"https:\/\/contadoreshoy.com\/wp-content\/uploads\/2015\/12\/calendario-fiscal-mexico.png","@id":"https:\/\/contadoreshoy.com\/?p=11217\/#mainImage","width":600,"height":400},"primaryImageOfPage":{"@id":"https:\/\/contadoreshoy.com\/?p=11217#mainImage"},"datePublished":"2018-08-07T15:48:41-05:00","dateModified":"2019-07-01T16:59:40-05:00"},{"@type":"WebSite","@id":"https:\/\/contadoreshoy.com\/#website","url":"https:\/\/contadoreshoy.com\/","name":"Contadores P\u00fablicos","description":"Portal para Contadores P\u00fablicos y empresarios","inLanguage":"es-ES","publisher":{"@id":"https:\/\/contadoreshoy.com\/#organization"}}]},"og:locale":"es_ES","og:site_name":"Contadores P\u00fablicos - Portal para Contadores P\u00fablicos y empresarios","og:type":"article","og:title":"PLAZOS PARA DECLARAR Y PAGAR EL IMPUESTO SOBRE LA RENTA Y ANTICIPO PERSONAS NATURALES - Contadores P\u00fablicos","og:description":"DECRETO 1625 DE 2016 (Decreto \u00danico Reglamentario en materia tributaria) PLAZOS PARA DECLARAR Y PAGAR EL IMPUESTO SOBRE LA RENTA Y ANTICIPO Art\u00edculo 1.6.1.13.2.15. Declaraci\u00f3n de renta y complementario de personas naturales y sucesiones il\u00edquidas. Por el a\u00f1o gravable 2018 deber\u00e1n presentar la declaraci\u00f3n del impuesto sobre la renta y complementario, por el sistema cedular, en","og:url":"https:\/\/contadoreshoy.com\/?p=11217","og:image":"https:\/\/contadoreshoy.com\/wp-content\/uploads\/2024\/01\/cropped-cropped-cropped-Copia-de-M.jpg","og:image:secure_url":"https:\/\/contadoreshoy.com\/wp-content\/uploads\/2024\/01\/cropped-cropped-cropped-Copia-de-M.jpg","og:image:width":512,"og:image:height":371,"article:published_time":"2018-08-07T20:48:41+00:00","article:modified_time":"2019-07-01T21:59:40+00:00","twitter:card":"summary_large_image","twitter:title":"PLAZOS PARA DECLARAR Y PAGAR EL IMPUESTO SOBRE LA RENTA Y ANTICIPO PERSONAS NATURALES - Contadores P\u00fablicos","twitter:description":"DECRETO 1625 DE 2016 (Decreto \u00danico Reglamentario en materia tributaria) PLAZOS PARA DECLARAR Y PAGAR EL IMPUESTO SOBRE LA RENTA Y ANTICIPO Art\u00edculo 1.6.1.13.2.15. Declaraci\u00f3n de renta y complementario de personas naturales y sucesiones il\u00edquidas. Por el a\u00f1o gravable 2018 deber\u00e1n presentar la declaraci\u00f3n del impuesto sobre la renta y complementario, por el sistema cedular, en","twitter:image":"https:\/\/contadoreshoy.com\/wp-content\/uploads\/2024\/01\/cropped-cropped-cropped-Copia-de-M.jpg"},"aioseo_meta_data":{"post_id":"11217","title":null,"description":null,"keywords":null,"keyphrases":null,"primary_term":null,"canonical_url":null,"og_title":null,"og_description":null,"og_object_type":"default","og_image_type":"default","og_image_url":null,"og_image_width":null,"og_image_height":null,"og_image_custom_url":null,"og_image_custom_fields":null,"og_video":null,"og_custom_url":null,"og_article_section":null,"og_article_tags":null,"twitter_use_og":false,"twitter_card":"default","twitter_image_type":"default","twitter_image_url":null,"twitter_image_custom_url":null,"twitter_image_custom_fields":null,"twitter_title":null,"twitter_description":null,"schema":{"blockGraphs":[],"customGraphs":[],"default":{"data":{"Article":[],"Course":[],"Dataset":[],"FAQPage":[],"Movie":[],"Person":[],"Product":[],"ProductReview":[],"Car":[],"Recipe":[],"Service":[],"SoftwareApplication":[],"WebPage":[]},"graphName":"","isEnabled":true},"graphs":[]},"schema_type":"default","schema_type_options":null,"pillar_content":false,"robots_default":true,"robots_noindex":false,"robots_noarchive":false,"robots_nosnippet":false,"robots_nofollow":false,"robots_noimageindex":false,"robots_noodp":false,"robots_notranslate":false,"robots_max_snippet":null,"robots_max_videopreview":null,"robots_max_imagepreview":"large","priority":null,"frequency":null,"local_seo":null,"breadcrumb_settings":null,"limit_modified_date":false,"ai":null,"created":"2024-03-05 01:58:42","updated":"2026-03-03 05:12:10","seo_analyzer_scan_date":null,"focus_keyword":null,"additional_keywords":null,"truseo_locale":null},"aioseo_breadcrumb":"<div class=\"aioseo-breadcrumbs\"><span class=\"aioseo-breadcrumb\">\n\t\t\t<a href=\"https:\/\/contadoreshoy.com\" title=\"Home\">Home<\/a>\n\t\t<\/span><span class=\"aioseo-breadcrumb-separator\">&raquo;<\/span><span class=\"aioseo-breadcrumb\">\n\t\t\t<a href=\"https:\/\/contadoreshoy.com\/?cat=1\" title=\"Uncategorized\">Uncategorized<\/a>\n\t\t<\/span><span class=\"aioseo-breadcrumb-separator\">&raquo;<\/span><span class=\"aioseo-breadcrumb\">\n\t\t\tPLAZOS PARA DECLARAR Y PAGAR EL IMPUESTO SOBRE LA RENTA Y ANTICIPO PERSONAS NATURALES\n\t\t<\/span><\/div>","aioseo_breadcrumb_json":[{"label":"Home","link":"https:\/\/contadoreshoy.com"},{"label":"Uncategorized","link":"https:\/\/contadoreshoy.com\/?cat=1"},{"label":"PLAZOS PARA DECLARAR Y PAGAR EL IMPUESTO SOBRE LA RENTA Y ANTICIPO PERSONAS NATURALES","link":"https:\/\/contadoreshoy.com\/?p=11217"}],"yoast_head":"<!-- This site is optimized with the Yoast SEO plugin v28.4 - https:\/\/yoast.com\/product\/yoast-seo-wordpress\/ -->\n<title>PLAZOS PARA DECLARAR Y PAGAR EL IMPUESTO SOBRE LA RENTA Y ANTICIPO PERSONAS NATURALES - Contadores P\u00fablicos<\/title>\n<meta name=\"robots\" content=\"index, follow, max-snippet:-1, max-image-preview:large, max-video-preview:-1\" \/>\n<link rel=\"canonical\" href=\"https:\/\/contadoreshoy.com\/?p=11217\" \/>\n<meta property=\"og:locale\" content=\"es_ES\" \/>\n<meta property=\"og:type\" content=\"article\" \/>\n<meta property=\"og:title\" content=\"PLAZOS PARA DECLARAR Y PAGAR EL IMPUESTO SOBRE LA RENTA Y ANTICIPO PERSONAS NATURALES - Contadores P\u00fablicos\" \/>\n<meta property=\"og:description\" content=\"DECRETO 1625 DE 2016 (Decreto \u00danico Reglamentario en materia tributaria) PLAZOS PARA DECLARAR Y PAGAR EL IMPUESTO SOBRE LA RENTA Y ANTICIPO &nbsp; Art\u00edculo 1.6.1.13.2.15.&nbsp;&nbsp;&nbsp;&nbsp;&nbsp;&nbsp;&nbsp;&nbsp;&nbsp;Declaraci\u00f3n de renta y complementario de&#046;&#046;&#046;\" \/>\n<meta property=\"og:url\" content=\"https:\/\/contadoreshoy.com\/?p=11217\" \/>\n<meta property=\"og:site_name\" content=\"Contadores P\u00fablicos\" \/>\n<meta property=\"article:publisher\" content=\"https:\/\/www.facebook.com\/CCCPBucaramanga\/\" \/>\n<meta property=\"article:published_time\" content=\"2018-08-07T20:48:41+00:00\" \/>\n<meta property=\"article:modified_time\" content=\"2019-07-01T21:59:40+00:00\" \/>\n<meta property=\"og:image\" content=\"https:\/\/contadoreshoy.com\/wp-content\/uploads\/2015\/12\/calendario-fiscal-mexico.png\" \/>\n\t<meta property=\"og:image:width\" content=\"600\" \/>\n\t<meta property=\"og:image:height\" content=\"400\" \/>\n\t<meta property=\"og:image:type\" content=\"image\/png\" \/>\n<meta name=\"author\" content=\"Miguel Antonio M\u00e1rquez Monta\u00f1ez\" \/>\n<meta name=\"twitter:card\" content=\"summary_large_image\" \/>\n<meta name=\"twitter:label1\" content=\"Escrito por\" \/>\n\t<meta name=\"twitter:data1\" content=\"Miguel Antonio M\u00e1rquez Monta\u00f1ez\" \/>\n\t<meta name=\"twitter:label2\" content=\"Tiempo de lectura\" \/>\n\t<meta name=\"twitter:data2\" content=\"11 minutos\" \/>\n<script type=\"application\/ld+json\" class=\"yoast-schema-graph\">{\"@context\":\"https:\\\/\\\/schema.org\",\"@graph\":[{\"@type\":\"Article\",\"@id\":\"https:\\\/\\\/contadoreshoy.com\\\/?p=11217#article\",\"isPartOf\":{\"@id\":\"https:\\\/\\\/contadoreshoy.com\\\/?p=11217\"},\"author\":{\"name\":\"Miguel Antonio M\u00e1rquez Monta\u00f1ez\",\"@id\":\"https:\\\/\\\/contadoreshoy.com\\\/#\\\/schema\\\/person\\\/96d8979cb865537c5dc9345e40089fc5\"},\"headline\":\"PLAZOS PARA DECLARAR Y PAGAR EL IMPUESTO SOBRE LA RENTA Y ANTICIPO PERSONAS NATURALES\",\"datePublished\":\"2018-08-07T20:48:41+00:00\",\"dateModified\":\"2019-07-01T21:59:40+00:00\",\"mainEntityOfPage\":{\"@id\":\"https:\\\/\\\/contadoreshoy.com\\\/?p=11217\"},\"wordCount\":2196,\"publisher\":{\"@id\":\"https:\\\/\\\/contadoreshoy.com\\\/#organization\"},\"image\":{\"@id\":\"https:\\\/\\\/contadoreshoy.com\\\/?p=11217#primaryimage\"},\"thumbnailUrl\":\"https:\\\/\\\/contadoreshoy.com\\\/wp-content\\\/uploads\\\/2015\\\/12\\\/calendario-fiscal-mexico.png\",\"articleSection\":{\"1\":\"Uncategorized\"},\"inLanguage\":\"es\"},{\"@type\":\"WebPage\",\"@id\":\"https:\\\/\\\/contadoreshoy.com\\\/?p=11217\",\"url\":\"https:\\\/\\\/contadoreshoy.com\\\/?p=11217\",\"name\":\"PLAZOS PARA DECLARAR Y PAGAR EL IMPUESTO SOBRE LA RENTA Y ANTICIPO PERSONAS NATURALES - Contadores P\u00fablicos\",\"isPartOf\":{\"@id\":\"https:\\\/\\\/contadoreshoy.com\\\/#website\"},\"primaryImageOfPage\":{\"@id\":\"https:\\\/\\\/contadoreshoy.com\\\/?p=11217#primaryimage\"},\"image\":{\"@id\":\"https:\\\/\\\/contadoreshoy.com\\\/?p=11217#primaryimage\"},\"thumbnailUrl\":\"https:\\\/\\\/contadoreshoy.com\\\/wp-content\\\/uploads\\\/2015\\\/12\\\/calendario-fiscal-mexico.png\",\"datePublished\":\"2018-08-07T20:48:41+00:00\",\"dateModified\":\"2019-07-01T21:59:40+00:00\",\"breadcrumb\":{\"@id\":\"https:\\\/\\\/contadoreshoy.com\\\/?p=11217#breadcrumb\"},\"inLanguage\":\"es\",\"potentialAction\":[{\"@type\":\"ReadAction\",\"target\":[\"https:\\\/\\\/contadoreshoy.com\\\/?p=11217\"]}]},{\"@type\":\"ImageObject\",\"inLanguage\":\"es\",\"@id\":\"https:\\\/\\\/contadoreshoy.com\\\/?p=11217#primaryimage\",\"url\":\"https:\\\/\\\/contadoreshoy.com\\\/wp-content\\\/uploads\\\/2015\\\/12\\\/calendario-fiscal-mexico.png\",\"contentUrl\":\"https:\\\/\\\/contadoreshoy.com\\\/wp-content\\\/uploads\\\/2015\\\/12\\\/calendario-fiscal-mexico.png\",\"width\":600,\"height\":400},{\"@type\":\"BreadcrumbList\",\"@id\":\"https:\\\/\\\/contadoreshoy.com\\\/?p=11217#breadcrumb\",\"itemListElement\":[{\"@type\":\"ListItem\",\"position\":1,\"name\":\"Portada\",\"item\":\"https:\\\/\\\/contadoreshoy.com\\\/\"},{\"@type\":\"ListItem\",\"position\":2,\"name\":\"PLAZOS PARA DECLARAR Y PAGAR EL IMPUESTO SOBRE LA RENTA Y ANTICIPO PERSONAS NATURALES\"}]},{\"@type\":\"WebSite\",\"@id\":\"https:\\\/\\\/contadoreshoy.com\\\/#website\",\"url\":\"https:\\\/\\\/contadoreshoy.com\\\/\",\"name\":\"Contadorespublicossantander\",\"description\":\"Portal para Contadores P\u00fablicos y empresarios\",\"publisher\":{\"@id\":\"https:\\\/\\\/contadoreshoy.com\\\/#organization\"},\"potentialAction\":[{\"@type\":\"SearchAction\",\"target\":{\"@type\":\"EntryPoint\",\"urlTemplate\":\"https:\\\/\\\/contadoreshoy.com\\\/?s={search_term_string}\"},\"query-input\":{\"@type\":\"PropertyValueSpecification\",\"valueRequired\":true,\"valueName\":\"search_term_string\"}}],\"inLanguage\":\"es\"},{\"@type\":\"Organization\",\"@id\":\"https:\\\/\\\/contadoreshoy.com\\\/#organization\",\"name\":\"Contadores P\u00fablicos de Santander\",\"url\":\"https:\\\/\\\/contadoreshoy.com\\\/\",\"logo\":{\"@type\":\"ImageObject\",\"inLanguage\":\"es\",\"@id\":\"https:\\\/\\\/contadoreshoy.com\\\/#\\\/schema\\\/logo\\\/image\\\/\",\"url\":\"https:\\\/\\\/contadoreshoy.com\\\/wp-content\\\/uploads\\\/2024\\\/01\\\/cropped-cropped-Copia-de-M-1.jpg\",\"contentUrl\":\"https:\\\/\\\/contadoreshoy.com\\\/wp-content\\\/uploads\\\/2024\\\/01\\\/cropped-cropped-Copia-de-M-1.jpg\",\"width\":499,\"height\":500,\"caption\":\"Contadores P\u00fablicos de Santander\"},\"image\":{\"@id\":\"https:\\\/\\\/contadoreshoy.com\\\/#\\\/schema\\\/logo\\\/image\\\/\"},\"sameAs\":[\"https:\\\/\\\/www.facebook.com\\\/CCCPBucaramanga\\\/\"]},{\"@type\":\"Person\",\"@id\":\"https:\\\/\\\/contadoreshoy.com\\\/#\\\/schema\\\/person\\\/96d8979cb865537c5dc9345e40089fc5\",\"name\":\"Miguel Antonio M\u00e1rquez Monta\u00f1ez\",\"description\":\"Contador P\u00fablico egresado de la Universidad Aut\u00f3noma de Bucaramanga - Asesor contable tributario con m\u00e1s de 25 a\u00f1os de experiencia - Conferencista en temas contables y tributarios - T\u00e9cnico en Hardware y Dise\u00f1o Web - Creador y director Grupo de Estudio Colegio Colombiano de Contadores P\u00fablicos de Bucaramanga - Creador y Master Web p\u00e1gina www.contadoresp\u00fablicossantander.com - Expresidente Colegio Colombiano de Contadores P\u00fablicos Bucaramanga\",\"url\":\"https:\\\/\\\/contadoreshoy.com\\\/?author=1\"}]}<\/script>\n<!-- \/ Yoast SEO plugin. -->","yoast_head_json":{"title":"PLAZOS PARA DECLARAR Y PAGAR EL IMPUESTO SOBRE LA RENTA Y ANTICIPO PERSONAS NATURALES - Contadores P\u00fablicos","robots":{"index":"index","follow":"follow","max-snippet":"max-snippet:-1","max-image-preview":"max-image-preview:large","max-video-preview":"max-video-preview:-1"},"canonical":"https:\/\/contadoreshoy.com\/?p=11217","og_locale":"es_ES","og_type":"article","og_title":"PLAZOS PARA DECLARAR Y PAGAR EL IMPUESTO SOBRE LA RENTA Y ANTICIPO PERSONAS NATURALES - Contadores P\u00fablicos","og_description":"DECRETO 1625 DE 2016 (Decreto \u00danico Reglamentario en materia tributaria) PLAZOS PARA DECLARAR Y PAGAR EL IMPUESTO SOBRE LA RENTA Y ANTICIPO &nbsp; Art\u00edculo 1.6.1.13.2.15.&nbsp;&nbsp;&nbsp;&nbsp;&nbsp;&nbsp;&nbsp;&nbsp;&nbsp;Declaraci\u00f3n de renta y complementario de&#46;&#46;&#46;","og_url":"https:\/\/contadoreshoy.com\/?p=11217","og_site_name":"Contadores P\u00fablicos","article_publisher":"https:\/\/www.facebook.com\/CCCPBucaramanga\/","article_published_time":"2018-08-07T20:48:41+00:00","article_modified_time":"2019-07-01T21:59:40+00:00","og_image":[{"width":600,"height":400,"url":"https:\/\/contadoreshoy.com\/wp-content\/uploads\/2015\/12\/calendario-fiscal-mexico.png","type":"image\/png"}],"author":"Miguel Antonio M\u00e1rquez Monta\u00f1ez","twitter_card":"summary_large_image","twitter_misc":{"Escrito por":"Miguel Antonio M\u00e1rquez Monta\u00f1ez","Tiempo de lectura":"11 minutos"},"schema":{"@context":"https:\/\/schema.org","@graph":[{"@type":"Article","@id":"https:\/\/contadoreshoy.com\/?p=11217#article","isPartOf":{"@id":"https:\/\/contadoreshoy.com\/?p=11217"},"author":{"name":"Miguel Antonio M\u00e1rquez Monta\u00f1ez","@id":"https:\/\/contadoreshoy.com\/#\/schema\/person\/96d8979cb865537c5dc9345e40089fc5"},"headline":"PLAZOS PARA DECLARAR Y PAGAR EL IMPUESTO SOBRE LA RENTA Y ANTICIPO PERSONAS NATURALES","datePublished":"2018-08-07T20:48:41+00:00","dateModified":"2019-07-01T21:59:40+00:00","mainEntityOfPage":{"@id":"https:\/\/contadoreshoy.com\/?p=11217"},"wordCount":2196,"publisher":{"@id":"https:\/\/contadoreshoy.com\/#organization"},"image":{"@id":"https:\/\/contadoreshoy.com\/?p=11217#primaryimage"},"thumbnailUrl":"https:\/\/contadoreshoy.com\/wp-content\/uploads\/2015\/12\/calendario-fiscal-mexico.png","articleSection":{"1":"Uncategorized"},"inLanguage":"es"},{"@type":"WebPage","@id":"https:\/\/contadoreshoy.com\/?p=11217","url":"https:\/\/contadoreshoy.com\/?p=11217","name":"PLAZOS PARA DECLARAR Y PAGAR EL IMPUESTO SOBRE LA RENTA Y ANTICIPO PERSONAS NATURALES - Contadores P\u00fablicos","isPartOf":{"@id":"https:\/\/contadoreshoy.com\/#website"},"primaryImageOfPage":{"@id":"https:\/\/contadoreshoy.com\/?p=11217#primaryimage"},"image":{"@id":"https:\/\/contadoreshoy.com\/?p=11217#primaryimage"},"thumbnailUrl":"https:\/\/contadoreshoy.com\/wp-content\/uploads\/2015\/12\/calendario-fiscal-mexico.png","datePublished":"2018-08-07T20:48:41+00:00","dateModified":"2019-07-01T21:59:40+00:00","breadcrumb":{"@id":"https:\/\/contadoreshoy.com\/?p=11217#breadcrumb"},"inLanguage":"es","potentialAction":[{"@type":"ReadAction","target":["https:\/\/contadoreshoy.com\/?p=11217"]}]},{"@type":"ImageObject","inLanguage":"es","@id":"https:\/\/contadoreshoy.com\/?p=11217#primaryimage","url":"https:\/\/contadoreshoy.com\/wp-content\/uploads\/2015\/12\/calendario-fiscal-mexico.png","contentUrl":"https:\/\/contadoreshoy.com\/wp-content\/uploads\/2015\/12\/calendario-fiscal-mexico.png","width":600,"height":400},{"@type":"BreadcrumbList","@id":"https:\/\/contadoreshoy.com\/?p=11217#breadcrumb","itemListElement":[{"@type":"ListItem","position":1,"name":"Portada","item":"https:\/\/contadoreshoy.com\/"},{"@type":"ListItem","position":2,"name":"PLAZOS PARA DECLARAR Y PAGAR EL IMPUESTO SOBRE LA RENTA Y ANTICIPO PERSONAS NATURALES"}]},{"@type":"WebSite","@id":"https:\/\/contadoreshoy.com\/#website","url":"https:\/\/contadoreshoy.com\/","name":"Contadorespublicossantander","description":"Portal para Contadores P\u00fablicos y empresarios","publisher":{"@id":"https:\/\/contadoreshoy.com\/#organization"},"potentialAction":[{"@type":"SearchAction","target":{"@type":"EntryPoint","urlTemplate":"https:\/\/contadoreshoy.com\/?s={search_term_string}"},"query-input":{"@type":"PropertyValueSpecification","valueRequired":true,"valueName":"search_term_string"}}],"inLanguage":"es"},{"@type":"Organization","@id":"https:\/\/contadoreshoy.com\/#organization","name":"Contadores P\u00fablicos de Santander","url":"https:\/\/contadoreshoy.com\/","logo":{"@type":"ImageObject","inLanguage":"es","@id":"https:\/\/contadoreshoy.com\/#\/schema\/logo\/image\/","url":"https:\/\/contadoreshoy.com\/wp-content\/uploads\/2024\/01\/cropped-cropped-Copia-de-M-1.jpg","contentUrl":"https:\/\/contadoreshoy.com\/wp-content\/uploads\/2024\/01\/cropped-cropped-Copia-de-M-1.jpg","width":499,"height":500,"caption":"Contadores P\u00fablicos de Santander"},"image":{"@id":"https:\/\/contadoreshoy.com\/#\/schema\/logo\/image\/"},"sameAs":["https:\/\/www.facebook.com\/CCCPBucaramanga\/"]},{"@type":"Person","@id":"https:\/\/contadoreshoy.com\/#\/schema\/person\/96d8979cb865537c5dc9345e40089fc5","name":"Miguel Antonio M\u00e1rquez Monta\u00f1ez","description":"Contador P\u00fablico egresado de la Universidad Aut\u00f3noma de Bucaramanga - Asesor contable tributario con m\u00e1s de 25 a\u00f1os de experiencia - Conferencista en temas contables y tributarios - T\u00e9cnico en Hardware y Dise\u00f1o Web - Creador y director Grupo de Estudio Colegio Colombiano de Contadores P\u00fablicos de Bucaramanga - Creador y Master Web p\u00e1gina www.contadoresp\u00fablicossantander.com - Expresidente Colegio Colombiano de Contadores P\u00fablicos Bucaramanga","url":"https:\/\/contadoreshoy.com\/?author=1"}]}},"_links":{"self":[{"href":"https:\/\/contadoreshoy.com\/index.php?rest_route=\/wp\/v2\/posts\/11217","targetHints":{"allow":["GET"]}}],"collection":[{"href":"https:\/\/contadoreshoy.com\/index.php?rest_route=\/wp\/v2\/posts"}],"about":[{"href":"https:\/\/contadoreshoy.com\/index.php?rest_route=\/wp\/v2\/types\/post"}],"author":[{"embeddable":true,"href":"https:\/\/contadoreshoy.com\/index.php?rest_route=\/wp\/v2\/users\/1"}],"replies":[{"embeddable":true,"href":"https:\/\/contadoreshoy.com\/index.php?rest_route=%2Fwp%2Fv2%2Fcomments&post=11217"}],"version-history":[{"count":3,"href":"https:\/\/contadoreshoy.com\/index.php?rest_route=\/wp\/v2\/posts\/11217\/revisions"}],"predecessor-version":[{"id":11919,"href":"https:\/\/contadoreshoy.com\/index.php?rest_route=\/wp\/v2\/posts\/11217\/revisions\/11919"}],"wp:featuredmedia":[{"embeddable":true,"href":"https:\/\/contadoreshoy.com\/index.php?rest_route=\/wp\/v2\/media\/6468"}],"wp:attachment":[{"href":"https:\/\/contadoreshoy.com\/index.php?rest_route=%2Fwp%2Fv2%2Fmedia&parent=11217"}],"wp:term":[{"taxonomy":"category","embeddable":true,"href":"https:\/\/contadoreshoy.com\/index.php?rest_route=%2Fwp%2Fv2%2Fcategories&post=11217"},{"taxonomy":"post_tag","embeddable":true,"href":"https:\/\/contadoreshoy.com\/index.php?rest_route=%2Fwp%2Fv2%2Ftags&post=11217"}],"curies":[{"name":"wp","href":"https:\/\/api.w.org\/{rel}","templated":true}]}}