{"id":11301,"date":"2018-09-26T22:48:38","date_gmt":"2018-09-27T03:48:38","guid":{"rendered":"https:\/\/contadoreshoy.com\/?p=11301"},"modified":"2018-09-27T14:57:43","modified_gmt":"2018-09-27T19:57:43","slug":"concepto-dian-100208221-1564-septiembre-14-2018-impuesto-la-renta-personas-naturales","status":"publish","type":"post","link":"https:\/\/contadoreshoy.com\/?p=11301","title":{"rendered":"Concepto DIAN 100208221-1564 de septiembre 14 de 2018 &#8211; Impuesto sobre la renta personas naturales"},"content":{"rendered":"<p style=\"text-align: justify;\"><span style=\"color: #000000;\"><strong><a href=\"https:\/\/contadoreshoy.com\/wp-content\/uploads\/2018\/09\/Concepto_1564_adicion_al_concepto_0912.pdf\" target=\"_blank\" rel=\"noopener\">El concepto 100208221-1564 del 24 de septiembre de 2018<\/a>, es una adici\u00f3n al concepto general unificado 0912 del 19 de julio de 2018, sobre el impuesto a la renta de las personas naturales.<\/strong><\/span><\/p>\n<p style=\"text-align: justify;\"><span style=\"color: #0000ff;\"><strong>Algunos de los puntos tratados son los siguientes:<\/strong><\/span><\/p>\n<p style=\"text-align: justify;\"><span style=\"color: #ff0000;\"><strong>1. Posibilidad de generar y compensar p\u00e9rdidas por parte de las personas naturales. <\/strong><\/span><\/p>\n<p style=\"text-align: justify;\"><span style=\"color: #000000;\"><strong>Trat\u00e1ndose de las personas naturales y la posibilidad de compensar p\u00e9rdidas, no obstante que la norma no se refiere a las compensaciones que puedan ser aplicadas a las personas naturales, no implica que a \u00e9stas se les limite su derecho en materia de compensaciones.&nbsp; Se puede afirmar que al igual que las sociedades, las personas naturales dedicadas al comercio, pueden aplicar sus p\u00e9rdidas para efectos de establecer sus utilidades.<\/strong><\/span><\/p>\n<p style=\"text-align: justify;\"><span style=\"color: #000000;\"><strong>El tratamiento fiscal que el Estatuto Tributario da a las p\u00e9rdidas frente al impuesto a la renta, debe ser analizado frente al tipo de contribuyentes que las sufren, los activos&nbsp; sobre los que recaen y las causas de las mismas, de tal forma que si se dan los presupuesto que exige la ley tributaria en cada caso son aceptadas y objeto de deducci\u00f3n.<\/strong><\/span><\/p>\n<p style=\"text-align: justify;\"><span style=\"color: #ff0000;\"><strong>2. Son agentes de retenci\u00f3n todas las personas naturales que realicen pagos por los conceptos se\u00f1alados en el art\u00edculo 383 del E.T. (pagos laborales)? <\/strong><\/span><\/p>\n<p style=\"text-align: justify;\"><span style=\"color: #000000;\"><strong>El art\u00edculo 368-2 del E.T. establece que las personas naturales que tengan la calidad de comerciantes y que en el a\u00f1o inmediatamente anterior tuvieren un patrimonio bruto o unos ingresos brutos superiores a 30.000 UVT, tambi\u00e9n deber\u00e1n practicar retenci\u00f3n en la fuente sobre los pagos o abonos en cuenta que efect\u00faen por los conceptos a los cuales se refieren los art\u00edculo 392, 395 y 401, a las tarifas y seg\u00fan las disposiciones vigentes sobre cada uno de ellos.<\/strong><\/span><\/p>\n<p style=\"text-align: justify;\"><span style=\"color: #000000;\"><strong>Teniendo en cuenta el principio de interpretaci\u00f3n jur\u00eddica establecido en el art\u00edculo 29 del C\u00f3digo Civil seg\u00fan el cual, \u00abcuando el legislador haya definido las palabras expresamente para ciertas materias, se les dar\u00e1 a estas su significado legal\u00bb, las \u00fanicas personas naturales que son agentes de retenci\u00f3n son las que cumplen los requisitos del art\u00edculo 368-2 del E.T.<\/strong><\/span><\/p>\n<p style=\"text-align: justify;\"><span style=\"color: #ff0000;\"><strong>3. Cambio de procedimiento de retenci\u00f3n por ingresos laborales durante el a\u00f1o gravable. <\/strong><\/span><\/p>\n<p style=\"text-align: justify;\"><span style=\"color: #000000;\"><strong>Sobre la posibilidad de cambiar&nbsp; el procedimiento de retenci\u00f3n en la fuente durante el a\u00f1o gravable, se ha interpretado que esto no resulta viable. Lo anterior porque una vez se determina el procedimiento de retenci\u00f3n, esta elecci\u00f3n debe mantenerse por el a\u00f1o gravable correspondiente al periodo del impuesto de renta.<\/strong><\/span><\/p>\n<p style=\"text-align: justify;\"><span style=\"color: #000000;\"><strong>En ese sentido la doctrina ha se\u00f1alado que si bien el periodo de retenci\u00f3n es de mes calendario, al ser un sistema de recaudo a t\u00edtulo de impuesto de renta y complementario, y&nbsp; ser este de periodo, debe seleccionarse uno solo de los procedimientos establecidos por la ley, para ser aplicable durante todo el a\u00f1o.<\/strong><\/span><\/p>\n<p style=\"text-align: justify;\">&nbsp;<\/p>\n<p style=\"text-align: justify;\"><span style=\"color: #000000;\"><strong><a href=\"https:\/\/contadoreshoy.com\/wp-content\/uploads\/2018\/09\/Concepto_1564_adicion_al_concepto_0912.pdf\" target=\"_blank\" rel=\"noopener\">Para ver concepto DIAN 100208221-1564, dar click aqu\u00ed:<\/a><\/strong><\/span><\/p>\n<p><span style=\"color: #ff0000;\"><strong>Documento elaborado por: Miguel Antonio M\u00e1rquez Monta\u00f1ez<\/strong><\/span><\/p>\n","protected":false},"excerpt":{"rendered":"<p>El concepto 100208221-1564 del 24 de septiembre de 2018, es una adici\u00f3n al concepto general unificado 0912 del 19 de julio de 2018, sobre el impuesto a la renta de&#46;&#46;&#46;<\/p>\n","protected":false},"author":1,"featured_media":8835,"comment_status":"closed","ping_status":"open","sticky":false,"template":"","format":"standard","meta":{"_monsterinsights_skip_tracking":false,"ngg_post_thumbnail":0,"footnotes":"","_links_to":"","_links_to_target":""},"categories":[454,458,1],"tags":[],"class_list":["post-11301","post","type-post","status-publish","format-standard","has-post-thumbnail","hentry","category-sin-categoria","category-ultimas","category-uncategorized"],"aioseo_notices":[],"aioseo_head":"\n\t\t<!-- All in One SEO 5.0.1.1 - aioseo.com -->\n\t<meta name=\"description\" content=\"El concepto 100208221-1564 del 24 de septiembre de 2018, es una adici\u00f3n al concepto general unificado 0912 del 19 de julio de 2018, sobre el impuesto a la renta de las personas naturales. Algunos de los puntos tratados son los siguientes: 1. Posibilidad de generar y compensar p\u00e9rdidas por parte de las personas naturales. Trat\u00e1ndose\" \/>\n\t<meta name=\"robots\" content=\"max-image-preview:large\" \/>\n\t<meta name=\"author\" content=\"Miguel Antonio M\u00e1rquez Monta\u00f1ez\"\/>\n\t<link rel=\"canonical\" href=\"https:\/\/contadoreshoy.com\/?p=11301\" \/>\n\t<meta name=\"generator\" content=\"All in One SEO (AIOSEO) 5.0.1.1\" \/>\n\t\t<meta property=\"og:locale\" content=\"es_ES\" \/>\n\t\t<meta property=\"og:site_name\" content=\"Contadores P\u00fablicos - Portal para Contadores P\u00fablicos y empresarios\" \/>\n\t\t<meta property=\"og:type\" content=\"article\" \/>\n\t\t<meta property=\"og:title\" content=\"Concepto DIAN 100208221-1564 de septiembre 14 de 2018 \u2013 Impuesto sobre la renta personas naturales - Contadores P\u00fablicos\" \/>\n\t\t<meta property=\"og:description\" content=\"El concepto 100208221-1564 del 24 de septiembre de 2018, es una adici\u00f3n al concepto general unificado 0912 del 19 de julio de 2018, sobre el impuesto a la renta de las personas naturales. Algunos de los puntos tratados son los siguientes: 1. Posibilidad de generar y compensar p\u00e9rdidas por parte de las personas naturales. Trat\u00e1ndose\" \/>\n\t\t<meta property=\"og:url\" content=\"https:\/\/contadoreshoy.com\/?p=11301\" \/>\n\t\t<meta property=\"og:image\" content=\"https:\/\/contadoreshoy.com\/wp-content\/uploads\/2024\/01\/cropped-cropped-cropped-Copia-de-M.jpg\" \/>\n\t\t<meta property=\"og:image:secure_url\" content=\"https:\/\/contadoreshoy.com\/wp-content\/uploads\/2024\/01\/cropped-cropped-cropped-Copia-de-M.jpg\" \/>\n\t\t<meta property=\"og:image:width\" content=\"512\" \/>\n\t\t<meta property=\"og:image:height\" content=\"371\" \/>\n\t\t<meta property=\"article:published_time\" content=\"2018-09-27T03:48:38+00:00\" \/>\n\t\t<meta property=\"article:modified_time\" content=\"2018-09-27T19:57:43+00:00\" \/>\n\t\t<meta name=\"twitter:card\" content=\"summary_large_image\" \/>\n\t\t<meta name=\"twitter:title\" content=\"Concepto DIAN 100208221-1564 de septiembre 14 de 2018 \u2013 Impuesto sobre la renta personas naturales - Contadores P\u00fablicos\" \/>\n\t\t<meta name=\"twitter:description\" content=\"El concepto 100208221-1564 del 24 de septiembre de 2018, es una adici\u00f3n al concepto general unificado 0912 del 19 de julio de 2018, sobre el impuesto a la renta de las personas naturales. Algunos de los puntos tratados son los siguientes: 1. Posibilidad de generar y compensar p\u00e9rdidas por parte de las personas naturales. Trat\u00e1ndose\" \/>\n\t\t<meta name=\"twitter:image\" content=\"https:\/\/contadoreshoy.com\/wp-content\/uploads\/2024\/01\/cropped-cropped-cropped-Copia-de-M.jpg\" \/>\n\t\t<script type=\"application\/ld+json\" class=\"aioseo-schema\">\n\t\t\t{\"@context\":\"https:\\\/\\\/schema.org\",\"@graph\":[{\"@type\":\"BlogPosting\",\"@id\":\"https:\\\/\\\/contadoreshoy.com\\\/?p=11301#blogposting\",\"name\":\"Concepto DIAN 100208221-1564 de septiembre 14 de 2018 \\u2013 Impuesto sobre la renta personas naturales - Contadores P\\u00fablicos\",\"headline\":\"Concepto DIAN 100208221-1564 de septiembre 14 de 2018 &#8211; Impuesto sobre la renta personas naturales\",\"author\":{\"@id\":\"https:\\\/\\\/contadoreshoy.com\\\/?author=1#author\"},\"publisher\":{\"@id\":\"https:\\\/\\\/contadoreshoy.com\\\/#organization\"},\"image\":{\"@type\":\"ImageObject\",\"url\":\"https:\\\/\\\/contadoreshoy.com\\\/wp-content\\\/uploads\\\/2017\\\/02\\\/Conceptos-DIAN.jpg\",\"width\":600,\"height\":400},\"datePublished\":\"2018-09-26T22:48:38-05:00\",\"dateModified\":\"2018-09-27T14:57:43-05:00\",\"inLanguage\":\"es-ES\",\"mainEntityOfPage\":{\"@id\":\"https:\\\/\\\/contadoreshoy.com\\\/?p=11301#webpage\"},\"isPartOf\":{\"@id\":\"https:\\\/\\\/contadoreshoy.com\\\/?p=11301#webpage\"},\"articleSection\":\"Sin categor\\u00eda, Ultimas Noticias, Uncategorized\"},{\"@type\":\"BreadcrumbList\",\"@id\":\"https:\\\/\\\/contadoreshoy.com\\\/?p=11301#breadcrumblist\",\"itemListElement\":[{\"@type\":\"ListItem\",\"@id\":\"https:\\\/\\\/contadoreshoy.com#listItem\",\"position\":1,\"name\":\"Home\",\"item\":\"https:\\\/\\\/contadoreshoy.com\",\"nextItem\":{\"@type\":\"ListItem\",\"@id\":\"https:\\\/\\\/contadoreshoy.com\\\/?cat=1#listItem\",\"name\":\"Uncategorized\"}},{\"@type\":\"ListItem\",\"@id\":\"https:\\\/\\\/contadoreshoy.com\\\/?cat=1#listItem\",\"position\":2,\"name\":\"Uncategorized\",\"item\":\"https:\\\/\\\/contadoreshoy.com\\\/?cat=1\",\"nextItem\":{\"@type\":\"ListItem\",\"@id\":\"https:\\\/\\\/contadoreshoy.com\\\/?p=11301#listItem\",\"name\":\"Concepto DIAN 100208221-1564 de septiembre 14 de 2018 &#8211; Impuesto sobre la renta personas naturales\"},\"previousItem\":{\"@type\":\"ListItem\",\"@id\":\"https:\\\/\\\/contadoreshoy.com#listItem\",\"name\":\"Home\"}},{\"@type\":\"ListItem\",\"@id\":\"https:\\\/\\\/contadoreshoy.com\\\/?p=11301#listItem\",\"position\":3,\"name\":\"Concepto DIAN 100208221-1564 de septiembre 14 de 2018 &#8211; Impuesto sobre la renta personas naturales\",\"previousItem\":{\"@type\":\"ListItem\",\"@id\":\"https:\\\/\\\/contadoreshoy.com\\\/?cat=1#listItem\",\"name\":\"Uncategorized\"}}]},{\"@type\":\"Organization\",\"@id\":\"https:\\\/\\\/contadoreshoy.com\\\/#organization\",\"name\":\"Contadores P\\u00fablicos\",\"description\":\"Portal para Contadores P\\u00fablicos y empresarios\",\"url\":\"https:\\\/\\\/contadoreshoy.com\\\/\",\"logo\":{\"@type\":\"ImageObject\",\"url\":\"https:\\\/\\\/contadoreshoy.com\\\/wp-content\\\/uploads\\\/2024\\\/01\\\/cropped-cropped-Copia-de-M-1.jpg\",\"@id\":\"https:\\\/\\\/contadoreshoy.com\\\/?p=11301\\\/#organizationLogo\",\"width\":499,\"height\":500},\"image\":{\"@id\":\"https:\\\/\\\/contadoreshoy.com\\\/?p=11301\\\/#organizationLogo\"}},{\"@type\":\"Person\",\"@id\":\"https:\\\/\\\/contadoreshoy.com\\\/?author=1#author\",\"url\":\"https:\\\/\\\/contadoreshoy.com\\\/?author=1\",\"name\":\"Miguel Antonio M\\u00e1rquez Monta\\u00f1ez\"},{\"@type\":\"WebPage\",\"@id\":\"https:\\\/\\\/contadoreshoy.com\\\/?p=11301#webpage\",\"url\":\"https:\\\/\\\/contadoreshoy.com\\\/?p=11301\",\"name\":\"Concepto DIAN 100208221-1564 de septiembre 14 de 2018 \\u2013 Impuesto sobre la renta personas naturales - Contadores P\\u00fablicos\",\"description\":\"El concepto 100208221-1564 del 24 de septiembre de 2018, es una adici\\u00f3n al concepto general unificado 0912 del 19 de julio de 2018, sobre el impuesto a la renta de las personas naturales. Algunos de los puntos tratados son los siguientes: 1. Posibilidad de generar y compensar p\\u00e9rdidas por parte de las personas naturales. Trat\\u00e1ndose\",\"inLanguage\":\"es-ES\",\"isPartOf\":{\"@id\":\"https:\\\/\\\/contadoreshoy.com\\\/#website\"},\"breadcrumb\":{\"@id\":\"https:\\\/\\\/contadoreshoy.com\\\/?p=11301#breadcrumblist\"},\"author\":{\"@id\":\"https:\\\/\\\/contadoreshoy.com\\\/?author=1#author\"},\"creator\":{\"@id\":\"https:\\\/\\\/contadoreshoy.com\\\/?author=1#author\"},\"image\":{\"@type\":\"ImageObject\",\"url\":\"https:\\\/\\\/contadoreshoy.com\\\/wp-content\\\/uploads\\\/2017\\\/02\\\/Conceptos-DIAN.jpg\",\"@id\":\"https:\\\/\\\/contadoreshoy.com\\\/?p=11301\\\/#mainImage\",\"width\":600,\"height\":400},\"primaryImageOfPage\":{\"@id\":\"https:\\\/\\\/contadoreshoy.com\\\/?p=11301#mainImage\"},\"datePublished\":\"2018-09-26T22:48:38-05:00\",\"dateModified\":\"2018-09-27T14:57:43-05:00\"},{\"@type\":\"WebSite\",\"@id\":\"https:\\\/\\\/contadoreshoy.com\\\/#website\",\"url\":\"https:\\\/\\\/contadoreshoy.com\\\/\",\"name\":\"Contadores P\\u00fablicos\",\"description\":\"Portal para Contadores P\\u00fablicos y empresarios\",\"inLanguage\":\"es-ES\",\"publisher\":{\"@id\":\"https:\\\/\\\/contadoreshoy.com\\\/#organization\"}}]}\n\t\t<\/script>\n\t\t<!-- All in One SEO -->\n\n","aioseo_head_json":{"title":"Concepto DIAN 100208221-1564 de septiembre 14 de 2018 \u2013 Impuesto sobre la renta personas naturales - Contadores P\u00fablicos","description":"El concepto 100208221-1564 del 24 de septiembre de 2018, es una adici\u00f3n al concepto general unificado 0912 del 19 de julio de 2018, sobre el impuesto a la renta de las personas naturales. Algunos de los puntos tratados son los siguientes: 1. Posibilidad de generar y compensar p\u00e9rdidas por parte de las personas naturales. Trat\u00e1ndose","canonical_url":"https:\/\/contadoreshoy.com\/?p=11301","robots":"max-image-preview:large","keywords":"","webmasterTools":{"miscellaneous":""},"schema":{"@context":"https:\/\/schema.org","@graph":[{"@type":"BlogPosting","@id":"https:\/\/contadoreshoy.com\/?p=11301#blogposting","name":"Concepto DIAN 100208221-1564 de septiembre 14 de 2018 \u2013 Impuesto sobre la renta personas naturales - Contadores P\u00fablicos","headline":"Concepto DIAN 100208221-1564 de septiembre 14 de 2018 &#8211; Impuesto sobre la renta personas naturales","author":{"@id":"https:\/\/contadoreshoy.com\/?author=1#author"},"publisher":{"@id":"https:\/\/contadoreshoy.com\/#organization"},"image":{"@type":"ImageObject","url":"https:\/\/contadoreshoy.com\/wp-content\/uploads\/2017\/02\/Conceptos-DIAN.jpg","width":600,"height":400},"datePublished":"2018-09-26T22:48:38-05:00","dateModified":"2018-09-27T14:57:43-05:00","inLanguage":"es-ES","mainEntityOfPage":{"@id":"https:\/\/contadoreshoy.com\/?p=11301#webpage"},"isPartOf":{"@id":"https:\/\/contadoreshoy.com\/?p=11301#webpage"},"articleSection":"Sin categor\u00eda, Ultimas Noticias, Uncategorized"},{"@type":"BreadcrumbList","@id":"https:\/\/contadoreshoy.com\/?p=11301#breadcrumblist","itemListElement":[{"@type":"ListItem","@id":"https:\/\/contadoreshoy.com#listItem","position":1,"name":"Home","item":"https:\/\/contadoreshoy.com","nextItem":{"@type":"ListItem","@id":"https:\/\/contadoreshoy.com\/?cat=1#listItem","name":"Uncategorized"}},{"@type":"ListItem","@id":"https:\/\/contadoreshoy.com\/?cat=1#listItem","position":2,"name":"Uncategorized","item":"https:\/\/contadoreshoy.com\/?cat=1","nextItem":{"@type":"ListItem","@id":"https:\/\/contadoreshoy.com\/?p=11301#listItem","name":"Concepto DIAN 100208221-1564 de septiembre 14 de 2018 &#8211; Impuesto sobre la renta personas naturales"},"previousItem":{"@type":"ListItem","@id":"https:\/\/contadoreshoy.com#listItem","name":"Home"}},{"@type":"ListItem","@id":"https:\/\/contadoreshoy.com\/?p=11301#listItem","position":3,"name":"Concepto DIAN 100208221-1564 de septiembre 14 de 2018 &#8211; Impuesto sobre la renta personas naturales","previousItem":{"@type":"ListItem","@id":"https:\/\/contadoreshoy.com\/?cat=1#listItem","name":"Uncategorized"}}]},{"@type":"Organization","@id":"https:\/\/contadoreshoy.com\/#organization","name":"Contadores P\u00fablicos","description":"Portal para Contadores P\u00fablicos y empresarios","url":"https:\/\/contadoreshoy.com\/","logo":{"@type":"ImageObject","url":"https:\/\/contadoreshoy.com\/wp-content\/uploads\/2024\/01\/cropped-cropped-Copia-de-M-1.jpg","@id":"https:\/\/contadoreshoy.com\/?p=11301\/#organizationLogo","width":499,"height":500},"image":{"@id":"https:\/\/contadoreshoy.com\/?p=11301\/#organizationLogo"}},{"@type":"Person","@id":"https:\/\/contadoreshoy.com\/?author=1#author","url":"https:\/\/contadoreshoy.com\/?author=1","name":"Miguel Antonio M\u00e1rquez Monta\u00f1ez"},{"@type":"WebPage","@id":"https:\/\/contadoreshoy.com\/?p=11301#webpage","url":"https:\/\/contadoreshoy.com\/?p=11301","name":"Concepto DIAN 100208221-1564 de septiembre 14 de 2018 \u2013 Impuesto sobre la renta personas naturales - Contadores P\u00fablicos","description":"El concepto 100208221-1564 del 24 de septiembre de 2018, es una adici\u00f3n al concepto general unificado 0912 del 19 de julio de 2018, sobre el impuesto a la renta de las personas naturales. Algunos de los puntos tratados son los siguientes: 1. Posibilidad de generar y compensar p\u00e9rdidas por parte de las personas naturales. Trat\u00e1ndose","inLanguage":"es-ES","isPartOf":{"@id":"https:\/\/contadoreshoy.com\/#website"},"breadcrumb":{"@id":"https:\/\/contadoreshoy.com\/?p=11301#breadcrumblist"},"author":{"@id":"https:\/\/contadoreshoy.com\/?author=1#author"},"creator":{"@id":"https:\/\/contadoreshoy.com\/?author=1#author"},"image":{"@type":"ImageObject","url":"https:\/\/contadoreshoy.com\/wp-content\/uploads\/2017\/02\/Conceptos-DIAN.jpg","@id":"https:\/\/contadoreshoy.com\/?p=11301\/#mainImage","width":600,"height":400},"primaryImageOfPage":{"@id":"https:\/\/contadoreshoy.com\/?p=11301#mainImage"},"datePublished":"2018-09-26T22:48:38-05:00","dateModified":"2018-09-27T14:57:43-05:00"},{"@type":"WebSite","@id":"https:\/\/contadoreshoy.com\/#website","url":"https:\/\/contadoreshoy.com\/","name":"Contadores P\u00fablicos","description":"Portal para Contadores P\u00fablicos y empresarios","inLanguage":"es-ES","publisher":{"@id":"https:\/\/contadoreshoy.com\/#organization"}}]},"og:locale":"es_ES","og:site_name":"Contadores P\u00fablicos - Portal para Contadores P\u00fablicos y empresarios","og:type":"article","og:title":"Concepto DIAN 100208221-1564 de septiembre 14 de 2018 \u2013 Impuesto sobre la renta personas naturales - Contadores P\u00fablicos","og:description":"El concepto 100208221-1564 del 24 de septiembre de 2018, es una adici\u00f3n al concepto general unificado 0912 del 19 de julio de 2018, sobre el impuesto a la renta de las personas naturales. Algunos de los puntos tratados son los siguientes: 1. Posibilidad de generar y compensar p\u00e9rdidas por parte de las personas naturales. Trat\u00e1ndose","og:url":"https:\/\/contadoreshoy.com\/?p=11301","og:image":"https:\/\/contadoreshoy.com\/wp-content\/uploads\/2024\/01\/cropped-cropped-cropped-Copia-de-M.jpg","og:image:secure_url":"https:\/\/contadoreshoy.com\/wp-content\/uploads\/2024\/01\/cropped-cropped-cropped-Copia-de-M.jpg","og:image:width":512,"og:image:height":371,"article:published_time":"2018-09-27T03:48:38+00:00","article:modified_time":"2018-09-27T19:57:43+00:00","twitter:card":"summary_large_image","twitter:title":"Concepto DIAN 100208221-1564 de septiembre 14 de 2018 \u2013 Impuesto sobre la renta personas naturales - Contadores P\u00fablicos","twitter:description":"El concepto 100208221-1564 del 24 de septiembre de 2018, es una adici\u00f3n al concepto general unificado 0912 del 19 de julio de 2018, sobre el impuesto a la renta de las personas naturales. Algunos de los puntos tratados son los siguientes: 1. Posibilidad de generar y compensar p\u00e9rdidas por parte de las personas naturales. Trat\u00e1ndose","twitter:image":"https:\/\/contadoreshoy.com\/wp-content\/uploads\/2024\/01\/cropped-cropped-cropped-Copia-de-M.jpg"},"aioseo_meta_data":{"post_id":"11301","title":null,"description":null,"keywords":null,"keyphrases":null,"primary_term":null,"canonical_url":null,"og_title":null,"og_description":null,"og_object_type":"default","og_image_type":"default","og_image_url":null,"og_image_width":null,"og_image_height":null,"og_image_custom_url":null,"og_image_custom_fields":null,"og_video":null,"og_custom_url":null,"og_article_section":null,"og_article_tags":null,"twitter_use_og":false,"twitter_card":"default","twitter_image_type":"default","twitter_image_url":null,"twitter_image_custom_url":null,"twitter_image_custom_fields":null,"twitter_title":null,"twitter_description":null,"schema":{"blockGraphs":[],"customGraphs":[],"default":{"data":{"Article":[],"Course":[],"Dataset":[],"FAQPage":[],"Movie":[],"Person":[],"Product":[],"ProductReview":[],"Car":[],"Recipe":[],"Service":[],"SoftwareApplication":[],"WebPage":[]},"graphName":"","isEnabled":true},"graphs":[]},"schema_type":"default","schema_type_options":null,"pillar_content":false,"robots_default":true,"robots_noindex":false,"robots_noarchive":false,"robots_nosnippet":false,"robots_nofollow":false,"robots_noimageindex":false,"robots_noodp":false,"robots_notranslate":false,"robots_max_snippet":null,"robots_max_videopreview":null,"robots_max_imagepreview":"large","priority":null,"frequency":null,"local_seo":null,"breadcrumb_settings":null,"limit_modified_date":false,"ai":null,"created":"2024-03-05 02:00:12","updated":"2026-03-03 05:13:03","seo_analyzer_scan_date":null,"focus_keyword":null,"additional_keywords":null,"truseo_locale":null},"aioseo_breadcrumb":"<div class=\"aioseo-breadcrumbs\"><span class=\"aioseo-breadcrumb\">\n\t\t\t<a href=\"https:\/\/contadoreshoy.com\" title=\"Home\">Home<\/a>\n\t\t<\/span><span class=\"aioseo-breadcrumb-separator\">&raquo;<\/span><span class=\"aioseo-breadcrumb\">\n\t\t\t<a href=\"https:\/\/contadoreshoy.com\/?cat=1\" title=\"Uncategorized\">Uncategorized<\/a>\n\t\t<\/span><span class=\"aioseo-breadcrumb-separator\">&raquo;<\/span><span class=\"aioseo-breadcrumb\">\n\t\t\tConcepto DIAN 100208221-1564 de septiembre 14 de 2018 \u2013 Impuesto sobre la renta personas naturales\n\t\t<\/span><\/div>","aioseo_breadcrumb_json":[{"label":"Home","link":"https:\/\/contadoreshoy.com"},{"label":"Uncategorized","link":"https:\/\/contadoreshoy.com\/?cat=1"},{"label":"Concepto DIAN 100208221-1564 de septiembre 14 de 2018 &#8211; Impuesto sobre la renta personas naturales","link":"https:\/\/contadoreshoy.com\/?p=11301"}],"yoast_head":"<!-- This site is optimized with the Yoast SEO plugin v28.4 - https:\/\/yoast.com\/product\/yoast-seo-wordpress\/ -->\n<title>Concepto DIAN 100208221-1564 de septiembre 14 de 2018 - Impuesto sobre la renta personas naturales - Contadores P\u00fablicos<\/title>\n<meta name=\"robots\" content=\"index, follow, max-snippet:-1, max-image-preview:large, max-video-preview:-1\" \/>\n<link rel=\"canonical\" href=\"https:\/\/contadoreshoy.com\/?p=11301\" \/>\n<meta property=\"og:locale\" content=\"es_ES\" \/>\n<meta property=\"og:type\" content=\"article\" \/>\n<meta property=\"og:title\" content=\"Concepto DIAN 100208221-1564 de septiembre 14 de 2018 - Impuesto sobre la renta personas naturales - Contadores P\u00fablicos\" \/>\n<meta property=\"og:description\" content=\"El concepto 100208221-1564 del 24 de septiembre de 2018, es una adici\u00f3n al concepto general unificado 0912 del 19 de julio de 2018, sobre el impuesto a la renta de&#046;&#046;&#046;\" \/>\n<meta property=\"og:url\" content=\"https:\/\/contadoreshoy.com\/?p=11301\" \/>\n<meta property=\"og:site_name\" content=\"Contadores P\u00fablicos\" \/>\n<meta property=\"article:publisher\" content=\"https:\/\/www.facebook.com\/CCCPBucaramanga\/\" \/>\n<meta property=\"article:published_time\" content=\"2018-09-27T03:48:38+00:00\" \/>\n<meta property=\"article:modified_time\" content=\"2018-09-27T19:57:43+00:00\" \/>\n<meta property=\"og:image\" content=\"https:\/\/contadoreshoy.com\/wp-content\/uploads\/2017\/02\/Conceptos-DIAN.jpg\" \/>\n\t<meta property=\"og:image:width\" content=\"600\" \/>\n\t<meta property=\"og:image:height\" content=\"400\" \/>\n\t<meta property=\"og:image:type\" content=\"image\/jpeg\" \/>\n<meta name=\"author\" content=\"Miguel Antonio M\u00e1rquez Monta\u00f1ez\" \/>\n<meta name=\"twitter:card\" content=\"summary_large_image\" \/>\n<meta name=\"twitter:label1\" content=\"Escrito por\" \/>\n\t<meta name=\"twitter:data1\" content=\"Miguel Antonio M\u00e1rquez Monta\u00f1ez\" \/>\n\t<meta name=\"twitter:label2\" content=\"Tiempo de lectura\" \/>\n\t<meta name=\"twitter:data2\" content=\"3 minutos\" \/>\n<script type=\"application\/ld+json\" class=\"yoast-schema-graph\">{\"@context\":\"https:\\\/\\\/schema.org\",\"@graph\":[{\"@type\":\"Article\",\"@id\":\"https:\\\/\\\/contadoreshoy.com\\\/?p=11301#article\",\"isPartOf\":{\"@id\":\"https:\\\/\\\/contadoreshoy.com\\\/?p=11301\"},\"author\":{\"name\":\"Miguel Antonio M\u00e1rquez Monta\u00f1ez\",\"@id\":\"https:\\\/\\\/contadoreshoy.com\\\/#\\\/schema\\\/person\\\/96d8979cb865537c5dc9345e40089fc5\"},\"headline\":\"Concepto DIAN 100208221-1564 de septiembre 14 de 2018 &#8211; Impuesto sobre la renta personas naturales\",\"datePublished\":\"2018-09-27T03:48:38+00:00\",\"dateModified\":\"2018-09-27T19:57:43+00:00\",\"mainEntityOfPage\":{\"@id\":\"https:\\\/\\\/contadoreshoy.com\\\/?p=11301\"},\"wordCount\":524,\"publisher\":{\"@id\":\"https:\\\/\\\/contadoreshoy.com\\\/#organization\"},\"image\":{\"@id\":\"https:\\\/\\\/contadoreshoy.com\\\/?p=11301#primaryimage\"},\"thumbnailUrl\":\"https:\\\/\\\/contadoreshoy.com\\\/wp-content\\\/uploads\\\/2017\\\/02\\\/Conceptos-DIAN.jpg\",\"articleSection\":{\"1\":\"Ultimas Noticias\",\"2\":\"Uncategorized\"},\"inLanguage\":\"es\"},{\"@type\":\"WebPage\",\"@id\":\"https:\\\/\\\/contadoreshoy.com\\\/?p=11301\",\"url\":\"https:\\\/\\\/contadoreshoy.com\\\/?p=11301\",\"name\":\"Concepto DIAN 100208221-1564 de septiembre 14 de 2018 - Impuesto sobre la renta personas naturales - Contadores P\u00fablicos\",\"isPartOf\":{\"@id\":\"https:\\\/\\\/contadoreshoy.com\\\/#website\"},\"primaryImageOfPage\":{\"@id\":\"https:\\\/\\\/contadoreshoy.com\\\/?p=11301#primaryimage\"},\"image\":{\"@id\":\"https:\\\/\\\/contadoreshoy.com\\\/?p=11301#primaryimage\"},\"thumbnailUrl\":\"https:\\\/\\\/contadoreshoy.com\\\/wp-content\\\/uploads\\\/2017\\\/02\\\/Conceptos-DIAN.jpg\",\"datePublished\":\"2018-09-27T03:48:38+00:00\",\"dateModified\":\"2018-09-27T19:57:43+00:00\",\"breadcrumb\":{\"@id\":\"https:\\\/\\\/contadoreshoy.com\\\/?p=11301#breadcrumb\"},\"inLanguage\":\"es\",\"potentialAction\":[{\"@type\":\"ReadAction\",\"target\":[\"https:\\\/\\\/contadoreshoy.com\\\/?p=11301\"]}]},{\"@type\":\"ImageObject\",\"inLanguage\":\"es\",\"@id\":\"https:\\\/\\\/contadoreshoy.com\\\/?p=11301#primaryimage\",\"url\":\"https:\\\/\\\/contadoreshoy.com\\\/wp-content\\\/uploads\\\/2017\\\/02\\\/Conceptos-DIAN.jpg\",\"contentUrl\":\"https:\\\/\\\/contadoreshoy.com\\\/wp-content\\\/uploads\\\/2017\\\/02\\\/Conceptos-DIAN.jpg\",\"width\":600,\"height\":400},{\"@type\":\"BreadcrumbList\",\"@id\":\"https:\\\/\\\/contadoreshoy.com\\\/?p=11301#breadcrumb\",\"itemListElement\":[{\"@type\":\"ListItem\",\"position\":1,\"name\":\"Portada\",\"item\":\"https:\\\/\\\/contadoreshoy.com\\\/\"},{\"@type\":\"ListItem\",\"position\":2,\"name\":\"Concepto DIAN 100208221-1564 de septiembre 14 de 2018 &#8211; Impuesto sobre la renta personas naturales\"}]},{\"@type\":\"WebSite\",\"@id\":\"https:\\\/\\\/contadoreshoy.com\\\/#website\",\"url\":\"https:\\\/\\\/contadoreshoy.com\\\/\",\"name\":\"Contadorespublicossantander\",\"description\":\"Portal para Contadores P\u00fablicos y empresarios\",\"publisher\":{\"@id\":\"https:\\\/\\\/contadoreshoy.com\\\/#organization\"},\"potentialAction\":[{\"@type\":\"SearchAction\",\"target\":{\"@type\":\"EntryPoint\",\"urlTemplate\":\"https:\\\/\\\/contadoreshoy.com\\\/?s={search_term_string}\"},\"query-input\":{\"@type\":\"PropertyValueSpecification\",\"valueRequired\":true,\"valueName\":\"search_term_string\"}}],\"inLanguage\":\"es\"},{\"@type\":\"Organization\",\"@id\":\"https:\\\/\\\/contadoreshoy.com\\\/#organization\",\"name\":\"Contadores P\u00fablicos de Santander\",\"url\":\"https:\\\/\\\/contadoreshoy.com\\\/\",\"logo\":{\"@type\":\"ImageObject\",\"inLanguage\":\"es\",\"@id\":\"https:\\\/\\\/contadoreshoy.com\\\/#\\\/schema\\\/logo\\\/image\\\/\",\"url\":\"https:\\\/\\\/contadoreshoy.com\\\/wp-content\\\/uploads\\\/2024\\\/01\\\/cropped-cropped-Copia-de-M-1.jpg\",\"contentUrl\":\"https:\\\/\\\/contadoreshoy.com\\\/wp-content\\\/uploads\\\/2024\\\/01\\\/cropped-cropped-Copia-de-M-1.jpg\",\"width\":499,\"height\":500,\"caption\":\"Contadores P\u00fablicos de Santander\"},\"image\":{\"@id\":\"https:\\\/\\\/contadoreshoy.com\\\/#\\\/schema\\\/logo\\\/image\\\/\"},\"sameAs\":[\"https:\\\/\\\/www.facebook.com\\\/CCCPBucaramanga\\\/\"]},{\"@type\":\"Person\",\"@id\":\"https:\\\/\\\/contadoreshoy.com\\\/#\\\/schema\\\/person\\\/96d8979cb865537c5dc9345e40089fc5\",\"name\":\"Miguel Antonio M\u00e1rquez Monta\u00f1ez\",\"description\":\"Contador P\u00fablico egresado de la Universidad Aut\u00f3noma de Bucaramanga - Asesor contable tributario con m\u00e1s de 25 a\u00f1os de experiencia - Conferencista en temas contables y tributarios - T\u00e9cnico en Hardware y Dise\u00f1o Web - Creador y director Grupo de Estudio Colegio Colombiano de Contadores P\u00fablicos de Bucaramanga - Creador y Master Web p\u00e1gina www.contadoresp\u00fablicossantander.com - Expresidente Colegio Colombiano de Contadores P\u00fablicos Bucaramanga\",\"url\":\"https:\\\/\\\/contadoreshoy.com\\\/?author=1\"}]}<\/script>\n<!-- \/ Yoast SEO plugin. -->","yoast_head_json":{"title":"Concepto DIAN 100208221-1564 de septiembre 14 de 2018 - Impuesto sobre la renta personas naturales - Contadores P\u00fablicos","robots":{"index":"index","follow":"follow","max-snippet":"max-snippet:-1","max-image-preview":"max-image-preview:large","max-video-preview":"max-video-preview:-1"},"canonical":"https:\/\/contadoreshoy.com\/?p=11301","og_locale":"es_ES","og_type":"article","og_title":"Concepto DIAN 100208221-1564 de septiembre 14 de 2018 - Impuesto sobre la renta personas naturales - Contadores P\u00fablicos","og_description":"El concepto 100208221-1564 del 24 de septiembre de 2018, es una adici\u00f3n al concepto general unificado 0912 del 19 de julio de 2018, sobre el impuesto a la renta de&#46;&#46;&#46;","og_url":"https:\/\/contadoreshoy.com\/?p=11301","og_site_name":"Contadores P\u00fablicos","article_publisher":"https:\/\/www.facebook.com\/CCCPBucaramanga\/","article_published_time":"2018-09-27T03:48:38+00:00","article_modified_time":"2018-09-27T19:57:43+00:00","og_image":[{"width":600,"height":400,"url":"https:\/\/contadoreshoy.com\/wp-content\/uploads\/2017\/02\/Conceptos-DIAN.jpg","type":"image\/jpeg"}],"author":"Miguel Antonio M\u00e1rquez Monta\u00f1ez","twitter_card":"summary_large_image","twitter_misc":{"Escrito por":"Miguel Antonio M\u00e1rquez Monta\u00f1ez","Tiempo de lectura":"3 minutos"},"schema":{"@context":"https:\/\/schema.org","@graph":[{"@type":"Article","@id":"https:\/\/contadoreshoy.com\/?p=11301#article","isPartOf":{"@id":"https:\/\/contadoreshoy.com\/?p=11301"},"author":{"name":"Miguel Antonio M\u00e1rquez Monta\u00f1ez","@id":"https:\/\/contadoreshoy.com\/#\/schema\/person\/96d8979cb865537c5dc9345e40089fc5"},"headline":"Concepto DIAN 100208221-1564 de septiembre 14 de 2018 &#8211; Impuesto sobre la renta personas naturales","datePublished":"2018-09-27T03:48:38+00:00","dateModified":"2018-09-27T19:57:43+00:00","mainEntityOfPage":{"@id":"https:\/\/contadoreshoy.com\/?p=11301"},"wordCount":524,"publisher":{"@id":"https:\/\/contadoreshoy.com\/#organization"},"image":{"@id":"https:\/\/contadoreshoy.com\/?p=11301#primaryimage"},"thumbnailUrl":"https:\/\/contadoreshoy.com\/wp-content\/uploads\/2017\/02\/Conceptos-DIAN.jpg","articleSection":{"1":"Ultimas Noticias","2":"Uncategorized"},"inLanguage":"es"},{"@type":"WebPage","@id":"https:\/\/contadoreshoy.com\/?p=11301","url":"https:\/\/contadoreshoy.com\/?p=11301","name":"Concepto DIAN 100208221-1564 de septiembre 14 de 2018 - Impuesto sobre la renta personas naturales - Contadores P\u00fablicos","isPartOf":{"@id":"https:\/\/contadoreshoy.com\/#website"},"primaryImageOfPage":{"@id":"https:\/\/contadoreshoy.com\/?p=11301#primaryimage"},"image":{"@id":"https:\/\/contadoreshoy.com\/?p=11301#primaryimage"},"thumbnailUrl":"https:\/\/contadoreshoy.com\/wp-content\/uploads\/2017\/02\/Conceptos-DIAN.jpg","datePublished":"2018-09-27T03:48:38+00:00","dateModified":"2018-09-27T19:57:43+00:00","breadcrumb":{"@id":"https:\/\/contadoreshoy.com\/?p=11301#breadcrumb"},"inLanguage":"es","potentialAction":[{"@type":"ReadAction","target":["https:\/\/contadoreshoy.com\/?p=11301"]}]},{"@type":"ImageObject","inLanguage":"es","@id":"https:\/\/contadoreshoy.com\/?p=11301#primaryimage","url":"https:\/\/contadoreshoy.com\/wp-content\/uploads\/2017\/02\/Conceptos-DIAN.jpg","contentUrl":"https:\/\/contadoreshoy.com\/wp-content\/uploads\/2017\/02\/Conceptos-DIAN.jpg","width":600,"height":400},{"@type":"BreadcrumbList","@id":"https:\/\/contadoreshoy.com\/?p=11301#breadcrumb","itemListElement":[{"@type":"ListItem","position":1,"name":"Portada","item":"https:\/\/contadoreshoy.com\/"},{"@type":"ListItem","position":2,"name":"Concepto DIAN 100208221-1564 de septiembre 14 de 2018 &#8211; Impuesto sobre la renta personas naturales"}]},{"@type":"WebSite","@id":"https:\/\/contadoreshoy.com\/#website","url":"https:\/\/contadoreshoy.com\/","name":"Contadorespublicossantander","description":"Portal para Contadores P\u00fablicos y empresarios","publisher":{"@id":"https:\/\/contadoreshoy.com\/#organization"},"potentialAction":[{"@type":"SearchAction","target":{"@type":"EntryPoint","urlTemplate":"https:\/\/contadoreshoy.com\/?s={search_term_string}"},"query-input":{"@type":"PropertyValueSpecification","valueRequired":true,"valueName":"search_term_string"}}],"inLanguage":"es"},{"@type":"Organization","@id":"https:\/\/contadoreshoy.com\/#organization","name":"Contadores P\u00fablicos de Santander","url":"https:\/\/contadoreshoy.com\/","logo":{"@type":"ImageObject","inLanguage":"es","@id":"https:\/\/contadoreshoy.com\/#\/schema\/logo\/image\/","url":"https:\/\/contadoreshoy.com\/wp-content\/uploads\/2024\/01\/cropped-cropped-Copia-de-M-1.jpg","contentUrl":"https:\/\/contadoreshoy.com\/wp-content\/uploads\/2024\/01\/cropped-cropped-Copia-de-M-1.jpg","width":499,"height":500,"caption":"Contadores P\u00fablicos de Santander"},"image":{"@id":"https:\/\/contadoreshoy.com\/#\/schema\/logo\/image\/"},"sameAs":["https:\/\/www.facebook.com\/CCCPBucaramanga\/"]},{"@type":"Person","@id":"https:\/\/contadoreshoy.com\/#\/schema\/person\/96d8979cb865537c5dc9345e40089fc5","name":"Miguel Antonio M\u00e1rquez Monta\u00f1ez","description":"Contador P\u00fablico egresado de la Universidad Aut\u00f3noma de Bucaramanga - Asesor contable tributario con m\u00e1s de 25 a\u00f1os de experiencia - Conferencista en temas contables y tributarios - T\u00e9cnico en Hardware y Dise\u00f1o Web - Creador y director Grupo de Estudio Colegio Colombiano de Contadores P\u00fablicos de Bucaramanga - Creador y Master Web p\u00e1gina www.contadoresp\u00fablicossantander.com - Expresidente Colegio Colombiano de Contadores P\u00fablicos Bucaramanga","url":"https:\/\/contadoreshoy.com\/?author=1"}]}},"_links":{"self":[{"href":"https:\/\/contadoreshoy.com\/index.php?rest_route=\/wp\/v2\/posts\/11301","targetHints":{"allow":["GET"]}}],"collection":[{"href":"https:\/\/contadoreshoy.com\/index.php?rest_route=\/wp\/v2\/posts"}],"about":[{"href":"https:\/\/contadoreshoy.com\/index.php?rest_route=\/wp\/v2\/types\/post"}],"author":[{"embeddable":true,"href":"https:\/\/contadoreshoy.com\/index.php?rest_route=\/wp\/v2\/users\/1"}],"replies":[{"embeddable":true,"href":"https:\/\/contadoreshoy.com\/index.php?rest_route=%2Fwp%2Fv2%2Fcomments&post=11301"}],"version-history":[{"count":9,"href":"https:\/\/contadoreshoy.com\/index.php?rest_route=\/wp\/v2\/posts\/11301\/revisions"}],"predecessor-version":[{"id":11310,"href":"https:\/\/contadoreshoy.com\/index.php?rest_route=\/wp\/v2\/posts\/11301\/revisions\/11310"}],"wp:featuredmedia":[{"embeddable":true,"href":"https:\/\/contadoreshoy.com\/index.php?rest_route=\/wp\/v2\/media\/8835"}],"wp:attachment":[{"href":"https:\/\/contadoreshoy.com\/index.php?rest_route=%2Fwp%2Fv2%2Fmedia&parent=11301"}],"wp:term":[{"taxonomy":"category","embeddable":true,"href":"https:\/\/contadoreshoy.com\/index.php?rest_route=%2Fwp%2Fv2%2Fcategories&post=11301"},{"taxonomy":"post_tag","embeddable":true,"href":"https:\/\/contadoreshoy.com\/index.php?rest_route=%2Fwp%2Fv2%2Ftags&post=11301"}],"curies":[{"name":"wp","href":"https:\/\/api.w.org\/{rel}","templated":true}]}}