{"id":11344,"date":"2018-10-02T21:51:47","date_gmt":"2018-10-03T02:51:47","guid":{"rendered":"https:\/\/contadoreshoy.com\/?p=11344"},"modified":"2018-10-02T21:53:30","modified_gmt":"2018-10-03T02:53:30","slug":"documento-discusion-publica-ctcp-servicios-revisoria-fiscal","status":"publish","type":"post","link":"https:\/\/contadoreshoy.com\/?p=11344","title":{"rendered":"Documento de discusi\u00f3n p\u00fablica CTCP sobre servicios de Revisor\u00eda Fiscal"},"content":{"rendered":"<p style=\"text-align: center;\"><strong><span style=\"color: #000000;\">DOCUMENTO DE DISCUSI\u00d3N P\u00daBLICA PROPUESTA DE MODIFICACI\u00d3N, INCORPORACI\u00d3N DE UN PAR\u00c1GRAFO AL ART\u00cdCULO 5 DEL DECRETO 302 DE 2015, QUE SE ENCUENTRA COMPILADO EN EL ANEXO N\u00b0 4 DEL DECRETO 2420 DE 2015 Y SUS MODIFICATORIOS<\/span><\/strong><\/p>\n<p><span style=\"color: #ff0000;\"><strong>Se invita a todas las partes interesadas a enviar sus comentarios sobre este documento hasta el 15 de octubre de 2018 a las siguientes direcciones: mmedellin@mincit.gov.co, lmoya@mincit.gov.co<\/strong><\/span><\/p>\n<p style=\"text-align: justify;\"><strong><span style=\"color: #000000;\">La NIA 200, establece que \u201ccomo base para la opini\u00f3n del auditor, las NIA&nbsp;requieren que el auditor obtenga una seguridad razonable de que los estados&nbsp;financieros en su conjunto est\u00e1n libres de incorrecci\u00f3n material, debida a fraude o&nbsp;error. Una seguridad razonable es un grado alto de seguridad. Se alcanza cuando el&nbsp;auditor ha obtenido evidencia de auditor\u00eda suficiente y adecuada para reducir el&nbsp;riesgo de auditor\u00eda (es decir, el riesgo de que el auditor exprese una opini\u00f3n inadecuada cuando los estados financieros contengan incorrecciones materiales) a un nivel aceptablemente bajo. <\/span><\/strong><\/p>\n<p style=\"text-align: justify;\"><strong><span style=\"color: #000000;\">No obstante, una seguridad razonable no significa un grado absoluto de seguridad, debido a que existen limitaciones inherentes a la&nbsp;auditor\u00eda que hacen que la mayor parte de la evidencia de auditor\u00eda a partir de la&nbsp;cual el auditor alcanza conclusiones y en la que basa su opini\u00f3n sea m\u00e1s&nbsp;convincente que concluyente. (Ref: Apartados A28\u2013A52)\u201d.<\/span><\/strong><\/p>\n<p style=\"text-align: justify;\"><strong><span style=\"color: #000000;\">En la mayor\u00eda de las entidades en Colombia por costumbre requieren la firma del Revisor Fiscal en los estados financieros intermedios, por tanto, el Contador P\u00fablico que ejerce en calidad de Revisor Fiscal debe incluir adem\u00e1s de la firma de&nbsp;los estados financieros la opini\u00f3n, en este caso ser\u00eda el informe, para considerarse estados financieros dictaminados.<\/span><\/strong><\/p>\n<p style=\"text-align: justify;\"><strong><span style=\"color: #000000;\">Si se llegase a solicitar un dictamen por parte del revisor fiscal de la entidad, es muy probable que suceda que el tiempo para emitir dicho informe no resulte adecuado para alcanzar un nivel de aseguramiento razonable, en raz\u00f3n a lo anterior se hace necesario estipular de forma clara que el revisor fiscal podr\u00eda en un estado financiero intermedio emitir un dictamen teniendo en cuenta las normas que regulan los encargos de seguridad limitada.<\/span><\/strong><\/p>\n<p style=\"text-align: justify;\"><span style=\"color: #ff0000;\"><strong>Propuesta de modificaci\u00f3n, Incorporaci\u00f3n de un par\u00e1grafo al art\u00edculo 5 del Decreto 302 de 2015, que se encuentra compilado en el Anexo N\u00b0 4 del Decreto 2420 de 2015 y sus modificatorios:<\/strong><\/span><\/p>\n<p style=\"text-align: justify;\"><strong><span style=\"color: #000000;\">Par\u00e1grafo: En cumplimiento de los art\u00edculos 4 y 5, cuando un contador p\u00fablico preste servicios de revisor\u00eda fiscal en un cliente, se entender\u00e1 que en sus actuaciones sus informes&nbsp;<\/span><\/strong><strong><span style=\"color: #000000;\">deben contener un encargo de seguridad razonable, con emisi\u00f3n de opini\u00f3n en t\u00e9rminos positivos, en ning\u00fan caso se podr\u00e1 otorgar un nivel de aseguramiento moderado, salvo&nbsp;<\/span><\/strong><strong><span style=\"color: #000000;\">cuando se trate de estados financieros intermedios, en cuyo caso se podr\u00e1 emitir un informe basado en un encargo de seguridad limitada, de conformidad con las normas internacionales de encargos de Revisi\u00f3n (NIER, con un informe en t\u00e9rminos de seguridad negativa). Esta excepci\u00f3n no aplicar\u00e1 para estados financieros requeridos en procesos de&nbsp;<\/span><\/strong><strong><span style=\"color: #000000;\">fusi\u00f3n, escisi\u00f3n u otro proceso de car\u00e1cter especial.<\/span><\/strong><\/p>\n<p style=\"text-align: justify;\"><strong><span style=\"color: #000000;\">Se entiende que la referencia de la ley a \u201cnormas de auditor\u00eda generalmente aceptadas\u201d se refiere a las \u201cnormas de aseguramiento de la informaci\u00f3n\u201d definidas en la ley 1314 de<\/span><\/strong><br \/>\n<strong><span style=\"color: #000000;\">2009 y sus decretos reglamentarios.<\/span><\/strong><\/p>\n<p style=\"text-align: justify;\"><strong><span style=\"color: #000000;\">Se entiende que la referencia de la ley a \u201crevisor fiscal\u201d se refiere a \u201cauditor independiente de la entidad\u201d los decretos reglamentarios de la Ley 1314 de 2009.<\/span><\/strong><\/p>\n<p style=\"text-align: justify;\"><span style=\"color: #0000ff;\"><strong>Preguntas para discusi\u00f3n de las partes interesadas&nbsp;<\/strong><\/span><\/p>\n<p style=\"text-align: justify;\"><strong><span style=\"color: #000000;\">\u00bfEst\u00e1 de acuerdo con la modificaci\u00f3n propuesta? \u00bfPor qu\u00e9 si o por qu\u00e9 no? Si no es as\u00ed, \u00bfQu\u00e9 modificaciones propone y por qu\u00e9?<\/span><\/strong><\/p>\n<p style=\"text-align: justify;\"><span style=\"color: #ff0000;\"><strong>Se invita a todas las partes interesadas a enviar sus comentarios sobre este documento hasta el 15 de octubre de 2018 a las siguientes direcciones: mmedellin@mincit.gov.co, lmoya@mincit.gov.co<\/strong><\/span><\/p>\n<p style=\"text-align: justify;\">&nbsp;<\/p>\n<p style=\"text-align: justify;\"><a href=\"https:\/\/contadoreshoy.com\/wp-content\/uploads\/2018\/10\/CTCP-documento-discusion-publica-Anexo-4-Decreto-2420-2.pdf\" target=\"_blank\" rel=\"noopener\"><strong><span style=\"color: #0000ff;\">PARA VER DOCUMENTO COMPLETO DE DISCUSI\u00d3N P\u00daBLICA PROPUESTA, DAR CLICK AQU\u00cd:<\/span><\/strong><\/a><\/p>\n","protected":false},"excerpt":{"rendered":"<p>DOCUMENTO DE DISCUSI\u00d3N P\u00daBLICA PROPUESTA DE MODIFICACI\u00d3N, INCORPORACI\u00d3N DE UN PAR\u00c1GRAFO AL ART\u00cdCULO 5 DEL DECRETO 302 DE 2015, QUE SE ENCUENTRA COMPILADO EN EL ANEXO N\u00b0 4 DEL DECRETO&#46;&#46;&#46;<\/p>\n","protected":false},"author":1,"featured_media":10508,"comment_status":"closed","ping_status":"open","sticky":false,"template":"","format":"standard","meta":{"_monsterinsights_skip_tracking":false,"ngg_post_thumbnail":0,"footnotes":"","_links_to":"","_links_to_target":""},"categories":[454,458,1],"tags":[],"class_list":["post-11344","post","type-post","status-publish","format-standard","has-post-thumbnail","hentry","category-sin-categoria","category-ultimas","category-uncategorized"],"aioseo_notices":[],"aioseo_head":"\n\t\t<!-- All in One SEO 5.0.1.1 - aioseo.com -->\n\t<meta name=\"description\" content=\"DOCUMENTO DE DISCUSI\u00d3N P\u00daBLICA PROPUESTA DE MODIFICACI\u00d3N, INCORPORACI\u00d3N DE UN PAR\u00c1GRAFO AL ART\u00cdCULO 5 DEL DECRETO 302 DE 2015, QUE SE ENCUENTRA COMPILADO EN EL ANEXO N\u00b0 4 DEL DECRETO 2420 DE 2015 Y SUS MODIFICATORIOS Se invita a todas las partes interesadas a enviar sus comentarios sobre este documento hasta el 15 de octubre\" \/>\n\t<meta name=\"robots\" content=\"max-image-preview:large\" \/>\n\t<meta name=\"author\" content=\"Miguel Antonio M\u00e1rquez Monta\u00f1ez\"\/>\n\t<link rel=\"canonical\" href=\"https:\/\/contadoreshoy.com\/?p=11344\" \/>\n\t<meta name=\"generator\" content=\"All in One SEO (AIOSEO) 5.0.1.1\" \/>\n\t\t<meta property=\"og:locale\" content=\"es_ES\" \/>\n\t\t<meta property=\"og:site_name\" content=\"Contadores P\u00fablicos - Portal para Contadores P\u00fablicos y empresarios\" \/>\n\t\t<meta property=\"og:type\" content=\"article\" \/>\n\t\t<meta property=\"og:title\" content=\"Documento de discusi\u00f3n p\u00fablica CTCP sobre servicios de Revisor\u00eda Fiscal - Contadores P\u00fablicos\" \/>\n\t\t<meta property=\"og:description\" content=\"DOCUMENTO DE DISCUSI\u00d3N P\u00daBLICA PROPUESTA DE MODIFICACI\u00d3N, INCORPORACI\u00d3N DE UN PAR\u00c1GRAFO AL ART\u00cdCULO 5 DEL DECRETO 302 DE 2015, QUE SE ENCUENTRA COMPILADO EN EL ANEXO N\u00b0 4 DEL DECRETO 2420 DE 2015 Y SUS MODIFICATORIOS Se invita a todas las partes interesadas a enviar sus comentarios sobre este documento hasta el 15 de octubre\" \/>\n\t\t<meta property=\"og:url\" content=\"https:\/\/contadoreshoy.com\/?p=11344\" \/>\n\t\t<meta property=\"og:image\" content=\"https:\/\/contadoreshoy.com\/wp-content\/uploads\/2024\/01\/cropped-cropped-cropped-Copia-de-M.jpg\" \/>\n\t\t<meta property=\"og:image:secure_url\" content=\"https:\/\/contadoreshoy.com\/wp-content\/uploads\/2024\/01\/cropped-cropped-cropped-Copia-de-M.jpg\" \/>\n\t\t<meta property=\"og:image:width\" content=\"512\" \/>\n\t\t<meta property=\"og:image:height\" content=\"371\" \/>\n\t\t<meta property=\"article:published_time\" content=\"2018-10-03T02:51:47+00:00\" \/>\n\t\t<meta property=\"article:modified_time\" content=\"2018-10-03T02:53:30+00:00\" \/>\n\t\t<meta name=\"twitter:card\" content=\"summary_large_image\" \/>\n\t\t<meta name=\"twitter:title\" content=\"Documento de discusi\u00f3n p\u00fablica CTCP sobre servicios de Revisor\u00eda Fiscal - Contadores P\u00fablicos\" \/>\n\t\t<meta name=\"twitter:description\" content=\"DOCUMENTO DE DISCUSI\u00d3N P\u00daBLICA PROPUESTA DE MODIFICACI\u00d3N, INCORPORACI\u00d3N DE UN PAR\u00c1GRAFO AL ART\u00cdCULO 5 DEL DECRETO 302 DE 2015, QUE SE ENCUENTRA COMPILADO EN EL ANEXO N\u00b0 4 DEL DECRETO 2420 DE 2015 Y SUS MODIFICATORIOS Se invita a todas las partes interesadas a enviar sus comentarios sobre este documento hasta el 15 de octubre\" \/>\n\t\t<meta name=\"twitter:image\" content=\"https:\/\/contadoreshoy.com\/wp-content\/uploads\/2024\/01\/cropped-cropped-cropped-Copia-de-M.jpg\" \/>\n\t\t<script type=\"application\/ld+json\" class=\"aioseo-schema\">\n\t\t\t{\"@context\":\"https:\\\/\\\/schema.org\",\"@graph\":[{\"@type\":\"BlogPosting\",\"@id\":\"https:\\\/\\\/contadoreshoy.com\\\/?p=11344#blogposting\",\"name\":\"Documento de discusi\\u00f3n p\\u00fablica CTCP sobre servicios de Revisor\\u00eda Fiscal - Contadores P\\u00fablicos\",\"headline\":\"Documento de discusi\\u00f3n p\\u00fablica CTCP sobre servicios de Revisor\\u00eda Fiscal\",\"author\":{\"@id\":\"https:\\\/\\\/contadoreshoy.com\\\/?author=1#author\"},\"publisher\":{\"@id\":\"https:\\\/\\\/contadoreshoy.com\\\/#organization\"},\"image\":{\"@type\":\"ImageObject\",\"url\":\"https:\\\/\\\/contadoreshoy.com\\\/wp-content\\\/uploads\\\/2018\\\/01\\\/CIFRAS-2018.jpg\",\"width\":800,\"height\":600},\"datePublished\":\"2018-10-02T21:51:47-05:00\",\"dateModified\":\"2018-10-02T21:53:30-05:00\",\"inLanguage\":\"es-ES\",\"mainEntityOfPage\":{\"@id\":\"https:\\\/\\\/contadoreshoy.com\\\/?p=11344#webpage\"},\"isPartOf\":{\"@id\":\"https:\\\/\\\/contadoreshoy.com\\\/?p=11344#webpage\"},\"articleSection\":\"Sin categor\\u00eda, Ultimas Noticias, Uncategorized\"},{\"@type\":\"BreadcrumbList\",\"@id\":\"https:\\\/\\\/contadoreshoy.com\\\/?p=11344#breadcrumblist\",\"itemListElement\":[{\"@type\":\"ListItem\",\"@id\":\"https:\\\/\\\/contadoreshoy.com#listItem\",\"position\":1,\"name\":\"Home\",\"item\":\"https:\\\/\\\/contadoreshoy.com\",\"nextItem\":{\"@type\":\"ListItem\",\"@id\":\"https:\\\/\\\/contadoreshoy.com\\\/?cat=1#listItem\",\"name\":\"Uncategorized\"}},{\"@type\":\"ListItem\",\"@id\":\"https:\\\/\\\/contadoreshoy.com\\\/?cat=1#listItem\",\"position\":2,\"name\":\"Uncategorized\",\"item\":\"https:\\\/\\\/contadoreshoy.com\\\/?cat=1\",\"nextItem\":{\"@type\":\"ListItem\",\"@id\":\"https:\\\/\\\/contadoreshoy.com\\\/?p=11344#listItem\",\"name\":\"Documento de discusi\\u00f3n p\\u00fablica CTCP sobre servicios de Revisor\\u00eda Fiscal\"},\"previousItem\":{\"@type\":\"ListItem\",\"@id\":\"https:\\\/\\\/contadoreshoy.com#listItem\",\"name\":\"Home\"}},{\"@type\":\"ListItem\",\"@id\":\"https:\\\/\\\/contadoreshoy.com\\\/?p=11344#listItem\",\"position\":3,\"name\":\"Documento de discusi\\u00f3n p\\u00fablica CTCP sobre servicios de Revisor\\u00eda Fiscal\",\"previousItem\":{\"@type\":\"ListItem\",\"@id\":\"https:\\\/\\\/contadoreshoy.com\\\/?cat=1#listItem\",\"name\":\"Uncategorized\"}}]},{\"@type\":\"Organization\",\"@id\":\"https:\\\/\\\/contadoreshoy.com\\\/#organization\",\"name\":\"Contadores P\\u00fablicos\",\"description\":\"Portal para Contadores P\\u00fablicos y empresarios\",\"url\":\"https:\\\/\\\/contadoreshoy.com\\\/\",\"logo\":{\"@type\":\"ImageObject\",\"url\":\"https:\\\/\\\/contadoreshoy.com\\\/wp-content\\\/uploads\\\/2024\\\/01\\\/cropped-cropped-Copia-de-M-1.jpg\",\"@id\":\"https:\\\/\\\/contadoreshoy.com\\\/?p=11344\\\/#organizationLogo\",\"width\":499,\"height\":500},\"image\":{\"@id\":\"https:\\\/\\\/contadoreshoy.com\\\/?p=11344\\\/#organizationLogo\"}},{\"@type\":\"Person\",\"@id\":\"https:\\\/\\\/contadoreshoy.com\\\/?author=1#author\",\"url\":\"https:\\\/\\\/contadoreshoy.com\\\/?author=1\",\"name\":\"Miguel Antonio M\\u00e1rquez Monta\\u00f1ez\"},{\"@type\":\"WebPage\",\"@id\":\"https:\\\/\\\/contadoreshoy.com\\\/?p=11344#webpage\",\"url\":\"https:\\\/\\\/contadoreshoy.com\\\/?p=11344\",\"name\":\"Documento de discusi\\u00f3n p\\u00fablica CTCP sobre servicios de Revisor\\u00eda Fiscal - Contadores P\\u00fablicos\",\"description\":\"DOCUMENTO DE DISCUSI\\u00d3N P\\u00daBLICA PROPUESTA DE MODIFICACI\\u00d3N, INCORPORACI\\u00d3N DE UN PAR\\u00c1GRAFO AL ART\\u00cdCULO 5 DEL DECRETO 302 DE 2015, QUE SE ENCUENTRA COMPILADO EN EL ANEXO N\\u00b0 4 DEL DECRETO 2420 DE 2015 Y SUS MODIFICATORIOS Se invita a todas las partes interesadas a enviar sus comentarios sobre este documento hasta el 15 de octubre\",\"inLanguage\":\"es-ES\",\"isPartOf\":{\"@id\":\"https:\\\/\\\/contadoreshoy.com\\\/#website\"},\"breadcrumb\":{\"@id\":\"https:\\\/\\\/contadoreshoy.com\\\/?p=11344#breadcrumblist\"},\"author\":{\"@id\":\"https:\\\/\\\/contadoreshoy.com\\\/?author=1#author\"},\"creator\":{\"@id\":\"https:\\\/\\\/contadoreshoy.com\\\/?author=1#author\"},\"image\":{\"@type\":\"ImageObject\",\"url\":\"https:\\\/\\\/contadoreshoy.com\\\/wp-content\\\/uploads\\\/2018\\\/01\\\/CIFRAS-2018.jpg\",\"@id\":\"https:\\\/\\\/contadoreshoy.com\\\/?p=11344\\\/#mainImage\",\"width\":800,\"height\":600},\"primaryImageOfPage\":{\"@id\":\"https:\\\/\\\/contadoreshoy.com\\\/?p=11344#mainImage\"},\"datePublished\":\"2018-10-02T21:51:47-05:00\",\"dateModified\":\"2018-10-02T21:53:30-05:00\"},{\"@type\":\"WebSite\",\"@id\":\"https:\\\/\\\/contadoreshoy.com\\\/#website\",\"url\":\"https:\\\/\\\/contadoreshoy.com\\\/\",\"name\":\"Contadores P\\u00fablicos\",\"description\":\"Portal para Contadores P\\u00fablicos y empresarios\",\"inLanguage\":\"es-ES\",\"publisher\":{\"@id\":\"https:\\\/\\\/contadoreshoy.com\\\/#organization\"}}]}\n\t\t<\/script>\n\t\t<!-- All in One SEO -->\n\n","aioseo_head_json":{"title":"Documento de discusi\u00f3n p\u00fablica CTCP sobre servicios de Revisor\u00eda Fiscal - Contadores P\u00fablicos","description":"DOCUMENTO DE DISCUSI\u00d3N P\u00daBLICA PROPUESTA DE MODIFICACI\u00d3N, INCORPORACI\u00d3N DE UN PAR\u00c1GRAFO AL ART\u00cdCULO 5 DEL DECRETO 302 DE 2015, QUE SE ENCUENTRA COMPILADO EN EL ANEXO N\u00b0 4 DEL DECRETO 2420 DE 2015 Y SUS MODIFICATORIOS Se invita a todas las partes interesadas a enviar sus comentarios sobre este documento hasta el 15 de octubre","canonical_url":"https:\/\/contadoreshoy.com\/?p=11344","robots":"max-image-preview:large","keywords":"","webmasterTools":{"miscellaneous":""},"schema":{"@context":"https:\/\/schema.org","@graph":[{"@type":"BlogPosting","@id":"https:\/\/contadoreshoy.com\/?p=11344#blogposting","name":"Documento de discusi\u00f3n p\u00fablica CTCP sobre servicios de Revisor\u00eda Fiscal - Contadores P\u00fablicos","headline":"Documento de discusi\u00f3n p\u00fablica CTCP sobre servicios de Revisor\u00eda Fiscal","author":{"@id":"https:\/\/contadoreshoy.com\/?author=1#author"},"publisher":{"@id":"https:\/\/contadoreshoy.com\/#organization"},"image":{"@type":"ImageObject","url":"https:\/\/contadoreshoy.com\/wp-content\/uploads\/2018\/01\/CIFRAS-2018.jpg","width":800,"height":600},"datePublished":"2018-10-02T21:51:47-05:00","dateModified":"2018-10-02T21:53:30-05:00","inLanguage":"es-ES","mainEntityOfPage":{"@id":"https:\/\/contadoreshoy.com\/?p=11344#webpage"},"isPartOf":{"@id":"https:\/\/contadoreshoy.com\/?p=11344#webpage"},"articleSection":"Sin categor\u00eda, Ultimas Noticias, Uncategorized"},{"@type":"BreadcrumbList","@id":"https:\/\/contadoreshoy.com\/?p=11344#breadcrumblist","itemListElement":[{"@type":"ListItem","@id":"https:\/\/contadoreshoy.com#listItem","position":1,"name":"Home","item":"https:\/\/contadoreshoy.com","nextItem":{"@type":"ListItem","@id":"https:\/\/contadoreshoy.com\/?cat=1#listItem","name":"Uncategorized"}},{"@type":"ListItem","@id":"https:\/\/contadoreshoy.com\/?cat=1#listItem","position":2,"name":"Uncategorized","item":"https:\/\/contadoreshoy.com\/?cat=1","nextItem":{"@type":"ListItem","@id":"https:\/\/contadoreshoy.com\/?p=11344#listItem","name":"Documento de discusi\u00f3n p\u00fablica CTCP sobre servicios de Revisor\u00eda Fiscal"},"previousItem":{"@type":"ListItem","@id":"https:\/\/contadoreshoy.com#listItem","name":"Home"}},{"@type":"ListItem","@id":"https:\/\/contadoreshoy.com\/?p=11344#listItem","position":3,"name":"Documento de discusi\u00f3n p\u00fablica CTCP sobre servicios de Revisor\u00eda Fiscal","previousItem":{"@type":"ListItem","@id":"https:\/\/contadoreshoy.com\/?cat=1#listItem","name":"Uncategorized"}}]},{"@type":"Organization","@id":"https:\/\/contadoreshoy.com\/#organization","name":"Contadores P\u00fablicos","description":"Portal para Contadores P\u00fablicos y empresarios","url":"https:\/\/contadoreshoy.com\/","logo":{"@type":"ImageObject","url":"https:\/\/contadoreshoy.com\/wp-content\/uploads\/2024\/01\/cropped-cropped-Copia-de-M-1.jpg","@id":"https:\/\/contadoreshoy.com\/?p=11344\/#organizationLogo","width":499,"height":500},"image":{"@id":"https:\/\/contadoreshoy.com\/?p=11344\/#organizationLogo"}},{"@type":"Person","@id":"https:\/\/contadoreshoy.com\/?author=1#author","url":"https:\/\/contadoreshoy.com\/?author=1","name":"Miguel Antonio M\u00e1rquez Monta\u00f1ez"},{"@type":"WebPage","@id":"https:\/\/contadoreshoy.com\/?p=11344#webpage","url":"https:\/\/contadoreshoy.com\/?p=11344","name":"Documento de discusi\u00f3n p\u00fablica CTCP sobre servicios de Revisor\u00eda Fiscal - Contadores P\u00fablicos","description":"DOCUMENTO DE DISCUSI\u00d3N P\u00daBLICA PROPUESTA DE MODIFICACI\u00d3N, INCORPORACI\u00d3N DE UN PAR\u00c1GRAFO AL ART\u00cdCULO 5 DEL DECRETO 302 DE 2015, QUE SE ENCUENTRA COMPILADO EN EL ANEXO N\u00b0 4 DEL DECRETO 2420 DE 2015 Y SUS MODIFICATORIOS Se invita a todas las partes interesadas a enviar sus comentarios sobre este documento hasta el 15 de octubre","inLanguage":"es-ES","isPartOf":{"@id":"https:\/\/contadoreshoy.com\/#website"},"breadcrumb":{"@id":"https:\/\/contadoreshoy.com\/?p=11344#breadcrumblist"},"author":{"@id":"https:\/\/contadoreshoy.com\/?author=1#author"},"creator":{"@id":"https:\/\/contadoreshoy.com\/?author=1#author"},"image":{"@type":"ImageObject","url":"https:\/\/contadoreshoy.com\/wp-content\/uploads\/2018\/01\/CIFRAS-2018.jpg","@id":"https:\/\/contadoreshoy.com\/?p=11344\/#mainImage","width":800,"height":600},"primaryImageOfPage":{"@id":"https:\/\/contadoreshoy.com\/?p=11344#mainImage"},"datePublished":"2018-10-02T21:51:47-05:00","dateModified":"2018-10-02T21:53:30-05:00"},{"@type":"WebSite","@id":"https:\/\/contadoreshoy.com\/#website","url":"https:\/\/contadoreshoy.com\/","name":"Contadores P\u00fablicos","description":"Portal para Contadores P\u00fablicos y empresarios","inLanguage":"es-ES","publisher":{"@id":"https:\/\/contadoreshoy.com\/#organization"}}]},"og:locale":"es_ES","og:site_name":"Contadores P\u00fablicos - Portal para Contadores P\u00fablicos y empresarios","og:type":"article","og:title":"Documento de discusi\u00f3n p\u00fablica CTCP sobre servicios de Revisor\u00eda Fiscal - Contadores P\u00fablicos","og:description":"DOCUMENTO DE DISCUSI\u00d3N P\u00daBLICA PROPUESTA DE MODIFICACI\u00d3N, INCORPORACI\u00d3N DE UN PAR\u00c1GRAFO AL ART\u00cdCULO 5 DEL DECRETO 302 DE 2015, QUE SE ENCUENTRA COMPILADO EN EL ANEXO N\u00b0 4 DEL DECRETO 2420 DE 2015 Y SUS MODIFICATORIOS Se invita a todas las partes interesadas a enviar sus comentarios sobre este documento hasta el 15 de octubre","og:url":"https:\/\/contadoreshoy.com\/?p=11344","og:image":"https:\/\/contadoreshoy.com\/wp-content\/uploads\/2024\/01\/cropped-cropped-cropped-Copia-de-M.jpg","og:image:secure_url":"https:\/\/contadoreshoy.com\/wp-content\/uploads\/2024\/01\/cropped-cropped-cropped-Copia-de-M.jpg","og:image:width":512,"og:image:height":371,"article:published_time":"2018-10-03T02:51:47+00:00","article:modified_time":"2018-10-03T02:53:30+00:00","twitter:card":"summary_large_image","twitter:title":"Documento de discusi\u00f3n p\u00fablica CTCP sobre servicios de Revisor\u00eda Fiscal - Contadores P\u00fablicos","twitter:description":"DOCUMENTO DE DISCUSI\u00d3N P\u00daBLICA PROPUESTA DE MODIFICACI\u00d3N, INCORPORACI\u00d3N DE UN PAR\u00c1GRAFO AL ART\u00cdCULO 5 DEL DECRETO 302 DE 2015, QUE SE ENCUENTRA COMPILADO EN EL ANEXO N\u00b0 4 DEL DECRETO 2420 DE 2015 Y SUS MODIFICATORIOS Se invita a todas las partes interesadas a enviar sus comentarios sobre este documento hasta el 15 de octubre","twitter:image":"https:\/\/contadoreshoy.com\/wp-content\/uploads\/2024\/01\/cropped-cropped-cropped-Copia-de-M.jpg"},"aioseo_meta_data":{"post_id":"11344","title":null,"description":null,"keywords":null,"keyphrases":null,"primary_term":null,"canonical_url":null,"og_title":null,"og_description":null,"og_object_type":"default","og_image_type":"default","og_image_url":null,"og_image_width":null,"og_image_height":null,"og_image_custom_url":null,"og_image_custom_fields":null,"og_video":null,"og_custom_url":null,"og_article_section":null,"og_article_tags":null,"twitter_use_og":false,"twitter_card":"default","twitter_image_type":"default","twitter_image_url":null,"twitter_image_custom_url":null,"twitter_image_custom_fields":null,"twitter_title":null,"twitter_description":null,"schema":{"blockGraphs":[],"customGraphs":[],"default":{"data":{"Article":[],"Course":[],"Dataset":[],"FAQPage":[],"Movie":[],"Person":[],"Product":[],"ProductReview":[],"Car":[],"Recipe":[],"Service":[],"SoftwareApplication":[],"WebPage":[]},"graphName":"","isEnabled":true},"graphs":[]},"schema_type":"default","schema_type_options":null,"pillar_content":false,"robots_default":true,"robots_noindex":false,"robots_noarchive":false,"robots_nosnippet":false,"robots_nofollow":false,"robots_noimageindex":false,"robots_noodp":false,"robots_notranslate":false,"robots_max_snippet":null,"robots_max_videopreview":null,"robots_max_imagepreview":"large","priority":null,"frequency":null,"local_seo":null,"breadcrumb_settings":null,"limit_modified_date":false,"ai":null,"created":"2024-03-05 02:00:12","updated":"2026-03-03 05:13:03","seo_analyzer_scan_date":null,"focus_keyword":null,"additional_keywords":null,"truseo_locale":null},"aioseo_breadcrumb":"<div class=\"aioseo-breadcrumbs\"><span class=\"aioseo-breadcrumb\">\n\t\t\t<a href=\"https:\/\/contadoreshoy.com\" title=\"Home\">Home<\/a>\n\t\t<\/span><span class=\"aioseo-breadcrumb-separator\">&raquo;<\/span><span class=\"aioseo-breadcrumb\">\n\t\t\t<a href=\"https:\/\/contadoreshoy.com\/?cat=1\" title=\"Uncategorized\">Uncategorized<\/a>\n\t\t<\/span><span class=\"aioseo-breadcrumb-separator\">&raquo;<\/span><span class=\"aioseo-breadcrumb\">\n\t\t\tDocumento de discusi\u00f3n p\u00fablica CTCP sobre servicios de Revisor\u00eda Fiscal\n\t\t<\/span><\/div>","aioseo_breadcrumb_json":[{"label":"Home","link":"https:\/\/contadoreshoy.com"},{"label":"Uncategorized","link":"https:\/\/contadoreshoy.com\/?cat=1"},{"label":"Documento de discusi\u00f3n p\u00fablica CTCP sobre servicios de Revisor\u00eda Fiscal","link":"https:\/\/contadoreshoy.com\/?p=11344"}],"yoast_head":"<!-- This site is optimized with the Yoast SEO plugin v28.4 - https:\/\/yoast.com\/product\/yoast-seo-wordpress\/ -->\n<title>Documento de discusi\u00f3n p\u00fablica CTCP sobre servicios de Revisor\u00eda Fiscal - Contadores P\u00fablicos<\/title>\n<meta name=\"robots\" content=\"index, follow, max-snippet:-1, max-image-preview:large, max-video-preview:-1\" \/>\n<link rel=\"canonical\" href=\"https:\/\/contadoreshoy.com\/?p=11344\" \/>\n<meta property=\"og:locale\" content=\"es_ES\" \/>\n<meta property=\"og:type\" content=\"article\" \/>\n<meta property=\"og:title\" content=\"Documento de discusi\u00f3n p\u00fablica CTCP sobre servicios de Revisor\u00eda Fiscal - Contadores P\u00fablicos\" \/>\n<meta property=\"og:description\" content=\"DOCUMENTO DE DISCUSI\u00d3N P\u00daBLICA PROPUESTA DE MODIFICACI\u00d3N, INCORPORACI\u00d3N DE UN PAR\u00c1GRAFO AL ART\u00cdCULO 5 DEL DECRETO 302 DE 2015, QUE SE ENCUENTRA COMPILADO EN EL ANEXO N\u00b0 4 DEL DECRETO&#046;&#046;&#046;\" \/>\n<meta property=\"og:url\" content=\"https:\/\/contadoreshoy.com\/?p=11344\" \/>\n<meta property=\"og:site_name\" content=\"Contadores P\u00fablicos\" \/>\n<meta property=\"article:publisher\" content=\"https:\/\/www.facebook.com\/CCCPBucaramanga\/\" \/>\n<meta property=\"article:published_time\" content=\"2018-10-03T02:51:47+00:00\" \/>\n<meta property=\"article:modified_time\" content=\"2018-10-03T02:53:30+00:00\" \/>\n<meta property=\"og:image\" content=\"https:\/\/contadoreshoy.com\/wp-content\/uploads\/2018\/01\/CIFRAS-2018.jpg\" \/>\n\t<meta property=\"og:image:width\" content=\"800\" \/>\n\t<meta property=\"og:image:height\" content=\"600\" \/>\n\t<meta property=\"og:image:type\" content=\"image\/jpeg\" \/>\n<meta name=\"author\" content=\"Miguel Antonio M\u00e1rquez Monta\u00f1ez\" \/>\n<meta name=\"twitter:card\" content=\"summary_large_image\" \/>\n<meta name=\"twitter:label1\" content=\"Escrito por\" \/>\n\t<meta name=\"twitter:data1\" content=\"Miguel Antonio M\u00e1rquez Monta\u00f1ez\" \/>\n\t<meta name=\"twitter:label2\" content=\"Tiempo de lectura\" \/>\n\t<meta name=\"twitter:data2\" content=\"3 minutos\" \/>\n<script type=\"application\/ld+json\" class=\"yoast-schema-graph\">{\"@context\":\"https:\\\/\\\/schema.org\",\"@graph\":[{\"@type\":\"Article\",\"@id\":\"https:\\\/\\\/contadoreshoy.com\\\/?p=11344#article\",\"isPartOf\":{\"@id\":\"https:\\\/\\\/contadoreshoy.com\\\/?p=11344\"},\"author\":{\"name\":\"Miguel Antonio M\u00e1rquez Monta\u00f1ez\",\"@id\":\"https:\\\/\\\/contadoreshoy.com\\\/#\\\/schema\\\/person\\\/96d8979cb865537c5dc9345e40089fc5\"},\"headline\":\"Documento de discusi\u00f3n p\u00fablica CTCP sobre servicios de Revisor\u00eda Fiscal\",\"datePublished\":\"2018-10-03T02:51:47+00:00\",\"dateModified\":\"2018-10-03T02:53:30+00:00\",\"mainEntityOfPage\":{\"@id\":\"https:\\\/\\\/contadoreshoy.com\\\/?p=11344\"},\"wordCount\":684,\"publisher\":{\"@id\":\"https:\\\/\\\/contadoreshoy.com\\\/#organization\"},\"image\":{\"@id\":\"https:\\\/\\\/contadoreshoy.com\\\/?p=11344#primaryimage\"},\"thumbnailUrl\":\"https:\\\/\\\/contadoreshoy.com\\\/wp-content\\\/uploads\\\/2018\\\/01\\\/CIFRAS-2018.jpg\",\"articleSection\":{\"1\":\"Ultimas Noticias\",\"2\":\"Uncategorized\"},\"inLanguage\":\"es\"},{\"@type\":\"WebPage\",\"@id\":\"https:\\\/\\\/contadoreshoy.com\\\/?p=11344\",\"url\":\"https:\\\/\\\/contadoreshoy.com\\\/?p=11344\",\"name\":\"Documento de discusi\u00f3n p\u00fablica CTCP sobre servicios de Revisor\u00eda Fiscal - Contadores P\u00fablicos\",\"isPartOf\":{\"@id\":\"https:\\\/\\\/contadoreshoy.com\\\/#website\"},\"primaryImageOfPage\":{\"@id\":\"https:\\\/\\\/contadoreshoy.com\\\/?p=11344#primaryimage\"},\"image\":{\"@id\":\"https:\\\/\\\/contadoreshoy.com\\\/?p=11344#primaryimage\"},\"thumbnailUrl\":\"https:\\\/\\\/contadoreshoy.com\\\/wp-content\\\/uploads\\\/2018\\\/01\\\/CIFRAS-2018.jpg\",\"datePublished\":\"2018-10-03T02:51:47+00:00\",\"dateModified\":\"2018-10-03T02:53:30+00:00\",\"breadcrumb\":{\"@id\":\"https:\\\/\\\/contadoreshoy.com\\\/?p=11344#breadcrumb\"},\"inLanguage\":\"es\",\"potentialAction\":[{\"@type\":\"ReadAction\",\"target\":[\"https:\\\/\\\/contadoreshoy.com\\\/?p=11344\"]}]},{\"@type\":\"ImageObject\",\"inLanguage\":\"es\",\"@id\":\"https:\\\/\\\/contadoreshoy.com\\\/?p=11344#primaryimage\",\"url\":\"https:\\\/\\\/contadoreshoy.com\\\/wp-content\\\/uploads\\\/2018\\\/01\\\/CIFRAS-2018.jpg\",\"contentUrl\":\"https:\\\/\\\/contadoreshoy.com\\\/wp-content\\\/uploads\\\/2018\\\/01\\\/CIFRAS-2018.jpg\",\"width\":800,\"height\":600},{\"@type\":\"BreadcrumbList\",\"@id\":\"https:\\\/\\\/contadoreshoy.com\\\/?p=11344#breadcrumb\",\"itemListElement\":[{\"@type\":\"ListItem\",\"position\":1,\"name\":\"Portada\",\"item\":\"https:\\\/\\\/contadoreshoy.com\\\/\"},{\"@type\":\"ListItem\",\"position\":2,\"name\":\"Documento de discusi\u00f3n p\u00fablica CTCP sobre servicios de Revisor\u00eda Fiscal\"}]},{\"@type\":\"WebSite\",\"@id\":\"https:\\\/\\\/contadoreshoy.com\\\/#website\",\"url\":\"https:\\\/\\\/contadoreshoy.com\\\/\",\"name\":\"Contadorespublicossantander\",\"description\":\"Portal para Contadores P\u00fablicos y empresarios\",\"publisher\":{\"@id\":\"https:\\\/\\\/contadoreshoy.com\\\/#organization\"},\"potentialAction\":[{\"@type\":\"SearchAction\",\"target\":{\"@type\":\"EntryPoint\",\"urlTemplate\":\"https:\\\/\\\/contadoreshoy.com\\\/?s={search_term_string}\"},\"query-input\":{\"@type\":\"PropertyValueSpecification\",\"valueRequired\":true,\"valueName\":\"search_term_string\"}}],\"inLanguage\":\"es\"},{\"@type\":\"Organization\",\"@id\":\"https:\\\/\\\/contadoreshoy.com\\\/#organization\",\"name\":\"Contadores P\u00fablicos de Santander\",\"url\":\"https:\\\/\\\/contadoreshoy.com\\\/\",\"logo\":{\"@type\":\"ImageObject\",\"inLanguage\":\"es\",\"@id\":\"https:\\\/\\\/contadoreshoy.com\\\/#\\\/schema\\\/logo\\\/image\\\/\",\"url\":\"https:\\\/\\\/contadoreshoy.com\\\/wp-content\\\/uploads\\\/2024\\\/01\\\/cropped-cropped-Copia-de-M-1.jpg\",\"contentUrl\":\"https:\\\/\\\/contadoreshoy.com\\\/wp-content\\\/uploads\\\/2024\\\/01\\\/cropped-cropped-Copia-de-M-1.jpg\",\"width\":499,\"height\":500,\"caption\":\"Contadores P\u00fablicos de Santander\"},\"image\":{\"@id\":\"https:\\\/\\\/contadoreshoy.com\\\/#\\\/schema\\\/logo\\\/image\\\/\"},\"sameAs\":[\"https:\\\/\\\/www.facebook.com\\\/CCCPBucaramanga\\\/\"]},{\"@type\":\"Person\",\"@id\":\"https:\\\/\\\/contadoreshoy.com\\\/#\\\/schema\\\/person\\\/96d8979cb865537c5dc9345e40089fc5\",\"name\":\"Miguel Antonio M\u00e1rquez Monta\u00f1ez\",\"description\":\"Contador P\u00fablico egresado de la Universidad Aut\u00f3noma de Bucaramanga - Asesor contable tributario con m\u00e1s de 25 a\u00f1os de experiencia - Conferencista en temas contables y tributarios - T\u00e9cnico en Hardware y Dise\u00f1o Web - Creador y director Grupo de Estudio Colegio Colombiano de Contadores P\u00fablicos de Bucaramanga - Creador y Master Web p\u00e1gina www.contadoresp\u00fablicossantander.com - Expresidente Colegio Colombiano de Contadores P\u00fablicos Bucaramanga\",\"url\":\"https:\\\/\\\/contadoreshoy.com\\\/?author=1\"}]}<\/script>\n<!-- \/ Yoast SEO plugin. -->","yoast_head_json":{"title":"Documento de discusi\u00f3n p\u00fablica CTCP sobre servicios de Revisor\u00eda Fiscal - Contadores P\u00fablicos","robots":{"index":"index","follow":"follow","max-snippet":"max-snippet:-1","max-image-preview":"max-image-preview:large","max-video-preview":"max-video-preview:-1"},"canonical":"https:\/\/contadoreshoy.com\/?p=11344","og_locale":"es_ES","og_type":"article","og_title":"Documento de discusi\u00f3n p\u00fablica CTCP sobre servicios de Revisor\u00eda Fiscal - Contadores P\u00fablicos","og_description":"DOCUMENTO DE DISCUSI\u00d3N P\u00daBLICA PROPUESTA DE MODIFICACI\u00d3N, INCORPORACI\u00d3N DE UN PAR\u00c1GRAFO AL ART\u00cdCULO 5 DEL DECRETO 302 DE 2015, QUE SE ENCUENTRA COMPILADO EN EL ANEXO N\u00b0 4 DEL DECRETO&#46;&#46;&#46;","og_url":"https:\/\/contadoreshoy.com\/?p=11344","og_site_name":"Contadores P\u00fablicos","article_publisher":"https:\/\/www.facebook.com\/CCCPBucaramanga\/","article_published_time":"2018-10-03T02:51:47+00:00","article_modified_time":"2018-10-03T02:53:30+00:00","og_image":[{"width":800,"height":600,"url":"https:\/\/contadoreshoy.com\/wp-content\/uploads\/2018\/01\/CIFRAS-2018.jpg","type":"image\/jpeg"}],"author":"Miguel Antonio M\u00e1rquez Monta\u00f1ez","twitter_card":"summary_large_image","twitter_misc":{"Escrito por":"Miguel Antonio M\u00e1rquez Monta\u00f1ez","Tiempo de lectura":"3 minutos"},"schema":{"@context":"https:\/\/schema.org","@graph":[{"@type":"Article","@id":"https:\/\/contadoreshoy.com\/?p=11344#article","isPartOf":{"@id":"https:\/\/contadoreshoy.com\/?p=11344"},"author":{"name":"Miguel Antonio M\u00e1rquez Monta\u00f1ez","@id":"https:\/\/contadoreshoy.com\/#\/schema\/person\/96d8979cb865537c5dc9345e40089fc5"},"headline":"Documento de discusi\u00f3n p\u00fablica CTCP sobre servicios de Revisor\u00eda Fiscal","datePublished":"2018-10-03T02:51:47+00:00","dateModified":"2018-10-03T02:53:30+00:00","mainEntityOfPage":{"@id":"https:\/\/contadoreshoy.com\/?p=11344"},"wordCount":684,"publisher":{"@id":"https:\/\/contadoreshoy.com\/#organization"},"image":{"@id":"https:\/\/contadoreshoy.com\/?p=11344#primaryimage"},"thumbnailUrl":"https:\/\/contadoreshoy.com\/wp-content\/uploads\/2018\/01\/CIFRAS-2018.jpg","articleSection":{"1":"Ultimas Noticias","2":"Uncategorized"},"inLanguage":"es"},{"@type":"WebPage","@id":"https:\/\/contadoreshoy.com\/?p=11344","url":"https:\/\/contadoreshoy.com\/?p=11344","name":"Documento de discusi\u00f3n p\u00fablica CTCP sobre servicios de Revisor\u00eda Fiscal - Contadores P\u00fablicos","isPartOf":{"@id":"https:\/\/contadoreshoy.com\/#website"},"primaryImageOfPage":{"@id":"https:\/\/contadoreshoy.com\/?p=11344#primaryimage"},"image":{"@id":"https:\/\/contadoreshoy.com\/?p=11344#primaryimage"},"thumbnailUrl":"https:\/\/contadoreshoy.com\/wp-content\/uploads\/2018\/01\/CIFRAS-2018.jpg","datePublished":"2018-10-03T02:51:47+00:00","dateModified":"2018-10-03T02:53:30+00:00","breadcrumb":{"@id":"https:\/\/contadoreshoy.com\/?p=11344#breadcrumb"},"inLanguage":"es","potentialAction":[{"@type":"ReadAction","target":["https:\/\/contadoreshoy.com\/?p=11344"]}]},{"@type":"ImageObject","inLanguage":"es","@id":"https:\/\/contadoreshoy.com\/?p=11344#primaryimage","url":"https:\/\/contadoreshoy.com\/wp-content\/uploads\/2018\/01\/CIFRAS-2018.jpg","contentUrl":"https:\/\/contadoreshoy.com\/wp-content\/uploads\/2018\/01\/CIFRAS-2018.jpg","width":800,"height":600},{"@type":"BreadcrumbList","@id":"https:\/\/contadoreshoy.com\/?p=11344#breadcrumb","itemListElement":[{"@type":"ListItem","position":1,"name":"Portada","item":"https:\/\/contadoreshoy.com\/"},{"@type":"ListItem","position":2,"name":"Documento de discusi\u00f3n p\u00fablica CTCP sobre servicios de Revisor\u00eda Fiscal"}]},{"@type":"WebSite","@id":"https:\/\/contadoreshoy.com\/#website","url":"https:\/\/contadoreshoy.com\/","name":"Contadorespublicossantander","description":"Portal para Contadores P\u00fablicos y empresarios","publisher":{"@id":"https:\/\/contadoreshoy.com\/#organization"},"potentialAction":[{"@type":"SearchAction","target":{"@type":"EntryPoint","urlTemplate":"https:\/\/contadoreshoy.com\/?s={search_term_string}"},"query-input":{"@type":"PropertyValueSpecification","valueRequired":true,"valueName":"search_term_string"}}],"inLanguage":"es"},{"@type":"Organization","@id":"https:\/\/contadoreshoy.com\/#organization","name":"Contadores P\u00fablicos de Santander","url":"https:\/\/contadoreshoy.com\/","logo":{"@type":"ImageObject","inLanguage":"es","@id":"https:\/\/contadoreshoy.com\/#\/schema\/logo\/image\/","url":"https:\/\/contadoreshoy.com\/wp-content\/uploads\/2024\/01\/cropped-cropped-Copia-de-M-1.jpg","contentUrl":"https:\/\/contadoreshoy.com\/wp-content\/uploads\/2024\/01\/cropped-cropped-Copia-de-M-1.jpg","width":499,"height":500,"caption":"Contadores P\u00fablicos de Santander"},"image":{"@id":"https:\/\/contadoreshoy.com\/#\/schema\/logo\/image\/"},"sameAs":["https:\/\/www.facebook.com\/CCCPBucaramanga\/"]},{"@type":"Person","@id":"https:\/\/contadoreshoy.com\/#\/schema\/person\/96d8979cb865537c5dc9345e40089fc5","name":"Miguel Antonio M\u00e1rquez Monta\u00f1ez","description":"Contador P\u00fablico egresado de la Universidad Aut\u00f3noma de Bucaramanga - Asesor contable tributario con m\u00e1s de 25 a\u00f1os de experiencia - Conferencista en temas contables y tributarios - T\u00e9cnico en Hardware y Dise\u00f1o Web - Creador y director Grupo de Estudio Colegio Colombiano de Contadores P\u00fablicos de Bucaramanga - Creador y Master Web p\u00e1gina www.contadoresp\u00fablicossantander.com - Expresidente Colegio Colombiano de Contadores P\u00fablicos Bucaramanga","url":"https:\/\/contadoreshoy.com\/?author=1"}]}},"_links":{"self":[{"href":"https:\/\/contadoreshoy.com\/index.php?rest_route=\/wp\/v2\/posts\/11344","targetHints":{"allow":["GET"]}}],"collection":[{"href":"https:\/\/contadoreshoy.com\/index.php?rest_route=\/wp\/v2\/posts"}],"about":[{"href":"https:\/\/contadoreshoy.com\/index.php?rest_route=\/wp\/v2\/types\/post"}],"author":[{"embeddable":true,"href":"https:\/\/contadoreshoy.com\/index.php?rest_route=\/wp\/v2\/users\/1"}],"replies":[{"embeddable":true,"href":"https:\/\/contadoreshoy.com\/index.php?rest_route=%2Fwp%2Fv2%2Fcomments&post=11344"}],"version-history":[{"count":3,"href":"https:\/\/contadoreshoy.com\/index.php?rest_route=\/wp\/v2\/posts\/11344\/revisions"}],"predecessor-version":[{"id":11347,"href":"https:\/\/contadoreshoy.com\/index.php?rest_route=\/wp\/v2\/posts\/11344\/revisions\/11347"}],"wp:featuredmedia":[{"embeddable":true,"href":"https:\/\/contadoreshoy.com\/index.php?rest_route=\/wp\/v2\/media\/10508"}],"wp:attachment":[{"href":"https:\/\/contadoreshoy.com\/index.php?rest_route=%2Fwp%2Fv2%2Fmedia&parent=11344"}],"wp:term":[{"taxonomy":"category","embeddable":true,"href":"https:\/\/contadoreshoy.com\/index.php?rest_route=%2Fwp%2Fv2%2Fcategories&post=11344"},{"taxonomy":"post_tag","embeddable":true,"href":"https:\/\/contadoreshoy.com\/index.php?rest_route=%2Fwp%2Fv2%2Ftags&post=11344"}],"curies":[{"name":"wp","href":"https:\/\/api.w.org\/{rel}","templated":true}]}}