{"id":11413,"date":"2018-12-02T21:08:18","date_gmt":"2018-12-03T02:08:18","guid":{"rendered":"https:\/\/contadoreshoy.com\/?p=11413"},"modified":"2018-12-02T21:08:18","modified_gmt":"2018-12-03T02:08:18","slug":"independientes-utilicen-la-cedula-rentas-trabajo-pueden-restar-costos-gastos","status":"publish","type":"post","link":"https:\/\/contadoreshoy.com\/?p=11413","title":{"rendered":"Independientes que utilicen la c\u00e9dula de rentas de trabajo pueden restar costos o gastos"},"content":{"rendered":"<p style=\"text-align: justify;\"><span style=\"color: #0000ff;\"><strong>Mediante la sentencia C-120 de noviembre 14 de 2018, la Corte Constitucional dispuso que los independientes que utilicen la c\u00e9dula de rentas de trabajo pueden restar costos o gastos.<\/strong><\/span><\/p>\n<p style=\"text-align: justify;\"><strong><span style=\"color: #000000;\"><em>\u00abDecisi\u00f3n de la corte:<\/em><\/span><\/strong><\/p>\n<p style=\"text-align: justify;\"><strong><span style=\"color: #000000;\"><em>Declarar EXEQUIBLE el inciso primero del art\u00edculo 336 de Estatuto Tributario, modificado por el art\u00edculo 1. de la Ley 1819 de 2016, en el entendido que los contribuyentes que perciban ingresos considerados como rentas de trabajo derivados de una fuente a la relaci\u00f3n laboral o legal y reglamentaria pueden detraer, para efectos de establecer la renta l\u00edquida cedular, los costos y gastos que tengan relaci\u00f3n con la actividad productora de renta.\u00bb<\/em><\/span><\/strong><\/p>\n<p style=\"text-align: justify;\"><strong><span style=\"color: #000000;\">En su an\u00e1lisis a la demanda, la Corte Constitucional tuvo en cuenta el precedente de su sentencia C-668 de octubre de 2015, y adicionalmente argument\u00f3 que si se impide restar costos y gastos a los trabajadores independientes que utilicen la c\u00e9dula de rentas de trabajo, se viola el principio de equidad tributaria (numeral 9 del art\u00edculo 95 de la Constituci\u00f3n Pol\u00edtica) por las siguientes razones:<\/span><\/strong><\/p>\n<ol style=\"text-align: justify;\">\n<li><strong><span style=\"color: #000000;\">Mientras los asalariados no deben asumir los costos y gastos para la generaci\u00f3n de sus ingresos, los trabajadores independientes si deben cubrir esos costos con los ingresos brutos que reciben.<\/span><\/strong><\/li>\n<li><strong><span style=\"color: #000000;\">Los ingresos de los trabajadores asalariados son por lo general constantes, mientras que los de los independientes son intr\u00ednsecamente variables.<\/span><\/strong><\/li>\n<li><strong><span style=\"color: #000000;\">Los riesgos asociados a la labor desarrollada por el asalariado son, en principio, asumidos por el empleador, mientras que esa misma responsabilidad recae de manera exclusiva en el trabajador independiente.<\/span><\/strong><\/li>\n<\/ol>\n<p style=\"text-align: justify;\"><strong><span style=\"color: #000000;\">En vista de que la Corte Constitucional ha concluido que los trabajadores independientes s\u00ed tienen derecho a restar costos y gastos en su c\u00e9dula de rentas de trabajo, es claro que la Dian se ver\u00e1 obligada a realizar las siguientes dos tareas:<\/span><\/strong><\/p>\n<ol style=\"list-style-type: lower-alpha;\">\n<li style=\"text-align: justify;\"><strong><span style=\"color: #000000;\">En primer lugar, cuando dise\u00f1e el formulario 210 para las declaraciones de renta del a\u00f1o gravable 2018 de las personas naturales residentes, deber\u00e1 redise\u00f1ar la secci\u00f3n correspondiente a los renglones que componen la c\u00e9dula de rentas de trabajo y deber\u00e1 incluir un nuevo rengl\u00f3n en el cual se puedan reportar \u00abcostos y gastos\u00bb. Adem\u00e1s, cuando se permita la inclusi\u00f3n de costos y gastos en la c\u00e9dula de rentas de trabajo, es claro que dicha c\u00e9dula podr\u00eda incluso originar una p\u00e9rdida l\u00edquida, raz\u00f3n por la cual la Dian tambi\u00e9n tendr\u00eda que incluir otro rengl\u00f3n adicional para reflejar dicha p\u00e9rdida l\u00edquida dentro de la c\u00e9dula de rentas de trabajo.<\/span><\/strong><\/li>\n<li style=\"text-align: justify;\"><strong><span style=\"color: #000000;\">Cuando se dise\u00f1e el prevalidador tributario que permita la elaboraci\u00f3n del archivo XML para el recientemente expedido formato 2517 de conciliaci\u00f3n fiscal del a\u00f1o gravable 2018 (Ver Resoluci\u00f3n 052 de octubre 30 de 2018), la Dian deber\u00e1 tener en cuenta que en la secci\u00f3n \u00abERI- Renta l\u00edquida\u00bb, al momento de distribuir los costos y gastos fiscales del ejercicio entre las c\u00e9dulas de la renta ordinaria, s\u00ed ser\u00e1 posible asignar algunos costos y gastos a la c\u00e9dula de rentas de trabajo.<\/span><\/strong><\/li>\n<\/ol>\n<p>&nbsp;<\/p>\n<p style=\"text-align: center;\"><span style=\"color: #0000ff;\"><strong><em>\u00abEXPEDIENTE D-12052 &#8211; SENTENCIA C-120\/18 (Noviembre 14)<\/em><\/strong><\/span><\/p>\n<p style=\"text-align: center;\"><span style=\"color: #0000ff;\"><strong><em>M.P. Gloria Stella Ort\u00edz Delgado<\/em><\/strong><\/span><\/p>\n<p style=\"text-align: center;\"><strong><span style=\"color: #000000;\"><em>1. Norma acusada<\/em><\/span><\/strong><br \/>\n<strong><span style=\"color: #000000;\"><em>LEY 1819 DE 2016<\/em><\/span><\/strong><br \/>\n<strong><span style=\"color: #000000;\"><em>(diciembre 29)<\/em><\/span><\/strong><br \/>\n<strong><span style=\"color: #000000;\"><em>Por medio de la cual se adopta una reforma tributaria estructural, se fortalecen los mecanismos para la lucha contra<\/em><\/span><\/strong><br \/>\n<strong><span style=\"color: #000000;\"><em>la evasi\u00f3n y la elusi\u00f3n fiscal, y se dictan otras disposiciones<\/em><\/span><\/strong><\/p>\n<p style=\"text-align: justify;\">\n<strong><span style=\"color: #000000;\"><em>ART\u00cdCULO 1o. Modif\u00edquese el T\u00edtulo V del Libro I del Estatuto Tributario, el cual quedar\u00e1 as\u00ed:<\/em><\/span><\/strong><\/p>\n<p style=\"text-align: justify;\">\n<strong><span style=\"color: #000000;\"><em>Art\u00edculo 336. Renta l\u00edquida cedular de las rentas de trabajo. Para efectos de establecer la renta l\u00edquida cedular, del total de los ingresos de esta c\u00e9dula obtenidos en el periodo gravable, se restar\u00e1n los ingresos no constitutivos de renta imputables a esta c\u00e9dula.<\/em><\/span><\/strong><\/p>\n<p style=\"text-align: justify;\">\n<strong><span style=\"color: #000000;\"><em>Podr\u00e1n restarse todas las rentas exentas y las deducciones imputables a esta c\u00e9dula, siempre que no excedan el cuarenta (40%) del resultado del inciso anterior, que en todo caso no puede exceder cinco mil cuarenta (5.040) UVT. PAR\u00c1GRAFO. En el caso de los servidores p\u00fablicos diplom\u00e1ticos, consulares y administrativos del Ministerio de Relaciones Exteriores, la prima de costo de vida de que trata el Decreto 3357 de 2009 no se tendr\u00e1 en cuenta para efectos del c\u00e1lculo del l\u00edmite porcentual previsto en el presente art\u00edculo\u201d.<\/em><\/span><\/strong><\/p>\n<p style=\"text-align: justify;\">\n<strong><span style=\"color: #000000;\"><em>2. Decisi\u00f3n<\/em><\/span><\/strong><\/p>\n<p style=\"text-align: justify;\">\n<strong><span style=\"color: #000000;\"><em>Declarar EXEQUIBLE el inciso primero del art\u00edculo 336 del Estatuto Tributario, modificado por el art\u00edculo 1\u00ba de la Ley 1819 de 2016, en el entendido que los contribuyentes que perciban ingresos considerados como rentas de trabajo derivados de una fuente diferente a la relaci\u00f3n laboral olegal y reglamentaria pueden detraer, para efectos de establecer la renta l\u00edquida cedular, los costos y gastos que tengan relaci\u00f3n con la actividad productora de renta.<\/em><\/span><\/strong><\/p>\n<p style=\"text-align: justify;\">\n<strong><span style=\"color: #000000;\"><em>3. S\u00edntesis de los fundamentos<\/em><\/span><\/strong><\/p>\n<p style=\"text-align: justify;\">\n<strong><span style=\"color: #000000;\"><em>Los demandantes consideran que la norma vulnera el principio de equidad tributaria, en la medida en que impide detraer de la base gravable del impuesto de renta los costos y gastos en que incurren los trabajadores independientes para el ejercicio de las actividades que originan dicha renta. Resaltan que bajo el r\u00e9gimen legal anterior ello era posible, opci\u00f3n eliminada por la norma acusada, circunstancia que a su juicio genera una abierta inequidad entre trabajadores independientes e independientes.<\/em><\/span><\/strong><\/p>\n<p style=\"text-align: justify;\">\n<strong><span style=\"color: #000000;\"><em>Para resolver el asunto, la Corte considera que el cargo es apto, en tanto es posible identificar tres interpretaciones posibles de la norma acusada. Por ende, para la Sala no es acertado concluir que al basarse la demanda en una de ellas se desconozca el principio de certeza. Igualmente, fue descartada la necesidad de realizar la integraci\u00f3n normativa, puesto que las dem\u00e1s normas pertinentes del Estatuto Tributario no conforman una proposici\u00f3n jur\u00eddica con la disposici\u00f3n acusada, sino que apenas concurren para su cabal interpretaci\u00f3n.<\/em><\/span><\/strong><\/p>\n<p style=\"text-align: justify;\">\n<strong><span style=\"color: #000000;\"><em>Comprobado este aspecto, la Sala reiter\u00f3 su precedente sobre el contenido y alcance del principio de equidad tributaria e identific\u00f3 el contexto legal derivado del sistema cedular, previsto en la Ley 1819 de 2016 como metodolog\u00eda para la definici\u00f3n de la base gravable del impuesto de renta. Del mismo modo, llam\u00f3 la atenci\u00f3n sobre lo analizado por la Corte en la sentencia C-688 de 2015, que en un caso similar concluy\u00f3 que la detracci\u00f3n de los costos y gastos de los trabajadores independientes es una medida necesaria para la concreci\u00f3n de la equidad tributaria.<\/em><\/span><\/strong><\/p>\n<p style=\"text-align: justify;\">\n<strong><span style=\"color: #000000;\"><em>A partir de estos argumentos, la Corte resolvi\u00f3 el cargo propuesto, para lo cual parti\u00f3 de la premisa que la capacidad econ\u00f3mica de ambos tipos de trabajadores es diferente, puesto que (i) mientras los asalariados no deben asumir los costos y gastos para la generaci\u00f3n de sus ingresos, los trabajadores independientes s\u00ed deben cubrir esos costos con los ingresos brutos que reciben; (ii) los ingresos de los trabajadores asalariados son por lo general constantes, mientras que los de los independientes son intr\u00ednsecamente variables; y (iii) los riesgos asociados a la labor desarrollada por el asalariado son, por principio, asumidos por el empleador, mientras que esa misma responsabilidad recae de manera exclusiva en el trabajador independiente.<\/em><\/span><\/strong><\/p>\n<p style=\"text-align: justify;\">\n<strong><span style=\"color: #000000;\"><em>Advertidas estas diferencias, la Sala consider\u00f3 que resultaba necesario garantizar la supremac\u00eda del principio de equidad tributaria, cuya vigencia opera en toda circunstancia y al margen del m\u00e9todo legal que adopte el Congreso para la definici\u00f3n de la base gravable del impuesto a la renta. En el presente caso, dicho principio es vulnerado puesto que bajo el sistema cedular no es posible la detracci\u00f3n de costos y gastos en la definici\u00f3n de la renta l\u00edquida gravable de la c\u00e9dula por rentas de trabajo. Ello a pesar que los ingresos que reciben los trabajadores independientes que no tienen empleados a cargo se imputan a la mencionada c\u00e9dula.<\/em><\/span><\/strong><\/p>\n<p style=\"text-align: justify;\"><strong><span style=\"color: #000000;\"><em>A este respecto, la Corte resalta que la depuraci\u00f3n de la renta l\u00edquida gravable es, bajo el actual r\u00e9gimen legal de impuesto a la renta, regulada por una norma especial frente a cada c\u00e9dula. Por ende, una interpretaci\u00f3n restrictiva de dicha norma especial llevar\u00eda necesariamente a la conclusi\u00f3n que las disposiciones generales sobre deducciones y en particular el art\u00edculo 107 del Estatuto Tributario, no sirven de base suficiente para permitir la detracci\u00f3n de los costos y gastos en que incurren los trabajadores independientes. Esto m\u00e1s a\u00fan si se tiene en cuenta que el Legislador ha previsto espec\u00edficamente en qu\u00e9 c\u00e9dulas es posible hacer esa detracci\u00f3n, excluy\u00e9ndose de manera expresa la relativa a las rentas de trabajo.<\/em><\/span><\/strong><\/p>\n<p style=\"text-align: justify;\">\n<strong><span style=\"color: #000000;\"><em>Con base en lo expuesto, se llega a la conclusi\u00f3n que efectivamente la norma desconoce la equidad tributaria en su car\u00e1cter horizontal, debido a la ausencia de regla legal que permita la mencionada detracci\u00f3n. Por ende, es necesario declarar la exequibilidad condicionada del precepto, de manera que los contribuyentes que perciban ingresos considerados como rentas de trabajo derivados de una fuente diferente a la relaci\u00f3n laboral o legal y reglamentaria pueden&nbsp;detraer, para efectos de establecer la renta l\u00edquida cedular, los costos y gastos que tengan relaci\u00f3n con la actividad productora de renta.<\/em><\/span><\/strong><\/p>\n<p style=\"text-align: justify;\">\n<strong><span style=\"color: #000000;\"><em>4. Salvamentos de voto<\/em><\/span><\/strong><\/p>\n<p style=\"text-align: justify;\">\n<strong><span style=\"color: #000000;\"><em>El Magistrado Luis Guillermo Guerrero P\u00e9rez salv\u00f3 su voto frente a la anterior decisi\u00f3n. De igual modo el Magistrado Alejandro Linares Cantillo se apart\u00f3 de la mayor\u00eda al estimar que la demanda no reun\u00eda los requisitos m\u00ednimos para que la Corte se pronunciara de fondo sobre el caso. Adicionalmente, se\u00f1al\u00f3 que se desconoce el enfoque sist\u00e9mico que debe orientar la valoraci\u00f3n del cumplimiento de los principios del sistema tributario, omitiendo que desde una mirada integral del sistema, el legislador est\u00e1 en libertad de disponer las medidas adecuadas para concretar la equidad, de modo que no necesariamente es la detracci\u00f3n de los costos y gastos la \u00fanica medida para realizar dicho principio. Imponer formas concretas de realizar los principios del sistema tributario desconoce la amplia facultad de configuraci\u00f3n legislativa que ha defendido la Corte Constitucional en esta materia.&nbsp;<\/em><\/span><\/strong><\/p>\n<p style=\"text-align: justify;\"><strong><span style=\"color: #000000;\"><em>LA CORTE SE DECLAR\u00d3 INHIBIDA PARA CONOCER DE FONDO SOBRE LA DEMANDA PROMOVIDA EN CONTRA DE LA LEY QUE REGULA EL FUNCIONAMIENTO Y OPERACI\u00d3N DE LOS PARQUES DE DIVERSIONES, ENTRE OTRAS ACTIVIDADES, AL NO EXISTIR LA OMISI\u00d3N INVOCADA POR EL ACTOR, EN ESPECIAL, AL NO CUMPLIRSE CON LAS CARGAS DE CERTEZA Y SUFICIENCIA, COMO REQUISITOS INDISPENSABLES EN LA FORMULACI\u00d3N DE LOS CARGOS DE INCONSTITUCIONALIDAD\u00bb<\/em><\/span><\/strong><\/p>\n","protected":false},"excerpt":{"rendered":"<p>Mediante la sentencia C-120 de noviembre 14 de 2018, la Corte Constitucional dispuso que los independientes que utilicen la c\u00e9dula de rentas de trabajo pueden restar costos o gastos. \u00abDecisi\u00f3n&#46;&#46;&#46;<\/p>\n","protected":false},"author":1,"featured_media":10527,"comment_status":"closed","ping_status":"open","sticky":false,"template":"","format":"standard","meta":{"_monsterinsights_skip_tracking":false,"ngg_post_thumbnail":0,"footnotes":"","_links_to":"","_links_to_target":""},"categories":[454,1],"tags":[],"class_list":["post-11413","post","type-post","status-publish","format-standard","has-post-thumbnail","hentry","category-sin-categoria","category-uncategorized"],"aioseo_notices":[],"aioseo_head":"\n\t\t<!-- All in One SEO 5.0.1.1 - aioseo.com -->\n\t<meta name=\"description\" content=\"Mediante la sentencia C-120 de noviembre 14 de 2018, la Corte Constitucional dispuso que los independientes que utilicen la c\u00e9dula de rentas de trabajo pueden restar costos o gastos. &quot;Decisi\u00f3n de la corte: Declarar EXEQUIBLE el inciso primero del art\u00edculo 336 de Estatuto Tributario, modificado por el art\u00edculo 1. de la Ley 1819 de 2016,\" \/>\n\t<meta name=\"robots\" content=\"max-image-preview:large\" \/>\n\t<meta name=\"author\" content=\"Miguel Antonio M\u00e1rquez Monta\u00f1ez\"\/>\n\t<link rel=\"canonical\" href=\"https:\/\/contadoreshoy.com\/?p=11413\" \/>\n\t<meta name=\"generator\" content=\"All in One SEO (AIOSEO) 5.0.1.1\" \/>\n\t\t<meta property=\"og:locale\" content=\"es_ES\" \/>\n\t\t<meta property=\"og:site_name\" content=\"Contadores P\u00fablicos - Portal para Contadores P\u00fablicos y empresarios\" \/>\n\t\t<meta property=\"og:type\" content=\"article\" \/>\n\t\t<meta property=\"og:title\" content=\"Independientes que utilicen la c\u00e9dula de rentas de trabajo pueden restar costos o gastos - Contadores P\u00fablicos\" \/>\n\t\t<meta property=\"og:description\" content=\"Mediante la sentencia C-120 de noviembre 14 de 2018, la Corte Constitucional dispuso que los independientes que utilicen la c\u00e9dula de rentas de trabajo pueden restar costos o gastos. &quot;Decisi\u00f3n de la corte: Declarar EXEQUIBLE el inciso primero del art\u00edculo 336 de Estatuto Tributario, modificado por el art\u00edculo 1. de la Ley 1819 de 2016,\" \/>\n\t\t<meta property=\"og:url\" content=\"https:\/\/contadoreshoy.com\/?p=11413\" \/>\n\t\t<meta property=\"og:image\" content=\"https:\/\/contadoreshoy.com\/wp-content\/uploads\/2024\/01\/cropped-cropped-cropped-Copia-de-M.jpg\" \/>\n\t\t<meta property=\"og:image:secure_url\" content=\"https:\/\/contadoreshoy.com\/wp-content\/uploads\/2024\/01\/cropped-cropped-cropped-Copia-de-M.jpg\" \/>\n\t\t<meta property=\"og:image:width\" content=\"512\" \/>\n\t\t<meta property=\"og:image:height\" content=\"371\" \/>\n\t\t<meta property=\"article:published_time\" content=\"2018-12-03T02:08:18+00:00\" \/>\n\t\t<meta property=\"article:modified_time\" content=\"2018-12-03T02:08:18+00:00\" \/>\n\t\t<meta name=\"twitter:card\" content=\"summary_large_image\" \/>\n\t\t<meta name=\"twitter:title\" content=\"Independientes que utilicen la c\u00e9dula de rentas de trabajo pueden restar costos o gastos - Contadores P\u00fablicos\" \/>\n\t\t<meta name=\"twitter:description\" content=\"Mediante la sentencia C-120 de noviembre 14 de 2018, la Corte Constitucional dispuso que los independientes que utilicen la c\u00e9dula de rentas de trabajo pueden restar costos o gastos. &quot;Decisi\u00f3n de la corte: Declarar EXEQUIBLE el inciso primero del art\u00edculo 336 de Estatuto Tributario, modificado por el art\u00edculo 1. de la Ley 1819 de 2016,\" \/>\n\t\t<meta name=\"twitter:image\" content=\"https:\/\/contadoreshoy.com\/wp-content\/uploads\/2024\/01\/cropped-cropped-cropped-Copia-de-M.jpg\" \/>\n\t\t<script type=\"application\/ld+json\" class=\"aioseo-schema\">\n\t\t\t{\"@context\":\"https:\\\/\\\/schema.org\",\"@graph\":[{\"@type\":\"BlogPosting\",\"@id\":\"https:\\\/\\\/contadoreshoy.com\\\/?p=11413#blogposting\",\"name\":\"Independientes que utilicen la c\\u00e9dula de rentas de trabajo pueden restar costos o gastos - Contadores P\\u00fablicos\",\"headline\":\"Independientes que utilicen la c\\u00e9dula de rentas de trabajo pueden restar costos o gastos\",\"author\":{\"@id\":\"https:\\\/\\\/contadoreshoy.com\\\/?author=1#author\"},\"publisher\":{\"@id\":\"https:\\\/\\\/contadoreshoy.com\\\/#organization\"},\"image\":{\"@type\":\"ImageObject\",\"url\":\"https:\\\/\\\/contadoreshoy.com\\\/wp-content\\\/uploads\\\/2018\\\/01\\\/Trabajadores.jpg\",\"width\":800,\"height\":600},\"datePublished\":\"2018-12-02T21:08:18-05:00\",\"dateModified\":\"2018-12-02T21:08:18-05:00\",\"inLanguage\":\"es-ES\",\"mainEntityOfPage\":{\"@id\":\"https:\\\/\\\/contadoreshoy.com\\\/?p=11413#webpage\"},\"isPartOf\":{\"@id\":\"https:\\\/\\\/contadoreshoy.com\\\/?p=11413#webpage\"},\"articleSection\":\"Sin categor\\u00eda, Uncategorized\"},{\"@type\":\"BreadcrumbList\",\"@id\":\"https:\\\/\\\/contadoreshoy.com\\\/?p=11413#breadcrumblist\",\"itemListElement\":[{\"@type\":\"ListItem\",\"@id\":\"https:\\\/\\\/contadoreshoy.com#listItem\",\"position\":1,\"name\":\"Home\",\"item\":\"https:\\\/\\\/contadoreshoy.com\",\"nextItem\":{\"@type\":\"ListItem\",\"@id\":\"https:\\\/\\\/contadoreshoy.com\\\/?cat=1#listItem\",\"name\":\"Uncategorized\"}},{\"@type\":\"ListItem\",\"@id\":\"https:\\\/\\\/contadoreshoy.com\\\/?cat=1#listItem\",\"position\":2,\"name\":\"Uncategorized\",\"item\":\"https:\\\/\\\/contadoreshoy.com\\\/?cat=1\",\"nextItem\":{\"@type\":\"ListItem\",\"@id\":\"https:\\\/\\\/contadoreshoy.com\\\/?p=11413#listItem\",\"name\":\"Independientes que utilicen la c\\u00e9dula de rentas de trabajo pueden restar costos o gastos\"},\"previousItem\":{\"@type\":\"ListItem\",\"@id\":\"https:\\\/\\\/contadoreshoy.com#listItem\",\"name\":\"Home\"}},{\"@type\":\"ListItem\",\"@id\":\"https:\\\/\\\/contadoreshoy.com\\\/?p=11413#listItem\",\"position\":3,\"name\":\"Independientes que utilicen la c\\u00e9dula de rentas de trabajo pueden restar costos o gastos\",\"previousItem\":{\"@type\":\"ListItem\",\"@id\":\"https:\\\/\\\/contadoreshoy.com\\\/?cat=1#listItem\",\"name\":\"Uncategorized\"}}]},{\"@type\":\"Organization\",\"@id\":\"https:\\\/\\\/contadoreshoy.com\\\/#organization\",\"name\":\"Contadores P\\u00fablicos\",\"description\":\"Portal para Contadores P\\u00fablicos y empresarios\",\"url\":\"https:\\\/\\\/contadoreshoy.com\\\/\",\"logo\":{\"@type\":\"ImageObject\",\"url\":\"https:\\\/\\\/contadoreshoy.com\\\/wp-content\\\/uploads\\\/2024\\\/01\\\/cropped-cropped-Copia-de-M-1.jpg\",\"@id\":\"https:\\\/\\\/contadoreshoy.com\\\/?p=11413\\\/#organizationLogo\",\"width\":499,\"height\":500},\"image\":{\"@id\":\"https:\\\/\\\/contadoreshoy.com\\\/?p=11413\\\/#organizationLogo\"}},{\"@type\":\"Person\",\"@id\":\"https:\\\/\\\/contadoreshoy.com\\\/?author=1#author\",\"url\":\"https:\\\/\\\/contadoreshoy.com\\\/?author=1\",\"name\":\"Miguel Antonio M\\u00e1rquez Monta\\u00f1ez\"},{\"@type\":\"WebPage\",\"@id\":\"https:\\\/\\\/contadoreshoy.com\\\/?p=11413#webpage\",\"url\":\"https:\\\/\\\/contadoreshoy.com\\\/?p=11413\",\"name\":\"Independientes que utilicen la c\\u00e9dula de rentas de trabajo pueden restar costos o gastos - Contadores P\\u00fablicos\",\"description\":\"Mediante la sentencia C-120 de noviembre 14 de 2018, la Corte Constitucional dispuso que los independientes que utilicen la c\\u00e9dula de rentas de trabajo pueden restar costos o gastos. \\\"Decisi\\u00f3n de la corte: Declarar EXEQUIBLE el inciso primero del art\\u00edculo 336 de Estatuto Tributario, modificado por el art\\u00edculo 1. de la Ley 1819 de 2016,\",\"inLanguage\":\"es-ES\",\"isPartOf\":{\"@id\":\"https:\\\/\\\/contadoreshoy.com\\\/#website\"},\"breadcrumb\":{\"@id\":\"https:\\\/\\\/contadoreshoy.com\\\/?p=11413#breadcrumblist\"},\"author\":{\"@id\":\"https:\\\/\\\/contadoreshoy.com\\\/?author=1#author\"},\"creator\":{\"@id\":\"https:\\\/\\\/contadoreshoy.com\\\/?author=1#author\"},\"image\":{\"@type\":\"ImageObject\",\"url\":\"https:\\\/\\\/contadoreshoy.com\\\/wp-content\\\/uploads\\\/2018\\\/01\\\/Trabajadores.jpg\",\"@id\":\"https:\\\/\\\/contadoreshoy.com\\\/?p=11413\\\/#mainImage\",\"width\":800,\"height\":600},\"primaryImageOfPage\":{\"@id\":\"https:\\\/\\\/contadoreshoy.com\\\/?p=11413#mainImage\"},\"datePublished\":\"2018-12-02T21:08:18-05:00\",\"dateModified\":\"2018-12-02T21:08:18-05:00\"},{\"@type\":\"WebSite\",\"@id\":\"https:\\\/\\\/contadoreshoy.com\\\/#website\",\"url\":\"https:\\\/\\\/contadoreshoy.com\\\/\",\"name\":\"Contadores P\\u00fablicos\",\"description\":\"Portal para Contadores P\\u00fablicos y empresarios\",\"inLanguage\":\"es-ES\",\"publisher\":{\"@id\":\"https:\\\/\\\/contadoreshoy.com\\\/#organization\"}}]}\n\t\t<\/script>\n\t\t<!-- All in One SEO -->\n\n","aioseo_head_json":{"title":"Independientes que utilicen la c\u00e9dula de rentas de trabajo pueden restar costos o gastos - Contadores P\u00fablicos","description":"Mediante la sentencia C-120 de noviembre 14 de 2018, la Corte Constitucional dispuso que los independientes que utilicen la c\u00e9dula de rentas de trabajo pueden restar costos o gastos. \"Decisi\u00f3n de la corte: Declarar EXEQUIBLE el inciso primero del art\u00edculo 336 de Estatuto Tributario, modificado por el art\u00edculo 1. de la Ley 1819 de 2016,","canonical_url":"https:\/\/contadoreshoy.com\/?p=11413","robots":"max-image-preview:large","keywords":"","webmasterTools":{"miscellaneous":""},"schema":{"@context":"https:\/\/schema.org","@graph":[{"@type":"BlogPosting","@id":"https:\/\/contadoreshoy.com\/?p=11413#blogposting","name":"Independientes que utilicen la c\u00e9dula de rentas de trabajo pueden restar costos o gastos - Contadores P\u00fablicos","headline":"Independientes que utilicen la c\u00e9dula de rentas de trabajo pueden restar costos o gastos","author":{"@id":"https:\/\/contadoreshoy.com\/?author=1#author"},"publisher":{"@id":"https:\/\/contadoreshoy.com\/#organization"},"image":{"@type":"ImageObject","url":"https:\/\/contadoreshoy.com\/wp-content\/uploads\/2018\/01\/Trabajadores.jpg","width":800,"height":600},"datePublished":"2018-12-02T21:08:18-05:00","dateModified":"2018-12-02T21:08:18-05:00","inLanguage":"es-ES","mainEntityOfPage":{"@id":"https:\/\/contadoreshoy.com\/?p=11413#webpage"},"isPartOf":{"@id":"https:\/\/contadoreshoy.com\/?p=11413#webpage"},"articleSection":"Sin categor\u00eda, Uncategorized"},{"@type":"BreadcrumbList","@id":"https:\/\/contadoreshoy.com\/?p=11413#breadcrumblist","itemListElement":[{"@type":"ListItem","@id":"https:\/\/contadoreshoy.com#listItem","position":1,"name":"Home","item":"https:\/\/contadoreshoy.com","nextItem":{"@type":"ListItem","@id":"https:\/\/contadoreshoy.com\/?cat=1#listItem","name":"Uncategorized"}},{"@type":"ListItem","@id":"https:\/\/contadoreshoy.com\/?cat=1#listItem","position":2,"name":"Uncategorized","item":"https:\/\/contadoreshoy.com\/?cat=1","nextItem":{"@type":"ListItem","@id":"https:\/\/contadoreshoy.com\/?p=11413#listItem","name":"Independientes que utilicen la c\u00e9dula de rentas de trabajo pueden restar costos o gastos"},"previousItem":{"@type":"ListItem","@id":"https:\/\/contadoreshoy.com#listItem","name":"Home"}},{"@type":"ListItem","@id":"https:\/\/contadoreshoy.com\/?p=11413#listItem","position":3,"name":"Independientes que utilicen la c\u00e9dula de rentas de trabajo pueden restar costos o gastos","previousItem":{"@type":"ListItem","@id":"https:\/\/contadoreshoy.com\/?cat=1#listItem","name":"Uncategorized"}}]},{"@type":"Organization","@id":"https:\/\/contadoreshoy.com\/#organization","name":"Contadores P\u00fablicos","description":"Portal para Contadores P\u00fablicos y empresarios","url":"https:\/\/contadoreshoy.com\/","logo":{"@type":"ImageObject","url":"https:\/\/contadoreshoy.com\/wp-content\/uploads\/2024\/01\/cropped-cropped-Copia-de-M-1.jpg","@id":"https:\/\/contadoreshoy.com\/?p=11413\/#organizationLogo","width":499,"height":500},"image":{"@id":"https:\/\/contadoreshoy.com\/?p=11413\/#organizationLogo"}},{"@type":"Person","@id":"https:\/\/contadoreshoy.com\/?author=1#author","url":"https:\/\/contadoreshoy.com\/?author=1","name":"Miguel Antonio M\u00e1rquez Monta\u00f1ez"},{"@type":"WebPage","@id":"https:\/\/contadoreshoy.com\/?p=11413#webpage","url":"https:\/\/contadoreshoy.com\/?p=11413","name":"Independientes que utilicen la c\u00e9dula de rentas de trabajo pueden restar costos o gastos - Contadores P\u00fablicos","description":"Mediante la sentencia C-120 de noviembre 14 de 2018, la Corte Constitucional dispuso que los independientes que utilicen la c\u00e9dula de rentas de trabajo pueden restar costos o gastos. \"Decisi\u00f3n de la corte: Declarar EXEQUIBLE el inciso primero del art\u00edculo 336 de Estatuto Tributario, modificado por el art\u00edculo 1. de la Ley 1819 de 2016,","inLanguage":"es-ES","isPartOf":{"@id":"https:\/\/contadoreshoy.com\/#website"},"breadcrumb":{"@id":"https:\/\/contadoreshoy.com\/?p=11413#breadcrumblist"},"author":{"@id":"https:\/\/contadoreshoy.com\/?author=1#author"},"creator":{"@id":"https:\/\/contadoreshoy.com\/?author=1#author"},"image":{"@type":"ImageObject","url":"https:\/\/contadoreshoy.com\/wp-content\/uploads\/2018\/01\/Trabajadores.jpg","@id":"https:\/\/contadoreshoy.com\/?p=11413\/#mainImage","width":800,"height":600},"primaryImageOfPage":{"@id":"https:\/\/contadoreshoy.com\/?p=11413#mainImage"},"datePublished":"2018-12-02T21:08:18-05:00","dateModified":"2018-12-02T21:08:18-05:00"},{"@type":"WebSite","@id":"https:\/\/contadoreshoy.com\/#website","url":"https:\/\/contadoreshoy.com\/","name":"Contadores P\u00fablicos","description":"Portal para Contadores P\u00fablicos y empresarios","inLanguage":"es-ES","publisher":{"@id":"https:\/\/contadoreshoy.com\/#organization"}}]},"og:locale":"es_ES","og:site_name":"Contadores P\u00fablicos - Portal para Contadores P\u00fablicos y empresarios","og:type":"article","og:title":"Independientes que utilicen la c\u00e9dula de rentas de trabajo pueden restar costos o gastos - Contadores P\u00fablicos","og:description":"Mediante la sentencia C-120 de noviembre 14 de 2018, la Corte Constitucional dispuso que los independientes que utilicen la c\u00e9dula de rentas de trabajo pueden restar costos o gastos. &quot;Decisi\u00f3n de la corte: Declarar EXEQUIBLE el inciso primero del art\u00edculo 336 de Estatuto Tributario, modificado por el art\u00edculo 1. de la Ley 1819 de 2016,","og:url":"https:\/\/contadoreshoy.com\/?p=11413","og:image":"https:\/\/contadoreshoy.com\/wp-content\/uploads\/2024\/01\/cropped-cropped-cropped-Copia-de-M.jpg","og:image:secure_url":"https:\/\/contadoreshoy.com\/wp-content\/uploads\/2024\/01\/cropped-cropped-cropped-Copia-de-M.jpg","og:image:width":512,"og:image:height":371,"article:published_time":"2018-12-03T02:08:18+00:00","article:modified_time":"2018-12-03T02:08:18+00:00","twitter:card":"summary_large_image","twitter:title":"Independientes que utilicen la c\u00e9dula de rentas de trabajo pueden restar costos o gastos - Contadores P\u00fablicos","twitter:description":"Mediante la sentencia C-120 de noviembre 14 de 2018, la Corte Constitucional dispuso que los independientes que utilicen la c\u00e9dula de rentas de trabajo pueden restar costos o gastos. &quot;Decisi\u00f3n de la corte: Declarar EXEQUIBLE el inciso primero del art\u00edculo 336 de Estatuto Tributario, modificado por el art\u00edculo 1. de la Ley 1819 de 2016,","twitter:image":"https:\/\/contadoreshoy.com\/wp-content\/uploads\/2024\/01\/cropped-cropped-cropped-Copia-de-M.jpg"},"aioseo_meta_data":{"post_id":"11413","title":null,"description":null,"keywords":null,"keyphrases":null,"primary_term":null,"canonical_url":null,"og_title":null,"og_description":null,"og_object_type":"default","og_image_type":"default","og_image_url":null,"og_image_width":null,"og_image_height":null,"og_image_custom_url":null,"og_image_custom_fields":null,"og_video":null,"og_custom_url":null,"og_article_section":null,"og_article_tags":null,"twitter_use_og":false,"twitter_card":"default","twitter_image_type":"default","twitter_image_url":null,"twitter_image_custom_url":null,"twitter_image_custom_fields":null,"twitter_title":null,"twitter_description":null,"schema":{"blockGraphs":[],"customGraphs":[],"default":{"data":{"Article":[],"Course":[],"Dataset":[],"FAQPage":[],"Movie":[],"Person":[],"Product":[],"ProductReview":[],"Car":[],"Recipe":[],"Service":[],"SoftwareApplication":[],"WebPage":[]},"graphName":"","isEnabled":true},"graphs":[]},"schema_type":"default","schema_type_options":null,"pillar_content":false,"robots_default":true,"robots_noindex":false,"robots_noarchive":false,"robots_nosnippet":false,"robots_nofollow":false,"robots_noimageindex":false,"robots_noodp":false,"robots_notranslate":false,"robots_max_snippet":null,"robots_max_videopreview":null,"robots_max_imagepreview":"large","priority":null,"frequency":null,"local_seo":null,"breadcrumb_settings":null,"limit_modified_date":false,"ai":null,"created":"2024-03-05 02:00:12","updated":"2026-03-03 05:13:03","seo_analyzer_scan_date":null,"focus_keyword":null,"additional_keywords":null,"truseo_locale":null},"aioseo_breadcrumb":"<div class=\"aioseo-breadcrumbs\"><span class=\"aioseo-breadcrumb\">\n\t\t\t<a href=\"https:\/\/contadoreshoy.com\" title=\"Home\">Home<\/a>\n\t\t<\/span><span class=\"aioseo-breadcrumb-separator\">&raquo;<\/span><span class=\"aioseo-breadcrumb\">\n\t\t\t<a href=\"https:\/\/contadoreshoy.com\/?cat=1\" title=\"Uncategorized\">Uncategorized<\/a>\n\t\t<\/span><span class=\"aioseo-breadcrumb-separator\">&raquo;<\/span><span class=\"aioseo-breadcrumb\">\n\t\t\tIndependientes que utilicen la c\u00e9dula de rentas de trabajo pueden restar costos o gastos\n\t\t<\/span><\/div>","aioseo_breadcrumb_json":[{"label":"Home","link":"https:\/\/contadoreshoy.com"},{"label":"Uncategorized","link":"https:\/\/contadoreshoy.com\/?cat=1"},{"label":"Independientes que utilicen la c\u00e9dula de rentas de trabajo pueden restar costos o gastos","link":"https:\/\/contadoreshoy.com\/?p=11413"}],"yoast_head":"<!-- This site is optimized with the Yoast SEO plugin v28.4 - https:\/\/yoast.com\/product\/yoast-seo-wordpress\/ -->\n<title>Independientes que utilicen la c\u00e9dula de rentas de trabajo pueden restar costos o gastos - Contadores P\u00fablicos<\/title>\n<meta name=\"robots\" content=\"index, follow, max-snippet:-1, max-image-preview:large, max-video-preview:-1\" \/>\n<link rel=\"canonical\" href=\"https:\/\/contadoreshoy.com\/?p=11413\" \/>\n<meta property=\"og:locale\" content=\"es_ES\" \/>\n<meta property=\"og:type\" content=\"article\" \/>\n<meta property=\"og:title\" content=\"Independientes que utilicen la c\u00e9dula de rentas de trabajo pueden restar costos o gastos - Contadores P\u00fablicos\" \/>\n<meta property=\"og:description\" content=\"Mediante la sentencia C-120 de noviembre 14 de 2018, la Corte Constitucional dispuso que los independientes que utilicen la c\u00e9dula de rentas de trabajo pueden restar costos o gastos. \u00abDecisi\u00f3n&#046;&#046;&#046;\" \/>\n<meta property=\"og:url\" content=\"https:\/\/contadoreshoy.com\/?p=11413\" \/>\n<meta property=\"og:site_name\" content=\"Contadores P\u00fablicos\" \/>\n<meta property=\"article:publisher\" content=\"https:\/\/www.facebook.com\/CCCPBucaramanga\/\" \/>\n<meta property=\"article:published_time\" content=\"2018-12-03T02:08:18+00:00\" \/>\n<meta property=\"og:image\" content=\"https:\/\/contadoreshoy.com\/wp-content\/uploads\/2018\/01\/Trabajadores.jpg\" \/>\n\t<meta property=\"og:image:width\" content=\"800\" \/>\n\t<meta property=\"og:image:height\" content=\"600\" \/>\n\t<meta property=\"og:image:type\" content=\"image\/jpeg\" \/>\n<meta name=\"author\" content=\"Miguel Antonio M\u00e1rquez Monta\u00f1ez\" \/>\n<meta name=\"twitter:card\" content=\"summary_large_image\" \/>\n<meta name=\"twitter:label1\" content=\"Escrito por\" \/>\n\t<meta name=\"twitter:data1\" content=\"Miguel Antonio M\u00e1rquez Monta\u00f1ez\" \/>\n\t<meta name=\"twitter:label2\" content=\"Tiempo de lectura\" \/>\n\t<meta name=\"twitter:data2\" content=\"9 minutos\" \/>\n<script type=\"application\/ld+json\" class=\"yoast-schema-graph\">{\"@context\":\"https:\\\/\\\/schema.org\",\"@graph\":[{\"@type\":\"Article\",\"@id\":\"https:\\\/\\\/contadoreshoy.com\\\/?p=11413#article\",\"isPartOf\":{\"@id\":\"https:\\\/\\\/contadoreshoy.com\\\/?p=11413\"},\"author\":{\"name\":\"Miguel Antonio M\u00e1rquez Monta\u00f1ez\",\"@id\":\"https:\\\/\\\/contadoreshoy.com\\\/#\\\/schema\\\/person\\\/96d8979cb865537c5dc9345e40089fc5\"},\"headline\":\"Independientes que utilicen la c\u00e9dula de rentas de trabajo pueden restar costos o gastos\",\"datePublished\":\"2018-12-03T02:08:18+00:00\",\"mainEntityOfPage\":{\"@id\":\"https:\\\/\\\/contadoreshoy.com\\\/?p=11413\"},\"wordCount\":1752,\"publisher\":{\"@id\":\"https:\\\/\\\/contadoreshoy.com\\\/#organization\"},\"image\":{\"@id\":\"https:\\\/\\\/contadoreshoy.com\\\/?p=11413#primaryimage\"},\"thumbnailUrl\":\"https:\\\/\\\/contadoreshoy.com\\\/wp-content\\\/uploads\\\/2018\\\/01\\\/Trabajadores.jpg\",\"articleSection\":{\"1\":\"Uncategorized\"},\"inLanguage\":\"es\"},{\"@type\":\"WebPage\",\"@id\":\"https:\\\/\\\/contadoreshoy.com\\\/?p=11413\",\"url\":\"https:\\\/\\\/contadoreshoy.com\\\/?p=11413\",\"name\":\"Independientes que utilicen la c\u00e9dula de rentas de trabajo pueden restar costos o gastos - Contadores P\u00fablicos\",\"isPartOf\":{\"@id\":\"https:\\\/\\\/contadoreshoy.com\\\/#website\"},\"primaryImageOfPage\":{\"@id\":\"https:\\\/\\\/contadoreshoy.com\\\/?p=11413#primaryimage\"},\"image\":{\"@id\":\"https:\\\/\\\/contadoreshoy.com\\\/?p=11413#primaryimage\"},\"thumbnailUrl\":\"https:\\\/\\\/contadoreshoy.com\\\/wp-content\\\/uploads\\\/2018\\\/01\\\/Trabajadores.jpg\",\"datePublished\":\"2018-12-03T02:08:18+00:00\",\"breadcrumb\":{\"@id\":\"https:\\\/\\\/contadoreshoy.com\\\/?p=11413#breadcrumb\"},\"inLanguage\":\"es\",\"potentialAction\":[{\"@type\":\"ReadAction\",\"target\":[\"https:\\\/\\\/contadoreshoy.com\\\/?p=11413\"]}]},{\"@type\":\"ImageObject\",\"inLanguage\":\"es\",\"@id\":\"https:\\\/\\\/contadoreshoy.com\\\/?p=11413#primaryimage\",\"url\":\"https:\\\/\\\/contadoreshoy.com\\\/wp-content\\\/uploads\\\/2018\\\/01\\\/Trabajadores.jpg\",\"contentUrl\":\"https:\\\/\\\/contadoreshoy.com\\\/wp-content\\\/uploads\\\/2018\\\/01\\\/Trabajadores.jpg\",\"width\":800,\"height\":600},{\"@type\":\"BreadcrumbList\",\"@id\":\"https:\\\/\\\/contadoreshoy.com\\\/?p=11413#breadcrumb\",\"itemListElement\":[{\"@type\":\"ListItem\",\"position\":1,\"name\":\"Portada\",\"item\":\"https:\\\/\\\/contadoreshoy.com\\\/\"},{\"@type\":\"ListItem\",\"position\":2,\"name\":\"Independientes que utilicen la c\u00e9dula de rentas de trabajo pueden restar costos o gastos\"}]},{\"@type\":\"WebSite\",\"@id\":\"https:\\\/\\\/contadoreshoy.com\\\/#website\",\"url\":\"https:\\\/\\\/contadoreshoy.com\\\/\",\"name\":\"Contadorespublicossantander\",\"description\":\"Portal para Contadores P\u00fablicos y empresarios\",\"publisher\":{\"@id\":\"https:\\\/\\\/contadoreshoy.com\\\/#organization\"},\"potentialAction\":[{\"@type\":\"SearchAction\",\"target\":{\"@type\":\"EntryPoint\",\"urlTemplate\":\"https:\\\/\\\/contadoreshoy.com\\\/?s={search_term_string}\"},\"query-input\":{\"@type\":\"PropertyValueSpecification\",\"valueRequired\":true,\"valueName\":\"search_term_string\"}}],\"inLanguage\":\"es\"},{\"@type\":\"Organization\",\"@id\":\"https:\\\/\\\/contadoreshoy.com\\\/#organization\",\"name\":\"Contadores P\u00fablicos de Santander\",\"url\":\"https:\\\/\\\/contadoreshoy.com\\\/\",\"logo\":{\"@type\":\"ImageObject\",\"inLanguage\":\"es\",\"@id\":\"https:\\\/\\\/contadoreshoy.com\\\/#\\\/schema\\\/logo\\\/image\\\/\",\"url\":\"https:\\\/\\\/contadoreshoy.com\\\/wp-content\\\/uploads\\\/2024\\\/01\\\/cropped-cropped-Copia-de-M-1.jpg\",\"contentUrl\":\"https:\\\/\\\/contadoreshoy.com\\\/wp-content\\\/uploads\\\/2024\\\/01\\\/cropped-cropped-Copia-de-M-1.jpg\",\"width\":499,\"height\":500,\"caption\":\"Contadores P\u00fablicos de Santander\"},\"image\":{\"@id\":\"https:\\\/\\\/contadoreshoy.com\\\/#\\\/schema\\\/logo\\\/image\\\/\"},\"sameAs\":[\"https:\\\/\\\/www.facebook.com\\\/CCCPBucaramanga\\\/\"]},{\"@type\":\"Person\",\"@id\":\"https:\\\/\\\/contadoreshoy.com\\\/#\\\/schema\\\/person\\\/96d8979cb865537c5dc9345e40089fc5\",\"name\":\"Miguel Antonio M\u00e1rquez Monta\u00f1ez\",\"description\":\"Contador P\u00fablico egresado de la Universidad Aut\u00f3noma de Bucaramanga - Asesor contable tributario con m\u00e1s de 25 a\u00f1os de experiencia - Conferencista en temas contables y tributarios - T\u00e9cnico en Hardware y Dise\u00f1o Web - Creador y director Grupo de Estudio Colegio Colombiano de Contadores P\u00fablicos de Bucaramanga - Creador y Master Web p\u00e1gina www.contadoresp\u00fablicossantander.com - Expresidente Colegio Colombiano de Contadores P\u00fablicos Bucaramanga\",\"url\":\"https:\\\/\\\/contadoreshoy.com\\\/?author=1\"}]}<\/script>\n<!-- \/ Yoast SEO plugin. -->","yoast_head_json":{"title":"Independientes que utilicen la c\u00e9dula de rentas de trabajo pueden restar costos o gastos - Contadores P\u00fablicos","robots":{"index":"index","follow":"follow","max-snippet":"max-snippet:-1","max-image-preview":"max-image-preview:large","max-video-preview":"max-video-preview:-1"},"canonical":"https:\/\/contadoreshoy.com\/?p=11413","og_locale":"es_ES","og_type":"article","og_title":"Independientes que utilicen la c\u00e9dula de rentas de trabajo pueden restar costos o gastos - Contadores P\u00fablicos","og_description":"Mediante la sentencia C-120 de noviembre 14 de 2018, la Corte Constitucional dispuso que los independientes que utilicen la c\u00e9dula de rentas de trabajo pueden restar costos o gastos. \u00abDecisi\u00f3n&#46;&#46;&#46;","og_url":"https:\/\/contadoreshoy.com\/?p=11413","og_site_name":"Contadores P\u00fablicos","article_publisher":"https:\/\/www.facebook.com\/CCCPBucaramanga\/","article_published_time":"2018-12-03T02:08:18+00:00","og_image":[{"width":800,"height":600,"url":"https:\/\/contadoreshoy.com\/wp-content\/uploads\/2018\/01\/Trabajadores.jpg","type":"image\/jpeg"}],"author":"Miguel Antonio M\u00e1rquez Monta\u00f1ez","twitter_card":"summary_large_image","twitter_misc":{"Escrito por":"Miguel Antonio M\u00e1rquez Monta\u00f1ez","Tiempo de lectura":"9 minutos"},"schema":{"@context":"https:\/\/schema.org","@graph":[{"@type":"Article","@id":"https:\/\/contadoreshoy.com\/?p=11413#article","isPartOf":{"@id":"https:\/\/contadoreshoy.com\/?p=11413"},"author":{"name":"Miguel Antonio M\u00e1rquez Monta\u00f1ez","@id":"https:\/\/contadoreshoy.com\/#\/schema\/person\/96d8979cb865537c5dc9345e40089fc5"},"headline":"Independientes que utilicen la c\u00e9dula de rentas de trabajo pueden restar costos o gastos","datePublished":"2018-12-03T02:08:18+00:00","mainEntityOfPage":{"@id":"https:\/\/contadoreshoy.com\/?p=11413"},"wordCount":1752,"publisher":{"@id":"https:\/\/contadoreshoy.com\/#organization"},"image":{"@id":"https:\/\/contadoreshoy.com\/?p=11413#primaryimage"},"thumbnailUrl":"https:\/\/contadoreshoy.com\/wp-content\/uploads\/2018\/01\/Trabajadores.jpg","articleSection":{"1":"Uncategorized"},"inLanguage":"es"},{"@type":"WebPage","@id":"https:\/\/contadoreshoy.com\/?p=11413","url":"https:\/\/contadoreshoy.com\/?p=11413","name":"Independientes que utilicen la c\u00e9dula de rentas de trabajo pueden restar costos o gastos - Contadores P\u00fablicos","isPartOf":{"@id":"https:\/\/contadoreshoy.com\/#website"},"primaryImageOfPage":{"@id":"https:\/\/contadoreshoy.com\/?p=11413#primaryimage"},"image":{"@id":"https:\/\/contadoreshoy.com\/?p=11413#primaryimage"},"thumbnailUrl":"https:\/\/contadoreshoy.com\/wp-content\/uploads\/2018\/01\/Trabajadores.jpg","datePublished":"2018-12-03T02:08:18+00:00","breadcrumb":{"@id":"https:\/\/contadoreshoy.com\/?p=11413#breadcrumb"},"inLanguage":"es","potentialAction":[{"@type":"ReadAction","target":["https:\/\/contadoreshoy.com\/?p=11413"]}]},{"@type":"ImageObject","inLanguage":"es","@id":"https:\/\/contadoreshoy.com\/?p=11413#primaryimage","url":"https:\/\/contadoreshoy.com\/wp-content\/uploads\/2018\/01\/Trabajadores.jpg","contentUrl":"https:\/\/contadoreshoy.com\/wp-content\/uploads\/2018\/01\/Trabajadores.jpg","width":800,"height":600},{"@type":"BreadcrumbList","@id":"https:\/\/contadoreshoy.com\/?p=11413#breadcrumb","itemListElement":[{"@type":"ListItem","position":1,"name":"Portada","item":"https:\/\/contadoreshoy.com\/"},{"@type":"ListItem","position":2,"name":"Independientes que utilicen la c\u00e9dula de rentas de trabajo pueden restar costos o gastos"}]},{"@type":"WebSite","@id":"https:\/\/contadoreshoy.com\/#website","url":"https:\/\/contadoreshoy.com\/","name":"Contadorespublicossantander","description":"Portal para Contadores P\u00fablicos y empresarios","publisher":{"@id":"https:\/\/contadoreshoy.com\/#organization"},"potentialAction":[{"@type":"SearchAction","target":{"@type":"EntryPoint","urlTemplate":"https:\/\/contadoreshoy.com\/?s={search_term_string}"},"query-input":{"@type":"PropertyValueSpecification","valueRequired":true,"valueName":"search_term_string"}}],"inLanguage":"es"},{"@type":"Organization","@id":"https:\/\/contadoreshoy.com\/#organization","name":"Contadores P\u00fablicos de Santander","url":"https:\/\/contadoreshoy.com\/","logo":{"@type":"ImageObject","inLanguage":"es","@id":"https:\/\/contadoreshoy.com\/#\/schema\/logo\/image\/","url":"https:\/\/contadoreshoy.com\/wp-content\/uploads\/2024\/01\/cropped-cropped-Copia-de-M-1.jpg","contentUrl":"https:\/\/contadoreshoy.com\/wp-content\/uploads\/2024\/01\/cropped-cropped-Copia-de-M-1.jpg","width":499,"height":500,"caption":"Contadores P\u00fablicos de Santander"},"image":{"@id":"https:\/\/contadoreshoy.com\/#\/schema\/logo\/image\/"},"sameAs":["https:\/\/www.facebook.com\/CCCPBucaramanga\/"]},{"@type":"Person","@id":"https:\/\/contadoreshoy.com\/#\/schema\/person\/96d8979cb865537c5dc9345e40089fc5","name":"Miguel Antonio M\u00e1rquez Monta\u00f1ez","description":"Contador P\u00fablico egresado de la Universidad Aut\u00f3noma de Bucaramanga - Asesor contable tributario con m\u00e1s de 25 a\u00f1os de experiencia - Conferencista en temas contables y tributarios - T\u00e9cnico en Hardware y Dise\u00f1o Web - Creador y director Grupo de Estudio Colegio Colombiano de Contadores P\u00fablicos de Bucaramanga - Creador y Master Web p\u00e1gina www.contadoresp\u00fablicossantander.com - Expresidente Colegio Colombiano de Contadores P\u00fablicos Bucaramanga","url":"https:\/\/contadoreshoy.com\/?author=1"}]}},"_links":{"self":[{"href":"https:\/\/contadoreshoy.com\/index.php?rest_route=\/wp\/v2\/posts\/11413","targetHints":{"allow":["GET"]}}],"collection":[{"href":"https:\/\/contadoreshoy.com\/index.php?rest_route=\/wp\/v2\/posts"}],"about":[{"href":"https:\/\/contadoreshoy.com\/index.php?rest_route=\/wp\/v2\/types\/post"}],"author":[{"embeddable":true,"href":"https:\/\/contadoreshoy.com\/index.php?rest_route=\/wp\/v2\/users\/1"}],"replies":[{"embeddable":true,"href":"https:\/\/contadoreshoy.com\/index.php?rest_route=%2Fwp%2Fv2%2Fcomments&post=11413"}],"version-history":[{"count":1,"href":"https:\/\/contadoreshoy.com\/index.php?rest_route=\/wp\/v2\/posts\/11413\/revisions"}],"predecessor-version":[{"id":11414,"href":"https:\/\/contadoreshoy.com\/index.php?rest_route=\/wp\/v2\/posts\/11413\/revisions\/11414"}],"wp:featuredmedia":[{"embeddable":true,"href":"https:\/\/contadoreshoy.com\/index.php?rest_route=\/wp\/v2\/media\/10527"}],"wp:attachment":[{"href":"https:\/\/contadoreshoy.com\/index.php?rest_route=%2Fwp%2Fv2%2Fmedia&parent=11413"}],"wp:term":[{"taxonomy":"category","embeddable":true,"href":"https:\/\/contadoreshoy.com\/index.php?rest_route=%2Fwp%2Fv2%2Fcategories&post=11413"},{"taxonomy":"post_tag","embeddable":true,"href":"https:\/\/contadoreshoy.com\/index.php?rest_route=%2Fwp%2Fv2%2Ftags&post=11413"}],"curies":[{"name":"wp","href":"https:\/\/api.w.org\/{rel}","templated":true}]}}