{"id":11642,"date":"2019-02-21T13:00:35","date_gmt":"2019-02-21T18:00:35","guid":{"rendered":"https:\/\/contadoreshoy.com\/?p=11642"},"modified":"2019-02-21T13:03:50","modified_gmt":"2019-02-21T18:03:50","slug":"calendario-implementar-factura-electronica-proyecto-dian","status":"publish","type":"post","link":"https:\/\/contadoreshoy.com\/?p=11642","title":{"rendered":"Calendario para implementar Factura Electr\u00f3nica &#8211; Proyecto DIAN"},"content":{"rendered":"<p style=\"text-align: justify;\"><strong>De acuerdo al&nbsp;<a href=\"https:\/\/www.dian.gov.co\/normatividad\/Proyectosnormas\/Proyecto%20Resoluci%C3%B3n%20000000%20de%2013-02-2019.pdf\" target=\"_blank\" rel=\"noopener\">proyecto de Resoluci\u00f3n DIAN<\/a>, del mes de febrero de 2019, los sujetos obligados a expedir factura electr\u00f3nica de venta conforme lo indica el art\u00edculo 2 de este proyecto de Resoluci\u00f3n, deber\u00e1n cumplir con la obligaci\u00f3n de expedir factura electr\u00f3nica de venta,&nbsp; teniendo en cuenta el siguiente calendario de implementaci\u00f3n, el cual fue establecido de acuerdo a la actividad econ\u00f3mica principal inscrita en el Registro \u00danico Tributario &#8211; RUT:<\/strong><\/p>\n<p><img loading=\"lazy\" decoding=\"async\" class=\"aligncenter wp-image-11641 size-full\" src=\"https:\/\/contadoreshoy.com\/wp-content\/uploads\/2019\/02\/Calendario-implementaci\u00f3n-factura-electr\u00f3nica.jpg\" alt=\"\" width=\"600\" height=\"800\" srcset=\"https:\/\/contadoreshoy.com\/wp-content\/uploads\/2019\/02\/Calendario-implementaci\u00f3n-factura-electr\u00f3nica.jpg 600w, https:\/\/contadoreshoy.com\/wp-content\/uploads\/2019\/02\/Calendario-implementaci\u00f3n-factura-electr\u00f3nica-300x400.jpg 300w\" sizes=\"auto, (max-width: 600px) 100vw, 600px\" \/><\/p>\n<p><span style=\"font-size: 14pt;\"><a href=\"https:\/\/www.dian.gov.co\/normatividad\/Proyectosnormas\/Proyecto%20Resoluci%C3%B3n%20000000%20de%2013-02-2019.pdf\" target=\"_blank\" rel=\"noopener\"><span style=\"color: #0000ff;\"><strong>Para ver proyecto de Resoluci\u00f3n dar click aqu\u00ed:<\/strong><\/span><\/a><\/span><\/p>\n","protected":false},"excerpt":{"rendered":"<p>De acuerdo al&nbsp;proyecto de Resoluci\u00f3n DIAN, del mes de febrero de 2019, los sujetos obligados a expedir factura electr\u00f3nica de venta conforme lo indica el art\u00edculo 2 de este proyecto&#46;&#46;&#46;<\/p>\n","protected":false},"author":1,"featured_media":6463,"comment_status":"closed","ping_status":"open","sticky":false,"template":"","format":"standard","meta":{"_monsterinsights_skip_tracking":false,"ngg_post_thumbnail":0,"footnotes":"","_links_to":"","_links_to_target":""},"categories":[454,458,1],"tags":[],"class_list":["post-11642","post","type-post","status-publish","format-standard","has-post-thumbnail","hentry","category-sin-categoria","category-ultimas","category-uncategorized"],"aioseo_notices":[],"aioseo_head":"\n\t\t<!-- All in One SEO 5.0.1.1 - aioseo.com -->\n\t<meta name=\"description\" content=\"De acuerdo al proyecto de Resoluci\u00f3n DIAN, del mes de febrero de 2019, los sujetos obligados a expedir factura electr\u00f3nica de venta conforme lo indica el art\u00edculo 2 de este proyecto de Resoluci\u00f3n, deber\u00e1n cumplir con la obligaci\u00f3n de expedir factura electr\u00f3nica de venta, teniendo en cuenta el siguiente calendario de implementaci\u00f3n, el cual fue establecido\" \/>\n\t<meta name=\"robots\" content=\"max-image-preview:large\" \/>\n\t<meta name=\"author\" content=\"Miguel Antonio M\u00e1rquez Monta\u00f1ez\"\/>\n\t<link rel=\"canonical\" href=\"https:\/\/contadoreshoy.com\/?p=11642\" \/>\n\t<meta name=\"generator\" content=\"All in One SEO (AIOSEO) 5.0.1.1\" \/>\n\t\t<meta property=\"og:locale\" content=\"es_ES\" \/>\n\t\t<meta property=\"og:site_name\" content=\"Contadores P\u00fablicos - Portal para Contadores P\u00fablicos y empresarios\" \/>\n\t\t<meta property=\"og:type\" content=\"article\" \/>\n\t\t<meta property=\"og:title\" content=\"Calendario para implementar Factura Electr\u00f3nica \u2013 Proyecto DIAN - Contadores P\u00fablicos\" \/>\n\t\t<meta property=\"og:description\" content=\"De acuerdo al proyecto de Resoluci\u00f3n DIAN, del mes de febrero de 2019, los sujetos obligados a expedir factura electr\u00f3nica de venta conforme lo indica el art\u00edculo 2 de este proyecto de Resoluci\u00f3n, deber\u00e1n cumplir con la obligaci\u00f3n de expedir factura electr\u00f3nica de venta, teniendo en cuenta el siguiente calendario de implementaci\u00f3n, el cual fue establecido\" \/>\n\t\t<meta property=\"og:url\" content=\"https:\/\/contadoreshoy.com\/?p=11642\" \/>\n\t\t<meta property=\"og:image\" content=\"https:\/\/contadoreshoy.com\/wp-content\/uploads\/2024\/01\/cropped-cropped-cropped-Copia-de-M.jpg\" \/>\n\t\t<meta property=\"og:image:secure_url\" content=\"https:\/\/contadoreshoy.com\/wp-content\/uploads\/2024\/01\/cropped-cropped-cropped-Copia-de-M.jpg\" \/>\n\t\t<meta property=\"og:image:width\" content=\"512\" \/>\n\t\t<meta property=\"og:image:height\" content=\"371\" \/>\n\t\t<meta property=\"article:published_time\" content=\"2019-02-21T18:00:35+00:00\" \/>\n\t\t<meta property=\"article:modified_time\" content=\"2019-02-21T18:03:50+00:00\" \/>\n\t\t<meta name=\"twitter:card\" content=\"summary_large_image\" \/>\n\t\t<meta name=\"twitter:title\" content=\"Calendario para implementar Factura Electr\u00f3nica \u2013 Proyecto DIAN - Contadores P\u00fablicos\" \/>\n\t\t<meta name=\"twitter:description\" content=\"De acuerdo al proyecto de Resoluci\u00f3n DIAN, del mes de febrero de 2019, los sujetos obligados a expedir factura electr\u00f3nica de venta conforme lo indica el art\u00edculo 2 de este proyecto de Resoluci\u00f3n, deber\u00e1n cumplir con la obligaci\u00f3n de expedir factura electr\u00f3nica de venta, teniendo en cuenta el siguiente calendario de implementaci\u00f3n, el cual fue establecido\" \/>\n\t\t<meta name=\"twitter:image\" content=\"https:\/\/contadoreshoy.com\/wp-content\/uploads\/2024\/01\/cropped-cropped-cropped-Copia-de-M.jpg\" \/>\n\t\t<script type=\"application\/ld+json\" class=\"aioseo-schema\">\n\t\t\t{\"@context\":\"https:\\\/\\\/schema.org\",\"@graph\":[{\"@type\":\"BlogPosting\",\"@id\":\"https:\\\/\\\/contadoreshoy.com\\\/?p=11642#blogposting\",\"name\":\"Calendario para implementar Factura Electr\\u00f3nica \\u2013 Proyecto DIAN - Contadores P\\u00fablicos\",\"headline\":\"Calendario para implementar Factura Electr\\u00f3nica &#8211; Proyecto DIAN\",\"author\":{\"@id\":\"https:\\\/\\\/contadoreshoy.com\\\/?author=1#author\"},\"publisher\":{\"@id\":\"https:\\\/\\\/contadoreshoy.com\\\/#organization\"},\"image\":{\"@type\":\"ImageObject\",\"url\":\"https:\\\/\\\/contadoreshoy.com\\\/wp-content\\\/uploads\\\/2015\\\/12\\\/Factura-electr\\u00f3nica.jpg\",\"width\":600,\"height\":400},\"datePublished\":\"2019-02-21T13:00:35-05:00\",\"dateModified\":\"2019-02-21T13:03:50-05:00\",\"inLanguage\":\"es-ES\",\"mainEntityOfPage\":{\"@id\":\"https:\\\/\\\/contadoreshoy.com\\\/?p=11642#webpage\"},\"isPartOf\":{\"@id\":\"https:\\\/\\\/contadoreshoy.com\\\/?p=11642#webpage\"},\"articleSection\":\"Sin categor\\u00eda, Ultimas Noticias, Uncategorized\"},{\"@type\":\"BreadcrumbList\",\"@id\":\"https:\\\/\\\/contadoreshoy.com\\\/?p=11642#breadcrumblist\",\"itemListElement\":[{\"@type\":\"ListItem\",\"@id\":\"https:\\\/\\\/contadoreshoy.com#listItem\",\"position\":1,\"name\":\"Home\",\"item\":\"https:\\\/\\\/contadoreshoy.com\",\"nextItem\":{\"@type\":\"ListItem\",\"@id\":\"https:\\\/\\\/contadoreshoy.com\\\/?cat=1#listItem\",\"name\":\"Uncategorized\"}},{\"@type\":\"ListItem\",\"@id\":\"https:\\\/\\\/contadoreshoy.com\\\/?cat=1#listItem\",\"position\":2,\"name\":\"Uncategorized\",\"item\":\"https:\\\/\\\/contadoreshoy.com\\\/?cat=1\",\"nextItem\":{\"@type\":\"ListItem\",\"@id\":\"https:\\\/\\\/contadoreshoy.com\\\/?p=11642#listItem\",\"name\":\"Calendario para implementar Factura Electr\\u00f3nica &#8211; Proyecto DIAN\"},\"previousItem\":{\"@type\":\"ListItem\",\"@id\":\"https:\\\/\\\/contadoreshoy.com#listItem\",\"name\":\"Home\"}},{\"@type\":\"ListItem\",\"@id\":\"https:\\\/\\\/contadoreshoy.com\\\/?p=11642#listItem\",\"position\":3,\"name\":\"Calendario para implementar Factura Electr\\u00f3nica &#8211; Proyecto DIAN\",\"previousItem\":{\"@type\":\"ListItem\",\"@id\":\"https:\\\/\\\/contadoreshoy.com\\\/?cat=1#listItem\",\"name\":\"Uncategorized\"}}]},{\"@type\":\"Organization\",\"@id\":\"https:\\\/\\\/contadoreshoy.com\\\/#organization\",\"name\":\"Contadores P\\u00fablicos\",\"description\":\"Portal para Contadores P\\u00fablicos y empresarios\",\"url\":\"https:\\\/\\\/contadoreshoy.com\\\/\",\"logo\":{\"@type\":\"ImageObject\",\"url\":\"https:\\\/\\\/contadoreshoy.com\\\/wp-content\\\/uploads\\\/2024\\\/01\\\/cropped-cropped-Copia-de-M-1.jpg\",\"@id\":\"https:\\\/\\\/contadoreshoy.com\\\/?p=11642\\\/#organizationLogo\",\"width\":499,\"height\":500},\"image\":{\"@id\":\"https:\\\/\\\/contadoreshoy.com\\\/?p=11642\\\/#organizationLogo\"}},{\"@type\":\"Person\",\"@id\":\"https:\\\/\\\/contadoreshoy.com\\\/?author=1#author\",\"url\":\"https:\\\/\\\/contadoreshoy.com\\\/?author=1\",\"name\":\"Miguel Antonio M\\u00e1rquez Monta\\u00f1ez\"},{\"@type\":\"WebPage\",\"@id\":\"https:\\\/\\\/contadoreshoy.com\\\/?p=11642#webpage\",\"url\":\"https:\\\/\\\/contadoreshoy.com\\\/?p=11642\",\"name\":\"Calendario para implementar Factura Electr\\u00f3nica \\u2013 Proyecto DIAN - Contadores P\\u00fablicos\",\"description\":\"De acuerdo al proyecto de Resoluci\\u00f3n DIAN, del mes de febrero de 2019, los sujetos obligados a expedir factura electr\\u00f3nica de venta conforme lo indica el art\\u00edculo 2 de este proyecto de Resoluci\\u00f3n, deber\\u00e1n cumplir con la obligaci\\u00f3n de expedir factura electr\\u00f3nica de venta, teniendo en cuenta el siguiente calendario de implementaci\\u00f3n, el cual fue establecido\",\"inLanguage\":\"es-ES\",\"isPartOf\":{\"@id\":\"https:\\\/\\\/contadoreshoy.com\\\/#website\"},\"breadcrumb\":{\"@id\":\"https:\\\/\\\/contadoreshoy.com\\\/?p=11642#breadcrumblist\"},\"author\":{\"@id\":\"https:\\\/\\\/contadoreshoy.com\\\/?author=1#author\"},\"creator\":{\"@id\":\"https:\\\/\\\/contadoreshoy.com\\\/?author=1#author\"},\"image\":{\"@type\":\"ImageObject\",\"url\":\"https:\\\/\\\/contadoreshoy.com\\\/wp-content\\\/uploads\\\/2015\\\/12\\\/Factura-electr\\u00f3nica.jpg\",\"@id\":\"https:\\\/\\\/contadoreshoy.com\\\/?p=11642\\\/#mainImage\",\"width\":600,\"height\":400},\"primaryImageOfPage\":{\"@id\":\"https:\\\/\\\/contadoreshoy.com\\\/?p=11642#mainImage\"},\"datePublished\":\"2019-02-21T13:00:35-05:00\",\"dateModified\":\"2019-02-21T13:03:50-05:00\"},{\"@type\":\"WebSite\",\"@id\":\"https:\\\/\\\/contadoreshoy.com\\\/#website\",\"url\":\"https:\\\/\\\/contadoreshoy.com\\\/\",\"name\":\"Contadores P\\u00fablicos\",\"description\":\"Portal para Contadores P\\u00fablicos y empresarios\",\"inLanguage\":\"es-ES\",\"publisher\":{\"@id\":\"https:\\\/\\\/contadoreshoy.com\\\/#organization\"}}]}\n\t\t<\/script>\n\t\t<!-- All in One SEO -->\n\n","aioseo_head_json":{"title":"Calendario para implementar Factura Electr\u00f3nica \u2013 Proyecto DIAN - Contadores P\u00fablicos","description":"De acuerdo al proyecto de Resoluci\u00f3n DIAN, del mes de febrero de 2019, los sujetos obligados a expedir factura electr\u00f3nica de venta conforme lo indica el art\u00edculo 2 de este proyecto de Resoluci\u00f3n, deber\u00e1n cumplir con la obligaci\u00f3n de expedir factura electr\u00f3nica de venta, teniendo en cuenta el siguiente calendario de implementaci\u00f3n, el cual fue establecido","canonical_url":"https:\/\/contadoreshoy.com\/?p=11642","robots":"max-image-preview:large","keywords":"","webmasterTools":{"miscellaneous":""},"schema":{"@context":"https:\/\/schema.org","@graph":[{"@type":"BlogPosting","@id":"https:\/\/contadoreshoy.com\/?p=11642#blogposting","name":"Calendario para implementar Factura Electr\u00f3nica \u2013 Proyecto DIAN - Contadores P\u00fablicos","headline":"Calendario para implementar Factura Electr\u00f3nica &#8211; Proyecto DIAN","author":{"@id":"https:\/\/contadoreshoy.com\/?author=1#author"},"publisher":{"@id":"https:\/\/contadoreshoy.com\/#organization"},"image":{"@type":"ImageObject","url":"https:\/\/contadoreshoy.com\/wp-content\/uploads\/2015\/12\/Factura-electr\u00f3nica.jpg","width":600,"height":400},"datePublished":"2019-02-21T13:00:35-05:00","dateModified":"2019-02-21T13:03:50-05:00","inLanguage":"es-ES","mainEntityOfPage":{"@id":"https:\/\/contadoreshoy.com\/?p=11642#webpage"},"isPartOf":{"@id":"https:\/\/contadoreshoy.com\/?p=11642#webpage"},"articleSection":"Sin categor\u00eda, Ultimas Noticias, Uncategorized"},{"@type":"BreadcrumbList","@id":"https:\/\/contadoreshoy.com\/?p=11642#breadcrumblist","itemListElement":[{"@type":"ListItem","@id":"https:\/\/contadoreshoy.com#listItem","position":1,"name":"Home","item":"https:\/\/contadoreshoy.com","nextItem":{"@type":"ListItem","@id":"https:\/\/contadoreshoy.com\/?cat=1#listItem","name":"Uncategorized"}},{"@type":"ListItem","@id":"https:\/\/contadoreshoy.com\/?cat=1#listItem","position":2,"name":"Uncategorized","item":"https:\/\/contadoreshoy.com\/?cat=1","nextItem":{"@type":"ListItem","@id":"https:\/\/contadoreshoy.com\/?p=11642#listItem","name":"Calendario para implementar Factura Electr\u00f3nica &#8211; Proyecto DIAN"},"previousItem":{"@type":"ListItem","@id":"https:\/\/contadoreshoy.com#listItem","name":"Home"}},{"@type":"ListItem","@id":"https:\/\/contadoreshoy.com\/?p=11642#listItem","position":3,"name":"Calendario para implementar Factura Electr\u00f3nica &#8211; Proyecto DIAN","previousItem":{"@type":"ListItem","@id":"https:\/\/contadoreshoy.com\/?cat=1#listItem","name":"Uncategorized"}}]},{"@type":"Organization","@id":"https:\/\/contadoreshoy.com\/#organization","name":"Contadores P\u00fablicos","description":"Portal para Contadores P\u00fablicos y empresarios","url":"https:\/\/contadoreshoy.com\/","logo":{"@type":"ImageObject","url":"https:\/\/contadoreshoy.com\/wp-content\/uploads\/2024\/01\/cropped-cropped-Copia-de-M-1.jpg","@id":"https:\/\/contadoreshoy.com\/?p=11642\/#organizationLogo","width":499,"height":500},"image":{"@id":"https:\/\/contadoreshoy.com\/?p=11642\/#organizationLogo"}},{"@type":"Person","@id":"https:\/\/contadoreshoy.com\/?author=1#author","url":"https:\/\/contadoreshoy.com\/?author=1","name":"Miguel Antonio M\u00e1rquez Monta\u00f1ez"},{"@type":"WebPage","@id":"https:\/\/contadoreshoy.com\/?p=11642#webpage","url":"https:\/\/contadoreshoy.com\/?p=11642","name":"Calendario para implementar Factura Electr\u00f3nica \u2013 Proyecto DIAN - Contadores P\u00fablicos","description":"De acuerdo al proyecto de Resoluci\u00f3n DIAN, del mes de febrero de 2019, los sujetos obligados a expedir factura electr\u00f3nica de venta conforme lo indica el art\u00edculo 2 de este proyecto de Resoluci\u00f3n, deber\u00e1n cumplir con la obligaci\u00f3n de expedir factura electr\u00f3nica de venta, teniendo en cuenta el siguiente calendario de implementaci\u00f3n, el cual fue establecido","inLanguage":"es-ES","isPartOf":{"@id":"https:\/\/contadoreshoy.com\/#website"},"breadcrumb":{"@id":"https:\/\/contadoreshoy.com\/?p=11642#breadcrumblist"},"author":{"@id":"https:\/\/contadoreshoy.com\/?author=1#author"},"creator":{"@id":"https:\/\/contadoreshoy.com\/?author=1#author"},"image":{"@type":"ImageObject","url":"https:\/\/contadoreshoy.com\/wp-content\/uploads\/2015\/12\/Factura-electr\u00f3nica.jpg","@id":"https:\/\/contadoreshoy.com\/?p=11642\/#mainImage","width":600,"height":400},"primaryImageOfPage":{"@id":"https:\/\/contadoreshoy.com\/?p=11642#mainImage"},"datePublished":"2019-02-21T13:00:35-05:00","dateModified":"2019-02-21T13:03:50-05:00"},{"@type":"WebSite","@id":"https:\/\/contadoreshoy.com\/#website","url":"https:\/\/contadoreshoy.com\/","name":"Contadores P\u00fablicos","description":"Portal para Contadores P\u00fablicos y empresarios","inLanguage":"es-ES","publisher":{"@id":"https:\/\/contadoreshoy.com\/#organization"}}]},"og:locale":"es_ES","og:site_name":"Contadores P\u00fablicos - Portal para Contadores P\u00fablicos y empresarios","og:type":"article","og:title":"Calendario para implementar Factura Electr\u00f3nica \u2013 Proyecto DIAN - Contadores P\u00fablicos","og:description":"De acuerdo al proyecto de Resoluci\u00f3n DIAN, del mes de febrero de 2019, los sujetos obligados a expedir factura electr\u00f3nica de venta conforme lo indica el art\u00edculo 2 de este proyecto de Resoluci\u00f3n, deber\u00e1n cumplir con la obligaci\u00f3n de expedir factura electr\u00f3nica de venta, teniendo en cuenta el siguiente calendario de implementaci\u00f3n, el cual fue establecido","og:url":"https:\/\/contadoreshoy.com\/?p=11642","og:image":"https:\/\/contadoreshoy.com\/wp-content\/uploads\/2024\/01\/cropped-cropped-cropped-Copia-de-M.jpg","og:image:secure_url":"https:\/\/contadoreshoy.com\/wp-content\/uploads\/2024\/01\/cropped-cropped-cropped-Copia-de-M.jpg","og:image:width":512,"og:image:height":371,"article:published_time":"2019-02-21T18:00:35+00:00","article:modified_time":"2019-02-21T18:03:50+00:00","twitter:card":"summary_large_image","twitter:title":"Calendario para implementar Factura Electr\u00f3nica \u2013 Proyecto DIAN - Contadores P\u00fablicos","twitter:description":"De acuerdo al proyecto de Resoluci\u00f3n DIAN, del mes de febrero de 2019, los sujetos obligados a expedir factura electr\u00f3nica de venta conforme lo indica el art\u00edculo 2 de este proyecto de Resoluci\u00f3n, deber\u00e1n cumplir con la obligaci\u00f3n de expedir factura electr\u00f3nica de venta, teniendo en cuenta el siguiente calendario de implementaci\u00f3n, el cual fue establecido","twitter:image":"https:\/\/contadoreshoy.com\/wp-content\/uploads\/2024\/01\/cropped-cropped-cropped-Copia-de-M.jpg"},"aioseo_meta_data":{"post_id":"11642","title":null,"description":null,"keywords":null,"keyphrases":null,"primary_term":null,"canonical_url":null,"og_title":null,"og_description":null,"og_object_type":"default","og_image_type":"default","og_image_url":null,"og_image_width":null,"og_image_height":null,"og_image_custom_url":null,"og_image_custom_fields":null,"og_video":null,"og_custom_url":null,"og_article_section":null,"og_article_tags":null,"twitter_use_og":false,"twitter_card":"default","twitter_image_type":"default","twitter_image_url":null,"twitter_image_custom_url":null,"twitter_image_custom_fields":null,"twitter_title":null,"twitter_description":null,"schema":{"blockGraphs":[],"customGraphs":[],"default":{"data":{"Article":[],"Course":[],"Dataset":[],"FAQPage":[],"Movie":[],"Person":[],"Product":[],"ProductReview":[],"Car":[],"Recipe":[],"Service":[],"SoftwareApplication":[],"WebPage":[]},"graphName":"","isEnabled":true},"graphs":[]},"schema_type":"default","schema_type_options":null,"pillar_content":false,"robots_default":true,"robots_noindex":false,"robots_noarchive":false,"robots_nosnippet":false,"robots_nofollow":false,"robots_noimageindex":false,"robots_noodp":false,"robots_notranslate":false,"robots_max_snippet":null,"robots_max_videopreview":null,"robots_max_imagepreview":"large","priority":null,"frequency":null,"local_seo":null,"breadcrumb_settings":null,"limit_modified_date":false,"ai":null,"created":"2024-03-05 02:02:11","updated":"2026-03-03 05:16:52","seo_analyzer_scan_date":null,"focus_keyword":null,"additional_keywords":null,"truseo_locale":null},"aioseo_breadcrumb":"<div class=\"aioseo-breadcrumbs\"><span class=\"aioseo-breadcrumb\">\n\t\t\t<a href=\"https:\/\/contadoreshoy.com\" title=\"Home\">Home<\/a>\n\t\t<\/span><span class=\"aioseo-breadcrumb-separator\">&raquo;<\/span><span class=\"aioseo-breadcrumb\">\n\t\t\t<a href=\"https:\/\/contadoreshoy.com\/?cat=1\" title=\"Uncategorized\">Uncategorized<\/a>\n\t\t<\/span><span class=\"aioseo-breadcrumb-separator\">&raquo;<\/span><span class=\"aioseo-breadcrumb\">\n\t\t\tCalendario para implementar Factura Electr\u00f3nica \u2013 Proyecto DIAN\n\t\t<\/span><\/div>","aioseo_breadcrumb_json":[{"label":"Home","link":"https:\/\/contadoreshoy.com"},{"label":"Uncategorized","link":"https:\/\/contadoreshoy.com\/?cat=1"},{"label":"Calendario para implementar Factura Electr\u00f3nica &#8211; Proyecto DIAN","link":"https:\/\/contadoreshoy.com\/?p=11642"}],"yoast_head":"<!-- This site is optimized with the Yoast SEO plugin v28.4 - https:\/\/yoast.com\/product\/yoast-seo-wordpress\/ -->\n<title>Calendario para implementar Factura Electr\u00f3nica - Proyecto DIAN - Contadores P\u00fablicos<\/title>\n<meta name=\"robots\" content=\"index, follow, max-snippet:-1, max-image-preview:large, max-video-preview:-1\" \/>\n<link rel=\"canonical\" href=\"https:\/\/contadoreshoy.com\/?p=11642\" \/>\n<meta property=\"og:locale\" content=\"es_ES\" \/>\n<meta property=\"og:type\" content=\"article\" \/>\n<meta property=\"og:title\" content=\"Calendario para implementar Factura Electr\u00f3nica - Proyecto DIAN - Contadores P\u00fablicos\" \/>\n<meta property=\"og:description\" content=\"De acuerdo al&nbsp;proyecto de Resoluci\u00f3n DIAN, del mes de febrero de 2019, los sujetos obligados a expedir factura electr\u00f3nica de venta conforme lo indica el art\u00edculo 2 de este proyecto&#046;&#046;&#046;\" \/>\n<meta property=\"og:url\" content=\"https:\/\/contadoreshoy.com\/?p=11642\" \/>\n<meta property=\"og:site_name\" content=\"Contadores P\u00fablicos\" \/>\n<meta property=\"article:publisher\" content=\"https:\/\/www.facebook.com\/CCCPBucaramanga\/\" \/>\n<meta property=\"article:published_time\" content=\"2019-02-21T18:00:35+00:00\" \/>\n<meta property=\"article:modified_time\" content=\"2019-02-21T18:03:50+00:00\" \/>\n<meta property=\"og:image\" content=\"https:\/\/contadoreshoy.com\/wp-content\/uploads\/2015\/12\/Factura-electr\u00f3nica.jpg\" \/>\n\t<meta property=\"og:image:width\" content=\"600\" \/>\n\t<meta property=\"og:image:height\" content=\"400\" \/>\n\t<meta property=\"og:image:type\" content=\"image\/jpeg\" \/>\n<meta name=\"author\" content=\"Miguel Antonio M\u00e1rquez Monta\u00f1ez\" \/>\n<meta name=\"twitter:card\" content=\"summary_large_image\" \/>\n<meta name=\"twitter:label1\" content=\"Escrito por\" \/>\n\t<meta name=\"twitter:data1\" content=\"Miguel Antonio M\u00e1rquez Monta\u00f1ez\" \/>\n<script type=\"application\/ld+json\" class=\"yoast-schema-graph\">{\"@context\":\"https:\\\/\\\/schema.org\",\"@graph\":[{\"@type\":\"Article\",\"@id\":\"https:\\\/\\\/contadoreshoy.com\\\/?p=11642#article\",\"isPartOf\":{\"@id\":\"https:\\\/\\\/contadoreshoy.com\\\/?p=11642\"},\"author\":{\"name\":\"Miguel Antonio M\u00e1rquez Monta\u00f1ez\",\"@id\":\"https:\\\/\\\/contadoreshoy.com\\\/#\\\/schema\\\/person\\\/96d8979cb865537c5dc9345e40089fc5\"},\"headline\":\"Calendario para implementar Factura Electr\u00f3nica &#8211; Proyecto DIAN\",\"datePublished\":\"2019-02-21T18:00:35+00:00\",\"dateModified\":\"2019-02-21T18:03:50+00:00\",\"mainEntityOfPage\":{\"@id\":\"https:\\\/\\\/contadoreshoy.com\\\/?p=11642\"},\"wordCount\":98,\"publisher\":{\"@id\":\"https:\\\/\\\/contadoreshoy.com\\\/#organization\"},\"image\":{\"@id\":\"https:\\\/\\\/contadoreshoy.com\\\/?p=11642#primaryimage\"},\"thumbnailUrl\":\"https:\\\/\\\/contadoreshoy.com\\\/wp-content\\\/uploads\\\/2015\\\/12\\\/Factura-electr\u00f3nica.jpg\",\"articleSection\":{\"1\":\"Ultimas Noticias\",\"2\":\"Uncategorized\"},\"inLanguage\":\"es\"},{\"@type\":\"WebPage\",\"@id\":\"https:\\\/\\\/contadoreshoy.com\\\/?p=11642\",\"url\":\"https:\\\/\\\/contadoreshoy.com\\\/?p=11642\",\"name\":\"Calendario para implementar Factura Electr\u00f3nica - Proyecto DIAN - Contadores P\u00fablicos\",\"isPartOf\":{\"@id\":\"https:\\\/\\\/contadoreshoy.com\\\/#website\"},\"primaryImageOfPage\":{\"@id\":\"https:\\\/\\\/contadoreshoy.com\\\/?p=11642#primaryimage\"},\"image\":{\"@id\":\"https:\\\/\\\/contadoreshoy.com\\\/?p=11642#primaryimage\"},\"thumbnailUrl\":\"https:\\\/\\\/contadoreshoy.com\\\/wp-content\\\/uploads\\\/2015\\\/12\\\/Factura-electr\u00f3nica.jpg\",\"datePublished\":\"2019-02-21T18:00:35+00:00\",\"dateModified\":\"2019-02-21T18:03:50+00:00\",\"breadcrumb\":{\"@id\":\"https:\\\/\\\/contadoreshoy.com\\\/?p=11642#breadcrumb\"},\"inLanguage\":\"es\",\"potentialAction\":[{\"@type\":\"ReadAction\",\"target\":[\"https:\\\/\\\/contadoreshoy.com\\\/?p=11642\"]}]},{\"@type\":\"ImageObject\",\"inLanguage\":\"es\",\"@id\":\"https:\\\/\\\/contadoreshoy.com\\\/?p=11642#primaryimage\",\"url\":\"https:\\\/\\\/contadoreshoy.com\\\/wp-content\\\/uploads\\\/2015\\\/12\\\/Factura-electr\u00f3nica.jpg\",\"contentUrl\":\"https:\\\/\\\/contadoreshoy.com\\\/wp-content\\\/uploads\\\/2015\\\/12\\\/Factura-electr\u00f3nica.jpg\",\"width\":600,\"height\":400},{\"@type\":\"BreadcrumbList\",\"@id\":\"https:\\\/\\\/contadoreshoy.com\\\/?p=11642#breadcrumb\",\"itemListElement\":[{\"@type\":\"ListItem\",\"position\":1,\"name\":\"Portada\",\"item\":\"https:\\\/\\\/contadoreshoy.com\\\/\"},{\"@type\":\"ListItem\",\"position\":2,\"name\":\"Calendario para implementar Factura Electr\u00f3nica &#8211; Proyecto DIAN\"}]},{\"@type\":\"WebSite\",\"@id\":\"https:\\\/\\\/contadoreshoy.com\\\/#website\",\"url\":\"https:\\\/\\\/contadoreshoy.com\\\/\",\"name\":\"Contadorespublicossantander\",\"description\":\"Portal para Contadores P\u00fablicos y empresarios\",\"publisher\":{\"@id\":\"https:\\\/\\\/contadoreshoy.com\\\/#organization\"},\"potentialAction\":[{\"@type\":\"SearchAction\",\"target\":{\"@type\":\"EntryPoint\",\"urlTemplate\":\"https:\\\/\\\/contadoreshoy.com\\\/?s={search_term_string}\"},\"query-input\":{\"@type\":\"PropertyValueSpecification\",\"valueRequired\":true,\"valueName\":\"search_term_string\"}}],\"inLanguage\":\"es\"},{\"@type\":\"Organization\",\"@id\":\"https:\\\/\\\/contadoreshoy.com\\\/#organization\",\"name\":\"Contadores P\u00fablicos de Santander\",\"url\":\"https:\\\/\\\/contadoreshoy.com\\\/\",\"logo\":{\"@type\":\"ImageObject\",\"inLanguage\":\"es\",\"@id\":\"https:\\\/\\\/contadoreshoy.com\\\/#\\\/schema\\\/logo\\\/image\\\/\",\"url\":\"https:\\\/\\\/contadoreshoy.com\\\/wp-content\\\/uploads\\\/2024\\\/01\\\/cropped-cropped-Copia-de-M-1.jpg\",\"contentUrl\":\"https:\\\/\\\/contadoreshoy.com\\\/wp-content\\\/uploads\\\/2024\\\/01\\\/cropped-cropped-Copia-de-M-1.jpg\",\"width\":499,\"height\":500,\"caption\":\"Contadores P\u00fablicos de Santander\"},\"image\":{\"@id\":\"https:\\\/\\\/contadoreshoy.com\\\/#\\\/schema\\\/logo\\\/image\\\/\"},\"sameAs\":[\"https:\\\/\\\/www.facebook.com\\\/CCCPBucaramanga\\\/\"]},{\"@type\":\"Person\",\"@id\":\"https:\\\/\\\/contadoreshoy.com\\\/#\\\/schema\\\/person\\\/96d8979cb865537c5dc9345e40089fc5\",\"name\":\"Miguel Antonio M\u00e1rquez Monta\u00f1ez\",\"description\":\"Contador P\u00fablico egresado de la Universidad Aut\u00f3noma de Bucaramanga - Asesor contable tributario con m\u00e1s de 25 a\u00f1os de experiencia - Conferencista en temas contables y tributarios - T\u00e9cnico en Hardware y Dise\u00f1o Web - Creador y director Grupo de Estudio Colegio Colombiano de Contadores P\u00fablicos de Bucaramanga - Creador y Master Web p\u00e1gina www.contadoresp\u00fablicossantander.com - Expresidente Colegio Colombiano de Contadores P\u00fablicos Bucaramanga\",\"url\":\"https:\\\/\\\/contadoreshoy.com\\\/?author=1\"}]}<\/script>\n<!-- \/ Yoast SEO plugin. -->","yoast_head_json":{"title":"Calendario para implementar Factura Electr\u00f3nica - Proyecto DIAN - Contadores P\u00fablicos","robots":{"index":"index","follow":"follow","max-snippet":"max-snippet:-1","max-image-preview":"max-image-preview:large","max-video-preview":"max-video-preview:-1"},"canonical":"https:\/\/contadoreshoy.com\/?p=11642","og_locale":"es_ES","og_type":"article","og_title":"Calendario para implementar Factura Electr\u00f3nica - Proyecto DIAN - Contadores P\u00fablicos","og_description":"De acuerdo al&nbsp;proyecto de Resoluci\u00f3n DIAN, del mes de febrero de 2019, los sujetos obligados a expedir factura electr\u00f3nica de venta conforme lo indica el art\u00edculo 2 de este proyecto&#46;&#46;&#46;","og_url":"https:\/\/contadoreshoy.com\/?p=11642","og_site_name":"Contadores P\u00fablicos","article_publisher":"https:\/\/www.facebook.com\/CCCPBucaramanga\/","article_published_time":"2019-02-21T18:00:35+00:00","article_modified_time":"2019-02-21T18:03:50+00:00","og_image":[{"width":600,"height":400,"url":"https:\/\/contadoreshoy.com\/wp-content\/uploads\/2015\/12\/Factura-electr\u00f3nica.jpg","type":"image\/jpeg"}],"author":"Miguel Antonio M\u00e1rquez Monta\u00f1ez","twitter_card":"summary_large_image","twitter_misc":{"Escrito por":"Miguel Antonio M\u00e1rquez Monta\u00f1ez"},"schema":{"@context":"https:\/\/schema.org","@graph":[{"@type":"Article","@id":"https:\/\/contadoreshoy.com\/?p=11642#article","isPartOf":{"@id":"https:\/\/contadoreshoy.com\/?p=11642"},"author":{"name":"Miguel Antonio M\u00e1rquez Monta\u00f1ez","@id":"https:\/\/contadoreshoy.com\/#\/schema\/person\/96d8979cb865537c5dc9345e40089fc5"},"headline":"Calendario para implementar Factura Electr\u00f3nica &#8211; Proyecto DIAN","datePublished":"2019-02-21T18:00:35+00:00","dateModified":"2019-02-21T18:03:50+00:00","mainEntityOfPage":{"@id":"https:\/\/contadoreshoy.com\/?p=11642"},"wordCount":98,"publisher":{"@id":"https:\/\/contadoreshoy.com\/#organization"},"image":{"@id":"https:\/\/contadoreshoy.com\/?p=11642#primaryimage"},"thumbnailUrl":"https:\/\/contadoreshoy.com\/wp-content\/uploads\/2015\/12\/Factura-electr\u00f3nica.jpg","articleSection":{"1":"Ultimas Noticias","2":"Uncategorized"},"inLanguage":"es"},{"@type":"WebPage","@id":"https:\/\/contadoreshoy.com\/?p=11642","url":"https:\/\/contadoreshoy.com\/?p=11642","name":"Calendario para implementar Factura Electr\u00f3nica - Proyecto DIAN - Contadores P\u00fablicos","isPartOf":{"@id":"https:\/\/contadoreshoy.com\/#website"},"primaryImageOfPage":{"@id":"https:\/\/contadoreshoy.com\/?p=11642#primaryimage"},"image":{"@id":"https:\/\/contadoreshoy.com\/?p=11642#primaryimage"},"thumbnailUrl":"https:\/\/contadoreshoy.com\/wp-content\/uploads\/2015\/12\/Factura-electr\u00f3nica.jpg","datePublished":"2019-02-21T18:00:35+00:00","dateModified":"2019-02-21T18:03:50+00:00","breadcrumb":{"@id":"https:\/\/contadoreshoy.com\/?p=11642#breadcrumb"},"inLanguage":"es","potentialAction":[{"@type":"ReadAction","target":["https:\/\/contadoreshoy.com\/?p=11642"]}]},{"@type":"ImageObject","inLanguage":"es","@id":"https:\/\/contadoreshoy.com\/?p=11642#primaryimage","url":"https:\/\/contadoreshoy.com\/wp-content\/uploads\/2015\/12\/Factura-electr\u00f3nica.jpg","contentUrl":"https:\/\/contadoreshoy.com\/wp-content\/uploads\/2015\/12\/Factura-electr\u00f3nica.jpg","width":600,"height":400},{"@type":"BreadcrumbList","@id":"https:\/\/contadoreshoy.com\/?p=11642#breadcrumb","itemListElement":[{"@type":"ListItem","position":1,"name":"Portada","item":"https:\/\/contadoreshoy.com\/"},{"@type":"ListItem","position":2,"name":"Calendario para implementar Factura Electr\u00f3nica &#8211; Proyecto DIAN"}]},{"@type":"WebSite","@id":"https:\/\/contadoreshoy.com\/#website","url":"https:\/\/contadoreshoy.com\/","name":"Contadorespublicossantander","description":"Portal para Contadores P\u00fablicos y empresarios","publisher":{"@id":"https:\/\/contadoreshoy.com\/#organization"},"potentialAction":[{"@type":"SearchAction","target":{"@type":"EntryPoint","urlTemplate":"https:\/\/contadoreshoy.com\/?s={search_term_string}"},"query-input":{"@type":"PropertyValueSpecification","valueRequired":true,"valueName":"search_term_string"}}],"inLanguage":"es"},{"@type":"Organization","@id":"https:\/\/contadoreshoy.com\/#organization","name":"Contadores P\u00fablicos de Santander","url":"https:\/\/contadoreshoy.com\/","logo":{"@type":"ImageObject","inLanguage":"es","@id":"https:\/\/contadoreshoy.com\/#\/schema\/logo\/image\/","url":"https:\/\/contadoreshoy.com\/wp-content\/uploads\/2024\/01\/cropped-cropped-Copia-de-M-1.jpg","contentUrl":"https:\/\/contadoreshoy.com\/wp-content\/uploads\/2024\/01\/cropped-cropped-Copia-de-M-1.jpg","width":499,"height":500,"caption":"Contadores P\u00fablicos de Santander"},"image":{"@id":"https:\/\/contadoreshoy.com\/#\/schema\/logo\/image\/"},"sameAs":["https:\/\/www.facebook.com\/CCCPBucaramanga\/"]},{"@type":"Person","@id":"https:\/\/contadoreshoy.com\/#\/schema\/person\/96d8979cb865537c5dc9345e40089fc5","name":"Miguel Antonio M\u00e1rquez Monta\u00f1ez","description":"Contador P\u00fablico egresado de la Universidad Aut\u00f3noma de Bucaramanga - Asesor contable tributario con m\u00e1s de 25 a\u00f1os de experiencia - Conferencista en temas contables y tributarios - T\u00e9cnico en Hardware y Dise\u00f1o Web - Creador y director Grupo de Estudio Colegio Colombiano de Contadores P\u00fablicos de Bucaramanga - Creador y Master Web p\u00e1gina www.contadoresp\u00fablicossantander.com - Expresidente Colegio Colombiano de Contadores P\u00fablicos Bucaramanga","url":"https:\/\/contadoreshoy.com\/?author=1"}]}},"_links":{"self":[{"href":"https:\/\/contadoreshoy.com\/index.php?rest_route=\/wp\/v2\/posts\/11642","targetHints":{"allow":["GET"]}}],"collection":[{"href":"https:\/\/contadoreshoy.com\/index.php?rest_route=\/wp\/v2\/posts"}],"about":[{"href":"https:\/\/contadoreshoy.com\/index.php?rest_route=\/wp\/v2\/types\/post"}],"author":[{"embeddable":true,"href":"https:\/\/contadoreshoy.com\/index.php?rest_route=\/wp\/v2\/users\/1"}],"replies":[{"embeddable":true,"href":"https:\/\/contadoreshoy.com\/index.php?rest_route=%2Fwp%2Fv2%2Fcomments&post=11642"}],"version-history":[{"count":4,"href":"https:\/\/contadoreshoy.com\/index.php?rest_route=\/wp\/v2\/posts\/11642\/revisions"}],"predecessor-version":[{"id":11646,"href":"https:\/\/contadoreshoy.com\/index.php?rest_route=\/wp\/v2\/posts\/11642\/revisions\/11646"}],"wp:featuredmedia":[{"embeddable":true,"href":"https:\/\/contadoreshoy.com\/index.php?rest_route=\/wp\/v2\/media\/6463"}],"wp:attachment":[{"href":"https:\/\/contadoreshoy.com\/index.php?rest_route=%2Fwp%2Fv2%2Fmedia&parent=11642"}],"wp:term":[{"taxonomy":"category","embeddable":true,"href":"https:\/\/contadoreshoy.com\/index.php?rest_route=%2Fwp%2Fv2%2Fcategories&post=11642"},{"taxonomy":"post_tag","embeddable":true,"href":"https:\/\/contadoreshoy.com\/index.php?rest_route=%2Fwp%2Fv2%2Ftags&post=11642"}],"curies":[{"name":"wp","href":"https:\/\/api.w.org\/{rel}","templated":true}]}}