{"id":12075,"date":"2019-10-24T14:40:26","date_gmt":"2019-10-24T19:40:26","guid":{"rendered":"https:\/\/contadoreshoy.com\/?p=12075"},"modified":"2019-10-24T14:40:26","modified_gmt":"2019-10-24T19:40:26","slug":"consignaciones-bancarias-cuenta-responsable-del-iva","status":"publish","type":"post","link":"https:\/\/contadoreshoy.com\/?p=12075","title":{"rendered":"Consignaciones bancarias a tener en cuenta para ser responsable del IVA"},"content":{"rendered":"<p style=\"text-align: justify;\"><span style=\"color: #000000;\"><strong>El par\u00e1grafo 3. del art\u00edculo 437 del Estatuto Tributario establece las condiciones para no ser responsable del IVA, y entre ellas est\u00e1 el numeral 6. que establece:<\/strong><\/span><\/p>\n<p style=\"text-align: justify;\"><span style=\"color: #000000;\"><strong>\u00abNumeral 6. Par\u00e1grafo 3. Art\u00edculo 437. Que el monto de sus consignaciones bancarias, dep\u00f3sitos o inversiones financieras durante el a\u00f1o anterior o durante el respectivo a\u00f1o no supere la suma de 3.500 UVT\u00bb<\/strong><\/span><\/p>\n<p style=\"text-align: justify;\"><span style=\"text-decoration: underline;\"><span style=\"color: #000000;\"><strong>Seg\u00fan oficio DIAN 21788 de septiembre 02 de 2019, \u00abla norma transcrita, cuyo par\u00e1grafo fue adicionado por el art\u00edculo 4 de la Ley 1943 de 2018, permite deducir que, a pesar de que el legislador no describe el origen de los ingresos que se tienen en cuenta para determinar las consiganciones bancarias, dep\u00f3sitos o inversiones financieras, en raz\u00f3n a que \u00e9sta en general se refiere a los comerciantes, y actos similares a los que estos realizan, puede concluirse que se trata de actos de comercio, gravados con el impuesto sobre las ventas.\u00bb<\/strong><\/span><\/span><\/p>\n<p style=\"text-align: justify;\"><span style=\"color: #0000ff;\"><strong>As\u00ed, las consignaciones bancarias, dep\u00f3sitos o inversiones financieras a las que se refiere el numeral 6 del par\u00e1grafo 3 del art\u00edculo 437 del E.T., ser\u00e1n las que se efect\u00faen como ejercicio de la actividad econ\u00f3mica, objeto del impuesto sobre las ventas de la cual provienen.<\/strong><\/span><\/p>\n<p style=\"text-align: center;\"><em><strong>OFICIO N\u00ba 021788<\/strong><\/em><\/p>\n<p style=\"text-align: center;\"><em><strong>02-09-2019<\/strong><\/em><\/p>\n<p style=\"text-align: center;\"><em><strong>DIAN<\/strong><\/em><\/p>\n<table>\n<tbody>\n<tr>\n<td><em><strong>Tema<\/strong><\/em><\/td>\n<td>&nbsp;<\/td>\n<td>&nbsp;<\/td>\n<td><em>Retenci\u00f3n en la fuente<\/em><\/td>\n<\/tr>\n<tr>\n<td><em><strong>Descriptores<\/strong><\/em><\/td>\n<td>&nbsp;<\/td>\n<td>&nbsp;<\/td>\n<td><em>DECLARACIONES DE RETENCI\u00d3N EN LA FUENTE INEFICACES.<\/em><\/td>\n<\/tr>\n<tr>\n<td><em><strong>Fuentes formales<\/strong><\/em><\/td>\n<td>&nbsp;<\/td>\n<td>&nbsp;<\/td>\n<td><em>C\u00f3digo Civil. Arts. 25 y ss.<\/em><\/p>\n<p><em>Estatuto Tributario. Arts.&nbsp;437&nbsp;y&nbsp;580-1.<\/em><\/td>\n<\/tr>\n<\/tbody>\n<\/table>\n<p style=\"text-align: justify;\"><em>Cordial saludo:<\/em><\/p>\n<p style=\"text-align: justify;\"><em>De conformidad con el art\u00edculo 20 del Decreto 4048 de 2008, modificado por el art\u00edculo 10 del Decreto 1321 de 2011, es funci\u00f3n de esta Subdirecci\u00f3n absolver las consultas escritas que se formulen sobre interpretaci\u00f3n y aplicaci\u00f3n de las normas nacionales en materia tributaria, aduanera o de comercio exterior, en lo de competencia de la UAE \u2013 DIAN.<\/em><\/p>\n<p style=\"text-align: justify;\"><em>Previo a contestar la petici\u00f3n, es necesario advertir que, de acuerdo a las competencias funcionales de este despacho, los pronunciamientos emitidos en respuesta a las peticiones allegadas se resuelven con base en criterios legales de interpretaci\u00f3n de normas jur\u00eddicas, consagrados en el c\u00f3digo civil; respuestas que son una adecuaci\u00f3n en abstracto de las normas vigentes a situaciones concretas.<\/em><\/p>\n<p style=\"text-align: justify;\"><em>Los que a su vez no tienen como fin solucionar problem\u00e1ticas individuales, validar posturas jur\u00eddicas y menos a\u00fan asesorar a sujetos p\u00fablicos o privados en el desarrollo de las actividades a su cargo. Por lo cual la consulta se responder\u00e1 atendiendo al contexto general de la situaci\u00f3n descrita y \u00fanicamente respecto a las inquietudes que ameritan una interpretaci\u00f3n normativa.<\/em><\/p>\n<p style=\"text-align: justify;\"><em>En el caso objeto de estudio, plantea el peticionario dos solicitudes de reconsideraci\u00f3n de oficios proferidos por este despacho, relacionados con dos tem\u00e1ticas: la primera de ellas, respecto a la calidad de responsable del impuesto sobre las ventas, frente al requisito establecido en el numeral 6 del par\u00e1grafo 3 del&nbsp;art\u00edculo 437&nbsp;del ET., y la segunda, acerca del&nbsp;art\u00edculo 580-1&nbsp;del mismo compendio normativo, que trata la ineficacia de las declaraciones de retenci\u00f3n en la fuente presentadas sin pago total.<\/em><\/p>\n<p style=\"text-align: justify;\"><em>Para comenzar, se informa que las cuestiones planteadas se resolver\u00e1n en el orden en que fueron propuestas, siendo la primera de estas expresada por el consultante, as\u00ed:<\/em><\/p>\n<p style=\"text-align: justify;\"><em><strong>\u201cUno de los requisitos es tener consignaciones bancarias inferiores a 3.500 UVT, por lo cual me surge la duda sobre qu\u00e9 tipo de consignaciones bancarias se deben tener en cuenta en este c\u00e1lculo, toda vez que una persona por ejemplo puede recibir un pr\u00e9stamo bancario, hacer transferencias entre sus mismas cuentas, avances de tarjetas de cr\u00e9dito, o un empleado con salario de $15 millones mensuales, al a\u00f1o supera el monto de las consignaciones. Ante esto me surge la pregunta: \u00bfEste tipo de consignaciones har\u00edan que una persona se convierta en responsable de IVA cuando efectivamente no corresponden a ingresos sino simplemente a un endeudamiento por pagos laborales?<\/strong> En caso de ser negativa la respuesta, agradezco me confirme cual origen de las consignaciones es el que se debe tener en cuenta para ese c\u00e1lculo \u00bfSolo las operaciones que generar\u00edan IVA? O se mantiene la posici\u00f3n del Concepto 19429 del a\u00f1o 2014?<\/em><\/p>\n<p style=\"text-align: justify;\"><em>Al respecto, se trae a colaci\u00f3n la norma objeto de estudio, la cual expresa:<\/em><\/p>\n<p style=\"text-align: justify;\"><em><strong>\u201cArt\u00edculo 437. Los comerciantes y quienes realicen actos similares a los de ellos y los importadores son sujetos pasivos.&nbsp;<\/strong>Son responsables del impuesto: (\u2026)&nbsp;<strong>PAR\u00c1GRAFO 3o.&nbsp;<\/strong>Deber\u00e1n registrarse como responsable del IVA quienes realicen actividades gravadas con el impuesto, con excepci\u00f3n de las personas naturales comerciantes y los artesanos, que sean minoristas o detallistas, los peque\u00f1os agricultores y los ganaderos, as\u00ed como quienes presten servicios, siempre y cuando cumplan la totalidad de las siguientes condiciones: (\u2026)&nbsp;<u>6. Que el monto de sus consignaciones bancarias, dep\u00f3sitos o inversiones financieras durante el a\u00f1o anterior o durante el respectivo a\u00f1o no supere la suma de 3.500 UVT<\/u>\u201d.<\/em><\/p>\n<p style=\"text-align: justify;\"><em>La norma trascrita, cuyo par\u00e1grafo fue adicionado por el art\u00edculo 4 de la Ley 1943 de 2018, permite deducir que, a pesar de que el legislador no describe el origen de los ingresos que se tienen en cuenta para determinar las consignaciones bancarias, dep\u00f3sitos o inversiones financieras, en raz\u00f3n a que esta en general se refiere a los comerciantes y actos similares a los que estos realizan, puede concluirse que se trata de actos de comercio, gravados con el impuesto sobre las ventas.<\/em><\/p>\n<p style=\"text-align: justify;\"><em>Por ende, en uso de los criterios de interpretaci\u00f3n normativa (sistem\u00e1tico y por contexto), se deber\u00e1 entender la norma conforme a la tem\u00e1tica general que ella regula, es decir, la calidad de responsables de IVA de los comerciantes y quienes realicen actos de este tipo, tales como las menciona el par\u00e1grafo 3 precitado, al referirse a:&nbsp;\u201cpersonas naturales comerciantes y los artesanos, que sean minoristas o detallistas, los peque\u00f1os agricultores y los ganaderos, as\u00ed como quienes presten servicios\u201d.<\/em><\/p>\n<p style=\"text-align: justify;\"><em>As\u00ed, las consignaciones bancarias, dep\u00f3sitos o inversiones financieras a las que se refiere el numeral 6 del par\u00e1grafo 3 del&nbsp;art\u00edculo 437&nbsp;del ET., ser\u00e1n las que se efect\u00faen como ejercicio de la actividad econ\u00f3mica, objeto del impuesto sobre las ventas de la cual provienen.<\/em><\/p>\n<p style=\"text-align: justify;\"><em>La anterior motivaci\u00f3n fue expuesta en el Oficio No. 016291 de 2019, el cual se adjunta para mayor conocimiento.<\/em><\/p>\n<p style=\"text-align: justify;\"><em>De otro lado, como segunda cuesti\u00f3n a resolver, respecto a la aplicaci\u00f3n del&nbsp;art\u00edculo 580-1&nbsp;del ET., el consultante expresa como inconformidad frente a los oficios con radicados Nos. 001399 y 900900 de 2019, lo siguiente:<\/em><\/p>\n<p style=\"text-align: justify;\"><em><strong>\u201cConsidero que el&nbsp;art\u00edculo 580-1&nbsp;jam\u00e1s establece como requisito ese \u201cpago parcial antes de su vencimiento, sino que el pago tal de la declaraci\u00f3n se efectu\u00e9 dentro de los dos meses siguientes\u201d.<\/strong><\/em><\/p>\n<p style=\"text-align: justify;\"><em>En aras de responder su petici\u00f3n, se trae a colaci\u00f3n el art\u00edculo objeto de consulta el cual, entre otros aspectos, expresa:<\/em><\/p>\n<p style=\"text-align: justify;\"><em>\u201c(\u2026)&nbsp;<strong>ART\u00cdCULO 580-1. INEFICACIA DE LAS DECLARACIONES DE RETENCI\u00d3N EN LA FUENTE PRESENTADAS&nbsp;<u>SIN PAGO TOTAL<\/u>.&nbsp;<\/strong>Las declaraciones de retenci\u00f3n en la fuente presentadas&nbsp;<u>sin pago total<\/u>&nbsp;no producir\u00e1n efecto legal alguno, sin necesidad de acto administrativo que as\u00ed lo declare.<\/em><\/p>\n<p style=\"text-align: justify;\"><em>Lo se\u00f1alado en el inciso anterior no se aplicar\u00e1 cuando la declaraci\u00f3n de retenci\u00f3n en la fuente se presente sin pago por parte de un agente retenedor que sea titular de un saldo a favor igual o superior a dos veces el valor de la retenci\u00f3n a cargo, susceptible de compensar con el saldo a pagar de la respectiva declaraci\u00f3n de retenci\u00f3n en la fuente. Para tal efecto el saldo a favor debe haberse generado antes de la presentaci\u00f3n de la declaraci\u00f3n de retenci\u00f3n en la fuente por un valor igual o superior al saldo a pagar determinado en dicha declaraci\u00f3n.<\/em><\/p>\n<p style=\"text-align: justify;\"><em>El agente retenedor deber\u00e1 solicitar a la Direcci\u00f3n de Impuestos y Aduanas Nacionales la compensaci\u00f3n del saldo a favor con el saldo a pagar determinado en la declaraci\u00f3n de retenci\u00f3n, dentro de los seis meses (6) siguientes a la presentaci\u00f3n de la respectiva declaraci\u00f3n de retenci\u00f3n en la fuente.<\/em><\/p>\n<p style=\"text-align: justify;\"><em>Cuando el agente retenedor no solicite la compensaci\u00f3n del saldo a favor oportunamente o cuando la solicitud sea rechazada la declaraci\u00f3n de retenci\u00f3n en la fuente presentada sin pago no producir\u00e1 efecto legal alguno, sin necesidad de acto administrativo que as\u00ed lo declare.<\/em><\/p>\n<p style=\"text-align: justify;\"><em>La declaraci\u00f3n de retenci\u00f3n en la fuente <strong><u>que se haya presentado&nbsp;sin pago total&nbsp;antes del vencimiento del plazo<\/u><\/strong> para declarar, producir\u00e1 efectos legales, siempre y cuando el pago total de la retenci\u00f3n se efect\u00fae o se haya efectuado a m\u00e1s tardar dentro de los dos (2) meses siguientes contados a partir de la fecha del vencimiento del plazo para declarar. Lo anterior sin perjuicio de la liquidaci\u00f3n de los intereses moratorios a que haya lugar. <\/em><\/p>\n<p style=\"text-align: justify;\"><em>&nbsp;<strong><u>En todo caso, mientras el contribuyente no presente nuevamente la declaraci\u00f3n de retenci\u00f3n en la fuente con el pago respectivo, la declaraci\u00f3n inicialmente presentada se entiende como documento que reconoce una obligaci\u00f3n clara, expresa y exigible <\/u><\/strong>que podr\u00e1 ser utilizado por la Administraci\u00f3n Tributaria en los procesos de cobro coactivo, <strong><u>aun cuando en el sistema la declaraci\u00f3n tenga una marca de ineficaz para el agente retenedor bajo los presupuestos establecidos en este art\u00edculo<\/u><\/strong>. (\u2026)\u201d&nbsp;(Negritas y subrayas fuera de texto).<\/em><\/p>\n<p style=\"text-align: justify;\"><em>De la norma precitada se deduce gramatical y sistem\u00e1ticamente que las declaraciones de retenci\u00f3n en la fuente producir\u00e1n efectos legales, siempre y cuando:<\/em><\/p>\n<p style=\"text-align: justify;\"><em>1) <strong><u>Se hubiesen presentado sin pago total<\/u><\/strong>, por lo cual, se precisa que pudo existir un pago parcial de la misma, o un no pago total.<\/em><\/p>\n<p style=\"text-align: justify;\"><em>2) La rese\u00f1ada presentaci\u00f3n se dio antes del vencimiento del plazo para declarar.<\/em><\/p>\n<p style=\"text-align: justify;\"><em>3<strong><u>) Y el pago total de la retenci\u00f3n se efectu\u00e9<\/u><\/strong> (en el futuro) o se haya efectuado (en el pasado) <strong><u>dentro de los 2 meses siguientes contados a partir de la fecha del vencimiento del plazo para declarar<\/u><\/strong>.<\/em><\/p>\n<p style=\"text-align: justify;\"><em>De modo que, al referirse el legislador a la existencia de declaraciones de <strong><u>retenci\u00f3n en la fuente presentadas sin pago total,<\/u><\/strong> resulta natural y obvio que el concepto se &nbsp;(sic) <strong><u>ampl\u00eda a la existencia de un pago parcial<\/u><\/strong>, puesto que contextualmente siempre que se trate de <strong><u>declaraciones sin ning\u00fan tipo de pago<\/u><\/strong>, la Ley es clara en denominarlas como: <strong><u>declaraciones sin pago.<\/u><\/strong><\/em><\/p>\n<p style=\"text-align: justify;\"><em>Por ende, para que existan declaraciones de retenci\u00f3n que se hayan presentado sin pago total, es viable la existencia de un pago parcial, puesto que el legislador no previ\u00f3 esta norma especial \u00fanicamente para declaraciones sin pago, sino que se refiri\u00f3 a: \u201cdeclaraciones de retenci\u00f3n que se hayan presentado&nbsp;<u>sin pago total<\/u>\u201d, tan espec\u00edfica fue la norma que se titula:&nbsp;\u201cineficacia de las declaraciones de retenci\u00f3n en la fuente presentadas sin pago total\u201d.<\/em><\/p>\n<p style=\"text-align: justify;\"><em>En consecuencia, no resulta posible para este Despacho reconsiderar los pronunciamientos endilgados en su petici\u00f3n, en raz\u00f3n a que los mismos obedecen al ejercicio acucioso de la competencia org\u00e1nica y funcional que ostenta esta entidad, siendo inviable modificar el criterio de interpretaci\u00f3n por gozar el asunto de fondo de reserva de configuraci\u00f3n legislativa y no existir cambio o adecuaci\u00f3n de las normas jur\u00eddicas que fundan la materia.<\/em><\/p>\n<p style=\"text-align: justify;\"><em>En los anteriores t\u00e9rminos se resuelve su solicitud, se aclaran los oficios con radicados Nos. 001399 y 900900 de 2019, cordialmente le informamos que tanto la normatividad en materia tributaria, aduanera y cambiaria, como los conceptos emitidos por la Direcci\u00f3n de Gesti\u00f3n Jur\u00eddica en estas materias, pueden consultarse en la p\u00e1gina electr\u00f3nica de la DIAN:&nbsp;<a href=\"http:\/\/www.dian.gov.co\/\">http:\/\/www.dian.gov.co<\/a>&nbsp;siguiendo los \u00edconos: \u201cNormatividad\u201d \u2013 \u201ct\u00e9cnica\u201d y seleccionando los v\u00ednculos \u201cDoctrina\u201d y \u201cDirecci\u00f3n de Gesti\u00f3n Jur\u00eddica\u201d.<\/em><\/p>\n<p style=\"text-align: justify;\"><em>Atentamente,<\/em><\/p>\n<p style=\"text-align: justify;\">&nbsp;<\/p>\n<p style=\"text-align: justify;\"><em><strong>LILIANA ANDREA FORERO G\u00d3MEZ<\/strong><\/em><\/p>\n<p style=\"text-align: justify;\"><em>Directora de Gesti\u00f3n Jur\u00eddica<\/em><\/p>\n<p style=\"text-align: justify;\"><em>Direcci\u00f3n de Gesti\u00f3n Jur\u00eddica<\/em><\/p>\n<p style=\"text-align: justify;\"><em>UAE-Direcci\u00f3n de Impuestos y Aduanas Nacionales<\/em><\/p>\n<p>&nbsp;<\/p>\n","protected":false},"excerpt":{"rendered":"<p>El par\u00e1grafo 3. del art\u00edculo 437 del Estatuto Tributario establece las condiciones para no ser responsable del IVA, y entre ellas est\u00e1 el numeral 6. que establece: \u00abNumeral 6. Par\u00e1grafo&#46;&#46;&#46;<\/p>\n","protected":false},"author":1,"featured_media":8835,"comment_status":"closed","ping_status":"open","sticky":false,"template":"","format":"standard","meta":{"_monsterinsights_skip_tracking":false,"ngg_post_thumbnail":0,"footnotes":"","_links_to":"","_links_to_target":""},"categories":[454,458,1],"tags":[],"class_list":["post-12075","post","type-post","status-publish","format-standard","has-post-thumbnail","hentry","category-sin-categoria","category-ultimas","category-uncategorized"],"aioseo_notices":[],"aioseo_head":"\n\t\t<!-- All in One SEO 5.0.1.1 - aioseo.com -->\n\t<meta name=\"description\" content=\"El par\u00e1grafo 3. del art\u00edculo 437 del Estatuto Tributario establece las condiciones para no ser responsable del IVA, y entre ellas est\u00e1 el numeral 6. que establece: &quot;Numeral 6. Par\u00e1grafo 3. Art\u00edculo 437. Que el monto de sus consignaciones bancarias, dep\u00f3sitos o inversiones financieras durante el a\u00f1o anterior o durante el respectivo a\u00f1o no supere\" \/>\n\t<meta name=\"robots\" content=\"max-image-preview:large\" \/>\n\t<meta name=\"author\" content=\"Miguel Antonio M\u00e1rquez Monta\u00f1ez\"\/>\n\t<link rel=\"canonical\" href=\"https:\/\/contadoreshoy.com\/?p=12075\" \/>\n\t<meta name=\"generator\" content=\"All in One SEO (AIOSEO) 5.0.1.1\" \/>\n\t\t<meta property=\"og:locale\" content=\"es_ES\" \/>\n\t\t<meta property=\"og:site_name\" content=\"Contadores P\u00fablicos - Portal para Contadores P\u00fablicos y empresarios\" \/>\n\t\t<meta property=\"og:type\" content=\"article\" \/>\n\t\t<meta property=\"og:title\" content=\"Consignaciones bancarias a tener en cuenta para ser responsable del IVA - Contadores P\u00fablicos\" \/>\n\t\t<meta property=\"og:description\" content=\"El par\u00e1grafo 3. del art\u00edculo 437 del Estatuto Tributario establece las condiciones para no ser responsable del IVA, y entre ellas est\u00e1 el numeral 6. que establece: &quot;Numeral 6. Par\u00e1grafo 3. Art\u00edculo 437. Que el monto de sus consignaciones bancarias, dep\u00f3sitos o inversiones financieras durante el a\u00f1o anterior o durante el respectivo a\u00f1o no supere\" \/>\n\t\t<meta property=\"og:url\" content=\"https:\/\/contadoreshoy.com\/?p=12075\" \/>\n\t\t<meta property=\"og:image\" content=\"https:\/\/contadoreshoy.com\/wp-content\/uploads\/2024\/01\/cropped-cropped-cropped-Copia-de-M.jpg\" \/>\n\t\t<meta property=\"og:image:secure_url\" content=\"https:\/\/contadoreshoy.com\/wp-content\/uploads\/2024\/01\/cropped-cropped-cropped-Copia-de-M.jpg\" \/>\n\t\t<meta property=\"og:image:width\" content=\"512\" \/>\n\t\t<meta property=\"og:image:height\" content=\"371\" \/>\n\t\t<meta property=\"article:published_time\" content=\"2019-10-24T19:40:26+00:00\" \/>\n\t\t<meta property=\"article:modified_time\" content=\"2019-10-24T19:40:26+00:00\" \/>\n\t\t<meta name=\"twitter:card\" content=\"summary_large_image\" \/>\n\t\t<meta name=\"twitter:title\" content=\"Consignaciones bancarias a tener en cuenta para ser responsable del IVA - Contadores P\u00fablicos\" \/>\n\t\t<meta name=\"twitter:description\" content=\"El par\u00e1grafo 3. del art\u00edculo 437 del Estatuto Tributario establece las condiciones para no ser responsable del IVA, y entre ellas est\u00e1 el numeral 6. que establece: &quot;Numeral 6. Par\u00e1grafo 3. Art\u00edculo 437. Que el monto de sus consignaciones bancarias, dep\u00f3sitos o inversiones financieras durante el a\u00f1o anterior o durante el respectivo a\u00f1o no supere\" \/>\n\t\t<meta name=\"twitter:image\" content=\"https:\/\/contadoreshoy.com\/wp-content\/uploads\/2024\/01\/cropped-cropped-cropped-Copia-de-M.jpg\" \/>\n\t\t<script type=\"application\/ld+json\" class=\"aioseo-schema\">\n\t\t\t{\"@context\":\"https:\\\/\\\/schema.org\",\"@graph\":[{\"@type\":\"BlogPosting\",\"@id\":\"https:\\\/\\\/contadoreshoy.com\\\/?p=12075#blogposting\",\"name\":\"Consignaciones bancarias a tener en cuenta para ser responsable del IVA - Contadores P\\u00fablicos\",\"headline\":\"Consignaciones bancarias a tener en cuenta para ser responsable del IVA\",\"author\":{\"@id\":\"https:\\\/\\\/contadoreshoy.com\\\/?author=1#author\"},\"publisher\":{\"@id\":\"https:\\\/\\\/contadoreshoy.com\\\/#organization\"},\"image\":{\"@type\":\"ImageObject\",\"url\":\"https:\\\/\\\/contadoreshoy.com\\\/wp-content\\\/uploads\\\/2017\\\/02\\\/Conceptos-DIAN.jpg\",\"width\":600,\"height\":400},\"datePublished\":\"2019-10-24T14:40:26-05:00\",\"dateModified\":\"2019-10-24T14:40:26-05:00\",\"inLanguage\":\"es-ES\",\"mainEntityOfPage\":{\"@id\":\"https:\\\/\\\/contadoreshoy.com\\\/?p=12075#webpage\"},\"isPartOf\":{\"@id\":\"https:\\\/\\\/contadoreshoy.com\\\/?p=12075#webpage\"},\"articleSection\":\"Sin categor\\u00eda, Ultimas Noticias, Uncategorized\"},{\"@type\":\"BreadcrumbList\",\"@id\":\"https:\\\/\\\/contadoreshoy.com\\\/?p=12075#breadcrumblist\",\"itemListElement\":[{\"@type\":\"ListItem\",\"@id\":\"https:\\\/\\\/contadoreshoy.com#listItem\",\"position\":1,\"name\":\"Home\",\"item\":\"https:\\\/\\\/contadoreshoy.com\",\"nextItem\":{\"@type\":\"ListItem\",\"@id\":\"https:\\\/\\\/contadoreshoy.com\\\/?cat=1#listItem\",\"name\":\"Uncategorized\"}},{\"@type\":\"ListItem\",\"@id\":\"https:\\\/\\\/contadoreshoy.com\\\/?cat=1#listItem\",\"position\":2,\"name\":\"Uncategorized\",\"item\":\"https:\\\/\\\/contadoreshoy.com\\\/?cat=1\",\"nextItem\":{\"@type\":\"ListItem\",\"@id\":\"https:\\\/\\\/contadoreshoy.com\\\/?p=12075#listItem\",\"name\":\"Consignaciones bancarias a tener en cuenta para ser responsable del IVA\"},\"previousItem\":{\"@type\":\"ListItem\",\"@id\":\"https:\\\/\\\/contadoreshoy.com#listItem\",\"name\":\"Home\"}},{\"@type\":\"ListItem\",\"@id\":\"https:\\\/\\\/contadoreshoy.com\\\/?p=12075#listItem\",\"position\":3,\"name\":\"Consignaciones bancarias a tener en cuenta para ser responsable del IVA\",\"previousItem\":{\"@type\":\"ListItem\",\"@id\":\"https:\\\/\\\/contadoreshoy.com\\\/?cat=1#listItem\",\"name\":\"Uncategorized\"}}]},{\"@type\":\"Organization\",\"@id\":\"https:\\\/\\\/contadoreshoy.com\\\/#organization\",\"name\":\"Contadores P\\u00fablicos\",\"description\":\"Portal para Contadores P\\u00fablicos y empresarios\",\"url\":\"https:\\\/\\\/contadoreshoy.com\\\/\",\"logo\":{\"@type\":\"ImageObject\",\"url\":\"https:\\\/\\\/contadoreshoy.com\\\/wp-content\\\/uploads\\\/2024\\\/01\\\/cropped-cropped-Copia-de-M-1.jpg\",\"@id\":\"https:\\\/\\\/contadoreshoy.com\\\/?p=12075\\\/#organizationLogo\",\"width\":499,\"height\":500},\"image\":{\"@id\":\"https:\\\/\\\/contadoreshoy.com\\\/?p=12075\\\/#organizationLogo\"}},{\"@type\":\"Person\",\"@id\":\"https:\\\/\\\/contadoreshoy.com\\\/?author=1#author\",\"url\":\"https:\\\/\\\/contadoreshoy.com\\\/?author=1\",\"name\":\"Miguel Antonio M\\u00e1rquez Monta\\u00f1ez\"},{\"@type\":\"WebPage\",\"@id\":\"https:\\\/\\\/contadoreshoy.com\\\/?p=12075#webpage\",\"url\":\"https:\\\/\\\/contadoreshoy.com\\\/?p=12075\",\"name\":\"Consignaciones bancarias a tener en cuenta para ser responsable del IVA - Contadores P\\u00fablicos\",\"description\":\"El par\\u00e1grafo 3. del art\\u00edculo 437 del Estatuto Tributario establece las condiciones para no ser responsable del IVA, y entre ellas est\\u00e1 el numeral 6. que establece: \\\"Numeral 6. Par\\u00e1grafo 3. Art\\u00edculo 437. Que el monto de sus consignaciones bancarias, dep\\u00f3sitos o inversiones financieras durante el a\\u00f1o anterior o durante el respectivo a\\u00f1o no supere\",\"inLanguage\":\"es-ES\",\"isPartOf\":{\"@id\":\"https:\\\/\\\/contadoreshoy.com\\\/#website\"},\"breadcrumb\":{\"@id\":\"https:\\\/\\\/contadoreshoy.com\\\/?p=12075#breadcrumblist\"},\"author\":{\"@id\":\"https:\\\/\\\/contadoreshoy.com\\\/?author=1#author\"},\"creator\":{\"@id\":\"https:\\\/\\\/contadoreshoy.com\\\/?author=1#author\"},\"image\":{\"@type\":\"ImageObject\",\"url\":\"https:\\\/\\\/contadoreshoy.com\\\/wp-content\\\/uploads\\\/2017\\\/02\\\/Conceptos-DIAN.jpg\",\"@id\":\"https:\\\/\\\/contadoreshoy.com\\\/?p=12075\\\/#mainImage\",\"width\":600,\"height\":400},\"primaryImageOfPage\":{\"@id\":\"https:\\\/\\\/contadoreshoy.com\\\/?p=12075#mainImage\"},\"datePublished\":\"2019-10-24T14:40:26-05:00\",\"dateModified\":\"2019-10-24T14:40:26-05:00\"},{\"@type\":\"WebSite\",\"@id\":\"https:\\\/\\\/contadoreshoy.com\\\/#website\",\"url\":\"https:\\\/\\\/contadoreshoy.com\\\/\",\"name\":\"Contadores P\\u00fablicos\",\"description\":\"Portal para Contadores P\\u00fablicos y empresarios\",\"inLanguage\":\"es-ES\",\"publisher\":{\"@id\":\"https:\\\/\\\/contadoreshoy.com\\\/#organization\"}}]}\n\t\t<\/script>\n\t\t<!-- All in One SEO -->\n\n","aioseo_head_json":{"title":"Consignaciones bancarias a tener en cuenta para ser responsable del IVA - Contadores P\u00fablicos","description":"El par\u00e1grafo 3. del art\u00edculo 437 del Estatuto Tributario establece las condiciones para no ser responsable del IVA, y entre ellas est\u00e1 el numeral 6. que establece: \"Numeral 6. Par\u00e1grafo 3. Art\u00edculo 437. Que el monto de sus consignaciones bancarias, dep\u00f3sitos o inversiones financieras durante el a\u00f1o anterior o durante el respectivo a\u00f1o no supere","canonical_url":"https:\/\/contadoreshoy.com\/?p=12075","robots":"max-image-preview:large","keywords":"","webmasterTools":{"miscellaneous":""},"schema":{"@context":"https:\/\/schema.org","@graph":[{"@type":"BlogPosting","@id":"https:\/\/contadoreshoy.com\/?p=12075#blogposting","name":"Consignaciones bancarias a tener en cuenta para ser responsable del IVA - Contadores P\u00fablicos","headline":"Consignaciones bancarias a tener en cuenta para ser responsable del IVA","author":{"@id":"https:\/\/contadoreshoy.com\/?author=1#author"},"publisher":{"@id":"https:\/\/contadoreshoy.com\/#organization"},"image":{"@type":"ImageObject","url":"https:\/\/contadoreshoy.com\/wp-content\/uploads\/2017\/02\/Conceptos-DIAN.jpg","width":600,"height":400},"datePublished":"2019-10-24T14:40:26-05:00","dateModified":"2019-10-24T14:40:26-05:00","inLanguage":"es-ES","mainEntityOfPage":{"@id":"https:\/\/contadoreshoy.com\/?p=12075#webpage"},"isPartOf":{"@id":"https:\/\/contadoreshoy.com\/?p=12075#webpage"},"articleSection":"Sin categor\u00eda, Ultimas Noticias, Uncategorized"},{"@type":"BreadcrumbList","@id":"https:\/\/contadoreshoy.com\/?p=12075#breadcrumblist","itemListElement":[{"@type":"ListItem","@id":"https:\/\/contadoreshoy.com#listItem","position":1,"name":"Home","item":"https:\/\/contadoreshoy.com","nextItem":{"@type":"ListItem","@id":"https:\/\/contadoreshoy.com\/?cat=1#listItem","name":"Uncategorized"}},{"@type":"ListItem","@id":"https:\/\/contadoreshoy.com\/?cat=1#listItem","position":2,"name":"Uncategorized","item":"https:\/\/contadoreshoy.com\/?cat=1","nextItem":{"@type":"ListItem","@id":"https:\/\/contadoreshoy.com\/?p=12075#listItem","name":"Consignaciones bancarias a tener en cuenta para ser responsable del IVA"},"previousItem":{"@type":"ListItem","@id":"https:\/\/contadoreshoy.com#listItem","name":"Home"}},{"@type":"ListItem","@id":"https:\/\/contadoreshoy.com\/?p=12075#listItem","position":3,"name":"Consignaciones bancarias a tener en cuenta para ser responsable del IVA","previousItem":{"@type":"ListItem","@id":"https:\/\/contadoreshoy.com\/?cat=1#listItem","name":"Uncategorized"}}]},{"@type":"Organization","@id":"https:\/\/contadoreshoy.com\/#organization","name":"Contadores P\u00fablicos","description":"Portal para Contadores P\u00fablicos y empresarios","url":"https:\/\/contadoreshoy.com\/","logo":{"@type":"ImageObject","url":"https:\/\/contadoreshoy.com\/wp-content\/uploads\/2024\/01\/cropped-cropped-Copia-de-M-1.jpg","@id":"https:\/\/contadoreshoy.com\/?p=12075\/#organizationLogo","width":499,"height":500},"image":{"@id":"https:\/\/contadoreshoy.com\/?p=12075\/#organizationLogo"}},{"@type":"Person","@id":"https:\/\/contadoreshoy.com\/?author=1#author","url":"https:\/\/contadoreshoy.com\/?author=1","name":"Miguel Antonio M\u00e1rquez Monta\u00f1ez"},{"@type":"WebPage","@id":"https:\/\/contadoreshoy.com\/?p=12075#webpage","url":"https:\/\/contadoreshoy.com\/?p=12075","name":"Consignaciones bancarias a tener en cuenta para ser responsable del IVA - Contadores P\u00fablicos","description":"El par\u00e1grafo 3. del art\u00edculo 437 del Estatuto Tributario establece las condiciones para no ser responsable del IVA, y entre ellas est\u00e1 el numeral 6. que establece: \"Numeral 6. Par\u00e1grafo 3. Art\u00edculo 437. Que el monto de sus consignaciones bancarias, dep\u00f3sitos o inversiones financieras durante el a\u00f1o anterior o durante el respectivo a\u00f1o no supere","inLanguage":"es-ES","isPartOf":{"@id":"https:\/\/contadoreshoy.com\/#website"},"breadcrumb":{"@id":"https:\/\/contadoreshoy.com\/?p=12075#breadcrumblist"},"author":{"@id":"https:\/\/contadoreshoy.com\/?author=1#author"},"creator":{"@id":"https:\/\/contadoreshoy.com\/?author=1#author"},"image":{"@type":"ImageObject","url":"https:\/\/contadoreshoy.com\/wp-content\/uploads\/2017\/02\/Conceptos-DIAN.jpg","@id":"https:\/\/contadoreshoy.com\/?p=12075\/#mainImage","width":600,"height":400},"primaryImageOfPage":{"@id":"https:\/\/contadoreshoy.com\/?p=12075#mainImage"},"datePublished":"2019-10-24T14:40:26-05:00","dateModified":"2019-10-24T14:40:26-05:00"},{"@type":"WebSite","@id":"https:\/\/contadoreshoy.com\/#website","url":"https:\/\/contadoreshoy.com\/","name":"Contadores P\u00fablicos","description":"Portal para Contadores P\u00fablicos y empresarios","inLanguage":"es-ES","publisher":{"@id":"https:\/\/contadoreshoy.com\/#organization"}}]},"og:locale":"es_ES","og:site_name":"Contadores P\u00fablicos - Portal para Contadores P\u00fablicos y empresarios","og:type":"article","og:title":"Consignaciones bancarias a tener en cuenta para ser responsable del IVA - Contadores P\u00fablicos","og:description":"El par\u00e1grafo 3. del art\u00edculo 437 del Estatuto Tributario establece las condiciones para no ser responsable del IVA, y entre ellas est\u00e1 el numeral 6. que establece: &quot;Numeral 6. Par\u00e1grafo 3. Art\u00edculo 437. Que el monto de sus consignaciones bancarias, dep\u00f3sitos o inversiones financieras durante el a\u00f1o anterior o durante el respectivo a\u00f1o no supere","og:url":"https:\/\/contadoreshoy.com\/?p=12075","og:image":"https:\/\/contadoreshoy.com\/wp-content\/uploads\/2024\/01\/cropped-cropped-cropped-Copia-de-M.jpg","og:image:secure_url":"https:\/\/contadoreshoy.com\/wp-content\/uploads\/2024\/01\/cropped-cropped-cropped-Copia-de-M.jpg","og:image:width":512,"og:image:height":371,"article:published_time":"2019-10-24T19:40:26+00:00","article:modified_time":"2019-10-24T19:40:26+00:00","twitter:card":"summary_large_image","twitter:title":"Consignaciones bancarias a tener en cuenta para ser responsable del IVA - Contadores P\u00fablicos","twitter:description":"El par\u00e1grafo 3. del art\u00edculo 437 del Estatuto Tributario establece las condiciones para no ser responsable del IVA, y entre ellas est\u00e1 el numeral 6. que establece: &quot;Numeral 6. Par\u00e1grafo 3. Art\u00edculo 437. Que el monto de sus consignaciones bancarias, dep\u00f3sitos o inversiones financieras durante el a\u00f1o anterior o durante el respectivo a\u00f1o no supere","twitter:image":"https:\/\/contadoreshoy.com\/wp-content\/uploads\/2024\/01\/cropped-cropped-cropped-Copia-de-M.jpg"},"aioseo_meta_data":{"post_id":"12075","title":null,"description":null,"keywords":null,"keyphrases":null,"primary_term":null,"canonical_url":null,"og_title":null,"og_description":null,"og_object_type":"default","og_image_type":"default","og_image_url":null,"og_image_width":null,"og_image_height":null,"og_image_custom_url":null,"og_image_custom_fields":null,"og_video":null,"og_custom_url":null,"og_article_section":null,"og_article_tags":null,"twitter_use_og":false,"twitter_card":"default","twitter_image_type":"default","twitter_image_url":null,"twitter_image_custom_url":null,"twitter_image_custom_fields":null,"twitter_title":null,"twitter_description":null,"schema":{"blockGraphs":[],"customGraphs":[],"default":{"data":{"Article":[],"Course":[],"Dataset":[],"FAQPage":[],"Movie":[],"Person":[],"Product":[],"ProductReview":[],"Car":[],"Recipe":[],"Service":[],"SoftwareApplication":[],"WebPage":[]},"graphName":"","isEnabled":true},"graphs":[]},"schema_type":"default","schema_type_options":null,"pillar_content":false,"robots_default":true,"robots_noindex":false,"robots_noarchive":false,"robots_nosnippet":false,"robots_nofollow":false,"robots_noimageindex":false,"robots_noodp":false,"robots_notranslate":false,"robots_max_snippet":null,"robots_max_videopreview":null,"robots_max_imagepreview":"large","priority":null,"frequency":null,"local_seo":null,"breadcrumb_settings":null,"limit_modified_date":false,"ai":null,"created":"2024-03-05 02:09:56","updated":"2026-03-03 05:19:50","seo_analyzer_scan_date":null,"focus_keyword":null,"additional_keywords":null,"truseo_locale":null},"aioseo_breadcrumb":"<div class=\"aioseo-breadcrumbs\"><span class=\"aioseo-breadcrumb\">\n\t\t\t<a href=\"https:\/\/contadoreshoy.com\" title=\"Home\">Home<\/a>\n\t\t<\/span><span class=\"aioseo-breadcrumb-separator\">&raquo;<\/span><span class=\"aioseo-breadcrumb\">\n\t\t\t<a href=\"https:\/\/contadoreshoy.com\/?cat=1\" title=\"Uncategorized\">Uncategorized<\/a>\n\t\t<\/span><span class=\"aioseo-breadcrumb-separator\">&raquo;<\/span><span class=\"aioseo-breadcrumb\">\n\t\t\tConsignaciones bancarias a tener en cuenta para ser responsable del IVA\n\t\t<\/span><\/div>","aioseo_breadcrumb_json":[{"label":"Home","link":"https:\/\/contadoreshoy.com"},{"label":"Uncategorized","link":"https:\/\/contadoreshoy.com\/?cat=1"},{"label":"Consignaciones bancarias a tener en cuenta para ser responsable del IVA","link":"https:\/\/contadoreshoy.com\/?p=12075"}],"yoast_head":"<!-- This site is optimized with the Yoast SEO plugin v28.4 - https:\/\/yoast.com\/product\/yoast-seo-wordpress\/ -->\n<title>Consignaciones bancarias a tener en cuenta para ser responsable del IVA - Contadores P\u00fablicos<\/title>\n<meta name=\"robots\" content=\"index, follow, max-snippet:-1, max-image-preview:large, max-video-preview:-1\" \/>\n<link rel=\"canonical\" href=\"https:\/\/contadoreshoy.com\/?p=12075\" \/>\n<meta property=\"og:locale\" content=\"es_ES\" \/>\n<meta property=\"og:type\" content=\"article\" \/>\n<meta property=\"og:title\" content=\"Consignaciones bancarias a tener en cuenta para ser responsable del IVA - Contadores P\u00fablicos\" \/>\n<meta property=\"og:description\" content=\"El par\u00e1grafo 3. del art\u00edculo 437 del Estatuto Tributario establece las condiciones para no ser responsable del IVA, y entre ellas est\u00e1 el numeral 6. que establece: \u00abNumeral 6. Par\u00e1grafo&#046;&#046;&#046;\" \/>\n<meta property=\"og:url\" content=\"https:\/\/contadoreshoy.com\/?p=12075\" \/>\n<meta property=\"og:site_name\" content=\"Contadores P\u00fablicos\" \/>\n<meta property=\"article:publisher\" content=\"https:\/\/www.facebook.com\/CCCPBucaramanga\/\" \/>\n<meta property=\"article:published_time\" content=\"2019-10-24T19:40:26+00:00\" \/>\n<meta property=\"og:image\" content=\"https:\/\/contadoreshoy.com\/wp-content\/uploads\/2017\/02\/Conceptos-DIAN.jpg\" \/>\n\t<meta property=\"og:image:width\" content=\"600\" \/>\n\t<meta property=\"og:image:height\" content=\"400\" \/>\n\t<meta property=\"og:image:type\" content=\"image\/jpeg\" \/>\n<meta name=\"author\" content=\"Miguel Antonio M\u00e1rquez Monta\u00f1ez\" \/>\n<meta name=\"twitter:card\" content=\"summary_large_image\" \/>\n<meta name=\"twitter:label1\" content=\"Escrito por\" \/>\n\t<meta name=\"twitter:data1\" content=\"Miguel Antonio M\u00e1rquez Monta\u00f1ez\" \/>\n\t<meta name=\"twitter:label2\" content=\"Tiempo de lectura\" \/>\n\t<meta name=\"twitter:data2\" content=\"10 minutos\" \/>\n<script type=\"application\/ld+json\" class=\"yoast-schema-graph\">{\"@context\":\"https:\\\/\\\/schema.org\",\"@graph\":[{\"@type\":\"Article\",\"@id\":\"https:\\\/\\\/contadoreshoy.com\\\/?p=12075#article\",\"isPartOf\":{\"@id\":\"https:\\\/\\\/contadoreshoy.com\\\/?p=12075\"},\"author\":{\"name\":\"Miguel Antonio M\u00e1rquez Monta\u00f1ez\",\"@id\":\"https:\\\/\\\/contadoreshoy.com\\\/#\\\/schema\\\/person\\\/96d8979cb865537c5dc9345e40089fc5\"},\"headline\":\"Consignaciones bancarias a tener en cuenta para ser responsable del IVA\",\"datePublished\":\"2019-10-24T19:40:26+00:00\",\"mainEntityOfPage\":{\"@id\":\"https:\\\/\\\/contadoreshoy.com\\\/?p=12075\"},\"wordCount\":2037,\"publisher\":{\"@id\":\"https:\\\/\\\/contadoreshoy.com\\\/#organization\"},\"image\":{\"@id\":\"https:\\\/\\\/contadoreshoy.com\\\/?p=12075#primaryimage\"},\"thumbnailUrl\":\"https:\\\/\\\/contadoreshoy.com\\\/wp-content\\\/uploads\\\/2017\\\/02\\\/Conceptos-DIAN.jpg\",\"articleSection\":{\"1\":\"Ultimas Noticias\",\"2\":\"Uncategorized\"},\"inLanguage\":\"es\"},{\"@type\":\"WebPage\",\"@id\":\"https:\\\/\\\/contadoreshoy.com\\\/?p=12075\",\"url\":\"https:\\\/\\\/contadoreshoy.com\\\/?p=12075\",\"name\":\"Consignaciones bancarias a tener en cuenta para ser responsable del IVA - Contadores P\u00fablicos\",\"isPartOf\":{\"@id\":\"https:\\\/\\\/contadoreshoy.com\\\/#website\"},\"primaryImageOfPage\":{\"@id\":\"https:\\\/\\\/contadoreshoy.com\\\/?p=12075#primaryimage\"},\"image\":{\"@id\":\"https:\\\/\\\/contadoreshoy.com\\\/?p=12075#primaryimage\"},\"thumbnailUrl\":\"https:\\\/\\\/contadoreshoy.com\\\/wp-content\\\/uploads\\\/2017\\\/02\\\/Conceptos-DIAN.jpg\",\"datePublished\":\"2019-10-24T19:40:26+00:00\",\"breadcrumb\":{\"@id\":\"https:\\\/\\\/contadoreshoy.com\\\/?p=12075#breadcrumb\"},\"inLanguage\":\"es\",\"potentialAction\":[{\"@type\":\"ReadAction\",\"target\":[\"https:\\\/\\\/contadoreshoy.com\\\/?p=12075\"]}]},{\"@type\":\"ImageObject\",\"inLanguage\":\"es\",\"@id\":\"https:\\\/\\\/contadoreshoy.com\\\/?p=12075#primaryimage\",\"url\":\"https:\\\/\\\/contadoreshoy.com\\\/wp-content\\\/uploads\\\/2017\\\/02\\\/Conceptos-DIAN.jpg\",\"contentUrl\":\"https:\\\/\\\/contadoreshoy.com\\\/wp-content\\\/uploads\\\/2017\\\/02\\\/Conceptos-DIAN.jpg\",\"width\":600,\"height\":400},{\"@type\":\"BreadcrumbList\",\"@id\":\"https:\\\/\\\/contadoreshoy.com\\\/?p=12075#breadcrumb\",\"itemListElement\":[{\"@type\":\"ListItem\",\"position\":1,\"name\":\"Portada\",\"item\":\"https:\\\/\\\/contadoreshoy.com\\\/\"},{\"@type\":\"ListItem\",\"position\":2,\"name\":\"Consignaciones bancarias a tener en cuenta para ser responsable del IVA\"}]},{\"@type\":\"WebSite\",\"@id\":\"https:\\\/\\\/contadoreshoy.com\\\/#website\",\"url\":\"https:\\\/\\\/contadoreshoy.com\\\/\",\"name\":\"Contadorespublicossantander\",\"description\":\"Portal para Contadores P\u00fablicos y empresarios\",\"publisher\":{\"@id\":\"https:\\\/\\\/contadoreshoy.com\\\/#organization\"},\"potentialAction\":[{\"@type\":\"SearchAction\",\"target\":{\"@type\":\"EntryPoint\",\"urlTemplate\":\"https:\\\/\\\/contadoreshoy.com\\\/?s={search_term_string}\"},\"query-input\":{\"@type\":\"PropertyValueSpecification\",\"valueRequired\":true,\"valueName\":\"search_term_string\"}}],\"inLanguage\":\"es\"},{\"@type\":\"Organization\",\"@id\":\"https:\\\/\\\/contadoreshoy.com\\\/#organization\",\"name\":\"Contadores P\u00fablicos de Santander\",\"url\":\"https:\\\/\\\/contadoreshoy.com\\\/\",\"logo\":{\"@type\":\"ImageObject\",\"inLanguage\":\"es\",\"@id\":\"https:\\\/\\\/contadoreshoy.com\\\/#\\\/schema\\\/logo\\\/image\\\/\",\"url\":\"https:\\\/\\\/contadoreshoy.com\\\/wp-content\\\/uploads\\\/2024\\\/01\\\/cropped-cropped-Copia-de-M-1.jpg\",\"contentUrl\":\"https:\\\/\\\/contadoreshoy.com\\\/wp-content\\\/uploads\\\/2024\\\/01\\\/cropped-cropped-Copia-de-M-1.jpg\",\"width\":499,\"height\":500,\"caption\":\"Contadores P\u00fablicos de Santander\"},\"image\":{\"@id\":\"https:\\\/\\\/contadoreshoy.com\\\/#\\\/schema\\\/logo\\\/image\\\/\"},\"sameAs\":[\"https:\\\/\\\/www.facebook.com\\\/CCCPBucaramanga\\\/\"]},{\"@type\":\"Person\",\"@id\":\"https:\\\/\\\/contadoreshoy.com\\\/#\\\/schema\\\/person\\\/96d8979cb865537c5dc9345e40089fc5\",\"name\":\"Miguel Antonio M\u00e1rquez Monta\u00f1ez\",\"description\":\"Contador P\u00fablico egresado de la Universidad Aut\u00f3noma de Bucaramanga - Asesor contable tributario con m\u00e1s de 25 a\u00f1os de experiencia - Conferencista en temas contables y tributarios - T\u00e9cnico en Hardware y Dise\u00f1o Web - Creador y director Grupo de Estudio Colegio Colombiano de Contadores P\u00fablicos de Bucaramanga - Creador y Master Web p\u00e1gina www.contadoresp\u00fablicossantander.com - Expresidente Colegio Colombiano de Contadores P\u00fablicos Bucaramanga\",\"url\":\"https:\\\/\\\/contadoreshoy.com\\\/?author=1\"}]}<\/script>\n<!-- \/ Yoast SEO plugin. -->","yoast_head_json":{"title":"Consignaciones bancarias a tener en cuenta para ser responsable del IVA - Contadores P\u00fablicos","robots":{"index":"index","follow":"follow","max-snippet":"max-snippet:-1","max-image-preview":"max-image-preview:large","max-video-preview":"max-video-preview:-1"},"canonical":"https:\/\/contadoreshoy.com\/?p=12075","og_locale":"es_ES","og_type":"article","og_title":"Consignaciones bancarias a tener en cuenta para ser responsable del IVA - Contadores P\u00fablicos","og_description":"El par\u00e1grafo 3. del art\u00edculo 437 del Estatuto Tributario establece las condiciones para no ser responsable del IVA, y entre ellas est\u00e1 el numeral 6. que establece: \u00abNumeral 6. Par\u00e1grafo&#46;&#46;&#46;","og_url":"https:\/\/contadoreshoy.com\/?p=12075","og_site_name":"Contadores P\u00fablicos","article_publisher":"https:\/\/www.facebook.com\/CCCPBucaramanga\/","article_published_time":"2019-10-24T19:40:26+00:00","og_image":[{"width":600,"height":400,"url":"https:\/\/contadoreshoy.com\/wp-content\/uploads\/2017\/02\/Conceptos-DIAN.jpg","type":"image\/jpeg"}],"author":"Miguel Antonio M\u00e1rquez Monta\u00f1ez","twitter_card":"summary_large_image","twitter_misc":{"Escrito por":"Miguel Antonio M\u00e1rquez Monta\u00f1ez","Tiempo de lectura":"10 minutos"},"schema":{"@context":"https:\/\/schema.org","@graph":[{"@type":"Article","@id":"https:\/\/contadoreshoy.com\/?p=12075#article","isPartOf":{"@id":"https:\/\/contadoreshoy.com\/?p=12075"},"author":{"name":"Miguel Antonio M\u00e1rquez Monta\u00f1ez","@id":"https:\/\/contadoreshoy.com\/#\/schema\/person\/96d8979cb865537c5dc9345e40089fc5"},"headline":"Consignaciones bancarias a tener en cuenta para ser responsable del IVA","datePublished":"2019-10-24T19:40:26+00:00","mainEntityOfPage":{"@id":"https:\/\/contadoreshoy.com\/?p=12075"},"wordCount":2037,"publisher":{"@id":"https:\/\/contadoreshoy.com\/#organization"},"image":{"@id":"https:\/\/contadoreshoy.com\/?p=12075#primaryimage"},"thumbnailUrl":"https:\/\/contadoreshoy.com\/wp-content\/uploads\/2017\/02\/Conceptos-DIAN.jpg","articleSection":{"1":"Ultimas Noticias","2":"Uncategorized"},"inLanguage":"es"},{"@type":"WebPage","@id":"https:\/\/contadoreshoy.com\/?p=12075","url":"https:\/\/contadoreshoy.com\/?p=12075","name":"Consignaciones bancarias a tener en cuenta para ser responsable del IVA - Contadores P\u00fablicos","isPartOf":{"@id":"https:\/\/contadoreshoy.com\/#website"},"primaryImageOfPage":{"@id":"https:\/\/contadoreshoy.com\/?p=12075#primaryimage"},"image":{"@id":"https:\/\/contadoreshoy.com\/?p=12075#primaryimage"},"thumbnailUrl":"https:\/\/contadoreshoy.com\/wp-content\/uploads\/2017\/02\/Conceptos-DIAN.jpg","datePublished":"2019-10-24T19:40:26+00:00","breadcrumb":{"@id":"https:\/\/contadoreshoy.com\/?p=12075#breadcrumb"},"inLanguage":"es","potentialAction":[{"@type":"ReadAction","target":["https:\/\/contadoreshoy.com\/?p=12075"]}]},{"@type":"ImageObject","inLanguage":"es","@id":"https:\/\/contadoreshoy.com\/?p=12075#primaryimage","url":"https:\/\/contadoreshoy.com\/wp-content\/uploads\/2017\/02\/Conceptos-DIAN.jpg","contentUrl":"https:\/\/contadoreshoy.com\/wp-content\/uploads\/2017\/02\/Conceptos-DIAN.jpg","width":600,"height":400},{"@type":"BreadcrumbList","@id":"https:\/\/contadoreshoy.com\/?p=12075#breadcrumb","itemListElement":[{"@type":"ListItem","position":1,"name":"Portada","item":"https:\/\/contadoreshoy.com\/"},{"@type":"ListItem","position":2,"name":"Consignaciones bancarias a tener en cuenta para ser responsable del IVA"}]},{"@type":"WebSite","@id":"https:\/\/contadoreshoy.com\/#website","url":"https:\/\/contadoreshoy.com\/","name":"Contadorespublicossantander","description":"Portal para Contadores P\u00fablicos y empresarios","publisher":{"@id":"https:\/\/contadoreshoy.com\/#organization"},"potentialAction":[{"@type":"SearchAction","target":{"@type":"EntryPoint","urlTemplate":"https:\/\/contadoreshoy.com\/?s={search_term_string}"},"query-input":{"@type":"PropertyValueSpecification","valueRequired":true,"valueName":"search_term_string"}}],"inLanguage":"es"},{"@type":"Organization","@id":"https:\/\/contadoreshoy.com\/#organization","name":"Contadores P\u00fablicos de Santander","url":"https:\/\/contadoreshoy.com\/","logo":{"@type":"ImageObject","inLanguage":"es","@id":"https:\/\/contadoreshoy.com\/#\/schema\/logo\/image\/","url":"https:\/\/contadoreshoy.com\/wp-content\/uploads\/2024\/01\/cropped-cropped-Copia-de-M-1.jpg","contentUrl":"https:\/\/contadoreshoy.com\/wp-content\/uploads\/2024\/01\/cropped-cropped-Copia-de-M-1.jpg","width":499,"height":500,"caption":"Contadores P\u00fablicos de Santander"},"image":{"@id":"https:\/\/contadoreshoy.com\/#\/schema\/logo\/image\/"},"sameAs":["https:\/\/www.facebook.com\/CCCPBucaramanga\/"]},{"@type":"Person","@id":"https:\/\/contadoreshoy.com\/#\/schema\/person\/96d8979cb865537c5dc9345e40089fc5","name":"Miguel Antonio M\u00e1rquez Monta\u00f1ez","description":"Contador P\u00fablico egresado de la Universidad Aut\u00f3noma de Bucaramanga - Asesor contable tributario con m\u00e1s de 25 a\u00f1os de experiencia - Conferencista en temas contables y tributarios - T\u00e9cnico en Hardware y Dise\u00f1o Web - Creador y director Grupo de Estudio Colegio Colombiano de Contadores P\u00fablicos de Bucaramanga - Creador y Master Web p\u00e1gina www.contadoresp\u00fablicossantander.com - Expresidente Colegio Colombiano de Contadores P\u00fablicos Bucaramanga","url":"https:\/\/contadoreshoy.com\/?author=1"}]}},"_links":{"self":[{"href":"https:\/\/contadoreshoy.com\/index.php?rest_route=\/wp\/v2\/posts\/12075","targetHints":{"allow":["GET"]}}],"collection":[{"href":"https:\/\/contadoreshoy.com\/index.php?rest_route=\/wp\/v2\/posts"}],"about":[{"href":"https:\/\/contadoreshoy.com\/index.php?rest_route=\/wp\/v2\/types\/post"}],"author":[{"embeddable":true,"href":"https:\/\/contadoreshoy.com\/index.php?rest_route=\/wp\/v2\/users\/1"}],"replies":[{"embeddable":true,"href":"https:\/\/contadoreshoy.com\/index.php?rest_route=%2Fwp%2Fv2%2Fcomments&post=12075"}],"version-history":[{"count":1,"href":"https:\/\/contadoreshoy.com\/index.php?rest_route=\/wp\/v2\/posts\/12075\/revisions"}],"predecessor-version":[{"id":12077,"href":"https:\/\/contadoreshoy.com\/index.php?rest_route=\/wp\/v2\/posts\/12075\/revisions\/12077"}],"wp:featuredmedia":[{"embeddable":true,"href":"https:\/\/contadoreshoy.com\/index.php?rest_route=\/wp\/v2\/media\/8835"}],"wp:attachment":[{"href":"https:\/\/contadoreshoy.com\/index.php?rest_route=%2Fwp%2Fv2%2Fmedia&parent=12075"}],"wp:term":[{"taxonomy":"category","embeddable":true,"href":"https:\/\/contadoreshoy.com\/index.php?rest_route=%2Fwp%2Fv2%2Fcategories&post=12075"},{"taxonomy":"post_tag","embeddable":true,"href":"https:\/\/contadoreshoy.com\/index.php?rest_route=%2Fwp%2Fv2%2Ftags&post=12075"}],"curies":[{"name":"wp","href":"https:\/\/api.w.org\/{rel}","templated":true}]}}