{"id":12196,"date":"2020-01-06T21:19:52","date_gmt":"2020-01-07T02:19:52","guid":{"rendered":"https:\/\/contadoreshoy.com\/?p=12196"},"modified":"2020-01-18T17:31:00","modified_gmt":"2020-01-18T22:31:00","slug":"novedades-reforma-tributaria-ley-2010-2019","status":"publish","type":"post","link":"https:\/\/contadoreshoy.com\/?p=12196","title":{"rendered":"Novedades Reforma Tributaria &#8211; Ley 2010 de 2019"},"content":{"rendered":"<p><img loading=\"lazy\" decoding=\"async\" class=\"aligncenter wp-image-7194 size-full\" src=\"https:\/\/contadoreshoy.com\/wp-content\/uploads\/2016\/04\/Rendimientos-financieros.jpg\" alt=\"\" width=\"600\" height=\"400\" srcset=\"https:\/\/contadoreshoy.com\/wp-content\/uploads\/2016\/04\/Rendimientos-financieros.jpg 600w, https:\/\/contadoreshoy.com\/wp-content\/uploads\/2016\/04\/Rendimientos-financieros-300x200.jpg 300w\" sizes=\"auto, (max-width: 600px) 100vw, 600px\" \/><\/p>\n<p style=\"text-align: justify;\"><span style=\"color: #000000;\"><strong>La <a href=\"https:\/\/contadoreshoy.com\/?p=12175\" target=\"_blank\" rel=\"noopener\">Ley 2010 de diciembre 27 de 2019<\/a> (Ley de crecimiento) refrend\u00f3 la mayor\u00eda de art\u00edculos de la Ley 1943 de 2018 (Ley de Financiamiento), pero se presentaron algunas modificaciones, de las cuales relacionamos las mas relevantes.<\/strong><\/span><\/p>\n<p style=\"text-align: justify;\"><span style=\"color: #0000ff;\"><strong>IMPUESTO SOBRE LAS VENTAS<\/strong><\/span><\/p>\n<p style=\"text-align: justify;\"><span style=\"color: #ff0000;\"><strong>El art\u00edculo 1. adicion\u00f3 los numerales 17 y 18 al art\u00edculo 424 del E.T. (Bienes que no causan el impuesto):<\/strong><\/span><\/p>\n<p style=\"text-align: justify;\"><span style=\"color: #000000;\"><strong>Numeral 17.&nbsp;Las bicicletas, bicicletas el\u00e9ctricas, motos el\u00e9ctricas, patines, monopatines, monopatines el\u00e9ctricos, patinetas, y patinetas el\u00e9ctricas, de hasta 50 UVT.<\/strong><\/span><\/p>\n<p style=\"text-align: justify;\"><span style=\"color: #000000;\"><strong>Numeral 18. La venta de los bienes facturados por los comerciantes definidos en el par\u00e1grafo 2 del art\u00edculo 34 de la Ley 98 de 1993. (Venta de libros, revistas, folletos o coleccionables seriados de car\u00e1cter cient\u00edfico o cultural).<\/strong><\/span><\/p>\n<p style=\"text-align: justify;\"><span style=\"color: #ff0000;\"><strong>El art\u00edculo 4. modific\u00f3 el numeral 6. del par\u00e1grafo 3. del art\u00edculo 437 del E.T., y adicion\u00f3 los par\u00e1grafos 4 y 5 al art\u00edculo 437 del E.T. (Sujetos pasivos del IVA):<\/strong><\/span><\/p>\n<p style=\"text-align: justify;\"><span style=\"color: #000000;\"><strong>Par\u00e1grafo 3. Art\u00edculo 437. No deben registrarse como responsables del IVA, quienes cumplan la totalidad de las siguientes condiciones:<\/strong><\/span><\/p>\n<p style=\"text-align: justify;\"><span style=\"color: #000000;\"><strong>&nbsp; &nbsp; &nbsp; 6.&nbsp;Que el monto de sus consignaciones bancarias, dep\u00f3sitos o inversiones financieras durante el a\u00f1o anterior o durante el respectivo a\u00f1o, <span style=\"text-decoration: underline;\">provenientes de actividades<\/span>&nbsp; &nbsp; &nbsp; &nbsp; &nbsp; &nbsp; &nbsp; &nbsp; &nbsp; &nbsp; &nbsp; &nbsp;&nbsp;<span style=\"text-decoration: underline;\">gravadas con el impuesto sobre las ventas<\/span> \u2013 IVA, no supere la suma de 3.500 UVT.<\/strong><\/span><\/p>\n<p style=\"text-align: justify;\"><span style=\"color: #000000;\"><strong>Par\u00e1grafo 4. Art\u00edculo 437.&nbsp;<u>&nbsp;No ser\u00e1n responsables del impuesto sobre las ventas \u2013 IVA, los contribuyentes del impuesto unificado bajo el R\u00e9gimen Simple de Tributaci\u00f3n \u2013 SIMPLE, cuando \u00fanicamente desarrollen una o m\u00e1s actividades establecidas en el numeral 1 del art\u00edculo 908 del Estatuto Tributario.<\/u><\/strong><\/span><\/p>\n<p style=\"text-align: justify;\"><span style=\"color: #000000;\"><strong>Par\u00e1grafo 5. Art\u00edculo 437.&nbsp;Los l\u00edmites de que trata el par\u00e1grafo 3 de este art\u00edculo ser\u00e1n 4.000 UVT para aquellos prestadores de servicios personas naturales que derivan sus ingresos de contratos con el Estado.<\/strong><\/span><\/p>\n<p style=\"text-align: justify;\"><span style=\"color: #ff0000;\"><strong>El art\u00edculo 9. modifica las partidas arancelarias 87.11 y 87.12 del art\u00edculo 468-1 del E.T. (Bienes gravados con la tarifa del 5%):<\/strong><\/span><\/p>\n<table width=\"478\">\n<tbody>\n<tr>\n<td width=\"67\"><span style=\"color: #000000;\"><strong>87,11<\/strong><\/span><\/td>\n<td style=\"text-align: center;\" width=\"411\"><span style=\"color: #000000;\"><strong>Motocicletas el\u00e9ctricas (incluidos los ciclomotores) cuyo valor exceda de 50 UVT<\/strong><\/span><\/td>\n<\/tr>\n<tr>\n<td width=\"67\"><span style=\"color: #000000;\"><strong>87.12<\/strong><\/span><\/td>\n<td style=\"text-align: center;\" width=\"411\"><span style=\"color: #000000;\"><strong>Bicicletas y Bicicletas el\u00e9ctricas (incluidos los triciclos de reparto) cuyo valor exceda de 50 UVT<\/strong><\/span><\/td>\n<\/tr>\n<\/tbody>\n<\/table>\n<p style=\"text-align: justify;\"><span style=\"color: #ff0000;\"><strong>El art\u00edculo 18, modifica el par\u00e1grafo transitorio 3 al art\u00edculo 616-1 E.T. (Factura o documento equivalente)<\/strong><\/span><\/p>\n<p style=\"text-align: justify;\"><span style=\"color: #000000;\"><strong>PAR\u00c1GRAF0 TRANSITORIO 3. <span style=\"text-decoration: underline;\">Desde el primero de enero de 2020 y hasta el 31 de marzo de 2020, quienes estando obligados a expedir factura electr\u00f3nica incumplan con dicha obligaci\u00f3n, no ser\u00e1n sujeto de las sanciones correspondientes previstas en el Estatuto Tributario, siempre y cuando cumplan con las Siguientes condiciones:<\/span><\/strong><\/span><\/p>\n<ol style=\"text-align: justify;\">\n<li><span style=\"color: #000000;\"><strong>Expedir factura y\/o documentos equivalentes y\/o sustitutivos vigentes, por los m\u00e9todos tradicionales diferentes al electr\u00f3nico.<\/strong><\/span><\/li>\n<li><span style=\"color: #000000;\"><strong>Demostrar que la raz\u00f3n por la cual no emitieron facturaci\u00f3n electr\u00f3nica obedece a: i) impedimento tecnol\u00f3gico; o ii) por razones de inconveniencia comercial justificada.<\/strong><\/span><\/li>\n<\/ol>\n<p style=\"text-align: justify;\"><span style=\"color: #000000;\"><strong>La Direcci\u00f3n de Impuestos y Aduanas Nacionales -DIAN podr\u00e1 establecer los requisitos para que las anteriores condiciones se entiendan cumplidas.<\/strong><\/span><\/p>\n<p style=\"text-align: justify;\"><span style=\"color: #ff0000;\"><strong>El art\u00edculo 21 establece la compensaci\u00f3n de IVA de la poblaci\u00f3n m\u00e1s vulnerable para la equidad del sistema tributario.<\/strong><\/span><\/p>\n<p style=\"text-align: justify;\"><span style=\"color: #000000;\"><strong>Se crea a partir del a\u00f1o 2020 una compensaci\u00f3n fija en pesos a favor de la poblaci\u00f3n m\u00e1s vulnerable, la cual ser\u00e1 transferida bimestralmente.<\/strong><\/span><\/p>\n<p style=\"text-align: justify;\"><span style=\"color: #000000;\"><strong>Los art\u00edculos 22 al 26 establecen la exenci\u00f3n del impuesto sobre las ventas &#8211; IVA durante 3 d\u00eda al a\u00f1o, para determinados bienes corporales muebles cuyo precio de venta (sin incluir IVA), sea igual o inferior a:<\/strong><\/span><\/p>\n<ol style=\"text-align: justify;\">\n<li><span style=\"color: #000000;\"><strong>Complementos del vestuario 10 UVT;<\/strong><\/span><\/li>\n<li><span style=\"color: #000000;\"><strong>Electrodom\u00e9sticos 40 UVT;<\/strong><\/span><\/li>\n<li><span style=\"color: #000000;\"><strong>Elementos deportivos 10 UVT;<\/strong><\/span><\/li>\n<li><span style=\"color: #000000;\"><strong>Juguetes y juegos 5 UVT;<\/strong><\/span><\/li>\n<li><span style=\"color: #000000;\"><strong>Vestuario 10 UVT;<\/strong><\/span><\/li>\n<li><span style=\"color: #000000;\"><strong>\u00datiles escolares 3 UVT<\/strong><\/span><\/li>\n<\/ol>\n<p style=\"text-align: justify;\"><span style=\"color: #000000;\"><strong>Estos bienes tienen que ser enajenados en locales comerciales f\u00edsicos y al detal, ubicados en el territorio Colombiano, y el vendedor debe expedir factura electr\u00f3nica. El consumidor final puede adquirir hasta 3 unidades del mismo bien cubierto.<\/strong><\/span><\/p>\n<p><span style=\"color: #0000ff;\"><strong>IMPUESTO SOBRE LA RENTA DE PERSONAS NATURALES<\/strong><\/span><\/p>\n<p style=\"text-align: justify;\"><span style=\"color: #ff0000;\"><strong>El art\u00edculo 32 adiciona el numeral 7 del art\u00edculo 206 E.T. (Rentas de Trabajo Exentas):<\/strong><\/span><\/p>\n<ol style=\"text-align: justify;\" start=\"7\">\n<li><span style=\"color: #000000;\"><strong>En el caso de los magistrados de los tribunales, sus fiscales y procuradores judiciales, se considerar\u00e1 como gastos de representaci\u00f3n exentos, un porcentaje equivalente al cincuenta por ciento (50%) de su salario.<\/strong><\/span><\/li>\n<\/ol>\n<p style=\"text-align: justify;\"><span style=\"color: #000000;\"><strong>&nbsp; &nbsp; &nbsp; &nbsp; &nbsp;Para los jueces de la Rep\u00fablica el porcentaje exento ser\u00e1 del veinticinco por ciento (25%) sobre su salario.<\/strong><\/span><\/p>\n<p style=\"text-align: justify;\"><span style=\"color: #ff0000;\"><strong>El art\u00edculo 35 modifica el art\u00edculo 242 del E.T. Tarifa especial para dividendos o participaciones recibidas por personas naturales residentes.<\/strong><\/span><\/p>\n<table width=\"480\">\n<tbody>\n<tr>\n<td style=\"text-align: center;\" width=\"100\"><span style=\"color: #000000;\"><strong>Rangos en UVT Desde<\/strong><\/span><\/td>\n<td style=\"text-align: center;\" width=\"93\"><span style=\"color: #000000;\"><strong>Rangos en UVT hasta<\/strong><\/span><\/td>\n<td style=\"text-align: center;\" width=\"101\"><span style=\"color: #000000;\"><strong>Tarifa Marginal<\/strong><\/span><\/td>\n<td style=\"text-align: center;\" width=\"186\"><span style=\"color: #000000;\"><strong>Impuesto<\/strong><\/span><\/td>\n<\/tr>\n<tr>\n<td width=\"100\"><span style=\"color: #000000;\"><strong>&gt;0<\/strong><\/span><\/td>\n<td style=\"text-align: center;\" width=\"93\"><span style=\"color: #000000;\"><strong>300<\/strong><\/span><\/td>\n<td style=\"text-align: center;\" width=\"101\"><span style=\"color: #000000;\"><strong>0%<\/strong><\/span><\/td>\n<td style=\"text-align: center;\" width=\"186\"><span style=\"color: #000000;\"><strong>0<\/strong><\/span><\/td>\n<\/tr>\n<tr>\n<td width=\"100\"><span style=\"color: #000000;\"><strong>&gt;300<\/strong><\/span><\/td>\n<td style=\"text-align: center;\" width=\"93\"><span style=\"color: #000000;\"><strong>En adelante<\/strong><\/span><\/td>\n<td width=\"101\">\n<p style=\"text-align: center;\"><span style=\"color: #000000;\"><strong>10%<\/strong><\/span><\/p>\n<\/td>\n<td style=\"text-align: center;\" width=\"186\"><span style=\"color: #000000;\"><strong>(Dividendos en UVT menos 300 UVT)x10%<\/strong><\/span><\/td>\n<\/tr>\n<\/tbody>\n<\/table>\n<p style=\"text-align: justify;\"><span style=\"color: #ff0000;\"><strong>El art\u00edculo 42 modifica el art\u00edculo 383 del E.T. Tabla de retenci\u00f3n en pagos laborales<\/strong><\/span><\/p>\n<table width=\"480\">\n<tbody>\n<tr>\n<td style=\"text-align: center;\" width=\"77\"><span style=\"color: #000000;\"><strong>Rangos en UVT desde<\/strong><\/span><\/td>\n<td style=\"text-align: center;\" width=\"90\"><span style=\"color: #000000;\"><strong>Rangos en UVT hasta<\/strong><\/span><\/td>\n<td style=\"text-align: center;\" width=\"71\"><span style=\"color: #000000;\"><strong>Tarifa Marginal<\/strong><\/span><\/td>\n<td style=\"text-align: center;\" width=\"242\"><span style=\"color: #000000;\"><strong>Retenci\u00f3n en la fuente<\/strong><\/span><\/td>\n<\/tr>\n<tr>\n<td style=\"text-align: center;\" width=\"77\"><span style=\"color: #000000;\"><strong>0<\/strong><\/span><\/td>\n<td style=\"text-align: center;\" width=\"90\"><span style=\"color: #000000;\"><strong>95<\/strong><\/span><\/td>\n<td style=\"text-align: center;\" width=\"71\"><span style=\"color: #000000;\"><strong>0%<\/strong><\/span><\/td>\n<td style=\"text-align: center;\" width=\"242\"><span style=\"color: #000000;\"><strong>0<\/strong><\/span><\/td>\n<\/tr>\n<tr>\n<td style=\"text-align: center;\" width=\"77\"><span style=\"color: #000000;\"><strong>&gt;95<\/strong><\/span><\/td>\n<td style=\"text-align: center;\" width=\"90\"><span style=\"color: #000000;\"><strong>150<\/strong><\/span><\/td>\n<td style=\"text-align: center;\" width=\"71\"><span style=\"color: #000000;\"><strong>19%<\/strong><\/span><\/td>\n<td style=\"text-align: center;\" width=\"242\"><span style=\"color: #000000;\"><strong>(Ingreso laboral gravado expresado en UVT menos 95 UVT)x19%<\/strong><\/span><\/td>\n<\/tr>\n<tr>\n<td style=\"text-align: center;\" width=\"77\"><span style=\"color: #000000;\"><strong>&gt;150<\/strong><\/span><\/td>\n<td style=\"text-align: center;\" width=\"90\"><span style=\"color: #000000;\"><strong>360<\/strong><\/span><\/td>\n<td style=\"text-align: center;\" width=\"71\"><span style=\"color: #000000;\"><strong>28%<\/strong><\/span><\/td>\n<td style=\"text-align: center;\" width=\"242\"><span style=\"color: #000000;\"><strong>(Ingreso laboral gravado expresado en UVT menos 150 UVT)x28%+ 10 UVT<\/strong><\/span><\/td>\n<\/tr>\n<tr>\n<td style=\"text-align: center;\" width=\"77\"><span style=\"color: #000000;\"><strong>&gt;360<\/strong><\/span><\/td>\n<td style=\"text-align: center;\" width=\"90\"><span style=\"color: #000000;\"><strong>640<\/strong><\/span><\/td>\n<td style=\"text-align: center;\" width=\"71\"><span style=\"color: #000000;\"><strong>33%<\/strong><\/span><\/td>\n<td style=\"text-align: center;\" width=\"242\"><span style=\"color: #000000;\"><strong>(Ingreso laboral gravado expresado en UVT menos 360 UVT)x33% + 69 UVT<\/strong><\/span><\/td>\n<\/tr>\n<tr>\n<td style=\"text-align: center;\" width=\"77\"><span style=\"color: #000000;\"><strong>&gt;640<\/strong><\/span><\/td>\n<td style=\"text-align: center;\" width=\"90\"><span style=\"color: #000000;\"><strong>945<\/strong><\/span><\/td>\n<td style=\"text-align: center;\" width=\"71\"><span style=\"color: #000000;\"><strong>35%<\/strong><\/span><\/td>\n<td style=\"text-align: center;\" width=\"242\"><span style=\"color: #000000;\"><strong>(Ingreso laboral gravado expresado en UVT menos 640 UVT)x35% + 162 UVT<\/strong><\/span><\/td>\n<\/tr>\n<tr>\n<td style=\"text-align: center;\" width=\"77\"><span style=\"color: #000000;\"><strong>&gt;945<\/strong><\/span><\/td>\n<td style=\"text-align: center;\" width=\"90\"><span style=\"color: #000000;\"><strong>2300<\/strong><\/span><\/td>\n<td style=\"text-align: center;\" width=\"71\"><span style=\"color: #000000;\"><strong>37%<\/strong><\/span><\/td>\n<td style=\"text-align: center;\" width=\"242\"><span style=\"color: #000000;\"><strong>(Ingreso laboral gravado expresado en UVT menos 945 UVT)x37% + 268 UVT<\/strong><\/span><\/td>\n<\/tr>\n<tr>\n<td style=\"text-align: center;\" width=\"77\"><span style=\"color: #000000;\"><strong>&gt;2300<\/strong><\/span><\/td>\n<td style=\"text-align: center;\" width=\"90\"><span style=\"color: #000000;\"><strong>En adelante<\/strong><\/span><\/td>\n<td style=\"text-align: center;\" width=\"71\"><span style=\"color: #000000;\"><strong>39%<\/strong><\/span><\/td>\n<td style=\"text-align: center;\" width=\"242\"><span style=\"color: #000000;\"><strong>(Ingreso laboral gravado expresado en UVT menos 2300 UVT)x39% +770 UVT<\/strong><\/span><\/td>\n<\/tr>\n<\/tbody>\n<\/table>\n<p><span style=\"color: #0000ff;\"><strong>IMPUESTO A LOS DIVIDENDOS<\/strong><\/span><\/p>\n<p style=\"text-align: justify;\"><span style=\"color: #000000;\"><strong><span style=\"color: #ff0000;\">El art\u00edculo 51 modifica el art\u00edculo 245 del E.T.<\/span> <span style=\"text-decoration: underline;\">La tarifa del impuesto<\/span> sobre la renta correspondiente a dividendos o participaciones, percibidos por sociedades u otras entidades extranjeras sin domicilio principal en el pa\u00eds, por personas naturales sin residencia en Colombia y por sucesiones il\u00edquidas de causantes que no eran residentes en&nbsp; Colombia <span style=\"text-decoration: underline;\">pas\u00f3 del 7.5% al 10%.<\/span><\/strong><\/span><\/p>\n<p style=\"text-align: justify;\"><span style=\"color: #000000;\"><strong><span style=\"color: #ff0000;\">El art\u00edculo 52 modifica el art\u00edculo 246 del E.T<\/span>. <span style=\"text-decoration: underline;\">La tarifa del impuesto<\/span> sobre la renta aplicable a los dividendos y participaciones, que se paguen o abonen en cuenta a establecimientos permanentes en Colombia en sociedades extranjeras <span style=\"text-decoration: underline;\">ser\u00e1 del 10% (estaba en el 7.5%)<\/span>.<\/strong><\/span><\/p>\n<p><span style=\"color: #0000ff;\"><strong>IMPUESTO DE NORMALIZACI\u00d3N TRIBUTARIA<\/strong><\/span><\/p>\n<p style=\"text-align: justify;\"><span style=\"color: #000000;\"><strong><span style=\"color: #ff0000;\">Los art\u00edculos 53 al 60 establecen el Impuesto de Normalizaci\u00f3n Tributaria Complementario al Impuesto sobre la renta y al impuesto al patrimonio<\/span>,<span style=\"text-decoration: underline;\"> se crea a partir de 2020, se causa por la posesi\u00f3n de activos omitidos o pasivos inexistentes a 01 de enero del a\u00f1o 2020, a una tarifa del 15%, y la declaraci\u00f3n deber\u00e1 ser presentada con pago hasta el 25 de septiembre de 2020.<\/span><\/strong><\/span><\/p>\n<p style=\"text-align: justify;\"><span style=\"color: #0000ff;\"><strong>IMPUESTO UNIFICADO BAJO EL R\u00c9GIMEN SIMPLE DE TRIBUTACI\u00d3N &#8211; SIMPLE<\/strong><\/span><\/p>\n<p style=\"text-align: justify;\"><span style=\"color: #ff0000;\"><strong>El art\u00edculo 66 elimina el numeral 3 del art\u00edculo 907 del E.T.<\/strong><\/span><\/p>\n<p style=\"text-align: justify;\"><span style=\"color: #000000;\"><strong>Art. 907. Impuestos que comprenden e integran el impuesto unificado bajo el r\u00e9gimen simple de tributaci\u00f3n \u00ad SIMPLE.<\/strong><\/span><\/p>\n<p style=\"text-align: justify;\"><span style=\"color: #000000;\"><strong><em>3.&nbsp;El&nbsp;impuesto&nbsp;sobre&nbsp;las&nbsp;ventas -IVA, <u>u\u0301nicamente cuando&nbsp;se&nbsp;desarrolle una o&nbsp;ma\u0301s&nbsp;actividades descritas&nbsp;en el&nbsp;numeral&nbsp;1&nbsp;del arti\u0301culo&nbsp;908&nbsp;de este Estatuto<\/u>. (Tiendas peque\u00f1as, mini-mercados, micro-mercados y peluquer\u00eda)\u201d<\/em><\/strong><\/span><\/p>\n<p style=\"text-align: justify;\"><span style=\"color: #ff0000;\"><strong>El art\u00edculo 66 aumenta la tarifa consolidada del numeral 3. del art\u00edculo 908 del E.T., y la tarifa consolidada del anticipo del impuesto unificado bajo el r\u00e9gimen simple de tributaci\u00f3n &#8211; SIMPLE<\/strong><\/span><\/p>\n<ol style=\"text-align: justify;\" start=\"3\">\n<li><span style=\"color: #000000;\"><strong>Servicios profesionales, de consultor\u00eda y cienti\u0301ficos en los que predomine el factor intelectual sobre el material, incluidos los servicios de profesiones liberales:<\/strong><\/span><\/li>\n<\/ol>\n<table>\n<tbody>\n<tr>\n<td style=\"text-align: center;\" colspan=\"2\"><span style=\"color: #000000;\"><strong>Ingresos brutos anuales<\/strong><\/span><\/td>\n<td style=\"text-align: center;\" rowspan=\"2\"><span style=\"color: #000000;\"><strong>Tarifa SIMPLE<\/strong><\/span><\/p>\n<p><span style=\"color: #000000;\"><strong>Consolidada<\/strong><\/span><\/td>\n<\/tr>\n<tr>\n<td style=\"text-align: center;\"><span style=\"color: #000000;\"><strong>Igual o superior (UVT)<\/strong><\/span><\/td>\n<td style=\"text-align: center;\"><span style=\"color: #000000;\"><strong>Inferior (UVT)<\/strong><\/span><\/td>\n<\/tr>\n<tr>\n<td style=\"text-align: center;\"><span style=\"color: #000000;\"><strong>0 UVT<\/strong><\/span><\/td>\n<td style=\"text-align: center;\"><span style=\"color: #000000;\"><strong>6.000 UVT<\/strong><\/span><\/td>\n<td style=\"text-align: center;\"><span style=\"color: #000000;\"><strong>5.9 %<\/strong><\/span><\/td>\n<\/tr>\n<tr>\n<td style=\"text-align: center;\"><span style=\"color: #000000;\"><strong>6.000 UVT<\/strong><\/span><\/td>\n<td style=\"text-align: center;\"><span style=\"color: #000000;\"><strong>15.000 UVT<\/strong><\/span><\/td>\n<td style=\"text-align: center;\"><span style=\"color: #000000;\"><strong>7.3 %<\/strong><\/span><\/td>\n<\/tr>\n<tr>\n<td style=\"text-align: center;\"><span style=\"color: #000000;\"><strong>15.000&nbsp;UVT<\/strong><\/span><\/td>\n<td style=\"text-align: center;\"><span style=\"color: #000000;\"><strong>30.000&nbsp;UVT<\/strong><\/span><\/td>\n<td style=\"text-align: center;\"><span style=\"color: #000000;\"><strong>12.0 %<\/strong><\/span><\/td>\n<\/tr>\n<tr>\n<td style=\"text-align: center;\"><span style=\"color: #000000;\"><strong>30.000&nbsp;UVT<\/strong><\/span><\/td>\n<td style=\"text-align: center;\"><span style=\"color: #000000;\"><strong>80.000&nbsp;UVT<\/strong><\/span><\/td>\n<td style=\"text-align: center;\"><span style=\"color: #000000;\"><strong>14.5 %<\/strong><\/span><\/td>\n<\/tr>\n<\/tbody>\n<\/table>\n<p><strong>Tabla anticipo<\/strong><\/p>\n<table>\n<tbody>\n<tr>\n<td style=\"text-align: center;\" colspan=\"2\"><span style=\"color: #000000;\"><strong>Ingresos brutos anuales<\/strong><\/span><\/td>\n<td style=\"text-align: center;\" rowspan=\"2\"><span style=\"color: #000000;\"><strong>Tarifa SIMPLE<\/strong><\/span><\/p>\n<p><span style=\"color: #000000;\"><strong>Consolidada<\/strong><\/span><\/td>\n<\/tr>\n<tr>\n<td style=\"text-align: center;\"><span style=\"color: #000000;\"><strong>Igual o superior (UVT)<\/strong><\/span><\/td>\n<td style=\"text-align: center;\"><span style=\"color: #000000;\"><strong>Inferior (UVT)<\/strong><\/span><\/td>\n<\/tr>\n<tr>\n<td style=\"text-align: center;\"><span style=\"color: #000000;\"><strong>0 UVT<\/strong><\/span><\/td>\n<td style=\"text-align: center;\"><span style=\"color: #000000;\"><strong>1.000 UVT<\/strong><\/span><\/td>\n<td style=\"text-align: center;\"><span style=\"color: #000000;\"><strong>5.9 %<\/strong><\/span><\/td>\n<\/tr>\n<tr>\n<td style=\"text-align: center;\"><span style=\"color: #000000;\"><strong>1.000 UVT<\/strong><\/span><\/td>\n<td style=\"text-align: center;\"><span style=\"color: #000000;\"><strong>2.500 UVT<\/strong><\/span><\/td>\n<td style=\"text-align: center;\"><span style=\"color: #000000;\"><strong>7.3 %<\/strong><\/span><\/td>\n<\/tr>\n<tr>\n<td style=\"text-align: center;\"><span style=\"color: #000000;\"><strong>2.500 UVT<\/strong><\/span><\/td>\n<td style=\"text-align: center;\"><span style=\"color: #000000;\"><strong>5.000&nbsp;UVT<\/strong><\/span><\/td>\n<td style=\"text-align: center;\"><span style=\"color: #000000;\"><strong>12.0 %<\/strong><\/span><\/td>\n<\/tr>\n<tr>\n<td style=\"text-align: center;\"><span style=\"color: #000000;\"><strong>5.000&nbsp;UVT<\/strong><\/span><\/td>\n<td style=\"text-align: center;\"><span style=\"color: #000000;\"><strong>13.334 UVT<\/strong><\/span><\/td>\n<td style=\"text-align: center;\"><span style=\"color: #000000;\"><strong>14.5 %<\/strong><\/span><\/td>\n<\/tr>\n<\/tbody>\n<\/table>\n<p style=\"text-align: justify;\"><span style=\"color: #ff0000;\"><strong>El art\u00edculo 66 adiciona el par\u00e1grafo transitorio 2 al art\u00edculo 909 del E.T.<\/strong><\/span><\/p>\n<p style=\"text-align: justify;\"><span style=\"color: #000000;\"><strong>PAR\u00c1GRAFO&nbsp;TRANSITORIO 2.&nbsp;Quienes a la entrada en vigencia de la presente ley hayan cumplido con los requisitos para optar por el r\u00e9gimen SIMPLE, y se hayan inscrito dentro de los plazos establecidos para el efecto, no tendr\u00e1n que volver a surtir dicho tr\u00e1mite para el a\u00f1o 2020. Lo anterior, siempre que los contribuyentes quieran continuar en el r\u00e9gimen SIMPLE durante dicha vigencia.<\/strong><\/span><\/p>\n<p><span style=\"color: #0000ff;\"><strong>IMPUESTO SOBRE LA RENTA<\/strong><\/span><\/p>\n<p style=\"text-align: justify;\"><span style=\"color: #ff0000;\"><strong>El art\u00edculo 88 adiciona el art\u00edculo 108-5 al E.T. (Deducci\u00f3n del primer empleo)<\/strong><\/span><\/p>\n<p style=\"text-align: justify;\"><span style=\"color: #000000;\"><strong>Art\u00edculo 108-5. DEDUCCI\u00d3N DEL PRIMER EMPLEO. Los contribuyentes que est\u00e9n obligados a presentar declaraci\u00f3n de renta y complementarios, tienen derecho a deducir el 120% de los pagos que realicen por concepto de salario, en relaci\u00f3n con los empleados que sean menores de veintiocho (28) a\u00f1os, siempre y cuando se trate del primer empleo de la persona. La deducci\u00f3n m\u00e1xima por cada empleado no podr\u00e1 exceder ciento quince (115) UVT mensuales y proceder\u00e1 en el a\u00f1o gravable en el que \u00e9l empleado sea contratado por el contribuyente.<\/strong><\/span><\/p>\n<p style=\"text-align: justify;\"><span style=\"color: #000000;\"><strong>Para efectos de acceder a la deducci\u00f3n de que trata este art\u00edculo, debe tratarse de nuevos empleos y el empleado deber\u00e1 ser contratado con posterioridad a la vigencia de la presente Ley, ser menor de veintiocho (28) a\u00f1os y ser el primer empleo de la persona.<\/strong><\/span><\/p>\n<p style=\"text-align: justify;\"><span style=\"color: #000000;\"><strong>El Ministerio del Trabajo expedir\u00e1 al contribuyente una certificaci\u00f3n en la que se acredite que se trata del primer empleo de la persona menor de veintiocho (28) a\u00f1os, como requisito para poder acceder a la deducci\u00f3n de que trata ese art\u00edculo. El Ministerio del Trabajo llevar\u00e1 un registro anualizado de todas las certificaciones de primer empleo que expida, con la identificaci\u00f3n del empleado y del contribuyente.<\/strong><\/span><\/p>\n<p style=\"text-align: justify;\"><span style=\"color: #ff0000;\"><strong>El art\u00edculo 89 adiciona el art\u00edculo 119 al E.T. (Deducci\u00f3n de intereses sobre pr\u00e9stamos educativos del ICETEX y para adquisici\u00f3n de vivienda)<\/strong><\/span><\/p>\n<p style=\"text-align: justify;\"><span style=\"color: #000000;\"><strong>ART\u00cdCULO 119.&nbsp;<\/strong><\/span><span style=\"color: #000000;\"><strong>Deducci\u00f3n de intereses sobre pr\u00e9stamos educativos del ICETEX y para adquisici\u00f3n de vivienda.<\/strong><\/span><\/p>\n<p style=\"text-align: justify;\"><span style=\"color: #000000;\"><strong>Aunque no guarden relaci\u00f3n de causalidad con la producci\u00f3n de la renta, tambi\u00e9n son deducibles los intereses que se paguen sobre pr\u00e9stamos para adquisici\u00f3n de vivienda del contribuyente, siempre que el pr\u00e9stamo est\u00e9 garantizado con hipoteca si el acreedor no est\u00e1 sometido a la vigilancia del Estado, y se cumplen las dem\u00e1s condiciones se\u00f1aladas en este art\u00edculo.<\/strong><\/span><\/p>\n<p style=\"text-align: justify;\"><span style=\"color: #000000;\"><strong>Cuando el pr\u00e9stamo de vivienda se haya adquirido en unidades de poder adquisitivo constante, la deducci\u00f3n por intereses y correcci\u00f3n monetaria estar\u00e1 limitada para cada contribuyente al valor equivalente a las primeras cuatro mil quinientos cincuenta y tres (4.553) unidades de poder adquisitivo constante UPAC, del respectivo pr\u00e9stamo. Dicha deducci\u00f3n no podr\u00e1 exceder anualmente del valor equivalente de mil (1 .000) unidades de poder adquisitivo constante.*(Hoy 1.200 Uvt)<\/strong><\/span><\/p>\n<p style=\"text-align: justify;\"><span style=\"color: #000000;\"><strong>Tambi\u00e9n estar\u00e1n sujetos a las deducciones de que trata este art\u00edculo los intereses que se paguen sobre pr\u00e9stamos educativos del Instituto Colombiano de Cr\u00e9ditos Educativo y Estudios T\u00e9cnicos en el Exterior ICETEX -dirigidos para la educaci\u00f3n superior del contribuyente. Dicha deducci\u00f3n no podr\u00e1 exceder anualmente del valor equivalente a 100 UVT.<\/strong><\/span><\/p>\n<p style=\"text-align: justify;\"><span style=\"color: #ff0000;\"><strong>El art\u00edculo 90 modifica el art\u00edculo 188 del E.T. (Base y porcentaje de la renta presuntiva)<\/strong><\/span><\/p>\n<p style=\"text-align: justify;\"><span style=\"color: #000000;\"><strong>La renta presuntiva para el a\u00f1o 2020 ser\u00e1 del 0.5% (estaba en 1.5%), del 0% a partir del a\u00f1o gravable 2021.<\/strong><\/span><\/p>\n<p style=\"text-align: justify;\"><span style=\"color: #000000;\"><strong>El art\u00edculo 91 modifica el art\u00edculo 235-2 del E.T. y adiciona como actividades que califican para el incentivo de rentas exentas (econom\u00eda naranja), las actividades relacionadas con deporte, recreaci\u00f3n y aprovechamiento del tiempo libre.<\/strong><\/span><\/p>\n<p style=\"text-align: justify;\"><span style=\"color: #ff0000;\"><strong>El art\u00edculo 92 adiciona el literal i) al par\u00e1grafo 5 del art\u00edculo 240 del E.T. (Rentas gravadas al 9%):<\/strong><\/span><\/p>\n<p style=\"text-align: justify;\"><span style=\"color: #000000;\"><strong>i) A partir del 1 de enero de 2020, los servicios prestados en parques tem\u00e1ticos, que se remodelen y\/o ampl\u00eden, dentro de los cuatro (4) a\u00f1os siguientes a la entrada en vigencia de la presente Ley, por un t\u00e9rmino de diez (10) a\u00f1os, siempre y cuando el valor de la remodelaci\u00f3n y\/o ampliaci\u00f3n no sea inferior al cincuenta por ciento (50%) de sus activos. Los activos se deber\u00e1n valorar conforme al art\u00edculo 90 del Estatuto Tributario. Dicha remodelaci\u00f3n y\/o ampliaci\u00f3n debe estar autorizada por la curadur\u00eda Urbana o en su defecto de la Alcald\u00eda Municipal del domicilio del parque tem\u00e1tico.<\/strong><\/span><\/p>\n<p style=\"text-align: justify;\"><span style=\"color: #000000;\"><strong>El art\u00edculo 92 modifica el par\u00e1grafo 7 del art\u00edculo 240 E.T. (puntos adicionales al impuesto de renta y complementarios durante los a\u00f1os gravable 2020, 2021 y 2022 para la entidades financieras), estableciendo un anticipo a la sobretasa del 100% del valor de la misma.<\/strong><\/span><\/p>\n<p style=\"text-align: justify;\"><span style=\"color: #ff0000;\"><strong>El art\u00edculo 109 adiciona un par\u00e1grafo al art\u00edculo 607 del E.T. (Declaraci\u00f3n de activos en el exterior)<\/strong><\/span><\/p>\n<p style=\"text-align: justify;\"><span style=\"color: #000000;\"><strong>PAR\u00c1GRAFO. La obligaci\u00f3n de presentar declaraci\u00f3n de activos en el exterior solamente ser\u00e1 aplicable cuando el valor patrimonial de los activos del exterior pose\u00eddos a 1 de enero de cada a\u00f1o sea superior a dos mil (2.000) UVT.<\/strong><\/span><\/p>\n<p style=\"text-align: justify;\"><span style=\"color: #ff0000;\"><strong>El art\u00edculo 142 adiciona el par\u00e1grafo 5. al art\u00edculo 204 de la Ley 100 de 993, el cual modifica la cotizaci\u00f3n mensual en salud de los pensionados<\/strong><\/span><\/p>\n<p style=\"text-align: justify;\"><span style=\"color: #000000;\"><strong>PAR\u00c1GRAFO 5. La cotizaci\u00f3n mensual en salud al r\u00e9gimen contributivo a cargo de los pensionados para los a\u00f1os 2020 y 2021 se determinar\u00e1 mediante la siguiente tabla:<\/strong><\/span><\/p>\n<table width=\"640\">\n<tbody>\n<tr>\n<td style=\"text-align: center;\" width=\"320\"><span style=\"color: #000000;\"><strong>Mesada pensional en salarios m\u00ednimos legales mensuales vigentes (SMLMV)<\/strong><\/span><\/td>\n<td style=\"text-align: center;\" width=\"320\"><span style=\"color: #000000;\"><strong>Cotizaci\u00f3n mensual en salud<\/strong><\/span><\/td>\n<\/tr>\n<tr>\n<td style=\"text-align: center;\" width=\"320\"><span style=\"color: #000000;\"><strong>1 SMLMV<\/strong><\/span><\/td>\n<td style=\"text-align: center;\" width=\"320\"><span style=\"color: #000000;\"><strong>8%<\/strong><\/span><\/td>\n<\/tr>\n<tr>\n<td style=\"text-align: center;\" width=\"320\"><span style=\"color: #000000;\"><strong>&gt;1 SMLMV y hasta 2 SMLMV<\/strong><\/span><\/td>\n<td style=\"text-align: center;\" width=\"320\"><span style=\"color: #000000;\"><strong>10%<\/strong><\/span><\/td>\n<\/tr>\n<tr>\n<td style=\"text-align: center;\" width=\"320\"><span style=\"color: #000000;\"><strong>&gt;2 SMLMV y hasta 5 SMLMV<\/strong><\/span><\/td>\n<td style=\"text-align: center;\" width=\"320\"><span style=\"color: #000000;\"><strong>12%<\/strong><\/span><\/td>\n<\/tr>\n<tr>\n<td style=\"text-align: center;\" width=\"320\"><span style=\"color: #000000;\"><strong>&gt;5 SMLMV y hasta 8 SMLMV<\/strong><\/span><\/td>\n<td style=\"text-align: center;\" width=\"320\"><span style=\"color: #000000;\"><strong>12%<\/strong><\/span><\/td>\n<\/tr>\n<tr>\n<td style=\"text-align: center;\" width=\"320\"><span style=\"color: #000000;\"><strong>&gt;8 SMLMV<\/strong><\/span><\/td>\n<td style=\"text-align: center;\" width=\"320\"><span style=\"color: #000000;\"><strong>12%<\/strong><\/span><\/td>\n<\/tr>\n<\/tbody>\n<\/table>\n<p style=\"text-align: justify;\"><span style=\"color: #000000;\"><strong>A partir del a\u00f1o 2022, se aplicar\u00e1 la siguiente tabla:<\/strong><\/span><\/p>\n<table width=\"640\">\n<tbody>\n<tr>\n<td style=\"text-align: center;\" width=\"320\"><span style=\"color: #000000;\"><strong>Mesada pensional en salarios m\u00ednimos legales mensuales vigentes (SMLMV)<\/strong><\/span><\/td>\n<td style=\"text-align: center;\" width=\"320\"><span style=\"color: #000000;\"><strong>Cotizaci\u00f3n mensual en salud<\/strong><\/span><\/td>\n<\/tr>\n<tr>\n<td style=\"text-align: center;\" width=\"320\"><span style=\"color: #000000;\"><strong>1 SMLMV<\/strong><\/span><\/td>\n<td style=\"text-align: center;\" width=\"320\"><span style=\"color: #000000;\"><strong>4%<\/strong><\/span><\/td>\n<\/tr>\n<tr>\n<td style=\"text-align: center;\" width=\"320\"><span style=\"color: #000000;\"><strong>&gt;1 SMLMV y hasta 2 SMLMV<\/strong><\/span><\/td>\n<td style=\"text-align: center;\" width=\"320\"><span style=\"color: #000000;\"><strong>10%<\/strong><\/span><\/td>\n<\/tr>\n<tr>\n<td style=\"text-align: center;\" width=\"320\"><span style=\"color: #000000;\"><strong>&gt;2 SMLMV y hasta 5 SMLMV<\/strong><\/span><\/td>\n<td style=\"text-align: center;\" width=\"320\"><span style=\"color: #000000;\"><strong>12%<\/strong><\/span><\/td>\n<\/tr>\n<tr>\n<td style=\"text-align: center;\" width=\"320\"><span style=\"color: #000000;\"><strong>&gt;5 SMLMV y hasta 8 SMLMV<\/strong><\/span><\/td>\n<td style=\"text-align: center;\" width=\"320\"><span style=\"color: #000000;\"><strong>12%<\/strong><\/span><\/td>\n<\/tr>\n<tr>\n<td style=\"text-align: center;\" width=\"320\"><span style=\"color: #000000;\"><strong>&gt;8 SMLMV<\/strong><\/span><\/td>\n<td style=\"text-align: center;\" width=\"320\"><span style=\"color: #000000;\"><strong>12%<\/strong><\/span><\/td>\n<\/tr>\n<\/tbody>\n<\/table>\n<p style=\"text-align: justify;\"><span style=\"color: #ff0000;\"><strong>El art\u00edculo 155 crea la contraprestaci\u00f3n por uso comercial y tur\u00edstico de playas y terrenos en bajamar.<\/strong><\/span><\/p>\n<p style=\"text-align: justify;\"><span style=\"color: #000000;\"><strong>Art\u00edculo 155. Las personas jur\u00eddicas que posean permisos, licencias o concesiones temporales para el uso, goce y disfrute exclusivo con fines comerciales y tur\u00edsticos de playas y terrenos de baja mar, deber\u00e1n pagar una contraprestaci\u00f3n por el aprovechamiento de dichos terrenos de dominio p\u00fablico. Esta ser\u00e1 definida por el Gobierno Nacional en funci\u00f3n del n\u00famero de visitantes promedio anual, para el primer a\u00f1o se calcular\u00e1 sobre la base de una proyecci\u00f3n de visitantes y se ajustar\u00e1 anualmente seg\u00fan el n\u00famero de visitantes del periodo anterior. El c\u00e1lculo ser\u00e1 realizado por el Ministerio de Comercio, Industria y Turismo.<\/strong><\/span><\/p>\n<p style=\"text-align: justify;\"><span style=\"color: #ff0000;\"><strong>El art\u00edculo 512-22 que trata sobre el impuesto nacional al consumo de bienes inmuebles<\/strong><\/span><\/p>\n<p style=\"text-align: justify;\"><span style=\"color: #000000;\"><strong>Este art\u00edculo no fue incluido en la Ley 2010 de diciembre 27 de 2019, de tal manera que el impuesto al consumo de bienes inmuebles solo se encuentra vigente hasta diciembre 31 de 2019.<\/strong><\/span><\/p>\n<p style=\"text-align: justify;\"><span style=\"color: #ff0000;\"><strong>Componente inflacionario de los rendimientos, gastos y costos financieros<\/strong><\/span><\/p>\n<p style=\"text-align: justify;\"><span style=\"color: #000000;\"><strong>Revividos los art\u00edculo 38, 39, 40, 40-1, 41, 81,&nbsp; 81-1 y 118 del Estatuto Tributario, normas que tratan sobre el componente inflacionario de los rendimientos, gastos y costos financieros, de las personas naturales y sucesiones il\u00edquidas no obligadas a llevar contabilidad, los cuales no constituye renta ni ganancia ocasional.<\/strong><\/span><\/p>\n<p><a href=\"https:\/\/contadoreshoy.com\/?p=12175\" target=\"_blank\" rel=\"noopener\"><strong>Para ver Ley 2010 de diciembre 27 de 2019, dar click aqu\u00ed:<\/strong><\/a><\/p>\n","protected":false},"excerpt":{"rendered":"<p>La Ley 2010 de diciembre 27 de 2019 (Ley de crecimiento) refrend\u00f3 la mayor\u00eda de art\u00edculos de la Ley 1943 de 2018 (Ley de Financiamiento), pero se presentaron algunas modificaciones,&#46;&#46;&#46;<\/p>\n","protected":false},"author":1,"featured_media":7194,"comment_status":"open","ping_status":"open","sticky":false,"template":"","format":"standard","meta":{"_monsterinsights_skip_tracking":false,"ngg_post_thumbnail":0,"footnotes":"","_links_to":"","_links_to_target":""},"categories":[454,458,1],"tags":[],"class_list":["post-12196","post","type-post","status-publish","format-standard","has-post-thumbnail","hentry","category-sin-categoria","category-ultimas","category-uncategorized"],"aioseo_notices":[],"aioseo_head":"\n\t\t<!-- All in One SEO 5.0.1.1 - aioseo.com -->\n\t<meta name=\"description\" content=\"La Ley 2010 de diciembre 27 de 2019 (Ley de crecimiento) refrend\u00f3 la mayor\u00eda de art\u00edculos de la Ley 1943 de 2018 (Ley de Financiamiento), pero se presentaron algunas modificaciones, de las cuales relacionamos las mas relevantes. IMPUESTO SOBRE LAS VENTAS El art\u00edculo 1. adicion\u00f3 los numerales 17 y 18 al art\u00edculo 424 del E.T.\" \/>\n\t<meta name=\"robots\" content=\"max-image-preview:large\" \/>\n\t<meta name=\"author\" content=\"Miguel Antonio M\u00e1rquez Monta\u00f1ez\"\/>\n\t<link rel=\"canonical\" href=\"https:\/\/contadoreshoy.com\/?p=12196\" \/>\n\t<meta name=\"generator\" content=\"All in One SEO (AIOSEO) 5.0.1.1\" \/>\n\t\t<meta property=\"og:locale\" content=\"es_ES\" \/>\n\t\t<meta property=\"og:site_name\" content=\"Contadores P\u00fablicos - Portal para Contadores P\u00fablicos y empresarios\" \/>\n\t\t<meta property=\"og:type\" content=\"article\" \/>\n\t\t<meta property=\"og:title\" content=\"Novedades Reforma Tributaria \u2013 Ley 2010 de 2019 - Contadores P\u00fablicos\" \/>\n\t\t<meta property=\"og:description\" content=\"La Ley 2010 de diciembre 27 de 2019 (Ley de crecimiento) refrend\u00f3 la mayor\u00eda de art\u00edculos de la Ley 1943 de 2018 (Ley de Financiamiento), pero se presentaron algunas modificaciones, de las cuales relacionamos las mas relevantes. IMPUESTO SOBRE LAS VENTAS El art\u00edculo 1. adicion\u00f3 los numerales 17 y 18 al art\u00edculo 424 del E.T.\" \/>\n\t\t<meta property=\"og:url\" content=\"https:\/\/contadoreshoy.com\/?p=12196\" \/>\n\t\t<meta property=\"og:image\" content=\"https:\/\/contadoreshoy.com\/wp-content\/uploads\/2024\/01\/cropped-cropped-cropped-Copia-de-M.jpg\" \/>\n\t\t<meta property=\"og:image:secure_url\" content=\"https:\/\/contadoreshoy.com\/wp-content\/uploads\/2024\/01\/cropped-cropped-cropped-Copia-de-M.jpg\" \/>\n\t\t<meta property=\"og:image:width\" content=\"512\" \/>\n\t\t<meta property=\"og:image:height\" content=\"371\" \/>\n\t\t<meta property=\"article:published_time\" content=\"2020-01-07T02:19:52+00:00\" \/>\n\t\t<meta property=\"article:modified_time\" content=\"2020-01-18T22:31:00+00:00\" \/>\n\t\t<meta name=\"twitter:card\" content=\"summary_large_image\" \/>\n\t\t<meta name=\"twitter:title\" content=\"Novedades Reforma Tributaria \u2013 Ley 2010 de 2019 - Contadores P\u00fablicos\" \/>\n\t\t<meta name=\"twitter:description\" content=\"La Ley 2010 de diciembre 27 de 2019 (Ley de crecimiento) refrend\u00f3 la mayor\u00eda de art\u00edculos de la Ley 1943 de 2018 (Ley de Financiamiento), pero se presentaron algunas modificaciones, de las cuales relacionamos las mas relevantes. IMPUESTO SOBRE LAS VENTAS El art\u00edculo 1. adicion\u00f3 los numerales 17 y 18 al art\u00edculo 424 del E.T.\" \/>\n\t\t<meta name=\"twitter:image\" content=\"https:\/\/contadoreshoy.com\/wp-content\/uploads\/2024\/01\/cropped-cropped-cropped-Copia-de-M.jpg\" \/>\n\t\t<script type=\"application\/ld+json\" class=\"aioseo-schema\">\n\t\t\t{\"@context\":\"https:\\\/\\\/schema.org\",\"@graph\":[{\"@type\":\"BlogPosting\",\"@id\":\"https:\\\/\\\/contadoreshoy.com\\\/?p=12196#blogposting\",\"name\":\"Novedades Reforma Tributaria \\u2013 Ley 2010 de 2019 - Contadores P\\u00fablicos\",\"headline\":\"Novedades Reforma Tributaria &#8211; Ley 2010 de 2019\",\"author\":{\"@id\":\"https:\\\/\\\/contadoreshoy.com\\\/?author=1#author\"},\"publisher\":{\"@id\":\"https:\\\/\\\/contadoreshoy.com\\\/#organization\"},\"image\":{\"@type\":\"ImageObject\",\"url\":\"https:\\\/\\\/contadoreshoy.com\\\/wp-content\\\/uploads\\\/2016\\\/04\\\/Rendimientos-financieros.jpg\",\"width\":600,\"height\":400},\"datePublished\":\"2020-01-06T21:19:52-05:00\",\"dateModified\":\"2020-01-18T17:31:00-05:00\",\"inLanguage\":\"es-ES\",\"mainEntityOfPage\":{\"@id\":\"https:\\\/\\\/contadoreshoy.com\\\/?p=12196#webpage\"},\"isPartOf\":{\"@id\":\"https:\\\/\\\/contadoreshoy.com\\\/?p=12196#webpage\"},\"articleSection\":\"Sin categor\\u00eda, Ultimas Noticias, Uncategorized\"},{\"@type\":\"BreadcrumbList\",\"@id\":\"https:\\\/\\\/contadoreshoy.com\\\/?p=12196#breadcrumblist\",\"itemListElement\":[{\"@type\":\"ListItem\",\"@id\":\"https:\\\/\\\/contadoreshoy.com#listItem\",\"position\":1,\"name\":\"Home\",\"item\":\"https:\\\/\\\/contadoreshoy.com\",\"nextItem\":{\"@type\":\"ListItem\",\"@id\":\"https:\\\/\\\/contadoreshoy.com\\\/?cat=1#listItem\",\"name\":\"Uncategorized\"}},{\"@type\":\"ListItem\",\"@id\":\"https:\\\/\\\/contadoreshoy.com\\\/?cat=1#listItem\",\"position\":2,\"name\":\"Uncategorized\",\"item\":\"https:\\\/\\\/contadoreshoy.com\\\/?cat=1\",\"nextItem\":{\"@type\":\"ListItem\",\"@id\":\"https:\\\/\\\/contadoreshoy.com\\\/?p=12196#listItem\",\"name\":\"Novedades Reforma Tributaria &#8211; Ley 2010 de 2019\"},\"previousItem\":{\"@type\":\"ListItem\",\"@id\":\"https:\\\/\\\/contadoreshoy.com#listItem\",\"name\":\"Home\"}},{\"@type\":\"ListItem\",\"@id\":\"https:\\\/\\\/contadoreshoy.com\\\/?p=12196#listItem\",\"position\":3,\"name\":\"Novedades Reforma Tributaria &#8211; Ley 2010 de 2019\",\"previousItem\":{\"@type\":\"ListItem\",\"@id\":\"https:\\\/\\\/contadoreshoy.com\\\/?cat=1#listItem\",\"name\":\"Uncategorized\"}}]},{\"@type\":\"Organization\",\"@id\":\"https:\\\/\\\/contadoreshoy.com\\\/#organization\",\"name\":\"Contadores P\\u00fablicos\",\"description\":\"Portal para Contadores P\\u00fablicos y empresarios\",\"url\":\"https:\\\/\\\/contadoreshoy.com\\\/\",\"logo\":{\"@type\":\"ImageObject\",\"url\":\"https:\\\/\\\/contadoreshoy.com\\\/wp-content\\\/uploads\\\/2024\\\/01\\\/cropped-cropped-Copia-de-M-1.jpg\",\"@id\":\"https:\\\/\\\/contadoreshoy.com\\\/?p=12196\\\/#organizationLogo\",\"width\":499,\"height\":500},\"image\":{\"@id\":\"https:\\\/\\\/contadoreshoy.com\\\/?p=12196\\\/#organizationLogo\"}},{\"@type\":\"Person\",\"@id\":\"https:\\\/\\\/contadoreshoy.com\\\/?author=1#author\",\"url\":\"https:\\\/\\\/contadoreshoy.com\\\/?author=1\",\"name\":\"Miguel Antonio M\\u00e1rquez Monta\\u00f1ez\"},{\"@type\":\"WebPage\",\"@id\":\"https:\\\/\\\/contadoreshoy.com\\\/?p=12196#webpage\",\"url\":\"https:\\\/\\\/contadoreshoy.com\\\/?p=12196\",\"name\":\"Novedades Reforma Tributaria \\u2013 Ley 2010 de 2019 - Contadores P\\u00fablicos\",\"description\":\"La Ley 2010 de diciembre 27 de 2019 (Ley de crecimiento) refrend\\u00f3 la mayor\\u00eda de art\\u00edculos de la Ley 1943 de 2018 (Ley de Financiamiento), pero se presentaron algunas modificaciones, de las cuales relacionamos las mas relevantes. IMPUESTO SOBRE LAS VENTAS El art\\u00edculo 1. adicion\\u00f3 los numerales 17 y 18 al art\\u00edculo 424 del E.T.\",\"inLanguage\":\"es-ES\",\"isPartOf\":{\"@id\":\"https:\\\/\\\/contadoreshoy.com\\\/#website\"},\"breadcrumb\":{\"@id\":\"https:\\\/\\\/contadoreshoy.com\\\/?p=12196#breadcrumblist\"},\"author\":{\"@id\":\"https:\\\/\\\/contadoreshoy.com\\\/?author=1#author\"},\"creator\":{\"@id\":\"https:\\\/\\\/contadoreshoy.com\\\/?author=1#author\"},\"image\":{\"@type\":\"ImageObject\",\"url\":\"https:\\\/\\\/contadoreshoy.com\\\/wp-content\\\/uploads\\\/2016\\\/04\\\/Rendimientos-financieros.jpg\",\"@id\":\"https:\\\/\\\/contadoreshoy.com\\\/?p=12196\\\/#mainImage\",\"width\":600,\"height\":400},\"primaryImageOfPage\":{\"@id\":\"https:\\\/\\\/contadoreshoy.com\\\/?p=12196#mainImage\"},\"datePublished\":\"2020-01-06T21:19:52-05:00\",\"dateModified\":\"2020-01-18T17:31:00-05:00\"},{\"@type\":\"WebSite\",\"@id\":\"https:\\\/\\\/contadoreshoy.com\\\/#website\",\"url\":\"https:\\\/\\\/contadoreshoy.com\\\/\",\"name\":\"Contadores P\\u00fablicos\",\"description\":\"Portal para Contadores P\\u00fablicos y empresarios\",\"inLanguage\":\"es-ES\",\"publisher\":{\"@id\":\"https:\\\/\\\/contadoreshoy.com\\\/#organization\"}}]}\n\t\t<\/script>\n\t\t<!-- All in One SEO -->\n\n","aioseo_head_json":{"title":"Novedades Reforma Tributaria \u2013 Ley 2010 de 2019 - Contadores P\u00fablicos","description":"La Ley 2010 de diciembre 27 de 2019 (Ley de crecimiento) refrend\u00f3 la mayor\u00eda de art\u00edculos de la Ley 1943 de 2018 (Ley de Financiamiento), pero se presentaron algunas modificaciones, de las cuales relacionamos las mas relevantes. IMPUESTO SOBRE LAS VENTAS El art\u00edculo 1. adicion\u00f3 los numerales 17 y 18 al art\u00edculo 424 del E.T.","canonical_url":"https:\/\/contadoreshoy.com\/?p=12196","robots":"max-image-preview:large","keywords":"","webmasterTools":{"miscellaneous":""},"schema":{"@context":"https:\/\/schema.org","@graph":[{"@type":"BlogPosting","@id":"https:\/\/contadoreshoy.com\/?p=12196#blogposting","name":"Novedades Reforma Tributaria \u2013 Ley 2010 de 2019 - Contadores P\u00fablicos","headline":"Novedades Reforma Tributaria &#8211; Ley 2010 de 2019","author":{"@id":"https:\/\/contadoreshoy.com\/?author=1#author"},"publisher":{"@id":"https:\/\/contadoreshoy.com\/#organization"},"image":{"@type":"ImageObject","url":"https:\/\/contadoreshoy.com\/wp-content\/uploads\/2016\/04\/Rendimientos-financieros.jpg","width":600,"height":400},"datePublished":"2020-01-06T21:19:52-05:00","dateModified":"2020-01-18T17:31:00-05:00","inLanguage":"es-ES","mainEntityOfPage":{"@id":"https:\/\/contadoreshoy.com\/?p=12196#webpage"},"isPartOf":{"@id":"https:\/\/contadoreshoy.com\/?p=12196#webpage"},"articleSection":"Sin categor\u00eda, Ultimas Noticias, Uncategorized"},{"@type":"BreadcrumbList","@id":"https:\/\/contadoreshoy.com\/?p=12196#breadcrumblist","itemListElement":[{"@type":"ListItem","@id":"https:\/\/contadoreshoy.com#listItem","position":1,"name":"Home","item":"https:\/\/contadoreshoy.com","nextItem":{"@type":"ListItem","@id":"https:\/\/contadoreshoy.com\/?cat=1#listItem","name":"Uncategorized"}},{"@type":"ListItem","@id":"https:\/\/contadoreshoy.com\/?cat=1#listItem","position":2,"name":"Uncategorized","item":"https:\/\/contadoreshoy.com\/?cat=1","nextItem":{"@type":"ListItem","@id":"https:\/\/contadoreshoy.com\/?p=12196#listItem","name":"Novedades Reforma Tributaria &#8211; Ley 2010 de 2019"},"previousItem":{"@type":"ListItem","@id":"https:\/\/contadoreshoy.com#listItem","name":"Home"}},{"@type":"ListItem","@id":"https:\/\/contadoreshoy.com\/?p=12196#listItem","position":3,"name":"Novedades Reforma Tributaria &#8211; Ley 2010 de 2019","previousItem":{"@type":"ListItem","@id":"https:\/\/contadoreshoy.com\/?cat=1#listItem","name":"Uncategorized"}}]},{"@type":"Organization","@id":"https:\/\/contadoreshoy.com\/#organization","name":"Contadores P\u00fablicos","description":"Portal para Contadores P\u00fablicos y empresarios","url":"https:\/\/contadoreshoy.com\/","logo":{"@type":"ImageObject","url":"https:\/\/contadoreshoy.com\/wp-content\/uploads\/2024\/01\/cropped-cropped-Copia-de-M-1.jpg","@id":"https:\/\/contadoreshoy.com\/?p=12196\/#organizationLogo","width":499,"height":500},"image":{"@id":"https:\/\/contadoreshoy.com\/?p=12196\/#organizationLogo"}},{"@type":"Person","@id":"https:\/\/contadoreshoy.com\/?author=1#author","url":"https:\/\/contadoreshoy.com\/?author=1","name":"Miguel Antonio M\u00e1rquez Monta\u00f1ez"},{"@type":"WebPage","@id":"https:\/\/contadoreshoy.com\/?p=12196#webpage","url":"https:\/\/contadoreshoy.com\/?p=12196","name":"Novedades Reforma Tributaria \u2013 Ley 2010 de 2019 - Contadores P\u00fablicos","description":"La Ley 2010 de diciembre 27 de 2019 (Ley de crecimiento) refrend\u00f3 la mayor\u00eda de art\u00edculos de la Ley 1943 de 2018 (Ley de Financiamiento), pero se presentaron algunas modificaciones, de las cuales relacionamos las mas relevantes. IMPUESTO SOBRE LAS VENTAS El art\u00edculo 1. adicion\u00f3 los numerales 17 y 18 al art\u00edculo 424 del E.T.","inLanguage":"es-ES","isPartOf":{"@id":"https:\/\/contadoreshoy.com\/#website"},"breadcrumb":{"@id":"https:\/\/contadoreshoy.com\/?p=12196#breadcrumblist"},"author":{"@id":"https:\/\/contadoreshoy.com\/?author=1#author"},"creator":{"@id":"https:\/\/contadoreshoy.com\/?author=1#author"},"image":{"@type":"ImageObject","url":"https:\/\/contadoreshoy.com\/wp-content\/uploads\/2016\/04\/Rendimientos-financieros.jpg","@id":"https:\/\/contadoreshoy.com\/?p=12196\/#mainImage","width":600,"height":400},"primaryImageOfPage":{"@id":"https:\/\/contadoreshoy.com\/?p=12196#mainImage"},"datePublished":"2020-01-06T21:19:52-05:00","dateModified":"2020-01-18T17:31:00-05:00"},{"@type":"WebSite","@id":"https:\/\/contadoreshoy.com\/#website","url":"https:\/\/contadoreshoy.com\/","name":"Contadores P\u00fablicos","description":"Portal para Contadores P\u00fablicos y empresarios","inLanguage":"es-ES","publisher":{"@id":"https:\/\/contadoreshoy.com\/#organization"}}]},"og:locale":"es_ES","og:site_name":"Contadores P\u00fablicos - Portal para Contadores P\u00fablicos y empresarios","og:type":"article","og:title":"Novedades Reforma Tributaria \u2013 Ley 2010 de 2019 - Contadores P\u00fablicos","og:description":"La Ley 2010 de diciembre 27 de 2019 (Ley de crecimiento) refrend\u00f3 la mayor\u00eda de art\u00edculos de la Ley 1943 de 2018 (Ley de Financiamiento), pero se presentaron algunas modificaciones, de las cuales relacionamos las mas relevantes. IMPUESTO SOBRE LAS VENTAS El art\u00edculo 1. adicion\u00f3 los numerales 17 y 18 al art\u00edculo 424 del E.T.","og:url":"https:\/\/contadoreshoy.com\/?p=12196","og:image":"https:\/\/contadoreshoy.com\/wp-content\/uploads\/2024\/01\/cropped-cropped-cropped-Copia-de-M.jpg","og:image:secure_url":"https:\/\/contadoreshoy.com\/wp-content\/uploads\/2024\/01\/cropped-cropped-cropped-Copia-de-M.jpg","og:image:width":512,"og:image:height":371,"article:published_time":"2020-01-07T02:19:52+00:00","article:modified_time":"2020-01-18T22:31:00+00:00","twitter:card":"summary_large_image","twitter:title":"Novedades Reforma Tributaria \u2013 Ley 2010 de 2019 - Contadores P\u00fablicos","twitter:description":"La Ley 2010 de diciembre 27 de 2019 (Ley de crecimiento) refrend\u00f3 la mayor\u00eda de art\u00edculos de la Ley 1943 de 2018 (Ley de Financiamiento), pero se presentaron algunas modificaciones, de las cuales relacionamos las mas relevantes. IMPUESTO SOBRE LAS VENTAS El art\u00edculo 1. adicion\u00f3 los numerales 17 y 18 al art\u00edculo 424 del E.T.","twitter:image":"https:\/\/contadoreshoy.com\/wp-content\/uploads\/2024\/01\/cropped-cropped-cropped-Copia-de-M.jpg"},"aioseo_meta_data":{"post_id":"12196","title":null,"description":null,"keywords":null,"keyphrases":null,"primary_term":null,"canonical_url":null,"og_title":null,"og_description":null,"og_object_type":"default","og_image_type":"default","og_image_url":null,"og_image_width":null,"og_image_height":null,"og_image_custom_url":null,"og_image_custom_fields":null,"og_video":null,"og_custom_url":null,"og_article_section":null,"og_article_tags":null,"twitter_use_og":false,"twitter_card":"default","twitter_image_type":"default","twitter_image_url":null,"twitter_image_custom_url":null,"twitter_image_custom_fields":null,"twitter_title":null,"twitter_description":null,"schema":{"blockGraphs":[],"customGraphs":[],"default":{"data":{"Article":[],"Course":[],"Dataset":[],"FAQPage":[],"Movie":[],"Person":[],"Product":[],"ProductReview":[],"Car":[],"Recipe":[],"Service":[],"SoftwareApplication":[],"WebPage":[]},"graphName":"","isEnabled":true},"graphs":[]},"schema_type":"default","schema_type_options":null,"pillar_content":false,"robots_default":true,"robots_noindex":false,"robots_noarchive":false,"robots_nosnippet":false,"robots_nofollow":false,"robots_noimageindex":false,"robots_noodp":false,"robots_notranslate":false,"robots_max_snippet":null,"robots_max_videopreview":null,"robots_max_imagepreview":"large","priority":null,"frequency":null,"local_seo":null,"breadcrumb_settings":null,"limit_modified_date":false,"ai":null,"created":"2024-03-05 02:11:32","updated":"2026-03-03 05:21:41","seo_analyzer_scan_date":null,"focus_keyword":null,"additional_keywords":null,"truseo_locale":null},"aioseo_breadcrumb":"<div class=\"aioseo-breadcrumbs\"><span class=\"aioseo-breadcrumb\">\n\t\t\t<a href=\"https:\/\/contadoreshoy.com\" title=\"Home\">Home<\/a>\n\t\t<\/span><span class=\"aioseo-breadcrumb-separator\">&raquo;<\/span><span class=\"aioseo-breadcrumb\">\n\t\t\t<a href=\"https:\/\/contadoreshoy.com\/?cat=1\" title=\"Uncategorized\">Uncategorized<\/a>\n\t\t<\/span><span class=\"aioseo-breadcrumb-separator\">&raquo;<\/span><span class=\"aioseo-breadcrumb\">\n\t\t\tNovedades Reforma Tributaria \u2013 Ley 2010 de 2019\n\t\t<\/span><\/div>","aioseo_breadcrumb_json":[{"label":"Home","link":"https:\/\/contadoreshoy.com"},{"label":"Uncategorized","link":"https:\/\/contadoreshoy.com\/?cat=1"},{"label":"Novedades Reforma Tributaria &#8211; Ley 2010 de 2019","link":"https:\/\/contadoreshoy.com\/?p=12196"}],"yoast_head":"<!-- This site is optimized with the Yoast SEO plugin v28.4 - https:\/\/yoast.com\/product\/yoast-seo-wordpress\/ -->\n<title>Novedades Reforma Tributaria - Ley 2010 de 2019 - Contadores P\u00fablicos<\/title>\n<meta name=\"robots\" content=\"index, follow, max-snippet:-1, max-image-preview:large, max-video-preview:-1\" \/>\n<link rel=\"canonical\" href=\"https:\/\/contadoreshoy.com\/?p=12196\" \/>\n<meta property=\"og:locale\" content=\"es_ES\" \/>\n<meta property=\"og:type\" content=\"article\" \/>\n<meta property=\"og:title\" content=\"Novedades Reforma Tributaria - Ley 2010 de 2019 - Contadores P\u00fablicos\" \/>\n<meta property=\"og:description\" content=\"La Ley 2010 de diciembre 27 de 2019 (Ley de crecimiento) refrend\u00f3 la mayor\u00eda de art\u00edculos de la Ley 1943 de 2018 (Ley de Financiamiento), pero se presentaron algunas modificaciones,&#046;&#046;&#046;\" \/>\n<meta property=\"og:url\" content=\"https:\/\/contadoreshoy.com\/?p=12196\" \/>\n<meta property=\"og:site_name\" content=\"Contadores P\u00fablicos\" \/>\n<meta property=\"article:publisher\" content=\"https:\/\/www.facebook.com\/CCCPBucaramanga\/\" \/>\n<meta property=\"article:published_time\" content=\"2020-01-07T02:19:52+00:00\" \/>\n<meta property=\"article:modified_time\" content=\"2020-01-18T22:31:00+00:00\" \/>\n<meta property=\"og:image\" content=\"https:\/\/contadoreshoy.com\/wp-content\/uploads\/2016\/04\/Rendimientos-financieros.jpg\" \/>\n\t<meta property=\"og:image:width\" content=\"600\" \/>\n\t<meta property=\"og:image:height\" content=\"400\" \/>\n\t<meta property=\"og:image:type\" content=\"image\/jpeg\" \/>\n<meta name=\"author\" content=\"Miguel Antonio M\u00e1rquez Monta\u00f1ez\" \/>\n<meta name=\"twitter:card\" content=\"summary_large_image\" \/>\n<meta name=\"twitter:label1\" content=\"Escrito por\" \/>\n\t<meta name=\"twitter:data1\" content=\"Miguel Antonio M\u00e1rquez Monta\u00f1ez\" \/>\n\t<meta name=\"twitter:label2\" content=\"Tiempo de lectura\" \/>\n\t<meta name=\"twitter:data2\" content=\"12 minutos\" \/>\n<script type=\"application\/ld+json\" class=\"yoast-schema-graph\">{\"@context\":\"https:\\\/\\\/schema.org\",\"@graph\":[{\"@type\":\"Article\",\"@id\":\"https:\\\/\\\/contadoreshoy.com\\\/?p=12196#article\",\"isPartOf\":{\"@id\":\"https:\\\/\\\/contadoreshoy.com\\\/?p=12196\"},\"author\":{\"name\":\"Miguel Antonio M\u00e1rquez Monta\u00f1ez\",\"@id\":\"https:\\\/\\\/contadoreshoy.com\\\/#\\\/schema\\\/person\\\/96d8979cb865537c5dc9345e40089fc5\"},\"headline\":\"Novedades Reforma Tributaria &#8211; Ley 2010 de 2019\",\"datePublished\":\"2020-01-07T02:19:52+00:00\",\"dateModified\":\"2020-01-18T22:31:00+00:00\",\"mainEntityOfPage\":{\"@id\":\"https:\\\/\\\/contadoreshoy.com\\\/?p=12196\"},\"wordCount\":2456,\"commentCount\":0,\"publisher\":{\"@id\":\"https:\\\/\\\/contadoreshoy.com\\\/#organization\"},\"image\":{\"@id\":\"https:\\\/\\\/contadoreshoy.com\\\/?p=12196#primaryimage\"},\"thumbnailUrl\":\"https:\\\/\\\/contadoreshoy.com\\\/wp-content\\\/uploads\\\/2016\\\/04\\\/Rendimientos-financieros.jpg\",\"articleSection\":{\"1\":\"Ultimas Noticias\",\"2\":\"Uncategorized\"},\"inLanguage\":\"es\",\"potentialAction\":[{\"@type\":\"CommentAction\",\"name\":\"Comment\",\"target\":[\"https:\\\/\\\/contadoreshoy.com\\\/?p=12196#respond\"]}]},{\"@type\":\"WebPage\",\"@id\":\"https:\\\/\\\/contadoreshoy.com\\\/?p=12196\",\"url\":\"https:\\\/\\\/contadoreshoy.com\\\/?p=12196\",\"name\":\"Novedades Reforma Tributaria - Ley 2010 de 2019 - Contadores P\u00fablicos\",\"isPartOf\":{\"@id\":\"https:\\\/\\\/contadoreshoy.com\\\/#website\"},\"primaryImageOfPage\":{\"@id\":\"https:\\\/\\\/contadoreshoy.com\\\/?p=12196#primaryimage\"},\"image\":{\"@id\":\"https:\\\/\\\/contadoreshoy.com\\\/?p=12196#primaryimage\"},\"thumbnailUrl\":\"https:\\\/\\\/contadoreshoy.com\\\/wp-content\\\/uploads\\\/2016\\\/04\\\/Rendimientos-financieros.jpg\",\"datePublished\":\"2020-01-07T02:19:52+00:00\",\"dateModified\":\"2020-01-18T22:31:00+00:00\",\"breadcrumb\":{\"@id\":\"https:\\\/\\\/contadoreshoy.com\\\/?p=12196#breadcrumb\"},\"inLanguage\":\"es\",\"potentialAction\":[{\"@type\":\"ReadAction\",\"target\":[\"https:\\\/\\\/contadoreshoy.com\\\/?p=12196\"]}]},{\"@type\":\"ImageObject\",\"inLanguage\":\"es\",\"@id\":\"https:\\\/\\\/contadoreshoy.com\\\/?p=12196#primaryimage\",\"url\":\"https:\\\/\\\/contadoreshoy.com\\\/wp-content\\\/uploads\\\/2016\\\/04\\\/Rendimientos-financieros.jpg\",\"contentUrl\":\"https:\\\/\\\/contadoreshoy.com\\\/wp-content\\\/uploads\\\/2016\\\/04\\\/Rendimientos-financieros.jpg\",\"width\":600,\"height\":400},{\"@type\":\"BreadcrumbList\",\"@id\":\"https:\\\/\\\/contadoreshoy.com\\\/?p=12196#breadcrumb\",\"itemListElement\":[{\"@type\":\"ListItem\",\"position\":1,\"name\":\"Portada\",\"item\":\"https:\\\/\\\/contadoreshoy.com\\\/\"},{\"@type\":\"ListItem\",\"position\":2,\"name\":\"Novedades Reforma Tributaria &#8211; Ley 2010 de 2019\"}]},{\"@type\":\"WebSite\",\"@id\":\"https:\\\/\\\/contadoreshoy.com\\\/#website\",\"url\":\"https:\\\/\\\/contadoreshoy.com\\\/\",\"name\":\"Contadorespublicossantander\",\"description\":\"Portal para Contadores P\u00fablicos y empresarios\",\"publisher\":{\"@id\":\"https:\\\/\\\/contadoreshoy.com\\\/#organization\"},\"potentialAction\":[{\"@type\":\"SearchAction\",\"target\":{\"@type\":\"EntryPoint\",\"urlTemplate\":\"https:\\\/\\\/contadoreshoy.com\\\/?s={search_term_string}\"},\"query-input\":{\"@type\":\"PropertyValueSpecification\",\"valueRequired\":true,\"valueName\":\"search_term_string\"}}],\"inLanguage\":\"es\"},{\"@type\":\"Organization\",\"@id\":\"https:\\\/\\\/contadoreshoy.com\\\/#organization\",\"name\":\"Contadores P\u00fablicos de Santander\",\"url\":\"https:\\\/\\\/contadoreshoy.com\\\/\",\"logo\":{\"@type\":\"ImageObject\",\"inLanguage\":\"es\",\"@id\":\"https:\\\/\\\/contadoreshoy.com\\\/#\\\/schema\\\/logo\\\/image\\\/\",\"url\":\"https:\\\/\\\/contadoreshoy.com\\\/wp-content\\\/uploads\\\/2024\\\/01\\\/cropped-cropped-Copia-de-M-1.jpg\",\"contentUrl\":\"https:\\\/\\\/contadoreshoy.com\\\/wp-content\\\/uploads\\\/2024\\\/01\\\/cropped-cropped-Copia-de-M-1.jpg\",\"width\":499,\"height\":500,\"caption\":\"Contadores P\u00fablicos de Santander\"},\"image\":{\"@id\":\"https:\\\/\\\/contadoreshoy.com\\\/#\\\/schema\\\/logo\\\/image\\\/\"},\"sameAs\":[\"https:\\\/\\\/www.facebook.com\\\/CCCPBucaramanga\\\/\"]},{\"@type\":\"Person\",\"@id\":\"https:\\\/\\\/contadoreshoy.com\\\/#\\\/schema\\\/person\\\/96d8979cb865537c5dc9345e40089fc5\",\"name\":\"Miguel Antonio M\u00e1rquez Monta\u00f1ez\",\"description\":\"Contador P\u00fablico egresado de la Universidad Aut\u00f3noma de Bucaramanga - Asesor contable tributario con m\u00e1s de 25 a\u00f1os de experiencia - Conferencista en temas contables y tributarios - T\u00e9cnico en Hardware y Dise\u00f1o Web - Creador y director Grupo de Estudio Colegio Colombiano de Contadores P\u00fablicos de Bucaramanga - Creador y Master Web p\u00e1gina www.contadoresp\u00fablicossantander.com - Expresidente Colegio Colombiano de Contadores P\u00fablicos Bucaramanga\",\"url\":\"https:\\\/\\\/contadoreshoy.com\\\/?author=1\"}]}<\/script>\n<!-- \/ Yoast SEO plugin. -->","yoast_head_json":{"title":"Novedades Reforma Tributaria - Ley 2010 de 2019 - Contadores P\u00fablicos","robots":{"index":"index","follow":"follow","max-snippet":"max-snippet:-1","max-image-preview":"max-image-preview:large","max-video-preview":"max-video-preview:-1"},"canonical":"https:\/\/contadoreshoy.com\/?p=12196","og_locale":"es_ES","og_type":"article","og_title":"Novedades Reforma Tributaria - Ley 2010 de 2019 - Contadores P\u00fablicos","og_description":"La Ley 2010 de diciembre 27 de 2019 (Ley de crecimiento) refrend\u00f3 la mayor\u00eda de art\u00edculos de la Ley 1943 de 2018 (Ley de Financiamiento), pero se presentaron algunas modificaciones,&#46;&#46;&#46;","og_url":"https:\/\/contadoreshoy.com\/?p=12196","og_site_name":"Contadores P\u00fablicos","article_publisher":"https:\/\/www.facebook.com\/CCCPBucaramanga\/","article_published_time":"2020-01-07T02:19:52+00:00","article_modified_time":"2020-01-18T22:31:00+00:00","og_image":[{"width":600,"height":400,"url":"https:\/\/contadoreshoy.com\/wp-content\/uploads\/2016\/04\/Rendimientos-financieros.jpg","type":"image\/jpeg"}],"author":"Miguel Antonio M\u00e1rquez Monta\u00f1ez","twitter_card":"summary_large_image","twitter_misc":{"Escrito por":"Miguel Antonio M\u00e1rquez Monta\u00f1ez","Tiempo de lectura":"12 minutos"},"schema":{"@context":"https:\/\/schema.org","@graph":[{"@type":"Article","@id":"https:\/\/contadoreshoy.com\/?p=12196#article","isPartOf":{"@id":"https:\/\/contadoreshoy.com\/?p=12196"},"author":{"name":"Miguel Antonio M\u00e1rquez Monta\u00f1ez","@id":"https:\/\/contadoreshoy.com\/#\/schema\/person\/96d8979cb865537c5dc9345e40089fc5"},"headline":"Novedades Reforma Tributaria &#8211; Ley 2010 de 2019","datePublished":"2020-01-07T02:19:52+00:00","dateModified":"2020-01-18T22:31:00+00:00","mainEntityOfPage":{"@id":"https:\/\/contadoreshoy.com\/?p=12196"},"wordCount":2456,"commentCount":0,"publisher":{"@id":"https:\/\/contadoreshoy.com\/#organization"},"image":{"@id":"https:\/\/contadoreshoy.com\/?p=12196#primaryimage"},"thumbnailUrl":"https:\/\/contadoreshoy.com\/wp-content\/uploads\/2016\/04\/Rendimientos-financieros.jpg","articleSection":{"1":"Ultimas Noticias","2":"Uncategorized"},"inLanguage":"es","potentialAction":[{"@type":"CommentAction","name":"Comment","target":["https:\/\/contadoreshoy.com\/?p=12196#respond"]}]},{"@type":"WebPage","@id":"https:\/\/contadoreshoy.com\/?p=12196","url":"https:\/\/contadoreshoy.com\/?p=12196","name":"Novedades Reforma Tributaria - Ley 2010 de 2019 - Contadores P\u00fablicos","isPartOf":{"@id":"https:\/\/contadoreshoy.com\/#website"},"primaryImageOfPage":{"@id":"https:\/\/contadoreshoy.com\/?p=12196#primaryimage"},"image":{"@id":"https:\/\/contadoreshoy.com\/?p=12196#primaryimage"},"thumbnailUrl":"https:\/\/contadoreshoy.com\/wp-content\/uploads\/2016\/04\/Rendimientos-financieros.jpg","datePublished":"2020-01-07T02:19:52+00:00","dateModified":"2020-01-18T22:31:00+00:00","breadcrumb":{"@id":"https:\/\/contadoreshoy.com\/?p=12196#breadcrumb"},"inLanguage":"es","potentialAction":[{"@type":"ReadAction","target":["https:\/\/contadoreshoy.com\/?p=12196"]}]},{"@type":"ImageObject","inLanguage":"es","@id":"https:\/\/contadoreshoy.com\/?p=12196#primaryimage","url":"https:\/\/contadoreshoy.com\/wp-content\/uploads\/2016\/04\/Rendimientos-financieros.jpg","contentUrl":"https:\/\/contadoreshoy.com\/wp-content\/uploads\/2016\/04\/Rendimientos-financieros.jpg","width":600,"height":400},{"@type":"BreadcrumbList","@id":"https:\/\/contadoreshoy.com\/?p=12196#breadcrumb","itemListElement":[{"@type":"ListItem","position":1,"name":"Portada","item":"https:\/\/contadoreshoy.com\/"},{"@type":"ListItem","position":2,"name":"Novedades Reforma Tributaria &#8211; Ley 2010 de 2019"}]},{"@type":"WebSite","@id":"https:\/\/contadoreshoy.com\/#website","url":"https:\/\/contadoreshoy.com\/","name":"Contadorespublicossantander","description":"Portal para Contadores P\u00fablicos y empresarios","publisher":{"@id":"https:\/\/contadoreshoy.com\/#organization"},"potentialAction":[{"@type":"SearchAction","target":{"@type":"EntryPoint","urlTemplate":"https:\/\/contadoreshoy.com\/?s={search_term_string}"},"query-input":{"@type":"PropertyValueSpecification","valueRequired":true,"valueName":"search_term_string"}}],"inLanguage":"es"},{"@type":"Organization","@id":"https:\/\/contadoreshoy.com\/#organization","name":"Contadores P\u00fablicos de Santander","url":"https:\/\/contadoreshoy.com\/","logo":{"@type":"ImageObject","inLanguage":"es","@id":"https:\/\/contadoreshoy.com\/#\/schema\/logo\/image\/","url":"https:\/\/contadoreshoy.com\/wp-content\/uploads\/2024\/01\/cropped-cropped-Copia-de-M-1.jpg","contentUrl":"https:\/\/contadoreshoy.com\/wp-content\/uploads\/2024\/01\/cropped-cropped-Copia-de-M-1.jpg","width":499,"height":500,"caption":"Contadores P\u00fablicos de Santander"},"image":{"@id":"https:\/\/contadoreshoy.com\/#\/schema\/logo\/image\/"},"sameAs":["https:\/\/www.facebook.com\/CCCPBucaramanga\/"]},{"@type":"Person","@id":"https:\/\/contadoreshoy.com\/#\/schema\/person\/96d8979cb865537c5dc9345e40089fc5","name":"Miguel Antonio M\u00e1rquez Monta\u00f1ez","description":"Contador P\u00fablico egresado de la Universidad Aut\u00f3noma de Bucaramanga - Asesor contable tributario con m\u00e1s de 25 a\u00f1os de experiencia - Conferencista en temas contables y tributarios - T\u00e9cnico en Hardware y Dise\u00f1o Web - Creador y director Grupo de Estudio Colegio Colombiano de Contadores P\u00fablicos de Bucaramanga - Creador y Master Web p\u00e1gina www.contadoresp\u00fablicossantander.com - Expresidente Colegio Colombiano de Contadores P\u00fablicos Bucaramanga","url":"https:\/\/contadoreshoy.com\/?author=1"}]}},"_links":{"self":[{"href":"https:\/\/contadoreshoy.com\/index.php?rest_route=\/wp\/v2\/posts\/12196","targetHints":{"allow":["GET"]}}],"collection":[{"href":"https:\/\/contadoreshoy.com\/index.php?rest_route=\/wp\/v2\/posts"}],"about":[{"href":"https:\/\/contadoreshoy.com\/index.php?rest_route=\/wp\/v2\/types\/post"}],"author":[{"embeddable":true,"href":"https:\/\/contadoreshoy.com\/index.php?rest_route=\/wp\/v2\/users\/1"}],"replies":[{"embeddable":true,"href":"https:\/\/contadoreshoy.com\/index.php?rest_route=%2Fwp%2Fv2%2Fcomments&post=12196"}],"version-history":[{"count":19,"href":"https:\/\/contadoreshoy.com\/index.php?rest_route=\/wp\/v2\/posts\/12196\/revisions"}],"predecessor-version":[{"id":12244,"href":"https:\/\/contadoreshoy.com\/index.php?rest_route=\/wp\/v2\/posts\/12196\/revisions\/12244"}],"wp:featuredmedia":[{"embeddable":true,"href":"https:\/\/contadoreshoy.com\/index.php?rest_route=\/wp\/v2\/media\/7194"}],"wp:attachment":[{"href":"https:\/\/contadoreshoy.com\/index.php?rest_route=%2Fwp%2Fv2%2Fmedia&parent=12196"}],"wp:term":[{"taxonomy":"category","embeddable":true,"href":"https:\/\/contadoreshoy.com\/index.php?rest_route=%2Fwp%2Fv2%2Fcategories&post=12196"},{"taxonomy":"post_tag","embeddable":true,"href":"https:\/\/contadoreshoy.com\/index.php?rest_route=%2Fwp%2Fv2%2Ftags&post=12196"}],"curies":[{"name":"wp","href":"https:\/\/api.w.org\/{rel}","templated":true}]}}