{"id":12246,"date":"2020-01-23T22:51:27","date_gmt":"2020-01-24T03:51:27","guid":{"rendered":"https:\/\/contadoreshoy.com\/?p=12246"},"modified":"2020-01-23T22:53:25","modified_gmt":"2020-01-24T03:53:25","slug":"afiliados-al-regimen-subsidiado-afiliacion-oficio-decreto-64-2020-ministerio-salud-proteccion-social","status":"publish","type":"post","link":"https:\/\/contadoreshoy.com\/?p=12246","title":{"rendered":"Afiliados al r\u00e9gimen subsidiado y afiliaci\u00f3n de oficio &#8211; Decreto 64 de enero de 2020 Ministerio de salud y protecci\u00f3n social"},"content":{"rendered":"<p><img loading=\"lazy\" decoding=\"async\" class=\"wp-image-6261 size-full aligncenter\" src=\"https:\/\/contadoreshoy.com\/wp-content\/uploads\/2015\/10\/Enfermera.jpg\" alt=\"\" width=\"600\" height=\"400\" srcset=\"https:\/\/contadoreshoy.com\/wp-content\/uploads\/2015\/10\/Enfermera.jpg 600w, https:\/\/contadoreshoy.com\/wp-content\/uploads\/2015\/10\/Enfermera-300x200.jpg 300w\" sizes=\"auto, (max-width: 600px) 100vw, 600px\" \/><\/p>\n<p style=\"text-align: justify;\"><span style=\"color: #000000;\"><strong><a href=\"https:\/\/contadoreshoy.com\/wp-content\/uploads\/2020\/01\/DECRETO-64-DEL-20-DE-ENERO-DE-2020-MINISTERIO-DE-SALUD-Y-PROTECCI\u00d3N-SOCIAL.pdf\" target=\"_blank\" rel=\"noopener\">Decreto 64 de enero 20 de 2020 del Ministerio de salud y protecci\u00f3n social<\/a>, por el cual se modifican los art\u00edculos 2.1.3.11, 2.1.3.13, 2.1.5.1, 2.1.7.7, 2.1.7.8 y 2.1.3.17, y se adicionan los art\u00edculos 2.1.5.4 y 2.1.5.5 del Decreto 780 de 2016, en relaci\u00f3n con los afiliados al r\u00e9gimen subsidiado, la afiliaci\u00f3n de oficio y se dictan otras disposiciones.<\/strong><\/span><\/p>\n<p style=\"text-align: justify;\"><span style=\"color: #000000;\"><strong>Contenido resumido de los art\u00edculos modificados y adicionados:<\/strong><\/span><\/p>\n<p style=\"text-align: justify;\"><span style=\"color: #000000;\"><strong>Art\u00edculo 2.1.3.11. Afiliaci\u00f3n de reci\u00e9n nacido y de sus padres no afiliados. Cuando los padres del reci\u00e9n nacido re\u00fanan las condiciones para pertenecer al r\u00e9gimen contributivo, se registrar\u00e1n en el sistema de afiliaci\u00f3n transaccional e inscribir\u00e1n en una E.P.S. de dicho r\u00e9gimen, de lo contrario se registrar\u00e1 e inscribir\u00e1 a los padres y al reci\u00e9n nacido, al r\u00e9gimen subsidiado.<\/strong><\/span><\/p>\n<p style=\"text-align: justify;\"><span style=\"color: #000000;\"><strong>Art\u00edculo 2.1.3.13. Aporte del registro civil de nacimiento. El registro civil de nacimiento debe ser aportado a m\u00e1s tardar dentro de los tres (3) meses siguientes al nacimiento; no obstante, si el registro no ha sido allegado, dentro de este t\u00e9rmino, la EPS deber\u00e1 garantizar la continuidad en la prestaci\u00f3n de los servicios de salud del plan de beneficios y tendr\u00e1 derecho al reconocimiento de la correspondiente UPC.<\/strong><\/span><\/p>\n<p style=\"text-align: justify;\"><span style=\"color: #000000;\"><strong>Art\u00edculo 2.1.5.1. Afiliados al R\u00e9gimen Subsidiado. Son afiliados en el R\u00e9gimen Subisidiado:<\/strong><\/span><\/p>\n<ol style=\"text-align: justify;\">\n<li><span style=\"color: #000000;\"><strong>Personas identificadas en el niveles I y II del SISBEN;<\/strong><\/span><\/li>\n<li><span style=\"color: #000000;\"><strong>Personas identificadas en el nivel III del SISBEN, y que a la vigencia de la Ley 1122 de 2007, se encontraban afiliados al R\u00e9gimen Subsidiado;<\/strong><\/span><\/li>\n<li><span style=\"color: #000000;\"><strong>Personas que dejen de ser madres comunitarias o madres sustitutas, y sean beneficiarias del subsidio de la subcuenta de subsistencia del Fondo de Solidaridad Pensional;<\/strong><\/span><\/li>\n<li><span style=\"color: #000000;\"><strong>Ni\u00f1os, Ni\u00f1as, Adolescentes y J\u00f3venes en Proceso Administrativo para restablecimiento de sus derechos, y poblaci\u00f3n perteneciente al Sistema de Responsabilidad Penal para Adolescentes;<\/strong><\/span><\/li>\n<li><span style=\"color: #000000;\"><strong>Menores desvinculados del conflicto armado;<\/strong><\/span><\/li>\n<li><span style=\"color: #000000;\"><strong>Poblaci\u00f3n infantil vulnerable bajo protecci\u00f3n en instituciones diferentes al ICBF;<\/strong><\/span><\/li>\n<li><span style=\"color: #000000;\"><strong>Comunidades Ind\u00edgenas;<\/strong><\/span><\/li>\n<li><span style=\"color: #000000;\"><strong>Poblaci\u00f3n desmovilizada;<\/strong><\/span><\/li>\n<li><span style=\"color: #000000;\"><strong>Adultos mayores en centros de protecci\u00f3n;<\/strong><\/span><\/li>\n<li><span style=\"color: #000000;\"><strong>Poblaci\u00f3n Rom;<\/strong><\/span><\/li>\n<li><span style=\"color: #000000;\"><strong>Personas incluidas en el Programa de Protecci\u00f3n a Testigos;<\/strong><\/span><\/li>\n<li><span style=\"color: #000000;\"><strong>V\u00edctimas del conflicto armado;<\/strong><\/span><\/li>\n<li><span style=\"color: #000000;\"><strong>Poblaci\u00f3n privada de la libertad a cargo de las entidades territoriales del orden departamental, distrital o municipal que no cumpla las condiciones para cotizar al Sistema General de Seguridad Social en Salud e inimputables trastorno en cumplimento de medida de seguridad;<\/strong><\/span><\/li>\n<li><span style=\"color: #000000;\"><strong>Poblaci\u00f3n migrante colombiana repatriada o que ha retornado voluntariamente al pa\u00eds o han sido deportados o expulsados la Rep\u00fablica de Venezuela y su n\u00facleo familiar;<\/strong><\/span><\/li>\n<li><span style=\"color: #000000;\"><strong>Poblaci\u00f3n habitante de calle;<\/strong><\/span><\/li>\n<li><span style=\"color: #000000;\"><strong>Los voluntarios acreditados y activos de la Defensa Civil Colombiana, Cruz Roja Colombiana y cuerpos de bomberos, as\u00ed como su n\u00facleo familiar, salvo que sean cotizantes o beneficiarios del R\u00e9gimen Contributivo;<\/strong><\/span><\/li>\n<li><span style=\"color: #000000;\"><strong>Personas con discapacidad en centros de protecci\u00f3n;<\/strong><\/span><\/li>\n<li><span style=\"color: #000000;\"><strong>Migrantes Venezolanos.<\/strong><\/span><\/li>\n<\/ol>\n<p style=\"text-align: justify;\"><span style=\"color: #000000;\"><strong>Art\u00edculo 2.1.5.4 Afiliaci\u00f3n de oficio. Cuando una persona no se encuentre afiliada al Sistema General de Social en Salud o se encuentre con novedad de terminaci\u00f3n de inscripci\u00f3n en la EPS, el prestador de servicios de salud o la entidad territorial, seg\u00fan corresponda, efectuar\u00e1 la afiliaci\u00f3n de manera inmediata. Si la persona re\u00fane las condiciones para pertenecer al r\u00e9gimen contributivo, la registrar\u00e1 en el Sistema de Afiliaci\u00f3n Transaccional, y la inscribir\u00e1 en una EPS de dicho r\u00e9gimen, de lo contrario, la inscribir\u00e1 en una EPS del r\u00e9gimen subsidiado.<\/strong><\/span><\/p>\n<p style=\"text-align: justify;\"><span style=\"color: #000000;\"><strong>Art\u00edculo 2.1.5.5.&nbsp;Verificaci\u00f3n de las condiciones de los migrantes Venezolanos afiliados al R\u00e9gimen Subsidiado. La entidad territorial municipal del domicilio del migrante Venezolano afiliado de que numeral 18 del art\u00edculo 2.1.5.1 del presente decreto, recibir\u00e1 la informaci\u00f3n que presente el migrante acreditando su permanencia, y la reportar\u00e1 al Sistema de Afiliaci\u00f3n Transaccional.<\/strong><\/span><\/p>\n<p style=\"text-align: justify;\"><span style=\"color: #000000;\"><strong>Art\u00edculos 2.1.7.7 y 2.1.7.8. Movilidad entre reg\u00edmenes, y registro y reporte de la novedad de movilidad.<\/strong><\/span><\/p>\n<p style=\"text-align: justify;\"><span style=\"color: #000000;\"><strong>Art\u00edculo 2.1.3.17. Terminaci\u00f3n de la inscripci\u00f3n en una EPS.<\/strong><\/span><\/p>\n<p style=\"text-align: justify;\"><span style=\"color: #000000; font-size: 14pt;\"><strong><a href=\"https:\/\/contadoreshoy.com\/wp-content\/uploads\/2020\/01\/DECRETO-64-DEL-20-DE-ENERO-DE-2020-MINISTERIO-DE-SALUD-Y-PROTECCI\u00d3N-SOCIAL.pdf\" target=\"_blank\" rel=\"noopener\">Para ver Decreto 64 de enero 20 de 2020, dar click aqu\u00ed:<\/a><\/strong><\/span><\/p>\n<p>&nbsp;<\/p>\n","protected":false},"excerpt":{"rendered":"<p>Decreto 64 de enero 20 de 2020 del Ministerio de salud y protecci\u00f3n social, por el cual se modifican los art\u00edculos 2.1.3.11, 2.1.3.13, 2.1.5.1, 2.1.7.7, 2.1.7.8 y 2.1.3.17, y se&#46;&#46;&#46;<\/p>\n","protected":false},"author":1,"featured_media":6261,"comment_status":"open","ping_status":"open","sticky":false,"template":"","format":"standard","meta":{"_monsterinsights_skip_tracking":false,"ngg_post_thumbnail":0,"footnotes":"","_links_to":"","_links_to_target":""},"categories":[454,458,1],"tags":[],"class_list":["post-12246","post","type-post","status-publish","format-standard","has-post-thumbnail","hentry","category-sin-categoria","category-ultimas","category-uncategorized"],"aioseo_notices":[],"aioseo_head":"\n\t\t<!-- All in One SEO 5.0.1.1 - aioseo.com -->\n\t<meta name=\"description\" content=\"Decreto 64 de enero 20 de 2020 del Ministerio de salud y protecci\u00f3n social, por el cual se modifican los art\u00edculos 2.1.3.11, 2.1.3.13, 2.1.5.1, 2.1.7.7, 2.1.7.8 y 2.1.3.17, y se adicionan los art\u00edculos 2.1.5.4 y 2.1.5.5 del Decreto 780 de 2016, en relaci\u00f3n con los afiliados al r\u00e9gimen subsidiado, la afiliaci\u00f3n de oficio y se\" \/>\n\t<meta name=\"robots\" content=\"max-image-preview:large\" \/>\n\t<meta name=\"author\" content=\"Miguel Antonio M\u00e1rquez Monta\u00f1ez\"\/>\n\t<link rel=\"canonical\" href=\"https:\/\/contadoreshoy.com\/?p=12246\" \/>\n\t<meta name=\"generator\" content=\"All in One SEO (AIOSEO) 5.0.1.1\" \/>\n\t\t<meta property=\"og:locale\" content=\"es_ES\" \/>\n\t\t<meta property=\"og:site_name\" content=\"Contadores P\u00fablicos - Portal para Contadores P\u00fablicos y empresarios\" \/>\n\t\t<meta property=\"og:type\" content=\"article\" \/>\n\t\t<meta property=\"og:title\" content=\"Afiliados al r\u00e9gimen subsidiado y afiliaci\u00f3n de oficio \u2013 Decreto 64 de enero de 2020 Ministerio de salud y protecci\u00f3n social - Contadores P\u00fablicos\" \/>\n\t\t<meta property=\"og:description\" content=\"Decreto 64 de enero 20 de 2020 del Ministerio de salud y protecci\u00f3n social, por el cual se modifican los art\u00edculos 2.1.3.11, 2.1.3.13, 2.1.5.1, 2.1.7.7, 2.1.7.8 y 2.1.3.17, y se adicionan los art\u00edculos 2.1.5.4 y 2.1.5.5 del Decreto 780 de 2016, en relaci\u00f3n con los afiliados al r\u00e9gimen subsidiado, la afiliaci\u00f3n de oficio y se\" \/>\n\t\t<meta property=\"og:url\" content=\"https:\/\/contadoreshoy.com\/?p=12246\" \/>\n\t\t<meta property=\"og:image\" content=\"https:\/\/contadoreshoy.com\/wp-content\/uploads\/2024\/01\/cropped-cropped-cropped-Copia-de-M.jpg\" \/>\n\t\t<meta property=\"og:image:secure_url\" content=\"https:\/\/contadoreshoy.com\/wp-content\/uploads\/2024\/01\/cropped-cropped-cropped-Copia-de-M.jpg\" \/>\n\t\t<meta property=\"og:image:width\" content=\"512\" \/>\n\t\t<meta property=\"og:image:height\" content=\"371\" \/>\n\t\t<meta property=\"article:published_time\" content=\"2020-01-24T03:51:27+00:00\" \/>\n\t\t<meta property=\"article:modified_time\" content=\"2020-01-24T03:53:25+00:00\" \/>\n\t\t<meta name=\"twitter:card\" content=\"summary_large_image\" \/>\n\t\t<meta name=\"twitter:title\" content=\"Afiliados al r\u00e9gimen subsidiado y afiliaci\u00f3n de oficio \u2013 Decreto 64 de enero de 2020 Ministerio de salud y protecci\u00f3n social - Contadores P\u00fablicos\" \/>\n\t\t<meta name=\"twitter:description\" content=\"Decreto 64 de enero 20 de 2020 del Ministerio de salud y protecci\u00f3n social, por el cual se modifican los art\u00edculos 2.1.3.11, 2.1.3.13, 2.1.5.1, 2.1.7.7, 2.1.7.8 y 2.1.3.17, y se adicionan los art\u00edculos 2.1.5.4 y 2.1.5.5 del Decreto 780 de 2016, en relaci\u00f3n con los afiliados al r\u00e9gimen subsidiado, la afiliaci\u00f3n de oficio y se\" \/>\n\t\t<meta name=\"twitter:image\" content=\"https:\/\/contadoreshoy.com\/wp-content\/uploads\/2024\/01\/cropped-cropped-cropped-Copia-de-M.jpg\" \/>\n\t\t<script type=\"application\/ld+json\" class=\"aioseo-schema\">\n\t\t\t{\"@context\":\"https:\\\/\\\/schema.org\",\"@graph\":[{\"@type\":\"BlogPosting\",\"@id\":\"https:\\\/\\\/contadoreshoy.com\\\/?p=12246#blogposting\",\"name\":\"Afiliados al r\\u00e9gimen subsidiado y afiliaci\\u00f3n de oficio \\u2013 Decreto 64 de enero de 2020 Ministerio de salud y protecci\\u00f3n social - Contadores P\\u00fablicos\",\"headline\":\"Afiliados al r\\u00e9gimen subsidiado y afiliaci\\u00f3n de oficio &#8211; Decreto 64 de enero de 2020 Ministerio de salud y protecci\\u00f3n social\",\"author\":{\"@id\":\"https:\\\/\\\/contadoreshoy.com\\\/?author=1#author\"},\"publisher\":{\"@id\":\"https:\\\/\\\/contadoreshoy.com\\\/#organization\"},\"image\":{\"@type\":\"ImageObject\",\"url\":\"https:\\\/\\\/contadoreshoy.com\\\/wp-content\\\/uploads\\\/2015\\\/10\\\/Enfermera.jpg\",\"width\":600,\"height\":400},\"datePublished\":\"2020-01-23T22:51:27-05:00\",\"dateModified\":\"2020-01-23T22:53:25-05:00\",\"inLanguage\":\"es-ES\",\"mainEntityOfPage\":{\"@id\":\"https:\\\/\\\/contadoreshoy.com\\\/?p=12246#webpage\"},\"isPartOf\":{\"@id\":\"https:\\\/\\\/contadoreshoy.com\\\/?p=12246#webpage\"},\"articleSection\":\"Sin categor\\u00eda, Ultimas Noticias, Uncategorized\"},{\"@type\":\"BreadcrumbList\",\"@id\":\"https:\\\/\\\/contadoreshoy.com\\\/?p=12246#breadcrumblist\",\"itemListElement\":[{\"@type\":\"ListItem\",\"@id\":\"https:\\\/\\\/contadoreshoy.com#listItem\",\"position\":1,\"name\":\"Home\",\"item\":\"https:\\\/\\\/contadoreshoy.com\",\"nextItem\":{\"@type\":\"ListItem\",\"@id\":\"https:\\\/\\\/contadoreshoy.com\\\/?cat=1#listItem\",\"name\":\"Uncategorized\"}},{\"@type\":\"ListItem\",\"@id\":\"https:\\\/\\\/contadoreshoy.com\\\/?cat=1#listItem\",\"position\":2,\"name\":\"Uncategorized\",\"item\":\"https:\\\/\\\/contadoreshoy.com\\\/?cat=1\",\"nextItem\":{\"@type\":\"ListItem\",\"@id\":\"https:\\\/\\\/contadoreshoy.com\\\/?p=12246#listItem\",\"name\":\"Afiliados al r\\u00e9gimen subsidiado y afiliaci\\u00f3n de oficio &#8211; Decreto 64 de enero de 2020 Ministerio de salud y protecci\\u00f3n social\"},\"previousItem\":{\"@type\":\"ListItem\",\"@id\":\"https:\\\/\\\/contadoreshoy.com#listItem\",\"name\":\"Home\"}},{\"@type\":\"ListItem\",\"@id\":\"https:\\\/\\\/contadoreshoy.com\\\/?p=12246#listItem\",\"position\":3,\"name\":\"Afiliados al r\\u00e9gimen subsidiado y afiliaci\\u00f3n de oficio &#8211; Decreto 64 de enero de 2020 Ministerio de salud y protecci\\u00f3n social\",\"previousItem\":{\"@type\":\"ListItem\",\"@id\":\"https:\\\/\\\/contadoreshoy.com\\\/?cat=1#listItem\",\"name\":\"Uncategorized\"}}]},{\"@type\":\"Organization\",\"@id\":\"https:\\\/\\\/contadoreshoy.com\\\/#organization\",\"name\":\"Contadores P\\u00fablicos\",\"description\":\"Portal para Contadores P\\u00fablicos y empresarios\",\"url\":\"https:\\\/\\\/contadoreshoy.com\\\/\",\"logo\":{\"@type\":\"ImageObject\",\"url\":\"https:\\\/\\\/contadoreshoy.com\\\/wp-content\\\/uploads\\\/2024\\\/01\\\/cropped-cropped-Copia-de-M-1.jpg\",\"@id\":\"https:\\\/\\\/contadoreshoy.com\\\/?p=12246\\\/#organizationLogo\",\"width\":499,\"height\":500},\"image\":{\"@id\":\"https:\\\/\\\/contadoreshoy.com\\\/?p=12246\\\/#organizationLogo\"}},{\"@type\":\"Person\",\"@id\":\"https:\\\/\\\/contadoreshoy.com\\\/?author=1#author\",\"url\":\"https:\\\/\\\/contadoreshoy.com\\\/?author=1\",\"name\":\"Miguel Antonio M\\u00e1rquez Monta\\u00f1ez\"},{\"@type\":\"WebPage\",\"@id\":\"https:\\\/\\\/contadoreshoy.com\\\/?p=12246#webpage\",\"url\":\"https:\\\/\\\/contadoreshoy.com\\\/?p=12246\",\"name\":\"Afiliados al r\\u00e9gimen subsidiado y afiliaci\\u00f3n de oficio \\u2013 Decreto 64 de enero de 2020 Ministerio de salud y protecci\\u00f3n social - Contadores P\\u00fablicos\",\"description\":\"Decreto 64 de enero 20 de 2020 del Ministerio de salud y protecci\\u00f3n social, por el cual se modifican los art\\u00edculos 2.1.3.11, 2.1.3.13, 2.1.5.1, 2.1.7.7, 2.1.7.8 y 2.1.3.17, y se adicionan los art\\u00edculos 2.1.5.4 y 2.1.5.5 del Decreto 780 de 2016, en relaci\\u00f3n con los afiliados al r\\u00e9gimen subsidiado, la afiliaci\\u00f3n de oficio y se\",\"inLanguage\":\"es-ES\",\"isPartOf\":{\"@id\":\"https:\\\/\\\/contadoreshoy.com\\\/#website\"},\"breadcrumb\":{\"@id\":\"https:\\\/\\\/contadoreshoy.com\\\/?p=12246#breadcrumblist\"},\"author\":{\"@id\":\"https:\\\/\\\/contadoreshoy.com\\\/?author=1#author\"},\"creator\":{\"@id\":\"https:\\\/\\\/contadoreshoy.com\\\/?author=1#author\"},\"image\":{\"@type\":\"ImageObject\",\"url\":\"https:\\\/\\\/contadoreshoy.com\\\/wp-content\\\/uploads\\\/2015\\\/10\\\/Enfermera.jpg\",\"@id\":\"https:\\\/\\\/contadoreshoy.com\\\/?p=12246\\\/#mainImage\",\"width\":600,\"height\":400},\"primaryImageOfPage\":{\"@id\":\"https:\\\/\\\/contadoreshoy.com\\\/?p=12246#mainImage\"},\"datePublished\":\"2020-01-23T22:51:27-05:00\",\"dateModified\":\"2020-01-23T22:53:25-05:00\"},{\"@type\":\"WebSite\",\"@id\":\"https:\\\/\\\/contadoreshoy.com\\\/#website\",\"url\":\"https:\\\/\\\/contadoreshoy.com\\\/\",\"name\":\"Contadores P\\u00fablicos\",\"description\":\"Portal para Contadores P\\u00fablicos y empresarios\",\"inLanguage\":\"es-ES\",\"publisher\":{\"@id\":\"https:\\\/\\\/contadoreshoy.com\\\/#organization\"}}]}\n\t\t<\/script>\n\t\t<!-- All in One SEO -->\n\n","aioseo_head_json":{"title":"Afiliados al r\u00e9gimen subsidiado y afiliaci\u00f3n de oficio \u2013 Decreto 64 de enero de 2020 Ministerio de salud y protecci\u00f3n social - Contadores P\u00fablicos","description":"Decreto 64 de enero 20 de 2020 del Ministerio de salud y protecci\u00f3n social, por el cual se modifican los art\u00edculos 2.1.3.11, 2.1.3.13, 2.1.5.1, 2.1.7.7, 2.1.7.8 y 2.1.3.17, y se adicionan los art\u00edculos 2.1.5.4 y 2.1.5.5 del Decreto 780 de 2016, en relaci\u00f3n con los afiliados al r\u00e9gimen subsidiado, la afiliaci\u00f3n de oficio y se","canonical_url":"https:\/\/contadoreshoy.com\/?p=12246","robots":"max-image-preview:large","keywords":"","webmasterTools":{"miscellaneous":""},"schema":{"@context":"https:\/\/schema.org","@graph":[{"@type":"BlogPosting","@id":"https:\/\/contadoreshoy.com\/?p=12246#blogposting","name":"Afiliados al r\u00e9gimen subsidiado y afiliaci\u00f3n de oficio \u2013 Decreto 64 de enero de 2020 Ministerio de salud y protecci\u00f3n social - Contadores P\u00fablicos","headline":"Afiliados al r\u00e9gimen subsidiado y afiliaci\u00f3n de oficio &#8211; Decreto 64 de enero de 2020 Ministerio de salud y protecci\u00f3n social","author":{"@id":"https:\/\/contadoreshoy.com\/?author=1#author"},"publisher":{"@id":"https:\/\/contadoreshoy.com\/#organization"},"image":{"@type":"ImageObject","url":"https:\/\/contadoreshoy.com\/wp-content\/uploads\/2015\/10\/Enfermera.jpg","width":600,"height":400},"datePublished":"2020-01-23T22:51:27-05:00","dateModified":"2020-01-23T22:53:25-05:00","inLanguage":"es-ES","mainEntityOfPage":{"@id":"https:\/\/contadoreshoy.com\/?p=12246#webpage"},"isPartOf":{"@id":"https:\/\/contadoreshoy.com\/?p=12246#webpage"},"articleSection":"Sin categor\u00eda, Ultimas Noticias, Uncategorized"},{"@type":"BreadcrumbList","@id":"https:\/\/contadoreshoy.com\/?p=12246#breadcrumblist","itemListElement":[{"@type":"ListItem","@id":"https:\/\/contadoreshoy.com#listItem","position":1,"name":"Home","item":"https:\/\/contadoreshoy.com","nextItem":{"@type":"ListItem","@id":"https:\/\/contadoreshoy.com\/?cat=1#listItem","name":"Uncategorized"}},{"@type":"ListItem","@id":"https:\/\/contadoreshoy.com\/?cat=1#listItem","position":2,"name":"Uncategorized","item":"https:\/\/contadoreshoy.com\/?cat=1","nextItem":{"@type":"ListItem","@id":"https:\/\/contadoreshoy.com\/?p=12246#listItem","name":"Afiliados al r\u00e9gimen subsidiado y afiliaci\u00f3n de oficio &#8211; Decreto 64 de enero de 2020 Ministerio de salud y protecci\u00f3n social"},"previousItem":{"@type":"ListItem","@id":"https:\/\/contadoreshoy.com#listItem","name":"Home"}},{"@type":"ListItem","@id":"https:\/\/contadoreshoy.com\/?p=12246#listItem","position":3,"name":"Afiliados al r\u00e9gimen subsidiado y afiliaci\u00f3n de oficio &#8211; Decreto 64 de enero de 2020 Ministerio de salud y protecci\u00f3n social","previousItem":{"@type":"ListItem","@id":"https:\/\/contadoreshoy.com\/?cat=1#listItem","name":"Uncategorized"}}]},{"@type":"Organization","@id":"https:\/\/contadoreshoy.com\/#organization","name":"Contadores P\u00fablicos","description":"Portal para Contadores P\u00fablicos y empresarios","url":"https:\/\/contadoreshoy.com\/","logo":{"@type":"ImageObject","url":"https:\/\/contadoreshoy.com\/wp-content\/uploads\/2024\/01\/cropped-cropped-Copia-de-M-1.jpg","@id":"https:\/\/contadoreshoy.com\/?p=12246\/#organizationLogo","width":499,"height":500},"image":{"@id":"https:\/\/contadoreshoy.com\/?p=12246\/#organizationLogo"}},{"@type":"Person","@id":"https:\/\/contadoreshoy.com\/?author=1#author","url":"https:\/\/contadoreshoy.com\/?author=1","name":"Miguel Antonio M\u00e1rquez Monta\u00f1ez"},{"@type":"WebPage","@id":"https:\/\/contadoreshoy.com\/?p=12246#webpage","url":"https:\/\/contadoreshoy.com\/?p=12246","name":"Afiliados al r\u00e9gimen subsidiado y afiliaci\u00f3n de oficio \u2013 Decreto 64 de enero de 2020 Ministerio de salud y protecci\u00f3n social - Contadores P\u00fablicos","description":"Decreto 64 de enero 20 de 2020 del Ministerio de salud y protecci\u00f3n social, por el cual se modifican los art\u00edculos 2.1.3.11, 2.1.3.13, 2.1.5.1, 2.1.7.7, 2.1.7.8 y 2.1.3.17, y se adicionan los art\u00edculos 2.1.5.4 y 2.1.5.5 del Decreto 780 de 2016, en relaci\u00f3n con los afiliados al r\u00e9gimen subsidiado, la afiliaci\u00f3n de oficio y se","inLanguage":"es-ES","isPartOf":{"@id":"https:\/\/contadoreshoy.com\/#website"},"breadcrumb":{"@id":"https:\/\/contadoreshoy.com\/?p=12246#breadcrumblist"},"author":{"@id":"https:\/\/contadoreshoy.com\/?author=1#author"},"creator":{"@id":"https:\/\/contadoreshoy.com\/?author=1#author"},"image":{"@type":"ImageObject","url":"https:\/\/contadoreshoy.com\/wp-content\/uploads\/2015\/10\/Enfermera.jpg","@id":"https:\/\/contadoreshoy.com\/?p=12246\/#mainImage","width":600,"height":400},"primaryImageOfPage":{"@id":"https:\/\/contadoreshoy.com\/?p=12246#mainImage"},"datePublished":"2020-01-23T22:51:27-05:00","dateModified":"2020-01-23T22:53:25-05:00"},{"@type":"WebSite","@id":"https:\/\/contadoreshoy.com\/#website","url":"https:\/\/contadoreshoy.com\/","name":"Contadores P\u00fablicos","description":"Portal para Contadores P\u00fablicos y empresarios","inLanguage":"es-ES","publisher":{"@id":"https:\/\/contadoreshoy.com\/#organization"}}]},"og:locale":"es_ES","og:site_name":"Contadores P\u00fablicos - Portal para Contadores P\u00fablicos y empresarios","og:type":"article","og:title":"Afiliados al r\u00e9gimen subsidiado y afiliaci\u00f3n de oficio \u2013 Decreto 64 de enero de 2020 Ministerio de salud y protecci\u00f3n social - Contadores P\u00fablicos","og:description":"Decreto 64 de enero 20 de 2020 del Ministerio de salud y protecci\u00f3n social, por el cual se modifican los art\u00edculos 2.1.3.11, 2.1.3.13, 2.1.5.1, 2.1.7.7, 2.1.7.8 y 2.1.3.17, y se adicionan los art\u00edculos 2.1.5.4 y 2.1.5.5 del Decreto 780 de 2016, en relaci\u00f3n con los afiliados al r\u00e9gimen subsidiado, la afiliaci\u00f3n de oficio y se","og:url":"https:\/\/contadoreshoy.com\/?p=12246","og:image":"https:\/\/contadoreshoy.com\/wp-content\/uploads\/2024\/01\/cropped-cropped-cropped-Copia-de-M.jpg","og:image:secure_url":"https:\/\/contadoreshoy.com\/wp-content\/uploads\/2024\/01\/cropped-cropped-cropped-Copia-de-M.jpg","og:image:width":512,"og:image:height":371,"article:published_time":"2020-01-24T03:51:27+00:00","article:modified_time":"2020-01-24T03:53:25+00:00","twitter:card":"summary_large_image","twitter:title":"Afiliados al r\u00e9gimen subsidiado y afiliaci\u00f3n de oficio \u2013 Decreto 64 de enero de 2020 Ministerio de salud y protecci\u00f3n social - Contadores P\u00fablicos","twitter:description":"Decreto 64 de enero 20 de 2020 del Ministerio de salud y protecci\u00f3n social, por el cual se modifican los art\u00edculos 2.1.3.11, 2.1.3.13, 2.1.5.1, 2.1.7.7, 2.1.7.8 y 2.1.3.17, y se adicionan los art\u00edculos 2.1.5.4 y 2.1.5.5 del Decreto 780 de 2016, en relaci\u00f3n con los afiliados al r\u00e9gimen subsidiado, la afiliaci\u00f3n de oficio y se","twitter:image":"https:\/\/contadoreshoy.com\/wp-content\/uploads\/2024\/01\/cropped-cropped-cropped-Copia-de-M.jpg"},"aioseo_meta_data":{"post_id":"12246","title":null,"description":null,"keywords":null,"keyphrases":null,"primary_term":null,"canonical_url":null,"og_title":null,"og_description":null,"og_object_type":"default","og_image_type":"default","og_image_url":null,"og_image_width":null,"og_image_height":null,"og_image_custom_url":null,"og_image_custom_fields":null,"og_video":null,"og_custom_url":null,"og_article_section":null,"og_article_tags":null,"twitter_use_og":false,"twitter_card":"default","twitter_image_type":"default","twitter_image_url":null,"twitter_image_custom_url":null,"twitter_image_custom_fields":null,"twitter_title":null,"twitter_description":null,"schema":{"blockGraphs":[],"customGraphs":[],"default":{"data":{"Article":[],"Course":[],"Dataset":[],"FAQPage":[],"Movie":[],"Person":[],"Product":[],"ProductReview":[],"Car":[],"Recipe":[],"Service":[],"SoftwareApplication":[],"WebPage":[]},"graphName":"","isEnabled":true},"graphs":[]},"schema_type":"default","schema_type_options":null,"pillar_content":false,"robots_default":true,"robots_noindex":false,"robots_noarchive":false,"robots_nosnippet":false,"robots_nofollow":false,"robots_noimageindex":false,"robots_noodp":false,"robots_notranslate":false,"robots_max_snippet":null,"robots_max_videopreview":null,"robots_max_imagepreview":"large","priority":null,"frequency":null,"local_seo":null,"breadcrumb_settings":null,"limit_modified_date":false,"ai":null,"created":"2024-03-05 02:12:32","updated":"2026-03-03 05:21:41","seo_analyzer_scan_date":null,"focus_keyword":null,"additional_keywords":null,"truseo_locale":null},"aioseo_breadcrumb":"<div class=\"aioseo-breadcrumbs\"><span class=\"aioseo-breadcrumb\">\n\t\t\t<a href=\"https:\/\/contadoreshoy.com\" title=\"Home\">Home<\/a>\n\t\t<\/span><span class=\"aioseo-breadcrumb-separator\">&raquo;<\/span><span class=\"aioseo-breadcrumb\">\n\t\t\t<a href=\"https:\/\/contadoreshoy.com\/?cat=1\" title=\"Uncategorized\">Uncategorized<\/a>\n\t\t<\/span><span class=\"aioseo-breadcrumb-separator\">&raquo;<\/span><span class=\"aioseo-breadcrumb\">\n\t\t\tAfiliados al r\u00e9gimen subsidiado y afiliaci\u00f3n de oficio \u2013 Decreto 64 de enero de 2020 Ministerio de salud y protecci\u00f3n social\n\t\t<\/span><\/div>","aioseo_breadcrumb_json":[{"label":"Home","link":"https:\/\/contadoreshoy.com"},{"label":"Uncategorized","link":"https:\/\/contadoreshoy.com\/?cat=1"},{"label":"Afiliados al r\u00e9gimen subsidiado y afiliaci\u00f3n de oficio &#8211; Decreto 64 de enero de 2020 Ministerio de salud y protecci\u00f3n social","link":"https:\/\/contadoreshoy.com\/?p=12246"}],"yoast_head":"<!-- This site is optimized with the Yoast SEO plugin v28.4 - https:\/\/yoast.com\/product\/yoast-seo-wordpress\/ -->\n<title>Afiliados al r\u00e9gimen subsidiado y afiliaci\u00f3n de oficio - Decreto 64 de enero de 2020 Ministerio de salud y protecci\u00f3n social - Contadores P\u00fablicos<\/title>\n<meta name=\"robots\" content=\"index, follow, max-snippet:-1, max-image-preview:large, max-video-preview:-1\" \/>\n<link rel=\"canonical\" href=\"https:\/\/contadoreshoy.com\/?p=12246\" \/>\n<meta property=\"og:locale\" content=\"es_ES\" \/>\n<meta property=\"og:type\" content=\"article\" \/>\n<meta property=\"og:title\" content=\"Afiliados al r\u00e9gimen subsidiado y afiliaci\u00f3n de oficio - Decreto 64 de enero de 2020 Ministerio de salud y protecci\u00f3n social - Contadores P\u00fablicos\" \/>\n<meta property=\"og:description\" content=\"Decreto 64 de enero 20 de 2020 del Ministerio de salud y protecci\u00f3n social, por el cual se modifican los art\u00edculos 2.1.3.11, 2.1.3.13, 2.1.5.1, 2.1.7.7, 2.1.7.8 y 2.1.3.17, y se&#046;&#046;&#046;\" \/>\n<meta property=\"og:url\" content=\"https:\/\/contadoreshoy.com\/?p=12246\" \/>\n<meta property=\"og:site_name\" content=\"Contadores P\u00fablicos\" \/>\n<meta property=\"article:publisher\" content=\"https:\/\/www.facebook.com\/CCCPBucaramanga\/\" \/>\n<meta property=\"article:published_time\" content=\"2020-01-24T03:51:27+00:00\" \/>\n<meta property=\"article:modified_time\" content=\"2020-01-24T03:53:25+00:00\" \/>\n<meta property=\"og:image\" content=\"https:\/\/contadoreshoy.com\/wp-content\/uploads\/2015\/10\/Enfermera.jpg\" \/>\n\t<meta property=\"og:image:width\" content=\"600\" \/>\n\t<meta property=\"og:image:height\" content=\"400\" \/>\n\t<meta property=\"og:image:type\" content=\"image\/jpeg\" \/>\n<meta name=\"author\" content=\"Miguel Antonio M\u00e1rquez Monta\u00f1ez\" \/>\n<meta name=\"twitter:card\" content=\"summary_large_image\" \/>\n<meta name=\"twitter:label1\" content=\"Escrito por\" \/>\n\t<meta name=\"twitter:data1\" content=\"Miguel Antonio M\u00e1rquez Monta\u00f1ez\" \/>\n\t<meta name=\"twitter:label2\" content=\"Tiempo de lectura\" \/>\n\t<meta name=\"twitter:data2\" content=\"3 minutos\" \/>\n<script type=\"application\/ld+json\" class=\"yoast-schema-graph\">{\"@context\":\"https:\\\/\\\/schema.org\",\"@graph\":[{\"@type\":\"Article\",\"@id\":\"https:\\\/\\\/contadoreshoy.com\\\/?p=12246#article\",\"isPartOf\":{\"@id\":\"https:\\\/\\\/contadoreshoy.com\\\/?p=12246\"},\"author\":{\"name\":\"Miguel Antonio M\u00e1rquez Monta\u00f1ez\",\"@id\":\"https:\\\/\\\/contadoreshoy.com\\\/#\\\/schema\\\/person\\\/96d8979cb865537c5dc9345e40089fc5\"},\"headline\":\"Afiliados al r\u00e9gimen subsidiado y afiliaci\u00f3n de oficio &#8211; Decreto 64 de enero de 2020 Ministerio de salud y protecci\u00f3n social\",\"datePublished\":\"2020-01-24T03:51:27+00:00\",\"dateModified\":\"2020-01-24T03:53:25+00:00\",\"mainEntityOfPage\":{\"@id\":\"https:\\\/\\\/contadoreshoy.com\\\/?p=12246\"},\"wordCount\":682,\"commentCount\":0,\"publisher\":{\"@id\":\"https:\\\/\\\/contadoreshoy.com\\\/#organization\"},\"image\":{\"@id\":\"https:\\\/\\\/contadoreshoy.com\\\/?p=12246#primaryimage\"},\"thumbnailUrl\":\"https:\\\/\\\/contadoreshoy.com\\\/wp-content\\\/uploads\\\/2015\\\/10\\\/Enfermera.jpg\",\"articleSection\":{\"1\":\"Ultimas Noticias\",\"2\":\"Uncategorized\"},\"inLanguage\":\"es\",\"potentialAction\":[{\"@type\":\"CommentAction\",\"name\":\"Comment\",\"target\":[\"https:\\\/\\\/contadoreshoy.com\\\/?p=12246#respond\"]}]},{\"@type\":\"WebPage\",\"@id\":\"https:\\\/\\\/contadoreshoy.com\\\/?p=12246\",\"url\":\"https:\\\/\\\/contadoreshoy.com\\\/?p=12246\",\"name\":\"Afiliados al r\u00e9gimen subsidiado y afiliaci\u00f3n de oficio - Decreto 64 de enero de 2020 Ministerio de salud y protecci\u00f3n social - Contadores P\u00fablicos\",\"isPartOf\":{\"@id\":\"https:\\\/\\\/contadoreshoy.com\\\/#website\"},\"primaryImageOfPage\":{\"@id\":\"https:\\\/\\\/contadoreshoy.com\\\/?p=12246#primaryimage\"},\"image\":{\"@id\":\"https:\\\/\\\/contadoreshoy.com\\\/?p=12246#primaryimage\"},\"thumbnailUrl\":\"https:\\\/\\\/contadoreshoy.com\\\/wp-content\\\/uploads\\\/2015\\\/10\\\/Enfermera.jpg\",\"datePublished\":\"2020-01-24T03:51:27+00:00\",\"dateModified\":\"2020-01-24T03:53:25+00:00\",\"breadcrumb\":{\"@id\":\"https:\\\/\\\/contadoreshoy.com\\\/?p=12246#breadcrumb\"},\"inLanguage\":\"es\",\"potentialAction\":[{\"@type\":\"ReadAction\",\"target\":[\"https:\\\/\\\/contadoreshoy.com\\\/?p=12246\"]}]},{\"@type\":\"ImageObject\",\"inLanguage\":\"es\",\"@id\":\"https:\\\/\\\/contadoreshoy.com\\\/?p=12246#primaryimage\",\"url\":\"https:\\\/\\\/contadoreshoy.com\\\/wp-content\\\/uploads\\\/2015\\\/10\\\/Enfermera.jpg\",\"contentUrl\":\"https:\\\/\\\/contadoreshoy.com\\\/wp-content\\\/uploads\\\/2015\\\/10\\\/Enfermera.jpg\",\"width\":600,\"height\":400},{\"@type\":\"BreadcrumbList\",\"@id\":\"https:\\\/\\\/contadoreshoy.com\\\/?p=12246#breadcrumb\",\"itemListElement\":[{\"@type\":\"ListItem\",\"position\":1,\"name\":\"Portada\",\"item\":\"https:\\\/\\\/contadoreshoy.com\\\/\"},{\"@type\":\"ListItem\",\"position\":2,\"name\":\"Afiliados al r\u00e9gimen subsidiado y afiliaci\u00f3n de oficio &#8211; Decreto 64 de enero de 2020 Ministerio de salud y protecci\u00f3n social\"}]},{\"@type\":\"WebSite\",\"@id\":\"https:\\\/\\\/contadoreshoy.com\\\/#website\",\"url\":\"https:\\\/\\\/contadoreshoy.com\\\/\",\"name\":\"Contadorespublicossantander\",\"description\":\"Portal para Contadores P\u00fablicos y empresarios\",\"publisher\":{\"@id\":\"https:\\\/\\\/contadoreshoy.com\\\/#organization\"},\"potentialAction\":[{\"@type\":\"SearchAction\",\"target\":{\"@type\":\"EntryPoint\",\"urlTemplate\":\"https:\\\/\\\/contadoreshoy.com\\\/?s={search_term_string}\"},\"query-input\":{\"@type\":\"PropertyValueSpecification\",\"valueRequired\":true,\"valueName\":\"search_term_string\"}}],\"inLanguage\":\"es\"},{\"@type\":\"Organization\",\"@id\":\"https:\\\/\\\/contadoreshoy.com\\\/#organization\",\"name\":\"Contadores P\u00fablicos de Santander\",\"url\":\"https:\\\/\\\/contadoreshoy.com\\\/\",\"logo\":{\"@type\":\"ImageObject\",\"inLanguage\":\"es\",\"@id\":\"https:\\\/\\\/contadoreshoy.com\\\/#\\\/schema\\\/logo\\\/image\\\/\",\"url\":\"https:\\\/\\\/contadoreshoy.com\\\/wp-content\\\/uploads\\\/2024\\\/01\\\/cropped-cropped-Copia-de-M-1.jpg\",\"contentUrl\":\"https:\\\/\\\/contadoreshoy.com\\\/wp-content\\\/uploads\\\/2024\\\/01\\\/cropped-cropped-Copia-de-M-1.jpg\",\"width\":499,\"height\":500,\"caption\":\"Contadores P\u00fablicos de Santander\"},\"image\":{\"@id\":\"https:\\\/\\\/contadoreshoy.com\\\/#\\\/schema\\\/logo\\\/image\\\/\"},\"sameAs\":[\"https:\\\/\\\/www.facebook.com\\\/CCCPBucaramanga\\\/\"]},{\"@type\":\"Person\",\"@id\":\"https:\\\/\\\/contadoreshoy.com\\\/#\\\/schema\\\/person\\\/96d8979cb865537c5dc9345e40089fc5\",\"name\":\"Miguel Antonio M\u00e1rquez Monta\u00f1ez\",\"description\":\"Contador P\u00fablico egresado de la Universidad Aut\u00f3noma de Bucaramanga - Asesor contable tributario con m\u00e1s de 25 a\u00f1os de experiencia - Conferencista en temas contables y tributarios - T\u00e9cnico en Hardware y Dise\u00f1o Web - Creador y director Grupo de Estudio Colegio Colombiano de Contadores P\u00fablicos de Bucaramanga - Creador y Master Web p\u00e1gina www.contadoresp\u00fablicossantander.com - Expresidente Colegio Colombiano de Contadores P\u00fablicos Bucaramanga\",\"url\":\"https:\\\/\\\/contadoreshoy.com\\\/?author=1\"}]}<\/script>\n<!-- \/ Yoast SEO plugin. -->","yoast_head_json":{"title":"Afiliados al r\u00e9gimen subsidiado y afiliaci\u00f3n de oficio - Decreto 64 de enero de 2020 Ministerio de salud y protecci\u00f3n social - Contadores P\u00fablicos","robots":{"index":"index","follow":"follow","max-snippet":"max-snippet:-1","max-image-preview":"max-image-preview:large","max-video-preview":"max-video-preview:-1"},"canonical":"https:\/\/contadoreshoy.com\/?p=12246","og_locale":"es_ES","og_type":"article","og_title":"Afiliados al r\u00e9gimen subsidiado y afiliaci\u00f3n de oficio - Decreto 64 de enero de 2020 Ministerio de salud y protecci\u00f3n social - Contadores P\u00fablicos","og_description":"Decreto 64 de enero 20 de 2020 del Ministerio de salud y protecci\u00f3n social, por el cual se modifican los art\u00edculos 2.1.3.11, 2.1.3.13, 2.1.5.1, 2.1.7.7, 2.1.7.8 y 2.1.3.17, y se&#46;&#46;&#46;","og_url":"https:\/\/contadoreshoy.com\/?p=12246","og_site_name":"Contadores P\u00fablicos","article_publisher":"https:\/\/www.facebook.com\/CCCPBucaramanga\/","article_published_time":"2020-01-24T03:51:27+00:00","article_modified_time":"2020-01-24T03:53:25+00:00","og_image":[{"width":600,"height":400,"url":"https:\/\/contadoreshoy.com\/wp-content\/uploads\/2015\/10\/Enfermera.jpg","type":"image\/jpeg"}],"author":"Miguel Antonio M\u00e1rquez Monta\u00f1ez","twitter_card":"summary_large_image","twitter_misc":{"Escrito por":"Miguel Antonio M\u00e1rquez Monta\u00f1ez","Tiempo de lectura":"3 minutos"},"schema":{"@context":"https:\/\/schema.org","@graph":[{"@type":"Article","@id":"https:\/\/contadoreshoy.com\/?p=12246#article","isPartOf":{"@id":"https:\/\/contadoreshoy.com\/?p=12246"},"author":{"name":"Miguel Antonio M\u00e1rquez Monta\u00f1ez","@id":"https:\/\/contadoreshoy.com\/#\/schema\/person\/96d8979cb865537c5dc9345e40089fc5"},"headline":"Afiliados al r\u00e9gimen subsidiado y afiliaci\u00f3n de oficio &#8211; Decreto 64 de enero de 2020 Ministerio de salud y protecci\u00f3n social","datePublished":"2020-01-24T03:51:27+00:00","dateModified":"2020-01-24T03:53:25+00:00","mainEntityOfPage":{"@id":"https:\/\/contadoreshoy.com\/?p=12246"},"wordCount":682,"commentCount":0,"publisher":{"@id":"https:\/\/contadoreshoy.com\/#organization"},"image":{"@id":"https:\/\/contadoreshoy.com\/?p=12246#primaryimage"},"thumbnailUrl":"https:\/\/contadoreshoy.com\/wp-content\/uploads\/2015\/10\/Enfermera.jpg","articleSection":{"1":"Ultimas Noticias","2":"Uncategorized"},"inLanguage":"es","potentialAction":[{"@type":"CommentAction","name":"Comment","target":["https:\/\/contadoreshoy.com\/?p=12246#respond"]}]},{"@type":"WebPage","@id":"https:\/\/contadoreshoy.com\/?p=12246","url":"https:\/\/contadoreshoy.com\/?p=12246","name":"Afiliados al r\u00e9gimen subsidiado y afiliaci\u00f3n de oficio - Decreto 64 de enero de 2020 Ministerio de salud y protecci\u00f3n social - Contadores P\u00fablicos","isPartOf":{"@id":"https:\/\/contadoreshoy.com\/#website"},"primaryImageOfPage":{"@id":"https:\/\/contadoreshoy.com\/?p=12246#primaryimage"},"image":{"@id":"https:\/\/contadoreshoy.com\/?p=12246#primaryimage"},"thumbnailUrl":"https:\/\/contadoreshoy.com\/wp-content\/uploads\/2015\/10\/Enfermera.jpg","datePublished":"2020-01-24T03:51:27+00:00","dateModified":"2020-01-24T03:53:25+00:00","breadcrumb":{"@id":"https:\/\/contadoreshoy.com\/?p=12246#breadcrumb"},"inLanguage":"es","potentialAction":[{"@type":"ReadAction","target":["https:\/\/contadoreshoy.com\/?p=12246"]}]},{"@type":"ImageObject","inLanguage":"es","@id":"https:\/\/contadoreshoy.com\/?p=12246#primaryimage","url":"https:\/\/contadoreshoy.com\/wp-content\/uploads\/2015\/10\/Enfermera.jpg","contentUrl":"https:\/\/contadoreshoy.com\/wp-content\/uploads\/2015\/10\/Enfermera.jpg","width":600,"height":400},{"@type":"BreadcrumbList","@id":"https:\/\/contadoreshoy.com\/?p=12246#breadcrumb","itemListElement":[{"@type":"ListItem","position":1,"name":"Portada","item":"https:\/\/contadoreshoy.com\/"},{"@type":"ListItem","position":2,"name":"Afiliados al r\u00e9gimen subsidiado y afiliaci\u00f3n de oficio &#8211; Decreto 64 de enero de 2020 Ministerio de salud y protecci\u00f3n social"}]},{"@type":"WebSite","@id":"https:\/\/contadoreshoy.com\/#website","url":"https:\/\/contadoreshoy.com\/","name":"Contadorespublicossantander","description":"Portal para Contadores P\u00fablicos y empresarios","publisher":{"@id":"https:\/\/contadoreshoy.com\/#organization"},"potentialAction":[{"@type":"SearchAction","target":{"@type":"EntryPoint","urlTemplate":"https:\/\/contadoreshoy.com\/?s={search_term_string}"},"query-input":{"@type":"PropertyValueSpecification","valueRequired":true,"valueName":"search_term_string"}}],"inLanguage":"es"},{"@type":"Organization","@id":"https:\/\/contadoreshoy.com\/#organization","name":"Contadores P\u00fablicos de Santander","url":"https:\/\/contadoreshoy.com\/","logo":{"@type":"ImageObject","inLanguage":"es","@id":"https:\/\/contadoreshoy.com\/#\/schema\/logo\/image\/","url":"https:\/\/contadoreshoy.com\/wp-content\/uploads\/2024\/01\/cropped-cropped-Copia-de-M-1.jpg","contentUrl":"https:\/\/contadoreshoy.com\/wp-content\/uploads\/2024\/01\/cropped-cropped-Copia-de-M-1.jpg","width":499,"height":500,"caption":"Contadores P\u00fablicos de Santander"},"image":{"@id":"https:\/\/contadoreshoy.com\/#\/schema\/logo\/image\/"},"sameAs":["https:\/\/www.facebook.com\/CCCPBucaramanga\/"]},{"@type":"Person","@id":"https:\/\/contadoreshoy.com\/#\/schema\/person\/96d8979cb865537c5dc9345e40089fc5","name":"Miguel Antonio M\u00e1rquez Monta\u00f1ez","description":"Contador P\u00fablico egresado de la Universidad Aut\u00f3noma de Bucaramanga - Asesor contable tributario con m\u00e1s de 25 a\u00f1os de experiencia - Conferencista en temas contables y tributarios - T\u00e9cnico en Hardware y Dise\u00f1o Web - Creador y director Grupo de Estudio Colegio Colombiano de Contadores P\u00fablicos de Bucaramanga - Creador y Master Web p\u00e1gina www.contadoresp\u00fablicossantander.com - Expresidente Colegio Colombiano de Contadores P\u00fablicos Bucaramanga","url":"https:\/\/contadoreshoy.com\/?author=1"}]}},"_links":{"self":[{"href":"https:\/\/contadoreshoy.com\/index.php?rest_route=\/wp\/v2\/posts\/12246","targetHints":{"allow":["GET"]}}],"collection":[{"href":"https:\/\/contadoreshoy.com\/index.php?rest_route=\/wp\/v2\/posts"}],"about":[{"href":"https:\/\/contadoreshoy.com\/index.php?rest_route=\/wp\/v2\/types\/post"}],"author":[{"embeddable":true,"href":"https:\/\/contadoreshoy.com\/index.php?rest_route=\/wp\/v2\/users\/1"}],"replies":[{"embeddable":true,"href":"https:\/\/contadoreshoy.com\/index.php?rest_route=%2Fwp%2Fv2%2Fcomments&post=12246"}],"version-history":[{"count":5,"href":"https:\/\/contadoreshoy.com\/index.php?rest_route=\/wp\/v2\/posts\/12246\/revisions"}],"predecessor-version":[{"id":12252,"href":"https:\/\/contadoreshoy.com\/index.php?rest_route=\/wp\/v2\/posts\/12246\/revisions\/12252"}],"wp:featuredmedia":[{"embeddable":true,"href":"https:\/\/contadoreshoy.com\/index.php?rest_route=\/wp\/v2\/media\/6261"}],"wp:attachment":[{"href":"https:\/\/contadoreshoy.com\/index.php?rest_route=%2Fwp%2Fv2%2Fmedia&parent=12246"}],"wp:term":[{"taxonomy":"category","embeddable":true,"href":"https:\/\/contadoreshoy.com\/index.php?rest_route=%2Fwp%2Fv2%2Fcategories&post=12246"},{"taxonomy":"post_tag","embeddable":true,"href":"https:\/\/contadoreshoy.com\/index.php?rest_route=%2Fwp%2Fv2%2Ftags&post=12246"}],"curies":[{"name":"wp","href":"https:\/\/api.w.org\/{rel}","templated":true}]}}