{"id":12314,"date":"2020-03-16T23:38:50","date_gmt":"2020-03-17T04:38:50","guid":{"rendered":"https:\/\/contadoreshoy.com\/?p=12314"},"modified":"2020-03-16T23:38:50","modified_gmt":"2020-03-17T04:38:50","slug":"decreto-401-marzo-13-2020-modificacion-plazos-algunas-obligaciones-fiscales","status":"publish","type":"post","link":"https:\/\/contadoreshoy.com\/?p=12314","title":{"rendered":"Decreto 401 de marzo 13 de 2020 Modificaci\u00f3n plazos de algunas obligaciones fiscales"},"content":{"rendered":"<p><img loading=\"lazy\" decoding=\"async\" class=\"aligncenter wp-image-6468 size-full\" src=\"https:\/\/contadoreshoy.com\/wp-content\/uploads\/2015\/12\/calendario-fiscal-mexico.png\" alt=\"\" width=\"600\" height=\"400\" srcset=\"https:\/\/contadoreshoy.com\/wp-content\/uploads\/2015\/12\/calendario-fiscal-mexico.png 600w, https:\/\/contadoreshoy.com\/wp-content\/uploads\/2015\/12\/calendario-fiscal-mexico-300x200.png 300w\" sizes=\"auto, (max-width: 600px) 100vw, 600px\" \/><\/p>\n<p style=\"text-align: justify;\"><span style=\"color: #000000;\"><strong><a href=\"https:\/\/contadoreshoy.com\/wp-content\/uploads\/2020\/03\/DECRETO-401-DEL-13-DE-MARZO-DE-2020.pdf\" target=\"_blank\" rel=\"noopener\">Decreto 401 de marzo 13 de 2020<\/a>, por el cual se modifican, sustituyen, y adicionan art\u00edculos de la secci\u00f3n 2 del cap\u00edtulo 13 del t\u00edtulo 1 parte 6 Libro 1 del Decreto 1625 de 2016, \u00danico Reglamentario en materia tributaria.<\/strong><\/span><\/p>\n<p style=\"text-align: justify;\"><span style=\"color: #000000;\"><strong><span style=\"text-decoration: underline;\">Plazo anticipo de la sobretasa sobre la base gravable del impuesto sobre la renta y complementarios<\/span><\/strong><\/span><\/p>\n<p style=\"text-align: justify;\"><span style=\"color: #000000;\"><strong>Las instituciones financieras calificadas como grandes contribuyentes, obligadas al pago de la sobretasa de que trata el par\u00e1grafo 7 del art\u00edculo 240 del Estatuto Tributario, liquidar\u00e1n un anticipo de la sobretasa calculado sobre la base gravable del impuesto sobre la renta y complementarios del a\u00f1o gravable 2019 y lo cancelar\u00e1n en dos (2) cuotas iguales, teniendo en cuenta el \u00faltimo d\u00edgito del NIT para la fecha de pago. <span style=\"color: #ff9900;\"><span style=\"color: #3366ff;\">Pago de la primera cuota (50%), desde el 14 al 27 de abril, y pago de la segunda cuota (50%), desde el 9 al 24 de junio de 2020<\/span>.<\/span><\/strong><\/span><\/p>\n<p style=\"text-align: justify;\"><span style=\"color: #000000;\"><strong><span style=\"text-decoration: underline;\">Plazo para pagar impuesto de renta de algunos contribuyentes<\/span><\/strong><\/span><\/p>\n<p style=\"text-align: justify;\"><span style=\"color: #000000;\"><strong>Los contribuyentes que sean empresas de transporte a\u00e9reo comercial de pasajeros, hoteles que presten servicios hoteleros y aquellos contribuyentes que tengan como actividad econ\u00f3mica principal 9006 \u00abactividades teatrales\u00bb, 9007 \u00abactividades de espect\u00e1culos musicales en vivo\u00bb y 9008 \u00abotras actividades de espect\u00e1culos en vivo\u00bb <em><span style=\"text-decoration: underline;\">y que se encuentren calificadas como grandes contribuyentes<\/span><\/em>, tendr\u00e1n como <span style=\"color: #3366ff;\">plazo m\u00e1ximo para pagar la segunda (2) cuota hasta el treinta y uno (31) de julio de 2020 y para pagar la tercera (3) cuota hasta el treinta y uno (31) de agosto de 2020.<\/span>\u00ab<\/strong><\/span><\/p>\n<p style=\"text-align: justify;\"><span style=\"color: #000000;\"><strong>Los contribuyentes que sean empresas de transporte a\u00e9reo comercial de pasajeros, hoteles que presten servicios hoteleros y aquellos contribuyentes que tengan como actividad econ\u00f3mica principal 9006 \u00abactividades teatrales\u00bb, 9007 \u00abactividades de espect\u00e1culos musicales en vivo\u00bb y 9008 \u00abotras actividades de espect\u00e1culos en vivo\u00bb <em><span style=\"text-decoration: underline;\">y no tengan la calidad de gran contribuyente<\/span><\/em>, tendr\u00e1n como <span style=\"color: #3366ff;\">plazo m\u00e1ximo para pagar la primera (1) cuota hasta el treinta y uno (31) de julio de 2020 y para pagar la segunda (2) cuota hasta el treinta y uno (31) de agosto de 2020.<\/span><\/strong><\/span><\/p>\n<p style=\"text-align: justify;\"><span style=\"color: #000000;\"><strong><span style=\"text-decoration: underline;\">Plazo para presentar y pagar el impuesto de renta y complementarios de personas jur\u00eddicas que soliciten la vinculaci\u00f3n del impuesto a \u00abobras por impuestos\u00bb<\/span><\/strong><\/span><\/p>\n<p style=\"text-align: justify;\"><span style=\"color: #000000;\"><strong>Los contribuyentes personas jur\u00eddicas que a 31 de marzo del 2020 soliciten la vinculaci\u00f3n del impuesto a \u00abobras por impuestos\u00bb de conformidad con lo dispuesto en el inciso segundo del Par\u00e1grafo 7 del art\u00edculo 238 de la Ley 1819 de 2016, adicionado por el art\u00edculo 78 de la Ley 2010 de 2019, Y con el cumplimiento de los requisitos que establezca este Decreto, <span style=\"color: #3366ff;\">podr\u00e1n presentar la declaraci\u00f3n del impuesto sobre la renta y complementarios y pagar la primera cuota hasta el 29 de mayo de 2020.<\/span><\/strong><\/span><\/p>\n<p style=\"text-align: justify;\"><span style=\"color: #000000;\"><strong>Los grandes contribuyentes personas jur\u00eddicas que a 31 de marzo del 2020 soliciten la vinculaci\u00f3n del impuesto a \u00abobras por impuestos\u00bb de conformidad con lo dispuesto en el inciso segundo del Par\u00e1grafo 7 del articulo 238 de la Ley 1819 de 2016, adicionado por el art\u00edculo 78 de [a Ley 2010 de 2019, y con el cumplimiento de los requisitos que establezca este Decreto, <span style=\"color: #3366ff;\">podr\u00e1n presentar la declaraci\u00f3n del impuesto sobre la renta y complementario y pagar la segunda cuota, hasta el 29 de mayo de 2020.<\/span><\/strong><\/span><\/p>\n<p style=\"text-align: justify;\"><span style=\"color: #000000;\"><strong>Los contribuyentes a los que se les apruebe la vinculaci\u00f3n del impuesto a \u00abobras por impuestos\u00bb conforme con lo previsto en el presente Decreto, deber\u00e1n consignar en la Fiducia los recursos destinados a la obra o proyecto, <span style=\"color: #3366ff;\">a m\u00e1s tardar el 29 de mayo de 2020<\/span>.<\/strong><\/span><\/p>\n<p style=\"text-align: justify;\"><span style=\"color: #000000;\"><strong><span style=\"text-decoration: underline;\">Declaraci\u00f3n de activos en el exterior<\/span><\/strong><\/span><\/p>\n<p style=\"text-align: justify;\"><span style=\"color: #000000;\"><strong>La obligaci\u00f3n de presentar la declaraci\u00f3n de activos en el exterior a que se refiere este art\u00edculo, solamente ser\u00e1 aplicable cuando el valor patrimonial de los activos del exterior pose idos a primero (1) de enero de 2020, sea superior a dos mil (2.000) Unidades de Valor Tributario -UVT. ($ 71.214.000).<\/strong><\/span><\/p>\n<p style=\"text-align: justify;\"><span style=\"color: #000000;\"><strong>Los contribuyentes que presenten la declaraci\u00f3n de normalizaci\u00f3n tributaria y dentro de la misma normalicen activos omitidos en el exterior, tendr\u00e1n como <span style=\"color: #3366ff;\">plazo m\u00e1ximo para presentar la declaraci\u00f3n anual de activos en el exterior hasta el 25 de septiembre de 2020,<\/span> excepto para los contribuyentes personas naturales que a esa fecha no se les haya vencido el plazo para declarar, los cuales podr\u00e1n hacerlo dentro del calendario previsto en este art\u00edculo.\u00bb<\/strong><\/span><\/p>\n<p style=\"text-align: justify;\"><span style=\"color: #000000;\"><strong><span style=\"text-decoration: underline;\">Ampliaci\u00f3n plazo pago IVA bimestre marzo-abril de 2020, y del cuatrimestre enero-abril de 2020, para algunos contribuyentes<\/span><\/strong><\/span><\/p>\n<p style=\"text-align: justify;\"><span style=\"color: #000000;\"><strong>Los responsables del impuesto sobre las ventas -IVA de que trata este art\u00edculo y que sean empresas de transporte a\u00e9reo comercial de pasajeros, hoteles que presten servicios hoteleros y aquellos contribuyentes que tengan como actividad econ\u00f3mica principal 9006 \u00abactividades teatrales\u00bb, 9007 \u00abactividades de espect\u00e1culos musicales en vivo\u00bb y 9008 \u00abotras actividades de espect\u00e1culos en vivo\u00bb, tendr\u00e1n como <span style=\"color: #3366ff;\">plazo m\u00e1ximo para pagar la declaraci\u00f3n del impuesto sobre las ventas -IVA del bimestre marzo &#8211; abril de 2020, hasta el treinta (30) de junio de 2020<\/span>.<\/strong><\/span><\/p>\n<p style=\"text-align: justify;\"><span style=\"color: #000000;\"><strong>Los responsables del impuesto sobre las ventas -IVA de que trata este art\u00edculo y que sean empresas de transporte a\u00e9reo comercial de pasajeros, hoteles que presten servicios hoteleros y aquellos contribuyentes que tengan como actividad econ\u00f3mica principal 9006 \u00abactividades teatrales\u00bb, 9007 \u00abactividades de espect\u00e1culos musicales en vivo\u00bb y 9008 \u00abotras actividades de espect\u00e1culos en vivo\u00bb, tendr\u00e1n como <span style=\"color: #3366ff;\">plazo m\u00e1ximo para pagar la declaraci\u00f3n del impuesto sobre las ventas -IVA del cuatrimestre enero &#8211; abril de 2020, hasta el treinta (30) de junio de 2020,<\/span><\/strong><\/span><\/p>\n<p style=\"text-align: justify;\"><span style=\"color: #000000;\"><strong><span style=\"text-decoration: underline;\">Otros plazos<\/span><\/strong><\/span><\/p>\n<p style=\"text-align: justify;\"><span style=\"color: #000000;\"><strong>El art\u00edculo 9. del Decreto 401 de marzo 13 de 2020, relaciona los plazos para pagar el anticipo bimestral del R\u00e9gimen Simple de Tributaci\u00f3n &#8211; SIMPLE, por el a\u00f1o gravable 2020.<\/strong><\/span><\/p>\n<p style=\"text-align: justify;\"><span style=\"color: #000000;\"><strong>Los plazos para pagar el impuesto al patrimonio correspondiente al a\u00f1o gravable 2020, <span style=\"color: #3366ff;\">van del 28 de septiembre al 09 de octubre<\/span> del mismo a\u00f1o, atendiendo el \u00faltimo d\u00edgito del NIT del declarante.<\/strong><\/span><\/p>\n<p style=\"text-align: justify;\"><span style=\"color: #000000;\"><strong>El plazo para declarar y pagar el impuesto complementario de normalizaci\u00f3n tributaria, <span style=\"color: #3366ff;\">ser\u00e1 hasta el 25 de septiembre de 2020,<\/span> independientemente del \u00faltimo d\u00edgito del NIT del declarante.<\/strong><\/span><\/p>\n<p style=\"text-align: justify;\"><a href=\"https:\/\/contadoreshoy.com\/wp-content\/uploads\/2020\/03\/DECRETO-401-DEL-13-DE-MARZO-DE-2020.pdf\" target=\"_blank\" rel=\"noopener\"><span style=\"color: #0000ff; font-size: 14pt;\"><strong>Para ver el Decreto 401 de marzo 13 de 2020, dar click aqu\u00ed:<\/strong><\/span><\/a><\/p>\n","protected":false},"excerpt":{"rendered":"<p>Decreto 401 de marzo 13 de 2020, por el cual se modifican, sustituyen, y adicionan art\u00edculos de la secci\u00f3n 2 del cap\u00edtulo 13 del t\u00edtulo 1 parte 6 Libro 1&#46;&#46;&#46;<\/p>\n","protected":false},"author":1,"featured_media":6468,"comment_status":"open","ping_status":"open","sticky":false,"template":"","format":"standard","meta":{"_monsterinsights_skip_tracking":false,"ngg_post_thumbnail":0,"footnotes":"","_links_to":"","_links_to_target":""},"categories":[454,458,1],"tags":[],"class_list":["post-12314","post","type-post","status-publish","format-standard","has-post-thumbnail","hentry","category-sin-categoria","category-ultimas","category-uncategorized"],"aioseo_notices":[],"aioseo_head":"\n\t\t<!-- All in One SEO 5.0.1.1 - aioseo.com -->\n\t<meta name=\"description\" content=\"Decreto 401 de marzo 13 de 2020, por el cual se modifican, sustituyen, y adicionan art\u00edculos de la secci\u00f3n 2 del cap\u00edtulo 13 del t\u00edtulo 1 parte 6 Libro 1 del Decreto 1625 de 2016, \u00danico Reglamentario en materia tributaria. Plazo anticipo de la sobretasa sobre la base gravable del impuesto sobre la renta y\" \/>\n\t<meta name=\"robots\" content=\"max-image-preview:large\" \/>\n\t<meta name=\"author\" content=\"Miguel Antonio M\u00e1rquez Monta\u00f1ez\"\/>\n\t<link rel=\"canonical\" href=\"https:\/\/contadoreshoy.com\/?p=12314\" \/>\n\t<meta name=\"generator\" content=\"All in One SEO (AIOSEO) 5.0.1.1\" \/>\n\t\t<meta property=\"og:locale\" content=\"es_ES\" \/>\n\t\t<meta property=\"og:site_name\" content=\"Contadores P\u00fablicos - Portal para Contadores P\u00fablicos y empresarios\" \/>\n\t\t<meta property=\"og:type\" content=\"article\" \/>\n\t\t<meta property=\"og:title\" content=\"Decreto 401 de marzo 13 de 2020 Modificaci\u00f3n plazos de algunas obligaciones fiscales - Contadores P\u00fablicos\" \/>\n\t\t<meta property=\"og:description\" content=\"Decreto 401 de marzo 13 de 2020, por el cual se modifican, sustituyen, y adicionan art\u00edculos de la secci\u00f3n 2 del cap\u00edtulo 13 del t\u00edtulo 1 parte 6 Libro 1 del Decreto 1625 de 2016, \u00danico Reglamentario en materia tributaria. Plazo anticipo de la sobretasa sobre la base gravable del impuesto sobre la renta y\" \/>\n\t\t<meta property=\"og:url\" content=\"https:\/\/contadoreshoy.com\/?p=12314\" \/>\n\t\t<meta property=\"og:image\" content=\"https:\/\/contadoreshoy.com\/wp-content\/uploads\/2024\/01\/cropped-cropped-cropped-Copia-de-M.jpg\" \/>\n\t\t<meta property=\"og:image:secure_url\" content=\"https:\/\/contadoreshoy.com\/wp-content\/uploads\/2024\/01\/cropped-cropped-cropped-Copia-de-M.jpg\" \/>\n\t\t<meta property=\"og:image:width\" content=\"512\" \/>\n\t\t<meta property=\"og:image:height\" content=\"371\" \/>\n\t\t<meta property=\"article:published_time\" content=\"2020-03-17T04:38:50+00:00\" \/>\n\t\t<meta property=\"article:modified_time\" content=\"2020-03-17T04:38:50+00:00\" \/>\n\t\t<meta name=\"twitter:card\" content=\"summary_large_image\" \/>\n\t\t<meta name=\"twitter:title\" content=\"Decreto 401 de marzo 13 de 2020 Modificaci\u00f3n plazos de algunas obligaciones fiscales - Contadores P\u00fablicos\" \/>\n\t\t<meta name=\"twitter:description\" content=\"Decreto 401 de marzo 13 de 2020, por el cual se modifican, sustituyen, y adicionan art\u00edculos de la secci\u00f3n 2 del cap\u00edtulo 13 del t\u00edtulo 1 parte 6 Libro 1 del Decreto 1625 de 2016, \u00danico Reglamentario en materia tributaria. Plazo anticipo de la sobretasa sobre la base gravable del impuesto sobre la renta y\" \/>\n\t\t<meta name=\"twitter:image\" content=\"https:\/\/contadoreshoy.com\/wp-content\/uploads\/2024\/01\/cropped-cropped-cropped-Copia-de-M.jpg\" \/>\n\t\t<script type=\"application\/ld+json\" class=\"aioseo-schema\">\n\t\t\t{\"@context\":\"https:\\\/\\\/schema.org\",\"@graph\":[{\"@type\":\"BlogPosting\",\"@id\":\"https:\\\/\\\/contadoreshoy.com\\\/?p=12314#blogposting\",\"name\":\"Decreto 401 de marzo 13 de 2020 Modificaci\\u00f3n plazos de algunas obligaciones fiscales - Contadores P\\u00fablicos\",\"headline\":\"Decreto 401 de marzo 13 de 2020 Modificaci\\u00f3n plazos de algunas obligaciones fiscales\",\"author\":{\"@id\":\"https:\\\/\\\/contadoreshoy.com\\\/?author=1#author\"},\"publisher\":{\"@id\":\"https:\\\/\\\/contadoreshoy.com\\\/#organization\"},\"image\":{\"@type\":\"ImageObject\",\"url\":\"https:\\\/\\\/contadoreshoy.com\\\/wp-content\\\/uploads\\\/2015\\\/12\\\/calendario-fiscal-mexico.png\",\"width\":600,\"height\":400},\"datePublished\":\"2020-03-16T23:38:50-05:00\",\"dateModified\":\"2020-03-16T23:38:50-05:00\",\"inLanguage\":\"es-ES\",\"mainEntityOfPage\":{\"@id\":\"https:\\\/\\\/contadoreshoy.com\\\/?p=12314#webpage\"},\"isPartOf\":{\"@id\":\"https:\\\/\\\/contadoreshoy.com\\\/?p=12314#webpage\"},\"articleSection\":\"Sin categor\\u00eda, Ultimas Noticias, Uncategorized\"},{\"@type\":\"BreadcrumbList\",\"@id\":\"https:\\\/\\\/contadoreshoy.com\\\/?p=12314#breadcrumblist\",\"itemListElement\":[{\"@type\":\"ListItem\",\"@id\":\"https:\\\/\\\/contadoreshoy.com#listItem\",\"position\":1,\"name\":\"Home\",\"item\":\"https:\\\/\\\/contadoreshoy.com\",\"nextItem\":{\"@type\":\"ListItem\",\"@id\":\"https:\\\/\\\/contadoreshoy.com\\\/?cat=1#listItem\",\"name\":\"Uncategorized\"}},{\"@type\":\"ListItem\",\"@id\":\"https:\\\/\\\/contadoreshoy.com\\\/?cat=1#listItem\",\"position\":2,\"name\":\"Uncategorized\",\"item\":\"https:\\\/\\\/contadoreshoy.com\\\/?cat=1\",\"nextItem\":{\"@type\":\"ListItem\",\"@id\":\"https:\\\/\\\/contadoreshoy.com\\\/?p=12314#listItem\",\"name\":\"Decreto 401 de marzo 13 de 2020 Modificaci\\u00f3n plazos de algunas obligaciones fiscales\"},\"previousItem\":{\"@type\":\"ListItem\",\"@id\":\"https:\\\/\\\/contadoreshoy.com#listItem\",\"name\":\"Home\"}},{\"@type\":\"ListItem\",\"@id\":\"https:\\\/\\\/contadoreshoy.com\\\/?p=12314#listItem\",\"position\":3,\"name\":\"Decreto 401 de marzo 13 de 2020 Modificaci\\u00f3n plazos de algunas obligaciones fiscales\",\"previousItem\":{\"@type\":\"ListItem\",\"@id\":\"https:\\\/\\\/contadoreshoy.com\\\/?cat=1#listItem\",\"name\":\"Uncategorized\"}}]},{\"@type\":\"Organization\",\"@id\":\"https:\\\/\\\/contadoreshoy.com\\\/#organization\",\"name\":\"Contadores P\\u00fablicos\",\"description\":\"Portal para Contadores P\\u00fablicos y empresarios\",\"url\":\"https:\\\/\\\/contadoreshoy.com\\\/\",\"logo\":{\"@type\":\"ImageObject\",\"url\":\"https:\\\/\\\/contadoreshoy.com\\\/wp-content\\\/uploads\\\/2024\\\/01\\\/cropped-cropped-Copia-de-M-1.jpg\",\"@id\":\"https:\\\/\\\/contadoreshoy.com\\\/?p=12314\\\/#organizationLogo\",\"width\":499,\"height\":500},\"image\":{\"@id\":\"https:\\\/\\\/contadoreshoy.com\\\/?p=12314\\\/#organizationLogo\"}},{\"@type\":\"Person\",\"@id\":\"https:\\\/\\\/contadoreshoy.com\\\/?author=1#author\",\"url\":\"https:\\\/\\\/contadoreshoy.com\\\/?author=1\",\"name\":\"Miguel Antonio M\\u00e1rquez Monta\\u00f1ez\"},{\"@type\":\"WebPage\",\"@id\":\"https:\\\/\\\/contadoreshoy.com\\\/?p=12314#webpage\",\"url\":\"https:\\\/\\\/contadoreshoy.com\\\/?p=12314\",\"name\":\"Decreto 401 de marzo 13 de 2020 Modificaci\\u00f3n plazos de algunas obligaciones fiscales - Contadores P\\u00fablicos\",\"description\":\"Decreto 401 de marzo 13 de 2020, por el cual se modifican, sustituyen, y adicionan art\\u00edculos de la secci\\u00f3n 2 del cap\\u00edtulo 13 del t\\u00edtulo 1 parte 6 Libro 1 del Decreto 1625 de 2016, \\u00danico Reglamentario en materia tributaria. Plazo anticipo de la sobretasa sobre la base gravable del impuesto sobre la renta y\",\"inLanguage\":\"es-ES\",\"isPartOf\":{\"@id\":\"https:\\\/\\\/contadoreshoy.com\\\/#website\"},\"breadcrumb\":{\"@id\":\"https:\\\/\\\/contadoreshoy.com\\\/?p=12314#breadcrumblist\"},\"author\":{\"@id\":\"https:\\\/\\\/contadoreshoy.com\\\/?author=1#author\"},\"creator\":{\"@id\":\"https:\\\/\\\/contadoreshoy.com\\\/?author=1#author\"},\"image\":{\"@type\":\"ImageObject\",\"url\":\"https:\\\/\\\/contadoreshoy.com\\\/wp-content\\\/uploads\\\/2015\\\/12\\\/calendario-fiscal-mexico.png\",\"@id\":\"https:\\\/\\\/contadoreshoy.com\\\/?p=12314\\\/#mainImage\",\"width\":600,\"height\":400},\"primaryImageOfPage\":{\"@id\":\"https:\\\/\\\/contadoreshoy.com\\\/?p=12314#mainImage\"},\"datePublished\":\"2020-03-16T23:38:50-05:00\",\"dateModified\":\"2020-03-16T23:38:50-05:00\"},{\"@type\":\"WebSite\",\"@id\":\"https:\\\/\\\/contadoreshoy.com\\\/#website\",\"url\":\"https:\\\/\\\/contadoreshoy.com\\\/\",\"name\":\"Contadores P\\u00fablicos\",\"description\":\"Portal para Contadores P\\u00fablicos y empresarios\",\"inLanguage\":\"es-ES\",\"publisher\":{\"@id\":\"https:\\\/\\\/contadoreshoy.com\\\/#organization\"}}]}\n\t\t<\/script>\n\t\t<!-- All in One SEO -->\n\n","aioseo_head_json":{"title":"Decreto 401 de marzo 13 de 2020 Modificaci\u00f3n plazos de algunas obligaciones fiscales - Contadores P\u00fablicos","description":"Decreto 401 de marzo 13 de 2020, por el cual se modifican, sustituyen, y adicionan art\u00edculos de la secci\u00f3n 2 del cap\u00edtulo 13 del t\u00edtulo 1 parte 6 Libro 1 del Decreto 1625 de 2016, \u00danico Reglamentario en materia tributaria. Plazo anticipo de la sobretasa sobre la base gravable del impuesto sobre la renta y","canonical_url":"https:\/\/contadoreshoy.com\/?p=12314","robots":"max-image-preview:large","keywords":"","webmasterTools":{"miscellaneous":""},"schema":{"@context":"https:\/\/schema.org","@graph":[{"@type":"BlogPosting","@id":"https:\/\/contadoreshoy.com\/?p=12314#blogposting","name":"Decreto 401 de marzo 13 de 2020 Modificaci\u00f3n plazos de algunas obligaciones fiscales - Contadores P\u00fablicos","headline":"Decreto 401 de marzo 13 de 2020 Modificaci\u00f3n plazos de algunas obligaciones fiscales","author":{"@id":"https:\/\/contadoreshoy.com\/?author=1#author"},"publisher":{"@id":"https:\/\/contadoreshoy.com\/#organization"},"image":{"@type":"ImageObject","url":"https:\/\/contadoreshoy.com\/wp-content\/uploads\/2015\/12\/calendario-fiscal-mexico.png","width":600,"height":400},"datePublished":"2020-03-16T23:38:50-05:00","dateModified":"2020-03-16T23:38:50-05:00","inLanguage":"es-ES","mainEntityOfPage":{"@id":"https:\/\/contadoreshoy.com\/?p=12314#webpage"},"isPartOf":{"@id":"https:\/\/contadoreshoy.com\/?p=12314#webpage"},"articleSection":"Sin categor\u00eda, Ultimas Noticias, Uncategorized"},{"@type":"BreadcrumbList","@id":"https:\/\/contadoreshoy.com\/?p=12314#breadcrumblist","itemListElement":[{"@type":"ListItem","@id":"https:\/\/contadoreshoy.com#listItem","position":1,"name":"Home","item":"https:\/\/contadoreshoy.com","nextItem":{"@type":"ListItem","@id":"https:\/\/contadoreshoy.com\/?cat=1#listItem","name":"Uncategorized"}},{"@type":"ListItem","@id":"https:\/\/contadoreshoy.com\/?cat=1#listItem","position":2,"name":"Uncategorized","item":"https:\/\/contadoreshoy.com\/?cat=1","nextItem":{"@type":"ListItem","@id":"https:\/\/contadoreshoy.com\/?p=12314#listItem","name":"Decreto 401 de marzo 13 de 2020 Modificaci\u00f3n plazos de algunas obligaciones fiscales"},"previousItem":{"@type":"ListItem","@id":"https:\/\/contadoreshoy.com#listItem","name":"Home"}},{"@type":"ListItem","@id":"https:\/\/contadoreshoy.com\/?p=12314#listItem","position":3,"name":"Decreto 401 de marzo 13 de 2020 Modificaci\u00f3n plazos de algunas obligaciones fiscales","previousItem":{"@type":"ListItem","@id":"https:\/\/contadoreshoy.com\/?cat=1#listItem","name":"Uncategorized"}}]},{"@type":"Organization","@id":"https:\/\/contadoreshoy.com\/#organization","name":"Contadores P\u00fablicos","description":"Portal para Contadores P\u00fablicos y empresarios","url":"https:\/\/contadoreshoy.com\/","logo":{"@type":"ImageObject","url":"https:\/\/contadoreshoy.com\/wp-content\/uploads\/2024\/01\/cropped-cropped-Copia-de-M-1.jpg","@id":"https:\/\/contadoreshoy.com\/?p=12314\/#organizationLogo","width":499,"height":500},"image":{"@id":"https:\/\/contadoreshoy.com\/?p=12314\/#organizationLogo"}},{"@type":"Person","@id":"https:\/\/contadoreshoy.com\/?author=1#author","url":"https:\/\/contadoreshoy.com\/?author=1","name":"Miguel Antonio M\u00e1rquez Monta\u00f1ez"},{"@type":"WebPage","@id":"https:\/\/contadoreshoy.com\/?p=12314#webpage","url":"https:\/\/contadoreshoy.com\/?p=12314","name":"Decreto 401 de marzo 13 de 2020 Modificaci\u00f3n plazos de algunas obligaciones fiscales - Contadores P\u00fablicos","description":"Decreto 401 de marzo 13 de 2020, por el cual se modifican, sustituyen, y adicionan art\u00edculos de la secci\u00f3n 2 del cap\u00edtulo 13 del t\u00edtulo 1 parte 6 Libro 1 del Decreto 1625 de 2016, \u00danico Reglamentario en materia tributaria. Plazo anticipo de la sobretasa sobre la base gravable del impuesto sobre la renta y","inLanguage":"es-ES","isPartOf":{"@id":"https:\/\/contadoreshoy.com\/#website"},"breadcrumb":{"@id":"https:\/\/contadoreshoy.com\/?p=12314#breadcrumblist"},"author":{"@id":"https:\/\/contadoreshoy.com\/?author=1#author"},"creator":{"@id":"https:\/\/contadoreshoy.com\/?author=1#author"},"image":{"@type":"ImageObject","url":"https:\/\/contadoreshoy.com\/wp-content\/uploads\/2015\/12\/calendario-fiscal-mexico.png","@id":"https:\/\/contadoreshoy.com\/?p=12314\/#mainImage","width":600,"height":400},"primaryImageOfPage":{"@id":"https:\/\/contadoreshoy.com\/?p=12314#mainImage"},"datePublished":"2020-03-16T23:38:50-05:00","dateModified":"2020-03-16T23:38:50-05:00"},{"@type":"WebSite","@id":"https:\/\/contadoreshoy.com\/#website","url":"https:\/\/contadoreshoy.com\/","name":"Contadores P\u00fablicos","description":"Portal para Contadores P\u00fablicos y empresarios","inLanguage":"es-ES","publisher":{"@id":"https:\/\/contadoreshoy.com\/#organization"}}]},"og:locale":"es_ES","og:site_name":"Contadores P\u00fablicos - Portal para Contadores P\u00fablicos y empresarios","og:type":"article","og:title":"Decreto 401 de marzo 13 de 2020 Modificaci\u00f3n plazos de algunas obligaciones fiscales - Contadores P\u00fablicos","og:description":"Decreto 401 de marzo 13 de 2020, por el cual se modifican, sustituyen, y adicionan art\u00edculos de la secci\u00f3n 2 del cap\u00edtulo 13 del t\u00edtulo 1 parte 6 Libro 1 del Decreto 1625 de 2016, \u00danico Reglamentario en materia tributaria. Plazo anticipo de la sobretasa sobre la base gravable del impuesto sobre la renta y","og:url":"https:\/\/contadoreshoy.com\/?p=12314","og:image":"https:\/\/contadoreshoy.com\/wp-content\/uploads\/2024\/01\/cropped-cropped-cropped-Copia-de-M.jpg","og:image:secure_url":"https:\/\/contadoreshoy.com\/wp-content\/uploads\/2024\/01\/cropped-cropped-cropped-Copia-de-M.jpg","og:image:width":512,"og:image:height":371,"article:published_time":"2020-03-17T04:38:50+00:00","article:modified_time":"2020-03-17T04:38:50+00:00","twitter:card":"summary_large_image","twitter:title":"Decreto 401 de marzo 13 de 2020 Modificaci\u00f3n plazos de algunas obligaciones fiscales - Contadores P\u00fablicos","twitter:description":"Decreto 401 de marzo 13 de 2020, por el cual se modifican, sustituyen, y adicionan art\u00edculos de la secci\u00f3n 2 del cap\u00edtulo 13 del t\u00edtulo 1 parte 6 Libro 1 del Decreto 1625 de 2016, \u00danico Reglamentario en materia tributaria. Plazo anticipo de la sobretasa sobre la base gravable del impuesto sobre la renta y","twitter:image":"https:\/\/contadoreshoy.com\/wp-content\/uploads\/2024\/01\/cropped-cropped-cropped-Copia-de-M.jpg"},"aioseo_meta_data":{"post_id":"12314","title":null,"description":null,"keywords":null,"keyphrases":null,"primary_term":null,"canonical_url":null,"og_title":null,"og_description":null,"og_object_type":"default","og_image_type":"default","og_image_url":null,"og_image_width":null,"og_image_height":null,"og_image_custom_url":null,"og_image_custom_fields":null,"og_video":null,"og_custom_url":null,"og_article_section":null,"og_article_tags":null,"twitter_use_og":false,"twitter_card":"default","twitter_image_type":"default","twitter_image_url":null,"twitter_image_custom_url":null,"twitter_image_custom_fields":null,"twitter_title":null,"twitter_description":null,"schema":{"blockGraphs":[],"customGraphs":[],"default":{"data":{"Article":[],"Course":[],"Dataset":[],"FAQPage":[],"Movie":[],"Person":[],"Product":[],"ProductReview":[],"Car":[],"Recipe":[],"Service":[],"SoftwareApplication":[],"WebPage":[]},"graphName":"","isEnabled":true},"graphs":[]},"schema_type":"default","schema_type_options":null,"pillar_content":false,"robots_default":true,"robots_noindex":false,"robots_noarchive":false,"robots_nosnippet":false,"robots_nofollow":false,"robots_noimageindex":false,"robots_noodp":false,"robots_notranslate":false,"robots_max_snippet":null,"robots_max_videopreview":null,"robots_max_imagepreview":"large","priority":null,"frequency":null,"local_seo":null,"breadcrumb_settings":null,"limit_modified_date":false,"ai":null,"created":"2024-03-05 02:13:27","updated":"2026-03-03 05:22:40","seo_analyzer_scan_date":null,"focus_keyword":null,"additional_keywords":null,"truseo_locale":null},"aioseo_breadcrumb":"<div class=\"aioseo-breadcrumbs\"><span class=\"aioseo-breadcrumb\">\n\t\t\t<a href=\"https:\/\/contadoreshoy.com\" title=\"Home\">Home<\/a>\n\t\t<\/span><span class=\"aioseo-breadcrumb-separator\">&raquo;<\/span><span class=\"aioseo-breadcrumb\">\n\t\t\t<a href=\"https:\/\/contadoreshoy.com\/?cat=1\" title=\"Uncategorized\">Uncategorized<\/a>\n\t\t<\/span><span class=\"aioseo-breadcrumb-separator\">&raquo;<\/span><span class=\"aioseo-breadcrumb\">\n\t\t\tDecreto 401 de marzo 13 de 2020 Modificaci\u00f3n plazos de algunas obligaciones fiscales\n\t\t<\/span><\/div>","aioseo_breadcrumb_json":[{"label":"Home","link":"https:\/\/contadoreshoy.com"},{"label":"Uncategorized","link":"https:\/\/contadoreshoy.com\/?cat=1"},{"label":"Decreto 401 de marzo 13 de 2020 Modificaci\u00f3n plazos de algunas obligaciones fiscales","link":"https:\/\/contadoreshoy.com\/?p=12314"}],"yoast_head":"<!-- This site is optimized with the Yoast SEO plugin v28.4 - https:\/\/yoast.com\/product\/yoast-seo-wordpress\/ -->\n<title>Decreto 401 de marzo 13 de 2020 Modificaci\u00f3n plazos de algunas obligaciones fiscales - Contadores P\u00fablicos<\/title>\n<meta name=\"robots\" content=\"index, follow, max-snippet:-1, max-image-preview:large, max-video-preview:-1\" \/>\n<link rel=\"canonical\" href=\"https:\/\/contadoreshoy.com\/?p=12314\" \/>\n<meta property=\"og:locale\" content=\"es_ES\" \/>\n<meta property=\"og:type\" content=\"article\" \/>\n<meta property=\"og:title\" content=\"Decreto 401 de marzo 13 de 2020 Modificaci\u00f3n plazos de algunas obligaciones fiscales - Contadores P\u00fablicos\" \/>\n<meta property=\"og:description\" content=\"Decreto 401 de marzo 13 de 2020, por el cual se modifican, sustituyen, y adicionan art\u00edculos de la secci\u00f3n 2 del cap\u00edtulo 13 del t\u00edtulo 1 parte 6 Libro 1&#046;&#046;&#046;\" \/>\n<meta property=\"og:url\" content=\"https:\/\/contadoreshoy.com\/?p=12314\" \/>\n<meta property=\"og:site_name\" content=\"Contadores P\u00fablicos\" \/>\n<meta property=\"article:publisher\" content=\"https:\/\/www.facebook.com\/CCCPBucaramanga\/\" \/>\n<meta property=\"article:published_time\" content=\"2020-03-17T04:38:50+00:00\" \/>\n<meta property=\"og:image\" content=\"https:\/\/contadoreshoy.com\/wp-content\/uploads\/2015\/12\/calendario-fiscal-mexico.png\" \/>\n\t<meta property=\"og:image:width\" content=\"600\" \/>\n\t<meta property=\"og:image:height\" content=\"400\" \/>\n\t<meta property=\"og:image:type\" content=\"image\/png\" \/>\n<meta name=\"author\" content=\"Miguel Antonio M\u00e1rquez Monta\u00f1ez\" \/>\n<meta name=\"twitter:card\" content=\"summary_large_image\" \/>\n<meta name=\"twitter:label1\" content=\"Escrito por\" \/>\n\t<meta name=\"twitter:data1\" content=\"Miguel Antonio M\u00e1rquez Monta\u00f1ez\" \/>\n\t<meta name=\"twitter:label2\" content=\"Tiempo de lectura\" \/>\n\t<meta name=\"twitter:data2\" content=\"5 minutos\" \/>\n<script type=\"application\/ld+json\" class=\"yoast-schema-graph\">{\"@context\":\"https:\\\/\\\/schema.org\",\"@graph\":[{\"@type\":\"Article\",\"@id\":\"https:\\\/\\\/contadoreshoy.com\\\/?p=12314#article\",\"isPartOf\":{\"@id\":\"https:\\\/\\\/contadoreshoy.com\\\/?p=12314\"},\"author\":{\"name\":\"Miguel Antonio M\u00e1rquez Monta\u00f1ez\",\"@id\":\"https:\\\/\\\/contadoreshoy.com\\\/#\\\/schema\\\/person\\\/96d8979cb865537c5dc9345e40089fc5\"},\"headline\":\"Decreto 401 de marzo 13 de 2020 Modificaci\u00f3n plazos de algunas obligaciones fiscales\",\"datePublished\":\"2020-03-17T04:38:50+00:00\",\"mainEntityOfPage\":{\"@id\":\"https:\\\/\\\/contadoreshoy.com\\\/?p=12314\"},\"wordCount\":992,\"commentCount\":0,\"publisher\":{\"@id\":\"https:\\\/\\\/contadoreshoy.com\\\/#organization\"},\"image\":{\"@id\":\"https:\\\/\\\/contadoreshoy.com\\\/?p=12314#primaryimage\"},\"thumbnailUrl\":\"https:\\\/\\\/contadoreshoy.com\\\/wp-content\\\/uploads\\\/2015\\\/12\\\/calendario-fiscal-mexico.png\",\"articleSection\":{\"1\":\"Ultimas Noticias\",\"2\":\"Uncategorized\"},\"inLanguage\":\"es\",\"potentialAction\":[{\"@type\":\"CommentAction\",\"name\":\"Comment\",\"target\":[\"https:\\\/\\\/contadoreshoy.com\\\/?p=12314#respond\"]}]},{\"@type\":\"WebPage\",\"@id\":\"https:\\\/\\\/contadoreshoy.com\\\/?p=12314\",\"url\":\"https:\\\/\\\/contadoreshoy.com\\\/?p=12314\",\"name\":\"Decreto 401 de marzo 13 de 2020 Modificaci\u00f3n plazos de algunas obligaciones fiscales - Contadores P\u00fablicos\",\"isPartOf\":{\"@id\":\"https:\\\/\\\/contadoreshoy.com\\\/#website\"},\"primaryImageOfPage\":{\"@id\":\"https:\\\/\\\/contadoreshoy.com\\\/?p=12314#primaryimage\"},\"image\":{\"@id\":\"https:\\\/\\\/contadoreshoy.com\\\/?p=12314#primaryimage\"},\"thumbnailUrl\":\"https:\\\/\\\/contadoreshoy.com\\\/wp-content\\\/uploads\\\/2015\\\/12\\\/calendario-fiscal-mexico.png\",\"datePublished\":\"2020-03-17T04:38:50+00:00\",\"breadcrumb\":{\"@id\":\"https:\\\/\\\/contadoreshoy.com\\\/?p=12314#breadcrumb\"},\"inLanguage\":\"es\",\"potentialAction\":[{\"@type\":\"ReadAction\",\"target\":[\"https:\\\/\\\/contadoreshoy.com\\\/?p=12314\"]}]},{\"@type\":\"ImageObject\",\"inLanguage\":\"es\",\"@id\":\"https:\\\/\\\/contadoreshoy.com\\\/?p=12314#primaryimage\",\"url\":\"https:\\\/\\\/contadoreshoy.com\\\/wp-content\\\/uploads\\\/2015\\\/12\\\/calendario-fiscal-mexico.png\",\"contentUrl\":\"https:\\\/\\\/contadoreshoy.com\\\/wp-content\\\/uploads\\\/2015\\\/12\\\/calendario-fiscal-mexico.png\",\"width\":600,\"height\":400},{\"@type\":\"BreadcrumbList\",\"@id\":\"https:\\\/\\\/contadoreshoy.com\\\/?p=12314#breadcrumb\",\"itemListElement\":[{\"@type\":\"ListItem\",\"position\":1,\"name\":\"Portada\",\"item\":\"https:\\\/\\\/contadoreshoy.com\\\/\"},{\"@type\":\"ListItem\",\"position\":2,\"name\":\"Decreto 401 de marzo 13 de 2020 Modificaci\u00f3n plazos de algunas obligaciones fiscales\"}]},{\"@type\":\"WebSite\",\"@id\":\"https:\\\/\\\/contadoreshoy.com\\\/#website\",\"url\":\"https:\\\/\\\/contadoreshoy.com\\\/\",\"name\":\"Contadorespublicossantander\",\"description\":\"Portal para Contadores P\u00fablicos y empresarios\",\"publisher\":{\"@id\":\"https:\\\/\\\/contadoreshoy.com\\\/#organization\"},\"potentialAction\":[{\"@type\":\"SearchAction\",\"target\":{\"@type\":\"EntryPoint\",\"urlTemplate\":\"https:\\\/\\\/contadoreshoy.com\\\/?s={search_term_string}\"},\"query-input\":{\"@type\":\"PropertyValueSpecification\",\"valueRequired\":true,\"valueName\":\"search_term_string\"}}],\"inLanguage\":\"es\"},{\"@type\":\"Organization\",\"@id\":\"https:\\\/\\\/contadoreshoy.com\\\/#organization\",\"name\":\"Contadores P\u00fablicos de Santander\",\"url\":\"https:\\\/\\\/contadoreshoy.com\\\/\",\"logo\":{\"@type\":\"ImageObject\",\"inLanguage\":\"es\",\"@id\":\"https:\\\/\\\/contadoreshoy.com\\\/#\\\/schema\\\/logo\\\/image\\\/\",\"url\":\"https:\\\/\\\/contadoreshoy.com\\\/wp-content\\\/uploads\\\/2024\\\/01\\\/cropped-cropped-Copia-de-M-1.jpg\",\"contentUrl\":\"https:\\\/\\\/contadoreshoy.com\\\/wp-content\\\/uploads\\\/2024\\\/01\\\/cropped-cropped-Copia-de-M-1.jpg\",\"width\":499,\"height\":500,\"caption\":\"Contadores P\u00fablicos de Santander\"},\"image\":{\"@id\":\"https:\\\/\\\/contadoreshoy.com\\\/#\\\/schema\\\/logo\\\/image\\\/\"},\"sameAs\":[\"https:\\\/\\\/www.facebook.com\\\/CCCPBucaramanga\\\/\"]},{\"@type\":\"Person\",\"@id\":\"https:\\\/\\\/contadoreshoy.com\\\/#\\\/schema\\\/person\\\/96d8979cb865537c5dc9345e40089fc5\",\"name\":\"Miguel Antonio M\u00e1rquez Monta\u00f1ez\",\"description\":\"Contador P\u00fablico egresado de la Universidad Aut\u00f3noma de Bucaramanga - Asesor contable tributario con m\u00e1s de 25 a\u00f1os de experiencia - Conferencista en temas contables y tributarios - T\u00e9cnico en Hardware y Dise\u00f1o Web - Creador y director Grupo de Estudio Colegio Colombiano de Contadores P\u00fablicos de Bucaramanga - Creador y Master Web p\u00e1gina www.contadoresp\u00fablicossantander.com - Expresidente Colegio Colombiano de Contadores P\u00fablicos Bucaramanga\",\"url\":\"https:\\\/\\\/contadoreshoy.com\\\/?author=1\"}]}<\/script>\n<!-- \/ Yoast SEO plugin. -->","yoast_head_json":{"title":"Decreto 401 de marzo 13 de 2020 Modificaci\u00f3n plazos de algunas obligaciones fiscales - Contadores P\u00fablicos","robots":{"index":"index","follow":"follow","max-snippet":"max-snippet:-1","max-image-preview":"max-image-preview:large","max-video-preview":"max-video-preview:-1"},"canonical":"https:\/\/contadoreshoy.com\/?p=12314","og_locale":"es_ES","og_type":"article","og_title":"Decreto 401 de marzo 13 de 2020 Modificaci\u00f3n plazos de algunas obligaciones fiscales - Contadores P\u00fablicos","og_description":"Decreto 401 de marzo 13 de 2020, por el cual se modifican, sustituyen, y adicionan art\u00edculos de la secci\u00f3n 2 del cap\u00edtulo 13 del t\u00edtulo 1 parte 6 Libro 1&#46;&#46;&#46;","og_url":"https:\/\/contadoreshoy.com\/?p=12314","og_site_name":"Contadores P\u00fablicos","article_publisher":"https:\/\/www.facebook.com\/CCCPBucaramanga\/","article_published_time":"2020-03-17T04:38:50+00:00","og_image":[{"width":600,"height":400,"url":"https:\/\/contadoreshoy.com\/wp-content\/uploads\/2015\/12\/calendario-fiscal-mexico.png","type":"image\/png"}],"author":"Miguel Antonio M\u00e1rquez Monta\u00f1ez","twitter_card":"summary_large_image","twitter_misc":{"Escrito por":"Miguel Antonio M\u00e1rquez Monta\u00f1ez","Tiempo de lectura":"5 minutos"},"schema":{"@context":"https:\/\/schema.org","@graph":[{"@type":"Article","@id":"https:\/\/contadoreshoy.com\/?p=12314#article","isPartOf":{"@id":"https:\/\/contadoreshoy.com\/?p=12314"},"author":{"name":"Miguel Antonio M\u00e1rquez Monta\u00f1ez","@id":"https:\/\/contadoreshoy.com\/#\/schema\/person\/96d8979cb865537c5dc9345e40089fc5"},"headline":"Decreto 401 de marzo 13 de 2020 Modificaci\u00f3n plazos de algunas obligaciones fiscales","datePublished":"2020-03-17T04:38:50+00:00","mainEntityOfPage":{"@id":"https:\/\/contadoreshoy.com\/?p=12314"},"wordCount":992,"commentCount":0,"publisher":{"@id":"https:\/\/contadoreshoy.com\/#organization"},"image":{"@id":"https:\/\/contadoreshoy.com\/?p=12314#primaryimage"},"thumbnailUrl":"https:\/\/contadoreshoy.com\/wp-content\/uploads\/2015\/12\/calendario-fiscal-mexico.png","articleSection":{"1":"Ultimas Noticias","2":"Uncategorized"},"inLanguage":"es","potentialAction":[{"@type":"CommentAction","name":"Comment","target":["https:\/\/contadoreshoy.com\/?p=12314#respond"]}]},{"@type":"WebPage","@id":"https:\/\/contadoreshoy.com\/?p=12314","url":"https:\/\/contadoreshoy.com\/?p=12314","name":"Decreto 401 de marzo 13 de 2020 Modificaci\u00f3n plazos de algunas obligaciones fiscales - Contadores P\u00fablicos","isPartOf":{"@id":"https:\/\/contadoreshoy.com\/#website"},"primaryImageOfPage":{"@id":"https:\/\/contadoreshoy.com\/?p=12314#primaryimage"},"image":{"@id":"https:\/\/contadoreshoy.com\/?p=12314#primaryimage"},"thumbnailUrl":"https:\/\/contadoreshoy.com\/wp-content\/uploads\/2015\/12\/calendario-fiscal-mexico.png","datePublished":"2020-03-17T04:38:50+00:00","breadcrumb":{"@id":"https:\/\/contadoreshoy.com\/?p=12314#breadcrumb"},"inLanguage":"es","potentialAction":[{"@type":"ReadAction","target":["https:\/\/contadoreshoy.com\/?p=12314"]}]},{"@type":"ImageObject","inLanguage":"es","@id":"https:\/\/contadoreshoy.com\/?p=12314#primaryimage","url":"https:\/\/contadoreshoy.com\/wp-content\/uploads\/2015\/12\/calendario-fiscal-mexico.png","contentUrl":"https:\/\/contadoreshoy.com\/wp-content\/uploads\/2015\/12\/calendario-fiscal-mexico.png","width":600,"height":400},{"@type":"BreadcrumbList","@id":"https:\/\/contadoreshoy.com\/?p=12314#breadcrumb","itemListElement":[{"@type":"ListItem","position":1,"name":"Portada","item":"https:\/\/contadoreshoy.com\/"},{"@type":"ListItem","position":2,"name":"Decreto 401 de marzo 13 de 2020 Modificaci\u00f3n plazos de algunas obligaciones fiscales"}]},{"@type":"WebSite","@id":"https:\/\/contadoreshoy.com\/#website","url":"https:\/\/contadoreshoy.com\/","name":"Contadorespublicossantander","description":"Portal para Contadores P\u00fablicos y empresarios","publisher":{"@id":"https:\/\/contadoreshoy.com\/#organization"},"potentialAction":[{"@type":"SearchAction","target":{"@type":"EntryPoint","urlTemplate":"https:\/\/contadoreshoy.com\/?s={search_term_string}"},"query-input":{"@type":"PropertyValueSpecification","valueRequired":true,"valueName":"search_term_string"}}],"inLanguage":"es"},{"@type":"Organization","@id":"https:\/\/contadoreshoy.com\/#organization","name":"Contadores P\u00fablicos de Santander","url":"https:\/\/contadoreshoy.com\/","logo":{"@type":"ImageObject","inLanguage":"es","@id":"https:\/\/contadoreshoy.com\/#\/schema\/logo\/image\/","url":"https:\/\/contadoreshoy.com\/wp-content\/uploads\/2024\/01\/cropped-cropped-Copia-de-M-1.jpg","contentUrl":"https:\/\/contadoreshoy.com\/wp-content\/uploads\/2024\/01\/cropped-cropped-Copia-de-M-1.jpg","width":499,"height":500,"caption":"Contadores P\u00fablicos de Santander"},"image":{"@id":"https:\/\/contadoreshoy.com\/#\/schema\/logo\/image\/"},"sameAs":["https:\/\/www.facebook.com\/CCCPBucaramanga\/"]},{"@type":"Person","@id":"https:\/\/contadoreshoy.com\/#\/schema\/person\/96d8979cb865537c5dc9345e40089fc5","name":"Miguel Antonio M\u00e1rquez Monta\u00f1ez","description":"Contador P\u00fablico egresado de la Universidad Aut\u00f3noma de Bucaramanga - Asesor contable tributario con m\u00e1s de 25 a\u00f1os de experiencia - Conferencista en temas contables y tributarios - T\u00e9cnico en Hardware y Dise\u00f1o Web - Creador y director Grupo de Estudio Colegio Colombiano de Contadores P\u00fablicos de Bucaramanga - Creador y Master Web p\u00e1gina www.contadoresp\u00fablicossantander.com - Expresidente Colegio Colombiano de Contadores P\u00fablicos Bucaramanga","url":"https:\/\/contadoreshoy.com\/?author=1"}]}},"_links":{"self":[{"href":"https:\/\/contadoreshoy.com\/index.php?rest_route=\/wp\/v2\/posts\/12314","targetHints":{"allow":["GET"]}}],"collection":[{"href":"https:\/\/contadoreshoy.com\/index.php?rest_route=\/wp\/v2\/posts"}],"about":[{"href":"https:\/\/contadoreshoy.com\/index.php?rest_route=\/wp\/v2\/types\/post"}],"author":[{"embeddable":true,"href":"https:\/\/contadoreshoy.com\/index.php?rest_route=\/wp\/v2\/users\/1"}],"replies":[{"embeddable":true,"href":"https:\/\/contadoreshoy.com\/index.php?rest_route=%2Fwp%2Fv2%2Fcomments&post=12314"}],"version-history":[{"count":3,"href":"https:\/\/contadoreshoy.com\/index.php?rest_route=\/wp\/v2\/posts\/12314\/revisions"}],"predecessor-version":[{"id":12318,"href":"https:\/\/contadoreshoy.com\/index.php?rest_route=\/wp\/v2\/posts\/12314\/revisions\/12318"}],"wp:featuredmedia":[{"embeddable":true,"href":"https:\/\/contadoreshoy.com\/index.php?rest_route=\/wp\/v2\/media\/6468"}],"wp:attachment":[{"href":"https:\/\/contadoreshoy.com\/index.php?rest_route=%2Fwp%2Fv2%2Fmedia&parent=12314"}],"wp:term":[{"taxonomy":"category","embeddable":true,"href":"https:\/\/contadoreshoy.com\/index.php?rest_route=%2Fwp%2Fv2%2Fcategories&post=12314"},{"taxonomy":"post_tag","embeddable":true,"href":"https:\/\/contadoreshoy.com\/index.php?rest_route=%2Fwp%2Fv2%2Ftags&post=12314"}],"curies":[{"name":"wp","href":"https:\/\/api.w.org\/{rel}","templated":true}]}}