{"id":12321,"date":"2020-03-19T10:21:18","date_gmt":"2020-03-19T15:21:18","guid":{"rendered":"https:\/\/contadoreshoy.com\/?p=12321"},"modified":"2020-03-24T08:34:30","modified_gmt":"2020-03-24T13:34:30","slug":"decreto-420-marzo-18-2020-medidas-orden-publico-causa-del-coronavirus-covid-19","status":"publish","type":"post","link":"https:\/\/contadoreshoy.com\/?p=12321","title":{"rendered":"Decreto 420 de marzo 18 de 2020 &#8211; Medidas de orden p\u00fablico por causa del Coronavirus COVID-19"},"content":{"rendered":"<p><img loading=\"lazy\" decoding=\"async\" class=\"aligncenter wp-image-12323 size-full\" src=\"https:\/\/contadoreshoy.com\/wp-content\/uploads\/2020\/03\/Coronavirus.jpg\" alt=\"\" width=\"600\" height=\"400\"><\/p>\n<p style=\"text-align: justify;\"><strong><span style=\"color: #000000;\">A trav\u00e9s del <a href=\"https:\/\/dapre.presidencia.gov.co\/normativa\/normativa\/DECRETO%20420%20DEL%2018%20DE%20MARZO%20DE%202020.pdf\" target=\"_blank\" rel=\"noopener\">Decreto 420 de marzo 18 de 2020<\/a> se imparten instrucciones para expedir normas en materia de orden p\u00fablico, en virtud de la emergencia sanitaria generada por la pandemia de COVID-19.<\/span><\/strong><\/p>\n<blockquote>\n<p style=\"text-align: justify;\"><strong><span style=\"color: #000000;\"><span style=\"color: #0000ff;\">\u00abSe prohibe el consumo de bebidas embriagantes en espacios abiertos y establecimientos de comercio<\/span>, a partir de las seis de la tarde (6:00 p.m.) del d\u00eda jueves 19 de marzo de 2020,<span style=\"color: #0000ff;\"> hasta las 6:00 a.m. del d\u00eda s\u00e1bado 30 de mayo de 2020<\/span>. No queda prohibido el expendio de bebidas embriagantes.\u00bb<\/span><\/strong><\/p>\n<p style=\"text-align: justify;\"><strong><span style=\"color: #000000;\"><span style=\"color: #0000ff;\"> \u00abSe proh\u00edben las reuniones y aglomeraciones de m\u00e1s de cincuenta (50) personas<\/span>, a partir de las seis de la tarde (6:00 p.m.) del d\u00eda jueves 19 de marzo de 2020, <span style=\"color: #0000ff;\">hasta el d\u00eda s\u00e1bado 30 de mayo de 2020<\/span>.\u00bb<\/span><\/strong><\/p>\n<p style=\"text-align: justify;\"><strong><span style=\"color: #000000;\"><span style=\"color: #0000ff;\">\u00abToque de queda de ni\u00f1os, ni\u00f1as y adolescentes<\/span>. Los alcaldes podr\u00e1n, en el marco de sus competencias constitucionales y legales, ordenar el toque de queda de ni\u00f1os, ni\u00f1as y adolescentes, a partir de la expedici\u00f3n del presente decreto y <span style=\"color: #0000ff;\">hasta el 20 de abril de 2020<\/span>.\u00bb<\/span><\/strong><\/p>\n<p style=\"text-align: justify;\"><strong><span style=\"color: #000000;\">\u00abEn el evento de suspender las actividades en establecimientos y locales comerciales, dicha suspensi\u00f3n no podr\u00e1 comprender establecimientos y locales comercial de minoristas de alimentaci\u00f3n, de bebidas, de productos y bienes de primera necesidad, de productos farmac\u00e9uticos, de productos m\u00e9dicos, \u00f3pticas, de productos ortop\u00e9dicos, de productos de aseo e higiene, y de alimentos y medicinas para mascotas.\u00bb<\/span><\/strong><\/p>\n<p style=\"text-align: justify;\"><strong><span style=\"color: #000000;\">\u00abEn el evento del cierre al p\u00fablico de establecimientos y locales comerciales gastron\u00f3micos, dicho cierre no podr\u00e1 extenderse a la oferta de sus productos mediante plataformas de comercio electr\u00f3nico y\/o por entrega a domicilio, ni a los restaurantes ubicados dentro de las instalaciones hoteleras, los cuales solo podr\u00e1n prestar el servicio a sus hu\u00e9spedes.\u00bb<\/span><\/strong><\/p>\n<\/blockquote>\n<p style=\"text-align: justify;\"><span style=\"font-size: 14pt;\"><strong><span style=\"color: #000000;\">Para ver <a href=\"https:\/\/dapre.presidencia.gov.co\/normativa\/normativa\/DECRETO%20420%20DEL%2018%20DE%20MARZO%20DE%202020.pdf\" target=\"_blank\" rel=\"noopener\">Decreto 420 de marzo 18 de 2020<\/a>, dar click aqu\u00ed:<\/span><\/strong><\/span><\/p>\n<p>&nbsp;<\/p>\n<p>&nbsp;<\/p>\n","protected":false},"excerpt":{"rendered":"<p>A trav\u00e9s del Decreto 420 de marzo 18 de 2020 se imparten instrucciones para expedir normas en materia de orden p\u00fablico, en virtud de la emergencia sanitaria generada por la&#46;&#46;&#46;<\/p>\n","protected":false},"author":1,"featured_media":12323,"comment_status":"open","ping_status":"open","sticky":false,"template":"","format":"standard","meta":{"_monsterinsights_skip_tracking":false,"ngg_post_thumbnail":0,"footnotes":"","_links_to":"","_links_to_target":""},"categories":[454,458,1],"tags":[],"class_list":["post-12321","post","type-post","status-publish","format-standard","has-post-thumbnail","hentry","category-sin-categoria","category-ultimas","category-uncategorized"],"aioseo_notices":[],"aioseo_head":"\n\t\t<!-- All in One SEO 5.0.1.1 - aioseo.com -->\n\t<meta name=\"description\" content=\"A trav\u00e9s del Decreto 420 de marzo 18 de 2020 se imparten instrucciones para expedir normas en materia de orden p\u00fablico, en virtud de la emergencia sanitaria generada por la pandemia de COVID-19. &quot;Se prohibe el consumo de bebidas embriagantes en espacios abiertos y establecimientos de comercio, a partir de las seis de la tarde\" \/>\n\t<meta name=\"robots\" content=\"max-image-preview:large\" \/>\n\t<meta name=\"author\" content=\"Miguel Antonio M\u00e1rquez Monta\u00f1ez\"\/>\n\t<link rel=\"canonical\" href=\"https:\/\/contadoreshoy.com\/?p=12321\" \/>\n\t<meta name=\"generator\" content=\"All in One SEO (AIOSEO) 5.0.1.1\" \/>\n\t\t<meta property=\"og:locale\" content=\"es_ES\" \/>\n\t\t<meta property=\"og:site_name\" content=\"Contadores P\u00fablicos - Portal para Contadores P\u00fablicos y empresarios\" \/>\n\t\t<meta property=\"og:type\" content=\"article\" \/>\n\t\t<meta property=\"og:title\" content=\"Decreto 420 de marzo 18 de 2020 \u2013 Medidas de orden p\u00fablico por causa del Coronavirus COVID-19 - Contadores P\u00fablicos\" \/>\n\t\t<meta property=\"og:description\" content=\"A trav\u00e9s del Decreto 420 de marzo 18 de 2020 se imparten instrucciones para expedir normas en materia de orden p\u00fablico, en virtud de la emergencia sanitaria generada por la pandemia de COVID-19. &quot;Se prohibe el consumo de bebidas embriagantes en espacios abiertos y establecimientos de comercio, a partir de las seis de la tarde\" \/>\n\t\t<meta property=\"og:url\" content=\"https:\/\/contadoreshoy.com\/?p=12321\" \/>\n\t\t<meta property=\"og:image\" content=\"https:\/\/contadoreshoy.com\/wp-content\/uploads\/2024\/01\/cropped-cropped-cropped-Copia-de-M.jpg\" \/>\n\t\t<meta property=\"og:image:secure_url\" content=\"https:\/\/contadoreshoy.com\/wp-content\/uploads\/2024\/01\/cropped-cropped-cropped-Copia-de-M.jpg\" \/>\n\t\t<meta property=\"og:image:width\" content=\"512\" \/>\n\t\t<meta property=\"og:image:height\" content=\"371\" \/>\n\t\t<meta property=\"article:published_time\" content=\"2020-03-19T15:21:18+00:00\" \/>\n\t\t<meta property=\"article:modified_time\" content=\"2020-03-24T13:34:30+00:00\" \/>\n\t\t<meta name=\"twitter:card\" content=\"summary_large_image\" \/>\n\t\t<meta name=\"twitter:title\" content=\"Decreto 420 de marzo 18 de 2020 \u2013 Medidas de orden p\u00fablico por causa del Coronavirus COVID-19 - Contadores P\u00fablicos\" \/>\n\t\t<meta name=\"twitter:description\" content=\"A trav\u00e9s del Decreto 420 de marzo 18 de 2020 se imparten instrucciones para expedir normas en materia de orden p\u00fablico, en virtud de la emergencia sanitaria generada por la pandemia de COVID-19. &quot;Se prohibe el consumo de bebidas embriagantes en espacios abiertos y establecimientos de comercio, a partir de las seis de la tarde\" \/>\n\t\t<meta name=\"twitter:image\" content=\"https:\/\/contadoreshoy.com\/wp-content\/uploads\/2024\/01\/cropped-cropped-cropped-Copia-de-M.jpg\" \/>\n\t\t<script type=\"application\/ld+json\" class=\"aioseo-schema\">\n\t\t\t{\"@context\":\"https:\\\/\\\/schema.org\",\"@graph\":[{\"@type\":\"BlogPosting\",\"@id\":\"https:\\\/\\\/contadoreshoy.com\\\/?p=12321#blogposting\",\"name\":\"Decreto 420 de marzo 18 de 2020 \\u2013 Medidas de orden p\\u00fablico por causa del Coronavirus COVID-19 - Contadores P\\u00fablicos\",\"headline\":\"Decreto 420 de marzo 18 de 2020 &#8211; Medidas de orden p\\u00fablico por causa del Coronavirus COVID-19\",\"author\":{\"@id\":\"https:\\\/\\\/contadoreshoy.com\\\/?author=1#author\"},\"publisher\":{\"@id\":\"https:\\\/\\\/contadoreshoy.com\\\/#organization\"},\"image\":{\"@type\":\"ImageObject\",\"url\":\"https:\\\/\\\/contadoreshoy.com\\\/wp-content\\\/uploads\\\/2020\\\/03\\\/Coronavirus.jpg\",\"width\":600,\"height\":400},\"datePublished\":\"2020-03-19T10:21:18-05:00\",\"dateModified\":\"2020-03-24T08:34:30-05:00\",\"inLanguage\":\"es-ES\",\"mainEntityOfPage\":{\"@id\":\"https:\\\/\\\/contadoreshoy.com\\\/?p=12321#webpage\"},\"isPartOf\":{\"@id\":\"https:\\\/\\\/contadoreshoy.com\\\/?p=12321#webpage\"},\"articleSection\":\"Sin categor\\u00eda, Ultimas Noticias, Uncategorized\"},{\"@type\":\"BreadcrumbList\",\"@id\":\"https:\\\/\\\/contadoreshoy.com\\\/?p=12321#breadcrumblist\",\"itemListElement\":[{\"@type\":\"ListItem\",\"@id\":\"https:\\\/\\\/contadoreshoy.com#listItem\",\"position\":1,\"name\":\"Home\",\"item\":\"https:\\\/\\\/contadoreshoy.com\",\"nextItem\":{\"@type\":\"ListItem\",\"@id\":\"https:\\\/\\\/contadoreshoy.com\\\/?cat=1#listItem\",\"name\":\"Uncategorized\"}},{\"@type\":\"ListItem\",\"@id\":\"https:\\\/\\\/contadoreshoy.com\\\/?cat=1#listItem\",\"position\":2,\"name\":\"Uncategorized\",\"item\":\"https:\\\/\\\/contadoreshoy.com\\\/?cat=1\",\"nextItem\":{\"@type\":\"ListItem\",\"@id\":\"https:\\\/\\\/contadoreshoy.com\\\/?p=12321#listItem\",\"name\":\"Decreto 420 de marzo 18 de 2020 &#8211; Medidas de orden p\\u00fablico por causa del Coronavirus COVID-19\"},\"previousItem\":{\"@type\":\"ListItem\",\"@id\":\"https:\\\/\\\/contadoreshoy.com#listItem\",\"name\":\"Home\"}},{\"@type\":\"ListItem\",\"@id\":\"https:\\\/\\\/contadoreshoy.com\\\/?p=12321#listItem\",\"position\":3,\"name\":\"Decreto 420 de marzo 18 de 2020 &#8211; Medidas de orden p\\u00fablico por causa del Coronavirus COVID-19\",\"previousItem\":{\"@type\":\"ListItem\",\"@id\":\"https:\\\/\\\/contadoreshoy.com\\\/?cat=1#listItem\",\"name\":\"Uncategorized\"}}]},{\"@type\":\"Organization\",\"@id\":\"https:\\\/\\\/contadoreshoy.com\\\/#organization\",\"name\":\"Contadores P\\u00fablicos\",\"description\":\"Portal para Contadores P\\u00fablicos y empresarios\",\"url\":\"https:\\\/\\\/contadoreshoy.com\\\/\",\"logo\":{\"@type\":\"ImageObject\",\"url\":\"https:\\\/\\\/contadoreshoy.com\\\/wp-content\\\/uploads\\\/2024\\\/01\\\/cropped-cropped-Copia-de-M-1.jpg\",\"@id\":\"https:\\\/\\\/contadoreshoy.com\\\/?p=12321\\\/#organizationLogo\",\"width\":499,\"height\":500},\"image\":{\"@id\":\"https:\\\/\\\/contadoreshoy.com\\\/?p=12321\\\/#organizationLogo\"}},{\"@type\":\"Person\",\"@id\":\"https:\\\/\\\/contadoreshoy.com\\\/?author=1#author\",\"url\":\"https:\\\/\\\/contadoreshoy.com\\\/?author=1\",\"name\":\"Miguel Antonio M\\u00e1rquez Monta\\u00f1ez\"},{\"@type\":\"WebPage\",\"@id\":\"https:\\\/\\\/contadoreshoy.com\\\/?p=12321#webpage\",\"url\":\"https:\\\/\\\/contadoreshoy.com\\\/?p=12321\",\"name\":\"Decreto 420 de marzo 18 de 2020 \\u2013 Medidas de orden p\\u00fablico por causa del Coronavirus COVID-19 - Contadores P\\u00fablicos\",\"description\":\"A trav\\u00e9s del Decreto 420 de marzo 18 de 2020 se imparten instrucciones para expedir normas en materia de orden p\\u00fablico, en virtud de la emergencia sanitaria generada por la pandemia de COVID-19. \\\"Se prohibe el consumo de bebidas embriagantes en espacios abiertos y establecimientos de comercio, a partir de las seis de la tarde\",\"inLanguage\":\"es-ES\",\"isPartOf\":{\"@id\":\"https:\\\/\\\/contadoreshoy.com\\\/#website\"},\"breadcrumb\":{\"@id\":\"https:\\\/\\\/contadoreshoy.com\\\/?p=12321#breadcrumblist\"},\"author\":{\"@id\":\"https:\\\/\\\/contadoreshoy.com\\\/?author=1#author\"},\"creator\":{\"@id\":\"https:\\\/\\\/contadoreshoy.com\\\/?author=1#author\"},\"image\":{\"@type\":\"ImageObject\",\"url\":\"https:\\\/\\\/contadoreshoy.com\\\/wp-content\\\/uploads\\\/2020\\\/03\\\/Coronavirus.jpg\",\"@id\":\"https:\\\/\\\/contadoreshoy.com\\\/?p=12321\\\/#mainImage\",\"width\":600,\"height\":400},\"primaryImageOfPage\":{\"@id\":\"https:\\\/\\\/contadoreshoy.com\\\/?p=12321#mainImage\"},\"datePublished\":\"2020-03-19T10:21:18-05:00\",\"dateModified\":\"2020-03-24T08:34:30-05:00\"},{\"@type\":\"WebSite\",\"@id\":\"https:\\\/\\\/contadoreshoy.com\\\/#website\",\"url\":\"https:\\\/\\\/contadoreshoy.com\\\/\",\"name\":\"Contadores P\\u00fablicos\",\"description\":\"Portal para Contadores P\\u00fablicos y empresarios\",\"inLanguage\":\"es-ES\",\"publisher\":{\"@id\":\"https:\\\/\\\/contadoreshoy.com\\\/#organization\"}}]}\n\t\t<\/script>\n\t\t<!-- All in One SEO -->\n\n","aioseo_head_json":{"title":"Decreto 420 de marzo 18 de 2020 \u2013 Medidas de orden p\u00fablico por causa del Coronavirus COVID-19 - Contadores P\u00fablicos","description":"A trav\u00e9s del Decreto 420 de marzo 18 de 2020 se imparten instrucciones para expedir normas en materia de orden p\u00fablico, en virtud de la emergencia sanitaria generada por la pandemia de COVID-19. \"Se prohibe el consumo de bebidas embriagantes en espacios abiertos y establecimientos de comercio, a partir de las seis de la tarde","canonical_url":"https:\/\/contadoreshoy.com\/?p=12321","robots":"max-image-preview:large","keywords":"","webmasterTools":{"miscellaneous":""},"schema":{"@context":"https:\/\/schema.org","@graph":[{"@type":"BlogPosting","@id":"https:\/\/contadoreshoy.com\/?p=12321#blogposting","name":"Decreto 420 de marzo 18 de 2020 \u2013 Medidas de orden p\u00fablico por causa del Coronavirus COVID-19 - Contadores P\u00fablicos","headline":"Decreto 420 de marzo 18 de 2020 &#8211; Medidas de orden p\u00fablico por causa del Coronavirus COVID-19","author":{"@id":"https:\/\/contadoreshoy.com\/?author=1#author"},"publisher":{"@id":"https:\/\/contadoreshoy.com\/#organization"},"image":{"@type":"ImageObject","url":"https:\/\/contadoreshoy.com\/wp-content\/uploads\/2020\/03\/Coronavirus.jpg","width":600,"height":400},"datePublished":"2020-03-19T10:21:18-05:00","dateModified":"2020-03-24T08:34:30-05:00","inLanguage":"es-ES","mainEntityOfPage":{"@id":"https:\/\/contadoreshoy.com\/?p=12321#webpage"},"isPartOf":{"@id":"https:\/\/contadoreshoy.com\/?p=12321#webpage"},"articleSection":"Sin categor\u00eda, Ultimas Noticias, Uncategorized"},{"@type":"BreadcrumbList","@id":"https:\/\/contadoreshoy.com\/?p=12321#breadcrumblist","itemListElement":[{"@type":"ListItem","@id":"https:\/\/contadoreshoy.com#listItem","position":1,"name":"Home","item":"https:\/\/contadoreshoy.com","nextItem":{"@type":"ListItem","@id":"https:\/\/contadoreshoy.com\/?cat=1#listItem","name":"Uncategorized"}},{"@type":"ListItem","@id":"https:\/\/contadoreshoy.com\/?cat=1#listItem","position":2,"name":"Uncategorized","item":"https:\/\/contadoreshoy.com\/?cat=1","nextItem":{"@type":"ListItem","@id":"https:\/\/contadoreshoy.com\/?p=12321#listItem","name":"Decreto 420 de marzo 18 de 2020 &#8211; Medidas de orden p\u00fablico por causa del Coronavirus COVID-19"},"previousItem":{"@type":"ListItem","@id":"https:\/\/contadoreshoy.com#listItem","name":"Home"}},{"@type":"ListItem","@id":"https:\/\/contadoreshoy.com\/?p=12321#listItem","position":3,"name":"Decreto 420 de marzo 18 de 2020 &#8211; Medidas de orden p\u00fablico por causa del Coronavirus COVID-19","previousItem":{"@type":"ListItem","@id":"https:\/\/contadoreshoy.com\/?cat=1#listItem","name":"Uncategorized"}}]},{"@type":"Organization","@id":"https:\/\/contadoreshoy.com\/#organization","name":"Contadores P\u00fablicos","description":"Portal para Contadores P\u00fablicos y empresarios","url":"https:\/\/contadoreshoy.com\/","logo":{"@type":"ImageObject","url":"https:\/\/contadoreshoy.com\/wp-content\/uploads\/2024\/01\/cropped-cropped-Copia-de-M-1.jpg","@id":"https:\/\/contadoreshoy.com\/?p=12321\/#organizationLogo","width":499,"height":500},"image":{"@id":"https:\/\/contadoreshoy.com\/?p=12321\/#organizationLogo"}},{"@type":"Person","@id":"https:\/\/contadoreshoy.com\/?author=1#author","url":"https:\/\/contadoreshoy.com\/?author=1","name":"Miguel Antonio M\u00e1rquez Monta\u00f1ez"},{"@type":"WebPage","@id":"https:\/\/contadoreshoy.com\/?p=12321#webpage","url":"https:\/\/contadoreshoy.com\/?p=12321","name":"Decreto 420 de marzo 18 de 2020 \u2013 Medidas de orden p\u00fablico por causa del Coronavirus COVID-19 - Contadores P\u00fablicos","description":"A trav\u00e9s del Decreto 420 de marzo 18 de 2020 se imparten instrucciones para expedir normas en materia de orden p\u00fablico, en virtud de la emergencia sanitaria generada por la pandemia de COVID-19. \"Se prohibe el consumo de bebidas embriagantes en espacios abiertos y establecimientos de comercio, a partir de las seis de la tarde","inLanguage":"es-ES","isPartOf":{"@id":"https:\/\/contadoreshoy.com\/#website"},"breadcrumb":{"@id":"https:\/\/contadoreshoy.com\/?p=12321#breadcrumblist"},"author":{"@id":"https:\/\/contadoreshoy.com\/?author=1#author"},"creator":{"@id":"https:\/\/contadoreshoy.com\/?author=1#author"},"image":{"@type":"ImageObject","url":"https:\/\/contadoreshoy.com\/wp-content\/uploads\/2020\/03\/Coronavirus.jpg","@id":"https:\/\/contadoreshoy.com\/?p=12321\/#mainImage","width":600,"height":400},"primaryImageOfPage":{"@id":"https:\/\/contadoreshoy.com\/?p=12321#mainImage"},"datePublished":"2020-03-19T10:21:18-05:00","dateModified":"2020-03-24T08:34:30-05:00"},{"@type":"WebSite","@id":"https:\/\/contadoreshoy.com\/#website","url":"https:\/\/contadoreshoy.com\/","name":"Contadores P\u00fablicos","description":"Portal para Contadores P\u00fablicos y empresarios","inLanguage":"es-ES","publisher":{"@id":"https:\/\/contadoreshoy.com\/#organization"}}]},"og:locale":"es_ES","og:site_name":"Contadores P\u00fablicos - Portal para Contadores P\u00fablicos y empresarios","og:type":"article","og:title":"Decreto 420 de marzo 18 de 2020 \u2013 Medidas de orden p\u00fablico por causa del Coronavirus COVID-19 - Contadores P\u00fablicos","og:description":"A trav\u00e9s del Decreto 420 de marzo 18 de 2020 se imparten instrucciones para expedir normas en materia de orden p\u00fablico, en virtud de la emergencia sanitaria generada por la pandemia de COVID-19. &quot;Se prohibe el consumo de bebidas embriagantes en espacios abiertos y establecimientos de comercio, a partir de las seis de la tarde","og:url":"https:\/\/contadoreshoy.com\/?p=12321","og:image":"https:\/\/contadoreshoy.com\/wp-content\/uploads\/2024\/01\/cropped-cropped-cropped-Copia-de-M.jpg","og:image:secure_url":"https:\/\/contadoreshoy.com\/wp-content\/uploads\/2024\/01\/cropped-cropped-cropped-Copia-de-M.jpg","og:image:width":512,"og:image:height":371,"article:published_time":"2020-03-19T15:21:18+00:00","article:modified_time":"2020-03-24T13:34:30+00:00","twitter:card":"summary_large_image","twitter:title":"Decreto 420 de marzo 18 de 2020 \u2013 Medidas de orden p\u00fablico por causa del Coronavirus COVID-19 - Contadores P\u00fablicos","twitter:description":"A trav\u00e9s del Decreto 420 de marzo 18 de 2020 se imparten instrucciones para expedir normas en materia de orden p\u00fablico, en virtud de la emergencia sanitaria generada por la pandemia de COVID-19. &quot;Se prohibe el consumo de bebidas embriagantes en espacios abiertos y establecimientos de comercio, a partir de las seis de la tarde","twitter:image":"https:\/\/contadoreshoy.com\/wp-content\/uploads\/2024\/01\/cropped-cropped-cropped-Copia-de-M.jpg"},"aioseo_meta_data":{"post_id":"12321","title":null,"description":null,"keywords":null,"keyphrases":null,"primary_term":null,"canonical_url":null,"og_title":null,"og_description":null,"og_object_type":"default","og_image_type":"default","og_image_url":null,"og_image_width":null,"og_image_height":null,"og_image_custom_url":null,"og_image_custom_fields":null,"og_video":null,"og_custom_url":null,"og_article_section":null,"og_article_tags":null,"twitter_use_og":false,"twitter_card":"default","twitter_image_type":"default","twitter_image_url":null,"twitter_image_custom_url":null,"twitter_image_custom_fields":null,"twitter_title":null,"twitter_description":null,"schema":{"blockGraphs":[],"customGraphs":[],"default":{"data":{"Article":[],"Course":[],"Dataset":[],"FAQPage":[],"Movie":[],"Person":[],"Product":[],"ProductReview":[],"Car":[],"Recipe":[],"Service":[],"SoftwareApplication":[],"WebPage":[]},"graphName":"","isEnabled":true},"graphs":[]},"schema_type":"default","schema_type_options":null,"pillar_content":false,"robots_default":true,"robots_noindex":false,"robots_noarchive":false,"robots_nosnippet":false,"robots_nofollow":false,"robots_noimageindex":false,"robots_noodp":false,"robots_notranslate":false,"robots_max_snippet":null,"robots_max_videopreview":null,"robots_max_imagepreview":"large","priority":null,"frequency":null,"local_seo":null,"breadcrumb_settings":null,"limit_modified_date":false,"ai":null,"created":"2024-03-05 02:13:27","updated":"2026-03-03 05:22:40","seo_analyzer_scan_date":null,"focus_keyword":null,"additional_keywords":null,"truseo_locale":null},"aioseo_breadcrumb":"<div class=\"aioseo-breadcrumbs\"><span class=\"aioseo-breadcrumb\">\n\t\t\t<a href=\"https:\/\/contadoreshoy.com\" title=\"Home\">Home<\/a>\n\t\t<\/span><span class=\"aioseo-breadcrumb-separator\">&raquo;<\/span><span class=\"aioseo-breadcrumb\">\n\t\t\t<a href=\"https:\/\/contadoreshoy.com\/?cat=1\" title=\"Uncategorized\">Uncategorized<\/a>\n\t\t<\/span><span class=\"aioseo-breadcrumb-separator\">&raquo;<\/span><span class=\"aioseo-breadcrumb\">\n\t\t\tDecreto 420 de marzo 18 de 2020 \u2013 Medidas de orden p\u00fablico por causa del Coronavirus COVID-19\n\t\t<\/span><\/div>","aioseo_breadcrumb_json":[{"label":"Home","link":"https:\/\/contadoreshoy.com"},{"label":"Uncategorized","link":"https:\/\/contadoreshoy.com\/?cat=1"},{"label":"Decreto 420 de marzo 18 de 2020 &#8211; Medidas de orden p\u00fablico por causa del Coronavirus COVID-19","link":"https:\/\/contadoreshoy.com\/?p=12321"}],"yoast_head":"<!-- This site is optimized with the Yoast SEO plugin v28.4 - https:\/\/yoast.com\/product\/yoast-seo-wordpress\/ -->\n<title>Decreto 420 de marzo 18 de 2020 - Medidas de orden p\u00fablico por causa del Coronavirus COVID-19 - Contadores P\u00fablicos<\/title>\n<meta name=\"robots\" content=\"index, follow, max-snippet:-1, max-image-preview:large, max-video-preview:-1\" \/>\n<link rel=\"canonical\" href=\"https:\/\/contadoreshoy.com\/?p=12321\" \/>\n<meta property=\"og:locale\" content=\"es_ES\" \/>\n<meta property=\"og:type\" content=\"article\" \/>\n<meta property=\"og:title\" content=\"Decreto 420 de marzo 18 de 2020 - Medidas de orden p\u00fablico por causa del Coronavirus COVID-19 - Contadores P\u00fablicos\" \/>\n<meta property=\"og:description\" content=\"A trav\u00e9s del Decreto 420 de marzo 18 de 2020 se imparten instrucciones para expedir normas en materia de orden p\u00fablico, en virtud de la emergencia sanitaria generada por la&#046;&#046;&#046;\" \/>\n<meta property=\"og:url\" content=\"https:\/\/contadoreshoy.com\/?p=12321\" \/>\n<meta property=\"og:site_name\" content=\"Contadores P\u00fablicos\" \/>\n<meta property=\"article:publisher\" content=\"https:\/\/www.facebook.com\/CCCPBucaramanga\/\" \/>\n<meta property=\"article:published_time\" content=\"2020-03-19T15:21:18+00:00\" \/>\n<meta property=\"article:modified_time\" content=\"2020-03-24T13:34:30+00:00\" \/>\n<meta property=\"og:image\" content=\"https:\/\/contadoreshoy.com\/wp-content\/uploads\/2020\/03\/Coronavirus.jpg\" \/>\n\t<meta property=\"og:image:width\" content=\"600\" \/>\n\t<meta property=\"og:image:height\" content=\"400\" \/>\n\t<meta property=\"og:image:type\" content=\"image\/jpeg\" \/>\n<meta name=\"author\" content=\"Miguel Antonio M\u00e1rquez Monta\u00f1ez\" \/>\n<meta name=\"twitter:card\" content=\"summary_large_image\" \/>\n<meta name=\"twitter:label1\" content=\"Escrito por\" \/>\n\t<meta name=\"twitter:data1\" content=\"Miguel Antonio M\u00e1rquez Monta\u00f1ez\" \/>\n\t<meta name=\"twitter:label2\" content=\"Tiempo de lectura\" \/>\n\t<meta name=\"twitter:data2\" content=\"2 minutos\" \/>\n<script type=\"application\/ld+json\" class=\"yoast-schema-graph\">{\"@context\":\"https:\\\/\\\/schema.org\",\"@graph\":[{\"@type\":\"Article\",\"@id\":\"https:\\\/\\\/contadoreshoy.com\\\/?p=12321#article\",\"isPartOf\":{\"@id\":\"https:\\\/\\\/contadoreshoy.com\\\/?p=12321\"},\"author\":{\"name\":\"Miguel Antonio M\u00e1rquez Monta\u00f1ez\",\"@id\":\"https:\\\/\\\/contadoreshoy.com\\\/#\\\/schema\\\/person\\\/96d8979cb865537c5dc9345e40089fc5\"},\"headline\":\"Decreto 420 de marzo 18 de 2020 &#8211; Medidas de orden p\u00fablico por causa del Coronavirus COVID-19\",\"datePublished\":\"2020-03-19T15:21:18+00:00\",\"dateModified\":\"2020-03-24T13:34:30+00:00\",\"mainEntityOfPage\":{\"@id\":\"https:\\\/\\\/contadoreshoy.com\\\/?p=12321\"},\"wordCount\":320,\"commentCount\":0,\"publisher\":{\"@id\":\"https:\\\/\\\/contadoreshoy.com\\\/#organization\"},\"image\":{\"@id\":\"https:\\\/\\\/contadoreshoy.com\\\/?p=12321#primaryimage\"},\"thumbnailUrl\":\"https:\\\/\\\/contadoreshoy.com\\\/wp-content\\\/uploads\\\/2020\\\/03\\\/Coronavirus.jpg\",\"articleSection\":{\"1\":\"Ultimas Noticias\",\"2\":\"Uncategorized\"},\"inLanguage\":\"es\",\"potentialAction\":[{\"@type\":\"CommentAction\",\"name\":\"Comment\",\"target\":[\"https:\\\/\\\/contadoreshoy.com\\\/?p=12321#respond\"]}]},{\"@type\":\"WebPage\",\"@id\":\"https:\\\/\\\/contadoreshoy.com\\\/?p=12321\",\"url\":\"https:\\\/\\\/contadoreshoy.com\\\/?p=12321\",\"name\":\"Decreto 420 de marzo 18 de 2020 - Medidas de orden p\u00fablico por causa del Coronavirus COVID-19 - Contadores P\u00fablicos\",\"isPartOf\":{\"@id\":\"https:\\\/\\\/contadoreshoy.com\\\/#website\"},\"primaryImageOfPage\":{\"@id\":\"https:\\\/\\\/contadoreshoy.com\\\/?p=12321#primaryimage\"},\"image\":{\"@id\":\"https:\\\/\\\/contadoreshoy.com\\\/?p=12321#primaryimage\"},\"thumbnailUrl\":\"https:\\\/\\\/contadoreshoy.com\\\/wp-content\\\/uploads\\\/2020\\\/03\\\/Coronavirus.jpg\",\"datePublished\":\"2020-03-19T15:21:18+00:00\",\"dateModified\":\"2020-03-24T13:34:30+00:00\",\"breadcrumb\":{\"@id\":\"https:\\\/\\\/contadoreshoy.com\\\/?p=12321#breadcrumb\"},\"inLanguage\":\"es\",\"potentialAction\":[{\"@type\":\"ReadAction\",\"target\":[\"https:\\\/\\\/contadoreshoy.com\\\/?p=12321\"]}]},{\"@type\":\"ImageObject\",\"inLanguage\":\"es\",\"@id\":\"https:\\\/\\\/contadoreshoy.com\\\/?p=12321#primaryimage\",\"url\":\"https:\\\/\\\/contadoreshoy.com\\\/wp-content\\\/uploads\\\/2020\\\/03\\\/Coronavirus.jpg\",\"contentUrl\":\"https:\\\/\\\/contadoreshoy.com\\\/wp-content\\\/uploads\\\/2020\\\/03\\\/Coronavirus.jpg\",\"width\":600,\"height\":400},{\"@type\":\"BreadcrumbList\",\"@id\":\"https:\\\/\\\/contadoreshoy.com\\\/?p=12321#breadcrumb\",\"itemListElement\":[{\"@type\":\"ListItem\",\"position\":1,\"name\":\"Portada\",\"item\":\"https:\\\/\\\/contadoreshoy.com\\\/\"},{\"@type\":\"ListItem\",\"position\":2,\"name\":\"Decreto 420 de marzo 18 de 2020 &#8211; Medidas de orden p\u00fablico por causa del Coronavirus COVID-19\"}]},{\"@type\":\"WebSite\",\"@id\":\"https:\\\/\\\/contadoreshoy.com\\\/#website\",\"url\":\"https:\\\/\\\/contadoreshoy.com\\\/\",\"name\":\"Contadorespublicossantander\",\"description\":\"Portal para Contadores P\u00fablicos y empresarios\",\"publisher\":{\"@id\":\"https:\\\/\\\/contadoreshoy.com\\\/#organization\"},\"potentialAction\":[{\"@type\":\"SearchAction\",\"target\":{\"@type\":\"EntryPoint\",\"urlTemplate\":\"https:\\\/\\\/contadoreshoy.com\\\/?s={search_term_string}\"},\"query-input\":{\"@type\":\"PropertyValueSpecification\",\"valueRequired\":true,\"valueName\":\"search_term_string\"}}],\"inLanguage\":\"es\"},{\"@type\":\"Organization\",\"@id\":\"https:\\\/\\\/contadoreshoy.com\\\/#organization\",\"name\":\"Contadores P\u00fablicos de Santander\",\"url\":\"https:\\\/\\\/contadoreshoy.com\\\/\",\"logo\":{\"@type\":\"ImageObject\",\"inLanguage\":\"es\",\"@id\":\"https:\\\/\\\/contadoreshoy.com\\\/#\\\/schema\\\/logo\\\/image\\\/\",\"url\":\"https:\\\/\\\/contadoreshoy.com\\\/wp-content\\\/uploads\\\/2024\\\/01\\\/cropped-cropped-Copia-de-M-1.jpg\",\"contentUrl\":\"https:\\\/\\\/contadoreshoy.com\\\/wp-content\\\/uploads\\\/2024\\\/01\\\/cropped-cropped-Copia-de-M-1.jpg\",\"width\":499,\"height\":500,\"caption\":\"Contadores P\u00fablicos de Santander\"},\"image\":{\"@id\":\"https:\\\/\\\/contadoreshoy.com\\\/#\\\/schema\\\/logo\\\/image\\\/\"},\"sameAs\":[\"https:\\\/\\\/www.facebook.com\\\/CCCPBucaramanga\\\/\"]},{\"@type\":\"Person\",\"@id\":\"https:\\\/\\\/contadoreshoy.com\\\/#\\\/schema\\\/person\\\/96d8979cb865537c5dc9345e40089fc5\",\"name\":\"Miguel Antonio M\u00e1rquez Monta\u00f1ez\",\"description\":\"Contador P\u00fablico egresado de la Universidad Aut\u00f3noma de Bucaramanga - Asesor contable tributario con m\u00e1s de 25 a\u00f1os de experiencia - Conferencista en temas contables y tributarios - T\u00e9cnico en Hardware y Dise\u00f1o Web - Creador y director Grupo de Estudio Colegio Colombiano de Contadores P\u00fablicos de Bucaramanga - Creador y Master Web p\u00e1gina www.contadoresp\u00fablicossantander.com - Expresidente Colegio Colombiano de Contadores P\u00fablicos Bucaramanga\",\"url\":\"https:\\\/\\\/contadoreshoy.com\\\/?author=1\"}]}<\/script>\n<!-- \/ Yoast SEO plugin. -->","yoast_head_json":{"title":"Decreto 420 de marzo 18 de 2020 - Medidas de orden p\u00fablico por causa del Coronavirus COVID-19 - Contadores P\u00fablicos","robots":{"index":"index","follow":"follow","max-snippet":"max-snippet:-1","max-image-preview":"max-image-preview:large","max-video-preview":"max-video-preview:-1"},"canonical":"https:\/\/contadoreshoy.com\/?p=12321","og_locale":"es_ES","og_type":"article","og_title":"Decreto 420 de marzo 18 de 2020 - Medidas de orden p\u00fablico por causa del Coronavirus COVID-19 - Contadores P\u00fablicos","og_description":"A trav\u00e9s del Decreto 420 de marzo 18 de 2020 se imparten instrucciones para expedir normas en materia de orden p\u00fablico, en virtud de la emergencia sanitaria generada por la&#46;&#46;&#46;","og_url":"https:\/\/contadoreshoy.com\/?p=12321","og_site_name":"Contadores P\u00fablicos","article_publisher":"https:\/\/www.facebook.com\/CCCPBucaramanga\/","article_published_time":"2020-03-19T15:21:18+00:00","article_modified_time":"2020-03-24T13:34:30+00:00","og_image":[{"width":600,"height":400,"url":"https:\/\/contadoreshoy.com\/wp-content\/uploads\/2020\/03\/Coronavirus.jpg","type":"image\/jpeg"}],"author":"Miguel Antonio M\u00e1rquez Monta\u00f1ez","twitter_card":"summary_large_image","twitter_misc":{"Escrito por":"Miguel Antonio M\u00e1rquez Monta\u00f1ez","Tiempo de lectura":"2 minutos"},"schema":{"@context":"https:\/\/schema.org","@graph":[{"@type":"Article","@id":"https:\/\/contadoreshoy.com\/?p=12321#article","isPartOf":{"@id":"https:\/\/contadoreshoy.com\/?p=12321"},"author":{"name":"Miguel Antonio M\u00e1rquez Monta\u00f1ez","@id":"https:\/\/contadoreshoy.com\/#\/schema\/person\/96d8979cb865537c5dc9345e40089fc5"},"headline":"Decreto 420 de marzo 18 de 2020 &#8211; Medidas de orden p\u00fablico por causa del Coronavirus COVID-19","datePublished":"2020-03-19T15:21:18+00:00","dateModified":"2020-03-24T13:34:30+00:00","mainEntityOfPage":{"@id":"https:\/\/contadoreshoy.com\/?p=12321"},"wordCount":320,"commentCount":0,"publisher":{"@id":"https:\/\/contadoreshoy.com\/#organization"},"image":{"@id":"https:\/\/contadoreshoy.com\/?p=12321#primaryimage"},"thumbnailUrl":"https:\/\/contadoreshoy.com\/wp-content\/uploads\/2020\/03\/Coronavirus.jpg","articleSection":{"1":"Ultimas Noticias","2":"Uncategorized"},"inLanguage":"es","potentialAction":[{"@type":"CommentAction","name":"Comment","target":["https:\/\/contadoreshoy.com\/?p=12321#respond"]}]},{"@type":"WebPage","@id":"https:\/\/contadoreshoy.com\/?p=12321","url":"https:\/\/contadoreshoy.com\/?p=12321","name":"Decreto 420 de marzo 18 de 2020 - Medidas de orden p\u00fablico por causa del Coronavirus COVID-19 - Contadores P\u00fablicos","isPartOf":{"@id":"https:\/\/contadoreshoy.com\/#website"},"primaryImageOfPage":{"@id":"https:\/\/contadoreshoy.com\/?p=12321#primaryimage"},"image":{"@id":"https:\/\/contadoreshoy.com\/?p=12321#primaryimage"},"thumbnailUrl":"https:\/\/contadoreshoy.com\/wp-content\/uploads\/2020\/03\/Coronavirus.jpg","datePublished":"2020-03-19T15:21:18+00:00","dateModified":"2020-03-24T13:34:30+00:00","breadcrumb":{"@id":"https:\/\/contadoreshoy.com\/?p=12321#breadcrumb"},"inLanguage":"es","potentialAction":[{"@type":"ReadAction","target":["https:\/\/contadoreshoy.com\/?p=12321"]}]},{"@type":"ImageObject","inLanguage":"es","@id":"https:\/\/contadoreshoy.com\/?p=12321#primaryimage","url":"https:\/\/contadoreshoy.com\/wp-content\/uploads\/2020\/03\/Coronavirus.jpg","contentUrl":"https:\/\/contadoreshoy.com\/wp-content\/uploads\/2020\/03\/Coronavirus.jpg","width":600,"height":400},{"@type":"BreadcrumbList","@id":"https:\/\/contadoreshoy.com\/?p=12321#breadcrumb","itemListElement":[{"@type":"ListItem","position":1,"name":"Portada","item":"https:\/\/contadoreshoy.com\/"},{"@type":"ListItem","position":2,"name":"Decreto 420 de marzo 18 de 2020 &#8211; Medidas de orden p\u00fablico por causa del Coronavirus COVID-19"}]},{"@type":"WebSite","@id":"https:\/\/contadoreshoy.com\/#website","url":"https:\/\/contadoreshoy.com\/","name":"Contadorespublicossantander","description":"Portal para Contadores P\u00fablicos y empresarios","publisher":{"@id":"https:\/\/contadoreshoy.com\/#organization"},"potentialAction":[{"@type":"SearchAction","target":{"@type":"EntryPoint","urlTemplate":"https:\/\/contadoreshoy.com\/?s={search_term_string}"},"query-input":{"@type":"PropertyValueSpecification","valueRequired":true,"valueName":"search_term_string"}}],"inLanguage":"es"},{"@type":"Organization","@id":"https:\/\/contadoreshoy.com\/#organization","name":"Contadores P\u00fablicos de Santander","url":"https:\/\/contadoreshoy.com\/","logo":{"@type":"ImageObject","inLanguage":"es","@id":"https:\/\/contadoreshoy.com\/#\/schema\/logo\/image\/","url":"https:\/\/contadoreshoy.com\/wp-content\/uploads\/2024\/01\/cropped-cropped-Copia-de-M-1.jpg","contentUrl":"https:\/\/contadoreshoy.com\/wp-content\/uploads\/2024\/01\/cropped-cropped-Copia-de-M-1.jpg","width":499,"height":500,"caption":"Contadores P\u00fablicos de Santander"},"image":{"@id":"https:\/\/contadoreshoy.com\/#\/schema\/logo\/image\/"},"sameAs":["https:\/\/www.facebook.com\/CCCPBucaramanga\/"]},{"@type":"Person","@id":"https:\/\/contadoreshoy.com\/#\/schema\/person\/96d8979cb865537c5dc9345e40089fc5","name":"Miguel Antonio M\u00e1rquez Monta\u00f1ez","description":"Contador P\u00fablico egresado de la Universidad Aut\u00f3noma de Bucaramanga - Asesor contable tributario con m\u00e1s de 25 a\u00f1os de experiencia - Conferencista en temas contables y tributarios - T\u00e9cnico en Hardware y Dise\u00f1o Web - Creador y director Grupo de Estudio Colegio Colombiano de Contadores P\u00fablicos de Bucaramanga - Creador y Master Web p\u00e1gina www.contadoresp\u00fablicossantander.com - Expresidente Colegio Colombiano de Contadores P\u00fablicos Bucaramanga","url":"https:\/\/contadoreshoy.com\/?author=1"}]}},"_links":{"self":[{"href":"https:\/\/contadoreshoy.com\/index.php?rest_route=\/wp\/v2\/posts\/12321","targetHints":{"allow":["GET"]}}],"collection":[{"href":"https:\/\/contadoreshoy.com\/index.php?rest_route=\/wp\/v2\/posts"}],"about":[{"href":"https:\/\/contadoreshoy.com\/index.php?rest_route=\/wp\/v2\/types\/post"}],"author":[{"embeddable":true,"href":"https:\/\/contadoreshoy.com\/index.php?rest_route=\/wp\/v2\/users\/1"}],"replies":[{"embeddable":true,"href":"https:\/\/contadoreshoy.com\/index.php?rest_route=%2Fwp%2Fv2%2Fcomments&post=12321"}],"version-history":[{"count":5,"href":"https:\/\/contadoreshoy.com\/index.php?rest_route=\/wp\/v2\/posts\/12321\/revisions"}],"predecessor-version":[{"id":12361,"href":"https:\/\/contadoreshoy.com\/index.php?rest_route=\/wp\/v2\/posts\/12321\/revisions\/12361"}],"wp:featuredmedia":[{"embeddable":true,"href":"https:\/\/contadoreshoy.com\/index.php?rest_route=\/wp\/v2\/media\/12323"}],"wp:attachment":[{"href":"https:\/\/contadoreshoy.com\/index.php?rest_route=%2Fwp%2Fv2%2Fmedia&parent=12321"}],"wp:term":[{"taxonomy":"category","embeddable":true,"href":"https:\/\/contadoreshoy.com\/index.php?rest_route=%2Fwp%2Fv2%2Fcategories&post=12321"},{"taxonomy":"post_tag","embeddable":true,"href":"https:\/\/contadoreshoy.com\/index.php?rest_route=%2Fwp%2Fv2%2Ftags&post=12321"}],"curies":[{"name":"wp","href":"https:\/\/api.w.org\/{rel}","templated":true}]}}