{"id":12335,"date":"2020-03-20T11:59:10","date_gmt":"2020-03-20T16:59:10","guid":{"rendered":"https:\/\/contadoreshoy.com\/?p=12335"},"modified":"2020-03-20T12:02:39","modified_gmt":"2020-03-20T17:02:39","slug":"fiscalizacion-laboral-rigurosa-las-decisiones-laborales-empleadores-la-emergencia-sanitaria","status":"publish","type":"post","link":"https:\/\/contadoreshoy.com\/?p=12335","title":{"rendered":"Fiscalizaci\u00f3n laboral rigurosa a las decisiones laborales de empleadores durante la emergencia sanitaria"},"content":{"rendered":"<p><img loading=\"lazy\" decoding=\"async\" class=\"aligncenter wp-image-6740 size-full\" src=\"https:\/\/contadoreshoy.com\/wp-content\/uploads\/2016\/02\/Ministerio-del-trabajo.png\" alt=\"\" width=\"600\" height=\"400\" srcset=\"https:\/\/contadoreshoy.com\/wp-content\/uploads\/2016\/02\/Ministerio-del-trabajo.png 600w, https:\/\/contadoreshoy.com\/wp-content\/uploads\/2016\/02\/Ministerio-del-trabajo-300x200.png 300w\" sizes=\"auto, (max-width: 600px) 100vw, 600px\" \/><\/p>\n<p style=\"text-align: center;\"><strong><span style=\"color: #000000;\">MINTRABAJO<\/span><\/strong><\/p>\n<p style=\"text-align: center;\"><a href=\"http:\/\/www.mintrabajo.gov.co\/documents\/20147\/0\/0022.PDF\/a44423aa-94d3-03eb-8706-1553868ec009?t=1584654572292\" target=\"_blank\" rel=\"noopener\"><strong><span style=\"color: #000000;\">CIRCULAR EXTERNA No 0022<\/span><\/strong><\/a><\/p>\n<p>&nbsp;<\/p>\n<p><strong><span style=\"color: #000000;\">DE:&nbsp;&nbsp;&nbsp;&nbsp;&nbsp;&nbsp;&nbsp;&nbsp;&nbsp;&nbsp;&nbsp;&nbsp;&nbsp;&nbsp;&nbsp;&nbsp;&nbsp;&nbsp;&nbsp;&nbsp;&nbsp;&nbsp; MINISTRO DEL TRABAJO<\/span><\/strong><\/p>\n<p><strong><span style=\"color: #000000;\">PARA:&nbsp;&nbsp;&nbsp;&nbsp;&nbsp;&nbsp;&nbsp;&nbsp;&nbsp;&nbsp;&nbsp;&nbsp;&nbsp;&nbsp;&nbsp;&nbsp;&nbsp; EMPLEADORES Y TRABAJADORES DEL SECTOR PRIVADO<\/span><\/strong><\/p>\n<p><strong><span style=\"color: #000000;\">ASUNTO:&nbsp;&nbsp;&nbsp;&nbsp;&nbsp;&nbsp;&nbsp;&nbsp;&nbsp;&nbsp;&nbsp; FISCALIZACI\u00d3N LABORAL RIGUROSA A LAS DECISIONES LABORALES DE EMPLEADORES DURANTE LA EMERGENCIA SANITARIA<\/span><\/strong><\/p>\n<p>&nbsp;<\/p>\n<p style=\"text-align: justify;\"><strong><span style=\"color: #000000;\">Este Ministerio ha recordado en diversas oportunidades que el trabajo \u00abes un derecho y una obligaci\u00f3n social y goza, en todas su modalidades, de la especial protecci\u00f3n del Estado\u00bb, tal y como se indica en el art\u00edclo 25 de la Constituci\u00f3n Pol\u00edtica de Colombia.<\/span><\/strong><\/p>\n<p style=\"text-align: justify;\"><strong><span style=\"color: #000000;\">En virtud del compromiso de este gobierno y del llamado que hace la organizaci\u00f3n internacional del trabajo a todos los gobiernos del mundo, para proteger a los trabajadores, estimular la econom\u00eda y el empleo, y sostener los puestos de trabajo y los ingresos en la crisis por la que atraviesa el planeta con la pandemia del COVID-19, este Ministerio informa que en raz\u00f3n a la suspensi\u00f3n de t\u00e9rminos en todas las sedes, <span style=\"text-decoration: underline; color: #0000ff;\">no se ha emitido autorizaci\u00f3n alguna de despido colectivo de trabajadores, ni de suspensi\u00f3n de contratos laborales.<\/span><\/span><\/strong><\/p>\n<p style=\"text-align: justify;\"><span style=\"color: #0000ff;\"><strong>Adicionalmente, esta entidad aclara que la configuraci\u00f3n o no de una fuerza mayor corresponde de manera funcional al Juez de la Rep\u00fablica, quien determinar\u00e1 o no su existencia, con base en la valoraci\u00f3n de los hechos puestos a su consideraci\u00f3n.<\/strong><\/span><\/p>\n<p style=\"text-align: justify;\"><strong><span style=\"color: #000000;\">En todo caso, el empleador debe valorar las funciones a cargo del trabajador y la posibilidad del desempe\u00f1o de las mismas a trav\u00e9s de las alternativas planteadas en la Circular 21 de 2020, por lo que se hace un llamado a los empleadores para que en estos momentos de dificultad mantengan la solidaridad y el respaldo que los ha caracterizado hacia los trabajadores y sus familias, independientemente de si su vinculaci\u00f3n es directa o en misi\u00f3n, para lo cual pueden hacer uso de medidas tales como : Trabajo en casa, teletrabajo, jornada laboral flexible, vacaciones acumuladas, anticipadas y colectivas, permisos remunerados y salarios sin prestaci\u00f3n del servicio.<\/span><\/strong><\/p>\n<p style=\"text-align: justify;\"><strong><span style=\"color: #000000;\">Finalmente, <span style=\"color: #0000ff;\">se informa que el Ministerio del Trabajo ha adoptado la figura de fiscalizaci\u00f3n laboral rigurosa, mediante la cual se tomar\u00e1n estrictas medidas de inspecci\u00f3n, vigilancia y control sobre las decisiones que adopten empleadores<\/span>, en relaci\u00f3n con los contratos de trabajo durante la emergencia sanitaria declarada por el Ministerio de salud mediante la Resoluci\u00f3n 385 del 12 de marzo de 2020 y la declaratoria de emergencia social, econ\u00f3mica y ecol\u00f3gica declarada por el se\u00f1or Presidente de la Rep\u00fablica mediante el Decreto 417 de 2020.<\/span><\/strong><\/p>\n<p style=\"text-align: justify;\">&nbsp;<\/p>\n<p style=\"text-align: justify;\"><strong><span style=\"color: #000000;\">\u00c1NGEL CUSTODIO CABRERA B\u00c1EZ<\/span><\/strong><\/p>\n<p style=\"text-align: justify;\"><strong><span style=\"color: #000000;\">Ministro del Trabajo<\/span><\/strong><\/p>\n<p style=\"text-align: justify;\"><span style=\"font-size: 12pt;\"><strong><span style=\"color: #000000;\">Para ver <a href=\"http:\/\/www.mintrabajo.gov.co\/documents\/20147\/0\/Circular+0021.pdf\/8049a852-e8b0-b5e7-05d3-8da3943c0879?t=1584464523596\" target=\"_blank\" rel=\"noopener\">circular 0021 de marzo 17 de 2020<\/a>, sobre medidas de protecci\u00f3n al empleo con ocasi\u00f3n de la fase de contenci\u00f3n de covid-19 y de la declaraci\u00f3n de emergencia sanitaria, dar click aqu\u00ed:<\/span><\/strong><\/span><\/p>\n","protected":false},"excerpt":{"rendered":"<p>MINTRABAJO CIRCULAR EXTERNA No 0022 &nbsp; DE:&nbsp;&nbsp;&nbsp;&nbsp;&nbsp;&nbsp;&nbsp;&nbsp;&nbsp;&nbsp;&nbsp;&nbsp;&nbsp;&nbsp;&nbsp;&nbsp;&nbsp;&nbsp;&nbsp;&nbsp;&nbsp;&nbsp; MINISTRO DEL TRABAJO PARA:&nbsp;&nbsp;&nbsp;&nbsp;&nbsp;&nbsp;&nbsp;&nbsp;&nbsp;&nbsp;&nbsp;&nbsp;&nbsp;&nbsp;&nbsp;&nbsp;&nbsp; EMPLEADORES Y TRABAJADORES DEL SECTOR PRIVADO ASUNTO:&nbsp;&nbsp;&nbsp;&nbsp;&nbsp;&nbsp;&nbsp;&nbsp;&nbsp;&nbsp;&nbsp; FISCALIZACI\u00d3N LABORAL RIGUROSA A LAS DECISIONES LABORALES DE EMPLEADORES DURANTE LA EMERGENCIA&#46;&#46;&#46;<\/p>\n","protected":false},"author":1,"featured_media":6740,"comment_status":"open","ping_status":"open","sticky":false,"template":"","format":"standard","meta":{"_monsterinsights_skip_tracking":false,"ngg_post_thumbnail":0,"footnotes":"","_links_to":"","_links_to_target":""},"categories":[454,1],"tags":[],"class_list":["post-12335","post","type-post","status-publish","format-standard","has-post-thumbnail","hentry","category-sin-categoria","category-uncategorized"],"aioseo_notices":[],"aioseo_head":"\n\t\t<!-- All in One SEO 5.0.1.1 - aioseo.com -->\n\t<meta name=\"description\" content=\"MINTRABAJO CIRCULAR EXTERNA No 0022 DE: MINISTRO DEL TRABAJO PARA: EMPLEADORES Y TRABAJADORES DEL SECTOR PRIVADO ASUNTO: FISCALIZACI\u00d3N LABORAL RIGUROSA A LAS DECISIONES LABORALES DE EMPLEADORES DURANTE LA EMERGENCIA SANITARIA Este Ministerio ha recordado en diversas oportunidades que el trabajo &quot;es un derecho y una obligaci\u00f3n social y goza, en todas su modalidades,\" \/>\n\t<meta name=\"robots\" content=\"max-image-preview:large\" \/>\n\t<meta name=\"author\" content=\"Miguel Antonio M\u00e1rquez Monta\u00f1ez\"\/>\n\t<link rel=\"canonical\" href=\"https:\/\/contadoreshoy.com\/?p=12335\" \/>\n\t<meta name=\"generator\" content=\"All in One SEO (AIOSEO) 5.0.1.1\" \/>\n\t\t<meta property=\"og:locale\" content=\"es_ES\" \/>\n\t\t<meta property=\"og:site_name\" content=\"Contadores P\u00fablicos - Portal para Contadores P\u00fablicos y empresarios\" \/>\n\t\t<meta property=\"og:type\" content=\"article\" \/>\n\t\t<meta property=\"og:title\" content=\"Fiscalizaci\u00f3n laboral rigurosa a las decisiones laborales de empleadores durante la emergencia sanitaria - Contadores P\u00fablicos\" \/>\n\t\t<meta property=\"og:description\" content=\"MINTRABAJO CIRCULAR EXTERNA No 0022 DE: MINISTRO DEL TRABAJO PARA: EMPLEADORES Y TRABAJADORES DEL SECTOR PRIVADO ASUNTO: FISCALIZACI\u00d3N LABORAL RIGUROSA A LAS DECISIONES LABORALES DE EMPLEADORES DURANTE LA EMERGENCIA SANITARIA Este Ministerio ha recordado en diversas oportunidades que el trabajo &quot;es un derecho y una obligaci\u00f3n social y goza, en todas su modalidades,\" \/>\n\t\t<meta property=\"og:url\" content=\"https:\/\/contadoreshoy.com\/?p=12335\" \/>\n\t\t<meta property=\"og:image\" content=\"https:\/\/contadoreshoy.com\/wp-content\/uploads\/2024\/01\/cropped-cropped-cropped-Copia-de-M.jpg\" \/>\n\t\t<meta property=\"og:image:secure_url\" content=\"https:\/\/contadoreshoy.com\/wp-content\/uploads\/2024\/01\/cropped-cropped-cropped-Copia-de-M.jpg\" \/>\n\t\t<meta property=\"og:image:width\" content=\"512\" \/>\n\t\t<meta property=\"og:image:height\" content=\"371\" \/>\n\t\t<meta property=\"article:published_time\" content=\"2020-03-20T16:59:10+00:00\" \/>\n\t\t<meta property=\"article:modified_time\" content=\"2020-03-20T17:02:39+00:00\" \/>\n\t\t<meta name=\"twitter:card\" content=\"summary_large_image\" \/>\n\t\t<meta name=\"twitter:title\" content=\"Fiscalizaci\u00f3n laboral rigurosa a las decisiones laborales de empleadores durante la emergencia sanitaria - Contadores P\u00fablicos\" \/>\n\t\t<meta name=\"twitter:description\" content=\"MINTRABAJO CIRCULAR EXTERNA No 0022 DE: MINISTRO DEL TRABAJO PARA: EMPLEADORES Y TRABAJADORES DEL SECTOR PRIVADO ASUNTO: FISCALIZACI\u00d3N LABORAL RIGUROSA A LAS DECISIONES LABORALES DE EMPLEADORES DURANTE LA EMERGENCIA SANITARIA Este Ministerio ha recordado en diversas oportunidades que el trabajo &quot;es un derecho y una obligaci\u00f3n social y goza, en todas su modalidades,\" \/>\n\t\t<meta name=\"twitter:image\" content=\"https:\/\/contadoreshoy.com\/wp-content\/uploads\/2024\/01\/cropped-cropped-cropped-Copia-de-M.jpg\" \/>\n\t\t<script type=\"application\/ld+json\" class=\"aioseo-schema\">\n\t\t\t{\"@context\":\"https:\\\/\\\/schema.org\",\"@graph\":[{\"@type\":\"BlogPosting\",\"@id\":\"https:\\\/\\\/contadoreshoy.com\\\/?p=12335#blogposting\",\"name\":\"Fiscalizaci\\u00f3n laboral rigurosa a las decisiones laborales de empleadores durante la emergencia sanitaria - Contadores P\\u00fablicos\",\"headline\":\"Fiscalizaci\\u00f3n laboral rigurosa a las decisiones laborales de empleadores durante la emergencia sanitaria\",\"author\":{\"@id\":\"https:\\\/\\\/contadoreshoy.com\\\/?author=1#author\"},\"publisher\":{\"@id\":\"https:\\\/\\\/contadoreshoy.com\\\/#organization\"},\"image\":{\"@type\":\"ImageObject\",\"url\":\"https:\\\/\\\/contadoreshoy.com\\\/wp-content\\\/uploads\\\/2016\\\/02\\\/Ministerio-del-trabajo.png\",\"width\":600,\"height\":400},\"datePublished\":\"2020-03-20T11:59:10-05:00\",\"dateModified\":\"2020-03-20T12:02:39-05:00\",\"inLanguage\":\"es-ES\",\"mainEntityOfPage\":{\"@id\":\"https:\\\/\\\/contadoreshoy.com\\\/?p=12335#webpage\"},\"isPartOf\":{\"@id\":\"https:\\\/\\\/contadoreshoy.com\\\/?p=12335#webpage\"},\"articleSection\":\"Sin categor\\u00eda, Uncategorized\"},{\"@type\":\"BreadcrumbList\",\"@id\":\"https:\\\/\\\/contadoreshoy.com\\\/?p=12335#breadcrumblist\",\"itemListElement\":[{\"@type\":\"ListItem\",\"@id\":\"https:\\\/\\\/contadoreshoy.com#listItem\",\"position\":1,\"name\":\"Home\",\"item\":\"https:\\\/\\\/contadoreshoy.com\",\"nextItem\":{\"@type\":\"ListItem\",\"@id\":\"https:\\\/\\\/contadoreshoy.com\\\/?cat=1#listItem\",\"name\":\"Uncategorized\"}},{\"@type\":\"ListItem\",\"@id\":\"https:\\\/\\\/contadoreshoy.com\\\/?cat=1#listItem\",\"position\":2,\"name\":\"Uncategorized\",\"item\":\"https:\\\/\\\/contadoreshoy.com\\\/?cat=1\",\"nextItem\":{\"@type\":\"ListItem\",\"@id\":\"https:\\\/\\\/contadoreshoy.com\\\/?p=12335#listItem\",\"name\":\"Fiscalizaci\\u00f3n laboral rigurosa a las decisiones laborales de empleadores durante la emergencia sanitaria\"},\"previousItem\":{\"@type\":\"ListItem\",\"@id\":\"https:\\\/\\\/contadoreshoy.com#listItem\",\"name\":\"Home\"}},{\"@type\":\"ListItem\",\"@id\":\"https:\\\/\\\/contadoreshoy.com\\\/?p=12335#listItem\",\"position\":3,\"name\":\"Fiscalizaci\\u00f3n laboral rigurosa a las decisiones laborales de empleadores durante la emergencia sanitaria\",\"previousItem\":{\"@type\":\"ListItem\",\"@id\":\"https:\\\/\\\/contadoreshoy.com\\\/?cat=1#listItem\",\"name\":\"Uncategorized\"}}]},{\"@type\":\"Organization\",\"@id\":\"https:\\\/\\\/contadoreshoy.com\\\/#organization\",\"name\":\"Contadores P\\u00fablicos\",\"description\":\"Portal para Contadores P\\u00fablicos y empresarios\",\"url\":\"https:\\\/\\\/contadoreshoy.com\\\/\",\"logo\":{\"@type\":\"ImageObject\",\"url\":\"https:\\\/\\\/contadoreshoy.com\\\/wp-content\\\/uploads\\\/2024\\\/01\\\/cropped-cropped-Copia-de-M-1.jpg\",\"@id\":\"https:\\\/\\\/contadoreshoy.com\\\/?p=12335\\\/#organizationLogo\",\"width\":499,\"height\":500},\"image\":{\"@id\":\"https:\\\/\\\/contadoreshoy.com\\\/?p=12335\\\/#organizationLogo\"}},{\"@type\":\"Person\",\"@id\":\"https:\\\/\\\/contadoreshoy.com\\\/?author=1#author\",\"url\":\"https:\\\/\\\/contadoreshoy.com\\\/?author=1\",\"name\":\"Miguel Antonio M\\u00e1rquez Monta\\u00f1ez\"},{\"@type\":\"WebPage\",\"@id\":\"https:\\\/\\\/contadoreshoy.com\\\/?p=12335#webpage\",\"url\":\"https:\\\/\\\/contadoreshoy.com\\\/?p=12335\",\"name\":\"Fiscalizaci\\u00f3n laboral rigurosa a las decisiones laborales de empleadores durante la emergencia sanitaria - Contadores P\\u00fablicos\",\"description\":\"MINTRABAJO CIRCULAR EXTERNA No 0022 DE: MINISTRO DEL TRABAJO PARA: EMPLEADORES Y TRABAJADORES DEL SECTOR PRIVADO ASUNTO: FISCALIZACI\\u00d3N LABORAL RIGUROSA A LAS DECISIONES LABORALES DE EMPLEADORES DURANTE LA EMERGENCIA SANITARIA Este Ministerio ha recordado en diversas oportunidades que el trabajo \\\"es un derecho y una obligaci\\u00f3n social y goza, en todas su modalidades,\",\"inLanguage\":\"es-ES\",\"isPartOf\":{\"@id\":\"https:\\\/\\\/contadoreshoy.com\\\/#website\"},\"breadcrumb\":{\"@id\":\"https:\\\/\\\/contadoreshoy.com\\\/?p=12335#breadcrumblist\"},\"author\":{\"@id\":\"https:\\\/\\\/contadoreshoy.com\\\/?author=1#author\"},\"creator\":{\"@id\":\"https:\\\/\\\/contadoreshoy.com\\\/?author=1#author\"},\"image\":{\"@type\":\"ImageObject\",\"url\":\"https:\\\/\\\/contadoreshoy.com\\\/wp-content\\\/uploads\\\/2016\\\/02\\\/Ministerio-del-trabajo.png\",\"@id\":\"https:\\\/\\\/contadoreshoy.com\\\/?p=12335\\\/#mainImage\",\"width\":600,\"height\":400},\"primaryImageOfPage\":{\"@id\":\"https:\\\/\\\/contadoreshoy.com\\\/?p=12335#mainImage\"},\"datePublished\":\"2020-03-20T11:59:10-05:00\",\"dateModified\":\"2020-03-20T12:02:39-05:00\"},{\"@type\":\"WebSite\",\"@id\":\"https:\\\/\\\/contadoreshoy.com\\\/#website\",\"url\":\"https:\\\/\\\/contadoreshoy.com\\\/\",\"name\":\"Contadores P\\u00fablicos\",\"description\":\"Portal para Contadores P\\u00fablicos y empresarios\",\"inLanguage\":\"es-ES\",\"publisher\":{\"@id\":\"https:\\\/\\\/contadoreshoy.com\\\/#organization\"}}]}\n\t\t<\/script>\n\t\t<!-- All in One SEO -->\n\n","aioseo_head_json":{"title":"Fiscalizaci\u00f3n laboral rigurosa a las decisiones laborales de empleadores durante la emergencia sanitaria - Contadores P\u00fablicos","description":"MINTRABAJO CIRCULAR EXTERNA No 0022 DE: MINISTRO DEL TRABAJO PARA: EMPLEADORES Y TRABAJADORES DEL SECTOR PRIVADO ASUNTO: FISCALIZACI\u00d3N LABORAL RIGUROSA A LAS DECISIONES LABORALES DE EMPLEADORES DURANTE LA EMERGENCIA SANITARIA Este Ministerio ha recordado en diversas oportunidades que el trabajo \"es un derecho y una obligaci\u00f3n social y goza, en todas su modalidades,","canonical_url":"https:\/\/contadoreshoy.com\/?p=12335","robots":"max-image-preview:large","keywords":"","webmasterTools":{"miscellaneous":""},"schema":{"@context":"https:\/\/schema.org","@graph":[{"@type":"BlogPosting","@id":"https:\/\/contadoreshoy.com\/?p=12335#blogposting","name":"Fiscalizaci\u00f3n laboral rigurosa a las decisiones laborales de empleadores durante la emergencia sanitaria - Contadores P\u00fablicos","headline":"Fiscalizaci\u00f3n laboral rigurosa a las decisiones laborales de empleadores durante la emergencia sanitaria","author":{"@id":"https:\/\/contadoreshoy.com\/?author=1#author"},"publisher":{"@id":"https:\/\/contadoreshoy.com\/#organization"},"image":{"@type":"ImageObject","url":"https:\/\/contadoreshoy.com\/wp-content\/uploads\/2016\/02\/Ministerio-del-trabajo.png","width":600,"height":400},"datePublished":"2020-03-20T11:59:10-05:00","dateModified":"2020-03-20T12:02:39-05:00","inLanguage":"es-ES","mainEntityOfPage":{"@id":"https:\/\/contadoreshoy.com\/?p=12335#webpage"},"isPartOf":{"@id":"https:\/\/contadoreshoy.com\/?p=12335#webpage"},"articleSection":"Sin categor\u00eda, Uncategorized"},{"@type":"BreadcrumbList","@id":"https:\/\/contadoreshoy.com\/?p=12335#breadcrumblist","itemListElement":[{"@type":"ListItem","@id":"https:\/\/contadoreshoy.com#listItem","position":1,"name":"Home","item":"https:\/\/contadoreshoy.com","nextItem":{"@type":"ListItem","@id":"https:\/\/contadoreshoy.com\/?cat=1#listItem","name":"Uncategorized"}},{"@type":"ListItem","@id":"https:\/\/contadoreshoy.com\/?cat=1#listItem","position":2,"name":"Uncategorized","item":"https:\/\/contadoreshoy.com\/?cat=1","nextItem":{"@type":"ListItem","@id":"https:\/\/contadoreshoy.com\/?p=12335#listItem","name":"Fiscalizaci\u00f3n laboral rigurosa a las decisiones laborales de empleadores durante la emergencia sanitaria"},"previousItem":{"@type":"ListItem","@id":"https:\/\/contadoreshoy.com#listItem","name":"Home"}},{"@type":"ListItem","@id":"https:\/\/contadoreshoy.com\/?p=12335#listItem","position":3,"name":"Fiscalizaci\u00f3n laboral rigurosa a las decisiones laborales de empleadores durante la emergencia sanitaria","previousItem":{"@type":"ListItem","@id":"https:\/\/contadoreshoy.com\/?cat=1#listItem","name":"Uncategorized"}}]},{"@type":"Organization","@id":"https:\/\/contadoreshoy.com\/#organization","name":"Contadores P\u00fablicos","description":"Portal para Contadores P\u00fablicos y empresarios","url":"https:\/\/contadoreshoy.com\/","logo":{"@type":"ImageObject","url":"https:\/\/contadoreshoy.com\/wp-content\/uploads\/2024\/01\/cropped-cropped-Copia-de-M-1.jpg","@id":"https:\/\/contadoreshoy.com\/?p=12335\/#organizationLogo","width":499,"height":500},"image":{"@id":"https:\/\/contadoreshoy.com\/?p=12335\/#organizationLogo"}},{"@type":"Person","@id":"https:\/\/contadoreshoy.com\/?author=1#author","url":"https:\/\/contadoreshoy.com\/?author=1","name":"Miguel Antonio M\u00e1rquez Monta\u00f1ez"},{"@type":"WebPage","@id":"https:\/\/contadoreshoy.com\/?p=12335#webpage","url":"https:\/\/contadoreshoy.com\/?p=12335","name":"Fiscalizaci\u00f3n laboral rigurosa a las decisiones laborales de empleadores durante la emergencia sanitaria - Contadores P\u00fablicos","description":"MINTRABAJO CIRCULAR EXTERNA No 0022 DE: MINISTRO DEL TRABAJO PARA: EMPLEADORES Y TRABAJADORES DEL SECTOR PRIVADO ASUNTO: FISCALIZACI\u00d3N LABORAL RIGUROSA A LAS DECISIONES LABORALES DE EMPLEADORES DURANTE LA EMERGENCIA SANITARIA Este Ministerio ha recordado en diversas oportunidades que el trabajo \"es un derecho y una obligaci\u00f3n social y goza, en todas su modalidades,","inLanguage":"es-ES","isPartOf":{"@id":"https:\/\/contadoreshoy.com\/#website"},"breadcrumb":{"@id":"https:\/\/contadoreshoy.com\/?p=12335#breadcrumblist"},"author":{"@id":"https:\/\/contadoreshoy.com\/?author=1#author"},"creator":{"@id":"https:\/\/contadoreshoy.com\/?author=1#author"},"image":{"@type":"ImageObject","url":"https:\/\/contadoreshoy.com\/wp-content\/uploads\/2016\/02\/Ministerio-del-trabajo.png","@id":"https:\/\/contadoreshoy.com\/?p=12335\/#mainImage","width":600,"height":400},"primaryImageOfPage":{"@id":"https:\/\/contadoreshoy.com\/?p=12335#mainImage"},"datePublished":"2020-03-20T11:59:10-05:00","dateModified":"2020-03-20T12:02:39-05:00"},{"@type":"WebSite","@id":"https:\/\/contadoreshoy.com\/#website","url":"https:\/\/contadoreshoy.com\/","name":"Contadores P\u00fablicos","description":"Portal para Contadores P\u00fablicos y empresarios","inLanguage":"es-ES","publisher":{"@id":"https:\/\/contadoreshoy.com\/#organization"}}]},"og:locale":"es_ES","og:site_name":"Contadores P\u00fablicos - Portal para Contadores P\u00fablicos y empresarios","og:type":"article","og:title":"Fiscalizaci\u00f3n laboral rigurosa a las decisiones laborales de empleadores durante la emergencia sanitaria - Contadores P\u00fablicos","og:description":"MINTRABAJO CIRCULAR EXTERNA No 0022 DE: MINISTRO DEL TRABAJO PARA: EMPLEADORES Y TRABAJADORES DEL SECTOR PRIVADO ASUNTO: FISCALIZACI\u00d3N LABORAL RIGUROSA A LAS DECISIONES LABORALES DE EMPLEADORES DURANTE LA EMERGENCIA SANITARIA Este Ministerio ha recordado en diversas oportunidades que el trabajo &quot;es un derecho y una obligaci\u00f3n social y goza, en todas su modalidades,","og:url":"https:\/\/contadoreshoy.com\/?p=12335","og:image":"https:\/\/contadoreshoy.com\/wp-content\/uploads\/2024\/01\/cropped-cropped-cropped-Copia-de-M.jpg","og:image:secure_url":"https:\/\/contadoreshoy.com\/wp-content\/uploads\/2024\/01\/cropped-cropped-cropped-Copia-de-M.jpg","og:image:width":512,"og:image:height":371,"article:published_time":"2020-03-20T16:59:10+00:00","article:modified_time":"2020-03-20T17:02:39+00:00","twitter:card":"summary_large_image","twitter:title":"Fiscalizaci\u00f3n laboral rigurosa a las decisiones laborales de empleadores durante la emergencia sanitaria - Contadores P\u00fablicos","twitter:description":"MINTRABAJO CIRCULAR EXTERNA No 0022 DE: MINISTRO DEL TRABAJO PARA: EMPLEADORES Y TRABAJADORES DEL SECTOR PRIVADO ASUNTO: FISCALIZACI\u00d3N LABORAL RIGUROSA A LAS DECISIONES LABORALES DE EMPLEADORES DURANTE LA EMERGENCIA SANITARIA Este Ministerio ha recordado en diversas oportunidades que el trabajo &quot;es un derecho y una obligaci\u00f3n social y goza, en todas su modalidades,","twitter:image":"https:\/\/contadoreshoy.com\/wp-content\/uploads\/2024\/01\/cropped-cropped-cropped-Copia-de-M.jpg"},"aioseo_meta_data":{"post_id":"12335","title":null,"description":null,"keywords":null,"keyphrases":null,"primary_term":null,"canonical_url":null,"og_title":null,"og_description":null,"og_object_type":"default","og_image_type":"default","og_image_url":null,"og_image_width":null,"og_image_height":null,"og_image_custom_url":null,"og_image_custom_fields":null,"og_video":null,"og_custom_url":null,"og_article_section":null,"og_article_tags":null,"twitter_use_og":false,"twitter_card":"default","twitter_image_type":"default","twitter_image_url":null,"twitter_image_custom_url":null,"twitter_image_custom_fields":null,"twitter_title":null,"twitter_description":null,"schema":{"blockGraphs":[],"customGraphs":[],"default":{"data":{"Article":[],"Course":[],"Dataset":[],"FAQPage":[],"Movie":[],"Person":[],"Product":[],"ProductReview":[],"Car":[],"Recipe":[],"Service":[],"SoftwareApplication":[],"WebPage":[]},"graphName":"","isEnabled":true},"graphs":[]},"schema_type":"default","schema_type_options":null,"pillar_content":false,"robots_default":true,"robots_noindex":false,"robots_noarchive":false,"robots_nosnippet":false,"robots_nofollow":false,"robots_noimageindex":false,"robots_noodp":false,"robots_notranslate":false,"robots_max_snippet":null,"robots_max_videopreview":null,"robots_max_imagepreview":"large","priority":null,"frequency":null,"local_seo":null,"breadcrumb_settings":null,"limit_modified_date":false,"ai":null,"created":"2024-03-05 02:13:27","updated":"2026-03-03 05:22:40","seo_analyzer_scan_date":null,"focus_keyword":null,"additional_keywords":null,"truseo_locale":null},"aioseo_breadcrumb":"<div class=\"aioseo-breadcrumbs\"><span class=\"aioseo-breadcrumb\">\n\t\t\t<a href=\"https:\/\/contadoreshoy.com\" title=\"Home\">Home<\/a>\n\t\t<\/span><span class=\"aioseo-breadcrumb-separator\">&raquo;<\/span><span class=\"aioseo-breadcrumb\">\n\t\t\t<a href=\"https:\/\/contadoreshoy.com\/?cat=1\" title=\"Uncategorized\">Uncategorized<\/a>\n\t\t<\/span><span class=\"aioseo-breadcrumb-separator\">&raquo;<\/span><span class=\"aioseo-breadcrumb\">\n\t\t\tFiscalizaci\u00f3n laboral rigurosa a las decisiones laborales de empleadores durante la emergencia sanitaria\n\t\t<\/span><\/div>","aioseo_breadcrumb_json":[{"label":"Home","link":"https:\/\/contadoreshoy.com"},{"label":"Uncategorized","link":"https:\/\/contadoreshoy.com\/?cat=1"},{"label":"Fiscalizaci\u00f3n laboral rigurosa a las decisiones laborales de empleadores durante la emergencia sanitaria","link":"https:\/\/contadoreshoy.com\/?p=12335"}],"yoast_head":"<!-- This site is optimized with the Yoast SEO plugin v28.4 - https:\/\/yoast.com\/product\/yoast-seo-wordpress\/ -->\n<title>Fiscalizaci\u00f3n laboral rigurosa a las decisiones laborales de empleadores durante la emergencia sanitaria - Contadores P\u00fablicos<\/title>\n<meta name=\"robots\" content=\"index, follow, max-snippet:-1, max-image-preview:large, max-video-preview:-1\" \/>\n<link rel=\"canonical\" href=\"https:\/\/contadoreshoy.com\/?p=12335\" \/>\n<meta property=\"og:locale\" content=\"es_ES\" \/>\n<meta property=\"og:type\" content=\"article\" \/>\n<meta property=\"og:title\" content=\"Fiscalizaci\u00f3n laboral rigurosa a las decisiones laborales de empleadores durante la emergencia sanitaria - Contadores P\u00fablicos\" \/>\n<meta property=\"og:description\" content=\"MINTRABAJO CIRCULAR EXTERNA No 0022 &nbsp; DE:&nbsp;&nbsp;&nbsp;&nbsp;&nbsp;&nbsp;&nbsp;&nbsp;&nbsp;&nbsp;&nbsp;&nbsp;&nbsp;&nbsp;&nbsp;&nbsp;&nbsp;&nbsp;&nbsp;&nbsp;&nbsp;&nbsp; MINISTRO DEL TRABAJO PARA:&nbsp;&nbsp;&nbsp;&nbsp;&nbsp;&nbsp;&nbsp;&nbsp;&nbsp;&nbsp;&nbsp;&nbsp;&nbsp;&nbsp;&nbsp;&nbsp;&nbsp; EMPLEADORES Y TRABAJADORES DEL SECTOR PRIVADO ASUNTO:&nbsp;&nbsp;&nbsp;&nbsp;&nbsp;&nbsp;&nbsp;&nbsp;&nbsp;&nbsp;&nbsp; FISCALIZACI\u00d3N LABORAL RIGUROSA A LAS DECISIONES LABORALES DE EMPLEADORES DURANTE LA EMERGENCIA&#046;&#046;&#046;\" \/>\n<meta property=\"og:url\" content=\"https:\/\/contadoreshoy.com\/?p=12335\" \/>\n<meta property=\"og:site_name\" content=\"Contadores P\u00fablicos\" \/>\n<meta property=\"article:publisher\" content=\"https:\/\/www.facebook.com\/CCCPBucaramanga\/\" \/>\n<meta property=\"article:published_time\" content=\"2020-03-20T16:59:10+00:00\" \/>\n<meta property=\"article:modified_time\" content=\"2020-03-20T17:02:39+00:00\" \/>\n<meta property=\"og:image\" content=\"https:\/\/contadoreshoy.com\/wp-content\/uploads\/2016\/02\/Ministerio-del-trabajo.png\" \/>\n\t<meta property=\"og:image:width\" content=\"600\" \/>\n\t<meta property=\"og:image:height\" content=\"400\" \/>\n\t<meta property=\"og:image:type\" content=\"image\/png\" \/>\n<meta name=\"author\" content=\"Miguel Antonio M\u00e1rquez Monta\u00f1ez\" \/>\n<meta name=\"twitter:card\" content=\"summary_large_image\" \/>\n<meta name=\"twitter:label1\" content=\"Escrito por\" \/>\n\t<meta name=\"twitter:data1\" content=\"Miguel Antonio M\u00e1rquez Monta\u00f1ez\" \/>\n\t<meta name=\"twitter:label2\" content=\"Tiempo de lectura\" \/>\n\t<meta name=\"twitter:data2\" content=\"3 minutos\" \/>\n<script type=\"application\/ld+json\" class=\"yoast-schema-graph\">{\"@context\":\"https:\\\/\\\/schema.org\",\"@graph\":[{\"@type\":\"Article\",\"@id\":\"https:\\\/\\\/contadoreshoy.com\\\/?p=12335#article\",\"isPartOf\":{\"@id\":\"https:\\\/\\\/contadoreshoy.com\\\/?p=12335\"},\"author\":{\"name\":\"Miguel Antonio M\u00e1rquez Monta\u00f1ez\",\"@id\":\"https:\\\/\\\/contadoreshoy.com\\\/#\\\/schema\\\/person\\\/96d8979cb865537c5dc9345e40089fc5\"},\"headline\":\"Fiscalizaci\u00f3n laboral rigurosa a las decisiones laborales de empleadores durante la emergencia sanitaria\",\"datePublished\":\"2020-03-20T16:59:10+00:00\",\"dateModified\":\"2020-03-20T17:02:39+00:00\",\"mainEntityOfPage\":{\"@id\":\"https:\\\/\\\/contadoreshoy.com\\\/?p=12335\"},\"wordCount\":525,\"commentCount\":0,\"publisher\":{\"@id\":\"https:\\\/\\\/contadoreshoy.com\\\/#organization\"},\"image\":{\"@id\":\"https:\\\/\\\/contadoreshoy.com\\\/?p=12335#primaryimage\"},\"thumbnailUrl\":\"https:\\\/\\\/contadoreshoy.com\\\/wp-content\\\/uploads\\\/2016\\\/02\\\/Ministerio-del-trabajo.png\",\"articleSection\":{\"1\":\"Uncategorized\"},\"inLanguage\":\"es\",\"potentialAction\":[{\"@type\":\"CommentAction\",\"name\":\"Comment\",\"target\":[\"https:\\\/\\\/contadoreshoy.com\\\/?p=12335#respond\"]}]},{\"@type\":\"WebPage\",\"@id\":\"https:\\\/\\\/contadoreshoy.com\\\/?p=12335\",\"url\":\"https:\\\/\\\/contadoreshoy.com\\\/?p=12335\",\"name\":\"Fiscalizaci\u00f3n laboral rigurosa a las decisiones laborales de empleadores durante la emergencia sanitaria - Contadores P\u00fablicos\",\"isPartOf\":{\"@id\":\"https:\\\/\\\/contadoreshoy.com\\\/#website\"},\"primaryImageOfPage\":{\"@id\":\"https:\\\/\\\/contadoreshoy.com\\\/?p=12335#primaryimage\"},\"image\":{\"@id\":\"https:\\\/\\\/contadoreshoy.com\\\/?p=12335#primaryimage\"},\"thumbnailUrl\":\"https:\\\/\\\/contadoreshoy.com\\\/wp-content\\\/uploads\\\/2016\\\/02\\\/Ministerio-del-trabajo.png\",\"datePublished\":\"2020-03-20T16:59:10+00:00\",\"dateModified\":\"2020-03-20T17:02:39+00:00\",\"breadcrumb\":{\"@id\":\"https:\\\/\\\/contadoreshoy.com\\\/?p=12335#breadcrumb\"},\"inLanguage\":\"es\",\"potentialAction\":[{\"@type\":\"ReadAction\",\"target\":[\"https:\\\/\\\/contadoreshoy.com\\\/?p=12335\"]}]},{\"@type\":\"ImageObject\",\"inLanguage\":\"es\",\"@id\":\"https:\\\/\\\/contadoreshoy.com\\\/?p=12335#primaryimage\",\"url\":\"https:\\\/\\\/contadoreshoy.com\\\/wp-content\\\/uploads\\\/2016\\\/02\\\/Ministerio-del-trabajo.png\",\"contentUrl\":\"https:\\\/\\\/contadoreshoy.com\\\/wp-content\\\/uploads\\\/2016\\\/02\\\/Ministerio-del-trabajo.png\",\"width\":600,\"height\":400},{\"@type\":\"BreadcrumbList\",\"@id\":\"https:\\\/\\\/contadoreshoy.com\\\/?p=12335#breadcrumb\",\"itemListElement\":[{\"@type\":\"ListItem\",\"position\":1,\"name\":\"Portada\",\"item\":\"https:\\\/\\\/contadoreshoy.com\\\/\"},{\"@type\":\"ListItem\",\"position\":2,\"name\":\"Fiscalizaci\u00f3n laboral rigurosa a las decisiones laborales de empleadores durante la emergencia sanitaria\"}]},{\"@type\":\"WebSite\",\"@id\":\"https:\\\/\\\/contadoreshoy.com\\\/#website\",\"url\":\"https:\\\/\\\/contadoreshoy.com\\\/\",\"name\":\"Contadorespublicossantander\",\"description\":\"Portal para Contadores P\u00fablicos y empresarios\",\"publisher\":{\"@id\":\"https:\\\/\\\/contadoreshoy.com\\\/#organization\"},\"potentialAction\":[{\"@type\":\"SearchAction\",\"target\":{\"@type\":\"EntryPoint\",\"urlTemplate\":\"https:\\\/\\\/contadoreshoy.com\\\/?s={search_term_string}\"},\"query-input\":{\"@type\":\"PropertyValueSpecification\",\"valueRequired\":true,\"valueName\":\"search_term_string\"}}],\"inLanguage\":\"es\"},{\"@type\":\"Organization\",\"@id\":\"https:\\\/\\\/contadoreshoy.com\\\/#organization\",\"name\":\"Contadores P\u00fablicos de Santander\",\"url\":\"https:\\\/\\\/contadoreshoy.com\\\/\",\"logo\":{\"@type\":\"ImageObject\",\"inLanguage\":\"es\",\"@id\":\"https:\\\/\\\/contadoreshoy.com\\\/#\\\/schema\\\/logo\\\/image\\\/\",\"url\":\"https:\\\/\\\/contadoreshoy.com\\\/wp-content\\\/uploads\\\/2024\\\/01\\\/cropped-cropped-Copia-de-M-1.jpg\",\"contentUrl\":\"https:\\\/\\\/contadoreshoy.com\\\/wp-content\\\/uploads\\\/2024\\\/01\\\/cropped-cropped-Copia-de-M-1.jpg\",\"width\":499,\"height\":500,\"caption\":\"Contadores P\u00fablicos de Santander\"},\"image\":{\"@id\":\"https:\\\/\\\/contadoreshoy.com\\\/#\\\/schema\\\/logo\\\/image\\\/\"},\"sameAs\":[\"https:\\\/\\\/www.facebook.com\\\/CCCPBucaramanga\\\/\"]},{\"@type\":\"Person\",\"@id\":\"https:\\\/\\\/contadoreshoy.com\\\/#\\\/schema\\\/person\\\/96d8979cb865537c5dc9345e40089fc5\",\"name\":\"Miguel Antonio M\u00e1rquez Monta\u00f1ez\",\"description\":\"Contador P\u00fablico egresado de la Universidad Aut\u00f3noma de Bucaramanga - Asesor contable tributario con m\u00e1s de 25 a\u00f1os de experiencia - Conferencista en temas contables y tributarios - T\u00e9cnico en Hardware y Dise\u00f1o Web - Creador y director Grupo de Estudio Colegio Colombiano de Contadores P\u00fablicos de Bucaramanga - Creador y Master Web p\u00e1gina www.contadoresp\u00fablicossantander.com - Expresidente Colegio Colombiano de Contadores P\u00fablicos Bucaramanga\",\"url\":\"https:\\\/\\\/contadoreshoy.com\\\/?author=1\"}]}<\/script>\n<!-- \/ Yoast SEO plugin. -->","yoast_head_json":{"title":"Fiscalizaci\u00f3n laboral rigurosa a las decisiones laborales de empleadores durante la emergencia sanitaria - Contadores P\u00fablicos","robots":{"index":"index","follow":"follow","max-snippet":"max-snippet:-1","max-image-preview":"max-image-preview:large","max-video-preview":"max-video-preview:-1"},"canonical":"https:\/\/contadoreshoy.com\/?p=12335","og_locale":"es_ES","og_type":"article","og_title":"Fiscalizaci\u00f3n laboral rigurosa a las decisiones laborales de empleadores durante la emergencia sanitaria - Contadores P\u00fablicos","og_description":"MINTRABAJO CIRCULAR EXTERNA No 0022 &nbsp; DE:&nbsp;&nbsp;&nbsp;&nbsp;&nbsp;&nbsp;&nbsp;&nbsp;&nbsp;&nbsp;&nbsp;&nbsp;&nbsp;&nbsp;&nbsp;&nbsp;&nbsp;&nbsp;&nbsp;&nbsp;&nbsp;&nbsp; MINISTRO DEL TRABAJO PARA:&nbsp;&nbsp;&nbsp;&nbsp;&nbsp;&nbsp;&nbsp;&nbsp;&nbsp;&nbsp;&nbsp;&nbsp;&nbsp;&nbsp;&nbsp;&nbsp;&nbsp; EMPLEADORES Y TRABAJADORES DEL SECTOR PRIVADO ASUNTO:&nbsp;&nbsp;&nbsp;&nbsp;&nbsp;&nbsp;&nbsp;&nbsp;&nbsp;&nbsp;&nbsp; FISCALIZACI\u00d3N LABORAL RIGUROSA A LAS DECISIONES LABORALES DE EMPLEADORES DURANTE LA EMERGENCIA&#46;&#46;&#46;","og_url":"https:\/\/contadoreshoy.com\/?p=12335","og_site_name":"Contadores P\u00fablicos","article_publisher":"https:\/\/www.facebook.com\/CCCPBucaramanga\/","article_published_time":"2020-03-20T16:59:10+00:00","article_modified_time":"2020-03-20T17:02:39+00:00","og_image":[{"width":600,"height":400,"url":"https:\/\/contadoreshoy.com\/wp-content\/uploads\/2016\/02\/Ministerio-del-trabajo.png","type":"image\/png"}],"author":"Miguel Antonio M\u00e1rquez Monta\u00f1ez","twitter_card":"summary_large_image","twitter_misc":{"Escrito por":"Miguel Antonio M\u00e1rquez Monta\u00f1ez","Tiempo de lectura":"3 minutos"},"schema":{"@context":"https:\/\/schema.org","@graph":[{"@type":"Article","@id":"https:\/\/contadoreshoy.com\/?p=12335#article","isPartOf":{"@id":"https:\/\/contadoreshoy.com\/?p=12335"},"author":{"name":"Miguel Antonio M\u00e1rquez Monta\u00f1ez","@id":"https:\/\/contadoreshoy.com\/#\/schema\/person\/96d8979cb865537c5dc9345e40089fc5"},"headline":"Fiscalizaci\u00f3n laboral rigurosa a las decisiones laborales de empleadores durante la emergencia sanitaria","datePublished":"2020-03-20T16:59:10+00:00","dateModified":"2020-03-20T17:02:39+00:00","mainEntityOfPage":{"@id":"https:\/\/contadoreshoy.com\/?p=12335"},"wordCount":525,"commentCount":0,"publisher":{"@id":"https:\/\/contadoreshoy.com\/#organization"},"image":{"@id":"https:\/\/contadoreshoy.com\/?p=12335#primaryimage"},"thumbnailUrl":"https:\/\/contadoreshoy.com\/wp-content\/uploads\/2016\/02\/Ministerio-del-trabajo.png","articleSection":{"1":"Uncategorized"},"inLanguage":"es","potentialAction":[{"@type":"CommentAction","name":"Comment","target":["https:\/\/contadoreshoy.com\/?p=12335#respond"]}]},{"@type":"WebPage","@id":"https:\/\/contadoreshoy.com\/?p=12335","url":"https:\/\/contadoreshoy.com\/?p=12335","name":"Fiscalizaci\u00f3n laboral rigurosa a las decisiones laborales de empleadores durante la emergencia sanitaria - Contadores P\u00fablicos","isPartOf":{"@id":"https:\/\/contadoreshoy.com\/#website"},"primaryImageOfPage":{"@id":"https:\/\/contadoreshoy.com\/?p=12335#primaryimage"},"image":{"@id":"https:\/\/contadoreshoy.com\/?p=12335#primaryimage"},"thumbnailUrl":"https:\/\/contadoreshoy.com\/wp-content\/uploads\/2016\/02\/Ministerio-del-trabajo.png","datePublished":"2020-03-20T16:59:10+00:00","dateModified":"2020-03-20T17:02:39+00:00","breadcrumb":{"@id":"https:\/\/contadoreshoy.com\/?p=12335#breadcrumb"},"inLanguage":"es","potentialAction":[{"@type":"ReadAction","target":["https:\/\/contadoreshoy.com\/?p=12335"]}]},{"@type":"ImageObject","inLanguage":"es","@id":"https:\/\/contadoreshoy.com\/?p=12335#primaryimage","url":"https:\/\/contadoreshoy.com\/wp-content\/uploads\/2016\/02\/Ministerio-del-trabajo.png","contentUrl":"https:\/\/contadoreshoy.com\/wp-content\/uploads\/2016\/02\/Ministerio-del-trabajo.png","width":600,"height":400},{"@type":"BreadcrumbList","@id":"https:\/\/contadoreshoy.com\/?p=12335#breadcrumb","itemListElement":[{"@type":"ListItem","position":1,"name":"Portada","item":"https:\/\/contadoreshoy.com\/"},{"@type":"ListItem","position":2,"name":"Fiscalizaci\u00f3n laboral rigurosa a las decisiones laborales de empleadores durante la emergencia sanitaria"}]},{"@type":"WebSite","@id":"https:\/\/contadoreshoy.com\/#website","url":"https:\/\/contadoreshoy.com\/","name":"Contadorespublicossantander","description":"Portal para Contadores P\u00fablicos y empresarios","publisher":{"@id":"https:\/\/contadoreshoy.com\/#organization"},"potentialAction":[{"@type":"SearchAction","target":{"@type":"EntryPoint","urlTemplate":"https:\/\/contadoreshoy.com\/?s={search_term_string}"},"query-input":{"@type":"PropertyValueSpecification","valueRequired":true,"valueName":"search_term_string"}}],"inLanguage":"es"},{"@type":"Organization","@id":"https:\/\/contadoreshoy.com\/#organization","name":"Contadores P\u00fablicos de Santander","url":"https:\/\/contadoreshoy.com\/","logo":{"@type":"ImageObject","inLanguage":"es","@id":"https:\/\/contadoreshoy.com\/#\/schema\/logo\/image\/","url":"https:\/\/contadoreshoy.com\/wp-content\/uploads\/2024\/01\/cropped-cropped-Copia-de-M-1.jpg","contentUrl":"https:\/\/contadoreshoy.com\/wp-content\/uploads\/2024\/01\/cropped-cropped-Copia-de-M-1.jpg","width":499,"height":500,"caption":"Contadores P\u00fablicos de Santander"},"image":{"@id":"https:\/\/contadoreshoy.com\/#\/schema\/logo\/image\/"},"sameAs":["https:\/\/www.facebook.com\/CCCPBucaramanga\/"]},{"@type":"Person","@id":"https:\/\/contadoreshoy.com\/#\/schema\/person\/96d8979cb865537c5dc9345e40089fc5","name":"Miguel Antonio M\u00e1rquez Monta\u00f1ez","description":"Contador P\u00fablico egresado de la Universidad Aut\u00f3noma de Bucaramanga - Asesor contable tributario con m\u00e1s de 25 a\u00f1os de experiencia - Conferencista en temas contables y tributarios - T\u00e9cnico en Hardware y Dise\u00f1o Web - Creador y director Grupo de Estudio Colegio Colombiano de Contadores P\u00fablicos de Bucaramanga - Creador y Master Web p\u00e1gina www.contadoresp\u00fablicossantander.com - Expresidente Colegio Colombiano de Contadores P\u00fablicos Bucaramanga","url":"https:\/\/contadoreshoy.com\/?author=1"}]}},"_links":{"self":[{"href":"https:\/\/contadoreshoy.com\/index.php?rest_route=\/wp\/v2\/posts\/12335","targetHints":{"allow":["GET"]}}],"collection":[{"href":"https:\/\/contadoreshoy.com\/index.php?rest_route=\/wp\/v2\/posts"}],"about":[{"href":"https:\/\/contadoreshoy.com\/index.php?rest_route=\/wp\/v2\/types\/post"}],"author":[{"embeddable":true,"href":"https:\/\/contadoreshoy.com\/index.php?rest_route=\/wp\/v2\/users\/1"}],"replies":[{"embeddable":true,"href":"https:\/\/contadoreshoy.com\/index.php?rest_route=%2Fwp%2Fv2%2Fcomments&post=12335"}],"version-history":[{"count":4,"href":"https:\/\/contadoreshoy.com\/index.php?rest_route=\/wp\/v2\/posts\/12335\/revisions"}],"predecessor-version":[{"id":12339,"href":"https:\/\/contadoreshoy.com\/index.php?rest_route=\/wp\/v2\/posts\/12335\/revisions\/12339"}],"wp:featuredmedia":[{"embeddable":true,"href":"https:\/\/contadoreshoy.com\/index.php?rest_route=\/wp\/v2\/media\/6740"}],"wp:attachment":[{"href":"https:\/\/contadoreshoy.com\/index.php?rest_route=%2Fwp%2Fv2%2Fmedia&parent=12335"}],"wp:term":[{"taxonomy":"category","embeddable":true,"href":"https:\/\/contadoreshoy.com\/index.php?rest_route=%2Fwp%2Fv2%2Fcategories&post=12335"},{"taxonomy":"post_tag","embeddable":true,"href":"https:\/\/contadoreshoy.com\/index.php?rest_route=%2Fwp%2Fv2%2Ftags&post=12335"}],"curies":[{"name":"wp","href":"https:\/\/api.w.org\/{rel}","templated":true}]}}