{"id":12344,"date":"2020-03-21T12:07:33","date_gmt":"2020-03-21T17:07:33","guid":{"rendered":"https:\/\/contadoreshoy.com\/?p=12344"},"modified":"2020-03-21T12:22:10","modified_gmt":"2020-03-21T17:22:10","slug":"suspension-del-contrato-trabajo-articulo-51-del-codigo-sustantivo-del-trabajo-resolucion-0803-marzo-19-2020","status":"publish","type":"post","link":"https:\/\/contadoreshoy.com\/?p=12344","title":{"rendered":"Suspensi\u00f3n del contrato de trabajo &#8211; Art\u00edculo 51 del C\u00f3digo Sustantivo del Trabajo &#8211; Resoluci\u00f3n 0803 marzo 19 de 2020"},"content":{"rendered":"<p><img loading=\"lazy\" decoding=\"async\" class=\"aligncenter wp-image-12350 size-full\" src=\"https:\/\/contadoreshoy.com\/wp-content\/uploads\/2020\/03\/Suspensi\u00f3n-del-contrato-de-trabajo.jpg\" alt=\"\" width=\"600\" height=\"400\"><\/p>\n<p style=\"text-align: justify;\"><strong><span style=\"color: #000000;\">A trav\u00e9s de la Resoluci\u00f3n 803 de marzo 19 de 2020 del Ministerio del Trabajo, <span style=\"color: #0000ff;\">se ordena a todas las direcciones territoriales y oficinas especiales dar preferencia a todos los tr\u00e1mites radicados o que se radiquen para \u00abautorizar al empleador para la suspensi\u00f3n temporal de actividades hasta por 120 d\u00edas\u00bb, y sobre&nbsp; \u00abAutorizaci\u00f3n empleador para despido colectivo de trabajadores por clausura de labores total o parcial, en forma definitiva o temporal\u00bb.<\/span><\/span><\/strong><\/p>\n<p style=\"text-align: justify;\"><strong><span style=\"color: #000000;\">Tambi\u00e9n se expidi\u00f3 la Circular 022 de marzo 19 de 2020 del Ministerio del Trabajo, en la cual se aclara que no se ha emitido autorizaci\u00f3n alguna de despido colectivo de trabajadores, ni de suspensi\u00f3n de contratos laborales, que la configuraci\u00f3n de fuerza mayor le corresponde de manera funcional al juez de la Rep\u00fablica, qui\u00e9n determinar\u00e1 o no su existencia, y que el Ministerio del Trabajo ha adoptado la figura de fiscalizaci\u00f3n laboral rigurosa, mediante la cual se tomar\u00e1n estrictas medidas de inspecci\u00f3n, vigilancia y control sobre las decisiones que adopten los empleadores.<\/span><\/strong><\/p>\n<p style=\"text-align: justify;\"><span style=\"color: #0000ff;\"><strong>La Resoluci\u00f3n 803 y la Circular 022 del Ministerio del Trabajo, fueron expedidas en marzo 19 de 2020, fecha anterior a la declaratoria de \u00abaislamiento preventivo obligatorio\u00bb desde el pr\u00f3ximo martes 24 de marzo a las 11:59 hasta el lunes 13 de abril a las cero horas, hecho que constituye fuerza mayor, porque no depende de la voluntad de los empleadores, y se enmarca dentro del numeral 1. del art\u00edculo 51 del C\u00f3digo Sustantivo del Trabajo, el cual dice:<\/strong><\/span><\/p>\n<p style=\"text-align: justify;\"><strong><span style=\"color: #000000;\">\u00abArt\u00edculo 51 CST. El contrato de trabajo se suspende:<\/span><\/strong><\/p>\n<p style=\"text-align: justify;\"><strong><span style=\"color: #000000;\">1. Por fuerza mayor o caso fortuito que temporalmente impida su ejecuci\u00f3n.\u00bb<\/span><\/strong><\/p>\n<p style=\"text-align: justify;\"><strong><span style=\"color: #000000;\">Como esto es un caso at\u00edpico en Colombia, y teniendo en cuenta la Resoluci\u00f3n 803 y circular 022 de marzo 19 de 2020 del MInisterio de Trabajo, se recomienda tramitar la solicitud de suspensi\u00f3n del contrato de trabajo, ante el Ministerio del Trabajo, invocando los numerales 1. y 3. del art\u00edculo 51 del C\u00f3digo Sustantivo del Trabajo.<\/span><\/strong><\/p>\n<p>&nbsp;<\/p>\n<p style=\"text-align: center;\"><strong><span style=\"color: #000000;\">C\u00d3DIGO SUSTANTIVO DEL TRABAJO<\/span><\/strong><\/p>\n<p style=\"text-align: center;\"><strong><span style=\"color: #000000;\">CAUSALES DE SUSPENSI\u00d3N DEL CONTRATO DE TRABAJO<\/span><\/strong><\/p>\n<p style=\"text-align: justify;\"><strong><span style=\"color: #000000;\">ARTICULO 51 C.S.T. SUSPENSION.&nbsp;<span style=\"text-decoration: underline;\"> El contrato de trabajo se suspende:<\/span><\/span><\/strong><\/p>\n<p style=\"text-align: justify;\"><span style=\"color: #0000ff;\"><strong>1. Por fuerza mayor o caso fortuito que temporalmente impida su ejecuci\u00f3n.<\/strong><\/span><\/p>\n<p style=\"text-align: justify;\"><strong><span style=\"color: #000000;\">2. Por la muerte o la inhabilitaci\u00f3n del empleador, cuando \u00e9ste sea una persona natural y cuando ello traiga como consecuencia necesaria y directa la suspensi\u00f3n temporal del trabajo.<\/span><\/strong><\/p>\n<p style=\"text-align: justify;\"><span style=\"color: #0000ff;\"><strong>3. Por suspensi\u00f3n de actividades o clausura temporal de la empresa, establecimiento o negocio, en todo o en parte, hasta por ciento veinte (120) d\u00edas por razones t\u00e9cnicas o econ\u00f3micas u otras independientes de la voluntad del empleador, mediante autorizaci\u00f3n previa del Ministerio de Trabajo y Seguridad Social. De la solicitud que se eleve al respecto el empleador deber\u00e1 informar en forma simult\u00e1nea, por escrito, a sus trabajadores.<\/strong><\/span><\/p>\n<p style=\"text-align: justify;\"><strong><span style=\"color: #000000;\">4. Por licencia o permiso temporal concedido por el empleador al trabajador o por suspensi\u00f3n disciplinaria.<\/span><\/strong><\/p>\n<p style=\"text-align: justify;\"><strong><span style=\"color: #000000;\">5. Por ser llamado el trabajador a prestar el servicio militar. En este caso el empleador est\u00e1 obligado a conservar el puesto del trabajador hasta por {treinta (30) d\u00edas} despu\u00e9s de terminado el servicio. Dentro de este t\u00e9rmino el trabajador puede reincorporarse a sus tareas, cuando lo considere conveniente, y el empleador est\u00e1 obligado a admitirlo tan pronto como \u00e9ste gestione su reincorporaci\u00f3n.<\/span><\/strong><\/p>\n<p style=\"text-align: justify;\"><strong><span style=\"color: #000000;\">6. Por detenci\u00f3n preventiva del trabajador o por arresto correccional que no exceda de ocho (8) d\u00edas por cuya causa no justifique la extinci\u00f3n del contrato.<\/span><\/strong><\/p>\n<p style=\"text-align: justify;\"><strong><span style=\"color: #000000;\">7. Por huelga declarada en la forma prevista en la Ley.<\/span><\/strong><\/p>\n<p style=\"text-align: center;\"><strong><span style=\"color: #000000;\">REANUDACI\u00d3N DEL TRABAJO<\/span><\/strong><\/p>\n<p style=\"text-align: justify;\"><strong><span style=\"color: #000000;\">ARTICULO 52. REANUDACION DEL TRABAJO C.S.T. &nbsp;Desaparecidas las causas de la suspensi\u00f3n temporal del trabajo, el {empleador} debe avisar a los trabajadores, en los casos de que tratan los tres (3) primeros ordinales del art\u00edculo anterior, la fecha de la reanudaci\u00f3n del trabajo, mediante notificaci\u00f3n personal o avisos publicados no menos de dos veces en un peri\u00f3dico de la localidad, y debe admitir a sus ocupaciones anteriores a todos los trabajadores que se presenten dentro de los tres (3) d\u00edas siguientes a la notificaci\u00f3n o aviso.<\/span><\/strong><\/p>\n<p style=\"text-align: center;\"><strong><span style=\"color: #000000;\">EFECTOS DE LA SUSPENSI\u00d3N<\/span><\/strong><\/p>\n<p style=\"text-align: justify;\"><strong><span style=\"color: #000000;\">ARTICULO 53. EFECTOS DE LA SUSPENSION C.S.T. Durante el per\u00edodo de las suspensiones contempladas en el art\u00edculo <a href=\"http:\/\/www.secretariasenado.gov.co\/senado\/basedoc\/codigo_sustantivo_trabajo_pr001.html#51\">51<\/a> se interrumpe para el trabajador la obligaci\u00f3n de prestar el servicio prometido, y para el {empleador} la de pagar los salarios de esos lapsos, pero durante la suspensi\u00f3n corren a cargo del {empleador}, adem\u00e1s de las obligaciones ya surgidas con anterioridad, las que le correspondan por muerte o por enfermedad de los trabajadores. Estos per\u00edodos de suspensi\u00f3n pueden descontarse por el {empleador} al liquidar vacaciones, cesant\u00edas y jubilaciones.<\/span><\/strong><\/p>\n<p style=\"text-align: center;\"><strong><span style=\"color: #000000;\">RESOLUCI\u00d3N 0803 DE MARZO 19 DE 2020<\/span><\/strong><\/p>\n<p style=\"text-align: center;\"><strong><span style=\"color: #000000;\">\u00abPor medio del cual se aplica de oficio del ejercicio de poder preferente\u00bb<\/span><\/strong><\/p>\n<p style=\"text-align: center;\"><strong><span style=\"color: #000000;\">RESUELVE<\/span><\/strong><\/p>\n<p style=\"text-align: justify;\"><strong><span style=\"color: #000000;\">ART\u00cdCULO PRIMERO: EJERCER de manera oficiosa el poder preferente respecto de todos los tr\u00e1mites radicados o que se radiquen en todas las Direcciones Territoriales y Oficinas Especiales denominados \u00abAutorizaci\u00f3n a empleador para la suspensi\u00f3n temporal de actividades hasta por 120 d\u00edas\u00bb, y sobre \u00abAutorizaci\u00f3n empleador para despido colectivo de trabajadores por clausura de labores total o parcial, en forma definitiva o temporal\u00bb de conformidad a las consideraciones mencionadas.<\/span><\/strong><\/p>\n<p style=\"text-align: justify;\"><strong><span style=\"color: #000000;\">ART\u00cdCULO SEGUNDO: ORDENAR a todas las Direcciones Territoriales y Oficinas Especiales remitir a la Unidad de Investigaciones Especiales los tr\u00e1mites referidos en el art\u00edculo anterior.<\/span><\/strong><\/p>\n<p style=\"text-align: justify;\"><strong><span style=\"color: #000000;\">ART\u00cdCULO TERCERO: COMUNICAR la presente decisi\u00f3n a todas las Direcciones Territoriales y Oficinas Especiales.<\/span><\/strong><\/p>\n<p>&nbsp;<\/p>\n<p style=\"text-align: center;\"><strong><span style=\"color: #000000;\">COMUN\u00cdQUESE Y C\u00daMPLASE<\/span><\/strong><\/p>\n<p style=\"text-align: center;\">&nbsp;<\/p>\n<p style=\"text-align: center;\"><strong><span style=\"color: #000000;\">JUAN CARLOS HERN\u00c1NDEZ ROJAS<\/span><\/strong><\/p>\n<p style=\"text-align: center;\"><strong><span style=\"color: #000000;\">VICEMINISTRO DE RELACIONES LABORALES E INSPECCI\u00d3N (E)<\/span><\/strong><\/p>\n<p>&nbsp;<\/p>\n<p><span style=\"color: #0000ff; font-size: 14pt;\"><a href=\"http:\/\/www.mintrabajo.gov.co\/documents\/20147\/0\/0022.PDF\/a44423aa-94d3-03eb-8706-1553868ec009?t=1584654572292\" target=\"_blank\" rel=\"noopener\"><strong><span style=\"color: #0000ff;\">Para ver Circular Ministerio del Trabajo 0022 de 2020, dar click aqu\u00ed:<\/span><\/strong><\/a><\/span><\/p>\n<p><a href=\"http:\/\/www.mintrabajo.gov.co\/documents\/20147\/0\/Circular+0021.pdf\/8049a852-e8b0-b5e7-05d3-8da3943c0879?t=1584464523596\" target=\"_blank\" rel=\"noopener\"><span style=\"font-size: 14pt;\"><strong><span style=\"color: #000000;\"><span style=\"color: #0000ff;\">Para ver Circular Ministerio del Trabajo 0021 de marzo 19 de 2020, dar click aqu\u00ed:<\/span><\/span><\/strong><\/span><\/a><\/p>\n<p>&nbsp;<\/p>\n<p>&nbsp;<\/p>\n","protected":false},"excerpt":{"rendered":"<p>A trav\u00e9s de la Resoluci\u00f3n 803 de marzo 19 de 2020 del Ministerio del Trabajo, se ordena a todas las direcciones territoriales y oficinas especiales dar preferencia a todos los&#46;&#46;&#46;<\/p>\n","protected":false},"author":1,"featured_media":12350,"comment_status":"open","ping_status":"open","sticky":false,"template":"","format":"standard","meta":{"_monsterinsights_skip_tracking":false,"ngg_post_thumbnail":0,"footnotes":"","_links_to":"","_links_to_target":""},"categories":[454,458,1],"tags":[],"class_list":["post-12344","post","type-post","status-publish","format-standard","has-post-thumbnail","hentry","category-sin-categoria","category-ultimas","category-uncategorized"],"aioseo_notices":[],"aioseo_head":"\n\t\t<!-- All in One SEO 5.0.1.1 - aioseo.com -->\n\t<meta name=\"description\" content=\"A trav\u00e9s de la Resoluci\u00f3n 803 de marzo 19 de 2020 del Ministerio del Trabajo, se ordena a todas las direcciones territoriales y oficinas especiales dar preferencia a todos los tr\u00e1mites radicados o que se radiquen para &quot;autorizar al empleador para la suspensi\u00f3n temporal de actividades hasta por 120 d\u00edas&quot;, y sobre &quot;Autorizaci\u00f3n empleador para\" \/>\n\t<meta name=\"robots\" content=\"max-image-preview:large\" \/>\n\t<meta name=\"author\" content=\"Miguel Antonio M\u00e1rquez Monta\u00f1ez\"\/>\n\t<link rel=\"canonical\" href=\"https:\/\/contadoreshoy.com\/?p=12344\" \/>\n\t<meta name=\"generator\" content=\"All in One SEO (AIOSEO) 5.0.1.1\" \/>\n\t\t<meta property=\"og:locale\" content=\"es_ES\" \/>\n\t\t<meta property=\"og:site_name\" content=\"Contadores P\u00fablicos - Portal para Contadores P\u00fablicos y empresarios\" \/>\n\t\t<meta property=\"og:type\" content=\"article\" \/>\n\t\t<meta property=\"og:title\" content=\"Suspensi\u00f3n del contrato de trabajo \u2013 Art\u00edculo 51 del C\u00f3digo Sustantivo del Trabajo \u2013 Resoluci\u00f3n 0803 marzo 19 de 2020 - Contadores P\u00fablicos\" \/>\n\t\t<meta property=\"og:description\" content=\"A trav\u00e9s de la Resoluci\u00f3n 803 de marzo 19 de 2020 del Ministerio del Trabajo, se ordena a todas las direcciones territoriales y oficinas especiales dar preferencia a todos los tr\u00e1mites radicados o que se radiquen para &quot;autorizar al empleador para la suspensi\u00f3n temporal de actividades hasta por 120 d\u00edas&quot;, y sobre &quot;Autorizaci\u00f3n empleador para\" \/>\n\t\t<meta property=\"og:url\" content=\"https:\/\/contadoreshoy.com\/?p=12344\" \/>\n\t\t<meta property=\"og:image\" content=\"https:\/\/contadoreshoy.com\/wp-content\/uploads\/2024\/01\/cropped-cropped-cropped-Copia-de-M.jpg\" \/>\n\t\t<meta property=\"og:image:secure_url\" content=\"https:\/\/contadoreshoy.com\/wp-content\/uploads\/2024\/01\/cropped-cropped-cropped-Copia-de-M.jpg\" \/>\n\t\t<meta property=\"og:image:width\" content=\"512\" \/>\n\t\t<meta property=\"og:image:height\" content=\"371\" \/>\n\t\t<meta property=\"article:published_time\" content=\"2020-03-21T17:07:33+00:00\" \/>\n\t\t<meta property=\"article:modified_time\" content=\"2020-03-21T17:22:10+00:00\" \/>\n\t\t<meta name=\"twitter:card\" content=\"summary_large_image\" \/>\n\t\t<meta name=\"twitter:title\" content=\"Suspensi\u00f3n del contrato de trabajo \u2013 Art\u00edculo 51 del C\u00f3digo Sustantivo del Trabajo \u2013 Resoluci\u00f3n 0803 marzo 19 de 2020 - Contadores P\u00fablicos\" \/>\n\t\t<meta name=\"twitter:description\" content=\"A trav\u00e9s de la Resoluci\u00f3n 803 de marzo 19 de 2020 del Ministerio del Trabajo, se ordena a todas las direcciones territoriales y oficinas especiales dar preferencia a todos los tr\u00e1mites radicados o que se radiquen para &quot;autorizar al empleador para la suspensi\u00f3n temporal de actividades hasta por 120 d\u00edas&quot;, y sobre &quot;Autorizaci\u00f3n empleador para\" \/>\n\t\t<meta name=\"twitter:image\" content=\"https:\/\/contadoreshoy.com\/wp-content\/uploads\/2024\/01\/cropped-cropped-cropped-Copia-de-M.jpg\" \/>\n\t\t<script type=\"application\/ld+json\" class=\"aioseo-schema\">\n\t\t\t{\"@context\":\"https:\\\/\\\/schema.org\",\"@graph\":[{\"@type\":\"BlogPosting\",\"@id\":\"https:\\\/\\\/contadoreshoy.com\\\/?p=12344#blogposting\",\"name\":\"Suspensi\\u00f3n del contrato de trabajo \\u2013 Art\\u00edculo 51 del C\\u00f3digo Sustantivo del Trabajo \\u2013 Resoluci\\u00f3n 0803 marzo 19 de 2020 - Contadores P\\u00fablicos\",\"headline\":\"Suspensi\\u00f3n del contrato de trabajo &#8211; Art\\u00edculo 51 del C\\u00f3digo Sustantivo del Trabajo &#8211; Resoluci\\u00f3n 0803 marzo 19 de 2020\",\"author\":{\"@id\":\"https:\\\/\\\/contadoreshoy.com\\\/?author=1#author\"},\"publisher\":{\"@id\":\"https:\\\/\\\/contadoreshoy.com\\\/#organization\"},\"image\":{\"@type\":\"ImageObject\",\"url\":\"https:\\\/\\\/contadoreshoy.com\\\/wp-content\\\/uploads\\\/2020\\\/03\\\/Suspensi\\u00f3n-del-contrato-de-trabajo.jpg\",\"width\":600,\"height\":400},\"datePublished\":\"2020-03-21T12:07:33-05:00\",\"dateModified\":\"2020-03-21T12:22:10-05:00\",\"inLanguage\":\"es-ES\",\"mainEntityOfPage\":{\"@id\":\"https:\\\/\\\/contadoreshoy.com\\\/?p=12344#webpage\"},\"isPartOf\":{\"@id\":\"https:\\\/\\\/contadoreshoy.com\\\/?p=12344#webpage\"},\"articleSection\":\"Sin categor\\u00eda, Ultimas Noticias, Uncategorized\"},{\"@type\":\"BreadcrumbList\",\"@id\":\"https:\\\/\\\/contadoreshoy.com\\\/?p=12344#breadcrumblist\",\"itemListElement\":[{\"@type\":\"ListItem\",\"@id\":\"https:\\\/\\\/contadoreshoy.com#listItem\",\"position\":1,\"name\":\"Home\",\"item\":\"https:\\\/\\\/contadoreshoy.com\",\"nextItem\":{\"@type\":\"ListItem\",\"@id\":\"https:\\\/\\\/contadoreshoy.com\\\/?cat=1#listItem\",\"name\":\"Uncategorized\"}},{\"@type\":\"ListItem\",\"@id\":\"https:\\\/\\\/contadoreshoy.com\\\/?cat=1#listItem\",\"position\":2,\"name\":\"Uncategorized\",\"item\":\"https:\\\/\\\/contadoreshoy.com\\\/?cat=1\",\"nextItem\":{\"@type\":\"ListItem\",\"@id\":\"https:\\\/\\\/contadoreshoy.com\\\/?p=12344#listItem\",\"name\":\"Suspensi\\u00f3n del contrato de trabajo &#8211; Art\\u00edculo 51 del C\\u00f3digo Sustantivo del Trabajo &#8211; Resoluci\\u00f3n 0803 marzo 19 de 2020\"},\"previousItem\":{\"@type\":\"ListItem\",\"@id\":\"https:\\\/\\\/contadoreshoy.com#listItem\",\"name\":\"Home\"}},{\"@type\":\"ListItem\",\"@id\":\"https:\\\/\\\/contadoreshoy.com\\\/?p=12344#listItem\",\"position\":3,\"name\":\"Suspensi\\u00f3n del contrato de trabajo &#8211; Art\\u00edculo 51 del C\\u00f3digo Sustantivo del Trabajo &#8211; Resoluci\\u00f3n 0803 marzo 19 de 2020\",\"previousItem\":{\"@type\":\"ListItem\",\"@id\":\"https:\\\/\\\/contadoreshoy.com\\\/?cat=1#listItem\",\"name\":\"Uncategorized\"}}]},{\"@type\":\"Organization\",\"@id\":\"https:\\\/\\\/contadoreshoy.com\\\/#organization\",\"name\":\"Contadores P\\u00fablicos\",\"description\":\"Portal para Contadores P\\u00fablicos y empresarios\",\"url\":\"https:\\\/\\\/contadoreshoy.com\\\/\",\"logo\":{\"@type\":\"ImageObject\",\"url\":\"https:\\\/\\\/contadoreshoy.com\\\/wp-content\\\/uploads\\\/2024\\\/01\\\/cropped-cropped-Copia-de-M-1.jpg\",\"@id\":\"https:\\\/\\\/contadoreshoy.com\\\/?p=12344\\\/#organizationLogo\",\"width\":499,\"height\":500},\"image\":{\"@id\":\"https:\\\/\\\/contadoreshoy.com\\\/?p=12344\\\/#organizationLogo\"}},{\"@type\":\"Person\",\"@id\":\"https:\\\/\\\/contadoreshoy.com\\\/?author=1#author\",\"url\":\"https:\\\/\\\/contadoreshoy.com\\\/?author=1\",\"name\":\"Miguel Antonio M\\u00e1rquez Monta\\u00f1ez\"},{\"@type\":\"WebPage\",\"@id\":\"https:\\\/\\\/contadoreshoy.com\\\/?p=12344#webpage\",\"url\":\"https:\\\/\\\/contadoreshoy.com\\\/?p=12344\",\"name\":\"Suspensi\\u00f3n del contrato de trabajo \\u2013 Art\\u00edculo 51 del C\\u00f3digo Sustantivo del Trabajo \\u2013 Resoluci\\u00f3n 0803 marzo 19 de 2020 - Contadores P\\u00fablicos\",\"description\":\"A trav\\u00e9s de la Resoluci\\u00f3n 803 de marzo 19 de 2020 del Ministerio del Trabajo, se ordena a todas las direcciones territoriales y oficinas especiales dar preferencia a todos los tr\\u00e1mites radicados o que se radiquen para \\\"autorizar al empleador para la suspensi\\u00f3n temporal de actividades hasta por 120 d\\u00edas\\\", y sobre \\\"Autorizaci\\u00f3n empleador para\",\"inLanguage\":\"es-ES\",\"isPartOf\":{\"@id\":\"https:\\\/\\\/contadoreshoy.com\\\/#website\"},\"breadcrumb\":{\"@id\":\"https:\\\/\\\/contadoreshoy.com\\\/?p=12344#breadcrumblist\"},\"author\":{\"@id\":\"https:\\\/\\\/contadoreshoy.com\\\/?author=1#author\"},\"creator\":{\"@id\":\"https:\\\/\\\/contadoreshoy.com\\\/?author=1#author\"},\"image\":{\"@type\":\"ImageObject\",\"url\":\"https:\\\/\\\/contadoreshoy.com\\\/wp-content\\\/uploads\\\/2020\\\/03\\\/Suspensi\\u00f3n-del-contrato-de-trabajo.jpg\",\"@id\":\"https:\\\/\\\/contadoreshoy.com\\\/?p=12344\\\/#mainImage\",\"width\":600,\"height\":400},\"primaryImageOfPage\":{\"@id\":\"https:\\\/\\\/contadoreshoy.com\\\/?p=12344#mainImage\"},\"datePublished\":\"2020-03-21T12:07:33-05:00\",\"dateModified\":\"2020-03-21T12:22:10-05:00\"},{\"@type\":\"WebSite\",\"@id\":\"https:\\\/\\\/contadoreshoy.com\\\/#website\",\"url\":\"https:\\\/\\\/contadoreshoy.com\\\/\",\"name\":\"Contadores P\\u00fablicos\",\"description\":\"Portal para Contadores P\\u00fablicos y empresarios\",\"inLanguage\":\"es-ES\",\"publisher\":{\"@id\":\"https:\\\/\\\/contadoreshoy.com\\\/#organization\"}}]}\n\t\t<\/script>\n\t\t<!-- All in One SEO -->\n\n","aioseo_head_json":{"title":"Suspensi\u00f3n del contrato de trabajo \u2013 Art\u00edculo 51 del C\u00f3digo Sustantivo del Trabajo \u2013 Resoluci\u00f3n 0803 marzo 19 de 2020 - Contadores P\u00fablicos","description":"A trav\u00e9s de la Resoluci\u00f3n 803 de marzo 19 de 2020 del Ministerio del Trabajo, se ordena a todas las direcciones territoriales y oficinas especiales dar preferencia a todos los tr\u00e1mites radicados o que se radiquen para \"autorizar al empleador para la suspensi\u00f3n temporal de actividades hasta por 120 d\u00edas\", y sobre \"Autorizaci\u00f3n empleador para","canonical_url":"https:\/\/contadoreshoy.com\/?p=12344","robots":"max-image-preview:large","keywords":"","webmasterTools":{"miscellaneous":""},"schema":{"@context":"https:\/\/schema.org","@graph":[{"@type":"BlogPosting","@id":"https:\/\/contadoreshoy.com\/?p=12344#blogposting","name":"Suspensi\u00f3n del contrato de trabajo \u2013 Art\u00edculo 51 del C\u00f3digo Sustantivo del Trabajo \u2013 Resoluci\u00f3n 0803 marzo 19 de 2020 - Contadores P\u00fablicos","headline":"Suspensi\u00f3n del contrato de trabajo &#8211; Art\u00edculo 51 del C\u00f3digo Sustantivo del Trabajo &#8211; Resoluci\u00f3n 0803 marzo 19 de 2020","author":{"@id":"https:\/\/contadoreshoy.com\/?author=1#author"},"publisher":{"@id":"https:\/\/contadoreshoy.com\/#organization"},"image":{"@type":"ImageObject","url":"https:\/\/contadoreshoy.com\/wp-content\/uploads\/2020\/03\/Suspensi\u00f3n-del-contrato-de-trabajo.jpg","width":600,"height":400},"datePublished":"2020-03-21T12:07:33-05:00","dateModified":"2020-03-21T12:22:10-05:00","inLanguage":"es-ES","mainEntityOfPage":{"@id":"https:\/\/contadoreshoy.com\/?p=12344#webpage"},"isPartOf":{"@id":"https:\/\/contadoreshoy.com\/?p=12344#webpage"},"articleSection":"Sin categor\u00eda, Ultimas Noticias, Uncategorized"},{"@type":"BreadcrumbList","@id":"https:\/\/contadoreshoy.com\/?p=12344#breadcrumblist","itemListElement":[{"@type":"ListItem","@id":"https:\/\/contadoreshoy.com#listItem","position":1,"name":"Home","item":"https:\/\/contadoreshoy.com","nextItem":{"@type":"ListItem","@id":"https:\/\/contadoreshoy.com\/?cat=1#listItem","name":"Uncategorized"}},{"@type":"ListItem","@id":"https:\/\/contadoreshoy.com\/?cat=1#listItem","position":2,"name":"Uncategorized","item":"https:\/\/contadoreshoy.com\/?cat=1","nextItem":{"@type":"ListItem","@id":"https:\/\/contadoreshoy.com\/?p=12344#listItem","name":"Suspensi\u00f3n del contrato de trabajo &#8211; Art\u00edculo 51 del C\u00f3digo Sustantivo del Trabajo &#8211; Resoluci\u00f3n 0803 marzo 19 de 2020"},"previousItem":{"@type":"ListItem","@id":"https:\/\/contadoreshoy.com#listItem","name":"Home"}},{"@type":"ListItem","@id":"https:\/\/contadoreshoy.com\/?p=12344#listItem","position":3,"name":"Suspensi\u00f3n del contrato de trabajo &#8211; Art\u00edculo 51 del C\u00f3digo Sustantivo del Trabajo &#8211; Resoluci\u00f3n 0803 marzo 19 de 2020","previousItem":{"@type":"ListItem","@id":"https:\/\/contadoreshoy.com\/?cat=1#listItem","name":"Uncategorized"}}]},{"@type":"Organization","@id":"https:\/\/contadoreshoy.com\/#organization","name":"Contadores P\u00fablicos","description":"Portal para Contadores P\u00fablicos y empresarios","url":"https:\/\/contadoreshoy.com\/","logo":{"@type":"ImageObject","url":"https:\/\/contadoreshoy.com\/wp-content\/uploads\/2024\/01\/cropped-cropped-Copia-de-M-1.jpg","@id":"https:\/\/contadoreshoy.com\/?p=12344\/#organizationLogo","width":499,"height":500},"image":{"@id":"https:\/\/contadoreshoy.com\/?p=12344\/#organizationLogo"}},{"@type":"Person","@id":"https:\/\/contadoreshoy.com\/?author=1#author","url":"https:\/\/contadoreshoy.com\/?author=1","name":"Miguel Antonio M\u00e1rquez Monta\u00f1ez"},{"@type":"WebPage","@id":"https:\/\/contadoreshoy.com\/?p=12344#webpage","url":"https:\/\/contadoreshoy.com\/?p=12344","name":"Suspensi\u00f3n del contrato de trabajo \u2013 Art\u00edculo 51 del C\u00f3digo Sustantivo del Trabajo \u2013 Resoluci\u00f3n 0803 marzo 19 de 2020 - Contadores P\u00fablicos","description":"A trav\u00e9s de la Resoluci\u00f3n 803 de marzo 19 de 2020 del Ministerio del Trabajo, se ordena a todas las direcciones territoriales y oficinas especiales dar preferencia a todos los tr\u00e1mites radicados o que se radiquen para \"autorizar al empleador para la suspensi\u00f3n temporal de actividades hasta por 120 d\u00edas\", y sobre \"Autorizaci\u00f3n empleador para","inLanguage":"es-ES","isPartOf":{"@id":"https:\/\/contadoreshoy.com\/#website"},"breadcrumb":{"@id":"https:\/\/contadoreshoy.com\/?p=12344#breadcrumblist"},"author":{"@id":"https:\/\/contadoreshoy.com\/?author=1#author"},"creator":{"@id":"https:\/\/contadoreshoy.com\/?author=1#author"},"image":{"@type":"ImageObject","url":"https:\/\/contadoreshoy.com\/wp-content\/uploads\/2020\/03\/Suspensi\u00f3n-del-contrato-de-trabajo.jpg","@id":"https:\/\/contadoreshoy.com\/?p=12344\/#mainImage","width":600,"height":400},"primaryImageOfPage":{"@id":"https:\/\/contadoreshoy.com\/?p=12344#mainImage"},"datePublished":"2020-03-21T12:07:33-05:00","dateModified":"2020-03-21T12:22:10-05:00"},{"@type":"WebSite","@id":"https:\/\/contadoreshoy.com\/#website","url":"https:\/\/contadoreshoy.com\/","name":"Contadores P\u00fablicos","description":"Portal para Contadores P\u00fablicos y empresarios","inLanguage":"es-ES","publisher":{"@id":"https:\/\/contadoreshoy.com\/#organization"}}]},"og:locale":"es_ES","og:site_name":"Contadores P\u00fablicos - Portal para Contadores P\u00fablicos y empresarios","og:type":"article","og:title":"Suspensi\u00f3n del contrato de trabajo \u2013 Art\u00edculo 51 del C\u00f3digo Sustantivo del Trabajo \u2013 Resoluci\u00f3n 0803 marzo 19 de 2020 - Contadores P\u00fablicos","og:description":"A trav\u00e9s de la Resoluci\u00f3n 803 de marzo 19 de 2020 del Ministerio del Trabajo, se ordena a todas las direcciones territoriales y oficinas especiales dar preferencia a todos los tr\u00e1mites radicados o que se radiquen para &quot;autorizar al empleador para la suspensi\u00f3n temporal de actividades hasta por 120 d\u00edas&quot;, y sobre &quot;Autorizaci\u00f3n empleador para","og:url":"https:\/\/contadoreshoy.com\/?p=12344","og:image":"https:\/\/contadoreshoy.com\/wp-content\/uploads\/2024\/01\/cropped-cropped-cropped-Copia-de-M.jpg","og:image:secure_url":"https:\/\/contadoreshoy.com\/wp-content\/uploads\/2024\/01\/cropped-cropped-cropped-Copia-de-M.jpg","og:image:width":512,"og:image:height":371,"article:published_time":"2020-03-21T17:07:33+00:00","article:modified_time":"2020-03-21T17:22:10+00:00","twitter:card":"summary_large_image","twitter:title":"Suspensi\u00f3n del contrato de trabajo \u2013 Art\u00edculo 51 del C\u00f3digo Sustantivo del Trabajo \u2013 Resoluci\u00f3n 0803 marzo 19 de 2020 - Contadores P\u00fablicos","twitter:description":"A trav\u00e9s de la Resoluci\u00f3n 803 de marzo 19 de 2020 del Ministerio del Trabajo, se ordena a todas las direcciones territoriales y oficinas especiales dar preferencia a todos los tr\u00e1mites radicados o que se radiquen para &quot;autorizar al empleador para la suspensi\u00f3n temporal de actividades hasta por 120 d\u00edas&quot;, y sobre &quot;Autorizaci\u00f3n empleador para","twitter:image":"https:\/\/contadoreshoy.com\/wp-content\/uploads\/2024\/01\/cropped-cropped-cropped-Copia-de-M.jpg"},"aioseo_meta_data":{"post_id":"12344","title":null,"description":null,"keywords":null,"keyphrases":null,"primary_term":null,"canonical_url":null,"og_title":null,"og_description":null,"og_object_type":"default","og_image_type":"default","og_image_url":null,"og_image_width":null,"og_image_height":null,"og_image_custom_url":null,"og_image_custom_fields":null,"og_video":null,"og_custom_url":null,"og_article_section":null,"og_article_tags":null,"twitter_use_og":false,"twitter_card":"default","twitter_image_type":"default","twitter_image_url":null,"twitter_image_custom_url":null,"twitter_image_custom_fields":null,"twitter_title":null,"twitter_description":null,"schema":{"blockGraphs":[],"customGraphs":[],"default":{"data":{"Article":[],"Course":[],"Dataset":[],"FAQPage":[],"Movie":[],"Person":[],"Product":[],"ProductReview":[],"Car":[],"Recipe":[],"Service":[],"SoftwareApplication":[],"WebPage":[]},"graphName":"","isEnabled":true},"graphs":[]},"schema_type":"default","schema_type_options":null,"pillar_content":false,"robots_default":true,"robots_noindex":false,"robots_noarchive":false,"robots_nosnippet":false,"robots_nofollow":false,"robots_noimageindex":false,"robots_noodp":false,"robots_notranslate":false,"robots_max_snippet":null,"robots_max_videopreview":null,"robots_max_imagepreview":"large","priority":null,"frequency":null,"local_seo":null,"breadcrumb_settings":null,"limit_modified_date":false,"ai":null,"created":"2024-03-05 02:13:27","updated":"2026-03-03 05:23:40","seo_analyzer_scan_date":null,"focus_keyword":null,"additional_keywords":null,"truseo_locale":null},"aioseo_breadcrumb":"<div class=\"aioseo-breadcrumbs\"><span class=\"aioseo-breadcrumb\">\n\t\t\t<a href=\"https:\/\/contadoreshoy.com\" title=\"Home\">Home<\/a>\n\t\t<\/span><span class=\"aioseo-breadcrumb-separator\">&raquo;<\/span><span class=\"aioseo-breadcrumb\">\n\t\t\t<a href=\"https:\/\/contadoreshoy.com\/?cat=1\" title=\"Uncategorized\">Uncategorized<\/a>\n\t\t<\/span><span class=\"aioseo-breadcrumb-separator\">&raquo;<\/span><span class=\"aioseo-breadcrumb\">\n\t\t\tSuspensi\u00f3n del contrato de trabajo \u2013 Art\u00edculo 51 del C\u00f3digo Sustantivo del Trabajo \u2013 Resoluci\u00f3n 0803 marzo 19 de 2020\n\t\t<\/span><\/div>","aioseo_breadcrumb_json":[{"label":"Home","link":"https:\/\/contadoreshoy.com"},{"label":"Uncategorized","link":"https:\/\/contadoreshoy.com\/?cat=1"},{"label":"Suspensi\u00f3n del contrato de trabajo &#8211; Art\u00edculo 51 del C\u00f3digo Sustantivo del Trabajo &#8211; Resoluci\u00f3n 0803 marzo 19 de 2020","link":"https:\/\/contadoreshoy.com\/?p=12344"}],"yoast_head":"<!-- This site is optimized with the Yoast SEO plugin v28.4 - https:\/\/yoast.com\/product\/yoast-seo-wordpress\/ -->\n<title>Suspensi\u00f3n del contrato de trabajo - Art\u00edculo 51 del C\u00f3digo Sustantivo del Trabajo - Resoluci\u00f3n 0803 marzo 19 de 2020 - Contadores P\u00fablicos<\/title>\n<meta name=\"robots\" content=\"index, follow, max-snippet:-1, max-image-preview:large, max-video-preview:-1\" \/>\n<link rel=\"canonical\" href=\"https:\/\/contadoreshoy.com\/?p=12344\" \/>\n<meta property=\"og:locale\" content=\"es_ES\" \/>\n<meta property=\"og:type\" content=\"article\" \/>\n<meta property=\"og:title\" content=\"Suspensi\u00f3n del contrato de trabajo - Art\u00edculo 51 del C\u00f3digo Sustantivo del Trabajo - Resoluci\u00f3n 0803 marzo 19 de 2020 - Contadores P\u00fablicos\" \/>\n<meta property=\"og:description\" content=\"A trav\u00e9s de la Resoluci\u00f3n 803 de marzo 19 de 2020 del Ministerio del Trabajo, se ordena a todas las direcciones territoriales y oficinas especiales dar preferencia a todos los&#046;&#046;&#046;\" \/>\n<meta property=\"og:url\" content=\"https:\/\/contadoreshoy.com\/?p=12344\" \/>\n<meta property=\"og:site_name\" content=\"Contadores P\u00fablicos\" \/>\n<meta property=\"article:publisher\" content=\"https:\/\/www.facebook.com\/CCCPBucaramanga\/\" \/>\n<meta property=\"article:published_time\" content=\"2020-03-21T17:07:33+00:00\" \/>\n<meta property=\"article:modified_time\" content=\"2020-03-21T17:22:10+00:00\" \/>\n<meta property=\"og:image\" content=\"https:\/\/contadoreshoy.com\/wp-content\/uploads\/2020\/03\/Suspensi\u00f3n-del-contrato-de-trabajo.jpg\" \/>\n\t<meta property=\"og:image:width\" content=\"600\" \/>\n\t<meta property=\"og:image:height\" content=\"400\" \/>\n\t<meta property=\"og:image:type\" content=\"image\/jpeg\" \/>\n<meta name=\"author\" content=\"Miguel Antonio M\u00e1rquez Monta\u00f1ez\" \/>\n<meta name=\"twitter:card\" content=\"summary_large_image\" \/>\n<meta name=\"twitter:label1\" content=\"Escrito por\" \/>\n\t<meta name=\"twitter:data1\" content=\"Miguel Antonio M\u00e1rquez Monta\u00f1ez\" \/>\n\t<meta name=\"twitter:label2\" content=\"Tiempo de lectura\" \/>\n\t<meta name=\"twitter:data2\" content=\"5 minutos\" \/>\n<script type=\"application\/ld+json\" class=\"yoast-schema-graph\">{\"@context\":\"https:\\\/\\\/schema.org\",\"@graph\":[{\"@type\":\"Article\",\"@id\":\"https:\\\/\\\/contadoreshoy.com\\\/?p=12344#article\",\"isPartOf\":{\"@id\":\"https:\\\/\\\/contadoreshoy.com\\\/?p=12344\"},\"author\":{\"name\":\"Miguel Antonio M\u00e1rquez Monta\u00f1ez\",\"@id\":\"https:\\\/\\\/contadoreshoy.com\\\/#\\\/schema\\\/person\\\/96d8979cb865537c5dc9345e40089fc5\"},\"headline\":\"Suspensi\u00f3n del contrato de trabajo &#8211; Art\u00edculo 51 del C\u00f3digo Sustantivo del Trabajo &#8211; Resoluci\u00f3n 0803 marzo 19 de 2020\",\"datePublished\":\"2020-03-21T17:07:33+00:00\",\"dateModified\":\"2020-03-21T17:22:10+00:00\",\"mainEntityOfPage\":{\"@id\":\"https:\\\/\\\/contadoreshoy.com\\\/?p=12344\"},\"wordCount\":978,\"commentCount\":0,\"publisher\":{\"@id\":\"https:\\\/\\\/contadoreshoy.com\\\/#organization\"},\"image\":{\"@id\":\"https:\\\/\\\/contadoreshoy.com\\\/?p=12344#primaryimage\"},\"thumbnailUrl\":\"https:\\\/\\\/contadoreshoy.com\\\/wp-content\\\/uploads\\\/2020\\\/03\\\/Suspensi\u00f3n-del-contrato-de-trabajo.jpg\",\"articleSection\":{\"1\":\"Ultimas Noticias\",\"2\":\"Uncategorized\"},\"inLanguage\":\"es\",\"potentialAction\":[{\"@type\":\"CommentAction\",\"name\":\"Comment\",\"target\":[\"https:\\\/\\\/contadoreshoy.com\\\/?p=12344#respond\"]}]},{\"@type\":\"WebPage\",\"@id\":\"https:\\\/\\\/contadoreshoy.com\\\/?p=12344\",\"url\":\"https:\\\/\\\/contadoreshoy.com\\\/?p=12344\",\"name\":\"Suspensi\u00f3n del contrato de trabajo - Art\u00edculo 51 del C\u00f3digo Sustantivo del Trabajo - Resoluci\u00f3n 0803 marzo 19 de 2020 - Contadores P\u00fablicos\",\"isPartOf\":{\"@id\":\"https:\\\/\\\/contadoreshoy.com\\\/#website\"},\"primaryImageOfPage\":{\"@id\":\"https:\\\/\\\/contadoreshoy.com\\\/?p=12344#primaryimage\"},\"image\":{\"@id\":\"https:\\\/\\\/contadoreshoy.com\\\/?p=12344#primaryimage\"},\"thumbnailUrl\":\"https:\\\/\\\/contadoreshoy.com\\\/wp-content\\\/uploads\\\/2020\\\/03\\\/Suspensi\u00f3n-del-contrato-de-trabajo.jpg\",\"datePublished\":\"2020-03-21T17:07:33+00:00\",\"dateModified\":\"2020-03-21T17:22:10+00:00\",\"breadcrumb\":{\"@id\":\"https:\\\/\\\/contadoreshoy.com\\\/?p=12344#breadcrumb\"},\"inLanguage\":\"es\",\"potentialAction\":[{\"@type\":\"ReadAction\",\"target\":[\"https:\\\/\\\/contadoreshoy.com\\\/?p=12344\"]}]},{\"@type\":\"ImageObject\",\"inLanguage\":\"es\",\"@id\":\"https:\\\/\\\/contadoreshoy.com\\\/?p=12344#primaryimage\",\"url\":\"https:\\\/\\\/contadoreshoy.com\\\/wp-content\\\/uploads\\\/2020\\\/03\\\/Suspensi\u00f3n-del-contrato-de-trabajo.jpg\",\"contentUrl\":\"https:\\\/\\\/contadoreshoy.com\\\/wp-content\\\/uploads\\\/2020\\\/03\\\/Suspensi\u00f3n-del-contrato-de-trabajo.jpg\",\"width\":600,\"height\":400},{\"@type\":\"BreadcrumbList\",\"@id\":\"https:\\\/\\\/contadoreshoy.com\\\/?p=12344#breadcrumb\",\"itemListElement\":[{\"@type\":\"ListItem\",\"position\":1,\"name\":\"Portada\",\"item\":\"https:\\\/\\\/contadoreshoy.com\\\/\"},{\"@type\":\"ListItem\",\"position\":2,\"name\":\"Suspensi\u00f3n del contrato de trabajo &#8211; Art\u00edculo 51 del C\u00f3digo Sustantivo del Trabajo &#8211; Resoluci\u00f3n 0803 marzo 19 de 2020\"}]},{\"@type\":\"WebSite\",\"@id\":\"https:\\\/\\\/contadoreshoy.com\\\/#website\",\"url\":\"https:\\\/\\\/contadoreshoy.com\\\/\",\"name\":\"Contadorespublicossantander\",\"description\":\"Portal para Contadores P\u00fablicos y empresarios\",\"publisher\":{\"@id\":\"https:\\\/\\\/contadoreshoy.com\\\/#organization\"},\"potentialAction\":[{\"@type\":\"SearchAction\",\"target\":{\"@type\":\"EntryPoint\",\"urlTemplate\":\"https:\\\/\\\/contadoreshoy.com\\\/?s={search_term_string}\"},\"query-input\":{\"@type\":\"PropertyValueSpecification\",\"valueRequired\":true,\"valueName\":\"search_term_string\"}}],\"inLanguage\":\"es\"},{\"@type\":\"Organization\",\"@id\":\"https:\\\/\\\/contadoreshoy.com\\\/#organization\",\"name\":\"Contadores P\u00fablicos de Santander\",\"url\":\"https:\\\/\\\/contadoreshoy.com\\\/\",\"logo\":{\"@type\":\"ImageObject\",\"inLanguage\":\"es\",\"@id\":\"https:\\\/\\\/contadoreshoy.com\\\/#\\\/schema\\\/logo\\\/image\\\/\",\"url\":\"https:\\\/\\\/contadoreshoy.com\\\/wp-content\\\/uploads\\\/2024\\\/01\\\/cropped-cropped-Copia-de-M-1.jpg\",\"contentUrl\":\"https:\\\/\\\/contadoreshoy.com\\\/wp-content\\\/uploads\\\/2024\\\/01\\\/cropped-cropped-Copia-de-M-1.jpg\",\"width\":499,\"height\":500,\"caption\":\"Contadores P\u00fablicos de Santander\"},\"image\":{\"@id\":\"https:\\\/\\\/contadoreshoy.com\\\/#\\\/schema\\\/logo\\\/image\\\/\"},\"sameAs\":[\"https:\\\/\\\/www.facebook.com\\\/CCCPBucaramanga\\\/\"]},{\"@type\":\"Person\",\"@id\":\"https:\\\/\\\/contadoreshoy.com\\\/#\\\/schema\\\/person\\\/96d8979cb865537c5dc9345e40089fc5\",\"name\":\"Miguel Antonio M\u00e1rquez Monta\u00f1ez\",\"description\":\"Contador P\u00fablico egresado de la Universidad Aut\u00f3noma de Bucaramanga - Asesor contable tributario con m\u00e1s de 25 a\u00f1os de experiencia - Conferencista en temas contables y tributarios - T\u00e9cnico en Hardware y Dise\u00f1o Web - Creador y director Grupo de Estudio Colegio Colombiano de Contadores P\u00fablicos de Bucaramanga - Creador y Master Web p\u00e1gina www.contadoresp\u00fablicossantander.com - Expresidente Colegio Colombiano de Contadores P\u00fablicos Bucaramanga\",\"url\":\"https:\\\/\\\/contadoreshoy.com\\\/?author=1\"}]}<\/script>\n<!-- \/ Yoast SEO plugin. -->","yoast_head_json":{"title":"Suspensi\u00f3n del contrato de trabajo - Art\u00edculo 51 del C\u00f3digo Sustantivo del Trabajo - Resoluci\u00f3n 0803 marzo 19 de 2020 - Contadores P\u00fablicos","robots":{"index":"index","follow":"follow","max-snippet":"max-snippet:-1","max-image-preview":"max-image-preview:large","max-video-preview":"max-video-preview:-1"},"canonical":"https:\/\/contadoreshoy.com\/?p=12344","og_locale":"es_ES","og_type":"article","og_title":"Suspensi\u00f3n del contrato de trabajo - Art\u00edculo 51 del C\u00f3digo Sustantivo del Trabajo - Resoluci\u00f3n 0803 marzo 19 de 2020 - Contadores P\u00fablicos","og_description":"A trav\u00e9s de la Resoluci\u00f3n 803 de marzo 19 de 2020 del Ministerio del Trabajo, se ordena a todas las direcciones territoriales y oficinas especiales dar preferencia a todos los&#46;&#46;&#46;","og_url":"https:\/\/contadoreshoy.com\/?p=12344","og_site_name":"Contadores P\u00fablicos","article_publisher":"https:\/\/www.facebook.com\/CCCPBucaramanga\/","article_published_time":"2020-03-21T17:07:33+00:00","article_modified_time":"2020-03-21T17:22:10+00:00","og_image":[{"width":600,"height":400,"url":"https:\/\/contadoreshoy.com\/wp-content\/uploads\/2020\/03\/Suspensi\u00f3n-del-contrato-de-trabajo.jpg","type":"image\/jpeg"}],"author":"Miguel Antonio M\u00e1rquez Monta\u00f1ez","twitter_card":"summary_large_image","twitter_misc":{"Escrito por":"Miguel Antonio M\u00e1rquez Monta\u00f1ez","Tiempo de lectura":"5 minutos"},"schema":{"@context":"https:\/\/schema.org","@graph":[{"@type":"Article","@id":"https:\/\/contadoreshoy.com\/?p=12344#article","isPartOf":{"@id":"https:\/\/contadoreshoy.com\/?p=12344"},"author":{"name":"Miguel Antonio M\u00e1rquez Monta\u00f1ez","@id":"https:\/\/contadoreshoy.com\/#\/schema\/person\/96d8979cb865537c5dc9345e40089fc5"},"headline":"Suspensi\u00f3n del contrato de trabajo &#8211; Art\u00edculo 51 del C\u00f3digo Sustantivo del Trabajo &#8211; Resoluci\u00f3n 0803 marzo 19 de 2020","datePublished":"2020-03-21T17:07:33+00:00","dateModified":"2020-03-21T17:22:10+00:00","mainEntityOfPage":{"@id":"https:\/\/contadoreshoy.com\/?p=12344"},"wordCount":978,"commentCount":0,"publisher":{"@id":"https:\/\/contadoreshoy.com\/#organization"},"image":{"@id":"https:\/\/contadoreshoy.com\/?p=12344#primaryimage"},"thumbnailUrl":"https:\/\/contadoreshoy.com\/wp-content\/uploads\/2020\/03\/Suspensi\u00f3n-del-contrato-de-trabajo.jpg","articleSection":{"1":"Ultimas Noticias","2":"Uncategorized"},"inLanguage":"es","potentialAction":[{"@type":"CommentAction","name":"Comment","target":["https:\/\/contadoreshoy.com\/?p=12344#respond"]}]},{"@type":"WebPage","@id":"https:\/\/contadoreshoy.com\/?p=12344","url":"https:\/\/contadoreshoy.com\/?p=12344","name":"Suspensi\u00f3n del contrato de trabajo - Art\u00edculo 51 del C\u00f3digo Sustantivo del Trabajo - Resoluci\u00f3n 0803 marzo 19 de 2020 - Contadores P\u00fablicos","isPartOf":{"@id":"https:\/\/contadoreshoy.com\/#website"},"primaryImageOfPage":{"@id":"https:\/\/contadoreshoy.com\/?p=12344#primaryimage"},"image":{"@id":"https:\/\/contadoreshoy.com\/?p=12344#primaryimage"},"thumbnailUrl":"https:\/\/contadoreshoy.com\/wp-content\/uploads\/2020\/03\/Suspensi\u00f3n-del-contrato-de-trabajo.jpg","datePublished":"2020-03-21T17:07:33+00:00","dateModified":"2020-03-21T17:22:10+00:00","breadcrumb":{"@id":"https:\/\/contadoreshoy.com\/?p=12344#breadcrumb"},"inLanguage":"es","potentialAction":[{"@type":"ReadAction","target":["https:\/\/contadoreshoy.com\/?p=12344"]}]},{"@type":"ImageObject","inLanguage":"es","@id":"https:\/\/contadoreshoy.com\/?p=12344#primaryimage","url":"https:\/\/contadoreshoy.com\/wp-content\/uploads\/2020\/03\/Suspensi\u00f3n-del-contrato-de-trabajo.jpg","contentUrl":"https:\/\/contadoreshoy.com\/wp-content\/uploads\/2020\/03\/Suspensi\u00f3n-del-contrato-de-trabajo.jpg","width":600,"height":400},{"@type":"BreadcrumbList","@id":"https:\/\/contadoreshoy.com\/?p=12344#breadcrumb","itemListElement":[{"@type":"ListItem","position":1,"name":"Portada","item":"https:\/\/contadoreshoy.com\/"},{"@type":"ListItem","position":2,"name":"Suspensi\u00f3n del contrato de trabajo &#8211; Art\u00edculo 51 del C\u00f3digo Sustantivo del Trabajo &#8211; Resoluci\u00f3n 0803 marzo 19 de 2020"}]},{"@type":"WebSite","@id":"https:\/\/contadoreshoy.com\/#website","url":"https:\/\/contadoreshoy.com\/","name":"Contadorespublicossantander","description":"Portal para Contadores P\u00fablicos y empresarios","publisher":{"@id":"https:\/\/contadoreshoy.com\/#organization"},"potentialAction":[{"@type":"SearchAction","target":{"@type":"EntryPoint","urlTemplate":"https:\/\/contadoreshoy.com\/?s={search_term_string}"},"query-input":{"@type":"PropertyValueSpecification","valueRequired":true,"valueName":"search_term_string"}}],"inLanguage":"es"},{"@type":"Organization","@id":"https:\/\/contadoreshoy.com\/#organization","name":"Contadores P\u00fablicos de Santander","url":"https:\/\/contadoreshoy.com\/","logo":{"@type":"ImageObject","inLanguage":"es","@id":"https:\/\/contadoreshoy.com\/#\/schema\/logo\/image\/","url":"https:\/\/contadoreshoy.com\/wp-content\/uploads\/2024\/01\/cropped-cropped-Copia-de-M-1.jpg","contentUrl":"https:\/\/contadoreshoy.com\/wp-content\/uploads\/2024\/01\/cropped-cropped-Copia-de-M-1.jpg","width":499,"height":500,"caption":"Contadores P\u00fablicos de Santander"},"image":{"@id":"https:\/\/contadoreshoy.com\/#\/schema\/logo\/image\/"},"sameAs":["https:\/\/www.facebook.com\/CCCPBucaramanga\/"]},{"@type":"Person","@id":"https:\/\/contadoreshoy.com\/#\/schema\/person\/96d8979cb865537c5dc9345e40089fc5","name":"Miguel Antonio M\u00e1rquez Monta\u00f1ez","description":"Contador P\u00fablico egresado de la Universidad Aut\u00f3noma de Bucaramanga - Asesor contable tributario con m\u00e1s de 25 a\u00f1os de experiencia - Conferencista en temas contables y tributarios - T\u00e9cnico en Hardware y Dise\u00f1o Web - Creador y director Grupo de Estudio Colegio Colombiano de Contadores P\u00fablicos de Bucaramanga - Creador y Master Web p\u00e1gina www.contadoresp\u00fablicossantander.com - Expresidente Colegio Colombiano de Contadores P\u00fablicos Bucaramanga","url":"https:\/\/contadoreshoy.com\/?author=1"}]}},"_links":{"self":[{"href":"https:\/\/contadoreshoy.com\/index.php?rest_route=\/wp\/v2\/posts\/12344","targetHints":{"allow":["GET"]}}],"collection":[{"href":"https:\/\/contadoreshoy.com\/index.php?rest_route=\/wp\/v2\/posts"}],"about":[{"href":"https:\/\/contadoreshoy.com\/index.php?rest_route=\/wp\/v2\/types\/post"}],"author":[{"embeddable":true,"href":"https:\/\/contadoreshoy.com\/index.php?rest_route=\/wp\/v2\/users\/1"}],"replies":[{"embeddable":true,"href":"https:\/\/contadoreshoy.com\/index.php?rest_route=%2Fwp%2Fv2%2Fcomments&post=12344"}],"version-history":[{"count":10,"href":"https:\/\/contadoreshoy.com\/index.php?rest_route=\/wp\/v2\/posts\/12344\/revisions"}],"predecessor-version":[{"id":12355,"href":"https:\/\/contadoreshoy.com\/index.php?rest_route=\/wp\/v2\/posts\/12344\/revisions\/12355"}],"wp:featuredmedia":[{"embeddable":true,"href":"https:\/\/contadoreshoy.com\/index.php?rest_route=\/wp\/v2\/media\/12350"}],"wp:attachment":[{"href":"https:\/\/contadoreshoy.com\/index.php?rest_route=%2Fwp%2Fv2%2Fmedia&parent=12344"}],"wp:term":[{"taxonomy":"category","embeddable":true,"href":"https:\/\/contadoreshoy.com\/index.php?rest_route=%2Fwp%2Fv2%2Fcategories&post=12344"},{"taxonomy":"post_tag","embeddable":true,"href":"https:\/\/contadoreshoy.com\/index.php?rest_route=%2Fwp%2Fv2%2Ftags&post=12344"}],"curies":[{"name":"wp","href":"https:\/\/api.w.org\/{rel}","templated":true}]}}