{"id":12356,"date":"2020-03-23T19:57:19","date_gmt":"2020-03-24T00:57:19","guid":{"rendered":"https:\/\/contadoreshoy.com\/?p=12356"},"modified":"2020-03-23T19:57:19","modified_gmt":"2020-03-24T00:57:19","slug":"aislamiento-preventivo-obligatorio-decreto-457-marzo-22-2020","status":"publish","type":"post","link":"https:\/\/contadoreshoy.com\/?p=12356","title":{"rendered":"Aislamiento preventivo obligatorio Decreto 457 de marzo 22 de 2020"},"content":{"rendered":"<p><img loading=\"lazy\" decoding=\"async\" class=\"aligncenter wp-image-12358 size-full\" src=\"https:\/\/contadoreshoy.com\/wp-content\/uploads\/2020\/03\/Encerrados.jpg\" alt=\"\" width=\"600\" height=\"400\"><\/p>\n<p style=\"text-align: center;\"><strong><span style=\"color: #000000;\">MINISTERIO DEL INTERIOR<\/span><\/strong><\/p>\n<p style=\"text-align: center;\"><a href=\"https:\/\/dapre.presidencia.gov.co\/normativa\/normativa\/DECRETO%20457%20DEL%2022%20DE%20MARZO%20DE%202020.pdf\" target=\"_blank\" rel=\"noopener\"><strong><span style=\"color: #000000;\">DECRETO N\u00daMERO 457 DE 2020<\/span><\/strong><\/a><\/p>\n<p style=\"text-align: center;\"><strong><span style=\"color: #000000;\">(Marzo 22 de 2020)<\/span><\/strong><\/p>\n<p style=\"text-align: center;\"><strong><span style=\"color: #000000;\">Por el cual se imparten instrucciones en virtud de la emergencia sanitaria generada por la pandemia del Coronavirus COVID-19 y el mantenimiento del orden p\u00fablico.<\/span><\/strong><\/p>\n<p style=\"text-align: center;\"><strong><span style=\"color: #000000;\">EL PRESIDENTE DE LA REP\u00daBLICA DE COLOMBIA,<\/span><\/strong><\/p>\n<p style=\"text-align: center;\"><strong><span style=\"color: #000000;\">en ejercicio de las facultades Constitucionales y legales en especial las que le confiere el numeral 4 del art\u00edculo 189, los art\u00edculos 303 y 315 de la Constituci\u00f3n Pol\u00edtica de Colombia y el art\u00edculo 199 de la Ley 1801 de 2016, <\/span><\/strong><\/p>\n<p style=\"text-align: center;\"><strong><span style=\"color: #000000;\">DECRETA:<\/span><\/strong><\/p>\n<p style=\"text-align: justify;\"><span style=\"text-decoration: underline;\"><em><strong><span style=\"color: #000000; text-decoration: underline;\">Art\u00edculo 1. Aislamiento. Ordenar el aislamiento preventivo obligatorio de todas las personas habitantes de la Rep\u00fablica de Colombia, a partir de las cero horas (00:00 a.m.) del d\u00eda 25 de marzo de 2020, hasta las cero horas (00:00 a.m.) del d\u00eda 13 de abril de 2020, en el marco de la emergencia sanitaria por causa del Coronavirus COVID-19. Para efectos de lograr el efectivo aislamiento preventivo obligatorio se limita totalmente la libre circulaci\u00f3n de personas y veh\u00edculos en el territorio nacional, con las excepciones previstas en el art\u00edculo 3 del presente Decreto. <\/span><\/strong><\/em><\/span><\/p>\n<p style=\"text-align: justify;\"><strong><span style=\"color: #000000;\">Art\u00edculo 2. Ejecuci\u00f3n de la medida de aislamiento. Ordenar a los gobernadores y alcaldes para que en el marco de sus competencias constitucionales y legales, adopten las instrucciones, actos y \u00f3rdenes necesarias para la debida ejecuci\u00f3n de la medida de aislamiento preventivo obligatorio de todas las personas habitantes de la Rep\u00fablica de Colombia, ordenada en el ali\u00edculo anterior.<\/span><\/strong><\/p>\n<p style=\"text-align: justify;\"><strong><span style=\"color: #000000;\"> Art\u00edculo 3. Garant\u00edas para la medida de aislamiento preventivo obligatorio. Para que el aislamiento preventivo obligatorio garantice el derecho a la vida, a la salud en conexidad con la vida y la supervivencia, los gobernadores y alcaldes, en el marco de la emergencia sanitaria por causa del Coronavirus COVID-19, <em><span style=\"text-decoration: underline;\">permitir\u00e1n el derecho de circulaci\u00f3n de las personas en los siguientes casos o actividades:<\/span> <\/em><\/span><\/strong><\/p>\n<ol style=\"text-align: justify;\">\n<li><strong><span style=\"color: #000000;\">Asistencia y prestaci\u00f3n de servicios de salud.<\/span><\/strong><\/li>\n<li><strong><span style=\"color: #000000;\">Adquisici\u00f3n de bienes de primera necesidad -alimentos, bebidas, medicamentos, dispositivos m\u00e9dicos, aseo, limpieza y mercancias de ordinario consumo en la poblaci\u00f3n. <\/span><\/strong><\/li>\n<li><strong><span style=\"color: #000000;\">Desplazamiento a servicIos bancarios, financieros y de operadores de pago, y a servicios notariales. <\/span><\/strong><\/li>\n<li><strong><span style=\"color: #000000;\">Asistencia y cuidado a nlnos, mnas, adolescentes, personas mayores de 70 a\u00f1os, personas con discapacidad y enfermos con tratamientos especiales que requieren asistencia de personal capacitado.<\/span><\/strong><\/li>\n<li><strong><span style=\"color: #000000;\">Por causa de fuerza mayor o caso fortuito. <\/span><\/strong><\/li>\n<li><strong><span style=\"color: #000000;\">Las labores de las misiones m\u00e9dicas de la Organizaci\u00f3n Panamericana de la Salud \u00adOPS y de todos los organismos internacionales de la salud, la prestaci\u00f3n de los servicios profesionales, administrativos, operativos y t\u00e9cnicos de salud p\u00fablicos y privados.<\/span><\/strong><\/li>\n<li><strong><span style=\"color: #000000;\">La cadena de producci\u00f3n, abastecimiento, almacenamiento, transporte, comercializaci\u00f3n y distribuci\u00f3n de medicamentos, productos farmac\u00e9uticos, insumos, productos de limpieza, desinfecci\u00f3n y aseo personal para hogares y hospitales, equipos y dispositivos de tecnolog\u00edas en salud, al igual que el mantenimiento y soporte para garantizar la continua prestaci\u00f3n de los servicios de salud. El funcionamiento de establecimientos y locales comerciales para la comercializaci\u00f3n de los medicamentos, productos farmac\u00e9uticos, insumos, equipos y dispositivos de tecnolog\u00edas en salud. <\/span><\/strong><\/li>\n<li><strong><span style=\"color: #000000;\">Las actividades relacionadas con servicios de emergencia, incluidas las emergencias veterinarias.<\/span><\/strong><\/li>\n<li><strong><span style=\"color: #000000;\">Los servicios funerarios, entierros y cremaciones. <\/span><\/strong><\/li>\n<li><strong><span style=\"color: #000000;\">La cadena de producci\u00f3n, abastecimiento, almacenamiento, transporte, comercializaci\u00f3n y distribuci\u00f3n de: (i) insumos para producir bienes de primera necesidad; (ii) bienes de primera necesidad -alimentos, bebidas, medicamentos, dispositivos m\u00e9dicos, aseo, limpieza de ordinario consumo en la poblaci\u00f3n-, (\u00edii) alimentos y medicinas para mascotas, y dem\u00e1s elementos y bienes necesarios para atender la emergencia sanitaria, as\u00ed como la cadena de insumos relacionados con la producci\u00f3n de estos bienes. <\/span><\/strong><\/li>\n<li><strong><span style=\"color: #000000;\"> La cadena de siembra, cosecha, producci\u00f3n, embalaje, importaci\u00f3n, exportaci\u00f3n, transporte, almacenamiento, distribuci\u00f3n y comercializaci\u00f3n de semillas, insumos y productos agr\u00edcolas, pisc\u00edcolas, pecuarios y agroqu\u00edmicos -fertilizantes, plaguicidas, fungicidas, herbicidas-; productos agropecuarios, pisc\u00edcolas y pecuarios, y alimentos para animales, mantenimiento de la sanidad animal, el &#8216;funcionamiento de centros de procesamiento primario y secundario de alimentos, la operaci\u00f3n de la infraestructura de comercializaci\u00f3n, riego mayor y menor para el abastecimiento de agua poblacional y agr\u00edcola, y la asistencia t\u00e9cnica. Se garantizar\u00e1 la log\u00edstica y el trasporte de las anteriores actividades.<\/span><\/strong><\/li>\n<li><strong><span style=\"color: #000000;\">La comercializaci\u00f3n presencial de productos de primera necesidad se har\u00e1 en mercados de abastos, bodegas, mercados, supermercados mayoristas y minoristas y mercados al detal en establecimientos y locales comerciales a nivel nacional, y podr\u00e1n comercializar sus productos mediante plataformas de comercio electr\u00f3nico y\/o por entrega a domicilio.<\/span><\/strong><\/li>\n<li><strong><span style=\"color: #000000;\">Las actividades de los servidores p\u00fablicos y contratistas del Estado que sean estrictamente necesarias para prevenir, mitigar y atender la emergencia sanitaria por causa del Coronavirus COVID-19, y garantizar el funcionamiento de los servicios indispensables del Estado.<\/span><\/strong><\/li>\n<li><strong><span style=\"color: #000000;\">Las actividades del personal de las misiones diplom\u00e1ticas y consulares debidamente acreditas ante el Estado colombiano, estrictamente necesarias para prevenir, mitigar y atender la emergencia sanitaria por causa del Coronavirus COVID-19. <\/span><\/strong><\/li>\n<li><strong><span style=\"color: #000000;\">Las actividades de las Fuerzas Militares, la Polic\u00eda Nacional y organismos de seguridad del Estado, as\u00ed como de la industria militar y de defensa.<\/span><\/strong><\/li>\n<li><strong><span style=\"color: #000000;\">Las actividades de los puertos de servicio p\u00fablico y privado, exclusivamente para el transporte de carga.<\/span><\/strong><\/li>\n<li><strong><span style=\"color: #000000;\">Las actividades de dragado mar\u00edtimo y fluvial.<\/span><\/strong><\/li>\n<li><strong><span style=\"color: #000000;\">La revisi\u00f3n y atenci\u00f3n de emergencias y afectaciones viales, y las obras de infraestructura que no pueden suspenderse.<\/span><\/strong><\/li>\n<li><strong><span style=\"color: #000000;\">Las actividades necesarias para la operaci\u00f3n a\u00e9rea y aeroportuaria <\/span><\/strong><\/li>\n<li><strong><span style=\"color: #000000;\">La comercializaci\u00f3n de los productos de los establecimientos y locales gastron\u00f3micos mediante plataformas de comercio electr\u00f3nico o por entrega a domicilio. Los restaurantes ubicados dentro de las instalaciones hoteleras solo podr\u00e1n prestar servicios a sus hu\u00e9spedes.<\/span><\/strong><\/li>\n<li><strong><span style=\"color: #000000;\">Las actividades de la industria hotelera para atender a sus hu\u00e9spedes, estrictamente necesarias para prevenir, mitigar y atender la emergencia sanitaria por causa del Coronavirus COVI 0-19.<\/span><\/strong><\/li>\n<li><strong><span style=\"color: #000000;\">El funcionamiento de la infraestructura critica -computadores, sistemas computacionales, redes de comunicaciones, datos e informaci\u00f3n cuya destrucci\u00f3n o interferencia puede debilitar o impactar en la seguridad de la econom\u00eda, salud p\u00fablica o la combinaci\u00f3n de ellas.<\/span><\/strong><\/li>\n<li><strong><span style=\"color: #000000;\">El funcionamiento y operaci\u00f3n de los centros de llamadas, los centros de contactos, los centros de soporte t\u00e9cnico y los centros de procesamiento de datos que presten servicios en el territorio nacional y de las plataformas de comercio electr\u00f3nico. <\/span><\/strong><\/li>\n<li><strong><span style=\"color: #000000;\">El funcionamiento de la prestaci\u00f3n de los servicios de vigilancia y seguridad privada, los servicios carcelarios y penitenciarios y de empresas que prestan el servicio de limpieza y aseo en edificaciones p\u00fablicas, zonas comunes de edificaciones y las edificaciones en las que se desarrollen las actividades de que trata el presente art\u00edculo. <\/span><\/strong><\/li>\n<li><strong><span style=\"color: #000000;\">Las actividades necesarias para garantizar la operaci\u00f3n, mantenimiento, almacenamiento y abastecimiento de la prestaci\u00f3n de (i) servicios p\u00fablicos de acueducto, alcantarillado, energ\u00eda el\u00e9ctrica, alumbrado p\u00fablico, aseo (recolecci\u00f3n, transporte, aprovechamiento y disposici\u00f3n final, incluyendo los residuos biol\u00f3gicos o sanitarios); (ii) de la cadena log\u00edstica de insumos, suministros para la producci\u00f3n, el abastecimiento, importaci\u00f3n, exportaci\u00f3n y suministro de hidrocarburos, combustibles l\u00edquidos, biocombustibles, gas natural, Gas Licuado de Petr\u00f3leo -GLP-, (iii) de la cadena log\u00edstica de insumos, suministros para la producci\u00f3n, el abastecimiento, importaci\u00f3n, exportaci\u00f3n y suministro de minerales, y (iv) el servicio de internet y telefon\u00eda.<\/span><\/strong><\/li>\n<li><strong><span style=\"color: #000000;\">La prestaci\u00f3n de servicios bancarios y financieros, de operadores postales de pago, centrales de riesgo, transporte de valores y actividades notariales. El Superintendente de Notariado y Registro determinar\u00e1 los horarios y turnos en los cuales se prestar\u00e1 el servicio notarial, garantizando la prestaci\u00f3n del servicio a las personas m\u00e1s vulnerables y a las personas de especial protecci\u00f3n constitucional.<\/span><\/strong><\/li>\n<li><strong><span style=\"color: #000000;\">El funcionamiento de los servicios postales, de mensajer\u00eda, radio, televisi\u00f3n, prensa y distribuci\u00f3n de los medios de comunicaci\u00f3n.<\/span><\/strong><\/li>\n<li><strong><span style=\"color: #000000;\">El abastecimiento y distribuci\u00f3n de alimentos y bienes de primera necesidad \u00adalimentos, bebidas, medicamentos, dispositivos m\u00e9dicos, aseo, limpieza y mercanc\u00edas de ordinario consumo en la poblaci\u00f3n-en virtud de programas sociales del Estado y de personas privadas.<\/span><\/strong><\/li>\n<li><strong><span style=\"color: #000000;\">Las actividades del sector interreligioso relacionadas con los programas institucionales de emergencia y ayuda humanitaria, espiritual y psicol\u00f3gica.<\/span><\/strong><\/li>\n<li><strong><span style=\"color: #000000;\">Las actividades estrictamente necesarias para operar y realizar los mantenimientos indispensables de empresas, plantas industriales o minas, del sector p\u00fablico o privado, que por la naturaleza de su proceso productivo requieran mantener su operaci\u00f3n ininterrumpidamente.<\/span><\/strong><\/li>\n<li><strong><span style=\"color: #000000;\">La intervenci\u00f3n de obras civiles y de construcci\u00f3n, las cuales, por su estado de avance de obra o de sus caracter\u00edsticas, presenten riesgos de estabilidad t\u00e9cnica, amenaza de colapso o requieran acciones de reforzamiento estructural.<\/span><\/strong><\/li>\n<li><strong><span style=\"color: #000000;\">Las actividades de los operadores de pagos de salarios, honorarios, pensiones, prestaciones econ\u00f3micas p\u00fablicos y privados; beneficios economlcos peri\u00f3dicos sociales -BEPS-, y los correspondientes a los sistemas y subsistemas de Seguridad Social y Protecci\u00f3n Social.<\/span><\/strong><\/li>\n<li><strong><span style=\"color: #000000;\">El desplazamiento estrictamente necesario del personal directivo y docente de las instituciones educativas p\u00fablicas y privadas, para prevenir, mitigar y atender la emergencia sanitaria por causa del Coronavirus COVID-19.<\/span><\/strong><\/li>\n<li><strong><span style=\"color: #000000;\">La construcci\u00f3n de infraestructura de salud estrictamente necesaria para prevenir, mitigar y atender la emergencia sanitaria por causa del Coronavirus COVID-19.<\/span><\/strong><\/li>\n<\/ol>\n<p style=\"text-align: justify;\"><strong><span style=\"color: #000000;\">Par\u00e1grafo 1. Las personas que desarrollen las actividades antes mencionadas deber\u00e1n estar acreditadas e identificadas en el ejercicio de sus funciones. <\/span><\/strong><\/p>\n<p style=\"text-align: justify;\"><strong><span style=\"color: #000000;\">Par\u00e1grafo 2. Se permitir\u00e1 la circulaci\u00f3n de una sola persona por n\u00facleo familiar para realizar las actividades descritas en el numeral 2 y 3. <\/span><\/strong><\/p>\n<p style=\"text-align: justify;\"><strong><span style=\"color: #000000;\">Par\u00e1grafo 3. Cuando una persona de las relacionadas en el numeral 4 deba salir de su lugar de residencia o aislamiento, podr\u00e1 hacerlo acompa\u00f1ado de una persona que le sirva de apoyo. <\/span><\/strong><\/p>\n<p style=\"text-align: justify;\"><strong><span style=\"color: #000000;\">Par\u00e1grafo 4. Con el fin de proteger la integridad de las personas, mascotas y animales de compa\u00f1\u00eda, y en atenci\u00f3n a medidas fitosanitarias, solo una persona por n\u00facleo familiar podr\u00e1 sacar a las mascotas o animales de compa\u00f1\u00eda. <\/span><\/strong><\/p>\n<p style=\"text-align: justify;\"><strong><span style=\"color: #000000;\">Par\u00e1grafo 5. Las excepciones que de manera adicional se consideren necesarias adicionar por parte de los gobernadores y alcaldes deben ser previamente informadas y coordinadas con el Ministerio del Interior.<\/span><\/strong><\/p>\n<p style=\"text-align: justify;\"><strong><span style=\"color: #000000;\">Art\u00edculo 4. Movilidad. Se deber\u00e1 garantizar el servicio p\u00fablico de transporte terrestre, por cable, fluvial y mar\u00edtimo de pasajeros, de servicios postales y distribuci\u00f3n de paqueter\u00eda, en el territorio nacional, que sean estrictamente necesarios para prevenir, mitigar y atender la emergencia sanitaria por causa del Coronavirus COVID-19 y las actividades permitidas en el art\u00edculo anterior. <\/span><\/strong><\/p>\n<p style=\"text-align: justify;\"><strong><span style=\"color: #000000;\">Se deber\u00e1 garantizar el transporte de carga, el almacenamiento y log\u00edstica para la carga de importaciones y exportaciones. <\/span><\/strong><\/p>\n<p style=\"text-align: justify;\"><strong><span style=\"color: #000000;\">Art\u00edculo 5. Suspensi\u00f3n de transporte dom\u00e9stico por v\u00eda a\u00e9rea. Suspender a partir de las de las cero horas (00:00 a.m.) del d\u00eda 25 de marzo de 2020, hasta las cero horas (00:00 a.m.) del d\u00eda13 de abril de 2020, el transporte dom\u00e9stico por v\u00eda a\u00e9rea. <\/span><\/strong><\/p>\n<p style=\"text-align: justify;\"><strong><span style=\"color: #000000;\">S\u00f3lo se permitir\u00e1 el transporte dom\u00e9stico por v\u00eda a\u00e9rea, en los siguientes casos: <\/span><\/strong><\/p>\n<p style=\"text-align: justify;\"><strong><span style=\"color: #000000;\">1. Emergencia humanitaria. <\/span><\/strong><\/p>\n<p style=\"text-align: justify;\"><strong><span style=\"color: #000000;\">2. El transporte de carga y mercanc\u00eda. <\/span><\/strong><\/p>\n<p style=\"text-align: justify;\"><strong><span style=\"color: #000000;\">3. Caso fortuito o fuerza mayor. <\/span><\/strong><\/p>\n<p style=\"text-align: justify;\"><strong><span style=\"color: #000000;\">Art\u00edculo 6. Prohibici\u00f3n de consumo de bebidas embriagantes. Ordenar a los alcaldes y gobernadores que en el marco de sus competencias constitucionales y legales proh\u00edban dentro de su circunscripci\u00f3n territorial el consumo de bebidas embriagantes en espacios abiertos y establecimientos de comercio, a partir de la vigencia del presente decreto y hasta el d\u00eda domingo 12 de abril de 2020. No queda prohibido el expendio de bebidas embriagantes. <\/span><\/strong><\/p>\n<p style=\"text-align: justify;\"><strong><span style=\"color: #000000;\">Art\u00edculo 7. Inobservancia de las medidas. La violaci\u00f3n e inobservancia de las medidas adoptadas e instrucciones dadas mediante el presente Decreto, dar\u00e1n lugar a la sanci\u00f3n penal prevista en el art\u00edculo 368 del C\u00f3digo Penal y a las multas previstas en art\u00edculo 2.8.8.1.4.21 del Decreto 780 de 2016, o la norma que sustituya, modifique o derogue. Los gobernadores y alcaldes que omitan el cumplimiento de lo dispuesto en este decreto, ser\u00e1n sujetos de las sanciones a que haya lugar. <\/span><\/strong><\/p>\n<p><strong><span style=\"color: #000000;\">Art\u00edculo 8.-Vigencia. El presente Decreto rige a partir de la fecha de su publicaci\u00f3n y deroga el Decreto 420 del 18 de marzo de 2020.<\/span> <\/strong><\/p>\n<p><span style=\"font-size: 14pt;\"><a href=\"https:\/\/dapre.presidencia.gov.co\/normativa\/normativa\/DECRETO%20457%20DEL%2022%20DE%20MARZO%20DE%202020.pdf\" target=\"_blank\" rel=\"noopener\"><span style=\"color: #0000ff;\"><strong>Para ver Decreto 457 de marzo 22 de 2020, dar click aqu\u00ed:<\/strong><\/span><\/a><\/span><\/p>\n<p>&nbsp;<\/p>\n","protected":false},"excerpt":{"rendered":"<p>MINISTERIO DEL INTERIOR DECRETO N\u00daMERO 457 DE 2020 (Marzo 22 de 2020) Por el cual se imparten instrucciones en virtud de la emergencia sanitaria generada por la pandemia del Coronavirus&#46;&#46;&#46;<\/p>\n","protected":false},"author":1,"featured_media":12358,"comment_status":"open","ping_status":"open","sticky":false,"template":"","format":"standard","meta":{"_monsterinsights_skip_tracking":false,"ngg_post_thumbnail":0,"footnotes":"","_links_to":"","_links_to_target":""},"categories":[454,1],"tags":[],"class_list":["post-12356","post","type-post","status-publish","format-standard","has-post-thumbnail","hentry","category-sin-categoria","category-uncategorized"],"aioseo_notices":[],"aioseo_head":"\n\t\t<!-- All in One SEO 5.0.1.1 - aioseo.com -->\n\t<meta name=\"description\" content=\"MINISTERIO DEL INTERIOR DECRETO N\u00daMERO 457 DE 2020 (Marzo 22 de 2020) Por el cual se imparten instrucciones en virtud de la emergencia sanitaria generada por la pandemia del Coronavirus COVID-19 y el mantenimiento del orden p\u00fablico. EL PRESIDENTE DE LA REP\u00daBLICA DE COLOMBIA, en ejercicio de las facultades Constitucionales y legales en especial las\" \/>\n\t<meta name=\"robots\" content=\"max-image-preview:large\" \/>\n\t<meta name=\"author\" content=\"Miguel Antonio M\u00e1rquez Monta\u00f1ez\"\/>\n\t<link rel=\"canonical\" href=\"https:\/\/contadoreshoy.com\/?p=12356\" \/>\n\t<meta name=\"generator\" content=\"All in One SEO (AIOSEO) 5.0.1.1\" \/>\n\t\t<meta property=\"og:locale\" content=\"es_ES\" \/>\n\t\t<meta property=\"og:site_name\" content=\"Contadores P\u00fablicos - Portal para Contadores P\u00fablicos y empresarios\" \/>\n\t\t<meta property=\"og:type\" content=\"article\" \/>\n\t\t<meta property=\"og:title\" content=\"Aislamiento preventivo obligatorio Decreto 457 de marzo 22 de 2020 - Contadores P\u00fablicos\" \/>\n\t\t<meta property=\"og:description\" content=\"MINISTERIO DEL INTERIOR DECRETO N\u00daMERO 457 DE 2020 (Marzo 22 de 2020) Por el cual se imparten instrucciones en virtud de la emergencia sanitaria generada por la pandemia del Coronavirus COVID-19 y el mantenimiento del orden p\u00fablico. EL PRESIDENTE DE LA REP\u00daBLICA DE COLOMBIA, en ejercicio de las facultades Constitucionales y legales en especial las\" \/>\n\t\t<meta property=\"og:url\" content=\"https:\/\/contadoreshoy.com\/?p=12356\" \/>\n\t\t<meta property=\"og:image\" content=\"https:\/\/contadoreshoy.com\/wp-content\/uploads\/2024\/01\/cropped-cropped-cropped-Copia-de-M.jpg\" \/>\n\t\t<meta property=\"og:image:secure_url\" content=\"https:\/\/contadoreshoy.com\/wp-content\/uploads\/2024\/01\/cropped-cropped-cropped-Copia-de-M.jpg\" \/>\n\t\t<meta property=\"og:image:width\" content=\"512\" \/>\n\t\t<meta property=\"og:image:height\" content=\"371\" \/>\n\t\t<meta property=\"article:published_time\" content=\"2020-03-24T00:57:19+00:00\" \/>\n\t\t<meta property=\"article:modified_time\" content=\"2020-03-24T00:57:19+00:00\" \/>\n\t\t<meta name=\"twitter:card\" content=\"summary_large_image\" \/>\n\t\t<meta name=\"twitter:title\" content=\"Aislamiento preventivo obligatorio Decreto 457 de marzo 22 de 2020 - Contadores P\u00fablicos\" \/>\n\t\t<meta name=\"twitter:description\" content=\"MINISTERIO DEL INTERIOR DECRETO N\u00daMERO 457 DE 2020 (Marzo 22 de 2020) Por el cual se imparten instrucciones en virtud de la emergencia sanitaria generada por la pandemia del Coronavirus COVID-19 y el mantenimiento del orden p\u00fablico. EL PRESIDENTE DE LA REP\u00daBLICA DE COLOMBIA, en ejercicio de las facultades Constitucionales y legales en especial las\" \/>\n\t\t<meta name=\"twitter:image\" content=\"https:\/\/contadoreshoy.com\/wp-content\/uploads\/2024\/01\/cropped-cropped-cropped-Copia-de-M.jpg\" \/>\n\t\t<script type=\"application\/ld+json\" class=\"aioseo-schema\">\n\t\t\t{\"@context\":\"https:\\\/\\\/schema.org\",\"@graph\":[{\"@type\":\"BlogPosting\",\"@id\":\"https:\\\/\\\/contadoreshoy.com\\\/?p=12356#blogposting\",\"name\":\"Aislamiento preventivo obligatorio Decreto 457 de marzo 22 de 2020 - Contadores P\\u00fablicos\",\"headline\":\"Aislamiento preventivo obligatorio Decreto 457 de marzo 22 de 2020\",\"author\":{\"@id\":\"https:\\\/\\\/contadoreshoy.com\\\/?author=1#author\"},\"publisher\":{\"@id\":\"https:\\\/\\\/contadoreshoy.com\\\/#organization\"},\"image\":{\"@type\":\"ImageObject\",\"url\":\"https:\\\/\\\/contadoreshoy.com\\\/wp-content\\\/uploads\\\/2020\\\/03\\\/Encerrados.jpg\",\"width\":600,\"height\":400},\"datePublished\":\"2020-03-23T19:57:19-05:00\",\"dateModified\":\"2020-03-23T19:57:19-05:00\",\"inLanguage\":\"es-ES\",\"mainEntityOfPage\":{\"@id\":\"https:\\\/\\\/contadoreshoy.com\\\/?p=12356#webpage\"},\"isPartOf\":{\"@id\":\"https:\\\/\\\/contadoreshoy.com\\\/?p=12356#webpage\"},\"articleSection\":\"Sin categor\\u00eda, Uncategorized\"},{\"@type\":\"BreadcrumbList\",\"@id\":\"https:\\\/\\\/contadoreshoy.com\\\/?p=12356#breadcrumblist\",\"itemListElement\":[{\"@type\":\"ListItem\",\"@id\":\"https:\\\/\\\/contadoreshoy.com#listItem\",\"position\":1,\"name\":\"Home\",\"item\":\"https:\\\/\\\/contadoreshoy.com\",\"nextItem\":{\"@type\":\"ListItem\",\"@id\":\"https:\\\/\\\/contadoreshoy.com\\\/?cat=1#listItem\",\"name\":\"Uncategorized\"}},{\"@type\":\"ListItem\",\"@id\":\"https:\\\/\\\/contadoreshoy.com\\\/?cat=1#listItem\",\"position\":2,\"name\":\"Uncategorized\",\"item\":\"https:\\\/\\\/contadoreshoy.com\\\/?cat=1\",\"nextItem\":{\"@type\":\"ListItem\",\"@id\":\"https:\\\/\\\/contadoreshoy.com\\\/?p=12356#listItem\",\"name\":\"Aislamiento preventivo obligatorio Decreto 457 de marzo 22 de 2020\"},\"previousItem\":{\"@type\":\"ListItem\",\"@id\":\"https:\\\/\\\/contadoreshoy.com#listItem\",\"name\":\"Home\"}},{\"@type\":\"ListItem\",\"@id\":\"https:\\\/\\\/contadoreshoy.com\\\/?p=12356#listItem\",\"position\":3,\"name\":\"Aislamiento preventivo obligatorio Decreto 457 de marzo 22 de 2020\",\"previousItem\":{\"@type\":\"ListItem\",\"@id\":\"https:\\\/\\\/contadoreshoy.com\\\/?cat=1#listItem\",\"name\":\"Uncategorized\"}}]},{\"@type\":\"Organization\",\"@id\":\"https:\\\/\\\/contadoreshoy.com\\\/#organization\",\"name\":\"Contadores P\\u00fablicos\",\"description\":\"Portal para Contadores P\\u00fablicos y empresarios\",\"url\":\"https:\\\/\\\/contadoreshoy.com\\\/\",\"logo\":{\"@type\":\"ImageObject\",\"url\":\"https:\\\/\\\/contadoreshoy.com\\\/wp-content\\\/uploads\\\/2024\\\/01\\\/cropped-cropped-Copia-de-M-1.jpg\",\"@id\":\"https:\\\/\\\/contadoreshoy.com\\\/?p=12356\\\/#organizationLogo\",\"width\":499,\"height\":500},\"image\":{\"@id\":\"https:\\\/\\\/contadoreshoy.com\\\/?p=12356\\\/#organizationLogo\"}},{\"@type\":\"Person\",\"@id\":\"https:\\\/\\\/contadoreshoy.com\\\/?author=1#author\",\"url\":\"https:\\\/\\\/contadoreshoy.com\\\/?author=1\",\"name\":\"Miguel Antonio M\\u00e1rquez Monta\\u00f1ez\"},{\"@type\":\"WebPage\",\"@id\":\"https:\\\/\\\/contadoreshoy.com\\\/?p=12356#webpage\",\"url\":\"https:\\\/\\\/contadoreshoy.com\\\/?p=12356\",\"name\":\"Aislamiento preventivo obligatorio Decreto 457 de marzo 22 de 2020 - Contadores P\\u00fablicos\",\"description\":\"MINISTERIO DEL INTERIOR DECRETO N\\u00daMERO 457 DE 2020 (Marzo 22 de 2020) Por el cual se imparten instrucciones en virtud de la emergencia sanitaria generada por la pandemia del Coronavirus COVID-19 y el mantenimiento del orden p\\u00fablico. EL PRESIDENTE DE LA REP\\u00daBLICA DE COLOMBIA, en ejercicio de las facultades Constitucionales y legales en especial las\",\"inLanguage\":\"es-ES\",\"isPartOf\":{\"@id\":\"https:\\\/\\\/contadoreshoy.com\\\/#website\"},\"breadcrumb\":{\"@id\":\"https:\\\/\\\/contadoreshoy.com\\\/?p=12356#breadcrumblist\"},\"author\":{\"@id\":\"https:\\\/\\\/contadoreshoy.com\\\/?author=1#author\"},\"creator\":{\"@id\":\"https:\\\/\\\/contadoreshoy.com\\\/?author=1#author\"},\"image\":{\"@type\":\"ImageObject\",\"url\":\"https:\\\/\\\/contadoreshoy.com\\\/wp-content\\\/uploads\\\/2020\\\/03\\\/Encerrados.jpg\",\"@id\":\"https:\\\/\\\/contadoreshoy.com\\\/?p=12356\\\/#mainImage\",\"width\":600,\"height\":400},\"primaryImageOfPage\":{\"@id\":\"https:\\\/\\\/contadoreshoy.com\\\/?p=12356#mainImage\"},\"datePublished\":\"2020-03-23T19:57:19-05:00\",\"dateModified\":\"2020-03-23T19:57:19-05:00\"},{\"@type\":\"WebSite\",\"@id\":\"https:\\\/\\\/contadoreshoy.com\\\/#website\",\"url\":\"https:\\\/\\\/contadoreshoy.com\\\/\",\"name\":\"Contadores P\\u00fablicos\",\"description\":\"Portal para Contadores P\\u00fablicos y empresarios\",\"inLanguage\":\"es-ES\",\"publisher\":{\"@id\":\"https:\\\/\\\/contadoreshoy.com\\\/#organization\"}}]}\n\t\t<\/script>\n\t\t<!-- All in One SEO -->\n\n","aioseo_head_json":{"title":"Aislamiento preventivo obligatorio Decreto 457 de marzo 22 de 2020 - Contadores P\u00fablicos","description":"MINISTERIO DEL INTERIOR DECRETO N\u00daMERO 457 DE 2020 (Marzo 22 de 2020) Por el cual se imparten instrucciones en virtud de la emergencia sanitaria generada por la pandemia del Coronavirus COVID-19 y el mantenimiento del orden p\u00fablico. EL PRESIDENTE DE LA REP\u00daBLICA DE COLOMBIA, en ejercicio de las facultades Constitucionales y legales en especial las","canonical_url":"https:\/\/contadoreshoy.com\/?p=12356","robots":"max-image-preview:large","keywords":"","webmasterTools":{"miscellaneous":""},"schema":{"@context":"https:\/\/schema.org","@graph":[{"@type":"BlogPosting","@id":"https:\/\/contadoreshoy.com\/?p=12356#blogposting","name":"Aislamiento preventivo obligatorio Decreto 457 de marzo 22 de 2020 - Contadores P\u00fablicos","headline":"Aislamiento preventivo obligatorio Decreto 457 de marzo 22 de 2020","author":{"@id":"https:\/\/contadoreshoy.com\/?author=1#author"},"publisher":{"@id":"https:\/\/contadoreshoy.com\/#organization"},"image":{"@type":"ImageObject","url":"https:\/\/contadoreshoy.com\/wp-content\/uploads\/2020\/03\/Encerrados.jpg","width":600,"height":400},"datePublished":"2020-03-23T19:57:19-05:00","dateModified":"2020-03-23T19:57:19-05:00","inLanguage":"es-ES","mainEntityOfPage":{"@id":"https:\/\/contadoreshoy.com\/?p=12356#webpage"},"isPartOf":{"@id":"https:\/\/contadoreshoy.com\/?p=12356#webpage"},"articleSection":"Sin categor\u00eda, Uncategorized"},{"@type":"BreadcrumbList","@id":"https:\/\/contadoreshoy.com\/?p=12356#breadcrumblist","itemListElement":[{"@type":"ListItem","@id":"https:\/\/contadoreshoy.com#listItem","position":1,"name":"Home","item":"https:\/\/contadoreshoy.com","nextItem":{"@type":"ListItem","@id":"https:\/\/contadoreshoy.com\/?cat=1#listItem","name":"Uncategorized"}},{"@type":"ListItem","@id":"https:\/\/contadoreshoy.com\/?cat=1#listItem","position":2,"name":"Uncategorized","item":"https:\/\/contadoreshoy.com\/?cat=1","nextItem":{"@type":"ListItem","@id":"https:\/\/contadoreshoy.com\/?p=12356#listItem","name":"Aislamiento preventivo obligatorio Decreto 457 de marzo 22 de 2020"},"previousItem":{"@type":"ListItem","@id":"https:\/\/contadoreshoy.com#listItem","name":"Home"}},{"@type":"ListItem","@id":"https:\/\/contadoreshoy.com\/?p=12356#listItem","position":3,"name":"Aislamiento preventivo obligatorio Decreto 457 de marzo 22 de 2020","previousItem":{"@type":"ListItem","@id":"https:\/\/contadoreshoy.com\/?cat=1#listItem","name":"Uncategorized"}}]},{"@type":"Organization","@id":"https:\/\/contadoreshoy.com\/#organization","name":"Contadores P\u00fablicos","description":"Portal para Contadores P\u00fablicos y empresarios","url":"https:\/\/contadoreshoy.com\/","logo":{"@type":"ImageObject","url":"https:\/\/contadoreshoy.com\/wp-content\/uploads\/2024\/01\/cropped-cropped-Copia-de-M-1.jpg","@id":"https:\/\/contadoreshoy.com\/?p=12356\/#organizationLogo","width":499,"height":500},"image":{"@id":"https:\/\/contadoreshoy.com\/?p=12356\/#organizationLogo"}},{"@type":"Person","@id":"https:\/\/contadoreshoy.com\/?author=1#author","url":"https:\/\/contadoreshoy.com\/?author=1","name":"Miguel Antonio M\u00e1rquez Monta\u00f1ez"},{"@type":"WebPage","@id":"https:\/\/contadoreshoy.com\/?p=12356#webpage","url":"https:\/\/contadoreshoy.com\/?p=12356","name":"Aislamiento preventivo obligatorio Decreto 457 de marzo 22 de 2020 - Contadores P\u00fablicos","description":"MINISTERIO DEL INTERIOR DECRETO N\u00daMERO 457 DE 2020 (Marzo 22 de 2020) Por el cual se imparten instrucciones en virtud de la emergencia sanitaria generada por la pandemia del Coronavirus COVID-19 y el mantenimiento del orden p\u00fablico. EL PRESIDENTE DE LA REP\u00daBLICA DE COLOMBIA, en ejercicio de las facultades Constitucionales y legales en especial las","inLanguage":"es-ES","isPartOf":{"@id":"https:\/\/contadoreshoy.com\/#website"},"breadcrumb":{"@id":"https:\/\/contadoreshoy.com\/?p=12356#breadcrumblist"},"author":{"@id":"https:\/\/contadoreshoy.com\/?author=1#author"},"creator":{"@id":"https:\/\/contadoreshoy.com\/?author=1#author"},"image":{"@type":"ImageObject","url":"https:\/\/contadoreshoy.com\/wp-content\/uploads\/2020\/03\/Encerrados.jpg","@id":"https:\/\/contadoreshoy.com\/?p=12356\/#mainImage","width":600,"height":400},"primaryImageOfPage":{"@id":"https:\/\/contadoreshoy.com\/?p=12356#mainImage"},"datePublished":"2020-03-23T19:57:19-05:00","dateModified":"2020-03-23T19:57:19-05:00"},{"@type":"WebSite","@id":"https:\/\/contadoreshoy.com\/#website","url":"https:\/\/contadoreshoy.com\/","name":"Contadores P\u00fablicos","description":"Portal para Contadores P\u00fablicos y empresarios","inLanguage":"es-ES","publisher":{"@id":"https:\/\/contadoreshoy.com\/#organization"}}]},"og:locale":"es_ES","og:site_name":"Contadores P\u00fablicos - Portal para Contadores P\u00fablicos y empresarios","og:type":"article","og:title":"Aislamiento preventivo obligatorio Decreto 457 de marzo 22 de 2020 - Contadores P\u00fablicos","og:description":"MINISTERIO DEL INTERIOR DECRETO N\u00daMERO 457 DE 2020 (Marzo 22 de 2020) Por el cual se imparten instrucciones en virtud de la emergencia sanitaria generada por la pandemia del Coronavirus COVID-19 y el mantenimiento del orden p\u00fablico. EL PRESIDENTE DE LA REP\u00daBLICA DE COLOMBIA, en ejercicio de las facultades Constitucionales y legales en especial las","og:url":"https:\/\/contadoreshoy.com\/?p=12356","og:image":"https:\/\/contadoreshoy.com\/wp-content\/uploads\/2024\/01\/cropped-cropped-cropped-Copia-de-M.jpg","og:image:secure_url":"https:\/\/contadoreshoy.com\/wp-content\/uploads\/2024\/01\/cropped-cropped-cropped-Copia-de-M.jpg","og:image:width":512,"og:image:height":371,"article:published_time":"2020-03-24T00:57:19+00:00","article:modified_time":"2020-03-24T00:57:19+00:00","twitter:card":"summary_large_image","twitter:title":"Aislamiento preventivo obligatorio Decreto 457 de marzo 22 de 2020 - Contadores P\u00fablicos","twitter:description":"MINISTERIO DEL INTERIOR DECRETO N\u00daMERO 457 DE 2020 (Marzo 22 de 2020) Por el cual se imparten instrucciones en virtud de la emergencia sanitaria generada por la pandemia del Coronavirus COVID-19 y el mantenimiento del orden p\u00fablico. EL PRESIDENTE DE LA REP\u00daBLICA DE COLOMBIA, en ejercicio de las facultades Constitucionales y legales en especial las","twitter:image":"https:\/\/contadoreshoy.com\/wp-content\/uploads\/2024\/01\/cropped-cropped-cropped-Copia-de-M.jpg"},"aioseo_meta_data":{"post_id":"12356","title":null,"description":null,"keywords":null,"keyphrases":null,"primary_term":null,"canonical_url":null,"og_title":null,"og_description":null,"og_object_type":"default","og_image_type":"default","og_image_url":null,"og_image_width":null,"og_image_height":null,"og_image_custom_url":null,"og_image_custom_fields":null,"og_video":null,"og_custom_url":null,"og_article_section":null,"og_article_tags":null,"twitter_use_og":false,"twitter_card":"default","twitter_image_type":"default","twitter_image_url":null,"twitter_image_custom_url":null,"twitter_image_custom_fields":null,"twitter_title":null,"twitter_description":null,"schema":{"blockGraphs":[],"customGraphs":[],"default":{"data":{"Article":[],"Course":[],"Dataset":[],"FAQPage":[],"Movie":[],"Person":[],"Product":[],"ProductReview":[],"Car":[],"Recipe":[],"Service":[],"SoftwareApplication":[],"WebPage":[]},"graphName":"","isEnabled":true},"graphs":[]},"schema_type":"default","schema_type_options":null,"pillar_content":false,"robots_default":true,"robots_noindex":false,"robots_noarchive":false,"robots_nosnippet":false,"robots_nofollow":false,"robots_noimageindex":false,"robots_noodp":false,"robots_notranslate":false,"robots_max_snippet":null,"robots_max_videopreview":null,"robots_max_imagepreview":"large","priority":null,"frequency":null,"local_seo":null,"breadcrumb_settings":null,"limit_modified_date":false,"ai":null,"created":"2024-03-05 02:13:28","updated":"2026-03-03 05:23:40","seo_analyzer_scan_date":null,"focus_keyword":null,"additional_keywords":null,"truseo_locale":null},"aioseo_breadcrumb":"<div class=\"aioseo-breadcrumbs\"><span class=\"aioseo-breadcrumb\">\n\t\t\t<a href=\"https:\/\/contadoreshoy.com\" title=\"Home\">Home<\/a>\n\t\t<\/span><span class=\"aioseo-breadcrumb-separator\">&raquo;<\/span><span class=\"aioseo-breadcrumb\">\n\t\t\t<a href=\"https:\/\/contadoreshoy.com\/?cat=1\" title=\"Uncategorized\">Uncategorized<\/a>\n\t\t<\/span><span class=\"aioseo-breadcrumb-separator\">&raquo;<\/span><span class=\"aioseo-breadcrumb\">\n\t\t\tAislamiento preventivo obligatorio Decreto 457 de marzo 22 de 2020\n\t\t<\/span><\/div>","aioseo_breadcrumb_json":[{"label":"Home","link":"https:\/\/contadoreshoy.com"},{"label":"Uncategorized","link":"https:\/\/contadoreshoy.com\/?cat=1"},{"label":"Aislamiento preventivo obligatorio Decreto 457 de marzo 22 de 2020","link":"https:\/\/contadoreshoy.com\/?p=12356"}],"yoast_head":"<!-- This site is optimized with the Yoast SEO plugin v28.4 - https:\/\/yoast.com\/product\/yoast-seo-wordpress\/ -->\n<title>Aislamiento preventivo obligatorio Decreto 457 de marzo 22 de 2020 - Contadores P\u00fablicos<\/title>\n<meta name=\"robots\" content=\"index, follow, max-snippet:-1, max-image-preview:large, max-video-preview:-1\" \/>\n<link rel=\"canonical\" href=\"https:\/\/contadoreshoy.com\/?p=12356\" \/>\n<meta property=\"og:locale\" content=\"es_ES\" \/>\n<meta property=\"og:type\" content=\"article\" \/>\n<meta property=\"og:title\" content=\"Aislamiento preventivo obligatorio Decreto 457 de marzo 22 de 2020 - Contadores P\u00fablicos\" \/>\n<meta property=\"og:description\" content=\"MINISTERIO DEL INTERIOR DECRETO N\u00daMERO 457 DE 2020 (Marzo 22 de 2020) Por el cual se imparten instrucciones en virtud de la emergencia sanitaria generada por la pandemia del Coronavirus&#046;&#046;&#046;\" \/>\n<meta property=\"og:url\" content=\"https:\/\/contadoreshoy.com\/?p=12356\" \/>\n<meta property=\"og:site_name\" content=\"Contadores P\u00fablicos\" \/>\n<meta property=\"article:publisher\" content=\"https:\/\/www.facebook.com\/CCCPBucaramanga\/\" \/>\n<meta property=\"article:published_time\" content=\"2020-03-24T00:57:19+00:00\" \/>\n<meta property=\"og:image\" content=\"https:\/\/contadoreshoy.com\/wp-content\/uploads\/2020\/03\/Encerrados.jpg\" \/>\n\t<meta property=\"og:image:width\" content=\"600\" \/>\n\t<meta property=\"og:image:height\" content=\"400\" \/>\n\t<meta property=\"og:image:type\" content=\"image\/jpeg\" \/>\n<meta name=\"author\" content=\"Miguel Antonio M\u00e1rquez Monta\u00f1ez\" \/>\n<meta name=\"twitter:card\" content=\"summary_large_image\" \/>\n<meta name=\"twitter:label1\" content=\"Escrito por\" \/>\n\t<meta name=\"twitter:data1\" content=\"Miguel Antonio M\u00e1rquez Monta\u00f1ez\" \/>\n\t<meta name=\"twitter:label2\" content=\"Tiempo de lectura\" \/>\n\t<meta name=\"twitter:data2\" content=\"10 minutos\" \/>\n<script type=\"application\/ld+json\" class=\"yoast-schema-graph\">{\"@context\":\"https:\\\/\\\/schema.org\",\"@graph\":[{\"@type\":\"Article\",\"@id\":\"https:\\\/\\\/contadoreshoy.com\\\/?p=12356#article\",\"isPartOf\":{\"@id\":\"https:\\\/\\\/contadoreshoy.com\\\/?p=12356\"},\"author\":{\"name\":\"Miguel Antonio M\u00e1rquez Monta\u00f1ez\",\"@id\":\"https:\\\/\\\/contadoreshoy.com\\\/#\\\/schema\\\/person\\\/96d8979cb865537c5dc9345e40089fc5\"},\"headline\":\"Aislamiento preventivo obligatorio Decreto 457 de marzo 22 de 2020\",\"datePublished\":\"2020-03-24T00:57:19+00:00\",\"mainEntityOfPage\":{\"@id\":\"https:\\\/\\\/contadoreshoy.com\\\/?p=12356\"},\"wordCount\":2039,\"commentCount\":0,\"publisher\":{\"@id\":\"https:\\\/\\\/contadoreshoy.com\\\/#organization\"},\"image\":{\"@id\":\"https:\\\/\\\/contadoreshoy.com\\\/?p=12356#primaryimage\"},\"thumbnailUrl\":\"https:\\\/\\\/contadoreshoy.com\\\/wp-content\\\/uploads\\\/2020\\\/03\\\/Encerrados.jpg\",\"articleSection\":{\"1\":\"Uncategorized\"},\"inLanguage\":\"es\",\"potentialAction\":[{\"@type\":\"CommentAction\",\"name\":\"Comment\",\"target\":[\"https:\\\/\\\/contadoreshoy.com\\\/?p=12356#respond\"]}]},{\"@type\":\"WebPage\",\"@id\":\"https:\\\/\\\/contadoreshoy.com\\\/?p=12356\",\"url\":\"https:\\\/\\\/contadoreshoy.com\\\/?p=12356\",\"name\":\"Aislamiento preventivo obligatorio Decreto 457 de marzo 22 de 2020 - Contadores P\u00fablicos\",\"isPartOf\":{\"@id\":\"https:\\\/\\\/contadoreshoy.com\\\/#website\"},\"primaryImageOfPage\":{\"@id\":\"https:\\\/\\\/contadoreshoy.com\\\/?p=12356#primaryimage\"},\"image\":{\"@id\":\"https:\\\/\\\/contadoreshoy.com\\\/?p=12356#primaryimage\"},\"thumbnailUrl\":\"https:\\\/\\\/contadoreshoy.com\\\/wp-content\\\/uploads\\\/2020\\\/03\\\/Encerrados.jpg\",\"datePublished\":\"2020-03-24T00:57:19+00:00\",\"breadcrumb\":{\"@id\":\"https:\\\/\\\/contadoreshoy.com\\\/?p=12356#breadcrumb\"},\"inLanguage\":\"es\",\"potentialAction\":[{\"@type\":\"ReadAction\",\"target\":[\"https:\\\/\\\/contadoreshoy.com\\\/?p=12356\"]}]},{\"@type\":\"ImageObject\",\"inLanguage\":\"es\",\"@id\":\"https:\\\/\\\/contadoreshoy.com\\\/?p=12356#primaryimage\",\"url\":\"https:\\\/\\\/contadoreshoy.com\\\/wp-content\\\/uploads\\\/2020\\\/03\\\/Encerrados.jpg\",\"contentUrl\":\"https:\\\/\\\/contadoreshoy.com\\\/wp-content\\\/uploads\\\/2020\\\/03\\\/Encerrados.jpg\",\"width\":600,\"height\":400},{\"@type\":\"BreadcrumbList\",\"@id\":\"https:\\\/\\\/contadoreshoy.com\\\/?p=12356#breadcrumb\",\"itemListElement\":[{\"@type\":\"ListItem\",\"position\":1,\"name\":\"Portada\",\"item\":\"https:\\\/\\\/contadoreshoy.com\\\/\"},{\"@type\":\"ListItem\",\"position\":2,\"name\":\"Aislamiento preventivo obligatorio Decreto 457 de marzo 22 de 2020\"}]},{\"@type\":\"WebSite\",\"@id\":\"https:\\\/\\\/contadoreshoy.com\\\/#website\",\"url\":\"https:\\\/\\\/contadoreshoy.com\\\/\",\"name\":\"Contadorespublicossantander\",\"description\":\"Portal para Contadores P\u00fablicos y empresarios\",\"publisher\":{\"@id\":\"https:\\\/\\\/contadoreshoy.com\\\/#organization\"},\"potentialAction\":[{\"@type\":\"SearchAction\",\"target\":{\"@type\":\"EntryPoint\",\"urlTemplate\":\"https:\\\/\\\/contadoreshoy.com\\\/?s={search_term_string}\"},\"query-input\":{\"@type\":\"PropertyValueSpecification\",\"valueRequired\":true,\"valueName\":\"search_term_string\"}}],\"inLanguage\":\"es\"},{\"@type\":\"Organization\",\"@id\":\"https:\\\/\\\/contadoreshoy.com\\\/#organization\",\"name\":\"Contadores P\u00fablicos de Santander\",\"url\":\"https:\\\/\\\/contadoreshoy.com\\\/\",\"logo\":{\"@type\":\"ImageObject\",\"inLanguage\":\"es\",\"@id\":\"https:\\\/\\\/contadoreshoy.com\\\/#\\\/schema\\\/logo\\\/image\\\/\",\"url\":\"https:\\\/\\\/contadoreshoy.com\\\/wp-content\\\/uploads\\\/2024\\\/01\\\/cropped-cropped-Copia-de-M-1.jpg\",\"contentUrl\":\"https:\\\/\\\/contadoreshoy.com\\\/wp-content\\\/uploads\\\/2024\\\/01\\\/cropped-cropped-Copia-de-M-1.jpg\",\"width\":499,\"height\":500,\"caption\":\"Contadores P\u00fablicos de Santander\"},\"image\":{\"@id\":\"https:\\\/\\\/contadoreshoy.com\\\/#\\\/schema\\\/logo\\\/image\\\/\"},\"sameAs\":[\"https:\\\/\\\/www.facebook.com\\\/CCCPBucaramanga\\\/\"]},{\"@type\":\"Person\",\"@id\":\"https:\\\/\\\/contadoreshoy.com\\\/#\\\/schema\\\/person\\\/96d8979cb865537c5dc9345e40089fc5\",\"name\":\"Miguel Antonio M\u00e1rquez Monta\u00f1ez\",\"description\":\"Contador P\u00fablico egresado de la Universidad Aut\u00f3noma de Bucaramanga - Asesor contable tributario con m\u00e1s de 25 a\u00f1os de experiencia - Conferencista en temas contables y tributarios - T\u00e9cnico en Hardware y Dise\u00f1o Web - Creador y director Grupo de Estudio Colegio Colombiano de Contadores P\u00fablicos de Bucaramanga - Creador y Master Web p\u00e1gina www.contadoresp\u00fablicossantander.com - Expresidente Colegio Colombiano de Contadores P\u00fablicos Bucaramanga\",\"url\":\"https:\\\/\\\/contadoreshoy.com\\\/?author=1\"}]}<\/script>\n<!-- \/ Yoast SEO plugin. -->","yoast_head_json":{"title":"Aislamiento preventivo obligatorio Decreto 457 de marzo 22 de 2020 - Contadores P\u00fablicos","robots":{"index":"index","follow":"follow","max-snippet":"max-snippet:-1","max-image-preview":"max-image-preview:large","max-video-preview":"max-video-preview:-1"},"canonical":"https:\/\/contadoreshoy.com\/?p=12356","og_locale":"es_ES","og_type":"article","og_title":"Aislamiento preventivo obligatorio Decreto 457 de marzo 22 de 2020 - Contadores P\u00fablicos","og_description":"MINISTERIO DEL INTERIOR DECRETO N\u00daMERO 457 DE 2020 (Marzo 22 de 2020) Por el cual se imparten instrucciones en virtud de la emergencia sanitaria generada por la pandemia del Coronavirus&#46;&#46;&#46;","og_url":"https:\/\/contadoreshoy.com\/?p=12356","og_site_name":"Contadores P\u00fablicos","article_publisher":"https:\/\/www.facebook.com\/CCCPBucaramanga\/","article_published_time":"2020-03-24T00:57:19+00:00","og_image":[{"width":600,"height":400,"url":"https:\/\/contadoreshoy.com\/wp-content\/uploads\/2020\/03\/Encerrados.jpg","type":"image\/jpeg"}],"author":"Miguel Antonio M\u00e1rquez Monta\u00f1ez","twitter_card":"summary_large_image","twitter_misc":{"Escrito por":"Miguel Antonio M\u00e1rquez Monta\u00f1ez","Tiempo de lectura":"10 minutos"},"schema":{"@context":"https:\/\/schema.org","@graph":[{"@type":"Article","@id":"https:\/\/contadoreshoy.com\/?p=12356#article","isPartOf":{"@id":"https:\/\/contadoreshoy.com\/?p=12356"},"author":{"name":"Miguel Antonio M\u00e1rquez Monta\u00f1ez","@id":"https:\/\/contadoreshoy.com\/#\/schema\/person\/96d8979cb865537c5dc9345e40089fc5"},"headline":"Aislamiento preventivo obligatorio Decreto 457 de marzo 22 de 2020","datePublished":"2020-03-24T00:57:19+00:00","mainEntityOfPage":{"@id":"https:\/\/contadoreshoy.com\/?p=12356"},"wordCount":2039,"commentCount":0,"publisher":{"@id":"https:\/\/contadoreshoy.com\/#organization"},"image":{"@id":"https:\/\/contadoreshoy.com\/?p=12356#primaryimage"},"thumbnailUrl":"https:\/\/contadoreshoy.com\/wp-content\/uploads\/2020\/03\/Encerrados.jpg","articleSection":{"1":"Uncategorized"},"inLanguage":"es","potentialAction":[{"@type":"CommentAction","name":"Comment","target":["https:\/\/contadoreshoy.com\/?p=12356#respond"]}]},{"@type":"WebPage","@id":"https:\/\/contadoreshoy.com\/?p=12356","url":"https:\/\/contadoreshoy.com\/?p=12356","name":"Aislamiento preventivo obligatorio Decreto 457 de marzo 22 de 2020 - Contadores P\u00fablicos","isPartOf":{"@id":"https:\/\/contadoreshoy.com\/#website"},"primaryImageOfPage":{"@id":"https:\/\/contadoreshoy.com\/?p=12356#primaryimage"},"image":{"@id":"https:\/\/contadoreshoy.com\/?p=12356#primaryimage"},"thumbnailUrl":"https:\/\/contadoreshoy.com\/wp-content\/uploads\/2020\/03\/Encerrados.jpg","datePublished":"2020-03-24T00:57:19+00:00","breadcrumb":{"@id":"https:\/\/contadoreshoy.com\/?p=12356#breadcrumb"},"inLanguage":"es","potentialAction":[{"@type":"ReadAction","target":["https:\/\/contadoreshoy.com\/?p=12356"]}]},{"@type":"ImageObject","inLanguage":"es","@id":"https:\/\/contadoreshoy.com\/?p=12356#primaryimage","url":"https:\/\/contadoreshoy.com\/wp-content\/uploads\/2020\/03\/Encerrados.jpg","contentUrl":"https:\/\/contadoreshoy.com\/wp-content\/uploads\/2020\/03\/Encerrados.jpg","width":600,"height":400},{"@type":"BreadcrumbList","@id":"https:\/\/contadoreshoy.com\/?p=12356#breadcrumb","itemListElement":[{"@type":"ListItem","position":1,"name":"Portada","item":"https:\/\/contadoreshoy.com\/"},{"@type":"ListItem","position":2,"name":"Aislamiento preventivo obligatorio Decreto 457 de marzo 22 de 2020"}]},{"@type":"WebSite","@id":"https:\/\/contadoreshoy.com\/#website","url":"https:\/\/contadoreshoy.com\/","name":"Contadorespublicossantander","description":"Portal para Contadores P\u00fablicos y empresarios","publisher":{"@id":"https:\/\/contadoreshoy.com\/#organization"},"potentialAction":[{"@type":"SearchAction","target":{"@type":"EntryPoint","urlTemplate":"https:\/\/contadoreshoy.com\/?s={search_term_string}"},"query-input":{"@type":"PropertyValueSpecification","valueRequired":true,"valueName":"search_term_string"}}],"inLanguage":"es"},{"@type":"Organization","@id":"https:\/\/contadoreshoy.com\/#organization","name":"Contadores P\u00fablicos de Santander","url":"https:\/\/contadoreshoy.com\/","logo":{"@type":"ImageObject","inLanguage":"es","@id":"https:\/\/contadoreshoy.com\/#\/schema\/logo\/image\/","url":"https:\/\/contadoreshoy.com\/wp-content\/uploads\/2024\/01\/cropped-cropped-Copia-de-M-1.jpg","contentUrl":"https:\/\/contadoreshoy.com\/wp-content\/uploads\/2024\/01\/cropped-cropped-Copia-de-M-1.jpg","width":499,"height":500,"caption":"Contadores P\u00fablicos de Santander"},"image":{"@id":"https:\/\/contadoreshoy.com\/#\/schema\/logo\/image\/"},"sameAs":["https:\/\/www.facebook.com\/CCCPBucaramanga\/"]},{"@type":"Person","@id":"https:\/\/contadoreshoy.com\/#\/schema\/person\/96d8979cb865537c5dc9345e40089fc5","name":"Miguel Antonio M\u00e1rquez Monta\u00f1ez","description":"Contador P\u00fablico egresado de la Universidad Aut\u00f3noma de Bucaramanga - Asesor contable tributario con m\u00e1s de 25 a\u00f1os de experiencia - Conferencista en temas contables y tributarios - T\u00e9cnico en Hardware y Dise\u00f1o Web - Creador y director Grupo de Estudio Colegio Colombiano de Contadores P\u00fablicos de Bucaramanga - Creador y Master Web p\u00e1gina www.contadoresp\u00fablicossantander.com - Expresidente Colegio Colombiano de Contadores P\u00fablicos Bucaramanga","url":"https:\/\/contadoreshoy.com\/?author=1"}]}},"_links":{"self":[{"href":"https:\/\/contadoreshoy.com\/index.php?rest_route=\/wp\/v2\/posts\/12356","targetHints":{"allow":["GET"]}}],"collection":[{"href":"https:\/\/contadoreshoy.com\/index.php?rest_route=\/wp\/v2\/posts"}],"about":[{"href":"https:\/\/contadoreshoy.com\/index.php?rest_route=\/wp\/v2\/types\/post"}],"author":[{"embeddable":true,"href":"https:\/\/contadoreshoy.com\/index.php?rest_route=\/wp\/v2\/users\/1"}],"replies":[{"embeddable":true,"href":"https:\/\/contadoreshoy.com\/index.php?rest_route=%2Fwp%2Fv2%2Fcomments&post=12356"}],"version-history":[{"count":2,"href":"https:\/\/contadoreshoy.com\/index.php?rest_route=\/wp\/v2\/posts\/12356\/revisions"}],"predecessor-version":[{"id":12359,"href":"https:\/\/contadoreshoy.com\/index.php?rest_route=\/wp\/v2\/posts\/12356\/revisions\/12359"}],"wp:featuredmedia":[{"embeddable":true,"href":"https:\/\/contadoreshoy.com\/index.php?rest_route=\/wp\/v2\/media\/12358"}],"wp:attachment":[{"href":"https:\/\/contadoreshoy.com\/index.php?rest_route=%2Fwp%2Fv2%2Fmedia&parent=12356"}],"wp:term":[{"taxonomy":"category","embeddable":true,"href":"https:\/\/contadoreshoy.com\/index.php?rest_route=%2Fwp%2Fv2%2Fcategories&post=12356"},{"taxonomy":"post_tag","embeddable":true,"href":"https:\/\/contadoreshoy.com\/index.php?rest_route=%2Fwp%2Fv2%2Ftags&post=12356"}],"curies":[{"name":"wp","href":"https:\/\/api.w.org\/{rel}","templated":true}]}}