{"id":12383,"date":"2020-03-29T11:59:02","date_gmt":"2020-03-29T16:59:02","guid":{"rendered":"https:\/\/contadoreshoy.com\/?p=12383"},"modified":"2020-03-29T12:23:19","modified_gmt":"2020-03-29T17:23:19","slug":"decreto-488-marzo-27-2020-medidas-orden-laboral","status":"publish","type":"post","link":"https:\/\/contadoreshoy.com\/?p=12383","title":{"rendered":"Decreto 488 marzo 27 de 2020 &#8211; Medidas de orden laboral"},"content":{"rendered":"<p><img loading=\"lazy\" decoding=\"async\" class=\"aligncenter wp-image-10527 size-full\" src=\"https:\/\/contadoreshoy.com\/wp-content\/uploads\/2018\/01\/Trabajadores.jpg\" alt=\"\" width=\"800\" height=\"600\" srcset=\"https:\/\/contadoreshoy.com\/wp-content\/uploads\/2018\/01\/Trabajadores.jpg 800w, https:\/\/contadoreshoy.com\/wp-content\/uploads\/2018\/01\/Trabajadores-600x450.jpg 600w, https:\/\/contadoreshoy.com\/wp-content\/uploads\/2018\/01\/Trabajadores-200x150.jpg 200w, https:\/\/contadoreshoy.com\/wp-content\/uploads\/2018\/01\/Trabajadores-533x400.jpg 533w, https:\/\/contadoreshoy.com\/wp-content\/uploads\/2018\/01\/Trabajadores-768x576.jpg 768w\" sizes=\"auto, (max-width: 800px) 100vw, 800px\" \/><\/p>\n<p style=\"text-align: center;\"><strong>MINISTERIO DEL TRABAJO<\/strong><\/p>\n<p style=\"text-align: center;\"><a href=\"file:\/\/\/J:\/TRABAJO\/HERRAMIENTAS%20DE%20TRABAJO%202020\/NORMAS\/A\u00d1O%202020\/DECRETOS\/DECRETO%20488%20%2027%20DE%20MARZO%20DE%202020-MINTRABAJO.pdf\"><strong>DECRETO LEGISLATIVO N\u00daMERO 488 DE MARZO 27 DE 2020<\/strong><\/a><\/p>\n<p>&nbsp;<\/p>\n<p style=\"text-align: justify;\"><strong><span style=\"color: #000000;\">Por el cual se dictan medidas de orden laboral, dentro del Estado de Emergencia Econ\u00f3mica, Social y Ecol\u00f3gica.<\/span><\/strong><\/p>\n<p style=\"text-align: justify;\"><strong><span style=\"color: #000000;\">Art\u00edculo 1. <span style=\"text-decoration: underline;\">Objeto<\/span>. El presente Decreto tiene como objeto adoptar medidas en el \u00e1mbito laboral con el fin de promover la conservaci\u00f3n del empleo y brindar alternativas a trabajadores y empleadores dentro de la Emergencia Econ\u00f3mica, Social y Ecol\u00f3gica, declarada por el Gobierno nacional por medio del Decreto 417 del 17 de marzo de 2020. <\/span><\/strong><\/p>\n<p style=\"text-align: justify;\"><strong><span style=\"color: #000000;\">Art\u00edculo 2. <span style=\"text-decoration: underline;\">\u00c1mbito de aplicaci\u00f3n<\/span>. El presente Decreto se aplicar\u00e1 a empleadores y trabajadores, pensionados connacionales fuera del pa\u00eds, Administradoras de Riesgos Laborales de orden privado, Sociedades Administradoras de Fondos de Pensiones y de Cesant\u00edas de car\u00e1cter privado que administren cesant\u00edas y Cajas de Compensaci\u00f3n Familiar. <\/span><\/strong><\/p>\n<p style=\"text-align: justify;\"><strong><span style=\"color: #000000;\">Art\u00edculo 3. <span style=\"text-decoration: underline;\">Retiro de Cesant\u00edas<\/span>. <span style=\"color: #0000ff;\">Hasta tanto permanezcan los hechos que dieron lugar a la Emergencia Econ\u00f3mica, Social y Ecol\u00f3gica, el trabajador que haya presentado una disminuci\u00f3n de su ingreso mensual, certificada por su empleador, podr\u00e1 retirar cada mes de su cuenta de cesant\u00edas el monto que le permita compensar dicha reducci\u00f3n, con el fin de mantener su ingreso constante. Esta disposici\u00f3n aplica \u00fanicamente para retiros de los fondos administrados por Sociedades Administradoras de Fondos de Pensiones y de Cesant\u00edas de car\u00e1cter privado. <\/span><\/span><\/strong><\/p>\n<p style=\"text-align: justify;\"><strong><span style=\"color: #000000;\">La Superintendencia Financiera impartir\u00e1 instrucciones inmediatas a las Sociedades Administradoras de Fondos de Pensiones y de Cesant\u00edas de car\u00e1cter privado, para que<span style=\"text-decoration: underline;\"> la solicitud, aprobaci\u00f3n y pago las cesant\u00edas los trabajadores se efect\u00fae por medios virtuales,<\/span> en raz\u00f3n a la emergencia declarada. <\/span><\/strong><\/p>\n<p style=\"text-align: justify;\"><strong><span style=\"color: #000000;\">Par\u00e1grafo. Para retiro de las cesant\u00edas de que trata este art\u00edculo las Administradoras de Fondos de Pensiones y de cesant\u00edas de car\u00e1cter privado, no podr\u00e1n imponer requisitos adicionales que limiten aplicaci\u00f3n del presente art\u00edculo. <\/span><\/strong><\/p>\n<p style=\"text-align: justify;\"><strong><span style=\"color: #000000;\">Art\u00edculo 4.<span style=\"color: #0000ff;\"> Aviso sobre el disfrute de vacaciones.<\/span> <span style=\"text-decoration: underline;\">Hasta tanto permanezcan los hechos que dieron lugar a la Emergencia Econ\u00f3mica, Social y Ecol\u00f3gica, el empleador dar\u00e1 a conocer al trabajador, con al menos un (1) d\u00eda de anticipaci\u00f3n, la fecha a partir de la cual conceder\u00e1 las vacaciones anticipadas, colectivas o acumuladas<\/span>. De igual manera el trabajador podr\u00e1 solicitar en el mismo plazo que se le conceda el disfrute de las vacaciones. <\/span><\/strong><\/p>\n<p style=\"text-align: justify;\"><strong><span style=\"color: #000000;\">Art\u00edculo 5. Recursos del Sistema de Riesgos Laborales para enfrentar el Coronavirus COVID-19. Hasta tanto permanezcan los hechos que dieron lugar a la Emergencia Econ\u00f3mica, Social y Ecol\u00f3gica, las Administradoras de Riesgos Laborales destinar\u00e1n los recursos de las cotizaciones en riesgos laborales, que trata el art\u00edculo 11 la 1562 2012, de acuerdo con la siguiente distribuci\u00f3n: <\/span><\/strong><\/p>\n<p style=\"text-align: justify;\"><strong><span style=\"color: #000000;\">1. El cinco por ciento (5%) del total la cotizaci\u00f3n para realizar actividades de promoci\u00f3n y prevenci\u00f3n dirigidas a los trabajadores de sus empresas afiliadas, que, con ocasi\u00f3n de las labores que desempe\u00f1an, est\u00e1n directamente expuestos al contagio del virus, como, trabajadores de la salud tanto asistenciales como administrativos y de apoyo, igual que los trabajadores de vigilancia y alimentaci\u00f3n, relacionados directamente con la prestaci\u00f3n del servicio de salud; trabajadores de terminales de transporte a\u00e9reo, mar\u00edtimo o terrestre, control fronterizo, cuerpo de bomberos, defensa civil y cruz roja, para la compra de elementos de protecci\u00f3n personal, chequeos m\u00e9dicos frecuentes de car\u00e1cter preventivo y diagn\u00f3stico, as\u00ed como acciones de intervenci\u00f3n directa relacionadas con contenci\u00f3n, mitigaci\u00f3n y atenci\u00f3n del nuevo Coronavirus COVID-19. <\/span><\/strong><\/p>\n<p style=\"text-align: justify;\"><strong><span style=\"color: #000000;\">2. Del noventa y dos por ciento (92%) del total de la cotizaci\u00f3n, la Entidad Administradora de Riesgos Laborales destinar\u00e1 como m\u00ednimo el 10% para las actividades de prevenci\u00f3n y promoci\u00f3n de que trata el numeral 2\u00b0 del art\u00edculo 11 la 1562 de 2012. <\/span><\/strong><\/p>\n<p style=\"text-align: justify;\"><strong><span style=\"color: #000000;\">3. El uno por ciento (1 %) en favor del Fondo de Riesgos Laborales.<\/span><\/strong><\/p>\n<p style=\"text-align: justify;\"><strong><span style=\"color: #000000;\"> 4. El dos por ciento (2%) para actividades emergencia e intervenci\u00f3n y para la compra elementos de protecci\u00f3n personal, chequeos m\u00e9dicos frecuentes de preventivo y diagn\u00f3stico, y acciones de intervenci\u00f3n directa relacionadas con contenci\u00f3n y atenci\u00f3n del Coronavirus COVID-19, destinados a los trabajadores de sus empresas afiliadas, que, con ocasi\u00f3n de labores que desempe\u00f1an, est\u00e1n directamente expuestos al contagio del virus, tales como los de la salud tanto asistenciales como administrativos y de apoyo, al igual que los trabajadores de aseo, vigilancia y alimentaci\u00f3n, relacionados directamente con la prestaci\u00f3n del servicio de salud; trabajadores de transporte a\u00e9reo, mar\u00edtimo o terrestre; control fronterizo, cuerpo de bomberos, defensa civil y cruz roja. <\/span><\/strong><\/p>\n<p style=\"text-align: justify;\"><strong><span style=\"color: #000000;\">Par\u00e1grafo. Las Administradoras Riesgos Laborales presentar\u00e1n a la Superintendencia Financiera en el mes de noviembre de 2020, el informe financiero detallado de la destinaci\u00f3n de recursos de que trata el presente art\u00edculo. <\/span><\/strong><\/p>\n<p style=\"text-align: justify;\"><strong><span style=\"color: #000000;\"><span style=\"text-decoration: underline;\">Art\u00edculo 6. Beneficios relacionados con Mecanismo de Protecci\u00f3n al Cesante<\/span>. <span style=\"color: #0000ff;\">Hasta tanto permanezcan los hechos que dieron lugar a la Emergencia Econ\u00f3mica, Social y Ecol\u00f3gica, y hasta donde permita la disponibilidad de recursos, los trabajadores o independientes cotizantes categor\u00eda A y B, cesantes, que hayan realizado aportes a una Caja&nbsp;de Compensaci\u00f3n Familiar durante un (1) a\u00f1o, continuo o discontinuo, en el transcurso de los \u00faltimos cinco (5) a\u00f1os, recibir\u00e1n, adem\u00e1s de los beneficios contemplados en el art\u00edculo 11 de la Ley 1636 de 2013, una transferencia econ\u00f3mica para cubrir los gastos, de acuerdo con las necesidades y prioridades de consumo de cada beneficiario, por un valor de dos (2) salarios m\u00ednimos mensuales legales vigentes, divididos en tres (3) mensualidades iguales que se pagar\u00e1n mientras dure la emergencia y, en todo caso, m\u00e1ximo por tres meses. <\/span><\/span><\/strong><\/p>\n<p style=\"text-align: justify;\"><strong><span style=\"color: #000000;\"><span style=\"text-decoration: underline;\">Par\u00e1grafo. El aspirante a este beneficio deber\u00e1 diligenciar ante la Caja de Compensaci\u00f3n Familiar a la que se encuentre afiliado, la solicitud pertinente para poder aspirar a obtener el beneficio de que trata el presente art\u00edculo.<\/span> <\/span><\/strong><\/p>\n<p style=\"text-align: justify;\"><strong><span style=\"color: #000000;\"><span style=\"text-decoration: underline;\">La Superintendencia de Subsidio Familiar impartir\u00e1 instrucciones inmediatas a las Cajas de Compensaci\u00f3n Familiar para que la solicitud, aprobaci\u00f3n y pago de este beneficio se efect\u00fae por medios virtuales, en raz\u00f3n a la emergencia declarada.<\/span> <\/span><\/strong><\/p>\n<p style=\"text-align: justify;\"><strong><span style=\"color: #000000;\">Art\u00edculo 7. Apalancamiento de recursos para el cubrimiento de los beneficios. Hasta tanto permanezcan los hechos que dieron lugar a la Emergencia Econ\u00f3mica, Social y Ecol\u00f3gica, las Cajas de Compensaci\u00f3n Familiar a trav\u00e9s de la administraci\u00f3n del Fondo de Solidaridad de Fomento al Empleo y Protecci\u00f3n al Cesante- FOSFEC, podr\u00e1n apalancar los recursos necesarios mediante el concepto financiero de unidad de caja entre las subcuentas del fondo, para cubrir el d\u00e9ficit que la medida contenida en el art\u00edculo anterior pueda ocasionar. <\/span><\/strong><\/p>\n<p style=\"text-align: justify;\"><strong><span style=\"color: #000000;\">Tanto la medida como el retorno de los recursos a las subcuentas deber\u00e1n ser informados, con los respectivos soportes, a la Superintendencia del Subsidio Familiar, evidenciando las cuentas necesarias de su utilizaci\u00f3n. <\/span><\/strong><\/p>\n<p style=\"text-align: justify;\"><strong><span style=\"color: #000000;\">Art\u00edculo 8.<span style=\"text-decoration: underline;\"> Acreditaci\u00f3n de la fe de vida &#8211; supervivencia &#8211; de connacionales fuera del pa\u00eds.<\/span> Hasta tanto permanezcan los hechos que dieron lugar a la Emergencia Econ\u00f3mica, Social y Ecol\u00f3gica, y a partir de la entrada en vigencia del presente Decreto se suspender\u00e1 el t\u00e9rmino de seis (6) meses de que trata el art\u00edculo 22 del Decreto Ley 019 de 2012, modificado por el art\u00edculo 36 del Decreto Ley 2106 de 2019, para la acreditaci\u00f3n de la fe de vida &#8211; supervivencia &#8211; ante las entidades que forman parte del Sistema General de Seguridad Social Integral. <\/span><\/strong><\/p>\n<p style=\"text-align: justify;\"><strong><span style=\"color: #000000;\">Art\u00edculo 9. Vigencia y Derogatorias. El presente Decreto rige a partir de la fecha de su publicaci\u00f3n. <\/span><\/strong><\/p>\n<p style=\"text-align: justify;\"><strong><span style=\"color: #000000;\">PUBL\u00edQUESE Y C\u00daMPLASE<\/span><\/strong><\/p>\n<p style=\"text-align: justify;\">&nbsp;<\/p>\n<p style=\"text-align: justify;\"><strong><span style=\"color: #000000;\">Dado en Bogot\u00e1 D.C. a los 27 d\u00edas del mes de marzo de 2020.<\/span><\/strong><\/p>\n<p><span style=\"font-size: 14pt;\"><a href=\"file:\/\/\/J:\/TRABAJO\/HERRAMIENTAS%20DE%20TRABAJO%202020\/NORMAS\/A\u00d1O%202020\/DECRETOS\/DECRETO%20488%20%2027%20DE%20MARZO%20DE%202020-MINTRABAJO.pdf\" target=\"_blank\" rel=\"noopener\"><span style=\"color: #0000ff;\"><strong>Para ver Decreto 488 de marzo 27 de 2020, dar click aqu\u00ed:<\/strong><\/span><\/a><\/span><\/p>\n<p>&nbsp;<\/p>\n","protected":false},"excerpt":{"rendered":"<p>MINISTERIO DEL TRABAJO DECRETO LEGISLATIVO N\u00daMERO 488 DE MARZO 27 DE 2020 &nbsp; Por el cual se dictan medidas de orden laboral, dentro del Estado de Emergencia Econ\u00f3mica, Social y&#46;&#46;&#46;<\/p>\n","protected":false},"author":1,"featured_media":10527,"comment_status":"open","ping_status":"open","sticky":false,"template":"","format":"standard","meta":{"_monsterinsights_skip_tracking":false,"ngg_post_thumbnail":0,"footnotes":"","_links_to":"","_links_to_target":""},"categories":[454,458,1],"tags":[],"class_list":["post-12383","post","type-post","status-publish","format-standard","has-post-thumbnail","hentry","category-sin-categoria","category-ultimas","category-uncategorized"],"aioseo_notices":[],"aioseo_head":"\n\t\t<!-- All in One SEO 5.0.1.1 - aioseo.com -->\n\t<meta name=\"description\" content=\"MINISTERIO DEL TRABAJO DECRETO LEGISLATIVO N\u00daMERO 488 DE MARZO 27 DE 2020 Por el cual se dictan medidas de orden laboral, dentro del Estado de Emergencia Econ\u00f3mica, Social y Ecol\u00f3gica. Art\u00edculo 1. Objeto. El presente Decreto tiene como objeto adoptar medidas en el \u00e1mbito laboral con el fin de promover la conservaci\u00f3n del empleo\" \/>\n\t<meta name=\"robots\" content=\"max-image-preview:large\" \/>\n\t<meta name=\"author\" content=\"Miguel Antonio M\u00e1rquez Monta\u00f1ez\"\/>\n\t<link rel=\"canonical\" href=\"https:\/\/contadoreshoy.com\/?p=12383\" \/>\n\t<meta name=\"generator\" content=\"All in One SEO (AIOSEO) 5.0.1.1\" \/>\n\t\t<meta property=\"og:locale\" content=\"es_ES\" \/>\n\t\t<meta property=\"og:site_name\" content=\"Contadores P\u00fablicos - Portal para Contadores P\u00fablicos y empresarios\" \/>\n\t\t<meta property=\"og:type\" content=\"article\" \/>\n\t\t<meta property=\"og:title\" content=\"Decreto 488 marzo 27 de 2020 \u2013 Medidas de orden laboral - Contadores P\u00fablicos\" \/>\n\t\t<meta property=\"og:description\" content=\"MINISTERIO DEL TRABAJO DECRETO LEGISLATIVO N\u00daMERO 488 DE MARZO 27 DE 2020 Por el cual se dictan medidas de orden laboral, dentro del Estado de Emergencia Econ\u00f3mica, Social y Ecol\u00f3gica. Art\u00edculo 1. Objeto. El presente Decreto tiene como objeto adoptar medidas en el \u00e1mbito laboral con el fin de promover la conservaci\u00f3n del empleo\" \/>\n\t\t<meta property=\"og:url\" content=\"https:\/\/contadoreshoy.com\/?p=12383\" \/>\n\t\t<meta property=\"og:image\" content=\"https:\/\/contadoreshoy.com\/wp-content\/uploads\/2024\/01\/cropped-cropped-cropped-Copia-de-M.jpg\" \/>\n\t\t<meta property=\"og:image:secure_url\" content=\"https:\/\/contadoreshoy.com\/wp-content\/uploads\/2024\/01\/cropped-cropped-cropped-Copia-de-M.jpg\" \/>\n\t\t<meta property=\"og:image:width\" content=\"512\" \/>\n\t\t<meta property=\"og:image:height\" content=\"371\" \/>\n\t\t<meta property=\"article:published_time\" content=\"2020-03-29T16:59:02+00:00\" \/>\n\t\t<meta property=\"article:modified_time\" content=\"2020-03-29T17:23:19+00:00\" \/>\n\t\t<meta name=\"twitter:card\" content=\"summary_large_image\" \/>\n\t\t<meta name=\"twitter:title\" content=\"Decreto 488 marzo 27 de 2020 \u2013 Medidas de orden laboral - Contadores P\u00fablicos\" \/>\n\t\t<meta name=\"twitter:description\" content=\"MINISTERIO DEL TRABAJO DECRETO LEGISLATIVO N\u00daMERO 488 DE MARZO 27 DE 2020 Por el cual se dictan medidas de orden laboral, dentro del Estado de Emergencia Econ\u00f3mica, Social y Ecol\u00f3gica. Art\u00edculo 1. Objeto. El presente Decreto tiene como objeto adoptar medidas en el \u00e1mbito laboral con el fin de promover la conservaci\u00f3n del empleo\" \/>\n\t\t<meta name=\"twitter:image\" content=\"https:\/\/contadoreshoy.com\/wp-content\/uploads\/2024\/01\/cropped-cropped-cropped-Copia-de-M.jpg\" \/>\n\t\t<script type=\"application\/ld+json\" class=\"aioseo-schema\">\n\t\t\t{\"@context\":\"https:\\\/\\\/schema.org\",\"@graph\":[{\"@type\":\"BlogPosting\",\"@id\":\"https:\\\/\\\/contadoreshoy.com\\\/?p=12383#blogposting\",\"name\":\"Decreto 488 marzo 27 de 2020 \\u2013 Medidas de orden laboral - Contadores P\\u00fablicos\",\"headline\":\"Decreto 488 marzo 27 de 2020 &#8211; Medidas de orden laboral\",\"author\":{\"@id\":\"https:\\\/\\\/contadoreshoy.com\\\/?author=1#author\"},\"publisher\":{\"@id\":\"https:\\\/\\\/contadoreshoy.com\\\/#organization\"},\"image\":{\"@type\":\"ImageObject\",\"url\":\"https:\\\/\\\/contadoreshoy.com\\\/wp-content\\\/uploads\\\/2018\\\/01\\\/Trabajadores.jpg\",\"width\":800,\"height\":600},\"datePublished\":\"2020-03-29T11:59:02-05:00\",\"dateModified\":\"2020-03-29T12:23:19-05:00\",\"inLanguage\":\"es-ES\",\"mainEntityOfPage\":{\"@id\":\"https:\\\/\\\/contadoreshoy.com\\\/?p=12383#webpage\"},\"isPartOf\":{\"@id\":\"https:\\\/\\\/contadoreshoy.com\\\/?p=12383#webpage\"},\"articleSection\":\"Sin categor\\u00eda, Ultimas Noticias, Uncategorized\"},{\"@type\":\"BreadcrumbList\",\"@id\":\"https:\\\/\\\/contadoreshoy.com\\\/?p=12383#breadcrumblist\",\"itemListElement\":[{\"@type\":\"ListItem\",\"@id\":\"https:\\\/\\\/contadoreshoy.com#listItem\",\"position\":1,\"name\":\"Home\",\"item\":\"https:\\\/\\\/contadoreshoy.com\",\"nextItem\":{\"@type\":\"ListItem\",\"@id\":\"https:\\\/\\\/contadoreshoy.com\\\/?cat=1#listItem\",\"name\":\"Uncategorized\"}},{\"@type\":\"ListItem\",\"@id\":\"https:\\\/\\\/contadoreshoy.com\\\/?cat=1#listItem\",\"position\":2,\"name\":\"Uncategorized\",\"item\":\"https:\\\/\\\/contadoreshoy.com\\\/?cat=1\",\"nextItem\":{\"@type\":\"ListItem\",\"@id\":\"https:\\\/\\\/contadoreshoy.com\\\/?p=12383#listItem\",\"name\":\"Decreto 488 marzo 27 de 2020 &#8211; Medidas de orden laboral\"},\"previousItem\":{\"@type\":\"ListItem\",\"@id\":\"https:\\\/\\\/contadoreshoy.com#listItem\",\"name\":\"Home\"}},{\"@type\":\"ListItem\",\"@id\":\"https:\\\/\\\/contadoreshoy.com\\\/?p=12383#listItem\",\"position\":3,\"name\":\"Decreto 488 marzo 27 de 2020 &#8211; Medidas de orden laboral\",\"previousItem\":{\"@type\":\"ListItem\",\"@id\":\"https:\\\/\\\/contadoreshoy.com\\\/?cat=1#listItem\",\"name\":\"Uncategorized\"}}]},{\"@type\":\"Organization\",\"@id\":\"https:\\\/\\\/contadoreshoy.com\\\/#organization\",\"name\":\"Contadores P\\u00fablicos\",\"description\":\"Portal para Contadores P\\u00fablicos y empresarios\",\"url\":\"https:\\\/\\\/contadoreshoy.com\\\/\",\"logo\":{\"@type\":\"ImageObject\",\"url\":\"https:\\\/\\\/contadoreshoy.com\\\/wp-content\\\/uploads\\\/2024\\\/01\\\/cropped-cropped-Copia-de-M-1.jpg\",\"@id\":\"https:\\\/\\\/contadoreshoy.com\\\/?p=12383\\\/#organizationLogo\",\"width\":499,\"height\":500},\"image\":{\"@id\":\"https:\\\/\\\/contadoreshoy.com\\\/?p=12383\\\/#organizationLogo\"}},{\"@type\":\"Person\",\"@id\":\"https:\\\/\\\/contadoreshoy.com\\\/?author=1#author\",\"url\":\"https:\\\/\\\/contadoreshoy.com\\\/?author=1\",\"name\":\"Miguel Antonio M\\u00e1rquez Monta\\u00f1ez\"},{\"@type\":\"WebPage\",\"@id\":\"https:\\\/\\\/contadoreshoy.com\\\/?p=12383#webpage\",\"url\":\"https:\\\/\\\/contadoreshoy.com\\\/?p=12383\",\"name\":\"Decreto 488 marzo 27 de 2020 \\u2013 Medidas de orden laboral - Contadores P\\u00fablicos\",\"description\":\"MINISTERIO DEL TRABAJO DECRETO LEGISLATIVO N\\u00daMERO 488 DE MARZO 27 DE 2020 Por el cual se dictan medidas de orden laboral, dentro del Estado de Emergencia Econ\\u00f3mica, Social y Ecol\\u00f3gica. Art\\u00edculo 1. Objeto. El presente Decreto tiene como objeto adoptar medidas en el \\u00e1mbito laboral con el fin de promover la conservaci\\u00f3n del empleo\",\"inLanguage\":\"es-ES\",\"isPartOf\":{\"@id\":\"https:\\\/\\\/contadoreshoy.com\\\/#website\"},\"breadcrumb\":{\"@id\":\"https:\\\/\\\/contadoreshoy.com\\\/?p=12383#breadcrumblist\"},\"author\":{\"@id\":\"https:\\\/\\\/contadoreshoy.com\\\/?author=1#author\"},\"creator\":{\"@id\":\"https:\\\/\\\/contadoreshoy.com\\\/?author=1#author\"},\"image\":{\"@type\":\"ImageObject\",\"url\":\"https:\\\/\\\/contadoreshoy.com\\\/wp-content\\\/uploads\\\/2018\\\/01\\\/Trabajadores.jpg\",\"@id\":\"https:\\\/\\\/contadoreshoy.com\\\/?p=12383\\\/#mainImage\",\"width\":800,\"height\":600},\"primaryImageOfPage\":{\"@id\":\"https:\\\/\\\/contadoreshoy.com\\\/?p=12383#mainImage\"},\"datePublished\":\"2020-03-29T11:59:02-05:00\",\"dateModified\":\"2020-03-29T12:23:19-05:00\"},{\"@type\":\"WebSite\",\"@id\":\"https:\\\/\\\/contadoreshoy.com\\\/#website\",\"url\":\"https:\\\/\\\/contadoreshoy.com\\\/\",\"name\":\"Contadores P\\u00fablicos\",\"description\":\"Portal para Contadores P\\u00fablicos y empresarios\",\"inLanguage\":\"es-ES\",\"publisher\":{\"@id\":\"https:\\\/\\\/contadoreshoy.com\\\/#organization\"}}]}\n\t\t<\/script>\n\t\t<!-- All in One SEO -->\n\n","aioseo_head_json":{"title":"Decreto 488 marzo 27 de 2020 \u2013 Medidas de orden laboral - Contadores P\u00fablicos","description":"MINISTERIO DEL TRABAJO DECRETO LEGISLATIVO N\u00daMERO 488 DE MARZO 27 DE 2020 Por el cual se dictan medidas de orden laboral, dentro del Estado de Emergencia Econ\u00f3mica, Social y Ecol\u00f3gica. Art\u00edculo 1. Objeto. El presente Decreto tiene como objeto adoptar medidas en el \u00e1mbito laboral con el fin de promover la conservaci\u00f3n del empleo","canonical_url":"https:\/\/contadoreshoy.com\/?p=12383","robots":"max-image-preview:large","keywords":"","webmasterTools":{"miscellaneous":""},"schema":{"@context":"https:\/\/schema.org","@graph":[{"@type":"BlogPosting","@id":"https:\/\/contadoreshoy.com\/?p=12383#blogposting","name":"Decreto 488 marzo 27 de 2020 \u2013 Medidas de orden laboral - Contadores P\u00fablicos","headline":"Decreto 488 marzo 27 de 2020 &#8211; Medidas de orden laboral","author":{"@id":"https:\/\/contadoreshoy.com\/?author=1#author"},"publisher":{"@id":"https:\/\/contadoreshoy.com\/#organization"},"image":{"@type":"ImageObject","url":"https:\/\/contadoreshoy.com\/wp-content\/uploads\/2018\/01\/Trabajadores.jpg","width":800,"height":600},"datePublished":"2020-03-29T11:59:02-05:00","dateModified":"2020-03-29T12:23:19-05:00","inLanguage":"es-ES","mainEntityOfPage":{"@id":"https:\/\/contadoreshoy.com\/?p=12383#webpage"},"isPartOf":{"@id":"https:\/\/contadoreshoy.com\/?p=12383#webpage"},"articleSection":"Sin categor\u00eda, Ultimas Noticias, Uncategorized"},{"@type":"BreadcrumbList","@id":"https:\/\/contadoreshoy.com\/?p=12383#breadcrumblist","itemListElement":[{"@type":"ListItem","@id":"https:\/\/contadoreshoy.com#listItem","position":1,"name":"Home","item":"https:\/\/contadoreshoy.com","nextItem":{"@type":"ListItem","@id":"https:\/\/contadoreshoy.com\/?cat=1#listItem","name":"Uncategorized"}},{"@type":"ListItem","@id":"https:\/\/contadoreshoy.com\/?cat=1#listItem","position":2,"name":"Uncategorized","item":"https:\/\/contadoreshoy.com\/?cat=1","nextItem":{"@type":"ListItem","@id":"https:\/\/contadoreshoy.com\/?p=12383#listItem","name":"Decreto 488 marzo 27 de 2020 &#8211; Medidas de orden laboral"},"previousItem":{"@type":"ListItem","@id":"https:\/\/contadoreshoy.com#listItem","name":"Home"}},{"@type":"ListItem","@id":"https:\/\/contadoreshoy.com\/?p=12383#listItem","position":3,"name":"Decreto 488 marzo 27 de 2020 &#8211; Medidas de orden laboral","previousItem":{"@type":"ListItem","@id":"https:\/\/contadoreshoy.com\/?cat=1#listItem","name":"Uncategorized"}}]},{"@type":"Organization","@id":"https:\/\/contadoreshoy.com\/#organization","name":"Contadores P\u00fablicos","description":"Portal para Contadores P\u00fablicos y empresarios","url":"https:\/\/contadoreshoy.com\/","logo":{"@type":"ImageObject","url":"https:\/\/contadoreshoy.com\/wp-content\/uploads\/2024\/01\/cropped-cropped-Copia-de-M-1.jpg","@id":"https:\/\/contadoreshoy.com\/?p=12383\/#organizationLogo","width":499,"height":500},"image":{"@id":"https:\/\/contadoreshoy.com\/?p=12383\/#organizationLogo"}},{"@type":"Person","@id":"https:\/\/contadoreshoy.com\/?author=1#author","url":"https:\/\/contadoreshoy.com\/?author=1","name":"Miguel Antonio M\u00e1rquez Monta\u00f1ez"},{"@type":"WebPage","@id":"https:\/\/contadoreshoy.com\/?p=12383#webpage","url":"https:\/\/contadoreshoy.com\/?p=12383","name":"Decreto 488 marzo 27 de 2020 \u2013 Medidas de orden laboral - Contadores P\u00fablicos","description":"MINISTERIO DEL TRABAJO DECRETO LEGISLATIVO N\u00daMERO 488 DE MARZO 27 DE 2020 Por el cual se dictan medidas de orden laboral, dentro del Estado de Emergencia Econ\u00f3mica, Social y Ecol\u00f3gica. Art\u00edculo 1. Objeto. El presente Decreto tiene como objeto adoptar medidas en el \u00e1mbito laboral con el fin de promover la conservaci\u00f3n del empleo","inLanguage":"es-ES","isPartOf":{"@id":"https:\/\/contadoreshoy.com\/#website"},"breadcrumb":{"@id":"https:\/\/contadoreshoy.com\/?p=12383#breadcrumblist"},"author":{"@id":"https:\/\/contadoreshoy.com\/?author=1#author"},"creator":{"@id":"https:\/\/contadoreshoy.com\/?author=1#author"},"image":{"@type":"ImageObject","url":"https:\/\/contadoreshoy.com\/wp-content\/uploads\/2018\/01\/Trabajadores.jpg","@id":"https:\/\/contadoreshoy.com\/?p=12383\/#mainImage","width":800,"height":600},"primaryImageOfPage":{"@id":"https:\/\/contadoreshoy.com\/?p=12383#mainImage"},"datePublished":"2020-03-29T11:59:02-05:00","dateModified":"2020-03-29T12:23:19-05:00"},{"@type":"WebSite","@id":"https:\/\/contadoreshoy.com\/#website","url":"https:\/\/contadoreshoy.com\/","name":"Contadores P\u00fablicos","description":"Portal para Contadores P\u00fablicos y empresarios","inLanguage":"es-ES","publisher":{"@id":"https:\/\/contadoreshoy.com\/#organization"}}]},"og:locale":"es_ES","og:site_name":"Contadores P\u00fablicos - Portal para Contadores P\u00fablicos y empresarios","og:type":"article","og:title":"Decreto 488 marzo 27 de 2020 \u2013 Medidas de orden laboral - Contadores P\u00fablicos","og:description":"MINISTERIO DEL TRABAJO DECRETO LEGISLATIVO N\u00daMERO 488 DE MARZO 27 DE 2020 Por el cual se dictan medidas de orden laboral, dentro del Estado de Emergencia Econ\u00f3mica, Social y Ecol\u00f3gica. Art\u00edculo 1. Objeto. El presente Decreto tiene como objeto adoptar medidas en el \u00e1mbito laboral con el fin de promover la conservaci\u00f3n del empleo","og:url":"https:\/\/contadoreshoy.com\/?p=12383","og:image":"https:\/\/contadoreshoy.com\/wp-content\/uploads\/2024\/01\/cropped-cropped-cropped-Copia-de-M.jpg","og:image:secure_url":"https:\/\/contadoreshoy.com\/wp-content\/uploads\/2024\/01\/cropped-cropped-cropped-Copia-de-M.jpg","og:image:width":512,"og:image:height":371,"article:published_time":"2020-03-29T16:59:02+00:00","article:modified_time":"2020-03-29T17:23:19+00:00","twitter:card":"summary_large_image","twitter:title":"Decreto 488 marzo 27 de 2020 \u2013 Medidas de orden laboral - Contadores P\u00fablicos","twitter:description":"MINISTERIO DEL TRABAJO DECRETO LEGISLATIVO N\u00daMERO 488 DE MARZO 27 DE 2020 Por el cual se dictan medidas de orden laboral, dentro del Estado de Emergencia Econ\u00f3mica, Social y Ecol\u00f3gica. Art\u00edculo 1. Objeto. El presente Decreto tiene como objeto adoptar medidas en el \u00e1mbito laboral con el fin de promover la conservaci\u00f3n del empleo","twitter:image":"https:\/\/contadoreshoy.com\/wp-content\/uploads\/2024\/01\/cropped-cropped-cropped-Copia-de-M.jpg"},"aioseo_meta_data":{"post_id":"12383","title":null,"description":null,"keywords":null,"keyphrases":null,"primary_term":null,"canonical_url":null,"og_title":null,"og_description":null,"og_object_type":"default","og_image_type":"default","og_image_url":null,"og_image_width":null,"og_image_height":null,"og_image_custom_url":null,"og_image_custom_fields":null,"og_video":null,"og_custom_url":null,"og_article_section":null,"og_article_tags":null,"twitter_use_og":false,"twitter_card":"default","twitter_image_type":"default","twitter_image_url":null,"twitter_image_custom_url":null,"twitter_image_custom_fields":null,"twitter_title":null,"twitter_description":null,"schema":{"blockGraphs":[],"customGraphs":[],"default":{"data":{"Article":[],"Course":[],"Dataset":[],"FAQPage":[],"Movie":[],"Person":[],"Product":[],"ProductReview":[],"Car":[],"Recipe":[],"Service":[],"SoftwareApplication":[],"WebPage":[]},"graphName":"","isEnabled":true},"graphs":[]},"schema_type":"default","schema_type_options":null,"pillar_content":false,"robots_default":true,"robots_noindex":false,"robots_noarchive":false,"robots_nosnippet":false,"robots_nofollow":false,"robots_noimageindex":false,"robots_noodp":false,"robots_notranslate":false,"robots_max_snippet":null,"robots_max_videopreview":null,"robots_max_imagepreview":"large","priority":null,"frequency":null,"local_seo":null,"breadcrumb_settings":null,"limit_modified_date":false,"ai":null,"created":"2024-03-05 02:14:34","updated":"2026-03-03 05:23:40","seo_analyzer_scan_date":null,"focus_keyword":null,"additional_keywords":null,"truseo_locale":null},"aioseo_breadcrumb":"<div class=\"aioseo-breadcrumbs\"><span class=\"aioseo-breadcrumb\">\n\t\t\t<a href=\"https:\/\/contadoreshoy.com\" title=\"Home\">Home<\/a>\n\t\t<\/span><span class=\"aioseo-breadcrumb-separator\">&raquo;<\/span><span class=\"aioseo-breadcrumb\">\n\t\t\t<a href=\"https:\/\/contadoreshoy.com\/?cat=1\" title=\"Uncategorized\">Uncategorized<\/a>\n\t\t<\/span><span class=\"aioseo-breadcrumb-separator\">&raquo;<\/span><span class=\"aioseo-breadcrumb\">\n\t\t\tDecreto 488 marzo 27 de 2020 \u2013 Medidas de orden laboral\n\t\t<\/span><\/div>","aioseo_breadcrumb_json":[{"label":"Home","link":"https:\/\/contadoreshoy.com"},{"label":"Uncategorized","link":"https:\/\/contadoreshoy.com\/?cat=1"},{"label":"Decreto 488 marzo 27 de 2020 &#8211; Medidas de orden laboral","link":"https:\/\/contadoreshoy.com\/?p=12383"}],"yoast_head":"<!-- This site is optimized with the Yoast SEO plugin v28.4 - https:\/\/yoast.com\/product\/yoast-seo-wordpress\/ -->\n<title>Decreto 488 marzo 27 de 2020 - Medidas de orden laboral - Contadores P\u00fablicos<\/title>\n<meta name=\"robots\" content=\"index, follow, max-snippet:-1, max-image-preview:large, max-video-preview:-1\" \/>\n<link rel=\"canonical\" href=\"https:\/\/contadoreshoy.com\/?p=12383\" \/>\n<meta property=\"og:locale\" content=\"es_ES\" \/>\n<meta property=\"og:type\" content=\"article\" \/>\n<meta property=\"og:title\" content=\"Decreto 488 marzo 27 de 2020 - Medidas de orden laboral - Contadores P\u00fablicos\" \/>\n<meta property=\"og:description\" content=\"MINISTERIO DEL TRABAJO DECRETO LEGISLATIVO N\u00daMERO 488 DE MARZO 27 DE 2020 &nbsp; Por el cual se dictan medidas de orden laboral, dentro del Estado de Emergencia Econ\u00f3mica, Social y&#046;&#046;&#046;\" \/>\n<meta property=\"og:url\" content=\"https:\/\/contadoreshoy.com\/?p=12383\" \/>\n<meta property=\"og:site_name\" content=\"Contadores P\u00fablicos\" \/>\n<meta property=\"article:publisher\" content=\"https:\/\/www.facebook.com\/CCCPBucaramanga\/\" \/>\n<meta property=\"article:published_time\" content=\"2020-03-29T16:59:02+00:00\" \/>\n<meta property=\"article:modified_time\" content=\"2020-03-29T17:23:19+00:00\" \/>\n<meta property=\"og:image\" content=\"https:\/\/contadoreshoy.com\/wp-content\/uploads\/2018\/01\/Trabajadores.jpg\" \/>\n\t<meta property=\"og:image:width\" content=\"800\" \/>\n\t<meta property=\"og:image:height\" content=\"600\" \/>\n\t<meta property=\"og:image:type\" content=\"image\/jpeg\" \/>\n<meta name=\"author\" content=\"Miguel Antonio M\u00e1rquez Monta\u00f1ez\" \/>\n<meta name=\"twitter:card\" content=\"summary_large_image\" \/>\n<meta name=\"twitter:label1\" content=\"Escrito por\" \/>\n\t<meta name=\"twitter:data1\" content=\"Miguel Antonio M\u00e1rquez Monta\u00f1ez\" \/>\n\t<meta name=\"twitter:label2\" content=\"Tiempo de lectura\" \/>\n\t<meta name=\"twitter:data2\" content=\"6 minutos\" \/>\n<script type=\"application\/ld+json\" class=\"yoast-schema-graph\">{\"@context\":\"https:\\\/\\\/schema.org\",\"@graph\":[{\"@type\":\"Article\",\"@id\":\"https:\\\/\\\/contadoreshoy.com\\\/?p=12383#article\",\"isPartOf\":{\"@id\":\"https:\\\/\\\/contadoreshoy.com\\\/?p=12383\"},\"author\":{\"name\":\"Miguel Antonio M\u00e1rquez Monta\u00f1ez\",\"@id\":\"https:\\\/\\\/contadoreshoy.com\\\/#\\\/schema\\\/person\\\/96d8979cb865537c5dc9345e40089fc5\"},\"headline\":\"Decreto 488 marzo 27 de 2020 &#8211; Medidas de orden laboral\",\"datePublished\":\"2020-03-29T16:59:02+00:00\",\"dateModified\":\"2020-03-29T17:23:19+00:00\",\"mainEntityOfPage\":{\"@id\":\"https:\\\/\\\/contadoreshoy.com\\\/?p=12383\"},\"wordCount\":1299,\"commentCount\":0,\"publisher\":{\"@id\":\"https:\\\/\\\/contadoreshoy.com\\\/#organization\"},\"image\":{\"@id\":\"https:\\\/\\\/contadoreshoy.com\\\/?p=12383#primaryimage\"},\"thumbnailUrl\":\"https:\\\/\\\/contadoreshoy.com\\\/wp-content\\\/uploads\\\/2018\\\/01\\\/Trabajadores.jpg\",\"articleSection\":{\"1\":\"Ultimas Noticias\",\"2\":\"Uncategorized\"},\"inLanguage\":\"es\",\"potentialAction\":[{\"@type\":\"CommentAction\",\"name\":\"Comment\",\"target\":[\"https:\\\/\\\/contadoreshoy.com\\\/?p=12383#respond\"]}]},{\"@type\":\"WebPage\",\"@id\":\"https:\\\/\\\/contadoreshoy.com\\\/?p=12383\",\"url\":\"https:\\\/\\\/contadoreshoy.com\\\/?p=12383\",\"name\":\"Decreto 488 marzo 27 de 2020 - Medidas de orden laboral - Contadores P\u00fablicos\",\"isPartOf\":{\"@id\":\"https:\\\/\\\/contadoreshoy.com\\\/#website\"},\"primaryImageOfPage\":{\"@id\":\"https:\\\/\\\/contadoreshoy.com\\\/?p=12383#primaryimage\"},\"image\":{\"@id\":\"https:\\\/\\\/contadoreshoy.com\\\/?p=12383#primaryimage\"},\"thumbnailUrl\":\"https:\\\/\\\/contadoreshoy.com\\\/wp-content\\\/uploads\\\/2018\\\/01\\\/Trabajadores.jpg\",\"datePublished\":\"2020-03-29T16:59:02+00:00\",\"dateModified\":\"2020-03-29T17:23:19+00:00\",\"breadcrumb\":{\"@id\":\"https:\\\/\\\/contadoreshoy.com\\\/?p=12383#breadcrumb\"},\"inLanguage\":\"es\",\"potentialAction\":[{\"@type\":\"ReadAction\",\"target\":[\"https:\\\/\\\/contadoreshoy.com\\\/?p=12383\"]}]},{\"@type\":\"ImageObject\",\"inLanguage\":\"es\",\"@id\":\"https:\\\/\\\/contadoreshoy.com\\\/?p=12383#primaryimage\",\"url\":\"https:\\\/\\\/contadoreshoy.com\\\/wp-content\\\/uploads\\\/2018\\\/01\\\/Trabajadores.jpg\",\"contentUrl\":\"https:\\\/\\\/contadoreshoy.com\\\/wp-content\\\/uploads\\\/2018\\\/01\\\/Trabajadores.jpg\",\"width\":800,\"height\":600},{\"@type\":\"BreadcrumbList\",\"@id\":\"https:\\\/\\\/contadoreshoy.com\\\/?p=12383#breadcrumb\",\"itemListElement\":[{\"@type\":\"ListItem\",\"position\":1,\"name\":\"Portada\",\"item\":\"https:\\\/\\\/contadoreshoy.com\\\/\"},{\"@type\":\"ListItem\",\"position\":2,\"name\":\"Decreto 488 marzo 27 de 2020 &#8211; Medidas de orden laboral\"}]},{\"@type\":\"WebSite\",\"@id\":\"https:\\\/\\\/contadoreshoy.com\\\/#website\",\"url\":\"https:\\\/\\\/contadoreshoy.com\\\/\",\"name\":\"Contadorespublicossantander\",\"description\":\"Portal para Contadores P\u00fablicos y empresarios\",\"publisher\":{\"@id\":\"https:\\\/\\\/contadoreshoy.com\\\/#organization\"},\"potentialAction\":[{\"@type\":\"SearchAction\",\"target\":{\"@type\":\"EntryPoint\",\"urlTemplate\":\"https:\\\/\\\/contadoreshoy.com\\\/?s={search_term_string}\"},\"query-input\":{\"@type\":\"PropertyValueSpecification\",\"valueRequired\":true,\"valueName\":\"search_term_string\"}}],\"inLanguage\":\"es\"},{\"@type\":\"Organization\",\"@id\":\"https:\\\/\\\/contadoreshoy.com\\\/#organization\",\"name\":\"Contadores P\u00fablicos de Santander\",\"url\":\"https:\\\/\\\/contadoreshoy.com\\\/\",\"logo\":{\"@type\":\"ImageObject\",\"inLanguage\":\"es\",\"@id\":\"https:\\\/\\\/contadoreshoy.com\\\/#\\\/schema\\\/logo\\\/image\\\/\",\"url\":\"https:\\\/\\\/contadoreshoy.com\\\/wp-content\\\/uploads\\\/2024\\\/01\\\/cropped-cropped-Copia-de-M-1.jpg\",\"contentUrl\":\"https:\\\/\\\/contadoreshoy.com\\\/wp-content\\\/uploads\\\/2024\\\/01\\\/cropped-cropped-Copia-de-M-1.jpg\",\"width\":499,\"height\":500,\"caption\":\"Contadores P\u00fablicos de Santander\"},\"image\":{\"@id\":\"https:\\\/\\\/contadoreshoy.com\\\/#\\\/schema\\\/logo\\\/image\\\/\"},\"sameAs\":[\"https:\\\/\\\/www.facebook.com\\\/CCCPBucaramanga\\\/\"]},{\"@type\":\"Person\",\"@id\":\"https:\\\/\\\/contadoreshoy.com\\\/#\\\/schema\\\/person\\\/96d8979cb865537c5dc9345e40089fc5\",\"name\":\"Miguel Antonio M\u00e1rquez Monta\u00f1ez\",\"description\":\"Contador P\u00fablico egresado de la Universidad Aut\u00f3noma de Bucaramanga - Asesor contable tributario con m\u00e1s de 25 a\u00f1os de experiencia - Conferencista en temas contables y tributarios - T\u00e9cnico en Hardware y Dise\u00f1o Web - Creador y director Grupo de Estudio Colegio Colombiano de Contadores P\u00fablicos de Bucaramanga - Creador y Master Web p\u00e1gina www.contadoresp\u00fablicossantander.com - Expresidente Colegio Colombiano de Contadores P\u00fablicos Bucaramanga\",\"url\":\"https:\\\/\\\/contadoreshoy.com\\\/?author=1\"}]}<\/script>\n<!-- \/ Yoast SEO plugin. -->","yoast_head_json":{"title":"Decreto 488 marzo 27 de 2020 - Medidas de orden laboral - Contadores P\u00fablicos","robots":{"index":"index","follow":"follow","max-snippet":"max-snippet:-1","max-image-preview":"max-image-preview:large","max-video-preview":"max-video-preview:-1"},"canonical":"https:\/\/contadoreshoy.com\/?p=12383","og_locale":"es_ES","og_type":"article","og_title":"Decreto 488 marzo 27 de 2020 - Medidas de orden laboral - Contadores P\u00fablicos","og_description":"MINISTERIO DEL TRABAJO DECRETO LEGISLATIVO N\u00daMERO 488 DE MARZO 27 DE 2020 &nbsp; Por el cual se dictan medidas de orden laboral, dentro del Estado de Emergencia Econ\u00f3mica, Social y&#46;&#46;&#46;","og_url":"https:\/\/contadoreshoy.com\/?p=12383","og_site_name":"Contadores P\u00fablicos","article_publisher":"https:\/\/www.facebook.com\/CCCPBucaramanga\/","article_published_time":"2020-03-29T16:59:02+00:00","article_modified_time":"2020-03-29T17:23:19+00:00","og_image":[{"width":800,"height":600,"url":"https:\/\/contadoreshoy.com\/wp-content\/uploads\/2018\/01\/Trabajadores.jpg","type":"image\/jpeg"}],"author":"Miguel Antonio M\u00e1rquez Monta\u00f1ez","twitter_card":"summary_large_image","twitter_misc":{"Escrito por":"Miguel Antonio M\u00e1rquez Monta\u00f1ez","Tiempo de lectura":"6 minutos"},"schema":{"@context":"https:\/\/schema.org","@graph":[{"@type":"Article","@id":"https:\/\/contadoreshoy.com\/?p=12383#article","isPartOf":{"@id":"https:\/\/contadoreshoy.com\/?p=12383"},"author":{"name":"Miguel Antonio M\u00e1rquez Monta\u00f1ez","@id":"https:\/\/contadoreshoy.com\/#\/schema\/person\/96d8979cb865537c5dc9345e40089fc5"},"headline":"Decreto 488 marzo 27 de 2020 &#8211; Medidas de orden laboral","datePublished":"2020-03-29T16:59:02+00:00","dateModified":"2020-03-29T17:23:19+00:00","mainEntityOfPage":{"@id":"https:\/\/contadoreshoy.com\/?p=12383"},"wordCount":1299,"commentCount":0,"publisher":{"@id":"https:\/\/contadoreshoy.com\/#organization"},"image":{"@id":"https:\/\/contadoreshoy.com\/?p=12383#primaryimage"},"thumbnailUrl":"https:\/\/contadoreshoy.com\/wp-content\/uploads\/2018\/01\/Trabajadores.jpg","articleSection":{"1":"Ultimas Noticias","2":"Uncategorized"},"inLanguage":"es","potentialAction":[{"@type":"CommentAction","name":"Comment","target":["https:\/\/contadoreshoy.com\/?p=12383#respond"]}]},{"@type":"WebPage","@id":"https:\/\/contadoreshoy.com\/?p=12383","url":"https:\/\/contadoreshoy.com\/?p=12383","name":"Decreto 488 marzo 27 de 2020 - Medidas de orden laboral - Contadores P\u00fablicos","isPartOf":{"@id":"https:\/\/contadoreshoy.com\/#website"},"primaryImageOfPage":{"@id":"https:\/\/contadoreshoy.com\/?p=12383#primaryimage"},"image":{"@id":"https:\/\/contadoreshoy.com\/?p=12383#primaryimage"},"thumbnailUrl":"https:\/\/contadoreshoy.com\/wp-content\/uploads\/2018\/01\/Trabajadores.jpg","datePublished":"2020-03-29T16:59:02+00:00","dateModified":"2020-03-29T17:23:19+00:00","breadcrumb":{"@id":"https:\/\/contadoreshoy.com\/?p=12383#breadcrumb"},"inLanguage":"es","potentialAction":[{"@type":"ReadAction","target":["https:\/\/contadoreshoy.com\/?p=12383"]}]},{"@type":"ImageObject","inLanguage":"es","@id":"https:\/\/contadoreshoy.com\/?p=12383#primaryimage","url":"https:\/\/contadoreshoy.com\/wp-content\/uploads\/2018\/01\/Trabajadores.jpg","contentUrl":"https:\/\/contadoreshoy.com\/wp-content\/uploads\/2018\/01\/Trabajadores.jpg","width":800,"height":600},{"@type":"BreadcrumbList","@id":"https:\/\/contadoreshoy.com\/?p=12383#breadcrumb","itemListElement":[{"@type":"ListItem","position":1,"name":"Portada","item":"https:\/\/contadoreshoy.com\/"},{"@type":"ListItem","position":2,"name":"Decreto 488 marzo 27 de 2020 &#8211; Medidas de orden laboral"}]},{"@type":"WebSite","@id":"https:\/\/contadoreshoy.com\/#website","url":"https:\/\/contadoreshoy.com\/","name":"Contadorespublicossantander","description":"Portal para Contadores P\u00fablicos y empresarios","publisher":{"@id":"https:\/\/contadoreshoy.com\/#organization"},"potentialAction":[{"@type":"SearchAction","target":{"@type":"EntryPoint","urlTemplate":"https:\/\/contadoreshoy.com\/?s={search_term_string}"},"query-input":{"@type":"PropertyValueSpecification","valueRequired":true,"valueName":"search_term_string"}}],"inLanguage":"es"},{"@type":"Organization","@id":"https:\/\/contadoreshoy.com\/#organization","name":"Contadores P\u00fablicos de Santander","url":"https:\/\/contadoreshoy.com\/","logo":{"@type":"ImageObject","inLanguage":"es","@id":"https:\/\/contadoreshoy.com\/#\/schema\/logo\/image\/","url":"https:\/\/contadoreshoy.com\/wp-content\/uploads\/2024\/01\/cropped-cropped-Copia-de-M-1.jpg","contentUrl":"https:\/\/contadoreshoy.com\/wp-content\/uploads\/2024\/01\/cropped-cropped-Copia-de-M-1.jpg","width":499,"height":500,"caption":"Contadores P\u00fablicos de Santander"},"image":{"@id":"https:\/\/contadoreshoy.com\/#\/schema\/logo\/image\/"},"sameAs":["https:\/\/www.facebook.com\/CCCPBucaramanga\/"]},{"@type":"Person","@id":"https:\/\/contadoreshoy.com\/#\/schema\/person\/96d8979cb865537c5dc9345e40089fc5","name":"Miguel Antonio M\u00e1rquez Monta\u00f1ez","description":"Contador P\u00fablico egresado de la Universidad Aut\u00f3noma de Bucaramanga - Asesor contable tributario con m\u00e1s de 25 a\u00f1os de experiencia - Conferencista en temas contables y tributarios - T\u00e9cnico en Hardware y Dise\u00f1o Web - Creador y director Grupo de Estudio Colegio Colombiano de Contadores P\u00fablicos de Bucaramanga - Creador y Master Web p\u00e1gina www.contadoresp\u00fablicossantander.com - Expresidente Colegio Colombiano de Contadores P\u00fablicos Bucaramanga","url":"https:\/\/contadoreshoy.com\/?author=1"}]}},"_links":{"self":[{"href":"https:\/\/contadoreshoy.com\/index.php?rest_route=\/wp\/v2\/posts\/12383","targetHints":{"allow":["GET"]}}],"collection":[{"href":"https:\/\/contadoreshoy.com\/index.php?rest_route=\/wp\/v2\/posts"}],"about":[{"href":"https:\/\/contadoreshoy.com\/index.php?rest_route=\/wp\/v2\/types\/post"}],"author":[{"embeddable":true,"href":"https:\/\/contadoreshoy.com\/index.php?rest_route=\/wp\/v2\/users\/1"}],"replies":[{"embeddable":true,"href":"https:\/\/contadoreshoy.com\/index.php?rest_route=%2Fwp%2Fv2%2Fcomments&post=12383"}],"version-history":[{"count":3,"href":"https:\/\/contadoreshoy.com\/index.php?rest_route=\/wp\/v2\/posts\/12383\/revisions"}],"predecessor-version":[{"id":12386,"href":"https:\/\/contadoreshoy.com\/index.php?rest_route=\/wp\/v2\/posts\/12383\/revisions\/12386"}],"wp:featuredmedia":[{"embeddable":true,"href":"https:\/\/contadoreshoy.com\/index.php?rest_route=\/wp\/v2\/media\/10527"}],"wp:attachment":[{"href":"https:\/\/contadoreshoy.com\/index.php?rest_route=%2Fwp%2Fv2%2Fmedia&parent=12383"}],"wp:term":[{"taxonomy":"category","embeddable":true,"href":"https:\/\/contadoreshoy.com\/index.php?rest_route=%2Fwp%2Fv2%2Fcategories&post=12383"},{"taxonomy":"post_tag","embeddable":true,"href":"https:\/\/contadoreshoy.com\/index.php?rest_route=%2Fwp%2Fv2%2Ftags&post=12383"}],"curies":[{"name":"wp","href":"https:\/\/api.w.org\/{rel}","templated":true}]}}