{"id":12388,"date":"2020-03-30T14:40:25","date_gmt":"2020-03-30T19:40:25","guid":{"rendered":"https:\/\/contadoreshoy.com\/?p=12388"},"modified":"2020-03-30T14:40:25","modified_gmt":"2020-03-30T19:40:25","slug":"nuevos-plazos-presentar-informacion-exogena-dian-resolucion-027-marzo-25-2020","status":"publish","type":"post","link":"https:\/\/contadoreshoy.com\/?p=12388","title":{"rendered":"Nuevos plazos para presentar informaci\u00f3n ex\u00f3gena DIAN &#8211; Resoluci\u00f3n 027 de marzo 25 de 2020"},"content":{"rendered":"<p><img loading=\"lazy\" decoding=\"async\" class=\"aligncenter wp-image-6468 size-full\" src=\"https:\/\/contadoreshoy.com\/wp-content\/uploads\/2015\/12\/calendario-fiscal-mexico.png\" alt=\"\" width=\"600\" height=\"400\" srcset=\"https:\/\/contadoreshoy.com\/wp-content\/uploads\/2015\/12\/calendario-fiscal-mexico.png 600w, https:\/\/contadoreshoy.com\/wp-content\/uploads\/2015\/12\/calendario-fiscal-mexico-300x200.png 300w\" sizes=\"auto, (max-width: 600px) 100vw, 600px\" \/><\/p>\n<p style=\"text-align: center;\"><strong><span style=\"color: #000000;\"><a href=\"https:\/\/contadoreshoy.com\/wp-content\/uploads\/2020\/03\/Resoluci\u00f3n-000027-de-25-03-2020-Nuevos-plazos-ex\u00f3gena.pdf\" target=\"_blank\" rel=\"noopener\">RESOLUCI\u00d3N N\u00daMERO 000027<\/a><\/span><\/strong><\/p>\n<p style=\"text-align: center;\"><strong><span style=\"color: #000000;\">(25 Marzo 2020)<\/span><\/strong><\/p>\n<p style=\"text-align: justify;\"><strong><span style=\"color: #000000;\">Por la cual se modifican los plazos definidos en el art\u00edculo 45 de Resoluci\u00f3n 011004 del29 de octubre de2018, modificado y adicionado por el art\u00edculo 15 de la Resoluci\u00f3n 000008 del 31 de enero de 2020; en el art\u00edculo 42 de la Resoluci\u00f3n 000070 del 28 de octubre de 2019, y en el art\u00edculo 4 de las Resoluciones 9147, 9148 y 9149 de 2006, establecidos para la presentaci\u00f3n de informaci\u00f3n tributaria y cambiaria ante la Unidad Administrativa Especial Direcci\u00f3n de Impuestos y Aduanas Nacionales-DIAN<\/span><\/strong><\/p>\n<p style=\"text-align: center;\"><strong><span style=\"color: #000000;\">RESUELVE<\/span><\/strong><\/p>\n<p style=\"text-align: justify;\"><strong><span style=\"color: #000000;\">Art\u00edculo 1. Modificar el art\u00edculo 45 de la Resoluci\u00f3n 011004 del 29 de octubre de 2018, modificado y adicionado por el art\u00edculo 15 de la Resoluci\u00f3n 000008 del 31 de enero de 2020. Modif\u00edquese el art\u00edculo 45 de la Resoluci\u00f3n 011004 del 29 de octubre de 2018, modificado y adicionado por el art\u00edculo 15 de la Resoluci\u00f3n 000008 del 31 de enero de 2020, la cual quedar\u00e1 as\u00ed:<\/span><\/strong><\/p>\n<p style=\"text-align: justify;\"><strong><span style=\"color: #000000;\">\u201cArt\u00edculo 45. Plazos para suministrar la informaci\u00f3n anual y anual con corte mensual. La informaci\u00f3n a que se refieren los art\u00edculos 623, 623-2 (sic), 623-3, 624, 625, 628, 629, 629-1, 631 y 631-3 del Estatuto Tributario y los T\u00edtulos III, IV, Cap\u00edtulos del 1 al 13 y 15 del T\u00edtulo V, Cap\u00edtulo 1, 3 y 4 del T\u00edtulo VI, Cap\u00edtulo 1 del T\u00edtulo VII y T\u00edtulo VIII de la presente resoluci\u00f3n, deber\u00e1 ser reportada a m\u00e1s tardar en las siguientes fechas, teniendo en cuenta el \u00faltimo d\u00edgito del NIT del informante cuando se trate de un Gran Contribuyente o los dos \u00faltimos d\u00edgitos del NIT del informante cuando se trate de una Persona Jur\u00eddica y asimilada o una Persona Natural y asimilada: <\/span><\/strong><\/p>\n<p><strong><span style=\"color: #000000;\">GRANDES CONTRIBUYENTES:<\/span><\/strong><\/p>\n<table style=\"height: 332px;\" width=\"599\">\n<tbody>\n<tr>\n<td style=\"width: 292.017px; text-align: center;\"><strong><span style=\"color: #000000;\">\u00daLTIMO D\u00cdGITO<\/span><\/strong><\/td>\n<td style=\"width: 290.283px; text-align: center;\"><strong><span style=\"color: #000000;\">FECHA<\/span><\/strong><\/td>\n<\/tr>\n<tr>\n<td style=\"width: 292.017px; text-align: center;\"><strong><span style=\"color: #000000;\">0<\/span><\/strong><\/td>\n<td style=\"width: 290.283px; text-align: center;\"><strong><span style=\"color: #000000;\">15 de mayo de 2020<\/span><\/strong><\/td>\n<\/tr>\n<tr>\n<td style=\"width: 292.017px; text-align: center;\"><strong><span style=\"color: #000000;\">9<\/span><\/strong><\/td>\n<td style=\"width: 290.283px; text-align: center;\"><strong><span style=\"color: #000000;\">18 de mayo de 2020<\/span><\/strong><\/td>\n<\/tr>\n<tr>\n<td style=\"width: 292.017px; text-align: center;\"><strong><span style=\"color: #000000;\">8<\/span><\/strong><\/td>\n<td style=\"width: 290.283px; text-align: center;\"><strong><span style=\"color: #000000;\">19 de mayo de 2020<\/span><\/strong><\/td>\n<\/tr>\n<tr>\n<td style=\"width: 292.017px; text-align: center;\"><strong><span style=\"color: #000000;\">7<\/span><\/strong><\/td>\n<td style=\"width: 290.283px; text-align: center;\"><strong><span style=\"color: #000000;\">20 de mayo de 2020<\/span><\/strong><\/td>\n<\/tr>\n<tr>\n<td style=\"width: 292.017px; text-align: center;\"><strong><span style=\"color: #000000;\">6<\/span><\/strong><\/td>\n<td style=\"width: 290.283px; text-align: center;\"><strong><span style=\"color: #000000;\">21 de mayo de 2020<\/span><\/strong><\/td>\n<\/tr>\n<tr>\n<td style=\"width: 292.017px; text-align: center;\"><strong><span style=\"color: #000000;\">5<\/span><\/strong><\/td>\n<td style=\"width: 290.283px; text-align: center;\"><strong><span style=\"color: #000000;\">22 de mayo de 2020<\/span><\/strong><\/td>\n<\/tr>\n<tr>\n<td style=\"width: 292.017px; text-align: center;\"><strong><span style=\"color: #000000;\">4<\/span><\/strong><\/td>\n<td style=\"width: 290.283px; text-align: center;\"><strong><span style=\"color: #000000;\">26 de mayo de 2020<\/span><\/strong><\/td>\n<\/tr>\n<tr>\n<td style=\"width: 292.017px; text-align: center;\"><strong><span style=\"color: #000000;\">3<\/span><\/strong><\/td>\n<td style=\"width: 290.283px; text-align: center;\"><strong><span style=\"color: #000000;\">27 de mayo de 2020<\/span><\/strong><\/td>\n<\/tr>\n<tr>\n<td style=\"width: 292.017px; text-align: center;\"><strong><span style=\"color: #000000;\">2<\/span><\/strong><\/td>\n<td style=\"width: 290.283px; text-align: center;\"><strong><span style=\"color: #000000;\">28 de mayo de 2020<\/span><\/strong><\/td>\n<\/tr>\n<tr>\n<td style=\"width: 292.017px; text-align: center;\"><strong><span style=\"color: #000000;\">1<\/span><\/strong><\/td>\n<td style=\"width: 290.283px; text-align: center;\"><strong><span style=\"color: #000000;\">29 de mayo de 2020<\/span><\/strong><\/td>\n<\/tr>\n<\/tbody>\n<\/table>\n<p><strong><span style=\"color: #000000;\">PERSONAS JUR\u00cdDICAS Y NATURALES<\/span><\/strong><\/p>\n<table style=\"height: 318px;\" width=\"595\">\n<tbody>\n<tr>\n<td style=\"width: 289.15px; text-align: center;\"><strong><span style=\"color: #000000;\">\u00daLTIMOS D\u00cdGITOS<\/span><\/strong><\/td>\n<td style=\"width: 289.15px; text-align: center;\"><strong><span style=\"color: #000000;\">FECHA<\/span><\/strong><\/td>\n<\/tr>\n<tr>\n<td style=\"width: 289.15px; text-align: center;\"><strong><span style=\"color: #000000;\">96 a 00<\/span><\/strong><\/td>\n<td style=\"width: 289.15px; text-align: center;\"><strong><span style=\"color: #000000;\">01 de junio de 2020<\/span><\/strong><\/td>\n<\/tr>\n<tr>\n<td style=\"width: 289.15px; text-align: center;\"><strong><span style=\"color: #000000;\">91 a 95<\/span><\/strong><\/td>\n<td style=\"width: 289.15px; text-align: center;\"><strong><span style=\"color: #000000;\">02 de junio de 2020<\/span><\/strong><\/td>\n<\/tr>\n<tr>\n<td style=\"width: 289.15px; text-align: center;\"><strong><span style=\"color: #000000;\">86 a 90<\/span><\/strong><\/td>\n<td style=\"width: 289.15px; text-align: center;\"><strong><span style=\"color: #000000;\">03 de junio de 2020<\/span><\/strong><\/td>\n<\/tr>\n<tr>\n<td style=\"width: 289.15px; text-align: center;\"><strong><span style=\"color: #000000;\">81 a 85<\/span><\/strong><\/td>\n<td style=\"width: 289.15px; text-align: center;\"><strong><span style=\"color: #000000;\">04 de junio de 2020<\/span><\/strong><\/td>\n<\/tr>\n<tr>\n<td style=\"width: 289.15px; text-align: center;\"><strong><span style=\"color: #000000;\">76 a 80<\/span><\/strong><\/td>\n<td style=\"width: 289.15px; text-align: center;\"><strong><span style=\"color: #000000;\">05 de junio de 2020<\/span><\/strong><\/td>\n<\/tr>\n<tr>\n<td style=\"width: 289.15px; text-align: center;\"><strong><span style=\"color: #000000;\">71 a 75<\/span><\/strong><\/td>\n<td style=\"width: 289.15px; text-align: center;\"><strong><span style=\"color: #000000;\">08 de junio de 2020<\/span><\/strong><\/td>\n<\/tr>\n<tr>\n<td style=\"width: 289.15px; text-align: center;\"><strong><span style=\"color: #000000;\">66 a 70<\/span><\/strong><\/td>\n<td style=\"width: 289.15px; text-align: center;\"><strong><span style=\"color: #000000;\">09 de junio de 2020<\/span><\/strong><\/td>\n<\/tr>\n<tr>\n<td style=\"width: 289.15px; text-align: center;\"><strong><span style=\"color: #000000;\">61 a 65<\/span><\/strong><\/td>\n<td style=\"width: 289.15px; text-align: center;\"><strong><span style=\"color: #000000;\">10 de junio de 2020<\/span><\/strong><\/td>\n<\/tr>\n<tr>\n<td style=\"width: 289.15px; text-align: center;\"><strong><span style=\"color: #000000;\">56 a 60<\/span><\/strong><\/td>\n<td style=\"width: 289.15px; text-align: center;\"><strong><span style=\"color: #000000;\">11 de junio de 2020<\/span><\/strong><\/td>\n<\/tr>\n<tr>\n<td style=\"width: 289.15px; text-align: center;\"><strong><span style=\"color: #000000;\">51 a 55<\/span><\/strong><\/td>\n<td style=\"width: 289.15px; text-align: center;\"><strong><span style=\"color: #000000;\">12 de junio de 2020<\/span><\/strong><\/td>\n<\/tr>\n<tr>\n<td style=\"width: 289.15px; text-align: center;\"><strong><span style=\"color: #000000;\">46 a 50<\/span><\/strong><\/td>\n<td style=\"width: 289.15px; text-align: center;\"><strong><span style=\"color: #000000;\">16 de junio de 2020<\/span><\/strong><\/td>\n<\/tr>\n<tr>\n<td style=\"width: 289.15px; text-align: center;\"><strong><span style=\"color: #000000;\">41 a 45<\/span><\/strong><\/td>\n<td style=\"width: 289.15px; text-align: center;\"><strong><span style=\"color: #000000;\">17 de junio de 2020<\/span><\/strong><\/td>\n<\/tr>\n<tr>\n<td style=\"width: 289.15px; text-align: center;\"><strong><span style=\"color: #000000;\">36 a 40<\/span><\/strong><\/td>\n<td style=\"width: 289.15px; text-align: center;\"><strong><span style=\"color: #000000;\">18 de junio de 2020<\/span><\/strong><\/td>\n<\/tr>\n<tr>\n<td style=\"width: 289.15px; text-align: center;\"><strong><span style=\"color: #000000;\">31 a 35<\/span><\/strong><\/td>\n<td style=\"width: 289.15px; text-align: center;\"><strong><span style=\"color: #000000;\">19 de junio de 2020<\/span><\/strong><\/td>\n<\/tr>\n<tr>\n<td style=\"width: 289.15px; text-align: center;\"><strong><span style=\"color: #000000;\">26 a 30<\/span><\/strong><\/td>\n<td style=\"width: 289.15px; text-align: center;\"><strong><span style=\"color: #000000;\">23 de junio de 2020<\/span><\/strong><\/td>\n<\/tr>\n<tr>\n<td style=\"width: 289.15px; text-align: center;\"><strong><span style=\"color: #000000;\">21 a 25<\/span><\/strong><\/td>\n<td style=\"width: 289.15px; text-align: center;\"><strong><span style=\"color: #000000;\">24 de junio de 2020<\/span><\/strong><\/td>\n<\/tr>\n<tr>\n<td style=\"width: 289.15px; text-align: center;\"><strong><span style=\"color: #000000;\">16 a 20<\/span><\/strong><\/td>\n<td style=\"width: 289.15px; text-align: center;\"><strong><span style=\"color: #000000;\">25 de junio de 2020<\/span><\/strong><\/td>\n<\/tr>\n<tr>\n<td style=\"width: 289.15px; text-align: center;\"><strong><span style=\"color: #000000;\">11 a 15<\/span><\/strong><\/td>\n<td style=\"width: 289.15px; text-align: center;\"><strong><span style=\"color: #000000;\">26 de junio de 2020<\/span><\/strong><\/td>\n<\/tr>\n<tr>\n<td style=\"width: 289.15px; text-align: center;\"><strong><span style=\"color: #000000;\">06 a 10<\/span><\/strong><\/td>\n<td style=\"width: 289.15px; text-align: center;\"><strong><span style=\"color: #000000;\">30 de junio de 2020<\/span><\/strong><\/td>\n<\/tr>\n<tr>\n<td style=\"width: 289.15px; text-align: center;\"><strong><span style=\"color: #000000;\">01 a 05<\/span><\/strong><\/td>\n<td style=\"width: 289.15px; text-align: center;\"><strong><span style=\"color: #000000;\">01 de julio de 2020<\/span><\/strong><\/td>\n<\/tr>\n<\/tbody>\n<\/table>\n<p style=\"text-align: justify;\"><strong><span style=\"color: #000000;\">Par\u00e1grafo 1. La informaci\u00f3n se debe reportar dentro de los plazos se\u00f1alados en el presente art\u00edculo de acuerdo con la calidad de Gran Contribuyente, persona jur\u00eddica o persona natural que se posea en el momento de informar.<\/span><\/strong><\/p>\n<p style=\"text-align: justify;\"><strong><span style=\"color: #000000;\">Par\u00e1grafo 2. La informaci\u00f3n de que trata numeral 37.3 del art\u00edculo 37, correspondiente al Impuesto de Industria y Comercio, deber\u00e1 ser reportada a m\u00e1s tardar el \u00faltimo d\u00eda h\u00e1bil del mes de agosto de 2020.<\/span><\/strong><\/p>\n<p style=\"text-align: justify;\"><strong><span style=\"color: #000000;\">Par\u00e1grafo 3. La informaci\u00f3n de que trata numeral 37.4 del art\u00edculo 37, correspondiente a las resoluciones administrativas relacionadas con obligaciones tributarias del orden municipal o distrital, deber\u00e1 ser reportada a m\u00e1s tardar en la siguiente fecha:<\/span><\/strong><\/p>\n<table style=\"height: 79px;\" width=\"600\">\n<tbody>\n<tr>\n<td style=\"width: 291.65px; text-align: center;\"><strong><span style=\"color: #000000;\">Periodo<\/span><\/strong><\/td>\n<td style=\"width: 291.65px; text-align: center;\"><strong><span style=\"color: #000000;\">Fecha<\/span><\/strong><\/td>\n<\/tr>\n<tr>\n<td style=\"width: 291.65px; text-align: center;\"><strong><span style=\"color: #000000;\">agosto &#8211; diciembre 2019<\/span><\/strong><\/td>\n<td style=\"width: 291.65px; text-align: center;\"><strong><span style=\"color: #000000;\">&nbsp;12 de junio de 2020<\/span><\/strong><\/td>\n<\/tr>\n<\/tbody>\n<\/table>\n<p style=\"text-align: justify;\"><strong><span style=\"color: #000000;\">Art\u00edculo 2. Adici\u00f3n de un par\u00e1grafo transitorio al art\u00edculo 42 de la Resoluci\u00f3n 000070 del 28 de octubre de 2019. Adici\u00f3nese un par\u00e1grafo transitorio al art\u00edculo 42 de la Resoluci\u00f3n 000070 de 28 de octubre de 2019, el cual quedar\u00e1 as\u00ed:<\/span><\/strong><\/p>\n<p style=\"text-align: justify;\"><strong><span style=\"color: #000000;\">\u201cPar\u00e1grafo transitorio. La informaci\u00f3n de que trata el presente art\u00edculo correspondiente a los meses de febrero y marzo de 2020 deber\u00e1 ser presentada a m\u00e1s tardar el \u00faltimo d\u00eda h\u00e1bil del mes de mayo de 2020.\u201d<\/span><\/strong><\/p>\n<p style=\"text-align: justify;\"><strong><span style=\"color: #000000;\">Art\u00edculo 3. Adici\u00f3n de un par\u00e1grafo transitorio al art\u00edculo 4 de la Resoluci\u00f3n 9147 del 14 de agosto de 2006. Adici\u00f3nese un par\u00e1grafo transitorio al art\u00edculo 4 de la Resoluci\u00f3n 9147 del 14 de agosto de 2006, el cual quedar\u00e1 as\u00ed:\u201c<\/span><\/strong><\/p>\n<p style=\"text-align: justify;\"><strong><span style=\"color: #000000;\">Par\u00e1grafo transitorio. La informaci\u00f3n de que trata el presente art\u00edculo generada en el trimestre correspondiente a los meses de enero, febrero y marzo de 2020, deber\u00e1 ser presentada a m\u00e1s tardar el \u00faltimo d\u00eda h\u00e1bil del mes de mayo de 2020.\u201d<\/span><\/strong><\/p>\n<p style=\"text-align: justify;\"><strong><span style=\"color: #000000;\">Art\u00edculo 4. Adici\u00f3n de un par\u00e1grafo transitorio al art\u00edculo 4 de la Resoluci\u00f3n 9148 del 14 de agosto de 2006. Adici\u00f3nese un par\u00e1grafo transitorio al art\u00edculo 4 de la Resoluci\u00f3n 9148 del 14 de agosto de 2006, el cual quedar\u00e1 as\u00ed: <\/span><\/strong><\/p>\n<p style=\"text-align: justify;\"><strong><span style=\"color: #000000;\">\u201cPar\u00e1grafo transitorio. La informaci\u00f3n de que trata el presente art\u00edculo generada en el trimestre correspondiente a los meses de enero, febrero y marzo de 2020, deber\u00e1 ser presentada a m\u00e1s tardar el \u00faltimo d\u00eda h\u00e1bil del mes de mayo de 2020.\u201d<\/span><\/strong><\/p>\n<p style=\"text-align: justify;\"><strong><span style=\"color: #000000;\">Art\u00edculo 5. Adici\u00f3n de un par\u00e1grafo transitorio al art\u00edculo 4 de la Resoluci\u00f3n 9149 del 14 de agosto de 2006. Adici\u00f3nese un par\u00e1grafo transitorio al art\u00edculo 4 de la Resoluci\u00f3n 9149 del 14 de agosto de 2006, el cual quedar\u00e1 as\u00ed:<\/span><\/strong><\/p>\n<p style=\"text-align: justify;\"><strong><span style=\"color: #000000;\">\u201cPar\u00e1grafo transitorio. La informaci\u00f3n de que trata el presente art\u00edculo generada en el trimestre correspondiente a los meses de enero, febrero y marzo de 2020, deber\u00e1 ser presentada a m\u00e1s tardar el \u00faltimo d\u00eda h\u00e1bil del mes de mayo de 2020.\u201d<\/span><\/strong><\/p>\n<p style=\"text-align: justify;\"><strong><span style=\"color: #000000;\">Art\u00edculo 6. Publicar. La presente resoluci\u00f3n se publica de conformidad con el art\u00edculo 65 del C\u00f3digo Administrativo y de lo Contencioso Administrativo.<\/span><\/strong><\/p>\n<p style=\"text-align: justify;\"><strong><span style=\"color: #000000;\">Art\u00edculo 7. Vigencia. La presente resoluci\u00f3n rige a partir de la fecha de su publicaci\u00f3n.<\/span><\/strong><\/p>\n<p style=\"text-align: justify;\">&nbsp;<\/p>\n<p style=\"text-align: justify;\"><strong><span style=\"color: #000000;\">PUBL\u00cdQUESE Y C\u00daMPLASE Dada en Bogot\u00e1 D.C. a los 25d\u00edasdel mes demarzo de 2020<\/span><\/strong><\/p>\n<p style=\"text-align: justify;\"><a href=\"https:\/\/contadoreshoy.com\/wp-content\/uploads\/2020\/03\/Resoluci\u00f3n-000027-de-25-03-2020-Nuevos-plazos-ex\u00f3gena.pdf\" target=\"_blank\" rel=\"noopener\"><strong><span style=\"color: #000000;\"><span style=\"color: #0000ff; font-size: 14pt;\">Para ver Resoluci\u00f3n 027 de marzo 25 de 2020, dar click aqu\u00ed:<\/span><\/span><\/strong><\/a><\/p>\n<p>&nbsp;<\/p>\n","protected":false},"excerpt":{"rendered":"<p>RESOLUCI\u00d3N N\u00daMERO 000027 (25 Marzo 2020) Por la cual se modifican los plazos definidos en el art\u00edculo 45 de Resoluci\u00f3n 011004 del29 de octubre de2018, modificado y adicionado por el&#46;&#46;&#46;<\/p>\n","protected":false},"author":1,"featured_media":6468,"comment_status":"open","ping_status":"open","sticky":false,"template":"","format":"standard","meta":{"_monsterinsights_skip_tracking":false,"ngg_post_thumbnail":0,"footnotes":"","_links_to":"","_links_to_target":""},"categories":[454,1],"tags":[],"class_list":["post-12388","post","type-post","status-publish","format-standard","has-post-thumbnail","hentry","category-sin-categoria","category-uncategorized"],"aioseo_notices":[],"aioseo_head":"\n\t\t<!-- All in One SEO 5.0.1.1 - aioseo.com -->\n\t<meta name=\"description\" content=\"RESOLUCI\u00d3N N\u00daMERO 000027 (25 Marzo 2020) Por la cual se modifican los plazos definidos en el art\u00edculo 45 de Resoluci\u00f3n 011004 del29 de octubre de2018, modificado y adicionado por el art\u00edculo 15 de la Resoluci\u00f3n 000008 del 31 de enero de 2020; en el art\u00edculo 42 de la Resoluci\u00f3n 000070 del 28 de octubre de\" \/>\n\t<meta name=\"robots\" content=\"max-image-preview:large\" \/>\n\t<meta name=\"author\" content=\"Miguel Antonio M\u00e1rquez Monta\u00f1ez\"\/>\n\t<link rel=\"canonical\" href=\"https:\/\/contadoreshoy.com\/?p=12388\" \/>\n\t<meta name=\"generator\" content=\"All in One SEO (AIOSEO) 5.0.1.1\" \/>\n\t\t<meta property=\"og:locale\" content=\"es_ES\" \/>\n\t\t<meta property=\"og:site_name\" content=\"Contadores P\u00fablicos - Portal para Contadores P\u00fablicos y empresarios\" \/>\n\t\t<meta property=\"og:type\" content=\"article\" \/>\n\t\t<meta property=\"og:title\" content=\"Nuevos plazos para presentar informaci\u00f3n ex\u00f3gena DIAN \u2013 Resoluci\u00f3n 027 de marzo 25 de 2020 - Contadores P\u00fablicos\" \/>\n\t\t<meta property=\"og:description\" content=\"RESOLUCI\u00d3N N\u00daMERO 000027 (25 Marzo 2020) Por la cual se modifican los plazos definidos en el art\u00edculo 45 de Resoluci\u00f3n 011004 del29 de octubre de2018, modificado y adicionado por el art\u00edculo 15 de la Resoluci\u00f3n 000008 del 31 de enero de 2020; en el art\u00edculo 42 de la Resoluci\u00f3n 000070 del 28 de octubre de\" \/>\n\t\t<meta property=\"og:url\" content=\"https:\/\/contadoreshoy.com\/?p=12388\" \/>\n\t\t<meta property=\"og:image\" content=\"https:\/\/contadoreshoy.com\/wp-content\/uploads\/2024\/01\/cropped-cropped-cropped-Copia-de-M.jpg\" \/>\n\t\t<meta property=\"og:image:secure_url\" content=\"https:\/\/contadoreshoy.com\/wp-content\/uploads\/2024\/01\/cropped-cropped-cropped-Copia-de-M.jpg\" \/>\n\t\t<meta property=\"og:image:width\" content=\"512\" \/>\n\t\t<meta property=\"og:image:height\" content=\"371\" \/>\n\t\t<meta property=\"article:published_time\" content=\"2020-03-30T19:40:25+00:00\" \/>\n\t\t<meta property=\"article:modified_time\" content=\"2020-03-30T19:40:25+00:00\" \/>\n\t\t<meta name=\"twitter:card\" content=\"summary_large_image\" \/>\n\t\t<meta name=\"twitter:title\" content=\"Nuevos plazos para presentar informaci\u00f3n ex\u00f3gena DIAN \u2013 Resoluci\u00f3n 027 de marzo 25 de 2020 - Contadores P\u00fablicos\" \/>\n\t\t<meta name=\"twitter:description\" content=\"RESOLUCI\u00d3N N\u00daMERO 000027 (25 Marzo 2020) Por la cual se modifican los plazos definidos en el art\u00edculo 45 de Resoluci\u00f3n 011004 del29 de octubre de2018, modificado y adicionado por el art\u00edculo 15 de la Resoluci\u00f3n 000008 del 31 de enero de 2020; en el art\u00edculo 42 de la Resoluci\u00f3n 000070 del 28 de octubre de\" \/>\n\t\t<meta name=\"twitter:image\" content=\"https:\/\/contadoreshoy.com\/wp-content\/uploads\/2024\/01\/cropped-cropped-cropped-Copia-de-M.jpg\" \/>\n\t\t<script type=\"application\/ld+json\" class=\"aioseo-schema\">\n\t\t\t{\"@context\":\"https:\\\/\\\/schema.org\",\"@graph\":[{\"@type\":\"BlogPosting\",\"@id\":\"https:\\\/\\\/contadoreshoy.com\\\/?p=12388#blogposting\",\"name\":\"Nuevos plazos para presentar informaci\\u00f3n ex\\u00f3gena DIAN \\u2013 Resoluci\\u00f3n 027 de marzo 25 de 2020 - Contadores P\\u00fablicos\",\"headline\":\"Nuevos plazos para presentar informaci\\u00f3n ex\\u00f3gena DIAN &#8211; Resoluci\\u00f3n 027 de marzo 25 de 2020\",\"author\":{\"@id\":\"https:\\\/\\\/contadoreshoy.com\\\/?author=1#author\"},\"publisher\":{\"@id\":\"https:\\\/\\\/contadoreshoy.com\\\/#organization\"},\"image\":{\"@type\":\"ImageObject\",\"url\":\"https:\\\/\\\/contadoreshoy.com\\\/wp-content\\\/uploads\\\/2015\\\/12\\\/calendario-fiscal-mexico.png\",\"width\":600,\"height\":400},\"datePublished\":\"2020-03-30T14:40:25-05:00\",\"dateModified\":\"2020-03-30T14:40:25-05:00\",\"inLanguage\":\"es-ES\",\"mainEntityOfPage\":{\"@id\":\"https:\\\/\\\/contadoreshoy.com\\\/?p=12388#webpage\"},\"isPartOf\":{\"@id\":\"https:\\\/\\\/contadoreshoy.com\\\/?p=12388#webpage\"},\"articleSection\":\"Sin categor\\u00eda, Uncategorized\"},{\"@type\":\"BreadcrumbList\",\"@id\":\"https:\\\/\\\/contadoreshoy.com\\\/?p=12388#breadcrumblist\",\"itemListElement\":[{\"@type\":\"ListItem\",\"@id\":\"https:\\\/\\\/contadoreshoy.com#listItem\",\"position\":1,\"name\":\"Home\",\"item\":\"https:\\\/\\\/contadoreshoy.com\",\"nextItem\":{\"@type\":\"ListItem\",\"@id\":\"https:\\\/\\\/contadoreshoy.com\\\/?cat=1#listItem\",\"name\":\"Uncategorized\"}},{\"@type\":\"ListItem\",\"@id\":\"https:\\\/\\\/contadoreshoy.com\\\/?cat=1#listItem\",\"position\":2,\"name\":\"Uncategorized\",\"item\":\"https:\\\/\\\/contadoreshoy.com\\\/?cat=1\",\"nextItem\":{\"@type\":\"ListItem\",\"@id\":\"https:\\\/\\\/contadoreshoy.com\\\/?p=12388#listItem\",\"name\":\"Nuevos plazos para presentar informaci\\u00f3n ex\\u00f3gena DIAN &#8211; Resoluci\\u00f3n 027 de marzo 25 de 2020\"},\"previousItem\":{\"@type\":\"ListItem\",\"@id\":\"https:\\\/\\\/contadoreshoy.com#listItem\",\"name\":\"Home\"}},{\"@type\":\"ListItem\",\"@id\":\"https:\\\/\\\/contadoreshoy.com\\\/?p=12388#listItem\",\"position\":3,\"name\":\"Nuevos plazos para presentar informaci\\u00f3n ex\\u00f3gena DIAN &#8211; Resoluci\\u00f3n 027 de marzo 25 de 2020\",\"previousItem\":{\"@type\":\"ListItem\",\"@id\":\"https:\\\/\\\/contadoreshoy.com\\\/?cat=1#listItem\",\"name\":\"Uncategorized\"}}]},{\"@type\":\"Organization\",\"@id\":\"https:\\\/\\\/contadoreshoy.com\\\/#organization\",\"name\":\"Contadores P\\u00fablicos\",\"description\":\"Portal para Contadores P\\u00fablicos y empresarios\",\"url\":\"https:\\\/\\\/contadoreshoy.com\\\/\",\"logo\":{\"@type\":\"ImageObject\",\"url\":\"https:\\\/\\\/contadoreshoy.com\\\/wp-content\\\/uploads\\\/2024\\\/01\\\/cropped-cropped-Copia-de-M-1.jpg\",\"@id\":\"https:\\\/\\\/contadoreshoy.com\\\/?p=12388\\\/#organizationLogo\",\"width\":499,\"height\":500},\"image\":{\"@id\":\"https:\\\/\\\/contadoreshoy.com\\\/?p=12388\\\/#organizationLogo\"}},{\"@type\":\"Person\",\"@id\":\"https:\\\/\\\/contadoreshoy.com\\\/?author=1#author\",\"url\":\"https:\\\/\\\/contadoreshoy.com\\\/?author=1\",\"name\":\"Miguel Antonio M\\u00e1rquez Monta\\u00f1ez\"},{\"@type\":\"WebPage\",\"@id\":\"https:\\\/\\\/contadoreshoy.com\\\/?p=12388#webpage\",\"url\":\"https:\\\/\\\/contadoreshoy.com\\\/?p=12388\",\"name\":\"Nuevos plazos para presentar informaci\\u00f3n ex\\u00f3gena DIAN \\u2013 Resoluci\\u00f3n 027 de marzo 25 de 2020 - Contadores P\\u00fablicos\",\"description\":\"RESOLUCI\\u00d3N N\\u00daMERO 000027 (25 Marzo 2020) Por la cual se modifican los plazos definidos en el art\\u00edculo 45 de Resoluci\\u00f3n 011004 del29 de octubre de2018, modificado y adicionado por el art\\u00edculo 15 de la Resoluci\\u00f3n 000008 del 31 de enero de 2020; en el art\\u00edculo 42 de la Resoluci\\u00f3n 000070 del 28 de octubre de\",\"inLanguage\":\"es-ES\",\"isPartOf\":{\"@id\":\"https:\\\/\\\/contadoreshoy.com\\\/#website\"},\"breadcrumb\":{\"@id\":\"https:\\\/\\\/contadoreshoy.com\\\/?p=12388#breadcrumblist\"},\"author\":{\"@id\":\"https:\\\/\\\/contadoreshoy.com\\\/?author=1#author\"},\"creator\":{\"@id\":\"https:\\\/\\\/contadoreshoy.com\\\/?author=1#author\"},\"image\":{\"@type\":\"ImageObject\",\"url\":\"https:\\\/\\\/contadoreshoy.com\\\/wp-content\\\/uploads\\\/2015\\\/12\\\/calendario-fiscal-mexico.png\",\"@id\":\"https:\\\/\\\/contadoreshoy.com\\\/?p=12388\\\/#mainImage\",\"width\":600,\"height\":400},\"primaryImageOfPage\":{\"@id\":\"https:\\\/\\\/contadoreshoy.com\\\/?p=12388#mainImage\"},\"datePublished\":\"2020-03-30T14:40:25-05:00\",\"dateModified\":\"2020-03-30T14:40:25-05:00\"},{\"@type\":\"WebSite\",\"@id\":\"https:\\\/\\\/contadoreshoy.com\\\/#website\",\"url\":\"https:\\\/\\\/contadoreshoy.com\\\/\",\"name\":\"Contadores P\\u00fablicos\",\"description\":\"Portal para Contadores P\\u00fablicos y empresarios\",\"inLanguage\":\"es-ES\",\"publisher\":{\"@id\":\"https:\\\/\\\/contadoreshoy.com\\\/#organization\"}}]}\n\t\t<\/script>\n\t\t<!-- All in One SEO -->\n\n","aioseo_head_json":{"title":"Nuevos plazos para presentar informaci\u00f3n ex\u00f3gena DIAN \u2013 Resoluci\u00f3n 027 de marzo 25 de 2020 - Contadores P\u00fablicos","description":"RESOLUCI\u00d3N N\u00daMERO 000027 (25 Marzo 2020) Por la cual se modifican los plazos definidos en el art\u00edculo 45 de Resoluci\u00f3n 011004 del29 de octubre de2018, modificado y adicionado por el art\u00edculo 15 de la Resoluci\u00f3n 000008 del 31 de enero de 2020; en el art\u00edculo 42 de la Resoluci\u00f3n 000070 del 28 de octubre de","canonical_url":"https:\/\/contadoreshoy.com\/?p=12388","robots":"max-image-preview:large","keywords":"","webmasterTools":{"miscellaneous":""},"schema":{"@context":"https:\/\/schema.org","@graph":[{"@type":"BlogPosting","@id":"https:\/\/contadoreshoy.com\/?p=12388#blogposting","name":"Nuevos plazos para presentar informaci\u00f3n ex\u00f3gena DIAN \u2013 Resoluci\u00f3n 027 de marzo 25 de 2020 - Contadores P\u00fablicos","headline":"Nuevos plazos para presentar informaci\u00f3n ex\u00f3gena DIAN &#8211; Resoluci\u00f3n 027 de marzo 25 de 2020","author":{"@id":"https:\/\/contadoreshoy.com\/?author=1#author"},"publisher":{"@id":"https:\/\/contadoreshoy.com\/#organization"},"image":{"@type":"ImageObject","url":"https:\/\/contadoreshoy.com\/wp-content\/uploads\/2015\/12\/calendario-fiscal-mexico.png","width":600,"height":400},"datePublished":"2020-03-30T14:40:25-05:00","dateModified":"2020-03-30T14:40:25-05:00","inLanguage":"es-ES","mainEntityOfPage":{"@id":"https:\/\/contadoreshoy.com\/?p=12388#webpage"},"isPartOf":{"@id":"https:\/\/contadoreshoy.com\/?p=12388#webpage"},"articleSection":"Sin categor\u00eda, Uncategorized"},{"@type":"BreadcrumbList","@id":"https:\/\/contadoreshoy.com\/?p=12388#breadcrumblist","itemListElement":[{"@type":"ListItem","@id":"https:\/\/contadoreshoy.com#listItem","position":1,"name":"Home","item":"https:\/\/contadoreshoy.com","nextItem":{"@type":"ListItem","@id":"https:\/\/contadoreshoy.com\/?cat=1#listItem","name":"Uncategorized"}},{"@type":"ListItem","@id":"https:\/\/contadoreshoy.com\/?cat=1#listItem","position":2,"name":"Uncategorized","item":"https:\/\/contadoreshoy.com\/?cat=1","nextItem":{"@type":"ListItem","@id":"https:\/\/contadoreshoy.com\/?p=12388#listItem","name":"Nuevos plazos para presentar informaci\u00f3n ex\u00f3gena DIAN &#8211; Resoluci\u00f3n 027 de marzo 25 de 2020"},"previousItem":{"@type":"ListItem","@id":"https:\/\/contadoreshoy.com#listItem","name":"Home"}},{"@type":"ListItem","@id":"https:\/\/contadoreshoy.com\/?p=12388#listItem","position":3,"name":"Nuevos plazos para presentar informaci\u00f3n ex\u00f3gena DIAN &#8211; Resoluci\u00f3n 027 de marzo 25 de 2020","previousItem":{"@type":"ListItem","@id":"https:\/\/contadoreshoy.com\/?cat=1#listItem","name":"Uncategorized"}}]},{"@type":"Organization","@id":"https:\/\/contadoreshoy.com\/#organization","name":"Contadores P\u00fablicos","description":"Portal para Contadores P\u00fablicos y empresarios","url":"https:\/\/contadoreshoy.com\/","logo":{"@type":"ImageObject","url":"https:\/\/contadoreshoy.com\/wp-content\/uploads\/2024\/01\/cropped-cropped-Copia-de-M-1.jpg","@id":"https:\/\/contadoreshoy.com\/?p=12388\/#organizationLogo","width":499,"height":500},"image":{"@id":"https:\/\/contadoreshoy.com\/?p=12388\/#organizationLogo"}},{"@type":"Person","@id":"https:\/\/contadoreshoy.com\/?author=1#author","url":"https:\/\/contadoreshoy.com\/?author=1","name":"Miguel Antonio M\u00e1rquez Monta\u00f1ez"},{"@type":"WebPage","@id":"https:\/\/contadoreshoy.com\/?p=12388#webpage","url":"https:\/\/contadoreshoy.com\/?p=12388","name":"Nuevos plazos para presentar informaci\u00f3n ex\u00f3gena DIAN \u2013 Resoluci\u00f3n 027 de marzo 25 de 2020 - Contadores P\u00fablicos","description":"RESOLUCI\u00d3N N\u00daMERO 000027 (25 Marzo 2020) Por la cual se modifican los plazos definidos en el art\u00edculo 45 de Resoluci\u00f3n 011004 del29 de octubre de2018, modificado y adicionado por el art\u00edculo 15 de la Resoluci\u00f3n 000008 del 31 de enero de 2020; en el art\u00edculo 42 de la Resoluci\u00f3n 000070 del 28 de octubre de","inLanguage":"es-ES","isPartOf":{"@id":"https:\/\/contadoreshoy.com\/#website"},"breadcrumb":{"@id":"https:\/\/contadoreshoy.com\/?p=12388#breadcrumblist"},"author":{"@id":"https:\/\/contadoreshoy.com\/?author=1#author"},"creator":{"@id":"https:\/\/contadoreshoy.com\/?author=1#author"},"image":{"@type":"ImageObject","url":"https:\/\/contadoreshoy.com\/wp-content\/uploads\/2015\/12\/calendario-fiscal-mexico.png","@id":"https:\/\/contadoreshoy.com\/?p=12388\/#mainImage","width":600,"height":400},"primaryImageOfPage":{"@id":"https:\/\/contadoreshoy.com\/?p=12388#mainImage"},"datePublished":"2020-03-30T14:40:25-05:00","dateModified":"2020-03-30T14:40:25-05:00"},{"@type":"WebSite","@id":"https:\/\/contadoreshoy.com\/#website","url":"https:\/\/contadoreshoy.com\/","name":"Contadores P\u00fablicos","description":"Portal para Contadores P\u00fablicos y empresarios","inLanguage":"es-ES","publisher":{"@id":"https:\/\/contadoreshoy.com\/#organization"}}]},"og:locale":"es_ES","og:site_name":"Contadores P\u00fablicos - Portal para Contadores P\u00fablicos y empresarios","og:type":"article","og:title":"Nuevos plazos para presentar informaci\u00f3n ex\u00f3gena DIAN \u2013 Resoluci\u00f3n 027 de marzo 25 de 2020 - Contadores P\u00fablicos","og:description":"RESOLUCI\u00d3N N\u00daMERO 000027 (25 Marzo 2020) Por la cual se modifican los plazos definidos en el art\u00edculo 45 de Resoluci\u00f3n 011004 del29 de octubre de2018, modificado y adicionado por el art\u00edculo 15 de la Resoluci\u00f3n 000008 del 31 de enero de 2020; en el art\u00edculo 42 de la Resoluci\u00f3n 000070 del 28 de octubre de","og:url":"https:\/\/contadoreshoy.com\/?p=12388","og:image":"https:\/\/contadoreshoy.com\/wp-content\/uploads\/2024\/01\/cropped-cropped-cropped-Copia-de-M.jpg","og:image:secure_url":"https:\/\/contadoreshoy.com\/wp-content\/uploads\/2024\/01\/cropped-cropped-cropped-Copia-de-M.jpg","og:image:width":512,"og:image:height":371,"article:published_time":"2020-03-30T19:40:25+00:00","article:modified_time":"2020-03-30T19:40:25+00:00","twitter:card":"summary_large_image","twitter:title":"Nuevos plazos para presentar informaci\u00f3n ex\u00f3gena DIAN \u2013 Resoluci\u00f3n 027 de marzo 25 de 2020 - Contadores P\u00fablicos","twitter:description":"RESOLUCI\u00d3N N\u00daMERO 000027 (25 Marzo 2020) Por la cual se modifican los plazos definidos en el art\u00edculo 45 de Resoluci\u00f3n 011004 del29 de octubre de2018, modificado y adicionado por el art\u00edculo 15 de la Resoluci\u00f3n 000008 del 31 de enero de 2020; en el art\u00edculo 42 de la Resoluci\u00f3n 000070 del 28 de octubre de","twitter:image":"https:\/\/contadoreshoy.com\/wp-content\/uploads\/2024\/01\/cropped-cropped-cropped-Copia-de-M.jpg"},"aioseo_meta_data":{"post_id":"12388","title":null,"description":null,"keywords":null,"keyphrases":null,"primary_term":null,"canonical_url":null,"og_title":null,"og_description":null,"og_object_type":"default","og_image_type":"default","og_image_url":null,"og_image_width":null,"og_image_height":null,"og_image_custom_url":null,"og_image_custom_fields":null,"og_video":null,"og_custom_url":null,"og_article_section":null,"og_article_tags":null,"twitter_use_og":false,"twitter_card":"default","twitter_image_type":"default","twitter_image_url":null,"twitter_image_custom_url":null,"twitter_image_custom_fields":null,"twitter_title":null,"twitter_description":null,"schema":{"blockGraphs":[],"customGraphs":[],"default":{"data":{"Article":[],"Course":[],"Dataset":[],"FAQPage":[],"Movie":[],"Person":[],"Product":[],"ProductReview":[],"Car":[],"Recipe":[],"Service":[],"SoftwareApplication":[],"WebPage":[]},"graphName":"","isEnabled":true},"graphs":[]},"schema_type":"default","schema_type_options":null,"pillar_content":false,"robots_default":true,"robots_noindex":false,"robots_noarchive":false,"robots_nosnippet":false,"robots_nofollow":false,"robots_noimageindex":false,"robots_noodp":false,"robots_notranslate":false,"robots_max_snippet":null,"robots_max_videopreview":null,"robots_max_imagepreview":"large","priority":null,"frequency":null,"local_seo":null,"breadcrumb_settings":null,"limit_modified_date":false,"ai":null,"created":"2024-03-05 02:14:34","updated":"2026-03-03 05:23:40","seo_analyzer_scan_date":null,"focus_keyword":null,"additional_keywords":null,"truseo_locale":null},"aioseo_breadcrumb":"<div class=\"aioseo-breadcrumbs\"><span class=\"aioseo-breadcrumb\">\n\t\t\t<a href=\"https:\/\/contadoreshoy.com\" title=\"Home\">Home<\/a>\n\t\t<\/span><span class=\"aioseo-breadcrumb-separator\">&raquo;<\/span><span class=\"aioseo-breadcrumb\">\n\t\t\t<a href=\"https:\/\/contadoreshoy.com\/?cat=1\" title=\"Uncategorized\">Uncategorized<\/a>\n\t\t<\/span><span class=\"aioseo-breadcrumb-separator\">&raquo;<\/span><span class=\"aioseo-breadcrumb\">\n\t\t\tNuevos plazos para presentar informaci\u00f3n ex\u00f3gena DIAN \u2013 Resoluci\u00f3n 027 de marzo 25 de 2020\n\t\t<\/span><\/div>","aioseo_breadcrumb_json":[{"label":"Home","link":"https:\/\/contadoreshoy.com"},{"label":"Uncategorized","link":"https:\/\/contadoreshoy.com\/?cat=1"},{"label":"Nuevos plazos para presentar informaci\u00f3n ex\u00f3gena DIAN &#8211; Resoluci\u00f3n 027 de marzo 25 de 2020","link":"https:\/\/contadoreshoy.com\/?p=12388"}],"yoast_head":"<!-- This site is optimized with the Yoast SEO plugin v28.4 - https:\/\/yoast.com\/product\/yoast-seo-wordpress\/ -->\n<title>Nuevos plazos para presentar informaci\u00f3n ex\u00f3gena DIAN - Resoluci\u00f3n 027 de marzo 25 de 2020 - Contadores P\u00fablicos<\/title>\n<meta name=\"robots\" content=\"index, follow, max-snippet:-1, max-image-preview:large, max-video-preview:-1\" \/>\n<link rel=\"canonical\" href=\"https:\/\/contadoreshoy.com\/?p=12388\" \/>\n<meta property=\"og:locale\" content=\"es_ES\" \/>\n<meta property=\"og:type\" content=\"article\" \/>\n<meta property=\"og:title\" content=\"Nuevos plazos para presentar informaci\u00f3n ex\u00f3gena DIAN - Resoluci\u00f3n 027 de marzo 25 de 2020 - Contadores P\u00fablicos\" \/>\n<meta property=\"og:description\" content=\"RESOLUCI\u00d3N N\u00daMERO 000027 (25 Marzo 2020) Por la cual se modifican los plazos definidos en el art\u00edculo 45 de Resoluci\u00f3n 011004 del29 de octubre de2018, modificado y adicionado por el&#046;&#046;&#046;\" \/>\n<meta property=\"og:url\" content=\"https:\/\/contadoreshoy.com\/?p=12388\" \/>\n<meta property=\"og:site_name\" content=\"Contadores P\u00fablicos\" \/>\n<meta property=\"article:publisher\" content=\"https:\/\/www.facebook.com\/CCCPBucaramanga\/\" \/>\n<meta property=\"article:published_time\" content=\"2020-03-30T19:40:25+00:00\" \/>\n<meta property=\"og:image\" content=\"https:\/\/contadoreshoy.com\/wp-content\/uploads\/2015\/12\/calendario-fiscal-mexico.png\" \/>\n\t<meta property=\"og:image:width\" content=\"600\" \/>\n\t<meta property=\"og:image:height\" content=\"400\" \/>\n\t<meta property=\"og:image:type\" content=\"image\/png\" \/>\n<meta name=\"author\" content=\"Miguel Antonio M\u00e1rquez Monta\u00f1ez\" \/>\n<meta name=\"twitter:card\" content=\"summary_large_image\" \/>\n<meta name=\"twitter:label1\" content=\"Escrito por\" \/>\n\t<meta name=\"twitter:data1\" content=\"Miguel Antonio M\u00e1rquez Monta\u00f1ez\" \/>\n\t<meta name=\"twitter:label2\" content=\"Tiempo de lectura\" \/>\n\t<meta name=\"twitter:data2\" content=\"5 minutos\" \/>\n<script type=\"application\/ld+json\" class=\"yoast-schema-graph\">{\"@context\":\"https:\\\/\\\/schema.org\",\"@graph\":[{\"@type\":\"Article\",\"@id\":\"https:\\\/\\\/contadoreshoy.com\\\/?p=12388#article\",\"isPartOf\":{\"@id\":\"https:\\\/\\\/contadoreshoy.com\\\/?p=12388\"},\"author\":{\"name\":\"Miguel Antonio M\u00e1rquez Monta\u00f1ez\",\"@id\":\"https:\\\/\\\/contadoreshoy.com\\\/#\\\/schema\\\/person\\\/96d8979cb865537c5dc9345e40089fc5\"},\"headline\":\"Nuevos plazos para presentar informaci\u00f3n ex\u00f3gena DIAN &#8211; Resoluci\u00f3n 027 de marzo 25 de 2020\",\"datePublished\":\"2020-03-30T19:40:25+00:00\",\"mainEntityOfPage\":{\"@id\":\"https:\\\/\\\/contadoreshoy.com\\\/?p=12388\"},\"wordCount\":944,\"commentCount\":0,\"publisher\":{\"@id\":\"https:\\\/\\\/contadoreshoy.com\\\/#organization\"},\"image\":{\"@id\":\"https:\\\/\\\/contadoreshoy.com\\\/?p=12388#primaryimage\"},\"thumbnailUrl\":\"https:\\\/\\\/contadoreshoy.com\\\/wp-content\\\/uploads\\\/2015\\\/12\\\/calendario-fiscal-mexico.png\",\"articleSection\":{\"1\":\"Uncategorized\"},\"inLanguage\":\"es\",\"potentialAction\":[{\"@type\":\"CommentAction\",\"name\":\"Comment\",\"target\":[\"https:\\\/\\\/contadoreshoy.com\\\/?p=12388#respond\"]}]},{\"@type\":\"WebPage\",\"@id\":\"https:\\\/\\\/contadoreshoy.com\\\/?p=12388\",\"url\":\"https:\\\/\\\/contadoreshoy.com\\\/?p=12388\",\"name\":\"Nuevos plazos para presentar informaci\u00f3n ex\u00f3gena DIAN - Resoluci\u00f3n 027 de marzo 25 de 2020 - Contadores P\u00fablicos\",\"isPartOf\":{\"@id\":\"https:\\\/\\\/contadoreshoy.com\\\/#website\"},\"primaryImageOfPage\":{\"@id\":\"https:\\\/\\\/contadoreshoy.com\\\/?p=12388#primaryimage\"},\"image\":{\"@id\":\"https:\\\/\\\/contadoreshoy.com\\\/?p=12388#primaryimage\"},\"thumbnailUrl\":\"https:\\\/\\\/contadoreshoy.com\\\/wp-content\\\/uploads\\\/2015\\\/12\\\/calendario-fiscal-mexico.png\",\"datePublished\":\"2020-03-30T19:40:25+00:00\",\"breadcrumb\":{\"@id\":\"https:\\\/\\\/contadoreshoy.com\\\/?p=12388#breadcrumb\"},\"inLanguage\":\"es\",\"potentialAction\":[{\"@type\":\"ReadAction\",\"target\":[\"https:\\\/\\\/contadoreshoy.com\\\/?p=12388\"]}]},{\"@type\":\"ImageObject\",\"inLanguage\":\"es\",\"@id\":\"https:\\\/\\\/contadoreshoy.com\\\/?p=12388#primaryimage\",\"url\":\"https:\\\/\\\/contadoreshoy.com\\\/wp-content\\\/uploads\\\/2015\\\/12\\\/calendario-fiscal-mexico.png\",\"contentUrl\":\"https:\\\/\\\/contadoreshoy.com\\\/wp-content\\\/uploads\\\/2015\\\/12\\\/calendario-fiscal-mexico.png\",\"width\":600,\"height\":400},{\"@type\":\"BreadcrumbList\",\"@id\":\"https:\\\/\\\/contadoreshoy.com\\\/?p=12388#breadcrumb\",\"itemListElement\":[{\"@type\":\"ListItem\",\"position\":1,\"name\":\"Portada\",\"item\":\"https:\\\/\\\/contadoreshoy.com\\\/\"},{\"@type\":\"ListItem\",\"position\":2,\"name\":\"Nuevos plazos para presentar informaci\u00f3n ex\u00f3gena DIAN &#8211; Resoluci\u00f3n 027 de marzo 25 de 2020\"}]},{\"@type\":\"WebSite\",\"@id\":\"https:\\\/\\\/contadoreshoy.com\\\/#website\",\"url\":\"https:\\\/\\\/contadoreshoy.com\\\/\",\"name\":\"Contadorespublicossantander\",\"description\":\"Portal para Contadores P\u00fablicos y empresarios\",\"publisher\":{\"@id\":\"https:\\\/\\\/contadoreshoy.com\\\/#organization\"},\"potentialAction\":[{\"@type\":\"SearchAction\",\"target\":{\"@type\":\"EntryPoint\",\"urlTemplate\":\"https:\\\/\\\/contadoreshoy.com\\\/?s={search_term_string}\"},\"query-input\":{\"@type\":\"PropertyValueSpecification\",\"valueRequired\":true,\"valueName\":\"search_term_string\"}}],\"inLanguage\":\"es\"},{\"@type\":\"Organization\",\"@id\":\"https:\\\/\\\/contadoreshoy.com\\\/#organization\",\"name\":\"Contadores P\u00fablicos de Santander\",\"url\":\"https:\\\/\\\/contadoreshoy.com\\\/\",\"logo\":{\"@type\":\"ImageObject\",\"inLanguage\":\"es\",\"@id\":\"https:\\\/\\\/contadoreshoy.com\\\/#\\\/schema\\\/logo\\\/image\\\/\",\"url\":\"https:\\\/\\\/contadoreshoy.com\\\/wp-content\\\/uploads\\\/2024\\\/01\\\/cropped-cropped-Copia-de-M-1.jpg\",\"contentUrl\":\"https:\\\/\\\/contadoreshoy.com\\\/wp-content\\\/uploads\\\/2024\\\/01\\\/cropped-cropped-Copia-de-M-1.jpg\",\"width\":499,\"height\":500,\"caption\":\"Contadores P\u00fablicos de Santander\"},\"image\":{\"@id\":\"https:\\\/\\\/contadoreshoy.com\\\/#\\\/schema\\\/logo\\\/image\\\/\"},\"sameAs\":[\"https:\\\/\\\/www.facebook.com\\\/CCCPBucaramanga\\\/\"]},{\"@type\":\"Person\",\"@id\":\"https:\\\/\\\/contadoreshoy.com\\\/#\\\/schema\\\/person\\\/96d8979cb865537c5dc9345e40089fc5\",\"name\":\"Miguel Antonio M\u00e1rquez Monta\u00f1ez\",\"description\":\"Contador P\u00fablico egresado de la Universidad Aut\u00f3noma de Bucaramanga - Asesor contable tributario con m\u00e1s de 25 a\u00f1os de experiencia - Conferencista en temas contables y tributarios - T\u00e9cnico en Hardware y Dise\u00f1o Web - Creador y director Grupo de Estudio Colegio Colombiano de Contadores P\u00fablicos de Bucaramanga - Creador y Master Web p\u00e1gina www.contadoresp\u00fablicossantander.com - Expresidente Colegio Colombiano de Contadores P\u00fablicos Bucaramanga\",\"url\":\"https:\\\/\\\/contadoreshoy.com\\\/?author=1\"}]}<\/script>\n<!-- \/ Yoast SEO plugin. -->","yoast_head_json":{"title":"Nuevos plazos para presentar informaci\u00f3n ex\u00f3gena DIAN - Resoluci\u00f3n 027 de marzo 25 de 2020 - Contadores P\u00fablicos","robots":{"index":"index","follow":"follow","max-snippet":"max-snippet:-1","max-image-preview":"max-image-preview:large","max-video-preview":"max-video-preview:-1"},"canonical":"https:\/\/contadoreshoy.com\/?p=12388","og_locale":"es_ES","og_type":"article","og_title":"Nuevos plazos para presentar informaci\u00f3n ex\u00f3gena DIAN - Resoluci\u00f3n 027 de marzo 25 de 2020 - Contadores P\u00fablicos","og_description":"RESOLUCI\u00d3N N\u00daMERO 000027 (25 Marzo 2020) Por la cual se modifican los plazos definidos en el art\u00edculo 45 de Resoluci\u00f3n 011004 del29 de octubre de2018, modificado y adicionado por el&#46;&#46;&#46;","og_url":"https:\/\/contadoreshoy.com\/?p=12388","og_site_name":"Contadores P\u00fablicos","article_publisher":"https:\/\/www.facebook.com\/CCCPBucaramanga\/","article_published_time":"2020-03-30T19:40:25+00:00","og_image":[{"width":600,"height":400,"url":"https:\/\/contadoreshoy.com\/wp-content\/uploads\/2015\/12\/calendario-fiscal-mexico.png","type":"image\/png"}],"author":"Miguel Antonio M\u00e1rquez Monta\u00f1ez","twitter_card":"summary_large_image","twitter_misc":{"Escrito por":"Miguel Antonio M\u00e1rquez Monta\u00f1ez","Tiempo de lectura":"5 minutos"},"schema":{"@context":"https:\/\/schema.org","@graph":[{"@type":"Article","@id":"https:\/\/contadoreshoy.com\/?p=12388#article","isPartOf":{"@id":"https:\/\/contadoreshoy.com\/?p=12388"},"author":{"name":"Miguel Antonio M\u00e1rquez Monta\u00f1ez","@id":"https:\/\/contadoreshoy.com\/#\/schema\/person\/96d8979cb865537c5dc9345e40089fc5"},"headline":"Nuevos plazos para presentar informaci\u00f3n ex\u00f3gena DIAN &#8211; Resoluci\u00f3n 027 de marzo 25 de 2020","datePublished":"2020-03-30T19:40:25+00:00","mainEntityOfPage":{"@id":"https:\/\/contadoreshoy.com\/?p=12388"},"wordCount":944,"commentCount":0,"publisher":{"@id":"https:\/\/contadoreshoy.com\/#organization"},"image":{"@id":"https:\/\/contadoreshoy.com\/?p=12388#primaryimage"},"thumbnailUrl":"https:\/\/contadoreshoy.com\/wp-content\/uploads\/2015\/12\/calendario-fiscal-mexico.png","articleSection":{"1":"Uncategorized"},"inLanguage":"es","potentialAction":[{"@type":"CommentAction","name":"Comment","target":["https:\/\/contadoreshoy.com\/?p=12388#respond"]}]},{"@type":"WebPage","@id":"https:\/\/contadoreshoy.com\/?p=12388","url":"https:\/\/contadoreshoy.com\/?p=12388","name":"Nuevos plazos para presentar informaci\u00f3n ex\u00f3gena DIAN - Resoluci\u00f3n 027 de marzo 25 de 2020 - Contadores P\u00fablicos","isPartOf":{"@id":"https:\/\/contadoreshoy.com\/#website"},"primaryImageOfPage":{"@id":"https:\/\/contadoreshoy.com\/?p=12388#primaryimage"},"image":{"@id":"https:\/\/contadoreshoy.com\/?p=12388#primaryimage"},"thumbnailUrl":"https:\/\/contadoreshoy.com\/wp-content\/uploads\/2015\/12\/calendario-fiscal-mexico.png","datePublished":"2020-03-30T19:40:25+00:00","breadcrumb":{"@id":"https:\/\/contadoreshoy.com\/?p=12388#breadcrumb"},"inLanguage":"es","potentialAction":[{"@type":"ReadAction","target":["https:\/\/contadoreshoy.com\/?p=12388"]}]},{"@type":"ImageObject","inLanguage":"es","@id":"https:\/\/contadoreshoy.com\/?p=12388#primaryimage","url":"https:\/\/contadoreshoy.com\/wp-content\/uploads\/2015\/12\/calendario-fiscal-mexico.png","contentUrl":"https:\/\/contadoreshoy.com\/wp-content\/uploads\/2015\/12\/calendario-fiscal-mexico.png","width":600,"height":400},{"@type":"BreadcrumbList","@id":"https:\/\/contadoreshoy.com\/?p=12388#breadcrumb","itemListElement":[{"@type":"ListItem","position":1,"name":"Portada","item":"https:\/\/contadoreshoy.com\/"},{"@type":"ListItem","position":2,"name":"Nuevos plazos para presentar informaci\u00f3n ex\u00f3gena DIAN &#8211; Resoluci\u00f3n 027 de marzo 25 de 2020"}]},{"@type":"WebSite","@id":"https:\/\/contadoreshoy.com\/#website","url":"https:\/\/contadoreshoy.com\/","name":"Contadorespublicossantander","description":"Portal para Contadores P\u00fablicos y empresarios","publisher":{"@id":"https:\/\/contadoreshoy.com\/#organization"},"potentialAction":[{"@type":"SearchAction","target":{"@type":"EntryPoint","urlTemplate":"https:\/\/contadoreshoy.com\/?s={search_term_string}"},"query-input":{"@type":"PropertyValueSpecification","valueRequired":true,"valueName":"search_term_string"}}],"inLanguage":"es"},{"@type":"Organization","@id":"https:\/\/contadoreshoy.com\/#organization","name":"Contadores P\u00fablicos de Santander","url":"https:\/\/contadoreshoy.com\/","logo":{"@type":"ImageObject","inLanguage":"es","@id":"https:\/\/contadoreshoy.com\/#\/schema\/logo\/image\/","url":"https:\/\/contadoreshoy.com\/wp-content\/uploads\/2024\/01\/cropped-cropped-Copia-de-M-1.jpg","contentUrl":"https:\/\/contadoreshoy.com\/wp-content\/uploads\/2024\/01\/cropped-cropped-Copia-de-M-1.jpg","width":499,"height":500,"caption":"Contadores P\u00fablicos de Santander"},"image":{"@id":"https:\/\/contadoreshoy.com\/#\/schema\/logo\/image\/"},"sameAs":["https:\/\/www.facebook.com\/CCCPBucaramanga\/"]},{"@type":"Person","@id":"https:\/\/contadoreshoy.com\/#\/schema\/person\/96d8979cb865537c5dc9345e40089fc5","name":"Miguel Antonio M\u00e1rquez Monta\u00f1ez","description":"Contador P\u00fablico egresado de la Universidad Aut\u00f3noma de Bucaramanga - Asesor contable tributario con m\u00e1s de 25 a\u00f1os de experiencia - Conferencista en temas contables y tributarios - T\u00e9cnico en Hardware y Dise\u00f1o Web - Creador y director Grupo de Estudio Colegio Colombiano de Contadores P\u00fablicos de Bucaramanga - Creador y Master Web p\u00e1gina www.contadoresp\u00fablicossantander.com - Expresidente Colegio Colombiano de Contadores P\u00fablicos Bucaramanga","url":"https:\/\/contadoreshoy.com\/?author=1"}]}},"_links":{"self":[{"href":"https:\/\/contadoreshoy.com\/index.php?rest_route=\/wp\/v2\/posts\/12388","targetHints":{"allow":["GET"]}}],"collection":[{"href":"https:\/\/contadoreshoy.com\/index.php?rest_route=\/wp\/v2\/posts"}],"about":[{"href":"https:\/\/contadoreshoy.com\/index.php?rest_route=\/wp\/v2\/types\/post"}],"author":[{"embeddable":true,"href":"https:\/\/contadoreshoy.com\/index.php?rest_route=\/wp\/v2\/users\/1"}],"replies":[{"embeddable":true,"href":"https:\/\/contadoreshoy.com\/index.php?rest_route=%2Fwp%2Fv2%2Fcomments&post=12388"}],"version-history":[{"count":1,"href":"https:\/\/contadoreshoy.com\/index.php?rest_route=\/wp\/v2\/posts\/12388\/revisions"}],"predecessor-version":[{"id":12389,"href":"https:\/\/contadoreshoy.com\/index.php?rest_route=\/wp\/v2\/posts\/12388\/revisions\/12389"}],"wp:featuredmedia":[{"embeddable":true,"href":"https:\/\/contadoreshoy.com\/index.php?rest_route=\/wp\/v2\/media\/6468"}],"wp:attachment":[{"href":"https:\/\/contadoreshoy.com\/index.php?rest_route=%2Fwp%2Fv2%2Fmedia&parent=12388"}],"wp:term":[{"taxonomy":"category","embeddable":true,"href":"https:\/\/contadoreshoy.com\/index.php?rest_route=%2Fwp%2Fv2%2Fcategories&post=12388"},{"taxonomy":"post_tag","embeddable":true,"href":"https:\/\/contadoreshoy.com\/index.php?rest_route=%2Fwp%2Fv2%2Ftags&post=12388"}],"curies":[{"name":"wp","href":"https:\/\/api.w.org\/{rel}","templated":true}]}}