{"id":12396,"date":"2020-04-07T00:26:56","date_gmt":"2020-04-07T05:26:56","guid":{"rendered":"https:\/\/contadoreshoy.com\/?p=12396"},"modified":"2020-04-07T00:26:56","modified_gmt":"2020-04-07T05:26:56","slug":"decreto-520-abril-06-2020-nuevos-plazos-declaraciones-renta-complementarios","status":"publish","type":"post","link":"https:\/\/contadoreshoy.com\/?p=12396","title":{"rendered":"Decreto 520 abril 06 de 2020 &#8211; Nuevos plazos declaraciones de renta y complementarios"},"content":{"rendered":"<p><img loading=\"lazy\" decoding=\"async\" class=\"aligncenter wp-image-6099 size-full\" src=\"https:\/\/contadoreshoy.com\/wp-content\/uploads\/2015\/10\/calendario-2.jpg\" alt=\"\" width=\"600\" height=\"400\" srcset=\"https:\/\/contadoreshoy.com\/wp-content\/uploads\/2015\/10\/calendario-2.jpg 600w, https:\/\/contadoreshoy.com\/wp-content\/uploads\/2015\/10\/calendario-2-300x200.jpg 300w\" sizes=\"auto, (max-width: 600px) 100vw, 600px\" \/><\/p>\n<p style=\"text-align: center;\"><strong><span style=\"color: #000000;\">MINISTERIO DE HACIENDA Y CR\u00c9DITO P\u00daBLICO<\/span><\/strong><\/p>\n<p style=\"text-align: center;\"><a href=\"https:\/\/contadoreshoy.com\/wp-content\/uploads\/2020\/04\/DECRETO-520-DEL-6-DE-ABRIL-DE-2020-NUEVO-CALENDARIO-TRIBUTARIO.pdf\" target=\"_blank\" rel=\"noopener\"><strong><span style=\"color: #000000;\">DECRETO 520 DE ABRIL 06 DE 2020<\/span><\/strong><\/a><\/p>\n<p style=\"text-align: center;\"><strong><span style=\"color: #000000;\">Por el cual se modifican y adicionan art\u00edculos de la Secci\u00f3n 2 del cap\u00edtulo 13 t\u00edtulo 1 parte 6 libro 1 del Decreto 1625 de 2016, \u00danico Reglamentario en materia tributaria<\/span><\/strong><\/p>\n<p style=\"text-align: center;\"><strong><span style=\"color: #000000;\">DECRETA<\/span><\/strong><\/p>\n<p style=\"text-align: justify;\"><strong><span style=\"color: #000000;\">Art\u00edculo 1. Modificaci\u00f3n del calendario para el pago de la segunda (2a) cuota, presentaci\u00f3n de la declaraci\u00f3n y pago de la tercera (3a) cuota y el par\u00e1grafo del art\u00edculo 1.6.1.13.2.11. de la Secci\u00f3n 2 Cap\u00edtulo 13 T\u00edtulo 1 Parte 6 Libro 1 del Decreto 1625 de 2016, \u00danico Reglamentario en Materia Tributaria. Modif\u00edquese el calendario para el pago de la segunda (2a ) cuota, presentaci\u00f3n de la declaraci\u00f3n y pago de la tercera (3a ) cuota y el par\u00e1grafo del art\u00edculo 1.6.1.13.2.11. de la Secci\u00f3n 2 Cap\u00edtulo 13 T\u00edtulo 1 Parte 6 Libro 1 del Decreto 1625 de 2016 \u00danico Reglamentario en Materia Tributaria as\u00ed:<\/span><\/strong><\/p>\n<p style=\"text-align: center;\"><strong><span style=\"color: #000000;\">PAGO SEGUNDA CUOTA<\/span><\/strong><\/p>\n<table style=\"height: 292px;\" width=\"581\">\n<tbody>\n<tr>\n<td style=\"width: 282.15px; text-align: center;\"><strong><span style=\"color: #000000;\">Si el \u00faltimo d\u00edgito es<\/span><\/strong><\/td>\n<td style=\"width: 282.15px; text-align: center;\"><strong><span style=\"color: #000000;\">Hasta el d\u00eda<\/span><\/strong><\/td>\n<\/tr>\n<tr>\n<td style=\"width: 282.15px; text-align: center;\"><strong><span style=\"color: #000000;\">0<\/span><\/strong><\/td>\n<td style=\"width: 282.15px; text-align: center;\"><strong><span style=\"color: #000000;\">21 de abril de 2020<\/span><\/strong><\/td>\n<\/tr>\n<tr>\n<td style=\"width: 282.15px; text-align: center;\"><strong><span style=\"color: #000000;\">9<\/span><\/strong><\/td>\n<td style=\"width: 282.15px; text-align: center;\"><strong><span style=\"color: #000000;\">22 de abril de 2020<\/span><\/strong><\/td>\n<\/tr>\n<tr>\n<td style=\"width: 282.15px; text-align: center;\"><strong><span style=\"color: #000000;\">8<\/span><\/strong><\/td>\n<td style=\"width: 282.15px; text-align: center;\"><strong><span style=\"color: #000000;\">23 de abril de 2020<\/span><\/strong><\/td>\n<\/tr>\n<tr>\n<td style=\"width: 282.15px; text-align: center;\"><strong><span style=\"color: #000000;\">7<\/span><\/strong><\/td>\n<td style=\"width: 282.15px; text-align: center;\"><strong><span style=\"color: #000000;\">24 de abril de 2020<\/span><\/strong><\/td>\n<\/tr>\n<tr>\n<td style=\"width: 282.15px; text-align: center;\"><strong><span style=\"color: #000000;\">6<\/span><\/strong><\/td>\n<td style=\"width: 282.15px; text-align: center;\"><strong><span style=\"color: #000000;\">27 de abril de 2020<\/span><\/strong><\/td>\n<\/tr>\n<tr>\n<td style=\"width: 282.15px; text-align: center;\"><strong><span style=\"color: #000000;\">5<\/span><\/strong><\/td>\n<td style=\"width: 282.15px; text-align: center;\"><strong><span style=\"color: #000000;\">28 de abril de 2020<\/span><\/strong><\/td>\n<\/tr>\n<tr>\n<td style=\"width: 282.15px; text-align: center;\"><strong><span style=\"color: #000000;\">4<\/span><\/strong><\/td>\n<td style=\"width: 282.15px; text-align: center;\"><strong><span style=\"color: #000000;\">29 de abril de 2020<\/span><\/strong><\/td>\n<\/tr>\n<tr>\n<td style=\"width: 282.15px; text-align: center;\"><strong><span style=\"color: #000000;\">3<\/span><\/strong><\/td>\n<td style=\"width: 282.15px; text-align: center;\"><strong><span style=\"color: #000000;\">30 de abril de 2020<\/span><\/strong><\/td>\n<\/tr>\n<tr>\n<td style=\"width: 282.15px; text-align: center;\"><strong><span style=\"color: #000000;\">2<\/span><\/strong><\/td>\n<td style=\"width: 282.15px; text-align: center;\"><strong><span style=\"color: #000000;\">04 de mayo de 2020<\/span><\/strong><\/td>\n<\/tr>\n<tr>\n<td style=\"width: 282.15px; text-align: center;\"><strong><span style=\"color: #000000;\">1<\/span><\/strong><\/td>\n<td style=\"width: 282.15px; text-align: center;\"><strong><span style=\"color: #000000;\">05 de mayo de 2020<\/span><\/strong><\/td>\n<\/tr>\n<\/tbody>\n<\/table>\n<p style=\"text-align: center;\"><strong><span style=\"color: #000000;\">DECLARACi\u00d3N Y PAGO TERCERA CUOTA<\/span><\/strong><\/p>\n<table style=\"height: 307px;\" width=\"578\">\n<tbody>\n<tr>\n<td style=\"width: 280.65px; text-align: center;\"><strong><span style=\"color: #000000;\">Si el \u00faltimo d\u00edgito es<\/span><\/strong><\/td>\n<td style=\"width: 280.65px; text-align: center;\"><strong><span style=\"color: #000000;\">Hasta el d\u00eda<\/span><\/strong><\/td>\n<\/tr>\n<tr>\n<td style=\"width: 280.65px; text-align: center;\"><strong><span style=\"color: #000000;\">0<\/span><\/strong><\/td>\n<td style=\"width: 280.65px; text-align: center;\"><strong><span style=\"color: #000000;\">9 de junio de 2020<\/span><\/strong><\/td>\n<\/tr>\n<tr>\n<td style=\"width: 280.65px; text-align: center;\"><strong><span style=\"color: #000000;\">9<\/span><\/strong><\/td>\n<td style=\"width: 280.65px; text-align: center;\"><strong><span style=\"color: #000000;\">10 de junio de 2020<\/span><\/strong><\/td>\n<\/tr>\n<tr>\n<td style=\"width: 280.65px; text-align: center;\"><strong><span style=\"color: #000000;\">8<\/span><\/strong><\/td>\n<td style=\"width: 280.65px; text-align: center;\"><strong><span style=\"color: #000000;\">11 de junio de 2020<\/span><\/strong><\/td>\n<\/tr>\n<tr>\n<td style=\"width: 280.65px; text-align: center;\"><strong><span style=\"color: #000000;\">7<\/span><\/strong><\/td>\n<td style=\"width: 280.65px; text-align: center;\"><strong><span style=\"color: #000000;\">12 de junio de 2020<\/span><\/strong><\/td>\n<\/tr>\n<tr>\n<td style=\"width: 280.65px; text-align: center;\"><strong><span style=\"color: #000000;\">6<\/span><\/strong><\/td>\n<td style=\"width: 280.65px; text-align: center;\"><strong><span style=\"color: #000000;\">16 de junio de 2020<\/span><\/strong><\/td>\n<\/tr>\n<tr>\n<td style=\"width: 280.65px; text-align: center;\"><strong><span style=\"color: #000000;\">5<\/span><\/strong><\/td>\n<td style=\"width: 280.65px; text-align: center;\"><strong><span style=\"color: #000000;\">17 de junio de 2020<\/span><\/strong><\/td>\n<\/tr>\n<tr>\n<td style=\"width: 280.65px; text-align: center;\"><strong><span style=\"color: #000000;\">4<\/span><\/strong><\/td>\n<td style=\"width: 280.65px; text-align: center;\"><strong><span style=\"color: #000000;\">18 de junio de 2020<\/span><\/strong><\/td>\n<\/tr>\n<tr>\n<td style=\"width: 280.65px; text-align: center;\"><strong><span style=\"color: #000000;\">3<\/span><\/strong><\/td>\n<td style=\"width: 280.65px; text-align: center;\"><strong><span style=\"color: #000000;\">19 de junio de 2020<\/span><\/strong><\/td>\n<\/tr>\n<tr>\n<td style=\"width: 280.65px; text-align: center;\"><strong><span style=\"color: #000000;\">2<\/span><\/strong><\/td>\n<td style=\"width: 280.65px; text-align: center;\"><strong><span style=\"color: #000000;\">23 de junio de 2020<\/span><\/strong><\/td>\n<\/tr>\n<tr>\n<td style=\"width: 280.65px; text-align: center;\"><strong><span style=\"color: #000000;\">1<\/span><\/strong><\/td>\n<td style=\"width: 280.65px; text-align: center;\"><strong><span style=\"color: #000000;\">24 de junio de 2020<\/span><\/strong><\/td>\n<\/tr>\n<\/tbody>\n<\/table>\n<p style=\"text-align: justify;\"><strong><span style=\"color: #000000;\">Par\u00e1grafo. valor de la primera (1 a) cuota no podr\u00e1 ser inferior al veinte ciento (20%) del saldo a pagar del a\u00f1o gravable 2018. Una vez liquidado el impuesto y el anticipo del impuesto la renta en la respectiva declaraci\u00f3n, del valor a pagar, se restar\u00e1 lo pagado en la primera cuota y el se cancelar\u00e1 la siguiente manera, de acuerdo con la cuota pago as\u00ed:<\/span><\/strong><\/p>\n<p style=\"text-align: center;\"><strong><span style=\"color: #000000;\">DECLARACi\u00d3N Y PAGO<\/span><\/strong><\/p>\n<p style=\"text-align: center;\"><strong><span style=\"color: #000000;\">PAGO SEGUNDA CUOTA<\/span><\/strong><\/p>\n<p style=\"text-align: justify;\"><strong><span style=\"color: #000000;\">Los grandes contribuyentes a que hace referencia el presente art\u00edculo, deber\u00e1n pagar la segunda (2a) cuota del impuesto sobre la y complementarios, que corresponder\u00e1 al caurenta y cinco por ciento (45%) del valor del saldo a pagar del a\u00f1o gravable 2018, entre el veintiuno (21) de abril y el cinco (5) de mayo 2020, atendiendo el \u00faltimo d\u00edgito del N\u00famero Identificaci\u00f3n Tributaria -NIT, sin tener en cuenta el d\u00edgito de verificaci\u00f3n.<\/span><\/strong><\/p>\n<p style=\"text-align: center;\"><strong><span style=\"color: #000000;\">DECLARACi\u00d3N Y PAGO TERCERA CUOTA<\/span><\/strong><\/p>\n<p style=\"text-align: justify;\"><strong><span style=\"color: #000000;\">Una vez realizado el pago de la segunda (2a ) cuota, el plazo para la presentaci\u00f3n de la declaraci\u00f3n del impuesto sobre la renta y complementarios y pago la tercera (3a ) cuota vencer\u00e1 entre el nueve (9) de junio y el veinticuatro (24) de junio de 2020 atendiendo el \u00faltimo d\u00edgito del N\u00famero de Identificaci\u00f3n Tributaria -NIT, sin tener en cuenta el d\u00edgito de verificaci\u00f3n.<\/span><\/strong><\/p>\n<p style=\"text-align: justify;\"><strong><span style=\"color: #000000;\">No obstante, cuando al momento del pago de la primera (1a ) cuota ya se haya elaborado la declaraci\u00f3n y se tenga por cierto que por el a\u00f1o gravable&nbsp; 2019 la declaraci\u00f3n arroja saldo a favor, podr\u00e1 el contribuyente no efectuar el pago de la primera (1a ) cuota aqu\u00ed se\u00f1alada, siendo de su entera responsabilidad si posteriormente al momento de la presentaci\u00f3n se genera un saldo a pagar, caso en el cual deber\u00e1 pagar los valores correspondan por concepto de la respectiva cuota y los intereses mora.<\/span><\/strong><\/p>\n<p style=\"text-align: justify;\"><strong><span style=\"color: #000000;\">Una vez liquidado el impuesto sobre la renta en la respectiva declaraci\u00f3n, del valor a pagar se restar\u00e1 lo abonado como primera (1a ) y segunda (2a ) cuota y el saldo se cancelar\u00e1 con la tercera (3a ) cuota, entre el nueve (9) y el veinticuatro (24) junio de 2020, atendiendo el \u00faltimo d\u00edgito del N\u00famero de Identificaci\u00f3n Tributaria &#8211; NIT,&nbsp; seg\u00fan la tabla anterior.<\/span><\/strong><\/p>\n<p style=\"text-align: justify;\"><strong><span style=\"color: #000000;\">No obstante, cuando al momento pago de la segunda (2a ) cuota ya se haya presentado la declaraci\u00f3n del impuesto sobre la renta y complementarios, el contribuyente tomar\u00e1 el impuesto a pagar, restar\u00e1 el valor la primera (1a ) cuota y del saldo pagar\u00e1 el cincuenta por ciento (50%) como segunda (2a) cuota, entre el veintiuno (21) de abril y el cinco (5) de mayo 2020, y el cincuenta por ciento (50%) restante como tercera (3a) cuota,&nbsp; entre el nueve (9) de junio y el veinticuatro (24) de junio de 2020, conforme con las tablas anteriores.<\/span><\/strong><\/p>\n<p style=\"text-align: justify;\"><strong><span style=\"color: #000000;\">Art\u00edculo 2. Modificaci\u00f3n del inciso 2 y el calendario para el pago de la primera (1a) cuota y declaraci\u00f3n y pago de la segunda (2a) cuota del art\u00edculo 1.6.1.13.2.12 de la Secci\u00f3n 2 Cap\u00edtulo 13 T\u00edtulo 1 Parte 6 Libro 1 del Decreto 1625 de 2016, \u00danico Reglamentario en Materia Tributaria. Modif\u00edquese el inciso 2\u00b0 y el calendario para el pago la primera (1a ) cuota y declaraci\u00f3n y pago de la segunda (2a ) cuota del art\u00edculo 1.6.1.13.2.12. de la Secci\u00f3n 2 Cap\u00edtulo 13 T\u00edtulo 1 Parte 6 Libro 1 del Decreto 1625 de 2016 \u00danico Reglamentario en Materia Tributaria, as\u00ed:<\/span><\/strong><\/p>\n<p style=\"text-align: justify;\"><strong><span style=\"color: #000000;\">\u00abLas personas jur\u00eddicas a que hace referencia el presente art\u00edculo, deber\u00e1n pagar la primera (1a ) cuota del impuesto sobre la renta y complementarios, que corresponder\u00e1 al cincuenta por ciento (50%) del valor del saldo a pagar del a\u00f1o gravable 2018, entre el veintiuno (21) de abril y el diecinueve (19) mayo de 2020, atendiendo los \u00faltimos d\u00edgitos del N\u00famero Identificaci\u00f3n Tributaria -NIT, sin tener en cuenta el d\u00edgito de verificaci\u00f3n. Con el pago de esta primera (1a ) cuota, el plazo para la presentaci\u00f3n de la declaraci\u00f3n del impuesto sobre la renta y complementarios y para el pago la segunda (2a ) cuota vencer\u00e1 entre el primero (1) de junio y el primero (1) julio de 2020 atendiendo a los \u00faltimos d\u00edgitos del N\u00famero de Identificaci\u00f3n Tributaria -NIT, sin tener en cuenta el d\u00edgito verificaci\u00f3n.<\/span><\/strong><\/p>\n<p style=\"text-align: justify;\"><strong><span style=\"color: #000000;\">No obstante, cuando a la fecha de vencimiento de la primera (1a) cuota el contribuyente ya haya presentado la declaraci\u00f3n del impuesto la renta y complementarios 2019, la primera (1a) cuota equivaldr\u00e1 al cincuenta por ciento (50%) del valor a pagar liquidado en dicha declaraci\u00f3n, que se debe pagar entre el veintiuno (21) de abril y el diecinueve (19) de mayo de 2020, y el cincuenta por ciento (50%) restante se cancelar\u00e1 como segunda (2a) cuota entre el 1 primero (1) de junio y el primero (1) de julio de 2020, conforme con las tablas que se incluyen a continuaci\u00f3n:<\/span><\/strong><\/p>\n<p style=\"text-align: center;\"><strong><span style=\"color: #000000;\">PAGO PRIMERA CUOTA<\/span><\/strong><\/p>\n<table style=\"height: 306px;\" width=\"522\">\n<tbody>\n<tr>\n<td style=\"width: 252.65px; text-align: center;\"><strong><span style=\"color: #000000;\">Si los dos \u00faltimos d\u00edgitos son<\/span><\/strong><\/td>\n<td style=\"width: 252.65px; text-align: center;\"><strong><span style=\"color: #000000;\">Hasta el d\u00eda<\/span><\/strong><\/td>\n<\/tr>\n<tr>\n<td style=\"width: 252.65px; text-align: center;\"><strong><span style=\"color: #000000;\">96 al 00<\/span><\/strong><\/td>\n<td style=\"width: 252.65px; text-align: center;\"><strong><span style=\"color: #000000;\">21 de abril de 2020<\/span><\/strong><\/td>\n<\/tr>\n<tr>\n<td style=\"width: 252.65px; text-align: center;\"><strong><span style=\"color: #000000;\">91 al 95<\/span><\/strong><\/td>\n<td style=\"width: 252.65px; text-align: center;\"><strong><span style=\"color: #000000;\">22 de abril de 2020<\/span><\/strong><\/td>\n<\/tr>\n<tr>\n<td style=\"width: 252.65px; text-align: center;\"><strong><span style=\"color: #000000;\">86 al 90<\/span><\/strong><\/td>\n<td style=\"width: 252.65px; text-align: center;\"><strong><span style=\"color: #000000;\">23 de abril de 2020<\/span><\/strong><\/td>\n<\/tr>\n<tr>\n<td style=\"width: 252.65px; text-align: center;\"><strong><span style=\"color: #000000;\">81 al 85<\/span><\/strong><\/td>\n<td style=\"width: 252.65px; text-align: center;\"><strong><span style=\"color: #000000;\">24 de abril de 2020<\/span><\/strong><\/td>\n<\/tr>\n<tr>\n<td style=\"width: 252.65px; text-align: center;\"><strong><span style=\"color: #000000;\">76 al 80<\/span><\/strong><\/td>\n<td style=\"width: 252.65px; text-align: center;\"><strong><span style=\"color: #000000;\">27 de abril de 2020<\/span><\/strong><\/td>\n<\/tr>\n<tr>\n<td style=\"width: 252.65px; text-align: center;\"><strong><span style=\"color: #000000;\">71 al 75<\/span><\/strong><\/td>\n<td style=\"width: 252.65px; text-align: center;\"><strong><span style=\"color: #000000;\">28 de abril de 2020<\/span><\/strong><\/td>\n<\/tr>\n<tr>\n<td style=\"width: 252.65px; text-align: center;\"><strong><span style=\"color: #000000;\">66 al 70<\/span><\/strong><\/td>\n<td style=\"width: 252.65px; text-align: center;\"><strong><span style=\"color: #000000;\">29 de abril de 2020<\/span><\/strong><\/td>\n<\/tr>\n<tr>\n<td style=\"width: 252.65px; text-align: center;\"><strong><span style=\"color: #000000;\">61 al 65<\/span><\/strong><\/td>\n<td style=\"width: 252.65px; text-align: center;\"><strong><span style=\"color: #000000;\">30 de abril de 2020<\/span><\/strong><\/td>\n<\/tr>\n<tr>\n<td style=\"width: 252.65px; text-align: center;\"><strong><span style=\"color: #000000;\">56 al 60<\/span><\/strong><\/td>\n<td style=\"width: 252.65px; text-align: center;\"><strong><span style=\"color: #000000;\">4 de mayo de 2020<\/span><\/strong><\/td>\n<\/tr>\n<tr>\n<td style=\"width: 252.65px; text-align: center;\"><strong><span style=\"color: #000000;\">51 al 55<\/span><\/strong><\/td>\n<td style=\"width: 252.65px; text-align: center;\"><strong><span style=\"color: #000000;\">5 de mayo de 2020<\/span><\/strong><\/td>\n<\/tr>\n<tr>\n<td style=\"width: 252.65px; text-align: center;\"><strong><span style=\"color: #000000;\">46 al 50<\/span><\/strong><\/td>\n<td style=\"width: 252.65px; text-align: center;\"><strong><span style=\"color: #000000;\">6 de mayo de 2020<\/span><\/strong><\/td>\n<\/tr>\n<tr>\n<td style=\"width: 252.65px; text-align: center;\"><strong><span style=\"color: #000000;\">41 al 45<\/span><\/strong><\/td>\n<td style=\"width: 252.65px; text-align: center;\"><strong><span style=\"color: #000000;\">7 de mayo de 2020<\/span><\/strong><\/td>\n<\/tr>\n<tr>\n<td style=\"width: 252.65px; text-align: center;\"><strong><span style=\"color: #000000;\">36 al 40<\/span><\/strong><\/td>\n<td style=\"width: 252.65px; text-align: center;\"><strong><span style=\"color: #000000;\">8 de mayo de 2020<\/span><\/strong><\/td>\n<\/tr>\n<tr>\n<td style=\"width: 252.65px; text-align: center;\"><strong><span style=\"color: #000000;\">31 al 35<\/span><\/strong><\/td>\n<td style=\"width: 252.65px; text-align: center;\"><strong><span style=\"color: #000000;\">11 de mayo de 2020<\/span><\/strong><\/td>\n<\/tr>\n<tr>\n<td style=\"width: 252.65px; text-align: center;\"><strong><span style=\"color: #000000;\">26 al 30<\/span><\/strong><\/td>\n<td style=\"width: 252.65px; text-align: center;\"><strong><span style=\"color: #000000;\">12 de mayo de 2020<\/span><\/strong><\/td>\n<\/tr>\n<tr>\n<td style=\"width: 252.65px; text-align: center;\"><strong><span style=\"color: #000000;\">21 al 25<\/span><\/strong><\/td>\n<td style=\"width: 252.65px; text-align: center;\"><strong><span style=\"color: #000000;\">13 de mayo de 2020<\/span><\/strong><\/td>\n<\/tr>\n<tr>\n<td style=\"width: 252.65px; text-align: center;\"><strong><span style=\"color: #000000;\">16 al 20<\/span><\/strong><\/td>\n<td style=\"width: 252.65px; text-align: center;\"><strong><span style=\"color: #000000;\">14 de mayo de 2020<\/span><\/strong><\/td>\n<\/tr>\n<tr>\n<td style=\"width: 252.65px; text-align: center;\"><strong><span style=\"color: #000000;\">11 al 15<\/span><\/strong><\/td>\n<td style=\"width: 252.65px; text-align: center;\"><strong><span style=\"color: #000000;\">15 de mayo de 2020<\/span><\/strong><\/td>\n<\/tr>\n<tr>\n<td style=\"width: 252.65px; text-align: center;\"><strong><span style=\"color: #000000;\">06 al 10<\/span><\/strong><\/td>\n<td style=\"width: 252.65px; text-align: center;\"><strong><span style=\"color: #000000;\">18 de mayo de 2020<\/span><\/strong><\/td>\n<\/tr>\n<tr>\n<td style=\"width: 252.65px; text-align: center;\"><strong><span style=\"color: #000000;\">01 al 05<\/span><\/strong><\/td>\n<td style=\"width: 252.65px; text-align: center;\"><strong><span style=\"color: #000000;\">19 de mayo de 2020<\/span><\/strong><\/td>\n<\/tr>\n<\/tbody>\n<\/table>\n<p style=\"text-align: center;\"><strong><span style=\"color: #000000;\">DECLARACi\u00d3N Y PAGO SEGUNDA CUOTA<\/span><\/strong><\/p>\n<table style=\"height: 303px;\" width=\"520\">\n<tbody>\n<tr>\n<td style=\"width: 251.65px; text-align: center;\"><strong><span style=\"color: #000000;\">Si los dos \u00faltimos d\u00edgitos son<\/span><\/strong><\/td>\n<td style=\"width: 251.65px; text-align: center;\"><strong><span style=\"color: #000000;\">Hasta el d\u00eda<\/span><\/strong><\/td>\n<\/tr>\n<tr>\n<td style=\"width: 251.65px; text-align: center;\"><strong><span style=\"color: #000000;\">96 al 00<\/span><\/strong><\/td>\n<td style=\"width: 251.65px; text-align: center;\"><strong><span style=\"color: #000000;\">1 de junio de 2020<\/span><\/strong><\/td>\n<\/tr>\n<tr>\n<td style=\"width: 251.65px; text-align: center;\"><strong><span style=\"color: #000000;\">91 al 95<\/span><\/strong><\/td>\n<td style=\"width: 251.65px; text-align: center;\"><strong><span style=\"color: #000000;\">2 de junio de 2020<\/span><\/strong><\/td>\n<\/tr>\n<tr>\n<td style=\"width: 251.65px; text-align: center;\"><strong><span style=\"color: #000000;\">86 al 90<\/span><\/strong><\/td>\n<td style=\"width: 251.65px; text-align: center;\"><strong><span style=\"color: #000000;\">3 de junio de 2020<\/span><\/strong><\/td>\n<\/tr>\n<tr>\n<td style=\"width: 251.65px; text-align: center;\"><strong><span style=\"color: #000000;\">81 al 85<\/span><\/strong><\/td>\n<td style=\"width: 251.65px; text-align: center;\"><strong><span style=\"color: #000000;\">4 de junio de 2020<\/span><\/strong><\/td>\n<\/tr>\n<tr>\n<td style=\"width: 251.65px; text-align: center;\"><strong><span style=\"color: #000000;\">76 al 80<\/span><\/strong><\/td>\n<td style=\"width: 251.65px; text-align: center;\"><strong><span style=\"color: #000000;\">5 de junio de 2020<\/span><\/strong><\/td>\n<\/tr>\n<tr>\n<td style=\"width: 251.65px; text-align: center;\"><strong><span style=\"color: #000000;\">71 al 75<\/span><\/strong><\/td>\n<td style=\"width: 251.65px; text-align: center;\"><strong><span style=\"color: #000000;\">8 de junio de 2020<\/span><\/strong><\/td>\n<\/tr>\n<tr>\n<td style=\"width: 251.65px; text-align: center;\"><strong><span style=\"color: #000000;\">66 al 70<\/span><\/strong><\/td>\n<td style=\"width: 251.65px; text-align: center;\"><strong><span style=\"color: #000000;\">9 de junio de 2020<\/span><\/strong><\/td>\n<\/tr>\n<tr>\n<td style=\"width: 251.65px; text-align: center;\"><strong><span style=\"color: #000000;\">61 al 65<\/span><\/strong><\/td>\n<td style=\"width: 251.65px; text-align: center;\"><strong><span style=\"color: #000000;\">10 de junio de 2020<\/span><\/strong><\/td>\n<\/tr>\n<tr>\n<td style=\"width: 251.65px; text-align: center;\"><strong><span style=\"color: #000000;\">56 al 60<\/span><\/strong><\/td>\n<td style=\"width: 251.65px; text-align: center;\"><strong><span style=\"color: #000000;\">11 de junio de 2020<\/span><\/strong><\/td>\n<\/tr>\n<tr>\n<td style=\"width: 251.65px; text-align: center;\"><strong><span style=\"color: #000000;\">51 al 55<\/span><\/strong><\/td>\n<td style=\"width: 251.65px; text-align: center;\"><strong><span style=\"color: #000000;\">12 de junio de 2020<\/span><\/strong><\/td>\n<\/tr>\n<tr>\n<td style=\"width: 251.65px; text-align: center;\"><strong><span style=\"color: #000000;\">46 al 50<\/span><\/strong><\/td>\n<td style=\"width: 251.65px; text-align: center;\"><strong><span style=\"color: #000000;\">16 de junio de 2020<\/span><\/strong><\/td>\n<\/tr>\n<tr>\n<td style=\"width: 251.65px; text-align: center;\"><strong><span style=\"color: #000000;\">41 al 45<\/span><\/strong><\/td>\n<td style=\"width: 251.65px; text-align: center;\"><strong><span style=\"color: #000000;\">17 de junio de 2020<\/span><\/strong><\/td>\n<\/tr>\n<tr>\n<td style=\"width: 251.65px; text-align: center;\"><strong><span style=\"color: #000000;\">36 al 40<\/span><\/strong><\/td>\n<td style=\"width: 251.65px; text-align: center;\"><strong><span style=\"color: #000000;\">18 de junio de 2020<\/span><\/strong><\/td>\n<\/tr>\n<tr>\n<td style=\"width: 251.65px; text-align: center;\"><strong><span style=\"color: #000000;\">31 al 35<\/span><\/strong><\/td>\n<td style=\"width: 251.65px; text-align: center;\"><strong><span style=\"color: #000000;\">19 de junio de 2020<\/span><\/strong><\/td>\n<\/tr>\n<tr>\n<td style=\"width: 251.65px; text-align: center;\"><strong><span style=\"color: #000000;\">26 al 30<\/span><\/strong><\/td>\n<td style=\"width: 251.65px; text-align: center;\"><strong><span style=\"color: #000000;\">23 de junio de 2020<\/span><\/strong><\/td>\n<\/tr>\n<tr>\n<td style=\"width: 251.65px; text-align: center;\"><strong><span style=\"color: #000000;\">21 al 25<\/span><\/strong><\/td>\n<td style=\"width: 251.65px; text-align: center;\"><strong><span style=\"color: #000000;\">24 de junio de 2020<\/span><\/strong><\/td>\n<\/tr>\n<tr>\n<td style=\"width: 251.65px; text-align: center;\"><strong><span style=\"color: #000000;\">16 al 20<\/span><\/strong><\/td>\n<td style=\"width: 251.65px; text-align: center;\"><strong><span style=\"color: #000000;\">25 de junio de 2020<\/span><\/strong><\/td>\n<\/tr>\n<tr>\n<td style=\"width: 251.65px; text-align: center;\"><strong><span style=\"color: #000000;\">11 al 15<\/span><\/strong><\/td>\n<td style=\"width: 251.65px; text-align: center;\"><strong><span style=\"color: #000000;\">26 de junio de 2020<\/span><\/strong><\/td>\n<\/tr>\n<tr>\n<td style=\"width: 251.65px; text-align: center;\"><strong><span style=\"color: #000000;\">06 al 10<\/span><\/strong><\/td>\n<td style=\"width: 251.65px; text-align: center;\"><strong><span style=\"color: #000000;\">30 de junio de 2020<\/span><\/strong><\/td>\n<\/tr>\n<tr>\n<td style=\"width: 251.65px; text-align: center;\"><strong><span style=\"color: #000000;\">01 al 05<\/span><\/strong><\/td>\n<td style=\"width: 251.65px; text-align: center;\"><strong><span style=\"color: #000000;\">1 de julio de 2020<\/span><\/strong><\/td>\n<\/tr>\n<\/tbody>\n<\/table>\n<p style=\"text-align: justify;\"><strong><span style=\"color: #000000;\">Art\u00edculo 3. Modificaci\u00f3n del calendario de plazos para la presentaci\u00f3n de la declaraci\u00f3n anual de activos en el exterior de los grandes contribuyentes y personas jur\u00eddicas de que trata el art\u00edculo 1.6.1.13.2.26. de la Secci\u00f3n 2 Capitulo 13 T\u00edtulo 1 Parte 6 Libro 1 del Decreto 1625 de 2016, \u00danico Reglamentario en Materia Tributaria. Modif\u00edquese el calendario de plazos para la presentaci\u00f3n de la declaraci\u00f3n anual de activos en el exterior de los grandes contribuyentes y personas jur\u00eddicas de que trata el art\u00edculo 1.6.1.13.2.26. de la Secci\u00f3n 2 Cap\u00edtulo 13 T\u00edtulo 1 Parte 6 Libro 1 del Decreto 1625 de 2016 \u00danico Reglamentario en Materia Tributaria, as\u00ed:<\/span><\/strong><\/p>\n<p style=\"text-align: center;\"><strong><span style=\"color: #000000;\">GRANDES CONTRIBUYENTES<\/span><\/strong><\/p>\n<table style=\"height: 311px;\" width=\"516\">\n<tbody>\n<tr>\n<td style=\"width: 249.65px; text-align: center;\"><strong><span style=\"color: #000000;\">Si el \u00faltimo d\u00edgito es<\/span><\/strong><\/td>\n<td style=\"width: 249.65px; text-align: center;\"><strong><span style=\"color: #000000;\">Hasta el d\u00eda<\/span><\/strong><\/td>\n<\/tr>\n<tr>\n<td style=\"width: 249.65px; text-align: center;\"><strong><span style=\"color: #000000;\">0<\/span><\/strong><\/td>\n<td style=\"width: 249.65px; text-align: center;\"><strong><span style=\"color: #000000;\">9 de junio de 2020<\/span><\/strong><\/td>\n<\/tr>\n<tr>\n<td style=\"width: 249.65px; text-align: center;\"><strong><span style=\"color: #000000;\">9<\/span><\/strong><\/td>\n<td style=\"width: 249.65px; text-align: center;\"><strong><span style=\"color: #000000;\">10 de junio de 2020<\/span><\/strong><\/td>\n<\/tr>\n<tr>\n<td style=\"width: 249.65px; text-align: center;\"><strong><span style=\"color: #000000;\">8<\/span><\/strong><\/td>\n<td style=\"width: 249.65px; text-align: center;\"><strong><span style=\"color: #000000;\">11 de junio de 2020<\/span><\/strong><\/td>\n<\/tr>\n<tr>\n<td style=\"width: 249.65px; text-align: center;\"><strong><span style=\"color: #000000;\">7<\/span><\/strong><\/td>\n<td style=\"width: 249.65px; text-align: center;\"><strong><span style=\"color: #000000;\">12 de junio de 2020<\/span><\/strong><\/td>\n<\/tr>\n<tr>\n<td style=\"width: 249.65px; text-align: center;\"><strong><span style=\"color: #000000;\">6<\/span><\/strong><\/td>\n<td style=\"width: 249.65px; text-align: center;\"><strong><span style=\"color: #000000;\">16 de junio de 2020<\/span><\/strong><\/td>\n<\/tr>\n<tr>\n<td style=\"width: 249.65px; text-align: center;\"><strong><span style=\"color: #000000;\">5<\/span><\/strong><\/td>\n<td style=\"width: 249.65px; text-align: center;\"><strong><span style=\"color: #000000;\">17 de junio de 2020<\/span><\/strong><\/td>\n<\/tr>\n<tr>\n<td style=\"width: 249.65px; text-align: center;\"><strong><span style=\"color: #000000;\">4<\/span><\/strong><\/td>\n<td style=\"width: 249.65px; text-align: center;\"><strong><span style=\"color: #000000;\">18 de junio de 2020<\/span><\/strong><\/td>\n<\/tr>\n<tr>\n<td style=\"width: 249.65px; text-align: center;\"><strong><span style=\"color: #000000;\">3<\/span><\/strong><\/td>\n<td style=\"width: 249.65px; text-align: center;\"><strong><span style=\"color: #000000;\">19 de junio de 2020<\/span><\/strong><\/td>\n<\/tr>\n<tr>\n<td style=\"width: 249.65px; text-align: center;\"><strong><span style=\"color: #000000;\">2<\/span><\/strong><\/td>\n<td style=\"width: 249.65px; text-align: center;\"><strong><span style=\"color: #000000;\">23 de junio de 2020<\/span><\/strong><\/td>\n<\/tr>\n<tr>\n<td style=\"width: 249.65px; text-align: center;\"><strong><span style=\"color: #000000;\">1<\/span><\/strong><\/td>\n<td style=\"width: 249.65px; text-align: center;\"><strong><span style=\"color: #000000;\">24 de junio de 2020<\/span><\/strong><\/td>\n<\/tr>\n<\/tbody>\n<\/table>\n<p style=\"text-align: center;\"><strong><span style=\"color: #000000;\">PERSONAS JUR\u00cdDICAS<\/span><\/strong><\/p>\n<table style=\"height: 322px;\" width=\"514\">\n<tbody>\n<tr>\n<td style=\"width: 248.65px; text-align: center;\"><strong><span style=\"color: #000000;\">&nbsp;96 al 00<\/span><\/strong><\/td>\n<td style=\"width: 248.65px; text-align: center;\"><strong><span style=\"color: #000000;\">1 de junio de 2020<\/span><\/strong><\/td>\n<\/tr>\n<tr>\n<td style=\"width: 248.65px; text-align: center;\"><strong><span style=\"color: #000000;\">&nbsp;91 al 95<\/span><\/strong><\/td>\n<td style=\"width: 248.65px; text-align: center;\"><strong><span style=\"color: #000000;\">2 de junio de 2020<\/span><\/strong><\/td>\n<\/tr>\n<tr>\n<td style=\"width: 248.65px; text-align: center;\"><strong><span style=\"color: #000000;\">86 al 90<\/span><\/strong><\/td>\n<td style=\"width: 248.65px; text-align: center;\"><strong><span style=\"color: #000000;\">3 de junio de 2020<\/span><\/strong><\/td>\n<\/tr>\n<tr>\n<td style=\"width: 248.65px; text-align: center;\"><strong><span style=\"color: #000000;\">81 al 85<\/span><\/strong><\/td>\n<td style=\"width: 248.65px; text-align: center;\"><strong><span style=\"color: #000000;\">4 de junio de 2020<\/span><\/strong><\/td>\n<\/tr>\n<tr>\n<td style=\"width: 248.65px; text-align: center;\"><strong><span style=\"color: #000000;\">76 al 80<\/span><\/strong><\/td>\n<td style=\"width: 248.65px; text-align: center;\"><strong><span style=\"color: #000000;\">5 de junio de 2020<\/span><\/strong><\/td>\n<\/tr>\n<tr>\n<td style=\"width: 248.65px; text-align: center;\"><strong><span style=\"color: #000000;\">71 al 75<\/span><\/strong><\/td>\n<td style=\"width: 248.65px; text-align: center;\"><strong><span style=\"color: #000000;\">8 de junio de 2020<\/span><\/strong><\/td>\n<\/tr>\n<tr>\n<td style=\"width: 248.65px; text-align: center;\"><strong><span style=\"color: #000000;\">66 al 70<\/span><\/strong><\/td>\n<td style=\"width: 248.65px; text-align: center;\"><strong><span style=\"color: #000000;\">9 de junio de 2020<\/span><\/strong><\/td>\n<\/tr>\n<tr>\n<td style=\"width: 248.65px; text-align: center;\"><strong><span style=\"color: #000000;\">61 al 65<\/span><\/strong><\/td>\n<td style=\"width: 248.65px; text-align: center;\"><strong><span style=\"color: #000000;\">10 de junio de 2020<\/span><\/strong><\/td>\n<\/tr>\n<tr>\n<td style=\"width: 248.65px; text-align: center;\"><strong><span style=\"color: #000000;\">56 al 60<\/span><\/strong><\/td>\n<td style=\"width: 248.65px; text-align: center;\"><strong><span style=\"color: #000000;\">11 de junio de 2020<\/span><\/strong><\/td>\n<\/tr>\n<tr>\n<td style=\"width: 248.65px; text-align: center;\"><strong><span style=\"color: #000000;\">51 al 55<\/span><\/strong><\/td>\n<td style=\"width: 248.65px; text-align: center;\"><strong><span style=\"color: #000000;\">12 de junio de 2020<\/span><\/strong><\/td>\n<\/tr>\n<tr>\n<td style=\"width: 248.65px; text-align: center;\"><strong><span style=\"color: #000000;\">46 al 50<\/span><\/strong><\/td>\n<td style=\"width: 248.65px; text-align: center;\"><strong><span style=\"color: #000000;\">16 de junio de 2020<\/span><\/strong><\/td>\n<\/tr>\n<tr>\n<td style=\"width: 248.65px; text-align: center;\"><strong><span style=\"color: #000000;\">&nbsp;41 al 45<\/span><\/strong><\/td>\n<td style=\"width: 248.65px; text-align: center;\"><strong><span style=\"color: #000000;\">17 de junio de 2020<\/span><\/strong><\/td>\n<\/tr>\n<tr>\n<td style=\"width: 248.65px; text-align: center;\"><strong><span style=\"color: #000000;\">36 al&nbsp; 40<\/span><\/strong><\/td>\n<td style=\"width: 248.65px; text-align: center;\"><strong><span style=\"color: #000000;\">18 de junio de 2020<\/span><\/strong><\/td>\n<\/tr>\n<tr>\n<td style=\"width: 248.65px; text-align: center;\"><strong><span style=\"color: #000000;\">31 al 35<\/span><\/strong><\/td>\n<td style=\"width: 248.65px; text-align: center;\"><strong><span style=\"color: #000000;\">19 de junio de 2020<\/span><\/strong><\/td>\n<\/tr>\n<tr>\n<td style=\"width: 248.65px; text-align: center;\"><strong><span style=\"color: #000000;\">26 al 30<\/span><\/strong><\/td>\n<td style=\"width: 248.65px; text-align: center;\"><strong><span style=\"color: #000000;\">23 de junio de 2020<\/span><\/strong><\/td>\n<\/tr>\n<tr>\n<td style=\"width: 248.65px; text-align: center;\"><strong><span style=\"color: #000000;\">21 al 25<\/span><\/strong><\/td>\n<td style=\"width: 248.65px; text-align: center;\"><strong><span style=\"color: #000000;\">24 de junio de 2020<\/span><\/strong><\/td>\n<\/tr>\n<tr>\n<td style=\"width: 248.65px; text-align: center;\"><strong><span style=\"color: #000000;\">16 al 20<\/span><\/strong><\/td>\n<td style=\"width: 248.65px; text-align: center;\"><strong><span style=\"color: #000000;\">25 de junio de 2020<\/span><\/strong><\/td>\n<\/tr>\n<tr>\n<td style=\"width: 248.65px; text-align: center;\"><strong><span style=\"color: #000000;\">11 al 15<\/span><\/strong><\/td>\n<td style=\"width: 248.65px; text-align: center;\"><strong><span style=\"color: #000000;\">26 de junio de 2020<\/span><\/strong><\/td>\n<\/tr>\n<tr>\n<td style=\"width: 248.65px; text-align: center;\"><strong><span style=\"color: #000000;\">06 al 10<\/span><\/strong><\/td>\n<td style=\"width: 248.65px; text-align: center;\"><strong><span style=\"color: #000000;\">30 de junio de 2020<\/span><\/strong><\/td>\n<\/tr>\n<tr>\n<td style=\"width: 248.65px; text-align: center;\"><strong><span style=\"color: #000000;\">01 al 05<\/span><\/strong><\/td>\n<td style=\"width: 248.65px; text-align: center;\"><strong><span style=\"color: #000000;\">1 de julio de 2020<\/span><\/strong><\/td>\n<\/tr>\n<\/tbody>\n<\/table>\n<p style=\"text-align: justify;\"><strong><span style=\"color: #000000;\">Art\u00edculo 4. Vigencia y derogatorias. El presente decreto rige a partir de la fecha de su publicaci\u00f3n en el Diario Oficial, modifica el calendario para el pago de la segunda cuota, presentaci\u00f3n de la declaraci\u00f3n y pago de la tercera cuota y el par\u00e1grafo del art\u00edculo 1.6.1.13.2.11 ., el inciso 2\u00b0 y el calendario para el pago de la primera cuota y declaraci\u00f3n y pago de la segunda cuota del art\u00edculo 1.6.1.13.2.12., el calendario de plazos para la presentaci\u00f3n de la declaraci\u00f3n anual de activos en el exterior de los grandes contribuyentes y personas jur\u00eddicas de que trata el art\u00edculo 1.6.1.13.2.26. de la Secci\u00f3n 2 Cap\u00edtulo 13 T\u00edtulo 1 Parte 6 Libro 1 del Decreto 1625 de 2016, \u00danico Reglamentario en Materia Tributaria.<\/span><\/strong><\/p>\n<p><strong><span style=\"color: #000000;\">PUBL\u00edQUESE y C\u00daMPLASE<\/span> <\/strong><\/p>\n<p><a href=\"https:\/\/contadoreshoy.com\/wp-content\/uploads\/2020\/04\/DECRETO-520-DEL-6-DE-ABRIL-DE-2020-NUEVO-CALENDARIO-TRIBUTARIO.pdf\" target=\"_blank\" rel=\"noopener\"><span style=\"font-size: 14pt;\">Para ver Decreto 520 de abril 06 de 2020, dar click aqu\u00ed:<\/span><\/a><\/p>\n<p>&nbsp;<\/p>\n","protected":false},"excerpt":{"rendered":"<p>MINISTERIO DE HACIENDA Y CR\u00c9DITO P\u00daBLICO DECRETO 520 DE ABRIL 06 DE 2020 Por el cual se modifican y adicionan art\u00edculos de la Secci\u00f3n 2 del cap\u00edtulo 13 t\u00edtulo 1&#46;&#46;&#46;<\/p>\n","protected":false},"author":1,"featured_media":6099,"comment_status":"open","ping_status":"open","sticky":false,"template":"","format":"standard","meta":{"_monsterinsights_skip_tracking":false,"ngg_post_thumbnail":0,"footnotes":"","_links_to":"","_links_to_target":""},"categories":[454,458,1],"tags":[],"class_list":["post-12396","post","type-post","status-publish","format-standard","has-post-thumbnail","hentry","category-sin-categoria","category-ultimas","category-uncategorized"],"aioseo_notices":[],"aioseo_head":"\n\t\t<!-- All in One SEO 5.0.1.1 - aioseo.com -->\n\t<meta name=\"description\" content=\"MINISTERIO DE HACIENDA Y CR\u00c9DITO P\u00daBLICO DECRETO 520 DE ABRIL 06 DE 2020 Por el cual se modifican y adicionan art\u00edculos de la Secci\u00f3n 2 del cap\u00edtulo 13 t\u00edtulo 1 parte 6 libro 1 del Decreto 1625 de 2016, \u00danico Reglamentario en materia tributaria DECRETA Art\u00edculo 1. Modificaci\u00f3n del calendario para el pago de la\" \/>\n\t<meta name=\"robots\" content=\"max-image-preview:large\" \/>\n\t<meta name=\"author\" content=\"Miguel Antonio M\u00e1rquez Monta\u00f1ez\"\/>\n\t<link rel=\"canonical\" href=\"https:\/\/contadoreshoy.com\/?p=12396\" \/>\n\t<meta name=\"generator\" content=\"All in One SEO (AIOSEO) 5.0.1.1\" \/>\n\t\t<meta property=\"og:locale\" content=\"es_ES\" \/>\n\t\t<meta property=\"og:site_name\" content=\"Contadores P\u00fablicos - Portal para Contadores P\u00fablicos y empresarios\" \/>\n\t\t<meta property=\"og:type\" content=\"article\" \/>\n\t\t<meta property=\"og:title\" content=\"Decreto 520 abril 06 de 2020 \u2013 Nuevos plazos declaraciones de renta y complementarios - Contadores P\u00fablicos\" \/>\n\t\t<meta property=\"og:description\" content=\"MINISTERIO DE HACIENDA Y CR\u00c9DITO P\u00daBLICO DECRETO 520 DE ABRIL 06 DE 2020 Por el cual se modifican y adicionan art\u00edculos de la Secci\u00f3n 2 del cap\u00edtulo 13 t\u00edtulo 1 parte 6 libro 1 del Decreto 1625 de 2016, \u00danico Reglamentario en materia tributaria DECRETA Art\u00edculo 1. Modificaci\u00f3n del calendario para el pago de la\" \/>\n\t\t<meta property=\"og:url\" content=\"https:\/\/contadoreshoy.com\/?p=12396\" \/>\n\t\t<meta property=\"og:image\" content=\"https:\/\/contadoreshoy.com\/wp-content\/uploads\/2024\/01\/cropped-cropped-cropped-Copia-de-M.jpg\" \/>\n\t\t<meta property=\"og:image:secure_url\" content=\"https:\/\/contadoreshoy.com\/wp-content\/uploads\/2024\/01\/cropped-cropped-cropped-Copia-de-M.jpg\" \/>\n\t\t<meta property=\"og:image:width\" content=\"512\" \/>\n\t\t<meta property=\"og:image:height\" content=\"371\" \/>\n\t\t<meta property=\"article:published_time\" content=\"2020-04-07T05:26:56+00:00\" \/>\n\t\t<meta property=\"article:modified_time\" content=\"2020-04-07T05:26:56+00:00\" \/>\n\t\t<meta name=\"twitter:card\" content=\"summary_large_image\" \/>\n\t\t<meta name=\"twitter:title\" content=\"Decreto 520 abril 06 de 2020 \u2013 Nuevos plazos declaraciones de renta y complementarios - Contadores P\u00fablicos\" \/>\n\t\t<meta name=\"twitter:description\" content=\"MINISTERIO DE HACIENDA Y CR\u00c9DITO P\u00daBLICO DECRETO 520 DE ABRIL 06 DE 2020 Por el cual se modifican y adicionan art\u00edculos de la Secci\u00f3n 2 del cap\u00edtulo 13 t\u00edtulo 1 parte 6 libro 1 del Decreto 1625 de 2016, \u00danico Reglamentario en materia tributaria DECRETA Art\u00edculo 1. Modificaci\u00f3n del calendario para el pago de la\" \/>\n\t\t<meta name=\"twitter:image\" content=\"https:\/\/contadoreshoy.com\/wp-content\/uploads\/2024\/01\/cropped-cropped-cropped-Copia-de-M.jpg\" \/>\n\t\t<script type=\"application\/ld+json\" class=\"aioseo-schema\">\n\t\t\t{\"@context\":\"https:\\\/\\\/schema.org\",\"@graph\":[{\"@type\":\"BlogPosting\",\"@id\":\"https:\\\/\\\/contadoreshoy.com\\\/?p=12396#blogposting\",\"name\":\"Decreto 520 abril 06 de 2020 \\u2013 Nuevos plazos declaraciones de renta y complementarios - Contadores P\\u00fablicos\",\"headline\":\"Decreto 520 abril 06 de 2020 &#8211; Nuevos plazos declaraciones de renta y complementarios\",\"author\":{\"@id\":\"https:\\\/\\\/contadoreshoy.com\\\/?author=1#author\"},\"publisher\":{\"@id\":\"https:\\\/\\\/contadoreshoy.com\\\/#organization\"},\"image\":{\"@type\":\"ImageObject\",\"url\":\"https:\\\/\\\/contadoreshoy.com\\\/wp-content\\\/uploads\\\/2015\\\/10\\\/calendario-2.jpg\",\"width\":600,\"height\":400},\"datePublished\":\"2020-04-07T00:26:56-05:00\",\"dateModified\":\"2020-04-07T00:26:56-05:00\",\"inLanguage\":\"es-ES\",\"mainEntityOfPage\":{\"@id\":\"https:\\\/\\\/contadoreshoy.com\\\/?p=12396#webpage\"},\"isPartOf\":{\"@id\":\"https:\\\/\\\/contadoreshoy.com\\\/?p=12396#webpage\"},\"articleSection\":\"Sin categor\\u00eda, Ultimas Noticias, Uncategorized\"},{\"@type\":\"BreadcrumbList\",\"@id\":\"https:\\\/\\\/contadoreshoy.com\\\/?p=12396#breadcrumblist\",\"itemListElement\":[{\"@type\":\"ListItem\",\"@id\":\"https:\\\/\\\/contadoreshoy.com#listItem\",\"position\":1,\"name\":\"Home\",\"item\":\"https:\\\/\\\/contadoreshoy.com\",\"nextItem\":{\"@type\":\"ListItem\",\"@id\":\"https:\\\/\\\/contadoreshoy.com\\\/?cat=1#listItem\",\"name\":\"Uncategorized\"}},{\"@type\":\"ListItem\",\"@id\":\"https:\\\/\\\/contadoreshoy.com\\\/?cat=1#listItem\",\"position\":2,\"name\":\"Uncategorized\",\"item\":\"https:\\\/\\\/contadoreshoy.com\\\/?cat=1\",\"nextItem\":{\"@type\":\"ListItem\",\"@id\":\"https:\\\/\\\/contadoreshoy.com\\\/?p=12396#listItem\",\"name\":\"Decreto 520 abril 06 de 2020 &#8211; Nuevos plazos declaraciones de renta y complementarios\"},\"previousItem\":{\"@type\":\"ListItem\",\"@id\":\"https:\\\/\\\/contadoreshoy.com#listItem\",\"name\":\"Home\"}},{\"@type\":\"ListItem\",\"@id\":\"https:\\\/\\\/contadoreshoy.com\\\/?p=12396#listItem\",\"position\":3,\"name\":\"Decreto 520 abril 06 de 2020 &#8211; Nuevos plazos declaraciones de renta y complementarios\",\"previousItem\":{\"@type\":\"ListItem\",\"@id\":\"https:\\\/\\\/contadoreshoy.com\\\/?cat=1#listItem\",\"name\":\"Uncategorized\"}}]},{\"@type\":\"Organization\",\"@id\":\"https:\\\/\\\/contadoreshoy.com\\\/#organization\",\"name\":\"Contadores P\\u00fablicos\",\"description\":\"Portal para Contadores P\\u00fablicos y empresarios\",\"url\":\"https:\\\/\\\/contadoreshoy.com\\\/\",\"logo\":{\"@type\":\"ImageObject\",\"url\":\"https:\\\/\\\/contadoreshoy.com\\\/wp-content\\\/uploads\\\/2024\\\/01\\\/cropped-cropped-Copia-de-M-1.jpg\",\"@id\":\"https:\\\/\\\/contadoreshoy.com\\\/?p=12396\\\/#organizationLogo\",\"width\":499,\"height\":500},\"image\":{\"@id\":\"https:\\\/\\\/contadoreshoy.com\\\/?p=12396\\\/#organizationLogo\"}},{\"@type\":\"Person\",\"@id\":\"https:\\\/\\\/contadoreshoy.com\\\/?author=1#author\",\"url\":\"https:\\\/\\\/contadoreshoy.com\\\/?author=1\",\"name\":\"Miguel Antonio M\\u00e1rquez Monta\\u00f1ez\"},{\"@type\":\"WebPage\",\"@id\":\"https:\\\/\\\/contadoreshoy.com\\\/?p=12396#webpage\",\"url\":\"https:\\\/\\\/contadoreshoy.com\\\/?p=12396\",\"name\":\"Decreto 520 abril 06 de 2020 \\u2013 Nuevos plazos declaraciones de renta y complementarios - Contadores P\\u00fablicos\",\"description\":\"MINISTERIO DE HACIENDA Y CR\\u00c9DITO P\\u00daBLICO DECRETO 520 DE ABRIL 06 DE 2020 Por el cual se modifican y adicionan art\\u00edculos de la Secci\\u00f3n 2 del cap\\u00edtulo 13 t\\u00edtulo 1 parte 6 libro 1 del Decreto 1625 de 2016, \\u00danico Reglamentario en materia tributaria DECRETA Art\\u00edculo 1. Modificaci\\u00f3n del calendario para el pago de la\",\"inLanguage\":\"es-ES\",\"isPartOf\":{\"@id\":\"https:\\\/\\\/contadoreshoy.com\\\/#website\"},\"breadcrumb\":{\"@id\":\"https:\\\/\\\/contadoreshoy.com\\\/?p=12396#breadcrumblist\"},\"author\":{\"@id\":\"https:\\\/\\\/contadoreshoy.com\\\/?author=1#author\"},\"creator\":{\"@id\":\"https:\\\/\\\/contadoreshoy.com\\\/?author=1#author\"},\"image\":{\"@type\":\"ImageObject\",\"url\":\"https:\\\/\\\/contadoreshoy.com\\\/wp-content\\\/uploads\\\/2015\\\/10\\\/calendario-2.jpg\",\"@id\":\"https:\\\/\\\/contadoreshoy.com\\\/?p=12396\\\/#mainImage\",\"width\":600,\"height\":400},\"primaryImageOfPage\":{\"@id\":\"https:\\\/\\\/contadoreshoy.com\\\/?p=12396#mainImage\"},\"datePublished\":\"2020-04-07T00:26:56-05:00\",\"dateModified\":\"2020-04-07T00:26:56-05:00\"},{\"@type\":\"WebSite\",\"@id\":\"https:\\\/\\\/contadoreshoy.com\\\/#website\",\"url\":\"https:\\\/\\\/contadoreshoy.com\\\/\",\"name\":\"Contadores P\\u00fablicos\",\"description\":\"Portal para Contadores P\\u00fablicos y empresarios\",\"inLanguage\":\"es-ES\",\"publisher\":{\"@id\":\"https:\\\/\\\/contadoreshoy.com\\\/#organization\"}}]}\n\t\t<\/script>\n\t\t<!-- All in One SEO -->\n\n","aioseo_head_json":{"title":"Decreto 520 abril 06 de 2020 \u2013 Nuevos plazos declaraciones de renta y complementarios - Contadores P\u00fablicos","description":"MINISTERIO DE HACIENDA Y CR\u00c9DITO P\u00daBLICO DECRETO 520 DE ABRIL 06 DE 2020 Por el cual se modifican y adicionan art\u00edculos de la Secci\u00f3n 2 del cap\u00edtulo 13 t\u00edtulo 1 parte 6 libro 1 del Decreto 1625 de 2016, \u00danico Reglamentario en materia tributaria DECRETA Art\u00edculo 1. Modificaci\u00f3n del calendario para el pago de la","canonical_url":"https:\/\/contadoreshoy.com\/?p=12396","robots":"max-image-preview:large","keywords":"","webmasterTools":{"miscellaneous":""},"schema":{"@context":"https:\/\/schema.org","@graph":[{"@type":"BlogPosting","@id":"https:\/\/contadoreshoy.com\/?p=12396#blogposting","name":"Decreto 520 abril 06 de 2020 \u2013 Nuevos plazos declaraciones de renta y complementarios - Contadores P\u00fablicos","headline":"Decreto 520 abril 06 de 2020 &#8211; Nuevos plazos declaraciones de renta y complementarios","author":{"@id":"https:\/\/contadoreshoy.com\/?author=1#author"},"publisher":{"@id":"https:\/\/contadoreshoy.com\/#organization"},"image":{"@type":"ImageObject","url":"https:\/\/contadoreshoy.com\/wp-content\/uploads\/2015\/10\/calendario-2.jpg","width":600,"height":400},"datePublished":"2020-04-07T00:26:56-05:00","dateModified":"2020-04-07T00:26:56-05:00","inLanguage":"es-ES","mainEntityOfPage":{"@id":"https:\/\/contadoreshoy.com\/?p=12396#webpage"},"isPartOf":{"@id":"https:\/\/contadoreshoy.com\/?p=12396#webpage"},"articleSection":"Sin categor\u00eda, Ultimas Noticias, Uncategorized"},{"@type":"BreadcrumbList","@id":"https:\/\/contadoreshoy.com\/?p=12396#breadcrumblist","itemListElement":[{"@type":"ListItem","@id":"https:\/\/contadoreshoy.com#listItem","position":1,"name":"Home","item":"https:\/\/contadoreshoy.com","nextItem":{"@type":"ListItem","@id":"https:\/\/contadoreshoy.com\/?cat=1#listItem","name":"Uncategorized"}},{"@type":"ListItem","@id":"https:\/\/contadoreshoy.com\/?cat=1#listItem","position":2,"name":"Uncategorized","item":"https:\/\/contadoreshoy.com\/?cat=1","nextItem":{"@type":"ListItem","@id":"https:\/\/contadoreshoy.com\/?p=12396#listItem","name":"Decreto 520 abril 06 de 2020 &#8211; Nuevos plazos declaraciones de renta y complementarios"},"previousItem":{"@type":"ListItem","@id":"https:\/\/contadoreshoy.com#listItem","name":"Home"}},{"@type":"ListItem","@id":"https:\/\/contadoreshoy.com\/?p=12396#listItem","position":3,"name":"Decreto 520 abril 06 de 2020 &#8211; Nuevos plazos declaraciones de renta y complementarios","previousItem":{"@type":"ListItem","@id":"https:\/\/contadoreshoy.com\/?cat=1#listItem","name":"Uncategorized"}}]},{"@type":"Organization","@id":"https:\/\/contadoreshoy.com\/#organization","name":"Contadores P\u00fablicos","description":"Portal para Contadores P\u00fablicos y empresarios","url":"https:\/\/contadoreshoy.com\/","logo":{"@type":"ImageObject","url":"https:\/\/contadoreshoy.com\/wp-content\/uploads\/2024\/01\/cropped-cropped-Copia-de-M-1.jpg","@id":"https:\/\/contadoreshoy.com\/?p=12396\/#organizationLogo","width":499,"height":500},"image":{"@id":"https:\/\/contadoreshoy.com\/?p=12396\/#organizationLogo"}},{"@type":"Person","@id":"https:\/\/contadoreshoy.com\/?author=1#author","url":"https:\/\/contadoreshoy.com\/?author=1","name":"Miguel Antonio M\u00e1rquez Monta\u00f1ez"},{"@type":"WebPage","@id":"https:\/\/contadoreshoy.com\/?p=12396#webpage","url":"https:\/\/contadoreshoy.com\/?p=12396","name":"Decreto 520 abril 06 de 2020 \u2013 Nuevos plazos declaraciones de renta y complementarios - Contadores P\u00fablicos","description":"MINISTERIO DE HACIENDA Y CR\u00c9DITO P\u00daBLICO DECRETO 520 DE ABRIL 06 DE 2020 Por el cual se modifican y adicionan art\u00edculos de la Secci\u00f3n 2 del cap\u00edtulo 13 t\u00edtulo 1 parte 6 libro 1 del Decreto 1625 de 2016, \u00danico Reglamentario en materia tributaria DECRETA Art\u00edculo 1. Modificaci\u00f3n del calendario para el pago de la","inLanguage":"es-ES","isPartOf":{"@id":"https:\/\/contadoreshoy.com\/#website"},"breadcrumb":{"@id":"https:\/\/contadoreshoy.com\/?p=12396#breadcrumblist"},"author":{"@id":"https:\/\/contadoreshoy.com\/?author=1#author"},"creator":{"@id":"https:\/\/contadoreshoy.com\/?author=1#author"},"image":{"@type":"ImageObject","url":"https:\/\/contadoreshoy.com\/wp-content\/uploads\/2015\/10\/calendario-2.jpg","@id":"https:\/\/contadoreshoy.com\/?p=12396\/#mainImage","width":600,"height":400},"primaryImageOfPage":{"@id":"https:\/\/contadoreshoy.com\/?p=12396#mainImage"},"datePublished":"2020-04-07T00:26:56-05:00","dateModified":"2020-04-07T00:26:56-05:00"},{"@type":"WebSite","@id":"https:\/\/contadoreshoy.com\/#website","url":"https:\/\/contadoreshoy.com\/","name":"Contadores P\u00fablicos","description":"Portal para Contadores P\u00fablicos y empresarios","inLanguage":"es-ES","publisher":{"@id":"https:\/\/contadoreshoy.com\/#organization"}}]},"og:locale":"es_ES","og:site_name":"Contadores P\u00fablicos - Portal para Contadores P\u00fablicos y empresarios","og:type":"article","og:title":"Decreto 520 abril 06 de 2020 \u2013 Nuevos plazos declaraciones de renta y complementarios - Contadores P\u00fablicos","og:description":"MINISTERIO DE HACIENDA Y CR\u00c9DITO P\u00daBLICO DECRETO 520 DE ABRIL 06 DE 2020 Por el cual se modifican y adicionan art\u00edculos de la Secci\u00f3n 2 del cap\u00edtulo 13 t\u00edtulo 1 parte 6 libro 1 del Decreto 1625 de 2016, \u00danico Reglamentario en materia tributaria DECRETA Art\u00edculo 1. Modificaci\u00f3n del calendario para el pago de la","og:url":"https:\/\/contadoreshoy.com\/?p=12396","og:image":"https:\/\/contadoreshoy.com\/wp-content\/uploads\/2024\/01\/cropped-cropped-cropped-Copia-de-M.jpg","og:image:secure_url":"https:\/\/contadoreshoy.com\/wp-content\/uploads\/2024\/01\/cropped-cropped-cropped-Copia-de-M.jpg","og:image:width":512,"og:image:height":371,"article:published_time":"2020-04-07T05:26:56+00:00","article:modified_time":"2020-04-07T05:26:56+00:00","twitter:card":"summary_large_image","twitter:title":"Decreto 520 abril 06 de 2020 \u2013 Nuevos plazos declaraciones de renta y complementarios - Contadores P\u00fablicos","twitter:description":"MINISTERIO DE HACIENDA Y CR\u00c9DITO P\u00daBLICO DECRETO 520 DE ABRIL 06 DE 2020 Por el cual se modifican y adicionan art\u00edculos de la Secci\u00f3n 2 del cap\u00edtulo 13 t\u00edtulo 1 parte 6 libro 1 del Decreto 1625 de 2016, \u00danico Reglamentario en materia tributaria DECRETA Art\u00edculo 1. Modificaci\u00f3n del calendario para el pago de la","twitter:image":"https:\/\/contadoreshoy.com\/wp-content\/uploads\/2024\/01\/cropped-cropped-cropped-Copia-de-M.jpg"},"aioseo_meta_data":{"post_id":"12396","title":null,"description":null,"keywords":null,"keyphrases":null,"primary_term":null,"canonical_url":null,"og_title":null,"og_description":null,"og_object_type":"default","og_image_type":"default","og_image_url":null,"og_image_width":null,"og_image_height":null,"og_image_custom_url":null,"og_image_custom_fields":null,"og_video":null,"og_custom_url":null,"og_article_section":null,"og_article_tags":null,"twitter_use_og":false,"twitter_card":"default","twitter_image_type":"default","twitter_image_url":null,"twitter_image_custom_url":null,"twitter_image_custom_fields":null,"twitter_title":null,"twitter_description":null,"schema":{"blockGraphs":[],"customGraphs":[],"default":{"data":{"Article":[],"Course":[],"Dataset":[],"FAQPage":[],"Movie":[],"Person":[],"Product":[],"ProductReview":[],"Car":[],"Recipe":[],"Service":[],"SoftwareApplication":[],"WebPage":[]},"graphName":"","isEnabled":true},"graphs":[]},"schema_type":"default","schema_type_options":null,"pillar_content":false,"robots_default":true,"robots_noindex":false,"robots_noarchive":false,"robots_nosnippet":false,"robots_nofollow":false,"robots_noimageindex":false,"robots_noodp":false,"robots_notranslate":false,"robots_max_snippet":null,"robots_max_videopreview":null,"robots_max_imagepreview":"large","priority":null,"frequency":null,"local_seo":null,"breadcrumb_settings":null,"limit_modified_date":false,"ai":null,"created":"2024-03-05 02:14:34","updated":"2026-03-03 05:23:40","seo_analyzer_scan_date":null,"focus_keyword":null,"additional_keywords":null,"truseo_locale":null},"aioseo_breadcrumb":"<div class=\"aioseo-breadcrumbs\"><span class=\"aioseo-breadcrumb\">\n\t\t\t<a href=\"https:\/\/contadoreshoy.com\" title=\"Home\">Home<\/a>\n\t\t<\/span><span class=\"aioseo-breadcrumb-separator\">&raquo;<\/span><span class=\"aioseo-breadcrumb\">\n\t\t\t<a href=\"https:\/\/contadoreshoy.com\/?cat=1\" title=\"Uncategorized\">Uncategorized<\/a>\n\t\t<\/span><span class=\"aioseo-breadcrumb-separator\">&raquo;<\/span><span class=\"aioseo-breadcrumb\">\n\t\t\tDecreto 520 abril 06 de 2020 \u2013 Nuevos plazos declaraciones de renta y complementarios\n\t\t<\/span><\/div>","aioseo_breadcrumb_json":[{"label":"Home","link":"https:\/\/contadoreshoy.com"},{"label":"Uncategorized","link":"https:\/\/contadoreshoy.com\/?cat=1"},{"label":"Decreto 520 abril 06 de 2020 &#8211; Nuevos plazos declaraciones de renta y complementarios","link":"https:\/\/contadoreshoy.com\/?p=12396"}],"yoast_head":"<!-- This site is optimized with the Yoast SEO plugin v28.4 - https:\/\/yoast.com\/product\/yoast-seo-wordpress\/ -->\n<title>Decreto 520 abril 06 de 2020 - Nuevos plazos declaraciones de renta y complementarios - Contadores P\u00fablicos<\/title>\n<meta name=\"robots\" content=\"index, follow, max-snippet:-1, max-image-preview:large, max-video-preview:-1\" \/>\n<link rel=\"canonical\" href=\"https:\/\/contadoreshoy.com\/?p=12396\" \/>\n<meta property=\"og:locale\" content=\"es_ES\" \/>\n<meta property=\"og:type\" content=\"article\" \/>\n<meta property=\"og:title\" content=\"Decreto 520 abril 06 de 2020 - Nuevos plazos declaraciones de renta y complementarios - Contadores P\u00fablicos\" \/>\n<meta property=\"og:description\" content=\"MINISTERIO DE HACIENDA Y CR\u00c9DITO P\u00daBLICO DECRETO 520 DE ABRIL 06 DE 2020 Por el cual se modifican y adicionan art\u00edculos de la Secci\u00f3n 2 del cap\u00edtulo 13 t\u00edtulo 1&#046;&#046;&#046;\" \/>\n<meta property=\"og:url\" content=\"https:\/\/contadoreshoy.com\/?p=12396\" \/>\n<meta property=\"og:site_name\" content=\"Contadores P\u00fablicos\" \/>\n<meta property=\"article:publisher\" content=\"https:\/\/www.facebook.com\/CCCPBucaramanga\/\" \/>\n<meta property=\"article:published_time\" content=\"2020-04-07T05:26:56+00:00\" \/>\n<meta property=\"og:image\" content=\"https:\/\/contadoreshoy.com\/wp-content\/uploads\/2015\/10\/calendario-2.jpg\" \/>\n\t<meta property=\"og:image:width\" content=\"600\" \/>\n\t<meta property=\"og:image:height\" content=\"400\" \/>\n\t<meta property=\"og:image:type\" content=\"image\/jpeg\" \/>\n<meta name=\"author\" content=\"Miguel Antonio M\u00e1rquez Monta\u00f1ez\" \/>\n<meta name=\"twitter:card\" content=\"summary_large_image\" \/>\n<meta name=\"twitter:label1\" content=\"Escrito por\" \/>\n\t<meta name=\"twitter:data1\" content=\"Miguel Antonio M\u00e1rquez Monta\u00f1ez\" \/>\n\t<meta name=\"twitter:label2\" content=\"Tiempo de lectura\" \/>\n\t<meta name=\"twitter:data2\" content=\"8 minutos\" \/>\n<script type=\"application\/ld+json\" class=\"yoast-schema-graph\">{\"@context\":\"https:\\\/\\\/schema.org\",\"@graph\":[{\"@type\":\"Article\",\"@id\":\"https:\\\/\\\/contadoreshoy.com\\\/?p=12396#article\",\"isPartOf\":{\"@id\":\"https:\\\/\\\/contadoreshoy.com\\\/?p=12396\"},\"author\":{\"name\":\"Miguel Antonio M\u00e1rquez Monta\u00f1ez\",\"@id\":\"https:\\\/\\\/contadoreshoy.com\\\/#\\\/schema\\\/person\\\/96d8979cb865537c5dc9345e40089fc5\"},\"headline\":\"Decreto 520 abril 06 de 2020 &#8211; Nuevos plazos declaraciones de renta y complementarios\",\"datePublished\":\"2020-04-07T05:26:56+00:00\",\"mainEntityOfPage\":{\"@id\":\"https:\\\/\\\/contadoreshoy.com\\\/?p=12396\"},\"wordCount\":1604,\"commentCount\":0,\"publisher\":{\"@id\":\"https:\\\/\\\/contadoreshoy.com\\\/#organization\"},\"image\":{\"@id\":\"https:\\\/\\\/contadoreshoy.com\\\/?p=12396#primaryimage\"},\"thumbnailUrl\":\"https:\\\/\\\/contadoreshoy.com\\\/wp-content\\\/uploads\\\/2015\\\/10\\\/calendario-2.jpg\",\"articleSection\":{\"1\":\"Ultimas Noticias\",\"2\":\"Uncategorized\"},\"inLanguage\":\"es\",\"potentialAction\":[{\"@type\":\"CommentAction\",\"name\":\"Comment\",\"target\":[\"https:\\\/\\\/contadoreshoy.com\\\/?p=12396#respond\"]}]},{\"@type\":\"WebPage\",\"@id\":\"https:\\\/\\\/contadoreshoy.com\\\/?p=12396\",\"url\":\"https:\\\/\\\/contadoreshoy.com\\\/?p=12396\",\"name\":\"Decreto 520 abril 06 de 2020 - Nuevos plazos declaraciones de renta y complementarios - Contadores P\u00fablicos\",\"isPartOf\":{\"@id\":\"https:\\\/\\\/contadoreshoy.com\\\/#website\"},\"primaryImageOfPage\":{\"@id\":\"https:\\\/\\\/contadoreshoy.com\\\/?p=12396#primaryimage\"},\"image\":{\"@id\":\"https:\\\/\\\/contadoreshoy.com\\\/?p=12396#primaryimage\"},\"thumbnailUrl\":\"https:\\\/\\\/contadoreshoy.com\\\/wp-content\\\/uploads\\\/2015\\\/10\\\/calendario-2.jpg\",\"datePublished\":\"2020-04-07T05:26:56+00:00\",\"breadcrumb\":{\"@id\":\"https:\\\/\\\/contadoreshoy.com\\\/?p=12396#breadcrumb\"},\"inLanguage\":\"es\",\"potentialAction\":[{\"@type\":\"ReadAction\",\"target\":[\"https:\\\/\\\/contadoreshoy.com\\\/?p=12396\"]}]},{\"@type\":\"ImageObject\",\"inLanguage\":\"es\",\"@id\":\"https:\\\/\\\/contadoreshoy.com\\\/?p=12396#primaryimage\",\"url\":\"https:\\\/\\\/contadoreshoy.com\\\/wp-content\\\/uploads\\\/2015\\\/10\\\/calendario-2.jpg\",\"contentUrl\":\"https:\\\/\\\/contadoreshoy.com\\\/wp-content\\\/uploads\\\/2015\\\/10\\\/calendario-2.jpg\",\"width\":600,\"height\":400},{\"@type\":\"BreadcrumbList\",\"@id\":\"https:\\\/\\\/contadoreshoy.com\\\/?p=12396#breadcrumb\",\"itemListElement\":[{\"@type\":\"ListItem\",\"position\":1,\"name\":\"Portada\",\"item\":\"https:\\\/\\\/contadoreshoy.com\\\/\"},{\"@type\":\"ListItem\",\"position\":2,\"name\":\"Decreto 520 abril 06 de 2020 &#8211; Nuevos plazos declaraciones de renta y complementarios\"}]},{\"@type\":\"WebSite\",\"@id\":\"https:\\\/\\\/contadoreshoy.com\\\/#website\",\"url\":\"https:\\\/\\\/contadoreshoy.com\\\/\",\"name\":\"Contadorespublicossantander\",\"description\":\"Portal para Contadores P\u00fablicos y empresarios\",\"publisher\":{\"@id\":\"https:\\\/\\\/contadoreshoy.com\\\/#organization\"},\"potentialAction\":[{\"@type\":\"SearchAction\",\"target\":{\"@type\":\"EntryPoint\",\"urlTemplate\":\"https:\\\/\\\/contadoreshoy.com\\\/?s={search_term_string}\"},\"query-input\":{\"@type\":\"PropertyValueSpecification\",\"valueRequired\":true,\"valueName\":\"search_term_string\"}}],\"inLanguage\":\"es\"},{\"@type\":\"Organization\",\"@id\":\"https:\\\/\\\/contadoreshoy.com\\\/#organization\",\"name\":\"Contadores P\u00fablicos de Santander\",\"url\":\"https:\\\/\\\/contadoreshoy.com\\\/\",\"logo\":{\"@type\":\"ImageObject\",\"inLanguage\":\"es\",\"@id\":\"https:\\\/\\\/contadoreshoy.com\\\/#\\\/schema\\\/logo\\\/image\\\/\",\"url\":\"https:\\\/\\\/contadoreshoy.com\\\/wp-content\\\/uploads\\\/2024\\\/01\\\/cropped-cropped-Copia-de-M-1.jpg\",\"contentUrl\":\"https:\\\/\\\/contadoreshoy.com\\\/wp-content\\\/uploads\\\/2024\\\/01\\\/cropped-cropped-Copia-de-M-1.jpg\",\"width\":499,\"height\":500,\"caption\":\"Contadores P\u00fablicos de Santander\"},\"image\":{\"@id\":\"https:\\\/\\\/contadoreshoy.com\\\/#\\\/schema\\\/logo\\\/image\\\/\"},\"sameAs\":[\"https:\\\/\\\/www.facebook.com\\\/CCCPBucaramanga\\\/\"]},{\"@type\":\"Person\",\"@id\":\"https:\\\/\\\/contadoreshoy.com\\\/#\\\/schema\\\/person\\\/96d8979cb865537c5dc9345e40089fc5\",\"name\":\"Miguel Antonio M\u00e1rquez Monta\u00f1ez\",\"description\":\"Contador P\u00fablico egresado de la Universidad Aut\u00f3noma de Bucaramanga - Asesor contable tributario con m\u00e1s de 25 a\u00f1os de experiencia - Conferencista en temas contables y tributarios - T\u00e9cnico en Hardware y Dise\u00f1o Web - Creador y director Grupo de Estudio Colegio Colombiano de Contadores P\u00fablicos de Bucaramanga - Creador y Master Web p\u00e1gina www.contadoresp\u00fablicossantander.com - Expresidente Colegio Colombiano de Contadores P\u00fablicos Bucaramanga\",\"url\":\"https:\\\/\\\/contadoreshoy.com\\\/?author=1\"}]}<\/script>\n<!-- \/ Yoast SEO plugin. -->","yoast_head_json":{"title":"Decreto 520 abril 06 de 2020 - Nuevos plazos declaraciones de renta y complementarios - Contadores P\u00fablicos","robots":{"index":"index","follow":"follow","max-snippet":"max-snippet:-1","max-image-preview":"max-image-preview:large","max-video-preview":"max-video-preview:-1"},"canonical":"https:\/\/contadoreshoy.com\/?p=12396","og_locale":"es_ES","og_type":"article","og_title":"Decreto 520 abril 06 de 2020 - Nuevos plazos declaraciones de renta y complementarios - Contadores P\u00fablicos","og_description":"MINISTERIO DE HACIENDA Y CR\u00c9DITO P\u00daBLICO DECRETO 520 DE ABRIL 06 DE 2020 Por el cual se modifican y adicionan art\u00edculos de la Secci\u00f3n 2 del cap\u00edtulo 13 t\u00edtulo 1&#46;&#46;&#46;","og_url":"https:\/\/contadoreshoy.com\/?p=12396","og_site_name":"Contadores P\u00fablicos","article_publisher":"https:\/\/www.facebook.com\/CCCPBucaramanga\/","article_published_time":"2020-04-07T05:26:56+00:00","og_image":[{"width":600,"height":400,"url":"https:\/\/contadoreshoy.com\/wp-content\/uploads\/2015\/10\/calendario-2.jpg","type":"image\/jpeg"}],"author":"Miguel Antonio M\u00e1rquez Monta\u00f1ez","twitter_card":"summary_large_image","twitter_misc":{"Escrito por":"Miguel Antonio M\u00e1rquez Monta\u00f1ez","Tiempo de lectura":"8 minutos"},"schema":{"@context":"https:\/\/schema.org","@graph":[{"@type":"Article","@id":"https:\/\/contadoreshoy.com\/?p=12396#article","isPartOf":{"@id":"https:\/\/contadoreshoy.com\/?p=12396"},"author":{"name":"Miguel Antonio M\u00e1rquez Monta\u00f1ez","@id":"https:\/\/contadoreshoy.com\/#\/schema\/person\/96d8979cb865537c5dc9345e40089fc5"},"headline":"Decreto 520 abril 06 de 2020 &#8211; Nuevos plazos declaraciones de renta y complementarios","datePublished":"2020-04-07T05:26:56+00:00","mainEntityOfPage":{"@id":"https:\/\/contadoreshoy.com\/?p=12396"},"wordCount":1604,"commentCount":0,"publisher":{"@id":"https:\/\/contadoreshoy.com\/#organization"},"image":{"@id":"https:\/\/contadoreshoy.com\/?p=12396#primaryimage"},"thumbnailUrl":"https:\/\/contadoreshoy.com\/wp-content\/uploads\/2015\/10\/calendario-2.jpg","articleSection":{"1":"Ultimas Noticias","2":"Uncategorized"},"inLanguage":"es","potentialAction":[{"@type":"CommentAction","name":"Comment","target":["https:\/\/contadoreshoy.com\/?p=12396#respond"]}]},{"@type":"WebPage","@id":"https:\/\/contadoreshoy.com\/?p=12396","url":"https:\/\/contadoreshoy.com\/?p=12396","name":"Decreto 520 abril 06 de 2020 - Nuevos plazos declaraciones de renta y complementarios - Contadores P\u00fablicos","isPartOf":{"@id":"https:\/\/contadoreshoy.com\/#website"},"primaryImageOfPage":{"@id":"https:\/\/contadoreshoy.com\/?p=12396#primaryimage"},"image":{"@id":"https:\/\/contadoreshoy.com\/?p=12396#primaryimage"},"thumbnailUrl":"https:\/\/contadoreshoy.com\/wp-content\/uploads\/2015\/10\/calendario-2.jpg","datePublished":"2020-04-07T05:26:56+00:00","breadcrumb":{"@id":"https:\/\/contadoreshoy.com\/?p=12396#breadcrumb"},"inLanguage":"es","potentialAction":[{"@type":"ReadAction","target":["https:\/\/contadoreshoy.com\/?p=12396"]}]},{"@type":"ImageObject","inLanguage":"es","@id":"https:\/\/contadoreshoy.com\/?p=12396#primaryimage","url":"https:\/\/contadoreshoy.com\/wp-content\/uploads\/2015\/10\/calendario-2.jpg","contentUrl":"https:\/\/contadoreshoy.com\/wp-content\/uploads\/2015\/10\/calendario-2.jpg","width":600,"height":400},{"@type":"BreadcrumbList","@id":"https:\/\/contadoreshoy.com\/?p=12396#breadcrumb","itemListElement":[{"@type":"ListItem","position":1,"name":"Portada","item":"https:\/\/contadoreshoy.com\/"},{"@type":"ListItem","position":2,"name":"Decreto 520 abril 06 de 2020 &#8211; Nuevos plazos declaraciones de renta y complementarios"}]},{"@type":"WebSite","@id":"https:\/\/contadoreshoy.com\/#website","url":"https:\/\/contadoreshoy.com\/","name":"Contadorespublicossantander","description":"Portal para Contadores P\u00fablicos y empresarios","publisher":{"@id":"https:\/\/contadoreshoy.com\/#organization"},"potentialAction":[{"@type":"SearchAction","target":{"@type":"EntryPoint","urlTemplate":"https:\/\/contadoreshoy.com\/?s={search_term_string}"},"query-input":{"@type":"PropertyValueSpecification","valueRequired":true,"valueName":"search_term_string"}}],"inLanguage":"es"},{"@type":"Organization","@id":"https:\/\/contadoreshoy.com\/#organization","name":"Contadores P\u00fablicos de Santander","url":"https:\/\/contadoreshoy.com\/","logo":{"@type":"ImageObject","inLanguage":"es","@id":"https:\/\/contadoreshoy.com\/#\/schema\/logo\/image\/","url":"https:\/\/contadoreshoy.com\/wp-content\/uploads\/2024\/01\/cropped-cropped-Copia-de-M-1.jpg","contentUrl":"https:\/\/contadoreshoy.com\/wp-content\/uploads\/2024\/01\/cropped-cropped-Copia-de-M-1.jpg","width":499,"height":500,"caption":"Contadores P\u00fablicos de Santander"},"image":{"@id":"https:\/\/contadoreshoy.com\/#\/schema\/logo\/image\/"},"sameAs":["https:\/\/www.facebook.com\/CCCPBucaramanga\/"]},{"@type":"Person","@id":"https:\/\/contadoreshoy.com\/#\/schema\/person\/96d8979cb865537c5dc9345e40089fc5","name":"Miguel Antonio M\u00e1rquez Monta\u00f1ez","description":"Contador P\u00fablico egresado de la Universidad Aut\u00f3noma de Bucaramanga - Asesor contable tributario con m\u00e1s de 25 a\u00f1os de experiencia - Conferencista en temas contables y tributarios - T\u00e9cnico en Hardware y Dise\u00f1o Web - Creador y director Grupo de Estudio Colegio Colombiano de Contadores P\u00fablicos de Bucaramanga - Creador y Master Web p\u00e1gina www.contadoresp\u00fablicossantander.com - Expresidente Colegio Colombiano de Contadores P\u00fablicos Bucaramanga","url":"https:\/\/contadoreshoy.com\/?author=1"}]}},"_links":{"self":[{"href":"https:\/\/contadoreshoy.com\/index.php?rest_route=\/wp\/v2\/posts\/12396","targetHints":{"allow":["GET"]}}],"collection":[{"href":"https:\/\/contadoreshoy.com\/index.php?rest_route=\/wp\/v2\/posts"}],"about":[{"href":"https:\/\/contadoreshoy.com\/index.php?rest_route=\/wp\/v2\/types\/post"}],"author":[{"embeddable":true,"href":"https:\/\/contadoreshoy.com\/index.php?rest_route=\/wp\/v2\/users\/1"}],"replies":[{"embeddable":true,"href":"https:\/\/contadoreshoy.com\/index.php?rest_route=%2Fwp%2Fv2%2Fcomments&post=12396"}],"version-history":[{"count":5,"href":"https:\/\/contadoreshoy.com\/index.php?rest_route=\/wp\/v2\/posts\/12396\/revisions"}],"predecessor-version":[{"id":12401,"href":"https:\/\/contadoreshoy.com\/index.php?rest_route=\/wp\/v2\/posts\/12396\/revisions\/12401"}],"wp:featuredmedia":[{"embeddable":true,"href":"https:\/\/contadoreshoy.com\/index.php?rest_route=\/wp\/v2\/media\/6099"}],"wp:attachment":[{"href":"https:\/\/contadoreshoy.com\/index.php?rest_route=%2Fwp%2Fv2%2Fmedia&parent=12396"}],"wp:term":[{"taxonomy":"category","embeddable":true,"href":"https:\/\/contadoreshoy.com\/index.php?rest_route=%2Fwp%2Fv2%2Fcategories&post=12396"},{"taxonomy":"post_tag","embeddable":true,"href":"https:\/\/contadoreshoy.com\/index.php?rest_route=%2Fwp%2Fv2%2Ftags&post=12396"}],"curies":[{"name":"wp","href":"https:\/\/api.w.org\/{rel}","templated":true}]}}