{"id":12404,"date":"2020-04-13T18:11:54","date_gmt":"2020-04-13T23:11:54","guid":{"rendered":"https:\/\/contadoreshoy.com\/?p=12404"},"modified":"2020-04-14T15:41:14","modified_gmt":"2020-04-14T20:41:14","slug":"aplazamiento-declaraciones-reteica-febrero-marzo-2020-bucaramanga","status":"publish","type":"post","link":"https:\/\/contadoreshoy.com\/?p=12404","title":{"rendered":"Ampliaci\u00f3n plazos RETEICA febrero y marzo de 2020 Municipio de Bucaramanga"},"content":{"rendered":"<p><img loading=\"lazy\" decoding=\"async\" class=\"aligncenter wp-image-8360 size-full\" src=\"https:\/\/contadoreshoy.com\/wp-content\/uploads\/2017\/01\/Bucaramanga-foto.jpg\" alt=\"\" width=\"600\" height=\"400\" srcset=\"https:\/\/contadoreshoy.com\/wp-content\/uploads\/2017\/01\/Bucaramanga-foto.jpg 600w, https:\/\/contadoreshoy.com\/wp-content\/uploads\/2017\/01\/Bucaramanga-foto-595x397.jpg 595w\" sizes=\"auto, (max-width: 600px) 100vw, 600px\" \/><\/p>\n<p style=\"text-align: center;\"><a href=\"https:\/\/www.bucaramanga.gov.co\/tramites\/wp-content\/uploads\/2020\/04\/RESOLUCION-DE-VENCIMIENTOS-ABRIL-Y-MAYO..pdf\" target=\"_blank\" rel=\"noopener\"><strong>RESOLUCION No. 1135 DE 2020 <\/strong><\/a><\/p>\n<p style=\"text-align: center;\"><strong>(Abril 13 de 2020) <\/strong><\/p>\n<p style=\"text-align: center;\"><strong>POR EL CUAL SE MODIFICA PARCIALMENTE LA RESOLUCI\u00d3N NO. 3947 DE DICIEMBRE 2 DE 2019 Y 1078 DE MARZO 16 DE 2020, EN RELACI\u00d3N CON LAS FECHAS LIMITES DE PRESENTACI\u00d3N DE LAS DECLARACIONES TRIBUTARIAS MENSUAL DE RETENCI\u00d3N DE ICA PERIODOS FEBRERO Y MARZO DEL A\u00d1O 2020 <\/strong><\/p>\n<p style=\"text-align: center;\"><strong>LA SECRETARIA DE HACIENDA DEL MUNICIPIO DE BUCARAMANGA, <\/strong><\/p>\n<p style=\"text-align: center;\"><strong>En uso de sus facultades legales y en especial las conferidas en el Acuerdo Municipal 044 de diciembre 22 de 2008 <\/strong><\/p>\n<p>&nbsp;<\/p>\n<p style=\"text-align: justify;\"><strong>ARTICULO PRIMERO: Los agentes de retenci\u00f3n del impuesto de industria y comercio a que se refiere los art\u00edculos 76 y 293 conforme las disposiciones se\u00f1aladas en los art\u00edculos 291 y 292 del Acuerdo Municipal 044 de 2008, deber\u00e1n declarar y pagar las retenciones efectuadas correspondientes al mes de febrero, en el formulario prescrito por la Secretar\u00eda de Hacienda Municipal hasta el d\u00eda 30 de Abril de 2020 y las correspondientes al mes de marzo deber\u00e1n declarar y pagar hasta el d\u00eda 29 de mayo de 2020 independientemente del \u00faltimo digito del Nit. <\/strong><\/p>\n<p><strong>ARTICULO SEGUNDO: Los dem\u00e1s plazos que no se modifican en la presente resoluci\u00f3n continuaran vigentes lo mismo que las disposiciones contenidas en la resoluci\u00f3n 1134 de abril 8 de 2020. <\/strong><\/p>\n<p><strong>COMUNIQUESE Y CUMPLASE; <\/strong><\/p>\n<p><strong>La Secretaria de Hacienda<\/strong><\/p>\n<p style=\"text-align: justify;\">&nbsp;<\/p>\n<p style=\"text-align: justify;\"><strong>NAYARIN SAHARAY ROJAS TELLEZ<\/strong><\/p>\n<p style=\"text-align: justify;\"><strong> Secretaria de Hacienda<\/strong><\/p>\n<p><span style=\"font-size: 14pt;\"><a href=\"https:\/\/www.bucaramanga.gov.co\/tramites\/wp-content\/uploads\/2020\/04\/RESOLUCION-DE-VENCIMIENTOS-ABRIL-Y-MAYO..pdf\" target=\"_blank\" rel=\"noopener\"><strong>Para ver Resoluci\u00f3n 1135 de abril 13 de 2020, dar click aqu\u00ed:<\/strong><\/a><\/span><\/p>\n","protected":false},"excerpt":{"rendered":"<p>RESOLUCION No. 1135 DE 2020 (Abril 13 de 2020) POR EL CUAL SE MODIFICA PARCIALMENTE LA RESOLUCI\u00d3N NO. 3947 DE DICIEMBRE 2 DE 2019 Y 1078 DE MARZO 16 DE&#46;&#46;&#46;<\/p>\n","protected":false},"author":1,"featured_media":8360,"comment_status":"open","ping_status":"open","sticky":false,"template":"","format":"standard","meta":{"_monsterinsights_skip_tracking":false,"ngg_post_thumbnail":0,"footnotes":"","_links_to":"","_links_to_target":""},"categories":[454,1],"tags":[],"class_list":["post-12404","post","type-post","status-publish","format-standard","has-post-thumbnail","hentry","category-sin-categoria","category-uncategorized"],"aioseo_notices":[],"aioseo_head":"\n\t\t<!-- All in One SEO 5.0.1.1 - aioseo.com -->\n\t<meta name=\"description\" content=\"RESOLUCION No. 1135 DE 2020 (Abril 13 de 2020) POR EL CUAL SE MODIFICA PARCIALMENTE LA RESOLUCI\u00d3N NO. 3947 DE DICIEMBRE 2 DE 2019 Y 1078 DE MARZO 16 DE 2020, EN RELACI\u00d3N CON LAS FECHAS LIMITES DE PRESENTACI\u00d3N DE LAS DECLARACIONES TRIBUTARIAS MENSUAL DE RETENCI\u00d3N DE ICA PERIODOS FEBRERO Y MARZO DEL A\u00d1O 2020\" \/>\n\t<meta name=\"robots\" content=\"max-image-preview:large\" \/>\n\t<meta name=\"author\" content=\"Miguel Antonio M\u00e1rquez Monta\u00f1ez\"\/>\n\t<link rel=\"canonical\" href=\"https:\/\/contadoreshoy.com\/?p=12404\" \/>\n\t<meta name=\"generator\" content=\"All in One SEO (AIOSEO) 5.0.1.1\" \/>\n\t\t<meta property=\"og:locale\" content=\"es_ES\" \/>\n\t\t<meta property=\"og:site_name\" content=\"Contadores P\u00fablicos - Portal para Contadores P\u00fablicos y empresarios\" \/>\n\t\t<meta property=\"og:type\" content=\"article\" \/>\n\t\t<meta property=\"og:title\" content=\"Ampliaci\u00f3n plazos RETEICA febrero y marzo de 2020 Municipio de Bucaramanga - Contadores P\u00fablicos\" \/>\n\t\t<meta property=\"og:description\" content=\"RESOLUCION No. 1135 DE 2020 (Abril 13 de 2020) POR EL CUAL SE MODIFICA PARCIALMENTE LA RESOLUCI\u00d3N NO. 3947 DE DICIEMBRE 2 DE 2019 Y 1078 DE MARZO 16 DE 2020, EN RELACI\u00d3N CON LAS FECHAS LIMITES DE PRESENTACI\u00d3N DE LAS DECLARACIONES TRIBUTARIAS MENSUAL DE RETENCI\u00d3N DE ICA PERIODOS FEBRERO Y MARZO DEL A\u00d1O 2020\" \/>\n\t\t<meta property=\"og:url\" content=\"https:\/\/contadoreshoy.com\/?p=12404\" \/>\n\t\t<meta property=\"og:image\" content=\"https:\/\/contadoreshoy.com\/wp-content\/uploads\/2024\/01\/cropped-cropped-cropped-Copia-de-M.jpg\" \/>\n\t\t<meta property=\"og:image:secure_url\" content=\"https:\/\/contadoreshoy.com\/wp-content\/uploads\/2024\/01\/cropped-cropped-cropped-Copia-de-M.jpg\" \/>\n\t\t<meta property=\"og:image:width\" content=\"512\" \/>\n\t\t<meta property=\"og:image:height\" content=\"371\" \/>\n\t\t<meta property=\"article:published_time\" content=\"2020-04-13T23:11:54+00:00\" \/>\n\t\t<meta property=\"article:modified_time\" content=\"2020-04-14T20:41:14+00:00\" \/>\n\t\t<meta name=\"twitter:card\" content=\"summary_large_image\" \/>\n\t\t<meta name=\"twitter:title\" content=\"Ampliaci\u00f3n plazos RETEICA febrero y marzo de 2020 Municipio de Bucaramanga - Contadores P\u00fablicos\" \/>\n\t\t<meta name=\"twitter:description\" content=\"RESOLUCION No. 1135 DE 2020 (Abril 13 de 2020) POR EL CUAL SE MODIFICA PARCIALMENTE LA RESOLUCI\u00d3N NO. 3947 DE DICIEMBRE 2 DE 2019 Y 1078 DE MARZO 16 DE 2020, EN RELACI\u00d3N CON LAS FECHAS LIMITES DE PRESENTACI\u00d3N DE LAS DECLARACIONES TRIBUTARIAS MENSUAL DE RETENCI\u00d3N DE ICA PERIODOS FEBRERO Y MARZO DEL A\u00d1O 2020\" \/>\n\t\t<meta name=\"twitter:image\" content=\"https:\/\/contadoreshoy.com\/wp-content\/uploads\/2024\/01\/cropped-cropped-cropped-Copia-de-M.jpg\" \/>\n\t\t<script type=\"application\/ld+json\" class=\"aioseo-schema\">\n\t\t\t{\"@context\":\"https:\\\/\\\/schema.org\",\"@graph\":[{\"@type\":\"BlogPosting\",\"@id\":\"https:\\\/\\\/contadoreshoy.com\\\/?p=12404#blogposting\",\"name\":\"Ampliaci\\u00f3n plazos RETEICA febrero y marzo de 2020 Municipio de Bucaramanga - Contadores P\\u00fablicos\",\"headline\":\"Ampliaci\\u00f3n plazos RETEICA febrero y marzo de 2020 Municipio de Bucaramanga\",\"author\":{\"@id\":\"https:\\\/\\\/contadoreshoy.com\\\/?author=1#author\"},\"publisher\":{\"@id\":\"https:\\\/\\\/contadoreshoy.com\\\/#organization\"},\"image\":{\"@type\":\"ImageObject\",\"url\":\"https:\\\/\\\/contadoreshoy.com\\\/wp-content\\\/uploads\\\/2017\\\/01\\\/Bucaramanga-foto.jpg\",\"width\":600,\"height\":400},\"datePublished\":\"2020-04-13T18:11:54-05:00\",\"dateModified\":\"2020-04-14T15:41:14-05:00\",\"inLanguage\":\"es-ES\",\"mainEntityOfPage\":{\"@id\":\"https:\\\/\\\/contadoreshoy.com\\\/?p=12404#webpage\"},\"isPartOf\":{\"@id\":\"https:\\\/\\\/contadoreshoy.com\\\/?p=12404#webpage\"},\"articleSection\":\"Sin categor\\u00eda, Uncategorized\"},{\"@type\":\"BreadcrumbList\",\"@id\":\"https:\\\/\\\/contadoreshoy.com\\\/?p=12404#breadcrumblist\",\"itemListElement\":[{\"@type\":\"ListItem\",\"@id\":\"https:\\\/\\\/contadoreshoy.com#listItem\",\"position\":1,\"name\":\"Home\",\"item\":\"https:\\\/\\\/contadoreshoy.com\",\"nextItem\":{\"@type\":\"ListItem\",\"@id\":\"https:\\\/\\\/contadoreshoy.com\\\/?cat=1#listItem\",\"name\":\"Uncategorized\"}},{\"@type\":\"ListItem\",\"@id\":\"https:\\\/\\\/contadoreshoy.com\\\/?cat=1#listItem\",\"position\":2,\"name\":\"Uncategorized\",\"item\":\"https:\\\/\\\/contadoreshoy.com\\\/?cat=1\",\"nextItem\":{\"@type\":\"ListItem\",\"@id\":\"https:\\\/\\\/contadoreshoy.com\\\/?p=12404#listItem\",\"name\":\"Ampliaci\\u00f3n plazos RETEICA febrero y marzo de 2020 Municipio de Bucaramanga\"},\"previousItem\":{\"@type\":\"ListItem\",\"@id\":\"https:\\\/\\\/contadoreshoy.com#listItem\",\"name\":\"Home\"}},{\"@type\":\"ListItem\",\"@id\":\"https:\\\/\\\/contadoreshoy.com\\\/?p=12404#listItem\",\"position\":3,\"name\":\"Ampliaci\\u00f3n plazos RETEICA febrero y marzo de 2020 Municipio de Bucaramanga\",\"previousItem\":{\"@type\":\"ListItem\",\"@id\":\"https:\\\/\\\/contadoreshoy.com\\\/?cat=1#listItem\",\"name\":\"Uncategorized\"}}]},{\"@type\":\"Organization\",\"@id\":\"https:\\\/\\\/contadoreshoy.com\\\/#organization\",\"name\":\"Contadores P\\u00fablicos\",\"description\":\"Portal para Contadores P\\u00fablicos y empresarios\",\"url\":\"https:\\\/\\\/contadoreshoy.com\\\/\",\"logo\":{\"@type\":\"ImageObject\",\"url\":\"https:\\\/\\\/contadoreshoy.com\\\/wp-content\\\/uploads\\\/2024\\\/01\\\/cropped-cropped-Copia-de-M-1.jpg\",\"@id\":\"https:\\\/\\\/contadoreshoy.com\\\/?p=12404\\\/#organizationLogo\",\"width\":499,\"height\":500},\"image\":{\"@id\":\"https:\\\/\\\/contadoreshoy.com\\\/?p=12404\\\/#organizationLogo\"}},{\"@type\":\"Person\",\"@id\":\"https:\\\/\\\/contadoreshoy.com\\\/?author=1#author\",\"url\":\"https:\\\/\\\/contadoreshoy.com\\\/?author=1\",\"name\":\"Miguel Antonio M\\u00e1rquez Monta\\u00f1ez\"},{\"@type\":\"WebPage\",\"@id\":\"https:\\\/\\\/contadoreshoy.com\\\/?p=12404#webpage\",\"url\":\"https:\\\/\\\/contadoreshoy.com\\\/?p=12404\",\"name\":\"Ampliaci\\u00f3n plazos RETEICA febrero y marzo de 2020 Municipio de Bucaramanga - Contadores P\\u00fablicos\",\"description\":\"RESOLUCION No. 1135 DE 2020 (Abril 13 de 2020) POR EL CUAL SE MODIFICA PARCIALMENTE LA RESOLUCI\\u00d3N NO. 3947 DE DICIEMBRE 2 DE 2019 Y 1078 DE MARZO 16 DE 2020, EN RELACI\\u00d3N CON LAS FECHAS LIMITES DE PRESENTACI\\u00d3N DE LAS DECLARACIONES TRIBUTARIAS MENSUAL DE RETENCI\\u00d3N DE ICA PERIODOS FEBRERO Y MARZO DEL A\\u00d1O 2020\",\"inLanguage\":\"es-ES\",\"isPartOf\":{\"@id\":\"https:\\\/\\\/contadoreshoy.com\\\/#website\"},\"breadcrumb\":{\"@id\":\"https:\\\/\\\/contadoreshoy.com\\\/?p=12404#breadcrumblist\"},\"author\":{\"@id\":\"https:\\\/\\\/contadoreshoy.com\\\/?author=1#author\"},\"creator\":{\"@id\":\"https:\\\/\\\/contadoreshoy.com\\\/?author=1#author\"},\"image\":{\"@type\":\"ImageObject\",\"url\":\"https:\\\/\\\/contadoreshoy.com\\\/wp-content\\\/uploads\\\/2017\\\/01\\\/Bucaramanga-foto.jpg\",\"@id\":\"https:\\\/\\\/contadoreshoy.com\\\/?p=12404\\\/#mainImage\",\"width\":600,\"height\":400},\"primaryImageOfPage\":{\"@id\":\"https:\\\/\\\/contadoreshoy.com\\\/?p=12404#mainImage\"},\"datePublished\":\"2020-04-13T18:11:54-05:00\",\"dateModified\":\"2020-04-14T15:41:14-05:00\"},{\"@type\":\"WebSite\",\"@id\":\"https:\\\/\\\/contadoreshoy.com\\\/#website\",\"url\":\"https:\\\/\\\/contadoreshoy.com\\\/\",\"name\":\"Contadores P\\u00fablicos\",\"description\":\"Portal para Contadores P\\u00fablicos y empresarios\",\"inLanguage\":\"es-ES\",\"publisher\":{\"@id\":\"https:\\\/\\\/contadoreshoy.com\\\/#organization\"}}]}\n\t\t<\/script>\n\t\t<!-- All in One SEO -->\n\n","aioseo_head_json":{"title":"Ampliaci\u00f3n plazos RETEICA febrero y marzo de 2020 Municipio de Bucaramanga - Contadores P\u00fablicos","description":"RESOLUCION No. 1135 DE 2020 (Abril 13 de 2020) POR EL CUAL SE MODIFICA PARCIALMENTE LA RESOLUCI\u00d3N NO. 3947 DE DICIEMBRE 2 DE 2019 Y 1078 DE MARZO 16 DE 2020, EN RELACI\u00d3N CON LAS FECHAS LIMITES DE PRESENTACI\u00d3N DE LAS DECLARACIONES TRIBUTARIAS MENSUAL DE RETENCI\u00d3N DE ICA PERIODOS FEBRERO Y MARZO DEL A\u00d1O 2020","canonical_url":"https:\/\/contadoreshoy.com\/?p=12404","robots":"max-image-preview:large","keywords":"","webmasterTools":{"miscellaneous":""},"schema":{"@context":"https:\/\/schema.org","@graph":[{"@type":"BlogPosting","@id":"https:\/\/contadoreshoy.com\/?p=12404#blogposting","name":"Ampliaci\u00f3n plazos RETEICA febrero y marzo de 2020 Municipio de Bucaramanga - Contadores P\u00fablicos","headline":"Ampliaci\u00f3n plazos RETEICA febrero y marzo de 2020 Municipio de Bucaramanga","author":{"@id":"https:\/\/contadoreshoy.com\/?author=1#author"},"publisher":{"@id":"https:\/\/contadoreshoy.com\/#organization"},"image":{"@type":"ImageObject","url":"https:\/\/contadoreshoy.com\/wp-content\/uploads\/2017\/01\/Bucaramanga-foto.jpg","width":600,"height":400},"datePublished":"2020-04-13T18:11:54-05:00","dateModified":"2020-04-14T15:41:14-05:00","inLanguage":"es-ES","mainEntityOfPage":{"@id":"https:\/\/contadoreshoy.com\/?p=12404#webpage"},"isPartOf":{"@id":"https:\/\/contadoreshoy.com\/?p=12404#webpage"},"articleSection":"Sin categor\u00eda, Uncategorized"},{"@type":"BreadcrumbList","@id":"https:\/\/contadoreshoy.com\/?p=12404#breadcrumblist","itemListElement":[{"@type":"ListItem","@id":"https:\/\/contadoreshoy.com#listItem","position":1,"name":"Home","item":"https:\/\/contadoreshoy.com","nextItem":{"@type":"ListItem","@id":"https:\/\/contadoreshoy.com\/?cat=1#listItem","name":"Uncategorized"}},{"@type":"ListItem","@id":"https:\/\/contadoreshoy.com\/?cat=1#listItem","position":2,"name":"Uncategorized","item":"https:\/\/contadoreshoy.com\/?cat=1","nextItem":{"@type":"ListItem","@id":"https:\/\/contadoreshoy.com\/?p=12404#listItem","name":"Ampliaci\u00f3n plazos RETEICA febrero y marzo de 2020 Municipio de Bucaramanga"},"previousItem":{"@type":"ListItem","@id":"https:\/\/contadoreshoy.com#listItem","name":"Home"}},{"@type":"ListItem","@id":"https:\/\/contadoreshoy.com\/?p=12404#listItem","position":3,"name":"Ampliaci\u00f3n plazos RETEICA febrero y marzo de 2020 Municipio de Bucaramanga","previousItem":{"@type":"ListItem","@id":"https:\/\/contadoreshoy.com\/?cat=1#listItem","name":"Uncategorized"}}]},{"@type":"Organization","@id":"https:\/\/contadoreshoy.com\/#organization","name":"Contadores P\u00fablicos","description":"Portal para Contadores P\u00fablicos y empresarios","url":"https:\/\/contadoreshoy.com\/","logo":{"@type":"ImageObject","url":"https:\/\/contadoreshoy.com\/wp-content\/uploads\/2024\/01\/cropped-cropped-Copia-de-M-1.jpg","@id":"https:\/\/contadoreshoy.com\/?p=12404\/#organizationLogo","width":499,"height":500},"image":{"@id":"https:\/\/contadoreshoy.com\/?p=12404\/#organizationLogo"}},{"@type":"Person","@id":"https:\/\/contadoreshoy.com\/?author=1#author","url":"https:\/\/contadoreshoy.com\/?author=1","name":"Miguel Antonio M\u00e1rquez Monta\u00f1ez"},{"@type":"WebPage","@id":"https:\/\/contadoreshoy.com\/?p=12404#webpage","url":"https:\/\/contadoreshoy.com\/?p=12404","name":"Ampliaci\u00f3n plazos RETEICA febrero y marzo de 2020 Municipio de Bucaramanga - Contadores P\u00fablicos","description":"RESOLUCION No. 1135 DE 2020 (Abril 13 de 2020) POR EL CUAL SE MODIFICA PARCIALMENTE LA RESOLUCI\u00d3N NO. 3947 DE DICIEMBRE 2 DE 2019 Y 1078 DE MARZO 16 DE 2020, EN RELACI\u00d3N CON LAS FECHAS LIMITES DE PRESENTACI\u00d3N DE LAS DECLARACIONES TRIBUTARIAS MENSUAL DE RETENCI\u00d3N DE ICA PERIODOS FEBRERO Y MARZO DEL A\u00d1O 2020","inLanguage":"es-ES","isPartOf":{"@id":"https:\/\/contadoreshoy.com\/#website"},"breadcrumb":{"@id":"https:\/\/contadoreshoy.com\/?p=12404#breadcrumblist"},"author":{"@id":"https:\/\/contadoreshoy.com\/?author=1#author"},"creator":{"@id":"https:\/\/contadoreshoy.com\/?author=1#author"},"image":{"@type":"ImageObject","url":"https:\/\/contadoreshoy.com\/wp-content\/uploads\/2017\/01\/Bucaramanga-foto.jpg","@id":"https:\/\/contadoreshoy.com\/?p=12404\/#mainImage","width":600,"height":400},"primaryImageOfPage":{"@id":"https:\/\/contadoreshoy.com\/?p=12404#mainImage"},"datePublished":"2020-04-13T18:11:54-05:00","dateModified":"2020-04-14T15:41:14-05:00"},{"@type":"WebSite","@id":"https:\/\/contadoreshoy.com\/#website","url":"https:\/\/contadoreshoy.com\/","name":"Contadores P\u00fablicos","description":"Portal para Contadores P\u00fablicos y empresarios","inLanguage":"es-ES","publisher":{"@id":"https:\/\/contadoreshoy.com\/#organization"}}]},"og:locale":"es_ES","og:site_name":"Contadores P\u00fablicos - Portal para Contadores P\u00fablicos y empresarios","og:type":"article","og:title":"Ampliaci\u00f3n plazos RETEICA febrero y marzo de 2020 Municipio de Bucaramanga - Contadores P\u00fablicos","og:description":"RESOLUCION No. 1135 DE 2020 (Abril 13 de 2020) POR EL CUAL SE MODIFICA PARCIALMENTE LA RESOLUCI\u00d3N NO. 3947 DE DICIEMBRE 2 DE 2019 Y 1078 DE MARZO 16 DE 2020, EN RELACI\u00d3N CON LAS FECHAS LIMITES DE PRESENTACI\u00d3N DE LAS DECLARACIONES TRIBUTARIAS MENSUAL DE RETENCI\u00d3N DE ICA PERIODOS FEBRERO Y MARZO DEL A\u00d1O 2020","og:url":"https:\/\/contadoreshoy.com\/?p=12404","og:image":"https:\/\/contadoreshoy.com\/wp-content\/uploads\/2024\/01\/cropped-cropped-cropped-Copia-de-M.jpg","og:image:secure_url":"https:\/\/contadoreshoy.com\/wp-content\/uploads\/2024\/01\/cropped-cropped-cropped-Copia-de-M.jpg","og:image:width":512,"og:image:height":371,"article:published_time":"2020-04-13T23:11:54+00:00","article:modified_time":"2020-04-14T20:41:14+00:00","twitter:card":"summary_large_image","twitter:title":"Ampliaci\u00f3n plazos RETEICA febrero y marzo de 2020 Municipio de Bucaramanga - Contadores P\u00fablicos","twitter:description":"RESOLUCION No. 1135 DE 2020 (Abril 13 de 2020) POR EL CUAL SE MODIFICA PARCIALMENTE LA RESOLUCI\u00d3N NO. 3947 DE DICIEMBRE 2 DE 2019 Y 1078 DE MARZO 16 DE 2020, EN RELACI\u00d3N CON LAS FECHAS LIMITES DE PRESENTACI\u00d3N DE LAS DECLARACIONES TRIBUTARIAS MENSUAL DE RETENCI\u00d3N DE ICA PERIODOS FEBRERO Y MARZO DEL A\u00d1O 2020","twitter:image":"https:\/\/contadoreshoy.com\/wp-content\/uploads\/2024\/01\/cropped-cropped-cropped-Copia-de-M.jpg"},"aioseo_meta_data":{"post_id":"12404","title":null,"description":null,"keywords":null,"keyphrases":null,"primary_term":null,"canonical_url":null,"og_title":null,"og_description":null,"og_object_type":"default","og_image_type":"default","og_image_url":null,"og_image_width":null,"og_image_height":null,"og_image_custom_url":null,"og_image_custom_fields":null,"og_video":null,"og_custom_url":null,"og_article_section":null,"og_article_tags":null,"twitter_use_og":false,"twitter_card":"default","twitter_image_type":"default","twitter_image_url":null,"twitter_image_custom_url":null,"twitter_image_custom_fields":null,"twitter_title":null,"twitter_description":null,"schema":{"blockGraphs":[],"customGraphs":[],"default":{"data":{"Article":[],"Course":[],"Dataset":[],"FAQPage":[],"Movie":[],"Person":[],"Product":[],"ProductReview":[],"Car":[],"Recipe":[],"Service":[],"SoftwareApplication":[],"WebPage":[]},"graphName":"","isEnabled":true},"graphs":[]},"schema_type":"default","schema_type_options":null,"pillar_content":false,"robots_default":true,"robots_noindex":false,"robots_noarchive":false,"robots_nosnippet":false,"robots_nofollow":false,"robots_noimageindex":false,"robots_noodp":false,"robots_notranslate":false,"robots_max_snippet":null,"robots_max_videopreview":null,"robots_max_imagepreview":"large","priority":null,"frequency":null,"local_seo":null,"breadcrumb_settings":null,"limit_modified_date":false,"ai":null,"created":"2024-03-05 02:14:34","updated":"2026-03-03 05:23:40","seo_analyzer_scan_date":null,"focus_keyword":null,"additional_keywords":null,"truseo_locale":null},"aioseo_breadcrumb":"<div class=\"aioseo-breadcrumbs\"><span class=\"aioseo-breadcrumb\">\n\t\t\t<a href=\"https:\/\/contadoreshoy.com\" title=\"Home\">Home<\/a>\n\t\t<\/span><span class=\"aioseo-breadcrumb-separator\">&raquo;<\/span><span class=\"aioseo-breadcrumb\">\n\t\t\t<a href=\"https:\/\/contadoreshoy.com\/?cat=1\" title=\"Uncategorized\">Uncategorized<\/a>\n\t\t<\/span><span class=\"aioseo-breadcrumb-separator\">&raquo;<\/span><span class=\"aioseo-breadcrumb\">\n\t\t\tAmpliaci\u00f3n plazos RETEICA febrero y marzo de 2020 Municipio de Bucaramanga\n\t\t<\/span><\/div>","aioseo_breadcrumb_json":[{"label":"Home","link":"https:\/\/contadoreshoy.com"},{"label":"Uncategorized","link":"https:\/\/contadoreshoy.com\/?cat=1"},{"label":"Ampliaci\u00f3n plazos RETEICA febrero y marzo de 2020 Municipio de Bucaramanga","link":"https:\/\/contadoreshoy.com\/?p=12404"}],"yoast_head":"<!-- This site is optimized with the Yoast SEO plugin v28.4 - https:\/\/yoast.com\/product\/yoast-seo-wordpress\/ -->\n<title>Ampliaci\u00f3n plazos RETEICA febrero y marzo de 2020 Municipio de Bucaramanga - Contadores P\u00fablicos<\/title>\n<meta name=\"robots\" content=\"index, follow, max-snippet:-1, max-image-preview:large, max-video-preview:-1\" \/>\n<link rel=\"canonical\" href=\"https:\/\/contadoreshoy.com\/?p=12404\" \/>\n<meta property=\"og:locale\" content=\"es_ES\" \/>\n<meta property=\"og:type\" content=\"article\" \/>\n<meta property=\"og:title\" content=\"Ampliaci\u00f3n plazos RETEICA febrero y marzo de 2020 Municipio de Bucaramanga - Contadores P\u00fablicos\" \/>\n<meta property=\"og:description\" content=\"RESOLUCION No. 1135 DE 2020 (Abril 13 de 2020) POR EL CUAL SE MODIFICA PARCIALMENTE LA RESOLUCI\u00d3N NO. 3947 DE DICIEMBRE 2 DE 2019 Y 1078 DE MARZO 16 DE&#046;&#046;&#046;\" \/>\n<meta property=\"og:url\" content=\"https:\/\/contadoreshoy.com\/?p=12404\" \/>\n<meta property=\"og:site_name\" content=\"Contadores P\u00fablicos\" \/>\n<meta property=\"article:publisher\" content=\"https:\/\/www.facebook.com\/CCCPBucaramanga\/\" \/>\n<meta property=\"article:published_time\" content=\"2020-04-13T23:11:54+00:00\" \/>\n<meta property=\"article:modified_time\" content=\"2020-04-14T20:41:14+00:00\" \/>\n<meta property=\"og:image\" content=\"https:\/\/contadoreshoy.com\/wp-content\/uploads\/2017\/01\/Bucaramanga-foto.jpg\" \/>\n\t<meta property=\"og:image:width\" content=\"600\" \/>\n\t<meta property=\"og:image:height\" content=\"400\" \/>\n\t<meta property=\"og:image:type\" content=\"image\/jpeg\" \/>\n<meta name=\"author\" content=\"Miguel Antonio M\u00e1rquez Monta\u00f1ez\" \/>\n<meta name=\"twitter:card\" content=\"summary_large_image\" \/>\n<meta name=\"twitter:label1\" content=\"Escrito por\" \/>\n\t<meta name=\"twitter:data1\" content=\"Miguel Antonio M\u00e1rquez Monta\u00f1ez\" \/>\n\t<meta name=\"twitter:label2\" content=\"Tiempo de lectura\" \/>\n\t<meta name=\"twitter:data2\" content=\"1 minuto\" \/>\n<script type=\"application\/ld+json\" class=\"yoast-schema-graph\">{\"@context\":\"https:\\\/\\\/schema.org\",\"@graph\":[{\"@type\":\"Article\",\"@id\":\"https:\\\/\\\/contadoreshoy.com\\\/?p=12404#article\",\"isPartOf\":{\"@id\":\"https:\\\/\\\/contadoreshoy.com\\\/?p=12404\"},\"author\":{\"name\":\"Miguel Antonio M\u00e1rquez Monta\u00f1ez\",\"@id\":\"https:\\\/\\\/contadoreshoy.com\\\/#\\\/schema\\\/person\\\/96d8979cb865537c5dc9345e40089fc5\"},\"headline\":\"Ampliaci\u00f3n plazos RETEICA febrero y marzo de 2020 Municipio de Bucaramanga\",\"datePublished\":\"2020-04-13T23:11:54+00:00\",\"dateModified\":\"2020-04-14T20:41:14+00:00\",\"mainEntityOfPage\":{\"@id\":\"https:\\\/\\\/contadoreshoy.com\\\/?p=12404\"},\"wordCount\":233,\"commentCount\":0,\"publisher\":{\"@id\":\"https:\\\/\\\/contadoreshoy.com\\\/#organization\"},\"image\":{\"@id\":\"https:\\\/\\\/contadoreshoy.com\\\/?p=12404#primaryimage\"},\"thumbnailUrl\":\"https:\\\/\\\/contadoreshoy.com\\\/wp-content\\\/uploads\\\/2017\\\/01\\\/Bucaramanga-foto.jpg\",\"articleSection\":{\"1\":\"Uncategorized\"},\"inLanguage\":\"es\",\"potentialAction\":[{\"@type\":\"CommentAction\",\"name\":\"Comment\",\"target\":[\"https:\\\/\\\/contadoreshoy.com\\\/?p=12404#respond\"]}]},{\"@type\":\"WebPage\",\"@id\":\"https:\\\/\\\/contadoreshoy.com\\\/?p=12404\",\"url\":\"https:\\\/\\\/contadoreshoy.com\\\/?p=12404\",\"name\":\"Ampliaci\u00f3n plazos RETEICA febrero y marzo de 2020 Municipio de Bucaramanga - Contadores P\u00fablicos\",\"isPartOf\":{\"@id\":\"https:\\\/\\\/contadoreshoy.com\\\/#website\"},\"primaryImageOfPage\":{\"@id\":\"https:\\\/\\\/contadoreshoy.com\\\/?p=12404#primaryimage\"},\"image\":{\"@id\":\"https:\\\/\\\/contadoreshoy.com\\\/?p=12404#primaryimage\"},\"thumbnailUrl\":\"https:\\\/\\\/contadoreshoy.com\\\/wp-content\\\/uploads\\\/2017\\\/01\\\/Bucaramanga-foto.jpg\",\"datePublished\":\"2020-04-13T23:11:54+00:00\",\"dateModified\":\"2020-04-14T20:41:14+00:00\",\"breadcrumb\":{\"@id\":\"https:\\\/\\\/contadoreshoy.com\\\/?p=12404#breadcrumb\"},\"inLanguage\":\"es\",\"potentialAction\":[{\"@type\":\"ReadAction\",\"target\":[\"https:\\\/\\\/contadoreshoy.com\\\/?p=12404\"]}]},{\"@type\":\"ImageObject\",\"inLanguage\":\"es\",\"@id\":\"https:\\\/\\\/contadoreshoy.com\\\/?p=12404#primaryimage\",\"url\":\"https:\\\/\\\/contadoreshoy.com\\\/wp-content\\\/uploads\\\/2017\\\/01\\\/Bucaramanga-foto.jpg\",\"contentUrl\":\"https:\\\/\\\/contadoreshoy.com\\\/wp-content\\\/uploads\\\/2017\\\/01\\\/Bucaramanga-foto.jpg\",\"width\":600,\"height\":400},{\"@type\":\"BreadcrumbList\",\"@id\":\"https:\\\/\\\/contadoreshoy.com\\\/?p=12404#breadcrumb\",\"itemListElement\":[{\"@type\":\"ListItem\",\"position\":1,\"name\":\"Portada\",\"item\":\"https:\\\/\\\/contadoreshoy.com\\\/\"},{\"@type\":\"ListItem\",\"position\":2,\"name\":\"Ampliaci\u00f3n plazos RETEICA febrero y marzo de 2020 Municipio de Bucaramanga\"}]},{\"@type\":\"WebSite\",\"@id\":\"https:\\\/\\\/contadoreshoy.com\\\/#website\",\"url\":\"https:\\\/\\\/contadoreshoy.com\\\/\",\"name\":\"Contadorespublicossantander\",\"description\":\"Portal para Contadores P\u00fablicos y empresarios\",\"publisher\":{\"@id\":\"https:\\\/\\\/contadoreshoy.com\\\/#organization\"},\"potentialAction\":[{\"@type\":\"SearchAction\",\"target\":{\"@type\":\"EntryPoint\",\"urlTemplate\":\"https:\\\/\\\/contadoreshoy.com\\\/?s={search_term_string}\"},\"query-input\":{\"@type\":\"PropertyValueSpecification\",\"valueRequired\":true,\"valueName\":\"search_term_string\"}}],\"inLanguage\":\"es\"},{\"@type\":\"Organization\",\"@id\":\"https:\\\/\\\/contadoreshoy.com\\\/#organization\",\"name\":\"Contadores P\u00fablicos de Santander\",\"url\":\"https:\\\/\\\/contadoreshoy.com\\\/\",\"logo\":{\"@type\":\"ImageObject\",\"inLanguage\":\"es\",\"@id\":\"https:\\\/\\\/contadoreshoy.com\\\/#\\\/schema\\\/logo\\\/image\\\/\",\"url\":\"https:\\\/\\\/contadoreshoy.com\\\/wp-content\\\/uploads\\\/2024\\\/01\\\/cropped-cropped-Copia-de-M-1.jpg\",\"contentUrl\":\"https:\\\/\\\/contadoreshoy.com\\\/wp-content\\\/uploads\\\/2024\\\/01\\\/cropped-cropped-Copia-de-M-1.jpg\",\"width\":499,\"height\":500,\"caption\":\"Contadores P\u00fablicos de Santander\"},\"image\":{\"@id\":\"https:\\\/\\\/contadoreshoy.com\\\/#\\\/schema\\\/logo\\\/image\\\/\"},\"sameAs\":[\"https:\\\/\\\/www.facebook.com\\\/CCCPBucaramanga\\\/\"]},{\"@type\":\"Person\",\"@id\":\"https:\\\/\\\/contadoreshoy.com\\\/#\\\/schema\\\/person\\\/96d8979cb865537c5dc9345e40089fc5\",\"name\":\"Miguel Antonio M\u00e1rquez Monta\u00f1ez\",\"description\":\"Contador P\u00fablico egresado de la Universidad Aut\u00f3noma de Bucaramanga - Asesor contable tributario con m\u00e1s de 25 a\u00f1os de experiencia - Conferencista en temas contables y tributarios - T\u00e9cnico en Hardware y Dise\u00f1o Web - Creador y director Grupo de Estudio Colegio Colombiano de Contadores P\u00fablicos de Bucaramanga - Creador y Master Web p\u00e1gina www.contadoresp\u00fablicossantander.com - Expresidente Colegio Colombiano de Contadores P\u00fablicos Bucaramanga\",\"url\":\"https:\\\/\\\/contadoreshoy.com\\\/?author=1\"}]}<\/script>\n<!-- \/ Yoast SEO plugin. -->","yoast_head_json":{"title":"Ampliaci\u00f3n plazos RETEICA febrero y marzo de 2020 Municipio de Bucaramanga - Contadores P\u00fablicos","robots":{"index":"index","follow":"follow","max-snippet":"max-snippet:-1","max-image-preview":"max-image-preview:large","max-video-preview":"max-video-preview:-1"},"canonical":"https:\/\/contadoreshoy.com\/?p=12404","og_locale":"es_ES","og_type":"article","og_title":"Ampliaci\u00f3n plazos RETEICA febrero y marzo de 2020 Municipio de Bucaramanga - Contadores P\u00fablicos","og_description":"RESOLUCION No. 1135 DE 2020 (Abril 13 de 2020) POR EL CUAL SE MODIFICA PARCIALMENTE LA RESOLUCI\u00d3N NO. 3947 DE DICIEMBRE 2 DE 2019 Y 1078 DE MARZO 16 DE&#46;&#46;&#46;","og_url":"https:\/\/contadoreshoy.com\/?p=12404","og_site_name":"Contadores P\u00fablicos","article_publisher":"https:\/\/www.facebook.com\/CCCPBucaramanga\/","article_published_time":"2020-04-13T23:11:54+00:00","article_modified_time":"2020-04-14T20:41:14+00:00","og_image":[{"width":600,"height":400,"url":"https:\/\/contadoreshoy.com\/wp-content\/uploads\/2017\/01\/Bucaramanga-foto.jpg","type":"image\/jpeg"}],"author":"Miguel Antonio M\u00e1rquez Monta\u00f1ez","twitter_card":"summary_large_image","twitter_misc":{"Escrito por":"Miguel Antonio M\u00e1rquez Monta\u00f1ez","Tiempo de lectura":"1 minuto"},"schema":{"@context":"https:\/\/schema.org","@graph":[{"@type":"Article","@id":"https:\/\/contadoreshoy.com\/?p=12404#article","isPartOf":{"@id":"https:\/\/contadoreshoy.com\/?p=12404"},"author":{"name":"Miguel Antonio M\u00e1rquez Monta\u00f1ez","@id":"https:\/\/contadoreshoy.com\/#\/schema\/person\/96d8979cb865537c5dc9345e40089fc5"},"headline":"Ampliaci\u00f3n plazos RETEICA febrero y marzo de 2020 Municipio de Bucaramanga","datePublished":"2020-04-13T23:11:54+00:00","dateModified":"2020-04-14T20:41:14+00:00","mainEntityOfPage":{"@id":"https:\/\/contadoreshoy.com\/?p=12404"},"wordCount":233,"commentCount":0,"publisher":{"@id":"https:\/\/contadoreshoy.com\/#organization"},"image":{"@id":"https:\/\/contadoreshoy.com\/?p=12404#primaryimage"},"thumbnailUrl":"https:\/\/contadoreshoy.com\/wp-content\/uploads\/2017\/01\/Bucaramanga-foto.jpg","articleSection":{"1":"Uncategorized"},"inLanguage":"es","potentialAction":[{"@type":"CommentAction","name":"Comment","target":["https:\/\/contadoreshoy.com\/?p=12404#respond"]}]},{"@type":"WebPage","@id":"https:\/\/contadoreshoy.com\/?p=12404","url":"https:\/\/contadoreshoy.com\/?p=12404","name":"Ampliaci\u00f3n plazos RETEICA febrero y marzo de 2020 Municipio de Bucaramanga - Contadores P\u00fablicos","isPartOf":{"@id":"https:\/\/contadoreshoy.com\/#website"},"primaryImageOfPage":{"@id":"https:\/\/contadoreshoy.com\/?p=12404#primaryimage"},"image":{"@id":"https:\/\/contadoreshoy.com\/?p=12404#primaryimage"},"thumbnailUrl":"https:\/\/contadoreshoy.com\/wp-content\/uploads\/2017\/01\/Bucaramanga-foto.jpg","datePublished":"2020-04-13T23:11:54+00:00","dateModified":"2020-04-14T20:41:14+00:00","breadcrumb":{"@id":"https:\/\/contadoreshoy.com\/?p=12404#breadcrumb"},"inLanguage":"es","potentialAction":[{"@type":"ReadAction","target":["https:\/\/contadoreshoy.com\/?p=12404"]}]},{"@type":"ImageObject","inLanguage":"es","@id":"https:\/\/contadoreshoy.com\/?p=12404#primaryimage","url":"https:\/\/contadoreshoy.com\/wp-content\/uploads\/2017\/01\/Bucaramanga-foto.jpg","contentUrl":"https:\/\/contadoreshoy.com\/wp-content\/uploads\/2017\/01\/Bucaramanga-foto.jpg","width":600,"height":400},{"@type":"BreadcrumbList","@id":"https:\/\/contadoreshoy.com\/?p=12404#breadcrumb","itemListElement":[{"@type":"ListItem","position":1,"name":"Portada","item":"https:\/\/contadoreshoy.com\/"},{"@type":"ListItem","position":2,"name":"Ampliaci\u00f3n plazos RETEICA febrero y marzo de 2020 Municipio de Bucaramanga"}]},{"@type":"WebSite","@id":"https:\/\/contadoreshoy.com\/#website","url":"https:\/\/contadoreshoy.com\/","name":"Contadorespublicossantander","description":"Portal para Contadores P\u00fablicos y empresarios","publisher":{"@id":"https:\/\/contadoreshoy.com\/#organization"},"potentialAction":[{"@type":"SearchAction","target":{"@type":"EntryPoint","urlTemplate":"https:\/\/contadoreshoy.com\/?s={search_term_string}"},"query-input":{"@type":"PropertyValueSpecification","valueRequired":true,"valueName":"search_term_string"}}],"inLanguage":"es"},{"@type":"Organization","@id":"https:\/\/contadoreshoy.com\/#organization","name":"Contadores P\u00fablicos de Santander","url":"https:\/\/contadoreshoy.com\/","logo":{"@type":"ImageObject","inLanguage":"es","@id":"https:\/\/contadoreshoy.com\/#\/schema\/logo\/image\/","url":"https:\/\/contadoreshoy.com\/wp-content\/uploads\/2024\/01\/cropped-cropped-Copia-de-M-1.jpg","contentUrl":"https:\/\/contadoreshoy.com\/wp-content\/uploads\/2024\/01\/cropped-cropped-Copia-de-M-1.jpg","width":499,"height":500,"caption":"Contadores P\u00fablicos de Santander"},"image":{"@id":"https:\/\/contadoreshoy.com\/#\/schema\/logo\/image\/"},"sameAs":["https:\/\/www.facebook.com\/CCCPBucaramanga\/"]},{"@type":"Person","@id":"https:\/\/contadoreshoy.com\/#\/schema\/person\/96d8979cb865537c5dc9345e40089fc5","name":"Miguel Antonio M\u00e1rquez Monta\u00f1ez","description":"Contador P\u00fablico egresado de la Universidad Aut\u00f3noma de Bucaramanga - Asesor contable tributario con m\u00e1s de 25 a\u00f1os de experiencia - Conferencista en temas contables y tributarios - T\u00e9cnico en Hardware y Dise\u00f1o Web - Creador y director Grupo de Estudio Colegio Colombiano de Contadores P\u00fablicos de Bucaramanga - Creador y Master Web p\u00e1gina www.contadoresp\u00fablicossantander.com - Expresidente Colegio Colombiano de Contadores P\u00fablicos Bucaramanga","url":"https:\/\/contadoreshoy.com\/?author=1"}]}},"_links":{"self":[{"href":"https:\/\/contadoreshoy.com\/index.php?rest_route=\/wp\/v2\/posts\/12404","targetHints":{"allow":["GET"]}}],"collection":[{"href":"https:\/\/contadoreshoy.com\/index.php?rest_route=\/wp\/v2\/posts"}],"about":[{"href":"https:\/\/contadoreshoy.com\/index.php?rest_route=\/wp\/v2\/types\/post"}],"author":[{"embeddable":true,"href":"https:\/\/contadoreshoy.com\/index.php?rest_route=\/wp\/v2\/users\/1"}],"replies":[{"embeddable":true,"href":"https:\/\/contadoreshoy.com\/index.php?rest_route=%2Fwp%2Fv2%2Fcomments&post=12404"}],"version-history":[{"count":3,"href":"https:\/\/contadoreshoy.com\/index.php?rest_route=\/wp\/v2\/posts\/12404\/revisions"}],"predecessor-version":[{"id":12410,"href":"https:\/\/contadoreshoy.com\/index.php?rest_route=\/wp\/v2\/posts\/12404\/revisions\/12410"}],"wp:featuredmedia":[{"embeddable":true,"href":"https:\/\/contadoreshoy.com\/index.php?rest_route=\/wp\/v2\/media\/8360"}],"wp:attachment":[{"href":"https:\/\/contadoreshoy.com\/index.php?rest_route=%2Fwp%2Fv2%2Fmedia&parent=12404"}],"wp:term":[{"taxonomy":"category","embeddable":true,"href":"https:\/\/contadoreshoy.com\/index.php?rest_route=%2Fwp%2Fv2%2Fcategories&post=12404"},{"taxonomy":"post_tag","embeddable":true,"href":"https:\/\/contadoreshoy.com\/index.php?rest_route=%2Fwp%2Fv2%2Ftags&post=12404"}],"curies":[{"name":"wp","href":"https:\/\/api.w.org\/{rel}","templated":true}]}}