{"id":12408,"date":"2020-04-14T15:37:39","date_gmt":"2020-04-14T20:37:39","guid":{"rendered":"https:\/\/contadoreshoy.com\/?p=12408"},"modified":"2020-04-14T15:37:39","modified_gmt":"2020-04-14T20:37:39","slug":"ampliacion-plazos-municipio-giron-resolucion-119-marzo-31-2020","status":"publish","type":"post","link":"https:\/\/contadoreshoy.com\/?p=12408","title":{"rendered":"Ampliaci\u00f3n plazos Municipio de Gir\u00f3n &#8211; Resoluci\u00f3n 119 marzo 31 de 2020"},"content":{"rendered":"<p>&nbsp;<\/p>\n<p><img loading=\"lazy\" decoding=\"async\" class=\"wp-image-7767 size-full\" src=\"https:\/\/contadoreshoy.com\/wp-content\/uploads\/2017\/01\/Gir\u00f3n.jpg\" alt=\"\" width=\"650\" height=\"433\" srcset=\"https:\/\/contadoreshoy.com\/wp-content\/uploads\/2017\/01\/Gir\u00f3n.jpg 650w, https:\/\/contadoreshoy.com\/wp-content\/uploads\/2017\/01\/Gir\u00f3n-600x400.jpg 600w, https:\/\/contadoreshoy.com\/wp-content\/uploads\/2017\/01\/Gir\u00f3n-300x200.jpg 300w\" sizes=\"auto, (max-width: 650px) 100vw, 650px\" \/><\/p>\n<p style=\"text-align: justify;\"><strong>Por medio de la <a href=\"http:\/\/www.giron-santander.gov.co\/Transparencia\/Normatividad\/RESOLUCION%200119%20DE%202020.pdf\" target=\"_blank\" rel=\"noopener\">Resoluci\u00f3n 119 de marzo 31 de 2020<\/a>, la secretar\u00eda de hacienda municipal de Gir\u00f3n (Santander), extiende hasta el 30 de junio de 2020, el plazo para presentar las siguientes obligaciones fiscales: <\/strong><\/p>\n<ul style=\"text-align: justify;\">\n<li><strong>Declaraci\u00f3n privada de industria y comercio e impuestos complementarios correspondientes al a\u00f1o gravable 2019<\/strong><\/li>\n<li><strong>Declaraci\u00f3n electr\u00f3nica y pago de la declaraci\u00f3n privada de autorretenci\u00f3n y retenci\u00f3n del impuesto de industria y comercio, correspondiente al periodo de marzo de 2020, pagos vigencia abril de 2020.<\/strong><\/li>\n<li><strong>Declaraci\u00f3n electr\u00f3nica y pago de la declaraci\u00f3n privada de autorretenci\u00f3n y retenci\u00f3n del impuesto de industria y comercio, correspondiente al periodo de abril de 2020, pagos vigencia mayo de 2020.<\/strong><\/li>\n<li><strong>Declaraci\u00f3n electr\u00f3nica y pago de la declaraci\u00f3n privada de autorretenci\u00f3n y retenci\u00f3n del impuesto de industria y comercio, correspondiente al periodo de mayo de 2020, pagos vigencia junio de 2020.<\/strong><\/li>\n<\/ul>\n<p style=\"text-align: justify;\"><a href=\"http:\/\/www.giron-santander.gov.co\/Transparencia\/Normatividad\/RESOLUCION%200119%20DE%202020.pdf\" target=\"_blank\" rel=\"noopener\"><strong>Para ver Resoluci\u00f3n 119 de marzo 31 de 2020 del Municipio de Gir\u00f3n, dar click aqu\u00ed:<\/strong><\/a><\/p>\n","protected":false},"excerpt":{"rendered":"<p>&nbsp; Por medio de la Resoluci\u00f3n 119 de marzo 31 de 2020, la secretar\u00eda de hacienda municipal de Gir\u00f3n (Santander), extiende hasta el 30 de junio de 2020, el plazo&#46;&#46;&#46;<\/p>\n","protected":false},"author":1,"featured_media":7767,"comment_status":"open","ping_status":"open","sticky":false,"template":"","format":"standard","meta":{"_monsterinsights_skip_tracking":false,"ngg_post_thumbnail":0,"footnotes":"","_links_to":"","_links_to_target":""},"categories":[454,1],"tags":[],"class_list":["post-12408","post","type-post","status-publish","format-standard","has-post-thumbnail","hentry","category-sin-categoria","category-uncategorized"],"aioseo_notices":[],"aioseo_head":"\n\t\t<!-- All in One SEO 5.0.1.1 - aioseo.com -->\n\t<meta name=\"description\" content=\"Por medio de la Resoluci\u00f3n 119 de marzo 31 de 2020, la secretar\u00eda de hacienda municipal de Gir\u00f3n (Santander), extiende hasta el 30 de junio de 2020, el plazo para presentar las siguientes obligaciones fiscales: Declaraci\u00f3n privada de industria y comercio e impuestos complementarios correspondientes al a\u00f1o gravable 2019 Declaraci\u00f3n electr\u00f3nica y pago de\" \/>\n\t<meta name=\"robots\" content=\"max-image-preview:large\" \/>\n\t<meta name=\"author\" content=\"Miguel Antonio M\u00e1rquez Monta\u00f1ez\"\/>\n\t<link rel=\"canonical\" href=\"https:\/\/contadoreshoy.com\/?p=12408\" \/>\n\t<meta name=\"generator\" content=\"All in One SEO (AIOSEO) 5.0.1.1\" \/>\n\t\t<meta property=\"og:locale\" content=\"es_ES\" \/>\n\t\t<meta property=\"og:site_name\" content=\"Contadores P\u00fablicos - Portal para Contadores P\u00fablicos y empresarios\" \/>\n\t\t<meta property=\"og:type\" content=\"article\" \/>\n\t\t<meta property=\"og:title\" content=\"Ampliaci\u00f3n plazos Municipio de Gir\u00f3n \u2013 Resoluci\u00f3n 119 marzo 31 de 2020 - Contadores P\u00fablicos\" \/>\n\t\t<meta property=\"og:description\" content=\"Por medio de la Resoluci\u00f3n 119 de marzo 31 de 2020, la secretar\u00eda de hacienda municipal de Gir\u00f3n (Santander), extiende hasta el 30 de junio de 2020, el plazo para presentar las siguientes obligaciones fiscales: Declaraci\u00f3n privada de industria y comercio e impuestos complementarios correspondientes al a\u00f1o gravable 2019 Declaraci\u00f3n electr\u00f3nica y pago de\" \/>\n\t\t<meta property=\"og:url\" content=\"https:\/\/contadoreshoy.com\/?p=12408\" \/>\n\t\t<meta property=\"og:image\" content=\"https:\/\/contadoreshoy.com\/wp-content\/uploads\/2024\/01\/cropped-cropped-cropped-Copia-de-M.jpg\" \/>\n\t\t<meta property=\"og:image:secure_url\" content=\"https:\/\/contadoreshoy.com\/wp-content\/uploads\/2024\/01\/cropped-cropped-cropped-Copia-de-M.jpg\" \/>\n\t\t<meta property=\"og:image:width\" content=\"512\" \/>\n\t\t<meta property=\"og:image:height\" content=\"371\" \/>\n\t\t<meta property=\"article:published_time\" content=\"2020-04-14T20:37:39+00:00\" \/>\n\t\t<meta property=\"article:modified_time\" content=\"2020-04-14T20:37:39+00:00\" \/>\n\t\t<meta name=\"twitter:card\" content=\"summary_large_image\" \/>\n\t\t<meta name=\"twitter:title\" content=\"Ampliaci\u00f3n plazos Municipio de Gir\u00f3n \u2013 Resoluci\u00f3n 119 marzo 31 de 2020 - Contadores P\u00fablicos\" \/>\n\t\t<meta name=\"twitter:description\" content=\"Por medio de la Resoluci\u00f3n 119 de marzo 31 de 2020, la secretar\u00eda de hacienda municipal de Gir\u00f3n (Santander), extiende hasta el 30 de junio de 2020, el plazo para presentar las siguientes obligaciones fiscales: Declaraci\u00f3n privada de industria y comercio e impuestos complementarios correspondientes al a\u00f1o gravable 2019 Declaraci\u00f3n electr\u00f3nica y pago de\" \/>\n\t\t<meta name=\"twitter:image\" content=\"https:\/\/contadoreshoy.com\/wp-content\/uploads\/2024\/01\/cropped-cropped-cropped-Copia-de-M.jpg\" \/>\n\t\t<script type=\"application\/ld+json\" class=\"aioseo-schema\">\n\t\t\t{\"@context\":\"https:\\\/\\\/schema.org\",\"@graph\":[{\"@type\":\"BlogPosting\",\"@id\":\"https:\\\/\\\/contadoreshoy.com\\\/?p=12408#blogposting\",\"name\":\"Ampliaci\\u00f3n plazos Municipio de Gir\\u00f3n \\u2013 Resoluci\\u00f3n 119 marzo 31 de 2020 - Contadores P\\u00fablicos\",\"headline\":\"Ampliaci\\u00f3n plazos Municipio de Gir\\u00f3n &#8211; Resoluci\\u00f3n 119 marzo 31 de 2020\",\"author\":{\"@id\":\"https:\\\/\\\/contadoreshoy.com\\\/?author=1#author\"},\"publisher\":{\"@id\":\"https:\\\/\\\/contadoreshoy.com\\\/#organization\"},\"image\":{\"@type\":\"ImageObject\",\"url\":\"https:\\\/\\\/contadoreshoy.com\\\/wp-content\\\/uploads\\\/2017\\\/01\\\/Gir\\u00f3n.jpg\",\"width\":650,\"height\":433,\"caption\":\"Calendario Tributario a\\u00f1o 2017 Municipio de Gir\\u00f3n\"},\"datePublished\":\"2020-04-14T15:37:39-05:00\",\"dateModified\":\"2020-04-14T15:37:39-05:00\",\"inLanguage\":\"es-ES\",\"mainEntityOfPage\":{\"@id\":\"https:\\\/\\\/contadoreshoy.com\\\/?p=12408#webpage\"},\"isPartOf\":{\"@id\":\"https:\\\/\\\/contadoreshoy.com\\\/?p=12408#webpage\"},\"articleSection\":\"Sin categor\\u00eda, Uncategorized\"},{\"@type\":\"BreadcrumbList\",\"@id\":\"https:\\\/\\\/contadoreshoy.com\\\/?p=12408#breadcrumblist\",\"itemListElement\":[{\"@type\":\"ListItem\",\"@id\":\"https:\\\/\\\/contadoreshoy.com#listItem\",\"position\":1,\"name\":\"Home\",\"item\":\"https:\\\/\\\/contadoreshoy.com\",\"nextItem\":{\"@type\":\"ListItem\",\"@id\":\"https:\\\/\\\/contadoreshoy.com\\\/?cat=1#listItem\",\"name\":\"Uncategorized\"}},{\"@type\":\"ListItem\",\"@id\":\"https:\\\/\\\/contadoreshoy.com\\\/?cat=1#listItem\",\"position\":2,\"name\":\"Uncategorized\",\"item\":\"https:\\\/\\\/contadoreshoy.com\\\/?cat=1\",\"nextItem\":{\"@type\":\"ListItem\",\"@id\":\"https:\\\/\\\/contadoreshoy.com\\\/?p=12408#listItem\",\"name\":\"Ampliaci\\u00f3n plazos Municipio de Gir\\u00f3n &#8211; Resoluci\\u00f3n 119 marzo 31 de 2020\"},\"previousItem\":{\"@type\":\"ListItem\",\"@id\":\"https:\\\/\\\/contadoreshoy.com#listItem\",\"name\":\"Home\"}},{\"@type\":\"ListItem\",\"@id\":\"https:\\\/\\\/contadoreshoy.com\\\/?p=12408#listItem\",\"position\":3,\"name\":\"Ampliaci\\u00f3n plazos Municipio de Gir\\u00f3n &#8211; Resoluci\\u00f3n 119 marzo 31 de 2020\",\"previousItem\":{\"@type\":\"ListItem\",\"@id\":\"https:\\\/\\\/contadoreshoy.com\\\/?cat=1#listItem\",\"name\":\"Uncategorized\"}}]},{\"@type\":\"Organization\",\"@id\":\"https:\\\/\\\/contadoreshoy.com\\\/#organization\",\"name\":\"Contadores P\\u00fablicos\",\"description\":\"Portal para Contadores P\\u00fablicos y empresarios\",\"url\":\"https:\\\/\\\/contadoreshoy.com\\\/\",\"logo\":{\"@type\":\"ImageObject\",\"url\":\"https:\\\/\\\/contadoreshoy.com\\\/wp-content\\\/uploads\\\/2024\\\/01\\\/cropped-cropped-Copia-de-M-1.jpg\",\"@id\":\"https:\\\/\\\/contadoreshoy.com\\\/?p=12408\\\/#organizationLogo\",\"width\":499,\"height\":500},\"image\":{\"@id\":\"https:\\\/\\\/contadoreshoy.com\\\/?p=12408\\\/#organizationLogo\"}},{\"@type\":\"Person\",\"@id\":\"https:\\\/\\\/contadoreshoy.com\\\/?author=1#author\",\"url\":\"https:\\\/\\\/contadoreshoy.com\\\/?author=1\",\"name\":\"Miguel Antonio M\\u00e1rquez Monta\\u00f1ez\"},{\"@type\":\"WebPage\",\"@id\":\"https:\\\/\\\/contadoreshoy.com\\\/?p=12408#webpage\",\"url\":\"https:\\\/\\\/contadoreshoy.com\\\/?p=12408\",\"name\":\"Ampliaci\\u00f3n plazos Municipio de Gir\\u00f3n \\u2013 Resoluci\\u00f3n 119 marzo 31 de 2020 - Contadores P\\u00fablicos\",\"description\":\"Por medio de la Resoluci\\u00f3n 119 de marzo 31 de 2020, la secretar\\u00eda de hacienda municipal de Gir\\u00f3n (Santander), extiende hasta el 30 de junio de 2020, el plazo para presentar las siguientes obligaciones fiscales: Declaraci\\u00f3n privada de industria y comercio e impuestos complementarios correspondientes al a\\u00f1o gravable 2019 Declaraci\\u00f3n electr\\u00f3nica y pago de\",\"inLanguage\":\"es-ES\",\"isPartOf\":{\"@id\":\"https:\\\/\\\/contadoreshoy.com\\\/#website\"},\"breadcrumb\":{\"@id\":\"https:\\\/\\\/contadoreshoy.com\\\/?p=12408#breadcrumblist\"},\"author\":{\"@id\":\"https:\\\/\\\/contadoreshoy.com\\\/?author=1#author\"},\"creator\":{\"@id\":\"https:\\\/\\\/contadoreshoy.com\\\/?author=1#author\"},\"image\":{\"@type\":\"ImageObject\",\"url\":\"https:\\\/\\\/contadoreshoy.com\\\/wp-content\\\/uploads\\\/2017\\\/01\\\/Gir\\u00f3n.jpg\",\"@id\":\"https:\\\/\\\/contadoreshoy.com\\\/?p=12408\\\/#mainImage\",\"width\":650,\"height\":433,\"caption\":\"Calendario Tributario a\\u00f1o 2017 Municipio de Gir\\u00f3n\"},\"primaryImageOfPage\":{\"@id\":\"https:\\\/\\\/contadoreshoy.com\\\/?p=12408#mainImage\"},\"datePublished\":\"2020-04-14T15:37:39-05:00\",\"dateModified\":\"2020-04-14T15:37:39-05:00\"},{\"@type\":\"WebSite\",\"@id\":\"https:\\\/\\\/contadoreshoy.com\\\/#website\",\"url\":\"https:\\\/\\\/contadoreshoy.com\\\/\",\"name\":\"Contadores P\\u00fablicos\",\"description\":\"Portal para Contadores P\\u00fablicos y empresarios\",\"inLanguage\":\"es-ES\",\"publisher\":{\"@id\":\"https:\\\/\\\/contadoreshoy.com\\\/#organization\"}}]}\n\t\t<\/script>\n\t\t<!-- All in One SEO -->\n\n","aioseo_head_json":{"title":"Ampliaci\u00f3n plazos Municipio de Gir\u00f3n \u2013 Resoluci\u00f3n 119 marzo 31 de 2020 - Contadores P\u00fablicos","description":"Por medio de la Resoluci\u00f3n 119 de marzo 31 de 2020, la secretar\u00eda de hacienda municipal de Gir\u00f3n (Santander), extiende hasta el 30 de junio de 2020, el plazo para presentar las siguientes obligaciones fiscales: Declaraci\u00f3n privada de industria y comercio e impuestos complementarios correspondientes al a\u00f1o gravable 2019 Declaraci\u00f3n electr\u00f3nica y pago de","canonical_url":"https:\/\/contadoreshoy.com\/?p=12408","robots":"max-image-preview:large","keywords":"","webmasterTools":{"miscellaneous":""},"schema":{"@context":"https:\/\/schema.org","@graph":[{"@type":"BlogPosting","@id":"https:\/\/contadoreshoy.com\/?p=12408#blogposting","name":"Ampliaci\u00f3n plazos Municipio de Gir\u00f3n \u2013 Resoluci\u00f3n 119 marzo 31 de 2020 - Contadores P\u00fablicos","headline":"Ampliaci\u00f3n plazos Municipio de Gir\u00f3n &#8211; Resoluci\u00f3n 119 marzo 31 de 2020","author":{"@id":"https:\/\/contadoreshoy.com\/?author=1#author"},"publisher":{"@id":"https:\/\/contadoreshoy.com\/#organization"},"image":{"@type":"ImageObject","url":"https:\/\/contadoreshoy.com\/wp-content\/uploads\/2017\/01\/Gir\u00f3n.jpg","width":650,"height":433,"caption":"Calendario Tributario a\u00f1o 2017 Municipio de Gir\u00f3n"},"datePublished":"2020-04-14T15:37:39-05:00","dateModified":"2020-04-14T15:37:39-05:00","inLanguage":"es-ES","mainEntityOfPage":{"@id":"https:\/\/contadoreshoy.com\/?p=12408#webpage"},"isPartOf":{"@id":"https:\/\/contadoreshoy.com\/?p=12408#webpage"},"articleSection":"Sin categor\u00eda, Uncategorized"},{"@type":"BreadcrumbList","@id":"https:\/\/contadoreshoy.com\/?p=12408#breadcrumblist","itemListElement":[{"@type":"ListItem","@id":"https:\/\/contadoreshoy.com#listItem","position":1,"name":"Home","item":"https:\/\/contadoreshoy.com","nextItem":{"@type":"ListItem","@id":"https:\/\/contadoreshoy.com\/?cat=1#listItem","name":"Uncategorized"}},{"@type":"ListItem","@id":"https:\/\/contadoreshoy.com\/?cat=1#listItem","position":2,"name":"Uncategorized","item":"https:\/\/contadoreshoy.com\/?cat=1","nextItem":{"@type":"ListItem","@id":"https:\/\/contadoreshoy.com\/?p=12408#listItem","name":"Ampliaci\u00f3n plazos Municipio de Gir\u00f3n &#8211; Resoluci\u00f3n 119 marzo 31 de 2020"},"previousItem":{"@type":"ListItem","@id":"https:\/\/contadoreshoy.com#listItem","name":"Home"}},{"@type":"ListItem","@id":"https:\/\/contadoreshoy.com\/?p=12408#listItem","position":3,"name":"Ampliaci\u00f3n plazos Municipio de Gir\u00f3n &#8211; Resoluci\u00f3n 119 marzo 31 de 2020","previousItem":{"@type":"ListItem","@id":"https:\/\/contadoreshoy.com\/?cat=1#listItem","name":"Uncategorized"}}]},{"@type":"Organization","@id":"https:\/\/contadoreshoy.com\/#organization","name":"Contadores P\u00fablicos","description":"Portal para Contadores P\u00fablicos y empresarios","url":"https:\/\/contadoreshoy.com\/","logo":{"@type":"ImageObject","url":"https:\/\/contadoreshoy.com\/wp-content\/uploads\/2024\/01\/cropped-cropped-Copia-de-M-1.jpg","@id":"https:\/\/contadoreshoy.com\/?p=12408\/#organizationLogo","width":499,"height":500},"image":{"@id":"https:\/\/contadoreshoy.com\/?p=12408\/#organizationLogo"}},{"@type":"Person","@id":"https:\/\/contadoreshoy.com\/?author=1#author","url":"https:\/\/contadoreshoy.com\/?author=1","name":"Miguel Antonio M\u00e1rquez Monta\u00f1ez"},{"@type":"WebPage","@id":"https:\/\/contadoreshoy.com\/?p=12408#webpage","url":"https:\/\/contadoreshoy.com\/?p=12408","name":"Ampliaci\u00f3n plazos Municipio de Gir\u00f3n \u2013 Resoluci\u00f3n 119 marzo 31 de 2020 - Contadores P\u00fablicos","description":"Por medio de la Resoluci\u00f3n 119 de marzo 31 de 2020, la secretar\u00eda de hacienda municipal de Gir\u00f3n (Santander), extiende hasta el 30 de junio de 2020, el plazo para presentar las siguientes obligaciones fiscales: Declaraci\u00f3n privada de industria y comercio e impuestos complementarios correspondientes al a\u00f1o gravable 2019 Declaraci\u00f3n electr\u00f3nica y pago de","inLanguage":"es-ES","isPartOf":{"@id":"https:\/\/contadoreshoy.com\/#website"},"breadcrumb":{"@id":"https:\/\/contadoreshoy.com\/?p=12408#breadcrumblist"},"author":{"@id":"https:\/\/contadoreshoy.com\/?author=1#author"},"creator":{"@id":"https:\/\/contadoreshoy.com\/?author=1#author"},"image":{"@type":"ImageObject","url":"https:\/\/contadoreshoy.com\/wp-content\/uploads\/2017\/01\/Gir\u00f3n.jpg","@id":"https:\/\/contadoreshoy.com\/?p=12408\/#mainImage","width":650,"height":433,"caption":"Calendario Tributario a\u00f1o 2017 Municipio de Gir\u00f3n"},"primaryImageOfPage":{"@id":"https:\/\/contadoreshoy.com\/?p=12408#mainImage"},"datePublished":"2020-04-14T15:37:39-05:00","dateModified":"2020-04-14T15:37:39-05:00"},{"@type":"WebSite","@id":"https:\/\/contadoreshoy.com\/#website","url":"https:\/\/contadoreshoy.com\/","name":"Contadores P\u00fablicos","description":"Portal para Contadores P\u00fablicos y empresarios","inLanguage":"es-ES","publisher":{"@id":"https:\/\/contadoreshoy.com\/#organization"}}]},"og:locale":"es_ES","og:site_name":"Contadores P\u00fablicos - Portal para Contadores P\u00fablicos y empresarios","og:type":"article","og:title":"Ampliaci\u00f3n plazos Municipio de Gir\u00f3n \u2013 Resoluci\u00f3n 119 marzo 31 de 2020 - Contadores P\u00fablicos","og:description":"Por medio de la Resoluci\u00f3n 119 de marzo 31 de 2020, la secretar\u00eda de hacienda municipal de Gir\u00f3n (Santander), extiende hasta el 30 de junio de 2020, el plazo para presentar las siguientes obligaciones fiscales: Declaraci\u00f3n privada de industria y comercio e impuestos complementarios correspondientes al a\u00f1o gravable 2019 Declaraci\u00f3n electr\u00f3nica y pago de","og:url":"https:\/\/contadoreshoy.com\/?p=12408","og:image":"https:\/\/contadoreshoy.com\/wp-content\/uploads\/2024\/01\/cropped-cropped-cropped-Copia-de-M.jpg","og:image:secure_url":"https:\/\/contadoreshoy.com\/wp-content\/uploads\/2024\/01\/cropped-cropped-cropped-Copia-de-M.jpg","og:image:width":512,"og:image:height":371,"article:published_time":"2020-04-14T20:37:39+00:00","article:modified_time":"2020-04-14T20:37:39+00:00","twitter:card":"summary_large_image","twitter:title":"Ampliaci\u00f3n plazos Municipio de Gir\u00f3n \u2013 Resoluci\u00f3n 119 marzo 31 de 2020 - Contadores P\u00fablicos","twitter:description":"Por medio de la Resoluci\u00f3n 119 de marzo 31 de 2020, la secretar\u00eda de hacienda municipal de Gir\u00f3n (Santander), extiende hasta el 30 de junio de 2020, el plazo para presentar las siguientes obligaciones fiscales: Declaraci\u00f3n privada de industria y comercio e impuestos complementarios correspondientes al a\u00f1o gravable 2019 Declaraci\u00f3n electr\u00f3nica y pago de","twitter:image":"https:\/\/contadoreshoy.com\/wp-content\/uploads\/2024\/01\/cropped-cropped-cropped-Copia-de-M.jpg"},"aioseo_meta_data":{"post_id":"12408","title":null,"description":null,"keywords":null,"keyphrases":null,"primary_term":null,"canonical_url":null,"og_title":null,"og_description":null,"og_object_type":"default","og_image_type":"default","og_image_url":null,"og_image_width":null,"og_image_height":null,"og_image_custom_url":null,"og_image_custom_fields":null,"og_video":null,"og_custom_url":null,"og_article_section":null,"og_article_tags":null,"twitter_use_og":false,"twitter_card":"default","twitter_image_type":"default","twitter_image_url":null,"twitter_image_custom_url":null,"twitter_image_custom_fields":null,"twitter_title":null,"twitter_description":null,"schema":{"blockGraphs":[],"customGraphs":[],"default":{"data":{"Article":[],"Course":[],"Dataset":[],"FAQPage":[],"Movie":[],"Person":[],"Product":[],"ProductReview":[],"Car":[],"Recipe":[],"Service":[],"SoftwareApplication":[],"WebPage":[]},"graphName":"","isEnabled":true},"graphs":[]},"schema_type":"default","schema_type_options":null,"pillar_content":false,"robots_default":true,"robots_noindex":false,"robots_noarchive":false,"robots_nosnippet":false,"robots_nofollow":false,"robots_noimageindex":false,"robots_noodp":false,"robots_notranslate":false,"robots_max_snippet":null,"robots_max_videopreview":null,"robots_max_imagepreview":"large","priority":null,"frequency":null,"local_seo":null,"breadcrumb_settings":null,"limit_modified_date":false,"ai":null,"created":"2024-03-05 02:14:34","updated":"2026-03-03 05:23:40","seo_analyzer_scan_date":null,"focus_keyword":null,"additional_keywords":null,"truseo_locale":null},"aioseo_breadcrumb":"<div class=\"aioseo-breadcrumbs\"><span class=\"aioseo-breadcrumb\">\n\t\t\t<a href=\"https:\/\/contadoreshoy.com\" title=\"Home\">Home<\/a>\n\t\t<\/span><span class=\"aioseo-breadcrumb-separator\">&raquo;<\/span><span class=\"aioseo-breadcrumb\">\n\t\t\t<a href=\"https:\/\/contadoreshoy.com\/?cat=1\" title=\"Uncategorized\">Uncategorized<\/a>\n\t\t<\/span><span class=\"aioseo-breadcrumb-separator\">&raquo;<\/span><span class=\"aioseo-breadcrumb\">\n\t\t\tAmpliaci\u00f3n plazos Municipio de Gir\u00f3n \u2013 Resoluci\u00f3n 119 marzo 31 de 2020\n\t\t<\/span><\/div>","aioseo_breadcrumb_json":[{"label":"Home","link":"https:\/\/contadoreshoy.com"},{"label":"Uncategorized","link":"https:\/\/contadoreshoy.com\/?cat=1"},{"label":"Ampliaci\u00f3n plazos Municipio de Gir\u00f3n &#8211; Resoluci\u00f3n 119 marzo 31 de 2020","link":"https:\/\/contadoreshoy.com\/?p=12408"}],"yoast_head":"<!-- This site is optimized with the Yoast SEO plugin v28.4 - https:\/\/yoast.com\/product\/yoast-seo-wordpress\/ -->\n<title>Ampliaci\u00f3n plazos Municipio de Gir\u00f3n - Resoluci\u00f3n 119 marzo 31 de 2020 - Contadores P\u00fablicos<\/title>\n<meta name=\"robots\" content=\"index, follow, max-snippet:-1, max-image-preview:large, max-video-preview:-1\" \/>\n<link rel=\"canonical\" href=\"https:\/\/contadoreshoy.com\/?p=12408\" \/>\n<meta property=\"og:locale\" content=\"es_ES\" \/>\n<meta property=\"og:type\" content=\"article\" \/>\n<meta property=\"og:title\" content=\"Ampliaci\u00f3n plazos Municipio de Gir\u00f3n - Resoluci\u00f3n 119 marzo 31 de 2020 - Contadores P\u00fablicos\" \/>\n<meta property=\"og:description\" content=\"&nbsp; Por medio de la Resoluci\u00f3n 119 de marzo 31 de 2020, la secretar\u00eda de hacienda municipal de Gir\u00f3n (Santander), extiende hasta el 30 de junio de 2020, el plazo&#046;&#046;&#046;\" \/>\n<meta property=\"og:url\" content=\"https:\/\/contadoreshoy.com\/?p=12408\" \/>\n<meta property=\"og:site_name\" content=\"Contadores P\u00fablicos\" \/>\n<meta property=\"article:publisher\" content=\"https:\/\/www.facebook.com\/CCCPBucaramanga\/\" \/>\n<meta property=\"article:published_time\" content=\"2020-04-14T20:37:39+00:00\" \/>\n<meta property=\"og:image\" content=\"https:\/\/contadoreshoy.com\/wp-content\/uploads\/2017\/01\/Gir\u00f3n.jpg\" \/>\n\t<meta property=\"og:image:width\" content=\"650\" \/>\n\t<meta property=\"og:image:height\" content=\"433\" \/>\n\t<meta property=\"og:image:type\" content=\"image\/jpeg\" \/>\n<meta name=\"author\" content=\"Miguel Antonio M\u00e1rquez Monta\u00f1ez\" \/>\n<meta name=\"twitter:card\" content=\"summary_large_image\" \/>\n<meta name=\"twitter:label1\" content=\"Escrito por\" \/>\n\t<meta name=\"twitter:data1\" content=\"Miguel Antonio M\u00e1rquez Monta\u00f1ez\" \/>\n\t<meta name=\"twitter:label2\" content=\"Tiempo de lectura\" \/>\n\t<meta name=\"twitter:data2\" content=\"1 minuto\" \/>\n<script type=\"application\/ld+json\" class=\"yoast-schema-graph\">{\"@context\":\"https:\\\/\\\/schema.org\",\"@graph\":[{\"@type\":\"Article\",\"@id\":\"https:\\\/\\\/contadoreshoy.com\\\/?p=12408#article\",\"isPartOf\":{\"@id\":\"https:\\\/\\\/contadoreshoy.com\\\/?p=12408\"},\"author\":{\"name\":\"Miguel Antonio M\u00e1rquez Monta\u00f1ez\",\"@id\":\"https:\\\/\\\/contadoreshoy.com\\\/#\\\/schema\\\/person\\\/96d8979cb865537c5dc9345e40089fc5\"},\"headline\":\"Ampliaci\u00f3n plazos Municipio de Gir\u00f3n &#8211; Resoluci\u00f3n 119 marzo 31 de 2020\",\"datePublished\":\"2020-04-14T20:37:39+00:00\",\"mainEntityOfPage\":{\"@id\":\"https:\\\/\\\/contadoreshoy.com\\\/?p=12408\"},\"wordCount\":175,\"commentCount\":0,\"publisher\":{\"@id\":\"https:\\\/\\\/contadoreshoy.com\\\/#organization\"},\"image\":{\"@id\":\"https:\\\/\\\/contadoreshoy.com\\\/?p=12408#primaryimage\"},\"thumbnailUrl\":\"https:\\\/\\\/contadoreshoy.com\\\/wp-content\\\/uploads\\\/2017\\\/01\\\/Gir\u00f3n.jpg\",\"articleSection\":{\"1\":\"Uncategorized\"},\"inLanguage\":\"es\",\"potentialAction\":[{\"@type\":\"CommentAction\",\"name\":\"Comment\",\"target\":[\"https:\\\/\\\/contadoreshoy.com\\\/?p=12408#respond\"]}]},{\"@type\":\"WebPage\",\"@id\":\"https:\\\/\\\/contadoreshoy.com\\\/?p=12408\",\"url\":\"https:\\\/\\\/contadoreshoy.com\\\/?p=12408\",\"name\":\"Ampliaci\u00f3n plazos Municipio de Gir\u00f3n - Resoluci\u00f3n 119 marzo 31 de 2020 - Contadores P\u00fablicos\",\"isPartOf\":{\"@id\":\"https:\\\/\\\/contadoreshoy.com\\\/#website\"},\"primaryImageOfPage\":{\"@id\":\"https:\\\/\\\/contadoreshoy.com\\\/?p=12408#primaryimage\"},\"image\":{\"@id\":\"https:\\\/\\\/contadoreshoy.com\\\/?p=12408#primaryimage\"},\"thumbnailUrl\":\"https:\\\/\\\/contadoreshoy.com\\\/wp-content\\\/uploads\\\/2017\\\/01\\\/Gir\u00f3n.jpg\",\"datePublished\":\"2020-04-14T20:37:39+00:00\",\"breadcrumb\":{\"@id\":\"https:\\\/\\\/contadoreshoy.com\\\/?p=12408#breadcrumb\"},\"inLanguage\":\"es\",\"potentialAction\":[{\"@type\":\"ReadAction\",\"target\":[\"https:\\\/\\\/contadoreshoy.com\\\/?p=12408\"]}]},{\"@type\":\"ImageObject\",\"inLanguage\":\"es\",\"@id\":\"https:\\\/\\\/contadoreshoy.com\\\/?p=12408#primaryimage\",\"url\":\"https:\\\/\\\/contadoreshoy.com\\\/wp-content\\\/uploads\\\/2017\\\/01\\\/Gir\u00f3n.jpg\",\"contentUrl\":\"https:\\\/\\\/contadoreshoy.com\\\/wp-content\\\/uploads\\\/2017\\\/01\\\/Gir\u00f3n.jpg\",\"width\":650,\"height\":433,\"caption\":\"Calendario Tributario a\u00f1o 2017 Municipio de Gir\u00f3n\"},{\"@type\":\"BreadcrumbList\",\"@id\":\"https:\\\/\\\/contadoreshoy.com\\\/?p=12408#breadcrumb\",\"itemListElement\":[{\"@type\":\"ListItem\",\"position\":1,\"name\":\"Portada\",\"item\":\"https:\\\/\\\/contadoreshoy.com\\\/\"},{\"@type\":\"ListItem\",\"position\":2,\"name\":\"Ampliaci\u00f3n plazos Municipio de Gir\u00f3n &#8211; Resoluci\u00f3n 119 marzo 31 de 2020\"}]},{\"@type\":\"WebSite\",\"@id\":\"https:\\\/\\\/contadoreshoy.com\\\/#website\",\"url\":\"https:\\\/\\\/contadoreshoy.com\\\/\",\"name\":\"Contadorespublicossantander\",\"description\":\"Portal para Contadores P\u00fablicos y empresarios\",\"publisher\":{\"@id\":\"https:\\\/\\\/contadoreshoy.com\\\/#organization\"},\"potentialAction\":[{\"@type\":\"SearchAction\",\"target\":{\"@type\":\"EntryPoint\",\"urlTemplate\":\"https:\\\/\\\/contadoreshoy.com\\\/?s={search_term_string}\"},\"query-input\":{\"@type\":\"PropertyValueSpecification\",\"valueRequired\":true,\"valueName\":\"search_term_string\"}}],\"inLanguage\":\"es\"},{\"@type\":\"Organization\",\"@id\":\"https:\\\/\\\/contadoreshoy.com\\\/#organization\",\"name\":\"Contadores P\u00fablicos de Santander\",\"url\":\"https:\\\/\\\/contadoreshoy.com\\\/\",\"logo\":{\"@type\":\"ImageObject\",\"inLanguage\":\"es\",\"@id\":\"https:\\\/\\\/contadoreshoy.com\\\/#\\\/schema\\\/logo\\\/image\\\/\",\"url\":\"https:\\\/\\\/contadoreshoy.com\\\/wp-content\\\/uploads\\\/2024\\\/01\\\/cropped-cropped-Copia-de-M-1.jpg\",\"contentUrl\":\"https:\\\/\\\/contadoreshoy.com\\\/wp-content\\\/uploads\\\/2024\\\/01\\\/cropped-cropped-Copia-de-M-1.jpg\",\"width\":499,\"height\":500,\"caption\":\"Contadores P\u00fablicos de Santander\"},\"image\":{\"@id\":\"https:\\\/\\\/contadoreshoy.com\\\/#\\\/schema\\\/logo\\\/image\\\/\"},\"sameAs\":[\"https:\\\/\\\/www.facebook.com\\\/CCCPBucaramanga\\\/\"]},{\"@type\":\"Person\",\"@id\":\"https:\\\/\\\/contadoreshoy.com\\\/#\\\/schema\\\/person\\\/96d8979cb865537c5dc9345e40089fc5\",\"name\":\"Miguel Antonio M\u00e1rquez Monta\u00f1ez\",\"description\":\"Contador P\u00fablico egresado de la Universidad Aut\u00f3noma de Bucaramanga - Asesor contable tributario con m\u00e1s de 25 a\u00f1os de experiencia - Conferencista en temas contables y tributarios - T\u00e9cnico en Hardware y Dise\u00f1o Web - Creador y director Grupo de Estudio Colegio Colombiano de Contadores P\u00fablicos de Bucaramanga - Creador y Master Web p\u00e1gina www.contadoresp\u00fablicossantander.com - Expresidente Colegio Colombiano de Contadores P\u00fablicos Bucaramanga\",\"url\":\"https:\\\/\\\/contadoreshoy.com\\\/?author=1\"}]}<\/script>\n<!-- \/ Yoast SEO plugin. -->","yoast_head_json":{"title":"Ampliaci\u00f3n plazos Municipio de Gir\u00f3n - Resoluci\u00f3n 119 marzo 31 de 2020 - Contadores P\u00fablicos","robots":{"index":"index","follow":"follow","max-snippet":"max-snippet:-1","max-image-preview":"max-image-preview:large","max-video-preview":"max-video-preview:-1"},"canonical":"https:\/\/contadoreshoy.com\/?p=12408","og_locale":"es_ES","og_type":"article","og_title":"Ampliaci\u00f3n plazos Municipio de Gir\u00f3n - Resoluci\u00f3n 119 marzo 31 de 2020 - Contadores P\u00fablicos","og_description":"&nbsp; Por medio de la Resoluci\u00f3n 119 de marzo 31 de 2020, la secretar\u00eda de hacienda municipal de Gir\u00f3n (Santander), extiende hasta el 30 de junio de 2020, el plazo&#46;&#46;&#46;","og_url":"https:\/\/contadoreshoy.com\/?p=12408","og_site_name":"Contadores P\u00fablicos","article_publisher":"https:\/\/www.facebook.com\/CCCPBucaramanga\/","article_published_time":"2020-04-14T20:37:39+00:00","og_image":[{"width":650,"height":433,"url":"https:\/\/contadoreshoy.com\/wp-content\/uploads\/2017\/01\/Gir\u00f3n.jpg","type":"image\/jpeg"}],"author":"Miguel Antonio M\u00e1rquez Monta\u00f1ez","twitter_card":"summary_large_image","twitter_misc":{"Escrito por":"Miguel Antonio M\u00e1rquez Monta\u00f1ez","Tiempo de lectura":"1 minuto"},"schema":{"@context":"https:\/\/schema.org","@graph":[{"@type":"Article","@id":"https:\/\/contadoreshoy.com\/?p=12408#article","isPartOf":{"@id":"https:\/\/contadoreshoy.com\/?p=12408"},"author":{"name":"Miguel Antonio M\u00e1rquez Monta\u00f1ez","@id":"https:\/\/contadoreshoy.com\/#\/schema\/person\/96d8979cb865537c5dc9345e40089fc5"},"headline":"Ampliaci\u00f3n plazos Municipio de Gir\u00f3n &#8211; Resoluci\u00f3n 119 marzo 31 de 2020","datePublished":"2020-04-14T20:37:39+00:00","mainEntityOfPage":{"@id":"https:\/\/contadoreshoy.com\/?p=12408"},"wordCount":175,"commentCount":0,"publisher":{"@id":"https:\/\/contadoreshoy.com\/#organization"},"image":{"@id":"https:\/\/contadoreshoy.com\/?p=12408#primaryimage"},"thumbnailUrl":"https:\/\/contadoreshoy.com\/wp-content\/uploads\/2017\/01\/Gir\u00f3n.jpg","articleSection":{"1":"Uncategorized"},"inLanguage":"es","potentialAction":[{"@type":"CommentAction","name":"Comment","target":["https:\/\/contadoreshoy.com\/?p=12408#respond"]}]},{"@type":"WebPage","@id":"https:\/\/contadoreshoy.com\/?p=12408","url":"https:\/\/contadoreshoy.com\/?p=12408","name":"Ampliaci\u00f3n plazos Municipio de Gir\u00f3n - Resoluci\u00f3n 119 marzo 31 de 2020 - Contadores P\u00fablicos","isPartOf":{"@id":"https:\/\/contadoreshoy.com\/#website"},"primaryImageOfPage":{"@id":"https:\/\/contadoreshoy.com\/?p=12408#primaryimage"},"image":{"@id":"https:\/\/contadoreshoy.com\/?p=12408#primaryimage"},"thumbnailUrl":"https:\/\/contadoreshoy.com\/wp-content\/uploads\/2017\/01\/Gir\u00f3n.jpg","datePublished":"2020-04-14T20:37:39+00:00","breadcrumb":{"@id":"https:\/\/contadoreshoy.com\/?p=12408#breadcrumb"},"inLanguage":"es","potentialAction":[{"@type":"ReadAction","target":["https:\/\/contadoreshoy.com\/?p=12408"]}]},{"@type":"ImageObject","inLanguage":"es","@id":"https:\/\/contadoreshoy.com\/?p=12408#primaryimage","url":"https:\/\/contadoreshoy.com\/wp-content\/uploads\/2017\/01\/Gir\u00f3n.jpg","contentUrl":"https:\/\/contadoreshoy.com\/wp-content\/uploads\/2017\/01\/Gir\u00f3n.jpg","width":650,"height":433,"caption":"Calendario Tributario a\u00f1o 2017 Municipio de Gir\u00f3n"},{"@type":"BreadcrumbList","@id":"https:\/\/contadoreshoy.com\/?p=12408#breadcrumb","itemListElement":[{"@type":"ListItem","position":1,"name":"Portada","item":"https:\/\/contadoreshoy.com\/"},{"@type":"ListItem","position":2,"name":"Ampliaci\u00f3n plazos Municipio de Gir\u00f3n &#8211; Resoluci\u00f3n 119 marzo 31 de 2020"}]},{"@type":"WebSite","@id":"https:\/\/contadoreshoy.com\/#website","url":"https:\/\/contadoreshoy.com\/","name":"Contadorespublicossantander","description":"Portal para Contadores P\u00fablicos y empresarios","publisher":{"@id":"https:\/\/contadoreshoy.com\/#organization"},"potentialAction":[{"@type":"SearchAction","target":{"@type":"EntryPoint","urlTemplate":"https:\/\/contadoreshoy.com\/?s={search_term_string}"},"query-input":{"@type":"PropertyValueSpecification","valueRequired":true,"valueName":"search_term_string"}}],"inLanguage":"es"},{"@type":"Organization","@id":"https:\/\/contadoreshoy.com\/#organization","name":"Contadores P\u00fablicos de Santander","url":"https:\/\/contadoreshoy.com\/","logo":{"@type":"ImageObject","inLanguage":"es","@id":"https:\/\/contadoreshoy.com\/#\/schema\/logo\/image\/","url":"https:\/\/contadoreshoy.com\/wp-content\/uploads\/2024\/01\/cropped-cropped-Copia-de-M-1.jpg","contentUrl":"https:\/\/contadoreshoy.com\/wp-content\/uploads\/2024\/01\/cropped-cropped-Copia-de-M-1.jpg","width":499,"height":500,"caption":"Contadores P\u00fablicos de Santander"},"image":{"@id":"https:\/\/contadoreshoy.com\/#\/schema\/logo\/image\/"},"sameAs":["https:\/\/www.facebook.com\/CCCPBucaramanga\/"]},{"@type":"Person","@id":"https:\/\/contadoreshoy.com\/#\/schema\/person\/96d8979cb865537c5dc9345e40089fc5","name":"Miguel Antonio M\u00e1rquez Monta\u00f1ez","description":"Contador P\u00fablico egresado de la Universidad Aut\u00f3noma de Bucaramanga - Asesor contable tributario con m\u00e1s de 25 a\u00f1os de experiencia - Conferencista en temas contables y tributarios - T\u00e9cnico en Hardware y Dise\u00f1o Web - Creador y director Grupo de Estudio Colegio Colombiano de Contadores P\u00fablicos de Bucaramanga - Creador y Master Web p\u00e1gina www.contadoresp\u00fablicossantander.com - Expresidente Colegio Colombiano de Contadores P\u00fablicos Bucaramanga","url":"https:\/\/contadoreshoy.com\/?author=1"}]}},"_links":{"self":[{"href":"https:\/\/contadoreshoy.com\/index.php?rest_route=\/wp\/v2\/posts\/12408","targetHints":{"allow":["GET"]}}],"collection":[{"href":"https:\/\/contadoreshoy.com\/index.php?rest_route=\/wp\/v2\/posts"}],"about":[{"href":"https:\/\/contadoreshoy.com\/index.php?rest_route=\/wp\/v2\/types\/post"}],"author":[{"embeddable":true,"href":"https:\/\/contadoreshoy.com\/index.php?rest_route=\/wp\/v2\/users\/1"}],"replies":[{"embeddable":true,"href":"https:\/\/contadoreshoy.com\/index.php?rest_route=%2Fwp%2Fv2%2Fcomments&post=12408"}],"version-history":[{"count":1,"href":"https:\/\/contadoreshoy.com\/index.php?rest_route=\/wp\/v2\/posts\/12408\/revisions"}],"predecessor-version":[{"id":12409,"href":"https:\/\/contadoreshoy.com\/index.php?rest_route=\/wp\/v2\/posts\/12408\/revisions\/12409"}],"wp:featuredmedia":[{"embeddable":true,"href":"https:\/\/contadoreshoy.com\/index.php?rest_route=\/wp\/v2\/media\/7767"}],"wp:attachment":[{"href":"https:\/\/contadoreshoy.com\/index.php?rest_route=%2Fwp%2Fv2%2Fmedia&parent=12408"}],"wp:term":[{"taxonomy":"category","embeddable":true,"href":"https:\/\/contadoreshoy.com\/index.php?rest_route=%2Fwp%2Fv2%2Fcategories&post=12408"},{"taxonomy":"post_tag","embeddable":true,"href":"https:\/\/contadoreshoy.com\/index.php?rest_route=%2Fwp%2Fv2%2Ftags&post=12408"}],"curies":[{"name":"wp","href":"https:\/\/api.w.org\/{rel}","templated":true}]}}