{"id":12433,"date":"2020-04-20T10:53:46","date_gmt":"2020-04-20T15:53:46","guid":{"rendered":"https:\/\/contadoreshoy.com\/?p=12433"},"modified":"2020-04-20T10:53:46","modified_gmt":"2020-04-20T15:53:46","slug":"decreto-presidencial-579-abril-15-2020-medidas-contratos-arrendamiento","status":"publish","type":"post","link":"https:\/\/contadoreshoy.com\/?p=12433","title":{"rendered":"Decreto Presidencial 579 de abril 15 de 2020 &#8211; Medidas sobre contratos de arrendamiento"},"content":{"rendered":"<p><img loading=\"lazy\" decoding=\"async\" class=\"aligncenter wp-image-5909 size-full\" src=\"https:\/\/contadoreshoy.com\/wp-content\/uploads\/2015\/09\/patrimonio.jpg\" alt=\"\" width=\"600\" height=\"400\" srcset=\"https:\/\/contadoreshoy.com\/wp-content\/uploads\/2015\/09\/patrimonio.jpg 600w, https:\/\/contadoreshoy.com\/wp-content\/uploads\/2015\/09\/patrimonio-300x200.jpg 300w\" sizes=\"auto, (max-width: 600px) 100vw, 600px\" \/><\/p>\n<p style=\"text-align: justify;\"><strong><span style=\"color: #000000;\"><a href=\"https:\/\/dapre.presidencia.gov.co\/normativa\/normativa\/DECRETO%20579%20DEL%2015%20DE%20ABRIL%20DE%202020.pdf\" target=\"_blank\" rel=\"noopener\">Apartes relevantes del Decreto Presidencial 579 de abril 15 de 2020<\/a>, por el cual se adoptan medidas transitorias en materia de propiedad horizontal, y contratos de arrendamiento, en el marco del Estado de Emergencia Econ\u00f3mica, Social y Ecol\u00f3gica.<\/span><\/strong><\/p>\n<p style=\"text-align: justify;\"><strong><span style=\"color: #000000;\">\u00ab<span style=\"color: #ff0000;\">Suspensi\u00f3n de acciones de desalojo<\/span>. Durante el periodo comprendido entre la vigencia del presente decreto y el treinta (30) de junio de 2020, se suspende la orden o ejecuci\u00f3n de cualquier acci\u00f3n de desalojo dispuesta por autoridad judicial o administrativa que tenga como fin la restituci\u00f3n de inmuebles ocupados por arrendatarios.\u00bb<\/span><\/strong><\/p>\n<p style=\"text-align: justify;\"><strong><span style=\"color: #000000;\">\u00ab<span style=\"color: #ff0000;\">Reajuste al canon de arrendamiento<\/span>. Se aplaza el reajuste anual a los c\u00e1nones de arrendamiento que se tuvieran que hacer efectivos durante el periodo comprendido entre la vigencia del presente decreto y el treinta (30) de junio de 2020.\u00bb<\/span><\/strong><\/p>\n<p style=\"text-align: justify;\"><strong><span style=\"color: #000000;\">\u00abConcluido el aplazamiento establecido en el inciso anterior, el arrendatario pagar\u00e1 las mensualidades con el reajuste anual correspondiente en los c\u00e1nones que hagan falta para terminar el per\u00edodo contractual acordado, incluyendo en esas mensualidades, el valor porcentual de los incrementos no cobrados durante el periodo comprendido a partir de la vigencia del presente decreto y el treinta (30) de junio de 2020.\u00bb<\/span><\/strong><\/p>\n<p style=\"text-align: justify;\"><strong><span style=\"color: #000000;\">\u00ab<span style=\"color: #ff0000;\">Las partes deber\u00e1n llegar a un acuerdo directo<\/span> sobre las condiciones especiales para el pago de los c\u00e1nones correspondientes al periodo comprendido entre la vigencia del presente decreto y el treinta (30) de junio de 2020. <span style=\"text-decoration: underline;\"><em><span style=\"color: #ff6600; text-decoration: underline;\">En dichos acuerdos no podr\u00e1n incluirse intereses de mora ni penalidades, indemnizaciones o sanciones provenientes de la ley o de acuerdos entre las partes<\/span><\/em>.<\/span>\u00ab<\/span><\/strong><\/p>\n<p style=\"text-align: justify;\"><strong><span style=\"color: #000000;\">\u00ab<span style=\"color: #ff0000;\">Pr\u00f3rroga de contratos<\/span>. Los contratos de arrendamiento cuyo vencimiento y entrega del inmueble al arrendador se haya pactado para cualquier fecha dentro del lapso de duraci\u00f3n de la declaratoria de la Emergencia Econ\u00f3mica, Social y Ecol\u00f3gica, se entender\u00e1n prorrogados hasta el treinta (30) de junio de 2020, continuando vigente la obligaci\u00f3n de pago del canon. Lo anterior sin perjuicio de acuerdos en contrario celebrados entre las partes.\u00bb<\/span><\/strong><\/p>\n<p style=\"text-align: justify;\"><strong><span style=\"color: #000000;\">\u00ab<span style=\"color: #ff0000;\">Fondo de Imprevistos<\/span>. Durante el periodo comprendido entre la vigencia del presente decreto y el treinta (30) de junio de 2020, los administradores de las propiedades horizontales que hayan visto afectado su recaudo de cuotas de administraci\u00f3n, podr\u00e1n hacer erogaciones con cargo al Fondo de Imprevistos, para cubrir los gastos habituales de operaci\u00f3n de la copropiedad, requiriendo \u00fanicamente la aprobaci\u00f3n previa del Consejo de Administraci\u00f3n.\u00bb<\/span><\/strong><\/p>\n<p style=\"text-align: justify;\"><strong><span style=\"color: #000000;\">\u00abEn aquellas copropiedades de uso comercial o mixto, que sea necesario contratar servicios de sanidad, o relacionados con fin de mitigar el riesgo de contagio del Covid-19 podr\u00e1n hacer uso del Fondo Imprevistos en los t\u00e9rminos se\u00f1alados, siempre y cuando se garantice el cubrimiento del pago los servicios mencionados en el segundo inciso del presente art\u00edculo.\u00bb<\/span><\/strong><\/p>\n<p style=\"text-align: justify;\"><strong><span style=\"color: #000000;\"><em><span style=\"color: #ff6600;\">\u00abDurante periodo comprendido entre la vigencia del presente decreto y el treinta (30) junio de 2020, el pago de las cuotas de administraci\u00f3n de zonas comunes podr\u00e1 realizarse en cualquier momento de cada mes sin mora, penalidad o sanci\u00f3n alguna proveniente la ley o acuerdos entre las partes<\/span><\/em>.\u00bb<\/span><\/strong><\/p>\n<p style=\"text-align: justify;\"><strong><span style=\"color: #000000;\"><span style=\"color: #ff0000;\">\u00abAsambleas de propiedad horizontal<\/span>. Las reuniones ordinarias de asamblea de edificaciones sujetas al r\u00e9gimen de propiedad horizontal, de que trata la Ley 675 de 2001, podr\u00e1n efectuarse: <\/span><\/strong><\/p>\n<p style=\"text-align: justify;\"><strong><span style=\"color: #000000;\">1. En forma virtual, durante periodo comprendido entre la vigencia del presente decreto y el treinta (30) de junio de 2020, o<\/span><\/strong><\/p>\n<p style=\"text-align: justify;\"><strong><span style=\"color: #000000;\">2. De manera presencial, a m\u00e1s tardar dentro del mes calendario siguiente a la finalizaci\u00f3n de la declaratoria de Emergencia Econ\u00f3mica, Social y Ecol\u00f3gica.\u00bb<\/span><\/strong><\/p>\n<p style=\"text-align: justify;\"><strong><span style=\"color: #000000;\"><span style=\"color: #ff0000;\">\u00abReajuste de las cuotas de administraci\u00f3n de zonas comunes<\/span>. Se aplaza el reajuste anual de las cuotas de administraci\u00f3n de zonas comunes durante el periodo comprendido entre la vigencia del presente decreto y el treinta (30) de junio de 2020. <\/span><\/strong><\/p>\n<p style=\"text-align: justify;\"><strong><span style=\"color: #000000;\">Concluido el aplazamiento establecido en el inciso anterior, las mensualidades se pagar\u00e1n con el reajuste anual correspondiente.\u00bb<\/span><\/strong><\/p>\n<p style=\"text-align: justify;\"><a href=\"https:\/\/dapre.presidencia.gov.co\/normativa\/normativa\/DECRETO%20579%20DEL%2015%20DE%20ABRIL%20DE%202020.pdf\" target=\"_blank\" rel=\"noopener\"><strong><span style=\"color: #000000;\"><span style=\"color: #0000ff;\">Para ver Decreto Presidencial 579 de abril 15 de 2020, dar click aqu\u00ed:<\/span><\/span><\/strong><\/a><\/p>\n<p>&nbsp;<\/p>\n","protected":false},"excerpt":{"rendered":"<p>Apartes relevantes del Decreto Presidencial 579 de abril 15 de 2020, por el cual se adoptan medidas transitorias en materia de propiedad horizontal, y contratos de arrendamiento, en el marco&#46;&#46;&#46;<\/p>\n","protected":false},"author":1,"featured_media":5909,"comment_status":"open","ping_status":"open","sticky":false,"template":"","format":"standard","meta":{"_monsterinsights_skip_tracking":false,"ngg_post_thumbnail":0,"footnotes":"","_links_to":"","_links_to_target":""},"categories":[454,1],"tags":[],"class_list":["post-12433","post","type-post","status-publish","format-standard","has-post-thumbnail","hentry","category-sin-categoria","category-uncategorized"],"aioseo_notices":[],"aioseo_head":"\n\t\t<!-- All in One SEO 5.0.1.1 - aioseo.com -->\n\t<meta name=\"description\" content=\"Apartes relevantes del Decreto Presidencial 579 de abril 15 de 2020, por el cual se adoptan medidas transitorias en materia de propiedad horizontal, y contratos de arrendamiento, en el marco del Estado de Emergencia Econ\u00f3mica, Social y Ecol\u00f3gica. &quot;Suspensi\u00f3n de acciones de desalojo. Durante el periodo comprendido entre la vigencia del presente decreto y el\" \/>\n\t<meta name=\"robots\" content=\"max-image-preview:large\" \/>\n\t<meta name=\"author\" content=\"Miguel Antonio M\u00e1rquez Monta\u00f1ez\"\/>\n\t<link rel=\"canonical\" href=\"https:\/\/contadoreshoy.com\/?p=12433\" \/>\n\t<meta name=\"generator\" content=\"All in One SEO (AIOSEO) 5.0.1.1\" \/>\n\t\t<meta property=\"og:locale\" content=\"es_ES\" \/>\n\t\t<meta property=\"og:site_name\" content=\"Contadores P\u00fablicos - Portal para Contadores P\u00fablicos y empresarios\" \/>\n\t\t<meta property=\"og:type\" content=\"article\" \/>\n\t\t<meta property=\"og:title\" content=\"Decreto Presidencial 579 de abril 15 de 2020 \u2013 Medidas sobre contratos de arrendamiento - Contadores P\u00fablicos\" \/>\n\t\t<meta property=\"og:description\" content=\"Apartes relevantes del Decreto Presidencial 579 de abril 15 de 2020, por el cual se adoptan medidas transitorias en materia de propiedad horizontal, y contratos de arrendamiento, en el marco del Estado de Emergencia Econ\u00f3mica, Social y Ecol\u00f3gica. &quot;Suspensi\u00f3n de acciones de desalojo. Durante el periodo comprendido entre la vigencia del presente decreto y el\" \/>\n\t\t<meta property=\"og:url\" content=\"https:\/\/contadoreshoy.com\/?p=12433\" \/>\n\t\t<meta property=\"og:image\" content=\"https:\/\/contadoreshoy.com\/wp-content\/uploads\/2024\/01\/cropped-cropped-cropped-Copia-de-M.jpg\" \/>\n\t\t<meta property=\"og:image:secure_url\" content=\"https:\/\/contadoreshoy.com\/wp-content\/uploads\/2024\/01\/cropped-cropped-cropped-Copia-de-M.jpg\" \/>\n\t\t<meta property=\"og:image:width\" content=\"512\" \/>\n\t\t<meta property=\"og:image:height\" content=\"371\" \/>\n\t\t<meta property=\"article:published_time\" content=\"2020-04-20T15:53:46+00:00\" \/>\n\t\t<meta property=\"article:modified_time\" content=\"2020-04-20T15:53:46+00:00\" \/>\n\t\t<meta name=\"twitter:card\" content=\"summary_large_image\" \/>\n\t\t<meta name=\"twitter:title\" content=\"Decreto Presidencial 579 de abril 15 de 2020 \u2013 Medidas sobre contratos de arrendamiento - Contadores P\u00fablicos\" \/>\n\t\t<meta name=\"twitter:description\" content=\"Apartes relevantes del Decreto Presidencial 579 de abril 15 de 2020, por el cual se adoptan medidas transitorias en materia de propiedad horizontal, y contratos de arrendamiento, en el marco del Estado de Emergencia Econ\u00f3mica, Social y Ecol\u00f3gica. &quot;Suspensi\u00f3n de acciones de desalojo. Durante el periodo comprendido entre la vigencia del presente decreto y el\" \/>\n\t\t<meta name=\"twitter:image\" content=\"https:\/\/contadoreshoy.com\/wp-content\/uploads\/2024\/01\/cropped-cropped-cropped-Copia-de-M.jpg\" \/>\n\t\t<script type=\"application\/ld+json\" class=\"aioseo-schema\">\n\t\t\t{\"@context\":\"https:\\\/\\\/schema.org\",\"@graph\":[{\"@type\":\"BlogPosting\",\"@id\":\"https:\\\/\\\/contadoreshoy.com\\\/?p=12433#blogposting\",\"name\":\"Decreto Presidencial 579 de abril 15 de 2020 \\u2013 Medidas sobre contratos de arrendamiento - Contadores P\\u00fablicos\",\"headline\":\"Decreto Presidencial 579 de abril 15 de 2020 &#8211; Medidas sobre contratos de arrendamiento\",\"author\":{\"@id\":\"https:\\\/\\\/contadoreshoy.com\\\/?author=1#author\"},\"publisher\":{\"@id\":\"https:\\\/\\\/contadoreshoy.com\\\/#organization\"},\"image\":{\"@type\":\"ImageObject\",\"url\":\"https:\\\/\\\/contadoreshoy.com\\\/wp-content\\\/uploads\\\/2015\\\/09\\\/patrimonio.jpg\",\"width\":600,\"height\":400},\"datePublished\":\"2020-04-20T10:53:46-05:00\",\"dateModified\":\"2020-04-20T10:53:46-05:00\",\"inLanguage\":\"es-ES\",\"mainEntityOfPage\":{\"@id\":\"https:\\\/\\\/contadoreshoy.com\\\/?p=12433#webpage\"},\"isPartOf\":{\"@id\":\"https:\\\/\\\/contadoreshoy.com\\\/?p=12433#webpage\"},\"articleSection\":\"Sin categor\\u00eda, Uncategorized\"},{\"@type\":\"BreadcrumbList\",\"@id\":\"https:\\\/\\\/contadoreshoy.com\\\/?p=12433#breadcrumblist\",\"itemListElement\":[{\"@type\":\"ListItem\",\"@id\":\"https:\\\/\\\/contadoreshoy.com#listItem\",\"position\":1,\"name\":\"Home\",\"item\":\"https:\\\/\\\/contadoreshoy.com\",\"nextItem\":{\"@type\":\"ListItem\",\"@id\":\"https:\\\/\\\/contadoreshoy.com\\\/?cat=1#listItem\",\"name\":\"Uncategorized\"}},{\"@type\":\"ListItem\",\"@id\":\"https:\\\/\\\/contadoreshoy.com\\\/?cat=1#listItem\",\"position\":2,\"name\":\"Uncategorized\",\"item\":\"https:\\\/\\\/contadoreshoy.com\\\/?cat=1\",\"nextItem\":{\"@type\":\"ListItem\",\"@id\":\"https:\\\/\\\/contadoreshoy.com\\\/?p=12433#listItem\",\"name\":\"Decreto Presidencial 579 de abril 15 de 2020 &#8211; Medidas sobre contratos de arrendamiento\"},\"previousItem\":{\"@type\":\"ListItem\",\"@id\":\"https:\\\/\\\/contadoreshoy.com#listItem\",\"name\":\"Home\"}},{\"@type\":\"ListItem\",\"@id\":\"https:\\\/\\\/contadoreshoy.com\\\/?p=12433#listItem\",\"position\":3,\"name\":\"Decreto Presidencial 579 de abril 15 de 2020 &#8211; Medidas sobre contratos de arrendamiento\",\"previousItem\":{\"@type\":\"ListItem\",\"@id\":\"https:\\\/\\\/contadoreshoy.com\\\/?cat=1#listItem\",\"name\":\"Uncategorized\"}}]},{\"@type\":\"Organization\",\"@id\":\"https:\\\/\\\/contadoreshoy.com\\\/#organization\",\"name\":\"Contadores P\\u00fablicos\",\"description\":\"Portal para Contadores P\\u00fablicos y empresarios\",\"url\":\"https:\\\/\\\/contadoreshoy.com\\\/\",\"logo\":{\"@type\":\"ImageObject\",\"url\":\"https:\\\/\\\/contadoreshoy.com\\\/wp-content\\\/uploads\\\/2024\\\/01\\\/cropped-cropped-Copia-de-M-1.jpg\",\"@id\":\"https:\\\/\\\/contadoreshoy.com\\\/?p=12433\\\/#organizationLogo\",\"width\":499,\"height\":500},\"image\":{\"@id\":\"https:\\\/\\\/contadoreshoy.com\\\/?p=12433\\\/#organizationLogo\"}},{\"@type\":\"Person\",\"@id\":\"https:\\\/\\\/contadoreshoy.com\\\/?author=1#author\",\"url\":\"https:\\\/\\\/contadoreshoy.com\\\/?author=1\",\"name\":\"Miguel Antonio M\\u00e1rquez Monta\\u00f1ez\"},{\"@type\":\"WebPage\",\"@id\":\"https:\\\/\\\/contadoreshoy.com\\\/?p=12433#webpage\",\"url\":\"https:\\\/\\\/contadoreshoy.com\\\/?p=12433\",\"name\":\"Decreto Presidencial 579 de abril 15 de 2020 \\u2013 Medidas sobre contratos de arrendamiento - Contadores P\\u00fablicos\",\"description\":\"Apartes relevantes del Decreto Presidencial 579 de abril 15 de 2020, por el cual se adoptan medidas transitorias en materia de propiedad horizontal, y contratos de arrendamiento, en el marco del Estado de Emergencia Econ\\u00f3mica, Social y Ecol\\u00f3gica. \\\"Suspensi\\u00f3n de acciones de desalojo. Durante el periodo comprendido entre la vigencia del presente decreto y el\",\"inLanguage\":\"es-ES\",\"isPartOf\":{\"@id\":\"https:\\\/\\\/contadoreshoy.com\\\/#website\"},\"breadcrumb\":{\"@id\":\"https:\\\/\\\/contadoreshoy.com\\\/?p=12433#breadcrumblist\"},\"author\":{\"@id\":\"https:\\\/\\\/contadoreshoy.com\\\/?author=1#author\"},\"creator\":{\"@id\":\"https:\\\/\\\/contadoreshoy.com\\\/?author=1#author\"},\"image\":{\"@type\":\"ImageObject\",\"url\":\"https:\\\/\\\/contadoreshoy.com\\\/wp-content\\\/uploads\\\/2015\\\/09\\\/patrimonio.jpg\",\"@id\":\"https:\\\/\\\/contadoreshoy.com\\\/?p=12433\\\/#mainImage\",\"width\":600,\"height\":400},\"primaryImageOfPage\":{\"@id\":\"https:\\\/\\\/contadoreshoy.com\\\/?p=12433#mainImage\"},\"datePublished\":\"2020-04-20T10:53:46-05:00\",\"dateModified\":\"2020-04-20T10:53:46-05:00\"},{\"@type\":\"WebSite\",\"@id\":\"https:\\\/\\\/contadoreshoy.com\\\/#website\",\"url\":\"https:\\\/\\\/contadoreshoy.com\\\/\",\"name\":\"Contadores P\\u00fablicos\",\"description\":\"Portal para Contadores P\\u00fablicos y empresarios\",\"inLanguage\":\"es-ES\",\"publisher\":{\"@id\":\"https:\\\/\\\/contadoreshoy.com\\\/#organization\"}}]}\n\t\t<\/script>\n\t\t<!-- All in One SEO -->\n\n","aioseo_head_json":{"title":"Decreto Presidencial 579 de abril 15 de 2020 \u2013 Medidas sobre contratos de arrendamiento - Contadores P\u00fablicos","description":"Apartes relevantes del Decreto Presidencial 579 de abril 15 de 2020, por el cual se adoptan medidas transitorias en materia de propiedad horizontal, y contratos de arrendamiento, en el marco del Estado de Emergencia Econ\u00f3mica, Social y Ecol\u00f3gica. \"Suspensi\u00f3n de acciones de desalojo. Durante el periodo comprendido entre la vigencia del presente decreto y el","canonical_url":"https:\/\/contadoreshoy.com\/?p=12433","robots":"max-image-preview:large","keywords":"","webmasterTools":{"miscellaneous":""},"schema":{"@context":"https:\/\/schema.org","@graph":[{"@type":"BlogPosting","@id":"https:\/\/contadoreshoy.com\/?p=12433#blogposting","name":"Decreto Presidencial 579 de abril 15 de 2020 \u2013 Medidas sobre contratos de arrendamiento - Contadores P\u00fablicos","headline":"Decreto Presidencial 579 de abril 15 de 2020 &#8211; Medidas sobre contratos de arrendamiento","author":{"@id":"https:\/\/contadoreshoy.com\/?author=1#author"},"publisher":{"@id":"https:\/\/contadoreshoy.com\/#organization"},"image":{"@type":"ImageObject","url":"https:\/\/contadoreshoy.com\/wp-content\/uploads\/2015\/09\/patrimonio.jpg","width":600,"height":400},"datePublished":"2020-04-20T10:53:46-05:00","dateModified":"2020-04-20T10:53:46-05:00","inLanguage":"es-ES","mainEntityOfPage":{"@id":"https:\/\/contadoreshoy.com\/?p=12433#webpage"},"isPartOf":{"@id":"https:\/\/contadoreshoy.com\/?p=12433#webpage"},"articleSection":"Sin categor\u00eda, Uncategorized"},{"@type":"BreadcrumbList","@id":"https:\/\/contadoreshoy.com\/?p=12433#breadcrumblist","itemListElement":[{"@type":"ListItem","@id":"https:\/\/contadoreshoy.com#listItem","position":1,"name":"Home","item":"https:\/\/contadoreshoy.com","nextItem":{"@type":"ListItem","@id":"https:\/\/contadoreshoy.com\/?cat=1#listItem","name":"Uncategorized"}},{"@type":"ListItem","@id":"https:\/\/contadoreshoy.com\/?cat=1#listItem","position":2,"name":"Uncategorized","item":"https:\/\/contadoreshoy.com\/?cat=1","nextItem":{"@type":"ListItem","@id":"https:\/\/contadoreshoy.com\/?p=12433#listItem","name":"Decreto Presidencial 579 de abril 15 de 2020 &#8211; Medidas sobre contratos de arrendamiento"},"previousItem":{"@type":"ListItem","@id":"https:\/\/contadoreshoy.com#listItem","name":"Home"}},{"@type":"ListItem","@id":"https:\/\/contadoreshoy.com\/?p=12433#listItem","position":3,"name":"Decreto Presidencial 579 de abril 15 de 2020 &#8211; Medidas sobre contratos de arrendamiento","previousItem":{"@type":"ListItem","@id":"https:\/\/contadoreshoy.com\/?cat=1#listItem","name":"Uncategorized"}}]},{"@type":"Organization","@id":"https:\/\/contadoreshoy.com\/#organization","name":"Contadores P\u00fablicos","description":"Portal para Contadores P\u00fablicos y empresarios","url":"https:\/\/contadoreshoy.com\/","logo":{"@type":"ImageObject","url":"https:\/\/contadoreshoy.com\/wp-content\/uploads\/2024\/01\/cropped-cropped-Copia-de-M-1.jpg","@id":"https:\/\/contadoreshoy.com\/?p=12433\/#organizationLogo","width":499,"height":500},"image":{"@id":"https:\/\/contadoreshoy.com\/?p=12433\/#organizationLogo"}},{"@type":"Person","@id":"https:\/\/contadoreshoy.com\/?author=1#author","url":"https:\/\/contadoreshoy.com\/?author=1","name":"Miguel Antonio M\u00e1rquez Monta\u00f1ez"},{"@type":"WebPage","@id":"https:\/\/contadoreshoy.com\/?p=12433#webpage","url":"https:\/\/contadoreshoy.com\/?p=12433","name":"Decreto Presidencial 579 de abril 15 de 2020 \u2013 Medidas sobre contratos de arrendamiento - Contadores P\u00fablicos","description":"Apartes relevantes del Decreto Presidencial 579 de abril 15 de 2020, por el cual se adoptan medidas transitorias en materia de propiedad horizontal, y contratos de arrendamiento, en el marco del Estado de Emergencia Econ\u00f3mica, Social y Ecol\u00f3gica. \"Suspensi\u00f3n de acciones de desalojo. Durante el periodo comprendido entre la vigencia del presente decreto y el","inLanguage":"es-ES","isPartOf":{"@id":"https:\/\/contadoreshoy.com\/#website"},"breadcrumb":{"@id":"https:\/\/contadoreshoy.com\/?p=12433#breadcrumblist"},"author":{"@id":"https:\/\/contadoreshoy.com\/?author=1#author"},"creator":{"@id":"https:\/\/contadoreshoy.com\/?author=1#author"},"image":{"@type":"ImageObject","url":"https:\/\/contadoreshoy.com\/wp-content\/uploads\/2015\/09\/patrimonio.jpg","@id":"https:\/\/contadoreshoy.com\/?p=12433\/#mainImage","width":600,"height":400},"primaryImageOfPage":{"@id":"https:\/\/contadoreshoy.com\/?p=12433#mainImage"},"datePublished":"2020-04-20T10:53:46-05:00","dateModified":"2020-04-20T10:53:46-05:00"},{"@type":"WebSite","@id":"https:\/\/contadoreshoy.com\/#website","url":"https:\/\/contadoreshoy.com\/","name":"Contadores P\u00fablicos","description":"Portal para Contadores P\u00fablicos y empresarios","inLanguage":"es-ES","publisher":{"@id":"https:\/\/contadoreshoy.com\/#organization"}}]},"og:locale":"es_ES","og:site_name":"Contadores P\u00fablicos - Portal para Contadores P\u00fablicos y empresarios","og:type":"article","og:title":"Decreto Presidencial 579 de abril 15 de 2020 \u2013 Medidas sobre contratos de arrendamiento - Contadores P\u00fablicos","og:description":"Apartes relevantes del Decreto Presidencial 579 de abril 15 de 2020, por el cual se adoptan medidas transitorias en materia de propiedad horizontal, y contratos de arrendamiento, en el marco del Estado de Emergencia Econ\u00f3mica, Social y Ecol\u00f3gica. &quot;Suspensi\u00f3n de acciones de desalojo. Durante el periodo comprendido entre la vigencia del presente decreto y el","og:url":"https:\/\/contadoreshoy.com\/?p=12433","og:image":"https:\/\/contadoreshoy.com\/wp-content\/uploads\/2024\/01\/cropped-cropped-cropped-Copia-de-M.jpg","og:image:secure_url":"https:\/\/contadoreshoy.com\/wp-content\/uploads\/2024\/01\/cropped-cropped-cropped-Copia-de-M.jpg","og:image:width":512,"og:image:height":371,"article:published_time":"2020-04-20T15:53:46+00:00","article:modified_time":"2020-04-20T15:53:46+00:00","twitter:card":"summary_large_image","twitter:title":"Decreto Presidencial 579 de abril 15 de 2020 \u2013 Medidas sobre contratos de arrendamiento - Contadores P\u00fablicos","twitter:description":"Apartes relevantes del Decreto Presidencial 579 de abril 15 de 2020, por el cual se adoptan medidas transitorias en materia de propiedad horizontal, y contratos de arrendamiento, en el marco del Estado de Emergencia Econ\u00f3mica, Social y Ecol\u00f3gica. &quot;Suspensi\u00f3n de acciones de desalojo. Durante el periodo comprendido entre la vigencia del presente decreto y el","twitter:image":"https:\/\/contadoreshoy.com\/wp-content\/uploads\/2024\/01\/cropped-cropped-cropped-Copia-de-M.jpg"},"aioseo_meta_data":{"post_id":"12433","title":null,"description":null,"keywords":null,"keyphrases":null,"primary_term":null,"canonical_url":null,"og_title":null,"og_description":null,"og_object_type":"default","og_image_type":"default","og_image_url":null,"og_image_width":null,"og_image_height":null,"og_image_custom_url":null,"og_image_custom_fields":null,"og_video":null,"og_custom_url":null,"og_article_section":null,"og_article_tags":null,"twitter_use_og":false,"twitter_card":"default","twitter_image_type":"default","twitter_image_url":null,"twitter_image_custom_url":null,"twitter_image_custom_fields":null,"twitter_title":null,"twitter_description":null,"schema":{"blockGraphs":[],"customGraphs":[],"default":{"data":{"Article":[],"Course":[],"Dataset":[],"FAQPage":[],"Movie":[],"Person":[],"Product":[],"ProductReview":[],"Car":[],"Recipe":[],"Service":[],"SoftwareApplication":[],"WebPage":[]},"graphName":"","isEnabled":true},"graphs":[]},"schema_type":"default","schema_type_options":null,"pillar_content":false,"robots_default":true,"robots_noindex":false,"robots_noarchive":false,"robots_nosnippet":false,"robots_nofollow":false,"robots_noimageindex":false,"robots_noodp":false,"robots_notranslate":false,"robots_max_snippet":null,"robots_max_videopreview":null,"robots_max_imagepreview":"large","priority":null,"frequency":null,"local_seo":null,"breadcrumb_settings":null,"limit_modified_date":false,"ai":null,"created":"2024-03-05 02:14:34","updated":"2026-03-03 05:24:40","seo_analyzer_scan_date":null,"focus_keyword":null,"additional_keywords":null,"truseo_locale":null},"aioseo_breadcrumb":"<div class=\"aioseo-breadcrumbs\"><span class=\"aioseo-breadcrumb\">\n\t\t\t<a href=\"https:\/\/contadoreshoy.com\" title=\"Home\">Home<\/a>\n\t\t<\/span><span class=\"aioseo-breadcrumb-separator\">&raquo;<\/span><span class=\"aioseo-breadcrumb\">\n\t\t\t<a href=\"https:\/\/contadoreshoy.com\/?cat=1\" title=\"Uncategorized\">Uncategorized<\/a>\n\t\t<\/span><span class=\"aioseo-breadcrumb-separator\">&raquo;<\/span><span class=\"aioseo-breadcrumb\">\n\t\t\tDecreto Presidencial 579 de abril 15 de 2020 \u2013 Medidas sobre contratos de arrendamiento\n\t\t<\/span><\/div>","aioseo_breadcrumb_json":[{"label":"Home","link":"https:\/\/contadoreshoy.com"},{"label":"Uncategorized","link":"https:\/\/contadoreshoy.com\/?cat=1"},{"label":"Decreto Presidencial 579 de abril 15 de 2020 &#8211; Medidas sobre contratos de arrendamiento","link":"https:\/\/contadoreshoy.com\/?p=12433"}],"yoast_head":"<!-- This site is optimized with the Yoast SEO plugin v28.4 - https:\/\/yoast.com\/product\/yoast-seo-wordpress\/ -->\n<title>Decreto Presidencial 579 de abril 15 de 2020 - Medidas sobre contratos de arrendamiento - Contadores P\u00fablicos<\/title>\n<meta name=\"robots\" content=\"index, follow, max-snippet:-1, max-image-preview:large, max-video-preview:-1\" \/>\n<link rel=\"canonical\" href=\"https:\/\/contadoreshoy.com\/?p=12433\" \/>\n<meta property=\"og:locale\" content=\"es_ES\" \/>\n<meta property=\"og:type\" content=\"article\" \/>\n<meta property=\"og:title\" content=\"Decreto Presidencial 579 de abril 15 de 2020 - Medidas sobre contratos de arrendamiento - Contadores P\u00fablicos\" \/>\n<meta property=\"og:description\" content=\"Apartes relevantes del Decreto Presidencial 579 de abril 15 de 2020, por el cual se adoptan medidas transitorias en materia de propiedad horizontal, y contratos de arrendamiento, en el marco&#046;&#046;&#046;\" \/>\n<meta property=\"og:url\" content=\"https:\/\/contadoreshoy.com\/?p=12433\" \/>\n<meta property=\"og:site_name\" content=\"Contadores P\u00fablicos\" \/>\n<meta property=\"article:publisher\" content=\"https:\/\/www.facebook.com\/CCCPBucaramanga\/\" \/>\n<meta property=\"article:published_time\" content=\"2020-04-20T15:53:46+00:00\" \/>\n<meta property=\"og:image\" content=\"https:\/\/contadoreshoy.com\/wp-content\/uploads\/2015\/09\/patrimonio.jpg\" \/>\n\t<meta property=\"og:image:width\" content=\"600\" \/>\n\t<meta property=\"og:image:height\" content=\"400\" \/>\n\t<meta property=\"og:image:type\" content=\"image\/jpeg\" \/>\n<meta name=\"author\" content=\"Miguel Antonio M\u00e1rquez Monta\u00f1ez\" \/>\n<meta name=\"twitter:card\" content=\"summary_large_image\" \/>\n<meta name=\"twitter:label1\" content=\"Escrito por\" \/>\n\t<meta name=\"twitter:data1\" content=\"Miguel Antonio M\u00e1rquez Monta\u00f1ez\" \/>\n\t<meta name=\"twitter:label2\" content=\"Tiempo de lectura\" \/>\n\t<meta name=\"twitter:data2\" content=\"3 minutos\" \/>\n<script type=\"application\/ld+json\" class=\"yoast-schema-graph\">{\"@context\":\"https:\\\/\\\/schema.org\",\"@graph\":[{\"@type\":\"Article\",\"@id\":\"https:\\\/\\\/contadoreshoy.com\\\/?p=12433#article\",\"isPartOf\":{\"@id\":\"https:\\\/\\\/contadoreshoy.com\\\/?p=12433\"},\"author\":{\"name\":\"Miguel Antonio M\u00e1rquez Monta\u00f1ez\",\"@id\":\"https:\\\/\\\/contadoreshoy.com\\\/#\\\/schema\\\/person\\\/96d8979cb865537c5dc9345e40089fc5\"},\"headline\":\"Decreto Presidencial 579 de abril 15 de 2020 &#8211; Medidas sobre contratos de arrendamiento\",\"datePublished\":\"2020-04-20T15:53:46+00:00\",\"mainEntityOfPage\":{\"@id\":\"https:\\\/\\\/contadoreshoy.com\\\/?p=12433\"},\"wordCount\":651,\"commentCount\":0,\"publisher\":{\"@id\":\"https:\\\/\\\/contadoreshoy.com\\\/#organization\"},\"image\":{\"@id\":\"https:\\\/\\\/contadoreshoy.com\\\/?p=12433#primaryimage\"},\"thumbnailUrl\":\"https:\\\/\\\/contadoreshoy.com\\\/wp-content\\\/uploads\\\/2015\\\/09\\\/patrimonio.jpg\",\"articleSection\":{\"1\":\"Uncategorized\"},\"inLanguage\":\"es\",\"potentialAction\":[{\"@type\":\"CommentAction\",\"name\":\"Comment\",\"target\":[\"https:\\\/\\\/contadoreshoy.com\\\/?p=12433#respond\"]}]},{\"@type\":\"WebPage\",\"@id\":\"https:\\\/\\\/contadoreshoy.com\\\/?p=12433\",\"url\":\"https:\\\/\\\/contadoreshoy.com\\\/?p=12433\",\"name\":\"Decreto Presidencial 579 de abril 15 de 2020 - Medidas sobre contratos de arrendamiento - Contadores P\u00fablicos\",\"isPartOf\":{\"@id\":\"https:\\\/\\\/contadoreshoy.com\\\/#website\"},\"primaryImageOfPage\":{\"@id\":\"https:\\\/\\\/contadoreshoy.com\\\/?p=12433#primaryimage\"},\"image\":{\"@id\":\"https:\\\/\\\/contadoreshoy.com\\\/?p=12433#primaryimage\"},\"thumbnailUrl\":\"https:\\\/\\\/contadoreshoy.com\\\/wp-content\\\/uploads\\\/2015\\\/09\\\/patrimonio.jpg\",\"datePublished\":\"2020-04-20T15:53:46+00:00\",\"breadcrumb\":{\"@id\":\"https:\\\/\\\/contadoreshoy.com\\\/?p=12433#breadcrumb\"},\"inLanguage\":\"es\",\"potentialAction\":[{\"@type\":\"ReadAction\",\"target\":[\"https:\\\/\\\/contadoreshoy.com\\\/?p=12433\"]}]},{\"@type\":\"ImageObject\",\"inLanguage\":\"es\",\"@id\":\"https:\\\/\\\/contadoreshoy.com\\\/?p=12433#primaryimage\",\"url\":\"https:\\\/\\\/contadoreshoy.com\\\/wp-content\\\/uploads\\\/2015\\\/09\\\/patrimonio.jpg\",\"contentUrl\":\"https:\\\/\\\/contadoreshoy.com\\\/wp-content\\\/uploads\\\/2015\\\/09\\\/patrimonio.jpg\",\"width\":600,\"height\":400},{\"@type\":\"BreadcrumbList\",\"@id\":\"https:\\\/\\\/contadoreshoy.com\\\/?p=12433#breadcrumb\",\"itemListElement\":[{\"@type\":\"ListItem\",\"position\":1,\"name\":\"Portada\",\"item\":\"https:\\\/\\\/contadoreshoy.com\\\/\"},{\"@type\":\"ListItem\",\"position\":2,\"name\":\"Decreto Presidencial 579 de abril 15 de 2020 &#8211; Medidas sobre contratos de arrendamiento\"}]},{\"@type\":\"WebSite\",\"@id\":\"https:\\\/\\\/contadoreshoy.com\\\/#website\",\"url\":\"https:\\\/\\\/contadoreshoy.com\\\/\",\"name\":\"Contadorespublicossantander\",\"description\":\"Portal para Contadores P\u00fablicos y empresarios\",\"publisher\":{\"@id\":\"https:\\\/\\\/contadoreshoy.com\\\/#organization\"},\"potentialAction\":[{\"@type\":\"SearchAction\",\"target\":{\"@type\":\"EntryPoint\",\"urlTemplate\":\"https:\\\/\\\/contadoreshoy.com\\\/?s={search_term_string}\"},\"query-input\":{\"@type\":\"PropertyValueSpecification\",\"valueRequired\":true,\"valueName\":\"search_term_string\"}}],\"inLanguage\":\"es\"},{\"@type\":\"Organization\",\"@id\":\"https:\\\/\\\/contadoreshoy.com\\\/#organization\",\"name\":\"Contadores P\u00fablicos de Santander\",\"url\":\"https:\\\/\\\/contadoreshoy.com\\\/\",\"logo\":{\"@type\":\"ImageObject\",\"inLanguage\":\"es\",\"@id\":\"https:\\\/\\\/contadoreshoy.com\\\/#\\\/schema\\\/logo\\\/image\\\/\",\"url\":\"https:\\\/\\\/contadoreshoy.com\\\/wp-content\\\/uploads\\\/2024\\\/01\\\/cropped-cropped-Copia-de-M-1.jpg\",\"contentUrl\":\"https:\\\/\\\/contadoreshoy.com\\\/wp-content\\\/uploads\\\/2024\\\/01\\\/cropped-cropped-Copia-de-M-1.jpg\",\"width\":499,\"height\":500,\"caption\":\"Contadores P\u00fablicos de Santander\"},\"image\":{\"@id\":\"https:\\\/\\\/contadoreshoy.com\\\/#\\\/schema\\\/logo\\\/image\\\/\"},\"sameAs\":[\"https:\\\/\\\/www.facebook.com\\\/CCCPBucaramanga\\\/\"]},{\"@type\":\"Person\",\"@id\":\"https:\\\/\\\/contadoreshoy.com\\\/#\\\/schema\\\/person\\\/96d8979cb865537c5dc9345e40089fc5\",\"name\":\"Miguel Antonio M\u00e1rquez Monta\u00f1ez\",\"description\":\"Contador P\u00fablico egresado de la Universidad Aut\u00f3noma de Bucaramanga - Asesor contable tributario con m\u00e1s de 25 a\u00f1os de experiencia - Conferencista en temas contables y tributarios - T\u00e9cnico en Hardware y Dise\u00f1o Web - Creador y director Grupo de Estudio Colegio Colombiano de Contadores P\u00fablicos de Bucaramanga - Creador y Master Web p\u00e1gina www.contadoresp\u00fablicossantander.com - Expresidente Colegio Colombiano de Contadores P\u00fablicos Bucaramanga\",\"url\":\"https:\\\/\\\/contadoreshoy.com\\\/?author=1\"}]}<\/script>\n<!-- \/ Yoast SEO plugin. -->","yoast_head_json":{"title":"Decreto Presidencial 579 de abril 15 de 2020 - Medidas sobre contratos de arrendamiento - Contadores P\u00fablicos","robots":{"index":"index","follow":"follow","max-snippet":"max-snippet:-1","max-image-preview":"max-image-preview:large","max-video-preview":"max-video-preview:-1"},"canonical":"https:\/\/contadoreshoy.com\/?p=12433","og_locale":"es_ES","og_type":"article","og_title":"Decreto Presidencial 579 de abril 15 de 2020 - Medidas sobre contratos de arrendamiento - Contadores P\u00fablicos","og_description":"Apartes relevantes del Decreto Presidencial 579 de abril 15 de 2020, por el cual se adoptan medidas transitorias en materia de propiedad horizontal, y contratos de arrendamiento, en el marco&#46;&#46;&#46;","og_url":"https:\/\/contadoreshoy.com\/?p=12433","og_site_name":"Contadores P\u00fablicos","article_publisher":"https:\/\/www.facebook.com\/CCCPBucaramanga\/","article_published_time":"2020-04-20T15:53:46+00:00","og_image":[{"width":600,"height":400,"url":"https:\/\/contadoreshoy.com\/wp-content\/uploads\/2015\/09\/patrimonio.jpg","type":"image\/jpeg"}],"author":"Miguel Antonio M\u00e1rquez Monta\u00f1ez","twitter_card":"summary_large_image","twitter_misc":{"Escrito por":"Miguel Antonio M\u00e1rquez Monta\u00f1ez","Tiempo de lectura":"3 minutos"},"schema":{"@context":"https:\/\/schema.org","@graph":[{"@type":"Article","@id":"https:\/\/contadoreshoy.com\/?p=12433#article","isPartOf":{"@id":"https:\/\/contadoreshoy.com\/?p=12433"},"author":{"name":"Miguel Antonio M\u00e1rquez Monta\u00f1ez","@id":"https:\/\/contadoreshoy.com\/#\/schema\/person\/96d8979cb865537c5dc9345e40089fc5"},"headline":"Decreto Presidencial 579 de abril 15 de 2020 &#8211; Medidas sobre contratos de arrendamiento","datePublished":"2020-04-20T15:53:46+00:00","mainEntityOfPage":{"@id":"https:\/\/contadoreshoy.com\/?p=12433"},"wordCount":651,"commentCount":0,"publisher":{"@id":"https:\/\/contadoreshoy.com\/#organization"},"image":{"@id":"https:\/\/contadoreshoy.com\/?p=12433#primaryimage"},"thumbnailUrl":"https:\/\/contadoreshoy.com\/wp-content\/uploads\/2015\/09\/patrimonio.jpg","articleSection":{"1":"Uncategorized"},"inLanguage":"es","potentialAction":[{"@type":"CommentAction","name":"Comment","target":["https:\/\/contadoreshoy.com\/?p=12433#respond"]}]},{"@type":"WebPage","@id":"https:\/\/contadoreshoy.com\/?p=12433","url":"https:\/\/contadoreshoy.com\/?p=12433","name":"Decreto Presidencial 579 de abril 15 de 2020 - Medidas sobre contratos de arrendamiento - Contadores P\u00fablicos","isPartOf":{"@id":"https:\/\/contadoreshoy.com\/#website"},"primaryImageOfPage":{"@id":"https:\/\/contadoreshoy.com\/?p=12433#primaryimage"},"image":{"@id":"https:\/\/contadoreshoy.com\/?p=12433#primaryimage"},"thumbnailUrl":"https:\/\/contadoreshoy.com\/wp-content\/uploads\/2015\/09\/patrimonio.jpg","datePublished":"2020-04-20T15:53:46+00:00","breadcrumb":{"@id":"https:\/\/contadoreshoy.com\/?p=12433#breadcrumb"},"inLanguage":"es","potentialAction":[{"@type":"ReadAction","target":["https:\/\/contadoreshoy.com\/?p=12433"]}]},{"@type":"ImageObject","inLanguage":"es","@id":"https:\/\/contadoreshoy.com\/?p=12433#primaryimage","url":"https:\/\/contadoreshoy.com\/wp-content\/uploads\/2015\/09\/patrimonio.jpg","contentUrl":"https:\/\/contadoreshoy.com\/wp-content\/uploads\/2015\/09\/patrimonio.jpg","width":600,"height":400},{"@type":"BreadcrumbList","@id":"https:\/\/contadoreshoy.com\/?p=12433#breadcrumb","itemListElement":[{"@type":"ListItem","position":1,"name":"Portada","item":"https:\/\/contadoreshoy.com\/"},{"@type":"ListItem","position":2,"name":"Decreto Presidencial 579 de abril 15 de 2020 &#8211; Medidas sobre contratos de arrendamiento"}]},{"@type":"WebSite","@id":"https:\/\/contadoreshoy.com\/#website","url":"https:\/\/contadoreshoy.com\/","name":"Contadorespublicossantander","description":"Portal para Contadores P\u00fablicos y empresarios","publisher":{"@id":"https:\/\/contadoreshoy.com\/#organization"},"potentialAction":[{"@type":"SearchAction","target":{"@type":"EntryPoint","urlTemplate":"https:\/\/contadoreshoy.com\/?s={search_term_string}"},"query-input":{"@type":"PropertyValueSpecification","valueRequired":true,"valueName":"search_term_string"}}],"inLanguage":"es"},{"@type":"Organization","@id":"https:\/\/contadoreshoy.com\/#organization","name":"Contadores P\u00fablicos de Santander","url":"https:\/\/contadoreshoy.com\/","logo":{"@type":"ImageObject","inLanguage":"es","@id":"https:\/\/contadoreshoy.com\/#\/schema\/logo\/image\/","url":"https:\/\/contadoreshoy.com\/wp-content\/uploads\/2024\/01\/cropped-cropped-Copia-de-M-1.jpg","contentUrl":"https:\/\/contadoreshoy.com\/wp-content\/uploads\/2024\/01\/cropped-cropped-Copia-de-M-1.jpg","width":499,"height":500,"caption":"Contadores P\u00fablicos de Santander"},"image":{"@id":"https:\/\/contadoreshoy.com\/#\/schema\/logo\/image\/"},"sameAs":["https:\/\/www.facebook.com\/CCCPBucaramanga\/"]},{"@type":"Person","@id":"https:\/\/contadoreshoy.com\/#\/schema\/person\/96d8979cb865537c5dc9345e40089fc5","name":"Miguel Antonio M\u00e1rquez Monta\u00f1ez","description":"Contador P\u00fablico egresado de la Universidad Aut\u00f3noma de Bucaramanga - Asesor contable tributario con m\u00e1s de 25 a\u00f1os de experiencia - Conferencista en temas contables y tributarios - T\u00e9cnico en Hardware y Dise\u00f1o Web - Creador y director Grupo de Estudio Colegio Colombiano de Contadores P\u00fablicos de Bucaramanga - Creador y Master Web p\u00e1gina www.contadoresp\u00fablicossantander.com - Expresidente Colegio Colombiano de Contadores P\u00fablicos Bucaramanga","url":"https:\/\/contadoreshoy.com\/?author=1"}]}},"_links":{"self":[{"href":"https:\/\/contadoreshoy.com\/index.php?rest_route=\/wp\/v2\/posts\/12433","targetHints":{"allow":["GET"]}}],"collection":[{"href":"https:\/\/contadoreshoy.com\/index.php?rest_route=\/wp\/v2\/posts"}],"about":[{"href":"https:\/\/contadoreshoy.com\/index.php?rest_route=\/wp\/v2\/types\/post"}],"author":[{"embeddable":true,"href":"https:\/\/contadoreshoy.com\/index.php?rest_route=\/wp\/v2\/users\/1"}],"replies":[{"embeddable":true,"href":"https:\/\/contadoreshoy.com\/index.php?rest_route=%2Fwp%2Fv2%2Fcomments&post=12433"}],"version-history":[{"count":1,"href":"https:\/\/contadoreshoy.com\/index.php?rest_route=\/wp\/v2\/posts\/12433\/revisions"}],"predecessor-version":[{"id":12434,"href":"https:\/\/contadoreshoy.com\/index.php?rest_route=\/wp\/v2\/posts\/12433\/revisions\/12434"}],"wp:featuredmedia":[{"embeddable":true,"href":"https:\/\/contadoreshoy.com\/index.php?rest_route=\/wp\/v2\/media\/5909"}],"wp:attachment":[{"href":"https:\/\/contadoreshoy.com\/index.php?rest_route=%2Fwp%2Fv2%2Fmedia&parent=12433"}],"wp:term":[{"taxonomy":"category","embeddable":true,"href":"https:\/\/contadoreshoy.com\/index.php?rest_route=%2Fwp%2Fv2%2Fcategories&post=12433"},{"taxonomy":"post_tag","embeddable":true,"href":"https:\/\/contadoreshoy.com\/index.php?rest_route=%2Fwp%2Fv2%2Ftags&post=12433"}],"curies":[{"name":"wp","href":"https:\/\/api.w.org\/{rel}","templated":true}]}}