{"id":12476,"date":"2020-04-27T15:05:57","date_gmt":"2020-04-27T20:05:57","guid":{"rendered":"https:\/\/contadoreshoy.com\/?p=12476"},"modified":"2020-04-27T15:05:57","modified_gmt":"2020-04-27T20:05:57","slug":"prolongacion-aislamiento-preventivo-decreto-593-abril-24-2020","status":"publish","type":"post","link":"https:\/\/contadoreshoy.com\/?p=12476","title":{"rendered":"Prolongaci\u00f3n aislamiento preventivo &#8211; Decreto 593 abril 24 de 2020"},"content":{"rendered":"<p><img loading=\"lazy\" decoding=\"async\" class=\"aligncenter wp-image-12358 size-full\" src=\"https:\/\/contadoreshoy.com\/wp-content\/uploads\/2020\/03\/Encerrados.jpg\" alt=\"\" width=\"600\" height=\"400\"><\/p>\n<p style=\"text-align: justify;\"><strong><span style=\"color: #000000;\"><a href=\"https:\/\/dapre.presidencia.gov.co\/normativa\/normativa\/DECRETO%20593%20DEL%2024%20DE%20ABRIL%20DE%202020.pdf\" target=\"_blank\" rel=\"noopener\">Decreto 593 de abril 24 de 2020 del Ministerio del Interior<\/a>, por el cual se imparten instrucciones en virtud de la emergencia sanitaria generada por la pandemia del Coronavirus COVID-19, y el mantenimiento del orden p\u00fablico.<\/span><\/strong><\/p>\n<p style=\"text-align: justify;\"><strong><span style=\"color: #000000;\">Se ordena el aislamiento preventivo obligatorio de todas las personas habitantes de la Rep\u00fablica de Colombia, a partir de las cero horas (00:00 a.m.) del d\u00eda 27 de abril de 2020, hasta las cero horas (00:00 a.m.) del d\u00eda 11 de mayo de 2020, en el marco de la emergencia sanitaria por causa del Coronavirus COVID-19.<\/span><\/strong><\/p>\n<p style=\"text-align: justify;\"><span style=\"color: #0000ff;\"><strong>Se permitir\u00e1 el derecho de circulaci\u00f3n de las personas en los siguientes casos o actividades:<\/strong><\/span><\/p>\n<p style=\"text-align: justify;\"><strong><span style=\"color: #000000;\">1. Asistencia y prestaci\u00f3n de servicios de salud. <\/span><\/strong><\/p>\n<p style=\"text-align: justify;\"><strong><span style=\"color: #000000;\">2. Adquisici\u00f3n de bienes de primera necesidad -alimentos, bebidas, medicamentos, dispositivos m\u00e9dicos, aseo, limpieza, y mercanc\u00edas de ordinario consumo en la poblaci\u00f3n-.<\/span><\/strong><\/p>\n<p style=\"text-align: justify;\"><strong><span style=\"color: #000000;\"> 3. Desplazamiento a servicios bancarios, financieros y de operadores de pago, casas de cambio, operaciones de juegos de suerte y azar en la modalidad de novedosos y territoriales de apuestas permanentes, chance y loter\u00eda, y a servicios notariales y de registro de instrumentos p\u00fablicos.<\/span><\/strong><\/p>\n<p style=\"text-align: justify;\"><strong><span style=\"color: #000000;\"> 4. Asistencia y cuidado a ni\u00f1os, ni\u00f1as, adolescentes, personas mayores de 70 a\u00f1os, personas con discapacidad y enfermos con tratamientos especiales que requieren asistencia de personal capacitado. <\/span><\/strong><\/p>\n<p style=\"text-align: justify;\"><strong><span style=\"color: #000000;\">5. Por causa de fuerza mayor o caso fortuito. <\/span><\/strong><\/p>\n<p style=\"text-align: justify;\"><strong><span style=\"color: #000000;\">6. Las labores de las misiones m\u00e9dicas de la Organizaci\u00f3n Panamericana de la Salud &#8211; OPS \u00ady de todos los organismos internacionales humanitarios y de salud, la prestaci\u00f3n de los servicios profesionales, administrativos, operativos y t\u00e9cnicos de salud p\u00fablicos y privados. <\/span><\/strong><\/p>\n<p style=\"text-align: justify;\"><strong><span style=\"color: #000000;\">7. La cadena de producci\u00f3n, abastecimiento, almacenamiento, transporte, comercializaci\u00f3n y distribuci\u00f3n de medicamentos, productos farmac\u00e9uticos, insumos, productos de limpieza, desinfecci\u00f3n y aseo personal para hogares y hospitales, equipos y dispositivos de tecnolog\u00edas en salud, al igual que el mantenimiento y soporte para garantizar la continua prestaci\u00f3n de los servicios de salud. El funcionamiento de establecimientos y locales comerciales para la comercializaci\u00f3n de los medicamentos, productos farmac\u00e9uticos, insumos, equipos y dispositivos de tecnolog\u00edas en salud. <\/span><\/strong><\/p>\n<p style=\"text-align: justify;\"><strong><span style=\"color: #000000;\">8. Las actividades relacionadas con servicios de emergencia, incluidas las emergencias veterinarias. <\/span><\/strong><\/p>\n<p style=\"text-align: justify;\"><strong><span style=\"color: #000000;\">9. Los servicios funerarios, entierros y cremaciones. <\/span><\/strong><\/p>\n<p style=\"text-align: justify;\"><strong><span style=\"color: #000000;\">10. La cadena de producci\u00f3n, abastecimiento, almacenamiento, transporte, comercializaci\u00f3n y distribuci\u00f3n de: (i) insumos para producir bienes de primera necesidad; (ii) bienes de primera necesidad -alimentos, bebidas, medicamentos, dispositivos m\u00e9dicos, aseo, limpieza, y mercanc\u00edas de ordinario consumo en la poblaci\u00f3n-, (i\u00edi) reactivos de laboratorio, y (\u00edv) alimentos y medicinas para mascotas, y dem\u00e1s elementos y bienes necesarios para atender la emergencia sanitaria, as\u00ed como la cadena de insumos relacionados con la producci\u00f3n de estos bienes. <\/span><\/strong><\/p>\n<p style=\"text-align: justify;\"><strong><span style=\"color: #000000;\">11. La cadena de siembra, fumigaci\u00f3n, cosecha, producci\u00f3n, empaque, embalaje, importaci\u00f3n, exportaci\u00f3n, transporte, almacenamiento, distribuci\u00f3n y comercializaci\u00f3n de: semillas, insumos y productos agr\u00edcolas, pisc\u00edcolas, pecuarios y agroqu\u00edmicos \u00adfertilizantes, plaguicidas, fungicidas, herbicidas, y alimentos para animales, mantenimiento de la sanidad animal, el funcionamiento de centros de procesamiento primario y secundario de alimentos, la operaci\u00f3n de la infraestructura de comercializaci\u00f3n, riego mayor y menor para el abastecimiento de agua poblacional y agr\u00edcola, y la asistencia t\u00e9cnica. Se garantizar\u00e1 la log\u00edstica y el transporte de las anteriores actividades. <\/span><\/strong><\/p>\n<p style=\"text-align: justify;\"><strong><span style=\"color: #000000;\">12. La comercializaci\u00f3n presencial de productos de primera necesidad se har\u00e1 en mercados, abastos, bodegas, mercados, supermercados mayoristas y minoristas y mercados al detal en establecimientos y locales comerciales a nivel nacional, y podr\u00e1n comercializar sus productos mediante plataformas de comercio electr\u00f3nico y\/o para entrega a domicilio. <\/span><\/strong><\/p>\n<p style=\"text-align: justify;\"><strong><span style=\"color: #000000;\">13. Las actividades de los servidores p\u00fablicos y contratistas del Estado que sean estrictamente necesarias para prevenir, mitigar y atender la emergencia sanitaria por causa del Coronavirus COVID-19, y garantizar el funcionamiento de los servicios indispensables del Estado. <\/span><\/strong><\/p>\n<p style=\"text-align: justify;\"><strong><span style=\"color: #000000;\">14. Las actividades del personal de las misiones diplom\u00e1ticas y consulares debidamente acreditas ante el Estado colombiano, estrictamente necesarias para prevenir, mitigar y atender la emergencia sanitaria por causa del Coronavirus COVID-19. <\/span><\/strong><\/p>\n<p style=\"text-align: justify;\"><strong><span style=\"color: #000000;\">15.Las actividades de las Fuerzas Militares, la Polic\u00eda Nacional y organismos de seguridad del Estado, as\u00ed como de la industria militar y de defensa. <\/span><\/strong><\/p>\n<p style=\"text-align: justify;\"><strong><span style=\"color: #000000;\">16. Las actividades de los puertos de servicio p\u00fablico y privado, exclusivamente para el transporte de carga. <\/span><\/strong><\/p>\n<p style=\"text-align: justify;\"><strong><span style=\"color: #000000;\">17. Las actividades de dragado mar\u00edtimo y fluvial. <\/span><\/strong><\/p>\n<p style=\"text-align: justify;\"><strong><span style=\"color: #000000;\">18. La ejecuci\u00f3n de obras de infraestructura de transporte y obra p\u00fablica, as\u00ed como la cadena de suministros de materiales e insumos relacionados con la ejecuci\u00f3n de las mismas. <\/span><\/strong><\/p>\n<p style=\"text-align: justify;\"><strong><span style=\"color: #000000;\">19. La ejecuci\u00f3n de obras de construcci\u00f3n de edificaciones y actividades de garant\u00eda legal sobre la misma construcci\u00f3n, as\u00ed como el suministro de materiales e insumos exclusivamente destinados a la ejecuci\u00f3n de las mismas. <\/span><\/strong><\/p>\n<p style=\"text-align: justify;\"><strong><span style=\"color: #000000;\">20. La intervenci\u00f3n de obras civiles y de construcci\u00f3n, las cuales, por su estado de avance de obra o de sus caracter\u00edsticas, presenten riesgos de estabilidad t\u00e9cnica, amenaza de colapso o requieran acciones de reforzamiento estructural.<\/span><\/strong><\/p>\n<p style=\"text-align: justify;\"><strong><span style=\"color: #000000;\">21. La construcci\u00f3n de infraestructura de salud estrictamente necesaria para prevenir, mitigar y atender la emergencia sanitaria par causa del Coronavirus COVID-19. <\/span><\/strong><\/p>\n<p style=\"text-align: justify;\"><strong><span style=\"color: #000000;\">22. La operaci\u00f3n a\u00e9rea yaeroportuaria de conformidad con lo establecido en el art\u00edculo 6 del presente decreto, y su respectivo mantenimiento. <\/span><\/strong><\/p>\n<p style=\"text-align: justify;\"><strong><span style=\"color: #000000;\">23. La comercializaci\u00f3n de los productos de los establecimientos y locales gastron\u00f3micos mediante plataformas de comercio electr\u00f3nico o por entrega a domicilio. Los restaurantes ubicados dentro de las instalaciones hoteleras solo podr\u00e1n prestar servicios a sus hu\u00e9spedes. <\/span><\/strong><\/p>\n<p style=\"text-align: justify;\"><strong><span style=\"color: #000000;\">24. Las actividades de la industria hotelera para atender a sus hu\u00e9spedes, estrictamente necesarias para prevenir, mitigar y atender la emergencia sanitaria por causa del Coronavirus COVID-19. <\/span><\/strong><\/p>\n<p style=\"text-align: justify;\"><strong><span style=\"color: #000000;\">25. El funcionamiento de la infraestructura cr\u00edtica -computadores, sistemas computacionales, redes de comunicaciones, datos e informaci\u00f3n cuya destrucci\u00f3n o interferencia puede&nbsp; debilitar o impactar en la seguridad de la econom\u00eda, salud p\u00fablica o la combinaci\u00f3n de ellas. <\/span><\/strong><\/p>\n<p style=\"text-align: justify;\"><strong><span style=\"color: #000000;\">26. El funcionamiento y operaci\u00f3n de los centros de llamadas, los centros de contactos, los centros de soporte t\u00e9cnico y los centros de procesamiento de datos que presten servicios en el territorio nacional y de las plataformas de comercio electr\u00f3nico. <\/span><\/strong><\/p>\n<p style=\"text-align: justify;\"><strong><span style=\"color: #000000;\">27. El funcionamiento de la prestaci\u00f3n de los servicios de vigilancia y seguridad privada, los servicios carcelarios y penitenciarios y de empresas que prestan el servicio de limpieza y aseo en edificaciones p\u00fablicas, zonas comunes de edificaciones y las edificaciones en las que se desarrollen las actividades de que trata el presente art\u00edculo. <\/span><\/strong><\/p>\n<p style=\"text-align: justify;\"><strong><span style=\"color: #000000;\">28. Las actividades necesarias para garantizar la operaci\u00f3n, mantenimiento, almacenamiento y abastecimiento de la prestaci\u00f3n de: (i) servicios p\u00fablicos de acueducto, alcantarillado, energ\u00eda el\u00e9ctrica, alumbrado p\u00fablico, aseo (recolecci\u00f3n, transporte, aprovechamiento y disposici\u00f3n final, reciclaje, incluyendo los residuos biol\u00f3gicos o sanitarios); (ii)de la cadena log\u00edstica de insumos, suministros para la producci\u00f3n, el abastecimiento, importaci\u00f3n, exportaci\u00f3n y suministro de hidrocarburos, combustibles l\u00edquidos, biocombustibles, gas natural, gas licuado de petr\u00f3leo -GLP-, (iii) de la cadena log\u00edstica de insumos, suministros para la producci\u00f3n, el abastecimiento, importaci\u00f3n, exportaci\u00f3n y suministro de minerales, y (iv) el servicio de internet y telefon\u00eda. <\/span><\/strong><\/p>\n<p style=\"text-align: justify;\"><strong><span style=\"color: #000000;\">29. La prestaci\u00f3n de servicios bancarios y financieros, de operadores postales de pago, casas de cambio, operaciones de juegos de suerte y azar en la modalidad de novedosos y territoriales de apuestas permanentes, Chance y Loter\u00eda, centrales de riesgo, transporte de valores y actividades notariales y de registro de instrumentos p\u00fablicos, as\u00ed como la prestaci\u00f3n de los servicios relacionados con la expedici\u00f3n licencias urban\u00edsticas. El Superintendente de Notariado y Registro determinar\u00e1 los horarios y turnos, en los cuales se prestar\u00e1n los servicios notariales, garantizando la prestaci\u00f3n del servicio a las personas m\u00e1s vulnerables y a las personas, de especial protecci\u00f3n constitucional. El Superintendente de Notariado y Registro determinar\u00e1 los horarios, turnos en los cuales se prestar\u00e1n los servicios por parte de las oficinas de registro de instrumentos p\u00fablicos.<\/span><\/strong><\/p>\n<p style=\"text-align: justify;\"><strong><span style=\"color: #000000;\">30. El funcionamiento de los servicios postales, de mensajer\u00eda, radio, televisi\u00f3n, prensa y distribuci\u00f3n de los medios de comunicaci\u00f3n. <\/span><\/strong><\/p>\n<p style=\"text-align: justify;\"><strong><span style=\"color: #000000;\">31. El abastecimiento y distribuci\u00f3n de bienes de primera necesidad -alimentos, bebidas, medicamentos, dispositivos m\u00e9dicos, aseo, limpieza, y mercanc\u00edas de ordinario consumo en la poblaci\u00f3n-en virtud de programas sociales del Estado y de personas privadas. <\/span><\/strong><\/p>\n<p style=\"text-align: justify;\"><strong><span style=\"color: #000000;\">32. Las actividades del sector interreligioso relacionadas con los programas institucionales de emergencia, ayuda humanitaria, espiritual y psicol\u00f3gica. <\/span><\/strong><\/p>\n<p style=\"text-align: justify;\"><strong><span style=\"color: #000000;\">33. Las actividades estrictamente necesarias para operar y realizar los mantenimientos indispensables de empresas, plantas industriales o minas, del sector p\u00fablico o privado, que por la naturaleza de su proceso productivo requieran mantener su operaci\u00f3n ininterrumpidamente. <\/span><\/strong><\/p>\n<p style=\"text-align: justify;\"><strong><span style=\"color: #000000;\">34. Las actividades de los operadores de pagos de salarios, honorarios, pensiones, prestaciones econ\u00f3micas p\u00fablicos y privados; beneficios econ\u00f3micos peri\u00f3dicos sociales -BEPS-, y los correspondientes a los sistemas y subsistemas de Seguridad Social y Protecci\u00f3n Social. <\/span><\/strong><\/p>\n<p style=\"text-align: justify;\"><strong><span style=\"color: #000000;\">35. El desplazamiento estrictamente necesario del personal directivo y docente de las instituciones educativas p\u00fablicas y privadas, para prevenir, mitigar y atender la emergencia sanitaria por causa del Coronavirus COVID-19. <\/span><\/strong><\/p>\n<p style=\"text-align: justify;\"><strong><span style=\"color: #000000;\">36. La cadena de producci\u00f3n, abastecimiento, almacenamiento, reparaci\u00f3n, mantenimiento, transporte, comercializaci\u00f3n y distribuci\u00f3n de las manufacturas de productos textiles, de cuero y prendas de vestir; de transformaci\u00f3n de madera; de fabricaci\u00f3n de papel, cart\u00f3n y sus productos y derivados; y fabricaci\u00f3n de productos qu\u00edmicos, metales, el\u00e9ctricos, maquinaria y equipos. Todos los anteriores productos deber\u00e1n comercializarse mediante plataformas de comercio electr\u00f3nico o para entrega a domicilio. <\/span><\/strong><\/p>\n<p style=\"text-align: justify;\"><strong><span style=\"color: #000000;\">37. El desarrollo de actividades f\u00edsicas y de ejercicio al aire libre de personas que se encuentren en el rango de edad de 18 a 60 a\u00f1os, por un per\u00edodo m\u00e1ximo de una (1) hora diaria, de acuerdo con las medidas, instrucciones y horarios que fijen los alcaldes en sus respectivas jurisdicciones territoriales. En todo caso se deber\u00e1n atender los protocolos de bioseguridad que para los efectos se establezcan. <\/span><\/strong><\/p>\n<p style=\"text-align: justify;\"><strong><span style=\"color: #000000;\">38. La realizaci\u00f3n de aval\u00faos de bienes y realizaci\u00f3n de estudios de t\u00edtulos que tengan por objeto la constituci\u00f3n de garant\u00edas, ante entidades vigiladas por la Superintendencia Financiera de Colombia. <\/span><\/strong><\/p>\n<p style=\"text-align: justify;\"><strong><span style=\"color: #000000;\">39. El funcionamiento de las comisar\u00edas de familia e inspecciones de polic\u00eda, as\u00ed como los usuarios de estas. <\/span><\/strong><\/p>\n<p style=\"text-align: justify;\"><strong><span style=\"color: #000000;\">40. La fabricaci\u00f3n, reparaci\u00f3n, mantenimiento y compra y venta de repuestos y accesorios de bicicletas convencionales y el\u00e9ctricas. 41. Parqueaderos p\u00fablicos para veh\u00edculos.<\/span><\/strong><\/p>\n<p style=\"text-align: justify;\"><a href=\"https:\/\/dapre.presidencia.gov.co\/normativa\/normativa\/DECRETO%20593%20DEL%2024%20DE%20ABRIL%20DE%202020.pdf\" target=\"_blank\" rel=\"noopener\"><span style=\"color: #0000ff;\"><strong>Para ver Decreto 593 de abril 24 de 2020, dar click<\/strong><\/span><\/a><\/p>\n","protected":false},"excerpt":{"rendered":"<p>Decreto 593 de abril 24 de 2020 del Ministerio del Interior, por el cual se imparten instrucciones en virtud de la emergencia sanitaria generada por la pandemia del Coronavirus COVID-19,&#46;&#46;&#46;<\/p>\n","protected":false},"author":1,"featured_media":12358,"comment_status":"open","ping_status":"open","sticky":false,"template":"","format":"standard","meta":{"_monsterinsights_skip_tracking":false,"ngg_post_thumbnail":0,"footnotes":"","_links_to":"","_links_to_target":""},"categories":[454,1],"tags":[],"class_list":["post-12476","post","type-post","status-publish","format-standard","has-post-thumbnail","hentry","category-sin-categoria","category-uncategorized"],"aioseo_notices":[],"aioseo_head":"\n\t\t<!-- All in One SEO 5.0.1.1 - aioseo.com -->\n\t<meta name=\"description\" content=\"Decreto 593 de abril 24 de 2020 del Ministerio del Interior, por el cual se imparten instrucciones en virtud de la emergencia sanitaria generada por la pandemia del Coronavirus COVID-19, y el mantenimiento del orden p\u00fablico. Se ordena el aislamiento preventivo obligatorio de todas las personas habitantes de la Rep\u00fablica de Colombia, a partir de\" \/>\n\t<meta name=\"robots\" content=\"max-image-preview:large\" \/>\n\t<meta name=\"author\" content=\"Miguel Antonio M\u00e1rquez Monta\u00f1ez\"\/>\n\t<link rel=\"canonical\" href=\"https:\/\/contadoreshoy.com\/?p=12476\" \/>\n\t<meta name=\"generator\" content=\"All in One SEO (AIOSEO) 5.0.1.1\" \/>\n\t\t<meta property=\"og:locale\" content=\"es_ES\" \/>\n\t\t<meta property=\"og:site_name\" content=\"Contadores P\u00fablicos - Portal para Contadores P\u00fablicos y empresarios\" \/>\n\t\t<meta property=\"og:type\" content=\"article\" \/>\n\t\t<meta property=\"og:title\" content=\"Prolongaci\u00f3n aislamiento preventivo \u2013 Decreto 593 abril 24 de 2020 - Contadores P\u00fablicos\" \/>\n\t\t<meta property=\"og:description\" content=\"Decreto 593 de abril 24 de 2020 del Ministerio del Interior, por el cual se imparten instrucciones en virtud de la emergencia sanitaria generada por la pandemia del Coronavirus COVID-19, y el mantenimiento del orden p\u00fablico. Se ordena el aislamiento preventivo obligatorio de todas las personas habitantes de la Rep\u00fablica de Colombia, a partir de\" \/>\n\t\t<meta property=\"og:url\" content=\"https:\/\/contadoreshoy.com\/?p=12476\" \/>\n\t\t<meta property=\"og:image\" content=\"https:\/\/contadoreshoy.com\/wp-content\/uploads\/2024\/01\/cropped-cropped-cropped-Copia-de-M.jpg\" \/>\n\t\t<meta property=\"og:image:secure_url\" content=\"https:\/\/contadoreshoy.com\/wp-content\/uploads\/2024\/01\/cropped-cropped-cropped-Copia-de-M.jpg\" \/>\n\t\t<meta property=\"og:image:width\" content=\"512\" \/>\n\t\t<meta property=\"og:image:height\" content=\"371\" \/>\n\t\t<meta property=\"article:published_time\" content=\"2020-04-27T20:05:57+00:00\" \/>\n\t\t<meta property=\"article:modified_time\" content=\"2020-04-27T20:05:57+00:00\" \/>\n\t\t<meta name=\"twitter:card\" content=\"summary_large_image\" \/>\n\t\t<meta name=\"twitter:title\" content=\"Prolongaci\u00f3n aislamiento preventivo \u2013 Decreto 593 abril 24 de 2020 - Contadores P\u00fablicos\" \/>\n\t\t<meta name=\"twitter:description\" content=\"Decreto 593 de abril 24 de 2020 del Ministerio del Interior, por el cual se imparten instrucciones en virtud de la emergencia sanitaria generada por la pandemia del Coronavirus COVID-19, y el mantenimiento del orden p\u00fablico. Se ordena el aislamiento preventivo obligatorio de todas las personas habitantes de la Rep\u00fablica de Colombia, a partir de\" \/>\n\t\t<meta name=\"twitter:image\" content=\"https:\/\/contadoreshoy.com\/wp-content\/uploads\/2024\/01\/cropped-cropped-cropped-Copia-de-M.jpg\" \/>\n\t\t<script type=\"application\/ld+json\" class=\"aioseo-schema\">\n\t\t\t{\"@context\":\"https:\\\/\\\/schema.org\",\"@graph\":[{\"@type\":\"BlogPosting\",\"@id\":\"https:\\\/\\\/contadoreshoy.com\\\/?p=12476#blogposting\",\"name\":\"Prolongaci\\u00f3n aislamiento preventivo \\u2013 Decreto 593 abril 24 de 2020 - Contadores P\\u00fablicos\",\"headline\":\"Prolongaci\\u00f3n aislamiento preventivo &#8211; Decreto 593 abril 24 de 2020\",\"author\":{\"@id\":\"https:\\\/\\\/contadoreshoy.com\\\/?author=1#author\"},\"publisher\":{\"@id\":\"https:\\\/\\\/contadoreshoy.com\\\/#organization\"},\"image\":{\"@type\":\"ImageObject\",\"url\":\"https:\\\/\\\/contadoreshoy.com\\\/wp-content\\\/uploads\\\/2020\\\/03\\\/Encerrados.jpg\",\"width\":600,\"height\":400},\"datePublished\":\"2020-04-27T15:05:57-05:00\",\"dateModified\":\"2020-04-27T15:05:57-05:00\",\"inLanguage\":\"es-ES\",\"mainEntityOfPage\":{\"@id\":\"https:\\\/\\\/contadoreshoy.com\\\/?p=12476#webpage\"},\"isPartOf\":{\"@id\":\"https:\\\/\\\/contadoreshoy.com\\\/?p=12476#webpage\"},\"articleSection\":\"Sin categor\\u00eda, Uncategorized\"},{\"@type\":\"BreadcrumbList\",\"@id\":\"https:\\\/\\\/contadoreshoy.com\\\/?p=12476#breadcrumblist\",\"itemListElement\":[{\"@type\":\"ListItem\",\"@id\":\"https:\\\/\\\/contadoreshoy.com#listItem\",\"position\":1,\"name\":\"Home\",\"item\":\"https:\\\/\\\/contadoreshoy.com\",\"nextItem\":{\"@type\":\"ListItem\",\"@id\":\"https:\\\/\\\/contadoreshoy.com\\\/?cat=1#listItem\",\"name\":\"Uncategorized\"}},{\"@type\":\"ListItem\",\"@id\":\"https:\\\/\\\/contadoreshoy.com\\\/?cat=1#listItem\",\"position\":2,\"name\":\"Uncategorized\",\"item\":\"https:\\\/\\\/contadoreshoy.com\\\/?cat=1\",\"nextItem\":{\"@type\":\"ListItem\",\"@id\":\"https:\\\/\\\/contadoreshoy.com\\\/?p=12476#listItem\",\"name\":\"Prolongaci\\u00f3n aislamiento preventivo &#8211; Decreto 593 abril 24 de 2020\"},\"previousItem\":{\"@type\":\"ListItem\",\"@id\":\"https:\\\/\\\/contadoreshoy.com#listItem\",\"name\":\"Home\"}},{\"@type\":\"ListItem\",\"@id\":\"https:\\\/\\\/contadoreshoy.com\\\/?p=12476#listItem\",\"position\":3,\"name\":\"Prolongaci\\u00f3n aislamiento preventivo &#8211; Decreto 593 abril 24 de 2020\",\"previousItem\":{\"@type\":\"ListItem\",\"@id\":\"https:\\\/\\\/contadoreshoy.com\\\/?cat=1#listItem\",\"name\":\"Uncategorized\"}}]},{\"@type\":\"Organization\",\"@id\":\"https:\\\/\\\/contadoreshoy.com\\\/#organization\",\"name\":\"Contadores P\\u00fablicos\",\"description\":\"Portal para Contadores P\\u00fablicos y empresarios\",\"url\":\"https:\\\/\\\/contadoreshoy.com\\\/\",\"logo\":{\"@type\":\"ImageObject\",\"url\":\"https:\\\/\\\/contadoreshoy.com\\\/wp-content\\\/uploads\\\/2024\\\/01\\\/cropped-cropped-Copia-de-M-1.jpg\",\"@id\":\"https:\\\/\\\/contadoreshoy.com\\\/?p=12476\\\/#organizationLogo\",\"width\":499,\"height\":500},\"image\":{\"@id\":\"https:\\\/\\\/contadoreshoy.com\\\/?p=12476\\\/#organizationLogo\"}},{\"@type\":\"Person\",\"@id\":\"https:\\\/\\\/contadoreshoy.com\\\/?author=1#author\",\"url\":\"https:\\\/\\\/contadoreshoy.com\\\/?author=1\",\"name\":\"Miguel Antonio M\\u00e1rquez Monta\\u00f1ez\"},{\"@type\":\"WebPage\",\"@id\":\"https:\\\/\\\/contadoreshoy.com\\\/?p=12476#webpage\",\"url\":\"https:\\\/\\\/contadoreshoy.com\\\/?p=12476\",\"name\":\"Prolongaci\\u00f3n aislamiento preventivo \\u2013 Decreto 593 abril 24 de 2020 - Contadores P\\u00fablicos\",\"description\":\"Decreto 593 de abril 24 de 2020 del Ministerio del Interior, por el cual se imparten instrucciones en virtud de la emergencia sanitaria generada por la pandemia del Coronavirus COVID-19, y el mantenimiento del orden p\\u00fablico. Se ordena el aislamiento preventivo obligatorio de todas las personas habitantes de la Rep\\u00fablica de Colombia, a partir de\",\"inLanguage\":\"es-ES\",\"isPartOf\":{\"@id\":\"https:\\\/\\\/contadoreshoy.com\\\/#website\"},\"breadcrumb\":{\"@id\":\"https:\\\/\\\/contadoreshoy.com\\\/?p=12476#breadcrumblist\"},\"author\":{\"@id\":\"https:\\\/\\\/contadoreshoy.com\\\/?author=1#author\"},\"creator\":{\"@id\":\"https:\\\/\\\/contadoreshoy.com\\\/?author=1#author\"},\"image\":{\"@type\":\"ImageObject\",\"url\":\"https:\\\/\\\/contadoreshoy.com\\\/wp-content\\\/uploads\\\/2020\\\/03\\\/Encerrados.jpg\",\"@id\":\"https:\\\/\\\/contadoreshoy.com\\\/?p=12476\\\/#mainImage\",\"width\":600,\"height\":400},\"primaryImageOfPage\":{\"@id\":\"https:\\\/\\\/contadoreshoy.com\\\/?p=12476#mainImage\"},\"datePublished\":\"2020-04-27T15:05:57-05:00\",\"dateModified\":\"2020-04-27T15:05:57-05:00\"},{\"@type\":\"WebSite\",\"@id\":\"https:\\\/\\\/contadoreshoy.com\\\/#website\",\"url\":\"https:\\\/\\\/contadoreshoy.com\\\/\",\"name\":\"Contadores P\\u00fablicos\",\"description\":\"Portal para Contadores P\\u00fablicos y empresarios\",\"inLanguage\":\"es-ES\",\"publisher\":{\"@id\":\"https:\\\/\\\/contadoreshoy.com\\\/#organization\"}}]}\n\t\t<\/script>\n\t\t<!-- All in One SEO -->\n\n","aioseo_head_json":{"title":"Prolongaci\u00f3n aislamiento preventivo \u2013 Decreto 593 abril 24 de 2020 - Contadores P\u00fablicos","description":"Decreto 593 de abril 24 de 2020 del Ministerio del Interior, por el cual se imparten instrucciones en virtud de la emergencia sanitaria generada por la pandemia del Coronavirus COVID-19, y el mantenimiento del orden p\u00fablico. Se ordena el aislamiento preventivo obligatorio de todas las personas habitantes de la Rep\u00fablica de Colombia, a partir de","canonical_url":"https:\/\/contadoreshoy.com\/?p=12476","robots":"max-image-preview:large","keywords":"","webmasterTools":{"miscellaneous":""},"schema":{"@context":"https:\/\/schema.org","@graph":[{"@type":"BlogPosting","@id":"https:\/\/contadoreshoy.com\/?p=12476#blogposting","name":"Prolongaci\u00f3n aislamiento preventivo \u2013 Decreto 593 abril 24 de 2020 - Contadores P\u00fablicos","headline":"Prolongaci\u00f3n aislamiento preventivo &#8211; Decreto 593 abril 24 de 2020","author":{"@id":"https:\/\/contadoreshoy.com\/?author=1#author"},"publisher":{"@id":"https:\/\/contadoreshoy.com\/#organization"},"image":{"@type":"ImageObject","url":"https:\/\/contadoreshoy.com\/wp-content\/uploads\/2020\/03\/Encerrados.jpg","width":600,"height":400},"datePublished":"2020-04-27T15:05:57-05:00","dateModified":"2020-04-27T15:05:57-05:00","inLanguage":"es-ES","mainEntityOfPage":{"@id":"https:\/\/contadoreshoy.com\/?p=12476#webpage"},"isPartOf":{"@id":"https:\/\/contadoreshoy.com\/?p=12476#webpage"},"articleSection":"Sin categor\u00eda, Uncategorized"},{"@type":"BreadcrumbList","@id":"https:\/\/contadoreshoy.com\/?p=12476#breadcrumblist","itemListElement":[{"@type":"ListItem","@id":"https:\/\/contadoreshoy.com#listItem","position":1,"name":"Home","item":"https:\/\/contadoreshoy.com","nextItem":{"@type":"ListItem","@id":"https:\/\/contadoreshoy.com\/?cat=1#listItem","name":"Uncategorized"}},{"@type":"ListItem","@id":"https:\/\/contadoreshoy.com\/?cat=1#listItem","position":2,"name":"Uncategorized","item":"https:\/\/contadoreshoy.com\/?cat=1","nextItem":{"@type":"ListItem","@id":"https:\/\/contadoreshoy.com\/?p=12476#listItem","name":"Prolongaci\u00f3n aislamiento preventivo &#8211; Decreto 593 abril 24 de 2020"},"previousItem":{"@type":"ListItem","@id":"https:\/\/contadoreshoy.com#listItem","name":"Home"}},{"@type":"ListItem","@id":"https:\/\/contadoreshoy.com\/?p=12476#listItem","position":3,"name":"Prolongaci\u00f3n aislamiento preventivo &#8211; Decreto 593 abril 24 de 2020","previousItem":{"@type":"ListItem","@id":"https:\/\/contadoreshoy.com\/?cat=1#listItem","name":"Uncategorized"}}]},{"@type":"Organization","@id":"https:\/\/contadoreshoy.com\/#organization","name":"Contadores P\u00fablicos","description":"Portal para Contadores P\u00fablicos y empresarios","url":"https:\/\/contadoreshoy.com\/","logo":{"@type":"ImageObject","url":"https:\/\/contadoreshoy.com\/wp-content\/uploads\/2024\/01\/cropped-cropped-Copia-de-M-1.jpg","@id":"https:\/\/contadoreshoy.com\/?p=12476\/#organizationLogo","width":499,"height":500},"image":{"@id":"https:\/\/contadoreshoy.com\/?p=12476\/#organizationLogo"}},{"@type":"Person","@id":"https:\/\/contadoreshoy.com\/?author=1#author","url":"https:\/\/contadoreshoy.com\/?author=1","name":"Miguel Antonio M\u00e1rquez Monta\u00f1ez"},{"@type":"WebPage","@id":"https:\/\/contadoreshoy.com\/?p=12476#webpage","url":"https:\/\/contadoreshoy.com\/?p=12476","name":"Prolongaci\u00f3n aislamiento preventivo \u2013 Decreto 593 abril 24 de 2020 - Contadores P\u00fablicos","description":"Decreto 593 de abril 24 de 2020 del Ministerio del Interior, por el cual se imparten instrucciones en virtud de la emergencia sanitaria generada por la pandemia del Coronavirus COVID-19, y el mantenimiento del orden p\u00fablico. Se ordena el aislamiento preventivo obligatorio de todas las personas habitantes de la Rep\u00fablica de Colombia, a partir de","inLanguage":"es-ES","isPartOf":{"@id":"https:\/\/contadoreshoy.com\/#website"},"breadcrumb":{"@id":"https:\/\/contadoreshoy.com\/?p=12476#breadcrumblist"},"author":{"@id":"https:\/\/contadoreshoy.com\/?author=1#author"},"creator":{"@id":"https:\/\/contadoreshoy.com\/?author=1#author"},"image":{"@type":"ImageObject","url":"https:\/\/contadoreshoy.com\/wp-content\/uploads\/2020\/03\/Encerrados.jpg","@id":"https:\/\/contadoreshoy.com\/?p=12476\/#mainImage","width":600,"height":400},"primaryImageOfPage":{"@id":"https:\/\/contadoreshoy.com\/?p=12476#mainImage"},"datePublished":"2020-04-27T15:05:57-05:00","dateModified":"2020-04-27T15:05:57-05:00"},{"@type":"WebSite","@id":"https:\/\/contadoreshoy.com\/#website","url":"https:\/\/contadoreshoy.com\/","name":"Contadores P\u00fablicos","description":"Portal para Contadores P\u00fablicos y empresarios","inLanguage":"es-ES","publisher":{"@id":"https:\/\/contadoreshoy.com\/#organization"}}]},"og:locale":"es_ES","og:site_name":"Contadores P\u00fablicos - Portal para Contadores P\u00fablicos y empresarios","og:type":"article","og:title":"Prolongaci\u00f3n aislamiento preventivo \u2013 Decreto 593 abril 24 de 2020 - Contadores P\u00fablicos","og:description":"Decreto 593 de abril 24 de 2020 del Ministerio del Interior, por el cual se imparten instrucciones en virtud de la emergencia sanitaria generada por la pandemia del Coronavirus COVID-19, y el mantenimiento del orden p\u00fablico. Se ordena el aislamiento preventivo obligatorio de todas las personas habitantes de la Rep\u00fablica de Colombia, a partir de","og:url":"https:\/\/contadoreshoy.com\/?p=12476","og:image":"https:\/\/contadoreshoy.com\/wp-content\/uploads\/2024\/01\/cropped-cropped-cropped-Copia-de-M.jpg","og:image:secure_url":"https:\/\/contadoreshoy.com\/wp-content\/uploads\/2024\/01\/cropped-cropped-cropped-Copia-de-M.jpg","og:image:width":512,"og:image:height":371,"article:published_time":"2020-04-27T20:05:57+00:00","article:modified_time":"2020-04-27T20:05:57+00:00","twitter:card":"summary_large_image","twitter:title":"Prolongaci\u00f3n aislamiento preventivo \u2013 Decreto 593 abril 24 de 2020 - Contadores P\u00fablicos","twitter:description":"Decreto 593 de abril 24 de 2020 del Ministerio del Interior, por el cual se imparten instrucciones en virtud de la emergencia sanitaria generada por la pandemia del Coronavirus COVID-19, y el mantenimiento del orden p\u00fablico. Se ordena el aislamiento preventivo obligatorio de todas las personas habitantes de la Rep\u00fablica de Colombia, a partir de","twitter:image":"https:\/\/contadoreshoy.com\/wp-content\/uploads\/2024\/01\/cropped-cropped-cropped-Copia-de-M.jpg"},"aioseo_meta_data":{"post_id":"12476","title":null,"description":null,"keywords":null,"keyphrases":null,"primary_term":null,"canonical_url":null,"og_title":null,"og_description":null,"og_object_type":"default","og_image_type":"default","og_image_url":null,"og_image_width":null,"og_image_height":null,"og_image_custom_url":null,"og_image_custom_fields":null,"og_video":null,"og_custom_url":null,"og_article_section":null,"og_article_tags":null,"twitter_use_og":false,"twitter_card":"default","twitter_image_type":"default","twitter_image_url":null,"twitter_image_custom_url":null,"twitter_image_custom_fields":null,"twitter_title":null,"twitter_description":null,"schema":{"blockGraphs":[],"customGraphs":[],"default":{"data":{"Article":[],"Course":[],"Dataset":[],"FAQPage":[],"Movie":[],"Person":[],"Product":[],"ProductReview":[],"Car":[],"Recipe":[],"Service":[],"SoftwareApplication":[],"WebPage":[]},"graphName":"","isEnabled":true},"graphs":[]},"schema_type":"default","schema_type_options":null,"pillar_content":false,"robots_default":true,"robots_noindex":false,"robots_noarchive":false,"robots_nosnippet":false,"robots_nofollow":false,"robots_noimageindex":false,"robots_noodp":false,"robots_notranslate":false,"robots_max_snippet":null,"robots_max_videopreview":null,"robots_max_imagepreview":"large","priority":null,"frequency":null,"local_seo":null,"breadcrumb_settings":null,"limit_modified_date":false,"ai":null,"created":"2024-03-05 02:15:37","updated":"2026-03-03 05:24:40","seo_analyzer_scan_date":null,"focus_keyword":null,"additional_keywords":null,"truseo_locale":null},"aioseo_breadcrumb":"<div class=\"aioseo-breadcrumbs\"><span class=\"aioseo-breadcrumb\">\n\t\t\t<a href=\"https:\/\/contadoreshoy.com\" title=\"Home\">Home<\/a>\n\t\t<\/span><span class=\"aioseo-breadcrumb-separator\">&raquo;<\/span><span class=\"aioseo-breadcrumb\">\n\t\t\t<a href=\"https:\/\/contadoreshoy.com\/?cat=1\" title=\"Uncategorized\">Uncategorized<\/a>\n\t\t<\/span><span class=\"aioseo-breadcrumb-separator\">&raquo;<\/span><span class=\"aioseo-breadcrumb\">\n\t\t\tProlongaci\u00f3n aislamiento preventivo \u2013 Decreto 593 abril 24 de 2020\n\t\t<\/span><\/div>","aioseo_breadcrumb_json":[{"label":"Home","link":"https:\/\/contadoreshoy.com"},{"label":"Uncategorized","link":"https:\/\/contadoreshoy.com\/?cat=1"},{"label":"Prolongaci\u00f3n aislamiento preventivo &#8211; Decreto 593 abril 24 de 2020","link":"https:\/\/contadoreshoy.com\/?p=12476"}],"yoast_head":"<!-- This site is optimized with the Yoast SEO plugin v28.4 - https:\/\/yoast.com\/product\/yoast-seo-wordpress\/ -->\n<title>Prolongaci\u00f3n aislamiento preventivo - Decreto 593 abril 24 de 2020 - Contadores P\u00fablicos<\/title>\n<meta name=\"robots\" content=\"index, follow, max-snippet:-1, max-image-preview:large, max-video-preview:-1\" \/>\n<link rel=\"canonical\" href=\"https:\/\/contadoreshoy.com\/?p=12476\" \/>\n<meta property=\"og:locale\" content=\"es_ES\" \/>\n<meta property=\"og:type\" content=\"article\" \/>\n<meta property=\"og:title\" content=\"Prolongaci\u00f3n aislamiento preventivo - Decreto 593 abril 24 de 2020 - Contadores P\u00fablicos\" \/>\n<meta property=\"og:description\" content=\"Decreto 593 de abril 24 de 2020 del Ministerio del Interior, por el cual se imparten instrucciones en virtud de la emergencia sanitaria generada por la pandemia del Coronavirus COVID-19,&#046;&#046;&#046;\" \/>\n<meta property=\"og:url\" content=\"https:\/\/contadoreshoy.com\/?p=12476\" \/>\n<meta property=\"og:site_name\" content=\"Contadores P\u00fablicos\" \/>\n<meta property=\"article:publisher\" content=\"https:\/\/www.facebook.com\/CCCPBucaramanga\/\" \/>\n<meta property=\"article:published_time\" content=\"2020-04-27T20:05:57+00:00\" \/>\n<meta property=\"og:image\" content=\"https:\/\/contadoreshoy.com\/wp-content\/uploads\/2020\/03\/Encerrados.jpg\" \/>\n\t<meta property=\"og:image:width\" content=\"600\" \/>\n\t<meta property=\"og:image:height\" content=\"400\" \/>\n\t<meta property=\"og:image:type\" content=\"image\/jpeg\" \/>\n<meta name=\"author\" content=\"Miguel Antonio M\u00e1rquez Monta\u00f1ez\" \/>\n<meta name=\"twitter:card\" content=\"summary_large_image\" \/>\n<meta name=\"twitter:label1\" content=\"Escrito por\" \/>\n\t<meta name=\"twitter:data1\" content=\"Miguel Antonio M\u00e1rquez Monta\u00f1ez\" \/>\n\t<meta name=\"twitter:label2\" content=\"Tiempo de lectura\" \/>\n\t<meta name=\"twitter:data2\" content=\"9 minutos\" \/>\n<script type=\"application\/ld+json\" class=\"yoast-schema-graph\">{\"@context\":\"https:\\\/\\\/schema.org\",\"@graph\":[{\"@type\":\"Article\",\"@id\":\"https:\\\/\\\/contadoreshoy.com\\\/?p=12476#article\",\"isPartOf\":{\"@id\":\"https:\\\/\\\/contadoreshoy.com\\\/?p=12476\"},\"author\":{\"name\":\"Miguel Antonio M\u00e1rquez Monta\u00f1ez\",\"@id\":\"https:\\\/\\\/contadoreshoy.com\\\/#\\\/schema\\\/person\\\/96d8979cb865537c5dc9345e40089fc5\"},\"headline\":\"Prolongaci\u00f3n aislamiento preventivo &#8211; Decreto 593 abril 24 de 2020\",\"datePublished\":\"2020-04-27T20:05:57+00:00\",\"mainEntityOfPage\":{\"@id\":\"https:\\\/\\\/contadoreshoy.com\\\/?p=12476\"},\"wordCount\":1756,\"commentCount\":0,\"publisher\":{\"@id\":\"https:\\\/\\\/contadoreshoy.com\\\/#organization\"},\"image\":{\"@id\":\"https:\\\/\\\/contadoreshoy.com\\\/?p=12476#primaryimage\"},\"thumbnailUrl\":\"https:\\\/\\\/contadoreshoy.com\\\/wp-content\\\/uploads\\\/2020\\\/03\\\/Encerrados.jpg\",\"articleSection\":{\"1\":\"Uncategorized\"},\"inLanguage\":\"es\",\"potentialAction\":[{\"@type\":\"CommentAction\",\"name\":\"Comment\",\"target\":[\"https:\\\/\\\/contadoreshoy.com\\\/?p=12476#respond\"]}]},{\"@type\":\"WebPage\",\"@id\":\"https:\\\/\\\/contadoreshoy.com\\\/?p=12476\",\"url\":\"https:\\\/\\\/contadoreshoy.com\\\/?p=12476\",\"name\":\"Prolongaci\u00f3n aislamiento preventivo - Decreto 593 abril 24 de 2020 - Contadores P\u00fablicos\",\"isPartOf\":{\"@id\":\"https:\\\/\\\/contadoreshoy.com\\\/#website\"},\"primaryImageOfPage\":{\"@id\":\"https:\\\/\\\/contadoreshoy.com\\\/?p=12476#primaryimage\"},\"image\":{\"@id\":\"https:\\\/\\\/contadoreshoy.com\\\/?p=12476#primaryimage\"},\"thumbnailUrl\":\"https:\\\/\\\/contadoreshoy.com\\\/wp-content\\\/uploads\\\/2020\\\/03\\\/Encerrados.jpg\",\"datePublished\":\"2020-04-27T20:05:57+00:00\",\"breadcrumb\":{\"@id\":\"https:\\\/\\\/contadoreshoy.com\\\/?p=12476#breadcrumb\"},\"inLanguage\":\"es\",\"potentialAction\":[{\"@type\":\"ReadAction\",\"target\":[\"https:\\\/\\\/contadoreshoy.com\\\/?p=12476\"]}]},{\"@type\":\"ImageObject\",\"inLanguage\":\"es\",\"@id\":\"https:\\\/\\\/contadoreshoy.com\\\/?p=12476#primaryimage\",\"url\":\"https:\\\/\\\/contadoreshoy.com\\\/wp-content\\\/uploads\\\/2020\\\/03\\\/Encerrados.jpg\",\"contentUrl\":\"https:\\\/\\\/contadoreshoy.com\\\/wp-content\\\/uploads\\\/2020\\\/03\\\/Encerrados.jpg\",\"width\":600,\"height\":400},{\"@type\":\"BreadcrumbList\",\"@id\":\"https:\\\/\\\/contadoreshoy.com\\\/?p=12476#breadcrumb\",\"itemListElement\":[{\"@type\":\"ListItem\",\"position\":1,\"name\":\"Portada\",\"item\":\"https:\\\/\\\/contadoreshoy.com\\\/\"},{\"@type\":\"ListItem\",\"position\":2,\"name\":\"Prolongaci\u00f3n aislamiento preventivo &#8211; Decreto 593 abril 24 de 2020\"}]},{\"@type\":\"WebSite\",\"@id\":\"https:\\\/\\\/contadoreshoy.com\\\/#website\",\"url\":\"https:\\\/\\\/contadoreshoy.com\\\/\",\"name\":\"Contadorespublicossantander\",\"description\":\"Portal para Contadores P\u00fablicos y empresarios\",\"publisher\":{\"@id\":\"https:\\\/\\\/contadoreshoy.com\\\/#organization\"},\"potentialAction\":[{\"@type\":\"SearchAction\",\"target\":{\"@type\":\"EntryPoint\",\"urlTemplate\":\"https:\\\/\\\/contadoreshoy.com\\\/?s={search_term_string}\"},\"query-input\":{\"@type\":\"PropertyValueSpecification\",\"valueRequired\":true,\"valueName\":\"search_term_string\"}}],\"inLanguage\":\"es\"},{\"@type\":\"Organization\",\"@id\":\"https:\\\/\\\/contadoreshoy.com\\\/#organization\",\"name\":\"Contadores P\u00fablicos de Santander\",\"url\":\"https:\\\/\\\/contadoreshoy.com\\\/\",\"logo\":{\"@type\":\"ImageObject\",\"inLanguage\":\"es\",\"@id\":\"https:\\\/\\\/contadoreshoy.com\\\/#\\\/schema\\\/logo\\\/image\\\/\",\"url\":\"https:\\\/\\\/contadoreshoy.com\\\/wp-content\\\/uploads\\\/2024\\\/01\\\/cropped-cropped-Copia-de-M-1.jpg\",\"contentUrl\":\"https:\\\/\\\/contadoreshoy.com\\\/wp-content\\\/uploads\\\/2024\\\/01\\\/cropped-cropped-Copia-de-M-1.jpg\",\"width\":499,\"height\":500,\"caption\":\"Contadores P\u00fablicos de Santander\"},\"image\":{\"@id\":\"https:\\\/\\\/contadoreshoy.com\\\/#\\\/schema\\\/logo\\\/image\\\/\"},\"sameAs\":[\"https:\\\/\\\/www.facebook.com\\\/CCCPBucaramanga\\\/\"]},{\"@type\":\"Person\",\"@id\":\"https:\\\/\\\/contadoreshoy.com\\\/#\\\/schema\\\/person\\\/96d8979cb865537c5dc9345e40089fc5\",\"name\":\"Miguel Antonio M\u00e1rquez Monta\u00f1ez\",\"description\":\"Contador P\u00fablico egresado de la Universidad Aut\u00f3noma de Bucaramanga - Asesor contable tributario con m\u00e1s de 25 a\u00f1os de experiencia - Conferencista en temas contables y tributarios - T\u00e9cnico en Hardware y Dise\u00f1o Web - Creador y director Grupo de Estudio Colegio Colombiano de Contadores P\u00fablicos de Bucaramanga - Creador y Master Web p\u00e1gina www.contadoresp\u00fablicossantander.com - Expresidente Colegio Colombiano de Contadores P\u00fablicos Bucaramanga\",\"url\":\"https:\\\/\\\/contadoreshoy.com\\\/?author=1\"}]}<\/script>\n<!-- \/ Yoast SEO plugin. -->","yoast_head_json":{"title":"Prolongaci\u00f3n aislamiento preventivo - Decreto 593 abril 24 de 2020 - Contadores P\u00fablicos","robots":{"index":"index","follow":"follow","max-snippet":"max-snippet:-1","max-image-preview":"max-image-preview:large","max-video-preview":"max-video-preview:-1"},"canonical":"https:\/\/contadoreshoy.com\/?p=12476","og_locale":"es_ES","og_type":"article","og_title":"Prolongaci\u00f3n aislamiento preventivo - Decreto 593 abril 24 de 2020 - Contadores P\u00fablicos","og_description":"Decreto 593 de abril 24 de 2020 del Ministerio del Interior, por el cual se imparten instrucciones en virtud de la emergencia sanitaria generada por la pandemia del Coronavirus COVID-19,&#46;&#46;&#46;","og_url":"https:\/\/contadoreshoy.com\/?p=12476","og_site_name":"Contadores P\u00fablicos","article_publisher":"https:\/\/www.facebook.com\/CCCPBucaramanga\/","article_published_time":"2020-04-27T20:05:57+00:00","og_image":[{"width":600,"height":400,"url":"https:\/\/contadoreshoy.com\/wp-content\/uploads\/2020\/03\/Encerrados.jpg","type":"image\/jpeg"}],"author":"Miguel Antonio M\u00e1rquez Monta\u00f1ez","twitter_card":"summary_large_image","twitter_misc":{"Escrito por":"Miguel Antonio M\u00e1rquez Monta\u00f1ez","Tiempo de lectura":"9 minutos"},"schema":{"@context":"https:\/\/schema.org","@graph":[{"@type":"Article","@id":"https:\/\/contadoreshoy.com\/?p=12476#article","isPartOf":{"@id":"https:\/\/contadoreshoy.com\/?p=12476"},"author":{"name":"Miguel Antonio M\u00e1rquez Monta\u00f1ez","@id":"https:\/\/contadoreshoy.com\/#\/schema\/person\/96d8979cb865537c5dc9345e40089fc5"},"headline":"Prolongaci\u00f3n aislamiento preventivo &#8211; Decreto 593 abril 24 de 2020","datePublished":"2020-04-27T20:05:57+00:00","mainEntityOfPage":{"@id":"https:\/\/contadoreshoy.com\/?p=12476"},"wordCount":1756,"commentCount":0,"publisher":{"@id":"https:\/\/contadoreshoy.com\/#organization"},"image":{"@id":"https:\/\/contadoreshoy.com\/?p=12476#primaryimage"},"thumbnailUrl":"https:\/\/contadoreshoy.com\/wp-content\/uploads\/2020\/03\/Encerrados.jpg","articleSection":{"1":"Uncategorized"},"inLanguage":"es","potentialAction":[{"@type":"CommentAction","name":"Comment","target":["https:\/\/contadoreshoy.com\/?p=12476#respond"]}]},{"@type":"WebPage","@id":"https:\/\/contadoreshoy.com\/?p=12476","url":"https:\/\/contadoreshoy.com\/?p=12476","name":"Prolongaci\u00f3n aislamiento preventivo - Decreto 593 abril 24 de 2020 - Contadores P\u00fablicos","isPartOf":{"@id":"https:\/\/contadoreshoy.com\/#website"},"primaryImageOfPage":{"@id":"https:\/\/contadoreshoy.com\/?p=12476#primaryimage"},"image":{"@id":"https:\/\/contadoreshoy.com\/?p=12476#primaryimage"},"thumbnailUrl":"https:\/\/contadoreshoy.com\/wp-content\/uploads\/2020\/03\/Encerrados.jpg","datePublished":"2020-04-27T20:05:57+00:00","breadcrumb":{"@id":"https:\/\/contadoreshoy.com\/?p=12476#breadcrumb"},"inLanguage":"es","potentialAction":[{"@type":"ReadAction","target":["https:\/\/contadoreshoy.com\/?p=12476"]}]},{"@type":"ImageObject","inLanguage":"es","@id":"https:\/\/contadoreshoy.com\/?p=12476#primaryimage","url":"https:\/\/contadoreshoy.com\/wp-content\/uploads\/2020\/03\/Encerrados.jpg","contentUrl":"https:\/\/contadoreshoy.com\/wp-content\/uploads\/2020\/03\/Encerrados.jpg","width":600,"height":400},{"@type":"BreadcrumbList","@id":"https:\/\/contadoreshoy.com\/?p=12476#breadcrumb","itemListElement":[{"@type":"ListItem","position":1,"name":"Portada","item":"https:\/\/contadoreshoy.com\/"},{"@type":"ListItem","position":2,"name":"Prolongaci\u00f3n aislamiento preventivo &#8211; Decreto 593 abril 24 de 2020"}]},{"@type":"WebSite","@id":"https:\/\/contadoreshoy.com\/#website","url":"https:\/\/contadoreshoy.com\/","name":"Contadorespublicossantander","description":"Portal para Contadores P\u00fablicos y empresarios","publisher":{"@id":"https:\/\/contadoreshoy.com\/#organization"},"potentialAction":[{"@type":"SearchAction","target":{"@type":"EntryPoint","urlTemplate":"https:\/\/contadoreshoy.com\/?s={search_term_string}"},"query-input":{"@type":"PropertyValueSpecification","valueRequired":true,"valueName":"search_term_string"}}],"inLanguage":"es"},{"@type":"Organization","@id":"https:\/\/contadoreshoy.com\/#organization","name":"Contadores P\u00fablicos de Santander","url":"https:\/\/contadoreshoy.com\/","logo":{"@type":"ImageObject","inLanguage":"es","@id":"https:\/\/contadoreshoy.com\/#\/schema\/logo\/image\/","url":"https:\/\/contadoreshoy.com\/wp-content\/uploads\/2024\/01\/cropped-cropped-Copia-de-M-1.jpg","contentUrl":"https:\/\/contadoreshoy.com\/wp-content\/uploads\/2024\/01\/cropped-cropped-Copia-de-M-1.jpg","width":499,"height":500,"caption":"Contadores P\u00fablicos de Santander"},"image":{"@id":"https:\/\/contadoreshoy.com\/#\/schema\/logo\/image\/"},"sameAs":["https:\/\/www.facebook.com\/CCCPBucaramanga\/"]},{"@type":"Person","@id":"https:\/\/contadoreshoy.com\/#\/schema\/person\/96d8979cb865537c5dc9345e40089fc5","name":"Miguel Antonio M\u00e1rquez Monta\u00f1ez","description":"Contador P\u00fablico egresado de la Universidad Aut\u00f3noma de Bucaramanga - Asesor contable tributario con m\u00e1s de 25 a\u00f1os de experiencia - Conferencista en temas contables y tributarios - T\u00e9cnico en Hardware y Dise\u00f1o Web - Creador y director Grupo de Estudio Colegio Colombiano de Contadores P\u00fablicos de Bucaramanga - Creador y Master Web p\u00e1gina www.contadoresp\u00fablicossantander.com - Expresidente Colegio Colombiano de Contadores P\u00fablicos Bucaramanga","url":"https:\/\/contadoreshoy.com\/?author=1"}]}},"_links":{"self":[{"href":"https:\/\/contadoreshoy.com\/index.php?rest_route=\/wp\/v2\/posts\/12476","targetHints":{"allow":["GET"]}}],"collection":[{"href":"https:\/\/contadoreshoy.com\/index.php?rest_route=\/wp\/v2\/posts"}],"about":[{"href":"https:\/\/contadoreshoy.com\/index.php?rest_route=\/wp\/v2\/types\/post"}],"author":[{"embeddable":true,"href":"https:\/\/contadoreshoy.com\/index.php?rest_route=\/wp\/v2\/users\/1"}],"replies":[{"embeddable":true,"href":"https:\/\/contadoreshoy.com\/index.php?rest_route=%2Fwp%2Fv2%2Fcomments&post=12476"}],"version-history":[{"count":1,"href":"https:\/\/contadoreshoy.com\/index.php?rest_route=\/wp\/v2\/posts\/12476\/revisions"}],"predecessor-version":[{"id":12477,"href":"https:\/\/contadoreshoy.com\/index.php?rest_route=\/wp\/v2\/posts\/12476\/revisions\/12477"}],"wp:featuredmedia":[{"embeddable":true,"href":"https:\/\/contadoreshoy.com\/index.php?rest_route=\/wp\/v2\/media\/12358"}],"wp:attachment":[{"href":"https:\/\/contadoreshoy.com\/index.php?rest_route=%2Fwp%2Fv2%2Fmedia&parent=12476"}],"wp:term":[{"taxonomy":"category","embeddable":true,"href":"https:\/\/contadoreshoy.com\/index.php?rest_route=%2Fwp%2Fv2%2Fcategories&post=12476"},{"taxonomy":"post_tag","embeddable":true,"href":"https:\/\/contadoreshoy.com\/index.php?rest_route=%2Fwp%2Fv2%2Ftags&post=12476"}],"curies":[{"name":"wp","href":"https:\/\/api.w.org\/{rel}","templated":true}]}}