{"id":12503,"date":"2020-05-06T16:30:55","date_gmt":"2020-05-06T21:30:55","guid":{"rendered":"https:\/\/contadoreshoy.com\/?p=12503"},"modified":"2020-05-31T22:33:54","modified_gmt":"2020-06-01T03:33:54","slug":"calendario-factura-electronica-ventas-reglamentacion-sistemas-facturacion-resolucion-dian-42-mayo-05-2020","status":"publish","type":"post","link":"https:\/\/contadoreshoy.com\/?p=12503","title":{"rendered":"Calendario Factura Electr\u00f3nica de Ventas y reglamentaci\u00f3n sistemas de facturaci\u00f3n &#8211; Resoluci\u00f3n DIAN 42 de mayo 05 de 2020"},"content":{"rendered":"<p><img loading=\"lazy\" decoding=\"async\" class=\"aligncenter wp-image-11800 size-full\" src=\"https:\/\/contadoreshoy.com\/wp-content\/uploads\/2019\/04\/Informaci\u00f3n-ex\u00f3gena.jpg\" alt=\"\" width=\"550\" height=\"300\"><\/p>\n<p style=\"text-align: justify;\"><strong><span style=\"color: #000000;\"><a href=\"https:\/\/contadoreshoy.com\/wp-content\/uploads\/2020\/05\/Resolucio\u0301n-Factura-Electro\u0301nica-05-05-2020.pdf\" target=\"_blank\" rel=\"noopener\">Resoluci\u00f3n 042 de mayo 05 de 2020<\/a>, por la cual se desarrollan los sistemas de facturaci\u00f3n, los proveedores tecnol\u00f3gicos, el registro de la factura electr\u00f3nica de venta como t\u00edtulo valor, se expide el anexo t\u00e9cnico de factura electr\u00f3nica de venta, y se dictan otras disposiciones en materia de sistemas de facturaci\u00f3n.<\/span><\/strong><\/p>\n<p style=\"text-align: center;\"><strong><span style=\"color: #000000;\"><span style=\"color: #0000ff;\">CALENDARIO DE IMPLEMENTACI\u00d3N DE LA FACTURA ELECTR\u00d3NICA DE VENTA<\/span> <span style=\"color: #0000ff;\">(Art\u00edculo 20)<\/span><\/span><\/strong><\/p>\n<p style=\"text-align: justify;\"><strong><span style=\"color: #3366ff;\">1. Calendario de implementaci\u00f3n para sujetos obligados de acuerdo con la actividad econ\u00f3mica principal inscrita en el Registro \u00danico Tributario -RUT.<\/span><\/strong><\/p>\n<table style=\"height: 304px; width: 560.417px; border-color: #000000;\">\n<tbody>\n<tr>\n<td style=\"width: 57.1667px; text-align: center;\"><strong><span style=\"color: #000000;\">GRUPO<\/span><\/strong><\/td>\n<td style=\"width: 128.117px; text-align: center;\"><strong><span style=\"color: #000000;\">FECHA INICIO DE REGISTRO<\/span><\/strong><\/td>\n<td style=\"width: 124.067px; text-align: center;\"><strong><span style=\"color: #000000;\">FECHA M\u00c1XIMA PARA EXPEDIR<\/span><\/strong><\/td>\n<td style=\"width: 223.067px; text-align: center;\"><strong><span style=\"color: #000000;\">C\u00d3DIGO CIIU (2 y 3 primeros d\u00edgitos)<\/span><\/strong><\/td>\n<\/tr>\n<tr>\n<td style=\"width: 57.1667px; text-align: center;\"><strong><span style=\"color: #000000;\">1<\/span><\/strong><\/td>\n<td style=\"width: 128.117px; text-align: center;\"><strong><span style=\"color: #000000;\">15\/05\/2020<\/span><\/strong><\/td>\n<td style=\"width: 124.067px; text-align: center;\"><strong><span style=\"color: #000000;\">15\/06\/2020<\/span><\/strong><\/td>\n<td style=\"width: 223.067px; text-align: center;\"><strong><span style=\"color: #000000;\">05 &#8211; 06 &#8211; 07 &#8211; 08 &#8211; 09 &#8211; 58 &#8211; 59 &#8211; 60 &#8211; 61 &#8211; 62 &#8211; 63 &#8211; 94 &#8211; 95 &#8211; 96<\/span><\/strong><\/td>\n<\/tr>\n<tr>\n<td style=\"width: 57.1667px; text-align: center;\"><strong><span style=\"color: #000000;\">2<\/span><\/strong><\/td>\n<td style=\"width: 128.117px; text-align: center;\"><strong><span style=\"color: #000000;\">15\/05\/2020<\/span><\/strong><\/td>\n<td style=\"width: 124.067px; text-align: center;\"><strong><span style=\"color: #000000;\">1\/07\/2020<\/span><\/strong><\/td>\n<td style=\"width: 223.067px; text-align: center;\"><strong><span style=\"color: #000000;\">10 &#8211; 11 &#8211; 12 &#8211; 13 &#8211; 14 &#8211; 15 &#8211; 464 &#8211; 475 &#8211; 476 &#8211; 479 &#8211; 477<\/span><\/strong><\/td>\n<\/tr>\n<tr>\n<td style=\"width: 57.1667px; text-align: center;\"><strong><span style=\"color: #000000;\">3<\/span><\/strong><\/td>\n<td style=\"width: 128.117px; text-align: center;\"><strong><span style=\"color: #000000;\">15\/05\/2020<\/span><\/strong><\/td>\n<td style=\"width: 124.067px; text-align: center;\"><strong><span style=\"color: #000000;\">4\/08\/2020<\/span><\/strong><\/td>\n<td style=\"width: 223.067px; text-align: center;\"><strong><span style=\"color: #000000;\">71 &#8211; 72 &#8211; 73 &#8211; 74 &#8211; 75 -86 &#8211; 87 &#8211; 88<\/span><\/strong><\/td>\n<\/tr>\n<tr>\n<td style=\"width: 57.1667px; text-align: center;\"><strong><span style=\"color: #000000;\">4<\/span><\/strong><\/td>\n<td style=\"width: 128.117px; text-align: center;\"><strong><span style=\"color: #000000;\">15\/05\/2020<\/span><\/strong><\/td>\n<td style=\"width: 124.067px; text-align: center;\"><strong><span style=\"color: #000000;\">1\/09\/2020<\/span><\/strong><\/td>\n<td style=\"width: 223.067px; text-align: center;\"><strong><span style=\"color: #000000;\">69 &#8211; 70 &#8211; 84 &#8211; 463 &#8211; 471 &#8211; 472 &#8211; 473 &#8211; 478<\/span><\/strong><\/td>\n<\/tr>\n<tr>\n<td style=\"width: 57.1667px; text-align: center;\"><strong><span style=\"color: #000000;\">5<\/span><\/strong><\/td>\n<td style=\"width: 128.117px; text-align: center;\"><strong><span style=\"color: #000000;\">15\/05\/2020<\/span><\/strong><\/td>\n<td style=\"width: 124.067px; text-align: center;\"><strong><span style=\"color: #000000;\">1\/10\/2020<\/span><\/strong><\/td>\n<td style=\"width: 223.067px; text-align: center;\"><strong><span style=\"color: #000000;\">16 &#8211; 17 &#8211; 18 &#8211; 19 &#8211; 20 &#8211; 21 &#8211; 22 &#8211; 23 &#8211; 24 &#8211; 25 &#8211; 26 &#8211; 27 &#8211; 28 &#8211; 29 &#8211; 30 &#8211; 31 &#8211; 32 &#8211; 33 &#8211; 35 &#8211; 36 &#8211; 37 &#8211; 38 &#8211; 39 &#8211; 64 &#8211; 65 &#8211; 66 &#8211; 68 &#8211; 85<\/span><\/strong><\/td>\n<\/tr>\n<tr>\n<td style=\"width: 57.1667px; text-align: center;\"><strong><span style=\"color: #000000;\">6<\/span><\/strong><\/td>\n<td style=\"width: 128.117px; text-align: center;\"><strong><span style=\"color: #000000;\">15\/05\/2020<\/span><\/strong><\/td>\n<td style=\"width: 124.067px; text-align: center;\"><strong><span style=\"color: #000000;\">1\/11\/2020<\/span><\/strong><\/td>\n<td style=\"width: 223.067px; text-align: center;\"><strong><span style=\"color: #000000;\">01 &#8211; 02 &#8211; 03 &#8211; 45 &#8211; 77 &#8211; 78 &#8211; 79 &#8211; 80 &#8211; 81 &#8211; 82 &#8211; 90 &#8211; 91 &#8211; 92 &#8211; 93 &#8211; 461 &#8211; 462 &#8211; 465 &#8211; 466 &#8211; 469 &#8211; 474<\/span><\/strong><\/td>\n<\/tr>\n<tr>\n<td style=\"width: 57.1667px; text-align: center;\"><strong><span style=\"color: #000000;\">7<\/span><\/strong><\/td>\n<td style=\"width: 128.117px; text-align: center;\"><strong><span style=\"color: #000000;\">15\/05\/2020<\/span><\/strong><\/td>\n<td style=\"width: 124.067px; text-align: center;\"><strong><span style=\"color: #000000;\">1\/11\/2020<\/span><\/strong><\/td>\n<td style=\"width: 223.067px; text-align: center;\"><strong><span style=\"color: #000000;\">41 &#8211; 42 &#8211; 43 &#8211; 49 &#8211; 50 &#8211; 51 &#8211; 52 &#8211; 53 &#8211; 55 &#8211; 56<\/span><\/strong><\/td>\n<\/tr>\n<tr>\n<td style=\"width: 57.1667px; text-align: center;\"><strong><span style=\"color: #000000;\">8<\/span><\/strong><\/td>\n<td style=\"width: 128.117px; text-align: center;\"><strong><span style=\"color: #000000;\">15\/05\/2020<\/span><\/strong><\/td>\n<td style=\"width: 124.067px; text-align: center;\"><strong><span style=\"color: #000000;\">1\/11\/2020<\/span><\/strong><\/td>\n<td style=\"width: 223.067px; text-align: center;\"><strong><span style=\"color: #000000;\">Otras actividades no clasificadas<\/span><\/strong><\/td>\n<\/tr>\n<\/tbody>\n<\/table>\n<p style=\"text-align: justify;\"><strong><span style=\"color: #3366ff;\">2. Calendario de implementaci\u00f3n que no atiende a la actividad econ\u00f3mica CIIU, para otros sujetos obligados.<\/span><\/strong><\/p>\n<p style=\"text-align: justify;\"><strong><span style=\"color: #000000;\">Grupo 1. <\/span><\/strong><\/p>\n<p style=\"text-align: justify;\"><strong><span style=\"color: #000000;\">Los sujetos indicados las resoluciones 00072 del 29 de diciembre de 2017 y la 000010 del 6 de febrero de 2018 y los grandes contribuyentes de que trata la resoluci\u00f3n 012635 del 14 de diciembre de 2018 proferida por la Unidad Administrativa Especial Direcci\u00f3n de Impuestos y Aduanas Nacionales \u2013DIAN y los dem\u00e1s sujetos que a la entrada en vigencia de esta resoluci\u00f3n se encuentren habilitados como facturadores electr\u00f3nicos. Sin incluir los sujetos que se describen el grupo 2 del presente calendario. <\/span><\/strong><\/p>\n<p style=\"text-align: justify;\"><strong><span style=\"color: #000000;\">Fecha de inicio registro : 15\/05\/2020<\/span><\/strong><\/p>\n<p style=\"text-align: justify;\"><strong><span style=\"color: #000000;\">Fecha m\u00e1xima para iniciar a expedir factura electr\u00f3nica de venta: 15\/06\/2020<\/span><\/strong><\/p>\n<p style=\"text-align: justify;\"><strong><span style=\"color: #000000;\">Grupo 2. <\/span><\/strong><\/p>\n<p style=\"text-align: justify;\"><strong><span style=\"color: #000000;\">Las entidades del Estado del orden nacional, territorial y las entidades prestadoras de servicios p\u00fablicos domiciliarios que se encuentran reguladas por la Ley 142 del 11 de julio de 1994 o las disposiciones que la modifiquen o adicionen, las de telefon\u00eda fija p\u00fablica b\u00e1sica conmutada y la telefon\u00eda local m\u00f3vil en el sector rural, de que trata el inciso 3 del art\u00edculo 73 de la ley 1341 de 2009. <\/span><\/strong><\/p>\n<p style=\"text-align: justify;\"><strong><span style=\"color: #000000;\">Sujetos que correspondan a instituciones (personas naturales o jur\u00eddicas) educativas, autorizadas como tal por autoridad competente y que desarrollen la actividad establecida en la SECCI\u00d3N P. EDUCACI\u00d3N (DIVISI\u00d3N 85) de la Resoluci\u00f3n 139 del 21 de noviembre de 2012. <\/span><\/strong><\/p>\n<p style=\"text-align: justify;\"><strong><span style=\"color: #000000;\">Personas jur\u00eddicas que desarrollen actividades de seguros y t\u00edtulos de capitalizaci\u00f3n &#8211; autorizados como tal por autoridad competente &#8211; y que desarrollen la actividad establecida en la SECCI\u00d3N K. ACTIVIDADES FINANCIERAS Y DE SEGUROS (DIVISIONES 64 a 66) de la Resoluci\u00f3n 139 del 21 de noviembre de 2012.<\/span><\/strong><\/p>\n<p style=\"text-align: justify;\"><strong><span style=\"color: #000000;\">Personas naturales que desarrollan la funci\u00f3n notarial &#8211; autorizadas como tal de conformidad con el Decreto 960 de 1970 o las disposiciones que la modifiquen, adicionen o reglamenten. <\/span><\/strong><\/p>\n<p style=\"text-align: justify;\"><strong><span style=\"color: #000000;\">Fecha de inicio registro : 15\/05\/2020<\/span><\/strong><\/p>\n<p style=\"text-align: justify;\"><strong><span style=\"color: #000000;\">Fecha m\u00e1xima para iniciar a expedir factura electr\u00f3nica de venta: 01\/10\/2020<\/span><\/strong><\/p>\n<p style=\"text-align: justify;\"><strong><span style=\"color: #000000;\">Grupo 3. <\/span><\/strong><\/p>\n<p style=\"text-align: justify;\"><strong><span style=\"color: #000000;\">Los sujetos obligados a expedir factura electr\u00f3nica de venta, que sean personas naturales cuyos ingresos brutos en el a\u00f1o anterior o en el a\u00f1o en curso sean iguales o superiores a tres mil quinientas (3.500) Unidades de Valor Tributario \u2013UVT e inferiores a doce mil (12.000) Unidades de Valor Tributario \u2013UVT.&nbsp;<\/span><\/strong><\/p>\n<p style=\"text-align: justify;\"><strong><span style=\"color: #000000;\">Fecha de inicio registro : 15\/05\/2020<\/span><\/strong><\/p>\n<p style=\"text-align: justify;\"><strong><span style=\"color: #000000;\">Fecha m\u00e1xima para iniciar a expedir factura electr\u00f3nica de venta: 01\/11\/2020<\/span><\/strong><\/p>\n<p style=\"text-align: justify;\"><strong><span style=\"color: #3366ff;\">3. Calendario de implementaci\u00f3n Permanente<\/span><\/strong><\/p>\n<p style=\"text-align: justify;\"><strong><span style=\"color: #000000;\">Grupo 1.<\/span><\/strong><\/p>\n<p style=\"text-align: justify;\"><strong><span style=\"color: #000000;\">Los nuevos sujetos que adquieran la obligaci\u00f3n de expedir factura electr\u00f3nica de venta, con posterioridad a la entrada en vigencia de esta resoluci\u00f3n. <\/span><\/strong><\/p>\n<p style=\"text-align: justify;\"><strong><span style=\"color: #000000;\">Fecha m\u00e1xima para registro y expedici\u00f3n de factura electr\u00f3nica de ventas: Para el inicio de registro y el procedimiento de habilitaci\u00f3n en el servicio inform\u00e1tico de factura electr\u00f3nica de venta y la fecha m\u00e1xima para iniciar a expedir factura electr\u00f3nica de venta, cuentan con un plazo de dos (2) meses, a partir de la fecha en que se adquiera la obligaci\u00f3n como sujetos obligados a expedir factura de venta y\/o documento equivalente.<\/span><\/strong><\/p>\n<p style=\"text-align: justify;\"><strong><span style=\"color: #000000;\">Para efectos de lo indicado en el calendario de implementaci\u00f3n establecido en el numeral 1 del presente art\u00edculo, si el facturador electr\u00f3nico no se encuentra obligado a expedir factura electr\u00f3nica de venta en relaci\u00f3n con la actividad econ\u00f3mica principal indicada en el Registro \u00danico Tributario -RUT, pero desarrolla actividades econ\u00f3micas adicionales que lo obligan a expedir factura electr\u00f3nica de venta, deber\u00e1 cumplir con la implementaci\u00f3n de conformidad con la fechas indicadas para los grupos del calendario del numeral 1 del presente art\u00edculo, en el orden que le corresponda a la actividad econ\u00f3mica que le genere mayores ingresos a la fecha de inicio de registro y habilitaci\u00f3n en el servicio inform\u00e1tico de factura electr\u00f3nica de venta con validaci\u00f3n previa.<\/span><\/strong><\/p>\n<p style=\"text-align: center;\"><span style=\"color: #0000ff;\"><strong>SUJETOS OBLIGADOS A EXPEDIR FACTURA DE VENTA Y\/O DOCUMENTO EQUIVALENTE (Art\u00edculo 6). <\/strong><\/span><\/p>\n<p style=\"text-align: justify;\"><strong><span style=\"color: #000000;\">De conformidad con el art\u00edculo 1.6.1.4.2. del Decreto 1625 de 2016, \u00danico Reglamentario en Materia Tributaria se encuentran obligados a expedir factura de venta y\/o documento equivalente por todas y cada una de las operaciones que realicen, los siguientes sujetos: <\/span><\/strong><\/p>\n<p style=\"text-align: justify;\"><strong><span style=\"color: #000000;\">1. Los responsables del impuesto sobre las ventas -IVA. <\/span><\/strong><\/p>\n<p><strong><span style=\"color: #000000;\">2. Los responsables del impuesto nacional al consumo. <\/span><\/strong><\/p>\n<p style=\"text-align: justify;\"><strong><span style=\"color: #000000;\">3. Todas las personas o entidades que tengan la calidad de comerciantes, ejerzan profesiones liberales o presten servicios inherentes a estas, o enajenen bienes producto de la actividad agr\u00edcola o ganadera, independientemente de su calidad de contribuyentes o no contribuyentes de los impuestos administrados por la Unidad Administrativa Especial Direcci\u00f3n de Impuestos y Aduanas Nacionales -DIAN, con excepci\u00f3n de los sujetos no obligados a expedir factura de venta y\/o documento equivalente previstos en los art\u00edculos 616-2, inciso 4 del par\u00e1grafo 2 y par\u00e1grafo 3 del art\u00edculo 437 y 512-13 del Estatuto Tributario y en el art\u00edculo 1.6.1.4.3., del Decreto 1625 de 2016, \u00danico Reglamentario en Materia Tributaria. <\/span><\/strong><\/p>\n<p><strong><span style=\"color: #000000;\">4. Los comerciantes, importadores o prestadores de servicios o en las ventas a consumidores finales. <\/span><\/strong><\/p>\n<p style=\"text-align: justify;\"><strong><span style=\"color: #000000;\">5. Los tip\u00f3grafos y lit\u00f3grafos que no sean responsables del impuesto sobre las ventas -IVA, de acuerdo con lo previsto en el par\u00e1grafo 3 del art\u00edculo 437 del Estatuto Tributario, por el servicio prestado de conformidad con lo previsto en el art\u00edculo 618-2 del Estatuto Tributario. <\/span><\/strong><\/p>\n<p style=\"text-align: justify;\"><strong><span style=\"color: #000000;\">6. Los contribuyentes inscritos en el impuesto unificado bajo el r\u00e9gimen simple de tributaci\u00f3n -SIMPLE.<\/span><\/strong><\/p>\n<p style=\"text-align: justify;\"><strong><span style=\"color: #000000;\">Sujetos no obligados a expedir factura de venta y\/o documento equivalente (Art\u00edculo 7). <\/span><\/strong><\/p>\n<p style=\"text-align: justify;\"><strong><span style=\"color: #000000;\">De conformidad con el art\u00edculo 1.6.1.4.3. del Decreto 1625 de 2016, \u00danico Reglamentario en Materia Tributaria los siguientes sujetos no se encuentran obligados a expedir factura de venta y\/o documento equivalente en sus operaciones:<\/span><\/strong><\/p>\n<p style=\"text-align: justify;\"><strong><span style=\"color: #000000;\">1. Los bancos, las corporaciones financieras y las compa\u00f1\u00edas de financiamiento. <\/span><\/strong><\/p>\n<p style=\"text-align: justify;\"><strong><span style=\"color: #000000;\">2. Las cooperativas de ahorro y cr\u00e9dito, los organismos cooperativos de grado superior, las instituciones auxiliares del cooperativismo, las cooperativas multiactivas e integrales, y los fondos de empleados, en relaci\u00f3n con las operaciones financieras que realicen tales entidades. <\/span><\/strong><\/p>\n<p style=\"text-align: justify;\"><strong><span style=\"color: #000000;\">3. Las personas naturales de que tratan los par\u00e1grafos 3 y 5 del art\u00edculo 437 del Estatuto Tributario, siempre que cumplan la totalidad de las condiciones establecidas en la citada disposici\u00f3n, como no responsable del impuesto sobre las ventas -IVA. <\/span><\/strong><\/p>\n<p style=\"text-align: justify;\"><strong><span style=\"color: #000000;\">4. Las personas naturales de que trata el art\u00edculo 512-13 del Estatuto Tributario, siempre y cuando cumplan la totalidad de las condiciones establecidas en la citada disposici\u00f3n, para ser no responsables del impuesto nacional al consumo. <\/span><\/strong><\/p>\n<p style=\"text-align: justify;\"><strong><span style=\"color: #000000;\">5. Las empresas constituidas como personas jur\u00eddicas o naturales que presten el servicio de transporte p\u00fablico urbano o metropolitano de pasajeros, en relaci\u00f3n con estas actividades. <\/span><\/strong><\/p>\n<p style=\"text-align: justify;\"><strong><span style=\"color: #000000;\">6. Las personas naturales vinculadas por una relaci\u00f3n laboral o legal y reglamentaria y los pensionados, en relaci\u00f3n con los ingresos que se deriven de estas actividades. <\/span><\/strong><\/p>\n<p style=\"text-align: justify;\"><strong><span style=\"color: #000000;\">7. Las personas naturales que \u00fanicamente vendan bienes excluidos o presten servicios no gravados con el impuesto sobre las ventas -IVA, que hubieren obtenido ingresos brutos totales provenientes de estas actividades en el a\u00f1o anterior o en el a\u00f1o en curso, inferiores a tres mil quinientas (3.500) Unidades de Valor Tributario -UVT. Dentro de los ingresos brutos, no se incluyen los derivados de una relaci\u00f3n laboral o legal y reglamentaria, pensiones, ni ganancia ocasional. <\/span><\/strong><\/p>\n<p style=\"text-align: justify;\"><strong><span style=\"color: #000000;\">8. Los prestadores de servicios desde el exterior, sin residencia fiscal en Colombia por la prestaci\u00f3n de los servicios electr\u00f3nicos o digitales.<\/span><\/strong><\/p>\n<p style=\"text-align: justify;\"><strong><span style=\"color: #000000;\">Par\u00e1grafo 1. La condici\u00f3n de no obligado a facturar establecida en este art\u00edculo aplica sin perjuicio de lo contemplado en el numeral 5 del art\u00edculo 1.6.1.4.2 del Decreto 1625 de 2016, \u00danico Reglamentario en Materia Tributaria y al numeral 5 del art\u00edculo 6 de esta resoluci\u00f3n. <\/span><\/strong><\/p>\n<p style=\"text-align: justify;\"><strong><span style=\"color: #000000;\">Cuando los sujetos de que trata el presente art\u00edculo opten por expedir factura de venta y\/o documento equivalente, deber\u00e1n cumplir con los requisitos y condiciones se\u00f1aladas para cada sistema de facturaci\u00f3n y ser\u00e1n considerados sujetos obligados a facturar. <\/span><\/strong><\/p>\n<p style=\"text-align: justify;\"><strong><span style=\"color: #000000;\">Par\u00e1grafo 2. Para los sujetos de que trata el numeral 8 de este art\u00edculo, el documento soporte de las operaciones que se realicen con prestadores de servicios desde el exterior sin residencia fiscal en Colombia por la prestaci\u00f3n de los servicios electr\u00f3nicos o digitales, corresponder\u00e1 al documento soporte de que trata el art\u00edculo 1.6.1.4.12. del Decreto 1625 de 2016, \u00danico Reglamentario en Materia Tributario y al art\u00edculo 55 de esta resoluci\u00f3n, lo anterior de conformidad con el inciso 4 del par\u00e1grafo 2 del art\u00edculo 437 del Estatuto Tributario. <\/span><\/strong><\/p>\n<p style=\"text-align: center;\"><strong><span style=\"color: #000000;\"><span style=\"color: #0000ff;\">REQUISITOS DE LA FACTURA ELECTR\u00d3NICA DE VENTA (Art\u00edculo 11)<\/span> <\/span><\/strong><\/p>\n<p style=\"text-align: justify;\"><strong><span style=\"color: #000000;\">La factura electr\u00f3nica de venta debe expedirse con el cumplimiento de lo dispuesto del art\u00edculo 617 del Estatuto Tributario, adicionados en el presente art\u00edculo de acuerdo a lo dispuesto en el par\u00e1grafo 2 del art\u00edculo 616-1 del mismo estatuto, as\u00ed:<\/span><\/strong><\/p>\n<p style=\"text-align: justify;\"><strong><span style=\"color: #000000;\">1. De conformidad con el literal a) del art\u00edculo 617 del Estatuto Tributario, estar denominada expresamente como factura electr\u00f3nica de venta. <\/span><\/strong><\/p>\n<p style=\"text-align: justify;\"><strong><span style=\"color: #000000;\">2. De conformidad con el literal b) del art\u00edculo 617 del Estatuto Tributario, deber\u00e1 contener: apellidos y nombre o raz\u00f3n social y N\u00famero de Identificaci\u00f3n Tributaria -NIT del vendedor o de quien presta el servicio. <\/span><\/strong><\/p>\n<p style=\"text-align: justify;\"><strong><span style=\"color: #000000;\">3. Identificaci\u00f3n del adquiriente, seg\u00fan corresponda, as\u00ed: <\/span><\/strong><\/p>\n<p style=\"text-align: justify;\"><strong><span style=\"color: #000000;\">a) De conformidad con el literal c) del art\u00edculo 617 del Estatuto Tributario, deber\u00e1 contener: apellidos y nombre o raz\u00f3n social y N\u00famero de Identificaci\u00f3n Tributaria \u2013NIT del adquiriente de los bienes y servicios. <\/span><\/strong><\/p>\n<p style=\"text-align: justify;\"><strong><span style=\"color: #000000;\">b) Registrar apellidos y nombre y n\u00famero de identificaci\u00f3n del adquiriente de los bienes y\/o servicios; para los casos en que el adquiriente no suministre la informaci\u00f3n del literal a) de este numeral, en relaci\u00f3n con el N\u00famero de Identificaci\u00f3n Tributaria -NIT. <\/span><\/strong><\/p>\n<p style=\"text-align: justify;\"><strong><span style=\"color: #000000;\">c) Registrar la frase \u00abconsumidor final\u00bb o apellidos y nombre y el n\u00famero \u00ab222222222222\u00bb en caso de adquirientes de bienes y\/o servicios que no suministren la informaci\u00f3n de los literales a) o, b) de este numeral. <\/span><\/strong><\/p>\n<p style=\"text-align: justify;\"><strong><span style=\"color: #000000;\">Se debe registrar la direcci\u00f3n del lugar de entrega del bien y\/o prestaci\u00f3n del servicio, cuando la citada operaci\u00f3n de venta se realiza fuera de la sede de negocio, oficina o local del facturador electr\u00f3nico para los casos en que la identificaci\u00f3n del adquiriente, corresponda a la se\u00f1alada en los literales b) y c) de este numeral. <\/span><\/strong><\/p>\n<p style=\"text-align: justify;\"><strong><span style=\"color: #000000;\">4. De conformidad con lo establecido en el literal d) del art\u00edculo 617 del Estatuto Tributario, deber\u00e1 llevar un n\u00famero que corresponda a un sistema de numeraci\u00f3n consecutiva de factura electr\u00f3nica de venta, incluyendo el n\u00famero, rango, fecha y vigencia de la numeraci\u00f3n autorizada por la Unidad Administrativa Especial Direcci\u00f3n de Impuestos y Aduanas Nacionales -DIAN. <\/span><\/strong><\/p>\n<p style=\"text-align: justify;\"><strong><span style=\"color: #000000;\">5. Fecha y hora de generaci\u00f3n. <\/span><\/strong><\/p>\n<p style=\"text-align: justify;\"><strong><span style=\"color: #000000;\">6. De conformidad con el literal e) del art\u00edculo 617 del Estatuto Tributario, deber\u00e1 contener la fecha y hora de expedici\u00f3n, la cual corresponde a la validaci\u00f3n de que trata el art\u00edculo 616-1 del Estatuto Tributario, que se entiende cumplido con lo dispuesto en el numeral 7 del presente art\u00edculo. Cuando la factura electr\u00f3nica de venta no pueda ser validada por inconvenientes tecnol\u00f3gicos de la Unidad Administrativa Especial Direcci\u00f3n de Impuestos y Aduanas Nacionales -DIAN o cuando se utilice el procedimiento de factura electr\u00f3nica de venta con validaci\u00f3n previa con reporte acumulado, se tendr\u00e1 como fecha y hora de expedici\u00f3n la indicada en el numeral 5 del presente art\u00edculo.<\/span><\/strong><\/p>\n<p style=\"text-align: justify;\"><strong><span style=\"color: #000000;\">7. De conformidad con el art\u00edculo 618 del Estatuto Tributario, deber\u00e1 entregarse al adquiriente la factura electr\u00f3nica de venta en el formato electr\u00f3nico de generaci\u00f3n, junto con el documento electr\u00f3nico de validaci\u00f3n que contiene el valor: \u00abDocumento validado por la DIAN\u00bb, los cuales se deben incluir en el contenedor electr\u00f3nico; salvo cuando la factura electr\u00f3nica de venta no pueda ser validada por inconvenientes tecnol\u00f3gicos presentados por la Unidad Administrativa Especial Direcci\u00f3n de Impuestos y Aduanas Nacionales -DIAN. <\/span><\/strong><\/p>\n<p style=\"text-align: justify;\"><strong><span style=\"color: #000000;\">8. De conformidad con el literal f) del art\u00edculo 617 del Estatuto Tributario, indicar el n\u00famero de registro, l\u00ednea o \u00edtems, el total de n\u00famero de l\u00edneas o \u00edtems en las cuales se detalle la cantidad, unidad de medida, descripci\u00f3n espec\u00edfica y c\u00f3digos inequ\u00edvocos que permitan la identificaci\u00f3n de los bienes vendidos o servicios prestados, la denominaci\u00f3n -bien cubierto- cuando se traten de los bienes vendidos del art\u00edculo 24 de la Ley 2010 de 2010, los impuestos de que trata el numeral 13 del presente art\u00edculo cuando fuere del caso, as\u00ed como el valor unitario y el valor total de cada una de las l\u00edneas o \u00edtems. <\/span><\/strong><\/p>\n<p style=\"text-align: justify;\"><strong><span style=\"color: #000000;\">9. De conformidad con lo establecido en el literal g) del art\u00edculo 617 del Estatuto Tributario, el valor total de la venta de bienes o prestaci\u00f3n de servicios, como resultado de la sumatoria de cada una de las l\u00edneas o \u00edtems que conforman la factura electr\u00f3nica de venta.<\/span><\/strong><\/p>\n<p style=\"text-align: justify;\"><strong><span style=\"color: #000000;\">10. La forma de pago, estableciendo si es de contado o a cr\u00e9dito, en este \u00faltimo caso se debe se\u00f1alar el plazo. <\/span><\/strong><\/p>\n<p style=\"text-align: justify;\"><strong><span style=\"color: #000000;\">11. El Medio de pago, registrando si se trata de efectivo, tarjeta cr\u00e9dito, tarjeta d\u00e9bito o transferencia electr\u00f3nica u otro medio que aplique. Este requisito aplica cuando la forma de pago es de contado. <\/span><\/strong><\/p>\n<p style=\"text-align: justify;\"><strong><span style=\"color: #000000;\">12. De conformidad con lo establecido en el literal i) del art\u00edculo 617 del Estatuto Tributario, indicar la calidad de agente retenedor del Impuesto sobre las Ventas -IVA, de autorretenedor del Impuesto sobre la Renta y Complementarios, de gran contribuyente y\/o de contribuyente del impuesto unificado bajo el r\u00e9gimen simple de tributaci\u00f3n \u2013 SIMPLE, cuando corresponda. <\/span><\/strong><\/p>\n<p style=\"text-align: justify;\"><strong><span style=\"color: #000000;\">13. De conformidad con lo establecido en el literal c) del art\u00edculo 617 del Estatuto Tributario, la discriminaci\u00f3n del Impuesto sobre las Ventas -IVA, Impuesto Nacional al Consumo, Impuesto Nacional al Consumo de Bolsas Pl\u00e1sticas, con su correspondiente tarifa aplicable a los bienes y\/o servicios que se encuentren gravados con estos impuestos. <\/span><\/strong><\/p>\n<p style=\"text-align: justify;\"><strong><span style=\"color: #000000;\">14. La firma digital del facturador electr\u00f3nico de acuerdo con las normas vigentes y la pol\u00edtica de firma establecida por la Unidad Administrativa Especial Direcci\u00f3n de Impuestos y Aduanas Nacionales -DIAN, al momento de la generaci\u00f3n como elemento para garantizar autenticidad, integridad y no repudio de la factura electr\u00f3nica de venta.<\/span><\/strong><\/p>\n<p style=\"text-align: justify;\"><strong><span style=\"color: #000000;\">15. El C\u00f3digo \u00danico de Factura Electr\u00f3nica -CUFE-. <\/span><\/strong><\/p>\n<p style=\"text-align: justify;\"><strong><span style=\"color: #000000;\">16. La direcci\u00f3n de internet en la Unidad Administrativa Especial Direcci\u00f3n de Impuestos y Aduanas Nacionales -DIAN en la que se encuentra informaci\u00f3n de la factura electr\u00f3nica de venta contenida en el c\u00f3digo QR de la representaci\u00f3n gr\u00e1fica, que corresponde a la indicada en el \u00abAnexo t\u00e9cnico de factura electr\u00f3nica de venta\u00bb.&nbsp;<\/span><\/strong><\/p>\n<p style=\"text-align: justify;\"><strong><span style=\"color: #000000;\">17. El contenido del Anexo T\u00e9cnico de la factura electr\u00f3nica de venta establecido en el art\u00edculo 69 de esta resoluci\u00f3n, para la generaci\u00f3n, transmisi\u00f3n, validaci\u00f3n, expedici\u00f3n y recepci\u00f3n, en relaci\u00f3n con los requisitos establecidos en el presente art\u00edculo. <\/span><\/strong><\/p>\n<p style=\"text-align: justify;\"><strong><span style=\"color: #000000;\">18. Apellidos y nombre o raz\u00f3n social y N\u00famero de Identificaci\u00f3n Tributaria -NIT, del fabricante del software, el nombre del software y del proveedor tecnol\u00f3gico si lo tuviere. <\/span><\/strong><\/p>\n<p style=\"text-align: center;\"><span style=\"color: #0000ff;\"><strong>DOCUMENTOS EQUIVALENTES A LA FACTURA DE VENTA Y SUS REQUISITOS (Art\u00edculo 13)<\/strong><\/span><\/p>\n<p style=\"text-align: justify;\"><strong><span style=\"color: #000000;\"> Los documentos equivalentes a la factura de venta establecidos en el art\u00edculo 1.6.1.4.6. del Decreto 1625 de 2016, \u00danico Reglamentario en Materia Tributaria deber\u00e1n expedirse con el cumplimiento de los requisitos de los literales b), d), e) y g) del art\u00edculo 617 del Estatuto Tributario y de conformidad con los siguientes requisitos para cada uno de los documentos en desarrollo de la facultad dispuesta en el par\u00e1grafo 2 del art\u00edculo 616-1 del mismo Estatuto, as\u00ed: <\/span><\/strong><\/p>\n<p style=\"text-align: justify;\"><strong><span style=\"color: #000000;\">1. El tiquete de m\u00e1quinas registradoras con sistemas P.O.S. El tiquete de m\u00e1quina registradora con sistema P.O.S., lo podr\u00e1n expedir los sujetos obligados a facturar; salvo que el adquiriente del bien y\/o servicio exija la expedici\u00f3n de la factura de venta, caso en el cual se debe expedir factura electr\u00f3nica de venta. El tiquete de m\u00e1quina registradora con sistema P.O.S. debe cumplir con los siguientes requisitos: <\/span><\/strong><\/p>\n<p><strong><span style=\"color: #000000;\">a) Estar denominado expresamente como sistema P.O.S. <\/span><\/strong><\/p>\n<p><strong><span style=\"color: #000000;\">b) De conformidad con lo establecido en el literal b) del art\u00edculo 617 del Estatuto Tributario, deber\u00e1 contener apellidos y nombre o raz\u00f3n social y N\u00famero de Identificaci\u00f3n Tributaria -NIT del vendedor o de quien presta el servicio. <\/span><\/strong><\/p>\n<p style=\"text-align: justify;\"><strong><span style=\"color: #000000;\">c) La discriminaci\u00f3n del Impuesto sobre las Ventas -IVA, el Impuesto Nacional al Consumo y el Impuesto Nacional al Consumo de Bolsas Pl\u00e1sticas, seg\u00fan corresponda, por cada uno de los bienes vendidos y\/o servicios prestados.&nbsp;<\/span><\/strong><\/p>\n<p style=\"text-align: justify;\"><strong><span style=\"color: #000000;\">d) De conformidad con lo establecido en el literal d) del art\u00edculo 617 del Estatuto Tributario, llevar un n\u00famero que corresponda a un sistema de numeraci\u00f3n consecutiva, incluyendo el n\u00famero, rango y vigencia autorizada por la Unidad Administrativa Especial Direcci\u00f3n de Impuestos y Aduanas Nacionales -DIAN, en las condiciones que se se\u00f1alan en la presente resoluci\u00f3n. <\/span><\/strong><\/p>\n<p style=\"text-align: justify;\"><strong><span style=\"color: #000000;\">e) De conformidad con lo establecido en el literal e) del art\u00edculo 617 del Estatuto Tributario, fecha y hora de expedici\u00f3n. <\/span><\/strong><\/p>\n<p style=\"text-align: justify;\"><strong><span style=\"color: #000000;\">f) Cantidad, unidad de medida, y descripci\u00f3n espec\u00edfica y c\u00f3digos que permitan la identificaci\u00f3n de los bienes vendidos y\/o servicios prestados, utilizando c\u00f3digos que permitan la identificaci\u00f3n y relaci\u00f3n de los mismos. <\/span><\/strong><\/p>\n<p style=\"text-align: justify;\"><strong><span style=\"color: #000000;\">g) De conformidad con lo establecido en el literal g) del art\u00edculo 617 del Estatuto Tributario, valor total de la operaci\u00f3n. <\/span><\/strong><\/p>\n<p style=\"text-align: justify;\"><strong><span style=\"color: #000000;\">h) Indicar la calidad del agente retenedor del Impuesto sobre las Ventas -IVA y autorretenedor en el Impuesto sobre la Renta y Complementarios, de gran contribuyente o de contribuyentes del impuesto unificado bajo el r\u00e9gimen simple de tributaci\u00f3n &#8211; SIMPLE, seg\u00fan corresponda. <\/span><\/strong><\/p>\n<p style=\"text-align: justify;\"><strong><span style=\"color: #000000;\">i) Apellidos y nombre o raz\u00f3n social y N\u00famero de Identificaci\u00f3n Tributaria -NIT-, del fabricante del software y el nombre del software. <\/span><\/strong><\/p>\n<p style=\"text-align: justify;\"><strong><span style=\"color: #000000;\">2. La boleta de ingreso a cine.<\/span><\/strong><\/p>\n<p style=\"text-align: justify;\"><strong><span style=\"color: #000000;\">3. El tiquete de transporte de pasajeros.<\/span><\/strong><\/p>\n<p style=\"text-align: justify;\"><strong><span style=\"color: #000000;\">4. El extracto.<\/span><\/strong><\/p>\n<p style=\"text-align: justify;\"><strong><span style=\"color: #000000;\">5. El tiquete o billete de transporte a\u00e9reo de pasajeros.<\/span><\/strong><\/p>\n<p style=\"text-align: justify;\"><strong><span style=\"color: #000000;\">6. El documento en juegos localizados.<\/span><\/strong><\/p>\n<p style=\"text-align: justify;\"><strong><span style=\"color: #000000;\">7. La boleta, fracci\u00f3n o formulario en juegos de suerte y azar diferentes de los juegos localizados.<\/span><\/strong><\/p>\n<p style=\"text-align: justify;\"><strong><span style=\"color: #000000;\">8. El documento expedido para el cobro de peajes.<\/span><\/strong><\/p>\n<p style=\"text-align: justify;\"><strong><span style=\"color: #000000;\">9. El comprobante de liquidaci\u00f3n de operaciones expedido por Bolsa de Valores.<\/span><\/strong><\/p>\n<p style=\"text-align: justify;\"><strong><span style=\"color: #000000;\">10. El documento de operaciones de la bolsa agropecuaria y de otros commodities.<\/span><\/strong><\/p>\n<p style=\"text-align: justify;\"><strong><span style=\"color: #000000;\">11. Documento expedido para los servicios p\u00fablicos domiciliarios.<\/span><\/strong><\/p>\n<p style=\"text-align: justify;\"><strong><span style=\"color: #000000;\">12. La boleta de ingreso a espect\u00e1culos p\u00fablicos.<\/span><\/strong><\/p>\n<p style=\"text-align: justify;\"><strong><span style=\"color: #000000;\">13. El documento equivalente electr\u00f3nico. El documento equivalente electr\u00f3nico es el documento que podr\u00e1 comprender los documentos equivalentes de los numerales 1 a 12 del presente art\u00edculo y que ser\u00e1 desarrollado por la Unidad Administrativa Especial Direcci\u00f3n de Impuestos y Aduanas Nacionales \u2013DIAN, en posteriores resoluciones, que en todo caso deber\u00e1 implementarse antes del treinta (30) de junio de 2021; para tal efecto se debe tener en cuenta lo dispuesto en el art\u00edculo 90 de esta resoluci\u00f3n.<\/span><\/strong><\/p>\n<p style=\"text-align: center;\"><span style=\"color: #000000;\"><strong>PUNTOS RELEVANTES DE LA RESOLUCI\u00d3N 0042 DE MAYO 05 DE 2020<\/strong><\/span><\/p>\n<p style=\"text-align: justify;\"><span style=\"color: #0000ff;\"><strong>Nombre que deben tener los documentos:<\/strong><\/span><\/p>\n<table style=\"height: 188px; width: 530px;\">\n<tbody>\n<tr>\n<td style=\"width: 271px; text-align: center;\"><strong><span style=\"color: #000000;\">TIPO DE DOCUMENTO<\/span><\/strong><\/td>\n<td style=\"width: 243px; text-align: center;\"><strong><span style=\"color: #000000;\">NOMBRE QUE DEBE TENER<\/span><\/strong><\/td>\n<\/tr>\n<tr>\n<td style=\"width: 271px; text-align: left;\"><strong><span style=\"color: #000000;\">Factura electr\u00f3nica de venta (Art 11)<\/span><\/strong><\/td>\n<td style=\"width: 243px; text-align: left;\"><strong><span style=\"color: #000000;\">Factura electr\u00f3nica de venta<\/span><\/strong><\/td>\n<\/tr>\n<tr>\n<td style=\"width: 271px; text-align: left;\"><strong><span style=\"color: #000000;\">Factura de papel (Art 12)<\/span><\/strong><\/td>\n<td style=\"width: 243px; text-align: left;\"><strong><span style=\"color: #000000;\">Factura de venta de talonario o de papel<\/span><\/strong><\/td>\n<\/tr>\n<tr>\n<td style=\"width: 271px; text-align: left;\"><strong><span style=\"color: #000000;\">Nota d\u00e9bito electr\u00f3nica (Art 30)<\/span><\/strong><\/td>\n<td style=\"width: 243px; text-align: left;\"><strong><span style=\"color: #000000;\">Nota d\u00e9bito de la factura electr\u00f3nica de venta<\/span><\/strong><\/td>\n<\/tr>\n<tr>\n<td style=\"width: 271px; text-align: left;\"><strong><span style=\"color: #000000;\">Nota cr\u00e9dito electr\u00f3nica (Art 30)<\/span><\/strong><\/td>\n<td style=\"width: 243px; text-align: left;\"><strong><span style=\"color: #000000;\">Nota cr\u00e9dito de la factura electr\u00f3nica de venta<\/span><\/strong><\/td>\n<\/tr>\n<tr>\n<td style=\"width: 271px; text-align: left;\"><strong><span style=\"color: #000000;\">Documento soporte en compras a no obligados a facturar (Art 55)<\/span><\/strong><\/td>\n<td style=\"width: 243px; text-align: left;\"><strong><span style=\"color: #000000;\">Documento soporte en adquisiciones efectuadas a no obligados a facturar<\/span><\/strong><\/td>\n<\/tr>\n<\/tbody>\n<\/table>\n<p style=\"text-align: justify;\"><span style=\"color: #0000ff;\"><strong>Aspectos sobre las notas d\u00e9bito y las notas cr\u00e9dito para la factura electr\u00f3nica de venta:<\/strong><\/span><\/p>\n<p style=\"text-align: justify;\"><strong><span style=\"color: #000000;\">Las notas d\u00e9bito y notas cr\u00e9dito son documentos electr\u00f3nicos que se derivan de las operaciones de venta de bienes y\/o prestaci\u00f3n de servicios que han sido previamente facturados, asociadas o no a una factura electr\u00f3nica de venta, mediante el C\u00f3digo \u00danico de Factura Electr\u00f3nica \u2013CUFE cuando sea el caso. (Num. 25 Art. 1).<\/span><\/strong><\/p>\n<p style=\"text-align: justify;\"><strong><span style=\"color: #000000;\">La nota cr\u00e9dito ser\u00e1 el mecanismo de anulaci\u00f3n de la factura electr\u00f3nica de venta, caso en el cual el n\u00famero de la factura anulada no podr\u00e1 ser utilizado nuevamente.<\/span><\/strong><\/p>\n<p style=\"text-align: justify;\"><strong><span style=\"color: #000000;\"><span style=\"text-decoration: underline;\">No podr\u00e1n ser utilizadas las notas d\u00e9bito y\/o las notas cr\u00e9dito electr\u00f3nicas para realizar ajustes entre ellas<\/span>.<\/span><\/strong><\/p>\n<p style=\"text-align: justify;\"><strong><span style=\"color: #000000;\">Para los casos en que la nota d\u00e9bito y nota cr\u00e9dito que se deriven de una factura electr\u00f3nica de venta, en la cual no se pueda identificar en forma clara e inequ\u00edvoca la factura electr\u00f3nica de venta que dio origen a la misma, el requisito establecido en el numeral 3 del presente art\u00edculo no aplica<\/span><\/strong><\/p>\n<p style=\"text-align: justify;\"><span style=\"color: #0000ff;\"><strong>Identificaci\u00f3n del adquiriente en la factura electr\u00f3nica de venta, y en la factura de venta de talonario o papel:<\/strong><\/span><\/p>\n<ol style=\"text-align: justify;\">\n<li><strong><span style=\"color: #000000;\">a) De conformidad con el literal c) del art\u00edculo 617 del Estatuto Tributario, deber\u00e1 contener: apellidos y nombre o raz\u00f3n social y N\u00famero de Identificaci\u00f3n Tributaria \u2013NIT del adquiriente de los bienes y servicios.<\/span><\/strong><\/li>\n<li><strong><span style=\"color: #000000;\">b) Registrar apellidos y nombre y n\u00famero de identificaci\u00f3n del adquiriente de los bienes y\/o servicios; para los casos en que el adquiriente no suministre la informaci\u00f3n del literal a) de este numeral, en relaci\u00f3n con el N\u00famero de Identificaci\u00f3n Tributaria -NIT.<\/span><\/strong><\/li>\n<li><strong><span style=\"color: #000000;\">c) <span style=\"text-decoration: underline;\">Registrar la frase \u00abconsumidor final\u00bb o apellidos y nombre y el n\u00famero \u00ab222222222222\u00bb en caso de adquirientes de bienes y\/o servicios que no suministren la informaci\u00f3n de los literales a) o, b) de este numeral.<\/span><\/span><\/strong><\/li>\n<\/ol>\n<p style=\"text-align: justify;\"><span style=\"text-decoration: underline;\"><strong><span style=\"color: #000000; text-decoration: underline;\">Se debe registrar la direcci\u00f3n del lugar de entrega del bien y\/o prestaci\u00f3n del servicio, cuando la citada operaci\u00f3n de venta se realiza fuera de la sede de negocio, oficina o local del facturador electr\u00f3nico para los casos en que la identificaci\u00f3n del adquiriente, corresponda a la se\u00f1alada en los literales b) y c) de este numeral.<\/span><\/strong><\/span><\/p>\n<p style=\"text-align: justify;\"><span style=\"color: #0000ff;\"><strong>\u00bfCu\u00e1l es el porcentaje m\u00e1ximo que podr\u00e1 soportarse sin factura electr\u00f3nica de venta para el a\u00f1o 2020 (Art. 83)?<\/strong><\/span><\/p>\n<p style=\"text-align: justify;\"><strong><span style=\"color: #000000;\">Podr\u00e1 soportarse sin factura electr\u00f3nica de venta correspondiente, el 30% para el a\u00f1o 2020, para el per\u00edodo comprendido entre el 2 de noviembre y el 31 de diciembre del a\u00f1o 2020.<\/span><\/strong><\/p>\n<p style=\"text-align: justify;\"><span style=\"color: #0000ff;\"><strong>\u00bfLos documentos equivalentes generados por m\u00e1quinas registradoras con sistema POS, otorgan derecho a impuestos descontables, costos o deducciones (Art. 85) ?<\/strong><\/span><\/p>\n<p style=\"text-align: justify;\"><strong><span style=\"color: #000000;\">los documentos equivalentes generados por m\u00e1quinas registradoras con sistema POS no otorgan derecho a impuestos descontables en el impuesto sobre las ventas -IVA, ni a costos y deducciones en el impuesto sobre la renta y complementarios para el adquiriente. <\/span><\/strong><\/p>\n<p style=\"text-align: justify;\"><strong><span style=\"color: #000000;\">No obstante, lo previsto en el inciso 1 del presente art\u00edculo, los adquirientes podr\u00e1n solicitar al obligado a facturar, la factura electr\u00f3nica de venta, cuando en virtud de su actividad econ\u00f3mica tengan derecho a solicitar impuestos descontables, costos y deducciones. <\/span><\/strong><\/p>\n<p style=\"text-align: justify;\"><span style=\"text-decoration: underline;\"><strong><span style=\"color: #000000; text-decoration: underline;\">Sin perjuicio de lo indicado en el inciso anterior, el documento equivalente generado por m\u00e1quinas registradoras con sistema POS, ser\u00e1 v\u00e1lido como soporte de impuestos descontables en el impuesto sobre las ventas y de costos y deducciones en el impuesto sobre la renta y complementarios, hasta el 1 de noviembre de 2020.<\/span><\/strong><\/span><\/p>\n<p style=\"text-align: justify;\"><span style=\"color: #0000ff;\"><strong>\u00bf Y qu\u00e9 pasa con las facturas de venta de talonario, o de papel existentes a la fecha de esta resoluci\u00f3n (Art.93)?<\/strong><\/span><\/p>\n<p style=\"text-align: justify;\"><strong><span style=\"color: #000000;\">Los requisitos de la factura de venta de talonario o de papel que se encuentren vigentes antes de la fecha de publicaci\u00f3n de la presente resoluci\u00f3n, <span style=\"text-decoration: underline;\">mantienen su vigencia hasta que se agoten, y en todo caso hasta el primero (1) de noviembre de 2020.<\/span><\/span><\/strong><\/p>\n<p><a href=\"https:\/\/contadoreshoy.com\/wp-content\/uploads\/2020\/05\/Resolucio\u0301n-Factura-Electro\u0301nica-05-05-2020.pdf\" target=\"_blank\" rel=\"noopener\"><strong><span style=\"color: #0000ff;\">Para ver Resoluci\u00f3n DIAN 042 de mayo 05 de 2020, dar click en este enlace<\/span><\/strong><\/a><\/p>\n<p>&nbsp;<\/p>\n<p>&nbsp;<\/p>\n","protected":false},"excerpt":{"rendered":"<p>Resoluci\u00f3n 042 de mayo 05 de 2020, por la cual se desarrollan los sistemas de facturaci\u00f3n, los proveedores tecnol\u00f3gicos, el registro de la factura electr\u00f3nica de venta como t\u00edtulo valor,&#46;&#46;&#46;<\/p>\n","protected":false},"author":1,"featured_media":11800,"comment_status":"open","ping_status":"open","sticky":false,"template":"","format":"standard","meta":{"_monsterinsights_skip_tracking":false,"ngg_post_thumbnail":0,"footnotes":"","_links_to":"","_links_to_target":""},"categories":[454,458,1],"tags":[],"class_list":["post-12503","post","type-post","status-publish","format-standard","has-post-thumbnail","hentry","category-sin-categoria","category-ultimas","category-uncategorized"],"aioseo_notices":[],"aioseo_head":"\n\t\t<!-- All in One SEO 5.0.1.1 - aioseo.com -->\n\t<meta name=\"description\" content=\"Resoluci\u00f3n 042 de mayo 05 de 2020, por la cual se desarrollan los sistemas de facturaci\u00f3n, los proveedores tecnol\u00f3gicos, el registro de la factura electr\u00f3nica de venta como t\u00edtulo valor, se expide el anexo t\u00e9cnico de factura electr\u00f3nica de venta, y se dictan otras disposiciones en materia de sistemas de facturaci\u00f3n. CALENDARIO DE IMPLEMENTACI\u00d3N DE\" \/>\n\t<meta name=\"robots\" content=\"max-image-preview:large\" \/>\n\t<meta name=\"author\" content=\"Miguel Antonio M\u00e1rquez Monta\u00f1ez\"\/>\n\t<link rel=\"canonical\" href=\"https:\/\/contadoreshoy.com\/?p=12503\" \/>\n\t<meta name=\"generator\" content=\"All in One SEO (AIOSEO) 5.0.1.1\" \/>\n\t\t<meta property=\"og:locale\" content=\"es_ES\" \/>\n\t\t<meta property=\"og:site_name\" content=\"Contadores P\u00fablicos - Portal para Contadores P\u00fablicos y empresarios\" \/>\n\t\t<meta property=\"og:type\" content=\"article\" \/>\n\t\t<meta property=\"og:title\" content=\"Calendario Factura Electr\u00f3nica de Ventas y reglamentaci\u00f3n sistemas de facturaci\u00f3n \u2013 Resoluci\u00f3n DIAN 42 de mayo 05 de 2020 - Contadores P\u00fablicos\" \/>\n\t\t<meta property=\"og:description\" content=\"Resoluci\u00f3n 042 de mayo 05 de 2020, por la cual se desarrollan los sistemas de facturaci\u00f3n, los proveedores tecnol\u00f3gicos, el registro de la factura electr\u00f3nica de venta como t\u00edtulo valor, se expide el anexo t\u00e9cnico de factura electr\u00f3nica de venta, y se dictan otras disposiciones en materia de sistemas de facturaci\u00f3n. CALENDARIO DE IMPLEMENTACI\u00d3N DE\" \/>\n\t\t<meta property=\"og:url\" content=\"https:\/\/contadoreshoy.com\/?p=12503\" \/>\n\t\t<meta property=\"og:image\" content=\"https:\/\/contadoreshoy.com\/wp-content\/uploads\/2024\/01\/cropped-cropped-cropped-Copia-de-M.jpg\" \/>\n\t\t<meta property=\"og:image:secure_url\" content=\"https:\/\/contadoreshoy.com\/wp-content\/uploads\/2024\/01\/cropped-cropped-cropped-Copia-de-M.jpg\" \/>\n\t\t<meta property=\"og:image:width\" content=\"512\" \/>\n\t\t<meta property=\"og:image:height\" content=\"371\" \/>\n\t\t<meta property=\"article:published_time\" content=\"2020-05-06T21:30:55+00:00\" \/>\n\t\t<meta property=\"article:modified_time\" content=\"2020-06-01T03:33:54+00:00\" \/>\n\t\t<meta name=\"twitter:card\" content=\"summary_large_image\" \/>\n\t\t<meta name=\"twitter:title\" content=\"Calendario Factura Electr\u00f3nica de Ventas y reglamentaci\u00f3n sistemas de facturaci\u00f3n \u2013 Resoluci\u00f3n DIAN 42 de mayo 05 de 2020 - Contadores P\u00fablicos\" \/>\n\t\t<meta name=\"twitter:description\" content=\"Resoluci\u00f3n 042 de mayo 05 de 2020, por la cual se desarrollan los sistemas de facturaci\u00f3n, los proveedores tecnol\u00f3gicos, el registro de la factura electr\u00f3nica de venta como t\u00edtulo valor, se expide el anexo t\u00e9cnico de factura electr\u00f3nica de venta, y se dictan otras disposiciones en materia de sistemas de facturaci\u00f3n. CALENDARIO DE IMPLEMENTACI\u00d3N DE\" \/>\n\t\t<meta name=\"twitter:image\" content=\"https:\/\/contadoreshoy.com\/wp-content\/uploads\/2024\/01\/cropped-cropped-cropped-Copia-de-M.jpg\" \/>\n\t\t<script type=\"application\/ld+json\" class=\"aioseo-schema\">\n\t\t\t{\"@context\":\"https:\\\/\\\/schema.org\",\"@graph\":[{\"@type\":\"BlogPosting\",\"@id\":\"https:\\\/\\\/contadoreshoy.com\\\/?p=12503#blogposting\",\"name\":\"Calendario Factura Electr\\u00f3nica de Ventas y reglamentaci\\u00f3n sistemas de facturaci\\u00f3n \\u2013 Resoluci\\u00f3n DIAN 42 de mayo 05 de 2020 - Contadores P\\u00fablicos\",\"headline\":\"Calendario Factura Electr\\u00f3nica de Ventas y reglamentaci\\u00f3n sistemas de facturaci\\u00f3n &#8211; Resoluci\\u00f3n DIAN 42 de mayo 05 de 2020\",\"author\":{\"@id\":\"https:\\\/\\\/contadoreshoy.com\\\/?author=1#author\"},\"publisher\":{\"@id\":\"https:\\\/\\\/contadoreshoy.com\\\/#organization\"},\"image\":{\"@type\":\"ImageObject\",\"url\":\"https:\\\/\\\/contadoreshoy.com\\\/wp-content\\\/uploads\\\/2019\\\/04\\\/Informaci\\u00f3n-ex\\u00f3gena.jpg\",\"width\":550,\"height\":300},\"datePublished\":\"2020-05-06T16:30:55-05:00\",\"dateModified\":\"2020-05-31T22:33:54-05:00\",\"inLanguage\":\"es-ES\",\"mainEntityOfPage\":{\"@id\":\"https:\\\/\\\/contadoreshoy.com\\\/?p=12503#webpage\"},\"isPartOf\":{\"@id\":\"https:\\\/\\\/contadoreshoy.com\\\/?p=12503#webpage\"},\"articleSection\":\"Sin categor\\u00eda, Ultimas Noticias, Uncategorized\"},{\"@type\":\"BreadcrumbList\",\"@id\":\"https:\\\/\\\/contadoreshoy.com\\\/?p=12503#breadcrumblist\",\"itemListElement\":[{\"@type\":\"ListItem\",\"@id\":\"https:\\\/\\\/contadoreshoy.com#listItem\",\"position\":1,\"name\":\"Home\",\"item\":\"https:\\\/\\\/contadoreshoy.com\",\"nextItem\":{\"@type\":\"ListItem\",\"@id\":\"https:\\\/\\\/contadoreshoy.com\\\/?cat=1#listItem\",\"name\":\"Uncategorized\"}},{\"@type\":\"ListItem\",\"@id\":\"https:\\\/\\\/contadoreshoy.com\\\/?cat=1#listItem\",\"position\":2,\"name\":\"Uncategorized\",\"item\":\"https:\\\/\\\/contadoreshoy.com\\\/?cat=1\",\"nextItem\":{\"@type\":\"ListItem\",\"@id\":\"https:\\\/\\\/contadoreshoy.com\\\/?p=12503#listItem\",\"name\":\"Calendario Factura Electr\\u00f3nica de Ventas y reglamentaci\\u00f3n sistemas de facturaci\\u00f3n &#8211; Resoluci\\u00f3n DIAN 42 de mayo 05 de 2020\"},\"previousItem\":{\"@type\":\"ListItem\",\"@id\":\"https:\\\/\\\/contadoreshoy.com#listItem\",\"name\":\"Home\"}},{\"@type\":\"ListItem\",\"@id\":\"https:\\\/\\\/contadoreshoy.com\\\/?p=12503#listItem\",\"position\":3,\"name\":\"Calendario Factura Electr\\u00f3nica de Ventas y reglamentaci\\u00f3n sistemas de facturaci\\u00f3n &#8211; Resoluci\\u00f3n DIAN 42 de mayo 05 de 2020\",\"previousItem\":{\"@type\":\"ListItem\",\"@id\":\"https:\\\/\\\/contadoreshoy.com\\\/?cat=1#listItem\",\"name\":\"Uncategorized\"}}]},{\"@type\":\"Organization\",\"@id\":\"https:\\\/\\\/contadoreshoy.com\\\/#organization\",\"name\":\"Contadores P\\u00fablicos\",\"description\":\"Portal para Contadores P\\u00fablicos y empresarios\",\"url\":\"https:\\\/\\\/contadoreshoy.com\\\/\",\"logo\":{\"@type\":\"ImageObject\",\"url\":\"https:\\\/\\\/contadoreshoy.com\\\/wp-content\\\/uploads\\\/2024\\\/01\\\/cropped-cropped-Copia-de-M-1.jpg\",\"@id\":\"https:\\\/\\\/contadoreshoy.com\\\/?p=12503\\\/#organizationLogo\",\"width\":499,\"height\":500},\"image\":{\"@id\":\"https:\\\/\\\/contadoreshoy.com\\\/?p=12503\\\/#organizationLogo\"}},{\"@type\":\"Person\",\"@id\":\"https:\\\/\\\/contadoreshoy.com\\\/?author=1#author\",\"url\":\"https:\\\/\\\/contadoreshoy.com\\\/?author=1\",\"name\":\"Miguel Antonio M\\u00e1rquez Monta\\u00f1ez\"},{\"@type\":\"WebPage\",\"@id\":\"https:\\\/\\\/contadoreshoy.com\\\/?p=12503#webpage\",\"url\":\"https:\\\/\\\/contadoreshoy.com\\\/?p=12503\",\"name\":\"Calendario Factura Electr\\u00f3nica de Ventas y reglamentaci\\u00f3n sistemas de facturaci\\u00f3n \\u2013 Resoluci\\u00f3n DIAN 42 de mayo 05 de 2020 - Contadores P\\u00fablicos\",\"description\":\"Resoluci\\u00f3n 042 de mayo 05 de 2020, por la cual se desarrollan los sistemas de facturaci\\u00f3n, los proveedores tecnol\\u00f3gicos, el registro de la factura electr\\u00f3nica de venta como t\\u00edtulo valor, se expide el anexo t\\u00e9cnico de factura electr\\u00f3nica de venta, y se dictan otras disposiciones en materia de sistemas de facturaci\\u00f3n. CALENDARIO DE IMPLEMENTACI\\u00d3N DE\",\"inLanguage\":\"es-ES\",\"isPartOf\":{\"@id\":\"https:\\\/\\\/contadoreshoy.com\\\/#website\"},\"breadcrumb\":{\"@id\":\"https:\\\/\\\/contadoreshoy.com\\\/?p=12503#breadcrumblist\"},\"author\":{\"@id\":\"https:\\\/\\\/contadoreshoy.com\\\/?author=1#author\"},\"creator\":{\"@id\":\"https:\\\/\\\/contadoreshoy.com\\\/?author=1#author\"},\"image\":{\"@type\":\"ImageObject\",\"url\":\"https:\\\/\\\/contadoreshoy.com\\\/wp-content\\\/uploads\\\/2019\\\/04\\\/Informaci\\u00f3n-ex\\u00f3gena.jpg\",\"@id\":\"https:\\\/\\\/contadoreshoy.com\\\/?p=12503\\\/#mainImage\",\"width\":550,\"height\":300},\"primaryImageOfPage\":{\"@id\":\"https:\\\/\\\/contadoreshoy.com\\\/?p=12503#mainImage\"},\"datePublished\":\"2020-05-06T16:30:55-05:00\",\"dateModified\":\"2020-05-31T22:33:54-05:00\"},{\"@type\":\"WebSite\",\"@id\":\"https:\\\/\\\/contadoreshoy.com\\\/#website\",\"url\":\"https:\\\/\\\/contadoreshoy.com\\\/\",\"name\":\"Contadores P\\u00fablicos\",\"description\":\"Portal para Contadores P\\u00fablicos y empresarios\",\"inLanguage\":\"es-ES\",\"publisher\":{\"@id\":\"https:\\\/\\\/contadoreshoy.com\\\/#organization\"}}]}\n\t\t<\/script>\n\t\t<!-- All in One SEO -->\n\n","aioseo_head_json":{"title":"Calendario Factura Electr\u00f3nica de Ventas y reglamentaci\u00f3n sistemas de facturaci\u00f3n \u2013 Resoluci\u00f3n DIAN 42 de mayo 05 de 2020 - Contadores P\u00fablicos","description":"Resoluci\u00f3n 042 de mayo 05 de 2020, por la cual se desarrollan los sistemas de facturaci\u00f3n, los proveedores tecnol\u00f3gicos, el registro de la factura electr\u00f3nica de venta como t\u00edtulo valor, se expide el anexo t\u00e9cnico de factura electr\u00f3nica de venta, y se dictan otras disposiciones en materia de sistemas de facturaci\u00f3n. CALENDARIO DE IMPLEMENTACI\u00d3N DE","canonical_url":"https:\/\/contadoreshoy.com\/?p=12503","robots":"max-image-preview:large","keywords":"","webmasterTools":{"miscellaneous":""},"schema":{"@context":"https:\/\/schema.org","@graph":[{"@type":"BlogPosting","@id":"https:\/\/contadoreshoy.com\/?p=12503#blogposting","name":"Calendario Factura Electr\u00f3nica de Ventas y reglamentaci\u00f3n sistemas de facturaci\u00f3n \u2013 Resoluci\u00f3n DIAN 42 de mayo 05 de 2020 - Contadores P\u00fablicos","headline":"Calendario Factura Electr\u00f3nica de Ventas y reglamentaci\u00f3n sistemas de facturaci\u00f3n &#8211; Resoluci\u00f3n DIAN 42 de mayo 05 de 2020","author":{"@id":"https:\/\/contadoreshoy.com\/?author=1#author"},"publisher":{"@id":"https:\/\/contadoreshoy.com\/#organization"},"image":{"@type":"ImageObject","url":"https:\/\/contadoreshoy.com\/wp-content\/uploads\/2019\/04\/Informaci\u00f3n-ex\u00f3gena.jpg","width":550,"height":300},"datePublished":"2020-05-06T16:30:55-05:00","dateModified":"2020-05-31T22:33:54-05:00","inLanguage":"es-ES","mainEntityOfPage":{"@id":"https:\/\/contadoreshoy.com\/?p=12503#webpage"},"isPartOf":{"@id":"https:\/\/contadoreshoy.com\/?p=12503#webpage"},"articleSection":"Sin categor\u00eda, Ultimas Noticias, Uncategorized"},{"@type":"BreadcrumbList","@id":"https:\/\/contadoreshoy.com\/?p=12503#breadcrumblist","itemListElement":[{"@type":"ListItem","@id":"https:\/\/contadoreshoy.com#listItem","position":1,"name":"Home","item":"https:\/\/contadoreshoy.com","nextItem":{"@type":"ListItem","@id":"https:\/\/contadoreshoy.com\/?cat=1#listItem","name":"Uncategorized"}},{"@type":"ListItem","@id":"https:\/\/contadoreshoy.com\/?cat=1#listItem","position":2,"name":"Uncategorized","item":"https:\/\/contadoreshoy.com\/?cat=1","nextItem":{"@type":"ListItem","@id":"https:\/\/contadoreshoy.com\/?p=12503#listItem","name":"Calendario Factura Electr\u00f3nica de Ventas y reglamentaci\u00f3n sistemas de facturaci\u00f3n &#8211; Resoluci\u00f3n DIAN 42 de mayo 05 de 2020"},"previousItem":{"@type":"ListItem","@id":"https:\/\/contadoreshoy.com#listItem","name":"Home"}},{"@type":"ListItem","@id":"https:\/\/contadoreshoy.com\/?p=12503#listItem","position":3,"name":"Calendario Factura Electr\u00f3nica de Ventas y reglamentaci\u00f3n sistemas de facturaci\u00f3n &#8211; Resoluci\u00f3n DIAN 42 de mayo 05 de 2020","previousItem":{"@type":"ListItem","@id":"https:\/\/contadoreshoy.com\/?cat=1#listItem","name":"Uncategorized"}}]},{"@type":"Organization","@id":"https:\/\/contadoreshoy.com\/#organization","name":"Contadores P\u00fablicos","description":"Portal para Contadores P\u00fablicos y empresarios","url":"https:\/\/contadoreshoy.com\/","logo":{"@type":"ImageObject","url":"https:\/\/contadoreshoy.com\/wp-content\/uploads\/2024\/01\/cropped-cropped-Copia-de-M-1.jpg","@id":"https:\/\/contadoreshoy.com\/?p=12503\/#organizationLogo","width":499,"height":500},"image":{"@id":"https:\/\/contadoreshoy.com\/?p=12503\/#organizationLogo"}},{"@type":"Person","@id":"https:\/\/contadoreshoy.com\/?author=1#author","url":"https:\/\/contadoreshoy.com\/?author=1","name":"Miguel Antonio M\u00e1rquez Monta\u00f1ez"},{"@type":"WebPage","@id":"https:\/\/contadoreshoy.com\/?p=12503#webpage","url":"https:\/\/contadoreshoy.com\/?p=12503","name":"Calendario Factura Electr\u00f3nica de Ventas y reglamentaci\u00f3n sistemas de facturaci\u00f3n \u2013 Resoluci\u00f3n DIAN 42 de mayo 05 de 2020 - Contadores P\u00fablicos","description":"Resoluci\u00f3n 042 de mayo 05 de 2020, por la cual se desarrollan los sistemas de facturaci\u00f3n, los proveedores tecnol\u00f3gicos, el registro de la factura electr\u00f3nica de venta como t\u00edtulo valor, se expide el anexo t\u00e9cnico de factura electr\u00f3nica de venta, y se dictan otras disposiciones en materia de sistemas de facturaci\u00f3n. CALENDARIO DE IMPLEMENTACI\u00d3N DE","inLanguage":"es-ES","isPartOf":{"@id":"https:\/\/contadoreshoy.com\/#website"},"breadcrumb":{"@id":"https:\/\/contadoreshoy.com\/?p=12503#breadcrumblist"},"author":{"@id":"https:\/\/contadoreshoy.com\/?author=1#author"},"creator":{"@id":"https:\/\/contadoreshoy.com\/?author=1#author"},"image":{"@type":"ImageObject","url":"https:\/\/contadoreshoy.com\/wp-content\/uploads\/2019\/04\/Informaci\u00f3n-ex\u00f3gena.jpg","@id":"https:\/\/contadoreshoy.com\/?p=12503\/#mainImage","width":550,"height":300},"primaryImageOfPage":{"@id":"https:\/\/contadoreshoy.com\/?p=12503#mainImage"},"datePublished":"2020-05-06T16:30:55-05:00","dateModified":"2020-05-31T22:33:54-05:00"},{"@type":"WebSite","@id":"https:\/\/contadoreshoy.com\/#website","url":"https:\/\/contadoreshoy.com\/","name":"Contadores P\u00fablicos","description":"Portal para Contadores P\u00fablicos y empresarios","inLanguage":"es-ES","publisher":{"@id":"https:\/\/contadoreshoy.com\/#organization"}}]},"og:locale":"es_ES","og:site_name":"Contadores P\u00fablicos - Portal para Contadores P\u00fablicos y empresarios","og:type":"article","og:title":"Calendario Factura Electr\u00f3nica de Ventas y reglamentaci\u00f3n sistemas de facturaci\u00f3n \u2013 Resoluci\u00f3n DIAN 42 de mayo 05 de 2020 - Contadores P\u00fablicos","og:description":"Resoluci\u00f3n 042 de mayo 05 de 2020, por la cual se desarrollan los sistemas de facturaci\u00f3n, los proveedores tecnol\u00f3gicos, el registro de la factura electr\u00f3nica de venta como t\u00edtulo valor, se expide el anexo t\u00e9cnico de factura electr\u00f3nica de venta, y se dictan otras disposiciones en materia de sistemas de facturaci\u00f3n. CALENDARIO DE IMPLEMENTACI\u00d3N DE","og:url":"https:\/\/contadoreshoy.com\/?p=12503","og:image":"https:\/\/contadoreshoy.com\/wp-content\/uploads\/2024\/01\/cropped-cropped-cropped-Copia-de-M.jpg","og:image:secure_url":"https:\/\/contadoreshoy.com\/wp-content\/uploads\/2024\/01\/cropped-cropped-cropped-Copia-de-M.jpg","og:image:width":512,"og:image:height":371,"article:published_time":"2020-05-06T21:30:55+00:00","article:modified_time":"2020-06-01T03:33:54+00:00","twitter:card":"summary_large_image","twitter:title":"Calendario Factura Electr\u00f3nica de Ventas y reglamentaci\u00f3n sistemas de facturaci\u00f3n \u2013 Resoluci\u00f3n DIAN 42 de mayo 05 de 2020 - Contadores P\u00fablicos","twitter:description":"Resoluci\u00f3n 042 de mayo 05 de 2020, por la cual se desarrollan los sistemas de facturaci\u00f3n, los proveedores tecnol\u00f3gicos, el registro de la factura electr\u00f3nica de venta como t\u00edtulo valor, se expide el anexo t\u00e9cnico de factura electr\u00f3nica de venta, y se dictan otras disposiciones en materia de sistemas de facturaci\u00f3n. CALENDARIO DE IMPLEMENTACI\u00d3N DE","twitter:image":"https:\/\/contadoreshoy.com\/wp-content\/uploads\/2024\/01\/cropped-cropped-cropped-Copia-de-M.jpg"},"aioseo_meta_data":{"post_id":"12503","title":null,"description":null,"keywords":null,"keyphrases":null,"primary_term":null,"canonical_url":null,"og_title":null,"og_description":null,"og_object_type":"default","og_image_type":"default","og_image_url":null,"og_image_width":null,"og_image_height":null,"og_image_custom_url":null,"og_image_custom_fields":null,"og_video":null,"og_custom_url":null,"og_article_section":null,"og_article_tags":null,"twitter_use_og":false,"twitter_card":"default","twitter_image_type":"default","twitter_image_url":null,"twitter_image_custom_url":null,"twitter_image_custom_fields":null,"twitter_title":null,"twitter_description":null,"schema":{"blockGraphs":[],"customGraphs":[],"default":{"data":{"Article":[],"Course":[],"Dataset":[],"FAQPage":[],"Movie":[],"Person":[],"Product":[],"ProductReview":[],"Car":[],"Recipe":[],"Service":[],"SoftwareApplication":[],"WebPage":[]},"graphName":"","isEnabled":true},"graphs":[]},"schema_type":"default","schema_type_options":null,"pillar_content":false,"robots_default":true,"robots_noindex":false,"robots_noarchive":false,"robots_nosnippet":false,"robots_nofollow":false,"robots_noimageindex":false,"robots_noodp":false,"robots_notranslate":false,"robots_max_snippet":null,"robots_max_videopreview":null,"robots_max_imagepreview":"large","priority":null,"frequency":null,"local_seo":null,"breadcrumb_settings":null,"limit_modified_date":false,"ai":null,"created":"2024-03-05 02:15:37","updated":"2026-03-03 05:24:40","seo_analyzer_scan_date":null,"focus_keyword":null,"additional_keywords":null,"truseo_locale":null},"aioseo_breadcrumb":"<div class=\"aioseo-breadcrumbs\"><span class=\"aioseo-breadcrumb\">\n\t\t\t<a href=\"https:\/\/contadoreshoy.com\" title=\"Home\">Home<\/a>\n\t\t<\/span><span class=\"aioseo-breadcrumb-separator\">&raquo;<\/span><span class=\"aioseo-breadcrumb\">\n\t\t\t<a href=\"https:\/\/contadoreshoy.com\/?cat=1\" title=\"Uncategorized\">Uncategorized<\/a>\n\t\t<\/span><span class=\"aioseo-breadcrumb-separator\">&raquo;<\/span><span class=\"aioseo-breadcrumb\">\n\t\t\tCalendario Factura Electr\u00f3nica de Ventas y reglamentaci\u00f3n sistemas de facturaci\u00f3n \u2013 Resoluci\u00f3n DIAN 42 de mayo 05 de 2020\n\t\t<\/span><\/div>","aioseo_breadcrumb_json":[{"label":"Home","link":"https:\/\/contadoreshoy.com"},{"label":"Uncategorized","link":"https:\/\/contadoreshoy.com\/?cat=1"},{"label":"Calendario Factura Electr\u00f3nica de Ventas y reglamentaci\u00f3n sistemas de facturaci\u00f3n &#8211; Resoluci\u00f3n DIAN 42 de mayo 05 de 2020","link":"https:\/\/contadoreshoy.com\/?p=12503"}],"yoast_head":"<!-- This site is optimized with the Yoast SEO plugin v28.4 - https:\/\/yoast.com\/product\/yoast-seo-wordpress\/ -->\n<title>Calendario Factura Electr\u00f3nica de Ventas y reglamentaci\u00f3n sistemas de facturaci\u00f3n - Resoluci\u00f3n DIAN 42 de mayo 05 de 2020 - Contadores P\u00fablicos<\/title>\n<meta name=\"robots\" content=\"index, follow, max-snippet:-1, max-image-preview:large, max-video-preview:-1\" \/>\n<link rel=\"canonical\" href=\"https:\/\/contadoreshoy.com\/?p=12503\" \/>\n<meta property=\"og:locale\" content=\"es_ES\" \/>\n<meta property=\"og:type\" content=\"article\" \/>\n<meta property=\"og:title\" content=\"Calendario Factura Electr\u00f3nica de Ventas y reglamentaci\u00f3n sistemas de facturaci\u00f3n - Resoluci\u00f3n DIAN 42 de mayo 05 de 2020 - Contadores P\u00fablicos\" \/>\n<meta property=\"og:description\" content=\"Resoluci\u00f3n 042 de mayo 05 de 2020, por la cual se desarrollan los sistemas de facturaci\u00f3n, los proveedores tecnol\u00f3gicos, el registro de la factura electr\u00f3nica de venta como t\u00edtulo valor,&#046;&#046;&#046;\" \/>\n<meta property=\"og:url\" content=\"https:\/\/contadoreshoy.com\/?p=12503\" \/>\n<meta property=\"og:site_name\" content=\"Contadores P\u00fablicos\" \/>\n<meta property=\"article:publisher\" content=\"https:\/\/www.facebook.com\/CCCPBucaramanga\/\" \/>\n<meta property=\"article:published_time\" content=\"2020-05-06T21:30:55+00:00\" \/>\n<meta property=\"article:modified_time\" content=\"2020-06-01T03:33:54+00:00\" \/>\n<meta property=\"og:image\" content=\"https:\/\/contadoreshoy.com\/wp-content\/uploads\/2019\/04\/Informaci\u00f3n-ex\u00f3gena.jpg\" \/>\n\t<meta property=\"og:image:width\" content=\"550\" \/>\n\t<meta property=\"og:image:height\" content=\"300\" \/>\n\t<meta property=\"og:image:type\" content=\"image\/jpeg\" \/>\n<meta name=\"author\" content=\"Miguel Antonio M\u00e1rquez Monta\u00f1ez\" \/>\n<meta name=\"twitter:card\" content=\"summary_large_image\" \/>\n<meta name=\"twitter:label1\" content=\"Escrito por\" \/>\n\t<meta name=\"twitter:data1\" content=\"Miguel Antonio M\u00e1rquez Monta\u00f1ez\" \/>\n\t<meta name=\"twitter:label2\" content=\"Tiempo de lectura\" \/>\n\t<meta name=\"twitter:data2\" content=\"21 minutos\" \/>\n<script type=\"application\/ld+json\" class=\"yoast-schema-graph\">{\"@context\":\"https:\\\/\\\/schema.org\",\"@graph\":[{\"@type\":\"Article\",\"@id\":\"https:\\\/\\\/contadoreshoy.com\\\/?p=12503#article\",\"isPartOf\":{\"@id\":\"https:\\\/\\\/contadoreshoy.com\\\/?p=12503\"},\"author\":{\"name\":\"Miguel Antonio M\u00e1rquez Monta\u00f1ez\",\"@id\":\"https:\\\/\\\/contadoreshoy.com\\\/#\\\/schema\\\/person\\\/96d8979cb865537c5dc9345e40089fc5\"},\"headline\":\"Calendario Factura Electr\u00f3nica de Ventas y reglamentaci\u00f3n sistemas de facturaci\u00f3n &#8211; Resoluci\u00f3n DIAN 42 de mayo 05 de 2020\",\"datePublished\":\"2020-05-06T21:30:55+00:00\",\"dateModified\":\"2020-06-01T03:33:54+00:00\",\"mainEntityOfPage\":{\"@id\":\"https:\\\/\\\/contadoreshoy.com\\\/?p=12503\"},\"wordCount\":4150,\"commentCount\":0,\"publisher\":{\"@id\":\"https:\\\/\\\/contadoreshoy.com\\\/#organization\"},\"image\":{\"@id\":\"https:\\\/\\\/contadoreshoy.com\\\/?p=12503#primaryimage\"},\"thumbnailUrl\":\"https:\\\/\\\/contadoreshoy.com\\\/wp-content\\\/uploads\\\/2019\\\/04\\\/Informaci\u00f3n-ex\u00f3gena.jpg\",\"articleSection\":{\"1\":\"Ultimas Noticias\",\"2\":\"Uncategorized\"},\"inLanguage\":\"es\",\"potentialAction\":[{\"@type\":\"CommentAction\",\"name\":\"Comment\",\"target\":[\"https:\\\/\\\/contadoreshoy.com\\\/?p=12503#respond\"]}]},{\"@type\":\"WebPage\",\"@id\":\"https:\\\/\\\/contadoreshoy.com\\\/?p=12503\",\"url\":\"https:\\\/\\\/contadoreshoy.com\\\/?p=12503\",\"name\":\"Calendario Factura Electr\u00f3nica de Ventas y reglamentaci\u00f3n sistemas de facturaci\u00f3n - Resoluci\u00f3n DIAN 42 de mayo 05 de 2020 - Contadores P\u00fablicos\",\"isPartOf\":{\"@id\":\"https:\\\/\\\/contadoreshoy.com\\\/#website\"},\"primaryImageOfPage\":{\"@id\":\"https:\\\/\\\/contadoreshoy.com\\\/?p=12503#primaryimage\"},\"image\":{\"@id\":\"https:\\\/\\\/contadoreshoy.com\\\/?p=12503#primaryimage\"},\"thumbnailUrl\":\"https:\\\/\\\/contadoreshoy.com\\\/wp-content\\\/uploads\\\/2019\\\/04\\\/Informaci\u00f3n-ex\u00f3gena.jpg\",\"datePublished\":\"2020-05-06T21:30:55+00:00\",\"dateModified\":\"2020-06-01T03:33:54+00:00\",\"breadcrumb\":{\"@id\":\"https:\\\/\\\/contadoreshoy.com\\\/?p=12503#breadcrumb\"},\"inLanguage\":\"es\",\"potentialAction\":[{\"@type\":\"ReadAction\",\"target\":[\"https:\\\/\\\/contadoreshoy.com\\\/?p=12503\"]}]},{\"@type\":\"ImageObject\",\"inLanguage\":\"es\",\"@id\":\"https:\\\/\\\/contadoreshoy.com\\\/?p=12503#primaryimage\",\"url\":\"https:\\\/\\\/contadoreshoy.com\\\/wp-content\\\/uploads\\\/2019\\\/04\\\/Informaci\u00f3n-ex\u00f3gena.jpg\",\"contentUrl\":\"https:\\\/\\\/contadoreshoy.com\\\/wp-content\\\/uploads\\\/2019\\\/04\\\/Informaci\u00f3n-ex\u00f3gena.jpg\",\"width\":550,\"height\":300},{\"@type\":\"BreadcrumbList\",\"@id\":\"https:\\\/\\\/contadoreshoy.com\\\/?p=12503#breadcrumb\",\"itemListElement\":[{\"@type\":\"ListItem\",\"position\":1,\"name\":\"Portada\",\"item\":\"https:\\\/\\\/contadoreshoy.com\\\/\"},{\"@type\":\"ListItem\",\"position\":2,\"name\":\"Calendario Factura Electr\u00f3nica de Ventas y reglamentaci\u00f3n sistemas de facturaci\u00f3n &#8211; Resoluci\u00f3n DIAN 42 de mayo 05 de 2020\"}]},{\"@type\":\"WebSite\",\"@id\":\"https:\\\/\\\/contadoreshoy.com\\\/#website\",\"url\":\"https:\\\/\\\/contadoreshoy.com\\\/\",\"name\":\"Contadorespublicossantander\",\"description\":\"Portal para Contadores P\u00fablicos y empresarios\",\"publisher\":{\"@id\":\"https:\\\/\\\/contadoreshoy.com\\\/#organization\"},\"potentialAction\":[{\"@type\":\"SearchAction\",\"target\":{\"@type\":\"EntryPoint\",\"urlTemplate\":\"https:\\\/\\\/contadoreshoy.com\\\/?s={search_term_string}\"},\"query-input\":{\"@type\":\"PropertyValueSpecification\",\"valueRequired\":true,\"valueName\":\"search_term_string\"}}],\"inLanguage\":\"es\"},{\"@type\":\"Organization\",\"@id\":\"https:\\\/\\\/contadoreshoy.com\\\/#organization\",\"name\":\"Contadores P\u00fablicos de Santander\",\"url\":\"https:\\\/\\\/contadoreshoy.com\\\/\",\"logo\":{\"@type\":\"ImageObject\",\"inLanguage\":\"es\",\"@id\":\"https:\\\/\\\/contadoreshoy.com\\\/#\\\/schema\\\/logo\\\/image\\\/\",\"url\":\"https:\\\/\\\/contadoreshoy.com\\\/wp-content\\\/uploads\\\/2024\\\/01\\\/cropped-cropped-Copia-de-M-1.jpg\",\"contentUrl\":\"https:\\\/\\\/contadoreshoy.com\\\/wp-content\\\/uploads\\\/2024\\\/01\\\/cropped-cropped-Copia-de-M-1.jpg\",\"width\":499,\"height\":500,\"caption\":\"Contadores P\u00fablicos de Santander\"},\"image\":{\"@id\":\"https:\\\/\\\/contadoreshoy.com\\\/#\\\/schema\\\/logo\\\/image\\\/\"},\"sameAs\":[\"https:\\\/\\\/www.facebook.com\\\/CCCPBucaramanga\\\/\"]},{\"@type\":\"Person\",\"@id\":\"https:\\\/\\\/contadoreshoy.com\\\/#\\\/schema\\\/person\\\/96d8979cb865537c5dc9345e40089fc5\",\"name\":\"Miguel Antonio M\u00e1rquez Monta\u00f1ez\",\"description\":\"Contador P\u00fablico egresado de la Universidad Aut\u00f3noma de Bucaramanga - Asesor contable tributario con m\u00e1s de 25 a\u00f1os de experiencia - Conferencista en temas contables y tributarios - T\u00e9cnico en Hardware y Dise\u00f1o Web - Creador y director Grupo de Estudio Colegio Colombiano de Contadores P\u00fablicos de Bucaramanga - Creador y Master Web p\u00e1gina www.contadoresp\u00fablicossantander.com - Expresidente Colegio Colombiano de Contadores P\u00fablicos Bucaramanga\",\"url\":\"https:\\\/\\\/contadoreshoy.com\\\/?author=1\"}]}<\/script>\n<!-- \/ Yoast SEO plugin. -->","yoast_head_json":{"title":"Calendario Factura Electr\u00f3nica de Ventas y reglamentaci\u00f3n sistemas de facturaci\u00f3n - Resoluci\u00f3n DIAN 42 de mayo 05 de 2020 - Contadores P\u00fablicos","robots":{"index":"index","follow":"follow","max-snippet":"max-snippet:-1","max-image-preview":"max-image-preview:large","max-video-preview":"max-video-preview:-1"},"canonical":"https:\/\/contadoreshoy.com\/?p=12503","og_locale":"es_ES","og_type":"article","og_title":"Calendario Factura Electr\u00f3nica de Ventas y reglamentaci\u00f3n sistemas de facturaci\u00f3n - Resoluci\u00f3n DIAN 42 de mayo 05 de 2020 - Contadores P\u00fablicos","og_description":"Resoluci\u00f3n 042 de mayo 05 de 2020, por la cual se desarrollan los sistemas de facturaci\u00f3n, los proveedores tecnol\u00f3gicos, el registro de la factura electr\u00f3nica de venta como t\u00edtulo valor,&#46;&#46;&#46;","og_url":"https:\/\/contadoreshoy.com\/?p=12503","og_site_name":"Contadores P\u00fablicos","article_publisher":"https:\/\/www.facebook.com\/CCCPBucaramanga\/","article_published_time":"2020-05-06T21:30:55+00:00","article_modified_time":"2020-06-01T03:33:54+00:00","og_image":[{"width":550,"height":300,"url":"https:\/\/contadoreshoy.com\/wp-content\/uploads\/2019\/04\/Informaci\u00f3n-ex\u00f3gena.jpg","type":"image\/jpeg"}],"author":"Miguel Antonio M\u00e1rquez Monta\u00f1ez","twitter_card":"summary_large_image","twitter_misc":{"Escrito por":"Miguel Antonio M\u00e1rquez Monta\u00f1ez","Tiempo de lectura":"21 minutos"},"schema":{"@context":"https:\/\/schema.org","@graph":[{"@type":"Article","@id":"https:\/\/contadoreshoy.com\/?p=12503#article","isPartOf":{"@id":"https:\/\/contadoreshoy.com\/?p=12503"},"author":{"name":"Miguel Antonio M\u00e1rquez Monta\u00f1ez","@id":"https:\/\/contadoreshoy.com\/#\/schema\/person\/96d8979cb865537c5dc9345e40089fc5"},"headline":"Calendario Factura Electr\u00f3nica de Ventas y reglamentaci\u00f3n sistemas de facturaci\u00f3n &#8211; Resoluci\u00f3n DIAN 42 de mayo 05 de 2020","datePublished":"2020-05-06T21:30:55+00:00","dateModified":"2020-06-01T03:33:54+00:00","mainEntityOfPage":{"@id":"https:\/\/contadoreshoy.com\/?p=12503"},"wordCount":4150,"commentCount":0,"publisher":{"@id":"https:\/\/contadoreshoy.com\/#organization"},"image":{"@id":"https:\/\/contadoreshoy.com\/?p=12503#primaryimage"},"thumbnailUrl":"https:\/\/contadoreshoy.com\/wp-content\/uploads\/2019\/04\/Informaci\u00f3n-ex\u00f3gena.jpg","articleSection":{"1":"Ultimas Noticias","2":"Uncategorized"},"inLanguage":"es","potentialAction":[{"@type":"CommentAction","name":"Comment","target":["https:\/\/contadoreshoy.com\/?p=12503#respond"]}]},{"@type":"WebPage","@id":"https:\/\/contadoreshoy.com\/?p=12503","url":"https:\/\/contadoreshoy.com\/?p=12503","name":"Calendario Factura Electr\u00f3nica de Ventas y reglamentaci\u00f3n sistemas de facturaci\u00f3n - Resoluci\u00f3n DIAN 42 de mayo 05 de 2020 - Contadores P\u00fablicos","isPartOf":{"@id":"https:\/\/contadoreshoy.com\/#website"},"primaryImageOfPage":{"@id":"https:\/\/contadoreshoy.com\/?p=12503#primaryimage"},"image":{"@id":"https:\/\/contadoreshoy.com\/?p=12503#primaryimage"},"thumbnailUrl":"https:\/\/contadoreshoy.com\/wp-content\/uploads\/2019\/04\/Informaci\u00f3n-ex\u00f3gena.jpg","datePublished":"2020-05-06T21:30:55+00:00","dateModified":"2020-06-01T03:33:54+00:00","breadcrumb":{"@id":"https:\/\/contadoreshoy.com\/?p=12503#breadcrumb"},"inLanguage":"es","potentialAction":[{"@type":"ReadAction","target":["https:\/\/contadoreshoy.com\/?p=12503"]}]},{"@type":"ImageObject","inLanguage":"es","@id":"https:\/\/contadoreshoy.com\/?p=12503#primaryimage","url":"https:\/\/contadoreshoy.com\/wp-content\/uploads\/2019\/04\/Informaci\u00f3n-ex\u00f3gena.jpg","contentUrl":"https:\/\/contadoreshoy.com\/wp-content\/uploads\/2019\/04\/Informaci\u00f3n-ex\u00f3gena.jpg","width":550,"height":300},{"@type":"BreadcrumbList","@id":"https:\/\/contadoreshoy.com\/?p=12503#breadcrumb","itemListElement":[{"@type":"ListItem","position":1,"name":"Portada","item":"https:\/\/contadoreshoy.com\/"},{"@type":"ListItem","position":2,"name":"Calendario Factura Electr\u00f3nica de Ventas y reglamentaci\u00f3n sistemas de facturaci\u00f3n &#8211; Resoluci\u00f3n DIAN 42 de mayo 05 de 2020"}]},{"@type":"WebSite","@id":"https:\/\/contadoreshoy.com\/#website","url":"https:\/\/contadoreshoy.com\/","name":"Contadorespublicossantander","description":"Portal para Contadores P\u00fablicos y empresarios","publisher":{"@id":"https:\/\/contadoreshoy.com\/#organization"},"potentialAction":[{"@type":"SearchAction","target":{"@type":"EntryPoint","urlTemplate":"https:\/\/contadoreshoy.com\/?s={search_term_string}"},"query-input":{"@type":"PropertyValueSpecification","valueRequired":true,"valueName":"search_term_string"}}],"inLanguage":"es"},{"@type":"Organization","@id":"https:\/\/contadoreshoy.com\/#organization","name":"Contadores P\u00fablicos de Santander","url":"https:\/\/contadoreshoy.com\/","logo":{"@type":"ImageObject","inLanguage":"es","@id":"https:\/\/contadoreshoy.com\/#\/schema\/logo\/image\/","url":"https:\/\/contadoreshoy.com\/wp-content\/uploads\/2024\/01\/cropped-cropped-Copia-de-M-1.jpg","contentUrl":"https:\/\/contadoreshoy.com\/wp-content\/uploads\/2024\/01\/cropped-cropped-Copia-de-M-1.jpg","width":499,"height":500,"caption":"Contadores P\u00fablicos de Santander"},"image":{"@id":"https:\/\/contadoreshoy.com\/#\/schema\/logo\/image\/"},"sameAs":["https:\/\/www.facebook.com\/CCCPBucaramanga\/"]},{"@type":"Person","@id":"https:\/\/contadoreshoy.com\/#\/schema\/person\/96d8979cb865537c5dc9345e40089fc5","name":"Miguel Antonio M\u00e1rquez Monta\u00f1ez","description":"Contador P\u00fablico egresado de la Universidad Aut\u00f3noma de Bucaramanga - Asesor contable tributario con m\u00e1s de 25 a\u00f1os de experiencia - Conferencista en temas contables y tributarios - T\u00e9cnico en Hardware y Dise\u00f1o Web - Creador y director Grupo de Estudio Colegio Colombiano de Contadores P\u00fablicos de Bucaramanga - Creador y Master Web p\u00e1gina www.contadoresp\u00fablicossantander.com - Expresidente Colegio Colombiano de Contadores P\u00fablicos Bucaramanga","url":"https:\/\/contadoreshoy.com\/?author=1"}]}},"_links":{"self":[{"href":"https:\/\/contadoreshoy.com\/index.php?rest_route=\/wp\/v2\/posts\/12503","targetHints":{"allow":["GET"]}}],"collection":[{"href":"https:\/\/contadoreshoy.com\/index.php?rest_route=\/wp\/v2\/posts"}],"about":[{"href":"https:\/\/contadoreshoy.com\/index.php?rest_route=\/wp\/v2\/types\/post"}],"author":[{"embeddable":true,"href":"https:\/\/contadoreshoy.com\/index.php?rest_route=\/wp\/v2\/users\/1"}],"replies":[{"embeddable":true,"href":"https:\/\/contadoreshoy.com\/index.php?rest_route=%2Fwp%2Fv2%2Fcomments&post=12503"}],"version-history":[{"count":12,"href":"https:\/\/contadoreshoy.com\/index.php?rest_route=\/wp\/v2\/posts\/12503\/revisions"}],"predecessor-version":[{"id":12621,"href":"https:\/\/contadoreshoy.com\/index.php?rest_route=\/wp\/v2\/posts\/12503\/revisions\/12621"}],"wp:featuredmedia":[{"embeddable":true,"href":"https:\/\/contadoreshoy.com\/index.php?rest_route=\/wp\/v2\/media\/11800"}],"wp:attachment":[{"href":"https:\/\/contadoreshoy.com\/index.php?rest_route=%2Fwp%2Fv2%2Fmedia&parent=12503"}],"wp:term":[{"taxonomy":"category","embeddable":true,"href":"https:\/\/contadoreshoy.com\/index.php?rest_route=%2Fwp%2Fv2%2Fcategories&post=12503"},{"taxonomy":"post_tag","embeddable":true,"href":"https:\/\/contadoreshoy.com\/index.php?rest_route=%2Fwp%2Fv2%2Ftags&post=12503"}],"curies":[{"name":"wp","href":"https:\/\/api.w.org\/{rel}","templated":true}]}}