{"id":12535,"date":"2020-05-11T23:22:37","date_gmt":"2020-05-12T04:22:37","guid":{"rendered":"https:\/\/contadoreshoy.com\/?p=12535"},"modified":"2020-05-11T23:25:39","modified_gmt":"2020-05-12T04:25:39","slug":"programa-apoyo-al-empleo-formal-paef-boletin-22-ministerio-hacienda-credito-publico","status":"publish","type":"post","link":"https:\/\/contadoreshoy.com\/?p=12535","title":{"rendered":"Programa de Apoyo al Empleo Formal &#8211; PAEF Bolet\u00edn 22 Ministerio de Hacienda y Cr\u00e9dito P\u00fablico"},"content":{"rendered":"<p><img loading=\"lazy\" decoding=\"async\" class=\"aligncenter wp-image-12537 size-full\" src=\"https:\/\/contadoreshoy.com\/wp-content\/uploads\/2020\/05\/Ministerio-de-hacienda-y-cr\u00e9dito-p\u00fablico.jpg.png\" alt=\"\" width=\"1214\" height=\"384\" srcset=\"https:\/\/contadoreshoy.com\/wp-content\/uploads\/2020\/05\/Ministerio-de-hacienda-y-cr\u00e9dito-p\u00fablico.jpg.png 1214w, https:\/\/contadoreshoy.com\/wp-content\/uploads\/2020\/05\/Ministerio-de-hacienda-y-cr\u00e9dito-p\u00fablico.jpg-600x190.png 600w, https:\/\/contadoreshoy.com\/wp-content\/uploads\/2020\/05\/Ministerio-de-hacienda-y-cr\u00e9dito-p\u00fablico.jpg-768x243.png 768w\" sizes=\"auto, (max-width: 1214px) 100vw, 1214px\" \/><\/p>\n<p style=\"text-align: justify;\"><strong><span style=\"color: #000000;\"><span style=\"font-size: 14pt;\">Bolet\u00edn n\u00b0. 22 Gobierno nacional ayuda a las empresas mediante el Programa de Apoyo al Empleo Formal \u2013 PAEF<\/span> <\/span><\/strong><\/p>\n<p style=\"text-align: justify;\"><strong><span style=\"color: #000000;\">\u2022 Con el fin de que millones de colombianos conserven su empleo, Gobierno Nacional subsidiar\u00e1 pago de n\u00f3mina. <\/span><\/strong><\/p>\n<p style=\"text-align: justify;\"><strong><span style=\"color: #000000;\">Bogot\u00e1 D.C. 11 de mayo de 2020 (COMHCP). El gobierno nacional expidi\u00f3 el Decreto Legislativo 639 de 2020 que crea el Programa de Apoyo al Empleo Formal \u2013 PAEF. El programa pretende proteger el empleo formal, a trav\u00e9s de un subsidio al pago de las n\u00f3minas de las empresas que han visto reducidos sus ingresos en esta coyuntura. <\/span><\/strong><\/p>\n<p style=\"text-align: justify;\"><strong><span style=\"color: #000000;\">De esta forma, se busca evitar despidos e incentivar que las empresas que despidieron trabajadores los vuelvan a contratar. Todo lo anterior, en beneficio de los trabajadores, las empresas y la econom\u00eda en general. <\/span><\/strong><\/p>\n<p style=\"text-align: justify;\"><strong><span style=\"color: #000000;\">A trav\u00e9s de este programa, el Gobierno nacional, subsidiara\u0301 el equivalente al 40% de un salario m\u00ednimo de los trabajadores dependientes de las empresas y entidades sin \u00e1nimo de lucro que hayan visto reducido sus ingresos en al menos un 20% y que soliciten este aporte. <\/span><\/strong><\/p>\n<p style=\"text-align: justify;\"><strong><span style=\"color: #000000;\">El programa entregar\u00e1 un aporte mensual a las empresas afectadas, durante los meses de mayo, junio y julio. El subsidio sera\u0301\u0301 canalizado a trav\u00e9s del sistema financiero. Para este fin, los equipos del Ministerio de Hacienda y Cr\u00e9dito P\u00fablico, de la Unidad de Gesti\u00f3n Pensional y Parafiscal (UGPP) y de la Unidad de Regulaci\u00f3n Financiera (URF) trabajan con las instituciones financieras en la reglamentaci\u00f3n e implementaci\u00f3n del Programa. <\/span><\/strong><\/p>\n<p style=\"text-align: justify;\"><strong><span style=\"color: #000000;\"><span style=\"color: #0000ff;\">El Gobierno nacional espera comenzar a recibir la documentaci\u00f3n correspondiente en las entidades financieras, a partir de la semana que empieza el pr\u00f3ximo 18 de mayo.<\/span> <\/span><\/strong><\/p>\n<p style=\"text-align: justify;\"><strong><span style=\"color: #000000;\"><span style=\"text-decoration: underline;\">De esta forma, se estar\u00e1n entregando los recursos durante la \u00faltima semana del mes de mayo<\/span>. Teniendo en cuenta los objetivos del Programa, el aporte estatal podr\u00e1 ser usado, \u00fanica y exclusivamente, para el pago de los salarios de los empleados de los beneficiarios. <\/span><\/strong><\/p>\n<p style=\"text-align: justify;\"><strong><span style=\"color: #000000;\">Las empresas y sus representantes legales que utilicen los recursos con otro prop\u00f3sito enfrentar\u00e1n las sanciones fiscales y penales aplicables. <\/span><\/strong><\/p>\n<p style=\"text-align: justify;\"><strong><span style=\"color: #000000;\">Las entidades encargadas de la ejecuci\u00f3n del PAEF tendr\u00e1n una p\u00e1gina web donde se podr\u00e1n hacer consultas del nombre de las empresas, el monto y n\u00famero de empleados sobre quienes se ha recibido el aporte<\/span><\/strong><\/p>\n<p>&nbsp;<\/p>\n<p><strong><span style=\"color: #000000;\">Oficina de Comunicaciones <\/span><\/strong><\/p>\n<p><strong><span style=\"color: #000000;\">Ministerio de Hacienda y Cr\u00e9dito P\u00fablico <\/span><\/strong><\/p>\n<p><strong><span style=\"color: #000000;\">Tel.: + (571) 3812351 \/ Cel.: + (57) 310 2299364 <\/span><\/strong><\/p>\n<p><strong><span style=\"color: #000000;\">minhaciendaprensa@minhacienda.gov.co <\/span><\/strong><\/p>\n<p><strong><span style=\"color: #000000;\">Carrera 8 No. 6C- 38 Bogot\u00e1 D.C. PBX 381 1700 <\/span><\/strong><\/p>\n<p><strong><span style=\"color: #000000;\">www.minhacienda.gov.co<\/span> <\/strong><\/p>\n","protected":false},"excerpt":{"rendered":"<p>Bolet\u00edn n\u00b0. 22 Gobierno nacional ayuda a las empresas mediante el Programa de Apoyo al Empleo Formal \u2013 PAEF \u2022 Con el fin de que millones de colombianos conserven su&#46;&#46;&#46;<\/p>\n","protected":false},"author":1,"featured_media":12537,"comment_status":"open","ping_status":"open","sticky":false,"template":"","format":"standard","meta":{"_monsterinsights_skip_tracking":false,"ngg_post_thumbnail":0,"footnotes":"","_links_to":"","_links_to_target":""},"categories":[454,1],"tags":[],"class_list":["post-12535","post","type-post","status-publish","format-standard","has-post-thumbnail","hentry","category-sin-categoria","category-uncategorized"],"aioseo_notices":[],"aioseo_head":"\n\t\t<!-- All in One SEO 5.0.1.1 - aioseo.com -->\n\t<meta name=\"description\" content=\"Bolet\u00edn n\u00b0. 22 Gobierno nacional ayuda a las empresas mediante el Programa de Apoyo al Empleo Formal \u2013 PAEF \u2022 Con el fin de que millones de colombianos conserven su empleo, Gobierno Nacional subsidiar\u00e1 pago de n\u00f3mina. Bogot\u00e1 D.C. 11 de mayo de 2020 (COMHCP). El gobierno nacional expidi\u00f3 el Decreto Legislativo 639 de 2020\" \/>\n\t<meta name=\"robots\" content=\"max-image-preview:large\" \/>\n\t<meta name=\"author\" content=\"Miguel Antonio M\u00e1rquez Monta\u00f1ez\"\/>\n\t<link rel=\"canonical\" href=\"https:\/\/contadoreshoy.com\/?p=12535\" \/>\n\t<meta name=\"generator\" content=\"All in One SEO (AIOSEO) 5.0.1.1\" \/>\n\t\t<meta property=\"og:locale\" content=\"es_ES\" \/>\n\t\t<meta property=\"og:site_name\" content=\"Contadores P\u00fablicos - Portal para Contadores P\u00fablicos y empresarios\" \/>\n\t\t<meta property=\"og:type\" content=\"article\" \/>\n\t\t<meta property=\"og:title\" content=\"Programa de Apoyo al Empleo Formal \u2013 PAEF Bolet\u00edn 22 Ministerio de Hacienda y Cr\u00e9dito P\u00fablico - Contadores P\u00fablicos\" \/>\n\t\t<meta property=\"og:description\" content=\"Bolet\u00edn n\u00b0. 22 Gobierno nacional ayuda a las empresas mediante el Programa de Apoyo al Empleo Formal \u2013 PAEF \u2022 Con el fin de que millones de colombianos conserven su empleo, Gobierno Nacional subsidiar\u00e1 pago de n\u00f3mina. Bogot\u00e1 D.C. 11 de mayo de 2020 (COMHCP). El gobierno nacional expidi\u00f3 el Decreto Legislativo 639 de 2020\" \/>\n\t\t<meta property=\"og:url\" content=\"https:\/\/contadoreshoy.com\/?p=12535\" \/>\n\t\t<meta property=\"og:image\" content=\"https:\/\/contadoreshoy.com\/wp-content\/uploads\/2024\/01\/cropped-cropped-cropped-Copia-de-M.jpg\" \/>\n\t\t<meta property=\"og:image:secure_url\" content=\"https:\/\/contadoreshoy.com\/wp-content\/uploads\/2024\/01\/cropped-cropped-cropped-Copia-de-M.jpg\" \/>\n\t\t<meta property=\"og:image:width\" content=\"512\" \/>\n\t\t<meta property=\"og:image:height\" content=\"371\" \/>\n\t\t<meta property=\"article:published_time\" content=\"2020-05-12T04:22:37+00:00\" \/>\n\t\t<meta property=\"article:modified_time\" content=\"2020-05-12T04:25:39+00:00\" \/>\n\t\t<meta name=\"twitter:card\" content=\"summary_large_image\" \/>\n\t\t<meta name=\"twitter:title\" content=\"Programa de Apoyo al Empleo Formal \u2013 PAEF Bolet\u00edn 22 Ministerio de Hacienda y Cr\u00e9dito P\u00fablico - Contadores P\u00fablicos\" \/>\n\t\t<meta name=\"twitter:description\" content=\"Bolet\u00edn n\u00b0. 22 Gobierno nacional ayuda a las empresas mediante el Programa de Apoyo al Empleo Formal \u2013 PAEF \u2022 Con el fin de que millones de colombianos conserven su empleo, Gobierno Nacional subsidiar\u00e1 pago de n\u00f3mina. Bogot\u00e1 D.C. 11 de mayo de 2020 (COMHCP). El gobierno nacional expidi\u00f3 el Decreto Legislativo 639 de 2020\" \/>\n\t\t<meta name=\"twitter:image\" content=\"https:\/\/contadoreshoy.com\/wp-content\/uploads\/2024\/01\/cropped-cropped-cropped-Copia-de-M.jpg\" \/>\n\t\t<script type=\"application\/ld+json\" class=\"aioseo-schema\">\n\t\t\t{\"@context\":\"https:\\\/\\\/schema.org\",\"@graph\":[{\"@type\":\"BlogPosting\",\"@id\":\"https:\\\/\\\/contadoreshoy.com\\\/?p=12535#blogposting\",\"name\":\"Programa de Apoyo al Empleo Formal \\u2013 PAEF Bolet\\u00edn 22 Ministerio de Hacienda y Cr\\u00e9dito P\\u00fablico - Contadores P\\u00fablicos\",\"headline\":\"Programa de Apoyo al Empleo Formal &#8211; PAEF Bolet\\u00edn 22 Ministerio de Hacienda y Cr\\u00e9dito P\\u00fablico\",\"author\":{\"@id\":\"https:\\\/\\\/contadoreshoy.com\\\/?author=1#author\"},\"publisher\":{\"@id\":\"https:\\\/\\\/contadoreshoy.com\\\/#organization\"},\"image\":{\"@type\":\"ImageObject\",\"url\":\"https:\\\/\\\/contadoreshoy.com\\\/wp-content\\\/uploads\\\/2020\\\/05\\\/Ministerio-de-hacienda-y-cr\\u00e9dito-p\\u00fablico.jpg.png\",\"width\":1214,\"height\":384},\"datePublished\":\"2020-05-11T23:22:37-05:00\",\"dateModified\":\"2020-05-11T23:25:39-05:00\",\"inLanguage\":\"es-ES\",\"mainEntityOfPage\":{\"@id\":\"https:\\\/\\\/contadoreshoy.com\\\/?p=12535#webpage\"},\"isPartOf\":{\"@id\":\"https:\\\/\\\/contadoreshoy.com\\\/?p=12535#webpage\"},\"articleSection\":\"Sin categor\\u00eda, Uncategorized\"},{\"@type\":\"BreadcrumbList\",\"@id\":\"https:\\\/\\\/contadoreshoy.com\\\/?p=12535#breadcrumblist\",\"itemListElement\":[{\"@type\":\"ListItem\",\"@id\":\"https:\\\/\\\/contadoreshoy.com#listItem\",\"position\":1,\"name\":\"Home\",\"item\":\"https:\\\/\\\/contadoreshoy.com\",\"nextItem\":{\"@type\":\"ListItem\",\"@id\":\"https:\\\/\\\/contadoreshoy.com\\\/?cat=1#listItem\",\"name\":\"Uncategorized\"}},{\"@type\":\"ListItem\",\"@id\":\"https:\\\/\\\/contadoreshoy.com\\\/?cat=1#listItem\",\"position\":2,\"name\":\"Uncategorized\",\"item\":\"https:\\\/\\\/contadoreshoy.com\\\/?cat=1\",\"nextItem\":{\"@type\":\"ListItem\",\"@id\":\"https:\\\/\\\/contadoreshoy.com\\\/?p=12535#listItem\",\"name\":\"Programa de Apoyo al Empleo Formal &#8211; PAEF Bolet\\u00edn 22 Ministerio de Hacienda y Cr\\u00e9dito P\\u00fablico\"},\"previousItem\":{\"@type\":\"ListItem\",\"@id\":\"https:\\\/\\\/contadoreshoy.com#listItem\",\"name\":\"Home\"}},{\"@type\":\"ListItem\",\"@id\":\"https:\\\/\\\/contadoreshoy.com\\\/?p=12535#listItem\",\"position\":3,\"name\":\"Programa de Apoyo al Empleo Formal &#8211; PAEF Bolet\\u00edn 22 Ministerio de Hacienda y Cr\\u00e9dito P\\u00fablico\",\"previousItem\":{\"@type\":\"ListItem\",\"@id\":\"https:\\\/\\\/contadoreshoy.com\\\/?cat=1#listItem\",\"name\":\"Uncategorized\"}}]},{\"@type\":\"Organization\",\"@id\":\"https:\\\/\\\/contadoreshoy.com\\\/#organization\",\"name\":\"Contadores P\\u00fablicos\",\"description\":\"Portal para Contadores P\\u00fablicos y empresarios\",\"url\":\"https:\\\/\\\/contadoreshoy.com\\\/\",\"logo\":{\"@type\":\"ImageObject\",\"url\":\"https:\\\/\\\/contadoreshoy.com\\\/wp-content\\\/uploads\\\/2024\\\/01\\\/cropped-cropped-Copia-de-M-1.jpg\",\"@id\":\"https:\\\/\\\/contadoreshoy.com\\\/?p=12535\\\/#organizationLogo\",\"width\":499,\"height\":500},\"image\":{\"@id\":\"https:\\\/\\\/contadoreshoy.com\\\/?p=12535\\\/#organizationLogo\"}},{\"@type\":\"Person\",\"@id\":\"https:\\\/\\\/contadoreshoy.com\\\/?author=1#author\",\"url\":\"https:\\\/\\\/contadoreshoy.com\\\/?author=1\",\"name\":\"Miguel Antonio M\\u00e1rquez Monta\\u00f1ez\"},{\"@type\":\"WebPage\",\"@id\":\"https:\\\/\\\/contadoreshoy.com\\\/?p=12535#webpage\",\"url\":\"https:\\\/\\\/contadoreshoy.com\\\/?p=12535\",\"name\":\"Programa de Apoyo al Empleo Formal \\u2013 PAEF Bolet\\u00edn 22 Ministerio de Hacienda y Cr\\u00e9dito P\\u00fablico - Contadores P\\u00fablicos\",\"description\":\"Bolet\\u00edn n\\u00b0. 22 Gobierno nacional ayuda a las empresas mediante el Programa de Apoyo al Empleo Formal \\u2013 PAEF \\u2022 Con el fin de que millones de colombianos conserven su empleo, Gobierno Nacional subsidiar\\u00e1 pago de n\\u00f3mina. Bogot\\u00e1 D.C. 11 de mayo de 2020 (COMHCP). El gobierno nacional expidi\\u00f3 el Decreto Legislativo 639 de 2020\",\"inLanguage\":\"es-ES\",\"isPartOf\":{\"@id\":\"https:\\\/\\\/contadoreshoy.com\\\/#website\"},\"breadcrumb\":{\"@id\":\"https:\\\/\\\/contadoreshoy.com\\\/?p=12535#breadcrumblist\"},\"author\":{\"@id\":\"https:\\\/\\\/contadoreshoy.com\\\/?author=1#author\"},\"creator\":{\"@id\":\"https:\\\/\\\/contadoreshoy.com\\\/?author=1#author\"},\"image\":{\"@type\":\"ImageObject\",\"url\":\"https:\\\/\\\/contadoreshoy.com\\\/wp-content\\\/uploads\\\/2020\\\/05\\\/Ministerio-de-hacienda-y-cr\\u00e9dito-p\\u00fablico.jpg.png\",\"@id\":\"https:\\\/\\\/contadoreshoy.com\\\/?p=12535\\\/#mainImage\",\"width\":1214,\"height\":384},\"primaryImageOfPage\":{\"@id\":\"https:\\\/\\\/contadoreshoy.com\\\/?p=12535#mainImage\"},\"datePublished\":\"2020-05-11T23:22:37-05:00\",\"dateModified\":\"2020-05-11T23:25:39-05:00\"},{\"@type\":\"WebSite\",\"@id\":\"https:\\\/\\\/contadoreshoy.com\\\/#website\",\"url\":\"https:\\\/\\\/contadoreshoy.com\\\/\",\"name\":\"Contadores P\\u00fablicos\",\"description\":\"Portal para Contadores P\\u00fablicos y empresarios\",\"inLanguage\":\"es-ES\",\"publisher\":{\"@id\":\"https:\\\/\\\/contadoreshoy.com\\\/#organization\"}}]}\n\t\t<\/script>\n\t\t<!-- All in One SEO -->\n\n","aioseo_head_json":{"title":"Programa de Apoyo al Empleo Formal \u2013 PAEF Bolet\u00edn 22 Ministerio de Hacienda y Cr\u00e9dito P\u00fablico - Contadores P\u00fablicos","description":"Bolet\u00edn n\u00b0. 22 Gobierno nacional ayuda a las empresas mediante el Programa de Apoyo al Empleo Formal \u2013 PAEF \u2022 Con el fin de que millones de colombianos conserven su empleo, Gobierno Nacional subsidiar\u00e1 pago de n\u00f3mina. Bogot\u00e1 D.C. 11 de mayo de 2020 (COMHCP). El gobierno nacional expidi\u00f3 el Decreto Legislativo 639 de 2020","canonical_url":"https:\/\/contadoreshoy.com\/?p=12535","robots":"max-image-preview:large","keywords":"","webmasterTools":{"miscellaneous":""},"schema":{"@context":"https:\/\/schema.org","@graph":[{"@type":"BlogPosting","@id":"https:\/\/contadoreshoy.com\/?p=12535#blogposting","name":"Programa de Apoyo al Empleo Formal \u2013 PAEF Bolet\u00edn 22 Ministerio de Hacienda y Cr\u00e9dito P\u00fablico - Contadores P\u00fablicos","headline":"Programa de Apoyo al Empleo Formal &#8211; PAEF Bolet\u00edn 22 Ministerio de Hacienda y Cr\u00e9dito P\u00fablico","author":{"@id":"https:\/\/contadoreshoy.com\/?author=1#author"},"publisher":{"@id":"https:\/\/contadoreshoy.com\/#organization"},"image":{"@type":"ImageObject","url":"https:\/\/contadoreshoy.com\/wp-content\/uploads\/2020\/05\/Ministerio-de-hacienda-y-cr\u00e9dito-p\u00fablico.jpg.png","width":1214,"height":384},"datePublished":"2020-05-11T23:22:37-05:00","dateModified":"2020-05-11T23:25:39-05:00","inLanguage":"es-ES","mainEntityOfPage":{"@id":"https:\/\/contadoreshoy.com\/?p=12535#webpage"},"isPartOf":{"@id":"https:\/\/contadoreshoy.com\/?p=12535#webpage"},"articleSection":"Sin categor\u00eda, Uncategorized"},{"@type":"BreadcrumbList","@id":"https:\/\/contadoreshoy.com\/?p=12535#breadcrumblist","itemListElement":[{"@type":"ListItem","@id":"https:\/\/contadoreshoy.com#listItem","position":1,"name":"Home","item":"https:\/\/contadoreshoy.com","nextItem":{"@type":"ListItem","@id":"https:\/\/contadoreshoy.com\/?cat=1#listItem","name":"Uncategorized"}},{"@type":"ListItem","@id":"https:\/\/contadoreshoy.com\/?cat=1#listItem","position":2,"name":"Uncategorized","item":"https:\/\/contadoreshoy.com\/?cat=1","nextItem":{"@type":"ListItem","@id":"https:\/\/contadoreshoy.com\/?p=12535#listItem","name":"Programa de Apoyo al Empleo Formal &#8211; PAEF Bolet\u00edn 22 Ministerio de Hacienda y Cr\u00e9dito P\u00fablico"},"previousItem":{"@type":"ListItem","@id":"https:\/\/contadoreshoy.com#listItem","name":"Home"}},{"@type":"ListItem","@id":"https:\/\/contadoreshoy.com\/?p=12535#listItem","position":3,"name":"Programa de Apoyo al Empleo Formal &#8211; PAEF Bolet\u00edn 22 Ministerio de Hacienda y Cr\u00e9dito P\u00fablico","previousItem":{"@type":"ListItem","@id":"https:\/\/contadoreshoy.com\/?cat=1#listItem","name":"Uncategorized"}}]},{"@type":"Organization","@id":"https:\/\/contadoreshoy.com\/#organization","name":"Contadores P\u00fablicos","description":"Portal para Contadores P\u00fablicos y empresarios","url":"https:\/\/contadoreshoy.com\/","logo":{"@type":"ImageObject","url":"https:\/\/contadoreshoy.com\/wp-content\/uploads\/2024\/01\/cropped-cropped-Copia-de-M-1.jpg","@id":"https:\/\/contadoreshoy.com\/?p=12535\/#organizationLogo","width":499,"height":500},"image":{"@id":"https:\/\/contadoreshoy.com\/?p=12535\/#organizationLogo"}},{"@type":"Person","@id":"https:\/\/contadoreshoy.com\/?author=1#author","url":"https:\/\/contadoreshoy.com\/?author=1","name":"Miguel Antonio M\u00e1rquez Monta\u00f1ez"},{"@type":"WebPage","@id":"https:\/\/contadoreshoy.com\/?p=12535#webpage","url":"https:\/\/contadoreshoy.com\/?p=12535","name":"Programa de Apoyo al Empleo Formal \u2013 PAEF Bolet\u00edn 22 Ministerio de Hacienda y Cr\u00e9dito P\u00fablico - Contadores P\u00fablicos","description":"Bolet\u00edn n\u00b0. 22 Gobierno nacional ayuda a las empresas mediante el Programa de Apoyo al Empleo Formal \u2013 PAEF \u2022 Con el fin de que millones de colombianos conserven su empleo, Gobierno Nacional subsidiar\u00e1 pago de n\u00f3mina. Bogot\u00e1 D.C. 11 de mayo de 2020 (COMHCP). El gobierno nacional expidi\u00f3 el Decreto Legislativo 639 de 2020","inLanguage":"es-ES","isPartOf":{"@id":"https:\/\/contadoreshoy.com\/#website"},"breadcrumb":{"@id":"https:\/\/contadoreshoy.com\/?p=12535#breadcrumblist"},"author":{"@id":"https:\/\/contadoreshoy.com\/?author=1#author"},"creator":{"@id":"https:\/\/contadoreshoy.com\/?author=1#author"},"image":{"@type":"ImageObject","url":"https:\/\/contadoreshoy.com\/wp-content\/uploads\/2020\/05\/Ministerio-de-hacienda-y-cr\u00e9dito-p\u00fablico.jpg.png","@id":"https:\/\/contadoreshoy.com\/?p=12535\/#mainImage","width":1214,"height":384},"primaryImageOfPage":{"@id":"https:\/\/contadoreshoy.com\/?p=12535#mainImage"},"datePublished":"2020-05-11T23:22:37-05:00","dateModified":"2020-05-11T23:25:39-05:00"},{"@type":"WebSite","@id":"https:\/\/contadoreshoy.com\/#website","url":"https:\/\/contadoreshoy.com\/","name":"Contadores P\u00fablicos","description":"Portal para Contadores P\u00fablicos y empresarios","inLanguage":"es-ES","publisher":{"@id":"https:\/\/contadoreshoy.com\/#organization"}}]},"og:locale":"es_ES","og:site_name":"Contadores P\u00fablicos - Portal para Contadores P\u00fablicos y empresarios","og:type":"article","og:title":"Programa de Apoyo al Empleo Formal \u2013 PAEF Bolet\u00edn 22 Ministerio de Hacienda y Cr\u00e9dito P\u00fablico - Contadores P\u00fablicos","og:description":"Bolet\u00edn n\u00b0. 22 Gobierno nacional ayuda a las empresas mediante el Programa de Apoyo al Empleo Formal \u2013 PAEF \u2022 Con el fin de que millones de colombianos conserven su empleo, Gobierno Nacional subsidiar\u00e1 pago de n\u00f3mina. Bogot\u00e1 D.C. 11 de mayo de 2020 (COMHCP). El gobierno nacional expidi\u00f3 el Decreto Legislativo 639 de 2020","og:url":"https:\/\/contadoreshoy.com\/?p=12535","og:image":"https:\/\/contadoreshoy.com\/wp-content\/uploads\/2024\/01\/cropped-cropped-cropped-Copia-de-M.jpg","og:image:secure_url":"https:\/\/contadoreshoy.com\/wp-content\/uploads\/2024\/01\/cropped-cropped-cropped-Copia-de-M.jpg","og:image:width":512,"og:image:height":371,"article:published_time":"2020-05-12T04:22:37+00:00","article:modified_time":"2020-05-12T04:25:39+00:00","twitter:card":"summary_large_image","twitter:title":"Programa de Apoyo al Empleo Formal \u2013 PAEF Bolet\u00edn 22 Ministerio de Hacienda y Cr\u00e9dito P\u00fablico - Contadores P\u00fablicos","twitter:description":"Bolet\u00edn n\u00b0. 22 Gobierno nacional ayuda a las empresas mediante el Programa de Apoyo al Empleo Formal \u2013 PAEF \u2022 Con el fin de que millones de colombianos conserven su empleo, Gobierno Nacional subsidiar\u00e1 pago de n\u00f3mina. Bogot\u00e1 D.C. 11 de mayo de 2020 (COMHCP). El gobierno nacional expidi\u00f3 el Decreto Legislativo 639 de 2020","twitter:image":"https:\/\/contadoreshoy.com\/wp-content\/uploads\/2024\/01\/cropped-cropped-cropped-Copia-de-M.jpg"},"aioseo_meta_data":{"post_id":"12535","title":null,"description":null,"keywords":null,"keyphrases":null,"primary_term":null,"canonical_url":null,"og_title":null,"og_description":null,"og_object_type":"default","og_image_type":"default","og_image_url":null,"og_image_width":null,"og_image_height":null,"og_image_custom_url":null,"og_image_custom_fields":null,"og_video":null,"og_custom_url":null,"og_article_section":null,"og_article_tags":null,"twitter_use_og":false,"twitter_card":"default","twitter_image_type":"default","twitter_image_url":null,"twitter_image_custom_url":null,"twitter_image_custom_fields":null,"twitter_title":null,"twitter_description":null,"schema":{"blockGraphs":[],"customGraphs":[],"default":{"data":{"Article":[],"Course":[],"Dataset":[],"FAQPage":[],"Movie":[],"Person":[],"Product":[],"ProductReview":[],"Car":[],"Recipe":[],"Service":[],"SoftwareApplication":[],"WebPage":[]},"graphName":"","isEnabled":true},"graphs":[]},"schema_type":"default","schema_type_options":null,"pillar_content":false,"robots_default":true,"robots_noindex":false,"robots_noarchive":false,"robots_nosnippet":false,"robots_nofollow":false,"robots_noimageindex":false,"robots_noodp":false,"robots_notranslate":false,"robots_max_snippet":null,"robots_max_videopreview":null,"robots_max_imagepreview":"large","priority":null,"frequency":null,"local_seo":null,"breadcrumb_settings":null,"limit_modified_date":false,"ai":null,"created":"2024-03-05 02:15:38","updated":"2026-03-03 05:25:40","seo_analyzer_scan_date":null,"focus_keyword":null,"additional_keywords":null,"truseo_locale":null},"aioseo_breadcrumb":"<div class=\"aioseo-breadcrumbs\"><span class=\"aioseo-breadcrumb\">\n\t\t\t<a href=\"https:\/\/contadoreshoy.com\" title=\"Home\">Home<\/a>\n\t\t<\/span><span class=\"aioseo-breadcrumb-separator\">&raquo;<\/span><span class=\"aioseo-breadcrumb\">\n\t\t\t<a href=\"https:\/\/contadoreshoy.com\/?cat=1\" title=\"Uncategorized\">Uncategorized<\/a>\n\t\t<\/span><span class=\"aioseo-breadcrumb-separator\">&raquo;<\/span><span class=\"aioseo-breadcrumb\">\n\t\t\tPrograma de Apoyo al Empleo Formal \u2013 PAEF Bolet\u00edn 22 Ministerio de Hacienda y Cr\u00e9dito P\u00fablico\n\t\t<\/span><\/div>","aioseo_breadcrumb_json":[{"label":"Home","link":"https:\/\/contadoreshoy.com"},{"label":"Uncategorized","link":"https:\/\/contadoreshoy.com\/?cat=1"},{"label":"Programa de Apoyo al Empleo Formal &#8211; PAEF Bolet\u00edn 22 Ministerio de Hacienda y Cr\u00e9dito P\u00fablico","link":"https:\/\/contadoreshoy.com\/?p=12535"}],"yoast_head":"<!-- This site is optimized with the Yoast SEO plugin v28.4 - https:\/\/yoast.com\/product\/yoast-seo-wordpress\/ -->\n<title>Programa de Apoyo al Empleo Formal - PAEF Bolet\u00edn 22 Ministerio de Hacienda y Cr\u00e9dito P\u00fablico - Contadores P\u00fablicos<\/title>\n<meta name=\"robots\" content=\"index, follow, max-snippet:-1, max-image-preview:large, max-video-preview:-1\" \/>\n<link rel=\"canonical\" href=\"https:\/\/contadoreshoy.com\/?p=12535\" \/>\n<meta property=\"og:locale\" content=\"es_ES\" \/>\n<meta property=\"og:type\" content=\"article\" \/>\n<meta property=\"og:title\" content=\"Programa de Apoyo al Empleo Formal - PAEF Bolet\u00edn 22 Ministerio de Hacienda y Cr\u00e9dito P\u00fablico - Contadores P\u00fablicos\" \/>\n<meta property=\"og:description\" content=\"Bolet\u00edn n\u00b0. 22 Gobierno nacional ayuda a las empresas mediante el Programa de Apoyo al Empleo Formal \u2013 PAEF \u2022 Con el fin de que millones de colombianos conserven su&#046;&#046;&#046;\" \/>\n<meta property=\"og:url\" content=\"https:\/\/contadoreshoy.com\/?p=12535\" \/>\n<meta property=\"og:site_name\" content=\"Contadores P\u00fablicos\" \/>\n<meta property=\"article:publisher\" content=\"https:\/\/www.facebook.com\/CCCPBucaramanga\/\" \/>\n<meta property=\"article:published_time\" content=\"2020-05-12T04:22:37+00:00\" \/>\n<meta property=\"article:modified_time\" content=\"2020-05-12T04:25:39+00:00\" \/>\n<meta property=\"og:image\" content=\"https:\/\/contadoreshoy.com\/wp-content\/uploads\/2020\/05\/Ministerio-de-hacienda-y-cr\u00e9dito-p\u00fablico.jpg.png\" \/>\n\t<meta property=\"og:image:width\" content=\"1214\" \/>\n\t<meta property=\"og:image:height\" content=\"384\" \/>\n\t<meta property=\"og:image:type\" content=\"image\/png\" \/>\n<meta name=\"author\" content=\"Miguel Antonio M\u00e1rquez Monta\u00f1ez\" \/>\n<meta name=\"twitter:card\" content=\"summary_large_image\" \/>\n<meta name=\"twitter:label1\" content=\"Escrito por\" \/>\n\t<meta name=\"twitter:data1\" content=\"Miguel Antonio M\u00e1rquez Monta\u00f1ez\" \/>\n\t<meta name=\"twitter:label2\" content=\"Tiempo de lectura\" \/>\n\t<meta name=\"twitter:data2\" content=\"2 minutos\" \/>\n<script type=\"application\/ld+json\" class=\"yoast-schema-graph\">{\"@context\":\"https:\\\/\\\/schema.org\",\"@graph\":[{\"@type\":\"Article\",\"@id\":\"https:\\\/\\\/contadoreshoy.com\\\/?p=12535#article\",\"isPartOf\":{\"@id\":\"https:\\\/\\\/contadoreshoy.com\\\/?p=12535\"},\"author\":{\"name\":\"Miguel Antonio M\u00e1rquez Monta\u00f1ez\",\"@id\":\"https:\\\/\\\/contadoreshoy.com\\\/#\\\/schema\\\/person\\\/96d8979cb865537c5dc9345e40089fc5\"},\"headline\":\"Programa de Apoyo al Empleo Formal &#8211; PAEF Bolet\u00edn 22 Ministerio de Hacienda y Cr\u00e9dito P\u00fablico\",\"datePublished\":\"2020-05-12T04:22:37+00:00\",\"dateModified\":\"2020-05-12T04:25:39+00:00\",\"mainEntityOfPage\":{\"@id\":\"https:\\\/\\\/contadoreshoy.com\\\/?p=12535\"},\"wordCount\":429,\"commentCount\":0,\"publisher\":{\"@id\":\"https:\\\/\\\/contadoreshoy.com\\\/#organization\"},\"image\":{\"@id\":\"https:\\\/\\\/contadoreshoy.com\\\/?p=12535#primaryimage\"},\"thumbnailUrl\":\"https:\\\/\\\/contadoreshoy.com\\\/wp-content\\\/uploads\\\/2020\\\/05\\\/Ministerio-de-hacienda-y-cr\u00e9dito-p\u00fablico.jpg.png\",\"articleSection\":{\"1\":\"Uncategorized\"},\"inLanguage\":\"es\",\"potentialAction\":[{\"@type\":\"CommentAction\",\"name\":\"Comment\",\"target\":[\"https:\\\/\\\/contadoreshoy.com\\\/?p=12535#respond\"]}]},{\"@type\":\"WebPage\",\"@id\":\"https:\\\/\\\/contadoreshoy.com\\\/?p=12535\",\"url\":\"https:\\\/\\\/contadoreshoy.com\\\/?p=12535\",\"name\":\"Programa de Apoyo al Empleo Formal - PAEF Bolet\u00edn 22 Ministerio de Hacienda y Cr\u00e9dito P\u00fablico - Contadores P\u00fablicos\",\"isPartOf\":{\"@id\":\"https:\\\/\\\/contadoreshoy.com\\\/#website\"},\"primaryImageOfPage\":{\"@id\":\"https:\\\/\\\/contadoreshoy.com\\\/?p=12535#primaryimage\"},\"image\":{\"@id\":\"https:\\\/\\\/contadoreshoy.com\\\/?p=12535#primaryimage\"},\"thumbnailUrl\":\"https:\\\/\\\/contadoreshoy.com\\\/wp-content\\\/uploads\\\/2020\\\/05\\\/Ministerio-de-hacienda-y-cr\u00e9dito-p\u00fablico.jpg.png\",\"datePublished\":\"2020-05-12T04:22:37+00:00\",\"dateModified\":\"2020-05-12T04:25:39+00:00\",\"breadcrumb\":{\"@id\":\"https:\\\/\\\/contadoreshoy.com\\\/?p=12535#breadcrumb\"},\"inLanguage\":\"es\",\"potentialAction\":[{\"@type\":\"ReadAction\",\"target\":[\"https:\\\/\\\/contadoreshoy.com\\\/?p=12535\"]}]},{\"@type\":\"ImageObject\",\"inLanguage\":\"es\",\"@id\":\"https:\\\/\\\/contadoreshoy.com\\\/?p=12535#primaryimage\",\"url\":\"https:\\\/\\\/contadoreshoy.com\\\/wp-content\\\/uploads\\\/2020\\\/05\\\/Ministerio-de-hacienda-y-cr\u00e9dito-p\u00fablico.jpg.png\",\"contentUrl\":\"https:\\\/\\\/contadoreshoy.com\\\/wp-content\\\/uploads\\\/2020\\\/05\\\/Ministerio-de-hacienda-y-cr\u00e9dito-p\u00fablico.jpg.png\",\"width\":1214,\"height\":384},{\"@type\":\"BreadcrumbList\",\"@id\":\"https:\\\/\\\/contadoreshoy.com\\\/?p=12535#breadcrumb\",\"itemListElement\":[{\"@type\":\"ListItem\",\"position\":1,\"name\":\"Portada\",\"item\":\"https:\\\/\\\/contadoreshoy.com\\\/\"},{\"@type\":\"ListItem\",\"position\":2,\"name\":\"Programa de Apoyo al Empleo Formal &#8211; PAEF Bolet\u00edn 22 Ministerio de Hacienda y Cr\u00e9dito P\u00fablico\"}]},{\"@type\":\"WebSite\",\"@id\":\"https:\\\/\\\/contadoreshoy.com\\\/#website\",\"url\":\"https:\\\/\\\/contadoreshoy.com\\\/\",\"name\":\"Contadorespublicossantander\",\"description\":\"Portal para Contadores P\u00fablicos y empresarios\",\"publisher\":{\"@id\":\"https:\\\/\\\/contadoreshoy.com\\\/#organization\"},\"potentialAction\":[{\"@type\":\"SearchAction\",\"target\":{\"@type\":\"EntryPoint\",\"urlTemplate\":\"https:\\\/\\\/contadoreshoy.com\\\/?s={search_term_string}\"},\"query-input\":{\"@type\":\"PropertyValueSpecification\",\"valueRequired\":true,\"valueName\":\"search_term_string\"}}],\"inLanguage\":\"es\"},{\"@type\":\"Organization\",\"@id\":\"https:\\\/\\\/contadoreshoy.com\\\/#organization\",\"name\":\"Contadores P\u00fablicos de Santander\",\"url\":\"https:\\\/\\\/contadoreshoy.com\\\/\",\"logo\":{\"@type\":\"ImageObject\",\"inLanguage\":\"es\",\"@id\":\"https:\\\/\\\/contadoreshoy.com\\\/#\\\/schema\\\/logo\\\/image\\\/\",\"url\":\"https:\\\/\\\/contadoreshoy.com\\\/wp-content\\\/uploads\\\/2024\\\/01\\\/cropped-cropped-Copia-de-M-1.jpg\",\"contentUrl\":\"https:\\\/\\\/contadoreshoy.com\\\/wp-content\\\/uploads\\\/2024\\\/01\\\/cropped-cropped-Copia-de-M-1.jpg\",\"width\":499,\"height\":500,\"caption\":\"Contadores P\u00fablicos de Santander\"},\"image\":{\"@id\":\"https:\\\/\\\/contadoreshoy.com\\\/#\\\/schema\\\/logo\\\/image\\\/\"},\"sameAs\":[\"https:\\\/\\\/www.facebook.com\\\/CCCPBucaramanga\\\/\"]},{\"@type\":\"Person\",\"@id\":\"https:\\\/\\\/contadoreshoy.com\\\/#\\\/schema\\\/person\\\/96d8979cb865537c5dc9345e40089fc5\",\"name\":\"Miguel Antonio M\u00e1rquez Monta\u00f1ez\",\"description\":\"Contador P\u00fablico egresado de la Universidad Aut\u00f3noma de Bucaramanga - Asesor contable tributario con m\u00e1s de 25 a\u00f1os de experiencia - Conferencista en temas contables y tributarios - T\u00e9cnico en Hardware y Dise\u00f1o Web - Creador y director Grupo de Estudio Colegio Colombiano de Contadores P\u00fablicos de Bucaramanga - Creador y Master Web p\u00e1gina www.contadoresp\u00fablicossantander.com - Expresidente Colegio Colombiano de Contadores P\u00fablicos Bucaramanga\",\"url\":\"https:\\\/\\\/contadoreshoy.com\\\/?author=1\"}]}<\/script>\n<!-- \/ Yoast SEO plugin. -->","yoast_head_json":{"title":"Programa de Apoyo al Empleo Formal - PAEF Bolet\u00edn 22 Ministerio de Hacienda y Cr\u00e9dito P\u00fablico - Contadores P\u00fablicos","robots":{"index":"index","follow":"follow","max-snippet":"max-snippet:-1","max-image-preview":"max-image-preview:large","max-video-preview":"max-video-preview:-1"},"canonical":"https:\/\/contadoreshoy.com\/?p=12535","og_locale":"es_ES","og_type":"article","og_title":"Programa de Apoyo al Empleo Formal - PAEF Bolet\u00edn 22 Ministerio de Hacienda y Cr\u00e9dito P\u00fablico - Contadores P\u00fablicos","og_description":"Bolet\u00edn n\u00b0. 22 Gobierno nacional ayuda a las empresas mediante el Programa de Apoyo al Empleo Formal \u2013 PAEF \u2022 Con el fin de que millones de colombianos conserven su&#46;&#46;&#46;","og_url":"https:\/\/contadoreshoy.com\/?p=12535","og_site_name":"Contadores P\u00fablicos","article_publisher":"https:\/\/www.facebook.com\/CCCPBucaramanga\/","article_published_time":"2020-05-12T04:22:37+00:00","article_modified_time":"2020-05-12T04:25:39+00:00","og_image":[{"width":1214,"height":384,"url":"https:\/\/contadoreshoy.com\/wp-content\/uploads\/2020\/05\/Ministerio-de-hacienda-y-cr\u00e9dito-p\u00fablico.jpg.png","type":"image\/png"}],"author":"Miguel Antonio M\u00e1rquez Monta\u00f1ez","twitter_card":"summary_large_image","twitter_misc":{"Escrito por":"Miguel Antonio M\u00e1rquez Monta\u00f1ez","Tiempo de lectura":"2 minutos"},"schema":{"@context":"https:\/\/schema.org","@graph":[{"@type":"Article","@id":"https:\/\/contadoreshoy.com\/?p=12535#article","isPartOf":{"@id":"https:\/\/contadoreshoy.com\/?p=12535"},"author":{"name":"Miguel Antonio M\u00e1rquez Monta\u00f1ez","@id":"https:\/\/contadoreshoy.com\/#\/schema\/person\/96d8979cb865537c5dc9345e40089fc5"},"headline":"Programa de Apoyo al Empleo Formal &#8211; PAEF Bolet\u00edn 22 Ministerio de Hacienda y Cr\u00e9dito P\u00fablico","datePublished":"2020-05-12T04:22:37+00:00","dateModified":"2020-05-12T04:25:39+00:00","mainEntityOfPage":{"@id":"https:\/\/contadoreshoy.com\/?p=12535"},"wordCount":429,"commentCount":0,"publisher":{"@id":"https:\/\/contadoreshoy.com\/#organization"},"image":{"@id":"https:\/\/contadoreshoy.com\/?p=12535#primaryimage"},"thumbnailUrl":"https:\/\/contadoreshoy.com\/wp-content\/uploads\/2020\/05\/Ministerio-de-hacienda-y-cr\u00e9dito-p\u00fablico.jpg.png","articleSection":{"1":"Uncategorized"},"inLanguage":"es","potentialAction":[{"@type":"CommentAction","name":"Comment","target":["https:\/\/contadoreshoy.com\/?p=12535#respond"]}]},{"@type":"WebPage","@id":"https:\/\/contadoreshoy.com\/?p=12535","url":"https:\/\/contadoreshoy.com\/?p=12535","name":"Programa de Apoyo al Empleo Formal - PAEF Bolet\u00edn 22 Ministerio de Hacienda y Cr\u00e9dito P\u00fablico - Contadores P\u00fablicos","isPartOf":{"@id":"https:\/\/contadoreshoy.com\/#website"},"primaryImageOfPage":{"@id":"https:\/\/contadoreshoy.com\/?p=12535#primaryimage"},"image":{"@id":"https:\/\/contadoreshoy.com\/?p=12535#primaryimage"},"thumbnailUrl":"https:\/\/contadoreshoy.com\/wp-content\/uploads\/2020\/05\/Ministerio-de-hacienda-y-cr\u00e9dito-p\u00fablico.jpg.png","datePublished":"2020-05-12T04:22:37+00:00","dateModified":"2020-05-12T04:25:39+00:00","breadcrumb":{"@id":"https:\/\/contadoreshoy.com\/?p=12535#breadcrumb"},"inLanguage":"es","potentialAction":[{"@type":"ReadAction","target":["https:\/\/contadoreshoy.com\/?p=12535"]}]},{"@type":"ImageObject","inLanguage":"es","@id":"https:\/\/contadoreshoy.com\/?p=12535#primaryimage","url":"https:\/\/contadoreshoy.com\/wp-content\/uploads\/2020\/05\/Ministerio-de-hacienda-y-cr\u00e9dito-p\u00fablico.jpg.png","contentUrl":"https:\/\/contadoreshoy.com\/wp-content\/uploads\/2020\/05\/Ministerio-de-hacienda-y-cr\u00e9dito-p\u00fablico.jpg.png","width":1214,"height":384},{"@type":"BreadcrumbList","@id":"https:\/\/contadoreshoy.com\/?p=12535#breadcrumb","itemListElement":[{"@type":"ListItem","position":1,"name":"Portada","item":"https:\/\/contadoreshoy.com\/"},{"@type":"ListItem","position":2,"name":"Programa de Apoyo al Empleo Formal &#8211; PAEF Bolet\u00edn 22 Ministerio de Hacienda y Cr\u00e9dito P\u00fablico"}]},{"@type":"WebSite","@id":"https:\/\/contadoreshoy.com\/#website","url":"https:\/\/contadoreshoy.com\/","name":"Contadorespublicossantander","description":"Portal para Contadores P\u00fablicos y empresarios","publisher":{"@id":"https:\/\/contadoreshoy.com\/#organization"},"potentialAction":[{"@type":"SearchAction","target":{"@type":"EntryPoint","urlTemplate":"https:\/\/contadoreshoy.com\/?s={search_term_string}"},"query-input":{"@type":"PropertyValueSpecification","valueRequired":true,"valueName":"search_term_string"}}],"inLanguage":"es"},{"@type":"Organization","@id":"https:\/\/contadoreshoy.com\/#organization","name":"Contadores P\u00fablicos de Santander","url":"https:\/\/contadoreshoy.com\/","logo":{"@type":"ImageObject","inLanguage":"es","@id":"https:\/\/contadoreshoy.com\/#\/schema\/logo\/image\/","url":"https:\/\/contadoreshoy.com\/wp-content\/uploads\/2024\/01\/cropped-cropped-Copia-de-M-1.jpg","contentUrl":"https:\/\/contadoreshoy.com\/wp-content\/uploads\/2024\/01\/cropped-cropped-Copia-de-M-1.jpg","width":499,"height":500,"caption":"Contadores P\u00fablicos de Santander"},"image":{"@id":"https:\/\/contadoreshoy.com\/#\/schema\/logo\/image\/"},"sameAs":["https:\/\/www.facebook.com\/CCCPBucaramanga\/"]},{"@type":"Person","@id":"https:\/\/contadoreshoy.com\/#\/schema\/person\/96d8979cb865537c5dc9345e40089fc5","name":"Miguel Antonio M\u00e1rquez Monta\u00f1ez","description":"Contador P\u00fablico egresado de la Universidad Aut\u00f3noma de Bucaramanga - Asesor contable tributario con m\u00e1s de 25 a\u00f1os de experiencia - Conferencista en temas contables y tributarios - T\u00e9cnico en Hardware y Dise\u00f1o Web - Creador y director Grupo de Estudio Colegio Colombiano de Contadores P\u00fablicos de Bucaramanga - Creador y Master Web p\u00e1gina www.contadoresp\u00fablicossantander.com - Expresidente Colegio Colombiano de Contadores P\u00fablicos Bucaramanga","url":"https:\/\/contadoreshoy.com\/?author=1"}]}},"_links":{"self":[{"href":"https:\/\/contadoreshoy.com\/index.php?rest_route=\/wp\/v2\/posts\/12535","targetHints":{"allow":["GET"]}}],"collection":[{"href":"https:\/\/contadoreshoy.com\/index.php?rest_route=\/wp\/v2\/posts"}],"about":[{"href":"https:\/\/contadoreshoy.com\/index.php?rest_route=\/wp\/v2\/types\/post"}],"author":[{"embeddable":true,"href":"https:\/\/contadoreshoy.com\/index.php?rest_route=\/wp\/v2\/users\/1"}],"replies":[{"embeddable":true,"href":"https:\/\/contadoreshoy.com\/index.php?rest_route=%2Fwp%2Fv2%2Fcomments&post=12535"}],"version-history":[{"count":3,"href":"https:\/\/contadoreshoy.com\/index.php?rest_route=\/wp\/v2\/posts\/12535\/revisions"}],"predecessor-version":[{"id":12539,"href":"https:\/\/contadoreshoy.com\/index.php?rest_route=\/wp\/v2\/posts\/12535\/revisions\/12539"}],"wp:featuredmedia":[{"embeddable":true,"href":"https:\/\/contadoreshoy.com\/index.php?rest_route=\/wp\/v2\/media\/12537"}],"wp:attachment":[{"href":"https:\/\/contadoreshoy.com\/index.php?rest_route=%2Fwp%2Fv2%2Fmedia&parent=12535"}],"wp:term":[{"taxonomy":"category","embeddable":true,"href":"https:\/\/contadoreshoy.com\/index.php?rest_route=%2Fwp%2Fv2%2Fcategories&post=12535"},{"taxonomy":"post_tag","embeddable":true,"href":"https:\/\/contadoreshoy.com\/index.php?rest_route=%2Fwp%2Fv2%2Ftags&post=12535"}],"curies":[{"name":"wp","href":"https:\/\/api.w.org\/{rel}","templated":true}]}}