{"id":12593,"date":"2020-05-28T22:37:51","date_gmt":"2020-05-29T03:37:51","guid":{"rendered":"https:\/\/contadoreshoy.com\/?p=12593"},"modified":"2020-05-30T10:33:51","modified_gmt":"2020-05-30T15:33:51","slug":"resolucion-00053-mayo-28-2020-dian-modificacion-plazos-informacion-exogena-ano-gravable-2019","status":"publish","type":"post","link":"https:\/\/contadoreshoy.com\/?p=12593","title":{"rendered":"Resoluci\u00f3n 00053 mayo 28 de 2020 DIAN &#8211; Modificaci\u00f3n plazos informaci\u00f3n ex\u00f3gena a\u00f1o gravable 2019"},"content":{"rendered":"<p><img loading=\"lazy\" decoding=\"async\" class=\"aligncenter wp-image-6099 size-full\" src=\"https:\/\/contadoreshoy.com\/wp-content\/uploads\/2015\/10\/calendario-2.jpg\" alt=\"\" width=\"600\" height=\"400\" srcset=\"https:\/\/contadoreshoy.com\/wp-content\/uploads\/2015\/10\/calendario-2.jpg 600w, https:\/\/contadoreshoy.com\/wp-content\/uploads\/2015\/10\/calendario-2-300x200.jpg 300w\" sizes=\"auto, (max-width: 600px) 100vw, 600px\" \/><\/p>\n<p style=\"text-align: center;\"><a href=\"https:\/\/www.dian.gov.co\/normatividad\/Normatividad\/Resoluci%C3%B3n%20000053%20de%2028-05-2020.pdf\" target=\"_blank\" rel=\"noopener\"><strong><span style=\"color: #000000;\">RESOLUCI\u00d3N N\u00daMERO 00053<\/span><\/strong><\/a><\/p>\n<p style=\"text-align: center;\"><strong><span style=\"color: #000000;\">(28 de Mayo de 2020)<\/span><\/strong><\/p>\n<p><strong><span style=\"color: #000000;\">Por la cual se modifican los plazos establecidos para la presentaci\u00f3n de informaci\u00f3n tributaria del a\u00f1o gravable 2019, ante la Unidad Administrativa Especial Direcci\u00f3n de Impuestos y Aduanas Nacionales &#8211; DIAN.<\/span><\/strong><\/p>\n<p style=\"text-align: center;\"><strong><span style=\"color: #000000;\">RESUELVE:<\/span><\/strong><\/p>\n<p style=\"text-align: justify;\"><strong><span style=\"color: #000000;\">Art\u00edculo 1. Modificar los plazos establecidos en el art\u00edculo 45 de la Resoluci\u00f3n 011004 del 29 de octubre de 2018, modificado y adicionado por el art\u00edculo 15 de la Resoluci\u00f3n 000008 del 31 de enero de 2020, modificado por el art\u00edculo 1 de la Resoluci\u00f3n 000027 del 25 de marzo de 2020, y modificado por el art\u00edculo 1 de la Resoluci\u00f3n 000046 del 07 de mayo de 2020, para presentar la informaci\u00f3n tributaria del a\u00f1o gravable 2019. Modif\u00edquese los plazos establecidos en el art\u00edculo 45 de la Resoluci\u00f3n 011004 del 29 de octubre de 2018, modificado por el art\u00edculo 1 de la Resoluci\u00f3n 000027 del 25 de marzo de 2020, modificado por el art\u00edculo 1 de la Resoluci\u00f3n 000046 del 07 de mayo de 2020 para presentar la informaci\u00f3n tributaria del a\u00f1o gravable 2019, los cuales quedar\u00e1n as\u00ed:<\/span><\/strong><\/p>\n<p style=\"text-align: justify;\"><strong><span style=\"color: #000000;\">\u00abArt\u00edculo 45. Plazos para suministrar la informaci\u00f3n anual y anual con corte mensual. La informaci\u00f3n a que se refieren los art\u00edculos 623, 623-2 (sic), 623-3, 624, 625, 628, 629, 629-1, 631 y 631-3 del Estatuto Tributario y los T\u00edtulos III, IV, Cap\u00edtulos del 1 al 13 y 15 del T\u00edtulo V, Cap\u00edtulo 1, 3 y 4 del T\u00edtulo VI, Cap\u00edtulo 1 y los numerales 37.1 y 37.2 del art\u00edculo 37, y el Titulo VIII de la presente resoluci\u00f3n, deber\u00e1 ser reportada a m\u00e1s tardar en las siguientes fechas, teniendo en cuenta el \u00faltimo d\u00edgito del NIT del informante cuando se trate de un gran contribuyente, o los dos \u00faltimos d\u00edgitos del NIT del informante, cuando se trate de una persona jur\u00eddica y asimilada o una persona natural y asimilada:<\/span><\/strong><\/p>\n<p><strong><span style=\"color: #000000;\">GRANDES CONTRIBUYENTES:<\/span><\/strong><\/p>\n<table style=\"height: 327px;\" width=\"760\">\n<tbody>\n<tr>\n<td style=\"width: 372px; text-align: center;\"><strong><span style=\"color: #000000;\">\u00daLTIMO D\u00cdGITO<\/span><\/strong><\/td>\n<td style=\"width: 372px; text-align: center;\"><strong><span style=\"color: #000000;\">FECHA<\/span><\/strong><\/td>\n<\/tr>\n<tr>\n<td style=\"width: 372px; text-align: center;\"><strong><span style=\"color: #000000;\">0<\/span><\/strong><\/td>\n<td style=\"width: 372px; text-align: center;\"><strong><span style=\"color: #000000;\">16 de junio de 2020<\/span><\/strong><\/td>\n<\/tr>\n<tr>\n<td style=\"width: 372px; text-align: center;\"><strong><span style=\"color: #000000;\">9<\/span><\/strong><\/td>\n<td style=\"width: 372px; text-align: center;\"><strong><span style=\"color: #000000;\">17 de junio de 2020<\/span><\/strong><\/td>\n<\/tr>\n<tr>\n<td style=\"width: 372px; text-align: center;\"><strong><span style=\"color: #000000;\">8<\/span><\/strong><\/td>\n<td style=\"width: 372px; text-align: center;\"><strong><span style=\"color: #000000;\">18 de junio de 2020<\/span><\/strong><\/td>\n<\/tr>\n<tr>\n<td style=\"width: 372px; text-align: center;\"><strong><span style=\"color: #000000;\">7<\/span><\/strong><\/td>\n<td style=\"width: 372px; text-align: center;\"><strong><span style=\"color: #000000;\">19 de junio de 2020<\/span><\/strong><\/td>\n<\/tr>\n<tr>\n<td style=\"width: 372px; text-align: center;\"><strong><span style=\"color: #000000;\">6<\/span><\/strong><\/td>\n<td style=\"width: 372px; text-align: center;\"><strong><span style=\"color: #000000;\">23 de junio de 2020<\/span><\/strong><\/td>\n<\/tr>\n<tr>\n<td style=\"width: 372px; text-align: center;\"><strong><span style=\"color: #000000;\">5<\/span><\/strong><\/td>\n<td style=\"width: 372px; text-align: center;\"><strong><span style=\"color: #000000;\">24 de junio de 2020<\/span><\/strong><\/td>\n<\/tr>\n<tr>\n<td style=\"width: 372px; text-align: center;\"><strong><span style=\"color: #000000;\">4<\/span><\/strong><\/td>\n<td style=\"width: 372px; text-align: center;\"><strong><span style=\"color: #000000;\">25 de junio de 2020<\/span><\/strong><\/td>\n<\/tr>\n<tr>\n<td style=\"width: 372px; text-align: center;\"><strong><span style=\"color: #000000;\">3<\/span><\/strong><\/td>\n<td style=\"width: 372px; text-align: center;\"><strong><span style=\"color: #000000;\">26 de junio de 2020<\/span><\/strong><\/td>\n<\/tr>\n<tr>\n<td style=\"width: 372px; text-align: center;\"><strong><span style=\"color: #000000;\">2<\/span><\/strong><\/td>\n<td style=\"width: 372px; text-align: center;\"><strong><span style=\"color: #000000;\">30 de junio de 2020<\/span><\/strong><\/td>\n<\/tr>\n<tr>\n<td style=\"width: 372px; text-align: center;\"><strong><span style=\"color: #000000;\">1<\/span><\/strong><\/td>\n<td style=\"width: 372px; text-align: center;\"><strong><span style=\"color: #000000;\">01 de julio de 2020<\/span><\/strong><\/td>\n<\/tr>\n<\/tbody>\n<\/table>\n<p><strong><span style=\"color: #000000;\">PERSONAS JUR\u00cdDICAS Y NATURALES:<\/span><\/strong><\/p>\n<table style=\"height: 329px;\" width=\"759\">\n<tbody>\n<tr>\n<td style=\"width: 371.5px; text-align: center;\"><strong><span style=\"color: #000000;\">\u00daLTIMOS D\u00cdGITOS<\/span><\/strong><\/td>\n<td style=\"width: 371.5px; text-align: center;\"><strong><span style=\"color: #000000;\">FECHA<\/span><\/strong><\/td>\n<\/tr>\n<tr>\n<td style=\"width: 371.5px; text-align: center;\"><strong><span style=\"color: #000000;\">91 a 00<\/span><\/strong><\/td>\n<td style=\"width: 371.5px; text-align: center;\"><strong><span style=\"color: #000000;\">16 de junio de 2020<\/span><\/strong><\/td>\n<\/tr>\n<tr>\n<td style=\"width: 371.5px; text-align: center;\"><strong><span style=\"color: #000000;\">81 a 90<\/span><\/strong><\/td>\n<td style=\"width: 371.5px; text-align: center;\"><strong><span style=\"color: #000000;\">17 de junio de 2020<\/span><\/strong><\/td>\n<\/tr>\n<tr>\n<td style=\"width: 371.5px; text-align: center;\"><strong><span style=\"color: #000000;\">71 a 80<\/span><\/strong><\/td>\n<td style=\"width: 371.5px; text-align: center;\"><strong><span style=\"color: #000000;\">18 de junio de 2020<\/span><\/strong><\/td>\n<\/tr>\n<tr>\n<td style=\"width: 371.5px; text-align: center;\"><strong><span style=\"color: #000000;\">61 a 70<\/span><\/strong><\/td>\n<td style=\"width: 371.5px; text-align: center;\"><strong><span style=\"color: #000000;\">19 de junio de 2020<\/span><\/strong><\/td>\n<\/tr>\n<tr>\n<td style=\"width: 371.5px; text-align: center;\"><strong><span style=\"color: #000000;\">51 a 60<\/span><\/strong><\/td>\n<td style=\"width: 371.5px; text-align: center;\"><strong><span style=\"color: #000000;\">23 de junio de 2020<\/span><\/strong><\/td>\n<\/tr>\n<tr>\n<td style=\"width: 371.5px; text-align: center;\"><strong><span style=\"color: #000000;\">41 a 50<\/span><\/strong><\/td>\n<td style=\"width: 371.5px; text-align: center;\"><strong><span style=\"color: #000000;\">24 de junio de 2020<\/span><\/strong><\/td>\n<\/tr>\n<tr>\n<td style=\"width: 371.5px; text-align: center;\"><strong><span style=\"color: #000000;\">31 a 40<\/span><\/strong><\/td>\n<td style=\"width: 371.5px; text-align: center;\"><strong><span style=\"color: #000000;\">25 de junio de 2020<\/span><\/strong><\/td>\n<\/tr>\n<tr>\n<td style=\"width: 371.5px; text-align: center;\"><strong><span style=\"color: #000000;\">21 a 30<\/span><\/strong><\/td>\n<td style=\"width: 371.5px; text-align: center;\"><strong><span style=\"color: #000000;\">26 de junio de 2020<\/span><\/strong><\/td>\n<\/tr>\n<tr>\n<td style=\"width: 371.5px; text-align: center;\"><strong><span style=\"color: #000000;\">11 a 20<\/span><\/strong><\/td>\n<td style=\"width: 371.5px; text-align: center;\"><strong><span style=\"color: #000000;\">30 de junio de 2020<\/span><\/strong><\/td>\n<\/tr>\n<tr>\n<td style=\"width: 371.5px; text-align: center;\"><strong><span style=\"color: #000000;\">01 a 10<\/span><\/strong><\/td>\n<td style=\"width: 371.5px; text-align: center;\"><strong><span style=\"color: #000000;\">01 de julio de 2020<\/span><\/strong><\/td>\n<\/tr>\n<\/tbody>\n<\/table>\n<p style=\"text-align: justify;\"><strong><span style=\"color: #000000;\">Par\u00e1grafo 1. la informaci\u00f3n se debe reportar dentro de los plazos se\u00f1alados en el presente art\u00edculo de acuerdo con la calidad de gran contribuyente, persona jur\u00eddica o persona natural que se posea en el momento de informar.<\/span><\/strong><\/p>\n<p style=\"text-align: justify;\"><strong><span style=\"color: #000000;\">Par\u00e1grafo 2. La informaci\u00f3n de que trata el numeral 37.3, del art\u00edculo 37 de la presente resoluci\u00f3n, correspondiente al impuesto de industria y comercio, deber\u00e1 ser reportada a m\u00e1s tardar el \u00faltimo d\u00eda h\u00e1bil del mes de agosto de 2020.P<\/span><\/strong><\/p>\n<p style=\"text-align: justify;\"><strong><span style=\"color: #000000;\">Par\u00e1grafo 3. la informaci\u00f3n de que trata el numeral 37.4 del art\u00edculo 37 de la presente resoluci\u00f3n, correspondiente a las resoluciones administrativas relacionadas con obligaciones tributarias del orden municipal o distrital, deber\u00e1 ser reportada a m\u00e1s tardar en la siguiente fecha.<\/span><\/strong><\/p>\n<table style=\"height: 73px;\" width=\"756\">\n<tbody>\n<tr>\n<td style=\"width: 370px; text-align: center;\"><strong><span style=\"color: #000000;\">Per\u00edodo<\/span><\/strong><\/td>\n<td style=\"width: 370px; text-align: center;\"><strong><span style=\"color: #000000;\">Fecha<\/span><\/strong><\/td>\n<\/tr>\n<tr>\n<td style=\"width: 370px; text-align: center;\"><strong><span style=\"color: #000000;\">Agosto- diciembre 2019<\/span><\/strong><\/td>\n<td style=\"width: 370px; text-align: center;\"><strong><span style=\"color: #000000;\">01 de julio de 2020<\/span><\/strong><\/td>\n<\/tr>\n<\/tbody>\n<\/table>\n<p style=\"text-align: justify;\"><strong><span style=\"color: #000000;\">Art\u00edculo 2. Publicar. La presente resoluci\u00f3n se publica de conformidad con el art\u00edculo 65 del C\u00f3digo Administrativo, y de los Contencioso Administrativo.<\/span><\/strong><\/p>\n<p style=\"text-align: justify;\"><strong><span style=\"color: #000000;\">Art\u00edculo 3. Vigencia. La presente resoluci\u00f3n rige a partir de la fecha de su publicaci\u00f3n.<\/span><\/strong><\/p>\n<p style=\"text-align: justify;\"><strong><span style=\"color: #000000;\">PUBL\u00cdQUESE Y C\u00daMPLASE<\/span><\/strong><\/p>\n<p style=\"text-align: justify;\"><strong><span style=\"color: #000000;\">Dada en Bogot\u00e1 D.C. a los veintiocho (28) d\u00edas del mes de mayo de 2020.<\/span><\/strong><\/p>\n<p style=\"text-align: justify;\">&nbsp;<\/p>\n<p style=\"text-align: justify;\"><strong><span style=\"color: #000000;\">JOS\u00c9 ANDR\u00c9S ROMERO TARAZONA<\/span><\/strong><\/p>\n<p style=\"text-align: justify;\"><strong><span style=\"color: #000000;\">Director General<\/span><\/strong><\/p>\n<p><a href=\"https:\/\/www.dian.gov.co\/normatividad\/Normatividad\/Resoluci%C3%B3n%20000053%20de%2028-05-2020.pdf\" target=\"_blank\" rel=\"noopener\"><span style=\"font-size: 12pt;\"><strong><span style=\"color: #0000ff;\">Para descargar Resoluci\u00f3n 0053 mayo 28 de 2020 DIAN, dar click en este enlace<\/span><\/strong><\/span><\/a><\/p>\n","protected":false},"excerpt":{"rendered":"<p>RESOLUCI\u00d3N N\u00daMERO 00053 (28 de Mayo de 2020) Por la cual se modifican los plazos establecidos para la presentaci\u00f3n de informaci\u00f3n tributaria del a\u00f1o gravable 2019, ante la Unidad Administrativa&#46;&#46;&#46;<\/p>\n","protected":false},"author":1,"featured_media":6099,"comment_status":"open","ping_status":"open","sticky":false,"template":"","format":"standard","meta":{"_monsterinsights_skip_tracking":false,"ngg_post_thumbnail":0,"footnotes":"","_links_to":"","_links_to_target":""},"categories":[454,458,1],"tags":[],"class_list":["post-12593","post","type-post","status-publish","format-standard","has-post-thumbnail","hentry","category-sin-categoria","category-ultimas","category-uncategorized"],"aioseo_notices":[],"aioseo_head":"\n\t\t<!-- All in One SEO 5.0.1.1 - aioseo.com -->\n\t<meta name=\"description\" content=\"RESOLUCI\u00d3N N\u00daMERO 00053 (28 de Mayo de 2020) Por la cual se modifican los plazos establecidos para la presentaci\u00f3n de informaci\u00f3n tributaria del a\u00f1o gravable 2019, ante la Unidad Administrativa Especial Direcci\u00f3n de Impuestos y Aduanas Nacionales - DIAN. RESUELVE: Art\u00edculo 1. Modificar los plazos establecidos en el art\u00edculo 45 de la Resoluci\u00f3n 011004 del\" \/>\n\t<meta name=\"robots\" content=\"max-image-preview:large\" \/>\n\t<meta name=\"author\" content=\"Miguel Antonio M\u00e1rquez Monta\u00f1ez\"\/>\n\t<link rel=\"canonical\" href=\"https:\/\/contadoreshoy.com\/?p=12593\" \/>\n\t<meta name=\"generator\" content=\"All in One SEO (AIOSEO) 5.0.1.1\" \/>\n\t\t<meta property=\"og:locale\" content=\"es_ES\" \/>\n\t\t<meta property=\"og:site_name\" content=\"Contadores P\u00fablicos - Portal para Contadores P\u00fablicos y empresarios\" \/>\n\t\t<meta property=\"og:type\" content=\"article\" \/>\n\t\t<meta property=\"og:title\" content=\"Resoluci\u00f3n 00053 mayo 28 de 2020 DIAN \u2013 Modificaci\u00f3n plazos informaci\u00f3n ex\u00f3gena a\u00f1o gravable 2019 - Contadores P\u00fablicos\" \/>\n\t\t<meta property=\"og:description\" content=\"RESOLUCI\u00d3N N\u00daMERO 00053 (28 de Mayo de 2020) Por la cual se modifican los plazos establecidos para la presentaci\u00f3n de informaci\u00f3n tributaria del a\u00f1o gravable 2019, ante la Unidad Administrativa Especial Direcci\u00f3n de Impuestos y Aduanas Nacionales - DIAN. RESUELVE: Art\u00edculo 1. Modificar los plazos establecidos en el art\u00edculo 45 de la Resoluci\u00f3n 011004 del\" \/>\n\t\t<meta property=\"og:url\" content=\"https:\/\/contadoreshoy.com\/?p=12593\" \/>\n\t\t<meta property=\"og:image\" content=\"https:\/\/contadoreshoy.com\/wp-content\/uploads\/2024\/01\/cropped-cropped-cropped-Copia-de-M.jpg\" \/>\n\t\t<meta property=\"og:image:secure_url\" content=\"https:\/\/contadoreshoy.com\/wp-content\/uploads\/2024\/01\/cropped-cropped-cropped-Copia-de-M.jpg\" \/>\n\t\t<meta property=\"og:image:width\" content=\"512\" \/>\n\t\t<meta property=\"og:image:height\" content=\"371\" \/>\n\t\t<meta property=\"article:published_time\" content=\"2020-05-29T03:37:51+00:00\" \/>\n\t\t<meta property=\"article:modified_time\" content=\"2020-05-30T15:33:51+00:00\" \/>\n\t\t<meta name=\"twitter:card\" content=\"summary_large_image\" \/>\n\t\t<meta name=\"twitter:title\" content=\"Resoluci\u00f3n 00053 mayo 28 de 2020 DIAN \u2013 Modificaci\u00f3n plazos informaci\u00f3n ex\u00f3gena a\u00f1o gravable 2019 - Contadores P\u00fablicos\" \/>\n\t\t<meta name=\"twitter:description\" content=\"RESOLUCI\u00d3N N\u00daMERO 00053 (28 de Mayo de 2020) Por la cual se modifican los plazos establecidos para la presentaci\u00f3n de informaci\u00f3n tributaria del a\u00f1o gravable 2019, ante la Unidad Administrativa Especial Direcci\u00f3n de Impuestos y Aduanas Nacionales - DIAN. RESUELVE: Art\u00edculo 1. Modificar los plazos establecidos en el art\u00edculo 45 de la Resoluci\u00f3n 011004 del\" \/>\n\t\t<meta name=\"twitter:image\" content=\"https:\/\/contadoreshoy.com\/wp-content\/uploads\/2024\/01\/cropped-cropped-cropped-Copia-de-M.jpg\" \/>\n\t\t<script type=\"application\/ld+json\" class=\"aioseo-schema\">\n\t\t\t{\"@context\":\"https:\\\/\\\/schema.org\",\"@graph\":[{\"@type\":\"BlogPosting\",\"@id\":\"https:\\\/\\\/contadoreshoy.com\\\/?p=12593#blogposting\",\"name\":\"Resoluci\\u00f3n 00053 mayo 28 de 2020 DIAN \\u2013 Modificaci\\u00f3n plazos informaci\\u00f3n ex\\u00f3gena a\\u00f1o gravable 2019 - Contadores P\\u00fablicos\",\"headline\":\"Resoluci\\u00f3n 00053 mayo 28 de 2020 DIAN &#8211; Modificaci\\u00f3n plazos informaci\\u00f3n ex\\u00f3gena a\\u00f1o gravable 2019\",\"author\":{\"@id\":\"https:\\\/\\\/contadoreshoy.com\\\/?author=1#author\"},\"publisher\":{\"@id\":\"https:\\\/\\\/contadoreshoy.com\\\/#organization\"},\"image\":{\"@type\":\"ImageObject\",\"url\":\"https:\\\/\\\/contadoreshoy.com\\\/wp-content\\\/uploads\\\/2015\\\/10\\\/calendario-2.jpg\",\"width\":600,\"height\":400},\"datePublished\":\"2020-05-28T22:37:51-05:00\",\"dateModified\":\"2020-05-30T10:33:51-05:00\",\"inLanguage\":\"es-ES\",\"mainEntityOfPage\":{\"@id\":\"https:\\\/\\\/contadoreshoy.com\\\/?p=12593#webpage\"},\"isPartOf\":{\"@id\":\"https:\\\/\\\/contadoreshoy.com\\\/?p=12593#webpage\"},\"articleSection\":\"Sin categor\\u00eda, Ultimas Noticias, Uncategorized\"},{\"@type\":\"BreadcrumbList\",\"@id\":\"https:\\\/\\\/contadoreshoy.com\\\/?p=12593#breadcrumblist\",\"itemListElement\":[{\"@type\":\"ListItem\",\"@id\":\"https:\\\/\\\/contadoreshoy.com#listItem\",\"position\":1,\"name\":\"Home\",\"item\":\"https:\\\/\\\/contadoreshoy.com\",\"nextItem\":{\"@type\":\"ListItem\",\"@id\":\"https:\\\/\\\/contadoreshoy.com\\\/?cat=1#listItem\",\"name\":\"Uncategorized\"}},{\"@type\":\"ListItem\",\"@id\":\"https:\\\/\\\/contadoreshoy.com\\\/?cat=1#listItem\",\"position\":2,\"name\":\"Uncategorized\",\"item\":\"https:\\\/\\\/contadoreshoy.com\\\/?cat=1\",\"nextItem\":{\"@type\":\"ListItem\",\"@id\":\"https:\\\/\\\/contadoreshoy.com\\\/?p=12593#listItem\",\"name\":\"Resoluci\\u00f3n 00053 mayo 28 de 2020 DIAN &#8211; Modificaci\\u00f3n plazos informaci\\u00f3n ex\\u00f3gena a\\u00f1o gravable 2019\"},\"previousItem\":{\"@type\":\"ListItem\",\"@id\":\"https:\\\/\\\/contadoreshoy.com#listItem\",\"name\":\"Home\"}},{\"@type\":\"ListItem\",\"@id\":\"https:\\\/\\\/contadoreshoy.com\\\/?p=12593#listItem\",\"position\":3,\"name\":\"Resoluci\\u00f3n 00053 mayo 28 de 2020 DIAN &#8211; Modificaci\\u00f3n plazos informaci\\u00f3n ex\\u00f3gena a\\u00f1o gravable 2019\",\"previousItem\":{\"@type\":\"ListItem\",\"@id\":\"https:\\\/\\\/contadoreshoy.com\\\/?cat=1#listItem\",\"name\":\"Uncategorized\"}}]},{\"@type\":\"Organization\",\"@id\":\"https:\\\/\\\/contadoreshoy.com\\\/#organization\",\"name\":\"Contadores P\\u00fablicos\",\"description\":\"Portal para Contadores P\\u00fablicos y empresarios\",\"url\":\"https:\\\/\\\/contadoreshoy.com\\\/\",\"logo\":{\"@type\":\"ImageObject\",\"url\":\"https:\\\/\\\/contadoreshoy.com\\\/wp-content\\\/uploads\\\/2024\\\/01\\\/cropped-cropped-Copia-de-M-1.jpg\",\"@id\":\"https:\\\/\\\/contadoreshoy.com\\\/?p=12593\\\/#organizationLogo\",\"width\":499,\"height\":500},\"image\":{\"@id\":\"https:\\\/\\\/contadoreshoy.com\\\/?p=12593\\\/#organizationLogo\"}},{\"@type\":\"Person\",\"@id\":\"https:\\\/\\\/contadoreshoy.com\\\/?author=1#author\",\"url\":\"https:\\\/\\\/contadoreshoy.com\\\/?author=1\",\"name\":\"Miguel Antonio M\\u00e1rquez Monta\\u00f1ez\"},{\"@type\":\"WebPage\",\"@id\":\"https:\\\/\\\/contadoreshoy.com\\\/?p=12593#webpage\",\"url\":\"https:\\\/\\\/contadoreshoy.com\\\/?p=12593\",\"name\":\"Resoluci\\u00f3n 00053 mayo 28 de 2020 DIAN \\u2013 Modificaci\\u00f3n plazos informaci\\u00f3n ex\\u00f3gena a\\u00f1o gravable 2019 - Contadores P\\u00fablicos\",\"description\":\"RESOLUCI\\u00d3N N\\u00daMERO 00053 (28 de Mayo de 2020) Por la cual se modifican los plazos establecidos para la presentaci\\u00f3n de informaci\\u00f3n tributaria del a\\u00f1o gravable 2019, ante la Unidad Administrativa Especial Direcci\\u00f3n de Impuestos y Aduanas Nacionales - DIAN. RESUELVE: Art\\u00edculo 1. Modificar los plazos establecidos en el art\\u00edculo 45 de la Resoluci\\u00f3n 011004 del\",\"inLanguage\":\"es-ES\",\"isPartOf\":{\"@id\":\"https:\\\/\\\/contadoreshoy.com\\\/#website\"},\"breadcrumb\":{\"@id\":\"https:\\\/\\\/contadoreshoy.com\\\/?p=12593#breadcrumblist\"},\"author\":{\"@id\":\"https:\\\/\\\/contadoreshoy.com\\\/?author=1#author\"},\"creator\":{\"@id\":\"https:\\\/\\\/contadoreshoy.com\\\/?author=1#author\"},\"image\":{\"@type\":\"ImageObject\",\"url\":\"https:\\\/\\\/contadoreshoy.com\\\/wp-content\\\/uploads\\\/2015\\\/10\\\/calendario-2.jpg\",\"@id\":\"https:\\\/\\\/contadoreshoy.com\\\/?p=12593\\\/#mainImage\",\"width\":600,\"height\":400},\"primaryImageOfPage\":{\"@id\":\"https:\\\/\\\/contadoreshoy.com\\\/?p=12593#mainImage\"},\"datePublished\":\"2020-05-28T22:37:51-05:00\",\"dateModified\":\"2020-05-30T10:33:51-05:00\"},{\"@type\":\"WebSite\",\"@id\":\"https:\\\/\\\/contadoreshoy.com\\\/#website\",\"url\":\"https:\\\/\\\/contadoreshoy.com\\\/\",\"name\":\"Contadores P\\u00fablicos\",\"description\":\"Portal para Contadores P\\u00fablicos y empresarios\",\"inLanguage\":\"es-ES\",\"publisher\":{\"@id\":\"https:\\\/\\\/contadoreshoy.com\\\/#organization\"}}]}\n\t\t<\/script>\n\t\t<!-- All in One SEO -->\n\n","aioseo_head_json":{"title":"Resoluci\u00f3n 00053 mayo 28 de 2020 DIAN \u2013 Modificaci\u00f3n plazos informaci\u00f3n ex\u00f3gena a\u00f1o gravable 2019 - Contadores P\u00fablicos","description":"RESOLUCI\u00d3N N\u00daMERO 00053 (28 de Mayo de 2020) Por la cual se modifican los plazos establecidos para la presentaci\u00f3n de informaci\u00f3n tributaria del a\u00f1o gravable 2019, ante la Unidad Administrativa Especial Direcci\u00f3n de Impuestos y Aduanas Nacionales - DIAN. RESUELVE: Art\u00edculo 1. Modificar los plazos establecidos en el art\u00edculo 45 de la Resoluci\u00f3n 011004 del","canonical_url":"https:\/\/contadoreshoy.com\/?p=12593","robots":"max-image-preview:large","keywords":"","webmasterTools":{"miscellaneous":""},"schema":{"@context":"https:\/\/schema.org","@graph":[{"@type":"BlogPosting","@id":"https:\/\/contadoreshoy.com\/?p=12593#blogposting","name":"Resoluci\u00f3n 00053 mayo 28 de 2020 DIAN \u2013 Modificaci\u00f3n plazos informaci\u00f3n ex\u00f3gena a\u00f1o gravable 2019 - Contadores P\u00fablicos","headline":"Resoluci\u00f3n 00053 mayo 28 de 2020 DIAN &#8211; Modificaci\u00f3n plazos informaci\u00f3n ex\u00f3gena a\u00f1o gravable 2019","author":{"@id":"https:\/\/contadoreshoy.com\/?author=1#author"},"publisher":{"@id":"https:\/\/contadoreshoy.com\/#organization"},"image":{"@type":"ImageObject","url":"https:\/\/contadoreshoy.com\/wp-content\/uploads\/2015\/10\/calendario-2.jpg","width":600,"height":400},"datePublished":"2020-05-28T22:37:51-05:00","dateModified":"2020-05-30T10:33:51-05:00","inLanguage":"es-ES","mainEntityOfPage":{"@id":"https:\/\/contadoreshoy.com\/?p=12593#webpage"},"isPartOf":{"@id":"https:\/\/contadoreshoy.com\/?p=12593#webpage"},"articleSection":"Sin categor\u00eda, Ultimas Noticias, Uncategorized"},{"@type":"BreadcrumbList","@id":"https:\/\/contadoreshoy.com\/?p=12593#breadcrumblist","itemListElement":[{"@type":"ListItem","@id":"https:\/\/contadoreshoy.com#listItem","position":1,"name":"Home","item":"https:\/\/contadoreshoy.com","nextItem":{"@type":"ListItem","@id":"https:\/\/contadoreshoy.com\/?cat=1#listItem","name":"Uncategorized"}},{"@type":"ListItem","@id":"https:\/\/contadoreshoy.com\/?cat=1#listItem","position":2,"name":"Uncategorized","item":"https:\/\/contadoreshoy.com\/?cat=1","nextItem":{"@type":"ListItem","@id":"https:\/\/contadoreshoy.com\/?p=12593#listItem","name":"Resoluci\u00f3n 00053 mayo 28 de 2020 DIAN &#8211; Modificaci\u00f3n plazos informaci\u00f3n ex\u00f3gena a\u00f1o gravable 2019"},"previousItem":{"@type":"ListItem","@id":"https:\/\/contadoreshoy.com#listItem","name":"Home"}},{"@type":"ListItem","@id":"https:\/\/contadoreshoy.com\/?p=12593#listItem","position":3,"name":"Resoluci\u00f3n 00053 mayo 28 de 2020 DIAN &#8211; Modificaci\u00f3n plazos informaci\u00f3n ex\u00f3gena a\u00f1o gravable 2019","previousItem":{"@type":"ListItem","@id":"https:\/\/contadoreshoy.com\/?cat=1#listItem","name":"Uncategorized"}}]},{"@type":"Organization","@id":"https:\/\/contadoreshoy.com\/#organization","name":"Contadores P\u00fablicos","description":"Portal para Contadores P\u00fablicos y empresarios","url":"https:\/\/contadoreshoy.com\/","logo":{"@type":"ImageObject","url":"https:\/\/contadoreshoy.com\/wp-content\/uploads\/2024\/01\/cropped-cropped-Copia-de-M-1.jpg","@id":"https:\/\/contadoreshoy.com\/?p=12593\/#organizationLogo","width":499,"height":500},"image":{"@id":"https:\/\/contadoreshoy.com\/?p=12593\/#organizationLogo"}},{"@type":"Person","@id":"https:\/\/contadoreshoy.com\/?author=1#author","url":"https:\/\/contadoreshoy.com\/?author=1","name":"Miguel Antonio M\u00e1rquez Monta\u00f1ez"},{"@type":"WebPage","@id":"https:\/\/contadoreshoy.com\/?p=12593#webpage","url":"https:\/\/contadoreshoy.com\/?p=12593","name":"Resoluci\u00f3n 00053 mayo 28 de 2020 DIAN \u2013 Modificaci\u00f3n plazos informaci\u00f3n ex\u00f3gena a\u00f1o gravable 2019 - Contadores P\u00fablicos","description":"RESOLUCI\u00d3N N\u00daMERO 00053 (28 de Mayo de 2020) Por la cual se modifican los plazos establecidos para la presentaci\u00f3n de informaci\u00f3n tributaria del a\u00f1o gravable 2019, ante la Unidad Administrativa Especial Direcci\u00f3n de Impuestos y Aduanas Nacionales - DIAN. RESUELVE: Art\u00edculo 1. Modificar los plazos establecidos en el art\u00edculo 45 de la Resoluci\u00f3n 011004 del","inLanguage":"es-ES","isPartOf":{"@id":"https:\/\/contadoreshoy.com\/#website"},"breadcrumb":{"@id":"https:\/\/contadoreshoy.com\/?p=12593#breadcrumblist"},"author":{"@id":"https:\/\/contadoreshoy.com\/?author=1#author"},"creator":{"@id":"https:\/\/contadoreshoy.com\/?author=1#author"},"image":{"@type":"ImageObject","url":"https:\/\/contadoreshoy.com\/wp-content\/uploads\/2015\/10\/calendario-2.jpg","@id":"https:\/\/contadoreshoy.com\/?p=12593\/#mainImage","width":600,"height":400},"primaryImageOfPage":{"@id":"https:\/\/contadoreshoy.com\/?p=12593#mainImage"},"datePublished":"2020-05-28T22:37:51-05:00","dateModified":"2020-05-30T10:33:51-05:00"},{"@type":"WebSite","@id":"https:\/\/contadoreshoy.com\/#website","url":"https:\/\/contadoreshoy.com\/","name":"Contadores P\u00fablicos","description":"Portal para Contadores P\u00fablicos y empresarios","inLanguage":"es-ES","publisher":{"@id":"https:\/\/contadoreshoy.com\/#organization"}}]},"og:locale":"es_ES","og:site_name":"Contadores P\u00fablicos - Portal para Contadores P\u00fablicos y empresarios","og:type":"article","og:title":"Resoluci\u00f3n 00053 mayo 28 de 2020 DIAN \u2013 Modificaci\u00f3n plazos informaci\u00f3n ex\u00f3gena a\u00f1o gravable 2019 - Contadores P\u00fablicos","og:description":"RESOLUCI\u00d3N N\u00daMERO 00053 (28 de Mayo de 2020) Por la cual se modifican los plazos establecidos para la presentaci\u00f3n de informaci\u00f3n tributaria del a\u00f1o gravable 2019, ante la Unidad Administrativa Especial Direcci\u00f3n de Impuestos y Aduanas Nacionales - DIAN. RESUELVE: Art\u00edculo 1. Modificar los plazos establecidos en el art\u00edculo 45 de la Resoluci\u00f3n 011004 del","og:url":"https:\/\/contadoreshoy.com\/?p=12593","og:image":"https:\/\/contadoreshoy.com\/wp-content\/uploads\/2024\/01\/cropped-cropped-cropped-Copia-de-M.jpg","og:image:secure_url":"https:\/\/contadoreshoy.com\/wp-content\/uploads\/2024\/01\/cropped-cropped-cropped-Copia-de-M.jpg","og:image:width":512,"og:image:height":371,"article:published_time":"2020-05-29T03:37:51+00:00","article:modified_time":"2020-05-30T15:33:51+00:00","twitter:card":"summary_large_image","twitter:title":"Resoluci\u00f3n 00053 mayo 28 de 2020 DIAN \u2013 Modificaci\u00f3n plazos informaci\u00f3n ex\u00f3gena a\u00f1o gravable 2019 - Contadores P\u00fablicos","twitter:description":"RESOLUCI\u00d3N N\u00daMERO 00053 (28 de Mayo de 2020) Por la cual se modifican los plazos establecidos para la presentaci\u00f3n de informaci\u00f3n tributaria del a\u00f1o gravable 2019, ante la Unidad Administrativa Especial Direcci\u00f3n de Impuestos y Aduanas Nacionales - DIAN. RESUELVE: Art\u00edculo 1. Modificar los plazos establecidos en el art\u00edculo 45 de la Resoluci\u00f3n 011004 del","twitter:image":"https:\/\/contadoreshoy.com\/wp-content\/uploads\/2024\/01\/cropped-cropped-cropped-Copia-de-M.jpg"},"aioseo_meta_data":{"post_id":"12593","title":null,"description":null,"keywords":null,"keyphrases":null,"primary_term":null,"canonical_url":null,"og_title":null,"og_description":null,"og_object_type":"default","og_image_type":"default","og_image_url":null,"og_image_width":null,"og_image_height":null,"og_image_custom_url":null,"og_image_custom_fields":null,"og_video":null,"og_custom_url":null,"og_article_section":null,"og_article_tags":null,"twitter_use_og":false,"twitter_card":"default","twitter_image_type":"default","twitter_image_url":null,"twitter_image_custom_url":null,"twitter_image_custom_fields":null,"twitter_title":null,"twitter_description":null,"schema":{"blockGraphs":[],"customGraphs":[],"default":{"data":{"Article":[],"Course":[],"Dataset":[],"FAQPage":[],"Movie":[],"Person":[],"Product":[],"ProductReview":[],"Car":[],"Recipe":[],"Service":[],"SoftwareApplication":[],"WebPage":[]},"graphName":"","isEnabled":true},"graphs":[]},"schema_type":"default","schema_type_options":null,"pillar_content":false,"robots_default":true,"robots_noindex":false,"robots_noarchive":false,"robots_nosnippet":false,"robots_nofollow":false,"robots_noimageindex":false,"robots_noodp":false,"robots_notranslate":false,"robots_max_snippet":null,"robots_max_videopreview":null,"robots_max_imagepreview":"large","priority":null,"frequency":null,"local_seo":null,"breadcrumb_settings":null,"limit_modified_date":false,"ai":null,"created":"2024-03-05 02:18:30","updated":"2026-03-03 05:26:41","seo_analyzer_scan_date":null,"focus_keyword":null,"additional_keywords":null,"truseo_locale":null},"aioseo_breadcrumb":"<div class=\"aioseo-breadcrumbs\"><span class=\"aioseo-breadcrumb\">\n\t\t\t<a href=\"https:\/\/contadoreshoy.com\" title=\"Home\">Home<\/a>\n\t\t<\/span><span class=\"aioseo-breadcrumb-separator\">&raquo;<\/span><span class=\"aioseo-breadcrumb\">\n\t\t\t<a href=\"https:\/\/contadoreshoy.com\/?cat=1\" title=\"Uncategorized\">Uncategorized<\/a>\n\t\t<\/span><span class=\"aioseo-breadcrumb-separator\">&raquo;<\/span><span class=\"aioseo-breadcrumb\">\n\t\t\tResoluci\u00f3n 00053 mayo 28 de 2020 DIAN \u2013 Modificaci\u00f3n plazos informaci\u00f3n ex\u00f3gena a\u00f1o gravable 2019\n\t\t<\/span><\/div>","aioseo_breadcrumb_json":[{"label":"Home","link":"https:\/\/contadoreshoy.com"},{"label":"Uncategorized","link":"https:\/\/contadoreshoy.com\/?cat=1"},{"label":"Resoluci\u00f3n 00053 mayo 28 de 2020 DIAN &#8211; Modificaci\u00f3n plazos informaci\u00f3n ex\u00f3gena a\u00f1o gravable 2019","link":"https:\/\/contadoreshoy.com\/?p=12593"}],"yoast_head":"<!-- This site is optimized with the Yoast SEO plugin v28.4 - https:\/\/yoast.com\/product\/yoast-seo-wordpress\/ -->\n<title>Resoluci\u00f3n 00053 mayo 28 de 2020 DIAN - Modificaci\u00f3n plazos informaci\u00f3n ex\u00f3gena a\u00f1o gravable 2019 - Contadores P\u00fablicos<\/title>\n<meta name=\"robots\" content=\"index, follow, max-snippet:-1, max-image-preview:large, max-video-preview:-1\" \/>\n<link rel=\"canonical\" href=\"https:\/\/contadoreshoy.com\/?p=12593\" \/>\n<meta property=\"og:locale\" content=\"es_ES\" \/>\n<meta property=\"og:type\" content=\"article\" \/>\n<meta property=\"og:title\" content=\"Resoluci\u00f3n 00053 mayo 28 de 2020 DIAN - Modificaci\u00f3n plazos informaci\u00f3n ex\u00f3gena a\u00f1o gravable 2019 - Contadores P\u00fablicos\" \/>\n<meta property=\"og:description\" content=\"RESOLUCI\u00d3N N\u00daMERO 00053 (28 de Mayo de 2020) Por la cual se modifican los plazos establecidos para la presentaci\u00f3n de informaci\u00f3n tributaria del a\u00f1o gravable 2019, ante la Unidad Administrativa&#046;&#046;&#046;\" \/>\n<meta property=\"og:url\" content=\"https:\/\/contadoreshoy.com\/?p=12593\" \/>\n<meta property=\"og:site_name\" content=\"Contadores P\u00fablicos\" \/>\n<meta property=\"article:publisher\" content=\"https:\/\/www.facebook.com\/CCCPBucaramanga\/\" \/>\n<meta property=\"article:published_time\" content=\"2020-05-29T03:37:51+00:00\" \/>\n<meta property=\"article:modified_time\" content=\"2020-05-30T15:33:51+00:00\" \/>\n<meta property=\"og:image\" content=\"https:\/\/contadoreshoy.com\/wp-content\/uploads\/2015\/10\/calendario-2.jpg\" \/>\n\t<meta property=\"og:image:width\" content=\"600\" \/>\n\t<meta property=\"og:image:height\" content=\"400\" \/>\n\t<meta property=\"og:image:type\" content=\"image\/jpeg\" \/>\n<meta name=\"author\" content=\"Miguel Antonio M\u00e1rquez Monta\u00f1ez\" \/>\n<meta name=\"twitter:card\" content=\"summary_large_image\" \/>\n<meta name=\"twitter:label1\" content=\"Escrito por\" \/>\n\t<meta name=\"twitter:data1\" content=\"Miguel Antonio M\u00e1rquez Monta\u00f1ez\" \/>\n\t<meta name=\"twitter:label2\" content=\"Tiempo de lectura\" \/>\n\t<meta name=\"twitter:data2\" content=\"3 minutos\" \/>\n<script type=\"application\/ld+json\" class=\"yoast-schema-graph\">{\"@context\":\"https:\\\/\\\/schema.org\",\"@graph\":[{\"@type\":\"Article\",\"@id\":\"https:\\\/\\\/contadoreshoy.com\\\/?p=12593#article\",\"isPartOf\":{\"@id\":\"https:\\\/\\\/contadoreshoy.com\\\/?p=12593\"},\"author\":{\"name\":\"Miguel Antonio M\u00e1rquez Monta\u00f1ez\",\"@id\":\"https:\\\/\\\/contadoreshoy.com\\\/#\\\/schema\\\/person\\\/96d8979cb865537c5dc9345e40089fc5\"},\"headline\":\"Resoluci\u00f3n 00053 mayo 28 de 2020 DIAN &#8211; Modificaci\u00f3n plazos informaci\u00f3n ex\u00f3gena a\u00f1o gravable 2019\",\"datePublished\":\"2020-05-29T03:37:51+00:00\",\"dateModified\":\"2020-05-30T15:33:51+00:00\",\"mainEntityOfPage\":{\"@id\":\"https:\\\/\\\/contadoreshoy.com\\\/?p=12593\"},\"wordCount\":616,\"commentCount\":0,\"publisher\":{\"@id\":\"https:\\\/\\\/contadoreshoy.com\\\/#organization\"},\"image\":{\"@id\":\"https:\\\/\\\/contadoreshoy.com\\\/?p=12593#primaryimage\"},\"thumbnailUrl\":\"https:\\\/\\\/contadoreshoy.com\\\/wp-content\\\/uploads\\\/2015\\\/10\\\/calendario-2.jpg\",\"articleSection\":{\"1\":\"Ultimas Noticias\",\"2\":\"Uncategorized\"},\"inLanguage\":\"es\",\"potentialAction\":[{\"@type\":\"CommentAction\",\"name\":\"Comment\",\"target\":[\"https:\\\/\\\/contadoreshoy.com\\\/?p=12593#respond\"]}]},{\"@type\":\"WebPage\",\"@id\":\"https:\\\/\\\/contadoreshoy.com\\\/?p=12593\",\"url\":\"https:\\\/\\\/contadoreshoy.com\\\/?p=12593\",\"name\":\"Resoluci\u00f3n 00053 mayo 28 de 2020 DIAN - Modificaci\u00f3n plazos informaci\u00f3n ex\u00f3gena a\u00f1o gravable 2019 - Contadores P\u00fablicos\",\"isPartOf\":{\"@id\":\"https:\\\/\\\/contadoreshoy.com\\\/#website\"},\"primaryImageOfPage\":{\"@id\":\"https:\\\/\\\/contadoreshoy.com\\\/?p=12593#primaryimage\"},\"image\":{\"@id\":\"https:\\\/\\\/contadoreshoy.com\\\/?p=12593#primaryimage\"},\"thumbnailUrl\":\"https:\\\/\\\/contadoreshoy.com\\\/wp-content\\\/uploads\\\/2015\\\/10\\\/calendario-2.jpg\",\"datePublished\":\"2020-05-29T03:37:51+00:00\",\"dateModified\":\"2020-05-30T15:33:51+00:00\",\"breadcrumb\":{\"@id\":\"https:\\\/\\\/contadoreshoy.com\\\/?p=12593#breadcrumb\"},\"inLanguage\":\"es\",\"potentialAction\":[{\"@type\":\"ReadAction\",\"target\":[\"https:\\\/\\\/contadoreshoy.com\\\/?p=12593\"]}]},{\"@type\":\"ImageObject\",\"inLanguage\":\"es\",\"@id\":\"https:\\\/\\\/contadoreshoy.com\\\/?p=12593#primaryimage\",\"url\":\"https:\\\/\\\/contadoreshoy.com\\\/wp-content\\\/uploads\\\/2015\\\/10\\\/calendario-2.jpg\",\"contentUrl\":\"https:\\\/\\\/contadoreshoy.com\\\/wp-content\\\/uploads\\\/2015\\\/10\\\/calendario-2.jpg\",\"width\":600,\"height\":400},{\"@type\":\"BreadcrumbList\",\"@id\":\"https:\\\/\\\/contadoreshoy.com\\\/?p=12593#breadcrumb\",\"itemListElement\":[{\"@type\":\"ListItem\",\"position\":1,\"name\":\"Portada\",\"item\":\"https:\\\/\\\/contadoreshoy.com\\\/\"},{\"@type\":\"ListItem\",\"position\":2,\"name\":\"Resoluci\u00f3n 00053 mayo 28 de 2020 DIAN &#8211; Modificaci\u00f3n plazos informaci\u00f3n ex\u00f3gena a\u00f1o gravable 2019\"}]},{\"@type\":\"WebSite\",\"@id\":\"https:\\\/\\\/contadoreshoy.com\\\/#website\",\"url\":\"https:\\\/\\\/contadoreshoy.com\\\/\",\"name\":\"Contadorespublicossantander\",\"description\":\"Portal para Contadores P\u00fablicos y empresarios\",\"publisher\":{\"@id\":\"https:\\\/\\\/contadoreshoy.com\\\/#organization\"},\"potentialAction\":[{\"@type\":\"SearchAction\",\"target\":{\"@type\":\"EntryPoint\",\"urlTemplate\":\"https:\\\/\\\/contadoreshoy.com\\\/?s={search_term_string}\"},\"query-input\":{\"@type\":\"PropertyValueSpecification\",\"valueRequired\":true,\"valueName\":\"search_term_string\"}}],\"inLanguage\":\"es\"},{\"@type\":\"Organization\",\"@id\":\"https:\\\/\\\/contadoreshoy.com\\\/#organization\",\"name\":\"Contadores P\u00fablicos de Santander\",\"url\":\"https:\\\/\\\/contadoreshoy.com\\\/\",\"logo\":{\"@type\":\"ImageObject\",\"inLanguage\":\"es\",\"@id\":\"https:\\\/\\\/contadoreshoy.com\\\/#\\\/schema\\\/logo\\\/image\\\/\",\"url\":\"https:\\\/\\\/contadoreshoy.com\\\/wp-content\\\/uploads\\\/2024\\\/01\\\/cropped-cropped-Copia-de-M-1.jpg\",\"contentUrl\":\"https:\\\/\\\/contadoreshoy.com\\\/wp-content\\\/uploads\\\/2024\\\/01\\\/cropped-cropped-Copia-de-M-1.jpg\",\"width\":499,\"height\":500,\"caption\":\"Contadores P\u00fablicos de Santander\"},\"image\":{\"@id\":\"https:\\\/\\\/contadoreshoy.com\\\/#\\\/schema\\\/logo\\\/image\\\/\"},\"sameAs\":[\"https:\\\/\\\/www.facebook.com\\\/CCCPBucaramanga\\\/\"]},{\"@type\":\"Person\",\"@id\":\"https:\\\/\\\/contadoreshoy.com\\\/#\\\/schema\\\/person\\\/96d8979cb865537c5dc9345e40089fc5\",\"name\":\"Miguel Antonio M\u00e1rquez Monta\u00f1ez\",\"description\":\"Contador P\u00fablico egresado de la Universidad Aut\u00f3noma de Bucaramanga - Asesor contable tributario con m\u00e1s de 25 a\u00f1os de experiencia - Conferencista en temas contables y tributarios - T\u00e9cnico en Hardware y Dise\u00f1o Web - Creador y director Grupo de Estudio Colegio Colombiano de Contadores P\u00fablicos de Bucaramanga - Creador y Master Web p\u00e1gina www.contadoresp\u00fablicossantander.com - Expresidente Colegio Colombiano de Contadores P\u00fablicos Bucaramanga\",\"url\":\"https:\\\/\\\/contadoreshoy.com\\\/?author=1\"}]}<\/script>\n<!-- \/ Yoast SEO plugin. -->","yoast_head_json":{"title":"Resoluci\u00f3n 00053 mayo 28 de 2020 DIAN - Modificaci\u00f3n plazos informaci\u00f3n ex\u00f3gena a\u00f1o gravable 2019 - Contadores P\u00fablicos","robots":{"index":"index","follow":"follow","max-snippet":"max-snippet:-1","max-image-preview":"max-image-preview:large","max-video-preview":"max-video-preview:-1"},"canonical":"https:\/\/contadoreshoy.com\/?p=12593","og_locale":"es_ES","og_type":"article","og_title":"Resoluci\u00f3n 00053 mayo 28 de 2020 DIAN - Modificaci\u00f3n plazos informaci\u00f3n ex\u00f3gena a\u00f1o gravable 2019 - Contadores P\u00fablicos","og_description":"RESOLUCI\u00d3N N\u00daMERO 00053 (28 de Mayo de 2020) Por la cual se modifican los plazos establecidos para la presentaci\u00f3n de informaci\u00f3n tributaria del a\u00f1o gravable 2019, ante la Unidad Administrativa&#46;&#46;&#46;","og_url":"https:\/\/contadoreshoy.com\/?p=12593","og_site_name":"Contadores P\u00fablicos","article_publisher":"https:\/\/www.facebook.com\/CCCPBucaramanga\/","article_published_time":"2020-05-29T03:37:51+00:00","article_modified_time":"2020-05-30T15:33:51+00:00","og_image":[{"width":600,"height":400,"url":"https:\/\/contadoreshoy.com\/wp-content\/uploads\/2015\/10\/calendario-2.jpg","type":"image\/jpeg"}],"author":"Miguel Antonio M\u00e1rquez Monta\u00f1ez","twitter_card":"summary_large_image","twitter_misc":{"Escrito por":"Miguel Antonio M\u00e1rquez Monta\u00f1ez","Tiempo de lectura":"3 minutos"},"schema":{"@context":"https:\/\/schema.org","@graph":[{"@type":"Article","@id":"https:\/\/contadoreshoy.com\/?p=12593#article","isPartOf":{"@id":"https:\/\/contadoreshoy.com\/?p=12593"},"author":{"name":"Miguel Antonio M\u00e1rquez Monta\u00f1ez","@id":"https:\/\/contadoreshoy.com\/#\/schema\/person\/96d8979cb865537c5dc9345e40089fc5"},"headline":"Resoluci\u00f3n 00053 mayo 28 de 2020 DIAN &#8211; Modificaci\u00f3n plazos informaci\u00f3n ex\u00f3gena a\u00f1o gravable 2019","datePublished":"2020-05-29T03:37:51+00:00","dateModified":"2020-05-30T15:33:51+00:00","mainEntityOfPage":{"@id":"https:\/\/contadoreshoy.com\/?p=12593"},"wordCount":616,"commentCount":0,"publisher":{"@id":"https:\/\/contadoreshoy.com\/#organization"},"image":{"@id":"https:\/\/contadoreshoy.com\/?p=12593#primaryimage"},"thumbnailUrl":"https:\/\/contadoreshoy.com\/wp-content\/uploads\/2015\/10\/calendario-2.jpg","articleSection":{"1":"Ultimas Noticias","2":"Uncategorized"},"inLanguage":"es","potentialAction":[{"@type":"CommentAction","name":"Comment","target":["https:\/\/contadoreshoy.com\/?p=12593#respond"]}]},{"@type":"WebPage","@id":"https:\/\/contadoreshoy.com\/?p=12593","url":"https:\/\/contadoreshoy.com\/?p=12593","name":"Resoluci\u00f3n 00053 mayo 28 de 2020 DIAN - Modificaci\u00f3n plazos informaci\u00f3n ex\u00f3gena a\u00f1o gravable 2019 - Contadores P\u00fablicos","isPartOf":{"@id":"https:\/\/contadoreshoy.com\/#website"},"primaryImageOfPage":{"@id":"https:\/\/contadoreshoy.com\/?p=12593#primaryimage"},"image":{"@id":"https:\/\/contadoreshoy.com\/?p=12593#primaryimage"},"thumbnailUrl":"https:\/\/contadoreshoy.com\/wp-content\/uploads\/2015\/10\/calendario-2.jpg","datePublished":"2020-05-29T03:37:51+00:00","dateModified":"2020-05-30T15:33:51+00:00","breadcrumb":{"@id":"https:\/\/contadoreshoy.com\/?p=12593#breadcrumb"},"inLanguage":"es","potentialAction":[{"@type":"ReadAction","target":["https:\/\/contadoreshoy.com\/?p=12593"]}]},{"@type":"ImageObject","inLanguage":"es","@id":"https:\/\/contadoreshoy.com\/?p=12593#primaryimage","url":"https:\/\/contadoreshoy.com\/wp-content\/uploads\/2015\/10\/calendario-2.jpg","contentUrl":"https:\/\/contadoreshoy.com\/wp-content\/uploads\/2015\/10\/calendario-2.jpg","width":600,"height":400},{"@type":"BreadcrumbList","@id":"https:\/\/contadoreshoy.com\/?p=12593#breadcrumb","itemListElement":[{"@type":"ListItem","position":1,"name":"Portada","item":"https:\/\/contadoreshoy.com\/"},{"@type":"ListItem","position":2,"name":"Resoluci\u00f3n 00053 mayo 28 de 2020 DIAN &#8211; Modificaci\u00f3n plazos informaci\u00f3n ex\u00f3gena a\u00f1o gravable 2019"}]},{"@type":"WebSite","@id":"https:\/\/contadoreshoy.com\/#website","url":"https:\/\/contadoreshoy.com\/","name":"Contadorespublicossantander","description":"Portal para Contadores P\u00fablicos y empresarios","publisher":{"@id":"https:\/\/contadoreshoy.com\/#organization"},"potentialAction":[{"@type":"SearchAction","target":{"@type":"EntryPoint","urlTemplate":"https:\/\/contadoreshoy.com\/?s={search_term_string}"},"query-input":{"@type":"PropertyValueSpecification","valueRequired":true,"valueName":"search_term_string"}}],"inLanguage":"es"},{"@type":"Organization","@id":"https:\/\/contadoreshoy.com\/#organization","name":"Contadores P\u00fablicos de Santander","url":"https:\/\/contadoreshoy.com\/","logo":{"@type":"ImageObject","inLanguage":"es","@id":"https:\/\/contadoreshoy.com\/#\/schema\/logo\/image\/","url":"https:\/\/contadoreshoy.com\/wp-content\/uploads\/2024\/01\/cropped-cropped-Copia-de-M-1.jpg","contentUrl":"https:\/\/contadoreshoy.com\/wp-content\/uploads\/2024\/01\/cropped-cropped-Copia-de-M-1.jpg","width":499,"height":500,"caption":"Contadores P\u00fablicos de Santander"},"image":{"@id":"https:\/\/contadoreshoy.com\/#\/schema\/logo\/image\/"},"sameAs":["https:\/\/www.facebook.com\/CCCPBucaramanga\/"]},{"@type":"Person","@id":"https:\/\/contadoreshoy.com\/#\/schema\/person\/96d8979cb865537c5dc9345e40089fc5","name":"Miguel Antonio M\u00e1rquez Monta\u00f1ez","description":"Contador P\u00fablico egresado de la Universidad Aut\u00f3noma de Bucaramanga - Asesor contable tributario con m\u00e1s de 25 a\u00f1os de experiencia - Conferencista en temas contables y tributarios - T\u00e9cnico en Hardware y Dise\u00f1o Web - Creador y director Grupo de Estudio Colegio Colombiano de Contadores P\u00fablicos de Bucaramanga - Creador y Master Web p\u00e1gina www.contadoresp\u00fablicossantander.com - Expresidente Colegio Colombiano de Contadores P\u00fablicos Bucaramanga","url":"https:\/\/contadoreshoy.com\/?author=1"}]}},"_links":{"self":[{"href":"https:\/\/contadoreshoy.com\/index.php?rest_route=\/wp\/v2\/posts\/12593","targetHints":{"allow":["GET"]}}],"collection":[{"href":"https:\/\/contadoreshoy.com\/index.php?rest_route=\/wp\/v2\/posts"}],"about":[{"href":"https:\/\/contadoreshoy.com\/index.php?rest_route=\/wp\/v2\/types\/post"}],"author":[{"embeddable":true,"href":"https:\/\/contadoreshoy.com\/index.php?rest_route=\/wp\/v2\/users\/1"}],"replies":[{"embeddable":true,"href":"https:\/\/contadoreshoy.com\/index.php?rest_route=%2Fwp%2Fv2%2Fcomments&post=12593"}],"version-history":[{"count":3,"href":"https:\/\/contadoreshoy.com\/index.php?rest_route=\/wp\/v2\/posts\/12593\/revisions"}],"predecessor-version":[{"id":12607,"href":"https:\/\/contadoreshoy.com\/index.php?rest_route=\/wp\/v2\/posts\/12593\/revisions\/12607"}],"wp:featuredmedia":[{"embeddable":true,"href":"https:\/\/contadoreshoy.com\/index.php?rest_route=\/wp\/v2\/media\/6099"}],"wp:attachment":[{"href":"https:\/\/contadoreshoy.com\/index.php?rest_route=%2Fwp%2Fv2%2Fmedia&parent=12593"}],"wp:term":[{"taxonomy":"category","embeddable":true,"href":"https:\/\/contadoreshoy.com\/index.php?rest_route=%2Fwp%2Fv2%2Fcategories&post=12593"},{"taxonomy":"post_tag","embeddable":true,"href":"https:\/\/contadoreshoy.com\/index.php?rest_route=%2Fwp%2Fv2%2Ftags&post=12593"}],"curies":[{"name":"wp","href":"https:\/\/api.w.org\/{rel}","templated":true}]}}