{"id":12608,"date":"2020-05-31T14:53:28","date_gmt":"2020-05-31T19:53:28","guid":{"rendered":"https:\/\/contadoreshoy.com\/?p=12608"},"modified":"2020-06-01T16:13:31","modified_gmt":"2020-06-01T21:13:31","slug":"decreto-761-mayo-29-2020-reglamentacion-subcapitalizacion-intereses-deducibles","status":"publish","type":"post","link":"https:\/\/contadoreshoy.com\/?p=12608","title":{"rendered":"Decreto 761 mayo 29 de 2020 &#8211; Reglamentaci\u00f3n Subcapitalizaci\u00f3n &#8211; Intereses deducibles"},"content":{"rendered":"<p><img loading=\"lazy\" decoding=\"async\" class=\"aligncenter wp-image-7150 size-full\" src=\"https:\/\/contadoreshoy.com\/wp-content\/uploads\/2016\/04\/Porcentaje.jpg\" alt=\"\" width=\"600\" height=\"400\" srcset=\"https:\/\/contadoreshoy.com\/wp-content\/uploads\/2016\/04\/Porcentaje.jpg 600w, https:\/\/contadoreshoy.com\/wp-content\/uploads\/2016\/04\/Porcentaje-300x200.jpg 300w\" sizes=\"auto, (max-width: 600px) 100vw, 600px\" \/><\/p>\n<p style=\"text-align: center;\"><strong><span style=\"color: #000000;\">MINISTERIO DE HACIENDA Y CR\u00c9DITO P\u00daBLICO<\/span><\/strong><\/p>\n<p style=\"text-align: center;\"><a href=\"https:\/\/dapre.presidencia.gov.co\/normativa\/normativa\/DECRETO%20761%20DEL%2029%20DE%20MAYO%20DE%202020.pdf\" target=\"_blank\" rel=\"noopener\"><strong><span style=\"color: #000000;\">DECRETO 761<\/span><\/strong><\/a><\/p>\n<p style=\"text-align: center;\"><strong><span style=\"color: #000000;\">MAYO 29 DE 2020<\/span><\/strong><\/p>\n<p style=\"text-align: center;\"><strong><span style=\"color: #000000;\">Por el cual se reglamenta el art\u00edculo 118-1 del Estatuto Tributario y se sustituyen los art\u00edculos 1.2.1.18.60., 1.2.1.18.61., 1.2.1.18.62., 1.2.1.18.63. Y 1.2.1.18.64. del Cap\u00edtulo 18 del T\u00edtulo 1 de la Parte 2 del Libro 1 del Decreto 1625 de 2016, \u00danico Reglamentario en Materia Tributaria.<\/span><\/strong><\/p>\n<p style=\"text-align: center;\"><strong><span style=\"color: #000000;\">EL PRESIDENTE DE LA REP\u00daBLICA DE COLOMBIA<\/span><\/strong><\/p>\n<p style=\"text-align: center;\"><strong><span style=\"color: #000000;\">En ejercicio de sus facultades constitucionales y legales, en especial las conferidas por los numerales 11 y 20 del art\u00edculo 189 de la Constituci\u00f3n Pol\u00edtica, y en desarrollo del art\u00edculo 118-1 modificado por el art\u00edculo 63 de la Ley 2010 de 2019, y<\/span><\/strong><\/p>\n<h2 style=\"text-align: center;\"><strong><span style=\"color: #000000;\">DECRETA<\/span><\/strong><\/h2>\n<p style=\"text-align: justify;\"><strong><span style=\"color: #000000;\">Art\u00edculo 1. Sustituci\u00f3n de los art\u00edculos 1.2.1.18.60., 1.2.1.18.61\u201e 1.2.1.18.62., 1.2.1.18.63. y 1.21.18.64. del Cap\u00edtulo 18 del T\u00edtulo 1 de la Parte 2 del Libro 1 del Decreto 1625 de 2016, \u00danico Reglamentario en Materia Tributaria. Sustit\u00fayanse los art\u00edculos 1.2.1.18.60., 1.2.1.18.61 1.2.1.18.62., 1.2.1.18.63. y 1.2.1.18.64. del Cap\u00edtulo 18 del T\u00edtulo 1 de la Parte 2 del Libro 1 del Decreto 1625 de 2016, \u00danico Reglamentario en Materia Tributaria, as\u00ed:<\/span><\/strong><\/p>\n<p style=\"text-align: justify;\"><strong><span style=\"color: #000000;\">\u00abArt\u00edculo 1.2.1.18.60. Definiciones: Para efectos de lo dispuesto en el art\u00edculo 118-1 del Estatuto Tributario, se tendr\u00e1n en cuenta las siguientes definiciones:<\/span><\/strong><\/p>\n<ol style=\"text-align: justify;\">\n<li><strong><span style=\"color: #000000;\">Aval: El aval es una garant\u00eda mediante la cual un vinculado econ\u00f3mico respalda una operaci\u00f3n de endeudamiento tomada por su vinculado con un tercero independiente, cuando de esa garant\u00eda se derive que el acreedor real es el vinculado econ\u00f3mico mencionado en primer lugar.<\/span><\/strong><\/li>\n<li><strong><span style=\"color: #000000;\">Back to Back: El back to back es un m\u00e9todo de endeudamiento entre vinculados econ\u00f3micos, donde el pr\u00e9stamo es canalizado a trav\u00e9s de un intermediario independiente.<\/span><\/strong><\/li>\n<li><strong><span style=\"color: #000000;\">Cualquier otra operaci\u00f3n en la que sustancialmente dichas vinculadas act\u00faen como acreedoras: Corresponde a cualquier otro tipo de operaci\u00f3n, independientemente de su denominaci\u00f3n, mediante la cual el acreedor real es un vinculado econ\u00f3mico del deudor.<\/span><\/strong><\/li>\n<li><strong><span style=\"color: #000000;\">Acreedor real. El acreedor real es aquel vinculado econ\u00f3mico que pese a no figurar formalmente como acreedor del deudor, es quien en sustancia, act\u00faa total o parcialmente como acreedor.<\/span><\/strong><\/li>\n<li><strong><span style=\"color: #000000;\">Infraestructura de servicios p\u00fablicos, Se entiende por infraestructura de servicios p\u00fablicos todo conjunto de bienes organizados en forma permanente y estable que sean necesarios para la prestaci\u00f3n de servicios p\u00fablicos, sometida a la regulaci\u00f3n del Estado y bajo su control y\/o vigilancia, y que propenda por el crecimiento, competitividad y mejora de la calidad de la vida de los ciudadanos.<\/span><\/strong><\/li>\n<li><strong><span style=\"color: #000000;\">Infraestructura de servicio de transporte. Se entiende por infraestructura de servicios de transporte todos aquellos proyectos encaminados a la optimizaci\u00f3n del servicio para el sector transporte en \u00e1reas relacionadas con la red vial, f\u00e9rrea, fluvial, mar\u00edtima, a\u00e9rea y urbana, sometida a la regulaci\u00f3n del Estado y bajo su control y\/o vigilancia y que propenda por el crecimiento, competitividad y mejora de la calidad de la vida de los ciudadanos.<\/span><\/strong><\/li>\n<\/ol>\n<p style=\"text-align: justify;\"><strong><span style=\"color: #000000;\">Art\u00edculo 1.2.1.18.61. Criterios para determinar la vinculaci\u00f3n econ\u00f3mica y determinaci\u00f3n del patrimonio l\u00edquido para efectos de la aplicaci\u00f3n del art\u00edculo 118-1 del Estatuto Tributario: Los criterios para determinar la vinculaci\u00f3n econ\u00f3mica ser\u00e1n los establecidos en el art\u00edculo 260-1 del Estatuto Tributario,<\/span><\/strong><\/p>\n<p style=\"text-align: justify;\"><strong><span style=\"color: #000000;\">El patrimonio l\u00edquido se determinar\u00e1 de acuerdo con lo dispuesto en el art\u00edculo 282 del Estatuto Tributario.<\/span><\/strong><\/p>\n<p style=\"text-align: justify;\"><strong><span style=\"color: #000000;\">Art\u00edculo 1.2.1.18.62. Determinaci\u00f3n del monto total promedio de las deudas. Para efectos de lo previsto en el inciso 2 del art\u00edculo 118-1 del Estatuto Tributario, el monto total promedio de las deudas contra\u00eddas, directa o indirectamente, a favor de vinculados econ\u00f3micos nacionales o extranjeros se determinar\u00e1 de la siguiente manera:<\/span><\/strong><\/p>\n<ol style=\"text-align: justify;\">\n<li><strong><span style=\"color: #000000;\">Para cada una de las deudas con vinculados que generan intereses se identificar\u00e1:<\/span><\/strong><\/li>\n<\/ol>\n<ul style=\"text-align: justify;\">\n<li><strong><span style=\"color: #000000;\">1.1. Permanencia: Es el n\u00famero de d\u00edas calendario de permanencia de la deuda durante el respectivo a\u00f1o gravable, el cual incluye el d\u00eda de ingreso de la deuda hasta el d\u00eda anterior al pago del capital o principal y\/o el \u00faltimo d\u00eda del cierre fiscal, Para las obligaciones que provienen de a\u00f1os anteriores, se entiende que el d\u00eda de ingreso de la deuda es el primero (1) de enero del a\u00f1o o per\u00edodo gravable.<\/span><\/strong><\/li>\n<li><strong><span style=\"color: #000000;\">1.2. Base: La base es el valor del capital o principal de la deuda sobre el que se liquidan los intereses durante el per\u00edodo de permanencia<\/span><\/strong><\/li>\n<li><strong><span style=\"color: #000000;\">1.3. Deuda ponderada: La deuda ponderada es el resultado de multiplicar el n\u00famero de d\u00edas de permanencia por la base. En los casos en que haya amortizaciones o pagos parciales del capital de una misma deuda durante el periodo gravable, la deuda ponderada deber\u00e1 calcularse en forma separada sobre el saldo por pagar antes de disminuirse el capital con el abono o pago parcial de la deuda, como si se tratara de deudas independientes.<\/span><\/strong><\/li>\n<\/ul>\n<ol style=\"text-align: justify;\" start=\"2\">\n<li><strong><span style=\"color: #000000;\">Deuda ponderada total. La deuda ponderada total corresponde a la sumatoria de todas las deudas ponderadas, realizadas con vinculados que generan intereses, calculada de acuerdo con lo previsto en el numeral 1.3. de este art\u00edculo.<\/span><\/strong><\/li>\n<li><strong><span style=\"color: #000000;\">Monto total promedio de las deudas. El monto total promedio de las deudas ser\u00e1 el resultado de dividir la deuda ponderada total, calculada de acuerdo con lo previsto en el numeral 2 de este art\u00edculo por el n\u00famero total de d\u00edas calendario del correspondiente a\u00f1o o per\u00edodo gravable.<\/span><\/strong><\/li>\n<\/ol>\n<p style=\"text-align: justify;\"><strong><span style=\"color: #000000;\">Par\u00e1grafo. Los contribuyentes que durante el correspondiente per\u00edodo gravable tengan deudas con vinculados econ\u00f3micos que generen intereses en monedas diferentes al peso colombiano, la identificaci\u00f3n de la base en pesos se har\u00e1 de conformidad con lo establecido en el art\u00edculo 288 del Estatuto Tributario o la norma que lo modifique, adicione o sustituya y en concordancia con lo previsto en el art\u00edculo 1.1.3. de este Decreto.<\/span><\/strong><\/p>\n<p style=\"text-align: justify;\"><strong><span style=\"color: #000000;\">Art\u00edculo 1.2.1.18.63. Procedimiento para la determinaci\u00f3n de los intereses no deducibles ni capitalizables. Para determinar los intereses no deducibles ni capitalizables se aplicar\u00e1 el siguiente procedimiento:<\/span><\/strong><\/p>\n<ol style=\"text-align: justify;\">\n<li><strong><span style=\"color: #000000;\">Monto m\u00e1ximo de endeudamiento que genera intereses deducibles o capitalizables: El monto m\u00e1ximo de endeudamiento que genera intereses deducibles o capitalizables se determinar\u00e1 tomando el patrimonio l\u00edquido determinado a treinta y uno (31) de diciembre del a\u00f1o gravable inmediatamente anterior y multiplic\u00e1ndolo por dos (2).<\/span><\/strong><\/li>\n<li><strong><span style=\"color: #000000;\">Exceso de endeudamiento: El exceso de endeudamiento se determinar\u00e1 tomando el monto m\u00e1ximo de endeudamiento, determinado conforme con lo previsto en el numeral 1 de este art\u00edculo y rest\u00e1ndole el monto total promedio de las deudas con vinculados econ\u00f3micos, determinado conforme con lo previsto en el numeral 3 del art\u00edculo 1.2.1.18.62 de este Decreto cuando a ello haya lugar.<\/span><\/strong><\/li>\n<li><strong><span style=\"color: #000000;\">Proporci\u00f3n de intereses no deducibles ni capitalizables: La proporci\u00f3n de intereses no deducibles ni capitalizables se determinar\u00e1 dividiendo el exceso de endeudamiento determinado conforme con lo previsto en el numeral 1 de este art\u00edculo por el monto total promedio de las deudas con vinculados econ\u00f3micos determinado conforme con lo previsto en el numeral 3 del art\u00edculo 1.2.1.18.62. de este Decreto.<\/span><\/strong><\/li>\n<li><strong><span style=\"color: #000000;\">Intereses no deducibles ni capitalizables del respectivo per\u00edodo gravable: Los intereses no deducibles ni capitalizables del respectivo per\u00edodo gravable se determinar\u00e1n aplicando la proporci\u00f3n de intereses no deducibles ni capitalizables al total de intereses pagados o abonados en cuenta durante el a\u00f1o o per\u00edodo fiscal objeto de determinaci\u00f3n.<\/span><\/strong><\/li>\n<\/ol>\n<p style=\"text-align: justify;\"><strong><span style=\"color: #000000;\">Los intereses que no son capitalizables no podr\u00e1n tratarse como deducibles ni como costo en la declaraci\u00f3n del impuesto sobre la renta y complementarios en ning\u00fan per\u00edodo gravable.<\/span><\/strong><\/p>\n<p style=\"text-align: justify;\"><strong><span style=\"color: #000000;\">Par\u00e1grafo. Para efectos de determinar los intereses no deducibles ni capitalizables, la diferencia en cambio del capital o principal no se considerar\u00e1 como intereses. La diferencia en cambio de los intereses s\u00ed se considerar\u00e1 como inter\u00e9s y se calcular\u00e1 en los t\u00e9rminos previstos en el art\u00edculo 288 del Estatuto Tributario.<\/span><\/strong><\/p>\n<p style=\"text-align: justify;\"><strong><span style=\"color: #000000;\">Art\u00edculo 1-2.1.18.64. Procedencia de las deducciones o capitalizaciones y contenido de la certificaci\u00f3n de que trata el par\u00e1grafo 1 del art\u00edculo 118-1 del Estatuto Tributario. Para la procedencia de la deducci\u00f3n o capitalizaci\u00f3n por intereses de que tratan los art\u00edculos 118-1 y 59 del Estatuto Tributario y los art\u00edculos 1.2.1.18.61., 1.2.1.18.62. y 1.2.1.18.63. de este Decreto, se deber\u00e1 cumplir con los requisitos para la procedencia de las deducciones, tales como la relaci\u00f3n de causalidad con la actividad productora de renta, la proporcionalidad y la necesidad, los cuales deben ser evaluados con criterio comercial en los t\u00e9rminos previstos en el art\u00edculo 107 del Estatuto Tributario.<\/span><\/strong><\/p>\n<p style=\"text-align: justify;\"><strong><span style=\"color: #000000;\">A los contribuyentes del impuesto sobre la renta y complementarios que realicen actividades de factoring en los t\u00e9rminos del Decreto 2669 de 2012, compilado en el Decreto 1074 de 2015 \u00danico Reglamentario del Sector Comercio, Industria y Turismo a partir del art\u00edculo 2.2.2.2.1., no les aplicar\u00e1 lo previsto en el inciso 2 y los par\u00e1grafos 1 y 2 del art\u00edculo 118-1 del Estatuto Tributario cuando las actividades de factoring no sean prestadas en m\u00e1s de un cincuenta por ciento (50%) a compa\u00f1\u00edas vinculadas econ\u00f3micas en los t\u00e9rminos del art\u00edculo 260-1 del Estatuto Tributario.<\/span><\/strong><\/p>\n<p style=\"text-align: justify;\"><strong><span style=\"color: #000000;\">Cuando se configure alguno de los supuestos establecidos en el par\u00e1grafo 1 del art\u00edculo 118-1 del Estatuto Tributario, el acreedor deber\u00e1 expedirle al deudor una certificaci\u00f3n, cuando \u00e9ste la solicite, para cada a\u00f1o o periodo gravable. El deudor deber\u00e1 contar con dicha certificaci\u00f3n con anterioridad al vencimiento de la presentaci\u00f3n de la declaraci\u00f3n del impuesto sobre la renta y complementarios del a\u00f1o gravable objeto de deducci\u00f3n o capitalizaci\u00f3n.<\/span><\/strong><\/p>\n<p style=\"text-align: justify;\"><strong><span style=\"color: #000000;\">La certificaci\u00f3n que emita el acreedor deber\u00e1 contener como rn\u00ednimo la siguiente informaci\u00f3n:<\/span><\/strong><\/p>\n<ol style=\"text-align: justify;\">\n<li><strong><span style=\"color: #000000;\">Fecha y lugar de expedici\u00f3n de la certificaci\u00f3n.<\/span><\/strong><\/li>\n<li><strong><span style=\"color: #000000;\">Identificaci\u00f3n de las partes que intervienen en el cr\u00e9dito: nombre o raz\u00f3n social, n\u00famero de identificaci\u00f3n y pa\u00eds de domicilio y\/o residencia fiscal.<\/span><\/strong><\/li>\n<li><strong><span style=\"color: #000000;\">Monto del cr\u00e9dito.<\/span><\/strong><\/li>\n<li><strong><span style=\"color: #000000;\">Plazo del cr\u00e9dito.<\/span><\/strong><\/li>\n<li><strong><span style=\"color: #000000;\">Tasa de inter\u00e9s.<\/span><\/strong><\/li>\n<li><strong><span style=\"color: #000000;\">Manifestaci\u00f3n expresa de:<\/span><\/strong>\n<ol>\n<li><strong><span style=\"color: #000000;\">6.1 . Que el (los) cr\u00e9dito(s) no corresponde(n) a operaciones de endeudamiento garantizados por entidades vinculadas mediante un aval, back-to-back, o<\/span><\/strong><\/li>\n<li><strong><span style=\"color: #000000;\">6.2. En caso de ser vinculadas el (los) cr\u00e9dito(s) no corresponde(n) a operaciones de endeudamiento garantizados mediante un aval del que se derive que el vinculado econ\u00f3mico es el acreedor real; o cualquier otra operaci\u00f3n en la que sustancialmente dichas vinculadas act\u00faen como acreedoras.<\/span><\/strong><\/li>\n<\/ol>\n<\/li>\n<\/ol>\n<p style=\"text-align: justify;\"><strong><span style=\"color: #000000;\">La certificaci\u00f3n debe ser expedida y suscrita por el representante legal de la entidad acreedora o quien tenga la autorizaci\u00f3n legal para suscribirla bajo la gravedad de juramento, sin perjuicio de la responsabilidad solidaria y sanciones penales en los caso en que haya lugar. En caso de que la certificaci\u00f3n sea emitida en el exterior, se deber\u00e1 adjuntar la respectiva apostilla.<\/span><\/strong><\/p>\n<p style=\"text-align: justify;\"><strong><span style=\"color: #000000;\">Cuando el acreedor no sea residente en Colombia deber\u00e1 aportar el original del documento equivalente al certificado de existencia y representaci\u00f3n legal de la empresa.<\/span><\/strong><\/p>\n<p style=\"text-align: justify;\"><strong><span style=\"color: #000000;\">La certificaci\u00f3n se expedir\u00e1 en idioma castellano. Cuando la certificaci\u00f3n y documentos anexos se encuentren en idioma distinto, deber\u00e1n aportarse con su correspondiente traducci\u00f3n oficial y apostilla del Ministerio de Relaciones Exteriores.<\/span><\/strong><\/p>\n<p style=\"text-align: justify;\"><strong><span style=\"color: #000000;\">Par\u00e1grafo 1. La certificaci\u00f3n de que trata este art\u00edculo deber\u00e1 estar disponible cuando la Administraci\u00f3n Tributaria lo solicite. Cuando se presenten modificaciones en las condiciones del cr\u00e9dito o de las partes intervinientes, deber\u00e1 expedirse un nuevo certificado por parte del acreedor en los mismos t\u00e9rminos descritos en este art\u00edculo, y conservar los certificados anteriores, aclarando que se trata de una modificaci\u00f3n al certificado inicial.<\/span><\/strong><\/p>\n<p style=\"text-align: justify;\"><strong><span style=\"color: #000000;\">Par\u00e1grafo 2. Para efectos de la certificaci\u00f3n de que trata el presente art\u00edculo, el deudor podr\u00e1 comunicarle, previamente a la expedici\u00f3n de la certificaci\u00f3n y bajo la gravedad de juramento, a la entidad acreedora, que la obligaci\u00f3n derivada de la operaci\u00f3n de cr\u00e9dito celebrada no ha sido sustancialmente asumida parcial o totalmente por uno de sus vinculados econ\u00f3micos. La comunicaci\u00f3n de que trata este par\u00e1grafo no exonera a la entidad acreedora de hacer las verificaciones necesarias para garantizar la veracidad del contenido de la certificaci\u00f3n, el deber de emitir la certificaci\u00f3n ni la responsabilidad solidaria con el deudor y sanciones penales en los casos en que haya lugar.<\/span><\/strong><\/p>\n<p style=\"text-align: justify;\"><strong><span style=\"color: #000000;\">Par\u00e1grafo 3. En las operaciones de cr\u00e9dito celebradas con entidades acreedoras del exterior, la certificaci\u00f3n de que trata el par\u00e1grafo 1 del art\u00edculo 118-1 del Estatuto Tributario podr\u00e1 ser emitida en Colombia por la oficina de representaci\u00f3n en el pa\u00eds, siempre que tenga la facultad para suscribirla y cumpla con los requerimientos exigidos en el presente art\u00edculo.<\/span><\/strong><\/p>\n<p style=\"text-align: justify;\"><strong><span style=\"color: #000000;\">Par\u00e1grafo 4. En el caso de operaciones de cr\u00e9dito sindicadas, el deudor solicitar\u00e1 la certificaci\u00f3n de manera individual a cada una de&nbsp;las entidades acreedoras por la proporci\u00f3n de la operaci\u00f3n que le corresponda\u00bb.<\/span><\/strong><\/p>\n<p style=\"text-align: justify;\"><strong><span style=\"color: #000000;\">Art\u00edculo 2.- Vigencia. El presente decreto rige a partir de la fecha de su publicaci\u00f3n y sustituye los art\u00edculos &nbsp;1.2.1.18.61 , 1.2.1.18.62, 1.2.1.18.63 y 1.2.1.18.64 del Cap\u00edtulo 18 del T\u00edtulo 1 de la Parte 2 del Libro 1 del Decreto 1625 de 2016, \u00danico Reglamentario en Materia Tributaria.<\/span><\/strong><\/p>\n<p style=\"text-align: justify;\"><strong><span style=\"color: #000000;\">PUBL\u00cdQUESE Y C\u00daMPLASE<\/span><\/strong><\/p>\n<p style=\"text-align: justify;\"><strong><span style=\"color: #000000;\">Dado en Bogot\u00e1 D.C., a los 29 d\u00edas del mes de mayo de 2020<\/span><\/strong><\/p>\n<p><a href=\"https:\/\/dapre.presidencia.gov.co\/normativa\/normativa\/DECRETO%20761%20DEL%2029%20DE%20MAYO%20DE%202020.pdf\" target=\"_blank\" rel=\"noopener\"><strong><span style=\"color: #0000ff;\">Para descargar Decreto 761 de&nbsp; mayo 29 de 2020, dar click en este enlace<\/span><\/strong><\/a><\/p>\n","protected":false},"excerpt":{"rendered":"<p>MINISTERIO DE HACIENDA Y CR\u00c9DITO P\u00daBLICO DECRETO 761 MAYO 29 DE 2020 Por el cual se reglamenta el art\u00edculo 118-1 del Estatuto Tributario y se sustituyen los art\u00edculos 1.2.1.18.60., 1.2.1.18.61.,&#46;&#46;&#46;<\/p>\n","protected":false},"author":1,"featured_media":7150,"comment_status":"open","ping_status":"open","sticky":false,"template":"","format":"standard","meta":{"_monsterinsights_skip_tracking":false,"ngg_post_thumbnail":0,"footnotes":"","_links_to":"","_links_to_target":""},"categories":[454,458,1],"tags":[],"class_list":["post-12608","post","type-post","status-publish","format-standard","has-post-thumbnail","hentry","category-sin-categoria","category-ultimas","category-uncategorized"],"aioseo_notices":[],"aioseo_head":"\n\t\t<!-- All in One SEO 5.0.1.1 - aioseo.com -->\n\t<meta name=\"description\" content=\"MINISTERIO DE HACIENDA Y CR\u00c9DITO P\u00daBLICO DECRETO 761 MAYO 29 DE 2020 Por el cual se reglamenta el art\u00edculo 118-1 del Estatuto Tributario y se sustituyen los art\u00edculos 1.2.1.18.60., 1.2.1.18.61., 1.2.1.18.62., 1.2.1.18.63. Y 1.2.1.18.64. del Cap\u00edtulo 18 del T\u00edtulo 1 de la Parte 2 del Libro 1 del Decreto 1625 de 2016, \u00danico Reglamentario en\" \/>\n\t<meta name=\"robots\" content=\"max-image-preview:large\" \/>\n\t<meta name=\"author\" content=\"Miguel Antonio M\u00e1rquez Monta\u00f1ez\"\/>\n\t<link rel=\"canonical\" href=\"https:\/\/contadoreshoy.com\/?p=12608\" \/>\n\t<meta name=\"generator\" content=\"All in One SEO (AIOSEO) 5.0.1.1\" \/>\n\t\t<meta property=\"og:locale\" content=\"es_ES\" \/>\n\t\t<meta property=\"og:site_name\" content=\"Contadores P\u00fablicos - Portal para Contadores P\u00fablicos y empresarios\" \/>\n\t\t<meta property=\"og:type\" content=\"article\" \/>\n\t\t<meta property=\"og:title\" content=\"Decreto 761 mayo 29 de 2020 \u2013 Reglamentaci\u00f3n Subcapitalizaci\u00f3n \u2013 Intereses deducibles - Contadores P\u00fablicos\" \/>\n\t\t<meta property=\"og:description\" content=\"MINISTERIO DE HACIENDA Y CR\u00c9DITO P\u00daBLICO DECRETO 761 MAYO 29 DE 2020 Por el cual se reglamenta el art\u00edculo 118-1 del Estatuto Tributario y se sustituyen los art\u00edculos 1.2.1.18.60., 1.2.1.18.61., 1.2.1.18.62., 1.2.1.18.63. Y 1.2.1.18.64. del Cap\u00edtulo 18 del T\u00edtulo 1 de la Parte 2 del Libro 1 del Decreto 1625 de 2016, \u00danico Reglamentario en\" \/>\n\t\t<meta property=\"og:url\" content=\"https:\/\/contadoreshoy.com\/?p=12608\" \/>\n\t\t<meta property=\"og:image\" content=\"https:\/\/contadoreshoy.com\/wp-content\/uploads\/2024\/01\/cropped-cropped-cropped-Copia-de-M.jpg\" \/>\n\t\t<meta property=\"og:image:secure_url\" content=\"https:\/\/contadoreshoy.com\/wp-content\/uploads\/2024\/01\/cropped-cropped-cropped-Copia-de-M.jpg\" \/>\n\t\t<meta property=\"og:image:width\" content=\"512\" \/>\n\t\t<meta property=\"og:image:height\" content=\"371\" \/>\n\t\t<meta property=\"article:published_time\" content=\"2020-05-31T19:53:28+00:00\" \/>\n\t\t<meta property=\"article:modified_time\" content=\"2020-06-01T21:13:31+00:00\" \/>\n\t\t<meta name=\"twitter:card\" content=\"summary_large_image\" \/>\n\t\t<meta name=\"twitter:title\" content=\"Decreto 761 mayo 29 de 2020 \u2013 Reglamentaci\u00f3n Subcapitalizaci\u00f3n \u2013 Intereses deducibles - Contadores P\u00fablicos\" \/>\n\t\t<meta name=\"twitter:description\" content=\"MINISTERIO DE HACIENDA Y CR\u00c9DITO P\u00daBLICO DECRETO 761 MAYO 29 DE 2020 Por el cual se reglamenta el art\u00edculo 118-1 del Estatuto Tributario y se sustituyen los art\u00edculos 1.2.1.18.60., 1.2.1.18.61., 1.2.1.18.62., 1.2.1.18.63. Y 1.2.1.18.64. del Cap\u00edtulo 18 del T\u00edtulo 1 de la Parte 2 del Libro 1 del Decreto 1625 de 2016, \u00danico Reglamentario en\" \/>\n\t\t<meta name=\"twitter:image\" content=\"https:\/\/contadoreshoy.com\/wp-content\/uploads\/2024\/01\/cropped-cropped-cropped-Copia-de-M.jpg\" \/>\n\t\t<script type=\"application\/ld+json\" class=\"aioseo-schema\">\n\t\t\t{\"@context\":\"https:\\\/\\\/schema.org\",\"@graph\":[{\"@type\":\"BlogPosting\",\"@id\":\"https:\\\/\\\/contadoreshoy.com\\\/?p=12608#blogposting\",\"name\":\"Decreto 761 mayo 29 de 2020 \\u2013 Reglamentaci\\u00f3n Subcapitalizaci\\u00f3n \\u2013 Intereses deducibles - Contadores P\\u00fablicos\",\"headline\":\"Decreto 761 mayo 29 de 2020 &#8211; Reglamentaci\\u00f3n Subcapitalizaci\\u00f3n &#8211; Intereses deducibles\",\"author\":{\"@id\":\"https:\\\/\\\/contadoreshoy.com\\\/?author=1#author\"},\"publisher\":{\"@id\":\"https:\\\/\\\/contadoreshoy.com\\\/#organization\"},\"image\":{\"@type\":\"ImageObject\",\"url\":\"https:\\\/\\\/contadoreshoy.com\\\/wp-content\\\/uploads\\\/2016\\\/04\\\/Porcentaje.jpg\",\"width\":600,\"height\":400},\"datePublished\":\"2020-05-31T14:53:28-05:00\",\"dateModified\":\"2020-06-01T16:13:31-05:00\",\"inLanguage\":\"es-ES\",\"mainEntityOfPage\":{\"@id\":\"https:\\\/\\\/contadoreshoy.com\\\/?p=12608#webpage\"},\"isPartOf\":{\"@id\":\"https:\\\/\\\/contadoreshoy.com\\\/?p=12608#webpage\"},\"articleSection\":\"Sin categor\\u00eda, Ultimas Noticias, Uncategorized\"},{\"@type\":\"BreadcrumbList\",\"@id\":\"https:\\\/\\\/contadoreshoy.com\\\/?p=12608#breadcrumblist\",\"itemListElement\":[{\"@type\":\"ListItem\",\"@id\":\"https:\\\/\\\/contadoreshoy.com#listItem\",\"position\":1,\"name\":\"Home\",\"item\":\"https:\\\/\\\/contadoreshoy.com\",\"nextItem\":{\"@type\":\"ListItem\",\"@id\":\"https:\\\/\\\/contadoreshoy.com\\\/?cat=1#listItem\",\"name\":\"Uncategorized\"}},{\"@type\":\"ListItem\",\"@id\":\"https:\\\/\\\/contadoreshoy.com\\\/?cat=1#listItem\",\"position\":2,\"name\":\"Uncategorized\",\"item\":\"https:\\\/\\\/contadoreshoy.com\\\/?cat=1\",\"nextItem\":{\"@type\":\"ListItem\",\"@id\":\"https:\\\/\\\/contadoreshoy.com\\\/?p=12608#listItem\",\"name\":\"Decreto 761 mayo 29 de 2020 &#8211; Reglamentaci\\u00f3n Subcapitalizaci\\u00f3n &#8211; Intereses deducibles\"},\"previousItem\":{\"@type\":\"ListItem\",\"@id\":\"https:\\\/\\\/contadoreshoy.com#listItem\",\"name\":\"Home\"}},{\"@type\":\"ListItem\",\"@id\":\"https:\\\/\\\/contadoreshoy.com\\\/?p=12608#listItem\",\"position\":3,\"name\":\"Decreto 761 mayo 29 de 2020 &#8211; Reglamentaci\\u00f3n Subcapitalizaci\\u00f3n &#8211; Intereses deducibles\",\"previousItem\":{\"@type\":\"ListItem\",\"@id\":\"https:\\\/\\\/contadoreshoy.com\\\/?cat=1#listItem\",\"name\":\"Uncategorized\"}}]},{\"@type\":\"Organization\",\"@id\":\"https:\\\/\\\/contadoreshoy.com\\\/#organization\",\"name\":\"Contadores P\\u00fablicos\",\"description\":\"Portal para Contadores P\\u00fablicos y empresarios\",\"url\":\"https:\\\/\\\/contadoreshoy.com\\\/\",\"logo\":{\"@type\":\"ImageObject\",\"url\":\"https:\\\/\\\/contadoreshoy.com\\\/wp-content\\\/uploads\\\/2024\\\/01\\\/cropped-cropped-Copia-de-M-1.jpg\",\"@id\":\"https:\\\/\\\/contadoreshoy.com\\\/?p=12608\\\/#organizationLogo\",\"width\":499,\"height\":500},\"image\":{\"@id\":\"https:\\\/\\\/contadoreshoy.com\\\/?p=12608\\\/#organizationLogo\"}},{\"@type\":\"Person\",\"@id\":\"https:\\\/\\\/contadoreshoy.com\\\/?author=1#author\",\"url\":\"https:\\\/\\\/contadoreshoy.com\\\/?author=1\",\"name\":\"Miguel Antonio M\\u00e1rquez Monta\\u00f1ez\"},{\"@type\":\"WebPage\",\"@id\":\"https:\\\/\\\/contadoreshoy.com\\\/?p=12608#webpage\",\"url\":\"https:\\\/\\\/contadoreshoy.com\\\/?p=12608\",\"name\":\"Decreto 761 mayo 29 de 2020 \\u2013 Reglamentaci\\u00f3n Subcapitalizaci\\u00f3n \\u2013 Intereses deducibles - Contadores P\\u00fablicos\",\"description\":\"MINISTERIO DE HACIENDA Y CR\\u00c9DITO P\\u00daBLICO DECRETO 761 MAYO 29 DE 2020 Por el cual se reglamenta el art\\u00edculo 118-1 del Estatuto Tributario y se sustituyen los art\\u00edculos 1.2.1.18.60., 1.2.1.18.61., 1.2.1.18.62., 1.2.1.18.63. Y 1.2.1.18.64. del Cap\\u00edtulo 18 del T\\u00edtulo 1 de la Parte 2 del Libro 1 del Decreto 1625 de 2016, \\u00danico Reglamentario en\",\"inLanguage\":\"es-ES\",\"isPartOf\":{\"@id\":\"https:\\\/\\\/contadoreshoy.com\\\/#website\"},\"breadcrumb\":{\"@id\":\"https:\\\/\\\/contadoreshoy.com\\\/?p=12608#breadcrumblist\"},\"author\":{\"@id\":\"https:\\\/\\\/contadoreshoy.com\\\/?author=1#author\"},\"creator\":{\"@id\":\"https:\\\/\\\/contadoreshoy.com\\\/?author=1#author\"},\"image\":{\"@type\":\"ImageObject\",\"url\":\"https:\\\/\\\/contadoreshoy.com\\\/wp-content\\\/uploads\\\/2016\\\/04\\\/Porcentaje.jpg\",\"@id\":\"https:\\\/\\\/contadoreshoy.com\\\/?p=12608\\\/#mainImage\",\"width\":600,\"height\":400},\"primaryImageOfPage\":{\"@id\":\"https:\\\/\\\/contadoreshoy.com\\\/?p=12608#mainImage\"},\"datePublished\":\"2020-05-31T14:53:28-05:00\",\"dateModified\":\"2020-06-01T16:13:31-05:00\"},{\"@type\":\"WebSite\",\"@id\":\"https:\\\/\\\/contadoreshoy.com\\\/#website\",\"url\":\"https:\\\/\\\/contadoreshoy.com\\\/\",\"name\":\"Contadores P\\u00fablicos\",\"description\":\"Portal para Contadores P\\u00fablicos y empresarios\",\"inLanguage\":\"es-ES\",\"publisher\":{\"@id\":\"https:\\\/\\\/contadoreshoy.com\\\/#organization\"}}]}\n\t\t<\/script>\n\t\t<!-- All in One SEO -->\n\n","aioseo_head_json":{"title":"Decreto 761 mayo 29 de 2020 \u2013 Reglamentaci\u00f3n Subcapitalizaci\u00f3n \u2013 Intereses deducibles - Contadores P\u00fablicos","description":"MINISTERIO DE HACIENDA Y CR\u00c9DITO P\u00daBLICO DECRETO 761 MAYO 29 DE 2020 Por el cual se reglamenta el art\u00edculo 118-1 del Estatuto Tributario y se sustituyen los art\u00edculos 1.2.1.18.60., 1.2.1.18.61., 1.2.1.18.62., 1.2.1.18.63. Y 1.2.1.18.64. del Cap\u00edtulo 18 del T\u00edtulo 1 de la Parte 2 del Libro 1 del Decreto 1625 de 2016, \u00danico Reglamentario en","canonical_url":"https:\/\/contadoreshoy.com\/?p=12608","robots":"max-image-preview:large","keywords":"","webmasterTools":{"miscellaneous":""},"schema":{"@context":"https:\/\/schema.org","@graph":[{"@type":"BlogPosting","@id":"https:\/\/contadoreshoy.com\/?p=12608#blogposting","name":"Decreto 761 mayo 29 de 2020 \u2013 Reglamentaci\u00f3n Subcapitalizaci\u00f3n \u2013 Intereses deducibles - Contadores P\u00fablicos","headline":"Decreto 761 mayo 29 de 2020 &#8211; Reglamentaci\u00f3n Subcapitalizaci\u00f3n &#8211; Intereses deducibles","author":{"@id":"https:\/\/contadoreshoy.com\/?author=1#author"},"publisher":{"@id":"https:\/\/contadoreshoy.com\/#organization"},"image":{"@type":"ImageObject","url":"https:\/\/contadoreshoy.com\/wp-content\/uploads\/2016\/04\/Porcentaje.jpg","width":600,"height":400},"datePublished":"2020-05-31T14:53:28-05:00","dateModified":"2020-06-01T16:13:31-05:00","inLanguage":"es-ES","mainEntityOfPage":{"@id":"https:\/\/contadoreshoy.com\/?p=12608#webpage"},"isPartOf":{"@id":"https:\/\/contadoreshoy.com\/?p=12608#webpage"},"articleSection":"Sin categor\u00eda, Ultimas Noticias, Uncategorized"},{"@type":"BreadcrumbList","@id":"https:\/\/contadoreshoy.com\/?p=12608#breadcrumblist","itemListElement":[{"@type":"ListItem","@id":"https:\/\/contadoreshoy.com#listItem","position":1,"name":"Home","item":"https:\/\/contadoreshoy.com","nextItem":{"@type":"ListItem","@id":"https:\/\/contadoreshoy.com\/?cat=1#listItem","name":"Uncategorized"}},{"@type":"ListItem","@id":"https:\/\/contadoreshoy.com\/?cat=1#listItem","position":2,"name":"Uncategorized","item":"https:\/\/contadoreshoy.com\/?cat=1","nextItem":{"@type":"ListItem","@id":"https:\/\/contadoreshoy.com\/?p=12608#listItem","name":"Decreto 761 mayo 29 de 2020 &#8211; Reglamentaci\u00f3n Subcapitalizaci\u00f3n &#8211; Intereses deducibles"},"previousItem":{"@type":"ListItem","@id":"https:\/\/contadoreshoy.com#listItem","name":"Home"}},{"@type":"ListItem","@id":"https:\/\/contadoreshoy.com\/?p=12608#listItem","position":3,"name":"Decreto 761 mayo 29 de 2020 &#8211; Reglamentaci\u00f3n Subcapitalizaci\u00f3n &#8211; Intereses deducibles","previousItem":{"@type":"ListItem","@id":"https:\/\/contadoreshoy.com\/?cat=1#listItem","name":"Uncategorized"}}]},{"@type":"Organization","@id":"https:\/\/contadoreshoy.com\/#organization","name":"Contadores P\u00fablicos","description":"Portal para Contadores P\u00fablicos y empresarios","url":"https:\/\/contadoreshoy.com\/","logo":{"@type":"ImageObject","url":"https:\/\/contadoreshoy.com\/wp-content\/uploads\/2024\/01\/cropped-cropped-Copia-de-M-1.jpg","@id":"https:\/\/contadoreshoy.com\/?p=12608\/#organizationLogo","width":499,"height":500},"image":{"@id":"https:\/\/contadoreshoy.com\/?p=12608\/#organizationLogo"}},{"@type":"Person","@id":"https:\/\/contadoreshoy.com\/?author=1#author","url":"https:\/\/contadoreshoy.com\/?author=1","name":"Miguel Antonio M\u00e1rquez Monta\u00f1ez"},{"@type":"WebPage","@id":"https:\/\/contadoreshoy.com\/?p=12608#webpage","url":"https:\/\/contadoreshoy.com\/?p=12608","name":"Decreto 761 mayo 29 de 2020 \u2013 Reglamentaci\u00f3n Subcapitalizaci\u00f3n \u2013 Intereses deducibles - Contadores P\u00fablicos","description":"MINISTERIO DE HACIENDA Y CR\u00c9DITO P\u00daBLICO DECRETO 761 MAYO 29 DE 2020 Por el cual se reglamenta el art\u00edculo 118-1 del Estatuto Tributario y se sustituyen los art\u00edculos 1.2.1.18.60., 1.2.1.18.61., 1.2.1.18.62., 1.2.1.18.63. Y 1.2.1.18.64. del Cap\u00edtulo 18 del T\u00edtulo 1 de la Parte 2 del Libro 1 del Decreto 1625 de 2016, \u00danico Reglamentario en","inLanguage":"es-ES","isPartOf":{"@id":"https:\/\/contadoreshoy.com\/#website"},"breadcrumb":{"@id":"https:\/\/contadoreshoy.com\/?p=12608#breadcrumblist"},"author":{"@id":"https:\/\/contadoreshoy.com\/?author=1#author"},"creator":{"@id":"https:\/\/contadoreshoy.com\/?author=1#author"},"image":{"@type":"ImageObject","url":"https:\/\/contadoreshoy.com\/wp-content\/uploads\/2016\/04\/Porcentaje.jpg","@id":"https:\/\/contadoreshoy.com\/?p=12608\/#mainImage","width":600,"height":400},"primaryImageOfPage":{"@id":"https:\/\/contadoreshoy.com\/?p=12608#mainImage"},"datePublished":"2020-05-31T14:53:28-05:00","dateModified":"2020-06-01T16:13:31-05:00"},{"@type":"WebSite","@id":"https:\/\/contadoreshoy.com\/#website","url":"https:\/\/contadoreshoy.com\/","name":"Contadores P\u00fablicos","description":"Portal para Contadores P\u00fablicos y empresarios","inLanguage":"es-ES","publisher":{"@id":"https:\/\/contadoreshoy.com\/#organization"}}]},"og:locale":"es_ES","og:site_name":"Contadores P\u00fablicos - Portal para Contadores P\u00fablicos y empresarios","og:type":"article","og:title":"Decreto 761 mayo 29 de 2020 \u2013 Reglamentaci\u00f3n Subcapitalizaci\u00f3n \u2013 Intereses deducibles - Contadores P\u00fablicos","og:description":"MINISTERIO DE HACIENDA Y CR\u00c9DITO P\u00daBLICO DECRETO 761 MAYO 29 DE 2020 Por el cual se reglamenta el art\u00edculo 118-1 del Estatuto Tributario y se sustituyen los art\u00edculos 1.2.1.18.60., 1.2.1.18.61., 1.2.1.18.62., 1.2.1.18.63. Y 1.2.1.18.64. del Cap\u00edtulo 18 del T\u00edtulo 1 de la Parte 2 del Libro 1 del Decreto 1625 de 2016, \u00danico Reglamentario en","og:url":"https:\/\/contadoreshoy.com\/?p=12608","og:image":"https:\/\/contadoreshoy.com\/wp-content\/uploads\/2024\/01\/cropped-cropped-cropped-Copia-de-M.jpg","og:image:secure_url":"https:\/\/contadoreshoy.com\/wp-content\/uploads\/2024\/01\/cropped-cropped-cropped-Copia-de-M.jpg","og:image:width":512,"og:image:height":371,"article:published_time":"2020-05-31T19:53:28+00:00","article:modified_time":"2020-06-01T21:13:31+00:00","twitter:card":"summary_large_image","twitter:title":"Decreto 761 mayo 29 de 2020 \u2013 Reglamentaci\u00f3n Subcapitalizaci\u00f3n \u2013 Intereses deducibles - Contadores P\u00fablicos","twitter:description":"MINISTERIO DE HACIENDA Y CR\u00c9DITO P\u00daBLICO DECRETO 761 MAYO 29 DE 2020 Por el cual se reglamenta el art\u00edculo 118-1 del Estatuto Tributario y se sustituyen los art\u00edculos 1.2.1.18.60., 1.2.1.18.61., 1.2.1.18.62., 1.2.1.18.63. Y 1.2.1.18.64. del Cap\u00edtulo 18 del T\u00edtulo 1 de la Parte 2 del Libro 1 del Decreto 1625 de 2016, \u00danico Reglamentario en","twitter:image":"https:\/\/contadoreshoy.com\/wp-content\/uploads\/2024\/01\/cropped-cropped-cropped-Copia-de-M.jpg"},"aioseo_meta_data":{"post_id":"12608","title":null,"description":null,"keywords":null,"keyphrases":null,"primary_term":null,"canonical_url":null,"og_title":null,"og_description":null,"og_object_type":"default","og_image_type":"default","og_image_url":null,"og_image_width":null,"og_image_height":null,"og_image_custom_url":null,"og_image_custom_fields":null,"og_video":null,"og_custom_url":null,"og_article_section":null,"og_article_tags":null,"twitter_use_og":false,"twitter_card":"default","twitter_image_type":"default","twitter_image_url":null,"twitter_image_custom_url":null,"twitter_image_custom_fields":null,"twitter_title":null,"twitter_description":null,"schema":{"blockGraphs":[],"customGraphs":[],"default":{"data":{"Article":[],"Course":[],"Dataset":[],"FAQPage":[],"Movie":[],"Person":[],"Product":[],"ProductReview":[],"Car":[],"Recipe":[],"Service":[],"SoftwareApplication":[],"WebPage":[]},"graphName":"","isEnabled":true},"graphs":[]},"schema_type":"default","schema_type_options":null,"pillar_content":false,"robots_default":true,"robots_noindex":false,"robots_noarchive":false,"robots_nosnippet":false,"robots_nofollow":false,"robots_noimageindex":false,"robots_noodp":false,"robots_notranslate":false,"robots_max_snippet":null,"robots_max_videopreview":null,"robots_max_imagepreview":"large","priority":null,"frequency":null,"local_seo":null,"breadcrumb_settings":null,"limit_modified_date":false,"ai":null,"created":"2024-03-05 02:18:30","updated":"2026-03-03 05:26:41","seo_analyzer_scan_date":null,"focus_keyword":null,"additional_keywords":null,"truseo_locale":null},"aioseo_breadcrumb":"<div class=\"aioseo-breadcrumbs\"><span class=\"aioseo-breadcrumb\">\n\t\t\t<a href=\"https:\/\/contadoreshoy.com\" title=\"Home\">Home<\/a>\n\t\t<\/span><span class=\"aioseo-breadcrumb-separator\">&raquo;<\/span><span class=\"aioseo-breadcrumb\">\n\t\t\t<a href=\"https:\/\/contadoreshoy.com\/?cat=1\" title=\"Uncategorized\">Uncategorized<\/a>\n\t\t<\/span><span class=\"aioseo-breadcrumb-separator\">&raquo;<\/span><span class=\"aioseo-breadcrumb\">\n\t\t\tDecreto 761 mayo 29 de 2020 \u2013 Reglamentaci\u00f3n Subcapitalizaci\u00f3n \u2013 Intereses deducibles\n\t\t<\/span><\/div>","aioseo_breadcrumb_json":[{"label":"Home","link":"https:\/\/contadoreshoy.com"},{"label":"Uncategorized","link":"https:\/\/contadoreshoy.com\/?cat=1"},{"label":"Decreto 761 mayo 29 de 2020 &#8211; Reglamentaci\u00f3n Subcapitalizaci\u00f3n &#8211; Intereses deducibles","link":"https:\/\/contadoreshoy.com\/?p=12608"}],"yoast_head":"<!-- This site is optimized with the Yoast SEO plugin v28.4 - https:\/\/yoast.com\/product\/yoast-seo-wordpress\/ -->\n<title>Decreto 761 mayo 29 de 2020 - Reglamentaci\u00f3n Subcapitalizaci\u00f3n - Intereses deducibles - Contadores P\u00fablicos<\/title>\n<meta name=\"robots\" content=\"index, follow, max-snippet:-1, max-image-preview:large, max-video-preview:-1\" \/>\n<link rel=\"canonical\" href=\"https:\/\/contadoreshoy.com\/?p=12608\" \/>\n<meta property=\"og:locale\" content=\"es_ES\" \/>\n<meta property=\"og:type\" content=\"article\" \/>\n<meta property=\"og:title\" content=\"Decreto 761 mayo 29 de 2020 - Reglamentaci\u00f3n Subcapitalizaci\u00f3n - Intereses deducibles - Contadores P\u00fablicos\" \/>\n<meta property=\"og:description\" content=\"MINISTERIO DE HACIENDA Y CR\u00c9DITO P\u00daBLICO DECRETO 761 MAYO 29 DE 2020 Por el cual se reglamenta el art\u00edculo 118-1 del Estatuto Tributario y se sustituyen los art\u00edculos 1.2.1.18.60., 1.2.1.18.61.,&#046;&#046;&#046;\" \/>\n<meta property=\"og:url\" content=\"https:\/\/contadoreshoy.com\/?p=12608\" \/>\n<meta property=\"og:site_name\" content=\"Contadores P\u00fablicos\" \/>\n<meta property=\"article:publisher\" content=\"https:\/\/www.facebook.com\/CCCPBucaramanga\/\" \/>\n<meta property=\"article:published_time\" content=\"2020-05-31T19:53:28+00:00\" \/>\n<meta property=\"article:modified_time\" content=\"2020-06-01T21:13:31+00:00\" \/>\n<meta property=\"og:image\" content=\"https:\/\/contadoreshoy.com\/wp-content\/uploads\/2016\/04\/Porcentaje.jpg\" \/>\n\t<meta property=\"og:image:width\" content=\"600\" \/>\n\t<meta property=\"og:image:height\" content=\"400\" \/>\n\t<meta property=\"og:image:type\" content=\"image\/jpeg\" \/>\n<meta name=\"author\" content=\"Miguel Antonio M\u00e1rquez Monta\u00f1ez\" \/>\n<meta name=\"twitter:card\" content=\"summary_large_image\" \/>\n<meta name=\"twitter:label1\" content=\"Escrito por\" \/>\n\t<meta name=\"twitter:data1\" content=\"Miguel Antonio M\u00e1rquez Monta\u00f1ez\" \/>\n\t<meta name=\"twitter:label2\" content=\"Tiempo de lectura\" \/>\n\t<meta name=\"twitter:data2\" content=\"11 minutos\" \/>\n<script type=\"application\/ld+json\" class=\"yoast-schema-graph\">{\"@context\":\"https:\\\/\\\/schema.org\",\"@graph\":[{\"@type\":\"Article\",\"@id\":\"https:\\\/\\\/contadoreshoy.com\\\/?p=12608#article\",\"isPartOf\":{\"@id\":\"https:\\\/\\\/contadoreshoy.com\\\/?p=12608\"},\"author\":{\"name\":\"Miguel Antonio M\u00e1rquez Monta\u00f1ez\",\"@id\":\"https:\\\/\\\/contadoreshoy.com\\\/#\\\/schema\\\/person\\\/96d8979cb865537c5dc9345e40089fc5\"},\"headline\":\"Decreto 761 mayo 29 de 2020 &#8211; Reglamentaci\u00f3n Subcapitalizaci\u00f3n &#8211; Intereses deducibles\",\"datePublished\":\"2020-05-31T19:53:28+00:00\",\"dateModified\":\"2020-06-01T21:13:31+00:00\",\"mainEntityOfPage\":{\"@id\":\"https:\\\/\\\/contadoreshoy.com\\\/?p=12608\"},\"wordCount\":2208,\"commentCount\":0,\"publisher\":{\"@id\":\"https:\\\/\\\/contadoreshoy.com\\\/#organization\"},\"image\":{\"@id\":\"https:\\\/\\\/contadoreshoy.com\\\/?p=12608#primaryimage\"},\"thumbnailUrl\":\"https:\\\/\\\/contadoreshoy.com\\\/wp-content\\\/uploads\\\/2016\\\/04\\\/Porcentaje.jpg\",\"articleSection\":{\"1\":\"Ultimas Noticias\",\"2\":\"Uncategorized\"},\"inLanguage\":\"es\",\"potentialAction\":[{\"@type\":\"CommentAction\",\"name\":\"Comment\",\"target\":[\"https:\\\/\\\/contadoreshoy.com\\\/?p=12608#respond\"]}]},{\"@type\":\"WebPage\",\"@id\":\"https:\\\/\\\/contadoreshoy.com\\\/?p=12608\",\"url\":\"https:\\\/\\\/contadoreshoy.com\\\/?p=12608\",\"name\":\"Decreto 761 mayo 29 de 2020 - Reglamentaci\u00f3n Subcapitalizaci\u00f3n - Intereses deducibles - Contadores P\u00fablicos\",\"isPartOf\":{\"@id\":\"https:\\\/\\\/contadoreshoy.com\\\/#website\"},\"primaryImageOfPage\":{\"@id\":\"https:\\\/\\\/contadoreshoy.com\\\/?p=12608#primaryimage\"},\"image\":{\"@id\":\"https:\\\/\\\/contadoreshoy.com\\\/?p=12608#primaryimage\"},\"thumbnailUrl\":\"https:\\\/\\\/contadoreshoy.com\\\/wp-content\\\/uploads\\\/2016\\\/04\\\/Porcentaje.jpg\",\"datePublished\":\"2020-05-31T19:53:28+00:00\",\"dateModified\":\"2020-06-01T21:13:31+00:00\",\"breadcrumb\":{\"@id\":\"https:\\\/\\\/contadoreshoy.com\\\/?p=12608#breadcrumb\"},\"inLanguage\":\"es\",\"potentialAction\":[{\"@type\":\"ReadAction\",\"target\":[\"https:\\\/\\\/contadoreshoy.com\\\/?p=12608\"]}]},{\"@type\":\"ImageObject\",\"inLanguage\":\"es\",\"@id\":\"https:\\\/\\\/contadoreshoy.com\\\/?p=12608#primaryimage\",\"url\":\"https:\\\/\\\/contadoreshoy.com\\\/wp-content\\\/uploads\\\/2016\\\/04\\\/Porcentaje.jpg\",\"contentUrl\":\"https:\\\/\\\/contadoreshoy.com\\\/wp-content\\\/uploads\\\/2016\\\/04\\\/Porcentaje.jpg\",\"width\":600,\"height\":400},{\"@type\":\"BreadcrumbList\",\"@id\":\"https:\\\/\\\/contadoreshoy.com\\\/?p=12608#breadcrumb\",\"itemListElement\":[{\"@type\":\"ListItem\",\"position\":1,\"name\":\"Portada\",\"item\":\"https:\\\/\\\/contadoreshoy.com\\\/\"},{\"@type\":\"ListItem\",\"position\":2,\"name\":\"Decreto 761 mayo 29 de 2020 &#8211; Reglamentaci\u00f3n Subcapitalizaci\u00f3n &#8211; Intereses deducibles\"}]},{\"@type\":\"WebSite\",\"@id\":\"https:\\\/\\\/contadoreshoy.com\\\/#website\",\"url\":\"https:\\\/\\\/contadoreshoy.com\\\/\",\"name\":\"Contadorespublicossantander\",\"description\":\"Portal para Contadores P\u00fablicos y empresarios\",\"publisher\":{\"@id\":\"https:\\\/\\\/contadoreshoy.com\\\/#organization\"},\"potentialAction\":[{\"@type\":\"SearchAction\",\"target\":{\"@type\":\"EntryPoint\",\"urlTemplate\":\"https:\\\/\\\/contadoreshoy.com\\\/?s={search_term_string}\"},\"query-input\":{\"@type\":\"PropertyValueSpecification\",\"valueRequired\":true,\"valueName\":\"search_term_string\"}}],\"inLanguage\":\"es\"},{\"@type\":\"Organization\",\"@id\":\"https:\\\/\\\/contadoreshoy.com\\\/#organization\",\"name\":\"Contadores P\u00fablicos de Santander\",\"url\":\"https:\\\/\\\/contadoreshoy.com\\\/\",\"logo\":{\"@type\":\"ImageObject\",\"inLanguage\":\"es\",\"@id\":\"https:\\\/\\\/contadoreshoy.com\\\/#\\\/schema\\\/logo\\\/image\\\/\",\"url\":\"https:\\\/\\\/contadoreshoy.com\\\/wp-content\\\/uploads\\\/2024\\\/01\\\/cropped-cropped-Copia-de-M-1.jpg\",\"contentUrl\":\"https:\\\/\\\/contadoreshoy.com\\\/wp-content\\\/uploads\\\/2024\\\/01\\\/cropped-cropped-Copia-de-M-1.jpg\",\"width\":499,\"height\":500,\"caption\":\"Contadores P\u00fablicos de Santander\"},\"image\":{\"@id\":\"https:\\\/\\\/contadoreshoy.com\\\/#\\\/schema\\\/logo\\\/image\\\/\"},\"sameAs\":[\"https:\\\/\\\/www.facebook.com\\\/CCCPBucaramanga\\\/\"]},{\"@type\":\"Person\",\"@id\":\"https:\\\/\\\/contadoreshoy.com\\\/#\\\/schema\\\/person\\\/96d8979cb865537c5dc9345e40089fc5\",\"name\":\"Miguel Antonio M\u00e1rquez Monta\u00f1ez\",\"description\":\"Contador P\u00fablico egresado de la Universidad Aut\u00f3noma de Bucaramanga - Asesor contable tributario con m\u00e1s de 25 a\u00f1os de experiencia - Conferencista en temas contables y tributarios - T\u00e9cnico en Hardware y Dise\u00f1o Web - Creador y director Grupo de Estudio Colegio Colombiano de Contadores P\u00fablicos de Bucaramanga - Creador y Master Web p\u00e1gina www.contadoresp\u00fablicossantander.com - Expresidente Colegio Colombiano de Contadores P\u00fablicos Bucaramanga\",\"url\":\"https:\\\/\\\/contadoreshoy.com\\\/?author=1\"}]}<\/script>\n<!-- \/ Yoast SEO plugin. -->","yoast_head_json":{"title":"Decreto 761 mayo 29 de 2020 - Reglamentaci\u00f3n Subcapitalizaci\u00f3n - Intereses deducibles - Contadores P\u00fablicos","robots":{"index":"index","follow":"follow","max-snippet":"max-snippet:-1","max-image-preview":"max-image-preview:large","max-video-preview":"max-video-preview:-1"},"canonical":"https:\/\/contadoreshoy.com\/?p=12608","og_locale":"es_ES","og_type":"article","og_title":"Decreto 761 mayo 29 de 2020 - Reglamentaci\u00f3n Subcapitalizaci\u00f3n - Intereses deducibles - Contadores P\u00fablicos","og_description":"MINISTERIO DE HACIENDA Y CR\u00c9DITO P\u00daBLICO DECRETO 761 MAYO 29 DE 2020 Por el cual se reglamenta el art\u00edculo 118-1 del Estatuto Tributario y se sustituyen los art\u00edculos 1.2.1.18.60., 1.2.1.18.61.,&#46;&#46;&#46;","og_url":"https:\/\/contadoreshoy.com\/?p=12608","og_site_name":"Contadores P\u00fablicos","article_publisher":"https:\/\/www.facebook.com\/CCCPBucaramanga\/","article_published_time":"2020-05-31T19:53:28+00:00","article_modified_time":"2020-06-01T21:13:31+00:00","og_image":[{"width":600,"height":400,"url":"https:\/\/contadoreshoy.com\/wp-content\/uploads\/2016\/04\/Porcentaje.jpg","type":"image\/jpeg"}],"author":"Miguel Antonio M\u00e1rquez Monta\u00f1ez","twitter_card":"summary_large_image","twitter_misc":{"Escrito por":"Miguel Antonio M\u00e1rquez Monta\u00f1ez","Tiempo de lectura":"11 minutos"},"schema":{"@context":"https:\/\/schema.org","@graph":[{"@type":"Article","@id":"https:\/\/contadoreshoy.com\/?p=12608#article","isPartOf":{"@id":"https:\/\/contadoreshoy.com\/?p=12608"},"author":{"name":"Miguel Antonio M\u00e1rquez Monta\u00f1ez","@id":"https:\/\/contadoreshoy.com\/#\/schema\/person\/96d8979cb865537c5dc9345e40089fc5"},"headline":"Decreto 761 mayo 29 de 2020 &#8211; Reglamentaci\u00f3n Subcapitalizaci\u00f3n &#8211; Intereses deducibles","datePublished":"2020-05-31T19:53:28+00:00","dateModified":"2020-06-01T21:13:31+00:00","mainEntityOfPage":{"@id":"https:\/\/contadoreshoy.com\/?p=12608"},"wordCount":2208,"commentCount":0,"publisher":{"@id":"https:\/\/contadoreshoy.com\/#organization"},"image":{"@id":"https:\/\/contadoreshoy.com\/?p=12608#primaryimage"},"thumbnailUrl":"https:\/\/contadoreshoy.com\/wp-content\/uploads\/2016\/04\/Porcentaje.jpg","articleSection":{"1":"Ultimas Noticias","2":"Uncategorized"},"inLanguage":"es","potentialAction":[{"@type":"CommentAction","name":"Comment","target":["https:\/\/contadoreshoy.com\/?p=12608#respond"]}]},{"@type":"WebPage","@id":"https:\/\/contadoreshoy.com\/?p=12608","url":"https:\/\/contadoreshoy.com\/?p=12608","name":"Decreto 761 mayo 29 de 2020 - Reglamentaci\u00f3n Subcapitalizaci\u00f3n - Intereses deducibles - Contadores P\u00fablicos","isPartOf":{"@id":"https:\/\/contadoreshoy.com\/#website"},"primaryImageOfPage":{"@id":"https:\/\/contadoreshoy.com\/?p=12608#primaryimage"},"image":{"@id":"https:\/\/contadoreshoy.com\/?p=12608#primaryimage"},"thumbnailUrl":"https:\/\/contadoreshoy.com\/wp-content\/uploads\/2016\/04\/Porcentaje.jpg","datePublished":"2020-05-31T19:53:28+00:00","dateModified":"2020-06-01T21:13:31+00:00","breadcrumb":{"@id":"https:\/\/contadoreshoy.com\/?p=12608#breadcrumb"},"inLanguage":"es","potentialAction":[{"@type":"ReadAction","target":["https:\/\/contadoreshoy.com\/?p=12608"]}]},{"@type":"ImageObject","inLanguage":"es","@id":"https:\/\/contadoreshoy.com\/?p=12608#primaryimage","url":"https:\/\/contadoreshoy.com\/wp-content\/uploads\/2016\/04\/Porcentaje.jpg","contentUrl":"https:\/\/contadoreshoy.com\/wp-content\/uploads\/2016\/04\/Porcentaje.jpg","width":600,"height":400},{"@type":"BreadcrumbList","@id":"https:\/\/contadoreshoy.com\/?p=12608#breadcrumb","itemListElement":[{"@type":"ListItem","position":1,"name":"Portada","item":"https:\/\/contadoreshoy.com\/"},{"@type":"ListItem","position":2,"name":"Decreto 761 mayo 29 de 2020 &#8211; Reglamentaci\u00f3n Subcapitalizaci\u00f3n &#8211; Intereses deducibles"}]},{"@type":"WebSite","@id":"https:\/\/contadoreshoy.com\/#website","url":"https:\/\/contadoreshoy.com\/","name":"Contadorespublicossantander","description":"Portal para Contadores P\u00fablicos y empresarios","publisher":{"@id":"https:\/\/contadoreshoy.com\/#organization"},"potentialAction":[{"@type":"SearchAction","target":{"@type":"EntryPoint","urlTemplate":"https:\/\/contadoreshoy.com\/?s={search_term_string}"},"query-input":{"@type":"PropertyValueSpecification","valueRequired":true,"valueName":"search_term_string"}}],"inLanguage":"es"},{"@type":"Organization","@id":"https:\/\/contadoreshoy.com\/#organization","name":"Contadores P\u00fablicos de Santander","url":"https:\/\/contadoreshoy.com\/","logo":{"@type":"ImageObject","inLanguage":"es","@id":"https:\/\/contadoreshoy.com\/#\/schema\/logo\/image\/","url":"https:\/\/contadoreshoy.com\/wp-content\/uploads\/2024\/01\/cropped-cropped-Copia-de-M-1.jpg","contentUrl":"https:\/\/contadoreshoy.com\/wp-content\/uploads\/2024\/01\/cropped-cropped-Copia-de-M-1.jpg","width":499,"height":500,"caption":"Contadores P\u00fablicos de Santander"},"image":{"@id":"https:\/\/contadoreshoy.com\/#\/schema\/logo\/image\/"},"sameAs":["https:\/\/www.facebook.com\/CCCPBucaramanga\/"]},{"@type":"Person","@id":"https:\/\/contadoreshoy.com\/#\/schema\/person\/96d8979cb865537c5dc9345e40089fc5","name":"Miguel Antonio M\u00e1rquez Monta\u00f1ez","description":"Contador P\u00fablico egresado de la Universidad Aut\u00f3noma de Bucaramanga - Asesor contable tributario con m\u00e1s de 25 a\u00f1os de experiencia - Conferencista en temas contables y tributarios - T\u00e9cnico en Hardware y Dise\u00f1o Web - Creador y director Grupo de Estudio Colegio Colombiano de Contadores P\u00fablicos de Bucaramanga - Creador y Master Web p\u00e1gina www.contadoresp\u00fablicossantander.com - Expresidente Colegio Colombiano de Contadores P\u00fablicos Bucaramanga","url":"https:\/\/contadoreshoy.com\/?author=1"}]}},"_links":{"self":[{"href":"https:\/\/contadoreshoy.com\/index.php?rest_route=\/wp\/v2\/posts\/12608","targetHints":{"allow":["GET"]}}],"collection":[{"href":"https:\/\/contadoreshoy.com\/index.php?rest_route=\/wp\/v2\/posts"}],"about":[{"href":"https:\/\/contadoreshoy.com\/index.php?rest_route=\/wp\/v2\/types\/post"}],"author":[{"embeddable":true,"href":"https:\/\/contadoreshoy.com\/index.php?rest_route=\/wp\/v2\/users\/1"}],"replies":[{"embeddable":true,"href":"https:\/\/contadoreshoy.com\/index.php?rest_route=%2Fwp%2Fv2%2Fcomments&post=12608"}],"version-history":[{"count":4,"href":"https:\/\/contadoreshoy.com\/index.php?rest_route=\/wp\/v2\/posts\/12608\/revisions"}],"predecessor-version":[{"id":12625,"href":"https:\/\/contadoreshoy.com\/index.php?rest_route=\/wp\/v2\/posts\/12608\/revisions\/12625"}],"wp:featuredmedia":[{"embeddable":true,"href":"https:\/\/contadoreshoy.com\/index.php?rest_route=\/wp\/v2\/media\/7150"}],"wp:attachment":[{"href":"https:\/\/contadoreshoy.com\/index.php?rest_route=%2Fwp%2Fv2%2Fmedia&parent=12608"}],"wp:term":[{"taxonomy":"category","embeddable":true,"href":"https:\/\/contadoreshoy.com\/index.php?rest_route=%2Fwp%2Fv2%2Fcategories&post=12608"},{"taxonomy":"post_tag","embeddable":true,"href":"https:\/\/contadoreshoy.com\/index.php?rest_route=%2Fwp%2Fv2%2Ftags&post=12608"}],"curies":[{"name":"wp","href":"https:\/\/api.w.org\/{rel}","templated":true}]}}