{"id":12641,"date":"2020-06-06T22:42:27","date_gmt":"2020-06-07T03:42:27","guid":{"rendered":"https:\/\/contadoreshoy.com\/?p=12641"},"modified":"2020-06-06T22:45:42","modified_gmt":"2020-06-07T03:45:42","slug":"decreto-797-junio-04-2020-medidas-transitorias-materia-arrendamiento-locales-comerciales","status":"publish","type":"post","link":"https:\/\/contadoreshoy.com\/?p=12641","title":{"rendered":"Decreto 797 junio 04 de 2020 &#8211; Medidas transitorias en materia de arrendamiento de locales comerciales"},"content":{"rendered":"<p><img loading=\"lazy\" decoding=\"async\" class=\"aligncenter wp-image-12643 size-large\" src=\"https:\/\/contadoreshoy.com\/wp-content\/uploads\/2020\/06\/Sitios-de-esparcimiento-1240x702.png\" alt=\"\" width=\"1240\" height=\"702\" srcset=\"https:\/\/contadoreshoy.com\/wp-content\/uploads\/2020\/06\/Sitios-de-esparcimiento-1240x702.png 1240w, https:\/\/contadoreshoy.com\/wp-content\/uploads\/2020\/06\/Sitios-de-esparcimiento-600x340.png 600w, https:\/\/contadoreshoy.com\/wp-content\/uploads\/2020\/06\/Sitios-de-esparcimiento-768x435.png 768w, https:\/\/contadoreshoy.com\/wp-content\/uploads\/2020\/06\/Sitios-de-esparcimiento-2000x1132.png 2000w, https:\/\/contadoreshoy.com\/wp-content\/uploads\/2020\/06\/Sitios-de-esparcimiento.png 2002w\" sizes=\"auto, (max-width: 1240px) 100vw, 1240px\" \/><\/p>\n<p style=\"text-align: center;\"><strong><span style=\"color: #000000;\">MINISTERIO DE COMERCIO, INDUSTRIA Y TURISMO<\/span><\/strong><\/p>\n<p style=\"text-align: center;\"><a href=\"https:\/\/dapre.presidencia.gov.co\/normativa\/normativa\/DECRETO%20797%20DEL%204%20DE%20JUNIO%20DE%202020.pdf\" target=\"_blank\" rel=\"noopener\"><strong><span style=\"color: #000000;\">DECRETO LEGISLATIVO 797 DE JUNIO 04 DE 2020<\/span><\/strong><\/a><\/p>\n<p style=\"text-align: center;\"><strong><span style=\"color: #000000;\">Por el cual se adoptan medidas transitorias en mat\u00e9ria de arrendamiento de locales comerciales, en el marco del Estado de Emergencia, Econ\u00f3mica, Social y Ecol\u00f3gica de que trata el Decreto 637 del 6 de mayo de 2020 <\/span><\/strong><\/p>\n<p style=\"text-align: center;\"><strong><span style=\"color: #000000;\">EL PRESIDENTE DE LA REP\u00daBLICA DE COLOMBIA <\/span><\/strong><\/p>\n<p style=\"text-align: center;\"><strong><span style=\"color: #000000;\">DECRETA <\/span><\/strong><\/p>\n<p style=\"text-align: justify;\"><strong><span style=\"color: #000000;\">Art\u00edculo 1. Objeto. <span style=\"color: #0000ff;\">El presente Decreto Legislativo tiene por objeto regular, extraordinaria y temporalmente, la terminaci\u00f3n unilateral de los contratos de arrendamiento de local comercial por parte de los arrendatarios<\/span>, en el marco de la emergencia sanitaria declarada por medio de la Resoluci\u00f3n 385 del 12 de marzo de 2020 del Ministerio de Salud y Protecci\u00f3n Social, prorrogada por medio de la Resoluci\u00f3n 844 del 26 de mayo de 2020 de la misma entidad. <\/span><\/strong><\/p>\n<p style=\"text-align: justify;\"><strong><span style=\"color: #000000;\">Art\u00edculo 2. \u00c1mbito de aplicaci\u00f3n. <\/span><\/strong><\/p>\n<p style=\"text-align: justify;\"><span style=\"color: #0000ff;\"><strong>El presente Decreto Legislativo ser\u00e1 aplicable a los contratos de arrendamiento de locales comerciales cuyos arrendatarios, a partir del 1. de junio de 2020 por las instrucciones de orden p\u00fablico, se encuentran en la imposibilidad de ejercer las siguientes actividades econ\u00f3micas: <\/strong><\/span><\/p>\n<p style=\"text-align: justify;\"><strong><span style=\"color: #000000;\">\u2022 Bares, discotecas, billares, casinos, bingos y terminales de juego de video. <\/span><\/strong><\/p>\n<p style=\"text-align: justify;\"><strong><span style=\"color: #000000;\">\u2022 Gimnasios, piscinas, spa, sauna, turco, balnearios, canchas deportivas, parques de atracciones mec\u00e1nicas y parques infantiles. <\/span><\/strong><\/p>\n<p style=\"text-align: justify;\"><strong><span style=\"color: #000000;\">\u2022 Cines y teatros. <\/span><\/strong><\/p>\n<p style=\"text-align: justify;\"><strong><span style=\"color: #000000;\">\u2022 Servicios religiosos que impliquen aglomeraciones.<\/span><\/strong><\/p>\n<p style=\"text-align: justify;\"><strong><span style=\"color: #000000;\"> \u2022 Alojamiento y servicios de comida. <\/span><\/strong><\/p>\n<p style=\"text-align: justify;\"><strong><span style=\"color: #000000;\">\u2022 Eventos de car\u00e1cter p\u00fablico o privado que impliquen aglomeraci\u00f3n de personas. <\/span><\/strong><\/p>\n<p style=\"text-align: justify;\"><strong><span style=\"color: #000000;\">Art\u00edculo 3. Terminaci\u00f3n unilateral de los contratos de arrendamiento de local comercial. <\/span><\/strong><\/p>\n<p style=\"text-align: justify;\"><strong><span style=\"color: #000000;\"><span style=\"color: #0000ff;\"><span style=\"color: #000000;\">Los arrendatarios de locales comerciales a los que se refiere el art\u00edculo anterior<\/span> podr\u00e1n terminar unilateralmente su contrato de arrendamiento, hasta el 31 de agosto de 2020.<\/span> <\/span><\/strong><\/p>\n<p style=\"text-align: justify;\"><strong><span style=\"color: #000000;\">Como consecuencia directa de la terminaci\u00f3n unilateral del contrato de arrendamiento de local comercial, <span style=\"color: #0000ff;\">el arrendatario ser\u00e1 obligado al pago del valor correspondiente a un tercio de la cl\u00e1usula penal pactada en el contrato, sin que proceda cualquier otra penalidad<\/span>, multa o sanci\u00f3n a t\u00edtulo de indemnizaci\u00f3n, proveniente de la ley o de acuerdos entre las partes.<\/span><\/strong><\/p>\n<p style=\"text-align: justify;\"><strong><span style=\"color: #000000;\"><span style=\"color: #0000ff;\">En caso de inexistencia de cl\u00e1usula penal en el contrato, el arrendatario ser\u00e1 obligado al pago del valor correspondiente a un canon de arrendamiento<\/span>. <\/span><\/strong><\/p>\n<p style=\"text-align: justify;\"><strong><span style=\"color: #000000;\">Para que el arrendatario pueda terminar unilateralmente el contrato <span style=\"color: #0000ff;\">deber\u00e1 estar al d\u00eda con el pago de los c\u00e1nones de arrendamiento y servicios p\u00fablicos causados,<\/span> as\u00ed como con las dem\u00e1s obligaciones pecuniarias a su cargo hasta la fecha de terminaci\u00f3n del contrato. <\/span><\/strong><\/p>\n<p style=\"text-align: justify;\"><strong><span style=\"color: #000000;\">Par\u00e1grafo. Se excluyen de las disposiciones contenidas en el presente articulo los contratos de arrendamiento financiero -Leasing. <\/span><\/strong><\/p>\n<p style=\"text-align: justify;\"><strong><span style=\"color: #000000;\">Art\u00edculo 4. Vigencia. El presente Decreto Legislativo rige a partir de su publicaci\u00f3n y estar\u00e1 vigente hasta el 31 de agosto de 2020.<\/span><\/strong><\/p>\n<p style=\"text-align: justify;\"><strong><span style=\"color: #000000;\">PUBL\u00cdQUESE Y C\u00daMPLASE<\/span><\/strong><\/p>\n<p style=\"text-align: justify;\"><strong><span style=\"color: #000000;\">Dado en Bogot\u00e1 a los 4 d\u00edas de junio de 2020<\/span><\/strong><\/p>\n<p><a href=\"https:\/\/dapre.presidencia.gov.co\/normativa\/normativa\/DECRETO%20797%20DEL%204%20DE%20JUNIO%20DE%202020.pdf\" target=\"_blank\" rel=\"noopener\"><span style=\"color: #0000ff;\">Para descargar Decreto 797 junio 04 de 2020, dar click en este enlace<\/span><\/a><\/p>\n<p>&nbsp;<\/p>\n<p>&nbsp;<\/p>\n","protected":false},"excerpt":{"rendered":"<p>MINISTERIO DE COMERCIO, INDUSTRIA Y TURISMO DECRETO LEGISLATIVO 797 DE JUNIO 04 DE 2020 Por el cual se adoptan medidas transitorias en mat\u00e9ria de arrendamiento de locales comerciales, en el&#46;&#46;&#46;<\/p>\n","protected":false},"author":1,"featured_media":12643,"comment_status":"open","ping_status":"open","sticky":false,"template":"","format":"standard","meta":{"_monsterinsights_skip_tracking":false,"ngg_post_thumbnail":0,"footnotes":"","_links_to":"","_links_to_target":""},"categories":[454,1],"tags":[],"class_list":["post-12641","post","type-post","status-publish","format-standard","has-post-thumbnail","hentry","category-sin-categoria","category-uncategorized"],"aioseo_notices":[],"aioseo_head":"\n\t\t<!-- All in One SEO 5.0.1.1 - aioseo.com -->\n\t<meta name=\"description\" content=\"MINISTERIO DE COMERCIO, INDUSTRIA Y TURISMO DECRETO LEGISLATIVO 797 DE JUNIO 04 DE 2020 Por el cual se adoptan medidas transitorias en mat\u00e9ria de arrendamiento de locales comerciales, en el marco del Estado de Emergencia, Econ\u00f3mica, Social y Ecol\u00f3gica de que trata el Decreto 637 del 6 de mayo de 2020 EL PRESIDENTE DE LA\" \/>\n\t<meta name=\"robots\" content=\"max-image-preview:large\" \/>\n\t<meta name=\"author\" content=\"Miguel Antonio M\u00e1rquez Monta\u00f1ez\"\/>\n\t<link rel=\"canonical\" href=\"https:\/\/contadoreshoy.com\/?p=12641\" \/>\n\t<meta name=\"generator\" content=\"All in One SEO (AIOSEO) 5.0.1.1\" \/>\n\t\t<meta property=\"og:locale\" content=\"es_ES\" \/>\n\t\t<meta property=\"og:site_name\" content=\"Contadores P\u00fablicos - Portal para Contadores P\u00fablicos y empresarios\" \/>\n\t\t<meta property=\"og:type\" content=\"article\" \/>\n\t\t<meta property=\"og:title\" content=\"Decreto 797 junio 04 de 2020 \u2013 Medidas transitorias en materia de arrendamiento de locales comerciales - Contadores P\u00fablicos\" \/>\n\t\t<meta property=\"og:description\" content=\"MINISTERIO DE COMERCIO, INDUSTRIA Y TURISMO DECRETO LEGISLATIVO 797 DE JUNIO 04 DE 2020 Por el cual se adoptan medidas transitorias en mat\u00e9ria de arrendamiento de locales comerciales, en el marco del Estado de Emergencia, Econ\u00f3mica, Social y Ecol\u00f3gica de que trata el Decreto 637 del 6 de mayo de 2020 EL PRESIDENTE DE LA\" \/>\n\t\t<meta property=\"og:url\" content=\"https:\/\/contadoreshoy.com\/?p=12641\" \/>\n\t\t<meta property=\"og:image\" content=\"https:\/\/contadoreshoy.com\/wp-content\/uploads\/2024\/01\/cropped-cropped-cropped-Copia-de-M.jpg\" \/>\n\t\t<meta property=\"og:image:secure_url\" content=\"https:\/\/contadoreshoy.com\/wp-content\/uploads\/2024\/01\/cropped-cropped-cropped-Copia-de-M.jpg\" \/>\n\t\t<meta property=\"og:image:width\" content=\"512\" \/>\n\t\t<meta property=\"og:image:height\" content=\"371\" \/>\n\t\t<meta property=\"article:published_time\" content=\"2020-06-07T03:42:27+00:00\" \/>\n\t\t<meta property=\"article:modified_time\" content=\"2020-06-07T03:45:42+00:00\" \/>\n\t\t<meta name=\"twitter:card\" content=\"summary_large_image\" \/>\n\t\t<meta name=\"twitter:title\" content=\"Decreto 797 junio 04 de 2020 \u2013 Medidas transitorias en materia de arrendamiento de locales comerciales - Contadores P\u00fablicos\" \/>\n\t\t<meta name=\"twitter:description\" content=\"MINISTERIO DE COMERCIO, INDUSTRIA Y TURISMO DECRETO LEGISLATIVO 797 DE JUNIO 04 DE 2020 Por el cual se adoptan medidas transitorias en mat\u00e9ria de arrendamiento de locales comerciales, en el marco del Estado de Emergencia, Econ\u00f3mica, Social y Ecol\u00f3gica de que trata el Decreto 637 del 6 de mayo de 2020 EL PRESIDENTE DE LA\" \/>\n\t\t<meta name=\"twitter:image\" content=\"https:\/\/contadoreshoy.com\/wp-content\/uploads\/2024\/01\/cropped-cropped-cropped-Copia-de-M.jpg\" \/>\n\t\t<script type=\"application\/ld+json\" class=\"aioseo-schema\">\n\t\t\t{\"@context\":\"https:\\\/\\\/schema.org\",\"@graph\":[{\"@type\":\"BlogPosting\",\"@id\":\"https:\\\/\\\/contadoreshoy.com\\\/?p=12641#blogposting\",\"name\":\"Decreto 797 junio 04 de 2020 \\u2013 Medidas transitorias en materia de arrendamiento de locales comerciales - Contadores P\\u00fablicos\",\"headline\":\"Decreto 797 junio 04 de 2020 &#8211; Medidas transitorias en materia de arrendamiento de locales comerciales\",\"author\":{\"@id\":\"https:\\\/\\\/contadoreshoy.com\\\/?author=1#author\"},\"publisher\":{\"@id\":\"https:\\\/\\\/contadoreshoy.com\\\/#organization\"},\"image\":{\"@type\":\"ImageObject\",\"url\":\"https:\\\/\\\/contadoreshoy.com\\\/wp-content\\\/uploads\\\/2020\\\/06\\\/Sitios-de-esparcimiento.png\",\"width\":2002,\"height\":1133},\"datePublished\":\"2020-06-06T22:42:27-05:00\",\"dateModified\":\"2020-06-06T22:45:42-05:00\",\"inLanguage\":\"es-ES\",\"mainEntityOfPage\":{\"@id\":\"https:\\\/\\\/contadoreshoy.com\\\/?p=12641#webpage\"},\"isPartOf\":{\"@id\":\"https:\\\/\\\/contadoreshoy.com\\\/?p=12641#webpage\"},\"articleSection\":\"Sin categor\\u00eda, Uncategorized\"},{\"@type\":\"BreadcrumbList\",\"@id\":\"https:\\\/\\\/contadoreshoy.com\\\/?p=12641#breadcrumblist\",\"itemListElement\":[{\"@type\":\"ListItem\",\"@id\":\"https:\\\/\\\/contadoreshoy.com#listItem\",\"position\":1,\"name\":\"Home\",\"item\":\"https:\\\/\\\/contadoreshoy.com\",\"nextItem\":{\"@type\":\"ListItem\",\"@id\":\"https:\\\/\\\/contadoreshoy.com\\\/?cat=1#listItem\",\"name\":\"Uncategorized\"}},{\"@type\":\"ListItem\",\"@id\":\"https:\\\/\\\/contadoreshoy.com\\\/?cat=1#listItem\",\"position\":2,\"name\":\"Uncategorized\",\"item\":\"https:\\\/\\\/contadoreshoy.com\\\/?cat=1\",\"nextItem\":{\"@type\":\"ListItem\",\"@id\":\"https:\\\/\\\/contadoreshoy.com\\\/?p=12641#listItem\",\"name\":\"Decreto 797 junio 04 de 2020 &#8211; Medidas transitorias en materia de arrendamiento de locales comerciales\"},\"previousItem\":{\"@type\":\"ListItem\",\"@id\":\"https:\\\/\\\/contadoreshoy.com#listItem\",\"name\":\"Home\"}},{\"@type\":\"ListItem\",\"@id\":\"https:\\\/\\\/contadoreshoy.com\\\/?p=12641#listItem\",\"position\":3,\"name\":\"Decreto 797 junio 04 de 2020 &#8211; Medidas transitorias en materia de arrendamiento de locales comerciales\",\"previousItem\":{\"@type\":\"ListItem\",\"@id\":\"https:\\\/\\\/contadoreshoy.com\\\/?cat=1#listItem\",\"name\":\"Uncategorized\"}}]},{\"@type\":\"Organization\",\"@id\":\"https:\\\/\\\/contadoreshoy.com\\\/#organization\",\"name\":\"Contadores P\\u00fablicos\",\"description\":\"Portal para Contadores P\\u00fablicos y empresarios\",\"url\":\"https:\\\/\\\/contadoreshoy.com\\\/\",\"logo\":{\"@type\":\"ImageObject\",\"url\":\"https:\\\/\\\/contadoreshoy.com\\\/wp-content\\\/uploads\\\/2024\\\/01\\\/cropped-cropped-Copia-de-M-1.jpg\",\"@id\":\"https:\\\/\\\/contadoreshoy.com\\\/?p=12641\\\/#organizationLogo\",\"width\":499,\"height\":500},\"image\":{\"@id\":\"https:\\\/\\\/contadoreshoy.com\\\/?p=12641\\\/#organizationLogo\"}},{\"@type\":\"Person\",\"@id\":\"https:\\\/\\\/contadoreshoy.com\\\/?author=1#author\",\"url\":\"https:\\\/\\\/contadoreshoy.com\\\/?author=1\",\"name\":\"Miguel Antonio M\\u00e1rquez Monta\\u00f1ez\"},{\"@type\":\"WebPage\",\"@id\":\"https:\\\/\\\/contadoreshoy.com\\\/?p=12641#webpage\",\"url\":\"https:\\\/\\\/contadoreshoy.com\\\/?p=12641\",\"name\":\"Decreto 797 junio 04 de 2020 \\u2013 Medidas transitorias en materia de arrendamiento de locales comerciales - Contadores P\\u00fablicos\",\"description\":\"MINISTERIO DE COMERCIO, INDUSTRIA Y TURISMO DECRETO LEGISLATIVO 797 DE JUNIO 04 DE 2020 Por el cual se adoptan medidas transitorias en mat\\u00e9ria de arrendamiento de locales comerciales, en el marco del Estado de Emergencia, Econ\\u00f3mica, Social y Ecol\\u00f3gica de que trata el Decreto 637 del 6 de mayo de 2020 EL PRESIDENTE DE LA\",\"inLanguage\":\"es-ES\",\"isPartOf\":{\"@id\":\"https:\\\/\\\/contadoreshoy.com\\\/#website\"},\"breadcrumb\":{\"@id\":\"https:\\\/\\\/contadoreshoy.com\\\/?p=12641#breadcrumblist\"},\"author\":{\"@id\":\"https:\\\/\\\/contadoreshoy.com\\\/?author=1#author\"},\"creator\":{\"@id\":\"https:\\\/\\\/contadoreshoy.com\\\/?author=1#author\"},\"image\":{\"@type\":\"ImageObject\",\"url\":\"https:\\\/\\\/contadoreshoy.com\\\/wp-content\\\/uploads\\\/2020\\\/06\\\/Sitios-de-esparcimiento.png\",\"@id\":\"https:\\\/\\\/contadoreshoy.com\\\/?p=12641\\\/#mainImage\",\"width\":2002,\"height\":1133},\"primaryImageOfPage\":{\"@id\":\"https:\\\/\\\/contadoreshoy.com\\\/?p=12641#mainImage\"},\"datePublished\":\"2020-06-06T22:42:27-05:00\",\"dateModified\":\"2020-06-06T22:45:42-05:00\"},{\"@type\":\"WebSite\",\"@id\":\"https:\\\/\\\/contadoreshoy.com\\\/#website\",\"url\":\"https:\\\/\\\/contadoreshoy.com\\\/\",\"name\":\"Contadores P\\u00fablicos\",\"description\":\"Portal para Contadores P\\u00fablicos y empresarios\",\"inLanguage\":\"es-ES\",\"publisher\":{\"@id\":\"https:\\\/\\\/contadoreshoy.com\\\/#organization\"}}]}\n\t\t<\/script>\n\t\t<!-- All in One SEO -->\n\n","aioseo_head_json":{"title":"Decreto 797 junio 04 de 2020 \u2013 Medidas transitorias en materia de arrendamiento de locales comerciales - Contadores P\u00fablicos","description":"MINISTERIO DE COMERCIO, INDUSTRIA Y TURISMO DECRETO LEGISLATIVO 797 DE JUNIO 04 DE 2020 Por el cual se adoptan medidas transitorias en mat\u00e9ria de arrendamiento de locales comerciales, en el marco del Estado de Emergencia, Econ\u00f3mica, Social y Ecol\u00f3gica de que trata el Decreto 637 del 6 de mayo de 2020 EL PRESIDENTE DE LA","canonical_url":"https:\/\/contadoreshoy.com\/?p=12641","robots":"max-image-preview:large","keywords":"","webmasterTools":{"miscellaneous":""},"schema":{"@context":"https:\/\/schema.org","@graph":[{"@type":"BlogPosting","@id":"https:\/\/contadoreshoy.com\/?p=12641#blogposting","name":"Decreto 797 junio 04 de 2020 \u2013 Medidas transitorias en materia de arrendamiento de locales comerciales - Contadores P\u00fablicos","headline":"Decreto 797 junio 04 de 2020 &#8211; Medidas transitorias en materia de arrendamiento de locales comerciales","author":{"@id":"https:\/\/contadoreshoy.com\/?author=1#author"},"publisher":{"@id":"https:\/\/contadoreshoy.com\/#organization"},"image":{"@type":"ImageObject","url":"https:\/\/contadoreshoy.com\/wp-content\/uploads\/2020\/06\/Sitios-de-esparcimiento.png","width":2002,"height":1133},"datePublished":"2020-06-06T22:42:27-05:00","dateModified":"2020-06-06T22:45:42-05:00","inLanguage":"es-ES","mainEntityOfPage":{"@id":"https:\/\/contadoreshoy.com\/?p=12641#webpage"},"isPartOf":{"@id":"https:\/\/contadoreshoy.com\/?p=12641#webpage"},"articleSection":"Sin categor\u00eda, Uncategorized"},{"@type":"BreadcrumbList","@id":"https:\/\/contadoreshoy.com\/?p=12641#breadcrumblist","itemListElement":[{"@type":"ListItem","@id":"https:\/\/contadoreshoy.com#listItem","position":1,"name":"Home","item":"https:\/\/contadoreshoy.com","nextItem":{"@type":"ListItem","@id":"https:\/\/contadoreshoy.com\/?cat=1#listItem","name":"Uncategorized"}},{"@type":"ListItem","@id":"https:\/\/contadoreshoy.com\/?cat=1#listItem","position":2,"name":"Uncategorized","item":"https:\/\/contadoreshoy.com\/?cat=1","nextItem":{"@type":"ListItem","@id":"https:\/\/contadoreshoy.com\/?p=12641#listItem","name":"Decreto 797 junio 04 de 2020 &#8211; Medidas transitorias en materia de arrendamiento de locales comerciales"},"previousItem":{"@type":"ListItem","@id":"https:\/\/contadoreshoy.com#listItem","name":"Home"}},{"@type":"ListItem","@id":"https:\/\/contadoreshoy.com\/?p=12641#listItem","position":3,"name":"Decreto 797 junio 04 de 2020 &#8211; Medidas transitorias en materia de arrendamiento de locales comerciales","previousItem":{"@type":"ListItem","@id":"https:\/\/contadoreshoy.com\/?cat=1#listItem","name":"Uncategorized"}}]},{"@type":"Organization","@id":"https:\/\/contadoreshoy.com\/#organization","name":"Contadores P\u00fablicos","description":"Portal para Contadores P\u00fablicos y empresarios","url":"https:\/\/contadoreshoy.com\/","logo":{"@type":"ImageObject","url":"https:\/\/contadoreshoy.com\/wp-content\/uploads\/2024\/01\/cropped-cropped-Copia-de-M-1.jpg","@id":"https:\/\/contadoreshoy.com\/?p=12641\/#organizationLogo","width":499,"height":500},"image":{"@id":"https:\/\/contadoreshoy.com\/?p=12641\/#organizationLogo"}},{"@type":"Person","@id":"https:\/\/contadoreshoy.com\/?author=1#author","url":"https:\/\/contadoreshoy.com\/?author=1","name":"Miguel Antonio M\u00e1rquez Monta\u00f1ez"},{"@type":"WebPage","@id":"https:\/\/contadoreshoy.com\/?p=12641#webpage","url":"https:\/\/contadoreshoy.com\/?p=12641","name":"Decreto 797 junio 04 de 2020 \u2013 Medidas transitorias en materia de arrendamiento de locales comerciales - Contadores P\u00fablicos","description":"MINISTERIO DE COMERCIO, INDUSTRIA Y TURISMO DECRETO LEGISLATIVO 797 DE JUNIO 04 DE 2020 Por el cual se adoptan medidas transitorias en mat\u00e9ria de arrendamiento de locales comerciales, en el marco del Estado de Emergencia, Econ\u00f3mica, Social y Ecol\u00f3gica de que trata el Decreto 637 del 6 de mayo de 2020 EL PRESIDENTE DE LA","inLanguage":"es-ES","isPartOf":{"@id":"https:\/\/contadoreshoy.com\/#website"},"breadcrumb":{"@id":"https:\/\/contadoreshoy.com\/?p=12641#breadcrumblist"},"author":{"@id":"https:\/\/contadoreshoy.com\/?author=1#author"},"creator":{"@id":"https:\/\/contadoreshoy.com\/?author=1#author"},"image":{"@type":"ImageObject","url":"https:\/\/contadoreshoy.com\/wp-content\/uploads\/2020\/06\/Sitios-de-esparcimiento.png","@id":"https:\/\/contadoreshoy.com\/?p=12641\/#mainImage","width":2002,"height":1133},"primaryImageOfPage":{"@id":"https:\/\/contadoreshoy.com\/?p=12641#mainImage"},"datePublished":"2020-06-06T22:42:27-05:00","dateModified":"2020-06-06T22:45:42-05:00"},{"@type":"WebSite","@id":"https:\/\/contadoreshoy.com\/#website","url":"https:\/\/contadoreshoy.com\/","name":"Contadores P\u00fablicos","description":"Portal para Contadores P\u00fablicos y empresarios","inLanguage":"es-ES","publisher":{"@id":"https:\/\/contadoreshoy.com\/#organization"}}]},"og:locale":"es_ES","og:site_name":"Contadores P\u00fablicos - Portal para Contadores P\u00fablicos y empresarios","og:type":"article","og:title":"Decreto 797 junio 04 de 2020 \u2013 Medidas transitorias en materia de arrendamiento de locales comerciales - Contadores P\u00fablicos","og:description":"MINISTERIO DE COMERCIO, INDUSTRIA Y TURISMO DECRETO LEGISLATIVO 797 DE JUNIO 04 DE 2020 Por el cual se adoptan medidas transitorias en mat\u00e9ria de arrendamiento de locales comerciales, en el marco del Estado de Emergencia, Econ\u00f3mica, Social y Ecol\u00f3gica de que trata el Decreto 637 del 6 de mayo de 2020 EL PRESIDENTE DE LA","og:url":"https:\/\/contadoreshoy.com\/?p=12641","og:image":"https:\/\/contadoreshoy.com\/wp-content\/uploads\/2024\/01\/cropped-cropped-cropped-Copia-de-M.jpg","og:image:secure_url":"https:\/\/contadoreshoy.com\/wp-content\/uploads\/2024\/01\/cropped-cropped-cropped-Copia-de-M.jpg","og:image:width":512,"og:image:height":371,"article:published_time":"2020-06-07T03:42:27+00:00","article:modified_time":"2020-06-07T03:45:42+00:00","twitter:card":"summary_large_image","twitter:title":"Decreto 797 junio 04 de 2020 \u2013 Medidas transitorias en materia de arrendamiento de locales comerciales - Contadores P\u00fablicos","twitter:description":"MINISTERIO DE COMERCIO, INDUSTRIA Y TURISMO DECRETO LEGISLATIVO 797 DE JUNIO 04 DE 2020 Por el cual se adoptan medidas transitorias en mat\u00e9ria de arrendamiento de locales comerciales, en el marco del Estado de Emergencia, Econ\u00f3mica, Social y Ecol\u00f3gica de que trata el Decreto 637 del 6 de mayo de 2020 EL PRESIDENTE DE LA","twitter:image":"https:\/\/contadoreshoy.com\/wp-content\/uploads\/2024\/01\/cropped-cropped-cropped-Copia-de-M.jpg"},"aioseo_meta_data":{"post_id":"12641","title":null,"description":null,"keywords":null,"keyphrases":null,"primary_term":null,"canonical_url":null,"og_title":null,"og_description":null,"og_object_type":"default","og_image_type":"default","og_image_url":null,"og_image_width":null,"og_image_height":null,"og_image_custom_url":null,"og_image_custom_fields":null,"og_video":null,"og_custom_url":null,"og_article_section":null,"og_article_tags":null,"twitter_use_og":false,"twitter_card":"default","twitter_image_type":"default","twitter_image_url":null,"twitter_image_custom_url":null,"twitter_image_custom_fields":null,"twitter_title":null,"twitter_description":null,"schema":{"blockGraphs":[],"customGraphs":[],"default":{"data":{"Article":[],"Course":[],"Dataset":[],"FAQPage":[],"Movie":[],"Person":[],"Product":[],"ProductReview":[],"Car":[],"Recipe":[],"Service":[],"SoftwareApplication":[],"WebPage":[]},"graphName":"","isEnabled":true},"graphs":[]},"schema_type":"default","schema_type_options":null,"pillar_content":false,"robots_default":true,"robots_noindex":false,"robots_noarchive":false,"robots_nosnippet":false,"robots_nofollow":false,"robots_noimageindex":false,"robots_noodp":false,"robots_notranslate":false,"robots_max_snippet":null,"robots_max_videopreview":null,"robots_max_imagepreview":"large","priority":null,"frequency":null,"local_seo":null,"breadcrumb_settings":null,"limit_modified_date":false,"ai":null,"created":"2024-03-05 02:18:30","updated":"2026-03-03 05:27:58","seo_analyzer_scan_date":null,"focus_keyword":null,"additional_keywords":null,"truseo_locale":null},"aioseo_breadcrumb":"<div class=\"aioseo-breadcrumbs\"><span class=\"aioseo-breadcrumb\">\n\t\t\t<a href=\"https:\/\/contadoreshoy.com\" title=\"Home\">Home<\/a>\n\t\t<\/span><span class=\"aioseo-breadcrumb-separator\">&raquo;<\/span><span class=\"aioseo-breadcrumb\">\n\t\t\t<a href=\"https:\/\/contadoreshoy.com\/?cat=1\" title=\"Uncategorized\">Uncategorized<\/a>\n\t\t<\/span><span class=\"aioseo-breadcrumb-separator\">&raquo;<\/span><span class=\"aioseo-breadcrumb\">\n\t\t\tDecreto 797 junio 04 de 2020 \u2013 Medidas transitorias en materia de arrendamiento de locales comerciales\n\t\t<\/span><\/div>","aioseo_breadcrumb_json":[{"label":"Home","link":"https:\/\/contadoreshoy.com"},{"label":"Uncategorized","link":"https:\/\/contadoreshoy.com\/?cat=1"},{"label":"Decreto 797 junio 04 de 2020 &#8211; Medidas transitorias en materia de arrendamiento de locales comerciales","link":"https:\/\/contadoreshoy.com\/?p=12641"}],"yoast_head":"<!-- This site is optimized with the Yoast SEO plugin v28.4 - https:\/\/yoast.com\/product\/yoast-seo-wordpress\/ -->\n<title>Decreto 797 junio 04 de 2020 - Medidas transitorias en materia de arrendamiento de locales comerciales - Contadores P\u00fablicos<\/title>\n<meta name=\"robots\" content=\"index, follow, max-snippet:-1, max-image-preview:large, max-video-preview:-1\" \/>\n<link rel=\"canonical\" href=\"https:\/\/contadoreshoy.com\/?p=12641\" \/>\n<meta property=\"og:locale\" content=\"es_ES\" \/>\n<meta property=\"og:type\" content=\"article\" \/>\n<meta property=\"og:title\" content=\"Decreto 797 junio 04 de 2020 - Medidas transitorias en materia de arrendamiento de locales comerciales - Contadores P\u00fablicos\" \/>\n<meta property=\"og:description\" content=\"MINISTERIO DE COMERCIO, INDUSTRIA Y TURISMO DECRETO LEGISLATIVO 797 DE JUNIO 04 DE 2020 Por el cual se adoptan medidas transitorias en mat\u00e9ria de arrendamiento de locales comerciales, en el&#046;&#046;&#046;\" \/>\n<meta property=\"og:url\" content=\"https:\/\/contadoreshoy.com\/?p=12641\" \/>\n<meta property=\"og:site_name\" content=\"Contadores P\u00fablicos\" \/>\n<meta property=\"article:publisher\" content=\"https:\/\/www.facebook.com\/CCCPBucaramanga\/\" \/>\n<meta property=\"article:published_time\" content=\"2020-06-07T03:42:27+00:00\" \/>\n<meta property=\"article:modified_time\" content=\"2020-06-07T03:45:42+00:00\" \/>\n<meta property=\"og:image\" content=\"https:\/\/contadoreshoy.com\/wp-content\/uploads\/2020\/06\/Sitios-de-esparcimiento-1240x702.png\" \/>\n\t<meta property=\"og:image:width\" content=\"1240\" \/>\n\t<meta property=\"og:image:height\" content=\"702\" \/>\n\t<meta property=\"og:image:type\" content=\"image\/png\" \/>\n<meta name=\"author\" content=\"Miguel Antonio M\u00e1rquez Monta\u00f1ez\" \/>\n<meta name=\"twitter:card\" content=\"summary_large_image\" \/>\n<meta name=\"twitter:label1\" content=\"Escrito por\" \/>\n\t<meta name=\"twitter:data1\" content=\"Miguel Antonio M\u00e1rquez Monta\u00f1ez\" \/>\n\t<meta name=\"twitter:label2\" content=\"Tiempo de lectura\" \/>\n\t<meta name=\"twitter:data2\" content=\"2 minutos\" \/>\n<script type=\"application\/ld+json\" class=\"yoast-schema-graph\">{\"@context\":\"https:\\\/\\\/schema.org\",\"@graph\":[{\"@type\":\"Article\",\"@id\":\"https:\\\/\\\/contadoreshoy.com\\\/?p=12641#article\",\"isPartOf\":{\"@id\":\"https:\\\/\\\/contadoreshoy.com\\\/?p=12641\"},\"author\":{\"name\":\"Miguel Antonio M\u00e1rquez Monta\u00f1ez\",\"@id\":\"https:\\\/\\\/contadoreshoy.com\\\/#\\\/schema\\\/person\\\/96d8979cb865537c5dc9345e40089fc5\"},\"headline\":\"Decreto 797 junio 04 de 2020 &#8211; Medidas transitorias en materia de arrendamiento de locales comerciales\",\"datePublished\":\"2020-06-07T03:42:27+00:00\",\"dateModified\":\"2020-06-07T03:45:42+00:00\",\"mainEntityOfPage\":{\"@id\":\"https:\\\/\\\/contadoreshoy.com\\\/?p=12641\"},\"wordCount\":484,\"commentCount\":0,\"publisher\":{\"@id\":\"https:\\\/\\\/contadoreshoy.com\\\/#organization\"},\"image\":{\"@id\":\"https:\\\/\\\/contadoreshoy.com\\\/?p=12641#primaryimage\"},\"thumbnailUrl\":\"https:\\\/\\\/contadoreshoy.com\\\/wp-content\\\/uploads\\\/2020\\\/06\\\/Sitios-de-esparcimiento.png\",\"articleSection\":{\"1\":\"Uncategorized\"},\"inLanguage\":\"es\",\"potentialAction\":[{\"@type\":\"CommentAction\",\"name\":\"Comment\",\"target\":[\"https:\\\/\\\/contadoreshoy.com\\\/?p=12641#respond\"]}]},{\"@type\":\"WebPage\",\"@id\":\"https:\\\/\\\/contadoreshoy.com\\\/?p=12641\",\"url\":\"https:\\\/\\\/contadoreshoy.com\\\/?p=12641\",\"name\":\"Decreto 797 junio 04 de 2020 - Medidas transitorias en materia de arrendamiento de locales comerciales - Contadores P\u00fablicos\",\"isPartOf\":{\"@id\":\"https:\\\/\\\/contadoreshoy.com\\\/#website\"},\"primaryImageOfPage\":{\"@id\":\"https:\\\/\\\/contadoreshoy.com\\\/?p=12641#primaryimage\"},\"image\":{\"@id\":\"https:\\\/\\\/contadoreshoy.com\\\/?p=12641#primaryimage\"},\"thumbnailUrl\":\"https:\\\/\\\/contadoreshoy.com\\\/wp-content\\\/uploads\\\/2020\\\/06\\\/Sitios-de-esparcimiento.png\",\"datePublished\":\"2020-06-07T03:42:27+00:00\",\"dateModified\":\"2020-06-07T03:45:42+00:00\",\"breadcrumb\":{\"@id\":\"https:\\\/\\\/contadoreshoy.com\\\/?p=12641#breadcrumb\"},\"inLanguage\":\"es\",\"potentialAction\":[{\"@type\":\"ReadAction\",\"target\":[\"https:\\\/\\\/contadoreshoy.com\\\/?p=12641\"]}]},{\"@type\":\"ImageObject\",\"inLanguage\":\"es\",\"@id\":\"https:\\\/\\\/contadoreshoy.com\\\/?p=12641#primaryimage\",\"url\":\"https:\\\/\\\/contadoreshoy.com\\\/wp-content\\\/uploads\\\/2020\\\/06\\\/Sitios-de-esparcimiento.png\",\"contentUrl\":\"https:\\\/\\\/contadoreshoy.com\\\/wp-content\\\/uploads\\\/2020\\\/06\\\/Sitios-de-esparcimiento.png\",\"width\":2002,\"height\":1133},{\"@type\":\"BreadcrumbList\",\"@id\":\"https:\\\/\\\/contadoreshoy.com\\\/?p=12641#breadcrumb\",\"itemListElement\":[{\"@type\":\"ListItem\",\"position\":1,\"name\":\"Portada\",\"item\":\"https:\\\/\\\/contadoreshoy.com\\\/\"},{\"@type\":\"ListItem\",\"position\":2,\"name\":\"Decreto 797 junio 04 de 2020 &#8211; Medidas transitorias en materia de arrendamiento de locales comerciales\"}]},{\"@type\":\"WebSite\",\"@id\":\"https:\\\/\\\/contadoreshoy.com\\\/#website\",\"url\":\"https:\\\/\\\/contadoreshoy.com\\\/\",\"name\":\"Contadorespublicossantander\",\"description\":\"Portal para Contadores P\u00fablicos y empresarios\",\"publisher\":{\"@id\":\"https:\\\/\\\/contadoreshoy.com\\\/#organization\"},\"potentialAction\":[{\"@type\":\"SearchAction\",\"target\":{\"@type\":\"EntryPoint\",\"urlTemplate\":\"https:\\\/\\\/contadoreshoy.com\\\/?s={search_term_string}\"},\"query-input\":{\"@type\":\"PropertyValueSpecification\",\"valueRequired\":true,\"valueName\":\"search_term_string\"}}],\"inLanguage\":\"es\"},{\"@type\":\"Organization\",\"@id\":\"https:\\\/\\\/contadoreshoy.com\\\/#organization\",\"name\":\"Contadores P\u00fablicos de Santander\",\"url\":\"https:\\\/\\\/contadoreshoy.com\\\/\",\"logo\":{\"@type\":\"ImageObject\",\"inLanguage\":\"es\",\"@id\":\"https:\\\/\\\/contadoreshoy.com\\\/#\\\/schema\\\/logo\\\/image\\\/\",\"url\":\"https:\\\/\\\/contadoreshoy.com\\\/wp-content\\\/uploads\\\/2024\\\/01\\\/cropped-cropped-Copia-de-M-1.jpg\",\"contentUrl\":\"https:\\\/\\\/contadoreshoy.com\\\/wp-content\\\/uploads\\\/2024\\\/01\\\/cropped-cropped-Copia-de-M-1.jpg\",\"width\":499,\"height\":500,\"caption\":\"Contadores P\u00fablicos de Santander\"},\"image\":{\"@id\":\"https:\\\/\\\/contadoreshoy.com\\\/#\\\/schema\\\/logo\\\/image\\\/\"},\"sameAs\":[\"https:\\\/\\\/www.facebook.com\\\/CCCPBucaramanga\\\/\"]},{\"@type\":\"Person\",\"@id\":\"https:\\\/\\\/contadoreshoy.com\\\/#\\\/schema\\\/person\\\/96d8979cb865537c5dc9345e40089fc5\",\"name\":\"Miguel Antonio M\u00e1rquez Monta\u00f1ez\",\"description\":\"Contador P\u00fablico egresado de la Universidad Aut\u00f3noma de Bucaramanga - Asesor contable tributario con m\u00e1s de 25 a\u00f1os de experiencia - Conferencista en temas contables y tributarios - T\u00e9cnico en Hardware y Dise\u00f1o Web - Creador y director Grupo de Estudio Colegio Colombiano de Contadores P\u00fablicos de Bucaramanga - Creador y Master Web p\u00e1gina www.contadoresp\u00fablicossantander.com - Expresidente Colegio Colombiano de Contadores P\u00fablicos Bucaramanga\",\"url\":\"https:\\\/\\\/contadoreshoy.com\\\/?author=1\"}]}<\/script>\n<!-- \/ Yoast SEO plugin. -->","yoast_head_json":{"title":"Decreto 797 junio 04 de 2020 - Medidas transitorias en materia de arrendamiento de locales comerciales - Contadores P\u00fablicos","robots":{"index":"index","follow":"follow","max-snippet":"max-snippet:-1","max-image-preview":"max-image-preview:large","max-video-preview":"max-video-preview:-1"},"canonical":"https:\/\/contadoreshoy.com\/?p=12641","og_locale":"es_ES","og_type":"article","og_title":"Decreto 797 junio 04 de 2020 - Medidas transitorias en materia de arrendamiento de locales comerciales - Contadores P\u00fablicos","og_description":"MINISTERIO DE COMERCIO, INDUSTRIA Y TURISMO DECRETO LEGISLATIVO 797 DE JUNIO 04 DE 2020 Por el cual se adoptan medidas transitorias en mat\u00e9ria de arrendamiento de locales comerciales, en el&#46;&#46;&#46;","og_url":"https:\/\/contadoreshoy.com\/?p=12641","og_site_name":"Contadores P\u00fablicos","article_publisher":"https:\/\/www.facebook.com\/CCCPBucaramanga\/","article_published_time":"2020-06-07T03:42:27+00:00","article_modified_time":"2020-06-07T03:45:42+00:00","og_image":[{"width":1240,"height":702,"url":"https:\/\/contadoreshoy.com\/wp-content\/uploads\/2020\/06\/Sitios-de-esparcimiento-1240x702.png","type":"image\/png"}],"author":"Miguel Antonio M\u00e1rquez Monta\u00f1ez","twitter_card":"summary_large_image","twitter_misc":{"Escrito por":"Miguel Antonio M\u00e1rquez Monta\u00f1ez","Tiempo de lectura":"2 minutos"},"schema":{"@context":"https:\/\/schema.org","@graph":[{"@type":"Article","@id":"https:\/\/contadoreshoy.com\/?p=12641#article","isPartOf":{"@id":"https:\/\/contadoreshoy.com\/?p=12641"},"author":{"name":"Miguel Antonio M\u00e1rquez Monta\u00f1ez","@id":"https:\/\/contadoreshoy.com\/#\/schema\/person\/96d8979cb865537c5dc9345e40089fc5"},"headline":"Decreto 797 junio 04 de 2020 &#8211; Medidas transitorias en materia de arrendamiento de locales comerciales","datePublished":"2020-06-07T03:42:27+00:00","dateModified":"2020-06-07T03:45:42+00:00","mainEntityOfPage":{"@id":"https:\/\/contadoreshoy.com\/?p=12641"},"wordCount":484,"commentCount":0,"publisher":{"@id":"https:\/\/contadoreshoy.com\/#organization"},"image":{"@id":"https:\/\/contadoreshoy.com\/?p=12641#primaryimage"},"thumbnailUrl":"https:\/\/contadoreshoy.com\/wp-content\/uploads\/2020\/06\/Sitios-de-esparcimiento.png","articleSection":{"1":"Uncategorized"},"inLanguage":"es","potentialAction":[{"@type":"CommentAction","name":"Comment","target":["https:\/\/contadoreshoy.com\/?p=12641#respond"]}]},{"@type":"WebPage","@id":"https:\/\/contadoreshoy.com\/?p=12641","url":"https:\/\/contadoreshoy.com\/?p=12641","name":"Decreto 797 junio 04 de 2020 - Medidas transitorias en materia de arrendamiento de locales comerciales - Contadores P\u00fablicos","isPartOf":{"@id":"https:\/\/contadoreshoy.com\/#website"},"primaryImageOfPage":{"@id":"https:\/\/contadoreshoy.com\/?p=12641#primaryimage"},"image":{"@id":"https:\/\/contadoreshoy.com\/?p=12641#primaryimage"},"thumbnailUrl":"https:\/\/contadoreshoy.com\/wp-content\/uploads\/2020\/06\/Sitios-de-esparcimiento.png","datePublished":"2020-06-07T03:42:27+00:00","dateModified":"2020-06-07T03:45:42+00:00","breadcrumb":{"@id":"https:\/\/contadoreshoy.com\/?p=12641#breadcrumb"},"inLanguage":"es","potentialAction":[{"@type":"ReadAction","target":["https:\/\/contadoreshoy.com\/?p=12641"]}]},{"@type":"ImageObject","inLanguage":"es","@id":"https:\/\/contadoreshoy.com\/?p=12641#primaryimage","url":"https:\/\/contadoreshoy.com\/wp-content\/uploads\/2020\/06\/Sitios-de-esparcimiento.png","contentUrl":"https:\/\/contadoreshoy.com\/wp-content\/uploads\/2020\/06\/Sitios-de-esparcimiento.png","width":2002,"height":1133},{"@type":"BreadcrumbList","@id":"https:\/\/contadoreshoy.com\/?p=12641#breadcrumb","itemListElement":[{"@type":"ListItem","position":1,"name":"Portada","item":"https:\/\/contadoreshoy.com\/"},{"@type":"ListItem","position":2,"name":"Decreto 797 junio 04 de 2020 &#8211; Medidas transitorias en materia de arrendamiento de locales comerciales"}]},{"@type":"WebSite","@id":"https:\/\/contadoreshoy.com\/#website","url":"https:\/\/contadoreshoy.com\/","name":"Contadorespublicossantander","description":"Portal para Contadores P\u00fablicos y empresarios","publisher":{"@id":"https:\/\/contadoreshoy.com\/#organization"},"potentialAction":[{"@type":"SearchAction","target":{"@type":"EntryPoint","urlTemplate":"https:\/\/contadoreshoy.com\/?s={search_term_string}"},"query-input":{"@type":"PropertyValueSpecification","valueRequired":true,"valueName":"search_term_string"}}],"inLanguage":"es"},{"@type":"Organization","@id":"https:\/\/contadoreshoy.com\/#organization","name":"Contadores P\u00fablicos de Santander","url":"https:\/\/contadoreshoy.com\/","logo":{"@type":"ImageObject","inLanguage":"es","@id":"https:\/\/contadoreshoy.com\/#\/schema\/logo\/image\/","url":"https:\/\/contadoreshoy.com\/wp-content\/uploads\/2024\/01\/cropped-cropped-Copia-de-M-1.jpg","contentUrl":"https:\/\/contadoreshoy.com\/wp-content\/uploads\/2024\/01\/cropped-cropped-Copia-de-M-1.jpg","width":499,"height":500,"caption":"Contadores P\u00fablicos de Santander"},"image":{"@id":"https:\/\/contadoreshoy.com\/#\/schema\/logo\/image\/"},"sameAs":["https:\/\/www.facebook.com\/CCCPBucaramanga\/"]},{"@type":"Person","@id":"https:\/\/contadoreshoy.com\/#\/schema\/person\/96d8979cb865537c5dc9345e40089fc5","name":"Miguel Antonio M\u00e1rquez Monta\u00f1ez","description":"Contador P\u00fablico egresado de la Universidad Aut\u00f3noma de Bucaramanga - Asesor contable tributario con m\u00e1s de 25 a\u00f1os de experiencia - Conferencista en temas contables y tributarios - T\u00e9cnico en Hardware y Dise\u00f1o Web - Creador y director Grupo de Estudio Colegio Colombiano de Contadores P\u00fablicos de Bucaramanga - Creador y Master Web p\u00e1gina www.contadoresp\u00fablicossantander.com - Expresidente Colegio Colombiano de Contadores P\u00fablicos Bucaramanga","url":"https:\/\/contadoreshoy.com\/?author=1"}]}},"_links":{"self":[{"href":"https:\/\/contadoreshoy.com\/index.php?rest_route=\/wp\/v2\/posts\/12641","targetHints":{"allow":["GET"]}}],"collection":[{"href":"https:\/\/contadoreshoy.com\/index.php?rest_route=\/wp\/v2\/posts"}],"about":[{"href":"https:\/\/contadoreshoy.com\/index.php?rest_route=\/wp\/v2\/types\/post"}],"author":[{"embeddable":true,"href":"https:\/\/contadoreshoy.com\/index.php?rest_route=\/wp\/v2\/users\/1"}],"replies":[{"embeddable":true,"href":"https:\/\/contadoreshoy.com\/index.php?rest_route=%2Fwp%2Fv2%2Fcomments&post=12641"}],"version-history":[{"count":3,"href":"https:\/\/contadoreshoy.com\/index.php?rest_route=\/wp\/v2\/posts\/12641\/revisions"}],"predecessor-version":[{"id":12645,"href":"https:\/\/contadoreshoy.com\/index.php?rest_route=\/wp\/v2\/posts\/12641\/revisions\/12645"}],"wp:featuredmedia":[{"embeddable":true,"href":"https:\/\/contadoreshoy.com\/index.php?rest_route=\/wp\/v2\/media\/12643"}],"wp:attachment":[{"href":"https:\/\/contadoreshoy.com\/index.php?rest_route=%2Fwp%2Fv2%2Fmedia&parent=12641"}],"wp:term":[{"taxonomy":"category","embeddable":true,"href":"https:\/\/contadoreshoy.com\/index.php?rest_route=%2Fwp%2Fv2%2Fcategories&post=12641"},{"taxonomy":"post_tag","embeddable":true,"href":"https:\/\/contadoreshoy.com\/index.php?rest_route=%2Fwp%2Fv2%2Ftags&post=12641"}],"curies":[{"name":"wp","href":"https:\/\/api.w.org\/{rel}","templated":true}]}}