{"id":12646,"date":"2020-06-06T23:47:52","date_gmt":"2020-06-07T04:47:52","guid":{"rendered":"https:\/\/contadoreshoy.com\/?p=12646"},"modified":"2020-06-07T00:09:04","modified_gmt":"2020-06-07T05:09:04","slug":"decreto-807-junio-4-2020-devoluciones-compensaciones-e-inspecciones-tributarias-marco-del-estado-emergencia-economica","status":"publish","type":"post","link":"https:\/\/contadoreshoy.com\/?p=12646","title":{"rendered":"Decreto 807 junio 4 de 2020 &#8211; Devoluciones, compensaciones e inspecciones tributarias en el marco del Estado de emergencia econ\u00f3mica"},"content":{"rendered":"<p><img loading=\"lazy\" decoding=\"async\" class=\"aligncenter wp-image-12653 size-large\" src=\"https:\/\/contadoreshoy.com\/wp-content\/uploads\/2020\/06\/INSPECCION-CONTABLE-1240x693.png\" alt=\"\" width=\"1240\" height=\"693\" srcset=\"https:\/\/contadoreshoy.com\/wp-content\/uploads\/2020\/06\/INSPECCION-CONTABLE-1240x693.png 1240w, https:\/\/contadoreshoy.com\/wp-content\/uploads\/2020\/06\/INSPECCION-CONTABLE-600x335.png 600w, https:\/\/contadoreshoy.com\/wp-content\/uploads\/2020\/06\/INSPECCION-CONTABLE-768x429.png 768w, https:\/\/contadoreshoy.com\/wp-content\/uploads\/2020\/06\/INSPECCION-CONTABLE-2000x1117.png 2000w, https:\/\/contadoreshoy.com\/wp-content\/uploads\/2020\/06\/INSPECCION-CONTABLE.png 2018w\" sizes=\"auto, (max-width: 1240px) 100vw, 1240px\" \/><\/p>\n<p style=\"text-align: center;\"><strong><span style=\"color: #000000;\">MINISTERIO DE HACIENDA Y CR\u00c9DITO P\u00daBLICO<\/span><\/strong><\/p>\n<p style=\"text-align: center;\"><a href=\"https:\/\/dapre.presidencia.gov.co\/normativa\/normativa\/DECRETO%20807%20DEL%204%20DE%20JUNIO%20DE%202020.pdf\" target=\"_blank\" rel=\"noopener\"><strong><span style=\"color: #000000;\">DECRETO 807 JUNIO 4 DE 2020<\/span><\/strong><\/a><\/p>\n<p style=\"text-align: center;\"><strong><span style=\"color: #000000;\">Por el cual se adoptan medidas tributarias y de control cambiar\u00edo transitorias en el marco del Estado de Emergencia Econ\u00f3mica, Social y Ecol\u00f3gica declarada mediante el Decreto 637 del 6 de mayo de 2020 <\/span><\/strong><\/p>\n<p>&nbsp;<\/p>\n<p style=\"text-align: center;\"><strong><span style=\"color: #000000;\">EL PRESIDENTE DE LA REP\u00daBLICA DE COLOMBIA <\/span><\/strong><\/p>\n<p style=\"text-align: center;\"><strong><span style=\"color: #000000;\">DECRETA<\/span><\/strong><\/p>\n<p style=\"text-align: center;\"><strong><span style=\"color: #000000;\"> T\u00edTULO I <\/span><\/strong><\/p>\n<p style=\"text-align: center;\"><strong><span style=\"color: #000000;\">DEVOLUCIONES Y\/O COMPENSACIONES <\/span><\/strong><\/p>\n<p style=\"text-align: justify;\"><strong><span style=\"color: #000000;\">Articulo 1. Modificaci\u00f3n del inciso 1 del art\u00edculo 1 del Decreto Legislativo 535 de 2020. Modif\u00edquese el inciso 1 del art\u00edculo 1 del Decreto Legislativo 535 de 2020, el cual quedar\u00e1 as\u00ed:<\/span><\/strong><\/p>\n<p style=\"text-align: justify;\"><strong><span style=\"color: #000000;\"><span style=\"color: #0000ff;\">\u00abHasta el diecinueve (19) de junio de 2020, los contribuyentes y responsables del impuesto sobre la renta y complementarios y del impuesto sobre las ventas -IV A que no sean calificados de riesgo alto en materia tributaria se les autorizar\u00e1 la devoluci\u00f3n y\/o compensaci\u00f3n de los respectivos saldos a favor mediante el procedimiento abreviado dentro de los quince (15) d\u00edas siguientes a la fecha de presentaci\u00f3n de la solicitud de devoluci\u00f3n y\/o compensaci\u00f3n oportunamente y en debida forma<\/span>.\u00bb<\/span><\/strong><\/p>\n<p style=\"text-align: justify;\"><strong><span style=\"color: #000000;\"> Articulo 2. Modificaci\u00f3n del par\u00e1grafo del art\u00edculo 3 del Decreto Legislativo 535 de 2020. Modif\u00edquese el par\u00e1grafo del art\u00edculo 3 del Decreto Legislativo 535 de 2020, el cual quedar\u00e1 as\u00ed: <\/span><\/strong><\/p>\n<p style=\"text-align: justify;\"><strong><span style=\"color: #000000;\">\u00abPar\u00e1grafo. Las solicitudes de devoluci\u00f3n y\/o compensaci\u00f3n que se encuentren en tr\u00e1mite a trav\u00e9s del procedimiento abreviado de que trata el presente Decreto Legislativo al diecinueve (19) de junio de 2020, finalizar\u00e1n con este procedimiento, incluidas aquellas que fueron inadmitidas y se radiquen dentro del mes siguiente a su inadmisi\u00f3n, conforme con lo previsto en el par\u00e1grafo 1 del articulo 857 del Estatuto Tributario.\u00bb <\/span><\/strong><\/p>\n<p style=\"text-align: justify;\"><strong><span style=\"color: #000000;\">Art\u00edculo 3. Modificaci\u00f3n transitoria del literal b) del par\u00e1grafo 5 del articulo 855 del Estatuto Tributario. Modif\u00edquese de manera transitoria a partir del veintid\u00f3s (22) de junio y hasta el treinta y uno (31) de diciembre de 2020 el literal b) del par\u00e1grafo 5 del art\u00edculo 855 del Estatuto Tributario, el cual quedar\u00e1 as\u00ed: . <\/span><\/strong><\/p>\n<p style=\"text-align: justify;\"><strong><span style=\"color: #000000;\">\u00abb. Hasta el veinticinco (25%) de los costos o gastos y\/o impuestos sobre las ventas descontables provengan de proveedores que emitan sus facturas mediante el mecanismo de factura e.lectr\u00f3nica. Ser\u00e1n excluidos del c\u00e1lculo del porcentaje m\u00ednimo que debe soportarse con factura electr\u00f3nica de venta los costos y gastos que al momento del c\u00e1lculo no sean susceptibles de ser soportados por el mecanismo de factura electr\u00f3nica, tales como amortizaciones, depreciaciones y pagos de n\u00f3mina. De igual forma las declaraciones de importaci\u00f3n ser\u00e1n soporte de costos y\/o. <\/span><\/strong><\/p>\n<p style=\"text-align: justify;\"><strong><span style=\"color: #000000;\">A partir del primero (1) de enero de 2021, el porcentaje a aplicar ser\u00e1 de m\u00e1s del ochenta y cinco por ciento (85%).\u00bb<\/span><\/strong><\/p>\n<p style=\"text-align: justify;\"><span style=\"color: #0000ff;\"><strong>Art\u00edculo 4. T\u00e9rmino para resolver las solicitudes de devoluci\u00f3n y\/o compensaci\u00f3n de los saldos a favor del impuesto sobre la renta y complementarios y del impuesto sobre las ventas IVA. <\/strong><\/span><\/p>\n<p style=\"text-align: justify;\"><strong><span style=\"color: #000000;\">A los contribuyentes y responsables que soliciten la devoluci\u00f3n y\/o compensaci\u00f3n de los saldos a favor del impuesto sobre la renta y complementarios y del impuesto sobre las ventas -IVA y que no cumplan con las condiciones establecidas en el art\u00edculo 3 del presente Decreto Legislativo, se les resolver\u00e1 la solicitud de devoluci\u00f3n y\/o compensaci\u00f3n dentro del t\u00e9rmino establecido en el art\u00edculo 855 del Estatuto Tributario, sin que sea aplicable el par\u00e1grafo 5 de la misma disposici\u00f3n. Lo anterior sin perjuicio de la aplicaci\u00f3n del art\u00edculo 857-1 del Estatuto Tributario, en los casos en que haya lugar. <\/span><\/strong><\/p>\n<p style=\"text-align: center;\"><strong><span style=\"color: #000000;\">T\u00cdTULO II<\/span><\/strong><\/p>\n<p style=\"text-align: center;\"><strong><span style=\"color: #000000;\"> INSPECCi\u00d3N TRiBUTARIA VIRTUAL, INSPECCi\u00d3N CONTABLE VIRTUAL Y VISITAS ADMINISTRATIVAS VIRTUALES DE INSPECCI\u00d3N, VIGilANCIA Y CONTROL EN MATERiA TRIBUTARIA Y DE CONTROL CAMBIARlO. <\/span><\/strong><\/p>\n<p style=\"text-align: justify;\"><strong><span style=\"color: #000000;\"><span style=\"color: #0000ff;\">Art\u00edculo 5. Inspecci\u00f3n tributaria virtual<\/span>. <\/span><\/strong><\/p>\n<p style=\"text-align: justify;\"><strong><span style=\"color: #000000;\">La Unidad Administrativa Especial Direcci\u00f3n de Impuestos y Aduanas Nacionales -DIAN-podr\u00e1 realizar de manera virtual, mientras permanezca vigente la emergencia sanitaria por la pandemia del nuevo Coronavirus COVID-19, la pr\u00e1ctica de la inspecci\u00f3n tributaria virtual, para verificar la exactitud de las declaraciones, para establecer la existencia de hechos gravables declarados o no, y para verificar el cumplimiento de las obligaciones sustanciales y formales de los contribuyentes. <\/span><\/strong><\/p>\n<p style=\"text-align: justify;\"><strong><span style=\"color: #000000;\">Se entiende por inspecci\u00f3n tributaria virtual el medio de prueba en virtud del cual se realiza la constataci\u00f3n directa de los hechos que interesan a los procesos adelantados por la Administraci\u00f3n Tributaria, para verificar su existencia, caracter\u00edsticas y dem\u00e1s circunstancias de tiempo, modo y lugar, en la cual pueden decretarse todos los medios de prueba autorizados por la legislaci\u00f3n tributaria y otros ordenamientos legales, previa la observancia de las ritualidades que les sean propias. <\/span><\/strong><\/p>\n<p style=\"text-align: justify;\"><strong><span style=\"color: #000000;\">La inspecci\u00f3n tributaria virtual se decretar\u00e1 mediante auto que se notificar\u00e1 por correo o electr\u00f3nicamente, debi\u00e9ndose indicar en el mismo los hechos materia de la prueba y los funcionarios comisionados para practicarla. <\/span><\/strong><\/p>\n<p style=\"text-align: justify;\"><strong><span style=\"color: #000000;\">La inspecci\u00f3n tributaria virtual se iniciar\u00e1 una vez notificado el auto que la ordene. De ella se levantar\u00e1 un acta que contenga todos los hechos, pruebas y fundamentos en que se sustenta y la fecha de cierre de la investigaci\u00f3n debiendo ser suscrita por los funcionarios que la adelantaron. <\/span><\/strong><\/p>\n<p style=\"text-align: justify;\"><strong><span style=\"color: #000000;\">Cuando de la pr\u00e1ctica de la inspecci\u00f3n tributaria se derive una actuaci\u00f3n administrativa, el acta respectiva constituir\u00e1 parte de la misma. <\/span><\/strong><\/p>\n<p style=\"text-align: justify;\"><strong><span style=\"color: #000000;\">La Unidad Administrativa Especial Direcci\u00f3n de Impuestos y Aduanas Nacionales -DIAN-, mediante resoluci\u00f3n, desarrollar\u00e1 las soluciones digitales para la pr\u00e1ctica de la diligencia, los medios para el env\u00edo de la informaci\u00f3n, el levantamiento del acta y la suscripci\u00f3n de la misma y dem\u00e1s elementos que se requiera para hacer efectiva la pr\u00e1ctica de la diligencia. Lo dispuesto en el presente art\u00edculo aplica sin perjuicio de lo previsto en los art\u00edculos 778 y 779 del Estatuto Tributario. <\/span><\/strong><\/p>\n<p style=\"text-align: justify;\"><span style=\"color: #0000ff;\"><strong>Art\u00edculo 6. Inspecci\u00f3n contable virtual. <\/strong><\/span><\/p>\n<p style=\"text-align: justify;\"><strong><span style=\"color: #000000;\">La Unidad Administrativa Especial Direcci\u00f3n de Impuestos y Aduanas Nacionales -DIAN- podr\u00e1 realizar de manera virtual mientras permanezca vigente la emergencia sanitaria por la pandemia del nuevo Coronavirus COVID-19, la pr\u00e1ctica de la inspecci\u00f3n contable virtual al contribuyente como a terceros legalmente obligados a llevar contabilidad, para verificar la exactitud de las declaraciones, para establecer la existencia de hechos gravados o no, y para verificar el cumplimiento de obligaciones formales. <\/span><\/strong><\/p>\n<p style=\"text-align: justify;\"><strong><span style=\"color: #000000;\">Cuando alguna de las partes intervinientes se niegue a suscribir el acta a trav\u00e9s de la herramienta que implemente Unidad Administrativa Especial Direcci\u00f3n de Impuestos y Aduanas Nacionales -DIAN-, su omisi\u00f3n no afectar\u00e1 el valor probatorio de la diligencia. En todo caso se dejar\u00e1 constancia en el expediente de tal hecho. <\/span><\/strong><\/p>\n<p style=\"text-align: justify;\"><strong><span style=\"color: #000000;\">Se considera que los datos consignados en el acta de inspecci\u00f3n contable virtual est\u00e1n fielmente tomados de los libros, salvo que el contribuyente o responsable demuestre su inconformidad. <\/span><\/strong><\/p>\n<p style=\"text-align: justify;\"><strong><span style=\"color: #000000;\">Cuando de la pr\u00e1ctica de la inspecci\u00f3n contable virtual se derive una actuaci\u00f3n administrativa en contra del contribuyente, responsable, agente retenedor o declarante, o de un tercero, el acta de la inspecci\u00f3n contable virtual deber\u00e1 formar parte de dicha actuaci\u00f3n. <\/span><\/strong><\/p>\n<p style=\"text-align: justify;\"><strong><span style=\"color: #000000;\">La Unidad Administrativa Especial Direcci\u00f3n de Impuestos y Aduanas Nacionales -DIAN-, mediante resoluci\u00f3n, desarrollar\u00e1 las soluciones digitales para la pr\u00e1ctica de la diligencia, los medios para el env\u00edo de la informaci\u00f3n, ellevantarniento del acta y la suscripci\u00f3n de la misma y dem\u00e1s elementos que se requiera para hacer efectiva la pr\u00e1ctica de la diligencia. <\/span><\/strong><\/p>\n<p style=\"text-align: justify;\"><strong><span style=\"color: #000000;\">Lo dispuesto en el presente art\u00edculo aplica sin perjuicio de lo previsto en el art\u00edculo 782 del Estatuto Tributario. <\/span><\/strong><\/p>\n<p style=\"text-align: justify;\"><strong><span style=\"color: #000000;\"><span style=\"color: #0000ff;\">Art\u00edculo 7. Visitas administrativas virtuales de inspecci\u00f3n, vigilancia y control, en materia tributaria.<\/span> <\/span><\/strong><\/p>\n<p style=\"text-align: justify;\"><strong><span style=\"color: #000000;\">La Unidad Administrativa Especial Direcci\u00f3n de Impuestos y Aduanas Nacionales -DIAN-podr\u00e1 realizar, mientras permanezca vigente la emergencia sanitaria por la pandemia del nuevo Coronavirus COVID-19, visitas administrativas virtuales de inspecci\u00f3n, vigilancia y control para el cumplimiento de las funciones de control y vigilancia asignadas a la Unidad Administrativa Direcci\u00f3n de Impuestos y Aduanas Nacionales -DIAN \u00aden materia tributaria. <\/span><\/strong><\/p>\n<p style=\"text-align: justify;\"><strong><span style=\"color: #000000;\">Previo auto que ordene la diligencia debidamente notificada, la Unidad Administrativa Especial Direcci\u00f3n de Impuestos y Aduanas Nacionales, -DIAN-podr\u00e1 visitar virtualmente a los contribuyentes y responsables para solicitar la informaci\u00f3n que se requiera para adelantar las investigaciones en materia tributaria, para allegar las pruebas pertinentes, conducentes y \u00fatiles que suministren los contribuyentes y responsables y para establecer la existencia o inexistencia de una presunta conducta sancionable. <\/span><\/strong><\/p>\n<p style=\"text-align: justify;\"><strong><span style=\"color: #000000;\">Las visitas administrativas virtuales de inspecci\u00f3n, vigilancia y control, en materia de control tributario, se iniciar\u00e1n una vez notificado el auto que las ordene. De ella se levantar\u00e1 un acta que contenga todos los hechos, pruebas y fundamentos en que se sustenta y la fecha de cierre de la visita debiendo ser suscrita por los funcionarios que la adelantaron. <\/span><\/strong><\/p>\n<p style=\"text-align: justify;\"><strong><span style=\"color: #000000;\">Cuando de la pr\u00e1ctica de las visitas administrativas virtuales de inspecci\u00f3n, vigilancia y control, en materia tributaria se derive una actuaci\u00f3n administrativa, el acta respectiva constituir\u00e1 parte de la misma.<\/span><\/strong><\/p>\n<p style=\"text-align: justify;\"><strong><span style=\"color: #000000;\">Cuando alguna de las partes intervinientes se niegue a suscribir el acta a trav\u00e9s de la herramienta que implemente Unidad Administrativa Especial Direcci\u00f3n de Impuestos y Aduanas Nacionales -DIAN-, mediante resoluci\u00f3n, su omisi\u00f3n no afectar\u00e1 el valor probatorio de la visita administrativa virtual. En todo caso se dejar\u00e1 constancia en el expediente de tal hecho. <\/span><\/strong><\/p>\n<p style=\"text-align: justify;\"><strong><span style=\"color: #000000;\">La Unidad Administrativa Especial Direcci\u00f3n de Impuestos y Aduanas Nacionales -DIAN-, mediante resoluci\u00f3n, desarrollar\u00e1 las soluciones digitales para la pr\u00e1ctica de la visita administrativa virtual, los medios para el env\u00edo de la informaci\u00f3n, el levantamiento del acta y la suscripci\u00f3n de la misma y dem\u00e1s elementos que se requiera para hacer efectiva su pr\u00e1ctica. <\/span><\/strong><\/p>\n<p style=\"text-align: justify;\"><strong><span style=\"color: #000000;\">Lo dispuesto en el presente art\u00edculo, aplica sin perjuicio de lo previsto en el Estatuto Tributario. <\/span><\/strong><\/p>\n<p style=\"text-align: justify;\"><strong><span style=\"color: #000000;\"><span style=\"color: #0000ff;\">Art\u00edculo 8. Visitas administrativas virtuales de inspecci\u00f3n, vigilancia y control, en materia de control cambiar\u00edo.<\/span> <\/span><\/strong><\/p>\n<p style=\"text-align: justify;\"><strong><span style=\"color: #000000;\">La Unidad Administrativa Especial Direcci\u00f3n de Impuestos y Aduanas Nacionales -DIAN-podr\u00e1 realizar mientras permanezca vigente la emergencia sanitaria por la pandemia del nuevo Coronavirus COVID-19, visitas administrativas virtuales de inspecci\u00f3n, vigilancia y control para el cumplimiento de las funciones de control y vigilancia asignadas a la Unidad Administrativa Direcci\u00f3n de Impuestos y Aduanas Nacionales -DIAN-para prevenir e investigar posibles violaciones al r\u00e9gimen cambiario. <\/span><\/strong><\/p>\n<p style=\"text-align: justify;\"><strong><span style=\"color: #000000;\">Previo auto que ordene la diligencia debidamente comunicado, la Unidad Administrativa Especial Direcci\u00f3n de Impuestos yAduanas Nacionales -DIAN-podr\u00e1 visitar virtualmente a los usuarios cambiarios para\u00b7 solicitar la informaci\u00f3n que se requiera para adelantar las investigaciones en materia de control cambiario, para allegar las pruebas pertinentes, conducentes y \u00fatiles que suministren los usuarios cambiarios y para establecer la existencia o inexistencia de una presunta infracci\u00f3n cambiaria. <\/span><\/strong><\/p>\n<p style=\"text-align: justify;\"><strong><span style=\"color: #000000;\">Las visitas administrativas virtuales de inspecci\u00f3n, vigilancia y control, en materia de control cambiario, se iniciar\u00e1n una vez comunicado el auto que la ordene. De ella se levantar\u00e1 un acta que contenga todos los hechos, pruebas y fundamentos en que se sustenta y la fecha de cierre de la investigaci\u00f3n debiendo ser suscrita por los funcionarios que la adelantaron. <\/span><\/strong><\/p>\n<p style=\"text-align: justify;\"><strong><span style=\"color: #000000;\">Cuando de la pr\u00e1ctica de las visitas administrativas virtuales de inspecci\u00f3n, vigilancia y control, en materia de control cambiario, se derive una actuaci\u00f3n administrativa, el acta respectiva constituir\u00e1 parte de la misma. <\/span><\/strong><\/p>\n<p style=\"text-align: justify;\"><strong><span style=\"color: #000000;\">Cuando alguna de las partes intervinientes se niegue a suscribir el acta a trav\u00e9s de la herramienta que implemente Unidad Administrativa Especial Direcci\u00f3n de Impuestos y Aduanas Nacionales -DIAN-mediante resoluci\u00f3n, su omisi\u00f3n no afectar\u00e1 el valor probatorio de la diligencia. En todo caso se dejar\u00e1 constancia en el expediente de tal hecho.<\/span><\/strong><\/p>\n<p style=\"text-align: justify;\"><strong><span style=\"color: #000000;\">La Unidad Administrativa Especial Direcci\u00f3n de Impuestos y Aduanas Nacionales -DIAI\\l-, mediante resoluci\u00f3n, desarrollar\u00e1 las soluciones digitales para la pr\u00e1ctica de la diligencia, los medios para el env\u00edo de la informaci\u00f3n, el levantamiento del acta y la suscripci\u00f3n de la misma y dem\u00e1s elementos que se requiera para hacer efectiva la pr\u00e1ctica de la diligencia. <\/span><\/strong><\/p>\n<p style=\"text-align: justify;\"><strong><span style=\"color: #000000;\">Lo dispuesto en el presente art\u00edculo, aplica sin perjuicio de lo previsto en los art\u00edculos 7 y 9 del Decreto Ley 2245 de 2011. <\/span><\/strong><\/p>\n<p style=\"text-align: justify;\"><strong><span style=\"color: #000000;\">Art\u00edculo 9. Vigencia. El presente decreto rige a partir de la fecha de su publicaci\u00f3n en el diario oficial y modifica el inciso 1 del art\u00edculo 1 y el par\u00e1grafo del art\u00edculo 3 del Decreto Legislativo 535 de 2020. <\/span><\/strong><\/p>\n<p style=\"text-align: justify;\"><strong><span style=\"color: #000000;\">PUBL\u00cdQUESE Y C\u00daMPLASE<\/span><\/strong><\/p>\n<p style=\"text-align: justify;\"><strong><span style=\"color: #000000;\">Dado en Bogot\u00e1 D.C. junio 4 de 2020<\/span><\/strong><\/p>\n<p style=\"text-align: justify;\"><a href=\"https:\/\/dapre.presidencia.gov.co\/normativa\/normativa\/DECRETO%20807%20DEL%204%20DE%20JUNIO%20DE%202020.pdf\" target=\"_blank\" rel=\"noopener\"><strong><span style=\"color: #000000;\">Para descargar el Decreto 807 de junio 4 de 2020, dar click en este enlace<\/span><\/strong><\/a><\/p>\n<div class=\"canvasWrapper\">&nbsp;<\/div>\n<p>&nbsp;<\/p>\n","protected":false},"excerpt":{"rendered":"<p>MINISTERIO DE HACIENDA Y CR\u00c9DITO P\u00daBLICO DECRETO 807 JUNIO 4 DE 2020 Por el cual se adoptan medidas tributarias y de control cambiar\u00edo transitorias en el marco del Estado de&#46;&#46;&#46;<\/p>\n","protected":false},"author":1,"featured_media":12653,"comment_status":"open","ping_status":"open","sticky":false,"template":"","format":"standard","meta":{"_monsterinsights_skip_tracking":false,"ngg_post_thumbnail":0,"footnotes":"","_links_to":"","_links_to_target":""},"categories":[454,1],"tags":[],"class_list":["post-12646","post","type-post","status-publish","format-standard","has-post-thumbnail","hentry","category-sin-categoria","category-uncategorized"],"aioseo_notices":[],"aioseo_head":"\n\t\t<!-- All in One SEO 5.0.1.1 - aioseo.com -->\n\t<meta name=\"description\" content=\"MINISTERIO DE HACIENDA Y CR\u00c9DITO P\u00daBLICO DECRETO 807 JUNIO 4 DE 2020 Por el cual se adoptan medidas tributarias y de control cambiar\u00edo transitorias en el marco del Estado de Emergencia Econ\u00f3mica, Social y Ecol\u00f3gica declarada mediante el Decreto 637 del 6 de mayo de 2020 EL PRESIDENTE DE LA REP\u00daBLICA DE COLOMBIA DECRETA\" \/>\n\t<meta name=\"robots\" content=\"max-image-preview:large\" \/>\n\t<meta name=\"author\" content=\"Miguel Antonio M\u00e1rquez Monta\u00f1ez\"\/>\n\t<link rel=\"canonical\" href=\"https:\/\/contadoreshoy.com\/?p=12646\" \/>\n\t<meta name=\"generator\" content=\"All in One SEO (AIOSEO) 5.0.1.1\" \/>\n\t\t<meta property=\"og:locale\" content=\"es_ES\" \/>\n\t\t<meta property=\"og:site_name\" content=\"Contadores P\u00fablicos - Portal para Contadores P\u00fablicos y empresarios\" \/>\n\t\t<meta property=\"og:type\" content=\"article\" \/>\n\t\t<meta property=\"og:title\" content=\"Decreto 807 junio 4 de 2020 \u2013 Devoluciones, compensaciones e inspecciones tributarias en el marco del Estado de emergencia econ\u00f3mica - Contadores P\u00fablicos\" \/>\n\t\t<meta property=\"og:description\" content=\"MINISTERIO DE HACIENDA Y CR\u00c9DITO P\u00daBLICO DECRETO 807 JUNIO 4 DE 2020 Por el cual se adoptan medidas tributarias y de control cambiar\u00edo transitorias en el marco del Estado de Emergencia Econ\u00f3mica, Social y Ecol\u00f3gica declarada mediante el Decreto 637 del 6 de mayo de 2020 EL PRESIDENTE DE LA REP\u00daBLICA DE COLOMBIA DECRETA\" \/>\n\t\t<meta property=\"og:url\" content=\"https:\/\/contadoreshoy.com\/?p=12646\" \/>\n\t\t<meta property=\"og:image\" content=\"https:\/\/contadoreshoy.com\/wp-content\/uploads\/2024\/01\/cropped-cropped-cropped-Copia-de-M.jpg\" \/>\n\t\t<meta property=\"og:image:secure_url\" content=\"https:\/\/contadoreshoy.com\/wp-content\/uploads\/2024\/01\/cropped-cropped-cropped-Copia-de-M.jpg\" \/>\n\t\t<meta property=\"og:image:width\" content=\"512\" \/>\n\t\t<meta property=\"og:image:height\" content=\"371\" \/>\n\t\t<meta property=\"article:published_time\" content=\"2020-06-07T04:47:52+00:00\" \/>\n\t\t<meta property=\"article:modified_time\" content=\"2020-06-07T05:09:04+00:00\" \/>\n\t\t<meta name=\"twitter:card\" content=\"summary_large_image\" \/>\n\t\t<meta name=\"twitter:title\" content=\"Decreto 807 junio 4 de 2020 \u2013 Devoluciones, compensaciones e inspecciones tributarias en el marco del Estado de emergencia econ\u00f3mica - Contadores P\u00fablicos\" \/>\n\t\t<meta name=\"twitter:description\" content=\"MINISTERIO DE HACIENDA Y CR\u00c9DITO P\u00daBLICO DECRETO 807 JUNIO 4 DE 2020 Por el cual se adoptan medidas tributarias y de control cambiar\u00edo transitorias en el marco del Estado de Emergencia Econ\u00f3mica, Social y Ecol\u00f3gica declarada mediante el Decreto 637 del 6 de mayo de 2020 EL PRESIDENTE DE LA REP\u00daBLICA DE COLOMBIA DECRETA\" \/>\n\t\t<meta name=\"twitter:image\" content=\"https:\/\/contadoreshoy.com\/wp-content\/uploads\/2024\/01\/cropped-cropped-cropped-Copia-de-M.jpg\" \/>\n\t\t<script type=\"application\/ld+json\" class=\"aioseo-schema\">\n\t\t\t{\"@context\":\"https:\\\/\\\/schema.org\",\"@graph\":[{\"@type\":\"BlogPosting\",\"@id\":\"https:\\\/\\\/contadoreshoy.com\\\/?p=12646#blogposting\",\"name\":\"Decreto 807 junio 4 de 2020 \\u2013 Devoluciones, compensaciones e inspecciones tributarias en el marco del Estado de emergencia econ\\u00f3mica - Contadores P\\u00fablicos\",\"headline\":\"Decreto 807 junio 4 de 2020 &#8211; Devoluciones, compensaciones e inspecciones tributarias en el marco del Estado de emergencia econ\\u00f3mica\",\"author\":{\"@id\":\"https:\\\/\\\/contadoreshoy.com\\\/?author=1#author\"},\"publisher\":{\"@id\":\"https:\\\/\\\/contadoreshoy.com\\\/#organization\"},\"image\":{\"@type\":\"ImageObject\",\"url\":\"https:\\\/\\\/contadoreshoy.com\\\/wp-content\\\/uploads\\\/2020\\\/06\\\/INSPECCION-CONTABLE.png\",\"width\":2018,\"height\":1127},\"datePublished\":\"2020-06-06T23:47:52-05:00\",\"dateModified\":\"2020-06-07T00:09:04-05:00\",\"inLanguage\":\"es-ES\",\"mainEntityOfPage\":{\"@id\":\"https:\\\/\\\/contadoreshoy.com\\\/?p=12646#webpage\"},\"isPartOf\":{\"@id\":\"https:\\\/\\\/contadoreshoy.com\\\/?p=12646#webpage\"},\"articleSection\":\"Sin categor\\u00eda, Uncategorized\"},{\"@type\":\"BreadcrumbList\",\"@id\":\"https:\\\/\\\/contadoreshoy.com\\\/?p=12646#breadcrumblist\",\"itemListElement\":[{\"@type\":\"ListItem\",\"@id\":\"https:\\\/\\\/contadoreshoy.com#listItem\",\"position\":1,\"name\":\"Home\",\"item\":\"https:\\\/\\\/contadoreshoy.com\",\"nextItem\":{\"@type\":\"ListItem\",\"@id\":\"https:\\\/\\\/contadoreshoy.com\\\/?cat=1#listItem\",\"name\":\"Uncategorized\"}},{\"@type\":\"ListItem\",\"@id\":\"https:\\\/\\\/contadoreshoy.com\\\/?cat=1#listItem\",\"position\":2,\"name\":\"Uncategorized\",\"item\":\"https:\\\/\\\/contadoreshoy.com\\\/?cat=1\",\"nextItem\":{\"@type\":\"ListItem\",\"@id\":\"https:\\\/\\\/contadoreshoy.com\\\/?p=12646#listItem\",\"name\":\"Decreto 807 junio 4 de 2020 &#8211; Devoluciones, compensaciones e inspecciones tributarias en el marco del Estado de emergencia econ\\u00f3mica\"},\"previousItem\":{\"@type\":\"ListItem\",\"@id\":\"https:\\\/\\\/contadoreshoy.com#listItem\",\"name\":\"Home\"}},{\"@type\":\"ListItem\",\"@id\":\"https:\\\/\\\/contadoreshoy.com\\\/?p=12646#listItem\",\"position\":3,\"name\":\"Decreto 807 junio 4 de 2020 &#8211; Devoluciones, compensaciones e inspecciones tributarias en el marco del Estado de emergencia econ\\u00f3mica\",\"previousItem\":{\"@type\":\"ListItem\",\"@id\":\"https:\\\/\\\/contadoreshoy.com\\\/?cat=1#listItem\",\"name\":\"Uncategorized\"}}]},{\"@type\":\"Organization\",\"@id\":\"https:\\\/\\\/contadoreshoy.com\\\/#organization\",\"name\":\"Contadores P\\u00fablicos\",\"description\":\"Portal para Contadores P\\u00fablicos y empresarios\",\"url\":\"https:\\\/\\\/contadoreshoy.com\\\/\",\"logo\":{\"@type\":\"ImageObject\",\"url\":\"https:\\\/\\\/contadoreshoy.com\\\/wp-content\\\/uploads\\\/2024\\\/01\\\/cropped-cropped-Copia-de-M-1.jpg\",\"@id\":\"https:\\\/\\\/contadoreshoy.com\\\/?p=12646\\\/#organizationLogo\",\"width\":499,\"height\":500},\"image\":{\"@id\":\"https:\\\/\\\/contadoreshoy.com\\\/?p=12646\\\/#organizationLogo\"}},{\"@type\":\"Person\",\"@id\":\"https:\\\/\\\/contadoreshoy.com\\\/?author=1#author\",\"url\":\"https:\\\/\\\/contadoreshoy.com\\\/?author=1\",\"name\":\"Miguel Antonio M\\u00e1rquez Monta\\u00f1ez\"},{\"@type\":\"WebPage\",\"@id\":\"https:\\\/\\\/contadoreshoy.com\\\/?p=12646#webpage\",\"url\":\"https:\\\/\\\/contadoreshoy.com\\\/?p=12646\",\"name\":\"Decreto 807 junio 4 de 2020 \\u2013 Devoluciones, compensaciones e inspecciones tributarias en el marco del Estado de emergencia econ\\u00f3mica - Contadores P\\u00fablicos\",\"description\":\"MINISTERIO DE HACIENDA Y CR\\u00c9DITO P\\u00daBLICO DECRETO 807 JUNIO 4 DE 2020 Por el cual se adoptan medidas tributarias y de control cambiar\\u00edo transitorias en el marco del Estado de Emergencia Econ\\u00f3mica, Social y Ecol\\u00f3gica declarada mediante el Decreto 637 del 6 de mayo de 2020 EL PRESIDENTE DE LA REP\\u00daBLICA DE COLOMBIA DECRETA\",\"inLanguage\":\"es-ES\",\"isPartOf\":{\"@id\":\"https:\\\/\\\/contadoreshoy.com\\\/#website\"},\"breadcrumb\":{\"@id\":\"https:\\\/\\\/contadoreshoy.com\\\/?p=12646#breadcrumblist\"},\"author\":{\"@id\":\"https:\\\/\\\/contadoreshoy.com\\\/?author=1#author\"},\"creator\":{\"@id\":\"https:\\\/\\\/contadoreshoy.com\\\/?author=1#author\"},\"image\":{\"@type\":\"ImageObject\",\"url\":\"https:\\\/\\\/contadoreshoy.com\\\/wp-content\\\/uploads\\\/2020\\\/06\\\/INSPECCION-CONTABLE.png\",\"@id\":\"https:\\\/\\\/contadoreshoy.com\\\/?p=12646\\\/#mainImage\",\"width\":2018,\"height\":1127},\"primaryImageOfPage\":{\"@id\":\"https:\\\/\\\/contadoreshoy.com\\\/?p=12646#mainImage\"},\"datePublished\":\"2020-06-06T23:47:52-05:00\",\"dateModified\":\"2020-06-07T00:09:04-05:00\"},{\"@type\":\"WebSite\",\"@id\":\"https:\\\/\\\/contadoreshoy.com\\\/#website\",\"url\":\"https:\\\/\\\/contadoreshoy.com\\\/\",\"name\":\"Contadores P\\u00fablicos\",\"description\":\"Portal para Contadores P\\u00fablicos y empresarios\",\"inLanguage\":\"es-ES\",\"publisher\":{\"@id\":\"https:\\\/\\\/contadoreshoy.com\\\/#organization\"}}]}\n\t\t<\/script>\n\t\t<!-- All in One SEO -->\n\n","aioseo_head_json":{"title":"Decreto 807 junio 4 de 2020 \u2013 Devoluciones, compensaciones e inspecciones tributarias en el marco del Estado de emergencia econ\u00f3mica - Contadores P\u00fablicos","description":"MINISTERIO DE HACIENDA Y CR\u00c9DITO P\u00daBLICO DECRETO 807 JUNIO 4 DE 2020 Por el cual se adoptan medidas tributarias y de control cambiar\u00edo transitorias en el marco del Estado de Emergencia Econ\u00f3mica, Social y Ecol\u00f3gica declarada mediante el Decreto 637 del 6 de mayo de 2020 EL PRESIDENTE DE LA REP\u00daBLICA DE COLOMBIA DECRETA","canonical_url":"https:\/\/contadoreshoy.com\/?p=12646","robots":"max-image-preview:large","keywords":"","webmasterTools":{"miscellaneous":""},"schema":{"@context":"https:\/\/schema.org","@graph":[{"@type":"BlogPosting","@id":"https:\/\/contadoreshoy.com\/?p=12646#blogposting","name":"Decreto 807 junio 4 de 2020 \u2013 Devoluciones, compensaciones e inspecciones tributarias en el marco del Estado de emergencia econ\u00f3mica - Contadores P\u00fablicos","headline":"Decreto 807 junio 4 de 2020 &#8211; Devoluciones, compensaciones e inspecciones tributarias en el marco del Estado de emergencia econ\u00f3mica","author":{"@id":"https:\/\/contadoreshoy.com\/?author=1#author"},"publisher":{"@id":"https:\/\/contadoreshoy.com\/#organization"},"image":{"@type":"ImageObject","url":"https:\/\/contadoreshoy.com\/wp-content\/uploads\/2020\/06\/INSPECCION-CONTABLE.png","width":2018,"height":1127},"datePublished":"2020-06-06T23:47:52-05:00","dateModified":"2020-06-07T00:09:04-05:00","inLanguage":"es-ES","mainEntityOfPage":{"@id":"https:\/\/contadoreshoy.com\/?p=12646#webpage"},"isPartOf":{"@id":"https:\/\/contadoreshoy.com\/?p=12646#webpage"},"articleSection":"Sin categor\u00eda, Uncategorized"},{"@type":"BreadcrumbList","@id":"https:\/\/contadoreshoy.com\/?p=12646#breadcrumblist","itemListElement":[{"@type":"ListItem","@id":"https:\/\/contadoreshoy.com#listItem","position":1,"name":"Home","item":"https:\/\/contadoreshoy.com","nextItem":{"@type":"ListItem","@id":"https:\/\/contadoreshoy.com\/?cat=1#listItem","name":"Uncategorized"}},{"@type":"ListItem","@id":"https:\/\/contadoreshoy.com\/?cat=1#listItem","position":2,"name":"Uncategorized","item":"https:\/\/contadoreshoy.com\/?cat=1","nextItem":{"@type":"ListItem","@id":"https:\/\/contadoreshoy.com\/?p=12646#listItem","name":"Decreto 807 junio 4 de 2020 &#8211; Devoluciones, compensaciones e inspecciones tributarias en el marco del Estado de emergencia econ\u00f3mica"},"previousItem":{"@type":"ListItem","@id":"https:\/\/contadoreshoy.com#listItem","name":"Home"}},{"@type":"ListItem","@id":"https:\/\/contadoreshoy.com\/?p=12646#listItem","position":3,"name":"Decreto 807 junio 4 de 2020 &#8211; Devoluciones, compensaciones e inspecciones tributarias en el marco del Estado de emergencia econ\u00f3mica","previousItem":{"@type":"ListItem","@id":"https:\/\/contadoreshoy.com\/?cat=1#listItem","name":"Uncategorized"}}]},{"@type":"Organization","@id":"https:\/\/contadoreshoy.com\/#organization","name":"Contadores P\u00fablicos","description":"Portal para Contadores P\u00fablicos y empresarios","url":"https:\/\/contadoreshoy.com\/","logo":{"@type":"ImageObject","url":"https:\/\/contadoreshoy.com\/wp-content\/uploads\/2024\/01\/cropped-cropped-Copia-de-M-1.jpg","@id":"https:\/\/contadoreshoy.com\/?p=12646\/#organizationLogo","width":499,"height":500},"image":{"@id":"https:\/\/contadoreshoy.com\/?p=12646\/#organizationLogo"}},{"@type":"Person","@id":"https:\/\/contadoreshoy.com\/?author=1#author","url":"https:\/\/contadoreshoy.com\/?author=1","name":"Miguel Antonio M\u00e1rquez Monta\u00f1ez"},{"@type":"WebPage","@id":"https:\/\/contadoreshoy.com\/?p=12646#webpage","url":"https:\/\/contadoreshoy.com\/?p=12646","name":"Decreto 807 junio 4 de 2020 \u2013 Devoluciones, compensaciones e inspecciones tributarias en el marco del Estado de emergencia econ\u00f3mica - Contadores P\u00fablicos","description":"MINISTERIO DE HACIENDA Y CR\u00c9DITO P\u00daBLICO DECRETO 807 JUNIO 4 DE 2020 Por el cual se adoptan medidas tributarias y de control cambiar\u00edo transitorias en el marco del Estado de Emergencia Econ\u00f3mica, Social y Ecol\u00f3gica declarada mediante el Decreto 637 del 6 de mayo de 2020 EL PRESIDENTE DE LA REP\u00daBLICA DE COLOMBIA DECRETA","inLanguage":"es-ES","isPartOf":{"@id":"https:\/\/contadoreshoy.com\/#website"},"breadcrumb":{"@id":"https:\/\/contadoreshoy.com\/?p=12646#breadcrumblist"},"author":{"@id":"https:\/\/contadoreshoy.com\/?author=1#author"},"creator":{"@id":"https:\/\/contadoreshoy.com\/?author=1#author"},"image":{"@type":"ImageObject","url":"https:\/\/contadoreshoy.com\/wp-content\/uploads\/2020\/06\/INSPECCION-CONTABLE.png","@id":"https:\/\/contadoreshoy.com\/?p=12646\/#mainImage","width":2018,"height":1127},"primaryImageOfPage":{"@id":"https:\/\/contadoreshoy.com\/?p=12646#mainImage"},"datePublished":"2020-06-06T23:47:52-05:00","dateModified":"2020-06-07T00:09:04-05:00"},{"@type":"WebSite","@id":"https:\/\/contadoreshoy.com\/#website","url":"https:\/\/contadoreshoy.com\/","name":"Contadores P\u00fablicos","description":"Portal para Contadores P\u00fablicos y empresarios","inLanguage":"es-ES","publisher":{"@id":"https:\/\/contadoreshoy.com\/#organization"}}]},"og:locale":"es_ES","og:site_name":"Contadores P\u00fablicos - Portal para Contadores P\u00fablicos y empresarios","og:type":"article","og:title":"Decreto 807 junio 4 de 2020 \u2013 Devoluciones, compensaciones e inspecciones tributarias en el marco del Estado de emergencia econ\u00f3mica - Contadores P\u00fablicos","og:description":"MINISTERIO DE HACIENDA Y CR\u00c9DITO P\u00daBLICO DECRETO 807 JUNIO 4 DE 2020 Por el cual se adoptan medidas tributarias y de control cambiar\u00edo transitorias en el marco del Estado de Emergencia Econ\u00f3mica, Social y Ecol\u00f3gica declarada mediante el Decreto 637 del 6 de mayo de 2020 EL PRESIDENTE DE LA REP\u00daBLICA DE COLOMBIA DECRETA","og:url":"https:\/\/contadoreshoy.com\/?p=12646","og:image":"https:\/\/contadoreshoy.com\/wp-content\/uploads\/2024\/01\/cropped-cropped-cropped-Copia-de-M.jpg","og:image:secure_url":"https:\/\/contadoreshoy.com\/wp-content\/uploads\/2024\/01\/cropped-cropped-cropped-Copia-de-M.jpg","og:image:width":512,"og:image:height":371,"article:published_time":"2020-06-07T04:47:52+00:00","article:modified_time":"2020-06-07T05:09:04+00:00","twitter:card":"summary_large_image","twitter:title":"Decreto 807 junio 4 de 2020 \u2013 Devoluciones, compensaciones e inspecciones tributarias en el marco del Estado de emergencia econ\u00f3mica - Contadores P\u00fablicos","twitter:description":"MINISTERIO DE HACIENDA Y CR\u00c9DITO P\u00daBLICO DECRETO 807 JUNIO 4 DE 2020 Por el cual se adoptan medidas tributarias y de control cambiar\u00edo transitorias en el marco del Estado de Emergencia Econ\u00f3mica, Social y Ecol\u00f3gica declarada mediante el Decreto 637 del 6 de mayo de 2020 EL PRESIDENTE DE LA REP\u00daBLICA DE COLOMBIA DECRETA","twitter:image":"https:\/\/contadoreshoy.com\/wp-content\/uploads\/2024\/01\/cropped-cropped-cropped-Copia-de-M.jpg"},"aioseo_meta_data":{"post_id":"12646","title":null,"description":null,"keywords":null,"keyphrases":null,"primary_term":null,"canonical_url":null,"og_title":null,"og_description":null,"og_object_type":"default","og_image_type":"default","og_image_url":null,"og_image_width":null,"og_image_height":null,"og_image_custom_url":null,"og_image_custom_fields":null,"og_video":null,"og_custom_url":null,"og_article_section":null,"og_article_tags":null,"twitter_use_og":false,"twitter_card":"default","twitter_image_type":"default","twitter_image_url":null,"twitter_image_custom_url":null,"twitter_image_custom_fields":null,"twitter_title":null,"twitter_description":null,"schema":{"blockGraphs":[],"customGraphs":[],"default":{"data":{"Article":[],"Course":[],"Dataset":[],"FAQPage":[],"Movie":[],"Person":[],"Product":[],"ProductReview":[],"Car":[],"Recipe":[],"Service":[],"SoftwareApplication":[],"WebPage":[]},"graphName":"","isEnabled":true},"graphs":[]},"schema_type":"default","schema_type_options":null,"pillar_content":false,"robots_default":true,"robots_noindex":false,"robots_noarchive":false,"robots_nosnippet":false,"robots_nofollow":false,"robots_noimageindex":false,"robots_noodp":false,"robots_notranslate":false,"robots_max_snippet":null,"robots_max_videopreview":null,"robots_max_imagepreview":"large","priority":null,"frequency":null,"local_seo":null,"breadcrumb_settings":null,"limit_modified_date":false,"ai":null,"created":"2024-03-05 02:18:30","updated":"2026-03-03 05:27:58","seo_analyzer_scan_date":null,"focus_keyword":null,"additional_keywords":null,"truseo_locale":null},"aioseo_breadcrumb":"<div class=\"aioseo-breadcrumbs\"><span class=\"aioseo-breadcrumb\">\n\t\t\t<a href=\"https:\/\/contadoreshoy.com\" title=\"Home\">Home<\/a>\n\t\t<\/span><span class=\"aioseo-breadcrumb-separator\">&raquo;<\/span><span class=\"aioseo-breadcrumb\">\n\t\t\t<a href=\"https:\/\/contadoreshoy.com\/?cat=1\" title=\"Uncategorized\">Uncategorized<\/a>\n\t\t<\/span><span class=\"aioseo-breadcrumb-separator\">&raquo;<\/span><span class=\"aioseo-breadcrumb\">\n\t\t\tDecreto 807 junio 4 de 2020 \u2013 Devoluciones, compensaciones e inspecciones tributarias en el marco del Estado de emergencia econ\u00f3mica\n\t\t<\/span><\/div>","aioseo_breadcrumb_json":[{"label":"Home","link":"https:\/\/contadoreshoy.com"},{"label":"Uncategorized","link":"https:\/\/contadoreshoy.com\/?cat=1"},{"label":"Decreto 807 junio 4 de 2020 &#8211; Devoluciones, compensaciones e inspecciones tributarias en el marco del Estado de emergencia econ\u00f3mica","link":"https:\/\/contadoreshoy.com\/?p=12646"}],"yoast_head":"<!-- This site is optimized with the Yoast SEO plugin v28.4 - https:\/\/yoast.com\/product\/yoast-seo-wordpress\/ -->\n<title>Decreto 807 junio 4 de 2020 - Devoluciones, compensaciones e inspecciones tributarias en el marco del Estado de emergencia econ\u00f3mica - Contadores P\u00fablicos<\/title>\n<meta name=\"robots\" content=\"index, follow, max-snippet:-1, max-image-preview:large, max-video-preview:-1\" \/>\n<link rel=\"canonical\" href=\"https:\/\/contadoreshoy.com\/?p=12646\" \/>\n<meta property=\"og:locale\" content=\"es_ES\" \/>\n<meta property=\"og:type\" content=\"article\" \/>\n<meta property=\"og:title\" content=\"Decreto 807 junio 4 de 2020 - Devoluciones, compensaciones e inspecciones tributarias en el marco del Estado de emergencia econ\u00f3mica - Contadores P\u00fablicos\" \/>\n<meta property=\"og:description\" content=\"MINISTERIO DE HACIENDA Y CR\u00c9DITO P\u00daBLICO DECRETO 807 JUNIO 4 DE 2020 Por el cual se adoptan medidas tributarias y de control cambiar\u00edo transitorias en el marco del Estado de&#046;&#046;&#046;\" \/>\n<meta property=\"og:url\" content=\"https:\/\/contadoreshoy.com\/?p=12646\" \/>\n<meta property=\"og:site_name\" content=\"Contadores P\u00fablicos\" \/>\n<meta property=\"article:publisher\" content=\"https:\/\/www.facebook.com\/CCCPBucaramanga\/\" \/>\n<meta property=\"article:published_time\" content=\"2020-06-07T04:47:52+00:00\" \/>\n<meta property=\"article:modified_time\" content=\"2020-06-07T05:09:04+00:00\" \/>\n<meta property=\"og:image\" content=\"https:\/\/contadoreshoy.com\/wp-content\/uploads\/2020\/06\/INSPECCION-CONTABLE.png\" \/>\n\t<meta property=\"og:image:width\" content=\"2018\" \/>\n\t<meta property=\"og:image:height\" content=\"1127\" \/>\n\t<meta property=\"og:image:type\" content=\"image\/png\" \/>\n<meta name=\"author\" content=\"Miguel Antonio M\u00e1rquez Monta\u00f1ez\" \/>\n<meta name=\"twitter:card\" content=\"summary_large_image\" \/>\n<meta name=\"twitter:label1\" content=\"Escrito por\" \/>\n\t<meta name=\"twitter:data1\" content=\"Miguel Antonio M\u00e1rquez Monta\u00f1ez\" \/>\n\t<meta name=\"twitter:label2\" content=\"Tiempo de lectura\" \/>\n\t<meta name=\"twitter:data2\" content=\"10 minutos\" \/>\n<script type=\"application\/ld+json\" class=\"yoast-schema-graph\">{\"@context\":\"https:\\\/\\\/schema.org\",\"@graph\":[{\"@type\":\"Article\",\"@id\":\"https:\\\/\\\/contadoreshoy.com\\\/?p=12646#article\",\"isPartOf\":{\"@id\":\"https:\\\/\\\/contadoreshoy.com\\\/?p=12646\"},\"author\":{\"name\":\"Miguel Antonio M\u00e1rquez Monta\u00f1ez\",\"@id\":\"https:\\\/\\\/contadoreshoy.com\\\/#\\\/schema\\\/person\\\/96d8979cb865537c5dc9345e40089fc5\"},\"headline\":\"Decreto 807 junio 4 de 2020 &#8211; Devoluciones, compensaciones e inspecciones tributarias en el marco del Estado de emergencia econ\u00f3mica\",\"datePublished\":\"2020-06-07T04:47:52+00:00\",\"dateModified\":\"2020-06-07T05:09:04+00:00\",\"mainEntityOfPage\":{\"@id\":\"https:\\\/\\\/contadoreshoy.com\\\/?p=12646\"},\"wordCount\":2097,\"commentCount\":0,\"publisher\":{\"@id\":\"https:\\\/\\\/contadoreshoy.com\\\/#organization\"},\"image\":{\"@id\":\"https:\\\/\\\/contadoreshoy.com\\\/?p=12646#primaryimage\"},\"thumbnailUrl\":\"https:\\\/\\\/contadoreshoy.com\\\/wp-content\\\/uploads\\\/2020\\\/06\\\/INSPECCION-CONTABLE.png\",\"articleSection\":{\"1\":\"Uncategorized\"},\"inLanguage\":\"es\",\"potentialAction\":[{\"@type\":\"CommentAction\",\"name\":\"Comment\",\"target\":[\"https:\\\/\\\/contadoreshoy.com\\\/?p=12646#respond\"]}]},{\"@type\":\"WebPage\",\"@id\":\"https:\\\/\\\/contadoreshoy.com\\\/?p=12646\",\"url\":\"https:\\\/\\\/contadoreshoy.com\\\/?p=12646\",\"name\":\"Decreto 807 junio 4 de 2020 - Devoluciones, compensaciones e inspecciones tributarias en el marco del Estado de emergencia econ\u00f3mica - Contadores P\u00fablicos\",\"isPartOf\":{\"@id\":\"https:\\\/\\\/contadoreshoy.com\\\/#website\"},\"primaryImageOfPage\":{\"@id\":\"https:\\\/\\\/contadoreshoy.com\\\/?p=12646#primaryimage\"},\"image\":{\"@id\":\"https:\\\/\\\/contadoreshoy.com\\\/?p=12646#primaryimage\"},\"thumbnailUrl\":\"https:\\\/\\\/contadoreshoy.com\\\/wp-content\\\/uploads\\\/2020\\\/06\\\/INSPECCION-CONTABLE.png\",\"datePublished\":\"2020-06-07T04:47:52+00:00\",\"dateModified\":\"2020-06-07T05:09:04+00:00\",\"breadcrumb\":{\"@id\":\"https:\\\/\\\/contadoreshoy.com\\\/?p=12646#breadcrumb\"},\"inLanguage\":\"es\",\"potentialAction\":[{\"@type\":\"ReadAction\",\"target\":[\"https:\\\/\\\/contadoreshoy.com\\\/?p=12646\"]}]},{\"@type\":\"ImageObject\",\"inLanguage\":\"es\",\"@id\":\"https:\\\/\\\/contadoreshoy.com\\\/?p=12646#primaryimage\",\"url\":\"https:\\\/\\\/contadoreshoy.com\\\/wp-content\\\/uploads\\\/2020\\\/06\\\/INSPECCION-CONTABLE.png\",\"contentUrl\":\"https:\\\/\\\/contadoreshoy.com\\\/wp-content\\\/uploads\\\/2020\\\/06\\\/INSPECCION-CONTABLE.png\",\"width\":2018,\"height\":1127},{\"@type\":\"BreadcrumbList\",\"@id\":\"https:\\\/\\\/contadoreshoy.com\\\/?p=12646#breadcrumb\",\"itemListElement\":[{\"@type\":\"ListItem\",\"position\":1,\"name\":\"Portada\",\"item\":\"https:\\\/\\\/contadoreshoy.com\\\/\"},{\"@type\":\"ListItem\",\"position\":2,\"name\":\"Decreto 807 junio 4 de 2020 &#8211; Devoluciones, compensaciones e inspecciones tributarias en el marco del Estado de emergencia econ\u00f3mica\"}]},{\"@type\":\"WebSite\",\"@id\":\"https:\\\/\\\/contadoreshoy.com\\\/#website\",\"url\":\"https:\\\/\\\/contadoreshoy.com\\\/\",\"name\":\"Contadorespublicossantander\",\"description\":\"Portal para Contadores P\u00fablicos y empresarios\",\"publisher\":{\"@id\":\"https:\\\/\\\/contadoreshoy.com\\\/#organization\"},\"potentialAction\":[{\"@type\":\"SearchAction\",\"target\":{\"@type\":\"EntryPoint\",\"urlTemplate\":\"https:\\\/\\\/contadoreshoy.com\\\/?s={search_term_string}\"},\"query-input\":{\"@type\":\"PropertyValueSpecification\",\"valueRequired\":true,\"valueName\":\"search_term_string\"}}],\"inLanguage\":\"es\"},{\"@type\":\"Organization\",\"@id\":\"https:\\\/\\\/contadoreshoy.com\\\/#organization\",\"name\":\"Contadores P\u00fablicos de Santander\",\"url\":\"https:\\\/\\\/contadoreshoy.com\\\/\",\"logo\":{\"@type\":\"ImageObject\",\"inLanguage\":\"es\",\"@id\":\"https:\\\/\\\/contadoreshoy.com\\\/#\\\/schema\\\/logo\\\/image\\\/\",\"url\":\"https:\\\/\\\/contadoreshoy.com\\\/wp-content\\\/uploads\\\/2024\\\/01\\\/cropped-cropped-Copia-de-M-1.jpg\",\"contentUrl\":\"https:\\\/\\\/contadoreshoy.com\\\/wp-content\\\/uploads\\\/2024\\\/01\\\/cropped-cropped-Copia-de-M-1.jpg\",\"width\":499,\"height\":500,\"caption\":\"Contadores P\u00fablicos de Santander\"},\"image\":{\"@id\":\"https:\\\/\\\/contadoreshoy.com\\\/#\\\/schema\\\/logo\\\/image\\\/\"},\"sameAs\":[\"https:\\\/\\\/www.facebook.com\\\/CCCPBucaramanga\\\/\"]},{\"@type\":\"Person\",\"@id\":\"https:\\\/\\\/contadoreshoy.com\\\/#\\\/schema\\\/person\\\/96d8979cb865537c5dc9345e40089fc5\",\"name\":\"Miguel Antonio M\u00e1rquez Monta\u00f1ez\",\"description\":\"Contador P\u00fablico egresado de la Universidad Aut\u00f3noma de Bucaramanga - Asesor contable tributario con m\u00e1s de 25 a\u00f1os de experiencia - Conferencista en temas contables y tributarios - T\u00e9cnico en Hardware y Dise\u00f1o Web - Creador y director Grupo de Estudio Colegio Colombiano de Contadores P\u00fablicos de Bucaramanga - Creador y Master Web p\u00e1gina www.contadoresp\u00fablicossantander.com - Expresidente Colegio Colombiano de Contadores P\u00fablicos Bucaramanga\",\"url\":\"https:\\\/\\\/contadoreshoy.com\\\/?author=1\"}]}<\/script>\n<!-- \/ Yoast SEO plugin. -->","yoast_head_json":{"title":"Decreto 807 junio 4 de 2020 - Devoluciones, compensaciones e inspecciones tributarias en el marco del Estado de emergencia econ\u00f3mica - Contadores P\u00fablicos","robots":{"index":"index","follow":"follow","max-snippet":"max-snippet:-1","max-image-preview":"max-image-preview:large","max-video-preview":"max-video-preview:-1"},"canonical":"https:\/\/contadoreshoy.com\/?p=12646","og_locale":"es_ES","og_type":"article","og_title":"Decreto 807 junio 4 de 2020 - Devoluciones, compensaciones e inspecciones tributarias en el marco del Estado de emergencia econ\u00f3mica - Contadores P\u00fablicos","og_description":"MINISTERIO DE HACIENDA Y CR\u00c9DITO P\u00daBLICO DECRETO 807 JUNIO 4 DE 2020 Por el cual se adoptan medidas tributarias y de control cambiar\u00edo transitorias en el marco del Estado de&#46;&#46;&#46;","og_url":"https:\/\/contadoreshoy.com\/?p=12646","og_site_name":"Contadores P\u00fablicos","article_publisher":"https:\/\/www.facebook.com\/CCCPBucaramanga\/","article_published_time":"2020-06-07T04:47:52+00:00","article_modified_time":"2020-06-07T05:09:04+00:00","og_image":[{"width":2018,"height":1127,"url":"https:\/\/contadoreshoy.com\/wp-content\/uploads\/2020\/06\/INSPECCION-CONTABLE.png","type":"image\/png"}],"author":"Miguel Antonio M\u00e1rquez Monta\u00f1ez","twitter_card":"summary_large_image","twitter_misc":{"Escrito por":"Miguel Antonio M\u00e1rquez Monta\u00f1ez","Tiempo de lectura":"10 minutos"},"schema":{"@context":"https:\/\/schema.org","@graph":[{"@type":"Article","@id":"https:\/\/contadoreshoy.com\/?p=12646#article","isPartOf":{"@id":"https:\/\/contadoreshoy.com\/?p=12646"},"author":{"name":"Miguel Antonio M\u00e1rquez Monta\u00f1ez","@id":"https:\/\/contadoreshoy.com\/#\/schema\/person\/96d8979cb865537c5dc9345e40089fc5"},"headline":"Decreto 807 junio 4 de 2020 &#8211; Devoluciones, compensaciones e inspecciones tributarias en el marco del Estado de emergencia econ\u00f3mica","datePublished":"2020-06-07T04:47:52+00:00","dateModified":"2020-06-07T05:09:04+00:00","mainEntityOfPage":{"@id":"https:\/\/contadoreshoy.com\/?p=12646"},"wordCount":2097,"commentCount":0,"publisher":{"@id":"https:\/\/contadoreshoy.com\/#organization"},"image":{"@id":"https:\/\/contadoreshoy.com\/?p=12646#primaryimage"},"thumbnailUrl":"https:\/\/contadoreshoy.com\/wp-content\/uploads\/2020\/06\/INSPECCION-CONTABLE.png","articleSection":{"1":"Uncategorized"},"inLanguage":"es","potentialAction":[{"@type":"CommentAction","name":"Comment","target":["https:\/\/contadoreshoy.com\/?p=12646#respond"]}]},{"@type":"WebPage","@id":"https:\/\/contadoreshoy.com\/?p=12646","url":"https:\/\/contadoreshoy.com\/?p=12646","name":"Decreto 807 junio 4 de 2020 - Devoluciones, compensaciones e inspecciones tributarias en el marco del Estado de emergencia econ\u00f3mica - Contadores P\u00fablicos","isPartOf":{"@id":"https:\/\/contadoreshoy.com\/#website"},"primaryImageOfPage":{"@id":"https:\/\/contadoreshoy.com\/?p=12646#primaryimage"},"image":{"@id":"https:\/\/contadoreshoy.com\/?p=12646#primaryimage"},"thumbnailUrl":"https:\/\/contadoreshoy.com\/wp-content\/uploads\/2020\/06\/INSPECCION-CONTABLE.png","datePublished":"2020-06-07T04:47:52+00:00","dateModified":"2020-06-07T05:09:04+00:00","breadcrumb":{"@id":"https:\/\/contadoreshoy.com\/?p=12646#breadcrumb"},"inLanguage":"es","potentialAction":[{"@type":"ReadAction","target":["https:\/\/contadoreshoy.com\/?p=12646"]}]},{"@type":"ImageObject","inLanguage":"es","@id":"https:\/\/contadoreshoy.com\/?p=12646#primaryimage","url":"https:\/\/contadoreshoy.com\/wp-content\/uploads\/2020\/06\/INSPECCION-CONTABLE.png","contentUrl":"https:\/\/contadoreshoy.com\/wp-content\/uploads\/2020\/06\/INSPECCION-CONTABLE.png","width":2018,"height":1127},{"@type":"BreadcrumbList","@id":"https:\/\/contadoreshoy.com\/?p=12646#breadcrumb","itemListElement":[{"@type":"ListItem","position":1,"name":"Portada","item":"https:\/\/contadoreshoy.com\/"},{"@type":"ListItem","position":2,"name":"Decreto 807 junio 4 de 2020 &#8211; Devoluciones, compensaciones e inspecciones tributarias en el marco del Estado de emergencia econ\u00f3mica"}]},{"@type":"WebSite","@id":"https:\/\/contadoreshoy.com\/#website","url":"https:\/\/contadoreshoy.com\/","name":"Contadorespublicossantander","description":"Portal para Contadores P\u00fablicos y empresarios","publisher":{"@id":"https:\/\/contadoreshoy.com\/#organization"},"potentialAction":[{"@type":"SearchAction","target":{"@type":"EntryPoint","urlTemplate":"https:\/\/contadoreshoy.com\/?s={search_term_string}"},"query-input":{"@type":"PropertyValueSpecification","valueRequired":true,"valueName":"search_term_string"}}],"inLanguage":"es"},{"@type":"Organization","@id":"https:\/\/contadoreshoy.com\/#organization","name":"Contadores P\u00fablicos de Santander","url":"https:\/\/contadoreshoy.com\/","logo":{"@type":"ImageObject","inLanguage":"es","@id":"https:\/\/contadoreshoy.com\/#\/schema\/logo\/image\/","url":"https:\/\/contadoreshoy.com\/wp-content\/uploads\/2024\/01\/cropped-cropped-Copia-de-M-1.jpg","contentUrl":"https:\/\/contadoreshoy.com\/wp-content\/uploads\/2024\/01\/cropped-cropped-Copia-de-M-1.jpg","width":499,"height":500,"caption":"Contadores P\u00fablicos de Santander"},"image":{"@id":"https:\/\/contadoreshoy.com\/#\/schema\/logo\/image\/"},"sameAs":["https:\/\/www.facebook.com\/CCCPBucaramanga\/"]},{"@type":"Person","@id":"https:\/\/contadoreshoy.com\/#\/schema\/person\/96d8979cb865537c5dc9345e40089fc5","name":"Miguel Antonio M\u00e1rquez Monta\u00f1ez","description":"Contador P\u00fablico egresado de la Universidad Aut\u00f3noma de Bucaramanga - Asesor contable tributario con m\u00e1s de 25 a\u00f1os de experiencia - Conferencista en temas contables y tributarios - T\u00e9cnico en Hardware y Dise\u00f1o Web - Creador y director Grupo de Estudio Colegio Colombiano de Contadores P\u00fablicos de Bucaramanga - Creador y Master Web p\u00e1gina www.contadoresp\u00fablicossantander.com - Expresidente Colegio Colombiano de Contadores P\u00fablicos Bucaramanga","url":"https:\/\/contadoreshoy.com\/?author=1"}]}},"_links":{"self":[{"href":"https:\/\/contadoreshoy.com\/index.php?rest_route=\/wp\/v2\/posts\/12646","targetHints":{"allow":["GET"]}}],"collection":[{"href":"https:\/\/contadoreshoy.com\/index.php?rest_route=\/wp\/v2\/posts"}],"about":[{"href":"https:\/\/contadoreshoy.com\/index.php?rest_route=\/wp\/v2\/types\/post"}],"author":[{"embeddable":true,"href":"https:\/\/contadoreshoy.com\/index.php?rest_route=\/wp\/v2\/users\/1"}],"replies":[{"embeddable":true,"href":"https:\/\/contadoreshoy.com\/index.php?rest_route=%2Fwp%2Fv2%2Fcomments&post=12646"}],"version-history":[{"count":5,"href":"https:\/\/contadoreshoy.com\/index.php?rest_route=\/wp\/v2\/posts\/12646\/revisions"}],"predecessor-version":[{"id":12654,"href":"https:\/\/contadoreshoy.com\/index.php?rest_route=\/wp\/v2\/posts\/12646\/revisions\/12654"}],"wp:featuredmedia":[{"embeddable":true,"href":"https:\/\/contadoreshoy.com\/index.php?rest_route=\/wp\/v2\/media\/12653"}],"wp:attachment":[{"href":"https:\/\/contadoreshoy.com\/index.php?rest_route=%2Fwp%2Fv2%2Fmedia&parent=12646"}],"wp:term":[{"taxonomy":"category","embeddable":true,"href":"https:\/\/contadoreshoy.com\/index.php?rest_route=%2Fwp%2Fv2%2Fcategories&post=12646"},{"taxonomy":"post_tag","embeddable":true,"href":"https:\/\/contadoreshoy.com\/index.php?rest_route=%2Fwp%2Fv2%2Ftags&post=12646"}],"curies":[{"name":"wp","href":"https:\/\/api.w.org\/{rel}","templated":true}]}}