{"id":12828,"date":"2020-09-06T22:00:45","date_gmt":"2020-09-07T03:00:45","guid":{"rendered":"https:\/\/contadoreshoy.com\/?p=12828"},"modified":"2020-09-06T22:00:45","modified_gmt":"2020-09-07T03:00:45","slug":"decreto-1204-septiembre-01-2020-adopcion-la-politica-publica-integral-la-economia-creativa-politica-integral-naranja","status":"publish","type":"post","link":"https:\/\/contadoreshoy.com\/?p=12828","title":{"rendered":"Decreto 1204 septiembre 01 de 2020 &#8211; Adopci\u00f3n de la pol\u00edtica p\u00fablica integral de la econom\u00eda creativa (Pol\u00edtica integral naranja)"},"content":{"rendered":"<p><img loading=\"lazy\" decoding=\"async\" class=\"aligncenter wp-image-12830 size-full\" src=\"https:\/\/contadoreshoy.com\/wp-content\/uploads\/2020\/09\/Econom\u00eda-naranja.png\" alt=\"\" width=\"1092\" height=\"519\" srcset=\"https:\/\/contadoreshoy.com\/wp-content\/uploads\/2020\/09\/Econom\u00eda-naranja.png 1092w, https:\/\/contadoreshoy.com\/wp-content\/uploads\/2020\/09\/Econom\u00eda-naranja-600x285.png 600w, https:\/\/contadoreshoy.com\/wp-content\/uploads\/2020\/09\/Econom\u00eda-naranja-768x365.png 768w\" sizes=\"auto, (max-width: 1092px) 100vw, 1092px\" \/><\/p>\n<p style=\"text-align: center;\"><strong><span style=\"color: #000000;\">MINISTERIO DE CULTURA<\/span><\/strong><\/p>\n<p style=\"text-align: center;\"><span style=\"color: #0000ff;\"><a href=\"https:\/\/dapre.presidencia.gov.co\/normativa\/normativa\/DECRETO%201204%20DEL%201%20DE%20SEPTIEMBRE%20DE%202020.pdf\" target=\"_blank\" rel=\"noopener\"><strong>DECRETO N\u00daMERO 1204<\/strong><\/a><\/span><\/p>\n<p style=\"text-align: center;\"><strong><span style=\"color: #000000;\">SEPTIEMBRE 01 DE 2020<\/span><\/strong><\/p>\n<p style=\"text-align: center;\"><strong><span style=\"color: #000000;\">\u00abPor el cual se adiciona un t\u00edtulo a la parte XII del Libro 2 del Decreto 1080 de 2015, \u00danico Reglamentario del Sector Cultura, y se adopta la Pol\u00edtica P\u00fablica integral de la Econom\u00eda Creativa (Pol\u00edtica Integral Naranja) <\/span><\/strong><\/p>\n<p style=\"text-align: center;\"><strong><span style=\"color: #000000;\">EL PRESIDENTE DE LA REP\u00daBLICA DE COLOMBIA, <\/span><\/strong><\/p>\n<p style=\"text-align: center;\"><strong><span style=\"color: #000000;\">En ejercicio de sus facultades constitucionales y legales, en especial, la conferida en el numeral 11 del art\u00edculo 189 de la Constituci\u00f3n Pol\u00edtica, Ley 397 de 1997, Ley 1834 de 2017<\/span><\/strong><\/p>\n<p style=\"text-align: center;\"><strong><span style=\"color: #000000;\">DECRETA: <\/span><\/strong><\/p>\n<p style=\"text-align: justify;\"><strong><span style=\"color: #000000;\">ART\u00edCULO 1\u00b0_ Adici\u00f3n del t\u00edtulo III a la parte XII del Libro II del Decreto 1080 de 2015, \u00danico reglamentario del sector Cultura, el cual quedar\u00e1 as\u00ed: <\/span><\/strong><\/p>\n<p style=\"text-align: center;\"><strong><span style=\"color: #000000;\">\u00abT\u00edTULO III<\/span><\/strong><\/p>\n<p style=\"text-align: center;\"><strong><span style=\"color: #000000;\">POL\u00cdTICA INTEGRAL NARANJA<\/span><\/strong><\/p>\n<p style=\"text-align: center;\"><strong><span style=\"color: #000000;\"> CAPITULO I <\/span><\/strong><\/p>\n<p style=\"text-align: center;\"><strong><span style=\"color: #000000;\">GENERALlDADES Y ESTRUCTURA<\/span><\/strong><\/p>\n<p style=\"text-align: justify;\"><strong><span style=\"color: #000000;\"><span style=\"color: #0000ff;\">ART\u00cdCULO 2.12.3.1.1. Adopci\u00f3n de la pol\u00edtica<\/span>. Ad\u00f3ptese \u00abla Pol\u00edtica P\u00fablica integral de la Econom\u00eda Creativa (Pol\u00edtica Integral Naranja)\u00bb, en el marco de lo dispuesto en el art\u00edculo 4 de la Ley 1834 de 2017 \u00abpor medio de la cual se <\/span><\/strong><strong><span style=\"color: #000000;\">fomenta la econom\u00eda creativa ley naranja\u00bb. Esta pol\u00edtica se aplicar\u00e1 en todo el territorio nacional y est\u00e1 enfocada en desarrollar, fomentar, incentivar y proteger industrias creativas.<\/span><\/strong><\/p>\n<p style=\"text-align: justify;\"><strong><span style=\"color: #000000;\"><span style=\"color: #0000ff;\">ART\u00cdCULO 2.12.3.1 Objetivo General.<\/span> Implementar estrategias de articulaci\u00f3n con los sectores p\u00fablicos y privados que permitan la aplicaci\u00f3n de un modelo de gesti\u00f3n dirigido al desarrollo integral de las industrias creativas y culturales.<\/span><\/strong><\/p>\n<p style=\"text-align: justify;\"><strong><span style=\"color: #000000;\"><span style=\"color: #0000ff;\">ART\u00cdCULO 2.12.31.3, L\u00edneas de la pol\u00edtica<\/span>. De acuerdo con lo establecido en el art\u00edculo 5 de la Ley 1834 de 2017 \u00abpor medio de la cual se fomenta la econom\u00eda creativa ley naranja\u00bb que establece la estrategia de la gesti\u00f3n p\u00fablica de la econom\u00eda creativa a trav\u00e9s de las 7i, para efectos de la Pol\u00edtica Integral Naranja y el presente Decreto se desarrollan como 7 l\u00edneas estrat\u00e9gicas.<\/span><\/strong><\/p>\n<p style=\"text-align: justify;\"><strong><span style=\"color: #000000;\"><span style=\"color: #0000ff;\">ART\u00cdCULO 2.12.3.1.4&nbsp; L\u00ednea 1 Informaci\u00f3n.<\/span> L\u00ednea que se denomina informaci\u00f3n y conocimiento del sector para tomar mejores decisiones. Est\u00e1 dirigida a obtener adecuado levantamiento de informaci\u00f3n constante, confiable y comparable sobre los sectores de la econom\u00eda creativa.<\/span><\/strong><\/p>\n<p style=\"text-align: justify;\"><strong><span style=\"color: #000000;\">Esta l\u00ednea tiene como objetivo la consecuci\u00f3n de informaci\u00f3n sectorial que coadyuve al proceso de implementaci\u00f3n y desarrollo de la pol\u00edtica. Para esto se desarrollar\u00e1n acciones dirigidas a fortalecer las investigaciones y mediciones que permitan comparar al sector cultural y creativo con otros sectores econ\u00f3micos y en el contexto nacional e internacional; a generar informaci\u00f3n y conocimiento sectorial que fortalezca el dialogo entre cultura, econom\u00eda, creatividad y desarrollo sostenible, y que permitan conocer las caracter\u00edsticas del mercado de las industrias culturales para establecer estrategias que favorezcan su consolidaci\u00f3n.<\/span><\/strong><\/p>\n<p style=\"text-align: justify;\"><strong><span style=\"color: #000000;\">La implementaci\u00f3n de esta l\u00ednea se realizar\u00e1 a trav\u00e9s de las siguientes acciones:<\/span><\/strong><\/p>\n<ol style=\"text-align: justify;\">\n<li><strong><span style=\"color: #000000;\">Ampliar la generaci\u00f3n de conocimiento a trav\u00e9s de diversos enfoques disciplinares.<\/span><\/strong><\/li>\n<li><strong><span style=\"color: #000000;\">Profundizar en el an\u00e1lisis del ecosistema de valor y a nivel territorial.<\/span><\/strong><\/li>\n<li><strong><span style=\"color: #000000;\">Organizar, sistematizar y divulgar la informaci\u00f3n y el conocimiento sectorial.<\/span><\/strong><\/li>\n<\/ol>\n<p style=\"text-align: justify;\"><strong><span style=\"color: #000000;\"><span style=\"color: #0000ff;\">ART\u00cdCULO 2.12.3.1.5. L\u00ednea 2 Instituciones.<\/span> L\u00ednea que se denomina fortalecimiento y articulaci\u00f3n institucional, financiaci\u00f3n e incentivos. Esta l\u00ednea busca la coordinaci\u00f3n de la gesti\u00f3n administrativa que permita involucrar al sector p\u00fablico, privado, mixto y no gubernamental, que permita articular de forma adecuada los postulados de la Econom\u00eda Creativa.<\/span><\/strong><\/p>\n<p style=\"text-align: justify;\"><strong><span style=\"color: #000000;\">Esta l\u00ednea tiene como objetivo generar instrumentos de articulaci\u00f3n interinstitucional que permitan crear un ambiente propicio para el desarrollo de la industria cultural y creativa a nivel nacional. Para esto, se trabajar\u00e1 en establecer condiciones institucionales favorables para el desarrollo de la econom\u00eda creativa, A trav\u00e9s de mecanismos de articulaci\u00f3n organizacional entre los sectores p\u00fablico y privado; la organizaci\u00f3n y simplificaci\u00f3n de los tr\u00e1mites del sector; y la provisi\u00f3n de recursos financieros y generaci\u00f3n de incentivos fiscales o de otra \u00edndole.<\/span><\/strong><\/p>\n<p style=\"text-align: justify;\"><span style=\"color: #ff0000;\"><strong>La implementaci\u00f3n de esta l\u00ednea se realizar\u00e1 a trav\u00e9s de las siguientes acciones:<\/strong><\/span><\/p>\n<ol>\n<li style=\"text-align: justify;\"><strong><span style=\"color: #000000;\">Dise\u00f1ar, implementar y hacer visibles los instrumentos para el fortalecimiento sectorial dispuestos en el Plan Nacional de Desarrollo (ley 1955 de 201 9), la Ley de Financiamiento (ley &nbsp;2010 de 2019) y la normatividad pendiente.<\/span><\/strong><\/li>\n<li style=\"text-align: justify;\"><strong><span style=\"color: #000000;\">Consolidar, ofertar y gestionar instrumentos de financiaci\u00f3n pertinentes para las necesidades y modelos de negocio o emprendimiento del sector. <\/span><\/strong><\/li>\n<li style=\"text-align: justify;\"><strong><span style=\"color: #000000;\">Priorizar las acciones de la pol\u00edtica a nivel territorial.<\/span><\/strong><\/li>\n<\/ol>\n<p style=\"text-align: justify;\"><strong><span style=\"color: #000000;\"><span style=\"color: #0000ff;\">ART\u00cdCULO 2.12.3.1.6. L\u00ednea 3 Industria.<\/span> Esta l\u00ednea busca fortalecer el papel de las industrias creativas, as\u00ed como su formalizaci\u00f3n y adecuaci\u00f3n, para que se privilegie y apoye su contribuci\u00f3n en el producto interno bruto. Establece la gesti\u00f3n de emprendimientos y empresas sostenibles,<\/span><\/strong><\/p>\n<p style=\"text-align: justify;\"><strong><span style=\"color: #000000;\">Esta l\u00ednea tiene como objetivo generar herramientas que permitan la financiaci\u00f3n y la consecuci\u00f3n de incentivos para el crecimiento y desarrollo de las industrias creativas y culturales. Para esto, se buscar\u00e1 generar mayor sostenibilidad y encadenamiento de los emprendimientos y organizaciones de diversos tama\u00f1os que conforman el ecosistema creativo, a trav\u00e9s de diversos modelos de intervenci\u00f3n que contemplen instrumentos y mecanismos enfocados a facilitar el acceso a capital de trabajo o capital de inversi\u00f3n; establecer un entorno regulatorio y competitivo favorable para que surjan y se consoliden los emprendimientos y prosperen las empresas del sector; brindar asistencia para el negocio a trav\u00e9s de instrumentos y mecanismos desarrollados con el fin de fortalecer los modelos de negocio; y formular e implementar programas con el objeto de promover una mentalidad y cultura de emprendimiento en todos los agentes que componen el ecosistema cultural y creativo.<\/span><\/strong><\/p>\n<p style=\"text-align: justify;\"><span style=\"color: #ff0000;\"><strong>La implementaci\u00f3n de esta l\u00ednea se realizar\u00e1 a trav\u00e9s de las siguientes acciones:<\/strong><\/span><\/p>\n<ol style=\"text-align: justify;\">\n<li><strong><span style=\"color: #000000;\">Fortalecer la gesti\u00f3n sostenible de emprendimientos u organizaciones comunitarias y sociales y entidades sin \u00e1nimo de lucro.<\/span><\/strong><\/li>\n<li><strong><span style=\"color: #000000;\">Fomentar en las empresas el uso de herramientas que le permitan mitigar los riesgos que enfrentan en ia etapa de consolidaci\u00f3n.<\/span><\/strong><\/li>\n<li><strong><span style=\"color: #000000;\">Apoyar a las empresas consolidadas para que puedan escalar sus operaciones e incrementar sus exportaciones.<\/span><\/strong><\/li>\n<li><strong><span style=\"color: #000000;\">Dar a conocer y fomentar el acceso a instrumentos que benefician de manera transversal todo el sector Cultural y Creativo.<\/span><\/strong><\/li>\n<\/ol>\n<p style=\"text-align: justify;\"><strong><span style=\"color: #000000;\"><span style=\"color: #0000ff;\">ART\u00cdCULO 2.12.3.1.7. L\u00ednea 4 Infraestructura.<\/span> Esta l\u00ednea busca el desarrollo de la infraestructura necesaria para que, en el marco de las competencias del Gobierno nacional y los gobiernos locales, se privilegie la inversi\u00f3n en infraestructura f\u00edsica e infraestructura virtual, as\u00ed como a su acceso inclusivo. La pol\u00edtica establece la l\u00ednea territorios e infraestructuras sostenibles para el despliegue de los procesos creativos.<\/span><\/strong><\/p>\n<p style=\"text-align: justify;\"><strong><span style=\"color: #000000;\">Esta l\u00ednea tiene como objetivo instituir elementos de participaci\u00f3n p\u00fablica y privada que permitan su integraci\u00f3n en la cadena de desarrollo de la industria cultural y creativa. A trav\u00e9s del fortalecimiento de bienes p\u00fablicos; el dise\u00f1o, construcci\u00f3n, adecuaci\u00f3n, mantenimiento y dotaci\u00f3n de infraestructura cultural y creativa, alineada con las necesidades y los valores culturales presentes en cada territorio que garanticen su sostenibilidad en el largo plazo, incentivando la creaci\u00f3n o el fortalecimiento de infraestructuras f\u00edsicas y digitales sostenibles para la creatividad y la innovaci\u00f3n. As\u00ed como la identificaci\u00f3n y est\u00edmulo del desarrollo de Areas de Desarrollo Naranja. Tambi\u00e9n se buscar\u00e1 promover e incentivar la infraestructura blanda entendida como los modelos de sostenibilidad de los equipamientos creativos, las estrategias de apropiaci\u00f3n y gesti\u00f3n asociadas, as\u00ed como las iniciativas relacionadas de investigaci\u00f3n e innovaci\u00f3n.<\/span><\/strong><\/p>\n<p style=\"text-align: justify;\"><span style=\"color: #ff0000;\"><strong>La implementaci\u00f3n de esta l\u00ednea se realizar\u00e1 a trav\u00e9s de las siguientes acciones:<\/strong><\/span><\/p>\n<ol style=\"text-align: justify;\">\n<li><strong><span style=\"color: #000000;\">Proveer bienes p\u00fablicos e infraestructuras sostenibles, acordes a las necesidades y caracter\u00edsticas de los territorios.<\/span><\/strong><\/li>\n<li><strong><span style=\"color: #000000;\">Estimular el desarrollo de \u00c1reas de Desarrollo Naranja (ADN) en todo el territorio nacional (art\u00edculo 179 de la ley 1955 de 2019).<\/span><\/strong><\/li>\n<li><strong><span style=\"color: #000000;\">Fortalecer el uso de los instrumentos de financiaci\u00f3n existente para la construcci\u00f3n o el mejoramiento de la infraestructura cultural y creativa.<\/span><\/strong><\/li>\n<\/ol>\n<p style=\"text-align: justify;\"><strong><span style=\"color: #000000;\"><span style=\"color: #0000ff;\">ART\u00cdCULO 2.12.3.1.8. L\u00ednea 5 Integraci\u00f3n.<\/span> Esta l\u00ednea busca la promoci\u00f3n de los instrumentos internacionales necesarios para que las industrias de la econom\u00eda creativa obtengan acceso adecuado a mercados fortaleciendo as\u00ed su exportaci\u00f3n, sin perjuicio de aquellos tratados y obligaciones internacionales suscritas y ratificadas por Colombia. Plantea la l\u00ednea para la Integraci\u00f3n, redes y desarrollo de mercado.<\/span><\/strong><\/p>\n<p style=\"text-align: justify;\"><strong><span style=\"color: #000000;\">Se tiene como objetivo el propiciar la estimulaci\u00f3n de habilidades y desarrollo de contenidos que permitan la ampliaci\u00f3n de las capacidades sectoriales, mediante el fomento de las instancias de mediaci\u00f3n, integraci\u00f3n y circulaci\u00f3n de bienes y servicios culturales y creativos; por medio de acciones que fortalezcan las audiencias; los mercados locales, nacionales e internacionales, y garanticen el acceso y el disfrute de las manifestaciones culturales propias. As\u00ed como la generaci\u00f3n de h\u00e1bitos en el consumo que fortalezcan el ciclo cultural.<\/span><\/strong><\/p>\n<p style=\"text-align: justify;\"><span style=\"color: #ff0000;\"><strong>La implementaci\u00f3n de esta l\u00ednea se realizar\u00e1 a trav\u00e9s de las siguientes acciones:<\/strong><\/span><\/p>\n<ol style=\"text-align: justify;\">\n<li><strong><span style=\"color: #000000;\">Fortalecer a los mediadores del ecosistema de valor.<\/span><\/strong><\/li>\n<li><strong><span style=\"color: #000000;\">Fortalecer las plataformas y mercados nacionales e internacionales de redes y de circulaci\u00f3n de bienes y servicios culturales y creativos.<\/span><\/strong><\/li>\n<li class=\"canvasWrapper\"><strong><span style=\"color: #000000;\">&nbsp;Fortalecer el encuentro entre patrimonio y el turismo sostenible.<\/span><\/strong><\/li>\n<li class=\"canvasWrapper\"><strong><span style=\"color: #000000;\">Crear estrategias para que el p\u00fablico colombiano acceda y apropie las manifestaciones culturales y creativas nacionales.<\/span><\/strong><\/li>\n<li class=\"canvasWrapper\"><strong><span style=\"color: #000000;\">Poner en marcha los proyectos de inter\u00e9s nacional estrat\u00e9gicos de vocaci\u00f3n naranja &#8211; PINES Naranja<\/span><\/strong><\/li>\n<\/ol>\n<p style=\"text-align: justify;\"><strong><span style=\"color: #000000;\"><span style=\"color: #0000ff;\">ART\u00cdCULO 2.12.3.1.9. L\u00ednea 6 Inclusi\u00f3n.<\/span> Esta l\u00ednea busca que las industrias creativas se conviertan en veh\u00edculos de integraci\u00f3n y resocializaci\u00f3n como generadoras de oportunidades laborales y econ\u00f3micas. Plantea el desarrollo de capacidades, inclusi\u00f3n y acceso a oportunidades.<\/span><\/strong><\/p>\n<p style=\"text-align: justify;\"><strong><span style=\"color: #000000;\">Su objetivo es propiciar estrategias de expansi\u00f3n y circulaci\u00f3n de los bienes asociados a las actividades de la econom\u00eda creativa por medio del fortalecimiento del capital humano y la promoci\u00f3n de conocimientos, competencias y habilidades creativas de las personas que integran el sector, para fomentar su cualificaci\u00f3n e ingreso al mercado laboral que contribuyan al cierre de las brechas de calidad, cantidad y pertinencia entre la oferta formativa y la demanda laboral. Un eje fundamental ser\u00e1 fa educaci\u00f3n art\u00edstica, creativa y cultural desde la educaci\u00f3n preescolar, b\u00e1sica y media.<\/span><\/strong><\/p>\n<p style=\"text-align: justify;\"><span style=\"color: #ff0000;\"><strong>La implementaci\u00f3n de esta l\u00ednea se realizar\u00e1 a trav\u00e9s de las siguientes acciones:<\/strong><\/span><\/p>\n<ol style=\"text-align: justify;\">\n<li><strong><span style=\"color: #000000;\">Cierre de brechas de capital humano y dise\u00f1o de cualificaciones en el ecosistema cultural y creativo.<\/span><\/strong><\/li>\n<li><strong><span style=\"color: #000000;\">Impulsar las estrategias de la pol\u00edtica para el fortalecimiento de los oficios para las artes esc\u00e9nicas y el patrimonio culturaL<\/span><\/strong><\/li>\n<li><strong><span style=\"color: #000000;\">Fortalecer el desarrollo integral de habilidades y competencias propias del saber art\u00edstico, cultural y tecnol\u00f3gico en la educaci\u00f3n b\u00e1sica y media.<\/span><\/strong><\/li>\n<li><strong><span style=\"color: #000000;\">Implementar el Sistema Nacional de Educaci\u00f3n) Formaci\u00f3n Art\u00edstica y Cultural \u2014 SINEFAC<\/span><\/strong><\/li>\n<\/ol>\n<p style=\"text-align: justify;\"><strong><span style=\"color: #000000;\"><span style=\"color: #0000ff;\">ART\u00cdCULO 2.12.3.1.10. L\u00ednea 7 Inspiraci\u00f3n.<\/span> Esta l\u00ednea busca la promoci\u00f3n de la participaci\u00f3n en escenarios locales, virtuales, nacionales e internacionales que permitan mostrar el talento nacional, conocer el talento internacional, e inspirar la cultura participativa desarrollando la Econom\u00eda Creativa en todas sus expresiones. Est\u00e1 dirigida a Ea producci\u00f3n de bienes y servicios culturales.<\/span><\/strong><\/p>\n<p style=\"text-align: justify;\"><strong><span style=\"color: #000000;\">Su objetivo es fortalecer instrumentos para promover la creaci\u00f3n y la protecci\u00f3n de los bienes y servicios asociados a los sectores de la Econom\u00eda Naranja a trav\u00e9s herramientas que estimulen la producci\u00f3n de bienes y servicios culturales y creativos innovadores y de calidad; bienes y servicios que tengan alto valor est\u00e9tico, social y simb\u00f3lico, promuevan fa diversidad y tengan capacidad de ser apropiados por la sociedad y el mercado, garantizando un adecuado equilibrio entre el derecho al acceso a la cultura, la creatividad y sus contenidos y el respeto por la propiedad intelectual. Adem\u00e1s, el fortalecimiento de los mecanismos de protecci\u00f3n para que los autores reciban una remuneraci\u00f3n por el uso de sus creaciones.<\/span><\/strong><\/p>\n<p style=\"text-align: justify;\"><span style=\"color: #ff0000;\"><strong>La implementaci\u00f3n de esta l\u00ednea se realizar\u00e1 a trav\u00e9s de las siguientes acciones:<\/strong><\/span><\/p>\n<ol style=\"text-align: justify;\">\n<li><strong><span style=\"color: #000000;\">Estimular la creaci\u00f3n y la consolidaci\u00f3n de una actividad cultural y creativa sostenible con alto valor social, innovadora y diversa.<\/span><\/strong><\/li>\n<li><strong><span style=\"color: #000000;\">Ampliar los conocimientos y uso de las herramientas provistas por el Derecho de Autor y los Derechos Conexos para garantizar un acceso justo e incrementar los beneficios econ\u00f3micos derivados de las creaciones del sector.<\/span><\/strong><\/li>\n<li><strong><span style=\"color: #000000;\">Incorporar los sectores de la econom\u00eda cultural y creativa como apuestas productivas en el marco de la Pol\u00edtica Nacional de Desarrollo Productivo (PDP)<\/span><\/strong><\/li>\n<li><strong><span style=\"color: #000000;\">Crear y potenciar espacios de experimentaci\u00f3n interdisciplinar, laboratorios creativos y de prototipado de producto y de investigaci\u00f3n + creaci\u00f3n de \u00e1reas art\u00edsticas.<\/span><\/strong><\/li>\n<\/ol>\n<p style=\"text-align: center;\"><strong><span style=\"color: #000000;\">CAPITULO ll<\/span><\/strong><\/p>\n<p style=\"text-align: center;\"><strong><span style=\"color: #000000;\">IMPLEMENTACI\u00d3N, SEGUIMIENTO, EVALUACI\u00d3N Y OTRAS CONSIDERACIONES<\/span><\/strong><\/p>\n<p style=\"text-align: justify;\"><strong><span style=\"color: #000000;\"><span style=\"color: #0000ff;\">ART\u00cdCULO 2.12.3.2.1. Implementaci\u00f3n.<\/span> El Ministerio de Cultura y el Consejo Nacional de Econom\u00eda Naranja liderar\u00e1n de manera conjunta la implementaci\u00f3n de la Pol\u00edtica Integral Naranja.<\/span><\/strong><\/p>\n<p style=\"text-align: justify;\"><strong><span style=\"color: #000000;\">PAR\u00c1GRAFO: Las entidades responsables de la ejecuci\u00f3n de la Pol\u00edtica Integral Naranja estar\u00e1n definidas en el plan de acci\u00f3n que adopte el Comit\u00e9 T\u00e9cnico, sin perjuicio de lo dispuesto en el presente Decreto.<\/span><\/strong><\/p>\n<p style=\"text-align: justify;\"><strong><span style=\"color: #000000;\"><span style=\"color: #0000ff;\">Art\u00edculo 2.12.3.2.2. Comit\u00e9 T\u00e9cnico<\/span>. Con base en lo dispuesto en el art\u00edculo 6 del Decreto 1935 de 2018, se conformar\u00e1 un comit\u00e9 t\u00e9cnico, el cual estar\u00e1 integrado por los delegados de las entidades que componen el Consejo Nacional de Econom\u00eda Naranja con el fin de:<\/span><\/strong><\/p>\n<ol style=\"text-align: justify;\">\n<li><strong><span style=\"color: #000000;\">Efectuar la construcci\u00f3n del Plan de Acci\u00f3n el cual deber\u00e1 someterse a la aprobaci\u00f3n del Consejo Nacional de Econom\u00eda Naranja.<\/span><\/strong><\/li>\n<li><strong><span style=\"color: #000000;\">Apoyar la definici\u00f3n articulada de metas e indicadores asociados a la implementaci\u00f3n de la pol\u00edtica.<\/span><\/strong><\/li>\n<li><strong><span style=\"color: #000000;\">Desarrollar las mesas t\u00e9cnicas con los gremios y actores privados con el fin de incluir acciones de coordinaci\u00f3n en el marco de la definici\u00f3n e implementaci\u00f3n el Plan de Acci\u00f3n,<\/span><\/strong><\/li>\n<li><strong><span style=\"color: #000000;\">Las dem\u00e1s necesarias para llevar a cabo la implementaci\u00f3n de la Pol\u00edtica Integral Naranja.<\/span><\/strong><\/li>\n<\/ol>\n<p style=\"text-align: justify;\"><strong><span style=\"color: #000000;\"><span style=\"color: #0000ff;\">ART\u00cdCULO 2.12.3.2.3. Plan de Acci\u00f3n.<\/span> Dentro de los tres (3) meses siguientes a la entrada en vigencia del presente Decreto, se formular\u00e1 el Plan de Acci\u00f3n que concrete los ejes, l\u00edneas de acci\u00f3n, responsables, metas e indicadores para dar cumplimiento a la Pol\u00edtica que se adopta.<\/span><\/strong><\/p>\n<p style=\"text-align: justify;\"><strong><span style=\"color: #000000;\">PAR\u00c1GRAFO 1.- El Plan de Acci\u00f3n deber\u00e1 ser formulado en coordinaci\u00f3n con las entidades del Comit\u00e9 T\u00e9cnico y aquellas del orden nacional y territorial que sean necesarias.<\/span><\/strong><\/p>\n<p style=\"text-align: justify;\"><strong><span style=\"color: #000000;\">PAR\u00c1GRAFO 2.- Una vez formulado el Plan de Acci\u00f3n, deber\u00e1 ser puesto en consideraci\u00f3n y aprobado por el Consejo Nacional de Econom\u00eda Naranja para proceder a su implementaci\u00f3n.<\/span><\/strong><\/p>\n<p style=\"text-align: justify;\"><strong><span style=\"color: #000000;\"><span style=\"color: #0000ff;\">ART\u00edCULO 2.12.3.2.4. Participaci\u00f3n<\/span>. El Comit\u00e9 T\u00e9cnico podr\u00e1 generar espacios de participaci\u00f3n de actores p\u00fablicos y privados que permitan, realizar aportes e integrar elementos que permitan propiciar la implementaci\u00f3n del Plan de Acci\u00f3n.<\/span><\/strong><\/p>\n<p style=\"text-align: justify;\"><strong><span style=\"color: #000000;\"><span style=\"color: #0000ff;\">ART\u00cdCULO 2.12.3.2.5.- Seguimiento y evaluaci\u00f3n.<\/span> el Ministerio de Cultura, de manera conjunta con el Consejo Nacional de Econom\u00eda Naranja ser\u00e1n los encargados de adelantar el proceso de seguimiento del Plan de Acci\u00f3n de la pol\u00edtica de acuerdo con la metodolog\u00eda de indicadores que se defina en el mismo.<\/span><\/strong><\/p>\n<p style=\"text-align: justify;\"><strong><span style=\"color: #000000;\">El comit\u00e9 t\u00e9cnico se\u00f1alado en el art\u00edculo 2.12.3.2.2. del presente Decreto deber\u00e1 presentar los reportes sobre el estado del cumplimiento del plan de acci\u00f3n que requieran el Ministerio de Cultura o el Consejo Nacional de Econom\u00eda Naranja para la correspondiente evaluaci\u00f3n de la Pol\u00edtica Integral Naranja. De igual manera, le corresponde al comit\u00e9 presentar un informe anual en la \u00faltima sesi\u00f3n del Consejo Nacional de Econom\u00eda Naranja en el que se consolide el registro de las labores de implementaci\u00f3n de la pol\u00edtica; la efectividad y eficiencia de las acciones desplegadas; y el estado de logros obtenidos en la vigencia y las recomendaciones para la acci\u00f3n de implementaci\u00f3n de la pol\u00edtica.<\/span><\/strong><\/p>\n<p style=\"text-align: justify;\"><strong><span style=\"color: #000000;\"><span style=\"color: #0000ff;\">ART\u00cdCULO 2.12.3.2.6. Financiaci\u00f3n.<\/span> Las fuentes de financiaci\u00f3n de la Pol\u00edtica Integral Naranja ser\u00e1n definidas en el correspondiente plan de acci\u00f3n.<\/span><\/strong><\/p>\n<p style=\"text-align: justify;\"><strong><span style=\"color: #000000;\"><span style=\"color: #0000ff;\">ART\u00cdCULO 2. Vigencia.<\/span> El presente Decreto rige a partir de la fecha de su publicaci\u00f3n.<\/span><\/strong><\/p>\n<p style=\"text-align: justify;\"><strong><span style=\"color: #000000;\">PUBL\u00cdQUESE Y C\u00daMPLASE<\/span><\/strong><\/p>\n<p style=\"text-align: justify;\"><strong><span style=\"color: #000000;\">Dado en Bogot\u00e1, D.C a septiembre 1 de 2020<\/span><\/strong><\/p>\n<p><a href=\"https:\/\/dapre.presidencia.gov.co\/normativa\/normativa\/DECRETO%201204%20DEL%201%20DE%20SEPTIEMBRE%20DE%202020.pdf\" target=\"_blank\" rel=\"noopener\"><strong><span style=\"color: #0000ff;\">Para descargar el Decreto 1204 de septiembre 01 de 2020, dar click en este enlace.<\/span><\/strong><\/a><\/p>\n","protected":false},"excerpt":{"rendered":"<p>MINISTERIO DE CULTURA DECRETO N\u00daMERO 1204 SEPTIEMBRE 01 DE 2020 \u00abPor el cual se adiciona un t\u00edtulo a la parte XII del Libro 2 del Decreto 1080 de 2015, \u00danico&#46;&#46;&#46;<\/p>\n","protected":false},"author":1,"featured_media":12830,"comment_status":"open","ping_status":"open","sticky":false,"template":"","format":"standard","meta":{"_monsterinsights_skip_tracking":false,"ngg_post_thumbnail":0,"footnotes":"","_links_to":"","_links_to_target":""},"categories":[454,458,1],"tags":[],"class_list":["post-12828","post","type-post","status-publish","format-standard","has-post-thumbnail","hentry","category-sin-categoria","category-ultimas","category-uncategorized"],"aioseo_notices":[],"aioseo_head":"\n\t\t<!-- All in One SEO 5.0.1.1 - aioseo.com -->\n\t<meta name=\"description\" content=\"MINISTERIO DE CULTURA DECRETO N\u00daMERO 1204 SEPTIEMBRE 01 DE 2020 &quot;Por el cual se adiciona un t\u00edtulo a la parte XII del Libro 2 del Decreto 1080 de 2015, \u00danico Reglamentario del Sector Cultura, y se adopta la Pol\u00edtica P\u00fablica integral de la Econom\u00eda Creativa (Pol\u00edtica Integral Naranja) EL PRESIDENTE DE LA REP\u00daBLICA DE COLOMBIA,\" \/>\n\t<meta name=\"robots\" content=\"max-image-preview:large\" \/>\n\t<meta name=\"author\" content=\"Miguel Antonio M\u00e1rquez Monta\u00f1ez\"\/>\n\t<link rel=\"canonical\" href=\"https:\/\/contadoreshoy.com\/?p=12828\" \/>\n\t<meta name=\"generator\" content=\"All in One SEO (AIOSEO) 5.0.1.1\" \/>\n\t\t<meta property=\"og:locale\" content=\"es_ES\" \/>\n\t\t<meta property=\"og:site_name\" content=\"Contadores P\u00fablicos - Portal para Contadores P\u00fablicos y empresarios\" \/>\n\t\t<meta property=\"og:type\" content=\"article\" \/>\n\t\t<meta property=\"og:title\" content=\"Decreto 1204 septiembre 01 de 2020 \u2013 Adopci\u00f3n de la pol\u00edtica p\u00fablica integral de la econom\u00eda creativa (Pol\u00edtica integral naranja) - Contadores P\u00fablicos\" \/>\n\t\t<meta property=\"og:description\" content=\"MINISTERIO DE CULTURA DECRETO N\u00daMERO 1204 SEPTIEMBRE 01 DE 2020 &quot;Por el cual se adiciona un t\u00edtulo a la parte XII del Libro 2 del Decreto 1080 de 2015, \u00danico Reglamentario del Sector Cultura, y se adopta la Pol\u00edtica P\u00fablica integral de la Econom\u00eda Creativa (Pol\u00edtica Integral Naranja) EL PRESIDENTE DE LA REP\u00daBLICA DE COLOMBIA,\" \/>\n\t\t<meta property=\"og:url\" content=\"https:\/\/contadoreshoy.com\/?p=12828\" \/>\n\t\t<meta property=\"og:image\" content=\"https:\/\/contadoreshoy.com\/wp-content\/uploads\/2024\/01\/cropped-cropped-cropped-Copia-de-M.jpg\" \/>\n\t\t<meta property=\"og:image:secure_url\" content=\"https:\/\/contadoreshoy.com\/wp-content\/uploads\/2024\/01\/cropped-cropped-cropped-Copia-de-M.jpg\" \/>\n\t\t<meta property=\"og:image:width\" content=\"512\" \/>\n\t\t<meta property=\"og:image:height\" content=\"371\" \/>\n\t\t<meta property=\"article:published_time\" content=\"2020-09-07T03:00:45+00:00\" \/>\n\t\t<meta property=\"article:modified_time\" content=\"2020-09-07T03:00:45+00:00\" \/>\n\t\t<meta name=\"twitter:card\" content=\"summary_large_image\" \/>\n\t\t<meta name=\"twitter:title\" content=\"Decreto 1204 septiembre 01 de 2020 \u2013 Adopci\u00f3n de la pol\u00edtica p\u00fablica integral de la econom\u00eda creativa (Pol\u00edtica integral naranja) - Contadores P\u00fablicos\" \/>\n\t\t<meta name=\"twitter:description\" content=\"MINISTERIO DE CULTURA DECRETO N\u00daMERO 1204 SEPTIEMBRE 01 DE 2020 &quot;Por el cual se adiciona un t\u00edtulo a la parte XII del Libro 2 del Decreto 1080 de 2015, \u00danico Reglamentario del Sector Cultura, y se adopta la Pol\u00edtica P\u00fablica integral de la Econom\u00eda Creativa (Pol\u00edtica Integral Naranja) EL PRESIDENTE DE LA REP\u00daBLICA DE COLOMBIA,\" \/>\n\t\t<meta name=\"twitter:image\" content=\"https:\/\/contadoreshoy.com\/wp-content\/uploads\/2024\/01\/cropped-cropped-cropped-Copia-de-M.jpg\" \/>\n\t\t<script type=\"application\/ld+json\" class=\"aioseo-schema\">\n\t\t\t{\"@context\":\"https:\\\/\\\/schema.org\",\"@graph\":[{\"@type\":\"BlogPosting\",\"@id\":\"https:\\\/\\\/contadoreshoy.com\\\/?p=12828#blogposting\",\"name\":\"Decreto 1204 septiembre 01 de 2020 \\u2013 Adopci\\u00f3n de la pol\\u00edtica p\\u00fablica integral de la econom\\u00eda creativa (Pol\\u00edtica integral naranja) - Contadores P\\u00fablicos\",\"headline\":\"Decreto 1204 septiembre 01 de 2020 &#8211; Adopci\\u00f3n de la pol\\u00edtica p\\u00fablica integral de la econom\\u00eda creativa (Pol\\u00edtica integral naranja)\",\"author\":{\"@id\":\"https:\\\/\\\/contadoreshoy.com\\\/?author=1#author\"},\"publisher\":{\"@id\":\"https:\\\/\\\/contadoreshoy.com\\\/#organization\"},\"image\":{\"@type\":\"ImageObject\",\"url\":\"https:\\\/\\\/contadoreshoy.com\\\/wp-content\\\/uploads\\\/2020\\\/09\\\/Econom\\u00eda-naranja.png\",\"width\":1092,\"height\":519},\"datePublished\":\"2020-09-06T22:00:45-05:00\",\"dateModified\":\"2020-09-06T22:00:45-05:00\",\"inLanguage\":\"es-ES\",\"mainEntityOfPage\":{\"@id\":\"https:\\\/\\\/contadoreshoy.com\\\/?p=12828#webpage\"},\"isPartOf\":{\"@id\":\"https:\\\/\\\/contadoreshoy.com\\\/?p=12828#webpage\"},\"articleSection\":\"Sin categor\\u00eda, Ultimas Noticias, Uncategorized\"},{\"@type\":\"BreadcrumbList\",\"@id\":\"https:\\\/\\\/contadoreshoy.com\\\/?p=12828#breadcrumblist\",\"itemListElement\":[{\"@type\":\"ListItem\",\"@id\":\"https:\\\/\\\/contadoreshoy.com#listItem\",\"position\":1,\"name\":\"Home\",\"item\":\"https:\\\/\\\/contadoreshoy.com\",\"nextItem\":{\"@type\":\"ListItem\",\"@id\":\"https:\\\/\\\/contadoreshoy.com\\\/?cat=1#listItem\",\"name\":\"Uncategorized\"}},{\"@type\":\"ListItem\",\"@id\":\"https:\\\/\\\/contadoreshoy.com\\\/?cat=1#listItem\",\"position\":2,\"name\":\"Uncategorized\",\"item\":\"https:\\\/\\\/contadoreshoy.com\\\/?cat=1\",\"nextItem\":{\"@type\":\"ListItem\",\"@id\":\"https:\\\/\\\/contadoreshoy.com\\\/?p=12828#listItem\",\"name\":\"Decreto 1204 septiembre 01 de 2020 &#8211; Adopci\\u00f3n de la pol\\u00edtica p\\u00fablica integral de la econom\\u00eda creativa (Pol\\u00edtica integral naranja)\"},\"previousItem\":{\"@type\":\"ListItem\",\"@id\":\"https:\\\/\\\/contadoreshoy.com#listItem\",\"name\":\"Home\"}},{\"@type\":\"ListItem\",\"@id\":\"https:\\\/\\\/contadoreshoy.com\\\/?p=12828#listItem\",\"position\":3,\"name\":\"Decreto 1204 septiembre 01 de 2020 &#8211; Adopci\\u00f3n de la pol\\u00edtica p\\u00fablica integral de la econom\\u00eda creativa (Pol\\u00edtica integral naranja)\",\"previousItem\":{\"@type\":\"ListItem\",\"@id\":\"https:\\\/\\\/contadoreshoy.com\\\/?cat=1#listItem\",\"name\":\"Uncategorized\"}}]},{\"@type\":\"Organization\",\"@id\":\"https:\\\/\\\/contadoreshoy.com\\\/#organization\",\"name\":\"Contadores P\\u00fablicos\",\"description\":\"Portal para Contadores P\\u00fablicos y empresarios\",\"url\":\"https:\\\/\\\/contadoreshoy.com\\\/\",\"logo\":{\"@type\":\"ImageObject\",\"url\":\"https:\\\/\\\/contadoreshoy.com\\\/wp-content\\\/uploads\\\/2024\\\/01\\\/cropped-cropped-Copia-de-M-1.jpg\",\"@id\":\"https:\\\/\\\/contadoreshoy.com\\\/?p=12828\\\/#organizationLogo\",\"width\":499,\"height\":500},\"image\":{\"@id\":\"https:\\\/\\\/contadoreshoy.com\\\/?p=12828\\\/#organizationLogo\"}},{\"@type\":\"Person\",\"@id\":\"https:\\\/\\\/contadoreshoy.com\\\/?author=1#author\",\"url\":\"https:\\\/\\\/contadoreshoy.com\\\/?author=1\",\"name\":\"Miguel Antonio M\\u00e1rquez Monta\\u00f1ez\"},{\"@type\":\"WebPage\",\"@id\":\"https:\\\/\\\/contadoreshoy.com\\\/?p=12828#webpage\",\"url\":\"https:\\\/\\\/contadoreshoy.com\\\/?p=12828\",\"name\":\"Decreto 1204 septiembre 01 de 2020 \\u2013 Adopci\\u00f3n de la pol\\u00edtica p\\u00fablica integral de la econom\\u00eda creativa (Pol\\u00edtica integral naranja) - Contadores P\\u00fablicos\",\"description\":\"MINISTERIO DE CULTURA DECRETO N\\u00daMERO 1204 SEPTIEMBRE 01 DE 2020 \\\"Por el cual se adiciona un t\\u00edtulo a la parte XII del Libro 2 del Decreto 1080 de 2015, \\u00danico Reglamentario del Sector Cultura, y se adopta la Pol\\u00edtica P\\u00fablica integral de la Econom\\u00eda Creativa (Pol\\u00edtica Integral Naranja) EL PRESIDENTE DE LA REP\\u00daBLICA DE COLOMBIA,\",\"inLanguage\":\"es-ES\",\"isPartOf\":{\"@id\":\"https:\\\/\\\/contadoreshoy.com\\\/#website\"},\"breadcrumb\":{\"@id\":\"https:\\\/\\\/contadoreshoy.com\\\/?p=12828#breadcrumblist\"},\"author\":{\"@id\":\"https:\\\/\\\/contadoreshoy.com\\\/?author=1#author\"},\"creator\":{\"@id\":\"https:\\\/\\\/contadoreshoy.com\\\/?author=1#author\"},\"image\":{\"@type\":\"ImageObject\",\"url\":\"https:\\\/\\\/contadoreshoy.com\\\/wp-content\\\/uploads\\\/2020\\\/09\\\/Econom\\u00eda-naranja.png\",\"@id\":\"https:\\\/\\\/contadoreshoy.com\\\/?p=12828\\\/#mainImage\",\"width\":1092,\"height\":519},\"primaryImageOfPage\":{\"@id\":\"https:\\\/\\\/contadoreshoy.com\\\/?p=12828#mainImage\"},\"datePublished\":\"2020-09-06T22:00:45-05:00\",\"dateModified\":\"2020-09-06T22:00:45-05:00\"},{\"@type\":\"WebSite\",\"@id\":\"https:\\\/\\\/contadoreshoy.com\\\/#website\",\"url\":\"https:\\\/\\\/contadoreshoy.com\\\/\",\"name\":\"Contadores P\\u00fablicos\",\"description\":\"Portal para Contadores P\\u00fablicos y empresarios\",\"inLanguage\":\"es-ES\",\"publisher\":{\"@id\":\"https:\\\/\\\/contadoreshoy.com\\\/#organization\"}}]}\n\t\t<\/script>\n\t\t<!-- All in One SEO -->\n\n","aioseo_head_json":{"title":"Decreto 1204 septiembre 01 de 2020 \u2013 Adopci\u00f3n de la pol\u00edtica p\u00fablica integral de la econom\u00eda creativa (Pol\u00edtica integral naranja) - Contadores P\u00fablicos","description":"MINISTERIO DE CULTURA DECRETO N\u00daMERO 1204 SEPTIEMBRE 01 DE 2020 \"Por el cual se adiciona un t\u00edtulo a la parte XII del Libro 2 del Decreto 1080 de 2015, \u00danico Reglamentario del Sector Cultura, y se adopta la Pol\u00edtica P\u00fablica integral de la Econom\u00eda Creativa (Pol\u00edtica Integral Naranja) EL PRESIDENTE DE LA REP\u00daBLICA DE COLOMBIA,","canonical_url":"https:\/\/contadoreshoy.com\/?p=12828","robots":"max-image-preview:large","keywords":"","webmasterTools":{"miscellaneous":""},"schema":{"@context":"https:\/\/schema.org","@graph":[{"@type":"BlogPosting","@id":"https:\/\/contadoreshoy.com\/?p=12828#blogposting","name":"Decreto 1204 septiembre 01 de 2020 \u2013 Adopci\u00f3n de la pol\u00edtica p\u00fablica integral de la econom\u00eda creativa (Pol\u00edtica integral naranja) - Contadores P\u00fablicos","headline":"Decreto 1204 septiembre 01 de 2020 &#8211; Adopci\u00f3n de la pol\u00edtica p\u00fablica integral de la econom\u00eda creativa (Pol\u00edtica integral naranja)","author":{"@id":"https:\/\/contadoreshoy.com\/?author=1#author"},"publisher":{"@id":"https:\/\/contadoreshoy.com\/#organization"},"image":{"@type":"ImageObject","url":"https:\/\/contadoreshoy.com\/wp-content\/uploads\/2020\/09\/Econom\u00eda-naranja.png","width":1092,"height":519},"datePublished":"2020-09-06T22:00:45-05:00","dateModified":"2020-09-06T22:00:45-05:00","inLanguage":"es-ES","mainEntityOfPage":{"@id":"https:\/\/contadoreshoy.com\/?p=12828#webpage"},"isPartOf":{"@id":"https:\/\/contadoreshoy.com\/?p=12828#webpage"},"articleSection":"Sin categor\u00eda, Ultimas Noticias, Uncategorized"},{"@type":"BreadcrumbList","@id":"https:\/\/contadoreshoy.com\/?p=12828#breadcrumblist","itemListElement":[{"@type":"ListItem","@id":"https:\/\/contadoreshoy.com#listItem","position":1,"name":"Home","item":"https:\/\/contadoreshoy.com","nextItem":{"@type":"ListItem","@id":"https:\/\/contadoreshoy.com\/?cat=1#listItem","name":"Uncategorized"}},{"@type":"ListItem","@id":"https:\/\/contadoreshoy.com\/?cat=1#listItem","position":2,"name":"Uncategorized","item":"https:\/\/contadoreshoy.com\/?cat=1","nextItem":{"@type":"ListItem","@id":"https:\/\/contadoreshoy.com\/?p=12828#listItem","name":"Decreto 1204 septiembre 01 de 2020 &#8211; Adopci\u00f3n de la pol\u00edtica p\u00fablica integral de la econom\u00eda creativa (Pol\u00edtica integral naranja)"},"previousItem":{"@type":"ListItem","@id":"https:\/\/contadoreshoy.com#listItem","name":"Home"}},{"@type":"ListItem","@id":"https:\/\/contadoreshoy.com\/?p=12828#listItem","position":3,"name":"Decreto 1204 septiembre 01 de 2020 &#8211; Adopci\u00f3n de la pol\u00edtica p\u00fablica integral de la econom\u00eda creativa (Pol\u00edtica integral naranja)","previousItem":{"@type":"ListItem","@id":"https:\/\/contadoreshoy.com\/?cat=1#listItem","name":"Uncategorized"}}]},{"@type":"Organization","@id":"https:\/\/contadoreshoy.com\/#organization","name":"Contadores P\u00fablicos","description":"Portal para Contadores P\u00fablicos y empresarios","url":"https:\/\/contadoreshoy.com\/","logo":{"@type":"ImageObject","url":"https:\/\/contadoreshoy.com\/wp-content\/uploads\/2024\/01\/cropped-cropped-Copia-de-M-1.jpg","@id":"https:\/\/contadoreshoy.com\/?p=12828\/#organizationLogo","width":499,"height":500},"image":{"@id":"https:\/\/contadoreshoy.com\/?p=12828\/#organizationLogo"}},{"@type":"Person","@id":"https:\/\/contadoreshoy.com\/?author=1#author","url":"https:\/\/contadoreshoy.com\/?author=1","name":"Miguel Antonio M\u00e1rquez Monta\u00f1ez"},{"@type":"WebPage","@id":"https:\/\/contadoreshoy.com\/?p=12828#webpage","url":"https:\/\/contadoreshoy.com\/?p=12828","name":"Decreto 1204 septiembre 01 de 2020 \u2013 Adopci\u00f3n de la pol\u00edtica p\u00fablica integral de la econom\u00eda creativa (Pol\u00edtica integral naranja) - Contadores P\u00fablicos","description":"MINISTERIO DE CULTURA DECRETO N\u00daMERO 1204 SEPTIEMBRE 01 DE 2020 \"Por el cual se adiciona un t\u00edtulo a la parte XII del Libro 2 del Decreto 1080 de 2015, \u00danico Reglamentario del Sector Cultura, y se adopta la Pol\u00edtica P\u00fablica integral de la Econom\u00eda Creativa (Pol\u00edtica Integral Naranja) EL PRESIDENTE DE LA REP\u00daBLICA DE COLOMBIA,","inLanguage":"es-ES","isPartOf":{"@id":"https:\/\/contadoreshoy.com\/#website"},"breadcrumb":{"@id":"https:\/\/contadoreshoy.com\/?p=12828#breadcrumblist"},"author":{"@id":"https:\/\/contadoreshoy.com\/?author=1#author"},"creator":{"@id":"https:\/\/contadoreshoy.com\/?author=1#author"},"image":{"@type":"ImageObject","url":"https:\/\/contadoreshoy.com\/wp-content\/uploads\/2020\/09\/Econom\u00eda-naranja.png","@id":"https:\/\/contadoreshoy.com\/?p=12828\/#mainImage","width":1092,"height":519},"primaryImageOfPage":{"@id":"https:\/\/contadoreshoy.com\/?p=12828#mainImage"},"datePublished":"2020-09-06T22:00:45-05:00","dateModified":"2020-09-06T22:00:45-05:00"},{"@type":"WebSite","@id":"https:\/\/contadoreshoy.com\/#website","url":"https:\/\/contadoreshoy.com\/","name":"Contadores P\u00fablicos","description":"Portal para Contadores P\u00fablicos y empresarios","inLanguage":"es-ES","publisher":{"@id":"https:\/\/contadoreshoy.com\/#organization"}}]},"og:locale":"es_ES","og:site_name":"Contadores P\u00fablicos - Portal para Contadores P\u00fablicos y empresarios","og:type":"article","og:title":"Decreto 1204 septiembre 01 de 2020 \u2013 Adopci\u00f3n de la pol\u00edtica p\u00fablica integral de la econom\u00eda creativa (Pol\u00edtica integral naranja) - Contadores P\u00fablicos","og:description":"MINISTERIO DE CULTURA DECRETO N\u00daMERO 1204 SEPTIEMBRE 01 DE 2020 &quot;Por el cual se adiciona un t\u00edtulo a la parte XII del Libro 2 del Decreto 1080 de 2015, \u00danico Reglamentario del Sector Cultura, y se adopta la Pol\u00edtica P\u00fablica integral de la Econom\u00eda Creativa (Pol\u00edtica Integral Naranja) EL PRESIDENTE DE LA REP\u00daBLICA DE COLOMBIA,","og:url":"https:\/\/contadoreshoy.com\/?p=12828","og:image":"https:\/\/contadoreshoy.com\/wp-content\/uploads\/2024\/01\/cropped-cropped-cropped-Copia-de-M.jpg","og:image:secure_url":"https:\/\/contadoreshoy.com\/wp-content\/uploads\/2024\/01\/cropped-cropped-cropped-Copia-de-M.jpg","og:image:width":512,"og:image:height":371,"article:published_time":"2020-09-07T03:00:45+00:00","article:modified_time":"2020-09-07T03:00:45+00:00","twitter:card":"summary_large_image","twitter:title":"Decreto 1204 septiembre 01 de 2020 \u2013 Adopci\u00f3n de la pol\u00edtica p\u00fablica integral de la econom\u00eda creativa (Pol\u00edtica integral naranja) - Contadores P\u00fablicos","twitter:description":"MINISTERIO DE CULTURA DECRETO N\u00daMERO 1204 SEPTIEMBRE 01 DE 2020 &quot;Por el cual se adiciona un t\u00edtulo a la parte XII del Libro 2 del Decreto 1080 de 2015, \u00danico Reglamentario del Sector Cultura, y se adopta la Pol\u00edtica P\u00fablica integral de la Econom\u00eda Creativa (Pol\u00edtica Integral Naranja) EL PRESIDENTE DE LA REP\u00daBLICA DE COLOMBIA,","twitter:image":"https:\/\/contadoreshoy.com\/wp-content\/uploads\/2024\/01\/cropped-cropped-cropped-Copia-de-M.jpg"},"aioseo_meta_data":{"post_id":"12828","title":null,"description":null,"keywords":null,"keyphrases":null,"primary_term":null,"canonical_url":null,"og_title":null,"og_description":null,"og_object_type":"default","og_image_type":"default","og_image_url":null,"og_image_width":null,"og_image_height":null,"og_image_custom_url":null,"og_image_custom_fields":null,"og_video":null,"og_custom_url":null,"og_article_section":null,"og_article_tags":null,"twitter_use_og":false,"twitter_card":"default","twitter_image_type":"default","twitter_image_url":null,"twitter_image_custom_url":null,"twitter_image_custom_fields":null,"twitter_title":null,"twitter_description":null,"schema":{"blockGraphs":[],"customGraphs":[],"default":{"data":{"Article":[],"Course":[],"Dataset":[],"FAQPage":[],"Movie":[],"Person":[],"Product":[],"ProductReview":[],"Car":[],"Recipe":[],"Service":[],"SoftwareApplication":[],"WebPage":[]},"graphName":"","isEnabled":true},"graphs":[]},"schema_type":"default","schema_type_options":null,"pillar_content":false,"robots_default":true,"robots_noindex":false,"robots_noarchive":false,"robots_nosnippet":false,"robots_nofollow":false,"robots_noimageindex":false,"robots_noodp":false,"robots_notranslate":false,"robots_max_snippet":null,"robots_max_videopreview":null,"robots_max_imagepreview":"large","priority":null,"frequency":null,"local_seo":null,"breadcrumb_settings":null,"limit_modified_date":false,"ai":null,"created":"2024-03-05 02:24:12","updated":"2026-03-03 05:30:42","seo_analyzer_scan_date":null,"focus_keyword":null,"additional_keywords":null,"truseo_locale":null},"aioseo_breadcrumb":"<div class=\"aioseo-breadcrumbs\"><span class=\"aioseo-breadcrumb\">\n\t\t\t<a href=\"https:\/\/contadoreshoy.com\" title=\"Home\">Home<\/a>\n\t\t<\/span><span class=\"aioseo-breadcrumb-separator\">&raquo;<\/span><span class=\"aioseo-breadcrumb\">\n\t\t\t<a href=\"https:\/\/contadoreshoy.com\/?cat=1\" title=\"Uncategorized\">Uncategorized<\/a>\n\t\t<\/span><span class=\"aioseo-breadcrumb-separator\">&raquo;<\/span><span class=\"aioseo-breadcrumb\">\n\t\t\tDecreto 1204 septiembre 01 de 2020 \u2013 Adopci\u00f3n de la pol\u00edtica p\u00fablica integral de la econom\u00eda creativa (Pol\u00edtica integral naranja)\n\t\t<\/span><\/div>","aioseo_breadcrumb_json":[{"label":"Home","link":"https:\/\/contadoreshoy.com"},{"label":"Uncategorized","link":"https:\/\/contadoreshoy.com\/?cat=1"},{"label":"Decreto 1204 septiembre 01 de 2020 &#8211; Adopci\u00f3n de la pol\u00edtica p\u00fablica integral de la econom\u00eda creativa (Pol\u00edtica integral naranja)","link":"https:\/\/contadoreshoy.com\/?p=12828"}],"yoast_head":"<!-- This site is optimized with the Yoast SEO plugin v28.4 - https:\/\/yoast.com\/product\/yoast-seo-wordpress\/ -->\n<title>Decreto 1204 septiembre 01 de 2020 - Adopci\u00f3n de la pol\u00edtica p\u00fablica integral de la econom\u00eda creativa (Pol\u00edtica integral naranja) - Contadores P\u00fablicos<\/title>\n<meta name=\"robots\" content=\"index, follow, max-snippet:-1, max-image-preview:large, max-video-preview:-1\" \/>\n<link rel=\"canonical\" href=\"https:\/\/contadoreshoy.com\/?p=12828\" \/>\n<meta property=\"og:locale\" content=\"es_ES\" \/>\n<meta property=\"og:type\" content=\"article\" \/>\n<meta property=\"og:title\" content=\"Decreto 1204 septiembre 01 de 2020 - Adopci\u00f3n de la pol\u00edtica p\u00fablica integral de la econom\u00eda creativa (Pol\u00edtica integral naranja) - Contadores P\u00fablicos\" \/>\n<meta property=\"og:description\" content=\"MINISTERIO DE CULTURA DECRETO N\u00daMERO 1204 SEPTIEMBRE 01 DE 2020 \u00abPor el cual se adiciona un t\u00edtulo a la parte XII del Libro 2 del Decreto 1080 de 2015, \u00danico&#046;&#046;&#046;\" \/>\n<meta property=\"og:url\" content=\"https:\/\/contadoreshoy.com\/?p=12828\" \/>\n<meta property=\"og:site_name\" content=\"Contadores P\u00fablicos\" \/>\n<meta property=\"article:publisher\" content=\"https:\/\/www.facebook.com\/CCCPBucaramanga\/\" \/>\n<meta property=\"article:published_time\" content=\"2020-09-07T03:00:45+00:00\" \/>\n<meta property=\"og:image\" content=\"https:\/\/contadoreshoy.com\/wp-content\/uploads\/2020\/09\/Econom\u00eda-naranja.png\" \/>\n\t<meta property=\"og:image:width\" content=\"1092\" \/>\n\t<meta property=\"og:image:height\" content=\"519\" \/>\n\t<meta property=\"og:image:type\" content=\"image\/png\" \/>\n<meta name=\"author\" content=\"Miguel Antonio M\u00e1rquez Monta\u00f1ez\" \/>\n<meta name=\"twitter:card\" content=\"summary_large_image\" \/>\n<meta name=\"twitter:label1\" content=\"Escrito por\" \/>\n\t<meta name=\"twitter:data1\" content=\"Miguel Antonio M\u00e1rquez Monta\u00f1ez\" \/>\n\t<meta name=\"twitter:label2\" content=\"Tiempo de lectura\" \/>\n\t<meta name=\"twitter:data2\" content=\"14 minutos\" \/>\n<script type=\"application\/ld+json\" class=\"yoast-schema-graph\">{\"@context\":\"https:\\\/\\\/schema.org\",\"@graph\":[{\"@type\":\"Article\",\"@id\":\"https:\\\/\\\/contadoreshoy.com\\\/?p=12828#article\",\"isPartOf\":{\"@id\":\"https:\\\/\\\/contadoreshoy.com\\\/?p=12828\"},\"author\":{\"name\":\"Miguel Antonio M\u00e1rquez Monta\u00f1ez\",\"@id\":\"https:\\\/\\\/contadoreshoy.com\\\/#\\\/schema\\\/person\\\/96d8979cb865537c5dc9345e40089fc5\"},\"headline\":\"Decreto 1204 septiembre 01 de 2020 &#8211; Adopci\u00f3n de la pol\u00edtica p\u00fablica integral de la econom\u00eda creativa (Pol\u00edtica integral naranja)\",\"datePublished\":\"2020-09-07T03:00:45+00:00\",\"mainEntityOfPage\":{\"@id\":\"https:\\\/\\\/contadoreshoy.com\\\/?p=12828\"},\"wordCount\":2731,\"commentCount\":0,\"publisher\":{\"@id\":\"https:\\\/\\\/contadoreshoy.com\\\/#organization\"},\"image\":{\"@id\":\"https:\\\/\\\/contadoreshoy.com\\\/?p=12828#primaryimage\"},\"thumbnailUrl\":\"https:\\\/\\\/contadoreshoy.com\\\/wp-content\\\/uploads\\\/2020\\\/09\\\/Econom\u00eda-naranja.png\",\"articleSection\":{\"1\":\"Ultimas Noticias\",\"2\":\"Uncategorized\"},\"inLanguage\":\"es\",\"potentialAction\":[{\"@type\":\"CommentAction\",\"name\":\"Comment\",\"target\":[\"https:\\\/\\\/contadoreshoy.com\\\/?p=12828#respond\"]}]},{\"@type\":\"WebPage\",\"@id\":\"https:\\\/\\\/contadoreshoy.com\\\/?p=12828\",\"url\":\"https:\\\/\\\/contadoreshoy.com\\\/?p=12828\",\"name\":\"Decreto 1204 septiembre 01 de 2020 - Adopci\u00f3n de la pol\u00edtica p\u00fablica integral de la econom\u00eda creativa (Pol\u00edtica integral naranja) - Contadores P\u00fablicos\",\"isPartOf\":{\"@id\":\"https:\\\/\\\/contadoreshoy.com\\\/#website\"},\"primaryImageOfPage\":{\"@id\":\"https:\\\/\\\/contadoreshoy.com\\\/?p=12828#primaryimage\"},\"image\":{\"@id\":\"https:\\\/\\\/contadoreshoy.com\\\/?p=12828#primaryimage\"},\"thumbnailUrl\":\"https:\\\/\\\/contadoreshoy.com\\\/wp-content\\\/uploads\\\/2020\\\/09\\\/Econom\u00eda-naranja.png\",\"datePublished\":\"2020-09-07T03:00:45+00:00\",\"breadcrumb\":{\"@id\":\"https:\\\/\\\/contadoreshoy.com\\\/?p=12828#breadcrumb\"},\"inLanguage\":\"es\",\"potentialAction\":[{\"@type\":\"ReadAction\",\"target\":[\"https:\\\/\\\/contadoreshoy.com\\\/?p=12828\"]}]},{\"@type\":\"ImageObject\",\"inLanguage\":\"es\",\"@id\":\"https:\\\/\\\/contadoreshoy.com\\\/?p=12828#primaryimage\",\"url\":\"https:\\\/\\\/contadoreshoy.com\\\/wp-content\\\/uploads\\\/2020\\\/09\\\/Econom\u00eda-naranja.png\",\"contentUrl\":\"https:\\\/\\\/contadoreshoy.com\\\/wp-content\\\/uploads\\\/2020\\\/09\\\/Econom\u00eda-naranja.png\",\"width\":1092,\"height\":519},{\"@type\":\"BreadcrumbList\",\"@id\":\"https:\\\/\\\/contadoreshoy.com\\\/?p=12828#breadcrumb\",\"itemListElement\":[{\"@type\":\"ListItem\",\"position\":1,\"name\":\"Portada\",\"item\":\"https:\\\/\\\/contadoreshoy.com\\\/\"},{\"@type\":\"ListItem\",\"position\":2,\"name\":\"Decreto 1204 septiembre 01 de 2020 &#8211; Adopci\u00f3n de la pol\u00edtica p\u00fablica integral de la econom\u00eda creativa (Pol\u00edtica integral naranja)\"}]},{\"@type\":\"WebSite\",\"@id\":\"https:\\\/\\\/contadoreshoy.com\\\/#website\",\"url\":\"https:\\\/\\\/contadoreshoy.com\\\/\",\"name\":\"Contadorespublicossantander\",\"description\":\"Portal para Contadores P\u00fablicos y empresarios\",\"publisher\":{\"@id\":\"https:\\\/\\\/contadoreshoy.com\\\/#organization\"},\"potentialAction\":[{\"@type\":\"SearchAction\",\"target\":{\"@type\":\"EntryPoint\",\"urlTemplate\":\"https:\\\/\\\/contadoreshoy.com\\\/?s={search_term_string}\"},\"query-input\":{\"@type\":\"PropertyValueSpecification\",\"valueRequired\":true,\"valueName\":\"search_term_string\"}}],\"inLanguage\":\"es\"},{\"@type\":\"Organization\",\"@id\":\"https:\\\/\\\/contadoreshoy.com\\\/#organization\",\"name\":\"Contadores P\u00fablicos de Santander\",\"url\":\"https:\\\/\\\/contadoreshoy.com\\\/\",\"logo\":{\"@type\":\"ImageObject\",\"inLanguage\":\"es\",\"@id\":\"https:\\\/\\\/contadoreshoy.com\\\/#\\\/schema\\\/logo\\\/image\\\/\",\"url\":\"https:\\\/\\\/contadoreshoy.com\\\/wp-content\\\/uploads\\\/2024\\\/01\\\/cropped-cropped-Copia-de-M-1.jpg\",\"contentUrl\":\"https:\\\/\\\/contadoreshoy.com\\\/wp-content\\\/uploads\\\/2024\\\/01\\\/cropped-cropped-Copia-de-M-1.jpg\",\"width\":499,\"height\":500,\"caption\":\"Contadores P\u00fablicos de Santander\"},\"image\":{\"@id\":\"https:\\\/\\\/contadoreshoy.com\\\/#\\\/schema\\\/logo\\\/image\\\/\"},\"sameAs\":[\"https:\\\/\\\/www.facebook.com\\\/CCCPBucaramanga\\\/\"]},{\"@type\":\"Person\",\"@id\":\"https:\\\/\\\/contadoreshoy.com\\\/#\\\/schema\\\/person\\\/96d8979cb865537c5dc9345e40089fc5\",\"name\":\"Miguel Antonio M\u00e1rquez Monta\u00f1ez\",\"description\":\"Contador P\u00fablico egresado de la Universidad Aut\u00f3noma de Bucaramanga - Asesor contable tributario con m\u00e1s de 25 a\u00f1os de experiencia - Conferencista en temas contables y tributarios - T\u00e9cnico en Hardware y Dise\u00f1o Web - Creador y director Grupo de Estudio Colegio Colombiano de Contadores P\u00fablicos de Bucaramanga - Creador y Master Web p\u00e1gina www.contadoresp\u00fablicossantander.com - Expresidente Colegio Colombiano de Contadores P\u00fablicos Bucaramanga\",\"url\":\"https:\\\/\\\/contadoreshoy.com\\\/?author=1\"}]}<\/script>\n<!-- \/ Yoast SEO plugin. -->","yoast_head_json":{"title":"Decreto 1204 septiembre 01 de 2020 - Adopci\u00f3n de la pol\u00edtica p\u00fablica integral de la econom\u00eda creativa (Pol\u00edtica integral naranja) - Contadores P\u00fablicos","robots":{"index":"index","follow":"follow","max-snippet":"max-snippet:-1","max-image-preview":"max-image-preview:large","max-video-preview":"max-video-preview:-1"},"canonical":"https:\/\/contadoreshoy.com\/?p=12828","og_locale":"es_ES","og_type":"article","og_title":"Decreto 1204 septiembre 01 de 2020 - Adopci\u00f3n de la pol\u00edtica p\u00fablica integral de la econom\u00eda creativa (Pol\u00edtica integral naranja) - Contadores P\u00fablicos","og_description":"MINISTERIO DE CULTURA DECRETO N\u00daMERO 1204 SEPTIEMBRE 01 DE 2020 \u00abPor el cual se adiciona un t\u00edtulo a la parte XII del Libro 2 del Decreto 1080 de 2015, \u00danico&#46;&#46;&#46;","og_url":"https:\/\/contadoreshoy.com\/?p=12828","og_site_name":"Contadores P\u00fablicos","article_publisher":"https:\/\/www.facebook.com\/CCCPBucaramanga\/","article_published_time":"2020-09-07T03:00:45+00:00","og_image":[{"width":1092,"height":519,"url":"https:\/\/contadoreshoy.com\/wp-content\/uploads\/2020\/09\/Econom\u00eda-naranja.png","type":"image\/png"}],"author":"Miguel Antonio M\u00e1rquez Monta\u00f1ez","twitter_card":"summary_large_image","twitter_misc":{"Escrito por":"Miguel Antonio M\u00e1rquez Monta\u00f1ez","Tiempo de lectura":"14 minutos"},"schema":{"@context":"https:\/\/schema.org","@graph":[{"@type":"Article","@id":"https:\/\/contadoreshoy.com\/?p=12828#article","isPartOf":{"@id":"https:\/\/contadoreshoy.com\/?p=12828"},"author":{"name":"Miguel Antonio M\u00e1rquez Monta\u00f1ez","@id":"https:\/\/contadoreshoy.com\/#\/schema\/person\/96d8979cb865537c5dc9345e40089fc5"},"headline":"Decreto 1204 septiembre 01 de 2020 &#8211; Adopci\u00f3n de la pol\u00edtica p\u00fablica integral de la econom\u00eda creativa (Pol\u00edtica integral naranja)","datePublished":"2020-09-07T03:00:45+00:00","mainEntityOfPage":{"@id":"https:\/\/contadoreshoy.com\/?p=12828"},"wordCount":2731,"commentCount":0,"publisher":{"@id":"https:\/\/contadoreshoy.com\/#organization"},"image":{"@id":"https:\/\/contadoreshoy.com\/?p=12828#primaryimage"},"thumbnailUrl":"https:\/\/contadoreshoy.com\/wp-content\/uploads\/2020\/09\/Econom\u00eda-naranja.png","articleSection":{"1":"Ultimas Noticias","2":"Uncategorized"},"inLanguage":"es","potentialAction":[{"@type":"CommentAction","name":"Comment","target":["https:\/\/contadoreshoy.com\/?p=12828#respond"]}]},{"@type":"WebPage","@id":"https:\/\/contadoreshoy.com\/?p=12828","url":"https:\/\/contadoreshoy.com\/?p=12828","name":"Decreto 1204 septiembre 01 de 2020 - Adopci\u00f3n de la pol\u00edtica p\u00fablica integral de la econom\u00eda creativa (Pol\u00edtica integral naranja) - Contadores P\u00fablicos","isPartOf":{"@id":"https:\/\/contadoreshoy.com\/#website"},"primaryImageOfPage":{"@id":"https:\/\/contadoreshoy.com\/?p=12828#primaryimage"},"image":{"@id":"https:\/\/contadoreshoy.com\/?p=12828#primaryimage"},"thumbnailUrl":"https:\/\/contadoreshoy.com\/wp-content\/uploads\/2020\/09\/Econom\u00eda-naranja.png","datePublished":"2020-09-07T03:00:45+00:00","breadcrumb":{"@id":"https:\/\/contadoreshoy.com\/?p=12828#breadcrumb"},"inLanguage":"es","potentialAction":[{"@type":"ReadAction","target":["https:\/\/contadoreshoy.com\/?p=12828"]}]},{"@type":"ImageObject","inLanguage":"es","@id":"https:\/\/contadoreshoy.com\/?p=12828#primaryimage","url":"https:\/\/contadoreshoy.com\/wp-content\/uploads\/2020\/09\/Econom\u00eda-naranja.png","contentUrl":"https:\/\/contadoreshoy.com\/wp-content\/uploads\/2020\/09\/Econom\u00eda-naranja.png","width":1092,"height":519},{"@type":"BreadcrumbList","@id":"https:\/\/contadoreshoy.com\/?p=12828#breadcrumb","itemListElement":[{"@type":"ListItem","position":1,"name":"Portada","item":"https:\/\/contadoreshoy.com\/"},{"@type":"ListItem","position":2,"name":"Decreto 1204 septiembre 01 de 2020 &#8211; Adopci\u00f3n de la pol\u00edtica p\u00fablica integral de la econom\u00eda creativa (Pol\u00edtica integral naranja)"}]},{"@type":"WebSite","@id":"https:\/\/contadoreshoy.com\/#website","url":"https:\/\/contadoreshoy.com\/","name":"Contadorespublicossantander","description":"Portal para Contadores P\u00fablicos y empresarios","publisher":{"@id":"https:\/\/contadoreshoy.com\/#organization"},"potentialAction":[{"@type":"SearchAction","target":{"@type":"EntryPoint","urlTemplate":"https:\/\/contadoreshoy.com\/?s={search_term_string}"},"query-input":{"@type":"PropertyValueSpecification","valueRequired":true,"valueName":"search_term_string"}}],"inLanguage":"es"},{"@type":"Organization","@id":"https:\/\/contadoreshoy.com\/#organization","name":"Contadores P\u00fablicos de Santander","url":"https:\/\/contadoreshoy.com\/","logo":{"@type":"ImageObject","inLanguage":"es","@id":"https:\/\/contadoreshoy.com\/#\/schema\/logo\/image\/","url":"https:\/\/contadoreshoy.com\/wp-content\/uploads\/2024\/01\/cropped-cropped-Copia-de-M-1.jpg","contentUrl":"https:\/\/contadoreshoy.com\/wp-content\/uploads\/2024\/01\/cropped-cropped-Copia-de-M-1.jpg","width":499,"height":500,"caption":"Contadores P\u00fablicos de Santander"},"image":{"@id":"https:\/\/contadoreshoy.com\/#\/schema\/logo\/image\/"},"sameAs":["https:\/\/www.facebook.com\/CCCPBucaramanga\/"]},{"@type":"Person","@id":"https:\/\/contadoreshoy.com\/#\/schema\/person\/96d8979cb865537c5dc9345e40089fc5","name":"Miguel Antonio M\u00e1rquez Monta\u00f1ez","description":"Contador P\u00fablico egresado de la Universidad Aut\u00f3noma de Bucaramanga - Asesor contable tributario con m\u00e1s de 25 a\u00f1os de experiencia - Conferencista en temas contables y tributarios - T\u00e9cnico en Hardware y Dise\u00f1o Web - Creador y director Grupo de Estudio Colegio Colombiano de Contadores P\u00fablicos de Bucaramanga - Creador y Master Web p\u00e1gina www.contadoresp\u00fablicossantander.com - Expresidente Colegio Colombiano de Contadores P\u00fablicos Bucaramanga","url":"https:\/\/contadoreshoy.com\/?author=1"}]}},"_links":{"self":[{"href":"https:\/\/contadoreshoy.com\/index.php?rest_route=\/wp\/v2\/posts\/12828","targetHints":{"allow":["GET"]}}],"collection":[{"href":"https:\/\/contadoreshoy.com\/index.php?rest_route=\/wp\/v2\/posts"}],"about":[{"href":"https:\/\/contadoreshoy.com\/index.php?rest_route=\/wp\/v2\/types\/post"}],"author":[{"embeddable":true,"href":"https:\/\/contadoreshoy.com\/index.php?rest_route=\/wp\/v2\/users\/1"}],"replies":[{"embeddable":true,"href":"https:\/\/contadoreshoy.com\/index.php?rest_route=%2Fwp%2Fv2%2Fcomments&post=12828"}],"version-history":[{"count":2,"href":"https:\/\/contadoreshoy.com\/index.php?rest_route=\/wp\/v2\/posts\/12828\/revisions"}],"predecessor-version":[{"id":12831,"href":"https:\/\/contadoreshoy.com\/index.php?rest_route=\/wp\/v2\/posts\/12828\/revisions\/12831"}],"wp:featuredmedia":[{"embeddable":true,"href":"https:\/\/contadoreshoy.com\/index.php?rest_route=\/wp\/v2\/media\/12830"}],"wp:attachment":[{"href":"https:\/\/contadoreshoy.com\/index.php?rest_route=%2Fwp%2Fv2%2Fmedia&parent=12828"}],"wp:term":[{"taxonomy":"category","embeddable":true,"href":"https:\/\/contadoreshoy.com\/index.php?rest_route=%2Fwp%2Fv2%2Fcategories&post=12828"},{"taxonomy":"post_tag","embeddable":true,"href":"https:\/\/contadoreshoy.com\/index.php?rest_route=%2Fwp%2Fv2%2Ftags&post=12828"}],"curies":[{"name":"wp","href":"https:\/\/api.w.org\/{rel}","templated":true}]}}