{"id":12924,"date":"2020-12-08T21:28:44","date_gmt":"2020-12-09T02:28:44","guid":{"rendered":"https:\/\/contadoreshoy.com\/?p=12924"},"modified":"2020-12-08T21:28:44","modified_gmt":"2020-12-09T02:28:44","slug":"decreto-1606-diciembre-5-2020-reglamentacion-regimen-tributario-especial-la-guajira-norte-santander-arauca","status":"publish","type":"post","link":"https:\/\/contadoreshoy.com\/?p=12924","title":{"rendered":"Decreto 1606 diciembre 5 de 2020 Reglamentaci\u00f3n r\u00e9gimen tributario especial para la Guajira, Norte de Santander y Arauca"},"content":{"rendered":"<p><img loading=\"lazy\" decoding=\"async\" class=\"aligncenter wp-image-12927 size-full\" src=\"https:\/\/contadoreshoy.com\/wp-content\/uploads\/2020\/12\/ZESE2.jpg\" alt=\"\" width=\"837\" height=\"436\" srcset=\"https:\/\/contadoreshoy.com\/wp-content\/uploads\/2020\/12\/ZESE2.jpg 837w, https:\/\/contadoreshoy.com\/wp-content\/uploads\/2020\/12\/ZESE2-600x313.jpg 600w, https:\/\/contadoreshoy.com\/wp-content\/uploads\/2020\/12\/ZESE2-768x400.jpg 768w\" sizes=\"auto, (max-width: 837px) 100vw, 837px\" \/><\/p>\n<p style=\"text-align: center;\"><strong><span style=\"color: #000000;\">MINISTERIO DE HACIENDA Y CR\u00c9DITO P\u00daBLICO<\/span><\/strong><\/p>\n<p style=\"text-align: center;\"><strong><span style=\"color: #000000;\"><a href=\"https:\/\/contadoreshoy.com\/wp-content\/uploads\/2020\/12\/DECRETO-1606-DEL-5-DE-DICIEMBRE-DE-2020.pdf\" target=\"_blank\" rel=\"noopener\">DECRETO N\u00daMERO 1606<\/a><\/span><\/strong><\/p>\n<p style=\"text-align: center;\"><strong><span style=\"color: #000000;\">(5 DIC 2020)<\/span><\/strong><\/p>\n<p style=\"text-align: center;\"><strong><span style=\"color: #000000;\">Por el cual se reglamenta el art\u00edculo 268 de la Ley 1955 de 2019, modificado por el art\u00edculo 147 de la Ley 2010 de 2019, y se modifica y adiciona la Secci\u00f3n 2 del Cap\u00edtulo 23 del T\u00edtulo 1 de la Parte 2 del Libro 1 del Decreto 1625 de 2016, \u00danico Reglamentario en Materia Tributaria.<\/span><\/strong><\/p>\n<p style=\"text-align: center;\"><strong><span style=\"color: #000000;\">EL PRESIDENTE DE LA REP\u00daBLICA DE COLOMBIA<\/span><\/strong><\/p>\n<p style=\"text-align: center;\"><strong><span style=\"color: #000000;\">En ejercicio de sus facultades constitucionales y legales, en especial las que le confieren los numerales 11 y 20 del art\u00edculo 189 de la Constituci\u00f3n Pol\u00edtica y en desarrollo del art\u00edculo 268 de la Ley 1955 de 2019, modificado por el art\u00edculo 147 de la Ley 2010 de 2019,<\/span><\/strong><\/p>\n<p style=\"text-align: center;\"><strong><span style=\"color: #000000;\">DECRETA<\/span><\/strong><\/p>\n<p style=\"text-align: justify;\"><strong><span style=\"color: #000000;\">Art\u00edculo 1. Modificaci\u00f3n de los numer\u00e1les 3, 5, 6 Y 7 del art\u00edculo 1.2.1.23.2.1. de la Secci\u00f3n 2 del Cap\u00edtulo 23 del T\u00edtulo 1 de la Parte 2 del Libro 1 del Decreto 1625 de 2016, \u00danico Reglamentario en Materia Tributaria.<\/span><\/strong><\/p>\n<p style=\"text-align: justify;\"><strong><span style=\"color: #000000;\">Modif\u00edquense los numerales 3,5,6 Y 7 del art\u00edculo 1.2.1.23.2.1 de la Secci\u00f3n 2 del Cap\u00edtulo 23 del T\u00edtulo 1de la Parte 2 del Libro 1 del Decreto 1625 de 2016, \u00danico Reglamentario en Materia Tributaria, los cuales quedar\u00e1n as\u00ed:<\/span><\/strong><\/p>\n<p style=\"text-align: justify;\"><strong><span style=\"color: #000000;\">\u00ab3. Actividades econ\u00f3micas principales.<\/span><\/strong><\/p>\n<p style=\"text-align: justify;\"><strong><span style=\"color: #000000;\">Las actividades econ\u00f3micas principales de los contribuyentes del r\u00e9gimen especial en materia tributaria -ZESE de que trata el art\u00edculo 268 de la Ley 1955 de 2019 y la presente Secci\u00f3n corresponden a las actividades agropecuarias, industriales, comerciales, tur\u00edsticas y\/o de salud, desarrolladas dentro del territorio de la ZESE, cuando le generen al contribuyente del impuesto sobre la renta la mayor cantidad de ingresos fiscales en el periodo gravable, esto es, que m\u00e1s del cincuenta por ciento (50%) del total de los ingresos fiscales percibidos por el contribuyente en el respectivo periodo gravable provengan de dichas actividades.<\/span><\/strong><\/p>\n<p style=\"text-align: justify;\"><strong><span style=\"color: #000000;\">(&#8230;).<\/span><\/strong><\/p>\n<p style=\"text-align: justify;\"><strong><span style=\"color: #000000;\">5. Empleo directo generado:<\/span><\/strong><\/p>\n<p style=\"text-align: justify;\"><strong><span style=\"color: #000000;\">El empleo directo generado es aquel que se genera cuando la sociedad beneficiaria del r\u00e9gimen especial en materia tributaria -ZESE, de que trata el art\u00edculo 268 de la Ley 1955 de 2019 y la presente Secci\u00f3n, vincula personal contratado directamente y por tiempo completo a trav\u00e9s de contratos laborales celebrados conforme con las normas legales vigentes que rigen la materia.<\/span><\/strong><\/p>\n<p style=\"text-align: justify;\"><strong><span style=\"color: #000000;\">El empleo directo deber\u00e1 estar relacionado con la actividad econ\u00f3mica principal de la sociedad beneficiaria del r\u00e9gimen especial en materia tributaria -ZESE, que consista en el desarrollo de las actividades agropecuarias, industriales, comerciales, tur\u00edsticas o de salud, dentro del territorio de la ZESE.<\/span><\/strong><\/p>\n<p style=\"text-align: justify;\"><strong><span style=\"color: #000000;\">5. Aumento del empleo directo generado:<\/span><\/strong><\/p>\n<p style=\"text-align: justify;\"><strong><span style=\"color: #000000;\">El aumento del empleo directo generado corresponde al aumento del quince por ciento (15%) del empleo directo generado, tomando como base el promedio mensual del n\u00famero de trabajadores vinculados durante los dos (2) \u00faltimos a\u00f1os gravables anteriores al a\u00f1o fiscal en que inicie la aplicaci\u00f3n de la tarifa diferencial del impuesto sobre la renta del r\u00e9gimen especial en materia tributaria -ZESE de que trata el art\u00edculo 268 de la Ley 1955 de 2019 y la presente Secci\u00f3n, que en ning\u00fan caso, podr\u00e1 ser inferior a dos (2) empleos directos. El n\u00famero de trabajadores a incrementar se adicionar\u00e1n al promedio del de los dos \u00faltimos a\u00f1os del a\u00f1o gravable anterior al a\u00f1o fiscal en que inicie la aplicaci\u00f3n del r\u00e9gimen especial en materia tributaria -ZESE.<\/span><\/strong><\/p>\n<p style=\"text-align: justify;\"><strong><span style=\"color: #000000;\">6. Aumento del empleo directo generado en las sociedades que al momento de aplicar el r\u00e9gimen especial en materia tributaria -ZESE de que trata el art\u00edculo 268 de la Ley 1955 de 2019 y la presente Secci\u00f3n, tengan un periodo inferior a dos (2) a\u00f1os de constituidas.<\/span><\/strong><\/p>\n<p style=\"text-align: justify;\"><strong><span style=\"color: #000000;\">El aumento del empleo directo generado en las sociedades que al momento de aplicar el r\u00e9gimen especial en materia tributaria ZESE tengan menos de dos (2) a\u00f1os de constituidas, corresponde al aumento del quince por ciento (15%) del empleo directo generado tomando como base el promedio mensual de los trabajadores vinculados desde su constituci\u00f3n y en ning\u00fan caso podr\u00e1 ser inferior a dos (2) empleos directos. El n\u00famero de trabajadores a incrementar se adicionar\u00e1n al promedio del tiempo transcurrido de su constituci\u00f3n y la aplicaci\u00f3n del r\u00e9gimen especial en materia tributaria -ZESE\u00bb.<\/span><\/strong><\/p>\n<p style=\"text-align: justify;\"><strong><span style=\"color: #000000;\">Art\u00edculo 2. Modificaci\u00f3n del inciso 1 y adici\u00f3n de los numerales 4 y 5 al art\u00edculo 1.2.1.23.2.2. de la Secci\u00f3n 2 del Cap\u00edtulo 23 del T\u00edtulo 1 de la Parte 2 del Libro 1 del Decreto 1625 de 2016, \u00danico Reglamentario en Materia Tributaria.<\/span><\/strong><\/p>\n<p style=\"text-align: justify;\"><strong><span style=\"color: #000000;\">Modif\u00edquese el inciso 1 y adici\u00f3nense los numerales 4 y 5 al art\u00edculo 1.2.1.23.2.2. de la Secci\u00f3n 2 del Cap\u00edtulo 23 del T\u00edtulo 1 de la Parte 2 del Libro 1 del Decreto 1625 de 2016, \u00danico Reglamentario en Materia Tributaria, as\u00ed:<\/span><\/strong><\/p>\n<p style=\"text-align: justify;\"><strong><span style=\"color: #000000;\">\u00abArt\u00edculo 1.2.1.23.2.2. Desarrollo de la actividad econ\u00f3mica principal y secundaria. Para efectos de la aplicaci\u00f3n del art\u00edculo 268 de la Ley 1955 de 2019, se entiende que el contribuyente desarrolla las actividades econ\u00f3micas principales en el territorio de la ZESE, que incluye los territorios de las ciudades capitales a las que se extiende dicho tratamiento, cuando la mayor cantidad de sus ingresos provienen del desarrollo de actividades agropecuarias, industriales, comerciales, tur\u00edsticas o de salud y las actividades secundarias se desarrollan de conformidad con los numerales 3 y 4 del art\u00edculo 1.2.1.23.2.1. de este Decreto.<\/span><\/strong><\/p>\n<p style=\"text-align: justify;\"><strong><span style=\"color: #000000;\">(&#8230;).<\/span><\/strong><\/p>\n<p style=\"text-align: justify;\"><strong><span style=\"color: #000000;\">4. Actividades tur\u00edsticas.<\/span><\/strong><\/p>\n<p style=\"text-align: justify;\"><strong><span style=\"color: #000000;\">Son actividades tur\u00edsticas las ejercidas por los prestadores de servicios tur\u00edsticos dentro de la ZESE, quienes deben estar inscritos y mantener vigente y actualizado el Registro Nacional de Turismo, conforme con la normatividad vigente, especialmente el art\u00edculo 62 de la Ley 300 de 1996, modificado por el art\u00edculo 145 del Decreto Ley 2106 de 2019.<\/span><\/strong><\/p>\n<p style=\"text-align: justify;\"><strong><span style=\"color: #000000;\">Las actividades tur\u00edsticas mencionadas en el inciso anterior deben corresponder a alguna de las siguientes actividades econ\u00f3micas, seg\u00fan la Clasificaci\u00f3n Industrial Internacional Uniforme del Departamento Administrativo Nacional de Estad\u00edstica DANE, adoptada mediante Resoluci\u00f3n 139 de 2012 por la Unidad Administrativa Especial Direcci\u00f3n de Impuestos y Aduanas Nacionales -DIAN, o la que la modifique, adicione o sustituya, as\u00ed:<\/span><\/strong><\/p>\n<table style=\"height: 320px; width: 481px;\">\n<tbody>\n<tr>\n<td style=\"width: 330.5px; text-align: center;\"><strong><span style=\"color: #000000;\">DESCRIPCI\u00d3N ACTIVIDAD ECON\u00d3MICA<\/span><\/strong><\/td>\n<td style=\"width: 133.5px; text-align: center;\"><strong><span style=\"color: #000000;\">C\u00f3digo CIIU<\/span><\/strong><\/td>\n<\/tr>\n<tr>\n<td style=\"width: 330.5px;\"><strong><span style=\"color: #000000;\">Alojamiento en hoteles<\/span><\/strong><\/td>\n<td style=\"width: 133.5px; text-align: center;\"><strong><span style=\"color: #000000;\">5511<\/span><\/strong><\/td>\n<\/tr>\n<tr>\n<td style=\"width: 330.5px;\"><strong><span style=\"color: #000000;\">Alojamiento en apartahoteles<\/span><\/strong><\/td>\n<td style=\"width: 133.5px; text-align: center;\"><strong><span style=\"color: #000000;\">5512<\/span><\/strong><\/td>\n<\/tr>\n<tr>\n<td style=\"width: 330.5px;\"><strong><span style=\"color: #000000;\">Alojamiento en centros vacacionales<\/span><\/strong><\/td>\n<td style=\"width: 133.5px; text-align: center;\"><strong><span style=\"color: #000000;\">5513<\/span><\/strong><\/td>\n<\/tr>\n<tr>\n<td style=\"width: 330.5px;\"><strong><span style=\"color: #000000;\">Alojamiento rural<\/span><\/strong><\/td>\n<td style=\"width: 133.5px; text-align: center;\"><strong><span style=\"color: #000000;\">5514<\/span><\/strong><\/td>\n<\/tr>\n<tr>\n<td style=\"width: 330.5px;\"><strong><span style=\"color: #000000;\">Otros tipos de alojamientos para visitantes<\/span><\/strong><\/td>\n<td style=\"width: 133.5px; text-align: center;\"><strong><span style=\"color: #000000;\">5519<\/span><\/strong><\/td>\n<\/tr>\n<tr>\n<td style=\"width: 330.5px;\"><strong><span style=\"color: #000000;\">Actividades de zonas de camping<\/span><\/strong><\/td>\n<td style=\"width: 133.5px; text-align: center;\"><strong><span style=\"color: #000000;\">5520<\/span><\/strong><\/td>\n<\/tr>\n<tr>\n<td style=\"width: 330.5px;\"><strong><span style=\"color: #000000;\">Agencias de viaje<\/span><\/strong><\/td>\n<td style=\"width: 133.5px; text-align: center;\"><strong><span style=\"color: #000000;\">7911<\/span><\/strong><\/td>\n<\/tr>\n<tr>\n<td style=\"width: 330.5px;\"><strong><span style=\"color: #000000;\">Operadores tur\u00edsticos<\/span><\/strong><\/td>\n<td style=\"width: 133.5px; text-align: center;\"><strong><span style=\"color: #000000;\">7912<\/span><\/strong><\/td>\n<\/tr>\n<tr>\n<td style=\"width: 330.5px;\"><strong><span style=\"color: #000000;\">Servicios de reserva<\/span><\/strong><\/td>\n<td style=\"width: 133.5px; text-align: center;\"><strong><span style=\"color: #000000;\">7990<\/span><\/strong><\/td>\n<\/tr>\n<tr>\n<td style=\"width: 330.5px;\"><strong><span style=\"color: #000000;\">Transporte<\/span><\/strong><\/td>\n<td style=\"width: 133.5px; text-align: center;\"><strong><span style=\"color: #000000;\">4921, 5011, 5111, 5112<\/span><\/strong><\/td>\n<\/tr>\n<tr>\n<td style=\"width: 330.5px;\"><strong><span style=\"color: #000000;\">Entretenimiento<\/span><\/strong><\/td>\n<td style=\"width: 133.5px; text-align: center;\"><strong><span style=\"color: #000000;\">9002, 9003, 9004, 9005, 9006, 9007 y 9008<\/span><\/strong><\/td>\n<\/tr>\n<tr>\n<td style=\"width: 330.5px;\"><strong><span style=\"color: #000000;\">Restaurantes<\/span><\/strong><\/td>\n<td style=\"width: 133.5px; text-align: center;\"><strong><span style=\"color: #000000;\">5611, 5612, 5613<\/span><\/strong><\/td>\n<\/tr>\n<tr>\n<td style=\"width: 330.5px;\"><strong><span style=\"color: #000000;\">Catering<\/span><\/strong><\/td>\n<td style=\"width: 133.5px; text-align: center;\"><strong><span style=\"color: #000000;\">5621, 5629<\/span><\/strong><\/td>\n<\/tr>\n<tr>\n<td style=\"width: 330.5px;\"><strong><span style=\"color: #000000;\">Bares<\/span><\/strong><\/td>\n<td style=\"width: 133.5px; text-align: center;\"><strong><span style=\"color: #000000;\">5630<\/span><\/strong><\/td>\n<\/tr>\n<tr>\n<td style=\"width: 330.5px;\"><strong><span style=\"color: #000000;\">Operadores de eventos y congresos<\/span><\/strong><\/td>\n<td style=\"width: 133.5px; text-align: center;\"><strong><span style=\"color: #000000;\">8230<\/span><\/strong><\/td>\n<\/tr>\n<\/tbody>\n<\/table>\n<p style=\"text-align: justify;\"><strong><span style=\"color: #000000;\">5. Actividades de salud.<\/span><\/strong><\/p>\n<p style=\"text-align: justify;\"><strong><span style=\"color: #000000;\">Son actividades de salud aquellas que son ejercidas por los sujetos debidamente habilitados por la entidad competente, que se presten dentro de una ZESE, y se encuentren comprendidas en las Divisiones 86 y 87 de la Secci\u00f3n Q de la Clasificaci\u00f3n Industrial Internacional Uniforme del Departamento Administrativo Nacional de Estad\u00edstica -DANE, adoptada mediante Resoluci\u00f3n 139 de 2012 por la Unidad Administrativa Especial Direcci\u00f3n de Impuestos y Aduanas Nacionales -DIAN, o la que la modifique, adicione o sustituya, as\u00ed:<\/span><\/strong><\/p>\n<table style=\"height: 299px; width: 488px;\">\n<tbody>\n<tr>\n<td style=\"width: 376.7px; text-align: center;\"><strong><span style=\"color: #000000;\">DESCRIPCI\u00d3N ACTIVIDAD ECON\u00d3MICA<\/span><\/strong><\/td>\n<td style=\"width: 91.3px; text-align: center;\"><strong><span style=\"color: #000000;\">C\u00f3digo CIIU<\/span><\/strong><\/td>\n<\/tr>\n<tr>\n<td style=\"width: 376.7px;\"><strong><span style=\"color: #000000;\">Actividad de hospitales y cl\u00ednicas con internaci\u00f3n<\/span><\/strong><\/td>\n<td style=\"width: 91.3px; text-align: center;\"><strong><span style=\"color: #000000;\">8610<\/span><\/strong><\/td>\n<\/tr>\n<tr>\n<td style=\"width: 376.7px;\"><strong><span style=\"color: #000000;\">Actividades de la pr\u00e1ctica m\u00e9dica, sin internaci\u00f3n<\/span><\/strong><\/td>\n<td style=\"width: 91.3px; text-align: center;\"><strong><span style=\"color: #000000;\">8621<\/span><\/strong><\/td>\n<\/tr>\n<tr>\n<td style=\"width: 376.7px;\"><strong><span style=\"color: #000000;\">Actividades de la pr\u00e1ctica odontol\u00f3gico<\/span><\/strong><\/td>\n<td style=\"width: 91.3px; text-align: center;\"><strong><span style=\"color: #000000;\">8622<\/span><\/strong><\/td>\n<\/tr>\n<tr>\n<td style=\"width: 376.7px;\"><strong><span style=\"color: #000000;\">Actividades de apoyo diagn\u00f3stico<\/span><\/strong><\/td>\n<td style=\"width: 91.3px; text-align: center;\"><strong><span style=\"color: #000000;\">8691<\/span><\/strong><\/td>\n<\/tr>\n<tr>\n<td style=\"width: 376.7px;\"><strong><span style=\"color: #000000;\">Actividades de apoyo terap\u00e9utico<\/span><\/strong><\/td>\n<td style=\"width: 91.3px; text-align: center;\"><strong><span style=\"color: #000000;\">8692<\/span><\/strong><\/td>\n<\/tr>\n<tr>\n<td style=\"width: 376.7px;\"><strong><span style=\"color: #000000;\">Otras actividades de atenci\u00f3n de la salud humana<\/span><\/strong><\/td>\n<td style=\"width: 91.3px; text-align: center;\"><strong><span style=\"color: #000000;\">8699<\/span><\/strong><\/td>\n<\/tr>\n<tr>\n<td style=\"width: 376.7px;\"><strong><span style=\"color: #000000;\">Actividades de atenci\u00f3n residencial medicalizada de tipo general<\/span><\/strong><\/td>\n<td style=\"width: 91.3px; text-align: center;\"><strong><span style=\"color: #000000;\">8710<\/span><\/strong><\/td>\n<\/tr>\n<tr>\n<td style=\"width: 376.7px;\"><strong><span style=\"color: #000000;\">Actividades de atenci\u00f3n residencia, para el cuidado de pacientes con retardo mental, enfermedad mental y consumo de sustancias psicoactivas<\/span><\/strong><\/td>\n<td style=\"width: 91.3px; text-align: center;\"><strong><span style=\"color: #000000;\">8720<\/span><\/strong><\/td>\n<\/tr>\n<tr>\n<td style=\"width: 376.7px;\"><strong><span style=\"color: #000000;\">Actividades de atenci\u00f3n en instituciones para el cuidado de personas mayores y\/o discapacitadas<\/span><\/strong><\/td>\n<td style=\"width: 91.3px; text-align: center;\"><strong><span style=\"color: #000000;\">8730<\/span><\/strong><\/td>\n<\/tr>\n<tr>\n<td style=\"width: 376.7px;\"><strong><span style=\"color: #000000;\">Otras actividades de atenci\u00f3n en instituciones con alojamiento<\/span><\/strong><\/td>\n<td style=\"width: 91.3px; text-align: center;\"><strong><span style=\"color: #000000;\">8790<\/span><\/strong><\/td>\n<\/tr>\n<\/tbody>\n<\/table>\n<p style=\"text-align: justify;\"><strong><span style=\"color: #000000;\">Art\u00edculo 3. Adici\u00f3n del par\u00e1grafo al art\u00edculo 1.2.1.23.2.6. de la Secci\u00f3n 2 del Cap\u00edtulo 23 del T\u00edtulo 1 de la Parte 2 del Libro 1 del Decreto 1625 de 2016, \u00danico Reglamentar\u00eda en Materia Tributaria: Adici\u00f3nese el par\u00e1grafo al art\u00edculo 1.2.1.23.2.6. de la Secci\u00f3n 2 del Cap\u00edtulo 23 del T\u00edtulo 1 de la Parte 2 del Libro 1 del Decreto 1625 de 2016, \u00danico Reglamentario en Materia Tributaria, as\u00ed:<\/span><\/strong><\/p>\n<p style=\"text-align: justify;\"><strong><span style=\"color: #000000;\">\u00abPar\u00e1grafo. Cuando las sociedades comerciales contribuyentes del r\u00e9gimen especial en materia tributaria -ZESE de que trata el art\u00edculo 268 de la Ley 1955 de 2019 y la presente Secci\u00f3n no se hayan inscrito o actualizado el Registro \u00danico Tributario -RUT como contribuyentes de dicho r\u00e9gimen, porque no se encontraba habilitado el sistema inform\u00e1tico de la Unidad Administrativa Especial Direcci\u00f3n de Impuestos y Aduanas Nacionales -DIAN, el agente retenedor deber\u00e1 reintegrarle a las respectivas sociedades comerciales la retenci\u00f3n en la fuente a t\u00edtulo de impuesto sobre la renta practicadas sobre los ingresos provenientes de las actividades industriales, agropecuarias, comerciales, tur\u00edsticas o de salud, por el procedimiento establecido en el art\u00edculo 1.2.4.16. de este Decreto.<\/span><\/strong><br \/>\n<strong><span style=\"color: #000000;\"> Las sociedades comerciales deber\u00e1n inscribirse o actualizar el Registro \u00danico Tributario -RUT como contribuyentes del r\u00e9gimen especial en materia tributaria -ZESE, para efecto de la aplicaci\u00f3n de lo dispuesto en el inciso anterior.\u00bb<\/span><\/strong><\/p>\n<p style=\"text-align: justify;\"><strong><span style=\"color: #000000;\">Art\u00edculo 4. Modificaci\u00f3n del numeral 5 del art\u00edculo 1.2.1.23.2.8. de la Secci\u00f3n 2 del Cap\u00edtulo 23 del T\u00edtulo 1 de la Parte 2 del Libro 1 del Decreto 1625 de 2016, \u00danico Reglamentario en Materia Tributaria. Modif\u00edquese el numeral 5 del art\u00edculo 1.2.1.23.2.8. de la Secci\u00f3n 2 del Capitulo 23 del T\u00edtulo 1 de la Parte 2 del Libro 1 del Decreto 1625 de 2016, \u00danico Reglamentario en Materia Tributaria, as\u00ed:<\/span><\/strong><\/p>\n<p style=\"text-align: justify;\"><strong><span style=\"color: #000000;\">\u00ab5. Las sociedades desarrollen una actividad econ\u00f3mica principal diferente a las actividades agropecuarias, industriales, comerciales, tur\u00edsticas o de salud definidas en la presente secci\u00f3n.\u00bb<\/span><\/strong><\/p>\n<p style=\"text-align: justify;\"><strong><span style=\"color: #000000;\">Art\u00edculo 5. Vigencia.<\/span><\/strong><\/p>\n<p style=\"text-align: justify;\"><strong><span style=\"color: #000000;\">El presente Decreto rige a partir de la fecha de su publicaci\u00f3n en el diario oficial y modifica los numerales 3, 5, 6 Y 7 del art\u00edculo 1.2.1.23.2.1., el inciso 1, del art\u00edculo 1.2.1.23.2.2., adiciona los numerales 4 y 5 al art\u00edculo 1.2.1.23.2.2., el par\u00e1grafo al art\u00edculo 1.2.1.23.2.6. y modifica el numeral 5 del articulo 1.2.1.23.2.8, de la Secci\u00f3n 2 del Cap\u00edtulo 23 del T\u00edtulo 1 de la Parte 2 del Libro 1 del Decreto 1625 de 2016, \u00danico Reglamentario en Materia Tributaria.<\/span><\/strong><\/p>\n<p style=\"text-align: justify;\"><strong><span style=\"color: #000000;\">PUBL\u00cdQUESE Y C\u00daMPLASE<\/span><\/strong><\/p>\n<p style=\"text-align: justify;\"><strong><span style=\"color: #000000;\">Dado en Bogot\u00e1 D.C.<\/span><\/strong><\/p>\n<p style=\"text-align: justify;\"><a href=\"https:\/\/contadoreshoy.com\/wp-content\/uploads\/2020\/12\/DECRETO-1606-DEL-5-DE-DICIEMBRE-DE-2020.pdf\" target=\"_blank\" rel=\"noopener\"><span style=\"color: #0000ff;\"><strong>Para descargar Decreto 1606 de diciembre 5 de 2020, dar click en este enlace<\/strong><\/span><\/a><\/p>\n","protected":false},"excerpt":{"rendered":"<p>MINISTERIO DE HACIENDA Y CR\u00c9DITO P\u00daBLICO DECRETO N\u00daMERO 1606 (5 DIC 2020) Por el cual se reglamenta el art\u00edculo 268 de la Ley 1955 de 2019, modificado por el art\u00edculo&#46;&#46;&#46;<\/p>\n","protected":false},"author":1,"featured_media":12927,"comment_status":"open","ping_status":"open","sticky":false,"template":"","format":"standard","meta":{"_monsterinsights_skip_tracking":false,"ngg_post_thumbnail":0,"footnotes":"","_links_to":"","_links_to_target":""},"categories":[454,458,1],"tags":[],"class_list":["post-12924","post","type-post","status-publish","format-standard","has-post-thumbnail","hentry","category-sin-categoria","category-ultimas","category-uncategorized"],"aioseo_notices":[],"aioseo_head":"\n\t\t<!-- All in One SEO 5.0.1.1 - aioseo.com -->\n\t<meta name=\"description\" content=\"MINISTERIO DE HACIENDA Y CR\u00c9DITO P\u00daBLICO DECRETO N\u00daMERO 1606 (5 DIC 2020) Por el cual se reglamenta el art\u00edculo 268 de la Ley 1955 de 2019, modificado por el art\u00edculo 147 de la Ley 2010 de 2019, y se modifica y adiciona la Secci\u00f3n 2 del Cap\u00edtulo 23 del T\u00edtulo 1 de la Parte 2\" \/>\n\t<meta name=\"robots\" content=\"max-image-preview:large\" \/>\n\t<meta name=\"author\" content=\"Miguel Antonio M\u00e1rquez Monta\u00f1ez\"\/>\n\t<link rel=\"canonical\" href=\"https:\/\/contadoreshoy.com\/?p=12924\" \/>\n\t<meta name=\"generator\" content=\"All in One SEO (AIOSEO) 5.0.1.1\" \/>\n\t\t<meta property=\"og:locale\" content=\"es_ES\" \/>\n\t\t<meta property=\"og:site_name\" content=\"Contadores P\u00fablicos - Portal para Contadores P\u00fablicos y empresarios\" \/>\n\t\t<meta property=\"og:type\" content=\"article\" \/>\n\t\t<meta property=\"og:title\" content=\"Decreto 1606 diciembre 5 de 2020 Reglamentaci\u00f3n r\u00e9gimen tributario especial para la Guajira, Norte de Santander y Arauca - Contadores P\u00fablicos\" \/>\n\t\t<meta property=\"og:description\" content=\"MINISTERIO DE HACIENDA Y CR\u00c9DITO P\u00daBLICO DECRETO N\u00daMERO 1606 (5 DIC 2020) Por el cual se reglamenta el art\u00edculo 268 de la Ley 1955 de 2019, modificado por el art\u00edculo 147 de la Ley 2010 de 2019, y se modifica y adiciona la Secci\u00f3n 2 del Cap\u00edtulo 23 del T\u00edtulo 1 de la Parte 2\" \/>\n\t\t<meta property=\"og:url\" content=\"https:\/\/contadoreshoy.com\/?p=12924\" \/>\n\t\t<meta property=\"og:image\" content=\"https:\/\/contadoreshoy.com\/wp-content\/uploads\/2024\/01\/cropped-cropped-cropped-Copia-de-M.jpg\" \/>\n\t\t<meta property=\"og:image:secure_url\" content=\"https:\/\/contadoreshoy.com\/wp-content\/uploads\/2024\/01\/cropped-cropped-cropped-Copia-de-M.jpg\" \/>\n\t\t<meta property=\"og:image:width\" content=\"512\" \/>\n\t\t<meta property=\"og:image:height\" content=\"371\" \/>\n\t\t<meta property=\"article:published_time\" content=\"2020-12-09T02:28:44+00:00\" \/>\n\t\t<meta property=\"article:modified_time\" content=\"2020-12-09T02:28:44+00:00\" \/>\n\t\t<meta name=\"twitter:card\" content=\"summary_large_image\" \/>\n\t\t<meta name=\"twitter:title\" content=\"Decreto 1606 diciembre 5 de 2020 Reglamentaci\u00f3n r\u00e9gimen tributario especial para la Guajira, Norte de Santander y Arauca - Contadores P\u00fablicos\" \/>\n\t\t<meta name=\"twitter:description\" content=\"MINISTERIO DE HACIENDA Y CR\u00c9DITO P\u00daBLICO DECRETO N\u00daMERO 1606 (5 DIC 2020) Por el cual se reglamenta el art\u00edculo 268 de la Ley 1955 de 2019, modificado por el art\u00edculo 147 de la Ley 2010 de 2019, y se modifica y adiciona la Secci\u00f3n 2 del Cap\u00edtulo 23 del T\u00edtulo 1 de la Parte 2\" \/>\n\t\t<meta name=\"twitter:image\" content=\"https:\/\/contadoreshoy.com\/wp-content\/uploads\/2024\/01\/cropped-cropped-cropped-Copia-de-M.jpg\" \/>\n\t\t<script type=\"application\/ld+json\" class=\"aioseo-schema\">\n\t\t\t{\"@context\":\"https:\\\/\\\/schema.org\",\"@graph\":[{\"@type\":\"BlogPosting\",\"@id\":\"https:\\\/\\\/contadoreshoy.com\\\/?p=12924#blogposting\",\"name\":\"Decreto 1606 diciembre 5 de 2020 Reglamentaci\\u00f3n r\\u00e9gimen tributario especial para la Guajira, Norte de Santander y Arauca - Contadores P\\u00fablicos\",\"headline\":\"Decreto 1606 diciembre 5 de 2020 Reglamentaci\\u00f3n r\\u00e9gimen tributario especial para la Guajira, Norte de Santander y Arauca\",\"author\":{\"@id\":\"https:\\\/\\\/contadoreshoy.com\\\/?author=1#author\"},\"publisher\":{\"@id\":\"https:\\\/\\\/contadoreshoy.com\\\/#organization\"},\"image\":{\"@type\":\"ImageObject\",\"url\":\"https:\\\/\\\/contadoreshoy.com\\\/wp-content\\\/uploads\\\/2020\\\/12\\\/ZESE2.jpg\",\"width\":837,\"height\":436},\"datePublished\":\"2020-12-08T21:28:44-05:00\",\"dateModified\":\"2020-12-08T21:28:44-05:00\",\"inLanguage\":\"es-ES\",\"mainEntityOfPage\":{\"@id\":\"https:\\\/\\\/contadoreshoy.com\\\/?p=12924#webpage\"},\"isPartOf\":{\"@id\":\"https:\\\/\\\/contadoreshoy.com\\\/?p=12924#webpage\"},\"articleSection\":\"Sin categor\\u00eda, Ultimas Noticias, Uncategorized\"},{\"@type\":\"BreadcrumbList\",\"@id\":\"https:\\\/\\\/contadoreshoy.com\\\/?p=12924#breadcrumblist\",\"itemListElement\":[{\"@type\":\"ListItem\",\"@id\":\"https:\\\/\\\/contadoreshoy.com#listItem\",\"position\":1,\"name\":\"Home\",\"item\":\"https:\\\/\\\/contadoreshoy.com\",\"nextItem\":{\"@type\":\"ListItem\",\"@id\":\"https:\\\/\\\/contadoreshoy.com\\\/?cat=1#listItem\",\"name\":\"Uncategorized\"}},{\"@type\":\"ListItem\",\"@id\":\"https:\\\/\\\/contadoreshoy.com\\\/?cat=1#listItem\",\"position\":2,\"name\":\"Uncategorized\",\"item\":\"https:\\\/\\\/contadoreshoy.com\\\/?cat=1\",\"nextItem\":{\"@type\":\"ListItem\",\"@id\":\"https:\\\/\\\/contadoreshoy.com\\\/?p=12924#listItem\",\"name\":\"Decreto 1606 diciembre 5 de 2020 Reglamentaci\\u00f3n r\\u00e9gimen tributario especial para la Guajira, Norte de Santander y Arauca\"},\"previousItem\":{\"@type\":\"ListItem\",\"@id\":\"https:\\\/\\\/contadoreshoy.com#listItem\",\"name\":\"Home\"}},{\"@type\":\"ListItem\",\"@id\":\"https:\\\/\\\/contadoreshoy.com\\\/?p=12924#listItem\",\"position\":3,\"name\":\"Decreto 1606 diciembre 5 de 2020 Reglamentaci\\u00f3n r\\u00e9gimen tributario especial para la Guajira, Norte de Santander y Arauca\",\"previousItem\":{\"@type\":\"ListItem\",\"@id\":\"https:\\\/\\\/contadoreshoy.com\\\/?cat=1#listItem\",\"name\":\"Uncategorized\"}}]},{\"@type\":\"Organization\",\"@id\":\"https:\\\/\\\/contadoreshoy.com\\\/#organization\",\"name\":\"Contadores P\\u00fablicos\",\"description\":\"Portal para Contadores P\\u00fablicos y empresarios\",\"url\":\"https:\\\/\\\/contadoreshoy.com\\\/\",\"logo\":{\"@type\":\"ImageObject\",\"url\":\"https:\\\/\\\/contadoreshoy.com\\\/wp-content\\\/uploads\\\/2024\\\/01\\\/cropped-cropped-Copia-de-M-1.jpg\",\"@id\":\"https:\\\/\\\/contadoreshoy.com\\\/?p=12924\\\/#organizationLogo\",\"width\":499,\"height\":500},\"image\":{\"@id\":\"https:\\\/\\\/contadoreshoy.com\\\/?p=12924\\\/#organizationLogo\"}},{\"@type\":\"Person\",\"@id\":\"https:\\\/\\\/contadoreshoy.com\\\/?author=1#author\",\"url\":\"https:\\\/\\\/contadoreshoy.com\\\/?author=1\",\"name\":\"Miguel Antonio M\\u00e1rquez Monta\\u00f1ez\"},{\"@type\":\"WebPage\",\"@id\":\"https:\\\/\\\/contadoreshoy.com\\\/?p=12924#webpage\",\"url\":\"https:\\\/\\\/contadoreshoy.com\\\/?p=12924\",\"name\":\"Decreto 1606 diciembre 5 de 2020 Reglamentaci\\u00f3n r\\u00e9gimen tributario especial para la Guajira, Norte de Santander y Arauca - Contadores P\\u00fablicos\",\"description\":\"MINISTERIO DE HACIENDA Y CR\\u00c9DITO P\\u00daBLICO DECRETO N\\u00daMERO 1606 (5 DIC 2020) Por el cual se reglamenta el art\\u00edculo 268 de la Ley 1955 de 2019, modificado por el art\\u00edculo 147 de la Ley 2010 de 2019, y se modifica y adiciona la Secci\\u00f3n 2 del Cap\\u00edtulo 23 del T\\u00edtulo 1 de la Parte 2\",\"inLanguage\":\"es-ES\",\"isPartOf\":{\"@id\":\"https:\\\/\\\/contadoreshoy.com\\\/#website\"},\"breadcrumb\":{\"@id\":\"https:\\\/\\\/contadoreshoy.com\\\/?p=12924#breadcrumblist\"},\"author\":{\"@id\":\"https:\\\/\\\/contadoreshoy.com\\\/?author=1#author\"},\"creator\":{\"@id\":\"https:\\\/\\\/contadoreshoy.com\\\/?author=1#author\"},\"image\":{\"@type\":\"ImageObject\",\"url\":\"https:\\\/\\\/contadoreshoy.com\\\/wp-content\\\/uploads\\\/2020\\\/12\\\/ZESE2.jpg\",\"@id\":\"https:\\\/\\\/contadoreshoy.com\\\/?p=12924\\\/#mainImage\",\"width\":837,\"height\":436},\"primaryImageOfPage\":{\"@id\":\"https:\\\/\\\/contadoreshoy.com\\\/?p=12924#mainImage\"},\"datePublished\":\"2020-12-08T21:28:44-05:00\",\"dateModified\":\"2020-12-08T21:28:44-05:00\"},{\"@type\":\"WebSite\",\"@id\":\"https:\\\/\\\/contadoreshoy.com\\\/#website\",\"url\":\"https:\\\/\\\/contadoreshoy.com\\\/\",\"name\":\"Contadores P\\u00fablicos\",\"description\":\"Portal para Contadores P\\u00fablicos y empresarios\",\"inLanguage\":\"es-ES\",\"publisher\":{\"@id\":\"https:\\\/\\\/contadoreshoy.com\\\/#organization\"}}]}\n\t\t<\/script>\n\t\t<!-- All in One SEO -->\n\n","aioseo_head_json":{"title":"Decreto 1606 diciembre 5 de 2020 Reglamentaci\u00f3n r\u00e9gimen tributario especial para la Guajira, Norte de Santander y Arauca - Contadores P\u00fablicos","description":"MINISTERIO DE HACIENDA Y CR\u00c9DITO P\u00daBLICO DECRETO N\u00daMERO 1606 (5 DIC 2020) Por el cual se reglamenta el art\u00edculo 268 de la Ley 1955 de 2019, modificado por el art\u00edculo 147 de la Ley 2010 de 2019, y se modifica y adiciona la Secci\u00f3n 2 del Cap\u00edtulo 23 del T\u00edtulo 1 de la Parte 2","canonical_url":"https:\/\/contadoreshoy.com\/?p=12924","robots":"max-image-preview:large","keywords":"","webmasterTools":{"miscellaneous":""},"schema":{"@context":"https:\/\/schema.org","@graph":[{"@type":"BlogPosting","@id":"https:\/\/contadoreshoy.com\/?p=12924#blogposting","name":"Decreto 1606 diciembre 5 de 2020 Reglamentaci\u00f3n r\u00e9gimen tributario especial para la Guajira, Norte de Santander y Arauca - Contadores P\u00fablicos","headline":"Decreto 1606 diciembre 5 de 2020 Reglamentaci\u00f3n r\u00e9gimen tributario especial para la Guajira, Norte de Santander y Arauca","author":{"@id":"https:\/\/contadoreshoy.com\/?author=1#author"},"publisher":{"@id":"https:\/\/contadoreshoy.com\/#organization"},"image":{"@type":"ImageObject","url":"https:\/\/contadoreshoy.com\/wp-content\/uploads\/2020\/12\/ZESE2.jpg","width":837,"height":436},"datePublished":"2020-12-08T21:28:44-05:00","dateModified":"2020-12-08T21:28:44-05:00","inLanguage":"es-ES","mainEntityOfPage":{"@id":"https:\/\/contadoreshoy.com\/?p=12924#webpage"},"isPartOf":{"@id":"https:\/\/contadoreshoy.com\/?p=12924#webpage"},"articleSection":"Sin categor\u00eda, Ultimas Noticias, Uncategorized"},{"@type":"BreadcrumbList","@id":"https:\/\/contadoreshoy.com\/?p=12924#breadcrumblist","itemListElement":[{"@type":"ListItem","@id":"https:\/\/contadoreshoy.com#listItem","position":1,"name":"Home","item":"https:\/\/contadoreshoy.com","nextItem":{"@type":"ListItem","@id":"https:\/\/contadoreshoy.com\/?cat=1#listItem","name":"Uncategorized"}},{"@type":"ListItem","@id":"https:\/\/contadoreshoy.com\/?cat=1#listItem","position":2,"name":"Uncategorized","item":"https:\/\/contadoreshoy.com\/?cat=1","nextItem":{"@type":"ListItem","@id":"https:\/\/contadoreshoy.com\/?p=12924#listItem","name":"Decreto 1606 diciembre 5 de 2020 Reglamentaci\u00f3n r\u00e9gimen tributario especial para la Guajira, Norte de Santander y Arauca"},"previousItem":{"@type":"ListItem","@id":"https:\/\/contadoreshoy.com#listItem","name":"Home"}},{"@type":"ListItem","@id":"https:\/\/contadoreshoy.com\/?p=12924#listItem","position":3,"name":"Decreto 1606 diciembre 5 de 2020 Reglamentaci\u00f3n r\u00e9gimen tributario especial para la Guajira, Norte de Santander y Arauca","previousItem":{"@type":"ListItem","@id":"https:\/\/contadoreshoy.com\/?cat=1#listItem","name":"Uncategorized"}}]},{"@type":"Organization","@id":"https:\/\/contadoreshoy.com\/#organization","name":"Contadores P\u00fablicos","description":"Portal para Contadores P\u00fablicos y empresarios","url":"https:\/\/contadoreshoy.com\/","logo":{"@type":"ImageObject","url":"https:\/\/contadoreshoy.com\/wp-content\/uploads\/2024\/01\/cropped-cropped-Copia-de-M-1.jpg","@id":"https:\/\/contadoreshoy.com\/?p=12924\/#organizationLogo","width":499,"height":500},"image":{"@id":"https:\/\/contadoreshoy.com\/?p=12924\/#organizationLogo"}},{"@type":"Person","@id":"https:\/\/contadoreshoy.com\/?author=1#author","url":"https:\/\/contadoreshoy.com\/?author=1","name":"Miguel Antonio M\u00e1rquez Monta\u00f1ez"},{"@type":"WebPage","@id":"https:\/\/contadoreshoy.com\/?p=12924#webpage","url":"https:\/\/contadoreshoy.com\/?p=12924","name":"Decreto 1606 diciembre 5 de 2020 Reglamentaci\u00f3n r\u00e9gimen tributario especial para la Guajira, Norte de Santander y Arauca - Contadores P\u00fablicos","description":"MINISTERIO DE HACIENDA Y CR\u00c9DITO P\u00daBLICO DECRETO N\u00daMERO 1606 (5 DIC 2020) Por el cual se reglamenta el art\u00edculo 268 de la Ley 1955 de 2019, modificado por el art\u00edculo 147 de la Ley 2010 de 2019, y se modifica y adiciona la Secci\u00f3n 2 del Cap\u00edtulo 23 del T\u00edtulo 1 de la Parte 2","inLanguage":"es-ES","isPartOf":{"@id":"https:\/\/contadoreshoy.com\/#website"},"breadcrumb":{"@id":"https:\/\/contadoreshoy.com\/?p=12924#breadcrumblist"},"author":{"@id":"https:\/\/contadoreshoy.com\/?author=1#author"},"creator":{"@id":"https:\/\/contadoreshoy.com\/?author=1#author"},"image":{"@type":"ImageObject","url":"https:\/\/contadoreshoy.com\/wp-content\/uploads\/2020\/12\/ZESE2.jpg","@id":"https:\/\/contadoreshoy.com\/?p=12924\/#mainImage","width":837,"height":436},"primaryImageOfPage":{"@id":"https:\/\/contadoreshoy.com\/?p=12924#mainImage"},"datePublished":"2020-12-08T21:28:44-05:00","dateModified":"2020-12-08T21:28:44-05:00"},{"@type":"WebSite","@id":"https:\/\/contadoreshoy.com\/#website","url":"https:\/\/contadoreshoy.com\/","name":"Contadores P\u00fablicos","description":"Portal para Contadores P\u00fablicos y empresarios","inLanguage":"es-ES","publisher":{"@id":"https:\/\/contadoreshoy.com\/#organization"}}]},"og:locale":"es_ES","og:site_name":"Contadores P\u00fablicos - Portal para Contadores P\u00fablicos y empresarios","og:type":"article","og:title":"Decreto 1606 diciembre 5 de 2020 Reglamentaci\u00f3n r\u00e9gimen tributario especial para la Guajira, Norte de Santander y Arauca - Contadores P\u00fablicos","og:description":"MINISTERIO DE HACIENDA Y CR\u00c9DITO P\u00daBLICO DECRETO N\u00daMERO 1606 (5 DIC 2020) Por el cual se reglamenta el art\u00edculo 268 de la Ley 1955 de 2019, modificado por el art\u00edculo 147 de la Ley 2010 de 2019, y se modifica y adiciona la Secci\u00f3n 2 del Cap\u00edtulo 23 del T\u00edtulo 1 de la Parte 2","og:url":"https:\/\/contadoreshoy.com\/?p=12924","og:image":"https:\/\/contadoreshoy.com\/wp-content\/uploads\/2024\/01\/cropped-cropped-cropped-Copia-de-M.jpg","og:image:secure_url":"https:\/\/contadoreshoy.com\/wp-content\/uploads\/2024\/01\/cropped-cropped-cropped-Copia-de-M.jpg","og:image:width":512,"og:image:height":371,"article:published_time":"2020-12-09T02:28:44+00:00","article:modified_time":"2020-12-09T02:28:44+00:00","twitter:card":"summary_large_image","twitter:title":"Decreto 1606 diciembre 5 de 2020 Reglamentaci\u00f3n r\u00e9gimen tributario especial para la Guajira, Norte de Santander y Arauca - Contadores P\u00fablicos","twitter:description":"MINISTERIO DE HACIENDA Y CR\u00c9DITO P\u00daBLICO DECRETO N\u00daMERO 1606 (5 DIC 2020) Por el cual se reglamenta el art\u00edculo 268 de la Ley 1955 de 2019, modificado por el art\u00edculo 147 de la Ley 2010 de 2019, y se modifica y adiciona la Secci\u00f3n 2 del Cap\u00edtulo 23 del T\u00edtulo 1 de la Parte 2","twitter:image":"https:\/\/contadoreshoy.com\/wp-content\/uploads\/2024\/01\/cropped-cropped-cropped-Copia-de-M.jpg"},"aioseo_meta_data":{"post_id":"12924","title":null,"description":null,"keywords":null,"keyphrases":null,"primary_term":null,"canonical_url":null,"og_title":null,"og_description":null,"og_object_type":"default","og_image_type":"default","og_image_url":null,"og_image_width":null,"og_image_height":null,"og_image_custom_url":null,"og_image_custom_fields":null,"og_video":null,"og_custom_url":null,"og_article_section":null,"og_article_tags":null,"twitter_use_og":false,"twitter_card":"default","twitter_image_type":"default","twitter_image_url":null,"twitter_image_custom_url":null,"twitter_image_custom_fields":null,"twitter_title":null,"twitter_description":null,"schema":{"blockGraphs":[],"customGraphs":[],"default":{"data":{"Article":[],"Course":[],"Dataset":[],"FAQPage":[],"Movie":[],"Person":[],"Product":[],"ProductReview":[],"Car":[],"Recipe":[],"Service":[],"SoftwareApplication":[],"WebPage":[]},"graphName":"","isEnabled":true},"graphs":[]},"schema_type":"default","schema_type_options":null,"pillar_content":false,"robots_default":true,"robots_noindex":false,"robots_noarchive":false,"robots_nosnippet":false,"robots_nofollow":false,"robots_noimageindex":false,"robots_noodp":false,"robots_notranslate":false,"robots_max_snippet":null,"robots_max_videopreview":null,"robots_max_imagepreview":"large","priority":null,"frequency":null,"local_seo":null,"breadcrumb_settings":null,"limit_modified_date":false,"ai":null,"created":"2024-03-05 02:27:48","updated":"2026-03-03 05:32:30","seo_analyzer_scan_date":null,"focus_keyword":null,"additional_keywords":null,"truseo_locale":null},"aioseo_breadcrumb":"<div class=\"aioseo-breadcrumbs\"><span class=\"aioseo-breadcrumb\">\n\t\t\t<a href=\"https:\/\/contadoreshoy.com\" title=\"Home\">Home<\/a>\n\t\t<\/span><span class=\"aioseo-breadcrumb-separator\">&raquo;<\/span><span class=\"aioseo-breadcrumb\">\n\t\t\t<a href=\"https:\/\/contadoreshoy.com\/?cat=1\" title=\"Uncategorized\">Uncategorized<\/a>\n\t\t<\/span><span class=\"aioseo-breadcrumb-separator\">&raquo;<\/span><span class=\"aioseo-breadcrumb\">\n\t\t\tDecreto 1606 diciembre 5 de 2020 Reglamentaci\u00f3n r\u00e9gimen tributario especial para la Guajira, Norte de Santander y Arauca\n\t\t<\/span><\/div>","aioseo_breadcrumb_json":[{"label":"Home","link":"https:\/\/contadoreshoy.com"},{"label":"Uncategorized","link":"https:\/\/contadoreshoy.com\/?cat=1"},{"label":"Decreto 1606 diciembre 5 de 2020 Reglamentaci\u00f3n r\u00e9gimen tributario especial para la Guajira, Norte de Santander y Arauca","link":"https:\/\/contadoreshoy.com\/?p=12924"}],"yoast_head":"<!-- This site is optimized with the Yoast SEO plugin v28.4 - https:\/\/yoast.com\/product\/yoast-seo-wordpress\/ -->\n<title>Decreto 1606 diciembre 5 de 2020 Reglamentaci\u00f3n r\u00e9gimen tributario especial para la Guajira, Norte de Santander y Arauca - Contadores P\u00fablicos<\/title>\n<meta name=\"robots\" content=\"index, follow, max-snippet:-1, max-image-preview:large, max-video-preview:-1\" \/>\n<link rel=\"canonical\" href=\"https:\/\/contadoreshoy.com\/?p=12924\" \/>\n<meta property=\"og:locale\" content=\"es_ES\" \/>\n<meta property=\"og:type\" content=\"article\" \/>\n<meta property=\"og:title\" content=\"Decreto 1606 diciembre 5 de 2020 Reglamentaci\u00f3n r\u00e9gimen tributario especial para la Guajira, Norte de Santander y Arauca - Contadores P\u00fablicos\" \/>\n<meta property=\"og:description\" content=\"MINISTERIO DE HACIENDA Y CR\u00c9DITO P\u00daBLICO DECRETO N\u00daMERO 1606 (5 DIC 2020) Por el cual se reglamenta el art\u00edculo 268 de la Ley 1955 de 2019, modificado por el art\u00edculo&#046;&#046;&#046;\" \/>\n<meta property=\"og:url\" content=\"https:\/\/contadoreshoy.com\/?p=12924\" \/>\n<meta property=\"og:site_name\" content=\"Contadores P\u00fablicos\" \/>\n<meta property=\"article:publisher\" content=\"https:\/\/www.facebook.com\/CCCPBucaramanga\/\" \/>\n<meta property=\"article:published_time\" content=\"2020-12-09T02:28:44+00:00\" \/>\n<meta property=\"og:image\" content=\"https:\/\/contadoreshoy.com\/wp-content\/uploads\/2020\/12\/ZESE2.jpg\" \/>\n\t<meta property=\"og:image:width\" content=\"837\" \/>\n\t<meta property=\"og:image:height\" content=\"436\" \/>\n\t<meta property=\"og:image:type\" content=\"image\/jpeg\" \/>\n<meta name=\"author\" content=\"Miguel Antonio M\u00e1rquez Monta\u00f1ez\" \/>\n<meta name=\"twitter:card\" content=\"summary_large_image\" \/>\n<meta name=\"twitter:label1\" content=\"Escrito por\" \/>\n\t<meta name=\"twitter:data1\" content=\"Miguel Antonio M\u00e1rquez Monta\u00f1ez\" \/>\n\t<meta name=\"twitter:label2\" content=\"Tiempo de lectura\" \/>\n\t<meta name=\"twitter:data2\" content=\"8 minutos\" \/>\n<script type=\"application\/ld+json\" class=\"yoast-schema-graph\">{\"@context\":\"https:\\\/\\\/schema.org\",\"@graph\":[{\"@type\":\"Article\",\"@id\":\"https:\\\/\\\/contadoreshoy.com\\\/?p=12924#article\",\"isPartOf\":{\"@id\":\"https:\\\/\\\/contadoreshoy.com\\\/?p=12924\"},\"author\":{\"name\":\"Miguel Antonio M\u00e1rquez Monta\u00f1ez\",\"@id\":\"https:\\\/\\\/contadoreshoy.com\\\/#\\\/schema\\\/person\\\/96d8979cb865537c5dc9345e40089fc5\"},\"headline\":\"Decreto 1606 diciembre 5 de 2020 Reglamentaci\u00f3n r\u00e9gimen tributario especial para la Guajira, Norte de Santander y Arauca\",\"datePublished\":\"2020-12-09T02:28:44+00:00\",\"mainEntityOfPage\":{\"@id\":\"https:\\\/\\\/contadoreshoy.com\\\/?p=12924\"},\"wordCount\":1630,\"commentCount\":0,\"publisher\":{\"@id\":\"https:\\\/\\\/contadoreshoy.com\\\/#organization\"},\"image\":{\"@id\":\"https:\\\/\\\/contadoreshoy.com\\\/?p=12924#primaryimage\"},\"thumbnailUrl\":\"https:\\\/\\\/contadoreshoy.com\\\/wp-content\\\/uploads\\\/2020\\\/12\\\/ZESE2.jpg\",\"articleSection\":{\"1\":\"Ultimas Noticias\",\"2\":\"Uncategorized\"},\"inLanguage\":\"es\",\"potentialAction\":[{\"@type\":\"CommentAction\",\"name\":\"Comment\",\"target\":[\"https:\\\/\\\/contadoreshoy.com\\\/?p=12924#respond\"]}]},{\"@type\":\"WebPage\",\"@id\":\"https:\\\/\\\/contadoreshoy.com\\\/?p=12924\",\"url\":\"https:\\\/\\\/contadoreshoy.com\\\/?p=12924\",\"name\":\"Decreto 1606 diciembre 5 de 2020 Reglamentaci\u00f3n r\u00e9gimen tributario especial para la Guajira, Norte de Santander y Arauca - Contadores P\u00fablicos\",\"isPartOf\":{\"@id\":\"https:\\\/\\\/contadoreshoy.com\\\/#website\"},\"primaryImageOfPage\":{\"@id\":\"https:\\\/\\\/contadoreshoy.com\\\/?p=12924#primaryimage\"},\"image\":{\"@id\":\"https:\\\/\\\/contadoreshoy.com\\\/?p=12924#primaryimage\"},\"thumbnailUrl\":\"https:\\\/\\\/contadoreshoy.com\\\/wp-content\\\/uploads\\\/2020\\\/12\\\/ZESE2.jpg\",\"datePublished\":\"2020-12-09T02:28:44+00:00\",\"breadcrumb\":{\"@id\":\"https:\\\/\\\/contadoreshoy.com\\\/?p=12924#breadcrumb\"},\"inLanguage\":\"es\",\"potentialAction\":[{\"@type\":\"ReadAction\",\"target\":[\"https:\\\/\\\/contadoreshoy.com\\\/?p=12924\"]}]},{\"@type\":\"ImageObject\",\"inLanguage\":\"es\",\"@id\":\"https:\\\/\\\/contadoreshoy.com\\\/?p=12924#primaryimage\",\"url\":\"https:\\\/\\\/contadoreshoy.com\\\/wp-content\\\/uploads\\\/2020\\\/12\\\/ZESE2.jpg\",\"contentUrl\":\"https:\\\/\\\/contadoreshoy.com\\\/wp-content\\\/uploads\\\/2020\\\/12\\\/ZESE2.jpg\",\"width\":837,\"height\":436},{\"@type\":\"BreadcrumbList\",\"@id\":\"https:\\\/\\\/contadoreshoy.com\\\/?p=12924#breadcrumb\",\"itemListElement\":[{\"@type\":\"ListItem\",\"position\":1,\"name\":\"Portada\",\"item\":\"https:\\\/\\\/contadoreshoy.com\\\/\"},{\"@type\":\"ListItem\",\"position\":2,\"name\":\"Decreto 1606 diciembre 5 de 2020 Reglamentaci\u00f3n r\u00e9gimen tributario especial para la Guajira, Norte de Santander y Arauca\"}]},{\"@type\":\"WebSite\",\"@id\":\"https:\\\/\\\/contadoreshoy.com\\\/#website\",\"url\":\"https:\\\/\\\/contadoreshoy.com\\\/\",\"name\":\"Contadorespublicossantander\",\"description\":\"Portal para Contadores P\u00fablicos y empresarios\",\"publisher\":{\"@id\":\"https:\\\/\\\/contadoreshoy.com\\\/#organization\"},\"potentialAction\":[{\"@type\":\"SearchAction\",\"target\":{\"@type\":\"EntryPoint\",\"urlTemplate\":\"https:\\\/\\\/contadoreshoy.com\\\/?s={search_term_string}\"},\"query-input\":{\"@type\":\"PropertyValueSpecification\",\"valueRequired\":true,\"valueName\":\"search_term_string\"}}],\"inLanguage\":\"es\"},{\"@type\":\"Organization\",\"@id\":\"https:\\\/\\\/contadoreshoy.com\\\/#organization\",\"name\":\"Contadores P\u00fablicos de Santander\",\"url\":\"https:\\\/\\\/contadoreshoy.com\\\/\",\"logo\":{\"@type\":\"ImageObject\",\"inLanguage\":\"es\",\"@id\":\"https:\\\/\\\/contadoreshoy.com\\\/#\\\/schema\\\/logo\\\/image\\\/\",\"url\":\"https:\\\/\\\/contadoreshoy.com\\\/wp-content\\\/uploads\\\/2024\\\/01\\\/cropped-cropped-Copia-de-M-1.jpg\",\"contentUrl\":\"https:\\\/\\\/contadoreshoy.com\\\/wp-content\\\/uploads\\\/2024\\\/01\\\/cropped-cropped-Copia-de-M-1.jpg\",\"width\":499,\"height\":500,\"caption\":\"Contadores P\u00fablicos de Santander\"},\"image\":{\"@id\":\"https:\\\/\\\/contadoreshoy.com\\\/#\\\/schema\\\/logo\\\/image\\\/\"},\"sameAs\":[\"https:\\\/\\\/www.facebook.com\\\/CCCPBucaramanga\\\/\"]},{\"@type\":\"Person\",\"@id\":\"https:\\\/\\\/contadoreshoy.com\\\/#\\\/schema\\\/person\\\/96d8979cb865537c5dc9345e40089fc5\",\"name\":\"Miguel Antonio M\u00e1rquez Monta\u00f1ez\",\"description\":\"Contador P\u00fablico egresado de la Universidad Aut\u00f3noma de Bucaramanga - Asesor contable tributario con m\u00e1s de 25 a\u00f1os de experiencia - Conferencista en temas contables y tributarios - T\u00e9cnico en Hardware y Dise\u00f1o Web - Creador y director Grupo de Estudio Colegio Colombiano de Contadores P\u00fablicos de Bucaramanga - Creador y Master Web p\u00e1gina www.contadoresp\u00fablicossantander.com - Expresidente Colegio Colombiano de Contadores P\u00fablicos Bucaramanga\",\"url\":\"https:\\\/\\\/contadoreshoy.com\\\/?author=1\"}]}<\/script>\n<!-- \/ Yoast SEO plugin. -->","yoast_head_json":{"title":"Decreto 1606 diciembre 5 de 2020 Reglamentaci\u00f3n r\u00e9gimen tributario especial para la Guajira, Norte de Santander y Arauca - Contadores P\u00fablicos","robots":{"index":"index","follow":"follow","max-snippet":"max-snippet:-1","max-image-preview":"max-image-preview:large","max-video-preview":"max-video-preview:-1"},"canonical":"https:\/\/contadoreshoy.com\/?p=12924","og_locale":"es_ES","og_type":"article","og_title":"Decreto 1606 diciembre 5 de 2020 Reglamentaci\u00f3n r\u00e9gimen tributario especial para la Guajira, Norte de Santander y Arauca - Contadores P\u00fablicos","og_description":"MINISTERIO DE HACIENDA Y CR\u00c9DITO P\u00daBLICO DECRETO N\u00daMERO 1606 (5 DIC 2020) Por el cual se reglamenta el art\u00edculo 268 de la Ley 1955 de 2019, modificado por el art\u00edculo&#46;&#46;&#46;","og_url":"https:\/\/contadoreshoy.com\/?p=12924","og_site_name":"Contadores P\u00fablicos","article_publisher":"https:\/\/www.facebook.com\/CCCPBucaramanga\/","article_published_time":"2020-12-09T02:28:44+00:00","og_image":[{"width":837,"height":436,"url":"https:\/\/contadoreshoy.com\/wp-content\/uploads\/2020\/12\/ZESE2.jpg","type":"image\/jpeg"}],"author":"Miguel Antonio M\u00e1rquez Monta\u00f1ez","twitter_card":"summary_large_image","twitter_misc":{"Escrito por":"Miguel Antonio M\u00e1rquez Monta\u00f1ez","Tiempo de lectura":"8 minutos"},"schema":{"@context":"https:\/\/schema.org","@graph":[{"@type":"Article","@id":"https:\/\/contadoreshoy.com\/?p=12924#article","isPartOf":{"@id":"https:\/\/contadoreshoy.com\/?p=12924"},"author":{"name":"Miguel Antonio M\u00e1rquez Monta\u00f1ez","@id":"https:\/\/contadoreshoy.com\/#\/schema\/person\/96d8979cb865537c5dc9345e40089fc5"},"headline":"Decreto 1606 diciembre 5 de 2020 Reglamentaci\u00f3n r\u00e9gimen tributario especial para la Guajira, Norte de Santander y Arauca","datePublished":"2020-12-09T02:28:44+00:00","mainEntityOfPage":{"@id":"https:\/\/contadoreshoy.com\/?p=12924"},"wordCount":1630,"commentCount":0,"publisher":{"@id":"https:\/\/contadoreshoy.com\/#organization"},"image":{"@id":"https:\/\/contadoreshoy.com\/?p=12924#primaryimage"},"thumbnailUrl":"https:\/\/contadoreshoy.com\/wp-content\/uploads\/2020\/12\/ZESE2.jpg","articleSection":{"1":"Ultimas Noticias","2":"Uncategorized"},"inLanguage":"es","potentialAction":[{"@type":"CommentAction","name":"Comment","target":["https:\/\/contadoreshoy.com\/?p=12924#respond"]}]},{"@type":"WebPage","@id":"https:\/\/contadoreshoy.com\/?p=12924","url":"https:\/\/contadoreshoy.com\/?p=12924","name":"Decreto 1606 diciembre 5 de 2020 Reglamentaci\u00f3n r\u00e9gimen tributario especial para la Guajira, Norte de Santander y Arauca - Contadores P\u00fablicos","isPartOf":{"@id":"https:\/\/contadoreshoy.com\/#website"},"primaryImageOfPage":{"@id":"https:\/\/contadoreshoy.com\/?p=12924#primaryimage"},"image":{"@id":"https:\/\/contadoreshoy.com\/?p=12924#primaryimage"},"thumbnailUrl":"https:\/\/contadoreshoy.com\/wp-content\/uploads\/2020\/12\/ZESE2.jpg","datePublished":"2020-12-09T02:28:44+00:00","breadcrumb":{"@id":"https:\/\/contadoreshoy.com\/?p=12924#breadcrumb"},"inLanguage":"es","potentialAction":[{"@type":"ReadAction","target":["https:\/\/contadoreshoy.com\/?p=12924"]}]},{"@type":"ImageObject","inLanguage":"es","@id":"https:\/\/contadoreshoy.com\/?p=12924#primaryimage","url":"https:\/\/contadoreshoy.com\/wp-content\/uploads\/2020\/12\/ZESE2.jpg","contentUrl":"https:\/\/contadoreshoy.com\/wp-content\/uploads\/2020\/12\/ZESE2.jpg","width":837,"height":436},{"@type":"BreadcrumbList","@id":"https:\/\/contadoreshoy.com\/?p=12924#breadcrumb","itemListElement":[{"@type":"ListItem","position":1,"name":"Portada","item":"https:\/\/contadoreshoy.com\/"},{"@type":"ListItem","position":2,"name":"Decreto 1606 diciembre 5 de 2020 Reglamentaci\u00f3n r\u00e9gimen tributario especial para la Guajira, Norte de Santander y Arauca"}]},{"@type":"WebSite","@id":"https:\/\/contadoreshoy.com\/#website","url":"https:\/\/contadoreshoy.com\/","name":"Contadorespublicossantander","description":"Portal para Contadores P\u00fablicos y empresarios","publisher":{"@id":"https:\/\/contadoreshoy.com\/#organization"},"potentialAction":[{"@type":"SearchAction","target":{"@type":"EntryPoint","urlTemplate":"https:\/\/contadoreshoy.com\/?s={search_term_string}"},"query-input":{"@type":"PropertyValueSpecification","valueRequired":true,"valueName":"search_term_string"}}],"inLanguage":"es"},{"@type":"Organization","@id":"https:\/\/contadoreshoy.com\/#organization","name":"Contadores P\u00fablicos de Santander","url":"https:\/\/contadoreshoy.com\/","logo":{"@type":"ImageObject","inLanguage":"es","@id":"https:\/\/contadoreshoy.com\/#\/schema\/logo\/image\/","url":"https:\/\/contadoreshoy.com\/wp-content\/uploads\/2024\/01\/cropped-cropped-Copia-de-M-1.jpg","contentUrl":"https:\/\/contadoreshoy.com\/wp-content\/uploads\/2024\/01\/cropped-cropped-Copia-de-M-1.jpg","width":499,"height":500,"caption":"Contadores P\u00fablicos de Santander"},"image":{"@id":"https:\/\/contadoreshoy.com\/#\/schema\/logo\/image\/"},"sameAs":["https:\/\/www.facebook.com\/CCCPBucaramanga\/"]},{"@type":"Person","@id":"https:\/\/contadoreshoy.com\/#\/schema\/person\/96d8979cb865537c5dc9345e40089fc5","name":"Miguel Antonio M\u00e1rquez Monta\u00f1ez","description":"Contador P\u00fablico egresado de la Universidad Aut\u00f3noma de Bucaramanga - Asesor contable tributario con m\u00e1s de 25 a\u00f1os de experiencia - Conferencista en temas contables y tributarios - T\u00e9cnico en Hardware y Dise\u00f1o Web - Creador y director Grupo de Estudio Colegio Colombiano de Contadores P\u00fablicos de Bucaramanga - Creador y Master Web p\u00e1gina www.contadoresp\u00fablicossantander.com - Expresidente Colegio Colombiano de Contadores P\u00fablicos Bucaramanga","url":"https:\/\/contadoreshoy.com\/?author=1"}]}},"_links":{"self":[{"href":"https:\/\/contadoreshoy.com\/index.php?rest_route=\/wp\/v2\/posts\/12924","targetHints":{"allow":["GET"]}}],"collection":[{"href":"https:\/\/contadoreshoy.com\/index.php?rest_route=\/wp\/v2\/posts"}],"about":[{"href":"https:\/\/contadoreshoy.com\/index.php?rest_route=\/wp\/v2\/types\/post"}],"author":[{"embeddable":true,"href":"https:\/\/contadoreshoy.com\/index.php?rest_route=\/wp\/v2\/users\/1"}],"replies":[{"embeddable":true,"href":"https:\/\/contadoreshoy.com\/index.php?rest_route=%2Fwp%2Fv2%2Fcomments&post=12924"}],"version-history":[{"count":2,"href":"https:\/\/contadoreshoy.com\/index.php?rest_route=\/wp\/v2\/posts\/12924\/revisions"}],"predecessor-version":[{"id":12928,"href":"https:\/\/contadoreshoy.com\/index.php?rest_route=\/wp\/v2\/posts\/12924\/revisions\/12928"}],"wp:featuredmedia":[{"embeddable":true,"href":"https:\/\/contadoreshoy.com\/index.php?rest_route=\/wp\/v2\/media\/12927"}],"wp:attachment":[{"href":"https:\/\/contadoreshoy.com\/index.php?rest_route=%2Fwp%2Fv2%2Fmedia&parent=12924"}],"wp:term":[{"taxonomy":"category","embeddable":true,"href":"https:\/\/contadoreshoy.com\/index.php?rest_route=%2Fwp%2Fv2%2Fcategories&post=12924"},{"taxonomy":"post_tag","embeddable":true,"href":"https:\/\/contadoreshoy.com\/index.php?rest_route=%2Fwp%2Fv2%2Ftags&post=12924"}],"curies":[{"name":"wp","href":"https:\/\/api.w.org\/{rel}","templated":true}]}}