{"id":12936,"date":"2020-12-23T22:26:28","date_gmt":"2020-12-24T03:26:28","guid":{"rendered":"https:\/\/contadoreshoy.com\/?p=12936"},"modified":"2020-12-23T22:26:28","modified_gmt":"2020-12-24T03:26:28","slug":"resolucion-dian-111-diciembre-11-2020-uvt-aplicable-ano-2021","status":"publish","type":"post","link":"https:\/\/contadoreshoy.com\/?p=12936","title":{"rendered":"Resoluci\u00f3n DIAN 111 diciembre 11 de 2020 UVT aplicable para el a\u00f1o 2021"},"content":{"rendered":"<p><img loading=\"lazy\" decoding=\"async\" class=\"aligncenter wp-image-12939 size-large\" src=\"https:\/\/contadoreshoy.com\/wp-content\/uploads\/2020\/12\/UVT-1240x698.png\" alt=\"\" width=\"1240\" height=\"698\"><\/p>\n<p style=\"text-align: center;\"><span style=\"color: #0000ff;\"><a href=\"https:\/\/contadoreshoy.com\/wp-content\/uploads\/2020\/12\/Resoluci\u00f3n-000111-de-11-12-2020.pdf\" target=\"_blank\" rel=\"noopener\"><strong>RESOLUCI\u00d3N N\u00daMERO 000111<\/strong><\/a><\/span><br \/>\n<strong><span style=\"color: #000000;\">(11 Diciembre 2020 )<\/span><\/strong><br \/>\n<strong><span style=\"color: #000000;\">Por la cual se fija el valor de la Unidad de Valor Tributario \u2013 UVT aplicable para el a\u00f1o 2021<\/span><\/strong><\/p>\n<p style=\"text-align: center;\"><strong><span style=\"color: #000000;\">EL DIRECTOR GENERAL DE LA UNIDAD ADMINISTRATIVA ESPECIAL DIRECCI\u00d3N DE IMPUESTOS Y ADUANAS NACIONALES -DIAN<\/span><\/strong><\/p>\n<p style=\"text-align: center;\"><strong><span style=\"color: #000000;\">En uso de las facultades legales, en especial la consagrada en el art\u00edculo 868 del Estatuto Tributario,<\/span><\/strong><\/p>\n<p style=\"text-align: center;\"><strong><span style=\"color: #000000;\">RESUELVE<\/span><\/strong><\/p>\n<p style=\"text-align: justify;\"><strong><span style=\"color: #000000;\">ART\u00cdCULO 1. Valor de la Unidad de Valor Tributario &#8211; UVT. Fijar en treinta y seis mil trescientos ocho <span style=\"color: #0000ff;\">($36.308)<\/span> pesos, el valor de la Unidad de Valor Tributario \u2013 UVT que regir\u00e1 durante el a\u00f1o 2021.<\/span><\/strong><\/p>\n<p style=\"text-align: justify;\"><strong><span style=\"color: #000000;\">ART\u00cdCULO 2. Conversi\u00f3n de las cifras y valores expresados en UVT en valores absolutos. Para efectos de convertir en valores absolutos las cifras y valores expresados en UVT aplicables a las disposiciones relativas a los impuestos y obligaciones administrados por la Unidad Administrativa Especial Direcci\u00f3n de Impuestos y Aduanas&nbsp;<\/span><\/strong><strong><span style=\"color: #000000;\">Nacionales -DIAN, de que trata el art\u00edculo 868-1 del Estatuto Tributario, debe multiplicarse el n\u00famero de las Unidades de Valor Tributario &#8211; UVT por el valor de la UVT y su resultado se aproxima de acuerdo con el procedimiento de aproximaciones de que trata el inciso sexto del art\u00edculo 868 del Estatuto Tributario.<\/span><\/strong><\/p>\n<p style=\"text-align: justify;\"><strong><span style=\"color: #000000;\">ARTICULO 3. Publicaci\u00f3n. Publicar la presente Resoluci\u00f3n en el Diario Oficial, de conformidad con el art\u00edculo 65 del C\u00f3digo Administrativo y de lo Contencioso Administrativo.<\/span><\/strong><\/p>\n<p style=\"text-align: justify;\"><strong><span style=\"color: #000000;\">ARTICULO 4. Vigencia. La presente Resoluci\u00f3n rige a partir de la fecha de su publicaci\u00f3n.<\/span><\/strong><\/p>\n<p style=\"text-align: justify;\"><strong><span style=\"color: #000000;\">PUBL\u00cdQUESE Y C\u00daMPLASE.<\/span><\/strong><\/p>\n<p style=\"text-align: justify;\"><strong><span style=\"color: #000000;\">Dado en Bogot\u00e1, D.C. a los 11 d\u00edas de diciembre de 2020<\/span><\/strong><\/p>\n<p><a href=\"https:\/\/contadoreshoy.com\/wp-content\/uploads\/2020\/12\/Resoluci\u00f3n-000111-de-11-12-2020.pdf\" target=\"_blank\" rel=\"noopener\"><strong><span style=\"color: #0000ff;\">Para descargar Resoluci\u00f3n DIAN 111 de diciembre 11 de 2020, dar click en este enlace<\/span><\/strong><\/a><\/p>\n","protected":false},"excerpt":{"rendered":"<p>RESOLUCI\u00d3N N\u00daMERO 000111 (11 Diciembre 2020 ) Por la cual se fija el valor de la Unidad de Valor Tributario \u2013 UVT aplicable para el a\u00f1o 2021 EL DIRECTOR GENERAL&#46;&#46;&#46;<\/p>\n","protected":false},"author":1,"featured_media":0,"comment_status":"open","ping_status":"open","sticky":false,"template":"","format":"standard","meta":{"_monsterinsights_skip_tracking":false,"ngg_post_thumbnail":0,"footnotes":"","_links_to":"","_links_to_target":""},"categories":[454,458,1],"tags":[],"class_list":["post-12936","post","type-post","status-publish","format-standard","hentry","category-sin-categoria","category-ultimas","category-uncategorized"],"aioseo_notices":[],"aioseo_head":"\n\t\t<!-- All in One SEO 5.0.1.1 - aioseo.com -->\n\t<meta name=\"description\" content=\"RESOLUCI\u00d3N N\u00daMERO 000111 (11 Diciembre 2020 ) Por la cual se fija el valor de la Unidad de Valor Tributario \u2013 UVT aplicable para el a\u00f1o 2021 EL DIRECTOR GENERAL DE LA UNIDAD ADMINISTRATIVA ESPECIAL DIRECCI\u00d3N DE IMPUESTOS Y ADUANAS NACIONALES -DIAN En uso de las facultades legales, en especial la consagrada en el art\u00edculo\" \/>\n\t<meta name=\"robots\" content=\"max-image-preview:large\" \/>\n\t<meta name=\"author\" content=\"Miguel Antonio M\u00e1rquez Monta\u00f1ez\"\/>\n\t<link rel=\"canonical\" href=\"https:\/\/contadoreshoy.com\/?p=12936\" \/>\n\t<meta name=\"generator\" content=\"All in One SEO (AIOSEO) 5.0.1.1\" \/>\n\t\t<meta property=\"og:locale\" content=\"es_ES\" \/>\n\t\t<meta property=\"og:site_name\" content=\"Contadores P\u00fablicos - Portal para Contadores P\u00fablicos y empresarios\" \/>\n\t\t<meta property=\"og:type\" content=\"article\" \/>\n\t\t<meta property=\"og:title\" content=\"Resoluci\u00f3n DIAN 111 diciembre 11 de 2020 UVT aplicable para el a\u00f1o 2021 - Contadores P\u00fablicos\" \/>\n\t\t<meta property=\"og:description\" content=\"RESOLUCI\u00d3N N\u00daMERO 000111 (11 Diciembre 2020 ) Por la cual se fija el valor de la Unidad de Valor Tributario \u2013 UVT aplicable para el a\u00f1o 2021 EL DIRECTOR GENERAL DE LA UNIDAD ADMINISTRATIVA ESPECIAL DIRECCI\u00d3N DE IMPUESTOS Y ADUANAS NACIONALES -DIAN En uso de las facultades legales, en especial la consagrada en el art\u00edculo\" \/>\n\t\t<meta property=\"og:url\" content=\"https:\/\/contadoreshoy.com\/?p=12936\" \/>\n\t\t<meta property=\"og:image\" content=\"https:\/\/contadoreshoy.com\/wp-content\/uploads\/2024\/01\/cropped-cropped-cropped-Copia-de-M.jpg\" \/>\n\t\t<meta property=\"og:image:secure_url\" content=\"https:\/\/contadoreshoy.com\/wp-content\/uploads\/2024\/01\/cropped-cropped-cropped-Copia-de-M.jpg\" \/>\n\t\t<meta property=\"og:image:width\" content=\"512\" \/>\n\t\t<meta property=\"og:image:height\" content=\"371\" \/>\n\t\t<meta property=\"article:published_time\" content=\"2020-12-24T03:26:28+00:00\" \/>\n\t\t<meta property=\"article:modified_time\" content=\"2020-12-24T03:26:28+00:00\" \/>\n\t\t<meta name=\"twitter:card\" content=\"summary_large_image\" \/>\n\t\t<meta name=\"twitter:title\" content=\"Resoluci\u00f3n DIAN 111 diciembre 11 de 2020 UVT aplicable para el a\u00f1o 2021 - Contadores P\u00fablicos\" \/>\n\t\t<meta name=\"twitter:description\" content=\"RESOLUCI\u00d3N N\u00daMERO 000111 (11 Diciembre 2020 ) Por la cual se fija el valor de la Unidad de Valor Tributario \u2013 UVT aplicable para el a\u00f1o 2021 EL DIRECTOR GENERAL DE LA UNIDAD ADMINISTRATIVA ESPECIAL DIRECCI\u00d3N DE IMPUESTOS Y ADUANAS NACIONALES -DIAN En uso de las facultades legales, en especial la consagrada en el art\u00edculo\" \/>\n\t\t<meta name=\"twitter:image\" content=\"https:\/\/contadoreshoy.com\/wp-content\/uploads\/2024\/01\/cropped-cropped-cropped-Copia-de-M.jpg\" \/>\n\t\t<script type=\"application\/ld+json\" class=\"aioseo-schema\">\n\t\t\t{\"@context\":\"https:\\\/\\\/schema.org\",\"@graph\":[{\"@type\":\"BlogPosting\",\"@id\":\"https:\\\/\\\/contadoreshoy.com\\\/?p=12936#blogposting\",\"name\":\"Resoluci\\u00f3n DIAN 111 diciembre 11 de 2020 UVT aplicable para el a\\u00f1o 2021 - Contadores P\\u00fablicos\",\"headline\":\"Resoluci\\u00f3n DIAN 111 diciembre 11 de 2020 UVT aplicable para el a\\u00f1o 2021\",\"author\":{\"@id\":\"https:\\\/\\\/contadoreshoy.com\\\/?author=1#author\"},\"publisher\":{\"@id\":\"https:\\\/\\\/contadoreshoy.com\\\/#organization\"},\"image\":{\"@type\":\"ImageObject\",\"url\":\"https:\\\/\\\/contadoreshoy.com\\\/wp-content\\\/uploads\\\/2020\\\/12\\\/UVT.png\",\"@id\":\"https:\\\/\\\/contadoreshoy.com\\\/?p=12936\\\/#articleImage\"},\"datePublished\":\"2020-12-23T22:26:28-05:00\",\"dateModified\":\"2020-12-23T22:26:28-05:00\",\"inLanguage\":\"es-ES\",\"mainEntityOfPage\":{\"@id\":\"https:\\\/\\\/contadoreshoy.com\\\/?p=12936#webpage\"},\"isPartOf\":{\"@id\":\"https:\\\/\\\/contadoreshoy.com\\\/?p=12936#webpage\"},\"articleSection\":\"Sin categor\\u00eda, Ultimas Noticias, Uncategorized\"},{\"@type\":\"BreadcrumbList\",\"@id\":\"https:\\\/\\\/contadoreshoy.com\\\/?p=12936#breadcrumblist\",\"itemListElement\":[{\"@type\":\"ListItem\",\"@id\":\"https:\\\/\\\/contadoreshoy.com#listItem\",\"position\":1,\"name\":\"Home\",\"item\":\"https:\\\/\\\/contadoreshoy.com\",\"nextItem\":{\"@type\":\"ListItem\",\"@id\":\"https:\\\/\\\/contadoreshoy.com\\\/?cat=1#listItem\",\"name\":\"Uncategorized\"}},{\"@type\":\"ListItem\",\"@id\":\"https:\\\/\\\/contadoreshoy.com\\\/?cat=1#listItem\",\"position\":2,\"name\":\"Uncategorized\",\"item\":\"https:\\\/\\\/contadoreshoy.com\\\/?cat=1\",\"nextItem\":{\"@type\":\"ListItem\",\"@id\":\"https:\\\/\\\/contadoreshoy.com\\\/?p=12936#listItem\",\"name\":\"Resoluci\\u00f3n DIAN 111 diciembre 11 de 2020 UVT aplicable para el a\\u00f1o 2021\"},\"previousItem\":{\"@type\":\"ListItem\",\"@id\":\"https:\\\/\\\/contadoreshoy.com#listItem\",\"name\":\"Home\"}},{\"@type\":\"ListItem\",\"@id\":\"https:\\\/\\\/contadoreshoy.com\\\/?p=12936#listItem\",\"position\":3,\"name\":\"Resoluci\\u00f3n DIAN 111 diciembre 11 de 2020 UVT aplicable para el a\\u00f1o 2021\",\"previousItem\":{\"@type\":\"ListItem\",\"@id\":\"https:\\\/\\\/contadoreshoy.com\\\/?cat=1#listItem\",\"name\":\"Uncategorized\"}}]},{\"@type\":\"Organization\",\"@id\":\"https:\\\/\\\/contadoreshoy.com\\\/#organization\",\"name\":\"Contadores P\\u00fablicos\",\"description\":\"Portal para Contadores P\\u00fablicos y empresarios\",\"url\":\"https:\\\/\\\/contadoreshoy.com\\\/\",\"logo\":{\"@type\":\"ImageObject\",\"url\":\"https:\\\/\\\/contadoreshoy.com\\\/wp-content\\\/uploads\\\/2024\\\/01\\\/cropped-cropped-Copia-de-M-1.jpg\",\"@id\":\"https:\\\/\\\/contadoreshoy.com\\\/?p=12936\\\/#organizationLogo\",\"width\":499,\"height\":500},\"image\":{\"@id\":\"https:\\\/\\\/contadoreshoy.com\\\/?p=12936\\\/#organizationLogo\"}},{\"@type\":\"Person\",\"@id\":\"https:\\\/\\\/contadoreshoy.com\\\/?author=1#author\",\"url\":\"https:\\\/\\\/contadoreshoy.com\\\/?author=1\",\"name\":\"Miguel Antonio M\\u00e1rquez Monta\\u00f1ez\"},{\"@type\":\"WebPage\",\"@id\":\"https:\\\/\\\/contadoreshoy.com\\\/?p=12936#webpage\",\"url\":\"https:\\\/\\\/contadoreshoy.com\\\/?p=12936\",\"name\":\"Resoluci\\u00f3n DIAN 111 diciembre 11 de 2020 UVT aplicable para el a\\u00f1o 2021 - Contadores P\\u00fablicos\",\"description\":\"RESOLUCI\\u00d3N N\\u00daMERO 000111 (11 Diciembre 2020 ) Por la cual se fija el valor de la Unidad de Valor Tributario \\u2013 UVT aplicable para el a\\u00f1o 2021 EL DIRECTOR GENERAL DE LA UNIDAD ADMINISTRATIVA ESPECIAL DIRECCI\\u00d3N DE IMPUESTOS Y ADUANAS NACIONALES -DIAN En uso de las facultades legales, en especial la consagrada en el art\\u00edculo\",\"inLanguage\":\"es-ES\",\"isPartOf\":{\"@id\":\"https:\\\/\\\/contadoreshoy.com\\\/#website\"},\"breadcrumb\":{\"@id\":\"https:\\\/\\\/contadoreshoy.com\\\/?p=12936#breadcrumblist\"},\"author\":{\"@id\":\"https:\\\/\\\/contadoreshoy.com\\\/?author=1#author\"},\"creator\":{\"@id\":\"https:\\\/\\\/contadoreshoy.com\\\/?author=1#author\"},\"datePublished\":\"2020-12-23T22:26:28-05:00\",\"dateModified\":\"2020-12-23T22:26:28-05:00\"},{\"@type\":\"WebSite\",\"@id\":\"https:\\\/\\\/contadoreshoy.com\\\/#website\",\"url\":\"https:\\\/\\\/contadoreshoy.com\\\/\",\"name\":\"Contadores P\\u00fablicos\",\"description\":\"Portal para Contadores P\\u00fablicos y empresarios\",\"inLanguage\":\"es-ES\",\"publisher\":{\"@id\":\"https:\\\/\\\/contadoreshoy.com\\\/#organization\"}}]}\n\t\t<\/script>\n\t\t<!-- All in One SEO -->\n\n","aioseo_head_json":{"title":"Resoluci\u00f3n DIAN 111 diciembre 11 de 2020 UVT aplicable para el a\u00f1o 2021 - Contadores P\u00fablicos","description":"RESOLUCI\u00d3N N\u00daMERO 000111 (11 Diciembre 2020 ) Por la cual se fija el valor de la Unidad de Valor Tributario \u2013 UVT aplicable para el a\u00f1o 2021 EL DIRECTOR GENERAL DE LA UNIDAD ADMINISTRATIVA ESPECIAL DIRECCI\u00d3N DE IMPUESTOS Y ADUANAS NACIONALES -DIAN En uso de las facultades legales, en especial la consagrada en el art\u00edculo","canonical_url":"https:\/\/contadoreshoy.com\/?p=12936","robots":"max-image-preview:large","keywords":"","webmasterTools":{"miscellaneous":""},"schema":{"@context":"https:\/\/schema.org","@graph":[{"@type":"BlogPosting","@id":"https:\/\/contadoreshoy.com\/?p=12936#blogposting","name":"Resoluci\u00f3n DIAN 111 diciembre 11 de 2020 UVT aplicable para el a\u00f1o 2021 - Contadores P\u00fablicos","headline":"Resoluci\u00f3n DIAN 111 diciembre 11 de 2020 UVT aplicable para el a\u00f1o 2021","author":{"@id":"https:\/\/contadoreshoy.com\/?author=1#author"},"publisher":{"@id":"https:\/\/contadoreshoy.com\/#organization"},"image":{"@type":"ImageObject","url":"https:\/\/contadoreshoy.com\/wp-content\/uploads\/2020\/12\/UVT.png","@id":"https:\/\/contadoreshoy.com\/?p=12936\/#articleImage"},"datePublished":"2020-12-23T22:26:28-05:00","dateModified":"2020-12-23T22:26:28-05:00","inLanguage":"es-ES","mainEntityOfPage":{"@id":"https:\/\/contadoreshoy.com\/?p=12936#webpage"},"isPartOf":{"@id":"https:\/\/contadoreshoy.com\/?p=12936#webpage"},"articleSection":"Sin categor\u00eda, Ultimas Noticias, Uncategorized"},{"@type":"BreadcrumbList","@id":"https:\/\/contadoreshoy.com\/?p=12936#breadcrumblist","itemListElement":[{"@type":"ListItem","@id":"https:\/\/contadoreshoy.com#listItem","position":1,"name":"Home","item":"https:\/\/contadoreshoy.com","nextItem":{"@type":"ListItem","@id":"https:\/\/contadoreshoy.com\/?cat=1#listItem","name":"Uncategorized"}},{"@type":"ListItem","@id":"https:\/\/contadoreshoy.com\/?cat=1#listItem","position":2,"name":"Uncategorized","item":"https:\/\/contadoreshoy.com\/?cat=1","nextItem":{"@type":"ListItem","@id":"https:\/\/contadoreshoy.com\/?p=12936#listItem","name":"Resoluci\u00f3n DIAN 111 diciembre 11 de 2020 UVT aplicable para el a\u00f1o 2021"},"previousItem":{"@type":"ListItem","@id":"https:\/\/contadoreshoy.com#listItem","name":"Home"}},{"@type":"ListItem","@id":"https:\/\/contadoreshoy.com\/?p=12936#listItem","position":3,"name":"Resoluci\u00f3n DIAN 111 diciembre 11 de 2020 UVT aplicable para el a\u00f1o 2021","previousItem":{"@type":"ListItem","@id":"https:\/\/contadoreshoy.com\/?cat=1#listItem","name":"Uncategorized"}}]},{"@type":"Organization","@id":"https:\/\/contadoreshoy.com\/#organization","name":"Contadores P\u00fablicos","description":"Portal para Contadores P\u00fablicos y empresarios","url":"https:\/\/contadoreshoy.com\/","logo":{"@type":"ImageObject","url":"https:\/\/contadoreshoy.com\/wp-content\/uploads\/2024\/01\/cropped-cropped-Copia-de-M-1.jpg","@id":"https:\/\/contadoreshoy.com\/?p=12936\/#organizationLogo","width":499,"height":500},"image":{"@id":"https:\/\/contadoreshoy.com\/?p=12936\/#organizationLogo"}},{"@type":"Person","@id":"https:\/\/contadoreshoy.com\/?author=1#author","url":"https:\/\/contadoreshoy.com\/?author=1","name":"Miguel Antonio M\u00e1rquez Monta\u00f1ez"},{"@type":"WebPage","@id":"https:\/\/contadoreshoy.com\/?p=12936#webpage","url":"https:\/\/contadoreshoy.com\/?p=12936","name":"Resoluci\u00f3n DIAN 111 diciembre 11 de 2020 UVT aplicable para el a\u00f1o 2021 - Contadores P\u00fablicos","description":"RESOLUCI\u00d3N N\u00daMERO 000111 (11 Diciembre 2020 ) Por la cual se fija el valor de la Unidad de Valor Tributario \u2013 UVT aplicable para el a\u00f1o 2021 EL DIRECTOR GENERAL DE LA UNIDAD ADMINISTRATIVA ESPECIAL DIRECCI\u00d3N DE IMPUESTOS Y ADUANAS NACIONALES -DIAN En uso de las facultades legales, en especial la consagrada en el art\u00edculo","inLanguage":"es-ES","isPartOf":{"@id":"https:\/\/contadoreshoy.com\/#website"},"breadcrumb":{"@id":"https:\/\/contadoreshoy.com\/?p=12936#breadcrumblist"},"author":{"@id":"https:\/\/contadoreshoy.com\/?author=1#author"},"creator":{"@id":"https:\/\/contadoreshoy.com\/?author=1#author"},"datePublished":"2020-12-23T22:26:28-05:00","dateModified":"2020-12-23T22:26:28-05:00"},{"@type":"WebSite","@id":"https:\/\/contadoreshoy.com\/#website","url":"https:\/\/contadoreshoy.com\/","name":"Contadores P\u00fablicos","description":"Portal para Contadores P\u00fablicos y empresarios","inLanguage":"es-ES","publisher":{"@id":"https:\/\/contadoreshoy.com\/#organization"}}]},"og:locale":"es_ES","og:site_name":"Contadores P\u00fablicos - Portal para Contadores P\u00fablicos y empresarios","og:type":"article","og:title":"Resoluci\u00f3n DIAN 111 diciembre 11 de 2020 UVT aplicable para el a\u00f1o 2021 - Contadores P\u00fablicos","og:description":"RESOLUCI\u00d3N N\u00daMERO 000111 (11 Diciembre 2020 ) Por la cual se fija el valor de la Unidad de Valor Tributario \u2013 UVT aplicable para el a\u00f1o 2021 EL DIRECTOR GENERAL DE LA UNIDAD ADMINISTRATIVA ESPECIAL DIRECCI\u00d3N DE IMPUESTOS Y ADUANAS NACIONALES -DIAN En uso de las facultades legales, en especial la consagrada en el art\u00edculo","og:url":"https:\/\/contadoreshoy.com\/?p=12936","og:image":"https:\/\/contadoreshoy.com\/wp-content\/uploads\/2024\/01\/cropped-cropped-cropped-Copia-de-M.jpg","og:image:secure_url":"https:\/\/contadoreshoy.com\/wp-content\/uploads\/2024\/01\/cropped-cropped-cropped-Copia-de-M.jpg","og:image:width":512,"og:image:height":371,"article:published_time":"2020-12-24T03:26:28+00:00","article:modified_time":"2020-12-24T03:26:28+00:00","twitter:card":"summary_large_image","twitter:title":"Resoluci\u00f3n DIAN 111 diciembre 11 de 2020 UVT aplicable para el a\u00f1o 2021 - Contadores P\u00fablicos","twitter:description":"RESOLUCI\u00d3N N\u00daMERO 000111 (11 Diciembre 2020 ) Por la cual se fija el valor de la Unidad de Valor Tributario \u2013 UVT aplicable para el a\u00f1o 2021 EL DIRECTOR GENERAL DE LA UNIDAD ADMINISTRATIVA ESPECIAL DIRECCI\u00d3N DE IMPUESTOS Y ADUANAS NACIONALES -DIAN En uso de las facultades legales, en especial la consagrada en el art\u00edculo","twitter:image":"https:\/\/contadoreshoy.com\/wp-content\/uploads\/2024\/01\/cropped-cropped-cropped-Copia-de-M.jpg"},"aioseo_meta_data":{"post_id":"12936","title":null,"description":null,"keywords":null,"keyphrases":null,"primary_term":null,"canonical_url":null,"og_title":null,"og_description":null,"og_object_type":"default","og_image_type":"default","og_image_url":null,"og_image_width":null,"og_image_height":null,"og_image_custom_url":null,"og_image_custom_fields":null,"og_video":null,"og_custom_url":null,"og_article_section":null,"og_article_tags":null,"twitter_use_og":false,"twitter_card":"default","twitter_image_type":"default","twitter_image_url":null,"twitter_image_custom_url":null,"twitter_image_custom_fields":null,"twitter_title":null,"twitter_description":null,"schema":{"blockGraphs":[],"customGraphs":[],"default":{"data":{"Article":[],"Course":[],"Dataset":[],"FAQPage":[],"Movie":[],"Person":[],"Product":[],"ProductReview":[],"Car":[],"Recipe":[],"Service":[],"SoftwareApplication":[],"WebPage":[]},"graphName":"","isEnabled":true},"graphs":[]},"schema_type":"default","schema_type_options":null,"pillar_content":false,"robots_default":true,"robots_noindex":false,"robots_noarchive":false,"robots_nosnippet":false,"robots_nofollow":false,"robots_noimageindex":false,"robots_noodp":false,"robots_notranslate":false,"robots_max_snippet":null,"robots_max_videopreview":null,"robots_max_imagepreview":"large","priority":null,"frequency":null,"local_seo":null,"breadcrumb_settings":null,"limit_modified_date":false,"ai":null,"created":"2024-03-05 02:27:48","updated":"2026-03-03 05:32:30","seo_analyzer_scan_date":null,"focus_keyword":null,"additional_keywords":null,"truseo_locale":null},"aioseo_breadcrumb":"<div class=\"aioseo-breadcrumbs\"><span class=\"aioseo-breadcrumb\">\n\t\t\t<a href=\"https:\/\/contadoreshoy.com\" title=\"Home\">Home<\/a>\n\t\t<\/span><span class=\"aioseo-breadcrumb-separator\">&raquo;<\/span><span class=\"aioseo-breadcrumb\">\n\t\t\t<a href=\"https:\/\/contadoreshoy.com\/?cat=1\" title=\"Uncategorized\">Uncategorized<\/a>\n\t\t<\/span><span class=\"aioseo-breadcrumb-separator\">&raquo;<\/span><span class=\"aioseo-breadcrumb\">\n\t\t\tResoluci\u00f3n DIAN 111 diciembre 11 de 2020 UVT aplicable para el a\u00f1o 2021\n\t\t<\/span><\/div>","aioseo_breadcrumb_json":[{"label":"Home","link":"https:\/\/contadoreshoy.com"},{"label":"Uncategorized","link":"https:\/\/contadoreshoy.com\/?cat=1"},{"label":"Resoluci\u00f3n DIAN 111 diciembre 11 de 2020 UVT aplicable para el a\u00f1o 2021","link":"https:\/\/contadoreshoy.com\/?p=12936"}],"yoast_head":"<!-- This site is optimized with the Yoast SEO plugin v28.4 - https:\/\/yoast.com\/product\/yoast-seo-wordpress\/ -->\n<title>Resoluci\u00f3n DIAN 111 diciembre 11 de 2020 UVT aplicable para el a\u00f1o 2021 - Contadores P\u00fablicos<\/title>\n<meta name=\"robots\" content=\"index, follow, max-snippet:-1, max-image-preview:large, max-video-preview:-1\" \/>\n<link rel=\"canonical\" href=\"https:\/\/contadoreshoy.com\/?p=12936\" \/>\n<meta property=\"og:locale\" content=\"es_ES\" \/>\n<meta property=\"og:type\" content=\"article\" \/>\n<meta property=\"og:title\" content=\"Resoluci\u00f3n DIAN 111 diciembre 11 de 2020 UVT aplicable para el a\u00f1o 2021 - Contadores P\u00fablicos\" \/>\n<meta property=\"og:description\" content=\"RESOLUCI\u00d3N N\u00daMERO 000111 (11 Diciembre 2020 ) Por la cual se fija el valor de la Unidad de Valor Tributario \u2013 UVT aplicable para el a\u00f1o 2021 EL DIRECTOR GENERAL&#046;&#046;&#046;\" \/>\n<meta property=\"og:url\" content=\"https:\/\/contadoreshoy.com\/?p=12936\" \/>\n<meta property=\"og:site_name\" content=\"Contadores P\u00fablicos\" \/>\n<meta property=\"article:publisher\" content=\"https:\/\/www.facebook.com\/CCCPBucaramanga\/\" \/>\n<meta property=\"article:published_time\" content=\"2020-12-24T03:26:28+00:00\" \/>\n<meta property=\"og:image\" content=\"https:\/\/contadoreshoy.com\/wp-content\/uploads\/2020\/12\/UVT-1240x698.png\" \/>\n\t<meta property=\"og:image:width\" content=\"1240\" \/>\n\t<meta property=\"og:image:height\" content=\"698\" \/>\n\t<meta property=\"og:image:type\" content=\"image\/png\" \/>\n<meta name=\"author\" content=\"Miguel Antonio M\u00e1rquez Monta\u00f1ez\" \/>\n<meta name=\"twitter:card\" content=\"summary_large_image\" \/>\n<meta name=\"twitter:label1\" content=\"Escrito por\" \/>\n\t<meta name=\"twitter:data1\" content=\"Miguel Antonio M\u00e1rquez Monta\u00f1ez\" \/>\n\t<meta name=\"twitter:label2\" content=\"Tiempo de lectura\" \/>\n\t<meta name=\"twitter:data2\" content=\"1 minuto\" \/>\n<script type=\"application\/ld+json\" class=\"yoast-schema-graph\">{\"@context\":\"https:\\\/\\\/schema.org\",\"@graph\":[{\"@type\":\"Article\",\"@id\":\"https:\\\/\\\/contadoreshoy.com\\\/?p=12936#article\",\"isPartOf\":{\"@id\":\"https:\\\/\\\/contadoreshoy.com\\\/?p=12936\"},\"author\":{\"name\":\"Miguel Antonio M\u00e1rquez Monta\u00f1ez\",\"@id\":\"https:\\\/\\\/contadoreshoy.com\\\/#\\\/schema\\\/person\\\/96d8979cb865537c5dc9345e40089fc5\"},\"headline\":\"Resoluci\u00f3n DIAN 111 diciembre 11 de 2020 UVT aplicable para el a\u00f1o 2021\",\"datePublished\":\"2020-12-24T03:26:28+00:00\",\"mainEntityOfPage\":{\"@id\":\"https:\\\/\\\/contadoreshoy.com\\\/?p=12936\"},\"wordCount\":284,\"commentCount\":0,\"publisher\":{\"@id\":\"https:\\\/\\\/contadoreshoy.com\\\/#organization\"},\"image\":{\"@id\":\"https:\\\/\\\/contadoreshoy.com\\\/?p=12936#primaryimage\"},\"thumbnailUrl\":\"https:\\\/\\\/contadoreshoy.com\\\/wp-content\\\/uploads\\\/2020\\\/12\\\/UVT-1240x698.png\",\"articleSection\":{\"1\":\"Ultimas Noticias\",\"2\":\"Uncategorized\"},\"inLanguage\":\"es\",\"potentialAction\":[{\"@type\":\"CommentAction\",\"name\":\"Comment\",\"target\":[\"https:\\\/\\\/contadoreshoy.com\\\/?p=12936#respond\"]}]},{\"@type\":\"WebPage\",\"@id\":\"https:\\\/\\\/contadoreshoy.com\\\/?p=12936\",\"url\":\"https:\\\/\\\/contadoreshoy.com\\\/?p=12936\",\"name\":\"Resoluci\u00f3n DIAN 111 diciembre 11 de 2020 UVT aplicable para el a\u00f1o 2021 - Contadores P\u00fablicos\",\"isPartOf\":{\"@id\":\"https:\\\/\\\/contadoreshoy.com\\\/#website\"},\"primaryImageOfPage\":{\"@id\":\"https:\\\/\\\/contadoreshoy.com\\\/?p=12936#primaryimage\"},\"image\":{\"@id\":\"https:\\\/\\\/contadoreshoy.com\\\/?p=12936#primaryimage\"},\"thumbnailUrl\":\"https:\\\/\\\/contadoreshoy.com\\\/wp-content\\\/uploads\\\/2020\\\/12\\\/UVT-1240x698.png\",\"datePublished\":\"2020-12-24T03:26:28+00:00\",\"breadcrumb\":{\"@id\":\"https:\\\/\\\/contadoreshoy.com\\\/?p=12936#breadcrumb\"},\"inLanguage\":\"es\",\"potentialAction\":[{\"@type\":\"ReadAction\",\"target\":[\"https:\\\/\\\/contadoreshoy.com\\\/?p=12936\"]}]},{\"@type\":\"ImageObject\",\"inLanguage\":\"es\",\"@id\":\"https:\\\/\\\/contadoreshoy.com\\\/?p=12936#primaryimage\",\"url\":\"https:\\\/\\\/contadoreshoy.com\\\/wp-content\\\/uploads\\\/2020\\\/12\\\/UVT-1240x698.png\",\"contentUrl\":\"https:\\\/\\\/contadoreshoy.com\\\/wp-content\\\/uploads\\\/2020\\\/12\\\/UVT-1240x698.png\"},{\"@type\":\"BreadcrumbList\",\"@id\":\"https:\\\/\\\/contadoreshoy.com\\\/?p=12936#breadcrumb\",\"itemListElement\":[{\"@type\":\"ListItem\",\"position\":1,\"name\":\"Portada\",\"item\":\"https:\\\/\\\/contadoreshoy.com\\\/\"},{\"@type\":\"ListItem\",\"position\":2,\"name\":\"Resoluci\u00f3n DIAN 111 diciembre 11 de 2020 UVT aplicable para el a\u00f1o 2021\"}]},{\"@type\":\"WebSite\",\"@id\":\"https:\\\/\\\/contadoreshoy.com\\\/#website\",\"url\":\"https:\\\/\\\/contadoreshoy.com\\\/\",\"name\":\"Contadorespublicossantander\",\"description\":\"Portal para Contadores P\u00fablicos y empresarios\",\"publisher\":{\"@id\":\"https:\\\/\\\/contadoreshoy.com\\\/#organization\"},\"potentialAction\":[{\"@type\":\"SearchAction\",\"target\":{\"@type\":\"EntryPoint\",\"urlTemplate\":\"https:\\\/\\\/contadoreshoy.com\\\/?s={search_term_string}\"},\"query-input\":{\"@type\":\"PropertyValueSpecification\",\"valueRequired\":true,\"valueName\":\"search_term_string\"}}],\"inLanguage\":\"es\"},{\"@type\":\"Organization\",\"@id\":\"https:\\\/\\\/contadoreshoy.com\\\/#organization\",\"name\":\"Contadores P\u00fablicos de Santander\",\"url\":\"https:\\\/\\\/contadoreshoy.com\\\/\",\"logo\":{\"@type\":\"ImageObject\",\"inLanguage\":\"es\",\"@id\":\"https:\\\/\\\/contadoreshoy.com\\\/#\\\/schema\\\/logo\\\/image\\\/\",\"url\":\"https:\\\/\\\/contadoreshoy.com\\\/wp-content\\\/uploads\\\/2024\\\/01\\\/cropped-cropped-Copia-de-M-1.jpg\",\"contentUrl\":\"https:\\\/\\\/contadoreshoy.com\\\/wp-content\\\/uploads\\\/2024\\\/01\\\/cropped-cropped-Copia-de-M-1.jpg\",\"width\":499,\"height\":500,\"caption\":\"Contadores P\u00fablicos de Santander\"},\"image\":{\"@id\":\"https:\\\/\\\/contadoreshoy.com\\\/#\\\/schema\\\/logo\\\/image\\\/\"},\"sameAs\":[\"https:\\\/\\\/www.facebook.com\\\/CCCPBucaramanga\\\/\"]},{\"@type\":\"Person\",\"@id\":\"https:\\\/\\\/contadoreshoy.com\\\/#\\\/schema\\\/person\\\/96d8979cb865537c5dc9345e40089fc5\",\"name\":\"Miguel Antonio M\u00e1rquez Monta\u00f1ez\",\"description\":\"Contador P\u00fablico egresado de la Universidad Aut\u00f3noma de Bucaramanga - Asesor contable tributario con m\u00e1s de 25 a\u00f1os de experiencia - Conferencista en temas contables y tributarios - T\u00e9cnico en Hardware y Dise\u00f1o Web - Creador y director Grupo de Estudio Colegio Colombiano de Contadores P\u00fablicos de Bucaramanga - Creador y Master Web p\u00e1gina www.contadoresp\u00fablicossantander.com - Expresidente Colegio Colombiano de Contadores P\u00fablicos Bucaramanga\",\"url\":\"https:\\\/\\\/contadoreshoy.com\\\/?author=1\"}]}<\/script>\n<!-- \/ Yoast SEO plugin. -->","yoast_head_json":{"title":"Resoluci\u00f3n DIAN 111 diciembre 11 de 2020 UVT aplicable para el a\u00f1o 2021 - Contadores P\u00fablicos","robots":{"index":"index","follow":"follow","max-snippet":"max-snippet:-1","max-image-preview":"max-image-preview:large","max-video-preview":"max-video-preview:-1"},"canonical":"https:\/\/contadoreshoy.com\/?p=12936","og_locale":"es_ES","og_type":"article","og_title":"Resoluci\u00f3n DIAN 111 diciembre 11 de 2020 UVT aplicable para el a\u00f1o 2021 - Contadores P\u00fablicos","og_description":"RESOLUCI\u00d3N N\u00daMERO 000111 (11 Diciembre 2020 ) Por la cual se fija el valor de la Unidad de Valor Tributario \u2013 UVT aplicable para el a\u00f1o 2021 EL DIRECTOR GENERAL&#46;&#46;&#46;","og_url":"https:\/\/contadoreshoy.com\/?p=12936","og_site_name":"Contadores P\u00fablicos","article_publisher":"https:\/\/www.facebook.com\/CCCPBucaramanga\/","article_published_time":"2020-12-24T03:26:28+00:00","og_image":[{"width":1240,"height":698,"url":"https:\/\/contadoreshoy.com\/wp-content\/uploads\/2020\/12\/UVT-1240x698.png","type":"image\/png"}],"author":"Miguel Antonio M\u00e1rquez Monta\u00f1ez","twitter_card":"summary_large_image","twitter_misc":{"Escrito por":"Miguel Antonio M\u00e1rquez Monta\u00f1ez","Tiempo de lectura":"1 minuto"},"schema":{"@context":"https:\/\/schema.org","@graph":[{"@type":"Article","@id":"https:\/\/contadoreshoy.com\/?p=12936#article","isPartOf":{"@id":"https:\/\/contadoreshoy.com\/?p=12936"},"author":{"name":"Miguel Antonio M\u00e1rquez Monta\u00f1ez","@id":"https:\/\/contadoreshoy.com\/#\/schema\/person\/96d8979cb865537c5dc9345e40089fc5"},"headline":"Resoluci\u00f3n DIAN 111 diciembre 11 de 2020 UVT aplicable para el a\u00f1o 2021","datePublished":"2020-12-24T03:26:28+00:00","mainEntityOfPage":{"@id":"https:\/\/contadoreshoy.com\/?p=12936"},"wordCount":284,"commentCount":0,"publisher":{"@id":"https:\/\/contadoreshoy.com\/#organization"},"image":{"@id":"https:\/\/contadoreshoy.com\/?p=12936#primaryimage"},"thumbnailUrl":"https:\/\/contadoreshoy.com\/wp-content\/uploads\/2020\/12\/UVT-1240x698.png","articleSection":{"1":"Ultimas Noticias","2":"Uncategorized"},"inLanguage":"es","potentialAction":[{"@type":"CommentAction","name":"Comment","target":["https:\/\/contadoreshoy.com\/?p=12936#respond"]}]},{"@type":"WebPage","@id":"https:\/\/contadoreshoy.com\/?p=12936","url":"https:\/\/contadoreshoy.com\/?p=12936","name":"Resoluci\u00f3n DIAN 111 diciembre 11 de 2020 UVT aplicable para el a\u00f1o 2021 - Contadores P\u00fablicos","isPartOf":{"@id":"https:\/\/contadoreshoy.com\/#website"},"primaryImageOfPage":{"@id":"https:\/\/contadoreshoy.com\/?p=12936#primaryimage"},"image":{"@id":"https:\/\/contadoreshoy.com\/?p=12936#primaryimage"},"thumbnailUrl":"https:\/\/contadoreshoy.com\/wp-content\/uploads\/2020\/12\/UVT-1240x698.png","datePublished":"2020-12-24T03:26:28+00:00","breadcrumb":{"@id":"https:\/\/contadoreshoy.com\/?p=12936#breadcrumb"},"inLanguage":"es","potentialAction":[{"@type":"ReadAction","target":["https:\/\/contadoreshoy.com\/?p=12936"]}]},{"@type":"ImageObject","inLanguage":"es","@id":"https:\/\/contadoreshoy.com\/?p=12936#primaryimage","url":"https:\/\/contadoreshoy.com\/wp-content\/uploads\/2020\/12\/UVT-1240x698.png","contentUrl":"https:\/\/contadoreshoy.com\/wp-content\/uploads\/2020\/12\/UVT-1240x698.png"},{"@type":"BreadcrumbList","@id":"https:\/\/contadoreshoy.com\/?p=12936#breadcrumb","itemListElement":[{"@type":"ListItem","position":1,"name":"Portada","item":"https:\/\/contadoreshoy.com\/"},{"@type":"ListItem","position":2,"name":"Resoluci\u00f3n DIAN 111 diciembre 11 de 2020 UVT aplicable para el a\u00f1o 2021"}]},{"@type":"WebSite","@id":"https:\/\/contadoreshoy.com\/#website","url":"https:\/\/contadoreshoy.com\/","name":"Contadorespublicossantander","description":"Portal para Contadores P\u00fablicos y empresarios","publisher":{"@id":"https:\/\/contadoreshoy.com\/#organization"},"potentialAction":[{"@type":"SearchAction","target":{"@type":"EntryPoint","urlTemplate":"https:\/\/contadoreshoy.com\/?s={search_term_string}"},"query-input":{"@type":"PropertyValueSpecification","valueRequired":true,"valueName":"search_term_string"}}],"inLanguage":"es"},{"@type":"Organization","@id":"https:\/\/contadoreshoy.com\/#organization","name":"Contadores P\u00fablicos de Santander","url":"https:\/\/contadoreshoy.com\/","logo":{"@type":"ImageObject","inLanguage":"es","@id":"https:\/\/contadoreshoy.com\/#\/schema\/logo\/image\/","url":"https:\/\/contadoreshoy.com\/wp-content\/uploads\/2024\/01\/cropped-cropped-Copia-de-M-1.jpg","contentUrl":"https:\/\/contadoreshoy.com\/wp-content\/uploads\/2024\/01\/cropped-cropped-Copia-de-M-1.jpg","width":499,"height":500,"caption":"Contadores P\u00fablicos de Santander"},"image":{"@id":"https:\/\/contadoreshoy.com\/#\/schema\/logo\/image\/"},"sameAs":["https:\/\/www.facebook.com\/CCCPBucaramanga\/"]},{"@type":"Person","@id":"https:\/\/contadoreshoy.com\/#\/schema\/person\/96d8979cb865537c5dc9345e40089fc5","name":"Miguel Antonio M\u00e1rquez Monta\u00f1ez","description":"Contador P\u00fablico egresado de la Universidad Aut\u00f3noma de Bucaramanga - Asesor contable tributario con m\u00e1s de 25 a\u00f1os de experiencia - Conferencista en temas contables y tributarios - T\u00e9cnico en Hardware y Dise\u00f1o Web - Creador y director Grupo de Estudio Colegio Colombiano de Contadores P\u00fablicos de Bucaramanga - Creador y Master Web p\u00e1gina www.contadoresp\u00fablicossantander.com - Expresidente Colegio Colombiano de Contadores P\u00fablicos Bucaramanga","url":"https:\/\/contadoreshoy.com\/?author=1"}]}},"_links":{"self":[{"href":"https:\/\/contadoreshoy.com\/index.php?rest_route=\/wp\/v2\/posts\/12936","targetHints":{"allow":["GET"]}}],"collection":[{"href":"https:\/\/contadoreshoy.com\/index.php?rest_route=\/wp\/v2\/posts"}],"about":[{"href":"https:\/\/contadoreshoy.com\/index.php?rest_route=\/wp\/v2\/types\/post"}],"author":[{"embeddable":true,"href":"https:\/\/contadoreshoy.com\/index.php?rest_route=\/wp\/v2\/users\/1"}],"replies":[{"embeddable":true,"href":"https:\/\/contadoreshoy.com\/index.php?rest_route=%2Fwp%2Fv2%2Fcomments&post=12936"}],"version-history":[{"count":2,"href":"https:\/\/contadoreshoy.com\/index.php?rest_route=\/wp\/v2\/posts\/12936\/revisions"}],"predecessor-version":[{"id":12940,"href":"https:\/\/contadoreshoy.com\/index.php?rest_route=\/wp\/v2\/posts\/12936\/revisions\/12940"}],"wp:attachment":[{"href":"https:\/\/contadoreshoy.com\/index.php?rest_route=%2Fwp%2Fv2%2Fmedia&parent=12936"}],"wp:term":[{"taxonomy":"category","embeddable":true,"href":"https:\/\/contadoreshoy.com\/index.php?rest_route=%2Fwp%2Fv2%2Fcategories&post=12936"},{"taxonomy":"post_tag","embeddable":true,"href":"https:\/\/contadoreshoy.com\/index.php?rest_route=%2Fwp%2Fv2%2Ftags&post=12936"}],"curies":[{"name":"wp","href":"https:\/\/api.w.org\/{rel}","templated":true}]}}