{"id":12959,"date":"2020-12-29T23:26:37","date_gmt":"2020-12-30T04:26:37","guid":{"rendered":"https:\/\/contadoreshoy.com\/?p=12959"},"modified":"2020-12-29T23:28:10","modified_gmt":"2020-12-30T04:28:10","slug":"decreto-1785-diciembre-29-2020-salario-minimo-mensual-legal-ano-2021","status":"publish","type":"post","link":"https:\/\/contadoreshoy.com\/?p=12959","title":{"rendered":"Decreto 1785 diciembre 29 de 2020 Salario M\u00ednimo Mensual Legal a\u00f1o 2021"},"content":{"rendered":"<p style=\"text-align: center;\"><strong><span style=\"color: #000000;\">MINISTERIO DEL TRABAJO<\/span><\/strong><\/p>\n<p><img loading=\"lazy\" decoding=\"async\" class=\"aligncenter wp-image-12962 size-large\" src=\"https:\/\/contadoreshoy.com\/wp-content\/uploads\/2020\/12\/Salario-m\u00ednimo-legal-mensual-1240x698.png\" alt=\"\" width=\"1240\" height=\"698\" srcset=\"https:\/\/contadoreshoy.com\/wp-content\/uploads\/2020\/12\/Salario-m\u00ednimo-legal-mensual-1240x698.png 1240w, https:\/\/contadoreshoy.com\/wp-content\/uploads\/2020\/12\/Salario-m\u00ednimo-legal-mensual-600x338.png 600w, https:\/\/contadoreshoy.com\/wp-content\/uploads\/2020\/12\/Salario-m\u00ednimo-legal-mensual-768x432.png 768w, https:\/\/contadoreshoy.com\/wp-content\/uploads\/2020\/12\/Salario-m\u00ednimo-legal-mensual.png 2000w\" sizes=\"auto, (max-width: 1240px) 100vw, 1240px\" \/><\/p>\n<p style=\"text-align: center;\"><a href=\"https:\/\/contadoreshoy.com\/wp-content\/uploads\/2020\/12\/DECRETO-1785-DEL-29-DE-DICIEMBRE-DE-2020.pdf\" target=\"_blank\" rel=\"noopener\"><strong><span style=\"color: #000000;\"><span style=\"color: #0000ff;\">DECRETO N\u00daMERO 1785 DE 2020<\/span><\/span><\/strong><\/a><\/p>\n<p style=\"text-align: center;\"><strong><span style=\"color: #000000;\">(29 DICIEMBRE 2020)<\/span><\/strong><\/p>\n<p style=\"text-align: center;\"><strong><span style=\"color: #000000;\">Por el cual se fija el salario m\u00ednimo mensual legal<\/span><\/strong><\/p>\n<p style=\"text-align: center;\"><strong><span style=\"color: #000000;\">EL PRESIDENTE DE LA REP\u00daBLICA DE COLOMBIA<\/span><\/strong><\/p>\n<p style=\"text-align: center;\"><strong><span style=\"color: #000000;\">En ejercicio de las atribuciones constitucionales y legales, en especial las conferidas en el art\u00edculo 189 de la Constituci\u00f3n Pol\u00edtica, en el art\u00edculo 8. de la Ley 278 de 1996.<\/span><\/strong><\/p>\n<p style=\"text-align: center;\"><strong><span style=\"color: #000000;\">DECRETA:<\/span><\/strong><\/p>\n<p style=\"text-align: justify;\"><strong><span style=\"color: #000000;\">Art\u00edculo 1. Salario M\u00ednimo Legal Mensual vigente para el a\u00f1o 2021. Fijar a partir del primero (1\u00b0) de enero de 2021 como Salario M\u00ednimo Legal Mensual, la suma de NOVECIENTOS OCHO MIL QUINIENTOS VEINTE Y SEIS PESOS ($ 908.526,00).<\/span><\/strong><\/p>\n<p style=\"text-align: justify;\"><strong><span style=\"color: #000000;\">Art\u00edculo 2. Vigencia y derogatoria. Este Decreto rige a partir del primero (1 0) de enero de 2021 y deroga el Decreto 2360 de 2019.<\/span><\/strong><\/p>\n<p style=\"text-align: justify;\"><strong><span style=\"color: #000000;\">PUBL\u00cdQUESE y C\u00daMPLASE<\/span><\/strong><\/p>\n<p style=\"text-align: justify;\"><strong><span style=\"color: #000000;\">Dado en Bogot\u00e1, D.C. a los 29 d\u00edas de diciembre de 2020<\/span><\/strong><\/p>\n<p><strong><a href=\"https:\/\/contadoreshoy.com\/wp-content\/uploads\/2020\/12\/DECRETO-1785-DEL-29-DE-DICIEMBRE-DE-2020.pdf\" target=\"_blank\" rel=\"noopener\"><span style=\"color: #0000ff;\">Para descargar Decreto 1785 de diciembre 29 de 2020, dar click en este enlace.<\/span><\/a><\/strong><\/p>\n","protected":false},"excerpt":{"rendered":"<p>MINISTERIO DEL TRABAJO DECRETO N\u00daMERO 1785 DE 2020 (29 DICIEMBRE 2020) Por el cual se fija el salario m\u00ednimo mensual legal EL PRESIDENTE DE LA REP\u00daBLICA DE COLOMBIA En ejercicio&#46;&#46;&#46;<\/p>\n","protected":false},"author":1,"featured_media":12962,"comment_status":"open","ping_status":"open","sticky":false,"template":"","format":"standard","meta":{"_monsterinsights_skip_tracking":false,"ngg_post_thumbnail":0,"footnotes":"","_links_to":"","_links_to_target":""},"categories":[454,458,1],"tags":[],"class_list":["post-12959","post","type-post","status-publish","format-standard","has-post-thumbnail","hentry","category-sin-categoria","category-ultimas","category-uncategorized"],"aioseo_notices":[],"aioseo_head":"\n\t\t<!-- All in One SEO 5.0.1.1 - aioseo.com -->\n\t<meta name=\"description\" content=\"MINISTERIO DEL TRABAJO DECRETO N\u00daMERO 1785 DE 2020 (29 DICIEMBRE 2020) Por el cual se fija el salario m\u00ednimo mensual legal EL PRESIDENTE DE LA REP\u00daBLICA DE COLOMBIA En ejercicio de las atribuciones constitucionales y legales, en especial las conferidas en el art\u00edculo 189 de la Constituci\u00f3n Pol\u00edtica, en el art\u00edculo 8. de la Ley\" \/>\n\t<meta name=\"robots\" content=\"max-image-preview:large\" \/>\n\t<meta name=\"author\" content=\"Miguel Antonio M\u00e1rquez Monta\u00f1ez\"\/>\n\t<link rel=\"canonical\" href=\"https:\/\/contadoreshoy.com\/?p=12959\" \/>\n\t<meta name=\"generator\" content=\"All in One SEO (AIOSEO) 5.0.1.1\" \/>\n\t\t<meta property=\"og:locale\" content=\"es_ES\" \/>\n\t\t<meta property=\"og:site_name\" content=\"Contadores P\u00fablicos - Portal para Contadores P\u00fablicos y empresarios\" \/>\n\t\t<meta property=\"og:type\" content=\"article\" \/>\n\t\t<meta property=\"og:title\" content=\"Decreto 1785 diciembre 29 de 2020 Salario M\u00ednimo Mensual Legal a\u00f1o 2021 - Contadores P\u00fablicos\" \/>\n\t\t<meta property=\"og:description\" content=\"MINISTERIO DEL TRABAJO DECRETO N\u00daMERO 1785 DE 2020 (29 DICIEMBRE 2020) Por el cual se fija el salario m\u00ednimo mensual legal EL PRESIDENTE DE LA REP\u00daBLICA DE COLOMBIA En ejercicio de las atribuciones constitucionales y legales, en especial las conferidas en el art\u00edculo 189 de la Constituci\u00f3n Pol\u00edtica, en el art\u00edculo 8. de la Ley\" \/>\n\t\t<meta property=\"og:url\" content=\"https:\/\/contadoreshoy.com\/?p=12959\" \/>\n\t\t<meta property=\"og:image\" content=\"https:\/\/contadoreshoy.com\/wp-content\/uploads\/2024\/01\/cropped-cropped-cropped-Copia-de-M.jpg\" \/>\n\t\t<meta property=\"og:image:secure_url\" content=\"https:\/\/contadoreshoy.com\/wp-content\/uploads\/2024\/01\/cropped-cropped-cropped-Copia-de-M.jpg\" \/>\n\t\t<meta property=\"og:image:width\" content=\"512\" \/>\n\t\t<meta property=\"og:image:height\" content=\"371\" \/>\n\t\t<meta property=\"article:published_time\" content=\"2020-12-30T04:26:37+00:00\" \/>\n\t\t<meta property=\"article:modified_time\" content=\"2020-12-30T04:28:10+00:00\" \/>\n\t\t<meta name=\"twitter:card\" content=\"summary_large_image\" \/>\n\t\t<meta name=\"twitter:title\" content=\"Decreto 1785 diciembre 29 de 2020 Salario M\u00ednimo Mensual Legal a\u00f1o 2021 - Contadores P\u00fablicos\" \/>\n\t\t<meta name=\"twitter:description\" content=\"MINISTERIO DEL TRABAJO DECRETO N\u00daMERO 1785 DE 2020 (29 DICIEMBRE 2020) Por el cual se fija el salario m\u00ednimo mensual legal EL PRESIDENTE DE LA REP\u00daBLICA DE COLOMBIA En ejercicio de las atribuciones constitucionales y legales, en especial las conferidas en el art\u00edculo 189 de la Constituci\u00f3n Pol\u00edtica, en el art\u00edculo 8. de la Ley\" \/>\n\t\t<meta name=\"twitter:image\" content=\"https:\/\/contadoreshoy.com\/wp-content\/uploads\/2024\/01\/cropped-cropped-cropped-Copia-de-M.jpg\" \/>\n\t\t<script type=\"application\/ld+json\" class=\"aioseo-schema\">\n\t\t\t{\"@context\":\"https:\\\/\\\/schema.org\",\"@graph\":[{\"@type\":\"BlogPosting\",\"@id\":\"https:\\\/\\\/contadoreshoy.com\\\/?p=12959#blogposting\",\"name\":\"Decreto 1785 diciembre 29 de 2020 Salario M\\u00ednimo Mensual Legal a\\u00f1o 2021 - Contadores P\\u00fablicos\",\"headline\":\"Decreto 1785 diciembre 29 de 2020 Salario M\\u00ednimo Mensual Legal a\\u00f1o 2021\",\"author\":{\"@id\":\"https:\\\/\\\/contadoreshoy.com\\\/?author=1#author\"},\"publisher\":{\"@id\":\"https:\\\/\\\/contadoreshoy.com\\\/#organization\"},\"image\":{\"@type\":\"ImageObject\",\"url\":\"https:\\\/\\\/contadoreshoy.com\\\/wp-content\\\/uploads\\\/2020\\\/12\\\/Salario-m\\u00ednimo-legal-mensual.png\",\"width\":2000,\"height\":1125},\"datePublished\":\"2020-12-29T23:26:37-05:00\",\"dateModified\":\"2020-12-29T23:28:10-05:00\",\"inLanguage\":\"es-ES\",\"mainEntityOfPage\":{\"@id\":\"https:\\\/\\\/contadoreshoy.com\\\/?p=12959#webpage\"},\"isPartOf\":{\"@id\":\"https:\\\/\\\/contadoreshoy.com\\\/?p=12959#webpage\"},\"articleSection\":\"Sin categor\\u00eda, Ultimas Noticias, Uncategorized\"},{\"@type\":\"BreadcrumbList\",\"@id\":\"https:\\\/\\\/contadoreshoy.com\\\/?p=12959#breadcrumblist\",\"itemListElement\":[{\"@type\":\"ListItem\",\"@id\":\"https:\\\/\\\/contadoreshoy.com#listItem\",\"position\":1,\"name\":\"Home\",\"item\":\"https:\\\/\\\/contadoreshoy.com\",\"nextItem\":{\"@type\":\"ListItem\",\"@id\":\"https:\\\/\\\/contadoreshoy.com\\\/?cat=1#listItem\",\"name\":\"Uncategorized\"}},{\"@type\":\"ListItem\",\"@id\":\"https:\\\/\\\/contadoreshoy.com\\\/?cat=1#listItem\",\"position\":2,\"name\":\"Uncategorized\",\"item\":\"https:\\\/\\\/contadoreshoy.com\\\/?cat=1\",\"nextItem\":{\"@type\":\"ListItem\",\"@id\":\"https:\\\/\\\/contadoreshoy.com\\\/?p=12959#listItem\",\"name\":\"Decreto 1785 diciembre 29 de 2020 Salario M\\u00ednimo Mensual Legal a\\u00f1o 2021\"},\"previousItem\":{\"@type\":\"ListItem\",\"@id\":\"https:\\\/\\\/contadoreshoy.com#listItem\",\"name\":\"Home\"}},{\"@type\":\"ListItem\",\"@id\":\"https:\\\/\\\/contadoreshoy.com\\\/?p=12959#listItem\",\"position\":3,\"name\":\"Decreto 1785 diciembre 29 de 2020 Salario M\\u00ednimo Mensual Legal a\\u00f1o 2021\",\"previousItem\":{\"@type\":\"ListItem\",\"@id\":\"https:\\\/\\\/contadoreshoy.com\\\/?cat=1#listItem\",\"name\":\"Uncategorized\"}}]},{\"@type\":\"Organization\",\"@id\":\"https:\\\/\\\/contadoreshoy.com\\\/#organization\",\"name\":\"Contadores P\\u00fablicos\",\"description\":\"Portal para Contadores P\\u00fablicos y empresarios\",\"url\":\"https:\\\/\\\/contadoreshoy.com\\\/\",\"logo\":{\"@type\":\"ImageObject\",\"url\":\"https:\\\/\\\/contadoreshoy.com\\\/wp-content\\\/uploads\\\/2024\\\/01\\\/cropped-cropped-Copia-de-M-1.jpg\",\"@id\":\"https:\\\/\\\/contadoreshoy.com\\\/?p=12959\\\/#organizationLogo\",\"width\":499,\"height\":500},\"image\":{\"@id\":\"https:\\\/\\\/contadoreshoy.com\\\/?p=12959\\\/#organizationLogo\"}},{\"@type\":\"Person\",\"@id\":\"https:\\\/\\\/contadoreshoy.com\\\/?author=1#author\",\"url\":\"https:\\\/\\\/contadoreshoy.com\\\/?author=1\",\"name\":\"Miguel Antonio M\\u00e1rquez Monta\\u00f1ez\"},{\"@type\":\"WebPage\",\"@id\":\"https:\\\/\\\/contadoreshoy.com\\\/?p=12959#webpage\",\"url\":\"https:\\\/\\\/contadoreshoy.com\\\/?p=12959\",\"name\":\"Decreto 1785 diciembre 29 de 2020 Salario M\\u00ednimo Mensual Legal a\\u00f1o 2021 - Contadores P\\u00fablicos\",\"description\":\"MINISTERIO DEL TRABAJO DECRETO N\\u00daMERO 1785 DE 2020 (29 DICIEMBRE 2020) Por el cual se fija el salario m\\u00ednimo mensual legal EL PRESIDENTE DE LA REP\\u00daBLICA DE COLOMBIA En ejercicio de las atribuciones constitucionales y legales, en especial las conferidas en el art\\u00edculo 189 de la Constituci\\u00f3n Pol\\u00edtica, en el art\\u00edculo 8. de la Ley\",\"inLanguage\":\"es-ES\",\"isPartOf\":{\"@id\":\"https:\\\/\\\/contadoreshoy.com\\\/#website\"},\"breadcrumb\":{\"@id\":\"https:\\\/\\\/contadoreshoy.com\\\/?p=12959#breadcrumblist\"},\"author\":{\"@id\":\"https:\\\/\\\/contadoreshoy.com\\\/?author=1#author\"},\"creator\":{\"@id\":\"https:\\\/\\\/contadoreshoy.com\\\/?author=1#author\"},\"image\":{\"@type\":\"ImageObject\",\"url\":\"https:\\\/\\\/contadoreshoy.com\\\/wp-content\\\/uploads\\\/2020\\\/12\\\/Salario-m\\u00ednimo-legal-mensual.png\",\"@id\":\"https:\\\/\\\/contadoreshoy.com\\\/?p=12959\\\/#mainImage\",\"width\":2000,\"height\":1125},\"primaryImageOfPage\":{\"@id\":\"https:\\\/\\\/contadoreshoy.com\\\/?p=12959#mainImage\"},\"datePublished\":\"2020-12-29T23:26:37-05:00\",\"dateModified\":\"2020-12-29T23:28:10-05:00\"},{\"@type\":\"WebSite\",\"@id\":\"https:\\\/\\\/contadoreshoy.com\\\/#website\",\"url\":\"https:\\\/\\\/contadoreshoy.com\\\/\",\"name\":\"Contadores P\\u00fablicos\",\"description\":\"Portal para Contadores P\\u00fablicos y empresarios\",\"inLanguage\":\"es-ES\",\"publisher\":{\"@id\":\"https:\\\/\\\/contadoreshoy.com\\\/#organization\"}}]}\n\t\t<\/script>\n\t\t<!-- All in One SEO -->\n\n","aioseo_head_json":{"title":"Decreto 1785 diciembre 29 de 2020 Salario M\u00ednimo Mensual Legal a\u00f1o 2021 - Contadores P\u00fablicos","description":"MINISTERIO DEL TRABAJO DECRETO N\u00daMERO 1785 DE 2020 (29 DICIEMBRE 2020) Por el cual se fija el salario m\u00ednimo mensual legal EL PRESIDENTE DE LA REP\u00daBLICA DE COLOMBIA En ejercicio de las atribuciones constitucionales y legales, en especial las conferidas en el art\u00edculo 189 de la Constituci\u00f3n Pol\u00edtica, en el art\u00edculo 8. de la Ley","canonical_url":"https:\/\/contadoreshoy.com\/?p=12959","robots":"max-image-preview:large","keywords":"","webmasterTools":{"miscellaneous":""},"schema":{"@context":"https:\/\/schema.org","@graph":[{"@type":"BlogPosting","@id":"https:\/\/contadoreshoy.com\/?p=12959#blogposting","name":"Decreto 1785 diciembre 29 de 2020 Salario M\u00ednimo Mensual Legal a\u00f1o 2021 - Contadores P\u00fablicos","headline":"Decreto 1785 diciembre 29 de 2020 Salario M\u00ednimo Mensual Legal a\u00f1o 2021","author":{"@id":"https:\/\/contadoreshoy.com\/?author=1#author"},"publisher":{"@id":"https:\/\/contadoreshoy.com\/#organization"},"image":{"@type":"ImageObject","url":"https:\/\/contadoreshoy.com\/wp-content\/uploads\/2020\/12\/Salario-m\u00ednimo-legal-mensual.png","width":2000,"height":1125},"datePublished":"2020-12-29T23:26:37-05:00","dateModified":"2020-12-29T23:28:10-05:00","inLanguage":"es-ES","mainEntityOfPage":{"@id":"https:\/\/contadoreshoy.com\/?p=12959#webpage"},"isPartOf":{"@id":"https:\/\/contadoreshoy.com\/?p=12959#webpage"},"articleSection":"Sin categor\u00eda, Ultimas Noticias, Uncategorized"},{"@type":"BreadcrumbList","@id":"https:\/\/contadoreshoy.com\/?p=12959#breadcrumblist","itemListElement":[{"@type":"ListItem","@id":"https:\/\/contadoreshoy.com#listItem","position":1,"name":"Home","item":"https:\/\/contadoreshoy.com","nextItem":{"@type":"ListItem","@id":"https:\/\/contadoreshoy.com\/?cat=1#listItem","name":"Uncategorized"}},{"@type":"ListItem","@id":"https:\/\/contadoreshoy.com\/?cat=1#listItem","position":2,"name":"Uncategorized","item":"https:\/\/contadoreshoy.com\/?cat=1","nextItem":{"@type":"ListItem","@id":"https:\/\/contadoreshoy.com\/?p=12959#listItem","name":"Decreto 1785 diciembre 29 de 2020 Salario M\u00ednimo Mensual Legal a\u00f1o 2021"},"previousItem":{"@type":"ListItem","@id":"https:\/\/contadoreshoy.com#listItem","name":"Home"}},{"@type":"ListItem","@id":"https:\/\/contadoreshoy.com\/?p=12959#listItem","position":3,"name":"Decreto 1785 diciembre 29 de 2020 Salario M\u00ednimo Mensual Legal a\u00f1o 2021","previousItem":{"@type":"ListItem","@id":"https:\/\/contadoreshoy.com\/?cat=1#listItem","name":"Uncategorized"}}]},{"@type":"Organization","@id":"https:\/\/contadoreshoy.com\/#organization","name":"Contadores P\u00fablicos","description":"Portal para Contadores P\u00fablicos y empresarios","url":"https:\/\/contadoreshoy.com\/","logo":{"@type":"ImageObject","url":"https:\/\/contadoreshoy.com\/wp-content\/uploads\/2024\/01\/cropped-cropped-Copia-de-M-1.jpg","@id":"https:\/\/contadoreshoy.com\/?p=12959\/#organizationLogo","width":499,"height":500},"image":{"@id":"https:\/\/contadoreshoy.com\/?p=12959\/#organizationLogo"}},{"@type":"Person","@id":"https:\/\/contadoreshoy.com\/?author=1#author","url":"https:\/\/contadoreshoy.com\/?author=1","name":"Miguel Antonio M\u00e1rquez Monta\u00f1ez"},{"@type":"WebPage","@id":"https:\/\/contadoreshoy.com\/?p=12959#webpage","url":"https:\/\/contadoreshoy.com\/?p=12959","name":"Decreto 1785 diciembre 29 de 2020 Salario M\u00ednimo Mensual Legal a\u00f1o 2021 - Contadores P\u00fablicos","description":"MINISTERIO DEL TRABAJO DECRETO N\u00daMERO 1785 DE 2020 (29 DICIEMBRE 2020) Por el cual se fija el salario m\u00ednimo mensual legal EL PRESIDENTE DE LA REP\u00daBLICA DE COLOMBIA En ejercicio de las atribuciones constitucionales y legales, en especial las conferidas en el art\u00edculo 189 de la Constituci\u00f3n Pol\u00edtica, en el art\u00edculo 8. de la Ley","inLanguage":"es-ES","isPartOf":{"@id":"https:\/\/contadoreshoy.com\/#website"},"breadcrumb":{"@id":"https:\/\/contadoreshoy.com\/?p=12959#breadcrumblist"},"author":{"@id":"https:\/\/contadoreshoy.com\/?author=1#author"},"creator":{"@id":"https:\/\/contadoreshoy.com\/?author=1#author"},"image":{"@type":"ImageObject","url":"https:\/\/contadoreshoy.com\/wp-content\/uploads\/2020\/12\/Salario-m\u00ednimo-legal-mensual.png","@id":"https:\/\/contadoreshoy.com\/?p=12959\/#mainImage","width":2000,"height":1125},"primaryImageOfPage":{"@id":"https:\/\/contadoreshoy.com\/?p=12959#mainImage"},"datePublished":"2020-12-29T23:26:37-05:00","dateModified":"2020-12-29T23:28:10-05:00"},{"@type":"WebSite","@id":"https:\/\/contadoreshoy.com\/#website","url":"https:\/\/contadoreshoy.com\/","name":"Contadores P\u00fablicos","description":"Portal para Contadores P\u00fablicos y empresarios","inLanguage":"es-ES","publisher":{"@id":"https:\/\/contadoreshoy.com\/#organization"}}]},"og:locale":"es_ES","og:site_name":"Contadores P\u00fablicos - Portal para Contadores P\u00fablicos y empresarios","og:type":"article","og:title":"Decreto 1785 diciembre 29 de 2020 Salario M\u00ednimo Mensual Legal a\u00f1o 2021 - Contadores P\u00fablicos","og:description":"MINISTERIO DEL TRABAJO DECRETO N\u00daMERO 1785 DE 2020 (29 DICIEMBRE 2020) Por el cual se fija el salario m\u00ednimo mensual legal EL PRESIDENTE DE LA REP\u00daBLICA DE COLOMBIA En ejercicio de las atribuciones constitucionales y legales, en especial las conferidas en el art\u00edculo 189 de la Constituci\u00f3n Pol\u00edtica, en el art\u00edculo 8. de la Ley","og:url":"https:\/\/contadoreshoy.com\/?p=12959","og:image":"https:\/\/contadoreshoy.com\/wp-content\/uploads\/2024\/01\/cropped-cropped-cropped-Copia-de-M.jpg","og:image:secure_url":"https:\/\/contadoreshoy.com\/wp-content\/uploads\/2024\/01\/cropped-cropped-cropped-Copia-de-M.jpg","og:image:width":512,"og:image:height":371,"article:published_time":"2020-12-30T04:26:37+00:00","article:modified_time":"2020-12-30T04:28:10+00:00","twitter:card":"summary_large_image","twitter:title":"Decreto 1785 diciembre 29 de 2020 Salario M\u00ednimo Mensual Legal a\u00f1o 2021 - Contadores P\u00fablicos","twitter:description":"MINISTERIO DEL TRABAJO DECRETO N\u00daMERO 1785 DE 2020 (29 DICIEMBRE 2020) Por el cual se fija el salario m\u00ednimo mensual legal EL PRESIDENTE DE LA REP\u00daBLICA DE COLOMBIA En ejercicio de las atribuciones constitucionales y legales, en especial las conferidas en el art\u00edculo 189 de la Constituci\u00f3n Pol\u00edtica, en el art\u00edculo 8. de la Ley","twitter:image":"https:\/\/contadoreshoy.com\/wp-content\/uploads\/2024\/01\/cropped-cropped-cropped-Copia-de-M.jpg"},"aioseo_meta_data":{"post_id":"12959","title":null,"description":null,"keywords":null,"keyphrases":null,"primary_term":null,"canonical_url":null,"og_title":null,"og_description":null,"og_object_type":"default","og_image_type":"default","og_image_url":null,"og_image_width":null,"og_image_height":null,"og_image_custom_url":null,"og_image_custom_fields":null,"og_video":null,"og_custom_url":null,"og_article_section":null,"og_article_tags":null,"twitter_use_og":false,"twitter_card":"default","twitter_image_type":"default","twitter_image_url":null,"twitter_image_custom_url":null,"twitter_image_custom_fields":null,"twitter_title":null,"twitter_description":null,"schema":{"blockGraphs":[],"customGraphs":[],"default":{"data":{"Article":[],"Course":[],"Dataset":[],"FAQPage":[],"Movie":[],"Person":[],"Product":[],"ProductReview":[],"Car":[],"Recipe":[],"Service":[],"SoftwareApplication":[],"WebPage":[]},"graphName":"","isEnabled":true},"graphs":[]},"schema_type":"default","schema_type_options":null,"pillar_content":false,"robots_default":true,"robots_noindex":false,"robots_noarchive":false,"robots_nosnippet":false,"robots_nofollow":false,"robots_noimageindex":false,"robots_noodp":false,"robots_notranslate":false,"robots_max_snippet":null,"robots_max_videopreview":null,"robots_max_imagepreview":"large","priority":null,"frequency":null,"local_seo":null,"breadcrumb_settings":null,"limit_modified_date":false,"ai":null,"created":"2024-03-05 02:27:49","updated":"2026-03-03 05:32:30","seo_analyzer_scan_date":null,"focus_keyword":null,"additional_keywords":null,"truseo_locale":null},"aioseo_breadcrumb":"<div class=\"aioseo-breadcrumbs\"><span class=\"aioseo-breadcrumb\">\n\t\t\t<a href=\"https:\/\/contadoreshoy.com\" title=\"Home\">Home<\/a>\n\t\t<\/span><span class=\"aioseo-breadcrumb-separator\">&raquo;<\/span><span class=\"aioseo-breadcrumb\">\n\t\t\t<a href=\"https:\/\/contadoreshoy.com\/?cat=1\" title=\"Uncategorized\">Uncategorized<\/a>\n\t\t<\/span><span class=\"aioseo-breadcrumb-separator\">&raquo;<\/span><span class=\"aioseo-breadcrumb\">\n\t\t\tDecreto 1785 diciembre 29 de 2020 Salario M\u00ednimo Mensual Legal a\u00f1o 2021\n\t\t<\/span><\/div>","aioseo_breadcrumb_json":[{"label":"Home","link":"https:\/\/contadoreshoy.com"},{"label":"Uncategorized","link":"https:\/\/contadoreshoy.com\/?cat=1"},{"label":"Decreto 1785 diciembre 29 de 2020 Salario M\u00ednimo Mensual Legal a\u00f1o 2021","link":"https:\/\/contadoreshoy.com\/?p=12959"}],"yoast_head":"<!-- This site is optimized with the Yoast SEO plugin v28.4 - https:\/\/yoast.com\/product\/yoast-seo-wordpress\/ -->\n<title>Decreto 1785 diciembre 29 de 2020 Salario M\u00ednimo Mensual Legal a\u00f1o 2021 - Contadores P\u00fablicos<\/title>\n<meta name=\"robots\" content=\"index, follow, max-snippet:-1, max-image-preview:large, max-video-preview:-1\" \/>\n<link rel=\"canonical\" href=\"https:\/\/contadoreshoy.com\/?p=12959\" \/>\n<meta property=\"og:locale\" content=\"es_ES\" \/>\n<meta property=\"og:type\" content=\"article\" \/>\n<meta property=\"og:title\" content=\"Decreto 1785 diciembre 29 de 2020 Salario M\u00ednimo Mensual Legal a\u00f1o 2021 - Contadores P\u00fablicos\" \/>\n<meta property=\"og:description\" content=\"MINISTERIO DEL TRABAJO DECRETO N\u00daMERO 1785 DE 2020 (29 DICIEMBRE 2020) Por el cual se fija el salario m\u00ednimo mensual legal EL PRESIDENTE DE LA REP\u00daBLICA DE COLOMBIA En ejercicio&#046;&#046;&#046;\" \/>\n<meta property=\"og:url\" content=\"https:\/\/contadoreshoy.com\/?p=12959\" \/>\n<meta property=\"og:site_name\" content=\"Contadores P\u00fablicos\" \/>\n<meta property=\"article:publisher\" content=\"https:\/\/www.facebook.com\/CCCPBucaramanga\/\" \/>\n<meta property=\"article:published_time\" content=\"2020-12-30T04:26:37+00:00\" \/>\n<meta property=\"article:modified_time\" content=\"2020-12-30T04:28:10+00:00\" \/>\n<meta property=\"og:image\" content=\"https:\/\/contadoreshoy.com\/wp-content\/uploads\/2020\/12\/Salario-m\u00ednimo-legal-mensual-1240x698.png\" \/>\n\t<meta property=\"og:image:width\" content=\"1240\" \/>\n\t<meta property=\"og:image:height\" content=\"698\" \/>\n\t<meta property=\"og:image:type\" content=\"image\/png\" \/>\n<meta name=\"author\" content=\"Miguel Antonio M\u00e1rquez Monta\u00f1ez\" \/>\n<meta name=\"twitter:card\" content=\"summary_large_image\" \/>\n<meta name=\"twitter:label1\" content=\"Escrito por\" \/>\n\t<meta name=\"twitter:data1\" content=\"Miguel Antonio M\u00e1rquez Monta\u00f1ez\" \/>\n\t<meta name=\"twitter:label2\" content=\"Tiempo de lectura\" \/>\n\t<meta name=\"twitter:data2\" content=\"1 minuto\" \/>\n<script type=\"application\/ld+json\" class=\"yoast-schema-graph\">{\"@context\":\"https:\\\/\\\/schema.org\",\"@graph\":[{\"@type\":\"Article\",\"@id\":\"https:\\\/\\\/contadoreshoy.com\\\/?p=12959#article\",\"isPartOf\":{\"@id\":\"https:\\\/\\\/contadoreshoy.com\\\/?p=12959\"},\"author\":{\"name\":\"Miguel Antonio M\u00e1rquez Monta\u00f1ez\",\"@id\":\"https:\\\/\\\/contadoreshoy.com\\\/#\\\/schema\\\/person\\\/96d8979cb865537c5dc9345e40089fc5\"},\"headline\":\"Decreto 1785 diciembre 29 de 2020 Salario M\u00ednimo Mensual Legal a\u00f1o 2021\",\"datePublished\":\"2020-12-30T04:26:37+00:00\",\"dateModified\":\"2020-12-30T04:28:10+00:00\",\"mainEntityOfPage\":{\"@id\":\"https:\\\/\\\/contadoreshoy.com\\\/?p=12959\"},\"wordCount\":153,\"commentCount\":0,\"publisher\":{\"@id\":\"https:\\\/\\\/contadoreshoy.com\\\/#organization\"},\"image\":{\"@id\":\"https:\\\/\\\/contadoreshoy.com\\\/?p=12959#primaryimage\"},\"thumbnailUrl\":\"https:\\\/\\\/contadoreshoy.com\\\/wp-content\\\/uploads\\\/2020\\\/12\\\/Salario-m\u00ednimo-legal-mensual.png\",\"articleSection\":{\"1\":\"Ultimas Noticias\",\"2\":\"Uncategorized\"},\"inLanguage\":\"es\",\"potentialAction\":[{\"@type\":\"CommentAction\",\"name\":\"Comment\",\"target\":[\"https:\\\/\\\/contadoreshoy.com\\\/?p=12959#respond\"]}]},{\"@type\":\"WebPage\",\"@id\":\"https:\\\/\\\/contadoreshoy.com\\\/?p=12959\",\"url\":\"https:\\\/\\\/contadoreshoy.com\\\/?p=12959\",\"name\":\"Decreto 1785 diciembre 29 de 2020 Salario M\u00ednimo Mensual Legal a\u00f1o 2021 - Contadores P\u00fablicos\",\"isPartOf\":{\"@id\":\"https:\\\/\\\/contadoreshoy.com\\\/#website\"},\"primaryImageOfPage\":{\"@id\":\"https:\\\/\\\/contadoreshoy.com\\\/?p=12959#primaryimage\"},\"image\":{\"@id\":\"https:\\\/\\\/contadoreshoy.com\\\/?p=12959#primaryimage\"},\"thumbnailUrl\":\"https:\\\/\\\/contadoreshoy.com\\\/wp-content\\\/uploads\\\/2020\\\/12\\\/Salario-m\u00ednimo-legal-mensual.png\",\"datePublished\":\"2020-12-30T04:26:37+00:00\",\"dateModified\":\"2020-12-30T04:28:10+00:00\",\"breadcrumb\":{\"@id\":\"https:\\\/\\\/contadoreshoy.com\\\/?p=12959#breadcrumb\"},\"inLanguage\":\"es\",\"potentialAction\":[{\"@type\":\"ReadAction\",\"target\":[\"https:\\\/\\\/contadoreshoy.com\\\/?p=12959\"]}]},{\"@type\":\"ImageObject\",\"inLanguage\":\"es\",\"@id\":\"https:\\\/\\\/contadoreshoy.com\\\/?p=12959#primaryimage\",\"url\":\"https:\\\/\\\/contadoreshoy.com\\\/wp-content\\\/uploads\\\/2020\\\/12\\\/Salario-m\u00ednimo-legal-mensual.png\",\"contentUrl\":\"https:\\\/\\\/contadoreshoy.com\\\/wp-content\\\/uploads\\\/2020\\\/12\\\/Salario-m\u00ednimo-legal-mensual.png\",\"width\":2000,\"height\":1125},{\"@type\":\"BreadcrumbList\",\"@id\":\"https:\\\/\\\/contadoreshoy.com\\\/?p=12959#breadcrumb\",\"itemListElement\":[{\"@type\":\"ListItem\",\"position\":1,\"name\":\"Portada\",\"item\":\"https:\\\/\\\/contadoreshoy.com\\\/\"},{\"@type\":\"ListItem\",\"position\":2,\"name\":\"Decreto 1785 diciembre 29 de 2020 Salario M\u00ednimo Mensual Legal a\u00f1o 2021\"}]},{\"@type\":\"WebSite\",\"@id\":\"https:\\\/\\\/contadoreshoy.com\\\/#website\",\"url\":\"https:\\\/\\\/contadoreshoy.com\\\/\",\"name\":\"Contadorespublicossantander\",\"description\":\"Portal para Contadores P\u00fablicos y empresarios\",\"publisher\":{\"@id\":\"https:\\\/\\\/contadoreshoy.com\\\/#organization\"},\"potentialAction\":[{\"@type\":\"SearchAction\",\"target\":{\"@type\":\"EntryPoint\",\"urlTemplate\":\"https:\\\/\\\/contadoreshoy.com\\\/?s={search_term_string}\"},\"query-input\":{\"@type\":\"PropertyValueSpecification\",\"valueRequired\":true,\"valueName\":\"search_term_string\"}}],\"inLanguage\":\"es\"},{\"@type\":\"Organization\",\"@id\":\"https:\\\/\\\/contadoreshoy.com\\\/#organization\",\"name\":\"Contadores P\u00fablicos de Santander\",\"url\":\"https:\\\/\\\/contadoreshoy.com\\\/\",\"logo\":{\"@type\":\"ImageObject\",\"inLanguage\":\"es\",\"@id\":\"https:\\\/\\\/contadoreshoy.com\\\/#\\\/schema\\\/logo\\\/image\\\/\",\"url\":\"https:\\\/\\\/contadoreshoy.com\\\/wp-content\\\/uploads\\\/2024\\\/01\\\/cropped-cropped-Copia-de-M-1.jpg\",\"contentUrl\":\"https:\\\/\\\/contadoreshoy.com\\\/wp-content\\\/uploads\\\/2024\\\/01\\\/cropped-cropped-Copia-de-M-1.jpg\",\"width\":499,\"height\":500,\"caption\":\"Contadores P\u00fablicos de Santander\"},\"image\":{\"@id\":\"https:\\\/\\\/contadoreshoy.com\\\/#\\\/schema\\\/logo\\\/image\\\/\"},\"sameAs\":[\"https:\\\/\\\/www.facebook.com\\\/CCCPBucaramanga\\\/\"]},{\"@type\":\"Person\",\"@id\":\"https:\\\/\\\/contadoreshoy.com\\\/#\\\/schema\\\/person\\\/96d8979cb865537c5dc9345e40089fc5\",\"name\":\"Miguel Antonio M\u00e1rquez Monta\u00f1ez\",\"description\":\"Contador P\u00fablico egresado de la Universidad Aut\u00f3noma de Bucaramanga - Asesor contable tributario con m\u00e1s de 25 a\u00f1os de experiencia - Conferencista en temas contables y tributarios - T\u00e9cnico en Hardware y Dise\u00f1o Web - Creador y director Grupo de Estudio Colegio Colombiano de Contadores P\u00fablicos de Bucaramanga - Creador y Master Web p\u00e1gina www.contadoresp\u00fablicossantander.com - Expresidente Colegio Colombiano de Contadores P\u00fablicos Bucaramanga\",\"url\":\"https:\\\/\\\/contadoreshoy.com\\\/?author=1\"}]}<\/script>\n<!-- \/ Yoast SEO plugin. -->","yoast_head_json":{"title":"Decreto 1785 diciembre 29 de 2020 Salario M\u00ednimo Mensual Legal a\u00f1o 2021 - Contadores P\u00fablicos","robots":{"index":"index","follow":"follow","max-snippet":"max-snippet:-1","max-image-preview":"max-image-preview:large","max-video-preview":"max-video-preview:-1"},"canonical":"https:\/\/contadoreshoy.com\/?p=12959","og_locale":"es_ES","og_type":"article","og_title":"Decreto 1785 diciembre 29 de 2020 Salario M\u00ednimo Mensual Legal a\u00f1o 2021 - Contadores P\u00fablicos","og_description":"MINISTERIO DEL TRABAJO DECRETO N\u00daMERO 1785 DE 2020 (29 DICIEMBRE 2020) Por el cual se fija el salario m\u00ednimo mensual legal EL PRESIDENTE DE LA REP\u00daBLICA DE COLOMBIA En ejercicio&#46;&#46;&#46;","og_url":"https:\/\/contadoreshoy.com\/?p=12959","og_site_name":"Contadores P\u00fablicos","article_publisher":"https:\/\/www.facebook.com\/CCCPBucaramanga\/","article_published_time":"2020-12-30T04:26:37+00:00","article_modified_time":"2020-12-30T04:28:10+00:00","og_image":[{"width":1240,"height":698,"url":"https:\/\/contadoreshoy.com\/wp-content\/uploads\/2020\/12\/Salario-m\u00ednimo-legal-mensual-1240x698.png","type":"image\/png"}],"author":"Miguel Antonio M\u00e1rquez Monta\u00f1ez","twitter_card":"summary_large_image","twitter_misc":{"Escrito por":"Miguel Antonio M\u00e1rquez Monta\u00f1ez","Tiempo de lectura":"1 minuto"},"schema":{"@context":"https:\/\/schema.org","@graph":[{"@type":"Article","@id":"https:\/\/contadoreshoy.com\/?p=12959#article","isPartOf":{"@id":"https:\/\/contadoreshoy.com\/?p=12959"},"author":{"name":"Miguel Antonio M\u00e1rquez Monta\u00f1ez","@id":"https:\/\/contadoreshoy.com\/#\/schema\/person\/96d8979cb865537c5dc9345e40089fc5"},"headline":"Decreto 1785 diciembre 29 de 2020 Salario M\u00ednimo Mensual Legal a\u00f1o 2021","datePublished":"2020-12-30T04:26:37+00:00","dateModified":"2020-12-30T04:28:10+00:00","mainEntityOfPage":{"@id":"https:\/\/contadoreshoy.com\/?p=12959"},"wordCount":153,"commentCount":0,"publisher":{"@id":"https:\/\/contadoreshoy.com\/#organization"},"image":{"@id":"https:\/\/contadoreshoy.com\/?p=12959#primaryimage"},"thumbnailUrl":"https:\/\/contadoreshoy.com\/wp-content\/uploads\/2020\/12\/Salario-m\u00ednimo-legal-mensual.png","articleSection":{"1":"Ultimas Noticias","2":"Uncategorized"},"inLanguage":"es","potentialAction":[{"@type":"CommentAction","name":"Comment","target":["https:\/\/contadoreshoy.com\/?p=12959#respond"]}]},{"@type":"WebPage","@id":"https:\/\/contadoreshoy.com\/?p=12959","url":"https:\/\/contadoreshoy.com\/?p=12959","name":"Decreto 1785 diciembre 29 de 2020 Salario M\u00ednimo Mensual Legal a\u00f1o 2021 - Contadores P\u00fablicos","isPartOf":{"@id":"https:\/\/contadoreshoy.com\/#website"},"primaryImageOfPage":{"@id":"https:\/\/contadoreshoy.com\/?p=12959#primaryimage"},"image":{"@id":"https:\/\/contadoreshoy.com\/?p=12959#primaryimage"},"thumbnailUrl":"https:\/\/contadoreshoy.com\/wp-content\/uploads\/2020\/12\/Salario-m\u00ednimo-legal-mensual.png","datePublished":"2020-12-30T04:26:37+00:00","dateModified":"2020-12-30T04:28:10+00:00","breadcrumb":{"@id":"https:\/\/contadoreshoy.com\/?p=12959#breadcrumb"},"inLanguage":"es","potentialAction":[{"@type":"ReadAction","target":["https:\/\/contadoreshoy.com\/?p=12959"]}]},{"@type":"ImageObject","inLanguage":"es","@id":"https:\/\/contadoreshoy.com\/?p=12959#primaryimage","url":"https:\/\/contadoreshoy.com\/wp-content\/uploads\/2020\/12\/Salario-m\u00ednimo-legal-mensual.png","contentUrl":"https:\/\/contadoreshoy.com\/wp-content\/uploads\/2020\/12\/Salario-m\u00ednimo-legal-mensual.png","width":2000,"height":1125},{"@type":"BreadcrumbList","@id":"https:\/\/contadoreshoy.com\/?p=12959#breadcrumb","itemListElement":[{"@type":"ListItem","position":1,"name":"Portada","item":"https:\/\/contadoreshoy.com\/"},{"@type":"ListItem","position":2,"name":"Decreto 1785 diciembre 29 de 2020 Salario M\u00ednimo Mensual Legal a\u00f1o 2021"}]},{"@type":"WebSite","@id":"https:\/\/contadoreshoy.com\/#website","url":"https:\/\/contadoreshoy.com\/","name":"Contadorespublicossantander","description":"Portal para Contadores P\u00fablicos y empresarios","publisher":{"@id":"https:\/\/contadoreshoy.com\/#organization"},"potentialAction":[{"@type":"SearchAction","target":{"@type":"EntryPoint","urlTemplate":"https:\/\/contadoreshoy.com\/?s={search_term_string}"},"query-input":{"@type":"PropertyValueSpecification","valueRequired":true,"valueName":"search_term_string"}}],"inLanguage":"es"},{"@type":"Organization","@id":"https:\/\/contadoreshoy.com\/#organization","name":"Contadores P\u00fablicos de Santander","url":"https:\/\/contadoreshoy.com\/","logo":{"@type":"ImageObject","inLanguage":"es","@id":"https:\/\/contadoreshoy.com\/#\/schema\/logo\/image\/","url":"https:\/\/contadoreshoy.com\/wp-content\/uploads\/2024\/01\/cropped-cropped-Copia-de-M-1.jpg","contentUrl":"https:\/\/contadoreshoy.com\/wp-content\/uploads\/2024\/01\/cropped-cropped-Copia-de-M-1.jpg","width":499,"height":500,"caption":"Contadores P\u00fablicos de Santander"},"image":{"@id":"https:\/\/contadoreshoy.com\/#\/schema\/logo\/image\/"},"sameAs":["https:\/\/www.facebook.com\/CCCPBucaramanga\/"]},{"@type":"Person","@id":"https:\/\/contadoreshoy.com\/#\/schema\/person\/96d8979cb865537c5dc9345e40089fc5","name":"Miguel Antonio M\u00e1rquez Monta\u00f1ez","description":"Contador P\u00fablico egresado de la Universidad Aut\u00f3noma de Bucaramanga - Asesor contable tributario con m\u00e1s de 25 a\u00f1os de experiencia - Conferencista en temas contables y tributarios - T\u00e9cnico en Hardware y Dise\u00f1o Web - Creador y director Grupo de Estudio Colegio Colombiano de Contadores P\u00fablicos de Bucaramanga - Creador y Master Web p\u00e1gina www.contadoresp\u00fablicossantander.com - Expresidente Colegio Colombiano de Contadores P\u00fablicos Bucaramanga","url":"https:\/\/contadoreshoy.com\/?author=1"}]}},"_links":{"self":[{"href":"https:\/\/contadoreshoy.com\/index.php?rest_route=\/wp\/v2\/posts\/12959","targetHints":{"allow":["GET"]}}],"collection":[{"href":"https:\/\/contadoreshoy.com\/index.php?rest_route=\/wp\/v2\/posts"}],"about":[{"href":"https:\/\/contadoreshoy.com\/index.php?rest_route=\/wp\/v2\/types\/post"}],"author":[{"embeddable":true,"href":"https:\/\/contadoreshoy.com\/index.php?rest_route=\/wp\/v2\/users\/1"}],"replies":[{"embeddable":true,"href":"https:\/\/contadoreshoy.com\/index.php?rest_route=%2Fwp%2Fv2%2Fcomments&post=12959"}],"version-history":[{"count":4,"href":"https:\/\/contadoreshoy.com\/index.php?rest_route=\/wp\/v2\/posts\/12959\/revisions"}],"predecessor-version":[{"id":12965,"href":"https:\/\/contadoreshoy.com\/index.php?rest_route=\/wp\/v2\/posts\/12959\/revisions\/12965"}],"wp:featuredmedia":[{"embeddable":true,"href":"https:\/\/contadoreshoy.com\/index.php?rest_route=\/wp\/v2\/media\/12962"}],"wp:attachment":[{"href":"https:\/\/contadoreshoy.com\/index.php?rest_route=%2Fwp%2Fv2%2Fmedia&parent=12959"}],"wp:term":[{"taxonomy":"category","embeddable":true,"href":"https:\/\/contadoreshoy.com\/index.php?rest_route=%2Fwp%2Fv2%2Fcategories&post=12959"},{"taxonomy":"post_tag","embeddable":true,"href":"https:\/\/contadoreshoy.com\/index.php?rest_route=%2Fwp%2Fv2%2Ftags&post=12959"}],"curies":[{"name":"wp","href":"https:\/\/api.w.org\/{rel}","templated":true}]}}