{"id":13110,"date":"2021-02-03T21:33:30","date_gmt":"2021-02-04T02:33:30","guid":{"rendered":"https:\/\/contadoreshoy.com\/?p=13110"},"modified":"2021-02-03T21:33:30","modified_gmt":"2021-02-04T02:33:30","slug":"resolucion-47-enero-29-2021-municipio-bucaramanga-modificado-calendario-reteica","status":"publish","type":"post","link":"https:\/\/contadoreshoy.com\/?p=13110","title":{"rendered":"Resoluci\u00f3n 47 enero 29 de 2021 Municipio de Bucaramanga &#8211; Modificado calendario Reteica"},"content":{"rendered":"<p>&nbsp;<img loading=\"lazy\" decoding=\"async\" class=\"aligncenter wp-image-13111 size-large\" src=\"https:\/\/contadoreshoy.com\/wp-content\/uploads\/2021\/02\/Modifcaci\u00f3n-calendario-retenciones-Bucaramanga-2021-1240x697.png\" alt=\"\" width=\"1240\" height=\"697\" srcset=\"https:\/\/contadoreshoy.com\/wp-content\/uploads\/2021\/02\/Modifcaci\u00f3n-calendario-retenciones-Bucaramanga-2021-1240x697.png 1240w, https:\/\/contadoreshoy.com\/wp-content\/uploads\/2021\/02\/Modifcaci\u00f3n-calendario-retenciones-Bucaramanga-2021-600x337.png 600w, https:\/\/contadoreshoy.com\/wp-content\/uploads\/2021\/02\/Modifcaci\u00f3n-calendario-retenciones-Bucaramanga-2021-768x432.png 768w, https:\/\/contadoreshoy.com\/wp-content\/uploads\/2021\/02\/Modifcaci\u00f3n-calendario-retenciones-Bucaramanga-2021-2000x1125.png 2000w, https:\/\/contadoreshoy.com\/wp-content\/uploads\/2021\/02\/Modifcaci\u00f3n-calendario-retenciones-Bucaramanga-2021.png 2002w\" sizes=\"auto, (max-width: 1240px) 100vw, 1240px\" \/><\/p>\n<p style=\"text-align: justify;\"><strong><span style=\"color: #000000;\">La <a href=\"https:\/\/contadoreshoy.com\/wp-content\/uploads\/2021\/02\/047-DE-29-DE-ENERO-DE-2021-MODICIA-RES-3171-DEL-30-DE-DICIEMBRE.pdf\" target=\"_blank\" rel=\"noopener\">Resoluci\u00f3n 47 de enero 29 de 2021<\/a> modifica parcialmente la Resoluci\u00f3n 3171 de diciembre 30 de 2020, en relaci\u00f3n con las fechas l\u00edmites de presentaci\u00f3n de las declaraciones tributarias mensual de retenci\u00f3n y autorretenci\u00f3n de ICA, por los periodos gravables enero, febrero y marzo del a\u00f1o 2021.<\/span><\/strong><\/p>\n<p style=\"text-align: justify;\"><strong><span style=\"color: #000000;\">Los agentes de retenci\u00f3n y autorretenci\u00f3n del impuesto de industria y comercio, deber\u00e1n declarar y pagar las retenciones y autorretenciones en relaci\u00f3n con los meses de enero, febrero y marzo en las siguientes fechas:<\/span><\/strong><\/p>\n<table style=\"height: 132px; width: 481px;\">\n<tbody>\n<tr>\n<td style=\"width: 117px; text-align: center;\"><strong><span style=\"color: #000000;\">\u00daltimo d\u00edgito NIT<\/span><\/strong><\/td>\n<td style=\"width: 109px; text-align: center;\"><strong><span style=\"color: #000000;\">ENERO 2021<\/span><\/strong><\/td>\n<td style=\"width: 113px; text-align: center;\"><strong><span style=\"color: #000000;\">FEBRERO 2021<\/span><\/strong><\/td>\n<td style=\"width: 114px; text-align: center;\"><strong><span style=\"color: #000000;\">MARZO 2021<\/span><\/strong><\/td>\n<\/tr>\n<tr>\n<td style=\"width: 117px; text-align: center;\"><strong><span style=\"color: #000000;\">1,2,3<\/span><\/strong><\/td>\n<td style=\"width: 109px; text-align: center;\"><strong><span style=\"color: #000000;\">15 abril 2021<\/span><\/strong><\/td>\n<td style=\"width: 113px; text-align: center;\"><strong><span style=\"color: #000000;\">15 abril 2021<\/span><\/strong><\/td>\n<td style=\"width: 114px; text-align: center;\"><strong><span style=\"color: #000000;\">15 abril 2021<\/span><\/strong><\/td>\n<\/tr>\n<tr>\n<td style=\"width: 117px; text-align: center;\"><strong><span style=\"color: #000000;\">4,5,6<\/span><\/strong><\/td>\n<td style=\"width: 109px; text-align: center;\"><strong><span style=\"color: #000000;\">19 abril 2021<\/span><\/strong><\/td>\n<td style=\"width: 113px; text-align: center;\"><strong><span style=\"color: #000000;\">19 abril 2021<\/span><\/strong><\/td>\n<td style=\"width: 114px; text-align: center;\"><strong><span style=\"color: #000000;\">19 abril 2021<\/span><\/strong><\/td>\n<\/tr>\n<tr>\n<td style=\"width: 117px; text-align: center;\"><strong><span style=\"color: #000000;\">7,8,9,0<\/span><\/strong><\/td>\n<td style=\"width: 109px; text-align: center;\"><strong><span style=\"color: #000000;\">21 abril 2021<\/span><\/strong><\/td>\n<td style=\"width: 113px; text-align: center;\"><strong><span style=\"color: #000000;\">21 abril 2021<\/span><\/strong><\/td>\n<td style=\"width: 114px; text-align: center;\"><strong><span style=\"color: #000000;\">21 abril 2021<\/span><\/strong><\/td>\n<\/tr>\n<\/tbody>\n<\/table>\n<p><span style=\"color: #0000ff;\"><a href=\"https:\/\/contadoreshoy.com\/wp-content\/uploads\/2021\/02\/047-DE-29-DE-ENERO-DE-2021-MODICIA-RES-3171-DEL-30-DE-DICIEMBRE.pdf\" target=\"_blank\" rel=\"noopener\"><strong>Para descargar Resoluci\u00f3n 47 de enero 29 de 2021 Municipio de Bucaramanga, dar clic en este enlace<\/strong><\/a><\/span><\/p>\n","protected":false},"excerpt":{"rendered":"<p>&nbsp; La Resoluci\u00f3n 47 de enero 29 de 2021 modifica parcialmente la Resoluci\u00f3n 3171 de diciembre 30 de 2020, en relaci\u00f3n con las fechas l\u00edmites de presentaci\u00f3n de las declaraciones&#46;&#46;&#46;<\/p>\n","protected":false},"author":1,"featured_media":13111,"comment_status":"open","ping_status":"open","sticky":false,"template":"","format":"standard","meta":{"_monsterinsights_skip_tracking":false,"ngg_post_thumbnail":0,"footnotes":"","_links_to":"","_links_to_target":""},"categories":[454,1],"tags":[],"class_list":["post-13110","post","type-post","status-publish","format-standard","has-post-thumbnail","hentry","category-sin-categoria","category-uncategorized"],"aioseo_notices":[],"aioseo_head":"\n\t\t<!-- All in One SEO 5.0.1.1 - aioseo.com -->\n\t<meta name=\"description\" content=\"La Resoluci\u00f3n 47 de enero 29 de 2021 modifica parcialmente la Resoluci\u00f3n 3171 de diciembre 30 de 2020, en relaci\u00f3n con las fechas l\u00edmites de presentaci\u00f3n de las declaraciones tributarias mensual de retenci\u00f3n y autorretenci\u00f3n de ICA, por los periodos gravables enero, febrero y marzo del a\u00f1o 2021. Los agentes de retenci\u00f3n y autorretenci\u00f3n\" \/>\n\t<meta name=\"robots\" content=\"max-image-preview:large\" \/>\n\t<meta name=\"author\" content=\"Miguel Antonio M\u00e1rquez Monta\u00f1ez\"\/>\n\t<link rel=\"canonical\" href=\"https:\/\/contadoreshoy.com\/?p=13110\" \/>\n\t<meta name=\"generator\" content=\"All in One SEO (AIOSEO) 5.0.1.1\" \/>\n\t\t<meta property=\"og:locale\" content=\"es_ES\" \/>\n\t\t<meta property=\"og:site_name\" content=\"Contadores P\u00fablicos - Portal para Contadores P\u00fablicos y empresarios\" \/>\n\t\t<meta property=\"og:type\" content=\"article\" \/>\n\t\t<meta property=\"og:title\" content=\"Resoluci\u00f3n 47 enero 29 de 2021 Municipio de Bucaramanga \u2013 Modificado calendario Reteica - Contadores P\u00fablicos\" \/>\n\t\t<meta property=\"og:description\" content=\"La Resoluci\u00f3n 47 de enero 29 de 2021 modifica parcialmente la Resoluci\u00f3n 3171 de diciembre 30 de 2020, en relaci\u00f3n con las fechas l\u00edmites de presentaci\u00f3n de las declaraciones tributarias mensual de retenci\u00f3n y autorretenci\u00f3n de ICA, por los periodos gravables enero, febrero y marzo del a\u00f1o 2021. Los agentes de retenci\u00f3n y autorretenci\u00f3n\" \/>\n\t\t<meta property=\"og:url\" content=\"https:\/\/contadoreshoy.com\/?p=13110\" \/>\n\t\t<meta property=\"og:image\" content=\"https:\/\/contadoreshoy.com\/wp-content\/uploads\/2024\/01\/cropped-cropped-cropped-Copia-de-M.jpg\" \/>\n\t\t<meta property=\"og:image:secure_url\" content=\"https:\/\/contadoreshoy.com\/wp-content\/uploads\/2024\/01\/cropped-cropped-cropped-Copia-de-M.jpg\" \/>\n\t\t<meta property=\"og:image:width\" content=\"512\" \/>\n\t\t<meta property=\"og:image:height\" content=\"371\" \/>\n\t\t<meta property=\"article:published_time\" content=\"2021-02-04T02:33:30+00:00\" \/>\n\t\t<meta property=\"article:modified_time\" content=\"2021-02-04T02:33:30+00:00\" \/>\n\t\t<meta name=\"twitter:card\" content=\"summary_large_image\" \/>\n\t\t<meta name=\"twitter:title\" content=\"Resoluci\u00f3n 47 enero 29 de 2021 Municipio de Bucaramanga \u2013 Modificado calendario Reteica - Contadores P\u00fablicos\" \/>\n\t\t<meta name=\"twitter:description\" content=\"La Resoluci\u00f3n 47 de enero 29 de 2021 modifica parcialmente la Resoluci\u00f3n 3171 de diciembre 30 de 2020, en relaci\u00f3n con las fechas l\u00edmites de presentaci\u00f3n de las declaraciones tributarias mensual de retenci\u00f3n y autorretenci\u00f3n de ICA, por los periodos gravables enero, febrero y marzo del a\u00f1o 2021. Los agentes de retenci\u00f3n y autorretenci\u00f3n\" \/>\n\t\t<meta name=\"twitter:image\" content=\"https:\/\/contadoreshoy.com\/wp-content\/uploads\/2024\/01\/cropped-cropped-cropped-Copia-de-M.jpg\" \/>\n\t\t<script type=\"application\/ld+json\" class=\"aioseo-schema\">\n\t\t\t{\"@context\":\"https:\\\/\\\/schema.org\",\"@graph\":[{\"@type\":\"BlogPosting\",\"@id\":\"https:\\\/\\\/contadoreshoy.com\\\/?p=13110#blogposting\",\"name\":\"Resoluci\\u00f3n 47 enero 29 de 2021 Municipio de Bucaramanga \\u2013 Modificado calendario Reteica - Contadores P\\u00fablicos\",\"headline\":\"Resoluci\\u00f3n 47 enero 29 de 2021 Municipio de Bucaramanga &#8211; Modificado calendario Reteica\",\"author\":{\"@id\":\"https:\\\/\\\/contadoreshoy.com\\\/?author=1#author\"},\"publisher\":{\"@id\":\"https:\\\/\\\/contadoreshoy.com\\\/#organization\"},\"image\":{\"@type\":\"ImageObject\",\"url\":\"https:\\\/\\\/contadoreshoy.com\\\/wp-content\\\/uploads\\\/2021\\\/02\\\/Modifcaci\\u00f3n-calendario-retenciones-Bucaramanga-2021.png\",\"width\":2002,\"height\":1126},\"datePublished\":\"2021-02-03T21:33:30-05:00\",\"dateModified\":\"2021-02-03T21:33:30-05:00\",\"inLanguage\":\"es-ES\",\"mainEntityOfPage\":{\"@id\":\"https:\\\/\\\/contadoreshoy.com\\\/?p=13110#webpage\"},\"isPartOf\":{\"@id\":\"https:\\\/\\\/contadoreshoy.com\\\/?p=13110#webpage\"},\"articleSection\":\"Sin categor\\u00eda, Uncategorized\"},{\"@type\":\"BreadcrumbList\",\"@id\":\"https:\\\/\\\/contadoreshoy.com\\\/?p=13110#breadcrumblist\",\"itemListElement\":[{\"@type\":\"ListItem\",\"@id\":\"https:\\\/\\\/contadoreshoy.com#listItem\",\"position\":1,\"name\":\"Home\",\"item\":\"https:\\\/\\\/contadoreshoy.com\",\"nextItem\":{\"@type\":\"ListItem\",\"@id\":\"https:\\\/\\\/contadoreshoy.com\\\/?cat=1#listItem\",\"name\":\"Uncategorized\"}},{\"@type\":\"ListItem\",\"@id\":\"https:\\\/\\\/contadoreshoy.com\\\/?cat=1#listItem\",\"position\":2,\"name\":\"Uncategorized\",\"item\":\"https:\\\/\\\/contadoreshoy.com\\\/?cat=1\",\"nextItem\":{\"@type\":\"ListItem\",\"@id\":\"https:\\\/\\\/contadoreshoy.com\\\/?p=13110#listItem\",\"name\":\"Resoluci\\u00f3n 47 enero 29 de 2021 Municipio de Bucaramanga &#8211; Modificado calendario Reteica\"},\"previousItem\":{\"@type\":\"ListItem\",\"@id\":\"https:\\\/\\\/contadoreshoy.com#listItem\",\"name\":\"Home\"}},{\"@type\":\"ListItem\",\"@id\":\"https:\\\/\\\/contadoreshoy.com\\\/?p=13110#listItem\",\"position\":3,\"name\":\"Resoluci\\u00f3n 47 enero 29 de 2021 Municipio de Bucaramanga &#8211; Modificado calendario Reteica\",\"previousItem\":{\"@type\":\"ListItem\",\"@id\":\"https:\\\/\\\/contadoreshoy.com\\\/?cat=1#listItem\",\"name\":\"Uncategorized\"}}]},{\"@type\":\"Organization\",\"@id\":\"https:\\\/\\\/contadoreshoy.com\\\/#organization\",\"name\":\"Contadores P\\u00fablicos\",\"description\":\"Portal para Contadores P\\u00fablicos y empresarios\",\"url\":\"https:\\\/\\\/contadoreshoy.com\\\/\",\"logo\":{\"@type\":\"ImageObject\",\"url\":\"https:\\\/\\\/contadoreshoy.com\\\/wp-content\\\/uploads\\\/2024\\\/01\\\/cropped-cropped-Copia-de-M-1.jpg\",\"@id\":\"https:\\\/\\\/contadoreshoy.com\\\/?p=13110\\\/#organizationLogo\",\"width\":499,\"height\":500},\"image\":{\"@id\":\"https:\\\/\\\/contadoreshoy.com\\\/?p=13110\\\/#organizationLogo\"}},{\"@type\":\"Person\",\"@id\":\"https:\\\/\\\/contadoreshoy.com\\\/?author=1#author\",\"url\":\"https:\\\/\\\/contadoreshoy.com\\\/?author=1\",\"name\":\"Miguel Antonio M\\u00e1rquez Monta\\u00f1ez\"},{\"@type\":\"WebPage\",\"@id\":\"https:\\\/\\\/contadoreshoy.com\\\/?p=13110#webpage\",\"url\":\"https:\\\/\\\/contadoreshoy.com\\\/?p=13110\",\"name\":\"Resoluci\\u00f3n 47 enero 29 de 2021 Municipio de Bucaramanga \\u2013 Modificado calendario Reteica - Contadores P\\u00fablicos\",\"description\":\"La Resoluci\\u00f3n 47 de enero 29 de 2021 modifica parcialmente la Resoluci\\u00f3n 3171 de diciembre 30 de 2020, en relaci\\u00f3n con las fechas l\\u00edmites de presentaci\\u00f3n de las declaraciones tributarias mensual de retenci\\u00f3n y autorretenci\\u00f3n de ICA, por los periodos gravables enero, febrero y marzo del a\\u00f1o 2021. Los agentes de retenci\\u00f3n y autorretenci\\u00f3n\",\"inLanguage\":\"es-ES\",\"isPartOf\":{\"@id\":\"https:\\\/\\\/contadoreshoy.com\\\/#website\"},\"breadcrumb\":{\"@id\":\"https:\\\/\\\/contadoreshoy.com\\\/?p=13110#breadcrumblist\"},\"author\":{\"@id\":\"https:\\\/\\\/contadoreshoy.com\\\/?author=1#author\"},\"creator\":{\"@id\":\"https:\\\/\\\/contadoreshoy.com\\\/?author=1#author\"},\"image\":{\"@type\":\"ImageObject\",\"url\":\"https:\\\/\\\/contadoreshoy.com\\\/wp-content\\\/uploads\\\/2021\\\/02\\\/Modifcaci\\u00f3n-calendario-retenciones-Bucaramanga-2021.png\",\"@id\":\"https:\\\/\\\/contadoreshoy.com\\\/?p=13110\\\/#mainImage\",\"width\":2002,\"height\":1126},\"primaryImageOfPage\":{\"@id\":\"https:\\\/\\\/contadoreshoy.com\\\/?p=13110#mainImage\"},\"datePublished\":\"2021-02-03T21:33:30-05:00\",\"dateModified\":\"2021-02-03T21:33:30-05:00\"},{\"@type\":\"WebSite\",\"@id\":\"https:\\\/\\\/contadoreshoy.com\\\/#website\",\"url\":\"https:\\\/\\\/contadoreshoy.com\\\/\",\"name\":\"Contadores P\\u00fablicos\",\"description\":\"Portal para Contadores P\\u00fablicos y empresarios\",\"inLanguage\":\"es-ES\",\"publisher\":{\"@id\":\"https:\\\/\\\/contadoreshoy.com\\\/#organization\"}}]}\n\t\t<\/script>\n\t\t<!-- All in One SEO -->\n\n","aioseo_head_json":{"title":"Resoluci\u00f3n 47 enero 29 de 2021 Municipio de Bucaramanga \u2013 Modificado calendario Reteica - Contadores P\u00fablicos","description":"La Resoluci\u00f3n 47 de enero 29 de 2021 modifica parcialmente la Resoluci\u00f3n 3171 de diciembre 30 de 2020, en relaci\u00f3n con las fechas l\u00edmites de presentaci\u00f3n de las declaraciones tributarias mensual de retenci\u00f3n y autorretenci\u00f3n de ICA, por los periodos gravables enero, febrero y marzo del a\u00f1o 2021. Los agentes de retenci\u00f3n y autorretenci\u00f3n","canonical_url":"https:\/\/contadoreshoy.com\/?p=13110","robots":"max-image-preview:large","keywords":"","webmasterTools":{"miscellaneous":""},"schema":{"@context":"https:\/\/schema.org","@graph":[{"@type":"BlogPosting","@id":"https:\/\/contadoreshoy.com\/?p=13110#blogposting","name":"Resoluci\u00f3n 47 enero 29 de 2021 Municipio de Bucaramanga \u2013 Modificado calendario Reteica - Contadores P\u00fablicos","headline":"Resoluci\u00f3n 47 enero 29 de 2021 Municipio de Bucaramanga &#8211; Modificado calendario Reteica","author":{"@id":"https:\/\/contadoreshoy.com\/?author=1#author"},"publisher":{"@id":"https:\/\/contadoreshoy.com\/#organization"},"image":{"@type":"ImageObject","url":"https:\/\/contadoreshoy.com\/wp-content\/uploads\/2021\/02\/Modifcaci\u00f3n-calendario-retenciones-Bucaramanga-2021.png","width":2002,"height":1126},"datePublished":"2021-02-03T21:33:30-05:00","dateModified":"2021-02-03T21:33:30-05:00","inLanguage":"es-ES","mainEntityOfPage":{"@id":"https:\/\/contadoreshoy.com\/?p=13110#webpage"},"isPartOf":{"@id":"https:\/\/contadoreshoy.com\/?p=13110#webpage"},"articleSection":"Sin categor\u00eda, Uncategorized"},{"@type":"BreadcrumbList","@id":"https:\/\/contadoreshoy.com\/?p=13110#breadcrumblist","itemListElement":[{"@type":"ListItem","@id":"https:\/\/contadoreshoy.com#listItem","position":1,"name":"Home","item":"https:\/\/contadoreshoy.com","nextItem":{"@type":"ListItem","@id":"https:\/\/contadoreshoy.com\/?cat=1#listItem","name":"Uncategorized"}},{"@type":"ListItem","@id":"https:\/\/contadoreshoy.com\/?cat=1#listItem","position":2,"name":"Uncategorized","item":"https:\/\/contadoreshoy.com\/?cat=1","nextItem":{"@type":"ListItem","@id":"https:\/\/contadoreshoy.com\/?p=13110#listItem","name":"Resoluci\u00f3n 47 enero 29 de 2021 Municipio de Bucaramanga &#8211; Modificado calendario Reteica"},"previousItem":{"@type":"ListItem","@id":"https:\/\/contadoreshoy.com#listItem","name":"Home"}},{"@type":"ListItem","@id":"https:\/\/contadoreshoy.com\/?p=13110#listItem","position":3,"name":"Resoluci\u00f3n 47 enero 29 de 2021 Municipio de Bucaramanga &#8211; Modificado calendario Reteica","previousItem":{"@type":"ListItem","@id":"https:\/\/contadoreshoy.com\/?cat=1#listItem","name":"Uncategorized"}}]},{"@type":"Organization","@id":"https:\/\/contadoreshoy.com\/#organization","name":"Contadores P\u00fablicos","description":"Portal para Contadores P\u00fablicos y empresarios","url":"https:\/\/contadoreshoy.com\/","logo":{"@type":"ImageObject","url":"https:\/\/contadoreshoy.com\/wp-content\/uploads\/2024\/01\/cropped-cropped-Copia-de-M-1.jpg","@id":"https:\/\/contadoreshoy.com\/?p=13110\/#organizationLogo","width":499,"height":500},"image":{"@id":"https:\/\/contadoreshoy.com\/?p=13110\/#organizationLogo"}},{"@type":"Person","@id":"https:\/\/contadoreshoy.com\/?author=1#author","url":"https:\/\/contadoreshoy.com\/?author=1","name":"Miguel Antonio M\u00e1rquez Monta\u00f1ez"},{"@type":"WebPage","@id":"https:\/\/contadoreshoy.com\/?p=13110#webpage","url":"https:\/\/contadoreshoy.com\/?p=13110","name":"Resoluci\u00f3n 47 enero 29 de 2021 Municipio de Bucaramanga \u2013 Modificado calendario Reteica - Contadores P\u00fablicos","description":"La Resoluci\u00f3n 47 de enero 29 de 2021 modifica parcialmente la Resoluci\u00f3n 3171 de diciembre 30 de 2020, en relaci\u00f3n con las fechas l\u00edmites de presentaci\u00f3n de las declaraciones tributarias mensual de retenci\u00f3n y autorretenci\u00f3n de ICA, por los periodos gravables enero, febrero y marzo del a\u00f1o 2021. Los agentes de retenci\u00f3n y autorretenci\u00f3n","inLanguage":"es-ES","isPartOf":{"@id":"https:\/\/contadoreshoy.com\/#website"},"breadcrumb":{"@id":"https:\/\/contadoreshoy.com\/?p=13110#breadcrumblist"},"author":{"@id":"https:\/\/contadoreshoy.com\/?author=1#author"},"creator":{"@id":"https:\/\/contadoreshoy.com\/?author=1#author"},"image":{"@type":"ImageObject","url":"https:\/\/contadoreshoy.com\/wp-content\/uploads\/2021\/02\/Modifcaci\u00f3n-calendario-retenciones-Bucaramanga-2021.png","@id":"https:\/\/contadoreshoy.com\/?p=13110\/#mainImage","width":2002,"height":1126},"primaryImageOfPage":{"@id":"https:\/\/contadoreshoy.com\/?p=13110#mainImage"},"datePublished":"2021-02-03T21:33:30-05:00","dateModified":"2021-02-03T21:33:30-05:00"},{"@type":"WebSite","@id":"https:\/\/contadoreshoy.com\/#website","url":"https:\/\/contadoreshoy.com\/","name":"Contadores P\u00fablicos","description":"Portal para Contadores P\u00fablicos y empresarios","inLanguage":"es-ES","publisher":{"@id":"https:\/\/contadoreshoy.com\/#organization"}}]},"og:locale":"es_ES","og:site_name":"Contadores P\u00fablicos - Portal para Contadores P\u00fablicos y empresarios","og:type":"article","og:title":"Resoluci\u00f3n 47 enero 29 de 2021 Municipio de Bucaramanga \u2013 Modificado calendario Reteica - Contadores P\u00fablicos","og:description":"La Resoluci\u00f3n 47 de enero 29 de 2021 modifica parcialmente la Resoluci\u00f3n 3171 de diciembre 30 de 2020, en relaci\u00f3n con las fechas l\u00edmites de presentaci\u00f3n de las declaraciones tributarias mensual de retenci\u00f3n y autorretenci\u00f3n de ICA, por los periodos gravables enero, febrero y marzo del a\u00f1o 2021. Los agentes de retenci\u00f3n y autorretenci\u00f3n","og:url":"https:\/\/contadoreshoy.com\/?p=13110","og:image":"https:\/\/contadoreshoy.com\/wp-content\/uploads\/2024\/01\/cropped-cropped-cropped-Copia-de-M.jpg","og:image:secure_url":"https:\/\/contadoreshoy.com\/wp-content\/uploads\/2024\/01\/cropped-cropped-cropped-Copia-de-M.jpg","og:image:width":512,"og:image:height":371,"article:published_time":"2021-02-04T02:33:30+00:00","article:modified_time":"2021-02-04T02:33:30+00:00","twitter:card":"summary_large_image","twitter:title":"Resoluci\u00f3n 47 enero 29 de 2021 Municipio de Bucaramanga \u2013 Modificado calendario Reteica - Contadores P\u00fablicos","twitter:description":"La Resoluci\u00f3n 47 de enero 29 de 2021 modifica parcialmente la Resoluci\u00f3n 3171 de diciembre 30 de 2020, en relaci\u00f3n con las fechas l\u00edmites de presentaci\u00f3n de las declaraciones tributarias mensual de retenci\u00f3n y autorretenci\u00f3n de ICA, por los periodos gravables enero, febrero y marzo del a\u00f1o 2021. Los agentes de retenci\u00f3n y autorretenci\u00f3n","twitter:image":"https:\/\/contadoreshoy.com\/wp-content\/uploads\/2024\/01\/cropped-cropped-cropped-Copia-de-M.jpg"},"aioseo_meta_data":{"post_id":"13110","title":null,"description":null,"keywords":null,"keyphrases":null,"primary_term":null,"canonical_url":null,"og_title":null,"og_description":null,"og_object_type":"default","og_image_type":"default","og_image_url":null,"og_image_width":null,"og_image_height":null,"og_image_custom_url":null,"og_image_custom_fields":null,"og_video":null,"og_custom_url":null,"og_article_section":null,"og_article_tags":null,"twitter_use_og":false,"twitter_card":"default","twitter_image_type":"default","twitter_image_url":null,"twitter_image_custom_url":null,"twitter_image_custom_fields":null,"twitter_title":null,"twitter_description":null,"schema":{"blockGraphs":[],"customGraphs":[],"default":{"data":{"Article":[],"Course":[],"Dataset":[],"FAQPage":[],"Movie":[],"Person":[],"Product":[],"ProductReview":[],"Car":[],"Recipe":[],"Service":[],"SoftwareApplication":[],"WebPage":[]},"graphName":"","isEnabled":true},"graphs":[]},"schema_type":"default","schema_type_options":null,"pillar_content":false,"robots_default":true,"robots_noindex":false,"robots_noarchive":false,"robots_nosnippet":false,"robots_nofollow":false,"robots_noimageindex":false,"robots_noodp":false,"robots_notranslate":false,"robots_max_snippet":null,"robots_max_videopreview":null,"robots_max_imagepreview":"large","priority":null,"frequency":null,"local_seo":null,"breadcrumb_settings":null,"limit_modified_date":false,"ai":null,"created":"2024-03-05 02:29:39","updated":"2026-03-03 05:35:10","seo_analyzer_scan_date":null,"focus_keyword":null,"additional_keywords":null,"truseo_locale":null},"aioseo_breadcrumb":"<div class=\"aioseo-breadcrumbs\"><span class=\"aioseo-breadcrumb\">\n\t\t\t<a href=\"https:\/\/contadoreshoy.com\" title=\"Home\">Home<\/a>\n\t\t<\/span><span class=\"aioseo-breadcrumb-separator\">&raquo;<\/span><span class=\"aioseo-breadcrumb\">\n\t\t\t<a href=\"https:\/\/contadoreshoy.com\/?cat=1\" title=\"Uncategorized\">Uncategorized<\/a>\n\t\t<\/span><span class=\"aioseo-breadcrumb-separator\">&raquo;<\/span><span class=\"aioseo-breadcrumb\">\n\t\t\tResoluci\u00f3n 47 enero 29 de 2021 Municipio de Bucaramanga \u2013 Modificado calendario Reteica\n\t\t<\/span><\/div>","aioseo_breadcrumb_json":[{"label":"Home","link":"https:\/\/contadoreshoy.com"},{"label":"Uncategorized","link":"https:\/\/contadoreshoy.com\/?cat=1"},{"label":"Resoluci\u00f3n 47 enero 29 de 2021 Municipio de Bucaramanga &#8211; Modificado calendario Reteica","link":"https:\/\/contadoreshoy.com\/?p=13110"}],"yoast_head":"<!-- This site is optimized with the Yoast SEO plugin v28.4 - https:\/\/yoast.com\/product\/yoast-seo-wordpress\/ -->\n<title>Resoluci\u00f3n 47 enero 29 de 2021 Municipio de Bucaramanga - Modificado calendario Reteica - Contadores P\u00fablicos<\/title>\n<meta name=\"robots\" content=\"index, follow, max-snippet:-1, max-image-preview:large, max-video-preview:-1\" \/>\n<link rel=\"canonical\" href=\"https:\/\/contadoreshoy.com\/?p=13110\" \/>\n<meta property=\"og:locale\" content=\"es_ES\" \/>\n<meta property=\"og:type\" content=\"article\" \/>\n<meta property=\"og:title\" content=\"Resoluci\u00f3n 47 enero 29 de 2021 Municipio de Bucaramanga - Modificado calendario Reteica - Contadores P\u00fablicos\" \/>\n<meta property=\"og:description\" content=\"&nbsp; La Resoluci\u00f3n 47 de enero 29 de 2021 modifica parcialmente la Resoluci\u00f3n 3171 de diciembre 30 de 2020, en relaci\u00f3n con las fechas l\u00edmites de presentaci\u00f3n de las declaraciones&#046;&#046;&#046;\" \/>\n<meta property=\"og:url\" content=\"https:\/\/contadoreshoy.com\/?p=13110\" \/>\n<meta property=\"og:site_name\" content=\"Contadores P\u00fablicos\" \/>\n<meta property=\"article:publisher\" content=\"https:\/\/www.facebook.com\/CCCPBucaramanga\/\" \/>\n<meta property=\"article:published_time\" content=\"2021-02-04T02:33:30+00:00\" \/>\n<meta property=\"og:image\" content=\"https:\/\/contadoreshoy.com\/wp-content\/uploads\/2021\/02\/Modifcaci\u00f3n-calendario-retenciones-Bucaramanga-2021-1240x697.png\" \/>\n\t<meta property=\"og:image:width\" content=\"1240\" \/>\n\t<meta property=\"og:image:height\" content=\"697\" \/>\n\t<meta property=\"og:image:type\" content=\"image\/png\" \/>\n<meta name=\"author\" content=\"Miguel Antonio M\u00e1rquez Monta\u00f1ez\" \/>\n<meta name=\"twitter:card\" content=\"summary_large_image\" \/>\n<meta name=\"twitter:label1\" content=\"Escrito por\" \/>\n\t<meta name=\"twitter:data1\" content=\"Miguel Antonio M\u00e1rquez Monta\u00f1ez\" \/>\n\t<meta name=\"twitter:label2\" content=\"Tiempo de lectura\" \/>\n\t<meta name=\"twitter:data2\" content=\"1 minuto\" \/>\n<script type=\"application\/ld+json\" class=\"yoast-schema-graph\">{\"@context\":\"https:\\\/\\\/schema.org\",\"@graph\":[{\"@type\":\"Article\",\"@id\":\"https:\\\/\\\/contadoreshoy.com\\\/?p=13110#article\",\"isPartOf\":{\"@id\":\"https:\\\/\\\/contadoreshoy.com\\\/?p=13110\"},\"author\":{\"name\":\"Miguel Antonio M\u00e1rquez Monta\u00f1ez\",\"@id\":\"https:\\\/\\\/contadoreshoy.com\\\/#\\\/schema\\\/person\\\/96d8979cb865537c5dc9345e40089fc5\"},\"headline\":\"Resoluci\u00f3n 47 enero 29 de 2021 Municipio de Bucaramanga &#8211; Modificado calendario Reteica\",\"datePublished\":\"2021-02-04T02:33:30+00:00\",\"mainEntityOfPage\":{\"@id\":\"https:\\\/\\\/contadoreshoy.com\\\/?p=13110\"},\"wordCount\":130,\"commentCount\":0,\"publisher\":{\"@id\":\"https:\\\/\\\/contadoreshoy.com\\\/#organization\"},\"image\":{\"@id\":\"https:\\\/\\\/contadoreshoy.com\\\/?p=13110#primaryimage\"},\"thumbnailUrl\":\"https:\\\/\\\/contadoreshoy.com\\\/wp-content\\\/uploads\\\/2021\\\/02\\\/Modifcaci\u00f3n-calendario-retenciones-Bucaramanga-2021.png\",\"articleSection\":{\"1\":\"Uncategorized\"},\"inLanguage\":\"es\",\"potentialAction\":[{\"@type\":\"CommentAction\",\"name\":\"Comment\",\"target\":[\"https:\\\/\\\/contadoreshoy.com\\\/?p=13110#respond\"]}]},{\"@type\":\"WebPage\",\"@id\":\"https:\\\/\\\/contadoreshoy.com\\\/?p=13110\",\"url\":\"https:\\\/\\\/contadoreshoy.com\\\/?p=13110\",\"name\":\"Resoluci\u00f3n 47 enero 29 de 2021 Municipio de Bucaramanga - Modificado calendario Reteica - Contadores P\u00fablicos\",\"isPartOf\":{\"@id\":\"https:\\\/\\\/contadoreshoy.com\\\/#website\"},\"primaryImageOfPage\":{\"@id\":\"https:\\\/\\\/contadoreshoy.com\\\/?p=13110#primaryimage\"},\"image\":{\"@id\":\"https:\\\/\\\/contadoreshoy.com\\\/?p=13110#primaryimage\"},\"thumbnailUrl\":\"https:\\\/\\\/contadoreshoy.com\\\/wp-content\\\/uploads\\\/2021\\\/02\\\/Modifcaci\u00f3n-calendario-retenciones-Bucaramanga-2021.png\",\"datePublished\":\"2021-02-04T02:33:30+00:00\",\"breadcrumb\":{\"@id\":\"https:\\\/\\\/contadoreshoy.com\\\/?p=13110#breadcrumb\"},\"inLanguage\":\"es\",\"potentialAction\":[{\"@type\":\"ReadAction\",\"target\":[\"https:\\\/\\\/contadoreshoy.com\\\/?p=13110\"]}]},{\"@type\":\"ImageObject\",\"inLanguage\":\"es\",\"@id\":\"https:\\\/\\\/contadoreshoy.com\\\/?p=13110#primaryimage\",\"url\":\"https:\\\/\\\/contadoreshoy.com\\\/wp-content\\\/uploads\\\/2021\\\/02\\\/Modifcaci\u00f3n-calendario-retenciones-Bucaramanga-2021.png\",\"contentUrl\":\"https:\\\/\\\/contadoreshoy.com\\\/wp-content\\\/uploads\\\/2021\\\/02\\\/Modifcaci\u00f3n-calendario-retenciones-Bucaramanga-2021.png\",\"width\":2002,\"height\":1126},{\"@type\":\"BreadcrumbList\",\"@id\":\"https:\\\/\\\/contadoreshoy.com\\\/?p=13110#breadcrumb\",\"itemListElement\":[{\"@type\":\"ListItem\",\"position\":1,\"name\":\"Portada\",\"item\":\"https:\\\/\\\/contadoreshoy.com\\\/\"},{\"@type\":\"ListItem\",\"position\":2,\"name\":\"Resoluci\u00f3n 47 enero 29 de 2021 Municipio de Bucaramanga &#8211; Modificado calendario Reteica\"}]},{\"@type\":\"WebSite\",\"@id\":\"https:\\\/\\\/contadoreshoy.com\\\/#website\",\"url\":\"https:\\\/\\\/contadoreshoy.com\\\/\",\"name\":\"Contadorespublicossantander\",\"description\":\"Portal para Contadores P\u00fablicos y empresarios\",\"publisher\":{\"@id\":\"https:\\\/\\\/contadoreshoy.com\\\/#organization\"},\"potentialAction\":[{\"@type\":\"SearchAction\",\"target\":{\"@type\":\"EntryPoint\",\"urlTemplate\":\"https:\\\/\\\/contadoreshoy.com\\\/?s={search_term_string}\"},\"query-input\":{\"@type\":\"PropertyValueSpecification\",\"valueRequired\":true,\"valueName\":\"search_term_string\"}}],\"inLanguage\":\"es\"},{\"@type\":\"Organization\",\"@id\":\"https:\\\/\\\/contadoreshoy.com\\\/#organization\",\"name\":\"Contadores P\u00fablicos de Santander\",\"url\":\"https:\\\/\\\/contadoreshoy.com\\\/\",\"logo\":{\"@type\":\"ImageObject\",\"inLanguage\":\"es\",\"@id\":\"https:\\\/\\\/contadoreshoy.com\\\/#\\\/schema\\\/logo\\\/image\\\/\",\"url\":\"https:\\\/\\\/contadoreshoy.com\\\/wp-content\\\/uploads\\\/2024\\\/01\\\/cropped-cropped-Copia-de-M-1.jpg\",\"contentUrl\":\"https:\\\/\\\/contadoreshoy.com\\\/wp-content\\\/uploads\\\/2024\\\/01\\\/cropped-cropped-Copia-de-M-1.jpg\",\"width\":499,\"height\":500,\"caption\":\"Contadores P\u00fablicos de Santander\"},\"image\":{\"@id\":\"https:\\\/\\\/contadoreshoy.com\\\/#\\\/schema\\\/logo\\\/image\\\/\"},\"sameAs\":[\"https:\\\/\\\/www.facebook.com\\\/CCCPBucaramanga\\\/\"]},{\"@type\":\"Person\",\"@id\":\"https:\\\/\\\/contadoreshoy.com\\\/#\\\/schema\\\/person\\\/96d8979cb865537c5dc9345e40089fc5\",\"name\":\"Miguel Antonio M\u00e1rquez Monta\u00f1ez\",\"description\":\"Contador P\u00fablico egresado de la Universidad Aut\u00f3noma de Bucaramanga - Asesor contable tributario con m\u00e1s de 25 a\u00f1os de experiencia - Conferencista en temas contables y tributarios - T\u00e9cnico en Hardware y Dise\u00f1o Web - Creador y director Grupo de Estudio Colegio Colombiano de Contadores P\u00fablicos de Bucaramanga - Creador y Master Web p\u00e1gina www.contadoresp\u00fablicossantander.com - Expresidente Colegio Colombiano de Contadores P\u00fablicos Bucaramanga\",\"url\":\"https:\\\/\\\/contadoreshoy.com\\\/?author=1\"}]}<\/script>\n<!-- \/ Yoast SEO plugin. -->","yoast_head_json":{"title":"Resoluci\u00f3n 47 enero 29 de 2021 Municipio de Bucaramanga - Modificado calendario Reteica - Contadores P\u00fablicos","robots":{"index":"index","follow":"follow","max-snippet":"max-snippet:-1","max-image-preview":"max-image-preview:large","max-video-preview":"max-video-preview:-1"},"canonical":"https:\/\/contadoreshoy.com\/?p=13110","og_locale":"es_ES","og_type":"article","og_title":"Resoluci\u00f3n 47 enero 29 de 2021 Municipio de Bucaramanga - Modificado calendario Reteica - Contadores P\u00fablicos","og_description":"&nbsp; La Resoluci\u00f3n 47 de enero 29 de 2021 modifica parcialmente la Resoluci\u00f3n 3171 de diciembre 30 de 2020, en relaci\u00f3n con las fechas l\u00edmites de presentaci\u00f3n de las declaraciones&#46;&#46;&#46;","og_url":"https:\/\/contadoreshoy.com\/?p=13110","og_site_name":"Contadores P\u00fablicos","article_publisher":"https:\/\/www.facebook.com\/CCCPBucaramanga\/","article_published_time":"2021-02-04T02:33:30+00:00","og_image":[{"width":1240,"height":697,"url":"https:\/\/contadoreshoy.com\/wp-content\/uploads\/2021\/02\/Modifcaci\u00f3n-calendario-retenciones-Bucaramanga-2021-1240x697.png","type":"image\/png"}],"author":"Miguel Antonio M\u00e1rquez Monta\u00f1ez","twitter_card":"summary_large_image","twitter_misc":{"Escrito por":"Miguel Antonio M\u00e1rquez Monta\u00f1ez","Tiempo de lectura":"1 minuto"},"schema":{"@context":"https:\/\/schema.org","@graph":[{"@type":"Article","@id":"https:\/\/contadoreshoy.com\/?p=13110#article","isPartOf":{"@id":"https:\/\/contadoreshoy.com\/?p=13110"},"author":{"name":"Miguel Antonio M\u00e1rquez Monta\u00f1ez","@id":"https:\/\/contadoreshoy.com\/#\/schema\/person\/96d8979cb865537c5dc9345e40089fc5"},"headline":"Resoluci\u00f3n 47 enero 29 de 2021 Municipio de Bucaramanga &#8211; Modificado calendario Reteica","datePublished":"2021-02-04T02:33:30+00:00","mainEntityOfPage":{"@id":"https:\/\/contadoreshoy.com\/?p=13110"},"wordCount":130,"commentCount":0,"publisher":{"@id":"https:\/\/contadoreshoy.com\/#organization"},"image":{"@id":"https:\/\/contadoreshoy.com\/?p=13110#primaryimage"},"thumbnailUrl":"https:\/\/contadoreshoy.com\/wp-content\/uploads\/2021\/02\/Modifcaci\u00f3n-calendario-retenciones-Bucaramanga-2021.png","articleSection":{"1":"Uncategorized"},"inLanguage":"es","potentialAction":[{"@type":"CommentAction","name":"Comment","target":["https:\/\/contadoreshoy.com\/?p=13110#respond"]}]},{"@type":"WebPage","@id":"https:\/\/contadoreshoy.com\/?p=13110","url":"https:\/\/contadoreshoy.com\/?p=13110","name":"Resoluci\u00f3n 47 enero 29 de 2021 Municipio de Bucaramanga - Modificado calendario Reteica - Contadores P\u00fablicos","isPartOf":{"@id":"https:\/\/contadoreshoy.com\/#website"},"primaryImageOfPage":{"@id":"https:\/\/contadoreshoy.com\/?p=13110#primaryimage"},"image":{"@id":"https:\/\/contadoreshoy.com\/?p=13110#primaryimage"},"thumbnailUrl":"https:\/\/contadoreshoy.com\/wp-content\/uploads\/2021\/02\/Modifcaci\u00f3n-calendario-retenciones-Bucaramanga-2021.png","datePublished":"2021-02-04T02:33:30+00:00","breadcrumb":{"@id":"https:\/\/contadoreshoy.com\/?p=13110#breadcrumb"},"inLanguage":"es","potentialAction":[{"@type":"ReadAction","target":["https:\/\/contadoreshoy.com\/?p=13110"]}]},{"@type":"ImageObject","inLanguage":"es","@id":"https:\/\/contadoreshoy.com\/?p=13110#primaryimage","url":"https:\/\/contadoreshoy.com\/wp-content\/uploads\/2021\/02\/Modifcaci\u00f3n-calendario-retenciones-Bucaramanga-2021.png","contentUrl":"https:\/\/contadoreshoy.com\/wp-content\/uploads\/2021\/02\/Modifcaci\u00f3n-calendario-retenciones-Bucaramanga-2021.png","width":2002,"height":1126},{"@type":"BreadcrumbList","@id":"https:\/\/contadoreshoy.com\/?p=13110#breadcrumb","itemListElement":[{"@type":"ListItem","position":1,"name":"Portada","item":"https:\/\/contadoreshoy.com\/"},{"@type":"ListItem","position":2,"name":"Resoluci\u00f3n 47 enero 29 de 2021 Municipio de Bucaramanga &#8211; Modificado calendario Reteica"}]},{"@type":"WebSite","@id":"https:\/\/contadoreshoy.com\/#website","url":"https:\/\/contadoreshoy.com\/","name":"Contadorespublicossantander","description":"Portal para Contadores P\u00fablicos y empresarios","publisher":{"@id":"https:\/\/contadoreshoy.com\/#organization"},"potentialAction":[{"@type":"SearchAction","target":{"@type":"EntryPoint","urlTemplate":"https:\/\/contadoreshoy.com\/?s={search_term_string}"},"query-input":{"@type":"PropertyValueSpecification","valueRequired":true,"valueName":"search_term_string"}}],"inLanguage":"es"},{"@type":"Organization","@id":"https:\/\/contadoreshoy.com\/#organization","name":"Contadores P\u00fablicos de Santander","url":"https:\/\/contadoreshoy.com\/","logo":{"@type":"ImageObject","inLanguage":"es","@id":"https:\/\/contadoreshoy.com\/#\/schema\/logo\/image\/","url":"https:\/\/contadoreshoy.com\/wp-content\/uploads\/2024\/01\/cropped-cropped-Copia-de-M-1.jpg","contentUrl":"https:\/\/contadoreshoy.com\/wp-content\/uploads\/2024\/01\/cropped-cropped-Copia-de-M-1.jpg","width":499,"height":500,"caption":"Contadores P\u00fablicos de Santander"},"image":{"@id":"https:\/\/contadoreshoy.com\/#\/schema\/logo\/image\/"},"sameAs":["https:\/\/www.facebook.com\/CCCPBucaramanga\/"]},{"@type":"Person","@id":"https:\/\/contadoreshoy.com\/#\/schema\/person\/96d8979cb865537c5dc9345e40089fc5","name":"Miguel Antonio M\u00e1rquez Monta\u00f1ez","description":"Contador P\u00fablico egresado de la Universidad Aut\u00f3noma de Bucaramanga - Asesor contable tributario con m\u00e1s de 25 a\u00f1os de experiencia - Conferencista en temas contables y tributarios - T\u00e9cnico en Hardware y Dise\u00f1o Web - Creador y director Grupo de Estudio Colegio Colombiano de Contadores P\u00fablicos de Bucaramanga - Creador y Master Web p\u00e1gina www.contadoresp\u00fablicossantander.com - Expresidente Colegio Colombiano de Contadores P\u00fablicos Bucaramanga","url":"https:\/\/contadoreshoy.com\/?author=1"}]}},"_links":{"self":[{"href":"https:\/\/contadoreshoy.com\/index.php?rest_route=\/wp\/v2\/posts\/13110","targetHints":{"allow":["GET"]}}],"collection":[{"href":"https:\/\/contadoreshoy.com\/index.php?rest_route=\/wp\/v2\/posts"}],"about":[{"href":"https:\/\/contadoreshoy.com\/index.php?rest_route=\/wp\/v2\/types\/post"}],"author":[{"embeddable":true,"href":"https:\/\/contadoreshoy.com\/index.php?rest_route=\/wp\/v2\/users\/1"}],"replies":[{"embeddable":true,"href":"https:\/\/contadoreshoy.com\/index.php?rest_route=%2Fwp%2Fv2%2Fcomments&post=13110"}],"version-history":[{"count":1,"href":"https:\/\/contadoreshoy.com\/index.php?rest_route=\/wp\/v2\/posts\/13110\/revisions"}],"predecessor-version":[{"id":13112,"href":"https:\/\/contadoreshoy.com\/index.php?rest_route=\/wp\/v2\/posts\/13110\/revisions\/13112"}],"wp:featuredmedia":[{"embeddable":true,"href":"https:\/\/contadoreshoy.com\/index.php?rest_route=\/wp\/v2\/media\/13111"}],"wp:attachment":[{"href":"https:\/\/contadoreshoy.com\/index.php?rest_route=%2Fwp%2Fv2%2Fmedia&parent=13110"}],"wp:term":[{"taxonomy":"category","embeddable":true,"href":"https:\/\/contadoreshoy.com\/index.php?rest_route=%2Fwp%2Fv2%2Fcategories&post=13110"},{"taxonomy":"post_tag","embeddable":true,"href":"https:\/\/contadoreshoy.com\/index.php?rest_route=%2Fwp%2Fv2%2Ftags&post=13110"}],"curies":[{"name":"wp","href":"https:\/\/api.w.org\/{rel}","templated":true}]}}