{"id":13157,"date":"2021-03-13T00:43:41","date_gmt":"2021-03-13T05:43:41","guid":{"rendered":"https:\/\/contadoreshoy.com\/?p=13157"},"modified":"2021-03-13T00:50:13","modified_gmt":"2021-03-13T05:50:13","slug":"decreto-38-marzo-11-2021-municipio-bucaramanga-autorretenedores-industria-comercio","status":"publish","type":"post","link":"https:\/\/contadoreshoy.com\/?p=13157","title":{"rendered":"Decreto 38 de marzo 11 de 2021 Municipio de Bucaramanga &#8211; Autorretenedores de industria y comercio"},"content":{"rendered":"<p><img loading=\"lazy\" decoding=\"async\" class=\"aligncenter wp-image-13162 size-large\" src=\"https:\/\/contadoreshoy.com\/wp-content\/uploads\/2021\/03\/Imagen1-1240x698.png\" alt=\"\" width=\"1240\" height=\"698\" srcset=\"https:\/\/contadoreshoy.com\/wp-content\/uploads\/2021\/03\/Imagen1-1240x698.png 1240w, https:\/\/contadoreshoy.com\/wp-content\/uploads\/2021\/03\/Imagen1-600x338.png 600w, https:\/\/contadoreshoy.com\/wp-content\/uploads\/2021\/03\/Imagen1-768x432.png 768w, https:\/\/contadoreshoy.com\/wp-content\/uploads\/2021\/03\/Imagen1-2000x1125.png 2000w, https:\/\/contadoreshoy.com\/wp-content\/uploads\/2021\/03\/Imagen1.png 2001w\" sizes=\"auto, (max-width: 1240px) 100vw, 1240px\" \/><\/p>\n<p style=\"text-align: justify;\"><a href=\"https:\/\/contadoreshoy.com\/wp-content\/uploads\/2021\/03\/DECRETO-0038-DE-2021.pdf\" target=\"_blank\" rel=\"noopener\"><strong><span style=\"color: #000000;\">Aspectos relevantes del Decreto 38 de marzo 11 de 2021 alcald\u00eda de Bucaramanga, por medio del cual se reglamenta el acuerdo Municipal 033 de 2020.<\/span><\/strong><\/a><\/p>\n<p style=\"text-align: justify;\"><span style=\"color: #0000ff;\"><strong>\u00bfQui\u00e9nes son agentes auto-retenedores del impuesto de industria y comercio en el Municipio de Bucaramanga?<\/strong><\/span><\/p>\n<ol style=\"text-align: justify;\">\n<li><strong><span style=\"color: #000000;\">los contribuyentes que pertenecen al r\u00e9gimen com\u00fan del impuesto de industria y comercio, de acuerdo al art\u00edculo 42 del acuerdo 33 de 2020.<\/span><\/strong><\/li>\n<li><strong><span style=\"color: #000000;\">Los contribuyentes que tengan ingresos superiores a 80.000 UVT, y los que mediante resoluci\u00f3n determine la Secretar\u00eda de Hacienda.<\/span><\/strong><\/li>\n<\/ol>\n<p style=\"text-align: justify;\"><strong><span style=\"color: #000000;\">Pertenecen al r\u00e9gimen com\u00fan en el municipio de Bucaramanga, los contribuyentes que no cumplan los requisitos para pertenecer al r\u00e9gimen preferencial, y que en el a\u00f1o anterior sus ingresos brutos totales provenientes de la actividad sean inferiores a 80.000 UVT.<\/span><\/strong><\/p>\n<p style=\"text-align: justify;\"><span style=\"color: #0000ff;\"><strong>\u00bfCu\u00e1l es el per\u00edodo de declaraci\u00f3n y pago de los auto-retenedores?<\/strong><\/span><\/p>\n<p style=\"text-align: justify;\"><strong><span style=\"color: #000000;\">Las auto-retenciones de los contribuyentes pertenecientes al r\u00e9gimen com\u00fan del impuesto de industria y comercio, se deber\u00e1n declarar y pagar en los siguientes per\u00edodos:<\/span><\/strong><\/p>\n<table style=\"width: 708px;\">\n<tbody>\n<tr style=\"height: 47px;\">\n<td style=\"width: 370px; text-align: center; height: 47px;\"><strong><span style=\"color: #000000;\">INGRESOS BRUTOS TOTALES DEL A\u00d1O ANTERIOR<\/span><\/strong><\/td>\n<td style=\"width: 342px; text-align: center; height: 47px;\"><strong><span style=\"color: #000000;\">PERIODICIDAD DE LAS AUTORETENCIONES<\/span><\/strong><\/td>\n<\/tr>\n<tr style=\"height: 24px;\">\n<td style=\"width: 370px; height: 24px; text-align: center;\"><strong><span style=\"color: #000000;\">Mayor a 300 UVT y hasta 5.000<\/span><\/strong><\/td>\n<td style=\"width: 342px; text-align: center; height: 24px;\"><strong><span style=\"color: #000000;\">Trimestral<\/span><\/strong><\/td>\n<\/tr>\n<tr style=\"height: 24px;\">\n<td style=\"width: 370px; height: 24px; text-align: center;\"><strong><span style=\"color: #000000;\">Mayor a 5.000 UVT<\/span><\/strong><\/td>\n<td style=\"width: 342px; text-align: center; height: 24px;\"><strong><span style=\"color: #000000;\">Mensual<\/span><\/strong><\/td>\n<\/tr>\n<\/tbody>\n<\/table>\n<p style=\"text-align: justify;\"><strong><span style=\"color: #000000;\">Las auto-retenciones de los grandes contribuyentes del impuesto de industria y comercio, se deber\u00e1n declarar y pagar en per\u00edodos mensuales.<\/span><\/strong><\/p>\n<p style=\"text-align: justify;\"><span style=\"color: #0000ff;\"><strong>\u00bfC\u00f3mo se imputan las retenciones y auto-retenciones practicadas en la declaraci\u00f3n mensual o trimestral?<\/strong><\/span><\/p>\n<p style=\"text-align: justify;\"><strong><span style=\"color: #000000;\">Seg\u00fan el art\u00edculo 3. del Decreto 38 de 2021, los contribuyentes del r\u00e9gimen com\u00fan y grandes contribuyentes del impuesto de industria y comercio, en la declaraci\u00f3n de retenciones y auto-retenciones, descontar\u00e1n de las auto-retenciones liquidadas en cada per\u00edodo, las retenciones que les hubiesen practicado.<\/span><\/strong><\/p>\n<p style=\"text-align: justify;\"><strong><span style=\"color: #000000;\">En los casos en que el saldo a cargo por auto-retenciones del per\u00edodo no fuere suficiente para imputar la totalidad de las retenciones que le fueron practicadas, podr\u00e1n imputarlas en los per\u00edodos inmediatamente siguientes, sin que superen el a\u00f1o gravable al cual pertenecen por imputaci\u00f3n los pagos anticipados.<\/span><\/strong><\/p>\n<p style=\"text-align: justify;\"><strong><span style=\"color: #000000;\">De no alcanzar a imputar la totalidad de las retenciones, en las auto-retenciones practicadas durante el a\u00f1o, ser\u00e1 imputado en la declaraci\u00f3n anual del impuesto de industria y comercio a la que corresponda esa retenci\u00f3n.<\/span><\/strong><\/p>\n<p style=\"text-align: justify;\"><strong><span style=\"color: #000000;\">En ning\u00fan caso las declaraciones de auto-retenciones arrojar\u00e1n saldos a favor.<\/span><\/strong><\/p>\n<p style=\"text-align: justify;\"><span style=\"color: #0000ff;\"><strong>\u00bfSi soy responsable del r\u00e9gimen com\u00fan del impuesto de industria y comercio, y soy responsable del IVA, pero no en todas mis operaciones, soy retenedor en la fuente del impuesto de industria y comercio?<\/strong><\/span><\/p>\n<p style=\"text-align: justify;\"><strong><span style=\"color: #000000;\">Seg\u00fan el literal e) del art\u00edculo 45 del Acuerdo 33 de 2020, y el literal e) del art\u00edculo 6 del Decreto 38 de 2021 para ser retenedor en la fuente en el impuesto de industria y comercio, por parte de los responsables del r\u00e9gimen com\u00fan del impuesto de industria y comercio, deben ser responsables del IVA en todas sus operaciones.<\/span><\/strong><\/p>\n<p style=\"text-align: justify;\"><span style=\"color: #0000ff;\"><strong>\u00bfQui\u00e9nes no deben practicar retenci\u00f3n en la fuente a t\u00edtulo del impuesto de industria y comercio?<\/strong><\/span><\/p>\n<ol style=\"text-align: justify;\">\n<li><strong><span style=\"color: #000000;\">Los contribuyentes del r\u00e9gimen preferencial<\/span><\/strong><\/li>\n<li><strong><span style=\"color: #000000;\">Los contribuyentes del impuesto unificado bajo el r\u00e9gimen simple de tributaci\u00f3n &#8211; SIMPLE<\/span><\/strong><\/li>\n<\/ol>\n<p style=\"text-align: justify;\"><span style=\"color: #0000ff;\"><strong>\u00bfEn cuales casos no se practica retenci\u00f3n en la fuente a t\u00edtulo del impuesto de industria y comercio?<\/strong><\/span><\/p>\n<ol style=\"text-align: justify;\">\n<li><strong><span style=\"color: #000000;\">En los pagos o abonos en cuenta que se efect\u00faen a los no contribuyentes del impuesto de industria y comercio.<\/span><\/strong><\/li>\n<li><strong><span style=\"color: #000000;\">En los pagos o abonos en cuenta correspondientes a actividades no sujetas o exentas.<\/span><\/strong><\/li>\n<li><strong><span style=\"color: #000000;\">En los pagos o abonos en cuenta a contribuyentes del impuesto de industria y comercio del municipio de Bucaramanga que tengan la calidad de grandes contribuyentes, excepto cuando sean fideicomitentes o beneficiarios de un patrimonio aut\u00f3nomo.<\/span><\/strong><\/li>\n<li><strong><span style=\"color: #000000;\">En los pagos por servicios p\u00fablicos.<\/span><\/strong><\/li>\n<li><strong><span style=\"color: #000000;\">En los pagos o abonos en cuenta a contribuyentes del impuesto unificado bajo el r\u00e9gimen simple de tributaci\u00f3n &#8211; SIMPLE<\/span><\/strong><\/li>\n<\/ol>\n<p style=\"text-align: justify;\"><span style=\"color: #0000ff;\"><strong>\u00bfCu\u00e1les son las bases para efectuar retenci\u00f3n en la fuente en el impuesto de industria y comercio de Bucaramanga?<\/strong><\/span><\/p>\n<ol style=\"text-align: justify;\">\n<li><strong><span style=\"color: #000000;\">En la compra de bienes muebles 25 UVT<\/span><\/strong><\/li>\n<li><strong><span style=\"color: #000000;\">En la compra de servicios 10 UVT<\/span><\/strong><\/li>\n<\/ol>\n<p style=\"text-align: justify;\"><strong><span style=\"color: #000000;\">Con el fin de facilitar el manejo administrativo de las retenciones, los agentes retenedores podr\u00e1n optar por efectuar retenciones sobre pagos o abonos cuyas cuant\u00edas sean inferiores a las cuant\u00edas m\u00ednimas establecidas.<\/span><\/strong><\/p>\n<p><strong><span style=\"color: #0000ff;\">Por aclarar:<\/span><\/strong><\/p>\n<p style=\"text-align: justify;\"><strong><span style=\"color: #000000;\">El punto que merece una aclaraci\u00f3n por parte de la Alcald\u00eda de Bucaramanga, es que si a los auto-retenedores del impuesto de industria y comercio que no sean grandes contribuyentes del impuesto de industria y comercio, hay que efectuarles retenci\u00f3n de industria y comercio. La esencia principal del auto-retenedor es que no le deben hacer retenci\u00f3n en la fuente, pero el Decreto 38 de 2021 parece establecer lo contrario. Estaremos pendientes de aclarar este punto con la secretar\u00eda de hacienda del Municipio de Bucaramanga.<\/span><\/strong><\/p>\n<p style=\"text-align: justify;\"><span style=\"color: #0000ff;\"><a href=\"https:\/\/contadoreshoy.com\/wp-content\/uploads\/2021\/03\/DECRETO-0038-DE-2021.pdf\" target=\"_blank\" rel=\"noopener\"><strong>Para descargar Decreto 38 de marzo 11 de 2021 de la Alcald\u00eda de Bucaramanga, dar clic en este enlace.<\/strong><\/a><\/span><\/p>\n<p>&nbsp;<\/p>\n","protected":false},"excerpt":{"rendered":"<p>Aspectos relevantes del Decreto 38 de marzo 11 de 2021 alcald\u00eda de Bucaramanga, por medio del cual se reglamenta el acuerdo Municipal 033 de 2020. \u00bfQui\u00e9nes son agentes auto-retenedores del&#46;&#46;&#46;<\/p>\n","protected":false},"author":1,"featured_media":13162,"comment_status":"open","ping_status":"open","sticky":false,"template":"","format":"standard","meta":{"_monsterinsights_skip_tracking":false,"ngg_post_thumbnail":0,"footnotes":"","_links_to":"","_links_to_target":""},"categories":[454,458,1],"tags":[],"class_list":["post-13157","post","type-post","status-publish","format-standard","has-post-thumbnail","hentry","category-sin-categoria","category-ultimas","category-uncategorized"],"aioseo_notices":[],"aioseo_head":"\n\t\t<!-- All in One SEO 5.0.1.1 - aioseo.com -->\n\t<meta name=\"description\" content=\"Aspectos relevantes del Decreto 38 de marzo 11 de 2021 alcald\u00eda de Bucaramanga, por medio del cual se reglamenta el acuerdo Municipal 033 de 2020. \u00bfQui\u00e9nes son agentes auto-retenedores del impuesto de industria y comercio en el Municipio de Bucaramanga? los contribuyentes que pertenecen al r\u00e9gimen com\u00fan del impuesto de industria y comercio, de acuerdo\" \/>\n\t<meta name=\"robots\" content=\"max-image-preview:large\" \/>\n\t<meta name=\"author\" content=\"Miguel Antonio M\u00e1rquez Monta\u00f1ez\"\/>\n\t<link rel=\"canonical\" href=\"https:\/\/contadoreshoy.com\/?p=13157\" \/>\n\t<meta name=\"generator\" content=\"All in One SEO (AIOSEO) 5.0.1.1\" \/>\n\t\t<meta property=\"og:locale\" content=\"es_ES\" \/>\n\t\t<meta property=\"og:site_name\" content=\"Contadores P\u00fablicos - Portal para Contadores P\u00fablicos y empresarios\" \/>\n\t\t<meta property=\"og:type\" content=\"article\" \/>\n\t\t<meta property=\"og:title\" content=\"Decreto 38 de marzo 11 de 2021 Municipio de Bucaramanga \u2013 Autorretenedores de industria y comercio - Contadores P\u00fablicos\" \/>\n\t\t<meta property=\"og:description\" content=\"Aspectos relevantes del Decreto 38 de marzo 11 de 2021 alcald\u00eda de Bucaramanga, por medio del cual se reglamenta el acuerdo Municipal 033 de 2020. \u00bfQui\u00e9nes son agentes auto-retenedores del impuesto de industria y comercio en el Municipio de Bucaramanga? los contribuyentes que pertenecen al r\u00e9gimen com\u00fan del impuesto de industria y comercio, de acuerdo\" \/>\n\t\t<meta property=\"og:url\" content=\"https:\/\/contadoreshoy.com\/?p=13157\" \/>\n\t\t<meta property=\"og:image\" content=\"https:\/\/contadoreshoy.com\/wp-content\/uploads\/2024\/01\/cropped-cropped-cropped-Copia-de-M.jpg\" \/>\n\t\t<meta property=\"og:image:secure_url\" content=\"https:\/\/contadoreshoy.com\/wp-content\/uploads\/2024\/01\/cropped-cropped-cropped-Copia-de-M.jpg\" \/>\n\t\t<meta property=\"og:image:width\" content=\"512\" \/>\n\t\t<meta property=\"og:image:height\" content=\"371\" \/>\n\t\t<meta property=\"article:published_time\" content=\"2021-03-13T05:43:41+00:00\" \/>\n\t\t<meta property=\"article:modified_time\" content=\"2021-03-13T05:50:13+00:00\" \/>\n\t\t<meta name=\"twitter:card\" content=\"summary_large_image\" \/>\n\t\t<meta name=\"twitter:title\" content=\"Decreto 38 de marzo 11 de 2021 Municipio de Bucaramanga \u2013 Autorretenedores de industria y comercio - Contadores P\u00fablicos\" \/>\n\t\t<meta name=\"twitter:description\" content=\"Aspectos relevantes del Decreto 38 de marzo 11 de 2021 alcald\u00eda de Bucaramanga, por medio del cual se reglamenta el acuerdo Municipal 033 de 2020. \u00bfQui\u00e9nes son agentes auto-retenedores del impuesto de industria y comercio en el Municipio de Bucaramanga? los contribuyentes que pertenecen al r\u00e9gimen com\u00fan del impuesto de industria y comercio, de acuerdo\" \/>\n\t\t<meta name=\"twitter:image\" content=\"https:\/\/contadoreshoy.com\/wp-content\/uploads\/2024\/01\/cropped-cropped-cropped-Copia-de-M.jpg\" \/>\n\t\t<script type=\"application\/ld+json\" class=\"aioseo-schema\">\n\t\t\t{\"@context\":\"https:\\\/\\\/schema.org\",\"@graph\":[{\"@type\":\"BlogPosting\",\"@id\":\"https:\\\/\\\/contadoreshoy.com\\\/?p=13157#blogposting\",\"name\":\"Decreto 38 de marzo 11 de 2021 Municipio de Bucaramanga \\u2013 Autorretenedores de industria y comercio - Contadores P\\u00fablicos\",\"headline\":\"Decreto 38 de marzo 11 de 2021 Municipio de Bucaramanga &#8211; Autorretenedores de industria y comercio\",\"author\":{\"@id\":\"https:\\\/\\\/contadoreshoy.com\\\/?author=1#author\"},\"publisher\":{\"@id\":\"https:\\\/\\\/contadoreshoy.com\\\/#organization\"},\"image\":{\"@type\":\"ImageObject\",\"url\":\"https:\\\/\\\/contadoreshoy.com\\\/wp-content\\\/uploads\\\/2021\\\/03\\\/Imagen1.png\",\"width\":2001,\"height\":1126},\"datePublished\":\"2021-03-13T00:43:41-05:00\",\"dateModified\":\"2021-03-13T00:50:13-05:00\",\"inLanguage\":\"es-ES\",\"mainEntityOfPage\":{\"@id\":\"https:\\\/\\\/contadoreshoy.com\\\/?p=13157#webpage\"},\"isPartOf\":{\"@id\":\"https:\\\/\\\/contadoreshoy.com\\\/?p=13157#webpage\"},\"articleSection\":\"Sin categor\\u00eda, Ultimas Noticias, Uncategorized\"},{\"@type\":\"BreadcrumbList\",\"@id\":\"https:\\\/\\\/contadoreshoy.com\\\/?p=13157#breadcrumblist\",\"itemListElement\":[{\"@type\":\"ListItem\",\"@id\":\"https:\\\/\\\/contadoreshoy.com#listItem\",\"position\":1,\"name\":\"Home\",\"item\":\"https:\\\/\\\/contadoreshoy.com\",\"nextItem\":{\"@type\":\"ListItem\",\"@id\":\"https:\\\/\\\/contadoreshoy.com\\\/?cat=1#listItem\",\"name\":\"Uncategorized\"}},{\"@type\":\"ListItem\",\"@id\":\"https:\\\/\\\/contadoreshoy.com\\\/?cat=1#listItem\",\"position\":2,\"name\":\"Uncategorized\",\"item\":\"https:\\\/\\\/contadoreshoy.com\\\/?cat=1\",\"nextItem\":{\"@type\":\"ListItem\",\"@id\":\"https:\\\/\\\/contadoreshoy.com\\\/?p=13157#listItem\",\"name\":\"Decreto 38 de marzo 11 de 2021 Municipio de Bucaramanga &#8211; Autorretenedores de industria y comercio\"},\"previousItem\":{\"@type\":\"ListItem\",\"@id\":\"https:\\\/\\\/contadoreshoy.com#listItem\",\"name\":\"Home\"}},{\"@type\":\"ListItem\",\"@id\":\"https:\\\/\\\/contadoreshoy.com\\\/?p=13157#listItem\",\"position\":3,\"name\":\"Decreto 38 de marzo 11 de 2021 Municipio de Bucaramanga &#8211; Autorretenedores de industria y comercio\",\"previousItem\":{\"@type\":\"ListItem\",\"@id\":\"https:\\\/\\\/contadoreshoy.com\\\/?cat=1#listItem\",\"name\":\"Uncategorized\"}}]},{\"@type\":\"Organization\",\"@id\":\"https:\\\/\\\/contadoreshoy.com\\\/#organization\",\"name\":\"Contadores P\\u00fablicos\",\"description\":\"Portal para Contadores P\\u00fablicos y empresarios\",\"url\":\"https:\\\/\\\/contadoreshoy.com\\\/\",\"logo\":{\"@type\":\"ImageObject\",\"url\":\"https:\\\/\\\/contadoreshoy.com\\\/wp-content\\\/uploads\\\/2024\\\/01\\\/cropped-cropped-Copia-de-M-1.jpg\",\"@id\":\"https:\\\/\\\/contadoreshoy.com\\\/?p=13157\\\/#organizationLogo\",\"width\":499,\"height\":500},\"image\":{\"@id\":\"https:\\\/\\\/contadoreshoy.com\\\/?p=13157\\\/#organizationLogo\"}},{\"@type\":\"Person\",\"@id\":\"https:\\\/\\\/contadoreshoy.com\\\/?author=1#author\",\"url\":\"https:\\\/\\\/contadoreshoy.com\\\/?author=1\",\"name\":\"Miguel Antonio M\\u00e1rquez Monta\\u00f1ez\"},{\"@type\":\"WebPage\",\"@id\":\"https:\\\/\\\/contadoreshoy.com\\\/?p=13157#webpage\",\"url\":\"https:\\\/\\\/contadoreshoy.com\\\/?p=13157\",\"name\":\"Decreto 38 de marzo 11 de 2021 Municipio de Bucaramanga \\u2013 Autorretenedores de industria y comercio - Contadores P\\u00fablicos\",\"description\":\"Aspectos relevantes del Decreto 38 de marzo 11 de 2021 alcald\\u00eda de Bucaramanga, por medio del cual se reglamenta el acuerdo Municipal 033 de 2020. \\u00bfQui\\u00e9nes son agentes auto-retenedores del impuesto de industria y comercio en el Municipio de Bucaramanga? los contribuyentes que pertenecen al r\\u00e9gimen com\\u00fan del impuesto de industria y comercio, de acuerdo\",\"inLanguage\":\"es-ES\",\"isPartOf\":{\"@id\":\"https:\\\/\\\/contadoreshoy.com\\\/#website\"},\"breadcrumb\":{\"@id\":\"https:\\\/\\\/contadoreshoy.com\\\/?p=13157#breadcrumblist\"},\"author\":{\"@id\":\"https:\\\/\\\/contadoreshoy.com\\\/?author=1#author\"},\"creator\":{\"@id\":\"https:\\\/\\\/contadoreshoy.com\\\/?author=1#author\"},\"image\":{\"@type\":\"ImageObject\",\"url\":\"https:\\\/\\\/contadoreshoy.com\\\/wp-content\\\/uploads\\\/2021\\\/03\\\/Imagen1.png\",\"@id\":\"https:\\\/\\\/contadoreshoy.com\\\/?p=13157\\\/#mainImage\",\"width\":2001,\"height\":1126},\"primaryImageOfPage\":{\"@id\":\"https:\\\/\\\/contadoreshoy.com\\\/?p=13157#mainImage\"},\"datePublished\":\"2021-03-13T00:43:41-05:00\",\"dateModified\":\"2021-03-13T00:50:13-05:00\"},{\"@type\":\"WebSite\",\"@id\":\"https:\\\/\\\/contadoreshoy.com\\\/#website\",\"url\":\"https:\\\/\\\/contadoreshoy.com\\\/\",\"name\":\"Contadores P\\u00fablicos\",\"description\":\"Portal para Contadores P\\u00fablicos y empresarios\",\"inLanguage\":\"es-ES\",\"publisher\":{\"@id\":\"https:\\\/\\\/contadoreshoy.com\\\/#organization\"}}]}\n\t\t<\/script>\n\t\t<!-- All in One SEO -->\n\n","aioseo_head_json":{"title":"Decreto 38 de marzo 11 de 2021 Municipio de Bucaramanga \u2013 Autorretenedores de industria y comercio - Contadores P\u00fablicos","description":"Aspectos relevantes del Decreto 38 de marzo 11 de 2021 alcald\u00eda de Bucaramanga, por medio del cual se reglamenta el acuerdo Municipal 033 de 2020. \u00bfQui\u00e9nes son agentes auto-retenedores del impuesto de industria y comercio en el Municipio de Bucaramanga? los contribuyentes que pertenecen al r\u00e9gimen com\u00fan del impuesto de industria y comercio, de acuerdo","canonical_url":"https:\/\/contadoreshoy.com\/?p=13157","robots":"max-image-preview:large","keywords":"","webmasterTools":{"miscellaneous":""},"schema":{"@context":"https:\/\/schema.org","@graph":[{"@type":"BlogPosting","@id":"https:\/\/contadoreshoy.com\/?p=13157#blogposting","name":"Decreto 38 de marzo 11 de 2021 Municipio de Bucaramanga \u2013 Autorretenedores de industria y comercio - Contadores P\u00fablicos","headline":"Decreto 38 de marzo 11 de 2021 Municipio de Bucaramanga &#8211; Autorretenedores de industria y comercio","author":{"@id":"https:\/\/contadoreshoy.com\/?author=1#author"},"publisher":{"@id":"https:\/\/contadoreshoy.com\/#organization"},"image":{"@type":"ImageObject","url":"https:\/\/contadoreshoy.com\/wp-content\/uploads\/2021\/03\/Imagen1.png","width":2001,"height":1126},"datePublished":"2021-03-13T00:43:41-05:00","dateModified":"2021-03-13T00:50:13-05:00","inLanguage":"es-ES","mainEntityOfPage":{"@id":"https:\/\/contadoreshoy.com\/?p=13157#webpage"},"isPartOf":{"@id":"https:\/\/contadoreshoy.com\/?p=13157#webpage"},"articleSection":"Sin categor\u00eda, Ultimas Noticias, Uncategorized"},{"@type":"BreadcrumbList","@id":"https:\/\/contadoreshoy.com\/?p=13157#breadcrumblist","itemListElement":[{"@type":"ListItem","@id":"https:\/\/contadoreshoy.com#listItem","position":1,"name":"Home","item":"https:\/\/contadoreshoy.com","nextItem":{"@type":"ListItem","@id":"https:\/\/contadoreshoy.com\/?cat=1#listItem","name":"Uncategorized"}},{"@type":"ListItem","@id":"https:\/\/contadoreshoy.com\/?cat=1#listItem","position":2,"name":"Uncategorized","item":"https:\/\/contadoreshoy.com\/?cat=1","nextItem":{"@type":"ListItem","@id":"https:\/\/contadoreshoy.com\/?p=13157#listItem","name":"Decreto 38 de marzo 11 de 2021 Municipio de Bucaramanga &#8211; Autorretenedores de industria y comercio"},"previousItem":{"@type":"ListItem","@id":"https:\/\/contadoreshoy.com#listItem","name":"Home"}},{"@type":"ListItem","@id":"https:\/\/contadoreshoy.com\/?p=13157#listItem","position":3,"name":"Decreto 38 de marzo 11 de 2021 Municipio de Bucaramanga &#8211; Autorretenedores de industria y comercio","previousItem":{"@type":"ListItem","@id":"https:\/\/contadoreshoy.com\/?cat=1#listItem","name":"Uncategorized"}}]},{"@type":"Organization","@id":"https:\/\/contadoreshoy.com\/#organization","name":"Contadores P\u00fablicos","description":"Portal para Contadores P\u00fablicos y empresarios","url":"https:\/\/contadoreshoy.com\/","logo":{"@type":"ImageObject","url":"https:\/\/contadoreshoy.com\/wp-content\/uploads\/2024\/01\/cropped-cropped-Copia-de-M-1.jpg","@id":"https:\/\/contadoreshoy.com\/?p=13157\/#organizationLogo","width":499,"height":500},"image":{"@id":"https:\/\/contadoreshoy.com\/?p=13157\/#organizationLogo"}},{"@type":"Person","@id":"https:\/\/contadoreshoy.com\/?author=1#author","url":"https:\/\/contadoreshoy.com\/?author=1","name":"Miguel Antonio M\u00e1rquez Monta\u00f1ez"},{"@type":"WebPage","@id":"https:\/\/contadoreshoy.com\/?p=13157#webpage","url":"https:\/\/contadoreshoy.com\/?p=13157","name":"Decreto 38 de marzo 11 de 2021 Municipio de Bucaramanga \u2013 Autorretenedores de industria y comercio - Contadores P\u00fablicos","description":"Aspectos relevantes del Decreto 38 de marzo 11 de 2021 alcald\u00eda de Bucaramanga, por medio del cual se reglamenta el acuerdo Municipal 033 de 2020. \u00bfQui\u00e9nes son agentes auto-retenedores del impuesto de industria y comercio en el Municipio de Bucaramanga? los contribuyentes que pertenecen al r\u00e9gimen com\u00fan del impuesto de industria y comercio, de acuerdo","inLanguage":"es-ES","isPartOf":{"@id":"https:\/\/contadoreshoy.com\/#website"},"breadcrumb":{"@id":"https:\/\/contadoreshoy.com\/?p=13157#breadcrumblist"},"author":{"@id":"https:\/\/contadoreshoy.com\/?author=1#author"},"creator":{"@id":"https:\/\/contadoreshoy.com\/?author=1#author"},"image":{"@type":"ImageObject","url":"https:\/\/contadoreshoy.com\/wp-content\/uploads\/2021\/03\/Imagen1.png","@id":"https:\/\/contadoreshoy.com\/?p=13157\/#mainImage","width":2001,"height":1126},"primaryImageOfPage":{"@id":"https:\/\/contadoreshoy.com\/?p=13157#mainImage"},"datePublished":"2021-03-13T00:43:41-05:00","dateModified":"2021-03-13T00:50:13-05:00"},{"@type":"WebSite","@id":"https:\/\/contadoreshoy.com\/#website","url":"https:\/\/contadoreshoy.com\/","name":"Contadores P\u00fablicos","description":"Portal para Contadores P\u00fablicos y empresarios","inLanguage":"es-ES","publisher":{"@id":"https:\/\/contadoreshoy.com\/#organization"}}]},"og:locale":"es_ES","og:site_name":"Contadores P\u00fablicos - Portal para Contadores P\u00fablicos y empresarios","og:type":"article","og:title":"Decreto 38 de marzo 11 de 2021 Municipio de Bucaramanga \u2013 Autorretenedores de industria y comercio - Contadores P\u00fablicos","og:description":"Aspectos relevantes del Decreto 38 de marzo 11 de 2021 alcald\u00eda de Bucaramanga, por medio del cual se reglamenta el acuerdo Municipal 033 de 2020. \u00bfQui\u00e9nes son agentes auto-retenedores del impuesto de industria y comercio en el Municipio de Bucaramanga? los contribuyentes que pertenecen al r\u00e9gimen com\u00fan del impuesto de industria y comercio, de acuerdo","og:url":"https:\/\/contadoreshoy.com\/?p=13157","og:image":"https:\/\/contadoreshoy.com\/wp-content\/uploads\/2024\/01\/cropped-cropped-cropped-Copia-de-M.jpg","og:image:secure_url":"https:\/\/contadoreshoy.com\/wp-content\/uploads\/2024\/01\/cropped-cropped-cropped-Copia-de-M.jpg","og:image:width":512,"og:image:height":371,"article:published_time":"2021-03-13T05:43:41+00:00","article:modified_time":"2021-03-13T05:50:13+00:00","twitter:card":"summary_large_image","twitter:title":"Decreto 38 de marzo 11 de 2021 Municipio de Bucaramanga \u2013 Autorretenedores de industria y comercio - Contadores P\u00fablicos","twitter:description":"Aspectos relevantes del Decreto 38 de marzo 11 de 2021 alcald\u00eda de Bucaramanga, por medio del cual se reglamenta el acuerdo Municipal 033 de 2020. \u00bfQui\u00e9nes son agentes auto-retenedores del impuesto de industria y comercio en el Municipio de Bucaramanga? los contribuyentes que pertenecen al r\u00e9gimen com\u00fan del impuesto de industria y comercio, de acuerdo","twitter:image":"https:\/\/contadoreshoy.com\/wp-content\/uploads\/2024\/01\/cropped-cropped-cropped-Copia-de-M.jpg"},"aioseo_meta_data":{"post_id":"13157","title":null,"description":null,"keywords":null,"keyphrases":null,"primary_term":null,"canonical_url":null,"og_title":null,"og_description":null,"og_object_type":"default","og_image_type":"default","og_image_url":null,"og_image_width":null,"og_image_height":null,"og_image_custom_url":null,"og_image_custom_fields":null,"og_video":null,"og_custom_url":null,"og_article_section":null,"og_article_tags":null,"twitter_use_og":false,"twitter_card":"default","twitter_image_type":"default","twitter_image_url":null,"twitter_image_custom_url":null,"twitter_image_custom_fields":null,"twitter_title":null,"twitter_description":null,"schema":{"blockGraphs":[],"customGraphs":[],"default":{"data":{"Article":[],"Course":[],"Dataset":[],"FAQPage":[],"Movie":[],"Person":[],"Product":[],"ProductReview":[],"Car":[],"Recipe":[],"Service":[],"SoftwareApplication":[],"WebPage":[]},"graphName":"","isEnabled":true},"graphs":[]},"schema_type":"default","schema_type_options":null,"pillar_content":false,"robots_default":true,"robots_noindex":false,"robots_noarchive":false,"robots_nosnippet":false,"robots_nofollow":false,"robots_noimageindex":false,"robots_noodp":false,"robots_notranslate":false,"robots_max_snippet":null,"robots_max_videopreview":null,"robots_max_imagepreview":"large","priority":null,"frequency":null,"local_seo":null,"breadcrumb_settings":null,"limit_modified_date":false,"ai":null,"created":"2024-03-05 02:30:48","updated":"2026-03-03 05:35:10","seo_analyzer_scan_date":null,"focus_keyword":null,"additional_keywords":null,"truseo_locale":null},"aioseo_breadcrumb":"<div class=\"aioseo-breadcrumbs\"><span class=\"aioseo-breadcrumb\">\n\t\t\t<a href=\"https:\/\/contadoreshoy.com\" title=\"Home\">Home<\/a>\n\t\t<\/span><span class=\"aioseo-breadcrumb-separator\">&raquo;<\/span><span class=\"aioseo-breadcrumb\">\n\t\t\t<a href=\"https:\/\/contadoreshoy.com\/?cat=1\" title=\"Uncategorized\">Uncategorized<\/a>\n\t\t<\/span><span class=\"aioseo-breadcrumb-separator\">&raquo;<\/span><span class=\"aioseo-breadcrumb\">\n\t\t\tDecreto 38 de marzo 11 de 2021 Municipio de Bucaramanga \u2013 Autorretenedores de industria y comercio\n\t\t<\/span><\/div>","aioseo_breadcrumb_json":[{"label":"Home","link":"https:\/\/contadoreshoy.com"},{"label":"Uncategorized","link":"https:\/\/contadoreshoy.com\/?cat=1"},{"label":"Decreto 38 de marzo 11 de 2021 Municipio de Bucaramanga &#8211; Autorretenedores de industria y comercio","link":"https:\/\/contadoreshoy.com\/?p=13157"}],"yoast_head":"<!-- This site is optimized with the Yoast SEO plugin v28.4 - https:\/\/yoast.com\/product\/yoast-seo-wordpress\/ -->\n<title>Decreto 38 de marzo 11 de 2021 Municipio de Bucaramanga - Autorretenedores de industria y comercio - Contadores P\u00fablicos<\/title>\n<meta name=\"robots\" content=\"index, follow, max-snippet:-1, max-image-preview:large, max-video-preview:-1\" \/>\n<link rel=\"canonical\" href=\"https:\/\/contadoreshoy.com\/?p=13157\" \/>\n<meta property=\"og:locale\" content=\"es_ES\" \/>\n<meta property=\"og:type\" content=\"article\" \/>\n<meta property=\"og:title\" content=\"Decreto 38 de marzo 11 de 2021 Municipio de Bucaramanga - Autorretenedores de industria y comercio - Contadores P\u00fablicos\" \/>\n<meta property=\"og:description\" content=\"Aspectos relevantes del Decreto 38 de marzo 11 de 2021 alcald\u00eda de Bucaramanga, por medio del cual se reglamenta el acuerdo Municipal 033 de 2020. \u00bfQui\u00e9nes son agentes auto-retenedores del&#046;&#046;&#046;\" \/>\n<meta property=\"og:url\" content=\"https:\/\/contadoreshoy.com\/?p=13157\" \/>\n<meta property=\"og:site_name\" content=\"Contadores P\u00fablicos\" \/>\n<meta property=\"article:publisher\" content=\"https:\/\/www.facebook.com\/CCCPBucaramanga\/\" \/>\n<meta property=\"article:published_time\" content=\"2021-03-13T05:43:41+00:00\" \/>\n<meta property=\"article:modified_time\" content=\"2021-03-13T05:50:13+00:00\" \/>\n<meta property=\"og:image\" content=\"https:\/\/contadoreshoy.com\/wp-content\/uploads\/2021\/03\/Imagen1-1240x698.png\" \/>\n\t<meta property=\"og:image:width\" content=\"1240\" \/>\n\t<meta property=\"og:image:height\" content=\"698\" \/>\n\t<meta property=\"og:image:type\" content=\"image\/png\" \/>\n<meta name=\"author\" content=\"Miguel Antonio M\u00e1rquez Monta\u00f1ez\" \/>\n<meta name=\"twitter:card\" content=\"summary_large_image\" \/>\n<meta name=\"twitter:label1\" content=\"Escrito por\" \/>\n\t<meta name=\"twitter:data1\" content=\"Miguel Antonio M\u00e1rquez Monta\u00f1ez\" \/>\n\t<meta name=\"twitter:label2\" content=\"Tiempo de lectura\" \/>\n\t<meta name=\"twitter:data2\" content=\"4 minutos\" \/>\n<script type=\"application\/ld+json\" class=\"yoast-schema-graph\">{\"@context\":\"https:\\\/\\\/schema.org\",\"@graph\":[{\"@type\":\"Article\",\"@id\":\"https:\\\/\\\/contadoreshoy.com\\\/?p=13157#article\",\"isPartOf\":{\"@id\":\"https:\\\/\\\/contadoreshoy.com\\\/?p=13157\"},\"author\":{\"name\":\"Miguel Antonio M\u00e1rquez Monta\u00f1ez\",\"@id\":\"https:\\\/\\\/contadoreshoy.com\\\/#\\\/schema\\\/person\\\/96d8979cb865537c5dc9345e40089fc5\"},\"headline\":\"Decreto 38 de marzo 11 de 2021 Municipio de Bucaramanga &#8211; Autorretenedores de industria y comercio\",\"datePublished\":\"2021-03-13T05:43:41+00:00\",\"dateModified\":\"2021-03-13T05:50:13+00:00\",\"mainEntityOfPage\":{\"@id\":\"https:\\\/\\\/contadoreshoy.com\\\/?p=13157\"},\"wordCount\":822,\"commentCount\":0,\"publisher\":{\"@id\":\"https:\\\/\\\/contadoreshoy.com\\\/#organization\"},\"image\":{\"@id\":\"https:\\\/\\\/contadoreshoy.com\\\/?p=13157#primaryimage\"},\"thumbnailUrl\":\"https:\\\/\\\/contadoreshoy.com\\\/wp-content\\\/uploads\\\/2021\\\/03\\\/Imagen1.png\",\"articleSection\":{\"1\":\"Ultimas Noticias\",\"2\":\"Uncategorized\"},\"inLanguage\":\"es\",\"potentialAction\":[{\"@type\":\"CommentAction\",\"name\":\"Comment\",\"target\":[\"https:\\\/\\\/contadoreshoy.com\\\/?p=13157#respond\"]}]},{\"@type\":\"WebPage\",\"@id\":\"https:\\\/\\\/contadoreshoy.com\\\/?p=13157\",\"url\":\"https:\\\/\\\/contadoreshoy.com\\\/?p=13157\",\"name\":\"Decreto 38 de marzo 11 de 2021 Municipio de Bucaramanga - Autorretenedores de industria y comercio - Contadores P\u00fablicos\",\"isPartOf\":{\"@id\":\"https:\\\/\\\/contadoreshoy.com\\\/#website\"},\"primaryImageOfPage\":{\"@id\":\"https:\\\/\\\/contadoreshoy.com\\\/?p=13157#primaryimage\"},\"image\":{\"@id\":\"https:\\\/\\\/contadoreshoy.com\\\/?p=13157#primaryimage\"},\"thumbnailUrl\":\"https:\\\/\\\/contadoreshoy.com\\\/wp-content\\\/uploads\\\/2021\\\/03\\\/Imagen1.png\",\"datePublished\":\"2021-03-13T05:43:41+00:00\",\"dateModified\":\"2021-03-13T05:50:13+00:00\",\"breadcrumb\":{\"@id\":\"https:\\\/\\\/contadoreshoy.com\\\/?p=13157#breadcrumb\"},\"inLanguage\":\"es\",\"potentialAction\":[{\"@type\":\"ReadAction\",\"target\":[\"https:\\\/\\\/contadoreshoy.com\\\/?p=13157\"]}]},{\"@type\":\"ImageObject\",\"inLanguage\":\"es\",\"@id\":\"https:\\\/\\\/contadoreshoy.com\\\/?p=13157#primaryimage\",\"url\":\"https:\\\/\\\/contadoreshoy.com\\\/wp-content\\\/uploads\\\/2021\\\/03\\\/Imagen1.png\",\"contentUrl\":\"https:\\\/\\\/contadoreshoy.com\\\/wp-content\\\/uploads\\\/2021\\\/03\\\/Imagen1.png\",\"width\":2001,\"height\":1126},{\"@type\":\"BreadcrumbList\",\"@id\":\"https:\\\/\\\/contadoreshoy.com\\\/?p=13157#breadcrumb\",\"itemListElement\":[{\"@type\":\"ListItem\",\"position\":1,\"name\":\"Portada\",\"item\":\"https:\\\/\\\/contadoreshoy.com\\\/\"},{\"@type\":\"ListItem\",\"position\":2,\"name\":\"Decreto 38 de marzo 11 de 2021 Municipio de Bucaramanga &#8211; Autorretenedores de industria y comercio\"}]},{\"@type\":\"WebSite\",\"@id\":\"https:\\\/\\\/contadoreshoy.com\\\/#website\",\"url\":\"https:\\\/\\\/contadoreshoy.com\\\/\",\"name\":\"Contadorespublicossantander\",\"description\":\"Portal para Contadores P\u00fablicos y empresarios\",\"publisher\":{\"@id\":\"https:\\\/\\\/contadoreshoy.com\\\/#organization\"},\"potentialAction\":[{\"@type\":\"SearchAction\",\"target\":{\"@type\":\"EntryPoint\",\"urlTemplate\":\"https:\\\/\\\/contadoreshoy.com\\\/?s={search_term_string}\"},\"query-input\":{\"@type\":\"PropertyValueSpecification\",\"valueRequired\":true,\"valueName\":\"search_term_string\"}}],\"inLanguage\":\"es\"},{\"@type\":\"Organization\",\"@id\":\"https:\\\/\\\/contadoreshoy.com\\\/#organization\",\"name\":\"Contadores P\u00fablicos de Santander\",\"url\":\"https:\\\/\\\/contadoreshoy.com\\\/\",\"logo\":{\"@type\":\"ImageObject\",\"inLanguage\":\"es\",\"@id\":\"https:\\\/\\\/contadoreshoy.com\\\/#\\\/schema\\\/logo\\\/image\\\/\",\"url\":\"https:\\\/\\\/contadoreshoy.com\\\/wp-content\\\/uploads\\\/2024\\\/01\\\/cropped-cropped-Copia-de-M-1.jpg\",\"contentUrl\":\"https:\\\/\\\/contadoreshoy.com\\\/wp-content\\\/uploads\\\/2024\\\/01\\\/cropped-cropped-Copia-de-M-1.jpg\",\"width\":499,\"height\":500,\"caption\":\"Contadores P\u00fablicos de Santander\"},\"image\":{\"@id\":\"https:\\\/\\\/contadoreshoy.com\\\/#\\\/schema\\\/logo\\\/image\\\/\"},\"sameAs\":[\"https:\\\/\\\/www.facebook.com\\\/CCCPBucaramanga\\\/\"]},{\"@type\":\"Person\",\"@id\":\"https:\\\/\\\/contadoreshoy.com\\\/#\\\/schema\\\/person\\\/96d8979cb865537c5dc9345e40089fc5\",\"name\":\"Miguel Antonio M\u00e1rquez Monta\u00f1ez\",\"description\":\"Contador P\u00fablico egresado de la Universidad Aut\u00f3noma de Bucaramanga - Asesor contable tributario con m\u00e1s de 25 a\u00f1os de experiencia - Conferencista en temas contables y tributarios - T\u00e9cnico en Hardware y Dise\u00f1o Web - Creador y director Grupo de Estudio Colegio Colombiano de Contadores P\u00fablicos de Bucaramanga - Creador y Master Web p\u00e1gina www.contadoresp\u00fablicossantander.com - Expresidente Colegio Colombiano de Contadores P\u00fablicos Bucaramanga\",\"url\":\"https:\\\/\\\/contadoreshoy.com\\\/?author=1\"}]}<\/script>\n<!-- \/ Yoast SEO plugin. -->","yoast_head_json":{"title":"Decreto 38 de marzo 11 de 2021 Municipio de Bucaramanga - Autorretenedores de industria y comercio - Contadores P\u00fablicos","robots":{"index":"index","follow":"follow","max-snippet":"max-snippet:-1","max-image-preview":"max-image-preview:large","max-video-preview":"max-video-preview:-1"},"canonical":"https:\/\/contadoreshoy.com\/?p=13157","og_locale":"es_ES","og_type":"article","og_title":"Decreto 38 de marzo 11 de 2021 Municipio de Bucaramanga - Autorretenedores de industria y comercio - Contadores P\u00fablicos","og_description":"Aspectos relevantes del Decreto 38 de marzo 11 de 2021 alcald\u00eda de Bucaramanga, por medio del cual se reglamenta el acuerdo Municipal 033 de 2020. \u00bfQui\u00e9nes son agentes auto-retenedores del&#46;&#46;&#46;","og_url":"https:\/\/contadoreshoy.com\/?p=13157","og_site_name":"Contadores P\u00fablicos","article_publisher":"https:\/\/www.facebook.com\/CCCPBucaramanga\/","article_published_time":"2021-03-13T05:43:41+00:00","article_modified_time":"2021-03-13T05:50:13+00:00","og_image":[{"width":1240,"height":698,"url":"https:\/\/contadoreshoy.com\/wp-content\/uploads\/2021\/03\/Imagen1-1240x698.png","type":"image\/png"}],"author":"Miguel Antonio M\u00e1rquez Monta\u00f1ez","twitter_card":"summary_large_image","twitter_misc":{"Escrito por":"Miguel Antonio M\u00e1rquez Monta\u00f1ez","Tiempo de lectura":"4 minutos"},"schema":{"@context":"https:\/\/schema.org","@graph":[{"@type":"Article","@id":"https:\/\/contadoreshoy.com\/?p=13157#article","isPartOf":{"@id":"https:\/\/contadoreshoy.com\/?p=13157"},"author":{"name":"Miguel Antonio M\u00e1rquez Monta\u00f1ez","@id":"https:\/\/contadoreshoy.com\/#\/schema\/person\/96d8979cb865537c5dc9345e40089fc5"},"headline":"Decreto 38 de marzo 11 de 2021 Municipio de Bucaramanga &#8211; Autorretenedores de industria y comercio","datePublished":"2021-03-13T05:43:41+00:00","dateModified":"2021-03-13T05:50:13+00:00","mainEntityOfPage":{"@id":"https:\/\/contadoreshoy.com\/?p=13157"},"wordCount":822,"commentCount":0,"publisher":{"@id":"https:\/\/contadoreshoy.com\/#organization"},"image":{"@id":"https:\/\/contadoreshoy.com\/?p=13157#primaryimage"},"thumbnailUrl":"https:\/\/contadoreshoy.com\/wp-content\/uploads\/2021\/03\/Imagen1.png","articleSection":{"1":"Ultimas Noticias","2":"Uncategorized"},"inLanguage":"es","potentialAction":[{"@type":"CommentAction","name":"Comment","target":["https:\/\/contadoreshoy.com\/?p=13157#respond"]}]},{"@type":"WebPage","@id":"https:\/\/contadoreshoy.com\/?p=13157","url":"https:\/\/contadoreshoy.com\/?p=13157","name":"Decreto 38 de marzo 11 de 2021 Municipio de Bucaramanga - Autorretenedores de industria y comercio - Contadores P\u00fablicos","isPartOf":{"@id":"https:\/\/contadoreshoy.com\/#website"},"primaryImageOfPage":{"@id":"https:\/\/contadoreshoy.com\/?p=13157#primaryimage"},"image":{"@id":"https:\/\/contadoreshoy.com\/?p=13157#primaryimage"},"thumbnailUrl":"https:\/\/contadoreshoy.com\/wp-content\/uploads\/2021\/03\/Imagen1.png","datePublished":"2021-03-13T05:43:41+00:00","dateModified":"2021-03-13T05:50:13+00:00","breadcrumb":{"@id":"https:\/\/contadoreshoy.com\/?p=13157#breadcrumb"},"inLanguage":"es","potentialAction":[{"@type":"ReadAction","target":["https:\/\/contadoreshoy.com\/?p=13157"]}]},{"@type":"ImageObject","inLanguage":"es","@id":"https:\/\/contadoreshoy.com\/?p=13157#primaryimage","url":"https:\/\/contadoreshoy.com\/wp-content\/uploads\/2021\/03\/Imagen1.png","contentUrl":"https:\/\/contadoreshoy.com\/wp-content\/uploads\/2021\/03\/Imagen1.png","width":2001,"height":1126},{"@type":"BreadcrumbList","@id":"https:\/\/contadoreshoy.com\/?p=13157#breadcrumb","itemListElement":[{"@type":"ListItem","position":1,"name":"Portada","item":"https:\/\/contadoreshoy.com\/"},{"@type":"ListItem","position":2,"name":"Decreto 38 de marzo 11 de 2021 Municipio de Bucaramanga &#8211; Autorretenedores de industria y comercio"}]},{"@type":"WebSite","@id":"https:\/\/contadoreshoy.com\/#website","url":"https:\/\/contadoreshoy.com\/","name":"Contadorespublicossantander","description":"Portal para Contadores P\u00fablicos y empresarios","publisher":{"@id":"https:\/\/contadoreshoy.com\/#organization"},"potentialAction":[{"@type":"SearchAction","target":{"@type":"EntryPoint","urlTemplate":"https:\/\/contadoreshoy.com\/?s={search_term_string}"},"query-input":{"@type":"PropertyValueSpecification","valueRequired":true,"valueName":"search_term_string"}}],"inLanguage":"es"},{"@type":"Organization","@id":"https:\/\/contadoreshoy.com\/#organization","name":"Contadores P\u00fablicos de Santander","url":"https:\/\/contadoreshoy.com\/","logo":{"@type":"ImageObject","inLanguage":"es","@id":"https:\/\/contadoreshoy.com\/#\/schema\/logo\/image\/","url":"https:\/\/contadoreshoy.com\/wp-content\/uploads\/2024\/01\/cropped-cropped-Copia-de-M-1.jpg","contentUrl":"https:\/\/contadoreshoy.com\/wp-content\/uploads\/2024\/01\/cropped-cropped-Copia-de-M-1.jpg","width":499,"height":500,"caption":"Contadores P\u00fablicos de Santander"},"image":{"@id":"https:\/\/contadoreshoy.com\/#\/schema\/logo\/image\/"},"sameAs":["https:\/\/www.facebook.com\/CCCPBucaramanga\/"]},{"@type":"Person","@id":"https:\/\/contadoreshoy.com\/#\/schema\/person\/96d8979cb865537c5dc9345e40089fc5","name":"Miguel Antonio M\u00e1rquez Monta\u00f1ez","description":"Contador P\u00fablico egresado de la Universidad Aut\u00f3noma de Bucaramanga - Asesor contable tributario con m\u00e1s de 25 a\u00f1os de experiencia - Conferencista en temas contables y tributarios - T\u00e9cnico en Hardware y Dise\u00f1o Web - Creador y director Grupo de Estudio Colegio Colombiano de Contadores P\u00fablicos de Bucaramanga - Creador y Master Web p\u00e1gina www.contadoresp\u00fablicossantander.com - Expresidente Colegio Colombiano de Contadores P\u00fablicos Bucaramanga","url":"https:\/\/contadoreshoy.com\/?author=1"}]}},"_links":{"self":[{"href":"https:\/\/contadoreshoy.com\/index.php?rest_route=\/wp\/v2\/posts\/13157","targetHints":{"allow":["GET"]}}],"collection":[{"href":"https:\/\/contadoreshoy.com\/index.php?rest_route=\/wp\/v2\/posts"}],"about":[{"href":"https:\/\/contadoreshoy.com\/index.php?rest_route=\/wp\/v2\/types\/post"}],"author":[{"embeddable":true,"href":"https:\/\/contadoreshoy.com\/index.php?rest_route=\/wp\/v2\/users\/1"}],"replies":[{"embeddable":true,"href":"https:\/\/contadoreshoy.com\/index.php?rest_route=%2Fwp%2Fv2%2Fcomments&post=13157"}],"version-history":[{"count":8,"href":"https:\/\/contadoreshoy.com\/index.php?rest_route=\/wp\/v2\/posts\/13157\/revisions"}],"predecessor-version":[{"id":13167,"href":"https:\/\/contadoreshoy.com\/index.php?rest_route=\/wp\/v2\/posts\/13157\/revisions\/13167"}],"wp:featuredmedia":[{"embeddable":true,"href":"https:\/\/contadoreshoy.com\/index.php?rest_route=\/wp\/v2\/media\/13162"}],"wp:attachment":[{"href":"https:\/\/contadoreshoy.com\/index.php?rest_route=%2Fwp%2Fv2%2Fmedia&parent=13157"}],"wp:term":[{"taxonomy":"category","embeddable":true,"href":"https:\/\/contadoreshoy.com\/index.php?rest_route=%2Fwp%2Fv2%2Fcategories&post=13157"},{"taxonomy":"post_tag","embeddable":true,"href":"https:\/\/contadoreshoy.com\/index.php?rest_route=%2Fwp%2Fv2%2Ftags&post=13157"}],"curies":[{"name":"wp","href":"https:\/\/api.w.org\/{rel}","templated":true}]}}